{"id":38998,"date":"2021-10-25T10:31:07","date_gmt":"2021-10-25T08:31:07","guid":{"rendered":"https:\/\/www.mes-allocs.fr\/guides\/?p=38998"},"modified":"2026-01-22T17:46:30","modified_gmt":"2026-01-22T16:46:30","slug":"refus-prepare-caf","status":"publish","type":"post","link":"https:\/\/www.mes-allocs.fr\/guides\/allocations-familiales\/paje\/prepare-caf\/refus-prepare-caf\/","title":{"rendered":"Que faire en cas de refus PreParE CAF en 2026 ?"},"content":{"rendered":"<p><img loading=\"lazy\" decoding=\"async\" class=\"aligncenter wp-image-38999 \" title=\"refus prepare caf\" src=\"https:\/\/www.mes-allocs.fr\/guides\/wp-content\/uploads\/2021\/10\/refus-prepare-caf-e1687191181571.jpeg\" alt=\"refus prepare caf\" width=\"1441\" height=\"216\" srcset=\"https:\/\/www.mes-allocs.fr\/guides\/wp-content\/uploads\/2021\/10\/refus-prepare-caf-e1687191181571.jpeg 1127w, https:\/\/www.mes-allocs.fr\/guides\/wp-content\/uploads\/2021\/10\/refus-prepare-caf-e1687191181571-300x45.jpeg 300w, https:\/\/www.mes-allocs.fr\/guides\/wp-content\/uploads\/2021\/10\/refus-prepare-caf-e1687191181571-1024x154.jpeg 1024w, https:\/\/www.mes-allocs.fr\/guides\/wp-content\/uploads\/2021\/10\/refus-prepare-caf-e1687191181571-768x115.jpeg 768w, https:\/\/www.mes-allocs.fr\/guides\/wp-content\/uploads\/2021\/10\/refus-prepare-caf-e1687191181571-600x90.jpeg 600w\" sizes=\"auto, (max-width: 1441px) 100vw, 1441px\" \/><\/p>\n<p style=\"text-align: justify;\">[Mis \u00e0 jour le 22\/01\/2026] La PreParE est une <a href=\"https:\/\/www.mes-allocs.fr\/guides\/allocations-familiales\">allocation familiale<\/a> pour les parents. Elle leur permet d&rsquo;amortir certains frais li\u00e9es \u00e0 l&rsquo;\u00e9ducation de l&rsquo;enfant. Pour en b\u00e9n\u00e9ficier, il faut remplir certaines conditions d&rsquo;attribution. Dans cet article, on vous explique comment faire face \u00e0 un refus de l&rsquo;aide.<\/p>\n<p><span style=\"font-weight: 400;\"><div class='cta-block'><div class='text'>Simulez toutes vos aides en 2 min.<\/div><a href='' class='app-button fit'>Simulation gratuite<\/a><\/div><\/span><\/p>\n<hr \/>\n<h1 class=\"amp-wp-7d27179\" style=\"text-align: justify;\" data-amp-original-style=\"text-align: justify;\"><span id=\"La_PreParE_De_quoi_parle-t-on\">La PreParE : \u00a0De quoi parle-t-on ?<\/span><\/h1>\n<h2 class=\"amp-wp-7d27179\" style=\"text-align: justify;\" data-amp-original-style=\"text-align: justify;\"><span id=\"Definition\">D\u00e9finition<\/span><\/h2>\n<p class=\"amp-wp-7d27179\" style=\"text-align: justify;\" data-amp-original-style=\"text-align: justify;\">La Prestation Partag\u00e9e d\u2019\u00e9ducation de l\u2019enfant (PreParE) est une aide sociale accord\u00e9 par la CAF.<\/p>\n<p class=\"amp-wp-7d27179 amp-wp-7d27179\" style=\"text-align: justify;\" data-amp-original-style=\"text-align: justify;\"><span class=\"amp-wp-57c6437\" data-amp-original-style=\"font-size: 12pt;\">De mani\u00e8re concr\u00e8te, la PreParE vous aide \u00e0 prendre du temps pour profiter le plus possible de votre jeune enfant.\u00a0<\/span><span class=\"amp-wp-57c6437\" data-amp-original-style=\"font-size: 12pt;\">La prestation partag\u00e9e d\u2019\u00e9ducation de l\u2019enfant (PreParE) est une aide financi\u00e8re qui vous permet, que vous soyez parent isol\u00e9 ou en couple, de cesser ou de r\u00e9duire votre activit\u00e9 professionnelle dans le but de pouvoir passer du temps avec votre ou vos enfants \u00e2g\u00e9s de moins de 3 ans.<\/span><\/p>\n<p class=\"amp-wp-7d27179 amp-wp-7d27179\" style=\"text-align: justify;\" data-amp-original-style=\"text-align: justify;\"><span class=\"amp-wp-57c6437\" data-amp-original-style=\"font-size: 12pt;\">Cette aide fait partie de la <a href=\"https:\/\/www.mes-allocs.fr\/guides\/allocations-familiales\/paje\">Prestation d\u2019Accueil du Jeune Enfant<\/a> (PAJE), qui elle-m\u00eame est un dispositif d\u2019aide de la\u00a0CAF et de la Mutualit\u00e9 Sociale Agricole (MSA). <\/span><\/p>\n<p class=\"amp-wp-7d27179\" style=\"text-align: justify;\" data-amp-original-style=\"text-align: justify;\">Il existe deux formes de PreParE :<\/p>\n<ul class=\"amp-wp-7d27179\" style=\"text-align: justify;\" data-amp-original-style=\"text-align: justify;\">\n<li data-amp-original-style=\"text-align: justify;\">La PreParE simple<\/li>\n<li data-amp-original-style=\"text-align: justify;\">La PreParE major\u00e9e<\/li>\n<\/ul>\n<p class=\"amp-wp-7d27179\" style=\"text-align: justify;\" data-amp-original-style=\"text-align: justify;\">La PreParE major\u00e9e donne droit \u00e0 un montant sup\u00e9rieur \u00e0 celui de la PreParE mais est vers\u00e9e moins longtemps que la PreParE (simple). Ce choix est disponible pour les m\u00e9nages ayant au moins trois enfants \u00e0 charge.<\/p>\n<h2 style=\"text-align: justify;\"><span id=\"La_demande_pour_la_PreParE_simple\"><strong>La demande pour la PreParE (simple)\u00a0<\/strong><\/span><\/h2>\n<p style=\"text-align: justify;\"><span class=\"amp-wp-fe3f5cc\" data-amp-original-style=\"font-weight: 400;\">Vous pouvez b\u00e9n\u00e9ficier de la PreParE si vous r\u00e9pondez aux 3 crit\u00e8res suivants :<img loading=\"lazy\" decoding=\"async\" class=\"alignright wp-image-39002\" title=\"enfant\" src=\"https:\/\/www.mes-allocs.fr\/guides\/wp-content\/uploads\/2021\/10\/enfant-.jpg\" alt=\"refus prepare\" width=\"208\" height=\"312\" srcset=\"https:\/\/www.mes-allocs.fr\/guides\/wp-content\/uploads\/2021\/10\/enfant-.jpg 500w, https:\/\/www.mes-allocs.fr\/guides\/wp-content\/uploads\/2021\/10\/enfant--200x300.jpg 200w, https:\/\/www.mes-allocs.fr\/guides\/wp-content\/uploads\/2021\/10\/enfant--400x600.jpg 400w\" sizes=\"auto, (max-width: 208px) 100vw, 208px\" \/><\/span><\/p>\n<ul style=\"text-align: justify;\">\n<li><span class=\"amp-wp-fe3f5cc\" data-amp-original-style=\"font-weight: 400;\">\u00a0 Vous avez au moins un enfant de moins de 3 ans,<\/span><\/li>\n<li><span class=\"amp-wp-fe3f5cc\" data-amp-original-style=\"font-weight: 400;\">\u00a0 Vous avez interrompu (totalement ou partiellement) votre activit\u00e9 professionnelle,<\/span><\/li>\n<li><span class=\"amp-wp-fe3f5cc\" data-amp-original-style=\"font-weight: 400;\">\u00a0 Vous avez valid\u00e9 au moins 8 trimestres de cotisations vieillesse (sur une p\u00e9riode de r\u00e9f\u00e9rence qui varie selon le nombre d\u2019enfants).<\/span><\/li>\n<\/ul>\n<p style=\"text-align: justify;\"><span class=\"amp-wp-fe3f5cc\" data-amp-original-style=\"font-weight: 400;\">La Pr\u00e9ParE peut \u00eatre attribu\u00e9e \u00e0 un seul parent ou aux deux (le montant est alors divis\u00e9 par deux). Ils peuvent la percevoir en m\u00eame temps ou successivement.<\/span><\/p>\n<h3 style=\"text-align: justify;\"><span id=\"Interruption_ou_reduction_de_votre_activite_professionnelle\"><strong>Interruption ou r\u00e9duction de votre activit\u00e9 professionnelle<\/strong><\/span><\/h3>\n<p style=\"text-align: justify;\"><span class=\"amp-wp-fe3f5cc\" data-amp-original-style=\"font-weight: 400;\">Si vous \u00eates salari\u00e9 du secteur priv\u00e9, pour pr\u00e9tendre \u00e0 la PreParE, vous devez prendre un cong\u00e9 parental, \u00e0 temps plein ou \u00e0 temps partiel. Vous pouvez vous renseignez sur :<\/span><\/p>\n<p style=\"text-align: justify;\"><span class=\"amp-wp-fe3f5cc\" data-amp-original-style=\"font-weight: 400;\">Si vous exercez une activit\u00e9 non salari\u00e9e ( auto- entrepreneur par exemple), vous devez justifier de votre r\u00e9duction ou de l\u2019arr\u00eat de votre activit\u00e9 aupr\u00e8s de la CAF ou de la MSA si vous exercez dans le milieu agricole.<\/span><\/p>\n<p style=\"text-align: justify;\"><span class=\"amp-wp-fe3f5cc\" data-amp-original-style=\"font-weight: 400;\">Enfin, si vous faites partie de la fonction publique, vous pouvez prendre un cong\u00e9 maternit\u00e9 ou paternit\u00e9, un cong\u00e9 de pr\u00e9sence parental ou encore un temps partiel de droit.<\/span><\/p>\n<p style=\"text-align: justify;\"><span class=\"amp-wp-fe3f5cc\" data-amp-original-style=\"font-weight: 400;\">Que vous demandiez la PreParE ou la PreParE major\u00e9e, que vous d\u00e9pendez de la CAF ou de la MSA, vous devez remplir un formulaire de demande et fournir certaines pi\u00e8ces justificatives. Pas de panique, Mes Allocs vous d\u00e9barrasse de tous ces tracas administratifs !<\/span><\/p>\n<h2 class=\"amp-wp-7d27179 amp-wp-7d27179\" style=\"text-align: justify;\" data-amp-original-style=\"text-align: justify;\"><span id=\"Montant_de_la_PreParE\"><b>Montant de la PreParE<\/b><\/span><\/h2>\n<p style=\"text-align: justify;\">Pour le montant de la PreParE simple, <span data-amp-original-style=\"font-weight: 400;\">il risque de fluctuer selon la quantit\u00e9 de travail que vous effectuez.\u00a0<\/span><\/p>\n\n<div class=\"wpdt-c row wpDataTableContainerSimpleTable wpDataTables wpDataTablesWrapper\n wdtscroll\"\n    >\n    <table id=\"wpdtSimpleTable-265\"\n           class=\"wpdtSimpleTable wpDataTable\"\n           data-column=\"2\"\n           data-rows=\"4\"\n           data-wpID=\"265\"\n           data-responsive=\"0\"\n           data-has-header=\"0\">\n\n                    <tbody>        <tr class=\"wpdt-cell-row \" >\n                            <td class=\"wpdt-cell wpdt-bc-F3F9FE wpdt-bold\"\n                                    data-cell-id=\"A1\"\n                data-col-index=\"0\"\n                data-row-index=\"0\"\n                style=\" width:208px;                padding:10px;\"\n                >\n                                Situation du parent                <\/td>\n                                            <td class=\"wpdt-cell wpdt-bc-F3F9FE wpdt-tc-000000 wpdt-bold\"\n                                    data-cell-id=\"B1\"\n                data-col-index=\"1\"\n                data-row-index=\"0\"\n                style=\" width:206px;                padding:10px;\"\n                >\n                                Montant mensuel                <\/td>\n                                        <\/tr>\n                            <tr class=\"wpdt-cell-row \" >\n                            <td class=\"wpdt-cell \"\n                                    data-cell-id=\"A2\"\n                data-col-index=\"0\"\n                data-row-index=\"1\"\n                style=\"                padding:10px;\"\n                >\n                                Arr\u00eat total d\u2019activit\u00e9                <\/td>\n                                            <td class=\"wpdt-cell wpdt-bc-FFFFFF wpdt-tc-000000\"\n                                    data-cell-id=\"B2\"\n                data-col-index=\"1\"\n                data-row-index=\"1\"\n                style=\"                padding:10px;\"\n                >\n                                456,06 \u20ac                <\/td>\n                                        <\/tr>\n                            <tr class=\"wpdt-cell-row \" >\n                            <td class=\"wpdt-cell \"\n                                    data-cell-id=\"A3\"\n                data-col-index=\"0\"\n                data-row-index=\"2\"\n                style=\"                padding:10px;\"\n                >\n                                Activit\u00e9 \u00e9gale ou inf\u00e9rieure \u00e0 50%                <\/td>\n                                            <td class=\"wpdt-cell wpdt-bc-FFFFFF wpdt-tc-000000\"\n                                    data-cell-id=\"B3\"\n                data-col-index=\"1\"\n                data-row-index=\"2\"\n                style=\"                padding:10px;\"\n                >\n                                294,82  \u20ac                <\/td>\n                                        <\/tr>\n                            <tr class=\"wpdt-cell-row \" >\n                            <td class=\"wpdt-cell \"\n                                    data-cell-id=\"A4\"\n                data-col-index=\"0\"\n                data-row-index=\"3\"\n                style=\"                padding:10px;\"\n                >\n                                Activit\u00e9 comprise entre 50 et 80 %                <\/td>\n                                            <td class=\"wpdt-cell wpdt-bc-FEFFFF\"\n                                    data-cell-id=\"B4\"\n                data-col-index=\"1\"\n                data-row-index=\"3\"\n                style=\"                padding:10px;\"\n                >\n                                170,07 \u20ac                <\/td>\n                                        <\/tr>\n                    <\/table>\n<\/div><style id='wpdt-custom-style-265'>\n.wpdt-bc-F3F9FE { background-color: #F3F9FE !important;}\n.wpdt-tc-000000 { color: #000000 !important;}\n.wpdt-bc-FFFFFF { background-color: #FFFFFF !important;}\n.wpdt-bc-FEFFFF { background-color: #FEFFFF !important;}\n<\/style>\n\n<p style=\"text-align: justify;\" data-amp-original-style=\"text-align: justify;\"><span data-amp-original-style=\"font-weight: 400;\">Enfin, la PreParE major\u00e9e s\u2019\u00e9l\u00e8ve \u00e0 745,45 \u20ac par mois.<\/span><\/p>\n<p style=\"text-align: justify;\" data-amp-original-style=\"text-align: justify;\"><span data-amp-original-style=\"font-weight: 400;\">Vous ne pouvez pas cumuler deux PreParE major\u00e9es en m\u00eame temps. Par contre, v<\/span><span data-amp-original-style=\"text-align: justify;\">ous pouvez cumuler simultan\u00e9ment 2 PreParE au sein de votre couple. Cependant, vous ne pouvez pas percevoir plus de 456,06 \u20ac de PreParE cumul\u00e9e.\u00a0\u00a0<\/span><\/p>\n<p data-amp-original-style=\"text-align: justify;\"><span style=\"font-weight: 400;\"><div class='cta-block'><div class='text'>Simulez toutes vos aides en 2 min.<\/div><a href='' class='app-button fit'>Simulation gratuite<\/a><\/div><\/span><\/p>\n<h2 class=\"amp-wp-7d27179\" style=\"text-align: justify;\" data-amp-original-style=\"text-align: justify;\"><span id=\"Quelles_sont_les_conditions_dacces_a_laide\">Quelles sont les conditions d\u2019acc\u00e8s \u00e0 l\u2019aide ?<\/span><\/h2>\n<p class=\"amp-wp-7d27179\" style=\"text-align: justify;\" data-amp-original-style=\"text-align: justify;\">Dans un premier temps, si vous souhaitez b\u00e9n\u00e9ficier de l\u2019aide, vous devez remplissez les conditions g\u00e9n\u00e9rales pour b\u00e9n\u00e9ficier des prestations familiales. \u00a0Ces conditions g\u00e9n\u00e9rales vous concernent :<\/p>\n<div class=\"espace-allocataires amp-wp-7d27179\" style=\"text-align: justify;\" data-amp-original-style=\"text-align: justify;\">\n<div class=\"container navbar-menu-fixe\">\n<div class=\"row\">\n<div id=\"page-content\">\n<div class=\"container\">\n<div class=\"row\">\n<div id=\"contenu\" class=\"page-content-data col-sm-8 col-xs-12\">\n<div class=\"region region-content\">\n<div id=\"block-system-main\" class=\"block block-system\">\n<div class=\"content\">\n<div class=\"page-content-node node node-fiche-prestation node-12004\">\n<div class=\"field-name-body\">\n<div class=\"tab-content\">\n<div id=\"tab-1\" class=\"tab-pane active\" role=\"tabpanel\">\n<ul>\n<li>Si vous \u00eates citoyen de l\u2019Union europ\u00e9enne, de l\u2019Espace \u00e9conomique europ\u00e9en ou de la Suisse, remplir les conditions de droit au s\u00e9jour,<\/li>\n<li>Si vous \u00eates \u00e9tranger non citoyen de l\u2019Union europ\u00e9enne, de l\u2019Espace \u00e9conomique europ\u00e9en ou de la Suisse, fournir \u00e0 votre Caf un titre de s\u00e9jour\u00a0en cours de validit\u00e9, attestant que vous \u00eates en situation r\u00e9guli\u00e8re en France. Si vos enfants sont n\u00e9s \u00e0 l\u2019\u00e9tranger, vous devez justifier de leur entr\u00e9e r\u00e9guli\u00e8re en France.<\/li>\n<\/ul>\n<\/div>\n<\/div>\n<\/div>\n<\/div>\n<\/div>\n<\/div>\n<\/div>\n<\/div>\n<\/div>\n<\/div>\n<\/div>\n<\/div>\n<\/div>\n<p>Deuxi\u00e8mement, pour la PreParE, il faut que vous ayez la charge d\u2019un ou plusieurs enfants. Pour se faire, il faut que :<\/p>\n<\/div>\n<ul id=\"d13332e39\" class=\"amp-wp-7d27179\" style=\"text-align: justify;\" data-amp-original-style=\"text-align: justify;\">\n<li>Votre enfant soit \u00e2g\u00e9 de moins de 3 ans ou,<\/li>\n<li>Vous ayez adopt\u00e9 un enfant \u00e2g\u00e9 de moins de 20 ans.<\/li>\n<\/ul>\n<p class=\"amp-wp-7d27179\" style=\"text-align: justify;\" data-amp-original-style=\"text-align: justify;\">Vous pouvez aussi b\u00e9n\u00e9ficier de ces prestations si vous avez cess\u00e9 de travailler ou vous travaillez \u00e0 temps partiel. Si vous exercez \u00e0 temps partiel une activit\u00e9 non salari\u00e9e ou de VRP (Voyageur Repr\u00e9sentant Placier), vous devez remplir certaines conditions de revenus.<\/p>\n<p class=\"amp-wp-7d27179\" style=\"text-align: justify;\" data-amp-original-style=\"text-align: justify;\">La prochaine condition concerne vos cotisations. En effet, il faut que vous soyez en mesure de justifier d\u2019au moins 8 trimestres de cotisations vieillesse aupr\u00e8s de\u00a0<span class=\"___SText_1ft2c_swa-addon_\" data-ui-name=\"Tag.Text\">l&rsquo;assurance vieillesse\u00a0<\/span>dans les deux derni\u00e8res ann\u00e9es si c\u2019est votre premier enfant, quatre derni\u00e8res ann\u00e9es, si vous avez deux enfants et dans les cinq derni\u00e8res ann\u00e9es, si vous avez plus de deux enfants. Ces conditions sont n\u00e9cessaires pour b\u00e9n\u00e9ficier de l\u2019aide. Notre \u00e9quipe se tient \u00e0 votre disposition pour vous aider dans la constitution de votre dossier.<\/p>\n<p><iframe loading=\"lazy\" title=\"La PreParE\" width=\"500\" height=\"281\" src=\"https:\/\/www.youtube.com\/embed\/J5B2ttL9WS8?feature=oembed\" frameborder=\"0\" allow=\"accelerometer; autoplay; clipboard-write; encrypted-media; gyroscope; picture-in-picture; web-share\" referrerpolicy=\"strict-origin-when-cross-origin\" allowfullscreen><\/iframe><\/p>\n<h1 style=\"text-align: justify;\" data-amp-original-style=\"text-align: justify;\">Que faire en cas de\u00a0<span class=\"___SText_1ft2c_swa-addon_\" data-ui-name=\"Tag.Text\">refus PreParE CAF\u00a0<\/span>?<\/h1>\n<h2 style=\"text-align: justify;\" data-amp-original-style=\"text-align: justify;\">La lettre de contestation<\/h2>\n<p class=\"amp-wp-7d27179\" style=\"text-align: justify;\" data-amp-original-style=\"text-align: justify;\">Si la Caisse d\u2019Allocations Familiales a rendu une d\u00e9cision sur votre situation que vous souhaitez contester, la premi\u00e8re \u00e9tape est d\u2019envoyer un courrier ou un mail afin de <a href=\"https:\/\/www.mes-allocs.fr\/guides\/contact-caf\">contacter votre CAF<\/a> pour une r\u00e9\u00e9valuation de votre situation.<\/p>\n<p class=\"amp-wp-7d27179\" style=\"text-align: justify;\" data-amp-original-style=\"text-align: justify;\"><em>Notez bien que vous disposez de deux mois apr\u00e8s la notification de d\u00e9cision de la CAF afin de d\u00e9poser une r\u00e9clamation. Prenons l\u2019exemple d\u2019une personne qui estime pouvoir b\u00e9n\u00e9ficier de l&rsquo;aide.\u00a0Si la CAF na commis une erreur de calcul, il pourra r\u00e9clamer cette somme via cette lettre.\u00a0<\/em><\/p>\n<h2 style=\"text-align: justify;\" data-amp-original-style=\"text-align: justify;\">Les autre moyens de recours<\/h2>\n<p class=\"amp-wp-7d27179\" style=\"text-align: justify;\" data-amp-original-style=\"text-align: justify;\">Si votre contestation d\u2019une d\u00e9cision prise par la CAF n\u2019a pas abouti apr\u00e8s l\u2019envoi de votre courrier <img loading=\"lazy\" decoding=\"async\" class=\"alignright wp-image-39003\" title=\"refus prepare caf\" src=\"https:\/\/www.mes-allocs.fr\/guides\/wp-content\/uploads\/2021\/10\/refus-prepare-caf-1.jpeg\" alt=\"refus prepare caf\" width=\"303\" height=\"202\" srcset=\"https:\/\/www.mes-allocs.fr\/guides\/wp-content\/uploads\/2021\/10\/refus-prepare-caf-1.jpeg 1124w, https:\/\/www.mes-allocs.fr\/guides\/wp-content\/uploads\/2021\/10\/refus-prepare-caf-1-300x200.jpeg 300w, https:\/\/www.mes-allocs.fr\/guides\/wp-content\/uploads\/2021\/10\/refus-prepare-caf-1-1024x683.jpeg 1024w, https:\/\/www.mes-allocs.fr\/guides\/wp-content\/uploads\/2021\/10\/refus-prepare-caf-1-768x512.jpeg 768w, https:\/\/www.mes-allocs.fr\/guides\/wp-content\/uploads\/2021\/10\/refus-prepare-caf-1-600x400.jpeg 600w\" sizes=\"auto, (max-width: 303px) 100vw, 303px\" \/>ou mail, vous avez la possibilit\u00e9 de contacter le m\u00e9diateur administratif afin qu\u2019il examine votre dossier. Son r\u00f4le est de r\u00e9tablir le dialogue entre la Caisse d\u2019Allocations Familiales et l\u2019allocataire tout en gardant sa neutralit\u00e9. Il ne statuera en aucun cas sur le dossier.<\/p>\n<p class=\"amp-wp-7d27179\" style=\"text-align: justify;\" data-amp-original-style=\"text-align: justify;\"><span class=\"amp-wp-f6bf23d\" data-amp-original-style=\"text-decoration: underline;\">Comment faire appel au m\u00e9diateur de la CAF<\/span> ?<\/p>\n<ul class=\"list-9\" style=\"text-align: justify;\">\n<li class=\"amp-wp-7d27179\" data-amp-original-style=\"text-align: justify;\">Envoyez un courrier au service m\u00e9ditation de votre CAF<\/li>\n<li class=\"amp-wp-7d27179\" data-amp-original-style=\"text-align: justify;\">Indiquez vos nom, pr\u00e9nom, n\u00b0 d\u2019Allocataire, e-mail, adresse et n\u00b0 de t\u00e9l\u00e9phone<\/li>\n<li class=\"amp-wp-7d27179\" data-amp-original-style=\"text-align: justify;\">Expliquez la nature de la contestation que vous avez effectu\u00e9e aupr\u00e8s de la CAF ainsi que les d\u00e9marches d\u00e9j\u00e0 entreprises<\/li>\n<li class=\"amp-wp-7d27179\" data-amp-original-style=\"text-align: justify;\">Apr\u00e8s avoir pris connaissance de votre courrier, le m\u00e9diateur administratif vous contactera<\/li>\n<\/ul>\n<p class=\"amp-wp-7d27179\" style=\"text-align: justify;\" data-amp-original-style=\"text-align: justify;\">Si la m\u00e9diation entreprise pour r\u00e9gler le litige vous opposant \u00e0 la CAF ne vous satisfait pas, vous pouvez saisir la Commission de Recours Amiable (CRA). Notez bien que vous devez le faire dans un d\u00e9lai de deux mois apr\u00e8s la date de la d\u00e9cision contest\u00e9e.<\/p>\n<p class=\"amp-wp-7d27179\" style=\"text-align: justify;\" data-amp-original-style=\"text-align: justify;\">La CRA est charg\u00e9e d\u2019examiner l\u2019ensemble des pi\u00e8ces du dossier afin de rendre une d\u00e9cision objective sur le litige opposant l\u2019allocataire \u00e0 la CAF. Vous ne serez donc pas convoqu\u00e9 par la Commission qui vous notifiera de sa d\u00e9cision dans un d\u00e9lai de 1 mois.<\/p>\n<p data-amp-original-style=\"text-align: justify;\"><span style=\"font-weight: 400;\"><div class='cta-block'><div class='text'>Simulez toutes vos aides en 2 min.<\/div><a href='' class='app-button fit'>Simulation gratuite<\/a><\/div><\/span><\/p>\n","protected":false},"excerpt":{"rendered":"<p>[Mis \u00e0 jour le 22\/01\/2026] La PreParE est une allocation familiale pour les parents. Elle leur permet d&rsquo;amortir certains frais li\u00e9es \u00e0 l&rsquo;\u00e9ducation de l&rsquo;enfant. Pour en b\u00e9n\u00e9ficier, il faut remplir certaines conditions d&rsquo;attribution. Dans cet article, on vous explique comment faire face \u00e0 un refus de l&rsquo;aide. La PreParE : \u00a0De quoi parle-t-on ? [&hellip;]<\/p>\n","protected":false},"author":6,"featured_media":38999,"comment_status":"open","ping_status":"open","sticky":false,"template":"","format":"standard","meta":{"amp_status":"","footnotes":""},"categories":[10,11,8924],"tags":[],"class_list":["post-38998","post","type-post","status-publish","format-standard","has-post-thumbnail","hentry","category-allocations-familiales","category-paje","category-prepare-caf"],"yoast_head":"<!-- This site is optimized with the Yoast SEO plugin v14.9 - https:\/\/yoast.com\/wordpress\/plugins\/seo\/ -->\n<title>Que faire en cas de refus PreParE CAF en 2026 ? | Mes-Allocs.fr<\/title>\n<meta name=\"description\" content=\"En cas de refus de la PreParE, il existe plusieurs moyens de contester cette d\u00e9cision de la CAF en 2026. Mes Allocs vous en dit plus.\" \/>\n<meta name=\"robots\" content=\"index, follow, max-snippet:-1, max-image-preview:large, max-video-preview:-1\" \/>\n<link rel=\"canonical\" href=\"https:\/\/www.mes-allocs.fr\/guides\/allocations-familiales\/paje\/prepare-caf\/refus-prepare-caf\/\" \/>\n<meta property=\"og:locale\" content=\"fr_FR\" \/>\n<meta property=\"og:type\" content=\"article\" \/>\n<meta property=\"og:title\" content=\"Que faire en cas de refus PreParE CAF en 2026 ? | Mes-Allocs.fr\" \/>\n<meta property=\"og:description\" content=\"En cas de refus de la PreParE, il existe plusieurs moyens de contester cette d\u00e9cision de la CAF en 2026. Mes Allocs vous en dit plus.\" \/>\n<meta property=\"og:url\" content=\"https:\/\/www.mes-allocs.fr\/guides\/allocations-familiales\/paje\/prepare-caf\/refus-prepare-caf\/\" \/>\n<meta property=\"og:site_name\" content=\"Mes-Allocs.fr\" \/>\n<meta property=\"article:published_time\" content=\"2021-10-25T08:31:07+00:00\" \/>\n<meta property=\"article:modified_time\" content=\"2026-01-22T16:46:30+00:00\" \/>\n<meta property=\"og:image\" content=\"https:\/\/www.mes-allocs.fr\/guides\/wp-content\/uploads\/2021\/10\/refus-prepare-caf-e1687191181571.jpeg?wsr\" \/>\n\t<meta property=\"og:image:width\" content=\"1127\" \/>\n\t<meta property=\"og:image:height\" content=\"169\" \/>\n<meta name=\"twitter:card\" content=\"summary_large_image\" \/>\n<script type=\"application\/ld+json\" class=\"yoast-schema-graph\">{\"@context\":\"https:\/\/schema.org\",\"@graph\":[{\"@type\":\"WebSite\",\"@id\":\"https:\/\/www.mes-allocs.fr\/guides\/#website\",\"url\":\"https:\/\/www.mes-allocs.fr\/guides\/\",\"name\":\"Mes-Allocs.fr\",\"description\":\"\",\"potentialAction\":[{\"@type\":\"SearchAction\",\"target\":\"https:\/\/www.mes-allocs.fr\/guides\/?s={search_term_string}\",\"query-input\":\"required name=search_term_string\"}],\"inLanguage\":\"fr-FR\"},{\"@type\":\"ImageObject\",\"@id\":\"https:\/\/www.mes-allocs.fr\/guides\/allocations-familiales\/paje\/prepare-caf\/refus-prepare-caf\/#primaryimage\",\"inLanguage\":\"fr-FR\",\"url\":\"https:\/\/www.mes-allocs.fr\/guides\/wp-content\/uploads\/2021\/10\/refus-prepare-caf-e1687191181571.jpeg?wsr\",\"width\":1127,\"height\":169,\"caption\":\"refus prepare caf\"},{\"@type\":\"WebPage\",\"@id\":\"https:\/\/www.mes-allocs.fr\/guides\/allocations-familiales\/paje\/prepare-caf\/refus-prepare-caf\/#webpage\",\"url\":\"https:\/\/www.mes-allocs.fr\/guides\/allocations-familiales\/paje\/prepare-caf\/refus-prepare-caf\/\",\"name\":\"Que faire en cas de refus PreParE CAF en 2026 ? | Mes-Allocs.fr\",\"isPartOf\":{\"@id\":\"https:\/\/www.mes-allocs.fr\/guides\/#website\"},\"primaryImageOfPage\":{\"@id\":\"https:\/\/www.mes-allocs.fr\/guides\/allocations-familiales\/paje\/prepare-caf\/refus-prepare-caf\/#primaryimage\"},\"datePublished\":\"2021-10-25T08:31:07+00:00\",\"dateModified\":\"2026-01-22T16:46:30+00:00\",\"author\":{\"@id\":\"https:\/\/www.mes-allocs.fr\/guides\/#\/schema\/person\/0ecd61a8600573914d00d970a588c024\"},\"description\":\"En cas de refus de la PreParE, il existe plusieurs moyens de contester cette d\\u00e9cision de la CAF en 2026. Mes Allocs vous en dit plus.\",\"inLanguage\":\"fr-FR\"},{\"@type\":\"Person\",\"@id\":\"https:\/\/www.mes-allocs.fr\/guides\/#\/schema\/person\/0ecd61a8600573914d00d970a588c024\",\"name\":\"Jonathan\",\"image\":{\"@type\":\"ImageObject\",\"@id\":\"https:\/\/www.mes-allocs.fr\/guides\/#personlogo\",\"inLanguage\":\"fr-FR\",\"url\":\"https:\/\/www.mes-allocs.fr\/guides\/wp-content\/uploads\/2021\/06\/jonathan-150x150.png\",\"caption\":\"Jonathan\"},\"description\":\"Jonathan est r\\u00e9dacteur au sein de l'\\u00e9quipe Mes Allocs, sp\\u00e9cialis\\u00e9 sur les sujets li\\u00e9s au handicap. Dipl\\u00f4m\\u00e9e de l'UPEM, il rejoint Mes Allocs apr\\u00e8s avoir travaill\\u00e9 \\u00e0 l'association AEDE qui accompagne les adultes en situation de handicap. Quand il n'\\u00e9crit pas, on peut le retrouver sur un terrain de basket.\",\"sameAs\":[\"https:\/\/www.linkedin.com\/in\/jonathan-bambela-8637861b7\"]}]}<\/script>\n<!-- \/ Yoast SEO plugin. -->","amp_validity":null,"acf":{"faq":{"1":{"question":"Quel est le montant de la PreParE ?","answer":"Le montant de la PreParE est de : 456,06 \u20ac par mois en cas de cessation totale d'activit\u00e9 ; 294,82 \u20ac par mois pour une dur\u00e9e de travail inf\u00e9rieure ou \u00e9gale \u00e0 un emploi \u00e0 mi-temps (50 %) ; 170,07 \u20ac par mois pour une dur\u00e9e de travail \u00e0 temps partiel comprise entre 50 % et 80 %."},"2":{"question":"Comment \u00eatre \u00e9ligible \u00e0 la PreParE dans le secteur priv\u00e9 ?","answer":"Si vous \u00eates salari\u00e9 du secteur priv\u00e9, pour \u00eatre \u00e9ligible \u00e0 la PreParE major\u00e9e, vous devez n\u00e9cessairement prendre un cong\u00e9 parental \u00e0 temps plein.\r\n<br> <a href=\u201chttps:\/\/www.mes-allocs.fr\/guides\/allocations-familiales\/prepare-caf\/acces-prepare-caf\/\u201d>Lire la suite<\/a>"},"3":{"question":"Qu'est-ce que la PreParE major\u00e9e ?","answer":"La PreParE major\u00e9e donne droit \u00e0 un montant sup\u00e9rieur \u00e0 celui de la PreParE mais est vers\u00e9e moins longtemps que la PreParE (simple)"},"4":{"question":"Est-il possible de faire une simulation ?","answer":"Oui, chez Mes Allocs, nous vous proposons une simulation pour connaitre le montant de vos aides.\r\n<br> <a href=\u201chttps:\/\/www.mes-allocs.fr\/simulation-aides\u201d>Simulez toutes vos aides en 2 minutes<\/a>"},"5":{"question":"Comment demander l'aide ?","answer":"Vous devez remplir un formulaire et fournir certaines pi\u00e8ces justificatives \u00e0 la Caisse d\u2019Allocations Familiales (CAF) ou \u00e0 la Mutualit\u00e9 Sociale Agricole (MSA)."},"6":{"question":"","answer":""},"7":{"question":"","answer":""},"8":{"question":"","answer":""},"9":{"question":"","answer":""},"10":{"question":"","answer":""},"11":{"question":"","answer":""},"12":{"question":"","answer":""},"13":{"question":"","answer":""},"14":{"question":"","answer":""},"15":{"question":"","answer":""},"16":{"question":"","answer":""}}},"_links":{"self":[{"href":"https:\/\/www.mes-allocs.fr\/guides\/wp-json\/wp\/v2\/posts\/38998","targetHints":{"allow":["GET"]}}],"collection":[{"href":"https:\/\/www.mes-allocs.fr\/guides\/wp-json\/wp\/v2\/posts"}],"about":[{"href":"https:\/\/www.mes-allocs.fr\/guides\/wp-json\/wp\/v2\/types\/post"}],"author":[{"embeddable":true,"href":"https:\/\/www.mes-allocs.fr\/guides\/wp-json\/wp\/v2\/users\/6"}],"replies":[{"embeddable":true,"href":"https:\/\/www.mes-allocs.fr\/guides\/wp-json\/wp\/v2\/comments?post=38998"}],"version-history":[{"count":14,"href":"https:\/\/www.mes-allocs.fr\/guides\/wp-json\/wp\/v2\/posts\/38998\/revisions"}],"predecessor-version":[{"id":108270,"href":"https:\/\/www.mes-allocs.fr\/guides\/wp-json\/wp\/v2\/posts\/38998\/revisions\/108270"}],"wp:featuredmedia":[{"embeddable":true,"href":"https:\/\/www.mes-allocs.fr\/guides\/wp-json\/wp\/v2\/media\/38999"}],"wp:attachment":[{"href":"https:\/\/www.mes-allocs.fr\/guides\/wp-json\/wp\/v2\/media?parent=38998"}],"wp:term":[{"taxonomy":"category","embeddable":true,"href":"https:\/\/www.mes-allocs.fr\/guides\/wp-json\/wp\/v2\/categories?post=38998"},{"taxonomy":"post_tag","embeddable":true,"href":"https:\/\/www.mes-allocs.fr\/guides\/wp-json\/wp\/v2\/tags?post=38998"}],"curies":[{"name":"wp","href":"https:\/\/api.w.org\/{rel}","templated":true}]}}