{"id":38704,"date":"2021-10-25T09:50:49","date_gmt":"2021-10-25T07:50:49","guid":{"rendered":"https:\/\/www.mes-allocs.fr\/guides\/?p=38704"},"modified":"2025-11-06T17:32:22","modified_gmt":"2025-11-06T16:32:22","slug":"eco-pret-a-taux-zero","status":"publish","type":"post","link":"https:\/\/www.mes-allocs.fr\/guides\/aide-renovation\/eco-pret-a-taux-zero\/","title":{"rendered":"Comment b\u00e9n\u00e9ficier de l&rsquo;\u00c9co pr\u00eat \u00e0 taux Z\u00e9ro ?"},"content":{"rendered":"<p><img loading=\"lazy\" decoding=\"async\" class=\"aligncenter wp-image-38705 \" title=\"\u00c9co pr\u00eat \u00e0 taux Z\u00e9ro\" src=\"https:\/\/www.mes-allocs.fr\/guides\/wp-content\/uploads\/2021\/10\/arget--e1677235792870.jpeg\" alt=\"\u00c9co pr\u00eat \u00e0 taux Z\u00e9ro\" width=\"1487\" height=\"226\" srcset=\"https:\/\/www.mes-allocs.fr\/guides\/wp-content\/uploads\/2021\/10\/arget--e1677235792870.jpeg 1105w, https:\/\/www.mes-allocs.fr\/guides\/wp-content\/uploads\/2021\/10\/arget--e1677235792870-300x46.jpeg 300w, https:\/\/www.mes-allocs.fr\/guides\/wp-content\/uploads\/2021\/10\/arget--e1677235792870-1024x156.jpeg 1024w, https:\/\/www.mes-allocs.fr\/guides\/wp-content\/uploads\/2021\/10\/arget--e1677235792870-768x117.jpeg 768w, https:\/\/www.mes-allocs.fr\/guides\/wp-content\/uploads\/2021\/10\/arget--e1677235792870-600x91.jpeg 600w\" sizes=\"auto, (max-width: 1487px) 100vw, 1487px\" \/><\/p>\n<p style=\"text-align: justify;\"><strong>En France, dans le cadre de la transition \u00e9nerg\u00e9tique, vous pouvez b\u00e9n\u00e9ficier d&rsquo;<a href=\"https:\/\/www.mes-allocs.fr\/guides\/aide-renovation\/\">aides \u00e0 la r\u00e9novation<\/a>. Elles peuvent vous aider \u00e0 payer vos factures d&rsquo;\u00e9nergie mais aussi \u00e0 entreprendre des travaux dans votre logement. D\u00e9couvrez le l&rsquo;\u00c9co pr\u00eat \u00e0 taux Z\u00e9ro.<\/strong><\/p>\n<p><span style=\"font-weight: 400;\"><div class='cta-block'><div class='text'>Simulez toutes vos aides en 2 min.<\/div><a href='' class='app-button fit'>Simulation gratuite<\/a><\/div><\/span><\/p>\n<header id=\"headerPage\">\n<h1 style=\"text-align: justify;\" data-test=\"titre-page\">Qu&rsquo;est-ce que l&rsquo;\u00c9co-pr\u00eat \u00e0 taux z\u00e9ro (\u00e9co-PTZ) ?<\/h1>\n<p style=\"text-align: justify;\"><b>Initialement prolong\u00e9 jusqu&rsquo;au 31 d\u00e9cembre 2024, ce dispositif a \u00e9t\u00e9 \u00e9tendu jusqu&rsquo;au 31 d\u00e9cembre 2027 par l&rsquo;article 71 de la loi de finances pour 2024. <\/b>L&rsquo;\u00e9co-PTZ peut \u00eatre accord\u00e9, sous conditions, pour r\u00e9aliser un ou plusieurs types de travaux d&rsquo;isolation ou d&rsquo;installation d&rsquo;\u00e9quipements permettant l&rsquo;utilisation de source d&rsquo;\u00e9nergie renouvelable, pour un <b>montant maximum de 50.000 \u20ac.<\/b><\/p>\n<h1 class=\"fiche-title-1\" style=\"text-align: justify;\">Quelles sont les conditions pour b\u00e9n\u00e9ficier de cette aide ?<\/h1>\n<h2 class=\"fiche-title-1\" style=\"text-align: justify;\">Conditions li\u00e9es aux travaux r\u00e9alis\u00e9s<\/h2>\n<p style=\"text-align: justify;\">Pour b\u00e9n\u00e9ficier de l&rsquo;\u00e9co-PTZ, vos travaux doivent concerner au moins une des cat\u00e9gories de travaux suivantes\u00a0:<\/p>\n<ul style=\"text-align: justify;\">\n<li>Isolation thermique de la toiture<\/li>\n<li>Isolation thermique des murs donnant sur l&rsquo;ext\u00e9rieur<\/li>\n<li>Isolation thermique des fen\u00eatres et portes donnant sur l&rsquo;ext\u00e9rieur<\/li>\n<li>Isolation des planchers bas<\/li>\n<li>Installation ou remplacement d&rsquo;un chauffage ou d&rsquo;une production d&rsquo;eau chaude sanitaire<\/li>\n<li>Installation d&rsquo;un chauffage utilisant une source d&rsquo;\u00e9nergie renouvelable<\/li>\n<li>Installation d&rsquo;une production d&rsquo;eau chaude sanitaire utilisant une source d&rsquo;\u00e9nergie renouvelable<\/li>\n<\/ul>\n<p style=\"text-align: justify;\">Les travaux doivent \u00eatre r\u00e9alis\u00e9s en int\u00e9gralit\u00e9 dans un d\u00e9lai de 3 ans \u00e0 partir de l&rsquo;\u00e9mission de l&rsquo;offre de l&rsquo;\u00e9co-PTZ.<\/p>\n<p style=\"text-align: justify;\">Toutefois, une demande d&rsquo;allongement du d\u00e9lai de r\u00e9alisation des travaux peut \u00eatre d\u00e9pos\u00e9e aupr\u00e8s de la banque dans l&rsquo;un des 4 cas suivants\u00a0:<\/p>\n<ul style=\"text-align: justify;\">\n<li><span class=\"tool-tip\" tabindex=\"0\" title=\"\" data-definition=\"R38200\" data-original-title=\"\u00c9v\u00e9nement exceptionnel, impr\u00e9visible et irr\u00e9sistible justifiant de s'exon\u00e9rer d'une obligation, d'un engagement ou d'une responsabilit\u00e9 (par exemple\u00a0: catastrophe naturelle pour un contrat d'assurance, d\u00e9c\u00e8s du salari\u00e9 pour un contrat de travail...)\"><b>Force majeure\u00a0<\/b><span class=\"sr-only\">: \u00c9v\u00e9nement exceptionnel, impr\u00e9visible et irr\u00e9sistible justifiant de s&rsquo;exon\u00e9rer d&rsquo;une obligation, d&rsquo;un engagement ou d&rsquo;une responsabilit\u00e9 (par exemple\u00a0: catastrophe naturelle pour un contrat d&rsquo;assurance, d\u00e9c\u00e8s du salari\u00e9 pour un contrat de travail&#8230;)<\/span><\/span><\/li>\n<li><b>Maladie ou accident de l&#8217;emprunteur<\/b> ayant entra\u00een\u00e9 une incapacit\u00e9 temporaire de travail d&rsquo;une dur\u00e9e de 3 mois minimum ou en cas de d\u00e9c\u00e8s de l&#8217;emprunteur<\/li>\n<li><b>Proc\u00e9dure contentieuse <\/b>li\u00e9e \u00e0 la r\u00e9alisation de l&rsquo;op\u00e9ration<\/li>\n<li><b>Reconnaissance de l&rsquo;\u00e9tat de catastrophe naturelle ou de catastrophe technologique.<\/b><\/li>\n<\/ul>\n<p>\u00c0 compter du<strong> 1er juillet 2025<\/strong>, les conditions techniques exig\u00e9es pour\u00a0 l\u2019\u00e9co-pr\u00eat \u00e0 taux z\u00e9ro sont align\u00e9es sur celles de MaPrimeR\u00e9nov\u2019 et de la TVA \u00e0 taux r\u00e9duit. Par ailleurs, \u00e0 partir de cette m\u00eame date, la r\u00e9alisation d\u2019un <strong>audit \u00e9nerg\u00e9tique<\/strong> devient obligatoire pour toute demande d\u2019\u00e9co-PTZ au titre de la \u00ab\u202fr\u00e9novation globale\u202f\u00bb. Cet audit doit prouver que les travaux pr\u00e9vus permettront au logement d\u2019am\u00e9liorer sa performance \u00e9nerg\u00e9tique d\u2019au moins deux classes sur l\u2019\u00e9chelle du Diagnostic de Performance \u00c9nerg\u00e9tique (DPE). Les travaux concern\u00e9s par cette modalit\u00e9 sont :<\/p>\n<\/header>\n<ul>\n<li>Les<strong> travaux d&rsquo;isolation thermique des murs donnant sur l&rsquo;ext\u00e9rieur. <\/strong><\/li>\n<li>Les<strong> travaux d&rsquo;isolation thermique des parois vitr\u00e9es.<\/strong><\/li>\n<li>Les <strong>travaux d&rsquo;installation d&rsquo;\u00e9quipements de chauffage.<\/strong><\/li>\n<li>Les<strong> travaux d&rsquo; installation d&rsquo;\u00e9quipements de production d&rsquo;eau chaude sanitaire qui utilise une source d&rsquo;\u00e9nergie renouvelable.<\/strong><\/li>\n<\/ul>\n<header id=\"headerPage\">\n<h2 class=\"fiche-title-1\" style=\"text-align: justify;\">Conditions li\u00e9es aux demandeurs<\/h2>\n<ul style=\"text-align: justify;\">\n<li><b>Propri\u00e9taire occupant ou propri\u00e9taire qui loue<\/b> ou s&rsquo;engage \u00e0 louer son logement<\/li>\n<li><b>Copropri\u00e9taire<\/b> (et non le syndicat de copropri\u00e9taires) <b>occupant ou bailleur<\/b> pour financer la <span class=\"tool-tip\" tabindex=\"0\" title=\"\" data-definition=\"R2602\" data-original-title=\"Part que chacun doit payer ou recevoir dans la r\u00e9partition d'une somme\">quote-part<span class=\"sr-only\">: Part que chacun doit payer ou recevoir dans la r\u00e9partition d&rsquo;une somme<\/span><\/span> de travaux d&rsquo;int\u00e9r\u00eat collectif r\u00e9alis\u00e9s sur les <span class=\"tool-tip\" tabindex=\"0\" title=\"\" data-definition=\"R44507\" data-original-title=\"Parties des b\u00e2timents (porte d'entr\u00e9e, salon, salle de bains...) et des terrains r\u00e9serv\u00e9s \u00e0 l'usage exclusif d'un copropri\u00e9taire\">parties privatives<span class=\"sr-only\">: Parties des b\u00e2timents (porte d&rsquo;entr\u00e9e, salon, salle de bains&#8230;) et des terrains r\u00e9serv\u00e9s \u00e0 l&rsquo;usage exclusif d&rsquo;un copropri\u00e9taire<\/span><\/span>. L&rsquo;\u00e9co-PTZ permet \u00e9galement de financer des travaux r\u00e9alis\u00e9s sur les parties et \u00e9quipements communs de l&rsquo;immeuble.<\/li>\n<\/ul>\n<p style=\"text-align: justify;\">L&rsquo;\u00e9co-PTZ n&rsquo;est<b> pas soumis \u00e0 condition de ressources<\/b>.<\/p>\n<p style=\"text-align: justify;\">Pour votre logement, ce dernier doit avoir \u00e9t\u00e9 <b>achev\u00e9 depuis plus de 2 ans \u00e0 la date de d\u00e9but des travaux et \u00eatre votre r\u00e9sidence principale.\u00a0<\/b><\/p>\n<p style=\"text-align: justify;\">Vos travaux d&rsquo;am\u00e9lioration doivent imp\u00e9rativement \u00eatre r\u00e9alis\u00e9s par une <b>entreprise b\u00e9n\u00e9ficiant d&rsquo;un signe de qualit\u00e9 <span class=\"expression\">Reconnu garant de l&rsquo;environnement<\/span> (RGE).<\/b><\/p>\n<h1>Quel est le montant de l&rsquo;\u00e9co-PTZ ?<\/h1>\n<div>Le montant de ce pr\u00eat peut atteindre <b>50.000 \u20ac\u00a0 :<\/b><\/div>\n<div>\n<ul class=\"sp-item-list\">\n<li><span class=\"sp-prix\"><b>7.000\u00a0\u20ac<\/b><\/span> pour <strong>1<\/strong> action de travaux sur les parois vitr\u00e9es<\/li>\n<li><span class=\"sp-prix\"><b>15.000\u00a0\u20ac<\/b><\/span> pour <strong>1<\/strong> action de travaux d\u2019une autre nature<\/li>\n<li><span class=\"sp-prix\"><b>25.000\u00a0\u20ac<\/b><\/span> pour un lot de <strong>2<\/strong> travaux<\/li>\n<li><span class=\"sp-prix\"><b>30.000\u00a0\u20ac<\/b><\/span> pour un lot de <strong>3<\/strong> travaux ou plus<\/li>\n<li><b>50.000 \u20ac<\/b> pour une r\u00e9novation globale<\/li>\n<\/ul>\n<\/div>\n<p><span style=\"font-weight: 400;\"><div class='cta-block'><div class='text'>Simulez toutes vos aides en 2 min.<\/div><a href='' class='app-button fit'>Simulation gratuite<\/a><\/div><\/span><\/p>\n<\/header>\n<div>\n<p>&nbsp;<\/p>\n<\/div>\n","protected":false},"excerpt":{"rendered":"<p>En France, dans le cadre de la transition \u00e9nerg\u00e9tique, vous pouvez b\u00e9n\u00e9ficier d&rsquo;aides \u00e0 la r\u00e9novation. Elles peuvent vous aider \u00e0 payer vos factures d&rsquo;\u00e9nergie mais aussi \u00e0 entreprendre des travaux dans votre logement. D\u00e9couvrez le l&rsquo;\u00c9co pr\u00eat \u00e0 taux Z\u00e9ro. Qu&rsquo;est-ce que l&rsquo;\u00c9co-pr\u00eat \u00e0 taux z\u00e9ro (\u00e9co-PTZ) ? Initialement prolong\u00e9 jusqu&rsquo;au 31 d\u00e9cembre 2024, [&hellip;]<\/p>\n","protected":false},"author":23,"featured_media":105275,"comment_status":"open","ping_status":"open","sticky":false,"template":"","format":"standard","meta":{"amp_status":"","footnotes":""},"categories":[8154],"tags":[],"class_list":["post-38704","post","type-post","status-publish","format-standard","has-post-thumbnail","hentry","category-aide-renovation"],"yoast_head":"<!-- This site is optimized with the Yoast SEO plugin v14.9 - https:\/\/yoast.com\/wordpress\/plugins\/seo\/ -->\n<title>Comment b\u00e9n\u00e9ficier de l&#039;\u00c9co pr\u00eat \u00e0 taux Z\u00e9ro ? |<\/title>\n<meta name=\"description\" content=\"Pour financer vos travaux de r\u00e9novation, vous pouvez b\u00e9n\u00e9ficier d&#039;un \u00c9co pr\u00eat \u00e0 taux Z\u00e9ro. Mes Allocs vous explique.\" \/>\n<meta name=\"robots\" content=\"index, follow, max-snippet:-1, max-image-preview:large, max-video-preview:-1\" \/>\n<link rel=\"canonical\" href=\"https:\/\/www.mes-allocs.fr\/guides\/aide-renovation\/eco-pret-a-taux-zero\/\" \/>\n<meta property=\"og:locale\" content=\"fr_FR\" \/>\n<meta property=\"og:type\" content=\"article\" \/>\n<meta property=\"og:title\" content=\"Comment b\u00e9n\u00e9ficier de l&#039;\u00c9co pr\u00eat \u00e0 taux Z\u00e9ro ? |\" \/>\n<meta property=\"og:description\" content=\"Pour financer vos travaux de r\u00e9novation, vous pouvez b\u00e9n\u00e9ficier d&#039;un \u00c9co pr\u00eat \u00e0 taux Z\u00e9ro. Mes Allocs vous explique.\" \/>\n<meta property=\"og:url\" content=\"https:\/\/www.mes-allocs.fr\/guides\/aide-renovation\/eco-pret-a-taux-zero\/\" \/>\n<meta property=\"og:site_name\" content=\"Mes-Allocs.fr\" \/>\n<meta property=\"article:published_time\" content=\"2021-10-25T07:50:49+00:00\" \/>\n<meta property=\"article:modified_time\" content=\"2025-11-06T16:32:22+00:00\" \/>\n<meta property=\"og:image\" content=\"https:\/\/www.mes-allocs.fr\/guides\/wp-content\/uploads\/2021\/10\/eco-pret-taux-zero.jpg?wsr\" \/>\n\t<meta property=\"og:image:width\" content=\"1280\" \/>\n\t<meta property=\"og:image:height\" content=\"853\" \/>\n<meta name=\"twitter:card\" content=\"summary_large_image\" \/>\n<script type=\"application\/ld+json\" class=\"yoast-schema-graph\">{\"@context\":\"https:\/\/schema.org\",\"@graph\":[{\"@type\":\"WebSite\",\"@id\":\"https:\/\/www.mes-allocs.fr\/guides\/#website\",\"url\":\"https:\/\/www.mes-allocs.fr\/guides\/\",\"name\":\"Mes-Allocs.fr\",\"description\":\"\",\"potentialAction\":[{\"@type\":\"SearchAction\",\"target\":\"https:\/\/www.mes-allocs.fr\/guides\/?s={search_term_string}\",\"query-input\":\"required name=search_term_string\"}],\"inLanguage\":\"fr-FR\"},{\"@type\":\"ImageObject\",\"@id\":\"https:\/\/www.mes-allocs.fr\/guides\/aide-renovation\/eco-pret-a-taux-zero\/#primaryimage\",\"inLanguage\":\"fr-FR\",\"url\":\"https:\/\/www.mes-allocs.fr\/guides\/wp-content\/uploads\/2021\/10\/eco-pret-taux-zero.jpg?wsr\",\"width\":1280,\"height\":853,\"caption\":\"eco pret taux zero\"},{\"@type\":\"WebPage\",\"@id\":\"https:\/\/www.mes-allocs.fr\/guides\/aide-renovation\/eco-pret-a-taux-zero\/#webpage\",\"url\":\"https:\/\/www.mes-allocs.fr\/guides\/aide-renovation\/eco-pret-a-taux-zero\/\",\"name\":\"Comment b\\u00e9n\\u00e9ficier de l'\\u00c9co pr\\u00eat \\u00e0 taux Z\\u00e9ro ? |\",\"isPartOf\":{\"@id\":\"https:\/\/www.mes-allocs.fr\/guides\/#website\"},\"primaryImageOfPage\":{\"@id\":\"https:\/\/www.mes-allocs.fr\/guides\/aide-renovation\/eco-pret-a-taux-zero\/#primaryimage\"},\"datePublished\":\"2021-10-25T07:50:49+00:00\",\"dateModified\":\"2025-11-06T16:32:22+00:00\",\"author\":{\"@id\":\"https:\/\/www.mes-allocs.fr\/guides\/#\/schema\/person\/c3664ba41f27bc0d9f3683bf3906300c\"},\"description\":\"Pour financer vos travaux de r\\u00e9novation, vous pouvez b\\u00e9n\\u00e9ficier d'un \\u00c9co pr\\u00eat \\u00e0 taux Z\\u00e9ro. Mes Allocs vous explique.\",\"inLanguage\":\"fr-FR\"},{\"@type\":\"Person\",\"@id\":\"https:\/\/www.mes-allocs.fr\/guides\/#\/schema\/person\/c3664ba41f27bc0d9f3683bf3906300c\",\"name\":\"Gabrielle Duchemin\",\"image\":{\"@type\":\"ImageObject\",\"@id\":\"https:\/\/www.mes-allocs.fr\/guides\/#personlogo\",\"inLanguage\":\"fr-FR\",\"url\":\"https:\/\/www.mes-allocs.fr\/guides\/wp-content\/uploads\/2023\/02\/386E5DFE-70F4-4932-B10B-B3E8F5AC454D-e1677586370944-150x150.jpg\",\"caption\":\"Gabrielle Duchemin\"},\"description\":\"Gabrielle est juriste sp\\u00e9cialis\\u00e9e en droit du num\\u00e9rique et de la protection sociale. Elle rejoint Mes Allocs apr\\u00e8s une premi\\u00e8re exp\\u00e9rience dans le secteur bancaire.\",\"sameAs\":[\"https:\/\/www.linkedin.com\/in\/gabrielle-duchemin-b1126214b\/\"]}]}<\/script>\n<!-- \/ Yoast SEO plugin. -->","amp_validity":null,"acf":{"faq":{"1":{"question":"Avec quelle aide peut-on cumuler l'\u00e9co pr\u00eat \u00e0 taux z\u00e9ro ?","answer":"L'\u00e9co-PTZ peut \u00eatre cumulable avec les aides de l'Anah et aide des collectivit\u00e9s territoriales, les certificats d'\u00e9conomies d'\u00e9nergie et le PTZ pour l'accession \u00e0 la propri\u00e9t\u00e9\r\n"},"2":{"question":"En quoi consiste MaPrimeR\u00e9nov ?","answer":"Depuis le 1er janvier 2021, MaPrimeR\u00e9nov' remplace le cr\u00e9dit d'imp\u00f4t transition \u00e9nerg\u00e9tique et les aides de l\u2019Agence nationale de l\u2019Habitat (Anah) \u00ab Habiter mieux agilit\u00e9 \u00bb. Ce dispositif Dans le cadre du plan de relance de l'\u00e9conomie, le dispositif a \u00e9t\u00e9 renforc\u00e9 depuis le 1er\u00a0octobre 2020.\r\n"},"3":{"question":"Qu'est-ce que le dispositif \u00ab Coup de pouce chauffage \u00bb ?","answer":"L\u2019objectif de ce dispositif est permettre aux foyers en situation de pr\u00e9carit\u00e9 \u00e9nerg\u00e9tique de toucher des aides plus importantes."},"4":{"question":"Qu'est-ce que la prime\u00a0Coup de pouce Chauffage ?","answer":"La prime\u00a0Coup de pouce Chauffage et\/ou Isolation vous aide \u00e0 payer le remplacement de votre chauffage. Gr\u00e2ce \u00e0 elle, vous pouvez \u00e9galement faire des travaux d'isolation dans son logement.\r\n"},"5":{"question":"\u00c0 quoi servent les aides des entreprises de fourniture d'\u00e9nergie (CEE) ?","answer":"Dans le cadre des Certificats d'\u00c9conomies d'\u00c9nergie (CEE), les entreprises de fourniture d\u2019\u00e9nergie (EDF, Engie, Total\u2026) offrent des aides pour la r\u00e9alisation de travaux d'\u00e9conomies d'\u00e9nergie. Ces travaux doivent \u00eatre effectu\u00e9s par un professionnel reconnu garant de l\u2019environnement (RGE)."},"6":{"question":"","answer":""},"7":{"question":"","answer":""},"8":{"question":"","answer":""},"9":{"question":"","answer":""},"10":{"question":"","answer":""},"11":{"question":"","answer":""},"12":{"question":"","answer":""},"13":{"question":"","answer":""},"14":{"question":"","answer":""},"15":{"question":"","answer":""},"16":{"question":"","answer":""}}},"_links":{"self":[{"href":"https:\/\/www.mes-allocs.fr\/guides\/wp-json\/wp\/v2\/posts\/38704","targetHints":{"allow":["GET"]}}],"collection":[{"href":"https:\/\/www.mes-allocs.fr\/guides\/wp-json\/wp\/v2\/posts"}],"about":[{"href":"https:\/\/www.mes-allocs.fr\/guides\/wp-json\/wp\/v2\/types\/post"}],"author":[{"embeddable":true,"href":"https:\/\/www.mes-allocs.fr\/guides\/wp-json\/wp\/v2\/users\/23"}],"replies":[{"embeddable":true,"href":"https:\/\/www.mes-allocs.fr\/guides\/wp-json\/wp\/v2\/comments?post=38704"}],"version-history":[{"count":24,"href":"https:\/\/www.mes-allocs.fr\/guides\/wp-json\/wp\/v2\/posts\/38704\/revisions"}],"predecessor-version":[{"id":101259,"href":"https:\/\/www.mes-allocs.fr\/guides\/wp-json\/wp\/v2\/posts\/38704\/revisions\/101259"}],"wp:featuredmedia":[{"embeddable":true,"href":"https:\/\/www.mes-allocs.fr\/guides\/wp-json\/wp\/v2\/media\/105275"}],"wp:attachment":[{"href":"https:\/\/www.mes-allocs.fr\/guides\/wp-json\/wp\/v2\/media?parent=38704"}],"wp:term":[{"taxonomy":"category","embeddable":true,"href":"https:\/\/www.mes-allocs.fr\/guides\/wp-json\/wp\/v2\/categories?post=38704"},{"taxonomy":"post_tag","embeddable":true,"href":"https:\/\/www.mes-allocs.fr\/guides\/wp-json\/wp\/v2\/tags?post=38704"}],"curies":[{"name":"wp","href":"https:\/\/api.w.org\/{rel}","templated":true}]}}