{"id":38684,"date":"2021-10-14T14:27:37","date_gmt":"2021-10-14T12:27:37","guid":{"rendered":"https:\/\/www.mes-allocs.fr\/guides\/?p=38684"},"modified":"2026-03-04T15:43:19","modified_gmt":"2026-03-04T14:43:19","slug":"cv-reconversion-professionnelle","status":"publish","type":"post","link":"https:\/\/www.mes-allocs.fr\/guides\/reconversion-professionnelle\/reussir-sa-reconversion-professionnelle\/cv-reconversion-professionnelle\/","title":{"rendered":"Comment r\u00e9ussir son CV pour une reconversion professionnelle ?"},"content":{"rendered":"<p><img loading=\"lazy\" decoding=\"async\" class=\"aligncenter wp-image-38707 size-full\" title=\"cv reconversion professionnelle\" src=\"https:\/\/www.mes-allocs.fr\/guides\/wp-content\/uploads\/2021\/10\/cv-reconversion-professionnelle-2-scaled-e1634047419555.jpg\" alt=\"cv reconversion professionnelle\" width=\"2560\" height=\"665\" srcset=\"https:\/\/www.mes-allocs.fr\/guides\/wp-content\/uploads\/2021\/10\/cv-reconversion-professionnelle-2-scaled-e1634047419555.jpg 2560w, https:\/\/www.mes-allocs.fr\/guides\/wp-content\/uploads\/2021\/10\/cv-reconversion-professionnelle-2-scaled-e1634047419555-300x78.jpg 300w, https:\/\/www.mes-allocs.fr\/guides\/wp-content\/uploads\/2021\/10\/cv-reconversion-professionnelle-2-scaled-e1634047419555-1024x266.jpg 1024w, https:\/\/www.mes-allocs.fr\/guides\/wp-content\/uploads\/2021\/10\/cv-reconversion-professionnelle-2-scaled-e1634047419555-768x200.jpg 768w, https:\/\/www.mes-allocs.fr\/guides\/wp-content\/uploads\/2021\/10\/cv-reconversion-professionnelle-2-scaled-e1634047419555-1536x399.jpg 1536w, https:\/\/www.mes-allocs.fr\/guides\/wp-content\/uploads\/2021\/10\/cv-reconversion-professionnelle-2-scaled-e1634047419555-2048x532.jpg 2048w, https:\/\/www.mes-allocs.fr\/guides\/wp-content\/uploads\/2021\/10\/cv-reconversion-professionnelle-2-scaled-e1634047419555-600x156.jpg 600w\" sizes=\"auto, (max-width: 2560px) 100vw, 2560px\" \/><\/p>\n<p style=\"text-align: justify;\">[Mis \u00e0 jour le 04\/03\/2026] Vous avez d\u00e9cid\u00e9 de sauter le pas et de vous lancer dans une <a href=\"https:\/\/www.mes-allocs.fr\/guides\/reconversion-professionnelle\/\">reconversion professionnelle<\/a> ? Pour changer de m\u00e9tier, votre nouveau CV doit \u00eatre r\u00e9alis\u00e9 \u00e9tape par \u00e9tape et \u00eatre bien r\u00e9fl\u00e9chi. Dans cet article, nous vous donnons nos meilleurs conseils pour mettre en avant tous vos atouts et r\u00e9ussir votre <strong>CV pour faire de votre reconversion professionnelle<\/strong> un v\u00e9ritable succ\u00e8s.<\/p>\n<div class='cta-block'><div class='text'>Besoin d\u2019aide dans votre reconversion ?<\/div><a href='https:\/\/www.formademia.fr\/formulaire\/coaching' class='app-button fit'>Simuler mon \u00e9ligibilit\u00e9 au coaching<\/a><\/div>\n<h1>Comment retravailler la structure de votre CV ?<\/h1>\n<p>Qui dit nouveau projet professionnel, dit nouveau CV. Il faut le retravailler en fonction de votre poste vis\u00e9, afin de faire ressortir vos points forts. Le CV est une v\u00e9ritable corde \u00e0 votre arc pour <a href=\"https:\/\/www.mes-allocs.fr\/guides\/reconversion-professionnelle\/reussir-sa-reconversion-professionnelle\/\">r\u00e9ussir votre projet de reconversion<\/a>.<\/p>\n<h2>D\u00e9finir votre projet de reconversion<\/h2>\n<p>Pour que votre CV et vos futures candidatures soit pertinentes, vos objectifs doivent \u00eatre bien clairs et d\u00e9finis. Quelles sont vos attentes ? Vos motivations profondes ? Formulez-les de fa\u00e7on concr\u00e8te.<\/p>\n<p><span style=\"text-decoration: underline;\">Exemple<\/span> : si votre objectif est de trouver un CDI en tant que naturopathe, vous devez l&rsquo;indiquer clairement en t\u00eate de CV : \u00ab\u00a0<em>Recherche CDI Naturopathe<\/em>\u00ab\u00a0.<\/p>\n<p>Pour que cela soit retranscrit sur votre CV et votre lettre de motivation, nous vos conseillons de suivre plusieurs \u00e9tapes.<\/p>\n<ol>\n<li>Pour commencer d\u00e9terminez les postes qui vous int\u00e9ressent puis regardez les offres d&#8217;emploi correspondantes. Cela vous permettra de conna\u00eetre plus clairement quelles sont les missions que vous pourriez \u00eatre amen\u00e9 \u00e0 effectuer.<\/li>\n<li>Identifiez ensuite les comp\u00e9tences et exp\u00e9riences attendues pour ces postes. Quels sont les \u00e9l\u00e9ments de votre profil qui correspondent \u00e0 ces pr\u00e9requis ? Il faudra les mettre en avant sur votre CV.<\/li>\n<li>Enfin assurez-vous d&rsquo;avoir l&rsquo;exp\u00e9rience et la formation exig\u00e9e pour ce nouvel emploi. Il sera peut-\u00eatre n\u00e9cessaire d&rsquo;effectuer une formation suppl\u00e9mentaire pour obtenir ce poste.<\/li>\n<\/ol>\n<p><iframe loading=\"lazy\" title=\"La reconversion professionnelle\" width=\"500\" height=\"281\" src=\"https:\/\/www.youtube.com\/embed\/EiVUthswxl0?feature=oembed\" frameborder=\"0\" allow=\"accelerometer; autoplay; clipboard-write; encrypted-media; gyroscope; picture-in-picture; web-share\" referrerpolicy=\"strict-origin-when-cross-origin\" allowfullscreen><\/iframe><\/p>\n<h2>Mettre en avant vos points forts<\/h2>\n<p>Lors d&rsquo;une reconversion professionnelle, il est souvent impossible d&rsquo;introduire toutes vos exp\u00e9riences et vos formations sur votre CV.<\/p>\n<p>Ainsi, il est n\u00e9cessaire de faire un tri afin de faire ressortir les \u00e9l\u00e9ments qui feront la diff\u00e9rence sur votre profil.<\/p>\n<p>En regardant diff\u00e9rentes offres d&#8217;emploi, vous vous apercevrez certainement que certains mots-cl\u00e9s reviennent souvent dans les annonces similaires. Notez-les pour qu&rsquo;ils apparaissent \u00e9galement sur votre CV.<\/p>\n<p>Par ailleurs, classez par ordre de pertinence vos anciennes exp\u00e9riences professionnelles et formations, du haut vers le bas. Les \u00e9l\u00e9ments les plus int\u00e9ressants doivent toujours \u00eatre lus en premier, l&rsquo;ordre chronologique importe peu.<\/p>\n<p>De plus, n&rsquo;h\u00e9sitez pas \u00e0 enlever de votre CV les \u00e9l\u00e9ments qui ne correspondent pas \u00e0 votre nouveau projet professionnel. Ils pourraient donner l&rsquo;impression que votre projet professionnel n&rsquo;est pas suffisamment pr\u00e9cis et d\u00e9termin\u00e9.<\/p>\n<p>Pour rendre votre CV encore plus clair, vous pouvez \u00e9galement rassembler les exp\u00e9riences qui se ressemblent. Cela vous permettra de gagner de la place pour avoir une meilleure lisibilit\u00e9, ou de mettre un autre aspect de votre profil en avant.<\/p>\n<p style=\"text-align: justify;\"><span style=\"text-decoration: underline;\"><strong>CV reconversion professionnelle : les choses \u00e0 faire<\/strong><\/span><\/p>\n\n<div class=\"wpdt-c row wpDataTableContainerSimpleTable wpDataTables wpDataTablesWrapper\n\"\n    >\n    <table id=\"wpdtSimpleTable-470\"\n           class=\"wpdtSimpleTable wpDataTable\"\n           data-column=\"2\"\n           data-rows=\"5\"\n           data-wpID=\"470\"\n           data-responsive=\"0\"\n           data-has-header=\"1\">\n\n                    <thead>        <tr class=\"wpdt-cell-row \" >\n                            <th class=\"wpdt-cell wpdt-bc-F3F9FE wpdt-bold\"\n                                    data-cell-id=\"A1\"\n                data-col-index=\"0\"\n                data-row-index=\"0\"\n                style=\" width:48.571428571429%;                padding:10px;\"\n                >\n                                CV : \u00e0 faire                <\/th>\n                                            <th class=\"wpdt-cell wpdt-bc-F3F9FE wpdt-bold\"\n                                    data-cell-id=\"B1\"\n                data-col-index=\"1\"\n                data-row-index=\"0\"\n                style=\" width:51.428571428571%;                padding:10px;\"\n                >\n                                CV : \u00e0 ne pas faire                <\/th>\n                                        <\/tr>\n                    <tbody>        <tr class=\"wpdt-cell-row \" >\n                            <td class=\"wpdt-cell \"\n                                    data-cell-id=\"A2\"\n                data-col-index=\"0\"\n                data-row-index=\"1\"\n                style=\"                padding:10px;\"\n                >\n                                Trier vos exp\u00e9riences                <\/td>\n                                            <td class=\"wpdt-cell \"\n                                    data-cell-id=\"B2\"\n                data-col-index=\"1\"\n                data-row-index=\"1\"\n                style=\"                padding:10px;\"\n                >\n                                Afficher TOUTES vos exp\u00e9riences                <\/td>\n                                        <\/tr>\n                            <tr class=\"wpdt-cell-row \" >\n                            <td class=\"wpdt-cell \"\n                                    data-cell-id=\"A3\"\n                data-col-index=\"0\"\n                data-row-index=\"2\"\n                style=\"                padding:10px;\"\n                >\n                                Ins\u00e9rer les mots cl\u00e9s pertinents                <\/td>\n                                            <td class=\"wpdt-cell \"\n                                    data-cell-id=\"B3\"\n                data-col-index=\"1\"\n                data-row-index=\"2\"\n                style=\"                padding:10px;\"\n                >\n                                Laisser une exp\u00e9rience qui n'apporte rien                <\/td>\n                                        <\/tr>\n                            <tr class=\"wpdt-cell-row \" >\n                            <td class=\"wpdt-cell \"\n                                    data-cell-id=\"A4\"\n                data-col-index=\"0\"\n                data-row-index=\"3\"\n                style=\"                padding:10px;\"\n                >\n                                Avoir un CV sur 2 pages                <\/td>\n                                            <td class=\"wpdt-cell \"\n                                    data-cell-id=\"B4\"\n                data-col-index=\"1\"\n                data-row-index=\"3\"\n                style=\"                padding:10px;\"\n                >\n                                Avoir un CV sur +\u00a0 2 pages                <\/td>\n                                        <\/tr>\n                            <tr class=\"wpdt-cell-row \" >\n                            <td class=\"wpdt-cell \"\n                                    data-cell-id=\"A5\"\n                data-col-index=\"0\"\n                data-row-index=\"4\"\n                style=\"                padding:10px;\"\n                >\n                                Mettre en avant ses points forts                <\/td>\n                                            <td class=\"wpdt-cell \"\n                                    data-cell-id=\"B5\"\n                data-col-index=\"1\"\n                data-row-index=\"4\"\n                style=\"                padding:10px;\"\n                >\n                                Parler de ses points faibles                <\/td>\n                                        <\/tr>\n                    <\/table>\n<\/div><style id='wpdt-custom-style-470'>\ntable#wpdtSimpleTable-470{ table-layout: fixed !important; }\n.wpdt-bc-F3F9FE { background-color: #F3F9FE !important;}\n<\/style>\n\n<h2>Ne pas n\u00e9gliger vos centres d&rsquo;int\u00e9r\u00eat<\/h2>\n<p>Si les exp\u00e9riences professionnelles et les dipl\u00f4mes\/ formations sont prioritaires sur un CV, vos centres d&rsquo;int\u00e9r\u00eats ne sont en aucun cas \u00e0 n\u00e9gliger.<\/p>\n<p>En effet ce sont eux qui d\u00e9terminent votre personnalit\u00e9 et serviront \u00e0 vous d\u00e9marquer d&rsquo;un candidat qui aurait les m\u00eames comp\u00e9tences que vous. Le fit est tr\u00e8s important lors d&rsquo;un entretien, et si vous pouvez \u00e9tablir une connexion avec votre interlocuteur autour d&rsquo;un hobbie commun (tricot, poney, piscine&#8230;) \u00e7a sera toujours \u00e7a de gagn\u00e9 par rapport aux autres candidats ! On distingue deux grands types de centres d&rsquo;int\u00e9r\u00eats : les centres d&rsquo;int\u00e9r\u00eats d&rsquo;ordre culturel ou intellectuel et les centres d&rsquo;int\u00e9r\u00eats li\u00e9s au sport.<\/p>\n<p>Attention : ne pas mentionner de centres d&rsquo;int\u00e9r\u00eats trop clivants, qui pourraient vous porter pr\u00e9judice si votre interlocuteur ne les partage pas (exemple : chasse, corrida, anti-vaccin&#8230;).<\/p>\n<p><em>Exemple de centres d&rsquo;int\u00e9r\u00eat : lecture, voyages, danse, ski, humanitaire, th\u00e9\u00e2tre, cryptomonnaies&#8230;\u00a0<\/em><\/p>\n<p>C&rsquo;est \u00e9galement ce qui justifiera peut-\u00eatre votre reconversion professionnelle : vos passions, activit\u00e9s hors professionnelles, inspirations,&#8230;<\/p>\n<div class='cta-block'><div class='text'>Besoin d&rsquo;aide pour refaire votre CV ?<\/div><a href='https:\/\/www.formademia.fr\/coaching' class='app-button fit'>Je me lance<\/a><\/div>\n<h1>Quelle accroche de CV pour une reconversion professionnelle ?<\/h1>\n<p>Trouver une bonne accroche de CV n&rsquo;est pas un exercice \u00e9vident. Effectivement, l&rsquo;objectif est de r\u00e9sumer, de fa\u00e7on claire et concise, votre nouveau projet professionnel.<\/p>\n<p>Dans le cadre de votre reconversion, nous pouvons vous donner quelques astuces et erreurs \u00e0 ne pas faire.<\/p>\n<h2>Les phrases d&rsquo;accroche \u00e0 \u00e9viter<\/h2>\n<p>Le titre et l&rsquo;accroche de votre CV sont les \u00e9l\u00e9ments qui seront lus en premier par le recruteur. Ils sont d\u00e9terminant puisqu&rsquo;il s&rsquo;agit de la premi\u00e8re impression que ce dernier se fera de vous.<\/p>\n<p>Par cons\u00e9quent il est primordial de ne pas les rater.<\/p>\n<p>Exemple : <em>\u00ab\u00a0Actuellement en poste en tant que secr\u00e9taire dans un cabinet m\u00e9dical, je suis \u00e0<\/em><em>\u00a0la recherche d&rsquo;un nouvel emploi dans le cadre d&rsquo;une reconversion professionnelle\u00a0\u00bb<\/em>.<\/p>\n<p>Ce type d&rsquo;accroche est \u00e0 \u00e9viter absolument. Dans ce cas pr\u00e9cis, le lecteur n&rsquo;a aucune id\u00e9e de vos nouveaux objectifs professionnels.<\/p>\n<p><strong>Bon \u00e0 savoir :<\/strong> sur un CV, une reconversion professionnelle n&rsquo;est pas un projet en soi. Elle doit \u00eatre pr\u00e9cise, et c&rsquo;est avant tout le nouveau m\u00e9tier que vous souhaitez effectuer qui doit \u00eatre mis en avant, et non le pr\u00e9c\u00e9dent.<\/p>\n<h2>Exemples d&rsquo;accroche de CV pour une reconversion professionnelle<\/h2>\n<p>Chaque phrase d&rsquo;accroche de CV doit \u00eatre r\u00e9dig\u00e9e par vos soins et personnalis\u00e9e selon votre profil.<\/p>\n<p>Toutefois, voici quelques exemples d&rsquo;accroche pour vous aider \u00e0 d\u00e9terminer la v\u00f4tre :<\/p>\n<ul>\n<li><em>\u00ab\u00a0VENDEUR EN LIBRAIRIE \/ Passionn\u00e9 de lecture et litt\u00e9rature, je souhaite mettre mon centre d&rsquo;int\u00e9r\u00eat au service d&rsquo;une librairie afin de conseiller au mieux les clients dans leurs achats. <\/em><em>J&rsquo;aime le contact et l&rsquo;\u00e9change humain, primordiaux pour assurer la satisfaction des clients.\u00a0\u00bb\u00a0<\/em><\/li>\n<li><em>\u00ab\u00a0ASSISTANTE SOCIALE \/ Apr\u00e8s avoir \u00e9t\u00e9 professeure des \u00e9coles, je souhaite d\u00e9sormais utiliser mon exp\u00e9rience pour aider des personnes dans le besoin. Je souhaite m&rsquo;enrichir de nouvelles exp\u00e9riences humaines et sociales.\u00a0\u00bb<\/em><\/li>\n<li><em>\u00ab\u00a0RECEPTIONNISTE D&rsquo;HOTEL \/ Suite \u00e0 mon exp\u00e9rience de voyage \u00e0 l&rsquo;\u00e9tranger, mon int\u00e9r\u00eat pour le tourisme et l&rsquo;h\u00f4tellerie s&rsquo;est fortement d\u00e9velopp\u00e9. Je souhaite aujourd&rsquo;hui me reconvertir professionnellement dans ce secteur en tant que r\u00e9ceptionniste d&rsquo;h\u00f4tel.\u00a0\u00bb<\/em><\/li>\n<\/ul>\n<h2>Comment choisir le bon titre de CV ?<\/h2>\n<p>La r\u00e8gle pour le titre de votre CV est simple : il doit \u00eatre choisi en fonction du poste vis\u00e9.<\/p>\n<p>Ensuite, en aucun cas il ne doit \u00eatre \u00ab\u00a0Reconversion professionnelle\u00a0\u00bb, ou mentionner votre poste pr\u00e9c\u00e9dent.<\/p>\n<p>Pour mieux comprendre, vous pouvez vous r\u00e9f\u00e9rer aux exemples ci-dessus. Ainsi, pour la personne qui souhaite \u00eatre vendeur en librairie, le titre sera <em>\u00ab\u00a0Vendeur en librairie\u00a0\u00bb<\/em>.<\/p>\n<p>La deuxi\u00e8me personne devra choisir comme titre <em>\u00ab\u00a0Assistante sociale\u00a0\u00bb<\/em>.<\/p>\n<p>Enfin, dans le cas de celui qui aimerait se reconvertir en tant que r\u00e9ceptionniste d&rsquo;h\u00f4tel, le titre sera <em>\u00ab\u00a0R\u00e9ceptionniste d&rsquo;h\u00f4tel\u00a0\u00bb<\/em>.<\/p>\n<p>Un\u00a0<a href=\"https:\/\/www.formademia.fr\/formulaire\/coaching\">conseiller Mes Allocs vous accompagne<\/a>\u00a0dans votre projet de reconversion professionnelle. Contactez-nous !<\/p>\n<h1>Quelle pr\u00e9sentation de CV pour une reconversion professionnelle ?<\/h1>\n<p>Dans le cadre d&rsquo;une reconversion professionnelle, la pr\u00e9sentation du CV ne change pas d&rsquo;une candidature habituelle.<\/p>\n<p>Elle doit \u00eatre choisie en fonction du secteur vis\u00e9, de vos go\u00fbts, et doit valoriser vos atouts.<\/p>\n<h2>Privil\u00e9giez un CV simple et efficace<\/h2>\n<p>G\u00e9n\u00e9ralement, un recruteur ne passera pas beaucoup de temps sur votre CV.<\/p>\n<p>Il faut donc qu&rsquo;il puisse rapidement identifier les \u00e9l\u00e9ments importants. Le recruteur ne doit pas \u00eatre g\u00ean\u00e9 par une pr\u00e9sentation charg\u00e9e qui apporterait trop d&rsquo;informations.<\/p>\n<p>Avec une pr\u00e9sentation simple et moderne, vous allez droit au but. Evitez surtout les effets de style, les polices difficilement lisibles et les couleurs trop vives. Evitez les CV de plus d&rsquo;une page.<\/p>\n<p><strong>A noter :<\/strong> dans le cas d&rsquo;une reconversion dans un secteur cr\u00e9atif ou artistique, un CV plus complexe et travaill\u00e9 peut \u00eatre appr\u00e9ci\u00e9.<\/p>\n<h2>Mod\u00e8le gratuit de CV pour une reconversion professionnelle<\/h2>\n<p>En ligne, il est possible de trouver diff\u00e9rents exemples de mod\u00e8les de CV de reconversion professionnelle que vous pouvez t\u00e9l\u00e9charger. Vous pourrez ensuite les personnaliser. Ils peuvent servir de mod\u00e8le pour toutes vos reconversions professionnelles : secr\u00e9taire, informatique, petite enfance, immobilier&#8230;<\/p>\n<p>Consultez aussi notre article avec tous nos conseils pour votre lettre de motivation de reconversion professionnelle.<\/p>\n<div class='cta-block'><div class='text'>Besoin d\u2019aide dans votre reconversion ?<\/div><a href='https:\/\/www.formademia.fr\/formulaire\/coaching' class='app-button fit'>Simuler mon \u00e9ligibilit\u00e9 au coaching<\/a><\/div>\n","protected":false},"excerpt":{"rendered":"<p>[Mis \u00e0 jour le 04\/03\/2026] Vous avez d\u00e9cid\u00e9 de sauter le pas et de vous lancer dans une reconversion professionnelle ? Pour changer de m\u00e9tier, votre nouveau CV doit \u00eatre r\u00e9alis\u00e9 \u00e9tape par \u00e9tape et \u00eatre bien r\u00e9fl\u00e9chi. Dans cet article, nous vous donnons nos meilleurs conseils pour mettre en avant tous vos atouts et [&hellip;]<\/p>\n","protected":false},"author":12,"featured_media":38707,"comment_status":"open","ping_status":"open","sticky":false,"template":"","format":"standard","meta":{"amp_status":"","footnotes":""},"categories":[5081,5380],"tags":[],"class_list":["post-38684","post","type-post","status-publish","format-standard","has-post-thumbnail","hentry","category-reconversion-professionnelle","category-reussir-sa-reconversion-professionnelle"],"yoast_head":"<!-- This site is optimized with the Yoast SEO plugin v14.9 - https:\/\/yoast.com\/wordpress\/plugins\/seo\/ -->\n<title>Comment r\u00e9ussir son CV pour une reconversion professionnelle ?<\/title>\n<meta name=\"description\" content=\"Pour r\u00e9ussir sa reconversion professionnelle, il est important de bien refaire son CV.\u00a0Vous avez d\u00e9cid\u00e9 de sauter le pas ? Suivez notre guide.\" \/>\n<meta name=\"robots\" content=\"index, follow, max-snippet:-1, max-image-preview:large, max-video-preview:-1\" \/>\n<link rel=\"canonical\" href=\"https:\/\/www.mes-allocs.fr\/guides\/reconversion-professionnelle\/reussir-sa-reconversion-professionnelle\/cv-reconversion-professionnelle\/\" \/>\n<meta property=\"og:locale\" content=\"fr_FR\" \/>\n<meta property=\"og:type\" content=\"article\" \/>\n<meta property=\"og:title\" content=\"Comment r\u00e9ussir son CV pour une reconversion professionnelle ?\" \/>\n<meta property=\"og:description\" content=\"Pour r\u00e9ussir sa reconversion professionnelle, il est important de bien refaire son CV.\u00a0Vous avez d\u00e9cid\u00e9 de sauter le pas ? Suivez notre guide.\" \/>\n<meta property=\"og:url\" content=\"https:\/\/www.mes-allocs.fr\/guides\/reconversion-professionnelle\/reussir-sa-reconversion-professionnelle\/cv-reconversion-professionnelle\/\" \/>\n<meta property=\"og:site_name\" content=\"Mes-Allocs.fr\" \/>\n<meta property=\"article:published_time\" content=\"2021-10-14T12:27:37+00:00\" \/>\n<meta property=\"article:modified_time\" content=\"2026-03-04T14:43:19+00:00\" \/>\n<meta property=\"og:image\" content=\"https:\/\/www.mes-allocs.fr\/guides\/wp-content\/uploads\/2021\/10\/cv-reconversion-professionnelle-2-scaled-e1634047419555.jpg?wsr\" \/>\n\t<meta property=\"og:image:width\" content=\"2560\" \/>\n\t<meta property=\"og:image:height\" content=\"665\" \/>\n<meta name=\"twitter:card\" content=\"summary_large_image\" \/>\n<script type=\"application\/ld+json\" class=\"yoast-schema-graph\">{\"@context\":\"https:\/\/schema.org\",\"@graph\":[{\"@type\":\"WebSite\",\"@id\":\"https:\/\/www.mes-allocs.fr\/guides\/#website\",\"url\":\"https:\/\/www.mes-allocs.fr\/guides\/\",\"name\":\"Mes-Allocs.fr\",\"description\":\"\",\"potentialAction\":[{\"@type\":\"SearchAction\",\"target\":\"https:\/\/www.mes-allocs.fr\/guides\/?s={search_term_string}\",\"query-input\":\"required name=search_term_string\"}],\"inLanguage\":\"fr-FR\"},{\"@type\":\"ImageObject\",\"@id\":\"https:\/\/www.mes-allocs.fr\/guides\/reconversion-professionnelle\/reussir-sa-reconversion-professionnelle\/cv-reconversion-professionnelle\/#primaryimage\",\"inLanguage\":\"fr-FR\",\"url\":\"https:\/\/www.mes-allocs.fr\/guides\/wp-content\/uploads\/2021\/10\/cv-reconversion-professionnelle-2-scaled-e1634047419555.jpg?wsr\",\"width\":2560,\"height\":665,\"caption\":\"cv reconversion professionnelle\"},{\"@type\":\"WebPage\",\"@id\":\"https:\/\/www.mes-allocs.fr\/guides\/reconversion-professionnelle\/reussir-sa-reconversion-professionnelle\/cv-reconversion-professionnelle\/#webpage\",\"url\":\"https:\/\/www.mes-allocs.fr\/guides\/reconversion-professionnelle\/reussir-sa-reconversion-professionnelle\/cv-reconversion-professionnelle\/\",\"name\":\"Comment r\\u00e9ussir son CV pour une reconversion professionnelle ?\",\"isPartOf\":{\"@id\":\"https:\/\/www.mes-allocs.fr\/guides\/#website\"},\"primaryImageOfPage\":{\"@id\":\"https:\/\/www.mes-allocs.fr\/guides\/reconversion-professionnelle\/reussir-sa-reconversion-professionnelle\/cv-reconversion-professionnelle\/#primaryimage\"},\"datePublished\":\"2021-10-14T12:27:37+00:00\",\"dateModified\":\"2026-03-04T14:43:19+00:00\",\"author\":{\"@id\":\"https:\/\/www.mes-allocs.fr\/guides\/#\/schema\/person\/a380e59df528a1af75722826e7d8f38e\"},\"description\":\"Pour r\\u00e9ussir sa reconversion professionnelle, il est important de bien refaire son CV.\\u00a0Vous avez d\\u00e9cid\\u00e9 de sauter le pas ? Suivez notre guide.\",\"inLanguage\":\"fr-FR\"},{\"@type\":\"Person\",\"@id\":\"https:\/\/www.mes-allocs.fr\/guides\/#\/schema\/person\/a380e59df528a1af75722826e7d8f38e\",\"name\":\"Manon Heckmann\",\"image\":{\"@type\":\"ImageObject\",\"@id\":\"https:\/\/www.mes-allocs.fr\/guides\/#personlogo\",\"inLanguage\":\"fr-FR\",\"url\":\"https:\/\/www.mes-allocs.fr\/guides\/wp-content\/uploads\/2021\/11\/2018-02-21-18-33-31-150x150.jpg\",\"caption\":\"Manon Heckmann\"},\"description\":\"Manon est responsable SEO au sein de l'\\u00e9quipe Mes Allocs. Elle est garante de la qualit\\u00e9 de nos r\\u00e9dactions sur tous les th\\u00e8mes li\\u00e9s aux aides financi\\u00e8res. Dipl\\u00f4m\\u00e9e de l'ISCPA de Lyon et \\u00e9tudiante \\u00e0 Sup de Pub, elle rejoint Mes Allocs apr\\u00e8s diverses exp\\u00e9riences en tant que r\\u00e9dactrice et community manager.\",\"sameAs\":[\"https:\/\/www.linkedin.com\/in\/manon-heckmann\/\"]}]}<\/script>\n<!-- \/ Yoast SEO plugin. -->","amp_validity":null,"acf":{"faq":{"1":{"question":"Quel titre mettre sur son CV quand on est en reconversion ?","answer":"La r\u00e8gle pour le titre de votre CV est simple: il doit \u00eatre celui du poste vis\u00e9. Ensuite, en aucun cas il ne doit \u00eatre \"Reconversion professionnelle\", ou mentionner votre poste pr\u00e9c\u00e9dent. Si vous souhaitez vous reconvertir en tant que secr\u00e9taire, le titre sera \"Secr\u00e9taire\". <br> <a href=\"https:\/\/www.mes-allocs.fr\/guides\/reconversion-professionnelle\/reussir-sa-reconversion-professionnelle\/cv-reconversion-professionnelle\/\">Lire la suite<\/a>"},"2":{"question":" Comment expliquer un changement d'orientation professionnelle ?","answer":"Pour expliquer votre changement d'orientation \u00e0 votre recruteur, soyez transparent. Expliquez vos d\u00e9marches, et pensez \u00e0 vos centres d'int\u00e9r\u00eat, ils sont souvent li\u00e9s. Et surtout: mettez en avant votre motivation et votre volont\u00e9 d'apprendre un nouveau m\u00e9tier. <br> <a href=\"https:\/\/www.mes-allocs.fr\/guides\/reconversion-professionnelle\/reussir-sa-reconversion-professionnelle\/cv-reconversion-professionnelle\/\">Lire la suite<\/a>"},"3":{"question":"Comment faire une accroche pour un CV ? ","answer":"L'objectif est de r\u00e9sumer, de fa\u00e7on claire et concise, votre nouveau projet professionnel. Sur un CV, une reconversion professionnelle n'est pas un projet en soi. Elle doit \u00eatre pr\u00e9cise, et c'est avant tout le nouveau m\u00e9tier que vous souhaitez effectuer qui doit \u00eatre mis en avant, et non le pr\u00e9c\u00e9dent.\u00a0<br> <a href=\"https:\/\/www.mes-allocs.fr\/guides\/reconversion-professionnelle\/reussir-sa-reconversion-professionnelle\/cv-reconversion-professionnelle\/\">Lire la suite<\/a>"},"4":{"question":"Comment d\u00e9crire mon profil ? ","answer":"Identifiez ensuite les comp\u00e9tences et exp\u00e9riences attendues sur les offres d'emploi. Quels sont les \u00e9l\u00e9ments de votre profil qui correspondent ? Il faudra ensuite les mettre en avant sur votre CV. Si les exp\u00e9riences professionnelles et les dipl\u00f4mes\/ formations sont prioritaires sur un CV, vos centres d'int\u00e9r\u00eats ne sont en aucun cas \u00e0 n\u00e9gliger. C'est eux qui d\u00e9terminent votre personnalit\u00e9 et serviront \u00e0 vous d\u00e9marquer. <br> <a href=\"https:\/\/www.mes-allocs.fr\/guides\/reconversion-professionnelle\/reussir-sa-reconversion-professionnelle\/cv-reconversion-professionnelle\/\">Lire la suite<\/a>"},"5":{"question":"Comment faire un bon CV pour un d\u00e9butant ?","answer":"Pour que votre CV et vos futures candidatures soit pertinentes, vos objectifs doivent \u00eatre bien clairs et d\u00e9finis. Quelles sont vos attentes ? Vos motivations profondes ? Formulez-les de fa\u00e7on concr\u00e8te. N'oubliez pas de mettre en avant vos exp\u00e9riences et formations qui se rapprochent le plus de votre poste souhait\u00e9, du haut vers le bas. <br> <a href=\"https:\/\/www.mes-allocs.fr\/guides\/reconversion-professionnelle\/reussir-sa-reconversion-professionnelle\/cv-reconversion-professionnelle\/\">Lire la suite<\/a>"},"6":{"question":"Comment d\u00e9crire son parcours professionnel ? ","answer":"N'h\u00e9sitez pas \u00e0 enlever de votre CV les \u00e9l\u00e9ments qui ne correspondent pas \u00e0 votre nouveau projet professionnel. Ils pourraient donner l'impression que votre projet professionnel n'est pas suffisamment pr\u00e9cis et d\u00e9termin\u00e9.\r\nPour rendre votre CV encore plus clair, vous pouvez \u00e9galement rassembler les exp\u00e9riences qui se ressemblent. Classez par ordre de pertinence vos anciennes exp\u00e9riences professionnelles et formations. <br> <a href=\"https:\/\/www.mes-allocs.fr\/guides\/reconversion-professionnelle\/reussir-sa-reconversion-professionnelle\/cv-reconversion-professionnelle\/\">Lire la suite<\/a>"},"7":{"question":"","answer":""},"8":{"question":"","answer":""},"9":{"question":"","answer":""},"10":{"question":"","answer":""},"11":{"question":"","answer":""},"12":{"question":"","answer":""},"13":{"question":"","answer":""},"14":{"question":"","answer":""},"15":{"question":"","answer":""},"16":{"question":"","answer":""}}},"_links":{"self":[{"href":"https:\/\/www.mes-allocs.fr\/guides\/wp-json\/wp\/v2\/posts\/38684","targetHints":{"allow":["GET"]}}],"collection":[{"href":"https:\/\/www.mes-allocs.fr\/guides\/wp-json\/wp\/v2\/posts"}],"about":[{"href":"https:\/\/www.mes-allocs.fr\/guides\/wp-json\/wp\/v2\/types\/post"}],"author":[{"embeddable":true,"href":"https:\/\/www.mes-allocs.fr\/guides\/wp-json\/wp\/v2\/users\/12"}],"replies":[{"embeddable":true,"href":"https:\/\/www.mes-allocs.fr\/guides\/wp-json\/wp\/v2\/comments?post=38684"}],"version-history":[{"count":24,"href":"https:\/\/www.mes-allocs.fr\/guides\/wp-json\/wp\/v2\/posts\/38684\/revisions"}],"predecessor-version":[{"id":110080,"href":"https:\/\/www.mes-allocs.fr\/guides\/wp-json\/wp\/v2\/posts\/38684\/revisions\/110080"}],"wp:featuredmedia":[{"embeddable":true,"href":"https:\/\/www.mes-allocs.fr\/guides\/wp-json\/wp\/v2\/media\/38707"}],"wp:attachment":[{"href":"https:\/\/www.mes-allocs.fr\/guides\/wp-json\/wp\/v2\/media?parent=38684"}],"wp:term":[{"taxonomy":"category","embeddable":true,"href":"https:\/\/www.mes-allocs.fr\/guides\/wp-json\/wp\/v2\/categories?post=38684"},{"taxonomy":"post_tag","embeddable":true,"href":"https:\/\/www.mes-allocs.fr\/guides\/wp-json\/wp\/v2\/tags?post=38684"}],"curies":[{"name":"wp","href":"https:\/\/api.w.org\/{rel}","templated":true}]}}