{"id":38669,"date":"2021-10-19T17:46:55","date_gmt":"2021-10-19T15:46:55","guid":{"rendered":"https:\/\/www.mes-allocs.fr\/guides\/?p=38669"},"modified":"2025-03-18T17:08:23","modified_gmt":"2025-03-18T15:08:23","slug":"aide-economie-energie-carrefour","status":"publish","type":"post","link":"https:\/\/www.mes-allocs.fr\/guides\/aide-energie\/aide-energie-enseigne-distribution\/aide-economie-energie-carrefour\/","title":{"rendered":"Aide \u00e9conomie \u00e9nergie Carrefour : conditions, montant, d\u00e9marches"},"content":{"rendered":"<p><img loading=\"lazy\" decoding=\"async\" class=\"aligncenter wp-image-38670\" title=\"ampoules\" src=\"https:\/\/www.mes-allocs.fr\/guides\/wp-content\/uploads\/2021\/10\/ampoules--e1633954851729.jpeg\" alt=\"aide \u00e9conomie \u00e9nergie Carrefour\" width=\"1200\" height=\"416\" \/><\/p>\n<p style=\"text-align: justify;\"><strong>En France, il existe plusieurs <a href=\"https:\/\/www.mes-allocs.fr\/guides\/aide-energie\/\">aides \u00e9nergies<\/a> pour vos factures. La principale aide se nomme la Prime Energie. Plusieurs enseignes peuvent vous en faire b\u00e9n\u00e9ficier. Dans cette article, nous allons voir la Prime Energie carrefour.<\/strong><\/p>\n<p style=\"text-align: justify;\"><span style=\"font-weight: 400;\"><div class='cta-block'><div class='text'>Simulez vos allocations familiales en 2 min.<\/div><a href='' class='app-button fit'>Simulation gratuite<\/a><\/div><\/span><\/p>\n<h1 style=\"text-align: justify;\" data-amp-original-style=\"text-align: justify;\">La prime \u00e9nergie chez Carrefour<\/h1>\n<h2 style=\"text-align: justify;\">La prime \u00e9nergie Carrefour<\/h2>\n<p style=\"text-align: justify;\">Carrefour, oblig\u00e9 par sa filiale Carfuel en tant que distributeur de carburant et de fioul, a choisi de d\u00e9velopper son propre programme de Primes Energie pour valoriser l\u2019action de ses clients en leur proposant la Prime Eco Travaux Carrefour\u00a0: une prime qui r\u00e9compense les travaux permettant d\u2019\u00e9conomiser l\u2019\u00e9nergie au domicile des particuliers.<\/p>\n<p style=\"text-align: justify;\">Quatre grandes familles de travaux sont concern\u00e9es par la Prime Eco Travaux Carrefour\u00a0:<\/p>\n<ul class=\"spip\" style=\"text-align: justify;\">\n<li>Les \u00e9nergies renouvelables<\/li>\n<li>L\u2019isolation<\/li>\n<li>Le chauffage et la r\u00e9gulation<\/li>\n<li>La ventilation<\/li>\n<\/ul>\n<h2 style=\"text-align: justify;\">Comment b\u00e9n\u00e9ficier de la prime \u00e9nergie Carrefour ?<\/h2>\n<p style=\"text-align: justify;\">La premi\u00e8re \u00e9tape pour b\u00e9n\u00e9ficier de cette prime est de s&rsquo;inscrire sur les services en ligne de Carrefour. L&rsquo;inscription est\u00a0gratuite sur le site.<\/p>\n<p style=\"text-align: justify;\">\u00a0Ensuite, vous allez recevoir une lettre d\u2019engagement. C&rsquo;est l&rsquo;\u00e9quivalent d&rsquo;un contrat. Par cette lettre, nous nous engageons \u00e0 vous verser une prime pour la r\u00e9alisation de travaux d\u2019\u00e9conomies d\u2019\u00e9nergie, si votre dossier travaux est valid\u00e9. Les montants de prime indiqu\u00e9s dans cette lettre sont estim\u00e9s \u00e0 partir des informations renseign\u00e9es lors de votre inscription.<br \/>\nLa date d\u2019\u00e9mission de cette lettre doit imp\u00e9rativement \u00eatre ant\u00e9rieure \u00e0 tout engagement de votre part \u00e0 r\u00e9aliser vos travaux, elle doit donc \u00eatre ant\u00e9rieure \u00e0 toutes les dates suivantes\u00a0:<\/p>\n<ul class=\"spip\" style=\"text-align: justify;\">\n<li>La date de signature du devis<\/li>\n<li>La date d\u2019achat du mat\u00e9riel<\/li>\n<li>La date de commande<\/li>\n<li>La date de versement d\u2019acompte<\/li>\n<li>La date de livraison<\/li>\n<li>La date de d\u00e9but des travaux<\/li>\n<li>La date de facture<\/li>\n<\/ul>\n<p style=\"text-align: justify;\">Dans le cas contraire, votre dossier ne pourra pas aboutir.<\/p>\n<p style=\"text-align: justify;\"><strong><span class=\"spip_document_10 spip_documents spip_documents_left\"><img loading=\"lazy\" decoding=\"async\" src=\"https:\/\/www.prime-eco-travaux-carrefour.fr\/les-primes-energie\/local\/cache-vignettes\/L22xH22\/4-ea335.png?1633684448\" alt=\"\" width=\"22\" height=\"22\" \/><\/span><\/strong><span class=\"spip_document_10 spip_documents spip_documents_left\">Enfin, vous allez c<\/span>r\u00e9er votre dossier travaux en vous connectant sur votre espace personnel sur le site de l&rsquo;enseigne. Ensuite, signez votre devis puis faites r\u00e9aliser vos travaux par un professionnel RGE.<\/p>\n<p style=\"text-align: justify;\">Une fois vos travaux termin\u00e9s, il vous faudra constituer votre dossier complet. V\u00e9rifiez les informations de votre dossier de travaux sur votre espace personnel, t\u00e9l\u00e9chargez et imprimez votre Attestation sur l\u2019Honneur, et remplissez-la avec l\u2019aide de votre artisan.\u00a0Enfin, envoyez votre dossier et recevez votre Prime Eco Travaux Carrefour\u00a0! N\u2019oubliez pas d\u2019y joindre\u00a0:<\/p>\n<ul class=\"spip\" style=\"text-align: justify;\">\n<li>La copie du devis des travaux dat\u00e9 et sign\u00e9 par vous<\/li>\n<li>La copie de la facture de vos travaux mentionnant la fourniture et la pose du mat\u00e9riel<\/li>\n<li>L\u2019original de l\u2019Attestation sur l\u2019Honneur compl\u00e9t\u00e9e par vous et le professionnel,<\/li>\n<li>La qualification du professionnel si demand\u00e9<\/li>\n<\/ul>\n<p style=\"text-align: justify;\">Le montant de votre prime d\u00e9pend de la nature de vos travaux, de ses caract\u00e9ristiques techniques, des caract\u00e9ristiques de votre logement et de tout autre crit\u00e8re relatif \u00e0 l\u2019op\u00e9ration engag\u00e9e. Une fois que votre dossier est valid\u00e9, le montant de votre Prime Eco Travaux Carrefour sera vers\u00e9 sur le compte fid\u00e9lit\u00e9 que vous avez renseign\u00e9 lors de votre inscription, dans un d\u00e9lai de 3 semaines.<\/p>\n<h2 style=\"text-align: justify;\">Conditions d&rsquo;attribution<\/h2>\n<p style=\"text-align: justify;\">Pour b\u00e9n\u00e9ficier de la\u00a0<span class=\"___SText_1ft2c_swa-addon_\" data-ui-name=\"Tag.Text\">prime \u00e9co travaux carrefour<\/span>, il y a plusieurs conditions \u00e0 respecter. Elles concernent le logement votre situation et les travaux \u00e0 r\u00e9aliser.<\/p>\n<h3 style=\"text-align: justify;\">Pour le b\u00e9n\u00e9ficiaire<\/h3>\n<ul class=\"spip\" style=\"text-align: justify;\">\n<li>Vous \u00eates un particulier majeur,<\/li>\n<li>Vous \u00eates propri\u00e9taire des \u00e9quipements qui seront install\u00e9s\u00a0; Ou occupant du logement dans lequel auront lieu les travaux d\u2019\u00e9conomies d\u2019\u00e9nergie et vous financez l\u2019op\u00e9ration<\/li>\n<li>Vous vous \u00eates inscrits sur le site web Prime Eco Travaux Carrefour ET vous avez re\u00e7u notre engagement \u00e0 vous verser une prime si votre dossier est valid\u00e9, avant tout engagement de travaux.<\/li>\n<li>Vous vous engagez \u00e0 ne pas avoir b\u00e9n\u00e9fici\u00e9 d\u2019une aide d\u2019un autre op\u00e9rateur pour les m\u00eames travaux dans le cadre du dispositif des Certificats d\u2019Economies d\u2019Energie (CEE).<\/li>\n<\/ul>\n<h3 style=\"text-align: justify;\">Conditions concernant le logement<\/h3>\n<ul class=\"spip\" style=\"text-align: justify;\">\n<li>Le logement o\u00f9 seront r\u00e9alis\u00e9s les travaux est situ\u00e9 en France, Corse incluse (hors DOM-TOM)<\/li>\n<li>Le logement, appartement ou maison, est existant depuis plus de 2 ans \u00e0 la date de l\u2019engagement de l\u2019op\u00e9ration.<\/li>\n<\/ul>\n<h3 style=\"text-align: justify;\">Pour les travaux \u00e9ligibles<\/h3>\n<ul class=\"spip\" style=\"text-align: justify;\">\n<li>Vos travaux doivent \u00eatre \u00e9ligibles \u00e0 la Prime Eco Travaux Carrefour<\/li>\n<li>Vos travaux doivent \u00eatre r\u00e9alis\u00e9s par un professionnel titulaire d\u2019une qualification portant la mention RGE, valide \u00e0 la date d\u2019engagement des travaux.<\/li>\n<li>Vos travaux et\/ou l\u2019entreprise qui r\u00e9alise les travaux doivent r\u00e9pondre aux conditions techniques requises..<\/li>\n<\/ul>\n<p><iframe loading=\"lazy\" src=\"\/\/www.youtube.com\/embed\/fQ1LYfHSrdk\" width=\"560\" height=\"314\" allowfullscreen=\"allowfullscreen\"><\/iframe><\/p>\n<h1 class=\"amp-wp-7d27179\" style=\"text-align: justify;\" data-amp-original-style=\"text-align: justify;\"><span id=\"La_Prime_Energie_Definition_et_attribution\">La Prime Energie : D\u00e9finition et attribution<\/span><\/h1>\n<h2 class=\"amp-wp-7d27179\" style=\"text-align: justify;\" data-amp-original-style=\"text-align: justify;\"><span id=\"Le_dispositif\">D\u00e9finition de la prime \u00e9nergie\u00a0<\/span><\/h2>\n<p class=\"amp-wp-7d27179\" style=\"text-align: justify;\" data-amp-original-style=\"text-align: justify;\">La Prime Energie (de son vrai nom le Coup de pouce \u00e9conomie l\u2019\u00e9nergie) est un dispositif mis en place par l\u2019Etat en 2017. Cette aide vous permettra de r\u00e9aliser des travaux \u00e9nerg\u00e9tiques dans votre logement.<\/p>\n<p class=\"amp-wp-7d27179\" style=\"text-align: justify;\" data-amp-original-style=\"text-align: justify;\">Dans le cadre des \u00e9conomies d\u2019\u00e9nergie et de la transition \u00e9cologique, le gouvernement a mis en place cette aide. De mani\u00e8re concr\u00e8te, l\u2019Etat prend en charge une partie important des co\u00fbts d\u2019acquisition des \u00e9quipements et des travaux d&rsquo;\u00e9conomie. C\u2019est aussi l\u2019Etat qui se charge de mettre en relation les professionnels et les particuliers.<\/p>\n<p class=\"amp-wp-7d27179\" style=\"text-align: justify;\" data-amp-original-style=\"text-align: justify;\">Les Certificats d\u2019\u00e9conomie d\u2019\u00e9nergie est aussi un dispositif mis en place en 2006 qui incite les diff\u00e9rents acteurs de l\u2019\u00e9nergie \u00e0 permettre aux particuliers de r\u00e9aliser des \u00e9conomies d\u2019\u00e9nergies. De fait, par syst\u00e8me d\u2019inversion, ce sont ces acteurs \u00e9nerg\u00e9tiques qui financent la prime \u00e9nergie.<\/p>\n<p class=\"amp-wp-7d27179\" style=\"text-align: justify;\" data-amp-original-style=\"text-align: justify;\">Dit autrement, ce sont les \u201cpollueurs\u201d qui permettent aux particuliers de r\u00e9aliser des \u00e9conomies \u00e9nerg\u00e9tiques et de r\u00e9nover leur domicile au niveau de l\u2019\u00e9nergie. Notre prime \u00e9nergie s\u2019inscrit pleinement dans ce dispositif.<\/p>\n<p class=\"amp-wp-7d27179\" style=\"text-align: justify;\" data-amp-original-style=\"text-align: justify;\">Pour b\u00e9n\u00e9ficier de la prime \u00e9nergie, il suffisait de faire une demande aupr\u00e8s de votre fournisseur. Les demandes \u00e9taient valides jusqu\u2019au 31 mars 2018. Cependant, face au succ\u00e8s rencontr\u00e9 par cette aide, l\u2019offre a \u00e9t\u00e9 reconduite le 1er avril 2018.<\/p>\n<p class=\"amp-wp-7d27179\" style=\"text-align: justify;\" data-amp-original-style=\"text-align: justify;\">Cette aide vous permettra de faire des \u00e9conomies d\u2019\u00e9nergies et dans celui, plus g\u00e9n\u00e9ral, de la transition \u00e9nerg\u00e9tique.<\/p>\n<h2 class=\"amp-wp-7d27179\" style=\"text-align: justify;\" data-amp-original-style=\"text-align: justify;\"><span id=\"Qui_peut_beneficier_de_cette_prime\">Qui peut b\u00e9n\u00e9ficier de cette prime ?<\/span><\/h2>\n<h3 class=\"amp-wp-7d27179\" style=\"text-align: justify;\" data-amp-original-style=\"text-align: justify;\"><span id=\"La_prime_classique\">La prime classique<\/span><\/h3>\n<p class=\"amp-wp-7d27179\" style=\"text-align: justify;\" data-amp-original-style=\"text-align: justify;\">Cette prime pour la r\u00e9novation \u00e9nerg\u00e9tique des logements est, en th\u00e9orie, disponible pour tous. Les factures \u00e9nerg\u00e9tiques pouvant \u00eatre \u00e9lev\u00e9es pour tous, l\u2019\u00e9tat a souhait\u00e9 de ce dispositif soit pour tous. Le fait que vous soyez propri\u00e9taire ou locataire n\u2019influe pas sur le b\u00e9n\u00e9fice de cette prime, peu importe s\u2019il s\u2019agit de votre r\u00e9sidence principale ou secondaire. Cette aide est aussi accessible pour les r\u00e9sidences secondaires et les propri\u00e9taires bailleurs.<\/p>\n<p class=\"amp-wp-7d27179\" style=\"text-align: justify;\" data-amp-original-style=\"text-align: justify;\">Pour en b\u00e9n\u00e9ficier, il faut que les travaux respectent certains crit\u00e8res techniques. Ces crit\u00e8res sont \u00e9tablis pr\u00e9alablement et ils sont v\u00e9rifi\u00e9s par un artisan RGE (Reconnu Garant de l\u2019Environnement). Sans le remplissage de ces crit\u00e8res, les travaux ne pourront \u00eatre r\u00e9alis\u00e9s. Il faut aussi que votre logement soit construit depuis au moins deux ans.<\/p>\n<p class=\"amp-wp-7d27179\" style=\"text-align: justify;\" data-amp-original-style=\"text-align: justify;\">Pour cette prime qui est assez g\u00e9n\u00e9rale, il n\u2019y a pas de plafond de ressources. Le montant varie simplement selon le type de travaux r\u00e9alis\u00e9s et aussi du niveau d\u2019\u00e9conomies li\u00e9es.<\/p>\n<h3 class=\"amp-wp-7d27179\" style=\"text-align: justify;\" data-amp-original-style=\"text-align: justify;\"><span id=\"Pour_les_menages_modestes\">Pour les m\u00e9nages modestes<\/span><\/h3>\n<p class=\"amp-wp-7d27179\" style=\"text-align: justify;\" data-amp-original-style=\"text-align: justify;\">Concernant les m\u00e9nages plus modestes, il existe des primes qui leur sont plus sp\u00e9cialement attribu\u00e9es. Le montant de la prime va varier en fonction de la localisation du domicile et de certains plafonds de ressources. Le versement de cette aide est vers\u00e9e par des organismes ind\u00e9pendants.<\/p>\n<p class=\"amp-wp-7d27179\" style=\"text-align: justify;\" data-amp-original-style=\"text-align: justify;\">Dans ce cas de figure, la prime \u00e9nerg\u00e9tique sert aussi \u00e0 lutter contre les diff\u00e9rentes in\u00e9galit\u00e9s li\u00e9es \u00e0 la qualit\u00e9 du logement. Pour en b\u00e9n\u00e9ficier de mani\u00e8re concr\u00e8te, il faut que le m\u00e9nage consacre plus de 10% de leurs revenus au paiement des factures \u00e9nerg\u00e9tiques.<\/p>\n<p style=\"text-align: justify;\" data-amp-original-style=\"text-align: justify;\"><span style=\"font-weight: 400;\"><div class='cta-block'><div class='text'>Simulez vos allocations familiales en 2 min.<\/div><a href='' class='app-button fit'>Simulation gratuite<\/a><\/div><\/span><\/p>\n","protected":false},"excerpt":{"rendered":"<p>En France, il existe plusieurs aides \u00e9nergies pour vos factures. La principale aide se nomme la Prime Energie. Plusieurs enseignes peuvent vous en faire b\u00e9n\u00e9ficier. Dans cette article, nous allons voir la Prime Energie carrefour. La prime \u00e9nergie chez Carrefour La prime \u00e9nergie Carrefour Carrefour, oblig\u00e9 par sa filiale Carfuel en tant que distributeur de [&hellip;]<\/p>\n","protected":false},"author":6,"featured_media":39237,"comment_status":"open","ping_status":"open","sticky":false,"template":"","format":"standard","meta":{"amp_status":"","footnotes":""},"categories":[5515,14890],"tags":[],"class_list":["post-38669","post","type-post","status-publish","format-standard","has-post-thumbnail","hentry","category-aide-energie","category-aide-energie-enseigne-distribution"],"yoast_head":"<!-- This site is optimized with the Yoast SEO plugin v14.9 - https:\/\/yoast.com\/wordpress\/plugins\/seo\/ -->\n<title>Aide \u00e9conomie \u00e9nergie Carrefour : conditions, montant, d\u00e9marches<\/title>\n<meta name=\"description\" content=\"Parmi les enseignes de grande distribution qui accorde des aides \u00e9nergies, Carrefour le fait aussi. Notre \u00e9quipe vous explique tout.\" \/>\n<meta name=\"robots\" content=\"index, follow, max-snippet:-1, max-image-preview:large, max-video-preview:-1\" \/>\n<link rel=\"canonical\" href=\"https:\/\/www.mes-allocs.fr\/guides\/aide-energie\/aide-energie-enseigne-distribution\/aide-economie-energie-carrefour\/\" \/>\n<meta property=\"og:locale\" content=\"fr_FR\" \/>\n<meta property=\"og:type\" content=\"article\" \/>\n<meta property=\"og:title\" content=\"Aide \u00e9conomie \u00e9nergie Carrefour : conditions, montant, d\u00e9marches\" \/>\n<meta property=\"og:description\" content=\"Parmi les enseignes de grande distribution qui accorde des aides \u00e9nergies, Carrefour le fait aussi. Notre \u00e9quipe vous explique tout.\" \/>\n<meta property=\"og:url\" content=\"https:\/\/www.mes-allocs.fr\/guides\/aide-energie\/aide-energie-enseigne-distribution\/aide-economie-energie-carrefour\/\" \/>\n<meta property=\"og:site_name\" content=\"Mes-Allocs.fr\" \/>\n<meta property=\"article:published_time\" content=\"2021-10-19T15:46:55+00:00\" \/>\n<meta property=\"article:modified_time\" content=\"2025-03-18T15:08:23+00:00\" \/>\n<meta property=\"og:image\" content=\"https:\/\/www.mes-allocs.fr\/guides\/wp-content\/uploads\/2021\/10\/aide-economie-energie-carrefour.jpg?wsr\" \/>\n\t<meta property=\"og:image:width\" content=\"1280\" \/>\n\t<meta property=\"og:image:height\" content=\"853\" \/>\n<meta name=\"twitter:card\" content=\"summary_large_image\" \/>\n<script type=\"application\/ld+json\" class=\"yoast-schema-graph\">{\"@context\":\"https:\/\/schema.org\",\"@graph\":[{\"@type\":\"WebSite\",\"@id\":\"https:\/\/www.mes-allocs.fr\/guides\/#website\",\"url\":\"https:\/\/www.mes-allocs.fr\/guides\/\",\"name\":\"Mes-Allocs.fr\",\"description\":\"\",\"potentialAction\":[{\"@type\":\"SearchAction\",\"target\":\"https:\/\/www.mes-allocs.fr\/guides\/?s={search_term_string}\",\"query-input\":\"required name=search_term_string\"}],\"inLanguage\":\"fr-FR\"},{\"@type\":\"ImageObject\",\"@id\":\"https:\/\/www.mes-allocs.fr\/guides\/aide-energie\/aide-energie-enseigne-distribution\/aide-economie-energie-carrefour\/#primaryimage\",\"inLanguage\":\"fr-FR\",\"url\":\"https:\/\/www.mes-allocs.fr\/guides\/wp-content\/uploads\/2021\/10\/aide-economie-energie-carrefour.jpg?wsr\",\"width\":1280,\"height\":853,\"caption\":\"Qu'est-ce que l'aide \\u00e9conomie \\u00e9nergie Carrefour ?\"},{\"@type\":\"WebPage\",\"@id\":\"https:\/\/www.mes-allocs.fr\/guides\/aide-energie\/aide-energie-enseigne-distribution\/aide-economie-energie-carrefour\/#webpage\",\"url\":\"https:\/\/www.mes-allocs.fr\/guides\/aide-energie\/aide-energie-enseigne-distribution\/aide-economie-energie-carrefour\/\",\"name\":\"Aide \\u00e9conomie \\u00e9nergie Carrefour : conditions, montant, d\\u00e9marches\",\"isPartOf\":{\"@id\":\"https:\/\/www.mes-allocs.fr\/guides\/#website\"},\"primaryImageOfPage\":{\"@id\":\"https:\/\/www.mes-allocs.fr\/guides\/aide-energie\/aide-energie-enseigne-distribution\/aide-economie-energie-carrefour\/#primaryimage\"},\"datePublished\":\"2021-10-19T15:46:55+00:00\",\"dateModified\":\"2025-03-18T15:08:23+00:00\",\"author\":{\"@id\":\"https:\/\/www.mes-allocs.fr\/guides\/#\/schema\/person\/0ecd61a8600573914d00d970a588c024\"},\"description\":\"Parmi les enseignes de grande distribution qui accorde des aides \\u00e9nergies, Carrefour le fait aussi. Notre \\u00e9quipe vous explique tout.\",\"inLanguage\":\"fr-FR\"},{\"@type\":\"Person\",\"@id\":\"https:\/\/www.mes-allocs.fr\/guides\/#\/schema\/person\/0ecd61a8600573914d00d970a588c024\",\"name\":\"Jonathan\",\"image\":{\"@type\":\"ImageObject\",\"@id\":\"https:\/\/www.mes-allocs.fr\/guides\/#personlogo\",\"inLanguage\":\"fr-FR\",\"url\":\"https:\/\/www.mes-allocs.fr\/guides\/wp-content\/uploads\/2021\/06\/jonathan-150x150.png\",\"caption\":\"Jonathan\"},\"description\":\"Jonathan est r\\u00e9dacteur au sein de l'\\u00e9quipe Mes Allocs, sp\\u00e9cialis\\u00e9 sur les sujets li\\u00e9s au handicap. Dipl\\u00f4m\\u00e9e de l'UPEM, il rejoint Mes Allocs apr\\u00e8s avoir travaill\\u00e9 \\u00e0 l'association AEDE qui accompagne les adultes en situation de handicap. Quand il n'\\u00e9crit pas, on peut le retrouver sur un terrain de basket.\",\"sameAs\":[\"https:\/\/www.linkedin.com\/in\/jonathan-bambela-8637861b7\"]}]}<\/script>\n<!-- \/ Yoast SEO plugin. -->","amp_validity":null,"acf":{"faq":{"1":{"question":"Puis-je cumuler la prime \u00e9nergie avec d'autres aides ?","answer":"La prime \u00e9nergie ou prime coup de pouce peut-\u00eatre cumul\u00e9e avec : \r\n-L'\u00e9co-pr\u00eat \u00e0 taux z\u00e9ro (\u00e9co-PTZ) -Le taux r\u00e9duit de TVA."},"2":{"question":"Qu'est-ce que le ch\u00e8que \u00e9nergie ?","answer":"Le ch\u00e8que \u00e9nergie est un dispositif d'aide au paiement des d\u00e9penses d'\u00e9nergie (factures d'\u00e9lectricit\u00e9, de gaz, r\u00e9novation \u00e9nerg\u00e9tique...). Il s'adresse aux m\u00e9nages qui ont de faibles revenus. \r\n"},"3":{"question":"Qui a droit \u00e0 la prime Energie EDF ?","answer":"La prime Energie EDF qui permet de mener \u00e0 bien des travaux de r\u00e9habilitation \u00e9nerg\u00e9tique. Ses b\u00e9n\u00e9ficiaires sont des particuliers majeurs, Propri\u00e9taires ou occupants d'un logement, entre autres."},"4":{"question":"Quand est vers\u00e9e la prime \u00e9nergie ?","answer":"La prime \u00e9nergie est vers\u00e9e au terme du traitement de votre dossier. Ce traitement prend quelques mois. En g\u00e9n\u00e9ral, il faut compter entre 5 et 7 mois."},"5":{"question":"Qu'est ce-que la prime \u00e9nergie ?","answer":"La prime \u00e9nergie est une aide financi\u00e8re accord\u00e9e aux particuliers pour effectuer des travaux dans leur logement. Elle vise \u00e0 acc\u00e9l\u00e9rer la transition \u00e9nerg\u00e9tique et \u00e0 aider les foyers modestes \u00e0 r\u00e9aliser des \u00e9conomies sur leur consommation. "},"6":{"question":"Comment b\u00e9n\u00e9ficier de la prime Carrefour ?","answer":"Pour b\u00e9n\u00e9ficier de cette prime, inscrivez-vous sur les services en ligne de Carrefour. C'est gratuit.\r\n"},"7":{"question":"","answer":""},"8":{"question":"","answer":""},"9":{"question":"","answer":""},"10":{"question":"","answer":""},"11":{"question":"","answer":""},"12":{"question":"","answer":""},"13":{"question":"","answer":""},"14":{"question":"","answer":""},"15":{"question":"","answer":""},"16":{"question":"","answer":""}}},"_links":{"self":[{"href":"https:\/\/www.mes-allocs.fr\/guides\/wp-json\/wp\/v2\/posts\/38669","targetHints":{"allow":["GET"]}}],"collection":[{"href":"https:\/\/www.mes-allocs.fr\/guides\/wp-json\/wp\/v2\/posts"}],"about":[{"href":"https:\/\/www.mes-allocs.fr\/guides\/wp-json\/wp\/v2\/types\/post"}],"author":[{"embeddable":true,"href":"https:\/\/www.mes-allocs.fr\/guides\/wp-json\/wp\/v2\/users\/6"}],"replies":[{"embeddable":true,"href":"https:\/\/www.mes-allocs.fr\/guides\/wp-json\/wp\/v2\/comments?post=38669"}],"version-history":[{"count":15,"href":"https:\/\/www.mes-allocs.fr\/guides\/wp-json\/wp\/v2\/posts\/38669\/revisions"}],"predecessor-version":[{"id":96013,"href":"https:\/\/www.mes-allocs.fr\/guides\/wp-json\/wp\/v2\/posts\/38669\/revisions\/96013"}],"wp:featuredmedia":[{"embeddable":true,"href":"https:\/\/www.mes-allocs.fr\/guides\/wp-json\/wp\/v2\/media\/39237"}],"wp:attachment":[{"href":"https:\/\/www.mes-allocs.fr\/guides\/wp-json\/wp\/v2\/media?parent=38669"}],"wp:term":[{"taxonomy":"category","embeddable":true,"href":"https:\/\/www.mes-allocs.fr\/guides\/wp-json\/wp\/v2\/categories?post=38669"},{"taxonomy":"post_tag","embeddable":true,"href":"https:\/\/www.mes-allocs.fr\/guides\/wp-json\/wp\/v2\/tags?post=38669"}],"curies":[{"name":"wp","href":"https:\/\/api.w.org\/{rel}","templated":true}]}}