{"id":38337,"date":"2021-10-14T11:14:53","date_gmt":"2021-10-14T09:14:53","guid":{"rendered":"https:\/\/www.mes-allocs.fr\/guides\/?p=38337"},"modified":"2025-10-23T18:11:26","modified_gmt":"2025-10-23T16:11:26","slug":"comment-faire-reparer-sa-voiture-quand-on-est-au-rsa","status":"publish","type":"post","link":"https:\/\/www.mes-allocs.fr\/guides\/aide-mobilite\/garage-solidaire\/comment-faire-reparer-sa-voiture-quand-on-est-au-rsa\/","title":{"rendered":"Comment faire r\u00e9parer sa voiture quand on est au RSA ?"},"content":{"rendered":"<p><img loading=\"lazy\" decoding=\"async\" class=\"aligncenter wp-image-38338\" title=\"garage\" src=\"https:\/\/www.mes-allocs.fr\/guides\/wp-content\/uploads\/2021\/10\/garage--e1633086057212.jpeg\" alt=\"comment faire r\u00e9parer sa voiture quand on est au rsa\" width=\"1458\" height=\"531\" srcset=\"https:\/\/www.mes-allocs.fr\/guides\/wp-content\/uploads\/2021\/10\/garage--e1633086057212.jpeg 1125w, https:\/\/www.mes-allocs.fr\/guides\/wp-content\/uploads\/2021\/10\/garage--e1633086057212-300x109.jpeg 300w, https:\/\/www.mes-allocs.fr\/guides\/wp-content\/uploads\/2021\/10\/garage--e1633086057212-1024x373.jpeg 1024w, https:\/\/www.mes-allocs.fr\/guides\/wp-content\/uploads\/2021\/10\/garage--e1633086057212-768x280.jpeg 768w, https:\/\/www.mes-allocs.fr\/guides\/wp-content\/uploads\/2021\/10\/garage--e1633086057212-600x219.jpeg 600w\" sizes=\"auto, (max-width: 1458px) 100vw, 1458px\" \/><\/p>\n<p style=\"text-align: justify;\"><strong>En France, il existe de nombreuses <a href=\"https:\/\/www.mes-allocs.fr\/guides\/aide-mobilite\">aides mobilit\u00e9s<\/a>. Ces derni\u00e8res peuvent concerner les transports en commun ou encore, les v\u00e9hicules personnels. Au-del\u00e0 des d\u00e9placements, il existe des aides pour la r\u00e9paration de son v\u00e9hicule. Nous vous expliquons ici comment faire r\u00e9parer sa voiture quand on est au RSA.<\/strong><\/p>\n<p><span style=\"font-weight: 400;\"><div class='cta-block'><div class='text'>Simulez toutes vos aides en 2 min.<\/div><a href='https:\/\/www.mes-allocs.fr\/ab-app?origin=guides\/wp-json\/wp\/v2\/posts\/38337' class='app-button fit'>Simulation gratuite<\/a><\/div><\/span><\/p>\n<h1 style=\"text-align: justify;\" data-amp-original-style=\"text-align: justify;\">Quelles sont les autres aides pour r\u00e9parer sa voiture ?<\/h1>\n<p><span style=\"font-weight: 400;\"><div class='cta-block'><div class='text'>Simulez toutes vos aides en 2 min.<\/div><a href='https:\/\/www.mes-allocs.fr\/ab-app?origin=guides\/wp-json\/wp\/v2\/posts\/38337' class='app-button fit'>Simulation gratuite<\/a><\/div><\/span><\/p>\n<h2 id=\"Le_garage_associatif_pour_r\u00e9parer_sa_voiture_\u00e0_moindre_co\u00fbt\" style=\"text-align: justify;\">Le garage solidaire<\/h2>\n<div class=\"custom\" style=\"text-align: justify;\">\n<div class=\"inner-padding\">\n<p class=\"amp-wp-7d27179\" data-amp-original-style=\"text-align: justify;\">Les garages associatifs ne sont pas une aide \u00e0 proprement parler. Il s&rsquo;agit d&rsquo;un moyen astucieux<img loading=\"lazy\" decoding=\"async\" class=\"alignright wp-image-38345\" title=\"outil\" src=\"https:\/\/www.mes-allocs.fr\/guides\/wp-content\/uploads\/2021\/10\/outil-.jpeg\" alt=\"comment faire r\u00e9parer sa voiture quand on est au rsa\" width=\"339\" height=\"226\" srcset=\"https:\/\/www.mes-allocs.fr\/guides\/wp-content\/uploads\/2021\/10\/outil-.jpeg 1125w, https:\/\/www.mes-allocs.fr\/guides\/wp-content\/uploads\/2021\/10\/outil--300x200.jpeg 300w, https:\/\/www.mes-allocs.fr\/guides\/wp-content\/uploads\/2021\/10\/outil--1024x683.jpeg 1024w, https:\/\/www.mes-allocs.fr\/guides\/wp-content\/uploads\/2021\/10\/outil--768x512.jpeg 768w, https:\/\/www.mes-allocs.fr\/guides\/wp-content\/uploads\/2021\/10\/outil--600x400.jpeg 600w\" sizes=\"auto, (max-width: 339px) 100vw, 339px\" \/> d\u2019entretenir ou de r\u00e9parer sa voiture \u00e0 petit prix. Vous pouvez en trouver sur l&rsquo;ensemble du territoire fran\u00e7ais.<\/p>\n<p class=\"amp-wp-7d27179\" data-amp-original-style=\"text-align: justify;\">Ces associations sont ouvertes \u00e0 tous, \u00e0 condition de verser une cotisation annuelle d\u2019un montant variant entre 10\u20ac et 150\u20ac. Ce faisant, vous pourrez alors profiter d\u2019un tarif tr\u00e8s bas pour la main-d\u2019\u0153uvre.<\/p>\n<p class=\"amp-wp-7d27179\" data-amp-original-style=\"text-align: justify;\">Dans ces <a href=\"https:\/\/www.mes-allocs.fr\/guides\/aide-mobilite\/garage-solidaire\/\">garages solidaires<\/a>, vous pourrez :<\/p>\n<ul class=\"list-1\">\n<li class=\"amp-wp-7d27179\" data-amp-original-style=\"text-align: justify;\">Faire r\u00e9parer votre voiture par un professionnel<\/li>\n<li class=\"amp-wp-7d27179\" data-amp-original-style=\"text-align: justify;\">Faire entretenir votre voiture par un professionnel<\/li>\n<li class=\"amp-wp-7d27179\" data-amp-original-style=\"text-align: justify;\">R\u00e9parer ou entretenir votre voiture vous-m\u00eame gr\u00e2ce aux \u00e9quipements mis \u00e0 votre disposition<\/li>\n<li class=\"amp-wp-7d27179\" data-amp-original-style=\"text-align: justify;\">Recevoir une formation en r\u00e9paration automobile afin de vous occuper seul de l\u2019entretien de votre voiture<\/li>\n<\/ul>\n<p class=\"amp-wp-7d27179\" data-amp-original-style=\"text-align: justify;\">Certains proposent m\u00eame des services particuliers comme la r\u00e9vision totale du v\u00e9hicule, le remplacement des plaquettes de frein, la r\u00e9paration d\u2019un embrayage, etc.<\/p>\n<\/div>\n<h2 id=\"En_quoi_consiste_le_microcr\u00e9dit_personnel_ou_social\u00a0?\"><span class=\"amp-wp-e98f482\" data-amp-original-style=\"color: #c43b3b;\">Le microcr\u00e9dit personnel<\/span><\/h2>\n<p class=\"amp-wp-7d27179\" data-amp-original-style=\"text-align: justify;\">Le microcr\u00e9dit est un pr\u00eat destin\u00e9 aux personnes qui ne peuvent faire appel au syst\u00e8me bancaire classique du fait de leurs revenus trop faibles ou, car leur situation professionnelle est jug\u00e9e trop pr\u00e9caire (CDD, int\u00e9rim, saisonnier \u2026).<\/p>\n<p class=\"amp-wp-7d27179\" data-amp-original-style=\"text-align: justify;\">Il s\u2019agit d\u2019un pr\u00eat \u00e0 taux r\u00e9duit garanti en partie par l\u2019Etat et par l\u2019organisme pr\u00eateur. Il est comparable au pr\u00eat \u00e9tudiant garanti par l\u2019Etat.<\/p>\n<p class=\"amp-wp-7d27179\" data-amp-original-style=\"text-align: justify;\">Le montant du microcr\u00e9dit est compris entre 300 euros et 5.000\u20ac, mais peut atteindre 12.000 euros dans certains cas. Il doit \u00eatre rembours\u00e9 dans un d\u00e9lai de 5 ans maximum.<\/p>\n<div class=\"info\">\n<div class=\"msg-box-icon pngfix\">\n<p class=\"amp-wp-7d27179\" data-amp-original-style=\"text-align: justify;\">Il ne faut pas confondre le microcr\u00e9dit social\u00a0qui a\u00a0pour objectif d\u2019am\u00e9liorer la situation personnelle du demandeur ou pour des frais en rapport avec l\u2019emploi avec celui dit \u201cprofessionnel\u201d qui a\u00a0pour but de faciliter la cr\u00e9ation d\u2019entreprise.<\/p>\n<p data-amp-original-style=\"text-align: justify;\"><span style=\"font-weight: 400;\"><div class='cta-block'><div class='text'>Simulez toutes vos aides en 2 min.<\/div><a href='https:\/\/www.mes-allocs.fr\/ab-app?origin=guides\/wp-json\/wp\/v2\/posts\/38337' class='app-button fit'>Simulation gratuite<\/a><\/div><\/span><\/p>\n<\/div>\n<\/div>\n<\/div>\n<h1 style=\"text-align: justify;\">Les aides \u00e0 la mobilit\u00e9<\/h1>\n<p style=\"text-align: justify;\">Il existe plusieurs aides \u00e0 la mobilit\u00e9. Elles peuvent concerner diff\u00e9rentes choses. En voici un petit aper\u00e7u.<\/p>\n<h2 style=\"text-align: justify;\"><span id=\"Aide_mobili-jeune\">Aide mobili-jeune<\/span><\/h2>\n<p style=\"text-align: justify;\"><span id=\"Laide_mobili-jeune_definition\">L\u2019aide <a href=\"https:\/\/www.mes-allocs.fr\/guides\/aide-mobilite\/mobili-jeune\/puis-je-toucher-aide-mobili-jeune\/\">mobili-jeune<\/a> fait partie des aides \u00e0 la mobilit\u00e9 mises en place par le <a href=\"https:\/\/www.gouvernement.fr\/\">gouvernement<\/a>. Destin\u00e9e aux jeunes de moins de 30 ans, ce dispositif fait prend charge une partie des frais du loyer pendant la dur\u00e9e d\u2019une formation en alternance. <\/span><\/p>\n<ul style=\"text-align: justify;\">\n<li>\u00catre \u00e2g\u00e9 de\u00a0moins de 30 ans<\/li>\n<li>\u00catre\u00a0un contrat d\u2019apprentissage ou de contrat de professionnalisation dans une entreprise<\/li>\n<li>\u00catre salari\u00e9 dans une entreprise du secteur priv\u00e9 et non agricole<\/li>\n<li>Ne pas avoir\u00a0un dossier mobili-jeune\u00a0en cours chez Action Logement<\/li>\n<li>Avoir un salaire mensuel brut inf\u00e9rieur ou \u00e9gal \u00e0 80% du SMIC<\/li>\n<li>D\u00e9poser votre demande 3 mois avant la date du d\u00e9but de votre formation ou 3 mois apr\u00e8s le d\u00e9but de la date d\u2019ex\u00e9cution du contrat d\u2019alternance<\/li>\n<li>\u00catre locataire ou colocataire durant votre formation<\/li>\n<li>Avoir une date d\u2019effet de votre bail 3 mois avant ou 3 mois apr\u00e8s la date d\u2019ex\u00e9cution de votre contrat d\u2019alternance<\/li>\n<li>Changer de r\u00e9sidence principale pour vous rapprocher de votre lieu de travail. Deux cas sont possibles :\n<ul class=\"list--check\">\n<li>Votre nouveau logement est \u00e0 plus de 70km de votre ancienne adresse, ou \u00e0 d\u00e9faut, votre temps de trajet est sup\u00e9rieur \u00e0 40 minutes entre ces deux adresses (v\u00e9hicules motoris\u00e9s et immatricul\u00e9s, transports en commun)<\/li>\n<li>Vous justifiez d\u2019une double charge de loyer (c\u2019est-\u00e0-dire que, sur la m\u00eame p\u00e9riode, vous occupez deux logements)<\/li>\n<\/ul>\n<\/li>\n<\/ul>\n<p style=\"text-align: justify;\">Pour en b\u00e9n\u00e9ficier vous devez faire votre demande avant le d\u00e9but de votre formation professionnelle. Au bien au plus tard 3 mois apr\u00e8s le d\u00e9but de votre formation.<\/p>\n<p style=\"text-align: justify;\">Si la formation est sur plusieurs ann\u00e9es, la date de d\u00e9but peut \u00eatre celle du d\u00e9but de l\u2019une d\u2019entre elles.<\/p>\n<h2 class=\"amp-wp-7d27179\" style=\"text-align: justify;\" data-amp-original-style=\"text-align: justify;\"><span id=\"Les_aides_de_Pole_Emploi_pour_la_recherche\">Les aides de P\u00f4le Emploi\u00a0<\/span><\/h2>\n<p class=\"amp-wp-7d27179\" style=\"text-align: justify;\" data-amp-original-style=\"text-align: justify;\">Pour la recherche d\u2019 emploi, il existe aussi des aides en fonction du but de votre d\u00e9placement. Si<img loading=\"lazy\" decoding=\"async\" class=\"alignright wp-image-38344\" title=\"entretien\" src=\"https:\/\/www.mes-allocs.fr\/guides\/wp-content\/uploads\/2021\/10\/entretien-.jpeg\" alt=\"comment faire r\u00e9parer sa voiture quand on est au rsa\" width=\"304\" height=\"203\" srcset=\"https:\/\/www.mes-allocs.fr\/guides\/wp-content\/uploads\/2021\/10\/entretien-.jpeg 1123w, https:\/\/www.mes-allocs.fr\/guides\/wp-content\/uploads\/2021\/10\/entretien--300x200.jpeg 300w, https:\/\/www.mes-allocs.fr\/guides\/wp-content\/uploads\/2021\/10\/entretien--1024x684.jpeg 1024w, https:\/\/www.mes-allocs.fr\/guides\/wp-content\/uploads\/2021\/10\/entretien--768x513.jpeg 768w, https:\/\/www.mes-allocs.fr\/guides\/wp-content\/uploads\/2021\/10\/entretien--600x401.jpeg 600w\" sizes=\"auto, (max-width: 304px) 100vw, 304px\" \/> vous avez un entretien d\u2019 embauche, une formation professionnelle ou bien un concours, il existe diff\u00e9rentes aides individuelles. On vous d\u00e9taille tout ici.<\/p>\n<p class=\"amp-wp-7d27179\" style=\"text-align: justify;\" data-amp-original-style=\"text-align: justify;\">Dans le cadre d\u2019un entretien d\u2019embauche, vous pouvez b\u00e9n\u00e9ficier des aides \u00e0 la mobilit\u00e9. Dans un premier temps, pour \u00eatre \u00e9ligible, il faut que vous soyez dans une de ces situations :<\/p>\n<ul class=\"amp-wp-7d27179\" style=\"text-align: justify;\" data-amp-original-style=\"text-align: justify;\">\n<li>Inscrit comme demandeur d\u2019 emploi mais vous ne percevez pas d\u2019allocation ch\u00f4mage<\/li>\n<li>Vous \u00eates cr\u00e9ateur (ou repreneur) d\u2019entreprise, dans le cadre d\u2019une reprise d\u2019emploi, et vous b\u00e9n\u00e9ficiez du statut de salari\u00e9 de l\u2019entreprise<\/li>\n<li>Vous percevez une allocation ch\u00f4mage inf\u00e9rieure ou \u00e9gale \u00e0 l\u2019allocation d\u2019aide au retour \u00e0 l\u2019emploi (ARE) (soit 32,13<span class=\"prix\">\u00a0\u20ac<\/span>\u00a0par jour)<\/li>\n<li>Vous allez reprendre une activit\u00e9 (par exemple,\u00a0<abbr tabindex=\"0\" title=\"\" data-sigle=\"R2454\" data-original-title=\"CDD\u00a0:\u00a0Contrat \u00e0 dur\u00e9e d\u00e9termin\u00e9e\">CDD<\/abbr>\u00a0ou contrat de travail temporaire)<\/li>\n<\/ul>\n<p class=\"amp-wp-7d27179\" style=\"text-align: justify;\" data-amp-original-style=\"text-align: justify;\">Pour b\u00e9n\u00e9ficier de cette aide \u00e0 la mobilit\u00e9, il faut remplir plusieurs conditions. La premi\u00e8re \u00e9tant que votre entretien d\u2019embauche doit se faire \u00e0 plus de 60 kilom\u00e8tres aller-retour. Sans cette contrainte kilom\u00e9trique, le lieu de l\u2019entretien doit se situer \u00e0 2 heures de trajet aller-retour du lieu de votre domicile.<\/p>\n<p data-amp-original-style=\"text-align: justify;\"><span style=\"font-weight: 400;\"><div class='cta-block'><div class='text'>Simulez toutes vos aides en 2 min.<\/div><a href='https:\/\/www.mes-allocs.fr\/ab-app?origin=guides\/wp-json\/wp\/v2\/posts\/38337' class='app-button fit'>Simulation gratuite<\/a><\/div><\/span><\/p>\n<h1 style=\"text-align: justify;\" data-amp-original-style=\"text-align: justify;\">L\u2019aide personnalis\u00e9e au retour \u00e0 l\u2019emploi<\/h1>\n<h2 style=\"text-align: justify;\">Qu&rsquo;est-ce que c&rsquo;est ?<\/h2>\n<p class=\"amp-wp-7d27179\" style=\"text-align: justify;\" data-amp-original-style=\"text-align: justify;\">L\u2019APRE (l\u2019aide personnalis\u00e9e au retour \u00e0 l\u2019emploi) est une aide financi\u00e8re qui a pour vocation de faciliter l\u2019insertion des allocataires du RSA sur le march\u00e9 de l\u2019emploi. L\u2019APRE est une aide de l\u2019\u00e9tat vers\u00e9e et g\u00e9r\u00e9e par le d\u00e9partement et P\u00f4le Emploi. Elle permet la prise en charge de nombreux frais tels que :<\/p>\n<ul class=\"list-7\" style=\"text-align: justify;\">\n<li class=\"amp-wp-7d27179\" data-amp-original-style=\"text-align: justify;\">Des frais li\u00e9s \u00e0 votre v\u00e9hicule comme la r\u00e9paration, (sur la base d\u2019un devis fournis par votre garagiste), l&rsquo;achat d&rsquo;une voiture (jusqu\u2019\u00e0 1.000 euros), l\u2019assurance<strong><br \/>\n<\/strong><\/li>\n<li>Des frais vestimentaires li\u00e9s \u00e0 un nouvel emploi (tenue de cuisinier par exemple ou chaussures de s\u00e9curit\u00e9)<\/li>\n<li>Une aide pour le permis de conduire<\/li>\n<li>Frais de garde de jeunes enfants (d\u00e9couvrir l\u2019aide AGEPI)<\/li>\n<li>Frais li\u00e9s \u00e0 l\u2019obtention d\u2019un dipl\u00f4me<\/li>\n<\/ul>\n<h2 id=\"Qui_b\u00e9n\u00e9ficie_de_l\u2019aide_personnalis\u00e9e_au_retour_\u00e0_l\u2019emploi\" style=\"text-align: justify;\"><span class=\"amp-wp-e98f482\" data-amp-original-style=\"color: #c43b3b;\">Qui b\u00e9n\u00e9ficie de l\u2019aide personnalis\u00e9e au retour \u00e0 l\u2019emploi<\/span><\/h2>\n<p class=\"amp-wp-7d27179\" style=\"text-align: justify;\" data-amp-original-style=\"text-align: justify;\">L\u2019aide au retour \u00e0 l\u2019emploi est une aide qui est r\u00e9serv\u00e9e aux b\u00e9n\u00e9ficiaires du RSA. Au-del\u00e0 des b\u00e9n\u00e9ficiaires du RSA, les personnes justifiant de revenus inf\u00e9rieurs \u00e0 500 euros en moyenne durant les 3 derniers mois peuvent aussi b\u00e9n\u00e9ficier de cette aide.<\/p>\n<p class=\"amp-wp-7d27179\" style=\"text-align: justify;\" data-amp-original-style=\"text-align: justify;\">Le demandeur de l\u2019APRE doit \u00eatre dans une d\u00e9marche de recherche active d\u2019emploi et pouvoir justifier soit d\u2019un contrat de travail sign\u00e9 (CDI ou CDD quelque soit la dur\u00e9e), d\u2019une promesse d\u2019embauche, d\u2019un entretien ou d\u2019une inscription \u00e0 une formation. Les cr\u00e9ateurs d\u2019entreprises peuvent aussi pr\u00e9tendre \u00e0 cette aide. Toutes personnes en contrat aid\u00e9 du type contrat d\u2019insertion, peuvent b\u00e9n\u00e9ficier de l\u2019APRE.<\/p>\n<p style=\"text-align: justify;\" data-amp-original-style=\"text-align: justify;\">En ce qui concerne le versement, il d\u00e9pend du type de frais que vous souhaitez vous faire rembourser et le d\u00e9partement dans lequel vous vivez. Le plus souvent, c\u2019est la CAF (Caisse d\u2019Allocations Familiale) qui est charg\u00e9e de vous verser l\u2019aide au retour \u00e0 l\u2019emploi. Suivant votre demande, l\u2019aide vous est vers\u00e9e directement sur votre compte en banque ou directement au prestataire.<\/p>\n<p data-amp-original-style=\"text-align: justify;\"><span style=\"font-weight: 400;\"><div class='cta-block'><div class='text'>Simulez toutes vos aides en 2 min.<\/div><a href='https:\/\/www.mes-allocs.fr\/ab-app?origin=guides\/wp-json\/wp\/v2\/posts\/38337' class='app-button fit'>Simulation gratuite<\/a><\/div><\/span><\/p>\n<h2 id=\"Quel_est_le_montant_de_aide_au_retour_\u00e0_l\u2019emploi\" style=\"text-align: justify;\"><span class=\"amp-wp-e98f482\" data-amp-original-style=\"color: #c43b3b;\">Quel est le montant de l&rsquo;aide au retour \u00e0 l\u2019emploi<\/span><\/h2>\n<p class=\"amp-wp-7d27179\" style=\"text-align: justify;\" data-amp-original-style=\"text-align: justify;\">Le cumul de l\u2019ensemble des aides relevant de l\u2019APRE ne peux exc\u00e9der un plafond qui varie d\u2019un d\u00e9partement \u00e0 l\u2019autre. G\u00e9n\u00e9ralement, ce plafond se situe entre 2.000 et 3.000 euros annuel par b\u00e9n\u00e9ficiaire de l\u2019aide au retour \u00e0 l\u2019emploi. Ce plafond repr\u00e9sente le cumul de l\u2019ensemble des aides dont vous aurez b\u00e9n\u00e9fici\u00e9 avec l\u2019APRE en une ann\u00e9e.<\/p>\n<p class=\"amp-wp-7d27179\" style=\"text-align: justify;\" data-amp-original-style=\"text-align: justify;\"><em><strong>Par exemple :<\/strong> si votre d\u00e9partement de r\u00e9sidence a d\u00e9cid\u00e9 que le plafond \u00e9tait de 2.000 euros et si vous avez b\u00e9n\u00e9fici\u00e9 de 500 euros de frais vestimentaire et 1.000 euros pour acheter une voiture, vous\u00a0 pourrez b\u00e9n\u00e9ficier de 500 euros maximum pour le financement d\u2019une formation.<\/em><\/p>\n<p class=\"amp-wp-7d27179\" style=\"text-align: justify;\" data-amp-original-style=\"text-align: justify;\">M\u00eame si le montant de chacune des aides dont vous pouvez b\u00e9n\u00e9ficier dans le cadre de l\u2019APRE varie d\u2019un d\u00e9partement \u00e0 l\u2019autre, on retrouve g\u00e9n\u00e9ralement des similitudes. Ainsi \u00e0 titre indicatif :<\/p>\n<ul class=\"list-1\" style=\"text-align: justify;\">\n<li>L\u2019aide \u00e0 l\u2019 achat d&rsquo; une voiture : maximum de 1.000 euros<\/li>\n<li>L\u2019aide \u00e0 la r\u00e9paration de votre v\u00e9hicule : maximum de 1.000 euros<\/li>\n<\/ul>\n","protected":false},"excerpt":{"rendered":"<p>En France, il existe de nombreuses aides mobilit\u00e9s. Ces derni\u00e8res peuvent concerner les transports en commun ou encore, les v\u00e9hicules personnels. Au-del\u00e0 des d\u00e9placements, il existe des aides pour la r\u00e9paration de son v\u00e9hicule. Nous vous expliquons ici comment faire r\u00e9parer sa voiture quand on est au RSA. Quelles sont les autres aides pour r\u00e9parer [&hellip;]<\/p>\n","protected":false},"author":6,"featured_media":105184,"comment_status":"open","ping_status":"open","sticky":false,"template":"","format":"standard","meta":{"amp_status":"","footnotes":""},"categories":[29,14909],"tags":[],"class_list":["post-38337","post","type-post","status-publish","format-standard","has-post-thumbnail","hentry","category-aide-mobilite","category-garage-solidaire"],"yoast_head":"<!-- This site is optimized with the Yoast SEO plugin v14.9 - https:\/\/yoast.com\/wordpress\/plugins\/seo\/ -->\n<title>Comment faire r\u00e9parer sa voiture quand on est au RSA ? | Mes-Allocs.fr<\/title>\n<meta name=\"description\" content=\"Si vous \u00eates b\u00e9n\u00e9ficiaire du RSA, vous pouvez r\u00e9parer votre voiture \u00e0 moindre co\u00fbt. Mes Allocs vous aide dans vos recherches.\" \/>\n<meta name=\"robots\" content=\"index, follow, max-snippet:-1, max-image-preview:large, max-video-preview:-1\" \/>\n<link rel=\"canonical\" href=\"https:\/\/www.mes-allocs.fr\/guides\/aide-mobilite\/garage-solidaire\/comment-faire-reparer-sa-voiture-quand-on-est-au-rsa\/\" \/>\n<meta property=\"og:locale\" content=\"fr_FR\" \/>\n<meta property=\"og:type\" content=\"article\" \/>\n<meta property=\"og:title\" content=\"Comment faire r\u00e9parer sa voiture quand on est au RSA ? | Mes-Allocs.fr\" \/>\n<meta property=\"og:description\" content=\"Si vous \u00eates b\u00e9n\u00e9ficiaire du RSA, vous pouvez r\u00e9parer votre voiture \u00e0 moindre co\u00fbt. Mes Allocs vous aide dans vos recherches.\" \/>\n<meta property=\"og:url\" content=\"https:\/\/www.mes-allocs.fr\/guides\/aide-mobilite\/garage-solidaire\/comment-faire-reparer-sa-voiture-quand-on-est-au-rsa\/\" \/>\n<meta property=\"og:site_name\" content=\"Mes-Allocs.fr\" \/>\n<meta property=\"article:published_time\" content=\"2021-10-14T09:14:53+00:00\" \/>\n<meta property=\"article:modified_time\" content=\"2025-10-23T16:11:26+00:00\" \/>\n<meta property=\"og:image\" content=\"https:\/\/www.mes-allocs.fr\/guides\/wp-content\/uploads\/2021\/10\/reparation-voiture-rsa.jpg?wsr\" \/>\n\t<meta property=\"og:image:width\" content=\"1920\" \/>\n\t<meta property=\"og:image:height\" content=\"1440\" \/>\n<meta name=\"twitter:card\" content=\"summary_large_image\" \/>\n<script type=\"application\/ld+json\" class=\"yoast-schema-graph\">{\"@context\":\"https:\/\/schema.org\",\"@graph\":[{\"@type\":\"WebSite\",\"@id\":\"https:\/\/www.mes-allocs.fr\/guides\/#website\",\"url\":\"https:\/\/www.mes-allocs.fr\/guides\/\",\"name\":\"Mes-Allocs.fr\",\"description\":\"\",\"potentialAction\":[{\"@type\":\"SearchAction\",\"target\":\"https:\/\/www.mes-allocs.fr\/guides\/?s={search_term_string}\",\"query-input\":\"required name=search_term_string\"}],\"inLanguage\":\"fr-FR\"},{\"@type\":\"ImageObject\",\"@id\":\"https:\/\/www.mes-allocs.fr\/guides\/aide-mobilite\/garage-solidaire\/comment-faire-reparer-sa-voiture-quand-on-est-au-rsa\/#primaryimage\",\"inLanguage\":\"fr-FR\",\"url\":\"https:\/\/www.mes-allocs.fr\/guides\/wp-content\/uploads\/2021\/10\/reparation-voiture-rsa.jpg?wsr\",\"width\":1920,\"height\":1440,\"caption\":\"reparation voiture rsa\"},{\"@type\":\"WebPage\",\"@id\":\"https:\/\/www.mes-allocs.fr\/guides\/aide-mobilite\/garage-solidaire\/comment-faire-reparer-sa-voiture-quand-on-est-au-rsa\/#webpage\",\"url\":\"https:\/\/www.mes-allocs.fr\/guides\/aide-mobilite\/garage-solidaire\/comment-faire-reparer-sa-voiture-quand-on-est-au-rsa\/\",\"name\":\"Comment faire r\\u00e9parer sa voiture quand on est au RSA ? | Mes-Allocs.fr\",\"isPartOf\":{\"@id\":\"https:\/\/www.mes-allocs.fr\/guides\/#website\"},\"primaryImageOfPage\":{\"@id\":\"https:\/\/www.mes-allocs.fr\/guides\/aide-mobilite\/garage-solidaire\/comment-faire-reparer-sa-voiture-quand-on-est-au-rsa\/#primaryimage\"},\"datePublished\":\"2021-10-14T09:14:53+00:00\",\"dateModified\":\"2025-10-23T16:11:26+00:00\",\"author\":{\"@id\":\"https:\/\/www.mes-allocs.fr\/guides\/#\/schema\/person\/0ecd61a8600573914d00d970a588c024\"},\"description\":\"Si vous \\u00eates b\\u00e9n\\u00e9ficiaire du RSA, vous pouvez r\\u00e9parer votre voiture \\u00e0 moindre co\\u00fbt. Mes Allocs vous aide dans vos recherches.\",\"inLanguage\":\"fr-FR\"},{\"@type\":\"Person\",\"@id\":\"https:\/\/www.mes-allocs.fr\/guides\/#\/schema\/person\/0ecd61a8600573914d00d970a588c024\",\"name\":\"Jonathan\",\"image\":{\"@type\":\"ImageObject\",\"@id\":\"https:\/\/www.mes-allocs.fr\/guides\/#personlogo\",\"inLanguage\":\"fr-FR\",\"url\":\"https:\/\/www.mes-allocs.fr\/guides\/wp-content\/uploads\/2021\/06\/jonathan-150x150.png\",\"caption\":\"Jonathan\"},\"description\":\"Jonathan est r\\u00e9dacteur au sein de l'\\u00e9quipe Mes Allocs, sp\\u00e9cialis\\u00e9 sur les sujets li\\u00e9s au handicap. Dipl\\u00f4m\\u00e9e de l'UPEM, il rejoint Mes Allocs apr\\u00e8s avoir travaill\\u00e9 \\u00e0 l'association AEDE qui accompagne les adultes en situation de handicap. Quand il n'\\u00e9crit pas, on peut le retrouver sur un terrain de basket.\",\"sameAs\":[\"https:\/\/www.linkedin.com\/in\/jonathan-bambela-8637861b7\"]}]}<\/script>\n<!-- \/ Yoast SEO plugin. -->","amp_validity":null,"acf":{"faq":{"1":{"question":"Quel aide pour r\u00e9parer sa voiture ?","answer":"Les garages associatifs ne sont pas une aide \u00e0 proprement parler. Il s'agit d'un moyen astucieux\r\n d\u2019entretenir ou de r\u00e9parer sa voiture \u00e0 petit prix. Vous pouvez en trouver sur l'ensemble du territoire fran\u00e7ais.\r\nCes associations sont ouvertes \u00e0 tous, \u00e0 condition de verser une cotisation annuelle d\u2019un montant variant entre 10\u20ac et 150\u20ac. Ce faisant, vous pourrez alors profiter d\u2019un tarif tr\u00e8s bas pour la main-d\u2019\u0153uvre. <br> <a href=\"https:\/\/www.mes-allocs.fr\/guides\/aide-mobilite\/garage-solidaire\/comment-faire-reparer-sa-voiture-quand-on-est-au-rsa\/\">Lire la suite<\/a>"},"2":{"question":"Comment avoir une voiture en \u00e9tant au RSA ?","answer":"L\u2019APRE (l\u2019aide personnalis\u00e9e au retour \u00e0 l\u2019emploi) est une aide financi\u00e8re qui a pour vocation de faciliter l\u2019insertion des allocataires du RSA sur le march\u00e9 de l\u2019emploi. L\u2019APRE est une aide de l\u2019\u00e9tat vers\u00e9e et g\u00e9r\u00e9e par le d\u00e9partement et P\u00f4le Emploi. Elle permet la prise en charge de nombreux frais tels que l'achat d'une voiture. <br> <a href=\"https:\/\/www.mes-allocs.fr\/guides\/aide-mobilite\/garage-solidaire\/comment-faire-reparer-sa-voiture-quand-on-est-au-rsa\/\">Lire la suite<\/a>"},"3":{"question":"Comment changer de voiture quand on a pas d'argent ?","answer":"Le microcr\u00e9dit est un pr\u00eat destin\u00e9 aux personnes qui ne peuvent faire appel au syst\u00e8me bancaire classique du fait de leurs revenus trop faibles ou, car leur situation professionnelle est jug\u00e9e trop pr\u00e9caire (CDD, int\u00e9rim, saisonnier \u2026).\r\nIl s\u2019agit d\u2019un pr\u00eat \u00e0 taux r\u00e9duit garanti en partie par l\u2019Etat et par l\u2019organisme pr\u00eateur. Il est comparable au pr\u00eat \u00e9tudiant garanti par l\u2019Etat.\r\nLe montant du microcr\u00e9dit est compris entre 300 euros et 5.000\u20ac, mais peut atteindre 12.000 euros dans certains cas. Il doit \u00eatre rembours\u00e9 dans un d\u00e9lai de 5 ans maximum. <br> <a href=\"https:\/\/www.mes-allocs.fr\/guides\/aide-mobilite\/garage-solidaire\/comment-faire-reparer-sa-voiture-quand-on-est-au-rsa\/\">Lire la suite<\/a>"},"4":{"question":"Qui peut b\u00e9n\u00e9ficier du garage solidaire ?","answer":"Ces associations sont ouvertes \u00e0 tous, \u00e0 condition de verser une cotisation annuelle d\u2019un montant variant entre 10\u20ac et 150\u20ac. Ce faisant, vous pourrez alors profiter d\u2019un tarif tr\u00e8s bas pour la main-d\u2019\u0153uvre. <br> <a href=\"https:\/\/www.mes-allocs.fr\/guides\/aide-mobilite\/garage-solidaire\/comment-faire-reparer-sa-voiture-quand-on-est-au-rsa\/\">Lire la suite<\/a>"},"5":{"question":"Comment r\u00e9parer sa voiture gratuitement ?","answer":"Les garages associatifs sont un moyen astucieux\r\n d\u2019entretenir ou de r\u00e9parer sa voiture \u00e0 petit prix. Vous pouvez en trouver sur l'ensemble du territoire fran\u00e7ais. <br> <a href=\"https:\/\/www.mes-allocs.fr\/guides\/aide-mobilite\/garage-solidaire\/comment-faire-reparer-sa-voiture-quand-on-est-au-rsa\/\">Lire la suite<\/a>"},"6":{"question":"O\u00f9 faire sa m\u00e9canique soi-m\u00eame ?","answer":"Dans ces garages solidaires, vous pourrez :\r\n\r\nFaire r\u00e9parer votre voiture par un professionnel\r\nFaire entretenir votre voiture par un professionnel\r\nR\u00e9parer ou entretenir votre voiture vous-m\u00eame gr\u00e2ce aux \u00e9quipements mis \u00e0 votre disposition\r\nRecevoir une formation en r\u00e9paration automobile afin de vous occuper seul de l\u2019entretien de votre voiture  <br> <a href=\"https:\/\/www.mes-allocs.fr\/guides\/aide-mobilite\/garage-solidaire\/comment-faire-reparer-sa-voiture-quand-on-est-au-rsa\/\">Lire la suite<\/a>\r\n"},"7":{"question":"","answer":""},"8":{"question":"","answer":""},"9":{"question":"","answer":""},"10":{"question":"","answer":""},"11":{"question":"","answer":""},"12":{"question":"","answer":""},"13":{"question":"","answer":""},"14":{"question":"","answer":""},"15":{"question":"","answer":""},"16":{"question":"","answer":""}}},"_links":{"self":[{"href":"https:\/\/www.mes-allocs.fr\/guides\/wp-json\/wp\/v2\/posts\/38337","targetHints":{"allow":["GET"]}}],"collection":[{"href":"https:\/\/www.mes-allocs.fr\/guides\/wp-json\/wp\/v2\/posts"}],"about":[{"href":"https:\/\/www.mes-allocs.fr\/guides\/wp-json\/wp\/v2\/types\/post"}],"author":[{"embeddable":true,"href":"https:\/\/www.mes-allocs.fr\/guides\/wp-json\/wp\/v2\/users\/6"}],"replies":[{"embeddable":true,"href":"https:\/\/www.mes-allocs.fr\/guides\/wp-json\/wp\/v2\/comments?post=38337"}],"version-history":[{"count":12,"href":"https:\/\/www.mes-allocs.fr\/guides\/wp-json\/wp\/v2\/posts\/38337\/revisions"}],"predecessor-version":[{"id":101377,"href":"https:\/\/www.mes-allocs.fr\/guides\/wp-json\/wp\/v2\/posts\/38337\/revisions\/101377"}],"wp:featuredmedia":[{"embeddable":true,"href":"https:\/\/www.mes-allocs.fr\/guides\/wp-json\/wp\/v2\/media\/105184"}],"wp:attachment":[{"href":"https:\/\/www.mes-allocs.fr\/guides\/wp-json\/wp\/v2\/media?parent=38337"}],"wp:term":[{"taxonomy":"category","embeddable":true,"href":"https:\/\/www.mes-allocs.fr\/guides\/wp-json\/wp\/v2\/categories?post=38337"},{"taxonomy":"post_tag","embeddable":true,"href":"https:\/\/www.mes-allocs.fr\/guides\/wp-json\/wp\/v2\/tags?post=38337"}],"curies":[{"name":"wp","href":"https:\/\/api.w.org\/{rel}","templated":true}]}}