{"id":38310,"date":"2021-10-07T15:48:40","date_gmt":"2021-10-07T13:48:40","guid":{"rendered":"https:\/\/www.mes-allocs.fr\/guides\/?p=38310"},"modified":"2026-02-18T16:34:52","modified_gmt":"2026-02-18T15:34:52","slug":"declaration-caf","status":"publish","type":"post","link":"https:\/\/www.mes-allocs.fr\/guides\/caisse-allocations-familiales\/declaration-caf\/","title":{"rendered":"Comment effectuer une d\u00e9claration CAF ?"},"content":{"rendered":"<p><img loading=\"lazy\" decoding=\"async\" class=\"aligncenter wp-image-38315\" title=\"ordinateur\" src=\"https:\/\/www.mes-allocs.fr\/guides\/wp-content\/uploads\/2021\/10\/ordinateur--e1633077166956.jpeg\" alt=\"quand effectuer d\u00e9claration caf\" width=\"1200\" height=\"416\" srcset=\"https:\/\/www.mes-allocs.fr\/guides\/wp-content\/uploads\/2021\/10\/ordinateur--e1633077166956.jpeg 1124w, https:\/\/www.mes-allocs.fr\/guides\/wp-content\/uploads\/2021\/10\/ordinateur--e1633077166956-300x104.jpeg 300w, https:\/\/www.mes-allocs.fr\/guides\/wp-content\/uploads\/2021\/10\/ordinateur--e1633077166956-1024x355.jpeg 1024w, https:\/\/www.mes-allocs.fr\/guides\/wp-content\/uploads\/2021\/10\/ordinateur--e1633077166956-768x266.jpeg 768w, https:\/\/www.mes-allocs.fr\/guides\/wp-content\/uploads\/2021\/10\/ordinateur--e1633077166956-600x208.jpeg 600w\" sizes=\"auto, (max-width: 1200px) 100vw, 1200px\" \/><\/p>\n<p style=\"text-align: justify;\">[Mis \u00e0 jour le 18\/02\/2026] La <a href=\"https:\/\/www.mes-allocs.fr\/guides\/caisse-dallocations-familiales\/\">Caisse d&rsquo;Allocations Familiales<\/a> est l&rsquo;organisme qui s&rsquo;occupe de la majorit\u00e9 des aides sociales en France. Tr\u00e8s souvent ces aides sont soumises \u00e0 des d\u00e9clarations de situations ou de revenus. Mes Allocs vous explique comment bien s&rsquo;y prendre.<\/p>\n<div class='cta-block'><div class='text'>Simulez toutes vos aides en 2 min.<\/div><a href='https:\/\/www.mes-allocs.fr\/ab-app?origin=guides\/wp-json\/wp\/v2\/posts\/38310' class='app-button fit'>Simulation gratuite<\/a><\/div>\n<h1 style=\"text-align: justify;\"><span id=\"Quest-ce_que_la_CAF\">La Caisse d&rsquo;Allocations Familiales<\/span><\/h1>\n<h2 style=\"text-align: justify;\">Petit rappel<\/h2>\n<p class=\"amp-wp-7d27179\" style=\"text-align: justify;\" data-amp-original-style=\"text-align: justify;\">La Caisse d\u2019Allocations Familiales est un organisme de droit public. Cette caisse a \u00e9t\u00e9 cr\u00e9e en 1945 juste apr\u00e8s la fin de la Seconde Guerre Mondiale. \u00a0Elle est charg\u00e9e de verser \u00e0 ses diff\u00e9rents allocataires des aides financi\u00e8res de diff\u00e9rentes natures.<\/p>\n<p class=\"amp-wp-7d27179\" style=\"text-align: justify;\" data-amp-original-style=\"text-align: justify;\">Ces aides sont \u00e0 caract\u00e8re familiale ou sociale. Elles peuvent aussi concerner les associations et les collectivit\u00e9s territoriales dans le cadre de sa politique d\u2019action sociale.<\/p>\n<p class=\"amp-wp-7d27179\" style=\"text-align: justify;\" data-amp-original-style=\"text-align: justify;\">En France, on estime \u00e0 pr\u00e8s de 12,5 millions les personnes qui re\u00e7oivent au minimum une allocation. Ces personnes se nomment les allocataires.<\/p>\n<p class=\"amp-wp-7d27179\" style=\"text-align: justify;\" data-amp-original-style=\"text-align: justify;\">Les diff\u00e9rentes actions de la CAF sont r\u00e9gies par un ensemble de caisses locales. Autrement dit, il ne s\u2019agit pas d\u2019un gigantesque organisme national mais plut\u00f4t d\u2019un ensemble de caisses d\u00e9partementales.<\/p>\n<p class=\"amp-wp-7d27179\" style=\"text-align: justify;\" data-amp-original-style=\"text-align: justify;\">Ces caisses d\u00e9partementales ont pour r\u00f4le de verser les diff\u00e9rentes aides sociales aux allocataires et de mette en oeuvre des actions sociales pour ces m\u00eames personnes. Ces missions suivent en g\u00e9n\u00e9ral, ces quatre lignes directives:<\/p>\n<ul style=\"text-align: justify;\">\n<li>La solidarit\u00e9 et l\u2019insertion professionnelle ou sociale,<\/li>\n<li>Le logement, le cadre et la qualit\u00e9 de vie,<\/li>\n<li>L\u2019enfance et la jeunesse,<\/li>\n<li>La petite enfance.<\/li>\n<\/ul>\n<p class=\"amp-wp-7d27179\" style=\"text-align: justify;\" data-amp-original-style=\"text-align: justify;\">Pour b\u00e9n\u00e9ficier des diff\u00e9rentes aides de la CAF, il faut constituer un dossier pour l\u2019allocation. Pour se faire, il faut r\u00e9pondre \u00e0 certaines conditions d\u2019attribution. Concernant le calcul de ces aides, la caisse prend en compte les ressources du foyer.<\/p>\n<p style=\"text-align: justify;\" data-amp-original-style=\"text-align: justify;\">Les aides de la CAF vont permettre d&rsquo;aider les personnes dans leur accident de vie, pr\u00e9carit\u00e9, changement de situation&#8230; Elles vont aussi permettre des aides pour un \u00e9tudiant pour se loger, vivre, pour les personnes en situation de handicap ou encore pour une famille avec des futurs parents, elever ses enfants jeunes ou \u00e9tudiant.<\/p>\n<h2 style=\"text-align: justify;\"><span id=\"Les_differentes_aides_de_la_CAF\">Les diff\u00e9rentes aides de la CAF<\/span><\/h2>\n<p class=\"amp-wp-7d27179\" style=\"text-align: justify;\" data-amp-original-style=\"text-align: justify;\">Au del\u00e0 des grands domaines d\u2019actions de la CAF, les allocations qu\u2019elle d\u00e9livre sont assez diverses. Elles peuvent concerner les enfants ou bien les salari\u00e9s. En voici quelque exemples.<\/p>\n<h3 style=\"text-align: justify;\"><span id=\"Allocations_familiales\">Allocations familiales<\/span><\/h3>\n<p class=\"amp-wp-7d27179\" style=\"text-align: justify;\" data-amp-original-style=\"text-align: justify;\">Cette aide est une somme vers\u00e9e aux parents ayant \u00e0 charge un ou plusieurs enfants de moins de 20 ans. Jusqu\u2019en 2015, cette aide \u00e9tait vers\u00e9e de mani\u00e8re \u00e9gale \u00e0 tout les foyers b\u00e9n\u00e9ficiaires sans tenir compte des ressources de la famille.<\/p>\n<p class=\"amp-wp-7d27179\" style=\"text-align: justify;\" data-amp-original-style=\"text-align: justify;\">Ce mode de distribution a \u00e9t\u00e9 mis \u00e0 jour. Il a \u00e9t\u00e9 abandonn\u00e9 au profit d\u2019une distribution plus \u201cjuste\u201d. En effet, le montant de la somme vers\u00e9e d\u00e9pend maintenant des ressources du foyer.<\/p>\n<p class=\"amp-wp-7d27179\" style=\"text-align: justify;\" data-amp-original-style=\"text-align: justify;\">Sous certaines conditions, le montant vers\u00e9 peut \u00eatre exon\u00e9r\u00e9 de toute imposition.<\/p>\n<h3 style=\"text-align: justify;\"><span id=\"Le_revenu_de_solidarite_active_RSA\">Le revenu de solidarit\u00e9 active (RSA)<\/span><\/h3>\n<p class=\"amp-wp-7d27179\" style=\"text-align: justify;\" data-amp-original-style=\"text-align: justify;\"><a href=\"https:\/\/www.mes-allocs.fr\/guides\/rsa\/\">Le RSA<\/a> est une prestation visant \u00e0 aider les personnes ayant de faibles revenus afin qu\u2019elles puissent b\u00e9n\u00e9ficier d\u2019un revenu minimal.<\/p>\n<p class=\"amp-wp-7d27179\" style=\"text-align: justify;\" data-amp-original-style=\"text-align: justify;\">En \u201ccontrepartie\u201d de l\u2019allocation vers\u00e9e, les b\u00e9n\u00e9ficiaires ont pour obligation de chercher un emploi ou une formation visant \u00e0 am\u00e9liorer leurs conditions de vie. Cette allocation a pout but majeur de favoriser l\u2019insertion professionnelle et l\u2019inclusion sociale.<\/p>\n<h3 style=\"text-align: justify;\"><span id=\"Prime_dactivite\">Prime d\u2019activit\u00e9<\/span><\/h3>\n<p class=\"amp-wp-7d27179\" style=\"text-align: justify;\" data-amp-original-style=\"text-align: justify;\">La prime d\u2019activit\u00e9 est un dispositif relativement r\u00e9cent. Elle a \u00e9t\u00e9 cr\u00e9e en 2015 suite \u00e0 la fusion entre le RSA activit\u00e9 et la prime d\u2019emploi. Cette prime vise \u00e0 soutenir l\u2019activit\u00e9 et le pouvoir d\u2019achat de ses b\u00e9n\u00e9ficiaires.<\/p>\n<p class=\"amp-wp-7d27179\" style=\"text-align: justify;\" data-amp-original-style=\"text-align: justify;\">Cette prime d\u2019activit\u00e9 n\u2019est pas pr\u00e9vue pour durer. En effet, un projet de loi vise \u00e0 la remplacer par le Revenu Universel d\u2019Activit\u00e9.<\/p>\n<p><iframe loading=\"lazy\" title=\"Devenez un expert des aides de la CAF !\" width=\"500\" height=\"281\" src=\"https:\/\/www.youtube.com\/embed\/weTPOvJJ3bs?feature=oembed\" frameborder=\"0\" allow=\"accelerometer; autoplay; clipboard-write; encrypted-media; gyroscope; picture-in-picture; web-share\" referrerpolicy=\"strict-origin-when-cross-origin\" allowfullscreen><\/iframe><\/p>\n<h1 style=\"text-align: justify;\" data-amp-original-style=\"text-align: justify;\">Les diff\u00e9rentes d\u00e9clarations CAF<\/h1>\n<h3 style=\"text-align: justify;\">Bien remplir sa d\u00e9claration des ressources trimestrielle<\/h3>\n<p style=\"text-align: justify;\">D\u2019une mani\u00e8re g\u00e9n\u00e9rale, et quelle que soit la prestation pour laquelle la d\u00e9claration trimestrielle de ressources est effectu\u00e9e, l\u2019allocataire doit mentionner ses ressources sur le mois de perception. Par exemple, le salaire de d\u00e9cembre re\u00e7u d\u00e9but janvier est \u00e0 d\u00e9clarer sur le mois de janvier.<\/p>\n<p style=\"text-align: justify;\">Il faut renseigner les ressources per\u00e7ues chaque mois, sans les centimes d\u2019euros, soit 3 colonnes par personne.<br \/>\nPar ailleurs, l\u2019allocataire n\u2019a pas besoin de d\u00e9clarer les autres prestations vers\u00e9es par la CAF, telles que les allocations familiales ou les allocations logement. Ces d\u00e9clarations vont servir \u00e0 calculer le montant de l&rsquo;aide dont vous pouvez b\u00e9n\u00e9ficier.<\/p>\n<p style=\"text-align: justify;\">Il convient en outre de d\u00e9clarer les revenus du conjoint (y compris du concubin) et des enfants de plus de 14 ans quand ils en per\u00e7oivent.<\/p>\n<p style=\"text-align: justify;\">Enfin, il ne faut pas oublier les revenus exceptionnels :<\/p>\n<ul style=\"text-align: justify;\">\n<li>prime de licenciement<\/li>\n<li>indemnit\u00e9 de rupture conventionnelle<\/li>\n<li>indemnit\u00e9 de non-concurrence<\/li>\n<li>indemnit\u00e9 de fin de contrat (CDD, int\u00e9rim)<\/li>\n<li>indemnit\u00e9 compensatrice de cong\u00e9s pay\u00e9s<\/li>\n<li>indemnit\u00e9 de pr\u00e9avis<\/li>\n<li>rappels de salaires<\/li>\n<\/ul>\n<p style=\"text-align: justify;\">Pour d\u00e9clarer ses revenus trimestriels et autres ressources \u00e0 la CAF, on peut utiliser trois moyens :<\/p>\n<ul style=\"text-align: justify;\">\n<li>le site Caf.fr, espace \u00ab Mon compte \u00bb, lien \u00ab Mes ressources trimestrielles \u00bb dans la rubrique \u00ab MES RESSOURCES \u00bb<\/li>\n<li>l\u2019application mobile CAF \u2013 Mon compte<\/li>\n<li>le formulaire Cerfa \u00ab D\u00e9claration trimestrielle RSA \u00bb ou \u00ab D\u00e9claration trimestrielle AAH \u00bb<\/li>\n<\/ul>\n<p><span style=\"font-weight: 400;\"><div class='cta-block'><div class='text'>Simulez toutes vos aides en 2 min.<\/div><a href='https:\/\/www.mes-allocs.fr\/ab-app?origin=guides\/wp-json\/wp\/v2\/posts\/38310' class='app-button fit'>Simulation gratuite<\/a><\/div><\/span><\/p>\n<h2 style=\"text-align: justify;\">Quelles aides sont concern\u00e9es ?<\/h2>\n<p style=\"text-align: justify;\">Toutes les aides de la CAF ne sont pas concern\u00e9es par la d\u00e9claration trimestrielle de ressources. Seules les prestations dont l\u2019octroi et le montant sont r\u00e9vis\u00e9s tous les trimestres en fonction des ressources du foyer y sont soumises, soit :<\/p>\n<ul style=\"text-align: justify;\">\n<li>le RSA (revenu de solidarit\u00e9 active)<\/li>\n<li>la prime d\u2019activit\u00e9<\/li>\n<li>l\u2019AAH, pour les adultes \u00e2g\u00e9s de plus de 20 ans exer\u00e7ant une activit\u00e9 r\u00e9mun\u00e9r\u00e9e<\/li>\n<\/ul>\n<p style=\"text-align: justify;\">En revanche, la d\u00e9claration de ressources chaque trimestre n\u2019est pas n\u00e9cessaire pour les aides au logement (APL, ALS), les allocations familiales, la Paje ou l\u2019AEEH.<\/p>\n<h2 style=\"text-align: justify;\">Quand faire sa d\u00e9claration ?<\/h2>\n<p style=\"text-align: justify;\">La proc\u00e9dure de d\u00e9claration trimestrielle de ressources s\u2019effectue tous les trimestres, soit quatre fois par an. Le calendrier n\u2019est pas le m\u00eame pour tout le monde : tout d\u00e9pend de la date de demande initiale ayant entra\u00een\u00e9 une ouverture de droits.<\/p>\n<p style=\"text-align: justify;\">Exemple pour le b\u00e9n\u00e9ficiaire de la prime d\u2019activit\u00e9 dont les droits sont ouverts en octobre 2026 au titre du mois de septembre. Dans ce cas, la premi\u00e8re d\u00e9claration de ressources trimestrielles doit \u00eatre effectu\u00e9e :<\/p>\n<ul style=\"text-align: justify;\">\n<li>au mois de mars 2026<\/li>\n<li>pour le recalcul des droits sur la p\u00e9riode mars-mai 2026 (versement d\u2019avril \u00e0 juin 2026),<\/li>\n<li>\u00e0 partir des revenus per\u00e7us sur le trimestre pr\u00e9c\u00e9dent (ressources de d\u00e9cembre 2025 \u00e0 f\u00e9vrier 2026).<\/li>\n<\/ul>\n<p style=\"text-align: justify;\">Pour un allocataire du RSA dont les droits ont \u00e9t\u00e9 ouverts en septembre au titre du mois d\u2019ao\u00fbt, chaque d\u00e9claration de ressources trimestrielles est \u00e0 effectuer :<\/p>\n<ul style=\"text-align: justify;\">\n<li>en novembre : ressources ao\u00fbt, septembre, octobre pour versement de d\u00e9cembre \u00e0 f\u00e9vrier<\/li>\n<li>en f\u00e9vrier : ressources novembre, d\u00e9cembre, janvier pour versement de mars \u00e0 mai<\/li>\n<li>en mai : ressources f\u00e9vrier, mars, avril pour versement de juin \u00e0 ao\u00fbt<\/li>\n<li>en ao\u00fbt : ressources mai, juin, juillet, pour versement de septembre \u00e0 novembre<\/li>\n<\/ul>\n<p style=\"text-align: justify;\">Vous pouvez effectuer ces d\u00e9clarations en utilisant votre compte via les services en ligne de la CAF.<\/p>\n<h1 style=\"text-align: justify;\">Les cons\u00e9quences d&rsquo;une mauvaise d\u00e9claration<\/h1>\n<h2 style=\"text-align: justify;\"><span id=\"Les_trop_percus_de_la_CAF\">Les trop per\u00e7us de la CAF<\/span><\/h2>\n<p class=\"amp-wp-7d27179\" style=\"text-align: justify;\" data-amp-original-style=\"text-align: justify;\">L\u2019ensemble des allocations vers\u00e9es par la Caf sont calcul\u00e9es selon les ressources du foyer ou selon le quotient familial. Cependant, dans certaines circonstances, il se peut que la caisse vous verse un montant sup\u00e9rieur \u00e0 celui auquel vous \u00eates en droit de b\u00e9n\u00e9ficier. Il existe deux cas majeurs concernant ce versement \u00e0 tord.<\/p>\n<h3 style=\"text-align: justify;\"><span id=\"Le_changement_de_situation\">Le changement de situation<\/span><\/h3>\n<p class=\"amp-wp-7d27179\" style=\"text-align: justify;\" data-amp-original-style=\"text-align: justify;\">Ce cas de figure est le plus courant. Si vous b\u00e9n\u00e9ficiez d\u2019une allocation, c\u2019est qu\u2019au pr\u00e9alable, vous remplissiez les diff\u00e9rentes conditions d\u2019attribution. Cependant, un changement de situation peut avoir lieu. Exemple:<\/p>\n<ul style=\"text-align: justify;\">\n<li>Concernant l\u2019APL, vous avez chang\u00e9 de situation professionnelle<\/li>\n<li>Un enfant a plus de 20 ans ou quitte le foyer, il n\u2019est donc plus \u00e0 votre charge (pour la CAF)<\/li>\n<li>Tout autre changement de situation familiale<\/li>\n<\/ul>\n<p class=\"amp-wp-7d27179\" style=\"text-align: justify;\" data-amp-original-style=\"text-align: justify;\">Si vous oubliez de pr\u00e9ciser ces changements \u00e0 votre caisse d\u00e9partementale, cela peut entra\u00eener un versement \u00e0 tort. Dans ce cas, la CAF peut vous demander de rembourser le trop per\u00e7u. Ce montant per\u00e7u \u00e0 tort \u00e9quivaut \u00a0g\u00e9n\u00e9ralement au surplus dont vous avez b\u00e9n\u00e9fici\u00e9. De fait, il est important de s&rsquo;informer sur les aides.<\/p>\n<h3 style=\"text-align: justify;\"><span id=\"Une_erreur_de_calcul\">Une erreur de calcul<\/span><\/h3>\n<p class=\"amp-wp-7d27179\" style=\"text-align: justify;\" data-amp-original-style=\"text-align: justify;\">Dans certains cas (qui repr\u00e9sentent une infime partie), il se peut que la CAF, dans le calcul de ces aides, puisse commettre une erreur. Cette erreur peut \u00eatre li\u00e9e aux conditions d\u2019attribution ou bien au montant vers\u00e9. M\u00eame dans ce cas o\u00f9 ce n\u2019est pas de vous que provient l\u2019erreur, la CAF vous demande de rembourser ces prestations familiales. Pour \u00e9viter de se retrouver dans cette situation, il est donc important de suivre attentivement les d\u00e9marches et les montants vers\u00e9s par la CAF.<\/p>\n<h2 style=\"text-align: justify;\">La suspension des droits<\/h2>\n<p style=\"text-align: justify;\">Suite \u00e0 une mauvaise d\u00e9claration, vous pouvez avoir une sanction. Il s&rsquo;agit d&rsquo;une suspension du droit, lorsque, malgr\u00e9 les relances et alertes de la CAF, on n\u2019a pas rempli sa d\u00e9claration \u00e0 temps. Cette suspension est provisoire si l\u2019allocataire a toujours droit aux aides : la suspension est lev\u00e9e et une r\u00e9gularisation intervient apr\u00e8s r\u00e9ception et traitement de la d\u00e9claration trimestrielle de ressources tardive.<\/p>\n<p style=\"text-align: justify;\">Dans ce cas, des rappels de RSA ou de prime d\u2019activit\u00e9 (versements \u00e0 titre r\u00e9troactif pour les p\u00e9riodes o\u00f9 les droits n\u2019ont pas \u00e9t\u00e9 vers\u00e9s) font l\u2019objet d\u2019un versement quelques jours ou quelques semaines plus tard en fonction de l\u2019ampleur du retard, en dehors des dates de versement habituelles des prestations de la <a href=\"http:\/\/caf.fr\">CAF<\/a>.<\/p>\n<div class='cta-block'><div class='text'>Simulez toutes vos aides en 2 min.<\/div><a href='https:\/\/www.mes-allocs.fr\/ab-app?origin=guides\/wp-json\/wp\/v2\/posts\/38310' class='app-button fit'>Simulation gratuite<\/a><\/div>\n","protected":false},"excerpt":{"rendered":"<p>[Mis \u00e0 jour le 18\/02\/2026] La Caisse d&rsquo;Allocations Familiales est l&rsquo;organisme qui s&rsquo;occupe de la majorit\u00e9 des aides sociales en France. Tr\u00e8s souvent ces aides sont soumises \u00e0 des d\u00e9clarations de situations ou de revenus. Mes Allocs vous explique comment bien s&rsquo;y prendre. La Caisse d&rsquo;Allocations Familiales Petit rappel La Caisse d\u2019Allocations Familiales est un [&hellip;]<\/p>\n","protected":false},"author":6,"featured_media":38315,"comment_status":"open","ping_status":"open","sticky":false,"template":"","format":"standard","meta":{"amp_status":"","footnotes":""},"categories":[6332],"tags":[],"class_list":["post-38310","post","type-post","status-publish","format-standard","has-post-thumbnail","hentry","category-caisse-allocations-familiales"],"yoast_head":"<!-- This site is optimized with the Yoast SEO plugin v14.9 - https:\/\/yoast.com\/wordpress\/plugins\/seo\/ -->\n<title>Comment effectuer une d\u00e9claration CAF ? | Mes-Allocs.fr<\/title>\n<meta name=\"description\" content=\"Dans cet article, Mes Allocs vous donne les cl\u00e9s pour faire une bonne d\u00e9claration de ressources aupr\u00e8s de la CAF.\" \/>\n<meta name=\"robots\" content=\"index, follow, max-snippet:-1, max-image-preview:large, max-video-preview:-1\" \/>\n<link rel=\"canonical\" href=\"https:\/\/www.mes-allocs.fr\/guides\/caisse-allocations-familiales\/declaration-caf\/\" \/>\n<meta property=\"og:locale\" content=\"fr_FR\" \/>\n<meta property=\"og:type\" content=\"article\" \/>\n<meta property=\"og:title\" content=\"Comment effectuer une d\u00e9claration CAF ? | Mes-Allocs.fr\" \/>\n<meta property=\"og:description\" content=\"Dans cet article, Mes Allocs vous donne les cl\u00e9s pour faire une bonne d\u00e9claration de ressources aupr\u00e8s de la CAF.\" \/>\n<meta property=\"og:url\" content=\"https:\/\/www.mes-allocs.fr\/guides\/caisse-allocations-familiales\/declaration-caf\/\" \/>\n<meta property=\"og:site_name\" content=\"Mes-Allocs.fr\" \/>\n<meta property=\"article:published_time\" content=\"2021-10-07T13:48:40+00:00\" \/>\n<meta property=\"article:modified_time\" content=\"2026-02-18T15:34:52+00:00\" \/>\n<meta property=\"og:image\" content=\"https:\/\/www.mes-allocs.fr\/guides\/wp-content\/uploads\/2021\/10\/ordinateur--e1633077166956.jpeg?wsr\" \/>\n\t<meta property=\"og:image:width\" content=\"1124\" \/>\n\t<meta property=\"og:image:height\" content=\"390\" \/>\n<meta name=\"twitter:card\" content=\"summary_large_image\" \/>\n<script type=\"application\/ld+json\" class=\"yoast-schema-graph\">{\"@context\":\"https:\/\/schema.org\",\"@graph\":[{\"@type\":\"WebSite\",\"@id\":\"https:\/\/www.mes-allocs.fr\/guides\/#website\",\"url\":\"https:\/\/www.mes-allocs.fr\/guides\/\",\"name\":\"Mes-Allocs.fr\",\"description\":\"\",\"potentialAction\":[{\"@type\":\"SearchAction\",\"target\":\"https:\/\/www.mes-allocs.fr\/guides\/?s={search_term_string}\",\"query-input\":\"required name=search_term_string\"}],\"inLanguage\":\"fr-FR\"},{\"@type\":\"ImageObject\",\"@id\":\"https:\/\/www.mes-allocs.fr\/guides\/caisse-allocations-familiales\/declaration-caf\/#primaryimage\",\"inLanguage\":\"fr-FR\",\"url\":\"https:\/\/www.mes-allocs.fr\/guides\/wp-content\/uploads\/2021\/10\/ordinateur--e1633077166956.jpeg?wsr\",\"width\":1124,\"height\":390,\"caption\":\"declaration ressource caf\"},{\"@type\":\"WebPage\",\"@id\":\"https:\/\/www.mes-allocs.fr\/guides\/caisse-allocations-familiales\/declaration-caf\/#webpage\",\"url\":\"https:\/\/www.mes-allocs.fr\/guides\/caisse-allocations-familiales\/declaration-caf\/\",\"name\":\"Comment effectuer une d\\u00e9claration CAF ? | Mes-Allocs.fr\",\"isPartOf\":{\"@id\":\"https:\/\/www.mes-allocs.fr\/guides\/#website\"},\"primaryImageOfPage\":{\"@id\":\"https:\/\/www.mes-allocs.fr\/guides\/caisse-allocations-familiales\/declaration-caf\/#primaryimage\"},\"datePublished\":\"2021-10-07T13:48:40+00:00\",\"dateModified\":\"2026-02-18T15:34:52+00:00\",\"author\":{\"@id\":\"https:\/\/www.mes-allocs.fr\/guides\/#\/schema\/person\/0ecd61a8600573914d00d970a588c024\"},\"description\":\"Dans cet article, Mes Allocs vous donne les cl\\u00e9s pour faire une bonne d\\u00e9claration de ressources aupr\\u00e8s de la CAF.\",\"inLanguage\":\"fr-FR\"},{\"@type\":\"Person\",\"@id\":\"https:\/\/www.mes-allocs.fr\/guides\/#\/schema\/person\/0ecd61a8600573914d00d970a588c024\",\"name\":\"Jonathan\",\"image\":{\"@type\":\"ImageObject\",\"@id\":\"https:\/\/www.mes-allocs.fr\/guides\/#personlogo\",\"inLanguage\":\"fr-FR\",\"url\":\"https:\/\/www.mes-allocs.fr\/guides\/wp-content\/uploads\/2021\/06\/jonathan-150x150.png\",\"caption\":\"Jonathan\"},\"description\":\"Jonathan est r\\u00e9dacteur au sein de l'\\u00e9quipe Mes Allocs, sp\\u00e9cialis\\u00e9 sur les sujets li\\u00e9s au handicap. Dipl\\u00f4m\\u00e9e de l'UPEM, il rejoint Mes Allocs apr\\u00e8s avoir travaill\\u00e9 \\u00e0 l'association AEDE qui accompagne les adultes en situation de handicap. Quand il n'\\u00e9crit pas, on peut le retrouver sur un terrain de basket.\",\"sameAs\":[\"https:\/\/www.linkedin.com\/in\/jonathan-bambela-8637861b7\"]}]}<\/script>\n<!-- \/ Yoast SEO plugin. -->","amp_validity":null,"acf":{"faq":{"1":{"question":"Qu'est ce qu'une allocation ?","answer":"Une allocation est une aide donn\u00e9e par un organisme de fa\u00e7on r\u00e9guli\u00e8re pour une personne ou une institution. \r\n<br> <a href=\"https:\/\/www.mes-allocs.fr\/guides\/caisse-dallocations-familiales\/l\">Lire la suite<\/a>"},"2":{"question":"O\u00f9 trouver les informations concernant le trop per\u00e7u ?","answer":"Si vous avez per\u00e7u une somme sup\u00e9rieure au montant initialement pr\u00e9vu, il faut vous rapprocher de votre caisse d\u00e9partementale. Elle vous donnera toutes les informations n\u00e9cessaires. "},"3":{"question":"Quand sont vers\u00e9es les prestations familiales ?","answer":"Comme pour la plupart des 22 aides vers\u00e9es par la CAF, les prestations familiales sont vers\u00e9es le 5 de chaque mois."},"4":{"question":"Combien d'aides sont attribu\u00e9es par la CAF ?","answer":"Actuellement la Caisse d'allocations familiales recense 22 aides auxquelles vous pouvez faire valoir vos droits sous conditions d\u2019\u00e9ligibilit\u00e9."},"5":{"question":"Comment pr\u00e9venir les changements de situation ?","answer":"Pour notifier votre caisse d\u00e9partementale d'un changement pouvant affecter vos allocations, il faut vous rendre sur votre espace personnel sur le site de la CAF."},"6":{"question":"","answer":""},"7":{"question":"","answer":""},"8":{"question":"","answer":""},"9":{"question":"","answer":""},"10":{"question":"","answer":""},"11":{"question":"","answer":""},"12":{"question":"","answer":""},"13":{"question":"","answer":""},"14":{"question":"","answer":""},"15":{"question":"","answer":""},"16":{"question":"","answer":""}}},"_links":{"self":[{"href":"https:\/\/www.mes-allocs.fr\/guides\/wp-json\/wp\/v2\/posts\/38310","targetHints":{"allow":["GET"]}}],"collection":[{"href":"https:\/\/www.mes-allocs.fr\/guides\/wp-json\/wp\/v2\/posts"}],"about":[{"href":"https:\/\/www.mes-allocs.fr\/guides\/wp-json\/wp\/v2\/types\/post"}],"author":[{"embeddable":true,"href":"https:\/\/www.mes-allocs.fr\/guides\/wp-json\/wp\/v2\/users\/6"}],"replies":[{"embeddable":true,"href":"https:\/\/www.mes-allocs.fr\/guides\/wp-json\/wp\/v2\/comments?post=38310"}],"version-history":[{"count":12,"href":"https:\/\/www.mes-allocs.fr\/guides\/wp-json\/wp\/v2\/posts\/38310\/revisions"}],"predecessor-version":[{"id":109198,"href":"https:\/\/www.mes-allocs.fr\/guides\/wp-json\/wp\/v2\/posts\/38310\/revisions\/109198"}],"wp:featuredmedia":[{"embeddable":true,"href":"https:\/\/www.mes-allocs.fr\/guides\/wp-json\/wp\/v2\/media\/38315"}],"wp:attachment":[{"href":"https:\/\/www.mes-allocs.fr\/guides\/wp-json\/wp\/v2\/media?parent=38310"}],"wp:term":[{"taxonomy":"category","embeddable":true,"href":"https:\/\/www.mes-allocs.fr\/guides\/wp-json\/wp\/v2\/categories?post=38310"},{"taxonomy":"post_tag","embeddable":true,"href":"https:\/\/www.mes-allocs.fr\/guides\/wp-json\/wp\/v2\/tags?post=38310"}],"curies":[{"name":"wp","href":"https:\/\/api.w.org\/{rel}","templated":true}]}}