{"id":38156,"date":"2021-10-07T15:04:15","date_gmt":"2021-10-07T13:04:15","guid":{"rendered":"https:\/\/www.mes-allocs.fr\/guides\/?p=38156"},"modified":"2026-02-19T17:28:25","modified_gmt":"2026-02-19T16:28:25","slug":"pret-amelioration-habitat-caf","status":"publish","type":"post","link":"https:\/\/www.mes-allocs.fr\/guides\/aide-renovation\/pret-amelioration-habitat-caf\/","title":{"rendered":"Le pr\u00eat \u00e0 l&rsquo;am\u00e9lioration de l&rsquo;habitat de la CAF"},"content":{"rendered":"<p><img loading=\"lazy\" decoding=\"async\" class=\"aligncenter wp-image-38159 size-full\" title=\"pret amelioration habitat caf\" src=\"https:\/\/www.mes-allocs.fr\/guides\/wp-content\/uploads\/2021\/09\/enveloppe-argent-1-e1677235507696.jpg\" alt=\"pret amelioration habitat caf\" width=\"1000\" height=\"190\" \/><\/p>\n<p style=\"text-align: justify;\">[Mis \u00e0 jour le 19\/02\/2026]<strong> En France, il existe de nombreuses <a href=\"https:\/\/www.mes-allocs.fr\/guides\/aide-renovation\/\">aides \u00e0 la r\u00e9novation<\/a>. Elles vous permettent de de b\u00e9n\u00e9ficier d&rsquo;une somme d&rsquo;argent pour vos travaux de r\u00e9novation \u00e9nerg\u00e9tique. Mais savez-vous que vous pouvez aussi b\u00e9n\u00e9ficier d&rsquo;un pr\u00eat \u00e0 l&rsquo;am\u00e9lioration de l&rsquo;habitat de la CAF ? On vous en dit plus.<\/strong><\/p>\n<p><span style=\"font-weight: 400;\"><div class='cta-block'><div class='text'>Simulez toutes vos aides en 2 min.<\/div><a href='' class='app-button fit'>Simulation gratuite<\/a><\/div><\/span><\/p>\n<header id=\"headerPage\">\n<h1 data-test=\"titre-page\">Pr\u00eat \u00e0 l&rsquo;am\u00e9lioration de l&rsquo;habitat de la CAF<\/h1>\n<\/header>\n<div>\n<div id=\"intro\" class=\"lead\" style=\"text-align: justify;\">\n<h2>Qu&rsquo;est-ce que le pr\u00eat \u00e0 l&rsquo;am\u00e9lioration de l&rsquo;habitat ?<\/h2>\n<p>Votre<b> caisse d&rsquo;allocations familiales (CAF)<\/b> peut vous accorder un <span class=\"expression\"><b>pr\u00eat \u00e0 l&rsquo;am\u00e9lioration de l&rsquo;habitat.<\/b> Cela va d\u00e9pendre de la <b>nature des travaux<\/b> (<\/span>r\u00e9novation, isolation&#8230;) dans votre <span class=\"tool-tip\" tabindex=\"0\" title=\"\" data-definition=\"R1064\" data-original-title=\"Logement occup\u00e9 au moins 8 mois par an (sauf obligation professionnelle, raison de sant\u00e9 ou cas de force majeure), soit par le locataire ou la personne avec laquelle il vit, soit par une personne \u00e0 charge\"><b>r\u00e9sidence principale<\/b>. Le<span class=\"sr-only\">\u00a0logement \u00a0doit donc \u00eatre occup\u00e9 au moins 8 mois par an (sauf obligation professionnelle, raison de sant\u00e9 ou cas de force majeure), soit par le locataire ou la personne avec laquelle il vit, soit par une personne \u00e0 charge<\/span><\/span>.<\/p>\n<p>Ce pr\u00eat est \u00e9galement accord\u00e9 si vous \u00eates <b>assistante maternelle <\/b>(assistant maternel) et que vous gardez des enfants \u00e0 votre domicile. Le pr\u00eat concerne aussi bien les propri\u00e9taires que les locataires. Il est remboursable sur 10 ans maximum selon les cas.<\/p>\n<h2>Conditions et montant du pr\u00eat de la CAF<\/h2>\n<\/div>\n<p id=\"d1505e156\" style=\"text-align: justify;\"><span id=\"_sxfd45xf775\" class=\"xforms-control xforms-enabled xforms-optional xforms-output xforms-readwrite xforms-valid\"><span class=\"mastic sidoc-diff xforms-value\">Si vous \u00eates d\u00e9j\u00e0 <b>b\u00e9n\u00e9ficiaire d\u2019une prestation familiale<\/b>, vous pouvez obtenir un pr\u00eat \u00e0\u00a0l\u2019am\u00e9lioration de l\u2019habitat. En revanche, <b>vous ne pourrez pas y pr\u00e9tendre si vous ne percevez que l\u2019ALS, l\u2019APL, l\u2019AAH, le RSA, la Prime d&rsquo;activit\u00e9<\/b>. L&rsquo;aide peut \u00e9galement \u00eatre <b>accord\u00e9e aux non allocataires.<\/b>\u00a0<\/span><\/span><\/p>\n<p id=\"d1914e196\" style=\"text-align: justify;\"><span id=\"_sxfd45xf775\" class=\"xforms-control xforms-enabled xforms-optional xforms-output xforms-readwrite xforms-valid\"><span class=\"mastic sidoc-diff xforms-value\">Le montant du pr\u00eat peut couvrir jusqu\u2019\u00e0 <b>80 % des d\u00e9penses pr\u00e9vues, dans la limite de 1 067,14 euros<\/b>. Son <b>taux d\u2019int\u00e9r\u00eat est de 1 %<\/b>. Il est remboursable par fractions \u00e9gales en 36 mensualit\u00e9s maximum. Le pr\u00eat est vers\u00e9 par moiti\u00e9 \u00e0 la signature du contrat sur pr\u00e9sentation du devis et \u00e0 l\u2019ach\u00e8vement des travaux de r\u00e9novation \u00e9nerg\u00e9tique sur pr\u00e9sentation de la facture.<\/span><\/span><\/p>\n<p style=\"text-align: justify;\">Pour b\u00e9n\u00e9ficier de ce pr\u00eat, vous devez <b>remplir un formulaire.\u00a0<\/b>Ce formulaire doit \u00eatre accompagn\u00e9 des documents suivants\u00a0:<\/p>\n<ul style=\"text-align: justify;\">\n<li>Devis d\u00e9taill\u00e9s des travaux si vous faites r\u00e9aliser les travaux par une entreprise, ou devis concernant les mat\u00e9riaux si vous effectuez vous-m\u00eame les travaux<\/li>\n<li>Autorisation d&rsquo;urbanisme si vos travaux sont soumis \u00e0 autorisation de la mairie<\/li>\n<li>Autorisation \u00e9crite de votre propri\u00e9taire si vous \u00eates locataire<\/li>\n<\/ul>\n<p style=\"text-align: justify;\">Ce formulaire et documents sont <b>\u00e0 envoyer \u00e0 votre Caf de pr\u00e9f\u00e9rence par lettre recommand\u00e9e avec avis de r\u00e9ception.<\/b><\/p>\n<p style=\"text-align: justify;\">Pour le versement, la <b>1<sup>re<\/sup> moiti\u00e9 du pr\u00eat est vers\u00e9e \u00e0 la signature du contrat de pr\u00eat<\/b> sur pr\u00e9sentation d&rsquo;un devis. La <b>2<sup>nde<\/sup> moiti\u00e9 du pr\u00eat est vers\u00e9e dans le mois qui suit la fin des travaux sur pr\u00e9sentation des factures<\/b>. Le pr\u00eat est remboursable sur 3 ans maximum. Le remboursement du pr\u00eat est exig\u00e9 \u00e0 partir du 6<sup>\u00e8me<\/sup> mois qui suit son attribution.<\/p>\n<div class=\"fiche-item\" style=\"text-align: justify;\">\n<div id=\"fiche-item-6situation1\" class=\"fiche-item-content collapse in\" aria-hidden=\"false\">\n<p><b>\u00c0 noter<\/b> : les travaux <strong>d\u2019entretien et d\u2019embellissement<\/strong> ne sont pas concern\u00e9s par ce pr\u00eat.<\/p>\n<\/div>\n<\/div>\n<h2 style=\"text-align: justify;\">Le cas des assistantes maternelles<\/h2>\n<p id=\"d1042e36\" style=\"text-align: justify;\">Un pr\u00eat \u00e0 l\u2019am\u00e9lioration du lieu d&rsquo;accueil (PALA) \u00a0\u00e0 taux z\u00e9ro d\u2019un montant de 10 000 euros maximum peut \u00e9galement \u00eatre accord\u00e9, sous conditions, aux assistants maternels, qu\u2019ils soient allocataires ou non. Ce pr\u00eat est destin\u00e9 \u00e0 financer des travaux soit au domicile de l&rsquo;assistante maternelle soit dans une maison d&rsquo;assistante maternelle. Ces travaux doivent avoir pour objectif d&rsquo;am\u00e9liorer l&rsquo;accueil, la sant\u00e9 ou la s\u00e9curit\u00e9 des enfants accueillis.<\/p>\n<p><span style=\"font-weight: 400;\"><div class='cta-block'><div class='text'>Simulez toutes vos aides en 2 min.<\/div><a href='' class='app-button fit'>Simulation gratuite<\/a><\/div><\/span><\/p>\n<h1 style=\"text-align: justify;\" data-test=\"titre-page\">\u00c9co-pr\u00eat \u00e0 taux z\u00e9ro (\u00e9co-PTZ), un autre pr\u00eat pour vos travaux de r\u00e9novation<\/h1>\n<p style=\"text-align: justify;\">L&rsquo;<a href=\"https:\/\/www.mes-allocs.fr\/guides\/aide-renovation\/eco-pret-a-taux-zero\/\">\u00e9co-pr\u00eat \u00e0 taux z\u00e9ro<\/a> peut \u00eatre accord\u00e9, sous conditions, pour r\u00e9aliser un ou plusieurs types de travaux d&rsquo;isolation ou d&rsquo;installation d&rsquo;\u00e9quipements permettant l&rsquo;utilisation de source d&rsquo;\u00e9nergie renouvelable, pour un <b>montant maximum de 50.000 \u20ac.<\/b><\/p>\n<p><iframe loading=\"lazy\" src=\"\/\/www.youtube.com\/embed\/7gAS6K23WXo\" width=\"560\" height=\"314\" allowfullscreen=\"allowfullscreen\"><\/iframe><\/p>\n<h2 class=\"fiche-title-1\" style=\"text-align: justify;\">Quelles sont les conditions pour b\u00e9n\u00e9ficier de cette aide ?<\/h2>\n<h3 class=\"fiche-title-1\" style=\"text-align: justify;\">Conditions li\u00e9es aux travaux r\u00e9alis\u00e9s<\/h3>\n<p style=\"text-align: justify;\">Pour b\u00e9n\u00e9ficier de l&rsquo;\u00e9co-PTZ, vos travaux doivent concerner au moins une des cat\u00e9gories de travaux suivantes\u00a0:<\/p>\n<ul style=\"text-align: justify;\">\n<li>Isolation thermique de la toiture<\/li>\n<li>Isolation thermique des murs donnant sur l&rsquo;ext\u00e9rieur<\/li>\n<li>Isolation thermique des fen\u00eatres et portes donnant sur l&rsquo;ext\u00e9rieur<\/li>\n<li>Isolation des planchers bas<\/li>\n<li>Installation ou remplacement d&rsquo;un chauffage ou d&rsquo;une production d&rsquo;eau chaude sanitaire<\/li>\n<li>Installation d&rsquo;un chauffage utilisant une source d&rsquo;\u00e9nergie renouvelable<\/li>\n<li>Installation d&rsquo;une production d&rsquo;eau chaude sanitaire utilisant une source d&rsquo;\u00e9nergie renouvelable<\/li>\n<\/ul>\n<p style=\"text-align: justify;\">Les travaux doivent \u00eatre r\u00e9alis\u00e9s en int\u00e9gralit\u00e9 dans un d\u00e9lai de 3 ans \u00e0 partir de l&rsquo;\u00e9mission de l&rsquo;offre de l&rsquo;\u00e9co-PTZ.<\/p>\n<p style=\"text-align: justify;\">Toutefois, une demande d&rsquo;allongement du d\u00e9lai de r\u00e9alisation des travaux peut \u00eatre d\u00e9pos\u00e9e aupr\u00e8s de la banque dans l&rsquo;un des 4 cas suivants\u00a0:<\/p>\n<ul style=\"text-align: justify;\">\n<li><span class=\"tool-tip\" tabindex=\"0\" title=\"\" data-definition=\"R38200\" data-original-title=\"\u00c9v\u00e9nement exceptionnel, impr\u00e9visible et irr\u00e9sistible justifiant de s'exon\u00e9rer d'une obligation, d'un engagement ou d'une responsabilit\u00e9 (par exemple\u00a0: catastrophe naturelle pour un contrat d'assurance, d\u00e9c\u00e8s du salari\u00e9 pour un contrat de travail...)\"><b>Force majeure\u00a0<\/b><span class=\"sr-only\">: \u00c9v\u00e9nement exceptionnel, impr\u00e9visible et irr\u00e9sistible justifiant de s&rsquo;exon\u00e9rer d&rsquo;une obligation, d&rsquo;un engagement ou d&rsquo;une responsabilit\u00e9 (par exemple\u00a0: catastrophe naturelle pour un contrat d&rsquo;assurance, d\u00e9c\u00e8s du salari\u00e9 pour un contrat de travail&#8230;)<\/span><\/span><\/li>\n<li><b>Maladie ou accident de l&#8217;emprunteur<\/b> ayant entra\u00een\u00e9 une incapacit\u00e9 temporaire de travail d&rsquo;une dur\u00e9e de 3 mois minimum ou en cas de d\u00e9c\u00e8s de l&#8217;emprunteur<\/li>\n<li><b>Proc\u00e9dure contentieuse <\/b>li\u00e9e \u00e0 la r\u00e9alisation de l&rsquo;op\u00e9ration<\/li>\n<li><b>Reconnaissance de l&rsquo;\u00e9tat de catastrophe naturelle ou de catastrophe technologique.<\/b><\/li>\n<\/ul>\n<h3 class=\"fiche-title-1\" style=\"text-align: justify;\">Conditions li\u00e9es aux demandeurs<\/h3>\n<ul style=\"text-align: justify;\">\n<li><b>Propri\u00e9taire occupant ou propri\u00e9taire qui loue<\/b> ou s&rsquo;engage \u00e0 louer son logement<\/li>\n<li><b>Copropri\u00e9taire<\/b> (et non le syndicat de copropri\u00e9taires) <b>occupant ou bailleur<\/b> pour financer la <span class=\"tool-tip\" tabindex=\"0\" title=\"\" data-definition=\"R2602\" data-original-title=\"Part que chacun doit payer ou recevoir dans la r\u00e9partition d'une somme\">quote-part<span class=\"sr-only\">: Part que chacun doit payer ou recevoir dans la r\u00e9partition d&rsquo;une somme<\/span><\/span> de travaux d&rsquo;int\u00e9r\u00eat collectif r\u00e9alis\u00e9s sur les <span class=\"tool-tip\" tabindex=\"0\" title=\"\" data-definition=\"R44507\" data-original-title=\"Parties des b\u00e2timents (porte d'entr\u00e9e, salon, salle de bains...) et des terrains r\u00e9serv\u00e9s \u00e0 l'usage exclusif d'un copropri\u00e9taire\">parties privatives<span class=\"sr-only\">: Parties des b\u00e2timents (porte d&rsquo;entr\u00e9e, salon, salle de bains&#8230;) et des terrains r\u00e9serv\u00e9s \u00e0 l&rsquo;usage exclusif d&rsquo;un copropri\u00e9taire<\/span><\/span>. L&rsquo;\u00e9co-PTZ permet \u00e9galement de financer des travaux r\u00e9alis\u00e9s sur les parties et \u00e9quipements communs de l&rsquo;immeuble.<\/li>\n<\/ul>\n<p style=\"text-align: justify;\">L&rsquo;\u00e9co-PTZ n&rsquo;est<b> pas soumis \u00e0 condition de ressources<\/b>.<\/p>\n<p style=\"text-align: justify;\">Pour votre logement, ce dernier doit avoir \u00e9t\u00e9 <b>achev\u00e9 depuis plus de 2 ans \u00e0 la date de d\u00e9but des travaux et \u00eatre votre r\u00e9sidence principale.\u00a0<\/b><\/p>\n<p style=\"text-align: justify;\">Vos travaux d&rsquo;am\u00e9lioration doivent imp\u00e9rativement \u00eatre r\u00e9alis\u00e9s par une <b>entreprise b\u00e9n\u00e9ficiant d&rsquo;un signe de qualit\u00e9 <span class=\"expression\">Reconnu garant de l&rsquo;environnement<\/span> (RGE).<\/b><\/p>\n<p><strong>Nouveaut\u00e9 2025 :<\/strong> \u00c0 partir du<strong> 1er avril 2025<\/strong>, le pr\u00eat \u00e0 taux z\u00e9ro (PTZ) sera \u00e9tendu \u00e0 <strong>tous les logements neufs<\/strong> \u00e0 l\u2019\u00e9chelle nationale, et ce, jusqu\u2019au <strong>31 d\u00e9cembre 2027<\/strong>. Ce dispositif, qui reste soumis \u00e0 des conditions de ressources, vise \u00e0 rendre l\u2019achat d\u2019une r\u00e9sidence principale plus accessible aux m\u00e9nages modestes. Cette mesure entend stimuler l\u2019accession \u00e0 la propri\u00e9t\u00e9 et soutenir les foyers souhaitant investir dans un bien neuf, sans contrainte g\u00e9ographique.<\/p>\n<h2>Quel est le montant de cette aide ?<\/h2>\n<div>Le montant de ce pr\u00eat peut atteindre <b>50.000 \u20ac :<\/b><\/div>\n<div>\n<ul class=\"sp-item-list\">\n<li><span class=\"sp-prix\"><b>7.000\u00a0\u20ac<\/b><\/span> pour <strong>1<\/strong> action de travaux sur les parois vitr\u00e9es<\/li>\n<li><span class=\"sp-prix\"><b>15.000\u00a0\u20ac<\/b><\/span> pour <strong>1<\/strong> action de travaux d\u2019une autre nature<\/li>\n<li><span class=\"sp-prix\"><b>25.000\u00a0\u20ac<\/b><\/span> pour un lot de <strong>2<\/strong> travaux<\/li>\n<li><span class=\"sp-prix\"><b>30.000\u00a0\u20ac<\/b><\/span> pour un lot de <strong>3<\/strong> travaux ou plus<\/li>\n<li><b>50.000 \u20ac<\/b> pour une r\u00e9novation globale<\/li>\n<\/ul>\n<\/div>\n<p><span style=\"font-weight: 400;\"><div class='cta-block'><div class='text'>Simulez toutes vos aides en 2 min.<\/div><a href='' class='app-button fit'>Simulation gratuite<\/a><\/div><\/span><\/p>\n<\/div>\n","protected":false},"excerpt":{"rendered":"<p>[Mis \u00e0 jour le 19\/02\/2026] En France, il existe de nombreuses aides \u00e0 la r\u00e9novation. Elles vous permettent de de b\u00e9n\u00e9ficier d&rsquo;une somme d&rsquo;argent pour vos travaux de r\u00e9novation \u00e9nerg\u00e9tique. Mais savez-vous que vous pouvez aussi b\u00e9n\u00e9ficier d&rsquo;un pr\u00eat \u00e0 l&rsquo;am\u00e9lioration de l&rsquo;habitat de la CAF ? On vous en dit plus. Pr\u00eat \u00e0 l&rsquo;am\u00e9lioration [&hellip;]<\/p>\n","protected":false},"author":23,"featured_media":38159,"comment_status":"open","ping_status":"open","sticky":false,"template":"","format":"standard","meta":{"amp_status":"","footnotes":""},"categories":[8154],"tags":[],"class_list":["post-38156","post","type-post","status-publish","format-standard","has-post-thumbnail","hentry","category-aide-renovation"],"yoast_head":"<!-- This site is optimized with the Yoast SEO plugin v14.9 - https:\/\/yoast.com\/wordpress\/plugins\/seo\/ -->\n<title>Le pr\u00eat \u00e0 l&#039;am\u00e9lioration de l&#039;habitat de la CAF | Mes-Allocs.fr<\/title>\n<meta name=\"description\" content=\"Il existe diff\u00e9rents pr\u00eats pour am\u00e9liorer les performances \u00e9nerg\u00e9tiques de votre habitation. Mes Allocs vous informe sur le pr\u00eat de la CAF.\" \/>\n<meta name=\"robots\" content=\"index, follow, max-snippet:-1, max-image-preview:large, max-video-preview:-1\" \/>\n<link rel=\"canonical\" href=\"https:\/\/www.mes-allocs.fr\/guides\/aide-renovation\/pret-amelioration-habitat-caf\/\" \/>\n<meta property=\"og:locale\" content=\"fr_FR\" \/>\n<meta property=\"og:type\" content=\"article\" \/>\n<meta property=\"og:title\" content=\"Le pr\u00eat \u00e0 l&#039;am\u00e9lioration de l&#039;habitat de la CAF | Mes-Allocs.fr\" \/>\n<meta property=\"og:description\" content=\"Il existe diff\u00e9rents pr\u00eats pour am\u00e9liorer les performances \u00e9nerg\u00e9tiques de votre habitation. Mes Allocs vous informe sur le pr\u00eat de la CAF.\" \/>\n<meta property=\"og:url\" content=\"https:\/\/www.mes-allocs.fr\/guides\/aide-renovation\/pret-amelioration-habitat-caf\/\" \/>\n<meta property=\"og:site_name\" content=\"Mes-Allocs.fr\" \/>\n<meta property=\"article:published_time\" content=\"2021-10-07T13:04:15+00:00\" \/>\n<meta property=\"article:modified_time\" content=\"2026-02-19T16:28:25+00:00\" \/>\n<meta property=\"og:image\" content=\"https:\/\/www.mes-allocs.fr\/guides\/wp-content\/uploads\/2021\/09\/enveloppe-argent-1.jpg?wsr\" \/>\n\t<meta property=\"og:image:width\" content=\"1000\" \/>\n\t<meta property=\"og:image:height\" content=\"750\" \/>\n<meta name=\"twitter:card\" content=\"summary_large_image\" \/>\n<script type=\"application\/ld+json\" class=\"yoast-schema-graph\">{\"@context\":\"https:\/\/schema.org\",\"@graph\":[{\"@type\":\"WebSite\",\"@id\":\"https:\/\/www.mes-allocs.fr\/guides\/#website\",\"url\":\"https:\/\/www.mes-allocs.fr\/guides\/\",\"name\":\"Mes-Allocs.fr\",\"description\":\"\",\"potentialAction\":[{\"@type\":\"SearchAction\",\"target\":\"https:\/\/www.mes-allocs.fr\/guides\/?s={search_term_string}\",\"query-input\":\"required name=search_term_string\"}],\"inLanguage\":\"fr-FR\"},{\"@type\":\"ImageObject\",\"@id\":\"https:\/\/www.mes-allocs.fr\/guides\/aide-renovation\/pret-amelioration-habitat-caf\/#primaryimage\",\"inLanguage\":\"fr-FR\",\"url\":\"https:\/\/www.mes-allocs.fr\/guides\/wp-content\/uploads\/2021\/09\/enveloppe-argent-1.jpg?wsr\",\"width\":1000,\"height\":750,\"caption\":\"pret amelioration habitat caf\"},{\"@type\":\"WebPage\",\"@id\":\"https:\/\/www.mes-allocs.fr\/guides\/aide-renovation\/pret-amelioration-habitat-caf\/#webpage\",\"url\":\"https:\/\/www.mes-allocs.fr\/guides\/aide-renovation\/pret-amelioration-habitat-caf\/\",\"name\":\"Le pr\\u00eat \\u00e0 l'am\\u00e9lioration de l'habitat de la CAF | Mes-Allocs.fr\",\"isPartOf\":{\"@id\":\"https:\/\/www.mes-allocs.fr\/guides\/#website\"},\"primaryImageOfPage\":{\"@id\":\"https:\/\/www.mes-allocs.fr\/guides\/aide-renovation\/pret-amelioration-habitat-caf\/#primaryimage\"},\"datePublished\":\"2021-10-07T13:04:15+00:00\",\"dateModified\":\"2026-02-19T16:28:25+00:00\",\"author\":{\"@id\":\"https:\/\/www.mes-allocs.fr\/guides\/#\/schema\/person\/c3664ba41f27bc0d9f3683bf3906300c\"},\"description\":\"Il existe diff\\u00e9rents pr\\u00eats pour am\\u00e9liorer les performances \\u00e9nerg\\u00e9tiques de votre habitation. Mes Allocs vous informe sur le pr\\u00eat de la CAF.\",\"inLanguage\":\"fr-FR\"},{\"@type\":\"Person\",\"@id\":\"https:\/\/www.mes-allocs.fr\/guides\/#\/schema\/person\/c3664ba41f27bc0d9f3683bf3906300c\",\"name\":\"Gabrielle Duchemin\",\"image\":{\"@type\":\"ImageObject\",\"@id\":\"https:\/\/www.mes-allocs.fr\/guides\/#personlogo\",\"inLanguage\":\"fr-FR\",\"url\":\"https:\/\/www.mes-allocs.fr\/guides\/wp-content\/uploads\/2023\/02\/386E5DFE-70F4-4932-B10B-B3E8F5AC454D-e1677586370944-150x150.jpg\",\"caption\":\"Gabrielle Duchemin\"},\"description\":\"Gabrielle est juriste sp\\u00e9cialis\\u00e9e en droit du num\\u00e9rique et de la protection sociale. Elle rejoint Mes Allocs apr\\u00e8s une premi\\u00e8re exp\\u00e9rience dans le secteur bancaire.\",\"sameAs\":[\"https:\/\/www.linkedin.com\/in\/gabrielle-duchemin-b1126214b\/\"]}]}<\/script>\n<!-- \/ Yoast SEO plugin. -->","amp_validity":null,"acf":{"faq":{"1":{"question":"En quoi consistent les cr\u00e9dits d'imp\u00f4ts en faveur de l'aide \u00e0 la personne ?","answer":"Le cr\u00e9dit d\u2019imp\u00f4t d\u2019aide \u00e0 la personne est un dispositif fiscal. Il permet aux foyers de d\u00e9duire de leur imp\u00f4t sur le revenu 25 % des d\u00e9penses destin\u00e9es \u00e0 l'installation d'\u00e9quipements pr\u00e9vus pour les personnes \u00e2g\u00e9es ou handicap\u00e9es. Il permet \u00e9galement de d\u00e9duire 40 % des d\u00e9penses prescrites par un plan de pr\u00e9vention des risques technologiques. Le cr\u00e9dit d'imp\u00f4t est applicable, selon les d\u00e9penses, aux immeubles neufs ou anciens, individuels ou collectifs."},"2":{"question":"\u00c0 quoi servent les aides des entreprises de fourniture d'\u00e9nergie (CEE) ?","answer":"Dans le cadre des Certificats d'\u00c9conomies d'\u00c9nergie (CEE), les entreprises de fourniture d\u2019\u00e9nergie (EDF, Engie, Total\u2026) offrent des aides pour la r\u00e9alisation de travaux d'\u00e9conomies d'\u00e9nergie. Ces travaux doivent \u00eatre effectu\u00e9s par\u00a0un\u00a0professionnel reconnu garant de l\u2019environnement\u00a0(RGE).\r\n"},"3":{"question":"Avec quelle aide peut-on cumuler l'\u00e9co pr\u00eat \u00e0 taux z\u00e9ro ? ","answer":"L'\u00e9co-PTZ peut \u00eatre cumulable avec les aides de l'Anah et aide des collectivit\u00e9s territoriales, les certificats d'\u00e9conomies d'\u00e9nergie\r\net le PTZ pour l'accession \u00e0 la propri\u00e9t\u00e9"},"4":{"question":"Qu'est-ce que le dispositif \u00ab Coup de pouce chauffage \u00bb ?","answer":"L\u2019objectif de ce dispositif est permettre aux foyers en situation de pr\u00e9carit\u00e9 \u00e9nerg\u00e9tique de toucher des aides plus importantes.\r\n"},"5":{"question":"","answer":""},"6":{"question":"","answer":""},"7":{"question":"","answer":""},"8":{"question":"","answer":""},"9":{"question":"","answer":""},"10":{"question":"","answer":""},"11":{"question":"","answer":""},"12":{"question":"","answer":""},"13":{"question":"","answer":""},"14":{"question":"","answer":""},"15":{"question":"","answer":""},"16":{"question":"","answer":""}}},"_links":{"self":[{"href":"https:\/\/www.mes-allocs.fr\/guides\/wp-json\/wp\/v2\/posts\/38156","targetHints":{"allow":["GET"]}}],"collection":[{"href":"https:\/\/www.mes-allocs.fr\/guides\/wp-json\/wp\/v2\/posts"}],"about":[{"href":"https:\/\/www.mes-allocs.fr\/guides\/wp-json\/wp\/v2\/types\/post"}],"author":[{"embeddable":true,"href":"https:\/\/www.mes-allocs.fr\/guides\/wp-json\/wp\/v2\/users\/23"}],"replies":[{"embeddable":true,"href":"https:\/\/www.mes-allocs.fr\/guides\/wp-json\/wp\/v2\/comments?post=38156"}],"version-history":[{"count":31,"href":"https:\/\/www.mes-allocs.fr\/guides\/wp-json\/wp\/v2\/posts\/38156\/revisions"}],"predecessor-version":[{"id":109428,"href":"https:\/\/www.mes-allocs.fr\/guides\/wp-json\/wp\/v2\/posts\/38156\/revisions\/109428"}],"wp:featuredmedia":[{"embeddable":true,"href":"https:\/\/www.mes-allocs.fr\/guides\/wp-json\/wp\/v2\/media\/38159"}],"wp:attachment":[{"href":"https:\/\/www.mes-allocs.fr\/guides\/wp-json\/wp\/v2\/media?parent=38156"}],"wp:term":[{"taxonomy":"category","embeddable":true,"href":"https:\/\/www.mes-allocs.fr\/guides\/wp-json\/wp\/v2\/categories?post=38156"},{"taxonomy":"post_tag","embeddable":true,"href":"https:\/\/www.mes-allocs.fr\/guides\/wp-json\/wp\/v2\/tags?post=38156"}],"curies":[{"name":"wp","href":"https:\/\/api.w.org\/{rel}","templated":true}]}}