{"id":38024,"date":"2021-10-07T15:00:35","date_gmt":"2021-10-07T13:00:35","guid":{"rendered":"https:\/\/www.mes-allocs.fr\/guides\/?p=38024"},"modified":"2025-10-24T18:19:42","modified_gmt":"2025-10-24T16:19:42","slug":"droit-au-chomage-retour-en-france","status":"publish","type":"post","link":"https:\/\/www.mes-allocs.fr\/guides\/aide-expatriation\/pole-emploi-expatrie\/droit-au-chomage-retour-en-france\/","title":{"rendered":"Peut-on avoir le droit au ch\u00f4mage de retour en France ?"},"content":{"rendered":"<p><img loading=\"lazy\" decoding=\"async\" class=\"aligncenter wp-image-38027 \" title=\"droit au chomage retour en france\" src=\"https:\/\/www.mes-allocs.fr\/guides\/wp-content\/uploads\/2021\/09\/valise--e1693987592167.jpg\" alt=\"droit au chomage retour en france\" width=\"1330\" height=\"475\" srcset=\"https:\/\/www.mes-allocs.fr\/guides\/wp-content\/uploads\/2021\/09\/valise--e1693987592167.jpg 1125w, https:\/\/www.mes-allocs.fr\/guides\/wp-content\/uploads\/2021\/09\/valise--e1693987592167-300x107.jpg 300w, https:\/\/www.mes-allocs.fr\/guides\/wp-content\/uploads\/2021\/09\/valise--e1693987592167-1024x366.jpg 1024w, https:\/\/www.mes-allocs.fr\/guides\/wp-content\/uploads\/2021\/09\/valise--e1693987592167-768x274.jpg 768w, https:\/\/www.mes-allocs.fr\/guides\/wp-content\/uploads\/2021\/09\/valise--e1693987592167-600x214.jpg 600w\" sizes=\"auto, (max-width: 1330px) 100vw, 1330px\" \/><\/p>\n<p style=\"text-align: justify;\"><strong>En tant qu&rsquo;expatri\u00e9, vous pouvez b\u00e9n\u00e9ficier de certaines <a href=\"https:\/\/www.mes-allocs.fr\/guides\/aide-expatriation\/\">aides<\/a> qui peuvent concerner diff\u00e9rents aspects de votre vie. Ces aides vont m\u00eame jusqu&rsquo;\u00e0 votre retour en France. En effet, vous pouvez b\u00e9n\u00e9ficier de vos droits au ch\u00f4mage \u00e0 votre retour en France. Mais alors, comment faire ? On vous explique.\u00a0<\/strong><\/p>\n<p style=\"text-align: justify;\"><span style=\"font-weight: 400;\"><div class='cta-block'><div class='text'>Simulez toutes vos aides en 2 min.<\/div><a href='' class='app-button fit'>Simulation gratuite<\/a><\/div><\/span><\/p>\n<h1 style=\"text-align: justify;\"><span id=\"Etre_expatrie_quest-ce_que_cela_signifie\">\u00catre expatri\u00e9, qu\u2019est-ce que cela signifie ?<\/span><\/h1>\n<h2>Rappel du statut d&rsquo;expatri\u00e9<\/h2>\n<p style=\"text-align: justify;\">Selon la loi, un fran\u00e7ais partant \u00e0 l\u2019\u00e9tranger pour exercer \u00e0 titre principal une activit\u00e9 professionnelle b\u00e9n\u00e9ficie du statut d\u2019expatri\u00e9.<\/p>\n<p style=\"text-align: justify;\">Il peut \u00eatre soumis indiff\u00e9remment \u00e0 :<\/p>\n<ul style=\"text-align: justify;\">\n<li>un\u00a0contrat de travail r\u00e9gi par le droit local,<\/li>\n<li>\u00e0 un\u00a0contrat de travail aupr\u00e8s d\u2019une entreprise fran\u00e7aise,<\/li>\n<li>ou encore, exercer une\u00a0activit\u00e9 ind\u00e9pendante sur place.<\/li>\n<\/ul>\n<p style=\"text-align: justify;\">Pendant sa p\u00e9riode d\u2019exercice \u00e0 l\u2019\u00e9tranger, l\u2019expatri\u00e9 rompt totalement son lien avec le syst\u00e8me social fran\u00e7ais. Sauf en cas d\u2019adh\u00e9sion \u00e0 la Caisse des Fran\u00e7ais de l\u2019\u00c9tranger (CFE).<\/p>\n<p style=\"text-align: justify;\">C\u2019est ce qui le distingue principalement du travailleur d\u00e9tach\u00e9, lequel conserve quant \u00e0 lui une attache fonctionnelle avec son employeur et la S\u00e9curit\u00e9 sociale. Le d\u00e9tach\u00e9 n\u2019est donc pas consid\u00e9r\u00e9 comme un expatri\u00e9 en droit fran\u00e7ais, sauf si le salari\u00e9 choisit de rester \u00e0 l\u2019\u00e9tranger \u00e0 l\u2019expiration de son d\u00e9tachement. France Travail prend en compte les p\u00e9riodes de travail r\u00e9alis\u00e9es \u00e0 l\u2019\u00e9tranger<\/p>\n<h2 style=\"text-align: justify;\">Quels avantages li\u00e9s \u00e0 votre statut d&rsquo;expatri\u00e9 ?<\/h2>\n<p style=\"text-align: justify;\">Le statut d\u2019expatri\u00e9 vous permet de b\u00e9n\u00e9ficier d\u2019une fiscalit\u00e9 moins lourde que celle des travailleurs fran\u00e7ais,\u00a0 n\u00e9anmoins la protection sociale est moins avantageuse.<\/p>\n<p style=\"text-align: justify;\">Selon votre pays d\u2019expatriation, si vous restez dans l\u2019 Union Europ\u00e9enne ou non, il est parfois judicieux de prendre un contrat d\u2019assurances, selon dans vos int\u00e9r\u00eats \u00e9conomiques.<\/p>\n<p style=\"text-align: justify;\">Cependant, si vous conservez une r\u00e9sidence en France pendant votre p\u00e9riode d\u2019expatriation, vous restez imposable \u00e0 l\u2019imp\u00f4t fran\u00e7ais, y compris pendant les mois de r\u00e9sidence \u00e0 l\u2019\u00e9tranger.<\/p>\n<h1 class=\"amp-wp-7d27179\" style=\"text-align: justify;\" data-amp-original-style=\"text-align: justify;\"><span id=\"Lallocation_de_retour_a_lemploi\">L\u2019allocation ch\u00f4mage \u00e0 votre retour en France<\/span><\/h1>\n<h2 class=\"amp-wp-7d27179\" style=\"text-align: justify;\" data-amp-original-style=\"text-align: justify;\"><span id=\"Petite_definition\">Qu&rsquo;est-ce que l&rsquo;allocation de retour \u00e0 l&#8217;emploi ?<\/span><\/h2>\n<p class=\"amp-wp-7d27179\" style=\"text-align: justify;\" data-amp-original-style=\"text-align: justify;\">En cas de perte d\u2019emploi, vous pouvez percevoir des <a href=\"https:\/\/www.mes-allocs.fr\/guides\/aide-expatriation\/pole-emploi-expatrie\/\">allocations ch\u00f4mage durant votre expatriation<\/a>. Ces derni\u00e8res vont vous permettre de ne pas vous retrouver sans revenus pendant cette p\u00e9riode. Il existe plusieurs aides.\u00a0Ce sont par exemple\u00a0:<\/p>\n<ul class=\"amp-wp-7d27179\" style=\"text-align: justify;\" data-amp-original-style=\"text-align: justify;\">\n<li>en cas de ch\u00f4mage partiel\u00a0: les allocations sp\u00e9cifiques de ch\u00f4mage partiel, l\u2019indemnit\u00e9 compl\u00e9mentaire de ch\u00f4mage partiel ou l\u2019allocation compl\u00e9mentaire vers\u00e9e en vertu de l\u2019article L3232-5 du Code du Travail destin\u00e9e \u00e0 garantir le salaire minimum de croissance ;<\/li>\n<li>en cas de perte totale d\u2019emploi : l\u2019Aide de Retour \u00e0 l\u2019Emploi (ARE), l\u2019Allocation de Solidarit\u00e9 Sp\u00e9cifique (ASS), l\u2019allocation en faveur des demandeurs d\u2019emploi en formation.<\/li>\n<\/ul>\n<p style=\"text-align: justify;\"><span style=\"font-weight: 400;\"><div class='cta-block'><div class='text'>Simulez toutes vos aides en 2 min.<\/div><a href='' class='app-button fit'>Simulation gratuite<\/a><\/div><\/span><\/p>\n<h2 class=\"amp-wp-7d27179\" style=\"text-align: justify;\" data-amp-original-style=\"text-align: justify;\"><span id=\"A_quoi_sert_ces_aides\">\u00c0 quoi sert cette aide de France Travail ?<\/span><\/h2>\n<p class=\"amp-wp-7d27179\" style=\"text-align: justify;\" data-amp-original-style=\"text-align: justify;\">Ces indemnit\u00e9s li\u00e9es \u00e0 la p\u00e9riode de ch\u00f4mage sont destin\u00e9es \u00e0 remplacer votre revenu d\u2019activit\u00e9 et, \u00e0 ce titre, elles sont soumises \u00e0 l\u2019imp\u00f4t sur le revenu dans la cat\u00e9gorie des traitements et salaires.<br \/>\nVous devez donc les d\u00e9clarer dans votre d\u00e9claration de revenus. Cela se fait sur les cases 1AP \u00e0 1DP pour les allocations de ch\u00f4mage total, et cases 1AJ \u00e0 ADJ en cas de ch\u00f4mage partiel. Si vous \u00eates concern\u00e9s par le pr\u00e9l\u00e8vement \u00e0 la source, vous n\u2019\u00eates pas concern\u00e9s.<\/p>\n<p class=\"amp-wp-7d27179\" style=\"text-align: justify;\" data-amp-original-style=\"text-align: justify;\">Les indemnit\u00e9s d\u2019activit\u00e9 partielle li\u00e9e \u00e0 l\u2019\u00e9pid\u00e9mie de Covid-19 que vous avez per\u00e7ues en 2020 sont \u00e0 ajouter aux revenus provenant de la m\u00eame activit\u00e9 (cases 1AJ \u00e0 1DJ ou, si vous \u00eates salari\u00e9 d\u2019un particulier employeur, cases 1AA \u00e0 1DA).<\/p>\n<p class=\"amp-wp-7d27179\" style=\"text-align: justify;\" data-amp-original-style=\"text-align: justify;\">Le montant de ces allocations sera pr\u00e9-rempli sur votre d\u00e9claration de revenus. Vous devez vous assurer que les sommes mentionn\u00e9es sont belles et bien identiques \u00e0 celles figurant sur les attestations fournies par France Travail. Nous vous conseillons de bien conserver ces justificatifs.<\/p>\n<p data-amp-original-style=\"text-align: justify;\">Faites appel \u00e0 l&rsquo;\u00e9quipe Mes Allocs pour connaitre les conditions pour <a href=\"https:\/\/www.mes-allocs.fr\/guides\/aide-expatriation\/pole-emploi-expatrie\/toucher-le-chomage-en-france-et-travailler-a-l-etranger\/\">toucher du ch\u00f4mage en France tout en travaillant \u00e0 l&rsquo;\u00e9tranger<\/a>.<\/p>\n<p><iframe loading=\"lazy\" title=\"Les aides \u00e0 l&#039;expatriation\" width=\"500\" height=\"281\" src=\"https:\/\/www.youtube.com\/embed\/rFUO4um_G0M?feature=oembed\" frameborder=\"0\" allow=\"accelerometer; autoplay; clipboard-write; encrypted-media; gyroscope; picture-in-picture; web-share\" referrerpolicy=\"strict-origin-when-cross-origin\" allowfullscreen><\/iframe><\/p>\n<h2 style=\"text-align: justify;\" data-amp-original-style=\"text-align: justify;\">Pouvez-vous b\u00e9n\u00e9ficier du ch\u00f4mage \u00e0 votre retour en France ?<\/h2>\n<p style=\"text-align: justify;\">Le droit aux allocations ch\u00f4mage diff\u00e8re selon que vous reveniez d&rsquo;un pays de <span class=\"glossaire tooltip-glossaire\" data-tip=\"\" data-for=\"glossaire-R42218\" data-event=\"click\" data-event-off=\"mouseleave\">l&rsquo;Espace \u00e9conomique europ\u00e9en (EEE)<\/span>, de Suisse ou d&rsquo;un autre pays.<\/p>\n<h3 id=\"summary1\" class=\"target Cas\" style=\"text-align: justify;\">Espace \u00e9conomique europ\u00e9en (EEE) ou Suisse<\/h3>\n<div class=\"bloccas\">\n<div class=\"cas\">\n<h4 id=\"summary2\" class=\"target Cas\" style=\"text-align: justify;\">Vous avez perdu votre emploi et vous revenez en France<\/h4>\n<p style=\"text-align: justify;\"><span class=\"miseenevidence\">Avant de revenir en France<\/span>, procurez-vous le <span class=\"expression\">document portable U1<\/span> aupr\u00e8s de l&rsquo;institution comp\u00e9tente en mati\u00e8re d&rsquo;assurance ch\u00f4mage de votre ancien \u00c9tat d&#8217;emploi.<\/p>\n<p style=\"text-align: justify;\">Ce formulaire r\u00e9capitule les p\u00e9riodes d&rsquo;assurance ou d&#8217;emploi accomplies pour calculer vos droits au ch\u00f4mage.\u00a0Si vous n&rsquo;avez pas le <span class=\"expression\">document portable U1<\/span>, adressez-vous au France Travail de votre domicile pour qu&rsquo;il le demande. <span class=\"miseenevidence\">\u00c0 votre retour en France<\/span>, vous devez travailler au moins 1 journ\u00e9e pour pouvoir percevoir une indemnisation ch\u00f4mage. Inscrivez-vous comme demandeur d&#8217;emploi aupr\u00e8s de France Travail.<\/p>\n<p style=\"text-align: justify;\">Pour calculer votre dur\u00e9e d&rsquo;affiliation, France Travail prend en compte les p\u00e9riodes de travail accomplies \u00e0 l&rsquo;\u00e9tranger indiqu\u00e9es sur le <span class=\"expression\">document portable U1<\/span>.<\/p>\n<p style=\"text-align: justify;\">Pour calculer le montant de votre allocation, France Travail prend en compte vos seules r\u00e9mun\u00e9rations per\u00e7ues en France apr\u00e8s votre retour d&rsquo;expatriation.<\/p>\n<p>En cas de besoin, un expert de l&rsquo;\u00e9quipe Mes Allocs peut <a href=\"https:\/\/www.mes-allocs.fr\/souscription\" target=\"_blank\" rel=\"noopener\">vous accompagner<\/a> dans ces d\u00e9marches pour vous faire gagner du temps et de l&rsquo;argent.<\/p>\n<h4 id=\"summary3\" class=\"target Cas\" style=\"text-align: justify;\">Vous \u00eates indemnis\u00e9 dans le pays d&#8217;emploi et vous revenez en France<\/h4>\n<p style=\"text-align: justify;\"><span class=\"miseenevidence\">Avant de revenir en France<\/span>, procurez-vous le <span class=\"expression\">document portable U2<\/span> aupr\u00e8s de l&rsquo;organisme payeur de vos allocations ch\u00f4mage.Ce document atteste de la dur\u00e9e du maintien de vos droits aux prestations de ch\u00f4mage (dans la limite de 3 mois, cette p\u00e9riode pouvant \u00eatre prolong\u00e9e jusqu&rsquo;\u00e0 6 mois).<\/p>\n<p style=\"text-align: justify;\"><span class=\"miseenevidence\">\u00c0 votre retour en France,<\/span> vous devez vous inscrire au France Travail de votre domicile dans les <span class=\"miseenevidence\">7 jours<\/span> qui suivent la date de fin d&rsquo;inscription dans l\u2019\u00c9tat quitt\u00e9. Vous remettez \u00e0 France Travail le <span class=\"expression\">document portable\u00a0U2<\/span> .<\/p>\n<p style=\"text-align: justify;\">L&rsquo;organisme payeur de vos allocations ch\u00f4mage \u00e0 l&rsquo;\u00e9tranger continue de vous les verser mais c&rsquo;est France Travail qui suit votre recherche d&#8217;emploi en France.<\/p>\n<h3 id=\"summary4\" class=\"target Cas\" style=\"text-align: justify;\">Autres pays<\/h3>\n<div class=\"bloccas\">\n<div class=\"cas\">\n<div class=\"bloccas\">\n<div class=\"cas\">\n<h4 class=\"target Cas\" style=\"text-align: justify;\">Vous avez perdu votre emploi dans le pays d&rsquo;accueil<\/h4>\n<p style=\"text-align: justify;\"><span class=\"miseenevidence\">\u00c0 votre retour en France<\/span>, vous devez vous inscrire comme demandeur d&#8217;emploi au France Travail de votre domicile dans les<span class=\"miseenevidence\"> 12 mois<\/span> suivant la perte de votre activit\u00e9.<\/p>\n<div class=\"cas\" style=\"text-align: justify;\">\n<div>\n<p>Pour calculer la dur\u00e9e de vos allocations, France Travail prend en compte la dur\u00e9e de votre affiliation et votre \u00e2ge \u00e0 la fin du contrat de travail. Pour calculer le montant de votre allocation, France Travail prend en compte les salaires per\u00e7us pendant l&rsquo;expatriation.<\/p>\n<p>Pour toute demande concernant votre dossier d&rsquo;allocation, adressez-vous au service Mobilit\u00e9 Internationale de France Travail services.<\/p>\n<\/div>\n<\/div>\n<div class=\"cas\">\n<h4 class=\"target Cas\" style=\"text-align: justify;\">Vous b\u00e9n\u00e9ficiez d&rsquo;une allocation ch\u00f4mage avant votre expatriation<\/h4>\n<p style=\"text-align: justify;\">Vous conservez vos droits \u00e0 l&rsquo;assurance ch\u00f4mage pendant 3 ans.\u00a0\u00c0 votre retour en France, vous pouvez b\u00e9n\u00e9ficier d&rsquo;une reprise du reste de vos anciens droits.<\/p>\n<div class=\"alert attention\">\n<p style=\"text-align: justify;\">Avant votre d\u00e9part \u00e0 l&rsquo;\u00e9tranger, n&rsquo;oubliez pas de d\u00e9clarer votre expatriation aupr\u00e8s de France Travail pour interrompre le versement de vos allocations.<\/p>\n<p style=\"text-align: justify;\"><span style=\"font-weight: 400;\"><div class='cta-block'><div class='text'>Simulez toutes vos aides en 2 min.<\/div><a href='' class='app-button fit'>Simulation gratuite<\/a><\/div><\/span><\/p>\n<\/div>\n<\/div>\n<\/div>\n<\/div>\n<\/div>\n<\/div>\n<\/div>\n<\/div>\n","protected":false},"excerpt":{"rendered":"<p>En tant qu&rsquo;expatri\u00e9, vous pouvez b\u00e9n\u00e9ficier de certaines aides qui peuvent concerner diff\u00e9rents aspects de votre vie. Ces aides vont m\u00eame jusqu&rsquo;\u00e0 votre retour en France. En effet, vous pouvez b\u00e9n\u00e9ficier de vos droits au ch\u00f4mage \u00e0 votre retour en France. Mais alors, comment faire ? On vous explique.\u00a0 \u00catre expatri\u00e9, qu\u2019est-ce que cela signifie [&hellip;]<\/p>\n","protected":false},"author":6,"featured_media":105238,"comment_status":"open","ping_status":"open","sticky":false,"template":"","format":"standard","meta":{"amp_status":"","footnotes":""},"categories":[8642,14835],"tags":[],"class_list":["post-38024","post","type-post","status-publish","format-standard","has-post-thumbnail","hentry","category-aide-expatriation","category-pole-emploi-expatrie"],"yoast_head":"<!-- This site is optimized with the Yoast SEO plugin v14.9 - https:\/\/yoast.com\/wordpress\/plugins\/seo\/ -->\n<title>Peut-on avoir le droit au ch\u00f4mage de retour en France ? | Mes-Allocs.fr<\/title>\n<meta name=\"description\" content=\"Est-il possible de b\u00e9n\u00e9ficier de l&#039;allocation ch\u00f4mage lorsque l&#039;on est de retour en France apr\u00e8s une expatriation ? Mes Allocs vous explique.\" \/>\n<meta name=\"robots\" content=\"index, follow, max-snippet:-1, max-image-preview:large, max-video-preview:-1\" \/>\n<link rel=\"canonical\" href=\"https:\/\/www.mes-allocs.fr\/guides\/aide-expatriation\/pole-emploi-expatrie\/droit-au-chomage-retour-en-france\/\" \/>\n<meta property=\"og:locale\" content=\"fr_FR\" \/>\n<meta property=\"og:type\" content=\"article\" \/>\n<meta property=\"og:title\" content=\"Peut-on avoir le droit au ch\u00f4mage de retour en France ? | Mes-Allocs.fr\" \/>\n<meta property=\"og:description\" content=\"Est-il possible de b\u00e9n\u00e9ficier de l&#039;allocation ch\u00f4mage lorsque l&#039;on est de retour en France apr\u00e8s une expatriation ? Mes Allocs vous explique.\" \/>\n<meta property=\"og:url\" content=\"https:\/\/www.mes-allocs.fr\/guides\/aide-expatriation\/pole-emploi-expatrie\/droit-au-chomage-retour-en-france\/\" \/>\n<meta property=\"og:site_name\" content=\"Mes-Allocs.fr\" \/>\n<meta property=\"article:published_time\" content=\"2021-10-07T13:00:35+00:00\" \/>\n<meta property=\"article:modified_time\" content=\"2025-10-24T16:19:42+00:00\" \/>\n<meta property=\"og:image\" content=\"https:\/\/www.mes-allocs.fr\/guides\/wp-content\/uploads\/2021\/10\/droit-chomage-retour-france.jpg?wsr\" \/>\n\t<meta property=\"og:image:width\" content=\"1920\" \/>\n\t<meta property=\"og:image:height\" content=\"1280\" \/>\n<meta name=\"twitter:card\" content=\"summary_large_image\" \/>\n<script type=\"application\/ld+json\" class=\"yoast-schema-graph\">{\"@context\":\"https:\/\/schema.org\",\"@graph\":[{\"@type\":\"WebSite\",\"@id\":\"https:\/\/www.mes-allocs.fr\/guides\/#website\",\"url\":\"https:\/\/www.mes-allocs.fr\/guides\/\",\"name\":\"Mes-Allocs.fr\",\"description\":\"\",\"potentialAction\":[{\"@type\":\"SearchAction\",\"target\":\"https:\/\/www.mes-allocs.fr\/guides\/?s={search_term_string}\",\"query-input\":\"required name=search_term_string\"}],\"inLanguage\":\"fr-FR\"},{\"@type\":\"ImageObject\",\"@id\":\"https:\/\/www.mes-allocs.fr\/guides\/aide-expatriation\/pole-emploi-expatrie\/droit-au-chomage-retour-en-france\/#primaryimage\",\"inLanguage\":\"fr-FR\",\"url\":\"https:\/\/www.mes-allocs.fr\/guides\/wp-content\/uploads\/2021\/10\/droit-chomage-retour-france.jpg?wsr\",\"width\":1920,\"height\":1280,\"caption\":\"droit chomage retour france\"},{\"@type\":\"WebPage\",\"@id\":\"https:\/\/www.mes-allocs.fr\/guides\/aide-expatriation\/pole-emploi-expatrie\/droit-au-chomage-retour-en-france\/#webpage\",\"url\":\"https:\/\/www.mes-allocs.fr\/guides\/aide-expatriation\/pole-emploi-expatrie\/droit-au-chomage-retour-en-france\/\",\"name\":\"Peut-on avoir le droit au ch\\u00f4mage de retour en France ? | Mes-Allocs.fr\",\"isPartOf\":{\"@id\":\"https:\/\/www.mes-allocs.fr\/guides\/#website\"},\"primaryImageOfPage\":{\"@id\":\"https:\/\/www.mes-allocs.fr\/guides\/aide-expatriation\/pole-emploi-expatrie\/droit-au-chomage-retour-en-france\/#primaryimage\"},\"datePublished\":\"2021-10-07T13:00:35+00:00\",\"dateModified\":\"2025-10-24T16:19:42+00:00\",\"author\":{\"@id\":\"https:\/\/www.mes-allocs.fr\/guides\/#\/schema\/person\/0ecd61a8600573914d00d970a588c024\"},\"description\":\"Est-il possible de b\\u00e9n\\u00e9ficier de l'allocation ch\\u00f4mage lorsque l'on est de retour en France apr\\u00e8s une expatriation ? Mes Allocs vous explique.\",\"inLanguage\":\"fr-FR\"},{\"@type\":\"Person\",\"@id\":\"https:\/\/www.mes-allocs.fr\/guides\/#\/schema\/person\/0ecd61a8600573914d00d970a588c024\",\"name\":\"Jonathan\",\"image\":{\"@type\":\"ImageObject\",\"@id\":\"https:\/\/www.mes-allocs.fr\/guides\/#personlogo\",\"inLanguage\":\"fr-FR\",\"url\":\"https:\/\/www.mes-allocs.fr\/guides\/wp-content\/uploads\/2021\/06\/jonathan-150x150.png\",\"caption\":\"Jonathan\"},\"description\":\"Jonathan est r\\u00e9dacteur au sein de l'\\u00e9quipe Mes Allocs, sp\\u00e9cialis\\u00e9 sur les sujets li\\u00e9s au handicap. Dipl\\u00f4m\\u00e9e de l'UPEM, il rejoint Mes Allocs apr\\u00e8s avoir travaill\\u00e9 \\u00e0 l'association AEDE qui accompagne les adultes en situation de handicap. Quand il n'\\u00e9crit pas, on peut le retrouver sur un terrain de basket.\",\"sameAs\":[\"https:\/\/www.linkedin.com\/in\/jonathan-bambela-8637861b7\"]}]}<\/script>\n<!-- \/ Yoast SEO plugin. -->","amp_validity":null,"acf":{"faq":{"1":{"question":"Quand est-on consid\u00e9r\u00e9 comme expatri\u00e9 ?","answer":"Le lieu de s\u00e9jour principal de l'expatri\u00e9, mais aussi de sa famille, pendant la majeure partie de l'ann\u00e9e \u2013 soit au moins 183 jours."},"2":{"question":"Puis-je toucher le ch\u00f4mage si je pars \u00e0 l'\u00e9tranger ?","answer":"Vous devez r\u00e9sider dans le pays qui vous verse des allocations de ch\u00f4mage. Cependant, sous certaines conditions, vous pouvez vous rendre dans un autre pays de l'UE pour y chercher du travail, tout en continuant \u00e0 recevoir vos allocations du pays dans lequel vous avez perdu votre emploi."},"3":{"question":"Comment faire pour toucher le ch\u00f4mage apr\u00e8s une d\u00e9mission ?","answer":"La d\u00e9mission l\u00e9gitime n'est pas l'unique cas qui ouvre droit au ch\u00f4mage apr\u00e8s une d\u00e9mission. Lorsque vous effectuez une reconversion professionnelle ou que vous cr\u00e9ez ou reprenez une entreprise, vous pouvez \u00e9galement b\u00e9n\u00e9ficier des allocations ch\u00f4mage."},"4":{"question":"Quel est le montant du ch\u00f4mage ?","answer":"Le montant du ch\u00f4mage vers\u00e9 par France Travail d\u00e9pend de votre ancien salaire, de votre situation personnelle et du nombre de jours travaill\u00e9s, il est donc calcul\u00e9 au cas par cas."},"5":{"question":"Quelle est la dur\u00e9e du ch\u00f4mage ?","answer":"Pour les 53-54 ans, la dur\u00e9e maximale est de 22,5 mois (684 jours). Pour les 55 ans et plus, elle est de 27 mois (822 jours)."},"6":{"question":"","answer":""},"7":{"question":"","answer":""},"8":{"question":"","answer":""},"9":{"question":"","answer":""},"10":{"question":"","answer":""},"11":{"question":"","answer":""},"12":{"question":"","answer":""},"13":{"question":"","answer":""},"14":{"question":"","answer":""},"15":{"question":"","answer":""},"16":{"question":"","answer":""}}},"_links":{"self":[{"href":"https:\/\/www.mes-allocs.fr\/guides\/wp-json\/wp\/v2\/posts\/38024","targetHints":{"allow":["GET"]}}],"collection":[{"href":"https:\/\/www.mes-allocs.fr\/guides\/wp-json\/wp\/v2\/posts"}],"about":[{"href":"https:\/\/www.mes-allocs.fr\/guides\/wp-json\/wp\/v2\/types\/post"}],"author":[{"embeddable":true,"href":"https:\/\/www.mes-allocs.fr\/guides\/wp-json\/wp\/v2\/users\/6"}],"replies":[{"embeddable":true,"href":"https:\/\/www.mes-allocs.fr\/guides\/wp-json\/wp\/v2\/comments?post=38024"}],"version-history":[{"count":19,"href":"https:\/\/www.mes-allocs.fr\/guides\/wp-json\/wp\/v2\/posts\/38024\/revisions"}],"predecessor-version":[{"id":102042,"href":"https:\/\/www.mes-allocs.fr\/guides\/wp-json\/wp\/v2\/posts\/38024\/revisions\/102042"}],"wp:featuredmedia":[{"embeddable":true,"href":"https:\/\/www.mes-allocs.fr\/guides\/wp-json\/wp\/v2\/media\/105238"}],"wp:attachment":[{"href":"https:\/\/www.mes-allocs.fr\/guides\/wp-json\/wp\/v2\/media?parent=38024"}],"wp:term":[{"taxonomy":"category","embeddable":true,"href":"https:\/\/www.mes-allocs.fr\/guides\/wp-json\/wp\/v2\/categories?post=38024"},{"taxonomy":"post_tag","embeddable":true,"href":"https:\/\/www.mes-allocs.fr\/guides\/wp-json\/wp\/v2\/tags?post=38024"}],"curies":[{"name":"wp","href":"https:\/\/api.w.org\/{rel}","templated":true}]}}