{"id":37971,"date":"2021-09-25T14:47:33","date_gmt":"2021-09-25T12:47:33","guid":{"rendered":"https:\/\/www.mes-allocs.fr\/guides\/?p=37971"},"modified":"2026-03-05T15:08:54","modified_gmt":"2026-03-05T14:08:54","slug":"formation-gratuite","status":"publish","type":"post","link":"https:\/\/www.mes-allocs.fr\/guides\/reconversion-professionnelle\/types-formation-professionnelle\/formation-gratuite\/","title":{"rendered":"Comment b\u00e9n\u00e9ficier d&rsquo;une formation gratuite dans le cadre d&rsquo;une reconversion professionnelle ?"},"content":{"rendered":"<p><img loading=\"lazy\" decoding=\"async\" class=\"alignnone wp-image-37986 size-large\" title=\"formation gratuite\" src=\"https:\/\/www.mes-allocs.fr\/guides\/wp-content\/uploads\/2021\/09\/formation-gratuite-e1632740105579-1024x312.jpg\" alt=\"formation gratuite\" width=\"1024\" height=\"312\" srcset=\"https:\/\/www.mes-allocs.fr\/guides\/wp-content\/uploads\/2021\/09\/formation-gratuite-e1632740105579-1024x312.jpg 1024w, https:\/\/www.mes-allocs.fr\/guides\/wp-content\/uploads\/2021\/09\/formation-gratuite-e1632740105579-300x91.jpg 300w, https:\/\/www.mes-allocs.fr\/guides\/wp-content\/uploads\/2021\/09\/formation-gratuite-e1632740105579-768x234.jpg 768w, https:\/\/www.mes-allocs.fr\/guides\/wp-content\/uploads\/2021\/09\/formation-gratuite-e1632740105579-600x183.jpg 600w, https:\/\/www.mes-allocs.fr\/guides\/wp-content\/uploads\/2021\/09\/formation-gratuite-e1632740105579.jpg 1280w\" sizes=\"auto, (max-width: 1024px) 100vw, 1024px\" \/><\/p>\n<p>[Mis \u00e0 jour le 05\/03\/2026] Vous \u00eates \u00e0 la recherche d&rsquo;un emploi dans le cadre de votre <a href=\"https:\/\/www.mes-allocs.fr\/guides\/reconversion-professionnelle\/\">reconversion professionnelle<\/a> ? Vous souhaitez acqu\u00e9rir de nouvelles comp\u00e9tences ? Une <strong>formation gratuite<\/strong> est certainement ce qu&rsquo;il vous faut. D\u00e9couvrez comment en b\u00e9n\u00e9ficier !<\/p>\n<div class='cta-block'><div class='text'>Besoin d&rsquo;aide dans votre reconversion ?<\/div><a href='' class='app-button fit'>En savoir plus sur notre programme<\/a><\/div>\n<h1>Quelle formation gratuite choisir ?<\/h1>\n<p>De nombreuses <a href=\"https:\/\/www.mes-allocs.fr\/guides\/reconversion-professionnelle\/types-formation-professionnelle\/\">formations professionnelles<\/a> existent aujourd&rsquo;hui en France. Mais b\u00e9n\u00e9ficier d&rsquo;une formation gratuite est un vrai plus.<\/p>\n<p>Il existe plusieurs types de formations gratuites. D\u00e9couvrez-les et choisissez celle qui correspond le mieux \u00e0 vos attentes et \u00e0 votre situation actuelle. Pour cela, nous vous invitons \u00e0 r\u00e9aliser un bilan de comp\u00e9tences.<\/p>\n<h2><strong>Formation gratuite recens\u00e9e par France Travail<\/strong><\/h2>\n<p>La formation gratuite pour les demandeurs d\u2019emploi est financ\u00e9e par le Plan d\u2019Investissement dans les Comp\u00e9tences (PIC) et accessibles \u00e0 distance. Selon votre situation actuelle, certaines formations peuvent m\u00eame \u00eatre r\u00e9mun\u00e9r\u00e9es.<\/p>\n<p>Il s&rsquo;agit de <a href=\"https:\/\/www.mes-allocs.fr\/guides\/reconversion-professionnelle\/types-formation-professionnelle\/formation-distance\/\">formations \u00e0 distance<\/a>, mais elles pr\u00e9voient tout de m\u00eame un appui p\u00e9dagogique et des \u00e9changes r\u00e9guliers avec votre formateur. Nous vous pr\u00e9sentons ci-dessous une liste des organismes de formation gratuite \u00e0 distance via P\u00f4le emploi :<\/p>\n<ul>\n<li>AFPA ;<\/li>\n<li>Carri\u00e8res et conseil ;<\/li>\n<li>Centre national d\u2019enseignement \u00e0 distance ;<\/li>\n<li>Linguaphone ;<\/li>\n<li>Open class room ;<\/li>\n<li>Retravailler dans l\u2019ouest ;<\/li>\n<li>Skill and you studi.<\/li>\n<\/ul>\n<h2><strong>La Pr\u00e9paration Op\u00e9rationnelle \u00e0 l\u2019Emploi individuelle<\/strong><\/h2>\n<p>Ce dispositif connu \u00e9galement sous le nom de \u00ab\u2009POEI\u2009\u00bb a pour objectif de former une personne sur une ou plusieurs comp\u00e9tences afin de r\u00e9pondre \u00e0 une offre de recrutement. Cette formation \u00e9tant g\u00e9n\u00e9r\u00e9e par P\u00f4le emploi, seuls les demandeurs d\u2019emploi peuvent en b\u00e9n\u00e9ficier. Suite \u00e0 cette formation et selon votre niveau, l\u2019entreprise peut vous proposer un contrat de type CDD ou CDI.<\/p>\n<p><iframe loading=\"lazy\" title=\"La reconversion professionnelle\" width=\"500\" height=\"281\" src=\"https:\/\/www.youtube.com\/embed\/EiVUthswxl0?feature=oembed\" frameborder=\"0\" allow=\"accelerometer; autoplay; clipboard-write; encrypted-media; gyroscope; picture-in-picture; web-share\" referrerpolicy=\"strict-origin-when-cross-origin\" allowfullscreen><\/iframe><\/p>\n<h1><strong>Les GRETA\u00a0<\/strong><\/h1>\n<p>Les Greta\u00a0sont les structures de l&rsquo;\u00e9ducation nationale. Elles proposent des formations gratuites pour les adultes dans plusieurs domaines professionnels. Vous pouvez donc y pr\u00e9parer un dipl\u00f4me ou suivre un simple module.<\/p>\n<p>Ce type de formations semble \u00eatre adapt\u00e9 pour les personnes en pleine reconversion professionnelle.<\/p>\n<h2><strong>Cours par correspondance et cours du soir<\/strong><\/h2>\n<p>Avec la pand\u00e9mie li\u00e9e \u00e0 la Covid-19 et la d\u00e9mocratisation d\u2019internet, l&rsquo;apprentissage en ligne de plus en plus populaire et pr\u00e9sente. L\u2019avantage majeur est, bien entendu, de pouvoir planifier votre emploi du temps comme bon vous semble.<\/p>\n<p>Une formation gratuite est une bonne alternative pour les personnes qui poss\u00e8dent un emploi avec des heures de bureau. En effet, si vous \u00eates dans ce cas, vous pouvez effectuer vos cours en groupe ou en priv\u00e9 ;avec un professeur particulier selon le secteur choisi.<\/p>\n<h2><strong>Le MOOC\u00a0<\/strong><\/h2>\n<p>Le MOOC signifie \u00ab\u2009<em>Massiv Open Online Courses<\/em>\u2009\u00bb. En fran\u00e7ais, il s\u2019agit de formation gratuite mise en ligne g\u00e9n\u00e9ralement par les universit\u00e9s elles-m\u00eames. Elle est accessible \u00e0 tous et propose des cours avec une certification \u00e0 la fin. La r\u00e9f\u00e9rence dans ce type de formation se trouve \u00eatre France Universit\u00e9 Num\u00e9rique (FUN).<\/p>\n<h2>Le webinaire<\/h2>\n<div class=\"wp-block-image\">\n<figure class=\"aligncenter size-large is-resized\">Le webinaire est devenu un outil tr\u00e8s pratique de communication, qui fonctionne selon un syst\u00e8me de partage d\u2019\u00e9cran. L\u2019organisateur partage un dossier sur son bureau, puis il fait sa pr\u00e9sentation orale au fur et \u00e0 mesure devant un grand publique, avec la possibilit\u00e9 d\u2019intervenir et de poser des questions comme ils le font durant les r\u00e9unions physiques.Avantages du webinaire pour l\u2019apprenant :<\/p>\n<ul>\n<li>Une \u00e9conomie de temps et d\u2019argent<\/li>\n<li>Une Interactivit\u00e9 accrue<\/li>\n<li>Des contenus diversifi\u00e9s<\/li>\n<li>Enrichissement des connaissances<\/li>\n<li>L\u2019Information provient des sp\u00e9cialistes de leurs domaines.<\/li>\n<\/ul>\n<h1><span id=\"Les-mesures-de-financement\"><strong>Les mesures de financement pour votre formation<\/strong><\/span><\/h1>\n<h2><strong>Le CPF<\/strong><\/h2>\n<p>Le compte personnel de formation s&rsquo;adresse aux personnes de plus de 16 ans. Il permet de vous former tout au long de votre vie. Un salari\u00e9 \u00e0 temps plein r\u00e9colte <strong>500\u20ac<\/strong> par an, avec un plafond maximum de <strong>5 000\u20ac<\/strong>.<\/p>\n<h2><strong>Le PTP<\/strong><\/h2>\n<p>Le projet de transition professionnelle (PTP) vous permet de quitter temporairement son poste pour suivre une formation afin de changer de m\u00e9tier ou de profession.<\/p>\n<p>Il est accessible sous certaines conditions et n\u00e9cessite une demande aupr\u00e8s de l\u2019employeur. Pendant la formation, vous continuez d\u2019\u00eatre r\u00e9mun\u00e9r\u00e9.<\/p>\n<h2><strong>Les aides r\u00e9gionales<\/strong><\/h2>\n<p>Elles permettent de financer vos projets de formation.\u00a0Elles permettent \u00e9galement de r\u00e9pondre rapidement et de mani\u00e8re souple \u00e0 des demandes de formation professionnelle qui ne trouvent pas de r\u00e9ponse actuellement (ou qui rel\u00e8vent de m\u00e9tiers rares ou de secteurs en tension). Cela est financ\u00e9 par le conseil r\u00e9gional de votre r\u00e9gion.<\/p>\n<p><div class='cta-block'><div class='text'>Besoin d&rsquo;aide dans votre reconversion ?<\/div><a href='' class='app-button fit'>En savoir plus sur notre programme<\/a><\/div><\/figure>\n<\/div>\n","protected":false},"excerpt":{"rendered":"<p>[Mis \u00e0 jour le 05\/03\/2026] Vous \u00eates \u00e0 la recherche d&rsquo;un emploi dans le cadre de votre reconversion professionnelle ? Vous souhaitez acqu\u00e9rir de nouvelles comp\u00e9tences ? Une formation gratuite est certainement ce qu&rsquo;il vous faut. D\u00e9couvrez comment en b\u00e9n\u00e9ficier ! Quelle formation gratuite choisir ? De nombreuses formations professionnelles existent aujourd&rsquo;hui en France. Mais [&hellip;]<\/p>\n","protected":false},"author":7,"featured_media":37982,"comment_status":"open","ping_status":"open","sticky":false,"template":"","format":"standard","meta":{"amp_status":"","footnotes":""},"categories":[5081,10039],"tags":[],"class_list":["post-37971","post","type-post","status-publish","format-standard","has-post-thumbnail","hentry","category-reconversion-professionnelle","category-types-formation-professionnelle"],"yoast_head":"<!-- This site is optimized with the Yoast SEO plugin v14.9 - https:\/\/yoast.com\/wordpress\/plugins\/seo\/ -->\n<title>Formation gratuite dans le cadre de la reconversion professionnelle<\/title>\n<meta name=\"description\" content=\"Vous pouvez b\u00e9n\u00e9ficier d&#039;une formation gratuite dans le cadre de votre projet de reconversion professionnelle. Mes Allocs vous explique.\" \/>\n<meta name=\"robots\" content=\"index, follow, max-snippet:-1, max-image-preview:large, max-video-preview:-1\" \/>\n<link rel=\"canonical\" href=\"https:\/\/www.mes-allocs.fr\/guides\/reconversion-professionnelle\/types-formation-professionnelle\/formation-gratuite\/\" \/>\n<meta property=\"og:locale\" content=\"fr_FR\" \/>\n<meta property=\"og:type\" content=\"article\" \/>\n<meta property=\"og:title\" content=\"Formation gratuite dans le cadre de la reconversion professionnelle\" \/>\n<meta property=\"og:description\" content=\"Vous pouvez b\u00e9n\u00e9ficier d&#039;une formation gratuite dans le cadre de votre projet de reconversion professionnelle. Mes Allocs vous explique.\" \/>\n<meta property=\"og:url\" content=\"https:\/\/www.mes-allocs.fr\/guides\/reconversion-professionnelle\/types-formation-professionnelle\/formation-gratuite\/\" \/>\n<meta property=\"og:site_name\" content=\"Mes-Allocs.fr\" \/>\n<meta property=\"article:published_time\" content=\"2021-09-25T12:47:33+00:00\" \/>\n<meta property=\"article:modified_time\" content=\"2026-03-05T14:08:54+00:00\" \/>\n<meta property=\"og:image\" content=\"https:\/\/www.mes-allocs.fr\/guides\/wp-content\/uploads\/2021\/09\/Comment-trouver-une-formation-gratuite-.jpg?wsr\" \/>\n\t<meta property=\"og:image:width\" content=\"1280\" \/>\n\t<meta property=\"og:image:height\" content=\"853\" \/>\n<meta name=\"twitter:card\" content=\"summary_large_image\" \/>\n<script type=\"application\/ld+json\" class=\"yoast-schema-graph\">{\"@context\":\"https:\/\/schema.org\",\"@graph\":[{\"@type\":\"WebSite\",\"@id\":\"https:\/\/www.mes-allocs.fr\/guides\/#website\",\"url\":\"https:\/\/www.mes-allocs.fr\/guides\/\",\"name\":\"Mes-Allocs.fr\",\"description\":\"\",\"potentialAction\":[{\"@type\":\"SearchAction\",\"target\":\"https:\/\/www.mes-allocs.fr\/guides\/?s={search_term_string}\",\"query-input\":\"required name=search_term_string\"}],\"inLanguage\":\"fr-FR\"},{\"@type\":\"ImageObject\",\"@id\":\"https:\/\/www.mes-allocs.fr\/guides\/reconversion-professionnelle\/types-formation-professionnelle\/formation-gratuite\/#primaryimage\",\"inLanguage\":\"fr-FR\",\"url\":\"https:\/\/www.mes-allocs.fr\/guides\/wp-content\/uploads\/2021\/09\/Comment-trouver-une-formation-gratuite-.jpg?wsr\",\"width\":1280,\"height\":853,\"caption\":\"formation gratuite\"},{\"@type\":\"WebPage\",\"@id\":\"https:\/\/www.mes-allocs.fr\/guides\/reconversion-professionnelle\/types-formation-professionnelle\/formation-gratuite\/#webpage\",\"url\":\"https:\/\/www.mes-allocs.fr\/guides\/reconversion-professionnelle\/types-formation-professionnelle\/formation-gratuite\/\",\"name\":\"Formation gratuite dans le cadre de la reconversion professionnelle\",\"isPartOf\":{\"@id\":\"https:\/\/www.mes-allocs.fr\/guides\/#website\"},\"primaryImageOfPage\":{\"@id\":\"https:\/\/www.mes-allocs.fr\/guides\/reconversion-professionnelle\/types-formation-professionnelle\/formation-gratuite\/#primaryimage\"},\"datePublished\":\"2021-09-25T12:47:33+00:00\",\"dateModified\":\"2026-03-05T14:08:54+00:00\",\"author\":{\"@id\":\"https:\/\/www.mes-allocs.fr\/guides\/#\/schema\/person\/1c4837d5703727cb02ce84583b5a44aa\"},\"description\":\"Vous pouvez b\\u00e9n\\u00e9ficier d'une formation gratuite dans le cadre de votre projet de reconversion professionnelle. Mes Allocs vous explique.\",\"inLanguage\":\"fr-FR\"},{\"@type\":\"Person\",\"@id\":\"https:\/\/www.mes-allocs.fr\/guides\/#\/schema\/person\/1c4837d5703727cb02ce84583b5a44aa\",\"name\":\"Fabiola\",\"image\":{\"@type\":\"ImageObject\",\"@id\":\"https:\/\/www.mes-allocs.fr\/guides\/#personlogo\",\"inLanguage\":\"fr-FR\",\"url\":\"https:\/\/www.mes-allocs.fr\/guides\/wp-content\/uploads\/2021\/06\/fabiola-150x150.png\",\"caption\":\"Fabiola\"},\"description\":\"Fabiola est r\\u00e9dactrice au sein de l'\\u00e9quipe Mes Allocs, sp\\u00e9cialis\\u00e9e en sciences politiques et affaires publiques. Dipl\\u00f4m\\u00e9e de l'HEIP, elle rejoint Mes Allocs apr\\u00e8s une premi\\u00e8re exp\\u00e9rience \\u00e0 l'Assembl\\u00e9e Nationale.\",\"sameAs\":[\"https:\/\/www.linkedin.com\/in\/cecilia-philippe-b-8a8085195\"]}]}<\/script>\n<!-- \/ Yoast SEO plugin. -->","amp_validity":null,"acf":{"faq":{"1":{"question":"Qu'est-ce qu'une formation gratuite ? ","answer":"La formation gratuite est un type de formation adress\u00e9e aux actifs. \r\nElle permet de d\u00e9velopper ses comp\u00e9tences professionnelles pour acc\u00e9der \u00e0 un m\u00e9tier mais \u00e9galement pour changer de m\u00e9tier, comme dans le cadre d'une reconversion."},"2":{"question":"Quelles sont les formations gratuites ? ","answer":"-Formation gratuite recens\u00e9e par France Travail\r\n-La Pr\u00e9paration Op\u00e9rationnelle \u00e0 l\u2019Emploi individuelle\r\n-Les GRETA\u00a0\r\n-Les cours du soir \r\n-Les cours pas correspondance\r\n-etc.\r\n"},"3":{"question":"Qu'est-ce qu'une formation en ligne ?","answer":"La formation en ligne est une forme d\u2019enseignement qui ne comporte pas la pr\u00e9sence physique d\u2019un professeur et qui ne s\u2019effectue pas dans le cadre d\u2019un \u00e9tablissement scolaire.\r\n<br> <a href=\"https:\/\/www.mes-allocs.fr\/guides\/reconversion-professionnelle\/formation-professionnelle\/types-formation\/formation-en-ligne\/\">Lire la suite<\/a>"},"4":{"question":"Qu'est ce que le CPF ?","answer":"Le compte personnel de formation (CPF) donne la possibilit\u00e9 \u00e0 un salari\u00e9 tout au long de sa vie active de suivre une formation qualifiante ou certifiante."},"5":{"question":"Qu'est-ce que le PTP ?","answer":"Le projet de transition professionnelle (PTP) est un dispositif qui vous permet de quitter temporairement son poste pour suivre une formation afin de changer de m\u00e9tier ou de profession."},"6":{"question":"","answer":""},"7":{"question":"","answer":""},"8":{"question":"","answer":""},"9":{"question":"","answer":""},"10":{"question":"","answer":""},"11":{"question":"","answer":""},"12":{"question":"","answer":""},"13":{"question":"","answer":""},"14":{"question":"","answer":""},"15":{"question":"","answer":""},"16":{"question":"","answer":""}}},"_links":{"self":[{"href":"https:\/\/www.mes-allocs.fr\/guides\/wp-json\/wp\/v2\/posts\/37971","targetHints":{"allow":["GET"]}}],"collection":[{"href":"https:\/\/www.mes-allocs.fr\/guides\/wp-json\/wp\/v2\/posts"}],"about":[{"href":"https:\/\/www.mes-allocs.fr\/guides\/wp-json\/wp\/v2\/types\/post"}],"author":[{"embeddable":true,"href":"https:\/\/www.mes-allocs.fr\/guides\/wp-json\/wp\/v2\/users\/7"}],"replies":[{"embeddable":true,"href":"https:\/\/www.mes-allocs.fr\/guides\/wp-json\/wp\/v2\/comments?post=37971"}],"version-history":[{"count":11,"href":"https:\/\/www.mes-allocs.fr\/guides\/wp-json\/wp\/v2\/posts\/37971\/revisions"}],"predecessor-version":[{"id":110188,"href":"https:\/\/www.mes-allocs.fr\/guides\/wp-json\/wp\/v2\/posts\/37971\/revisions\/110188"}],"wp:featuredmedia":[{"embeddable":true,"href":"https:\/\/www.mes-allocs.fr\/guides\/wp-json\/wp\/v2\/media\/37982"}],"wp:attachment":[{"href":"https:\/\/www.mes-allocs.fr\/guides\/wp-json\/wp\/v2\/media?parent=37971"}],"wp:term":[{"taxonomy":"category","embeddable":true,"href":"https:\/\/www.mes-allocs.fr\/guides\/wp-json\/wp\/v2\/categories?post=37971"},{"taxonomy":"post_tag","embeddable":true,"href":"https:\/\/www.mes-allocs.fr\/guides\/wp-json\/wp\/v2\/tags?post=37971"}],"curies":[{"name":"wp","href":"https:\/\/api.w.org\/{rel}","templated":true}]}}