{"id":37809,"date":"2021-10-07T15:35:28","date_gmt":"2021-10-07T13:35:28","guid":{"rendered":"https:\/\/www.mes-allocs.fr\/guides\/?p=37809"},"modified":"2026-01-22T17:51:32","modified_gmt":"2026-01-22T16:51:32","slug":"notification-prepare-caf","status":"publish","type":"post","link":"https:\/\/www.mes-allocs.fr\/guides\/allocations-familiales\/paje\/prepare-caf\/notification-prepare-caf\/","title":{"rendered":"La notification PreParE CAF 2026 : comment \u00e7a marche ?"},"content":{"rendered":"<p><img loading=\"lazy\" decoding=\"async\" class=\"aligncenter wp-image-37811 \" title=\"telephone\" src=\"https:\/\/www.mes-allocs.fr\/guides\/wp-content\/uploads\/2021\/09\/telephone-2-e1687191884487.jpg\" alt=\"notification prepare\" width=\"1340\" height=\"217\" srcset=\"https:\/\/www.mes-allocs.fr\/guides\/wp-content\/uploads\/2021\/09\/telephone-2-e1687191884487.jpg 500w, https:\/\/www.mes-allocs.fr\/guides\/wp-content\/uploads\/2021\/09\/telephone-2-e1687191884487-300x49.jpg 300w\" sizes=\"auto, (max-width: 1340px) 100vw, 1340px\" \/><\/p>\n<p style=\"text-align: justify;\">[Mis \u00e0 jour le 22\/01\/2026] La PrePare est une aide de la CAF. Elle fait partie des <a href=\"https:\/\/www.mes-allocs.fr\/guides\/allocations-familiales\">allocations familiales<\/a> de la PAJE. Si vous \u00eates \u00e9ligible \u00e0 cette aide, vous allez recevoir une notification. Notre \u00e9quipe vous en dit plus.<\/p>\n<p style=\"text-align: justify;\"><span style=\"font-weight: 400;\"><div class='cta-block'><div class='text'>Simulez toutes vos aides en 2 min.<\/div><a href='' class='app-button fit'>Simulation gratuite<\/a><\/div><\/span><\/p>\n<hr \/>\n<h1 class=\"amp-wp-7d27179 amp-wp-7d27179\" style=\"text-align: justify;\" data-amp-original-style=\"text-align: justify;\"><span id=\"La_PreParE_De_quoi_parle-t-on\">La PreParE : \u00a0De quoi parle-t-on ?<\/span><\/h1>\n<h2 class=\"amp-wp-7d27179 amp-wp-7d27179\" style=\"text-align: justify;\" data-amp-original-style=\"text-align: justify;\"><span id=\"Definition\">D\u00e9finition<\/span><\/h2>\n<p class=\"amp-wp-7d27179 amp-wp-7d27179\" style=\"text-align: justify;\" data-amp-original-style=\"text-align: justify;\">La\u00a0<span class=\"___SText_1ft2c_swa-addon_\" data-ui-name=\"Tag.Text\">prestation partag\u00e9e d&rsquo;\u00e9ducation de l&rsquo;enfant<\/span>\u00a0(PreParE) est une aide sociale vers\u00e9e par la CAF.<\/p>\n<p class=\"amp-wp-7d27179 amp-wp-7d27179 amp-wp-7d27179\" style=\"text-align: justify;\" data-amp-original-style=\"text-align: justify;\"><span class=\"amp-wp-57c6437\" data-amp-original-style=\"font-size: 12pt;\">De mani\u00e8re concr\u00e8te, la PreParE vous aide \u00e0 prendre du temps pour profiter le plus possible de votre jeune enfant.\u00a0<\/span><span class=\"amp-wp-57c6437\" data-amp-original-style=\"font-size: 12pt;\">La prestation partag\u00e9e d\u2019\u00e9ducation de l\u2019enfant (PreParE) est une aide financi\u00e8re qui vous permet, que vous soyez parent isol\u00e9 ou en couple, de cesser ou de r\u00e9duire votre activit\u00e9 professionnelle dans le but de pouvoir passer du temps avec votre ou vos enfants \u00e2g\u00e9s de moins de 3 ans.<\/span><\/p>\n<p class=\"amp-wp-7d27179 amp-wp-7d27179 amp-wp-7d27179\" style=\"text-align: justify;\" data-amp-original-style=\"text-align: justify;\"><span class=\"amp-wp-57c6437\" data-amp-original-style=\"font-size: 12pt;\">Cette aide fait partie de la Prestation d\u2019Accueil du Jeune Enfant (PAJE), qui elle-m\u00eame est un dispositif d\u2019aide de la\u00a0Caisse d\u2019Allocations Familiales et de la Mutualit\u00e9 Sociale Agricole (MSA).<\/span><\/p>\n<h2 class=\"amp-wp-7d27179\" style=\"text-align: justify;\" data-amp-original-style=\"text-align: justify;\"><span id=\"Formes_de_la_PreParE\">Formes de la Pr\u00e9ParE<\/span><\/h2>\n<p class=\"amp-wp-7d27179 amp-wp-7d27179\" style=\"text-align: justify;\" data-amp-original-style=\"text-align: justify;\">Il existe deux formes de PreParE :<\/p>\n<ul class=\"amp-wp-7d27179 amp-wp-7d27179\" style=\"text-align: justify;\" data-amp-original-style=\"text-align: justify;\">\n<li data-amp-original-style=\"text-align: justify;\">La PreParE simple<\/li>\n<li data-amp-original-style=\"text-align: justify;\">La PreParE major\u00e9e<\/li>\n<\/ul>\n<p class=\"amp-wp-7d27179 amp-wp-7d27179\" style=\"text-align: justify;\" data-amp-original-style=\"text-align: justify;\">La PreParE major\u00e9e donne droit \u00e0 un montant sup\u00e9rieur \u00e0 celui de la PreParE mais est vers\u00e9e moins longtemps que la PreParE (simple). Ce choix est disponible pour les m\u00e9nages ayant au moins trois enfants \u00e0 charge.<\/p>\n<h2 class=\"cta-block amp-wp-7d27179\" style=\"text-align: justify;\" data-amp-original-style=\"text-align: justify;\">Montant de la Pr\u00e9ParE<\/h2>\n<div class=\"related\" style=\"text-align: justify;\">\n<p class=\"amp-wp-7d27179\" data-amp-original-style=\"text-align: justify;\">Le montant de l\u2019aide varie d\u2019une ann\u00e9e \u00e0 une autre selon les diff\u00e9rentes revalorisations effectu\u00e9es<img loading=\"lazy\" decoding=\"async\" class=\"alignright wp-image-38215\" title=\"billets\" src=\"https:\/\/www.mes-allocs.fr\/guides\/wp-content\/uploads\/2021\/09\/billets-3.jpeg\" alt=\"notification prepare\" width=\"338\" height=\"195\" srcset=\"https:\/\/www.mes-allocs.fr\/guides\/wp-content\/uploads\/2021\/09\/billets-3.jpeg 1260w, https:\/\/www.mes-allocs.fr\/guides\/wp-content\/uploads\/2021\/09\/billets-3-300x173.jpeg 300w, https:\/\/www.mes-allocs.fr\/guides\/wp-content\/uploads\/2021\/09\/billets-3-1024x592.jpeg 1024w, https:\/\/www.mes-allocs.fr\/guides\/wp-content\/uploads\/2021\/09\/billets-3-768x444.jpeg 768w, https:\/\/www.mes-allocs.fr\/guides\/wp-content\/uploads\/2021\/09\/billets-3-600x347.jpeg 600w\" sizes=\"auto, (max-width: 338px) 100vw, 338px\" \/> par les services de la CAF. Elle varie aussi selon la composition de votre foyer et la quantit\u00e9 d\u2019heures de travail que vous effectuez. Voici les diff\u00e9rents montants de l\u2019aide jusqu\u2019au 31 mars 2026.<\/p>\n<p data-amp-original-style=\"text-align: justify;\">\n<div class=\"wpdt-c row wpDataTableContainerSimpleTable wpDataTables wpDataTablesWrapper\n wdtscroll\"\n    >\n    <table id=\"wpdtSimpleTable-265\"\n           class=\"wpdtSimpleTable wpDataTable\"\n           data-column=\"2\"\n           data-rows=\"4\"\n           data-wpID=\"265\"\n           data-responsive=\"0\"\n           data-has-header=\"0\">\n\n                    <tbody>        <tr class=\"wpdt-cell-row \" >\n                            <td class=\"wpdt-cell wpdt-bc-F3F9FE wpdt-bold\"\n                                    data-cell-id=\"A1\"\n                data-col-index=\"0\"\n                data-row-index=\"0\"\n                style=\" width:208px;                padding:10px;\"\n                >\n                                Situation du parent                <\/td>\n                                            <td class=\"wpdt-cell wpdt-bc-F3F9FE wpdt-tc-000000 wpdt-bold\"\n                                    data-cell-id=\"B1\"\n                data-col-index=\"1\"\n                data-row-index=\"0\"\n                style=\" width:206px;                padding:10px;\"\n                >\n                                Montant mensuel                <\/td>\n                                        <\/tr>\n                            <tr class=\"wpdt-cell-row \" >\n                            <td class=\"wpdt-cell \"\n                                    data-cell-id=\"A2\"\n                data-col-index=\"0\"\n                data-row-index=\"1\"\n                style=\"                padding:10px;\"\n                >\n                                Arr\u00eat total d\u2019activit\u00e9                <\/td>\n                                            <td class=\"wpdt-cell wpdt-bc-FFFFFF wpdt-tc-000000\"\n                                    data-cell-id=\"B2\"\n                data-col-index=\"1\"\n                data-row-index=\"1\"\n                style=\"                padding:10px;\"\n                >\n                                456,06 \u20ac                <\/td>\n                                        <\/tr>\n                            <tr class=\"wpdt-cell-row \" >\n                            <td class=\"wpdt-cell \"\n                                    data-cell-id=\"A3\"\n                data-col-index=\"0\"\n                data-row-index=\"2\"\n                style=\"                padding:10px;\"\n                >\n                                Activit\u00e9 \u00e9gale ou inf\u00e9rieure \u00e0 50%                <\/td>\n                                            <td class=\"wpdt-cell wpdt-bc-FFFFFF wpdt-tc-000000\"\n                                    data-cell-id=\"B3\"\n                data-col-index=\"1\"\n                data-row-index=\"2\"\n                style=\"                padding:10px;\"\n                >\n                                294,82  \u20ac                <\/td>\n                                        <\/tr>\n                            <tr class=\"wpdt-cell-row \" >\n                            <td class=\"wpdt-cell \"\n                                    data-cell-id=\"A4\"\n                data-col-index=\"0\"\n                data-row-index=\"3\"\n                style=\"                padding:10px;\"\n                >\n                                Activit\u00e9 comprise entre 50 et 80 %                <\/td>\n                                            <td class=\"wpdt-cell wpdt-bc-FEFFFF\"\n                                    data-cell-id=\"B4\"\n                data-col-index=\"1\"\n                data-row-index=\"3\"\n                style=\"                padding:10px;\"\n                >\n                                170,07 \u20ac                <\/td>\n                                        <\/tr>\n                    <\/table>\n<\/div><style id='wpdt-custom-style-265'>\n.wpdt-bc-F3F9FE { background-color: #F3F9FE !important;}\n.wpdt-tc-000000 { color: #000000 !important;}\n.wpdt-bc-FFFFFF { background-color: #FFFFFF !important;}\n.wpdt-bc-FEFFFF { background-color: #FEFFFF !important;}\n<\/style>\n<\/p>\n<p data-amp-original-style=\"text-align: justify;\"><span data-amp-original-style=\"font-weight: 400;\">Enfin, la PreParE major\u00e9e s\u2019\u00e9l\u00e8ve \u00e0 745,45 \u20ac par mois.<\/span><\/p>\n<p data-amp-original-style=\"text-align: justify;\"><span data-amp-original-style=\"font-weight: 400;\">Vous ne pouvez pas cumuler deux PreParE major\u00e9es en m\u00eame temps. Par contre, v<\/span><span data-amp-original-style=\"text-align: justify;\">ous pouvez cumuler simultan\u00e9ment 2 PreParE au sein de votre couple. Cependant, vous ne pouvez pas percevoir plus de 456,06 \u20ac de PreParE cumul\u00e9e.\u00a0\u00a0<\/span><\/p>\n<p data-amp-original-style=\"text-align: justify;\"><span style=\"font-weight: 400;\"><div class='cta-block'><div class='text'>Simulez toutes vos aides en 2 min.<\/div><a href='' class='app-button fit'>Simulation gratuite<\/a><\/div><\/span><\/p>\n<h2 id=\"d13332e90\" class=\"amp-wp-7d27179\" data-amp-original-style=\"text-align: justify;\"><span id=\"Duree_de_versement\">Dur\u00e9e de versement<\/span><\/h2>\n<p class=\"amp-wp-7d27179\" data-amp-original-style=\"text-align: justify;\">La dur\u00e9e du versement de l\u2019aide va d\u00e9pendre de diff\u00e9rentes choses. En effet, s\u2019il s\u2019agit de votre premier enfant :<\/p>\n<ul class=\"amp-wp-7d27179\" data-amp-original-style=\"text-align: justify;\">\n<li>Chacun d\u2019entre vous peut b\u00e9n\u00e9ficier de la PreParE pendant 6 mois maximum dans la limite du premier anniversaire de votre enfant dans le cas o\u00f9 vous vivez en couple ;<\/li>\n<li>Par contre, si vous vivez seul, vous pouvez b\u00e9n\u00e9ficier de la PreParE dans la limite du premier anniversaire de votre enfant. Le droit est ouvert le mois de cessation d\u2019activit\u00e9.<\/li>\n<\/ul>\n<p class=\"amp-wp-7d27179\" data-amp-original-style=\"text-align: justify;\">Les conditions varient quelque peu si vous avez d\u00e9j\u00e0 un enfant :<\/p>\n<ul class=\"amp-wp-7d27179\" data-amp-original-style=\"text-align: justify;\">\n<li>Si vous vivez en couple\u00a0: chacun d\u2019entre vous peut b\u00e9n\u00e9ficier de la PreParE pendant 24 mois maximum dans la limite du troisi\u00e8me anniversaire de votre dernier n\u00e9\u00a0;<\/li>\n<li>Si vous vivez seul : vous pouvez b\u00e9n\u00e9ficier de la PreParE dans la limite du troisi\u00e8me anniversaire de votre enfant. Le droit est ouvert le mois de la cessation d\u2019activit\u00e9 quand celle-ci a lieu le premier jour du mois. Le droit est ouvert le mois suivant la cessation d\u2019activit\u00e9 quand celle-ci a lieu \u00e0 partir du deuxi\u00e8me jour du mois.<\/li>\n<\/ul>\n<p class=\"amp-wp-7d27179\" data-amp-original-style=\"text-align: justify;\">Cas particulier : Si vous venez d\u2019avoir des tripl\u00e9s ou plus et que\u00a0vous vivez en couple, chacun d\u2019entre vous peut b\u00e9n\u00e9ficier de la PreParE pendant 48 mois maximum dans la limite du sixi\u00e8me anniversaire de vos enfants. Cependant, si vous vivez seul, vous pouvez b\u00e9n\u00e9ficier de la PreParE dans la limite du sixi\u00e8me anniversaire de vos enfants.<\/p>\n<p class=\"amp-wp-7d27179\" data-amp-original-style=\"text-align: justify;\">Le dernier cas de figure concerne les adoptions. S\u2019il s\u2019agit de votre premier enfant,\u00a0vous et\/ou votre conjoint pouvez b\u00e9n\u00e9ficier de la PreParE pendant les 12 premiers mois maximums de pr\u00e9sence au foyer de l\u2019enfant.<\/p>\n<p class=\"amp-wp-7d27179\" data-amp-original-style=\"text-align: justify;\">Si vous aviez d\u00e9j\u00e0 au moins un autre enfant pr\u00e9sent au sein de votre foyer, vous et\/ou votre conjoint pouvez b\u00e9n\u00e9ficier de la PreParE pendant les 12 premiers mois maximums de pr\u00e9sence au foyer de l\u2019enfant. Si pass\u00e9 ce d\u00e9lai l\u2019enfant n\u2019a pas atteint l\u2019\u00e2ge de trois ans, le droit peut \u00eatre prolong\u00e9 jusqu\u2019\u00e0 cet \u00e2ge.<\/p>\n<p><iframe loading=\"lazy\" title=\"La PreParE\" width=\"500\" height=\"281\" src=\"https:\/\/www.youtube.com\/embed\/J5B2ttL9WS8?feature=oembed\" frameborder=\"0\" allow=\"accelerometer; autoplay; clipboard-write; encrypted-media; gyroscope; picture-in-picture; web-share\" referrerpolicy=\"strict-origin-when-cross-origin\" allowfullscreen><\/iframe><\/p>\n<\/div>\n<h1 class=\"amp-wp-7d27179 amp-wp-7d27179\" style=\"text-align: justify;\" data-amp-original-style=\"text-align: justify;\"><span id=\"Comment_en_faire_la_demande\">Comment en faire la demande ?<\/span><\/h1>\n<h2 class=\"amp-wp-7d27179 amp-wp-7d27179 amp-wp-7d27179\" style=\"text-align: justify;\" data-amp-original-style=\"text-align: justify;\"><span id=\"Si_vous_demandez_la_PreParE_simple\"><b>Si vous demandez la PreParE (simple)<\/b><span class=\"amp-wp-fe3f5cc\" data-amp-original-style=\"font-weight: 400;\">\u00a0<\/span><\/span><\/h2>\n<p class=\"amp-wp-7d27179 amp-wp-7d27179 amp-wp-7d27179\" style=\"text-align: justify;\" data-amp-original-style=\"text-align: justify;\"><span class=\"amp-wp-fe3f5cc\" data-amp-original-style=\"font-weight: 400;\">Vous pouvez b\u00e9n\u00e9ficier de la PreParE si vous r\u00e9pondez aux 3 crit\u00e8res suivants :<\/span><\/p>\n<ul class=\"amp-wp-7d27179 amp-wp-7d27179 amp-wp-7d27179\" style=\"text-align: justify;\" data-amp-original-style=\"text-align: justify;\">\n<li class=\"amp-wp-fe3f5cc\" data-amp-original-style=\"font-weight: 400;\"><span class=\"amp-wp-fe3f5cc\" data-amp-original-style=\"font-weight: 400;\">Vous avez au moins un enfant de moins de 3 ans,<\/span><\/li>\n<li class=\"amp-wp-fe3f5cc\" data-amp-original-style=\"font-weight: 400;\"><span class=\"amp-wp-fe3f5cc\" data-amp-original-style=\"font-weight: 400;\">Vous avez interrompu (totalement ou partiellement) votre activit\u00e9 professionnelle,<\/span><\/li>\n<li class=\"amp-wp-fe3f5cc\" data-amp-original-style=\"font-weight: 400;\"><span class=\"amp-wp-fe3f5cc\" data-amp-original-style=\"font-weight: 400;\">Vous avez valid\u00e9 au moins 8 trimestres de cotisations vieillesse (sur une p\u00e9riode de r\u00e9f\u00e9rence qui varie selon le nombre d\u2019enfants).<\/span><\/li>\n<\/ul>\n<p class=\"amp-wp-7d27179 amp-wp-7d27179 amp-wp-7d27179\" style=\"text-align: justify;\" data-amp-original-style=\"text-align: justify;\"><span class=\"amp-wp-fe3f5cc\" data-amp-original-style=\"font-weight: 400;\">La PreParE peut \u00eatre attribu\u00e9e \u00e0 un seul parent ou aux deux (le montant est alors divis\u00e9 par deux). Ils peuvent la percevoir en m\u00eame temps ou successivement. Pour en faire la demande, vous pouvez faire une d\u00e9marche en ligne aupr\u00e8s des services en ligne de la CAF. Pour se faire, il vous faudra utiliser \u201cMon Compte\u201d.<\/span><\/p>\n<p class=\"amp-wp-7d27179 amp-wp-7d27179 amp-wp-7d27179\" style=\"text-align: justify;\" data-amp-original-style=\"text-align: justify;\"><span class=\"amp-wp-fe3f5cc\" data-amp-original-style=\"font-weight: 400;\">Notre \u00e9quipe se tient aussi \u00e0 votre disposition pour vous aider dans ces d\u00e9marches administratives.\u00a0<\/span><\/p>\n<p style=\"text-align: justify;\" data-amp-original-style=\"text-align: justify;\"><span style=\"font-weight: 400;\"><div class='cta-block'><div class='text'>Simulez toutes vos aides en 2 min.<\/div><a href='' class='app-button fit'>Simulation gratuite<\/a><\/div><\/span><\/p>\n<p class=\"amp-wp-7d27179 amp-wp-7d27179 amp-wp-7d27179\" style=\"text-align: justify;\" data-amp-original-style=\"text-align: justify;\"><b>Interruption ou r\u00e9duction de votre activit\u00e9 professionnelle<\/b><\/p>\n<p class=\"amp-wp-7d27179 amp-wp-7d27179 amp-wp-7d27179\" style=\"text-align: justify;\" data-amp-original-style=\"text-align: justify;\"><span class=\"amp-wp-fe3f5cc\" data-amp-original-style=\"font-weight: 400;\">Si vous \u00eates salari\u00e9 du secteur priv\u00e9, pour pr\u00e9tendre \u00e0 la PreParE, vous devez prendre un cong\u00e9 parental, \u00e0 temps plein ou \u00e0 temps partiel. Vous pouvez vous renseignez sur :<\/span><\/p>\n<ul class=\"amp-wp-7d27179 amp-wp-7d27179 amp-wp-7d27179\" style=\"text-align: justify;\" data-amp-original-style=\"text-align: justify;\">\n<li class=\"amp-wp-fe3f5cc\" data-amp-original-style=\"font-weight: 400;\"><span class=\"amp-wp-fe3f5cc\" data-amp-original-style=\"font-weight: 400;\">Le <\/span><span class=\"amp-wp-fe3f5cc\" data-amp-original-style=\"font-weight: 400;\">cong\u00e9 paternit\u00e9\u00a0<\/span><\/li>\n<li class=\"amp-wp-fe3f5cc\" data-amp-original-style=\"font-weight: 400;\"><span class=\"amp-wp-fe3f5cc\" data-amp-original-style=\"font-weight: 400;\">Le <\/span><span class=\"amp-wp-fe3f5cc\" data-amp-original-style=\"font-weight: 400;\">cong\u00e9 maternit\u00e9 du secteur public<\/span><\/li>\n<li class=\"amp-wp-fe3f5cc\" data-amp-original-style=\"font-weight: 400;\"><span class=\"amp-wp-fe3f5cc\" data-amp-original-style=\"font-weight: 400;\">Le <\/span><span class=\"amp-wp-fe3f5cc\" data-amp-original-style=\"font-weight: 400;\">cong\u00e9 maternit\u00e9 du secteur priv\u00e9<\/span><\/li>\n<\/ul>\n<p class=\"amp-wp-7d27179 amp-wp-7d27179 amp-wp-7d27179\" style=\"text-align: justify;\" data-amp-original-style=\"text-align: justify;\"><span class=\"amp-wp-fe3f5cc\" data-amp-original-style=\"font-weight: 400;\">Si vous exercez une activit\u00e9 non salari\u00e9e (vous \u00eates auto entrepreneur par exemple), vous devez justifier de votre r\u00e9duction ou cessation d\u2019activit\u00e9 aupr\u00e8s de la CAF ou de la MSA si vous exercez dans le milieu agricole.<\/span><\/p>\n<p class=\"amp-wp-7d27179 amp-wp-7d27179 amp-wp-7d27179\" style=\"text-align: justify;\" data-amp-original-style=\"text-align: justify;\"><span class=\"amp-wp-fe3f5cc\" data-amp-original-style=\"font-weight: 400;\">Enfin, si vous faites partie de la fonction publique, vous pouvez prendre un cong\u00e9<\/span> <span class=\"amp-wp-fe3f5cc\" data-amp-original-style=\"font-weight: 400;\">parental, un cong\u00e9 de pr\u00e9sence parental ou encore un temps partiel de droit.<\/span><\/p>\n<h2 class=\"amp-wp-7d27179 amp-wp-7d27179 amp-wp-7d27179\" style=\"text-align: justify;\" data-amp-original-style=\"text-align: justify;\"><span id=\"Si_vous_demandez_la_PreParE_majoree\"><b>Si vous demandez la PreParE major\u00e9e<\/b><\/span><\/h2>\n<h4 class=\"amp-wp-7d27179 amp-wp-7d27179 amp-wp-7d27179\" style=\"text-align: justify;\" data-amp-original-style=\"text-align: justify;\"><span id=\"Interruption_de_votre_activite_professionnelle\"><b>Interruption de votre activit\u00e9 professionnelle<\/b><\/span><\/h4>\n<p class=\"amp-wp-7d27179 amp-wp-7d27179 amp-wp-7d27179\" style=\"text-align: justify;\" data-amp-original-style=\"text-align: justify;\"><span class=\"amp-wp-fe3f5cc\" data-amp-original-style=\"font-weight: 400;\">Si vous \u00eates salari\u00e9 du secteur priv\u00e9, pour \u00eatre \u00e9ligible \u00e0 la PreParE major\u00e9e, vous devez n\u00e9cessairement prendre un cong\u00e9 parental \u00e0 temps plein.<\/span><\/p>\n<p class=\"amp-wp-7d27179 amp-wp-7d27179 amp-wp-7d27179\" style=\"text-align: justify;\" data-amp-original-style=\"text-align: justify;\"><span class=\"amp-wp-fe3f5cc\" data-amp-original-style=\"font-weight: 400;\">Si vous exercez une activit\u00e9 non salari\u00e9e (vous \u00eates autoentrepreneur par exemple), vous devez justifier de votre cessation d\u2019activit\u00e9 en remplissant un formulaire aupr\u00e8s de la CAF ou de la MSA si vous exercez dans le milieu agricole.<\/span><\/p>\n<div class=\"cta-block amp-wp-7d27179 amp-wp-7d27179\" style=\"text-align: justify;\" data-amp-original-style=\"text-align: justify;\">\n<p><span class=\"amp-wp-fe3f5cc\" data-amp-original-style=\"font-weight: 400;\">Enfin, si vous faites partie de la fonction publique, vous pouvez prendre un cong\u00e9<\/span> <span class=\"amp-wp-fe3f5cc\" data-amp-original-style=\"font-weight: 400;\">parental, un cong\u00e9 de pr\u00e9sence parental ou encore un temps partiel de droit (\u00e0 savoir : un temps partiel que l\u2019administration ne peut refuser).<\/span><span class=\"amp-wp-fe3f5cc\" data-amp-original-style=\"font-weight: 400;\">\u00a0<\/span><\/p>\n<\/div>\n<p class=\"amp-wp-7d27179 amp-wp-7d27179 amp-wp-7d27179\" style=\"text-align: justify;\" data-amp-original-style=\"text-align: justify;\"><span class=\"amp-wp-fe3f5cc\" data-amp-original-style=\"font-weight: 400;\">Vous devez avoir cotis\u00e9 \u00e0 l\u2019assurance vieillesse au minimum 8 trimestres sur une <\/span>p\u00e9riode de r\u00e9f\u00e9rence de 5 ans\u00a0<span class=\"amp-wp-fe3f5cc\" data-amp-original-style=\"font-weight: 400;\">pr\u00e9c\u00e9dant la naissance, l\u2019accueil ou l\u2019adoption de l\u2019enfant pour lequel vous souhaitez b\u00e9n\u00e9ficier de la PreParE.<\/span><\/p>\n<p class=\"amp-wp-7d27179 amp-wp-7d27179 amp-wp-7d27179\" style=\"text-align: justify;\" data-amp-original-style=\"text-align: justify;\"><span class=\"amp-wp-fe3f5cc\" data-amp-original-style=\"font-weight: 400;\">Que vous demandiez la PreParE ou la PreParE major\u00e9e, que vous d\u00e9pendiez de la CAF ou de la MSA, vous devez remplir un formulaire de demande et fournir certaines pi\u00e8ces justificatives. Pas de panique, <\/span><span class=\"amp-wp-fe3f5cc\" data-amp-original-style=\"font-weight: 400;\"><a href=\"https:\/\/www.mes-allocs.fr\/signature\">Mes Allocs<\/a> vous d\u00e9barrasse de tous ces tracas administratifs !<\/span><\/p>\n<p class=\"amp-wp-7d27179 amp-wp-7d27179 amp-wp-7d27179\" style=\"text-align: justify;\" data-amp-original-style=\"text-align: justify;\"><span class=\"amp-wp-fe3f5cc\" data-amp-original-style=\"font-weight: 400;\">Si vous \u00eates en <\/span><span class=\"amp-wp-fe3f5cc\" data-amp-original-style=\"font-weight: 400;\">cong\u00e9 maternit\u00e9<\/span><span class=\"amp-wp-fe3f5cc\" data-amp-original-style=\"font-weight: 400;\">, paternit\u00e9, d\u2019adoption<\/span> <span class=\"amp-wp-fe3f5cc\" data-amp-original-style=\"font-weight: 400;\">ou de maladie, vous devez attendre la fin de l\u2019indemnisation qui vous est vers\u00e9e par votre employeur pour envoyer votre demande de PreParE ou de PreParE major\u00e9e.<\/span><\/p>\n<p style=\"text-align: justify;\" data-amp-original-style=\"text-align: justify;\"><span style=\"font-weight: 400;\"><div class='cta-block'><div class='text'>Simulez toutes vos aides en 2 min.<\/div><a href='' class='app-button fit'>Simulation gratuite<\/a><\/div><\/span><\/p>\n<h4 class=\"amp-wp-7d27179 amp-wp-7d27179 amp-wp-7d27179\" style=\"text-align: justify;\" data-amp-original-style=\"text-align: justify;\"><span id=\"Duree_de_cotisation_vieillesse\"><span id=\"Duree_de_cotisation_vieillesse1\">Dur\u00e9e de cotisation vieillesse<\/span><\/span><\/h4>\n<p class=\"amp-wp-7d27179 amp-wp-7d27179 amp-wp-7d27179\" style=\"text-align: justify;\" data-amp-original-style=\"text-align: justify;\"><span class=\"amp-wp-fe3f5cc\" data-amp-original-style=\"font-weight: 400;\">Vous devez avoir cotis\u00e9 \u00e0 l\u2019assurance vieillesse au minimum 8 trimestres sur une <\/span>p\u00e9riode de r\u00e9f\u00e9rence de 5 ans\u00a0<span class=\"amp-wp-fe3f5cc\" data-amp-original-style=\"font-weight: 400;\">pr\u00e9c\u00e9dant la naissance, l\u2019accueil ou l\u2019adoption de l\u2019enfant pour lequel vous souhaitez b\u00e9n\u00e9ficier de la PreParE. <\/span><\/p>\n<p class=\"amp-wp-7d27179 amp-wp-7d27179 amp-wp-7d27179\" style=\"text-align: justify;\" data-amp-original-style=\"text-align: justify;\"><span class=\"amp-wp-fe3f5cc\" data-amp-original-style=\"font-weight: 400;\">Il est important de rappeler que si vous demandez la prestation apr\u00e8s la naissance ou l\u2019adoption de votre enfant, la p\u00e9riode de r\u00e9f\u00e9rence est celle pr\u00e9c\u00e9dant votre demande. Elle est donc plus longue car il est consid\u00e9r\u00e9 que vous avez cet enfant \u00e0 charge en plus.\u00a0<\/span><\/p>\n<h2 style=\"text-align: justify;\" data-amp-original-style=\"text-align: justify;\">Le syst\u00e8me de notifications<\/h2>\n<p style=\"text-align: justify;\">Les notifications de la CAF sont des notes qui peuvent \u00eatre envoy\u00e9es par mail ou directement sur <img loading=\"lazy\" decoding=\"async\" class=\"alignright wp-image-38216\" title=\"ordi\" src=\"https:\/\/www.mes-allocs.fr\/guides\/wp-content\/uploads\/2021\/09\/ordi-6-1.jpg\" alt=\"notification prepare\" width=\"319\" height=\"213\" srcset=\"https:\/\/www.mes-allocs.fr\/guides\/wp-content\/uploads\/2021\/09\/ordi-6-1.jpg 1125w, https:\/\/www.mes-allocs.fr\/guides\/wp-content\/uploads\/2021\/09\/ordi-6-1-300x200.jpg 300w, https:\/\/www.mes-allocs.fr\/guides\/wp-content\/uploads\/2021\/09\/ordi-6-1-1024x683.jpg 1024w, https:\/\/www.mes-allocs.fr\/guides\/wp-content\/uploads\/2021\/09\/ordi-6-1-768x512.jpg 768w, https:\/\/www.mes-allocs.fr\/guides\/wp-content\/uploads\/2021\/09\/ordi-6-1-600x400.jpg 600w\" sizes=\"auto, (max-width: 319px) 100vw, 319px\" \/>votre espace personnel sur le site de la CAF. Elles peuvent concerner diff\u00e9rentes choses qui tournent autour des aides dont vous b\u00e9n\u00e9ficier.<\/p>\n<p style=\"text-align: justify;\">Pour la PreParE, vous allez recevoir une premi\u00e8re notification. Elle va concerner l&rsquo;attribution ( ou non ) de l&rsquo;aide. Elle vous sera adress\u00e9 sur votre espace personnel de la CAF.<\/p>\n<p style=\"text-align: justify;\">Au-del\u00e0 de cette notification, vous pouvez aussi en recevoir concernant un trop-per\u00e7u de l&rsquo;aide ou encore sur une fin de versement. Les notifications de la CAF sont le moyen le plus direct pour vous mettre au courant sur l&rsquo;actualit\u00e9 de vos allocations familiales.<\/p>\n<p style=\"text-align: justify;\"><span style=\"font-weight: 400;\"><div class='cta-block'><div class='text'>Simulez toutes vos aides en 2 min.<\/div><a href='' class='app-button fit'>Simulation gratuite<\/a><\/div><\/span><\/p>\n<p style=\"text-align: justify;\">\n","protected":false},"excerpt":{"rendered":"<p>[Mis \u00e0 jour le 22\/01\/2026] La PrePare est une aide de la CAF. Elle fait partie des allocations familiales de la PAJE. Si vous \u00eates \u00e9ligible \u00e0 cette aide, vous allez recevoir une notification. Notre \u00e9quipe vous en dit plus. La PreParE : \u00a0De quoi parle-t-on ? D\u00e9finition La\u00a0prestation partag\u00e9e d&rsquo;\u00e9ducation de l&rsquo;enfant\u00a0(PreParE) est une [&hellip;]<\/p>\n","protected":false},"author":6,"featured_media":0,"comment_status":"open","ping_status":"open","sticky":false,"template":"","format":"standard","meta":{"amp_status":"","footnotes":""},"categories":[10,11,8924],"tags":[],"class_list":["post-37809","post","type-post","status-publish","format-standard","hentry","category-allocations-familiales","category-paje","category-prepare-caf"],"yoast_head":"<!-- This site is optimized with the Yoast SEO plugin v14.9 - https:\/\/yoast.com\/wordpress\/plugins\/seo\/ -->\n<title>La notification PreParE CAF 2026 : comment \u00e7a marche ? | Mes-Allocs.fr<\/title>\n<meta name=\"description\" content=\"Lorsque vous demandez la PreparE, vous allez recevoir une notification de la part de l&#039;organisme. On vous en dit plus.\" \/>\n<meta name=\"robots\" content=\"index, follow, max-snippet:-1, max-image-preview:large, max-video-preview:-1\" \/>\n<link rel=\"canonical\" href=\"https:\/\/www.mes-allocs.fr\/guides\/allocations-familiales\/paje\/prepare-caf\/notification-prepare-caf\/\" \/>\n<meta property=\"og:locale\" content=\"fr_FR\" \/>\n<meta property=\"og:type\" content=\"article\" \/>\n<meta property=\"og:title\" content=\"La notification PreParE CAF 2026 : comment \u00e7a marche ? | Mes-Allocs.fr\" \/>\n<meta property=\"og:description\" content=\"Lorsque vous demandez la PreparE, vous allez recevoir une notification de la part de l&#039;organisme. On vous en dit plus.\" \/>\n<meta property=\"og:url\" content=\"https:\/\/www.mes-allocs.fr\/guides\/allocations-familiales\/paje\/prepare-caf\/notification-prepare-caf\/\" \/>\n<meta property=\"og:site_name\" content=\"Mes-Allocs.fr\" \/>\n<meta property=\"article:published_time\" content=\"2021-10-07T13:35:28+00:00\" \/>\n<meta property=\"article:modified_time\" content=\"2026-01-22T16:51:32+00:00\" \/>\n<meta property=\"og:image\" content=\"https:\/\/www.mes-allocs.fr\/guides\/wp-content\/uploads\/2021\/09\/telephone-2-e1687191884487.jpg\" \/>\n<meta name=\"twitter:card\" content=\"summary_large_image\" \/>\n<script type=\"application\/ld+json\" class=\"yoast-schema-graph\">{\"@context\":\"https:\/\/schema.org\",\"@graph\":[{\"@type\":\"WebSite\",\"@id\":\"https:\/\/www.mes-allocs.fr\/guides\/#website\",\"url\":\"https:\/\/www.mes-allocs.fr\/guides\/\",\"name\":\"Mes-Allocs.fr\",\"description\":\"\",\"potentialAction\":[{\"@type\":\"SearchAction\",\"target\":\"https:\/\/www.mes-allocs.fr\/guides\/?s={search_term_string}\",\"query-input\":\"required name=search_term_string\"}],\"inLanguage\":\"fr-FR\"},{\"@type\":\"ImageObject\",\"@id\":\"https:\/\/www.mes-allocs.fr\/guides\/allocations-familiales\/paje\/prepare-caf\/notification-prepare-caf\/#primaryimage\",\"inLanguage\":\"fr-FR\",\"url\":\"https:\/\/www.mes-allocs.fr\/guides\/wp-content\/uploads\/2021\/09\/telephone-2-e1687191884487.jpg?wsr\",\"width\":500,\"height\":81,\"caption\":\"telephone\"},{\"@type\":\"WebPage\",\"@id\":\"https:\/\/www.mes-allocs.fr\/guides\/allocations-familiales\/paje\/prepare-caf\/notification-prepare-caf\/#webpage\",\"url\":\"https:\/\/www.mes-allocs.fr\/guides\/allocations-familiales\/paje\/prepare-caf\/notification-prepare-caf\/\",\"name\":\"La notification PreParE CAF 2026 : comment \\u00e7a marche ? | Mes-Allocs.fr\",\"isPartOf\":{\"@id\":\"https:\/\/www.mes-allocs.fr\/guides\/#website\"},\"primaryImageOfPage\":{\"@id\":\"https:\/\/www.mes-allocs.fr\/guides\/allocations-familiales\/paje\/prepare-caf\/notification-prepare-caf\/#primaryimage\"},\"datePublished\":\"2021-10-07T13:35:28+00:00\",\"dateModified\":\"2026-01-22T16:51:32+00:00\",\"author\":{\"@id\":\"https:\/\/www.mes-allocs.fr\/guides\/#\/schema\/person\/0ecd61a8600573914d00d970a588c024\"},\"description\":\"Lorsque vous demandez la PreparE, vous allez recevoir une notification de la part de l'organisme. On vous en dit plus.\",\"inLanguage\":\"fr-FR\"},{\"@type\":\"Person\",\"@id\":\"https:\/\/www.mes-allocs.fr\/guides\/#\/schema\/person\/0ecd61a8600573914d00d970a588c024\",\"name\":\"Jonathan\",\"image\":{\"@type\":\"ImageObject\",\"@id\":\"https:\/\/www.mes-allocs.fr\/guides\/#personlogo\",\"inLanguage\":\"fr-FR\",\"url\":\"https:\/\/www.mes-allocs.fr\/guides\/wp-content\/uploads\/2021\/06\/jonathan-150x150.png\",\"caption\":\"Jonathan\"},\"description\":\"Jonathan est r\\u00e9dacteur au sein de l'\\u00e9quipe Mes Allocs, sp\\u00e9cialis\\u00e9 sur les sujets li\\u00e9s au handicap. Dipl\\u00f4m\\u00e9e de l'UPEM, il rejoint Mes Allocs apr\\u00e8s avoir travaill\\u00e9 \\u00e0 l'association AEDE qui accompagne les adultes en situation de handicap. Quand il n'\\u00e9crit pas, on peut le retrouver sur un terrain de basket.\",\"sameAs\":[\"https:\/\/www.linkedin.com\/in\/jonathan-bambela-8637861b7\"]}]}<\/script>\n<!-- \/ Yoast SEO plugin. -->","amp_validity":null,"acf":{"faq":{"1":{"question":"Comment \u00eatre \u00e9ligible \u00e0 la PreParE dans le secteur priv\u00e9 ?","answer":"Si vous \u00eates salari\u00e9 du secteur priv\u00e9, pour \u00eatre \u00e9ligible \u00e0 la PreParE major\u00e9e, vous devez n\u00e9cessairement prendre un cong\u00e9 parental \u00e0 temps plein."},"2":{"question":"Comment demander l'aide ?","answer":"Vous devez remplir un formulaire et fournir certaines pi\u00e8ces justificatives \u00e0 la Caisse d\u2019Allocations Familiales (CAF) ou \u00e0 la Mutualit\u00e9 Sociale Agricole (MSA)."},"3":{"question":"La PreParE fait-elle partie des aides de la PAJE ?","answer":"Oui absolument, laPreParE est une des aides de la PAJE. Il existe d'autres aides qui font partie de ce dispositif."},"4":{"question":"Comment demander la PAJE ?","answer":"Vous devez remplir un formulaire et fournir certaines pi\u00e8ces justificatives \u00e0 la Caisse d\u2019Allocations Familiales (CAF) ou \u00e0 la Mutualit\u00e9 Sociale Agricole (MSA). Vous pouvez aussi demander \u00e0 Mes Allocs de faire toutes les d\u00e9marches administratives \u00e0 votre place."},"5":{"question":"\u00c0 qui est attribu\u00e9 l'aide ?","answer":"La PreParE peut \u00eatre attribu\u00e9e \u00e0 un seul parent ou aux deux (le montant est alors divis\u00e9 par deux). Ils peuvent la percevoir en m\u00eame temps ou successivement."},"6":{"question":"","answer":""},"7":{"question":"","answer":""},"8":{"question":"","answer":""},"9":{"question":"","answer":""},"10":{"question":"","answer":""},"11":{"question":"","answer":""},"12":{"question":"","answer":""},"13":{"question":"","answer":""},"14":{"question":"","answer":""},"15":{"question":"","answer":""},"16":{"question":"","answer":""}}},"_links":{"self":[{"href":"https:\/\/www.mes-allocs.fr\/guides\/wp-json\/wp\/v2\/posts\/37809","targetHints":{"allow":["GET"]}}],"collection":[{"href":"https:\/\/www.mes-allocs.fr\/guides\/wp-json\/wp\/v2\/posts"}],"about":[{"href":"https:\/\/www.mes-allocs.fr\/guides\/wp-json\/wp\/v2\/types\/post"}],"author":[{"embeddable":true,"href":"https:\/\/www.mes-allocs.fr\/guides\/wp-json\/wp\/v2\/users\/6"}],"replies":[{"embeddable":true,"href":"https:\/\/www.mes-allocs.fr\/guides\/wp-json\/wp\/v2\/comments?post=37809"}],"version-history":[{"count":20,"href":"https:\/\/www.mes-allocs.fr\/guides\/wp-json\/wp\/v2\/posts\/37809\/revisions"}],"predecessor-version":[{"id":108275,"href":"https:\/\/www.mes-allocs.fr\/guides\/wp-json\/wp\/v2\/posts\/37809\/revisions\/108275"}],"wp:attachment":[{"href":"https:\/\/www.mes-allocs.fr\/guides\/wp-json\/wp\/v2\/media?parent=37809"}],"wp:term":[{"taxonomy":"category","embeddable":true,"href":"https:\/\/www.mes-allocs.fr\/guides\/wp-json\/wp\/v2\/categories?post=37809"},{"taxonomy":"post_tag","embeddable":true,"href":"https:\/\/www.mes-allocs.fr\/guides\/wp-json\/wp\/v2\/tags?post=37809"}],"curies":[{"name":"wp","href":"https:\/\/api.w.org\/{rel}","templated":true}]}}