{"id":37648,"date":"2021-09-20T04:57:00","date_gmt":"2021-09-20T02:57:00","guid":{"rendered":"https:\/\/www.mes-allocs.fr\/guides\/?p=37648"},"modified":"2025-02-18T16:30:47","modified_gmt":"2025-02-18T14:30:47","slug":"aide-velo-electrique-toulouse","status":"publish","type":"post","link":"https:\/\/www.mes-allocs.fr\/guides\/aide-velo-electrique\/aide-velo-region\/aide-velo-electrique-toulouse\/","title":{"rendered":"Aide v\u00e9lo \u00e9lectrique Toulouse : conditions, montant, d\u00e9marches"},"content":{"rendered":"<p data-tracker-optimeeze-index=\"0\"><img loading=\"lazy\" decoding=\"async\" class=\"alignnone wp-image-37652 size-large\" title=\"aide velo electrique Toulouse \" src=\"https:\/\/www.mes-allocs.fr\/guides\/wp-content\/uploads\/2021\/09\/Prime-velo-Toulouse--e1632105872543-1024x194.jpg\" alt=\"aide velo electrique Toulouse \" width=\"1024\" height=\"194\" srcset=\"https:\/\/www.mes-allocs.fr\/guides\/wp-content\/uploads\/2021\/09\/Prime-velo-Toulouse--e1632105872543-1024x194.jpg 1024w, https:\/\/www.mes-allocs.fr\/guides\/wp-content\/uploads\/2021\/09\/Prime-velo-Toulouse--e1632105872543-300x57.jpg 300w, https:\/\/www.mes-allocs.fr\/guides\/wp-content\/uploads\/2021\/09\/Prime-velo-Toulouse--e1632105872543-768x146.jpg 768w, https:\/\/www.mes-allocs.fr\/guides\/wp-content\/uploads\/2021\/09\/Prime-velo-Toulouse--e1632105872543-600x114.jpg 600w, https:\/\/www.mes-allocs.fr\/guides\/wp-content\/uploads\/2021\/09\/Prime-velo-Toulouse--e1632105872543.jpg 1280w\" sizes=\"auto, (max-width: 1024px) 100vw, 1024px\" \/><\/p>\n<p class=\"introduction\" data-tracker-optimeeze-index=\"0\">Vous souhaitez acqu\u00e9rir un v\u00e9lo \u00e9lectrique ? Sachez que de nombreuses <a href=\"https:\/\/www.mes-allocs.fr\/guides\/prime-velo-electrique\/prime-velo-region\/\">primes r\u00e9gionales pour l&rsquo;achat d&rsquo;un v\u00e9lo<\/a> existent. Mais vous pouvez aussi cumuler ces aides avec celles mises en place dans votre ville de r\u00e9sidence. D\u00e9couvrez l&rsquo;<strong>aide v\u00e9lo \u00e9lectrique de la ville Toulouse<\/strong>.<\/p>\n<p><iframe loading=\"lazy\" title=\"L&#039;aide au v\u00e9lo \u00e9lectrique\" width=\"500\" height=\"281\" src=\"https:\/\/www.youtube.com\/embed\/QH5GqTFaqwE?feature=oembed\" frameborder=\"0\" allow=\"accelerometer; autoplay; clipboard-write; encrypted-media; gyroscope; picture-in-picture; web-share\" referrerpolicy=\"strict-origin-when-cross-origin\" allowfullscreen><\/iframe><\/p>\n<h1>En quoi consiste la l&rsquo;aide v\u00e9lo \u00e9lectrique Toulouse ? <img loading=\"lazy\" decoding=\"async\" class=\"alignright wp-image-37653 size-medium\" title=\"aide velo electrique Toulouse \" src=\"https:\/\/www.mes-allocs.fr\/guides\/wp-content\/uploads\/2021\/09\/En-quoi-consiste-la-prime-velo-Toulouse--300x200.jpg\" alt=\"aide velo electrique Toulouse \" width=\"300\" height=\"200\" srcset=\"https:\/\/www.mes-allocs.fr\/guides\/wp-content\/uploads\/2021\/09\/En-quoi-consiste-la-prime-velo-Toulouse--300x200.jpg 300w, https:\/\/www.mes-allocs.fr\/guides\/wp-content\/uploads\/2021\/09\/En-quoi-consiste-la-prime-velo-Toulouse--1024x682.jpg 1024w, https:\/\/www.mes-allocs.fr\/guides\/wp-content\/uploads\/2021\/09\/En-quoi-consiste-la-prime-velo-Toulouse--768x512.jpg 768w, https:\/\/www.mes-allocs.fr\/guides\/wp-content\/uploads\/2021\/09\/En-quoi-consiste-la-prime-velo-Toulouse--600x400.jpg 600w, https:\/\/www.mes-allocs.fr\/guides\/wp-content\/uploads\/2021\/09\/En-quoi-consiste-la-prime-velo-Toulouse-.jpg 1280w\" sizes=\"auto, (max-width: 300px) 100vw, 300px\" \/><\/h1>\n<p>Vous \u00eates r\u00e9sidents de la ville de Toulouse ou d&rsquo;une des 37 communes de la m\u00e9tropole de Toulouse ? Vous avez la possibilit\u00e9 de b\u00e9n\u00e9ficier d&rsquo;une aide \u00e0 l&rsquo;achat d&rsquo;un <strong>v\u00e9lo \u00e0 assistance \u00e9lectrique<\/strong>.<\/p>\n<p>Pour avoir droit \u00e0 cette aide, des conditions sont requises (\u00e0 voir ci-dessous).<\/p>\n<h2>Conditions li\u00e9es au demandeur<\/h2>\n<p>Pour b\u00e9n\u00e9ficier de la <strong>prime v\u00e9lo \u00e9lectrique<\/strong>, vous devez respecter les conditions suivantes :<\/p>\n<div class=\"page\" title=\"Page 2\">\n<div class=\"section\">\n<div class=\"layoutArea\">\n<div class=\"column\">\n<ul>\n<li>\u00catre un habitant de Toulouse M\u00e9tropole<\/li>\n<li>Avoir un <b>revenu fiscal par part inf\u00e9rieur ou \u00e9gal \u00e0 35.052 \u20ac<\/b><\/li>\n<\/ul>\n<p>\u00c9galement, les entreprises et associations de moins de 250 salari\u00e9s, domicili\u00e9es sur l&rsquo;une des 37 communes de la M\u00e9tropole et y exer\u00e7ant leur activit\u00e9, peuvent b\u00e9n\u00e9ficier de cette aide. De plus, les entreprises et associations pourront subventionner jusqu&rsquo;\u00e0 3 v\u00e9los.<\/p>\n<p><b>\u00c0 noter<\/b> : si vous b\u00e9n\u00e9ficiez de cette aide, vous devez conserver votre v\u00e9lo \u00e9lectrique pendant 3 ans.<\/p>\n<\/div>\n<\/div>\n<\/div>\n<\/div>\n<h2>Conditions li\u00e9es au v\u00e9lo<\/h2>\n<p>Pour l\u2019<strong>aide \u00e0 l\u2019achat d&rsquo;un v\u00e9lo \u00e9lectrique<\/strong> \u00e0 Toulouse, les v\u00e9los ci-dessous sont \u00e9ligibles \u00e0 l&rsquo;aide :<\/p>\n<ul>\n<li>v\u00e9lo classique ou pliable<\/li>\n<li>v\u00e9lo \u00e0 assistance \u00e9lectrique, ou transformation d\u2019un v\u00e9lo classique en v\u00e9lo \u00e0 assistance \u00e9lectrique (homologation \u00e0 fournir)<\/li>\n<li>v\u00e9lo cargo\/triporteur\/remorque, avec ou sans assistance \u00e9lectrique<\/li>\n<\/ul>\n<p>Dans le cas o\u00f9 vous souhaitez louer un v\u00e9lo \u00e9lectrique, voici ceux qui sont \u00e9ligibles \u00e0 l&rsquo;aide :<\/p>\n<ul>\n<li>un v\u00e9los classique pour les particuliers<\/li>\n<li>les v\u00e9los cargo\/triporteur\/remorque avec ou sans assistance \u00e9lectrique pour les professionnels<\/li>\n<\/ul>\n<p><b>\u00c0 noter<\/b> : vous pouvez acheter un<b> v\u00e9lo neuf <\/b>ou<b> d&rsquo;occasion.\u00a0<\/b><\/p>\n<div class='cta-block'><div class='text'>Simulez toutes vos aides sociales en 2 min.<\/div><a href='https:\/\/www.mes-allocs.fr\/ab-app?origin=guides\/wp-json\/wp\/v2\/posts\/37648' class='app-button fit'>Simulation gratuite<\/a><\/div>\n<h1>Quel est le montant de la prime v\u00e9lo \u00e9lectrique ? <img loading=\"lazy\" decoding=\"async\" class=\"alignright wp-image-37654 size-medium\" title=\"montant aide velo electrique Toulouse \" src=\"https:\/\/www.mes-allocs.fr\/guides\/wp-content\/uploads\/2021\/09\/Quel-est-le-montant-de-la-prime-velo-electrique--300x211.jpg\" alt=\"montant aide velo electrique Toulouse \" width=\"300\" height=\"211\" srcset=\"https:\/\/www.mes-allocs.fr\/guides\/wp-content\/uploads\/2021\/09\/Quel-est-le-montant-de-la-prime-velo-electrique--300x211.jpg 300w, https:\/\/www.mes-allocs.fr\/guides\/wp-content\/uploads\/2021\/09\/Quel-est-le-montant-de-la-prime-velo-electrique--1024x720.jpg 1024w, https:\/\/www.mes-allocs.fr\/guides\/wp-content\/uploads\/2021\/09\/Quel-est-le-montant-de-la-prime-velo-electrique--768x540.jpg 768w, https:\/\/www.mes-allocs.fr\/guides\/wp-content\/uploads\/2021\/09\/Quel-est-le-montant-de-la-prime-velo-electrique--600x422.jpg 600w, https:\/\/www.mes-allocs.fr\/guides\/wp-content\/uploads\/2021\/09\/Quel-est-le-montant-de-la-prime-velo-electrique-.jpg 1280w\" sizes=\"auto, (max-width: 300px) 100vw, 300px\" \/><\/h1>\n<p>Le montant de cette <strong>aide toulousaine<\/strong> s&rsquo;\u00e9l\u00e8ve \u00e0<b> 40% du prix d&rsquo;achat du v\u00e9lo HT<\/b>\u00a0par foyer, plafonn\u00e9 selon vos revenus. Voici le bar\u00e8me \u00e0 prendre en compte si vous \u00eates un particulier \u00a0:<\/p>\n\n<div class=\"wpdt-c row wpDataTableContainerSimpleTable wpDataTables wpDataTablesWrapper\n\"\n    >\n    <table id=\"wpdtSimpleTable-151\"\n           class=\"wpdtSimpleTable wpDataTable\"\n           data-column=\"3\"\n           data-rows=\"7\"\n           data-wpID=\"151\"\n           data-responsive=\"0\"\n           data-has-header=\"0\">\n\n                    <tbody>        <tr class=\"wpdt-cell-row \" >\n                            <td class=\"wpdt-cell wpdt-bold wpdt-bc-EFEFEF wpdt-merged-cell \"\n                 colspan=\"1\"  rowspan=\"2\"                 data-cell-id=\"A1\"\n                data-col-index=\"0\"\n                data-row-index=\"0\"\n                style=\" width:33.333333333333%;                padding:10px;\"\n                >\n                                Quels montants maximum de l'aide ?                <\/td>\n                                            <td class=\"wpdt-cell wpdt-bold wpdt-bc-F1F0F0 wpdt-merged-cell \"\n                 colspan=\"2\"  rowspan=\"1\"                 data-cell-id=\"B1\"\n                data-col-index=\"1\"\n                data-row-index=\"0\"\n                style=\" width:66.666666666667%;                padding:10px;\"\n                >\n                                Particulier                <\/td>\n                                                    <\/tr>\n                            <tr class=\"wpdt-cell-row \" >\n                                        <td class=\"wpdt-cell wpdt-italic\"\n                                    data-cell-id=\"B2\"\n                data-col-index=\"1\"\n                data-row-index=\"1\"\n                style=\"                padding:10px;\"\n                >\n                                RFR par part \u2264 18 800 \u20ac                <\/td>\n                                            <td class=\"wpdt-cell wpdt-italic\"\n                                    data-cell-id=\"C2\"\n                data-col-index=\"2\"\n                data-row-index=\"1\"\n                style=\"                padding:10px;\"\n                >\n                                RFR par part compris entre 18 801\u20ac\u00a0et  35 052 \u20ac                <\/td>\n                                        <\/tr>\n                            <tr class=\"wpdt-cell-row \" >\n                            <td class=\"wpdt-cell wpdt-bold\"\n                                    data-cell-id=\"A3\"\n                data-col-index=\"0\"\n                data-row-index=\"2\"\n                style=\"                padding:10px;\"\n                >\n                                V\u00e9lo classique ou pliant                <\/td>\n                                            <td class=\"wpdt-cell \"\n                                    data-cell-id=\"B3\"\n                data-col-index=\"1\"\n                data-row-index=\"2\"\n                style=\"                padding:10px;\"\n                >\n                                100 \u20ac                <\/td>\n                                            <td class=\"wpdt-cell \"\n                                    data-cell-id=\"C3\"\n                data-col-index=\"2\"\n                data-row-index=\"2\"\n                style=\"                padding:10px;\"\n                >\n                                pas d'aide                <\/td>\n                                        <\/tr>\n                            <tr class=\"wpdt-cell-row \" >\n                            <td class=\"wpdt-cell wpdt-bold\"\n                                    data-cell-id=\"A4\"\n                data-col-index=\"0\"\n                data-row-index=\"3\"\n                style=\"                padding:10px;\"\n                >\n                                V\u00e9lo \u00e0 assistance \u00e9lectrique                <\/td>\n                                            <td class=\"wpdt-cell \"\n                                    data-cell-id=\"B4\"\n                data-col-index=\"1\"\n                data-row-index=\"3\"\n                style=\"                padding:10px;\"\n                >\n                                250 \u20ac                <\/td>\n                                            <td class=\"wpdt-cell \"\n                                    data-cell-id=\"C4\"\n                data-col-index=\"2\"\n                data-row-index=\"3\"\n                style=\"                padding:10px;\"\n                >\n                                200 \u20ac                <\/td>\n                                        <\/tr>\n                            <tr class=\"wpdt-cell-row \" >\n                            <td class=\"wpdt-cell wpdt-bold\"\n                                    data-cell-id=\"A5\"\n                data-col-index=\"0\"\n                data-row-index=\"4\"\n                style=\"                padding:10px;\"\n                >\n                                V\u00e9lo cargo \u00e0 assistance \u00e9lectrique                <\/td>\n                                            <td class=\"wpdt-cell \"\n                                    data-cell-id=\"B5\"\n                data-col-index=\"1\"\n                data-row-index=\"4\"\n                style=\"                padding:10px;\"\n                >\n                                600 \u20ac                <\/td>\n                                            <td class=\"wpdt-cell \"\n                                    data-cell-id=\"C5\"\n                data-col-index=\"2\"\n                data-row-index=\"4\"\n                style=\"                padding:10px;\"\n                >\n                                500 \u20ac                <\/td>\n                                        <\/tr>\n                            <tr class=\"wpdt-cell-row \" >\n                            <td class=\"wpdt-cell wpdt-bold\"\n                                    data-cell-id=\"A6\"\n                data-col-index=\"0\"\n                data-row-index=\"5\"\n                style=\"                padding:10px;\"\n                >\n                                V\u00e9lo cargo sans assistance \u00e9lectrique                <\/td>\n                                            <td class=\"wpdt-cell \"\n                                    data-cell-id=\"B6\"\n                data-col-index=\"1\"\n                data-row-index=\"5\"\n                style=\"                padding:10px;\"\n                >\n                                400 \u20ac                <\/td>\n                                            <td class=\"wpdt-cell \"\n                                    data-cell-id=\"C6\"\n                data-col-index=\"2\"\n                data-row-index=\"5\"\n                style=\"                padding:10px;\"\n                >\n                                350 \u20ac                <\/td>\n                                        <\/tr>\n                            <tr class=\"wpdt-cell-row \" >\n                            <td class=\"wpdt-cell wpdt-bold\"\n                                    data-cell-id=\"A7\"\n                data-col-index=\"0\"\n                data-row-index=\"6\"\n                style=\"                padding:10px;\"\n                >\n                                Location longue dur\u00e9e d'un v\u00e9lo classique                <\/td>\n                                            <td class=\"wpdt-cell \"\n                                    data-cell-id=\"B7\"\n                data-col-index=\"1\"\n                data-row-index=\"6\"\n                style=\"                padding:10px;\"\n                >\n                                40 \u20ac                <\/td>\n                                            <td class=\"wpdt-cell \"\n                                    data-cell-id=\"C7\"\n                data-col-index=\"2\"\n                data-row-index=\"6\"\n                style=\"                padding:10px;\"\n                >\n                                pas d'aide                <\/td>\n                                        <\/tr>\n                    <\/table>\n<\/div><style id='wpdt-custom-style-151'>\ntable#wpdtSimpleTable-151{ table-layout: fixed !important; }\n.wpdt-bc-EFEFEF { background-color: #EFEFEF !important;}\n.wpdt-bc-F1F0F0 { background-color: #F1F0F0 !important;}\n<\/style>\n\n<p>Au del\u00e0 d&rsquo;un RFR par part de 35 052 \u20ac, vous ne pouvez pas pr\u00e9tendre \u00e0 l&rsquo;aide de la M\u00e9tropole de Toulouse.<\/p>\n<p>Pour les<b> professionnels<\/b>, aucune condition de ressources n&rsquo;est exig\u00e9e. Les montants sont les suivants :<\/p>\n<ul>\n<li><b>300 \u20ac<\/b> pour l&rsquo;achat d&rsquo;un <b>v\u00e9lo \u00e0 assistance \u00e9lectrique<\/b><\/li>\n<li><b>500 \u20ac<\/b> pour l&rsquo;achat ou la location longue dur\u00e9e d&rsquo;un <b>v\u00e9lo sp\u00e9cial<\/b> (cargo\/triporteur\/biporteur\/remorque v\u00e9lo) <b>sans assistance \u00e9lectrique\u00a0<\/b><\/li>\n<li><b>1.000 \u20ac<\/b> pour l&rsquo;achat ou la location longue dur\u00e9e d&rsquo;un <b>v\u00e9lo sp\u00e9cial<\/b> (cargo\/triporteur\/biporteur\/remorque v\u00e9lo) <b>avec assistance \u00e9lectrique\u00a0<\/b><\/li>\n<\/ul>\n<p>*RFR par part = revenu fiscal de r\u00e9f\u00e9rence par part<\/p>\n<h1>D\u00e9marches pour obtenir l&rsquo;aide v\u00e9lo \u00e9lectrique \u00e0 Toulouse<\/h1>\n<p>Vous pouvez vous rendre sur le site de la M\u00e9tropole pour remplir le <strong>formulaire en ligne<\/strong>, puis transmettre votre dossier par voie postale ou par email.<\/p>\n<p>Vous devrez fournir les pi\u00e8ces justificatives suivantes :<\/p>\n<ul>\n<li>la copie de la facture d\u2019achat du v\u00e9lo \u00e0 assistance \u00e9lectrique<\/li>\n<li>la copie du certificat d\u2019homologation du v\u00e9lo \u00e0 assistance \u00e9lectrique concern\u00e9<\/li>\n<li>attestation de marquage du v\u00e9lo<\/li>\n<li>la copie de votre dernier avis d\u2019imposition<\/li>\n<li>un justificatif de domicile<\/li>\n<li>un relev\u00e9 d\u2019identit\u00e9 bancaire<\/li>\n<li>attestation sur l&rsquo;honneur de ne pas revendre le v\u00e9lo pendant 3 ans<\/li>\n<li>copie de votre CNI, passeport ou titre de s\u00e9jour en cours de validit\u00e9<\/li>\n<li>l\u2019original de l\u2019engagement sign\u00e9 portant la mention manuscrite \u00ab lu et approuv\u00e9 \u00bb qui vous sera transmis par mail.<\/li>\n<\/ul>\n<div class=\"page\" title=\"Page 2\">\n<div class=\"section\">\n<div class=\"layoutArea\">\n<div class=\"column\">\n<p>Si votre dossier satisfait aux crit\u00e8res d\u2019\u00e9ligibilit\u00e9, vous percevrez le montant de l\u2019aide attribu\u00e9e.<\/p>\n<h1>Les aides cumulables avec la prime v\u00e9lo \u00e9lectrique Toulouse<img loading=\"lazy\" decoding=\"async\" class=\"alignright wp-image-37655 size-medium\" title=\"aide velo electrique Toulouse \" src=\"https:\/\/www.mes-allocs.fr\/guides\/wp-content\/uploads\/2021\/09\/Les-aides-cumulables-avec-la-prime-velo-electrique-Toulouse-300x203.jpg\" alt=\"aide velo electrique Toulouse \" width=\"300\" height=\"203\" srcset=\"https:\/\/www.mes-allocs.fr\/guides\/wp-content\/uploads\/2021\/09\/Les-aides-cumulables-avec-la-prime-velo-electrique-Toulouse-300x203.jpg 300w, https:\/\/www.mes-allocs.fr\/guides\/wp-content\/uploads\/2021\/09\/Les-aides-cumulables-avec-la-prime-velo-electrique-Toulouse-1024x691.jpg 1024w, https:\/\/www.mes-allocs.fr\/guides\/wp-content\/uploads\/2021\/09\/Les-aides-cumulables-avec-la-prime-velo-electrique-Toulouse-768x518.jpg 768w, https:\/\/www.mes-allocs.fr\/guides\/wp-content\/uploads\/2021\/09\/Les-aides-cumulables-avec-la-prime-velo-electrique-Toulouse-600x405.jpg 600w, https:\/\/www.mes-allocs.fr\/guides\/wp-content\/uploads\/2021\/09\/Les-aides-cumulables-avec-la-prime-velo-electrique-Toulouse.jpg 1280w\" sizes=\"auto, (max-width: 300px) 100vw, 300px\" \/><\/h1>\n<ul>\n<li>Le <a href=\"https:\/\/www.mes-allocs.fr\/guides\/aide-velo-electrique\/\"><b>Bonus V\u00e9lo<\/b><\/a> \u00e0 Assistance \u00c9lectrique de l\u2019\u00c9tat<\/li>\n<\/ul>\n<p>Cette aide vient compl\u00e9ter une aide accord\u00e9e par une collectivit\u00e9. Son montant est identique \u00e0 celui octroy\u00e9 par la collectivit\u00e9 dans la limite de <strong>200\u20ac<\/strong>.<\/p>\n<ul>\n<li><b>L\u2019Eco-ch\u00e8que Mobilit\u00e9<\/b> &#8211; Achat d\u2019un V\u00e9lo \u00e0 Assistance \u00c9lectrique (VAE) de la R\u00e9gion Occitanie<\/li>\n<\/ul>\n<p>Il permet de subventionne l\u2019achat d\u2019un v\u00e9lo \u00e0 assistance \u00e9lectrique neuf pour les particuliers sous condition de ressources jusqu\u2019\u00e0 <strong>200\u20ac<\/strong>.<\/p>\n<ul>\n<li><b>L\u2019Eco-Ch\u00e8que Mobilit\u00e9s<\/b> &#8211; Bonus Forfait Mobilit\u00e9s Durables de la R\u00e9gion Occitanie<\/li>\n<\/ul>\n<p>Il permet aux salari\u00e9s b\u00e9n\u00e9ficiant du \u00ab\u00a0Forfait Mobilit\u00e9s Durables\u00a0\u00bb au sein de leur entreprise, de profiter d\u2019un bonus.\u00a0Le montant de ce bonus est plafonn\u00e9 en fonction du prix d&rsquo;achat et des revenus du b\u00e9n\u00e9ficiaire. Son montant maximum est de <strong>400\u20ac<\/strong>.<\/p>\n<\/div>\n<div class='cta-block'><div class='text'>Simulez toutes vos aides sociales en 2 min.<\/div><a href='https:\/\/www.mes-allocs.fr\/ab-app?origin=guides\/wp-json\/wp\/v2\/posts\/37648' class='app-button fit'>Simulation gratuite<\/a><\/div>\n<\/div>\n<\/div>\n<\/div>\n","protected":false},"excerpt":{"rendered":"<p>Vous souhaitez acqu\u00e9rir un v\u00e9lo \u00e9lectrique ? Sachez que de nombreuses primes r\u00e9gionales pour l&rsquo;achat d&rsquo;un v\u00e9lo existent. Mais vous pouvez aussi cumuler ces aides avec celles mises en place dans votre ville de r\u00e9sidence. D\u00e9couvrez l&rsquo;aide v\u00e9lo \u00e9lectrique de la ville Toulouse. En quoi consiste la l&rsquo;aide v\u00e9lo \u00e9lectrique Toulouse ? Vous \u00eates r\u00e9sidents [&hellip;]<\/p>\n","protected":false},"author":7,"featured_media":37651,"comment_status":"open","ping_status":"open","sticky":false,"template":"","format":"standard","meta":{"amp_status":"","footnotes":""},"categories":[43598,13817],"tags":[],"class_list":["post-37648","post","type-post","status-publish","format-standard","has-post-thumbnail","hentry","category-aide-velo-electrique","category-aide-velo-region"],"yoast_head":"<!-- This site is optimized with the Yoast SEO plugin v14.9 - https:\/\/yoast.com\/wordpress\/plugins\/seo\/ -->\n<title>Aide v\u00e9lo \u00e9lectrique Toulouse : conditions, montant, d\u00e9marches<\/title>\n<meta name=\"description\" content=\"La ville de Toulouse accorde, sous conditions, une aide pour l&#039;achat de votre v\u00e9lo \u00e9lectrique. On vous explique en d\u00e9tail comment l&#039;obtenir.\" \/>\n<meta name=\"robots\" content=\"index, follow, max-snippet:-1, max-image-preview:large, max-video-preview:-1\" \/>\n<link rel=\"canonical\" href=\"https:\/\/www.mes-allocs.fr\/guides\/aide-velo-electrique\/aide-velo-region\/aide-velo-electrique-toulouse\/\" \/>\n<meta property=\"og:locale\" content=\"fr_FR\" \/>\n<meta property=\"og:type\" content=\"article\" \/>\n<meta property=\"og:title\" content=\"Aide v\u00e9lo \u00e9lectrique Toulouse : conditions, montant, d\u00e9marches\" \/>\n<meta property=\"og:description\" content=\"La ville de Toulouse accorde, sous conditions, une aide pour l&#039;achat de votre v\u00e9lo \u00e9lectrique. On vous explique en d\u00e9tail comment l&#039;obtenir.\" \/>\n<meta property=\"og:url\" content=\"https:\/\/www.mes-allocs.fr\/guides\/aide-velo-electrique\/aide-velo-region\/aide-velo-electrique-toulouse\/\" \/>\n<meta property=\"og:site_name\" content=\"Mes-Allocs.fr\" \/>\n<meta property=\"article:published_time\" content=\"2021-09-20T02:57:00+00:00\" \/>\n<meta property=\"article:modified_time\" content=\"2025-02-18T14:30:47+00:00\" \/>\n<meta property=\"og:image\" content=\"https:\/\/www.mes-allocs.fr\/guides\/wp-content\/uploads\/2021\/09\/Prime-velo-Toulouse-comment-en-beneficier-.jpg?wsr\" \/>\n\t<meta property=\"og:image:width\" content=\"1280\" \/>\n\t<meta property=\"og:image:height\" content=\"877\" \/>\n<meta name=\"twitter:card\" content=\"summary_large_image\" \/>\n<script type=\"application\/ld+json\" class=\"yoast-schema-graph\">{\"@context\":\"https:\/\/schema.org\",\"@graph\":[{\"@type\":\"WebSite\",\"@id\":\"https:\/\/www.mes-allocs.fr\/guides\/#website\",\"url\":\"https:\/\/www.mes-allocs.fr\/guides\/\",\"name\":\"Mes-Allocs.fr\",\"description\":\"\",\"potentialAction\":[{\"@type\":\"SearchAction\",\"target\":\"https:\/\/www.mes-allocs.fr\/guides\/?s={search_term_string}\",\"query-input\":\"required name=search_term_string\"}],\"inLanguage\":\"fr-FR\"},{\"@type\":\"ImageObject\",\"@id\":\"https:\/\/www.mes-allocs.fr\/guides\/aide-velo-electrique\/aide-velo-region\/aide-velo-electrique-toulouse\/#primaryimage\",\"inLanguage\":\"fr-FR\",\"url\":\"https:\/\/www.mes-allocs.fr\/guides\/wp-content\/uploads\/2021\/09\/Prime-velo-Toulouse-comment-en-beneficier-.jpg?wsr\",\"width\":1280,\"height\":877,\"caption\":\"aide velo electrique Toulouse\"},{\"@type\":\"WebPage\",\"@id\":\"https:\/\/www.mes-allocs.fr\/guides\/aide-velo-electrique\/aide-velo-region\/aide-velo-electrique-toulouse\/#webpage\",\"url\":\"https:\/\/www.mes-allocs.fr\/guides\/aide-velo-electrique\/aide-velo-region\/aide-velo-electrique-toulouse\/\",\"name\":\"Aide v\\u00e9lo \\u00e9lectrique Toulouse : conditions, montant, d\\u00e9marches\",\"isPartOf\":{\"@id\":\"https:\/\/www.mes-allocs.fr\/guides\/#website\"},\"primaryImageOfPage\":{\"@id\":\"https:\/\/www.mes-allocs.fr\/guides\/aide-velo-electrique\/aide-velo-region\/aide-velo-electrique-toulouse\/#primaryimage\"},\"datePublished\":\"2021-09-20T02:57:00+00:00\",\"dateModified\":\"2025-02-18T14:30:47+00:00\",\"author\":{\"@id\":\"https:\/\/www.mes-allocs.fr\/guides\/#\/schema\/person\/1c4837d5703727cb02ce84583b5a44aa\"},\"description\":\"La ville de Toulouse accorde, sous conditions, une aide pour l'achat de votre v\\u00e9lo \\u00e9lectrique. On vous explique en d\\u00e9tail comment l'obtenir.\",\"inLanguage\":\"fr-FR\"},{\"@type\":\"Person\",\"@id\":\"https:\/\/www.mes-allocs.fr\/guides\/#\/schema\/person\/1c4837d5703727cb02ce84583b5a44aa\",\"name\":\"Fabiola\",\"image\":{\"@type\":\"ImageObject\",\"@id\":\"https:\/\/www.mes-allocs.fr\/guides\/#personlogo\",\"inLanguage\":\"fr-FR\",\"url\":\"https:\/\/www.mes-allocs.fr\/guides\/wp-content\/uploads\/2021\/06\/fabiola-150x150.png\",\"caption\":\"Fabiola\"},\"description\":\"Fabiola est r\\u00e9dactrice au sein de l'\\u00e9quipe Mes Allocs, sp\\u00e9cialis\\u00e9e en sciences politiques et affaires publiques. Dipl\\u00f4m\\u00e9e de l'HEIP, elle rejoint Mes Allocs apr\\u00e8s une premi\\u00e8re exp\\u00e9rience \\u00e0 l'Assembl\\u00e9e Nationale.\",\"sameAs\":[\"https:\/\/www.linkedin.com\/in\/cecilia-philippe-b-8a8085195\"]}]}<\/script>\n<!-- \/ Yoast SEO plugin. -->","amp_validity":null,"acf":{"faq":{"1":{"question":"Comment obtenir la prime v\u00e9lo \u00e9lectrique de Toulouse ?","answer":"Pour avoir droit \u00e0 cette prime, les conditions suivantes doivent \u00eatre respect\u00e9es : \r\n\r\n-\u00catre un habitant de Toulouse M\u00e9tropole\r\n-Avoir un revenu fiscal inf\u00e9rieur \u00e0 35.052 \u20ac\r\n"},"2":{"question":"Quel est le montant de l'aide de la M\u00e9tropole de Toulouse ? ","answer":"Le montant de la prime v\u00e9lo accord\u00e9e par la M\u00e9tropole de Toulouse varie de 40 \u20ac \u00e0 600 \u20ac pour un particulier, selon vos revenus et le type de v\u00e9lo achet\u00e9.  "},"3":{"question":"Comment demander la subvention ? ","answer":"Pour faire votre demande, rendez-vous sur le site \"demarches.toulouse-metropole.fr\"."},"4":{"question":"Quels sont les types de v\u00e9lo \u00e9lectrique \u00e9ligibles \u00e0 la prime ?","answer":"Les types de v\u00e9lo \u00e9ligibles \u00e0 la prime sont :\r\n-V\u00e9lo \u00e0 assistance \u00e9lectrique (VAE) neuf \r\n-V\u00e9lo cargo avec assistance \u00e9lectrique neuf\r\n-V\u00e9lo cargo sans assistance \u00e9lectrique + accessoires de s\u00e9curit\u00e9"},"5":{"question":"Quand l'aide est-elle vers\u00e9e ?","answer":"Vous percevrez le montant de l\u2019aide attribu\u00e9e apr\u00e8s \u00e9tude de votre dossier. Si celui-ci r\u00e9pond aux crit\u00e8res d'\u00e9ligibilit\u00e9, l'aide vous sera accord\u00e9e.\r\n"},"6":{"question":"","answer":""},"7":{"question":"","answer":""},"8":{"question":"","answer":""},"9":{"question":"","answer":""},"10":{"question":"","answer":""},"11":{"question":"","answer":""},"12":{"question":"","answer":""},"13":{"question":"","answer":""},"14":{"question":"","answer":""},"15":{"question":"","answer":""},"16":{"question":"","answer":""}}},"_links":{"self":[{"href":"https:\/\/www.mes-allocs.fr\/guides\/wp-json\/wp\/v2\/posts\/37648","targetHints":{"allow":["GET"]}}],"collection":[{"href":"https:\/\/www.mes-allocs.fr\/guides\/wp-json\/wp\/v2\/posts"}],"about":[{"href":"https:\/\/www.mes-allocs.fr\/guides\/wp-json\/wp\/v2\/types\/post"}],"author":[{"embeddable":true,"href":"https:\/\/www.mes-allocs.fr\/guides\/wp-json\/wp\/v2\/users\/7"}],"replies":[{"embeddable":true,"href":"https:\/\/www.mes-allocs.fr\/guides\/wp-json\/wp\/v2\/comments?post=37648"}],"version-history":[{"count":19,"href":"https:\/\/www.mes-allocs.fr\/guides\/wp-json\/wp\/v2\/posts\/37648\/revisions"}],"predecessor-version":[{"id":91016,"href":"https:\/\/www.mes-allocs.fr\/guides\/wp-json\/wp\/v2\/posts\/37648\/revisions\/91016"}],"wp:featuredmedia":[{"embeddable":true,"href":"https:\/\/www.mes-allocs.fr\/guides\/wp-json\/wp\/v2\/media\/37651"}],"wp:attachment":[{"href":"https:\/\/www.mes-allocs.fr\/guides\/wp-json\/wp\/v2\/media?parent=37648"}],"wp:term":[{"taxonomy":"category","embeddable":true,"href":"https:\/\/www.mes-allocs.fr\/guides\/wp-json\/wp\/v2\/categories?post=37648"},{"taxonomy":"post_tag","embeddable":true,"href":"https:\/\/www.mes-allocs.fr\/guides\/wp-json\/wp\/v2\/tags?post=37648"}],"curies":[{"name":"wp","href":"https:\/\/api.w.org\/{rel}","templated":true}]}}