{"id":37607,"date":"2021-09-21T08:06:20","date_gmt":"2021-09-21T06:06:20","guid":{"rendered":"https:\/\/www.mes-allocs.fr\/guides\/?p=37607"},"modified":"2025-07-18T16:13:55","modified_gmt":"2025-07-18T14:13:55","slug":"recherche-emploi-ambulancier","status":"publish","type":"post","link":"https:\/\/www.mes-allocs.fr\/guides\/reconversion-professionnelle\/aide-recherche-emploi\/recherche-emploi-ambulancier\/","title":{"rendered":"La recherche d&rsquo;un emploi en tant qu&rsquo;ambulancier"},"content":{"rendered":"<p><img loading=\"lazy\" decoding=\"async\" class=\"alignnone wp-image-37612 size-large\" title=\"recherche emploi ambulancier\" src=\"https:\/\/www.mes-allocs.fr\/guides\/wp-content\/uploads\/2021\/09\/Tout-savoir-sur-la-recherche-emploi-ambulancier-e1632077921266-1024x284.jpg\" alt=\"recherche emploi ambulancier\" width=\"1024\" height=\"284\" srcset=\"https:\/\/www.mes-allocs.fr\/guides\/wp-content\/uploads\/2021\/09\/Tout-savoir-sur-la-recherche-emploi-ambulancier-e1632077921266-1024x284.jpg 1024w, https:\/\/www.mes-allocs.fr\/guides\/wp-content\/uploads\/2021\/09\/Tout-savoir-sur-la-recherche-emploi-ambulancier-e1632077921266-300x83.jpg 300w, https:\/\/www.mes-allocs.fr\/guides\/wp-content\/uploads\/2021\/09\/Tout-savoir-sur-la-recherche-emploi-ambulancier-e1632077921266-768x213.jpg 768w, https:\/\/www.mes-allocs.fr\/guides\/wp-content\/uploads\/2021\/09\/Tout-savoir-sur-la-recherche-emploi-ambulancier-e1632077921266-600x166.jpg 600w, https:\/\/www.mes-allocs.fr\/guides\/wp-content\/uploads\/2021\/09\/Tout-savoir-sur-la-recherche-emploi-ambulancier-e1632077921266.jpg 1280w\" sizes=\"auto, (max-width: 1024px) 100vw, 1024px\" \/><\/p>\n<p><strong>L&rsquo;ambulancier est charg\u00e9 du transport des personnes malades. Vous \u00eates \u00e0 la recherche d&rsquo;un emploi dans ce secteur dans le cadre d&rsquo;une <a href=\"https:\/\/www.mes-allocs.fr\/guides\/reconversion-professionnelle\/\">reconversion professionnelle<\/a> ? Notre \u00e9quipe vous explique comment rechercher un emploi d&rsquo;ambulancier.<\/strong><\/p>\n<div class='cta-block'><div class='text'>Coaching \u00e0 distance pay\u00e9 par vos aides formation.<\/div><a href='https:\/\/www.formademia.fr\/formulaire\/coaching' class='app-button fit'>V\u00e9rifier votre \u00e9ligibilit\u00e9<\/a><\/div>\n<h1>Description du m\u00e9tier d&rsquo;ambulancier<\/h1>\n<p>L&rsquo;ambulancier est un professionnel de la sant\u00e9. Son r\u00f4le est de prendre en charge les personnes malades, bless\u00e9es ou accident\u00e9es. Il est charg\u00e9 de les conduire vers les structures adapt\u00e9es afin qu&rsquo;elles soient prises en charge.<\/p>\n<p>Il peut \u00e9galement face \u00e0 des situations ou conditions d&rsquo;urgence, \u00e0 pratiquer des gestes de secours (massages cardiaques, respiratoires, &#8230;).<\/p>\n<h2>Missions et activit\u00e9s de l&rsquo;ambulancier<\/h2>\n<p>La mission principale de l&rsquo;ambulancier est le transport des patients malades \u00e0 bord d&rsquo;un v\u00e9hicule sanitaire. Il est \u00e9galement charg\u00e9 de plusieurs autres activit\u00e9s, \u00e0 savoir :<\/p>\n<ul>\n<li>Apporter les premiers soins<\/li>\n<li>Veiller sur l&rsquo;\u00e9tat de sant\u00e9 des patients<\/li>\n<li>Effectuer des formalit\u00e9s administratives<\/li>\n<li>Coordonner une \u00e9quipe ou diriger une structure<\/li>\n<li>R\u00e9aliser des gestes de premiers secours<\/li>\n<li>Nettoyer et entretenir le v\u00e9hicule<\/li>\n<\/ul>\n<p>Vous n\u2019\u00eates pas certain(e) que ce domaine soit fait pour vous ? D\u00e9couvrez les aides des <a href=\"https:\/\/www.mes-allocs.fr\/guides\/reconversion-professionnelle\/aide-recherche-emploi\/\">organismes sp\u00e9cialis\u00e9s dans l\u2019orientation professionnelle<\/a>.<\/p>\n<p><iframe loading=\"lazy\" title=\"La reconversion professionnelle\" width=\"500\" height=\"281\" src=\"https:\/\/www.youtube.com\/embed\/EiVUthswxl0?feature=oembed\" frameborder=\"0\" allow=\"accelerometer; autoplay; clipboard-write; encrypted-media; gyroscope; picture-in-picture; web-share\" referrerpolicy=\"strict-origin-when-cross-origin\" allowfullscreen><\/iframe><\/p>\n<div class=\"page\" title=\"Page 1\">\n<div class=\"layoutArea\">\n<div class=\"column\">\n<h2>Conditions d&rsquo;exercice de l&rsquo;activit\u00e9<\/h2>\n<p>L&rsquo;activit\u00e9 de ce m\u00e9tier peut s&rsquo;exercer au sein d&rsquo;entreprises de transport sanitaire, d&rsquo;\u00e9tablissements de soins (h\u00f4pital, clinique, etc), de services sp\u00e9cialis\u00e9s d&rsquo;urgence en contact avec les patients et en relation avec diff\u00e9rents intervenants (m\u00e9decins, infirmiers, pompiers, &#8230;).<br \/>\nElle peut s&rsquo;exercer les fins de semaine, jours f\u00e9ri\u00e9s, de nuit et \u00eatre soumise \u00e0 des astreintes ou des gardes.<\/p>\n<h2>Comp\u00e9tences requises pour exercer l&rsquo;activit\u00e9<\/h2>\n<p>Exercer le m\u00e9tier d\u2019ambulancier requiert de nombreuses qualit\u00e9s.\u00a0 Tout d\u2019abord, il faut n\u00e9cessairement \u00eatre bon conducteur pour savoir s\u2019adapter \u00e0 l\u2019\u00e9tat de sant\u00e9 de la personne qu\u2019il transporte (conduite souple et lente ou conduite d\u2019urgence avec utilisation de gyrophare).<\/p>\n<p>M\u00e9tier qui se pratique dans l\u2019urgence, il doit savoir faire preuve de sang-froid, de r\u00e9activit\u00e9 et de vigilance tout en sachant rassurer et r\u00e9conforter les patients.<\/p>\n<p>Enfin, avec un rythme de travail soutenu, une bonne r\u00e9sistance physique et mentale est primordiale.<\/p>\n<h1>Quelle est la formation requise pour exercer ce m\u00e9tier ?<\/h1>\n<p>Le <a href=\"https:\/\/www.mes-allocs.fr\/guides\/reconversion-professionnelle\/aide-recherche-emploi\/recherche-emploi-ambulancier\/diplome-ambulancier\/\">dipl\u00f4me d&rsquo;Etat d&rsquo;ambulancier<\/a> (DEA) est obligatoire pour exercer ce m\u00e9tier. Si le niveau de la classe de 3\u00e8me pour se pr\u00e9senter aux \u00e9preuves de s\u00e9lection est un minimum, beaucoup de candidats sont titulaires du bac.<\/p>\n<p>Conditions pour candidater :<\/p>\n<ul>\n<li>permis de conduire de plus de 3 ans ou 2 ans si conduite accompagn\u00e9e<\/li>\n<li>attestation pr\u00e9fectorale d&rsquo;aptitude \u00e0 la conduite d&rsquo;une ambulance<\/li>\n<li>certificat m\u00e9dical + vaccinations<\/li>\n<\/ul>\n<p>La s\u00e9lection comporte une \u00e9preuve d\u2019admissibilit\u00e9 comprenant un stage de d\u00e9couverte de 140 heures et une \u00e9preuve \u00e9crite (fran\u00e7ais et arithm\u00e9tique) et une \u00e9preuve d\u2019admission consistant en un entretien avec un jury.<\/p>\n<p>Pour certains publics, des dispenses d&rsquo;\u00e9preuves sont propos\u00e9es :<\/p>\n<ul>\n<li>les candidats titulaires du bac (ou \u00e9quivalent), d&rsquo;un titre ou dipl\u00f4me du secteur sanitaire ou social de niveau V (CAP) ou ayant \u00e9t\u00e9 admis en formation d&rsquo;auxiliaire m\u00e9dical sont dispens\u00e9s de l&rsquo;\u00e9preuve \u00e9crite d&rsquo;admissibilit\u00e9<\/li>\n<li>les auxiliaires ambulanciers ayant exerc\u00e9 au moins un mois sont dispens\u00e9s du stage d\u00e9couverte<\/li>\n<\/ul>\n<p>La pr\u00e9paration au dipl\u00f4me d&rsquo;Etat d&rsquo;ambulancier est assur\u00e9e par des centres agr\u00e9\u00e9s par le minist\u00e8re la Sant\u00e9.<\/p>\n<p>La formation est dispens\u00e9e au sein des IFA (institut de formation d&rsquo;ambulancier)\u00a0des CHU hospitaliers, de\u00a0l&rsquo;Aftral, de l&rsquo;Ordre de Malte, de la\u00a0Croix Rouge&#8230;.<\/p>\n<p>La formation est payante. Elle peut \u00eatre prise en charge dans le cadre de la formation continue. Elle dure de 2 \u00e0 4 mois, \u00e0 temps complet ou partiel (630 h d&rsquo;enseignement th\u00e9orique et clinique en institut et en stage chez un transporteur habilit\u00e9).<\/p>\n<p>Pour exercer en SMUR (service mobile d&rsquo;urgence et de r\u00e9animation), les ambulanciers doivent avoir suivi\u00a0en sus une formation compl\u00e9mentaire d&rsquo;adaptation \u00e0 l&#8217;emploi (FAE) d&rsquo;ambulancier SMUR ainsi d&rsquo;un stage de s\u00e9curit\u00e9 routi\u00e8re et de conduite en \u00e9tat d&rsquo;urgence dans un centre de formation agr\u00e9e.<\/p>\n<p>La formation compl\u00e9mentaire d&rsquo;ambulancier SMUR comprend 4 modules : radiot\u00e9l\u00e9phonie, hygi\u00e8ne d\u00e9contamination et d\u00e9sinfection, situation d&rsquo;exception, participation \u00e0 la prise en charge du patient au sein d&rsquo;une \u00e9quipe m\u00e9dicale.<\/p>\n<h1>Le salaire de l&rsquo;ambulancier<\/h1>\n<p>Le <a href=\"https:\/\/www.mes-allocs.fr\/guides\/reconversion-professionnelle\/aide-recherche-emploi\/recherche-emploi-ambulancier\/salaire-ambulancier\/\">salaire<\/a> d\u2019un ambulancier d\u00e9butant titulaire du dipl\u00f4me d&rsquo;\u00e9tat est au S.M.I.C. Il peut atteindre 2 000 \u20ac\u00a0 par la suite. Il y a de grandes diff\u00e9rences selon les entreprises. Dans la fonction publique hospitali\u00e8re, l&rsquo;ambulancier d\u00e9bute \u00e0 1 555 \u20ac.<\/p>\n<p>Un ambulancier \u00e0 son compte gagnera davantage mais devra investir pour financer son v\u00e9hicule (entre 30 000 et 80 000 \u20ac).<\/p>\n<h1 id=\"menu-5\">O\u00f9 travailler comme ambulancier ?<\/h1>\n<p>Ce professionnel de la sant\u00e9 peut exercer aussi bien dans le priv\u00e9 que dans le public que ce soit en h\u00f4pital, en clinique ou encore dans les maisons de retraite.<\/p>\n<p>Le m\u00e9tier d\u2019ambulancier peut \u00e9voluer vers l\u2019encadrement d\u2019une \u00e9quipe, l\u2019organisation de plans d\u2019action sur le terrain pour des op\u00e9rations \u00e0 grandes \u00e9chelles ou la r\u00e9gulation d&rsquo;une structure de soins. Son r\u00f4le n&rsquo;est alors plus le m\u00eame puisqu&rsquo;il g\u00e8re les d\u00e9placements d&rsquo;une \u00e9quipe, \u00e9tablit les emplois du temps de chacun et se charge des appels et des demandes d&rsquo;intervention.<\/p>\n<p>Le <a href=\"https:\/\/www.mes-allocs.fr\/guides\/reconversion-professionnelle\/aide-recherche-emploi\/recherche-emploi-ambulancier\/fiche-metier-ambulancier\/\">m\u00e9tier d\u2019ambulancier<\/a> peut \u00e9galement \u00e9voluer vers d\u2019autres branches par le biais de formations courtes pour devenir brancardier ou aide-soignant par exemple.<\/p>\n<div class='cta-block'><div class='text'>Coaching \u00e0 distance pay\u00e9 par vos aides formation.<\/div><a href='https:\/\/www.formademia.fr\/formulaire\/coaching' class='app-button fit'>V\u00e9rifier votre \u00e9ligibilit\u00e9<\/a><\/div>\n<\/div>\n<\/div>\n<\/div>\n","protected":false},"excerpt":{"rendered":"<p>L&rsquo;ambulancier est charg\u00e9 du transport des personnes malades. Vous \u00eates \u00e0 la recherche d&rsquo;un emploi dans ce secteur dans le cadre d&rsquo;une reconversion professionnelle ? Notre \u00e9quipe vous explique comment rechercher un emploi d&rsquo;ambulancier. Description du m\u00e9tier d&rsquo;ambulancier L&rsquo;ambulancier est un professionnel de la sant\u00e9. Son r\u00f4le est de prendre en charge les personnes malades, [&hellip;]<\/p>\n","protected":false},"author":7,"featured_media":37617,"comment_status":"open","ping_status":"open","sticky":false,"template":"","format":"standard","meta":{"amp_status":"","footnotes":""},"categories":[8789,5081],"tags":[],"class_list":["post-37607","post","type-post","status-publish","format-standard","has-post-thumbnail","hentry","category-aide-recherche-emploi","category-reconversion-professionnelle"],"yoast_head":"<!-- This site is optimized with the Yoast SEO plugin v14.9 - https:\/\/yoast.com\/wordpress\/plugins\/seo\/ -->\n<title>La recherche d&#039;un emploi en tant qu&#039;ambulancier | Mes-Allocs.fr<\/title>\n<meta name=\"description\" content=\"Si vous \u00eates \u00e0 la recherche d&#039;un emploi en tant qu&#039;ambulancier, notre \u00e9quipe vous explique comment proc\u00e9der.\" \/>\n<meta name=\"robots\" content=\"index, follow, max-snippet:-1, max-image-preview:large, max-video-preview:-1\" \/>\n<link rel=\"canonical\" href=\"https:\/\/www.mes-allocs.fr\/guides\/reconversion-professionnelle\/aide-recherche-emploi\/recherche-emploi-ambulancier\/\" \/>\n<meta property=\"og:locale\" content=\"fr_FR\" \/>\n<meta property=\"og:type\" content=\"article\" \/>\n<meta property=\"og:title\" content=\"La recherche d&#039;un emploi en tant qu&#039;ambulancier | Mes-Allocs.fr\" \/>\n<meta property=\"og:description\" content=\"Si vous \u00eates \u00e0 la recherche d&#039;un emploi en tant qu&#039;ambulancier, notre \u00e9quipe vous explique comment proc\u00e9der.\" \/>\n<meta property=\"og:url\" content=\"https:\/\/www.mes-allocs.fr\/guides\/reconversion-professionnelle\/aide-recherche-emploi\/recherche-emploi-ambulancier\/\" \/>\n<meta property=\"og:site_name\" content=\"Mes-Allocs.fr\" \/>\n<meta property=\"article:published_time\" content=\"2021-09-21T06:06:20+00:00\" \/>\n<meta property=\"article:modified_time\" content=\"2025-07-18T14:13:55+00:00\" \/>\n<meta property=\"og:image\" content=\"https:\/\/www.mes-allocs.fr\/guides\/wp-content\/uploads\/2021\/09\/Tout-savoir-sur-la-recherche-emploi-ambulancier-2.jpg?wsr\" \/>\n\t<meta property=\"og:image:width\" content=\"1280\" \/>\n\t<meta property=\"og:image:height\" content=\"853\" \/>\n<meta name=\"twitter:card\" content=\"summary_large_image\" \/>\n<script type=\"application\/ld+json\" class=\"yoast-schema-graph\">{\"@context\":\"https:\/\/schema.org\",\"@graph\":[{\"@type\":\"WebSite\",\"@id\":\"https:\/\/www.mes-allocs.fr\/guides\/#website\",\"url\":\"https:\/\/www.mes-allocs.fr\/guides\/\",\"name\":\"Mes-Allocs.fr\",\"description\":\"\",\"potentialAction\":[{\"@type\":\"SearchAction\",\"target\":\"https:\/\/www.mes-allocs.fr\/guides\/?s={search_term_string}\",\"query-input\":\"required name=search_term_string\"}],\"inLanguage\":\"fr-FR\"},{\"@type\":\"ImageObject\",\"@id\":\"https:\/\/www.mes-allocs.fr\/guides\/reconversion-professionnelle\/aide-recherche-emploi\/recherche-emploi-ambulancier\/#primaryimage\",\"inLanguage\":\"fr-FR\",\"url\":\"https:\/\/www.mes-allocs.fr\/guides\/wp-content\/uploads\/2021\/09\/Tout-savoir-sur-la-recherche-emploi-ambulancier-2.jpg?wsr\",\"width\":1280,\"height\":853,\"caption\":\"fiche metier ambulancier\"},{\"@type\":\"WebPage\",\"@id\":\"https:\/\/www.mes-allocs.fr\/guides\/reconversion-professionnelle\/aide-recherche-emploi\/recherche-emploi-ambulancier\/#webpage\",\"url\":\"https:\/\/www.mes-allocs.fr\/guides\/reconversion-professionnelle\/aide-recherche-emploi\/recherche-emploi-ambulancier\/\",\"name\":\"La recherche d'un emploi en tant qu'ambulancier | Mes-Allocs.fr\",\"isPartOf\":{\"@id\":\"https:\/\/www.mes-allocs.fr\/guides\/#website\"},\"primaryImageOfPage\":{\"@id\":\"https:\/\/www.mes-allocs.fr\/guides\/reconversion-professionnelle\/aide-recherche-emploi\/recherche-emploi-ambulancier\/#primaryimage\"},\"datePublished\":\"2021-09-21T06:06:20+00:00\",\"dateModified\":\"2025-07-18T14:13:55+00:00\",\"author\":{\"@id\":\"https:\/\/www.mes-allocs.fr\/guides\/#\/schema\/person\/1c4837d5703727cb02ce84583b5a44aa\"},\"description\":\"Si vous \\u00eates \\u00e0 la recherche d'un emploi en tant qu'ambulancier, notre \\u00e9quipe vous explique comment proc\\u00e9der.\",\"inLanguage\":\"fr-FR\"},{\"@type\":\"Person\",\"@id\":\"https:\/\/www.mes-allocs.fr\/guides\/#\/schema\/person\/1c4837d5703727cb02ce84583b5a44aa\",\"name\":\"Fabiola\",\"image\":{\"@type\":\"ImageObject\",\"@id\":\"https:\/\/www.mes-allocs.fr\/guides\/#personlogo\",\"inLanguage\":\"fr-FR\",\"url\":\"https:\/\/www.mes-allocs.fr\/guides\/wp-content\/uploads\/2021\/06\/fabiola-150x150.png\",\"caption\":\"Fabiola\"},\"description\":\"Fabiola est r\\u00e9dactrice au sein de l'\\u00e9quipe Mes Allocs, sp\\u00e9cialis\\u00e9e en sciences politiques et affaires publiques. Dipl\\u00f4m\\u00e9e de l'HEIP, elle rejoint Mes Allocs apr\\u00e8s une premi\\u00e8re exp\\u00e9rience \\u00e0 l'Assembl\\u00e9e Nationale.\",\"sameAs\":[\"https:\/\/www.linkedin.com\/in\/cecilia-philippe-b-8a8085195\"]}]}<\/script>\n<!-- \/ Yoast SEO plugin. -->","amp_validity":null,"acf":{"faq":{"1":{"question":"Qu'est-ce qu'un ambulancier ?","answer":"L'ambulancier est charg\u00e9 d'assurer le transport de malades dans un v\u00e9hicule sanitaire l\u00e9ger (VSL). \r\n"},"2":{"question":"Comment devenir ambulancier ?","answer":"Pour exercer ce m\u00e9tier, vous devez obtenir une validation d\u00e9livr\u00e9e au terme d'une formation de 70 h. Elle est dispens\u00e9e par les instituts de formation d'ambulanciers (IFA)."},"3":{"question":"Quel salaire pour un ambulancier ?","answer":"Le salaire pour un d\u00e9butant \u00e9quivaut au SMIC, soit environ 1480.72\u20ac brut en d\u00e9but de carri\u00e8re, cela varie entre 1 200\u20ac et 1 500\u20ac net et peut \u00e9voluer jusqu\u2019\u00e0 2 300\u20ac brut en fin de carri\u00e8re. En savoir plus\r\n"},"4":{"question":"Quelles qualit\u00e9s et comp\u00e9tences pour devenir ambulancier ?","answer":"L\u2019ambulancier doit faire preuve d\u2019autonomie mais aussi de capacit\u00e9 de travail en \u00e9quipe, de rapidit\u00e9, de dynamisme et de r\u00e9activit\u00e9. En savoir plus\r\n"},"5":{"question":"Quelle est la diff\u00e9rence entre un auxiliaire ambulancier et un ambulancier ?","answer":"L'auxiliaire ambulancier est charg\u00e9 d'assister l'ambulancier. Il a plus de responsabilit\u00e9s et ses comp\u00e9tences m\u00e9tiers sont donc plus \u00e9tendues."},"6":{"question":"","answer":""},"7":{"question":"","answer":""},"8":{"question":"","answer":""},"9":{"question":"","answer":""},"10":{"question":"","answer":""},"11":{"question":"","answer":""},"12":{"question":"","answer":""},"13":{"question":"","answer":""},"14":{"question":"","answer":""},"15":{"question":"","answer":""},"16":{"question":"","answer":""}}},"_links":{"self":[{"href":"https:\/\/www.mes-allocs.fr\/guides\/wp-json\/wp\/v2\/posts\/37607","targetHints":{"allow":["GET"]}}],"collection":[{"href":"https:\/\/www.mes-allocs.fr\/guides\/wp-json\/wp\/v2\/posts"}],"about":[{"href":"https:\/\/www.mes-allocs.fr\/guides\/wp-json\/wp\/v2\/types\/post"}],"author":[{"embeddable":true,"href":"https:\/\/www.mes-allocs.fr\/guides\/wp-json\/wp\/v2\/users\/7"}],"replies":[{"embeddable":true,"href":"https:\/\/www.mes-allocs.fr\/guides\/wp-json\/wp\/v2\/comments?post=37607"}],"version-history":[{"count":7,"href":"https:\/\/www.mes-allocs.fr\/guides\/wp-json\/wp\/v2\/posts\/37607\/revisions"}],"predecessor-version":[{"id":102715,"href":"https:\/\/www.mes-allocs.fr\/guides\/wp-json\/wp\/v2\/posts\/37607\/revisions\/102715"}],"wp:featuredmedia":[{"embeddable":true,"href":"https:\/\/www.mes-allocs.fr\/guides\/wp-json\/wp\/v2\/media\/37617"}],"wp:attachment":[{"href":"https:\/\/www.mes-allocs.fr\/guides\/wp-json\/wp\/v2\/media?parent=37607"}],"wp:term":[{"taxonomy":"category","embeddable":true,"href":"https:\/\/www.mes-allocs.fr\/guides\/wp-json\/wp\/v2\/categories?post=37607"},{"taxonomy":"post_tag","embeddable":true,"href":"https:\/\/www.mes-allocs.fr\/guides\/wp-json\/wp\/v2\/tags?post=37607"}],"curies":[{"name":"wp","href":"https:\/\/api.w.org\/{rel}","templated":true}]}}