{"id":37559,"date":"2021-10-06T03:02:08","date_gmt":"2021-10-06T01:02:08","guid":{"rendered":"https:\/\/www.mes-allocs.fr\/guides\/?p=37559"},"modified":"2025-07-18T16:30:23","modified_gmt":"2025-07-18T14:30:23","slug":"recherche-emploi-decorateur-interieur","status":"publish","type":"post","link":"https:\/\/www.mes-allocs.fr\/guides\/reconversion-professionnelle\/aide-recherche-emploi\/recherche-emploi-decorateur-interieur\/","title":{"rendered":"La recherche d&rsquo;un emploi de d\u00e9corateur int\u00e9rieur"},"content":{"rendered":"<p><img loading=\"lazy\" decoding=\"async\" class=\"alignnone wp-image-34594 size-large\" title=\"Recherche emploi decorateur interieur\" src=\"https:\/\/www.mes-allocs.fr\/guides\/wp-content\/uploads\/2021\/08\/recherche-emploi-decorateur-interieur-e1628512687566-1024x307.jpg\" alt=\"Recherche emploi decorateur interieur\" width=\"1024\" height=\"307\" srcset=\"https:\/\/www.mes-allocs.fr\/guides\/wp-content\/uploads\/2021\/08\/recherche-emploi-decorateur-interieur-e1628512687566-1024x307.jpg 1024w, https:\/\/www.mes-allocs.fr\/guides\/wp-content\/uploads\/2021\/08\/recherche-emploi-decorateur-interieur-e1628512687566-300x90.jpg 300w, https:\/\/www.mes-allocs.fr\/guides\/wp-content\/uploads\/2021\/08\/recherche-emploi-decorateur-interieur-e1628512687566-768x230.jpg 768w, https:\/\/www.mes-allocs.fr\/guides\/wp-content\/uploads\/2021\/08\/recherche-emploi-decorateur-interieur-e1628512687566-600x180.jpg 600w, https:\/\/www.mes-allocs.fr\/guides\/wp-content\/uploads\/2021\/08\/recherche-emploi-decorateur-interieur-e1628512687566.jpg 1280w\" sizes=\"auto, (max-width: 1024px) 100vw, 1024px\" \/><\/p>\n<p style=\"text-align: justify;\"><strong>Parmi les m\u00e9tiers cr\u00e9atifs, nombreux sont les passionn\u00e9s de d\u00e9coration qui d\u00e9cident d\u2019entamer leur <a href=\"https:\/\/www.mes-allocs.fr\/guides\/reconversion-professionnelle\/\">reconversion professionnelle<\/a> dans cette voie. D\u00e9couvrez comment effectuer votre recherche d&#8217;emploi pour devenir d\u00e9corateur d&rsquo;int\u00e9rieur.<\/strong><\/p>\n<div class='cta-block'><div class='text'>Coaching \u00e0 distance pay\u00e9 par vos aides formation.<\/div><a href='https:\/\/www.formademia.fr\/formulaire\/coaching' class='app-button fit'>V\u00e9rifier votre \u00e9ligibilit\u00e9<\/a><\/div>\n<h1 id=\"menu-1\">M\u00e9tier de d\u00e9corateur d&rsquo;int\u00e9rieur<\/h1>\n<p>Le d\u00e9corateur d\u2019int\u00e9rieur \/ la d\u00e9coratrice d\u2019int\u00e9rieur est le sp\u00e9cialiste de\u00a0la d\u00e9coration et de l\u2019am\u00e9nagement\u00a0d\u2019espaces. Il con\u00e7oit des espaces int\u00e9rieurs en tenant compte du brief et du budget de son client. Contrairement \u00e0 l\u2019architecte d\u2019int\u00e9rieur, il s\u2019occupe principalement \u00e0 l\u2019aspect esth\u00e9tique d\u2019un espace, mais ne touche pas \u00e0 la structure de celui-ci (murs porteurs, fa\u00e7ade,\u2026).<\/p>\n<p>Le d\u00e9corateur d\u2019int\u00e9rieur est\u00a0\u00e0 la pointe des nouvelles tendances\u00a0et s\u2019occupe aussi bien de la d\u00e9coration de lieux d\u2019habitations, que de lieux de travail. Il ma\u00eetrise l\u2019association des mat\u00e9riaux, des couleurs, du mobilier et des styles !<\/p>\n<p>Dans le cadre de certains projets, le d\u00e9corateur peut demander \u00e0 se faire assister par un architecte d\u2019int\u00e9rieur ou certains artisans.<\/p>\n<h2>Missions du d\u00e9corateur d\u2019int\u00e9rieur<\/h2>\n<p>Pour r\u00e9sumer, les missions d\u2019une d\u00e9coratrice d\u2019int\u00e9rieur sont les suivantes :<\/p>\n<ul>\n<li>proposer un projet de d\u00e9coration d\u2019int\u00e9rieur \u00e0 son client en respectant ses attentes et son budget<\/li>\n<li>d\u00e9finir la r\u00e9alisation du projet<\/li>\n<li>dessiner les plans des diff\u00e9rents am\u00e9nagements int\u00e9rieurs \u00e0 l\u2019aide de logiciels de CAO et de DAO (dessin assist\u00e9 par ordinateur)<\/li>\n<li>r\u00e9aliser un dossier de pr\u00e9sentation comprenant les plans et les maquettes relatives aux diff\u00e9rentes \u00e9tapes du projet ;<\/li>\n<li>rechercher diff\u00e9rents prestataires amen\u00e9s \u00e0 intervenir sur la r\u00e9alisation du projet<\/li>\n<li>n\u00e9gocier avec eux les tarifs et les d\u00e9lais<\/li>\n<li>conseiller le client pour faire le bon choix des \u00e9l\u00e9ments d\u00e9coratifs<\/li>\n<li>coordonner et g\u00e9rer le planning d&rsquo;intervention des diff\u00e9rents prestataires sur le chantier<\/li>\n<li>contr\u00f4ler la r\u00e9alisation des travaux<\/li>\n<li>v\u00e9rifier le respect des d\u00e9lais.<\/li>\n<\/ul>\n<p>Vous souhaitez savoir si les missions sont faites pour vous ? Faites-vous\u00a0<a href=\"https:\/\/www.mes-allocs.fr\/guides\/reconversion-professionnelle\/aide-recherche-emploi\/\">accompagner dans votre recherche d\u2019emploi<\/a>\u00a0; des organismes sont l\u00e0 pour vous aider.<\/p>\n<p><iframe loading=\"lazy\" title=\"La reconversion professionnelle\" width=\"500\" height=\"281\" src=\"https:\/\/www.youtube.com\/embed\/EiVUthswxl0?feature=oembed\" frameborder=\"0\" allow=\"accelerometer; autoplay; clipboard-write; encrypted-media; gyroscope; picture-in-picture; web-share\" referrerpolicy=\"strict-origin-when-cross-origin\" allowfullscreen><\/iframe><\/p>\n<h2>Conditions d&rsquo;exercice de l&rsquo;activit\u00e9 de d\u00e9corateur d&rsquo;int\u00e9rieur<\/h2>\n<p>Un d\u00e9corateur d\u2019int\u00e9rieur salari\u00e9 dans un cabinet a des horaires de bureau, g\u00e9n\u00e9ralement de 8h\/9h \u00e0 18h\/19h. Elle peut \u00eatre amen\u00e9e \u00e0 faire des heures suppl\u00e9mentaires en fonction des projets en cours. Elle se d\u00e9place r\u00e9guli\u00e8rement sur le chantier, pour rencontrer ses clients et les artisans avec qui elle collabore. Ce m\u00e9tier est souvent un m\u00e9tier de passion et les conditions de travail sont g\u00e9n\u00e9ralement convenables.<\/p>\n<p>Travailler en ind\u00e9pendante peut, par contre, repr\u00e9senter une source de stress, car elle doit constamment trouver de nouveaux clients. Une d\u00e9coratrice ind\u00e9pendante ne compte pas ses heures, surtout au d\u00e9but.<\/p>\n<h1>Quels sont les avantages et les inconv\u00e9nients du m\u00e9tier de d\u00e9corateur d&rsquo;int\u00e9rieur ?<\/h1>\n<section>\n<p class=\"h1actu\">Les plus<\/p>\n<ul>\n<li>Il s&rsquo;agit d&rsquo;une profession o\u00f9 la dimension cr\u00e9ative est importante<\/li>\n<li>Ind\u00e9pendance et sentiment de libert\u00e9 quand le professionnel est \u00e0 son compte<\/li>\n<li>Satisfaction d&rsquo;apporter du confort et du bien-\u00eatre \u00e0 ses clients<\/li>\n<\/ul>\n<\/section>\n<section>\n<p class=\"h1actu\">Les moins<\/p>\n<ul>\n<li>Le d\u00e9corateur d&rsquo;int\u00e9rieur doit avoir suffisamment de clients pour pouvoir vivre convenablement s&rsquo;il exerce \u00e0 son compte<\/li>\n<li>Les demandes des clients ne correspondent pas forc\u00e9ment aux go\u00fbts personnels du d\u00e9corateur d&rsquo;int\u00e9rieur, il faut donc savoir faire preuve de souplesse !<\/li>\n<\/ul>\n<\/section>\n<h1 id=\"menu-2\">Qualit\u00e9s requises devenir d\u00e9corateur d\u2019int\u00e9rieur<\/h1>\n<p>Pour exercer le <a href=\"https:\/\/www.mes-allocs.fr\/guides\/reconversion-professionnelle\/aide-recherche-emploi\/recherche-emploi-decorateur-interieur\/fiche-metier-decorateur-interieur\/\">m\u00e9tier de d\u00e9corateur d\u2019int\u00e9rieur<\/a>, plusieurs qualit\u00e9s sont n\u00e9cessaires :<\/p>\n<ul>\n<li aria-level=\"1\">Avoir le sens de l\u2019esth\u00e9tique et un go\u00fbt prononc\u00e9 pour la d\u00e9co<\/li>\n<li aria-level=\"1\">Faire preuve d\u2019imagination et de cr\u00e9ativit\u00e9 pour associer les formes, les mati\u00e8res et les couleurs\u2026 et cr\u00e9er une d\u00e9coration esth\u00e9tique<\/li>\n<li aria-level=\"1\">Ma\u00eetriser le dessin technique<\/li>\n<li aria-level=\"1\">Faire preuve de curiosit\u00e9 notamment en se tenant inform\u00e9 des derni\u00e8res tences en mati\u00e8re de d\u00e9co et d\u2019am\u00e9nagement d\u2019int\u00e9rieur.<\/li>\n<\/ul>\n<h1 id=\"menu-3\">Formations de d\u00e9corateur d&rsquo;int\u00e9rieur<\/h1>\n<p>Bien que ce m\u00e9tier soit accessible sans dipl\u00f4me, les entreprises tout comme vos futurs clients privil\u00e9gient des candidats ayant suivi une <a href=\"https:\/\/www.mes-allocs.fr\/guides\/reconversion-professionnelle\/aide-recherche-emploi\/recherche-emploi-decorateur-interieur\/diplomes-decorateur-interieur\/\">formation<\/a> pour acqu\u00e9rir toutes les connaissances du m\u00e9tier, ma\u00eetriser les logiciels de PAO et r\u00e9pondre en professionnel l\u00e9gitime aux exigences de la loi fran\u00e7aise en mati\u00e8re de normes et r\u00e9glementations.<\/p>\n<p>Devenir d\u00e9corateur ou d\u00e9coratrice d\u2019int\u00e9rieur est possible \u00e0 n&rsquo;importe quel \u00e2ge et de multiples voies permettent d&rsquo;acc\u00e9der au m\u00e9tier.<\/p>\n<h2>Formation initiale<\/h2>\n<h3>Niveau Bac+2<\/h3>\n<ul>\n<li aria-level=\"1\">BTS design d&rsquo;espace<\/li>\n<li aria-level=\"1\">BTS agencement de l&rsquo;environnement architectural<\/li>\n<li aria-level=\"1\">Dipl\u00f4me des m\u00e9tiers d&rsquo;art (DMA) d\u00e9cor architectural<\/li>\n<li aria-level=\"1\">Dipl\u00f4me des m\u00e9tiers d&rsquo;art (DMA) arts de l&rsquo;habitat<\/li>\n<\/ul>\n<h3>Niveau Bac+3<\/h3>\n<p>Dipl\u00f4me national d&rsquo;arts et techniques (DNAT) design d&rsquo;espace<\/p>\n<h3>Niveau Bac+4<\/h3>\n<ul>\n<li aria-level=\"1\">Dipl\u00f4me sup\u00e9rieur d&rsquo;arts appliqu\u00e9s (DSAA) cr\u00e9ateur-concepteur option architecture int\u00e9rieure et environnement<\/li>\n<li aria-level=\"1\">Dipl\u00f4me sup\u00e9rieur d&rsquo;arts appliqu\u00e9s (DSAA) architecture int\u00e9rieure et cr\u00e9ation de mod\u00e8les<\/li>\n<\/ul>\n<h3>Niveau Bac+5<\/h3>\n<ul>\n<li aria-level=\"1\">Dipl\u00f4me national d&rsquo;arts plastiques (DNAP) design<\/li>\n<li aria-level=\"1\">Dipl\u00f4me national sup\u00e9rieur d&rsquo;expression plastique (DNSEP) design de Toulouse et d&rsquo;Angers<\/li>\n<li aria-level=\"1\">Dipl\u00f4me de l&rsquo;Ensad-Arts D\u00e9co sp\u00e9cialis\u00e9 en architecture d&rsquo;int\u00e9rieur<\/li>\n<li aria-level=\"1\">Dipl\u00f4me de l&rsquo;\u00e9cole Camondo, de l&rsquo;Esail de Lyon, de l&rsquo;acad\u00e9mie Charpentier, de l&rsquo;Esag, de l&rsquo;\u00c9cole bleue&#8230;<\/li>\n<\/ul>\n<h2>Formation continue<\/h2>\n<p>Dans le cadre d\u2019une reconversion professionnelle, il est possible de devenir d\u00e9corateur d\u2019int\u00e9rieur en suivant une formation \u00e0 distance ou en int\u00e9grant une \u00e9cole de d\u00e9coration.<\/p>\n<h1>O\u00f9 travaille le d\u00e9corateur d\u2019int\u00e9rieur ?<\/h1>\n<p>Un d\u00e9corateur d\u2019int\u00e9rieur peut exercer \u00e0 son compte ou avec le statut salari\u00e9 dans une agence de conseils en d\u00e9coration, une boutique ou une enseigne de d\u00e9coration, chez un antiquaire ou pour le monde du spectacle\u2026<\/p>\n<h1 id=\"menu-4\">Le salaire du d\u00e9corateur d&rsquo;int\u00e9rieur<\/h1>\n<p>Exer\u00e7ant souvent en ind\u00e9pendant, les honoraires d\u2019un d\u00e9corateur d&rsquo;int\u00e9rieur varient suivant le projet et la zone g\u00e9ographique d\u2019exercice.<\/p>\n<p>Le calcul se fait au pourcentage de la d\u00e9pense totale engag\u00e9e par le client,\u00a0 d\u00e9termin\u00e9 par unit\u00e9 de vacation (heure, demi-journ\u00e9e, journ\u00e9e) ou fix\u00e9 sous la forme d\u2019un forfait. A l\u2019heure, il est r\u00e9mun\u00e9r\u00e9 entre 60\u20ac et 100\u20ac.<\/p>\n<p>Pour les salari\u00e9s, en d\u00e9but de carri\u00e8re, le <a href=\"https:\/\/www.mes-allocs.fr\/guides\/reconversion-professionnelle\/aide-recherche-emploi\/recherche-emploi-decorateur-interieur\/salaire-decorateur-dinterieur\/\">salaire<\/a> mensuel d\u2019une d\u00e9coratrice d\u2019int\u00e9rieur varie entre le SMIC et 2 500\u20ac brut par mois.<\/p>\n<h1>Quelles sont les \u00e9volutions de carri\u00e8re ?<\/h1>\n<p>En tant que travailleur ind\u00e9pendant, le d\u00e9corateur entend surtout d\u00e9velopper sa client\u00e8le. Il travaille donc pour le compte de clients de plus en plus exigeants, sur des missions de plus en plus complexes.<\/p>\n<p>Le d\u00e9corateur salari\u00e9 peut quant \u00e0 lui profiter de son exp\u00e9rience et de son r\u00e9seau pour se mettre \u00e0 son compte, en autoentreprise ou \u00e0 la t\u00eate de sa propre agence de d\u00e9coration.<\/p>\n<p>Tout au long de sa carri\u00e8re, le d\u00e9corateur peut se former pour d\u00e9velopper son expertise dans une domaine pr\u00e9cis.<\/p>\n<div class='cta-block'><div class='text'>Coaching \u00e0 distance pay\u00e9 par vos aides formation.<\/div><a href='https:\/\/www.formademia.fr\/formulaire\/coaching' class='app-button fit'>V\u00e9rifier votre \u00e9ligibilit\u00e9<\/a><\/div>\n","protected":false},"excerpt":{"rendered":"<p>Parmi les m\u00e9tiers cr\u00e9atifs, nombreux sont les passionn\u00e9s de d\u00e9coration qui d\u00e9cident d\u2019entamer leur reconversion professionnelle dans cette voie. D\u00e9couvrez comment effectuer votre recherche d&#8217;emploi pour devenir d\u00e9corateur d&rsquo;int\u00e9rieur. M\u00e9tier de d\u00e9corateur d&rsquo;int\u00e9rieur Le d\u00e9corateur d\u2019int\u00e9rieur \/ la d\u00e9coratrice d\u2019int\u00e9rieur est le sp\u00e9cialiste de\u00a0la d\u00e9coration et de l\u2019am\u00e9nagement\u00a0d\u2019espaces. Il con\u00e7oit des espaces int\u00e9rieurs en tenant [&hellip;]<\/p>\n","protected":false},"author":7,"featured_media":34592,"comment_status":"open","ping_status":"open","sticky":false,"template":"","format":"standard","meta":{"amp_status":"","footnotes":""},"categories":[8789,5081],"tags":[],"class_list":["post-37559","post","type-post","status-publish","format-standard","has-post-thumbnail","hentry","category-aide-recherche-emploi","category-reconversion-professionnelle"],"yoast_head":"<!-- This site is optimized with the Yoast SEO plugin v14.9 - https:\/\/yoast.com\/wordpress\/plugins\/seo\/ -->\n<title>La recherche d&#039;un emploi de d\u00e9corateur int\u00e9rieur | Mes-Allocs.fr<\/title>\n<meta name=\"description\" content=\"Vous \u00eates \u00e0 la recherche d&#039;un emploi en tant que d\u00e9corateur d&#039;int\u00e9rieur ? D\u00e9couvrez comment vous y prendre !\" \/>\n<meta name=\"robots\" content=\"index, follow, max-snippet:-1, max-image-preview:large, max-video-preview:-1\" \/>\n<link rel=\"canonical\" href=\"https:\/\/www.mes-allocs.fr\/guides\/reconversion-professionnelle\/aide-recherche-emploi\/recherche-emploi-decorateur-interieur\/\" \/>\n<meta property=\"og:locale\" content=\"fr_FR\" \/>\n<meta property=\"og:type\" content=\"article\" \/>\n<meta property=\"og:title\" content=\"La recherche d&#039;un emploi de d\u00e9corateur int\u00e9rieur | Mes-Allocs.fr\" \/>\n<meta property=\"og:description\" content=\"Vous \u00eates \u00e0 la recherche d&#039;un emploi en tant que d\u00e9corateur d&#039;int\u00e9rieur ? D\u00e9couvrez comment vous y prendre !\" \/>\n<meta property=\"og:url\" content=\"https:\/\/www.mes-allocs.fr\/guides\/reconversion-professionnelle\/aide-recherche-emploi\/recherche-emploi-decorateur-interieur\/\" \/>\n<meta property=\"og:site_name\" content=\"Mes-Allocs.fr\" \/>\n<meta property=\"article:published_time\" content=\"2021-10-06T01:02:08+00:00\" \/>\n<meta property=\"article:modified_time\" content=\"2025-07-18T14:30:23+00:00\" \/>\n<meta property=\"og:image\" content=\"https:\/\/www.mes-allocs.fr\/guides\/wp-content\/uploads\/2021\/08\/Tout-sur-la-recherche-emploi-decorateur-interieur.jpg?wsr\" \/>\n\t<meta property=\"og:image:width\" content=\"1280\" \/>\n\t<meta property=\"og:image:height\" content=\"1014\" \/>\n<meta name=\"twitter:card\" content=\"summary_large_image\" \/>\n<script type=\"application\/ld+json\" class=\"yoast-schema-graph\">{\"@context\":\"https:\/\/schema.org\",\"@graph\":[{\"@type\":\"WebSite\",\"@id\":\"https:\/\/www.mes-allocs.fr\/guides\/#website\",\"url\":\"https:\/\/www.mes-allocs.fr\/guides\/\",\"name\":\"Mes-Allocs.fr\",\"description\":\"\",\"potentialAction\":[{\"@type\":\"SearchAction\",\"target\":\"https:\/\/www.mes-allocs.fr\/guides\/?s={search_term_string}\",\"query-input\":\"required name=search_term_string\"}],\"inLanguage\":\"fr-FR\"},{\"@type\":\"ImageObject\",\"@id\":\"https:\/\/www.mes-allocs.fr\/guides\/reconversion-professionnelle\/aide-recherche-emploi\/recherche-emploi-decorateur-interieur\/#primaryimage\",\"inLanguage\":\"fr-FR\",\"url\":\"https:\/\/www.mes-allocs.fr\/guides\/wp-content\/uploads\/2021\/08\/Tout-sur-la-recherche-emploi-decorateur-interieur.jpg?wsr\",\"width\":1280,\"height\":1014,\"caption\":\"Recherche emploi decorateur interieur\"},{\"@type\":\"WebPage\",\"@id\":\"https:\/\/www.mes-allocs.fr\/guides\/reconversion-professionnelle\/aide-recherche-emploi\/recherche-emploi-decorateur-interieur\/#webpage\",\"url\":\"https:\/\/www.mes-allocs.fr\/guides\/reconversion-professionnelle\/aide-recherche-emploi\/recherche-emploi-decorateur-interieur\/\",\"name\":\"La recherche d'un emploi de d\\u00e9corateur int\\u00e9rieur | Mes-Allocs.fr\",\"isPartOf\":{\"@id\":\"https:\/\/www.mes-allocs.fr\/guides\/#website\"},\"primaryImageOfPage\":{\"@id\":\"https:\/\/www.mes-allocs.fr\/guides\/reconversion-professionnelle\/aide-recherche-emploi\/recherche-emploi-decorateur-interieur\/#primaryimage\"},\"datePublished\":\"2021-10-06T01:02:08+00:00\",\"dateModified\":\"2025-07-18T14:30:23+00:00\",\"author\":{\"@id\":\"https:\/\/www.mes-allocs.fr\/guides\/#\/schema\/person\/1c4837d5703727cb02ce84583b5a44aa\"},\"description\":\"Vous \\u00eates \\u00e0 la recherche d'un emploi en tant que d\\u00e9corateur d'int\\u00e9rieur ? D\\u00e9couvrez comment vous y prendre !\",\"inLanguage\":\"fr-FR\"},{\"@type\":\"Person\",\"@id\":\"https:\/\/www.mes-allocs.fr\/guides\/#\/schema\/person\/1c4837d5703727cb02ce84583b5a44aa\",\"name\":\"Fabiola\",\"image\":{\"@type\":\"ImageObject\",\"@id\":\"https:\/\/www.mes-allocs.fr\/guides\/#personlogo\",\"inLanguage\":\"fr-FR\",\"url\":\"https:\/\/www.mes-allocs.fr\/guides\/wp-content\/uploads\/2021\/06\/fabiola-150x150.png\",\"caption\":\"Fabiola\"},\"description\":\"Fabiola est r\\u00e9dactrice au sein de l'\\u00e9quipe Mes Allocs, sp\\u00e9cialis\\u00e9e en sciences politiques et affaires publiques. Dipl\\u00f4m\\u00e9e de l'HEIP, elle rejoint Mes Allocs apr\\u00e8s une premi\\u00e8re exp\\u00e9rience \\u00e0 l'Assembl\\u00e9e Nationale.\",\"sameAs\":[\"https:\/\/www.linkedin.com\/in\/cecilia-philippe-b-8a8085195\"]}]}<\/script>\n<!-- \/ Yoast SEO plugin. -->","amp_validity":null,"acf":{"faq":{"1":{"question":"Qu'est-ce que le m\u00e9tier de d\u00e9corateur d'int\u00e9rieur ?","answer":"Le d\u00e9corateur d\u2019int\u00e9rieur d\u2019int\u00e9rieur est le sp\u00e9cialiste de\u00a0la d\u00e9coration et de l\u2019am\u00e9nagement\u00a0d\u2019espaces."},"2":{"question":"Quelles sont les missions du d\u00e9corateur d'int\u00e9rieur ?","answer":"Le d\u00e9corateur int\u00e9rieur est charg\u00e9 des missions suivantes : \r\n- Proposer des projets de d\u00e9coration \r\n- Dessiner des plans d'am\u00e9nagement \r\n- R\u00e9aliser un dossier de pr\u00e9sentation comprenant des plans et des maquettes\r\n- etc."},"3":{"question":"O\u00f9 travailler en tant que d\u00e9corateur d'int\u00e9rieur ?","answer":"Les d\u00e9corateurs d'int\u00e9rieur peuvent travailler \u00e0 leur compte ou dans des cabinets d'architecture, dans des bureaux d'\u00e9tudes mais aussi au sein de grandes enseignes ou de petites boutiques."},"4":{"question":"Quel est le salaire d'un d\u00e9corateur d'int\u00e9rieur ?","answer":"Pour les salari\u00e9s, en d\u00e9but de carri\u00e8re, le salaire mensuel d\u2019une d\u00e9coratrice d\u2019int\u00e9rieur varie entre le SMIC et 2 500\u20ac brut par mois."},"5":{"question":"Comment acc\u00e9der au m\u00e9tier de d\u00e9corateur d'int\u00e9rieur ?","answer":"Pour devenir d\u00e9corateur d'int\u00e9rieur, obtenir un dipl\u00f4me ou une certification est recommand\u00e9. Cependant, vous pouvez exercer sans dipl\u00f4me."},"6":{"question":"","answer":""},"7":{"question":"","answer":""},"8":{"question":"","answer":""},"9":{"question":"","answer":""},"10":{"question":"","answer":""},"11":{"question":"","answer":""},"12":{"question":"","answer":""},"13":{"question":"","answer":""},"14":{"question":"","answer":""},"15":{"question":"","answer":""},"16":{"question":"","answer":""}}},"_links":{"self":[{"href":"https:\/\/www.mes-allocs.fr\/guides\/wp-json\/wp\/v2\/posts\/37559","targetHints":{"allow":["GET"]}}],"collection":[{"href":"https:\/\/www.mes-allocs.fr\/guides\/wp-json\/wp\/v2\/posts"}],"about":[{"href":"https:\/\/www.mes-allocs.fr\/guides\/wp-json\/wp\/v2\/types\/post"}],"author":[{"embeddable":true,"href":"https:\/\/www.mes-allocs.fr\/guides\/wp-json\/wp\/v2\/users\/7"}],"replies":[{"embeddable":true,"href":"https:\/\/www.mes-allocs.fr\/guides\/wp-json\/wp\/v2\/comments?post=37559"}],"version-history":[{"count":8,"href":"https:\/\/www.mes-allocs.fr\/guides\/wp-json\/wp\/v2\/posts\/37559\/revisions"}],"predecessor-version":[{"id":102785,"href":"https:\/\/www.mes-allocs.fr\/guides\/wp-json\/wp\/v2\/posts\/37559\/revisions\/102785"}],"wp:featuredmedia":[{"embeddable":true,"href":"https:\/\/www.mes-allocs.fr\/guides\/wp-json\/wp\/v2\/media\/34592"}],"wp:attachment":[{"href":"https:\/\/www.mes-allocs.fr\/guides\/wp-json\/wp\/v2\/media?parent=37559"}],"wp:term":[{"taxonomy":"category","embeddable":true,"href":"https:\/\/www.mes-allocs.fr\/guides\/wp-json\/wp\/v2\/categories?post=37559"},{"taxonomy":"post_tag","embeddable":true,"href":"https:\/\/www.mes-allocs.fr\/guides\/wp-json\/wp\/v2\/tags?post=37559"}],"curies":[{"name":"wp","href":"https:\/\/api.w.org\/{rel}","templated":true}]}}