{"id":37429,"date":"2021-09-24T09:52:34","date_gmt":"2021-09-24T07:52:34","guid":{"rendered":"https:\/\/www.mes-allocs.fr\/guides\/?p=37429"},"modified":"2025-03-06T19:21:44","modified_gmt":"2025-03-06T17:21:44","slug":"aide-domicile-repas","status":"publish","type":"post","link":"https:\/\/www.mes-allocs.fr\/guides\/aides-sante\/aide-domicile-repas\/","title":{"rendered":"Aide repas \u00e0 domicile pour les personnes \u00e2g\u00e9es"},"content":{"rendered":"<div class=\"content introduction\">\n<p><img loading=\"lazy\" decoding=\"async\" class=\"alignnone wp-image-37453 size-large\" title=\"Le portage de repas a domicile\" src=\"https:\/\/www.mes-allocs.fr\/guides\/wp-content\/uploads\/2021\/09\/Le-portage-de-repas-a-domicile-1-1-e1631720579994-1024x322.jpg\" alt=\"Le portage de repas a domicile\" width=\"1024\" height=\"322\" srcset=\"https:\/\/www.mes-allocs.fr\/guides\/wp-content\/uploads\/2021\/09\/Le-portage-de-repas-a-domicile-1-1-e1631720579994-1024x322.jpg 1024w, https:\/\/www.mes-allocs.fr\/guides\/wp-content\/uploads\/2021\/09\/Le-portage-de-repas-a-domicile-1-1-e1631720579994-300x94.jpg 300w, https:\/\/www.mes-allocs.fr\/guides\/wp-content\/uploads\/2021\/09\/Le-portage-de-repas-a-domicile-1-1-e1631720579994-768x242.jpg 768w, https:\/\/www.mes-allocs.fr\/guides\/wp-content\/uploads\/2021\/09\/Le-portage-de-repas-a-domicile-1-1-e1631720579994-600x189.jpg 600w, https:\/\/www.mes-allocs.fr\/guides\/wp-content\/uploads\/2021\/09\/Le-portage-de-repas-a-domicile-1-1-e1631720579994.jpg 1280w\" sizes=\"auto, (max-width: 1024px) 100vw, 1024px\" \/><\/p>\n<p style=\"text-align: justify;\">Au del\u00e0 des <a href=\"https:\/\/www.mes-allocs.fr\/guides\/aides-sante\">aides \u00e0 la sant\u00e9<\/a> les plus classiques, les personnes \u00e2g\u00e9es avec de faibles ressources ou celles en situation d&rsquo;invalidit\u00e9 peuvent b\u00e9n\u00e9ficier d&rsquo;une prise en charge de leurs repas. C&rsquo;est le cas par exemple, si elles ne sont pas en mesure de cuisiner ou faire leurs courses. D\u00e9couvrez toutes les <strong>aides \u00e0 domicile pour les repas<\/strong> !<\/p>\n<hr \/>\n<div class='cta-block'><div class='text'>Simulez toutes vos aides sociales en 2 min.<\/div><a href='https:\/\/www.mes-allocs.fr\/ab-app?origin=guides\/wp-json\/wp\/v2\/posts\/37429' class='app-button fit'>Simulation gratuite<\/a><\/div>\n<\/div>\n<h1>Aide \u00e0 la prise en charge des repas des personnes \u00e2g\u00e9es <img loading=\"lazy\" decoding=\"async\" class=\"size-medium wp-image-37454 alignright\" title=\"Aide a la prise en charge des repas des personnes agees\" src=\"https:\/\/www.mes-allocs.fr\/guides\/wp-content\/uploads\/2021\/09\/Aide-a-la-prise-en-charge-des-repas-des-personnes-agees--300x200.jpg\" alt=\"Aide a la prise en charge des repas des personnes agees\" width=\"300\" height=\"200\" srcset=\"https:\/\/www.mes-allocs.fr\/guides\/wp-content\/uploads\/2021\/09\/Aide-a-la-prise-en-charge-des-repas-des-personnes-agees--300x200.jpg 300w, https:\/\/www.mes-allocs.fr\/guides\/wp-content\/uploads\/2021\/09\/Aide-a-la-prise-en-charge-des-repas-des-personnes-agees--1024x682.jpg 1024w, https:\/\/www.mes-allocs.fr\/guides\/wp-content\/uploads\/2021\/09\/Aide-a-la-prise-en-charge-des-repas-des-personnes-agees--768x512.jpg 768w, https:\/\/www.mes-allocs.fr\/guides\/wp-content\/uploads\/2021\/09\/Aide-a-la-prise-en-charge-des-repas-des-personnes-agees--600x400.jpg 600w, https:\/\/www.mes-allocs.fr\/guides\/wp-content\/uploads\/2021\/09\/Aide-a-la-prise-en-charge-des-repas-des-personnes-agees-.jpg 1280w\" sizes=\"auto, (max-width: 300px) 100vw, 300px\" \/><\/h1>\n<div class=\"chapitre\">\n<p>En France, il existe diff\u00e9rentes allocations ayant pour objectif de soutenir les personnes en perte d&rsquo;autonomie, avec de faibles ressources, en retour d&rsquo;hospitalisation ou encore en situation d&rsquo;isolement. En cas de difficult\u00e9s li\u00e9es \u00e0 la cuisine ou aux courses, vous pouvez pr\u00e9tendre \u00e0 une aide d\u00e9partementale afin que les repas soient directement livr\u00e9s \u00e0 votre\u00a0domicile.<\/p>\n<p>En fonction de la ville de r\u00e9sidence, les personnes \u00e2g\u00e9es peuvent b\u00e9n\u00e9ficier de 2 types de prise en charge de repas, \u00e0 savoir le portage \u00e0 domicile ou la restauration en foyer restaurant. Pour d\u00e9terminer quelle aide est la plus favorable, c&rsquo;est le degr\u00e9 de perte d\u2019autonomie qui est pris en compte.<\/p>\n<h2 id=\"portage-des-repas-a-domicile\">Portage des repas \u00e0 domicile<\/h2>\n<p>C&rsquo;est la forme d&rsquo;accompagnement la plus courante. Elle comprend la livraison d\u2019un plateau-repas \u00e0 r\u00e9chauffer g\u00e9n\u00e9ralement. Il est possible de choisir ses menus \u00e0 l&rsquo;avance et le nombre de repas voulus pour la semaine tels que propos\u00e9s par le service. La nourriture peut m\u00eame \u00eatre adapt\u00e9e\u00a0\u00e0 l&rsquo;alimentation du b\u00e9n\u00e9ficiaire en cas de probl\u00e8me de sant\u00e9.<\/p>\n<p>La livraison est effectu\u00e9e chaque jour, except\u00e9 les repas du week-end qui sont apport\u00e9s\u00a0le vendredi.<\/p>\n<p style=\"text-align: justify;\">Commune,\u00a0services d\u2019aide \u00e0 domicile ou encore\u00a0organismes de service \u00e0 la personne associatifs ou priv\u00e9s commerciaux, diff\u00e9rents organismes offrent ces services.<\/p>\n<h2 id=\"foyer-restaurant\">Foyer restaurant<\/h2>\n<p>Certaines communes permettent aux personnes en difficult\u00e9 de se rendre dans un foyer restaurant afin de prendre des repas sur place. Le d\u00e9partement prend \u00e9galement en charge cette aide, dont le montant est limit\u00e9. Ce syst\u00e8me aide \u00e0 lutter contre l&rsquo;isolement des personnes \u00e2g\u00e9es.<\/p>\n<p><iframe loading=\"lazy\" src=\"\/\/www.youtube.com\/embed\/pDAq1hv_k-4\" width=\"560\" height=\"314\" allowfullscreen=\"allowfullscreen\"><\/iframe><\/p>\n<div class='cta-block'><div class='text'>Simulez toutes vos aides sociales en 2 min.<\/div><a href='https:\/\/www.mes-allocs.fr\/ab-app?origin=guides\/wp-json\/wp\/v2\/posts\/37429' class='app-button fit'>Simulation gratuite<\/a><\/div>\n<\/div>\n<h1 id=\"Quelles_conditions_pour_obtenir_le_portage_des_repas_\u00e0_domicile_?\" class=\"amp-wp-7d27179\" data-amp-original-style=\"text-align: justify;\"><span class=\"amp-wp-e98f482\" data-amp-original-style=\"color: #c43b3b;\">Conditions pour obtenir le portage des repas \u00e0 domicile <img loading=\"lazy\" decoding=\"async\" class=\"size-medium wp-image-37456 alignright\" title=\"Conditions pour obtenir le portage des repas a domicile\" src=\"https:\/\/www.mes-allocs.fr\/guides\/wp-content\/uploads\/2021\/09\/Conditions-pour-obtenir-le-portage-des-repas-a-domicile--300x198.jpg\" alt=\"Conditions pour obtenir le portage des repas a domicile\" width=\"300\" height=\"198\" srcset=\"https:\/\/www.mes-allocs.fr\/guides\/wp-content\/uploads\/2021\/09\/Conditions-pour-obtenir-le-portage-des-repas-a-domicile--300x198.jpg 300w, https:\/\/www.mes-allocs.fr\/guides\/wp-content\/uploads\/2021\/09\/Conditions-pour-obtenir-le-portage-des-repas-a-domicile--1024x677.jpg 1024w, https:\/\/www.mes-allocs.fr\/guides\/wp-content\/uploads\/2021\/09\/Conditions-pour-obtenir-le-portage-des-repas-a-domicile--768x508.jpg 768w, https:\/\/www.mes-allocs.fr\/guides\/wp-content\/uploads\/2021\/09\/Conditions-pour-obtenir-le-portage-des-repas-a-domicile--600x397.jpg 600w, https:\/\/www.mes-allocs.fr\/guides\/wp-content\/uploads\/2021\/09\/Conditions-pour-obtenir-le-portage-des-repas-a-domicile-.jpg 1280w\" sizes=\"auto, (max-width: 300px) 100vw, 300px\" \/><\/span><\/h1>\n<p class=\"amp-wp-7d27179\" data-amp-original-style=\"text-align: justify;\">Pour b\u00e9n\u00e9ficier du portage \u00e0 domicile, vous devez respecter certaines conditions li\u00e9es \u00e0 votre autonomie et vos contions de ressources.<\/p>\n<p>Cette prise en charge est financ\u00e9e par le d\u00e9partement, en partie ou int\u00e9gralement, si vos ressources mensuelles sont inf\u00e9rieures \u00e0\u00a0:<\/p>\n<div class=\"liste\">\n<ul>\n<li>1\u00a0034,28\u00a0\u20ac si vous vivez seul,<\/li>\n<li>1\u00a0605,73\u00a0\u20ac si vous vivez en couple.<\/li>\n<\/ul>\n<\/div>\n<p>En ce qui concerne votre autonomie, votre \u00e9tat de sant\u00e9 ne doit pas vous permettre de faire vous-m\u00eame la cuisine, ni vos courses.<\/p>\n<div class=\"souschapitre\">\n<div class=\"souschapitre\">\n<div class=\"alert attention\">\n<p>\u00c0 noter : Si vous remplissez les conditions pour recevoir l&rsquo;allocation personnalis\u00e9e d&rsquo;autonomie (Apa) \u00e0 domicile, les frais de portage de repas peuvent \u00eatre pris en charge par l&rsquo;Apa.<\/p>\n<h2 id=\"anchor2\">\u00c0 qui s\u2019adresser\u00a0?<\/h2>\n<p>La demande de prise en charge des repas doit \u00eatre faite aupr\u00e8s de la mairie ou du Centre communal d\u2019action sociale (CCAS) de votre lieu d&rsquo;habitation.<\/p>\n<p>Plusieurs types d\u2019organismes sont susceptibles de proposer un service de portage de repas \u00e0 domicile, \u00e0 savoir :<\/p>\n<ul>\n<li>certaines communes,<\/li>\n<li>les services d\u2019aide et d&rsquo;accompagnement \u00e0 domicile,<\/li>\n<li>les organismes de service \u00e0 la personne associatifs ou priv\u00e9s commerciaux.<\/li>\n<\/ul>\n<p>Renseignez-vous aupr\u00e8s de votre commune ou du point d\u2019information local. Pour trouver les coordonn\u00e9es de votre point d\u2019information local, consultez l\u2019annuaire du portail.<\/p>\n<p>L&rsquo;\u00e9quipe de Mes-Allocs.fr\u00a0peut vous accompagner dans toutes vos d\u00e9marches administratives.<\/p>\n<h2 id=\"anchor3\">Quel co\u00fbt\u00a0? <img loading=\"lazy\" decoding=\"async\" class=\"size-medium wp-image-37457 alignright\" title=\"Quel cout\" src=\"https:\/\/www.mes-allocs.fr\/guides\/wp-content\/uploads\/2021\/09\/Quel-cout--300x200.jpg\" alt=\"Quel cout\" width=\"300\" height=\"200\" srcset=\"https:\/\/www.mes-allocs.fr\/guides\/wp-content\/uploads\/2021\/09\/Quel-cout--300x200.jpg 300w, https:\/\/www.mes-allocs.fr\/guides\/wp-content\/uploads\/2021\/09\/Quel-cout--1024x682.jpg 1024w, https:\/\/www.mes-allocs.fr\/guides\/wp-content\/uploads\/2021\/09\/Quel-cout--768x512.jpg 768w, https:\/\/www.mes-allocs.fr\/guides\/wp-content\/uploads\/2021\/09\/Quel-cout--600x400.jpg 600w, https:\/\/www.mes-allocs.fr\/guides\/wp-content\/uploads\/2021\/09\/Quel-cout-.jpg 1280w\" sizes=\"auto, (max-width: 300px) 100vw, 300px\" \/><\/h2>\n<p>Les co\u00fbts peuvent varier en fonction des organismes, tant pour le repas lui-m\u00eame, que pour le portage.<\/p>\n<p style=\"text-align: justify;\">Certaines communes, selon les ressources du b\u00e9n\u00e9ficiaire, participent au financement du portage. L\u2019APA (allocation personnalis\u00e9e d&rsquo;autonomie) peut \u00e9galement aider \u00e0 financer une partie des frais de portage de repas.<\/p>\n<div class='cta-block'><div class='text'>Simulez toutes vos aides sociales en 2 min.<\/div><a href='https:\/\/www.mes-allocs.fr\/ab-app?origin=guides\/wp-json\/wp\/v2\/posts\/37429' class='app-button fit'>Simulation gratuite<\/a><\/div>\n<\/div>\n<\/div>\n<\/div>\n","protected":false},"excerpt":{"rendered":"<p>Au del\u00e0 des aides \u00e0 la sant\u00e9 les plus classiques, les personnes \u00e2g\u00e9es avec de faibles ressources ou celles en situation d&rsquo;invalidit\u00e9 peuvent b\u00e9n\u00e9ficier d&rsquo;une prise en charge de leurs repas. C&rsquo;est le cas par exemple, si elles ne sont pas en mesure de cuisiner ou faire leurs courses. D\u00e9couvrez toutes les aides \u00e0 domicile [&hellip;]<\/p>\n","protected":false},"author":7,"featured_media":37452,"comment_status":"open","ping_status":"open","sticky":false,"template":"","format":"standard","meta":{"amp_status":"","footnotes":""},"categories":[24],"tags":[],"class_list":["post-37429","post","type-post","status-publish","format-standard","has-post-thumbnail","hentry","category-aides-sante"],"yoast_head":"<!-- This site is optimized with the Yoast SEO plugin v14.9 - https:\/\/yoast.com\/wordpress\/plugins\/seo\/ -->\n<title>Aide repas \u00e0 domicile pour les personnes \u00e2g\u00e9es | Mes-Allocs.fr<\/title>\n<meta name=\"description\" content=\"Les personnes \u00e2g\u00e9es en situation d&#039;invalidit\u00e9 ou avec peu de ressources financi\u00e8res peuvent b\u00e9n\u00e9ficier d&#039;une aide repas \u00e0 domicile.\" \/>\n<meta name=\"robots\" content=\"index, follow, max-snippet:-1, max-image-preview:large, max-video-preview:-1\" \/>\n<link rel=\"canonical\" href=\"https:\/\/www.mes-allocs.fr\/guides\/aides-sante\/aide-domicile-repas\/\" \/>\n<meta property=\"og:locale\" content=\"fr_FR\" \/>\n<meta property=\"og:type\" content=\"article\" \/>\n<meta property=\"og:title\" content=\"Aide repas \u00e0 domicile pour les personnes \u00e2g\u00e9es | Mes-Allocs.fr\" \/>\n<meta property=\"og:description\" content=\"Les personnes \u00e2g\u00e9es en situation d&#039;invalidit\u00e9 ou avec peu de ressources financi\u00e8res peuvent b\u00e9n\u00e9ficier d&#039;une aide repas \u00e0 domicile.\" \/>\n<meta property=\"og:url\" content=\"https:\/\/www.mes-allocs.fr\/guides\/aides-sante\/aide-domicile-repas\/\" \/>\n<meta property=\"og:site_name\" content=\"Mes-Allocs.fr\" \/>\n<meta property=\"article:published_time\" content=\"2021-09-24T07:52:34+00:00\" \/>\n<meta property=\"article:modified_time\" content=\"2025-03-06T17:21:44+00:00\" \/>\n<meta property=\"og:image\" content=\"https:\/\/www.mes-allocs.fr\/guides\/wp-content\/uploads\/2021\/09\/Le-portage-de-repas-a-domicile-.jpg?wsr\" \/>\n\t<meta property=\"og:image:width\" content=\"1280\" \/>\n\t<meta property=\"og:image:height\" content=\"853\" \/>\n<meta name=\"twitter:card\" content=\"summary_large_image\" \/>\n<script type=\"application\/ld+json\" class=\"yoast-schema-graph\">{\"@context\":\"https:\/\/schema.org\",\"@graph\":[{\"@type\":\"WebSite\",\"@id\":\"https:\/\/www.mes-allocs.fr\/guides\/#website\",\"url\":\"https:\/\/www.mes-allocs.fr\/guides\/\",\"name\":\"Mes-Allocs.fr\",\"description\":\"\",\"potentialAction\":[{\"@type\":\"SearchAction\",\"target\":\"https:\/\/www.mes-allocs.fr\/guides\/?s={search_term_string}\",\"query-input\":\"required name=search_term_string\"}],\"inLanguage\":\"fr-FR\"},{\"@type\":\"ImageObject\",\"@id\":\"https:\/\/www.mes-allocs.fr\/guides\/aides-sante\/aide-domicile-repas\/#primaryimage\",\"inLanguage\":\"fr-FR\",\"url\":\"https:\/\/www.mes-allocs.fr\/guides\/wp-content\/uploads\/2021\/09\/Le-portage-de-repas-a-domicile-.jpg?wsr\",\"width\":1280,\"height\":853,\"caption\":\"Le portage de repas a domicile\"},{\"@type\":\"WebPage\",\"@id\":\"https:\/\/www.mes-allocs.fr\/guides\/aides-sante\/aide-domicile-repas\/#webpage\",\"url\":\"https:\/\/www.mes-allocs.fr\/guides\/aides-sante\/aide-domicile-repas\/\",\"name\":\"Aide repas \\u00e0 domicile pour les personnes \\u00e2g\\u00e9es | Mes-Allocs.fr\",\"isPartOf\":{\"@id\":\"https:\/\/www.mes-allocs.fr\/guides\/#website\"},\"primaryImageOfPage\":{\"@id\":\"https:\/\/www.mes-allocs.fr\/guides\/aides-sante\/aide-domicile-repas\/#primaryimage\"},\"datePublished\":\"2021-09-24T07:52:34+00:00\",\"dateModified\":\"2025-03-06T17:21:44+00:00\",\"author\":{\"@id\":\"https:\/\/www.mes-allocs.fr\/guides\/#\/schema\/person\/1c4837d5703727cb02ce84583b5a44aa\"},\"description\":\"Les personnes \\u00e2g\\u00e9es en situation d'invalidit\\u00e9 ou avec peu de ressources financi\\u00e8res peuvent b\\u00e9n\\u00e9ficier d'une aide repas \\u00e0 domicile.\",\"inLanguage\":\"fr-FR\"},{\"@type\":\"Person\",\"@id\":\"https:\/\/www.mes-allocs.fr\/guides\/#\/schema\/person\/1c4837d5703727cb02ce84583b5a44aa\",\"name\":\"Fabiola\",\"image\":{\"@type\":\"ImageObject\",\"@id\":\"https:\/\/www.mes-allocs.fr\/guides\/#personlogo\",\"inLanguage\":\"fr-FR\",\"url\":\"https:\/\/www.mes-allocs.fr\/guides\/wp-content\/uploads\/2021\/06\/fabiola-150x150.png\",\"caption\":\"Fabiola\"},\"description\":\"Fabiola est r\\u00e9dactrice au sein de l'\\u00e9quipe Mes Allocs, sp\\u00e9cialis\\u00e9e en sciences politiques et affaires publiques. Dipl\\u00f4m\\u00e9e de l'HEIP, elle rejoint Mes Allocs apr\\u00e8s une premi\\u00e8re exp\\u00e9rience \\u00e0 l'Assembl\\u00e9e Nationale.\",\"sameAs\":[\"https:\/\/www.linkedin.com\/in\/cecilia-philippe-b-8a8085195\"]}]}<\/script>\n<!-- \/ Yoast SEO plugin. -->","amp_validity":null,"acf":{"faq":{"1":{"question":"\ud83e\udd37 Qu'est-ce le service de portage ?","answer":"C'est service de livraison de repas \u00e0 domicile organis\u00e9 par les collectivit\u00e9s territoriales, entreprises, etc."},"2":{"question":"\ud83e\udd1d Qui peut b\u00e9n\u00e9ficier du service de portage ?","answer":"Ce service de portage est destin\u00e9 aux personnes \u00e2g\u00e9es en situation d'invalidit\u00e9 ou avec de faibles ressources."},"3":{"question":"\ud83e\udd14 Quelles sont les conditions de ressources pour obtenir cette aide ?","answer":"Pour b\u00e9n\u00e9ficier de cette aide, vos ressources ne doivent pas d\u00e9passer :\r\n\r\n-1 034,28 \u20ac si vous vivez seul,\r\n-1 605,73 \u20ac\u20ac si vous vivez en couple."},"4":{"question":"\ud83e\udd1d Quels sont les organismes proposant un service de portage ?","answer":"-Les communes\r\n-Les services d\u2019aide et d'accompagnement \u00e0 domicile,\r\n-Les organismes de service \u00e0 la personne associatifs ou priv\u00e9s commerciaux\r\n-etc.\r\n"},"5":{"question":"\ud83e\udd37  Comment faire pour b\u00e9n\u00e9ficier de cette aide repas ?","answer":"Vous devez faire la demande d'aide au repas aupr\u00e8s de la mairie ou du Centre communal d\u2019action sociale (CCAS) de votre lieu d'habitation."},"6":{"question":"","answer":""},"7":{"question":"","answer":""},"8":{"question":"","answer":""},"9":{"question":"","answer":""},"10":{"question":"","answer":""},"11":{"question":"","answer":""},"12":{"question":"","answer":""},"13":{"question":"","answer":""},"14":{"question":"","answer":""},"15":{"question":"","answer":""},"16":{"question":"","answer":""}}},"_links":{"self":[{"href":"https:\/\/www.mes-allocs.fr\/guides\/wp-json\/wp\/v2\/posts\/37429","targetHints":{"allow":["GET"]}}],"collection":[{"href":"https:\/\/www.mes-allocs.fr\/guides\/wp-json\/wp\/v2\/posts"}],"about":[{"href":"https:\/\/www.mes-allocs.fr\/guides\/wp-json\/wp\/v2\/types\/post"}],"author":[{"embeddable":true,"href":"https:\/\/www.mes-allocs.fr\/guides\/wp-json\/wp\/v2\/users\/7"}],"replies":[{"embeddable":true,"href":"https:\/\/www.mes-allocs.fr\/guides\/wp-json\/wp\/v2\/comments?post=37429"}],"version-history":[{"count":18,"href":"https:\/\/www.mes-allocs.fr\/guides\/wp-json\/wp\/v2\/posts\/37429\/revisions"}],"predecessor-version":[{"id":95047,"href":"https:\/\/www.mes-allocs.fr\/guides\/wp-json\/wp\/v2\/posts\/37429\/revisions\/95047"}],"wp:featuredmedia":[{"embeddable":true,"href":"https:\/\/www.mes-allocs.fr\/guides\/wp-json\/wp\/v2\/media\/37452"}],"wp:attachment":[{"href":"https:\/\/www.mes-allocs.fr\/guides\/wp-json\/wp\/v2\/media?parent=37429"}],"wp:term":[{"taxonomy":"category","embeddable":true,"href":"https:\/\/www.mes-allocs.fr\/guides\/wp-json\/wp\/v2\/categories?post=37429"},{"taxonomy":"post_tag","embeddable":true,"href":"https:\/\/www.mes-allocs.fr\/guides\/wp-json\/wp\/v2\/tags?post=37429"}],"curies":[{"name":"wp","href":"https:\/\/api.w.org\/{rel}","templated":true}]}}