{"id":37265,"date":"2021-09-18T17:00:36","date_gmt":"2021-09-18T15:00:36","guid":{"rendered":"https:\/\/www.mes-allocs.fr\/guides\/?p=37265"},"modified":"2026-02-19T14:21:30","modified_gmt":"2026-02-19T13:21:30","slug":"quotient-familial-caf-cheque-vacances","status":"publish","type":"post","link":"https:\/\/www.mes-allocs.fr\/guides\/allocations-familiales\/quotient-familial\/quotient-familial-caf\/quotient-familial-caf-cheque-vacances\/","title":{"rendered":"Quel est le lien entre le quotient familial CAF et les ch\u00e8ques-vacances ?"},"content":{"rendered":"<p><img loading=\"lazy\" decoding=\"async\" class=\"aligncenter wp-image-37268 size-full\" title=\"vacances\" src=\"https:\/\/www.mes-allocs.fr\/guides\/wp-content\/uploads\/2021\/09\/vacances-2-e1631266846627.jpg\" alt=\"vacances\" width=\"1124\" height=\"458\" srcset=\"https:\/\/www.mes-allocs.fr\/guides\/wp-content\/uploads\/2021\/09\/vacances-2-e1631266846627.jpg 1124w, https:\/\/www.mes-allocs.fr\/guides\/wp-content\/uploads\/2021\/09\/vacances-2-e1631266846627-300x122.jpg 300w, https:\/\/www.mes-allocs.fr\/guides\/wp-content\/uploads\/2021\/09\/vacances-2-e1631266846627-1024x417.jpg 1024w, https:\/\/www.mes-allocs.fr\/guides\/wp-content\/uploads\/2021\/09\/vacances-2-e1631266846627-768x313.jpg 768w, https:\/\/www.mes-allocs.fr\/guides\/wp-content\/uploads\/2021\/09\/vacances-2-e1631266846627-600x244.jpg 600w\" sizes=\"auto, (max-width: 1124px) 100vw, 1124px\" \/><\/p>\n<p style=\"text-align: justify;\">[Mis \u00e0 jour le 19\/02\/2026] Le quotient familial de la CAF vous sert tout les jours. C&rsquo;est avec ce petit indicateur que le montant de vos <a href=\"https:\/\/www.mes-allocs.fr\/guides\/allocations-familiales\">allocations familiales<\/a> est d\u00e9termin\u00e9. Mais savez-vous qu&rsquo;il joue un r\u00f4le pour les ch\u00e8ques vacances ? On vous en dit plus sur <strong>le quotient familial CAF et les ch\u00e8ques-vacances<\/strong>.<\/p>\n<p style=\"text-align: justify;\"><span style=\"font-weight: 400;\"><div class='cta-block'><div class='text'>Simulez toutes vos aides en 2 min.<\/div><a href='https:\/\/www.mes-allocs.fr\/ab-app?origin=guides\/wp-json\/wp\/v2\/posts\/37265' class='app-button fit'>Simulation gratuite<\/a><\/div><\/span><\/p>\n<h1 class=\"amp-wp-7d27179\" style=\"text-align: justify;\" data-amp-original-style=\"text-align: justify;\"><span id=\"Quest-ce_que_le_quotient_familial\">Quelques mots sur ce petit indicateur<\/span><\/h1>\n<h2 class=\"amp-wp-7d27179 amp-wp-7d27179\" style=\"text-align: justify;\" data-amp-original-style=\"text-align: justify;\"><span id=\"Definition\">D\u00e9finition<\/span><\/h2>\n<p class=\"amp-wp-7d27179 amp-wp-7d27179\" style=\"text-align: justify;\" data-amp-original-style=\"text-align: justify;\">Le quotient familial d\u00e9signe le nombre de parts affect\u00e9es \u00e0 chaque foyer fiscal pour le calcul de l\u2019imp\u00f4t sur le revenu. L\u2019objectif est d\u2019ajuster le montant de l\u2019imp\u00f4t aux capacit\u00e9s contributives de chaque foyer (situation, charges de famille). Le quotient familial permet de proportionner\u00a0le montant de l\u2019imp\u00f4t aff\u00e9rent \u00e0 un revenu donn\u00e9 en fonction du nombre de personne qui vivent sur ce revenu.<\/p>\n<h2 class=\"amp-wp-7d27179 amp-wp-7d27179\" style=\"text-align: justify;\" data-amp-original-style=\"text-align: justify;\"><span id=\"A_quoi_sert-il\">Utilisation du quotient familial\u00a0<\/span><\/h2>\n<p class=\"amp-wp-7d27179 amp-wp-7d27179\" style=\"text-align: justify;\" data-amp-original-style=\"text-align: justify;\">Le quotient familial est utilis\u00e9 par la CAF, notamment pour l\u2019attribution d\u2019aides financi\u00e8res individuelles au titre de l\u2019action sociale. Mais, il est aussi utilis\u00e9 par les mairies, les associations du secteur p\u00e9riscolaire ou de l\u2019accueil de loisirs pour l\u2019application des tarifs (cantine scolaire, centre de loisirs\u2026).<\/p>\n<p class=\"amp-wp-7d27179 amp-wp-7d27179\" style=\"text-align: justify;\" data-amp-original-style=\"text-align: justify;\">Le quotient familial CAF est calcul\u00e9 en euros, en fonction des ressources de l\u2019ann\u00e9e N-2, des aides familiales accord\u00e9es ainsi que du nombre de parts du foyer fiscal. Le quotient familial de la CAF sert \u00e0 d\u00e9terminer la participation financi\u00e8re des familles aux prestations familiales offertes par la CAF.<\/p>\n<h1 class=\"amp-wp-7d27179\" style=\"text-align: justify;\" data-amp-original-style=\"text-align: justify;\"><span id=\"Le_quotient_familial_et_la_CAF\">Le quotient familial et la CAF<\/span><\/h1>\n<h2 class=\"amp-wp-7d27179\" style=\"text-align: justify;\" data-amp-original-style=\"text-align: justify;\"><span id=\"Fonctionnement_de_lindicateur\">Fonctionnement de l\u2019indicateur<\/span><\/h2>\n<p class=\"amp-wp-7d27179\" style=\"text-align: justify;\" data-amp-original-style=\"text-align: justify;\">Il n\u2019y pas que l\u2019administration fiscale qui utilise le quotient familial. Il est aussi utilis\u00e9 par la Caisse d\u2019 Allocations Familiales pour l\u2019attribution de certaines aides sociales et prestations familiales. S\u2019il sert \u00e0 d\u00e9finir les revenus d\u2019une famille en prenant en compte le nombre de personnes qui la compose, il est l\u00e9g\u00e8rement diff\u00e9rent du quotient familial utilis\u00e9 par l\u2019administration fiscale.<\/p>\n<p class=\"amp-wp-7d27179\" style=\"text-align: justify;\" data-amp-original-style=\"text-align: justify;\">Cela se v\u00e9rifie dans la mesure o\u00f9 la CAF utilise un quotient familial mensualis\u00e9 et que le nombre de parts accord\u00e9 est l\u00e9g\u00e8rement diff\u00e9rent.<\/p>\n<p class=\"amp-wp-7d27179\" style=\"text-align: justify;\" data-amp-original-style=\"text-align: justify;\">Le quotient familial de la CAF est utilis\u00e9 principalement pour l\u2019attribution de certaines aides, en particulier celles g\u00e9r\u00e9es au niveau d\u00e9partemental. Il sera \u00e9galement souvent pris en compte si vous sollicitez un pr\u00eat de la CAF.<\/p>\n<p class=\"amp-wp-7d27179\" style=\"text-align: justify;\" data-amp-original-style=\"text-align: justify;\">Au niveau des aides de la CAF qui incluent d\u2019une mani\u00e8re ou d\u2019une autre le quotient familial, voici quelques exemples :<\/p>\n<ul class=\"list-1 amp-wp-7d27179\" style=\"text-align: justify;\" data-amp-original-style=\"text-align: justify;\">\n<li>L\u2019Aide aux Vacances Familiales\u00a0(AVF)<\/li>\n<li>L\u2019attribution\u00a0de ch\u00e8ques vacances\u00a0pour financer les frais li\u00e9s au s\u00e9jour<\/li>\n<\/ul>\n<p class=\"amp-wp-7d27179\" style=\"text-align: justify;\" data-amp-original-style=\"text-align: justify;\">Via le quotient familial, la CAF finance \u00e9galement des cr\u00e8ches.\u00a0 En contrepartie, ces \u00e9tablissements doivent adapter leurs tarifs en fonction du quotient familial CAF des familles qui y inscrivent leurs enfants. Sachez enfin que votre quotient familial sera \u00e9galement \u00e9tudi\u00e9 dans le cadre de l\u2019aide \u00e0 la cantine. C\u2019est pourquoi il peut \u00eatre n\u00e9cessaire de fournir une attestation de quotient familial que vous pouvez t\u00e9l\u00e9charger directement depuis votre espace personnel CAF.<\/p>\n<h2 class=\"amp-wp-7d27179 amp-wp-7d27179\" style=\"text-align: justify;\" data-amp-original-style=\"text-align: justify;\"><span id=\"Le_calcul_pour_la_CAF\">Le calcul pour la CAF<\/span><\/h2>\n<p class=\"amp-wp-7d27179 amp-wp-7d27179 amp-wp-7d27179\" style=\"text-align: justify;\" data-amp-original-style=\"text-align: justify;\"><span class=\"amp-wp-fe3f5cc\" data-amp-original-style=\"font-weight: 400;\">Au-del\u00e0 de son utilisation pour le calcul de l\u2019imp\u00f4t sur le revenu, le quotient familial est aussi\u00a0utilis\u00e9 par votre\u00a0<\/span>Caisse d\u2019Allocations Familiales (CAF)<span class=\"amp-wp-fe3f5cc\" data-amp-original-style=\"font-weight: 400;\">. Elle s\u2019en sert \u00e9galement pour l\u2019attribution de certaines aides sociales.\u00a0 De la m\u00eame mani\u00e8re que l\u2019administration fiscale, la CAF utilise votre quotient familial pour d\u00e9terminer les revenus de votre foyer. Elle prend en compte le nombre de personnes et d\u2019enfants \u00e0 charge qui le compose et la demi part suppl\u00e9mentaire.<\/span><\/p>\n<p class=\"amp-wp-7d27179 amp-wp-7d27179 amp-wp-7d27179\" style=\"text-align: justify;\" data-amp-original-style=\"text-align: justify;\"><span class=\"amp-wp-fe3f5cc\" data-amp-original-style=\"font-weight: 400;\">Le plafonnement du quotient familial de la CAF est l\u00e9g\u00e8rement diff\u00e9rent du quotient familial utilis\u00e9 par l\u2019administration fiscale. La CAF utilise un quotient familial fond\u00e9 sur les ressources mensuelles, y compris les aides de la CAF.<\/span><\/p>\n<p class=\"amp-wp-7d27179 amp-wp-7d27179 amp-wp-7d27179\" style=\"text-align: justify;\" data-amp-original-style=\"text-align: justify;\"><span class=\"amp-wp-fe3f5cc\" data-amp-original-style=\"font-weight: 400;\">Ainsi, le quotient familial est le r\u00e9sultat de la\u00a0<\/span>division du revenu annuel net per\u00e7u avant abattements fiscaux<span class=\"amp-wp-fe3f5cc\" data-amp-original-style=\"font-weight: 400;\">, auquel on ajoute l\u2019ensemble des prestations vers\u00e9es par la CAF pour le mois consid\u00e9r\u00e9. Cette somme est divis\u00e9e par le nombre de parts de quotient familial. Voici la formule :\u00a0<\/span><\/p>\n<p class=\"amp-wp-7d27179 amp-wp-cdd8ca0 amp-wp-cdd8ca0\" style=\"text-align: justify;\" data-amp-original-style=\"text-align: center;\"><strong>Quotient familial mensuel = (1\/12 x (revenus nets per\u00e7us) + Prestations \u00e0 caract\u00e8re mensuel du mois de calcul) \/ Nombre de parts\u00a0<\/strong><\/p>\n<p><iframe loading=\"lazy\" title=\"Tout Savoir sur les Allocations Familiales !\" width=\"500\" height=\"281\" src=\"https:\/\/www.youtube.com\/embed\/XEX_FdLLYMo?feature=oembed\" frameborder=\"0\" allow=\"accelerometer; autoplay; clipboard-write; encrypted-media; gyroscope; picture-in-picture; web-share\" referrerpolicy=\"strict-origin-when-cross-origin\" allowfullscreen><\/iframe><\/p>\n<p style=\"text-align: justify;\" data-amp-original-style=\"text-align: center;\"><span style=\"font-weight: 400;\"><div class='cta-block'><div class='text'>Simulez toutes vos aides en 2 min.<\/div><a href='https:\/\/www.mes-allocs.fr\/ab-app?origin=guides\/wp-json\/wp\/v2\/posts\/37265' class='app-button fit'>Simulation gratuite<\/a><\/div><\/span><\/p>\n<h1 style=\"text-align: justify;\" data-amp-original-style=\"text-align: center;\">Exemple d&rsquo;utilisation du quotient familial<\/h1>\n<h2 class=\"amp-wp-7d27179\" style=\"text-align: justify;\" data-amp-original-style=\"text-align: justify;\"><span id=\"Ladministration_fiscale\">L\u2019administration fiscale<\/span><\/h2>\n<p class=\"amp-wp-7d27179 amp-wp-7d27179\" style=\"text-align: justify;\" data-amp-original-style=\"text-align: justify;\">Pour le calcul de l\u2019imp\u00f4t, le quotient familial va nous \u00eatre utile. Diviser le revenu net imposable par le nombre de parts fiscale via le quotient familial permet d\u2019obtenir le montant de son imp\u00f4t brut. Le calcul du quotient familial d\u00e9pend du nombre de personnes \u00e0 la charge du contribuable ainsi que de sa situation familiale :<\/p>\n<ul class=\"amp-wp-7d27179 amp-wp-7d27179\" style=\"text-align: justify;\" data-amp-original-style=\"text-align: justify;\">\n<li data-insertor-excluded=\"1\">Un c\u00e9libataire, ou une personne vivant en\u00a0concubinage, a droit \u00e0\u00a01\u00a0part\u00a0de quotient familial<\/li>\n<li data-insertor-excluded=\"1\">Un couple mari\u00e9 ou Pacs\u00e9\u00a0(pour pacte civil de solidarit\u00e9) dispose, lui, de\u00a02\u00a0parts<\/li>\n<li data-insertor-excluded=\"1\">Les deux premiers enfants comptent pour une demi-part chacun, ce qui fait\u00a03\u00a0parts\u00a0de quotient familial pour un couple soumis \u00e0 une imposition commune avec deux enfants<\/li>\n<li data-insertor-excluded=\"1\">Le troisi\u00e8me enfant (et les suivants), ainsi que les enfants handicap\u00e9s, ouvre droit non pas \u00e0 une demi-part suppl\u00e9mentaire mais \u00e0 1 part enti\u00e8re.<\/li>\n<\/ul>\n<p class=\"amp-wp-7d27179 amp-wp-7d27179 amp-wp-7d27179\" style=\"text-align: justify;\" data-amp-original-style=\"text-align: justify;\"><span class=\"amp-wp-fe3f5cc\" data-amp-original-style=\"font-weight: 400;\">Pour calculer votre imp\u00f4t sur le revenu, l\u2019administration fiscale va prendre en compte votre d\u00e9claration des revenus et proc\u00e8de ainsi :<\/span><\/p>\n<ul class=\"amp-wp-7d27179 amp-wp-7d27179 amp-wp-7d27179\" style=\"text-align: justify;\" data-amp-original-style=\"text-align: justify;\">\n<li class=\"amp-wp-fe3f5cc\" data-amp-original-style=\"font-weight: 400;\"><span class=\"amp-wp-fe3f5cc\" data-amp-original-style=\"font-weight: 400;\">Elle divise le montant de votre revenu imposable par votre nombre de parts de quotient familial.<\/span><\/li>\n<li class=\"amp-wp-fe3f5cc\" data-amp-original-style=\"font-weight: 400;\"><span class=\"amp-wp-fe3f5cc\" data-amp-original-style=\"font-weight: 400;\">Elle soumet le r\u00e9sultat alors obtenu au bar\u00e8me de l\u2019imp\u00f4t sur le revenu, qui est progressif (le taux d\u2019imposition varie par tranches d\u2019imposition \u00e9tablies chaque ann\u00e9e, selon des plafonds de ressources)<\/span><\/li>\n<li class=\"amp-wp-fe3f5cc\" data-amp-original-style=\"font-weight: 400;\"><span class=\"amp-wp-fe3f5cc\" data-amp-original-style=\"font-weight: 400;\">Enfin, elle multiplie ce montant par le nombre de parts de votre foyer fiscal<\/span><\/li>\n<\/ul>\n<p class=\"amp-wp-7d27179 amp-wp-7d27179 amp-wp-7d27179\" style=\"text-align: justify;\" data-amp-original-style=\"text-align: justify;\"><span class=\"amp-wp-fe3f5cc\" data-amp-original-style=\"font-weight: 400;\">Ainsi,<\/span>\u00a0<span class=\"amp-wp-fe3f5cc\" data-amp-original-style=\"font-weight: 400;\">l\u2019administration fiscale obtient le montant d\u2019imp\u00f4t sur le revenu que vous devez payer. De la sorte, la progressivit\u00e9 de l\u2019imp\u00f4t sur le revenu est att\u00e9nu\u00e9e.<\/span><\/p>\n<h2 style=\"text-align: justify;\" data-amp-original-style=\"text-align: justify;\">Les cr\u00e8ches<\/h2>\n<h3 class=\"mt-4 text-left\" style=\"text-align: justify;\">La PSU (cr\u00e8che multi accueil)<\/h3>\n<p style=\"text-align: justify;\">La cr\u00e8che multi accueil co\u00fbte le m\u00eame prix qu\u2019une cr\u00e8che municipale. La Prestation de Service Unique (PSU) est l&rsquo;aide que versent les Caisses d&rsquo;Allocations Familiales (CAF) directement aux cr\u00e8ches.<\/p>\n<p style=\"text-align: justify;\">Cette aide est revers\u00e9e aux parents de sorte qu\u2019ils paient \u00e0 l\u2019\u00e9tablissement leur reste \u00e0 charge uniquement. L\u2019aide de la CAF est incluse dans le prix de la cr\u00e8che et d\u00e9pend du quotient familial. La cr\u00e8che PSU est une structure qui accueille g\u00e9n\u00e9ralement plus de 10 enfants et facture sur la base d\u2019un tarif horaire.<\/p>\n<h3 class=\"mt-4 text-left\" style=\"text-align: justify;\">La PAJE (micro-cr\u00e8che)<\/h3>\n<p style=\"text-align: justify;\">La micro-cr\u00e8che, contrairement \u00e0 la cr\u00e8che PSU, ne re\u00e7oit pas d\u2019aide par les Caisses d\u2019Allocations Familiales (CAF). L\u2019aide appel\u00e9e \u00ab PAJE \u00bb (Prestation d\u2019Accueil du Jeune Enfant) est revers\u00e9e directement aux parents en fonction de leur quotient familial. Les parents doivent donc r\u00e9gler le montant total du prix de la cr\u00e8che puis se font rembourser par la CAF \u00e0 travers la PAJE. La micro-cr\u00e8che accueille maximum 10 enfants et facture sur la base d\u2019un tarif journalier.<\/p>\n<h2 class=\"amp-wp-7d27179\" style=\"text-align: justify;\" data-amp-original-style=\"text-align: justify;\"><span id=\"Le_cas_des_cantines_scolaires\">Les cantines scolaires<\/span><\/h2>\n<p class=\"amp-wp-7d27179\" style=\"text-align: justify;\" data-amp-original-style=\"text-align: justify;\">Pour la cantine scolaire, le quotient familial a un r\u00f4le \u00e0 jouer. Mais avant cela, il faut comprendre les diff\u00e9rentes prises en charges des cantines. La comp\u00e9tence en mati\u00e8re de restauration scolaire scolaire varie selon les cas. Pour les \u00e9coles primaires la restauration est \u00e0 la charge des communes et sa gestion est assur\u00e9e par la caisse des \u00e9coles qui peuvent ensuite choisir d\u2019assurer les prestations elles-m\u00eames ou via des soci\u00e9t\u00e9s priv\u00e9es.<\/p>\n<p class=\"amp-wp-7d27179\" style=\"text-align: justify;\" data-amp-original-style=\"text-align: justify;\">Pour les coll\u00e8ges publics, la tarification et les prestations en mati\u00e8re de restauration dans les coll\u00e8ges d\u00e9pend du d\u00e9partement. Pour les lyc\u00e9es publics,\u00a0la restauration scolaire des lyc\u00e9es d\u00e9pend de la r\u00e9gion, pour son organisation et sa tarification.<\/p>\n<p class=\"amp-wp-7d27179\" style=\"text-align: justify;\" data-amp-original-style=\"text-align: justify;\">En ce qui concerne les \u00e9tablissements priv\u00e9s hors contrats, ces derniers sont enti\u00e8rement responsables de la gestion de la restauration scolaire. Ils peuvent donc fixer le mode de fonctionnement (internalis\u00e9 ou externalis\u00e9) ou bien demander aux parents de pr\u00e9parer les paniers repas de leurs enfants.<\/p>\n<p style=\"text-align: justify;\" data-amp-original-style=\"text-align: justify;\">En ce qui concerne les \u00e9coles primaires, les tarifs sont fix\u00e9s en g\u00e9n\u00e9ral, par les mairies. Le quotient familial va d\u00e9terminer le tarif de ces repas. Il agir directement sur le prix du repas. Il va servir \u00e0 revoir \u00e0 la baisse le prix.<\/p>\n<h2 style=\"text-align: justify;\" data-amp-original-style=\"text-align: justify;\">Les ch\u00e8ques vacances<\/h2>\n<p>Le Ch\u00e8que-Vacances ANCV vous permet de payer vos d\u00e9penses de vacances et de loisirs \u00e0\u00a0moindre co\u00fbt.<\/p>\n<p>Ces d\u00e9penses peuvent concerner l&rsquo;h\u00e9bergement, la restauration, les voyages &amp; transport, la culture et d\u00e9couverte, loisirs sportifs etc. \u00a0Le Ch\u00e8que Vacances de la CAF a \u00e9t\u00e9 con\u00e7u et vous accompagne dans tous vos projets. Il est utilisable toute l&rsquo;ann\u00e9e pour des prestations en France (y compris les d\u00e9partements et r\u00e9gions d&rsquo;Outre-Mer) et \u00e0 destination des pays de l&rsquo;Union Europ\u00e9enne.<\/p>\n<p>Le Ch\u00e8que-Vacances est valable 2 ans en plus de son ann\u00e9e d&rsquo;\u00e9mission (un ch\u00e8que \u00e9mis en 2026 est valable jusqu&rsquo;au 31\/12\/2028). \u00c0 l&rsquo;issue de sa p\u00e9riode de validit\u00e9, si vous n&rsquo;avez pas utilis\u00e9 tous vos ch\u00e8ques vous pouvez demander leur \u00e9change. Pour se faire, nous vous invitons \u00e0 lire l&rsquo;article d\u00e9di\u00e9 \u00e0 <a href=\"https:\/\/www.mes-allocs.fr\/guides\/allocations-familiales\/coupon-sport\/coupon-sport-ancv\/remboursement-coupon-sport-ancv\/\">cette question<\/a> !<\/p>\n<p>Pour l&rsquo;utilisation de ces ch\u00e8ques, sachez qu&rsquo;un large r\u00e9seau acceptent le ch\u00e8que-vacances. Ils sont facilement reconnaissables gr\u00e2ce \u00e0 l\u2019autocollant appos\u00e9 sur leur devanture. Vous pouvez donc utiliser les ch\u00e8ques vacances dans toutes les stations pr\u00e9sentant le logo !<\/p>\n<div class=\"cta-block\">\n<p>Pour en b\u00e9n\u00e9ficier en 2026, il faut r\u00e9pondre \u00e0 certaines conditions:<\/p>\n<ul style=\"text-align: justify;\">\n<li>Allocataires de la CAF au mois d\u2019octobre 2025,<\/li>\n<li>Ayant au moins un enfant \u00e2g\u00e9 de 6 \u00e0 18 ans.<\/li>\n<\/ul>\n<p>En ce qui concerne le quotient familial, il existe un plafond. En effet, il vous faudra avoir un quotient familial d\u2019octobre 2025 inf\u00e9rieur ou \u00e9gal \u00e0 500 \u20ac.<\/p>\n<p>Les familles concern\u00e9es n\u2019ont aucune d\u00e9marche \u00e0 effectuer, les ch\u00e8ques-vacances sont envoy\u00e9s directement par l\u2019ANCV aux familles b\u00e9n\u00e9ficiaires.<\/p>\n<p>Pour obtenir un ch\u00e8que vacances, vous n&rsquo;avez pas \u00e0 faire de demande : il vous sera attribu\u00e9 automatiquement si vous y \u00eates \u00e9ligible.<\/p>\n<p><span style=\"font-weight: 400;\"><div class='cta-block'><div class='text'>Simulez toutes vos aides en 2 min.<\/div><a href='https:\/\/www.mes-allocs.fr\/ab-app?origin=guides\/wp-json\/wp\/v2\/posts\/37265' class='app-button fit'>Simulation gratuite<\/a><\/div><\/span><\/p>\n<\/div>\n","protected":false},"excerpt":{"rendered":"<p>[Mis \u00e0 jour le 19\/02\/2026] Le quotient familial de la CAF vous sert tout les jours. C&rsquo;est avec ce petit indicateur que le montant de vos allocations familiales est d\u00e9termin\u00e9. Mais savez-vous qu&rsquo;il joue un r\u00f4le pour les ch\u00e8ques vacances ? On vous en dit plus sur le quotient familial CAF et les ch\u00e8ques-vacances. Quelques [&hellip;]<\/p>\n","protected":false},"author":6,"featured_media":105648,"comment_status":"open","ping_status":"open","sticky":false,"template":"","format":"standard","meta":{"amp_status":"","footnotes":""},"categories":[10,9894,14473],"tags":[],"class_list":["post-37265","post","type-post","status-publish","format-standard","has-post-thumbnail","hentry","category-allocations-familiales","category-quotient-familial","category-quotient-familial-caf"],"yoast_head":"<!-- This site is optimized with the Yoast SEO plugin v14.9 - https:\/\/yoast.com\/wordpress\/plugins\/seo\/ -->\n<title>Quel est le lien entre le quotient familial CAF et les ch\u00e8ques-vacances ?<\/title>\n<meta name=\"description\" content=\"Le quotient familial a un r\u00f4le dans l&#039;attribution des ch\u00e8ques vacances. Notre \u00e9quipe vous explique tout dans cet article.\" \/>\n<meta name=\"robots\" content=\"index, follow, max-snippet:-1, max-image-preview:large, max-video-preview:-1\" \/>\n<link rel=\"canonical\" href=\"https:\/\/www.mes-allocs.fr\/guides\/allocations-familiales\/quotient-familial\/quotient-familial-caf\/quotient-familial-caf-cheque-vacances\/\" \/>\n<meta property=\"og:locale\" content=\"fr_FR\" \/>\n<meta property=\"og:type\" content=\"article\" \/>\n<meta property=\"og:title\" content=\"Quel est le lien entre le quotient familial CAF et les ch\u00e8ques-vacances ?\" \/>\n<meta property=\"og:description\" content=\"Le quotient familial a un r\u00f4le dans l&#039;attribution des ch\u00e8ques vacances. Notre \u00e9quipe vous explique tout dans cet article.\" \/>\n<meta property=\"og:url\" content=\"https:\/\/www.mes-allocs.fr\/guides\/allocations-familiales\/quotient-familial\/quotient-familial-caf\/quotient-familial-caf-cheque-vacances\/\" \/>\n<meta property=\"og:site_name\" content=\"Mes-Allocs.fr\" \/>\n<meta property=\"article:published_time\" content=\"2021-09-18T15:00:36+00:00\" \/>\n<meta property=\"article:modified_time\" content=\"2026-02-19T13:21:30+00:00\" \/>\n<meta property=\"og:image\" content=\"https:\/\/www.mes-allocs.fr\/guides\/wp-content\/uploads\/2021\/09\/quotient-familial-caf-cheque-vacances.jpg?wsr\" \/>\n\t<meta property=\"og:image:width\" content=\"1024\" \/>\n\t<meta property=\"og:image:height\" content=\"682\" \/>\n<meta name=\"twitter:card\" content=\"summary_large_image\" \/>\n<script type=\"application\/ld+json\" class=\"yoast-schema-graph\">{\"@context\":\"https:\/\/schema.org\",\"@graph\":[{\"@type\":\"WebSite\",\"@id\":\"https:\/\/www.mes-allocs.fr\/guides\/#website\",\"url\":\"https:\/\/www.mes-allocs.fr\/guides\/\",\"name\":\"Mes-Allocs.fr\",\"description\":\"\",\"potentialAction\":[{\"@type\":\"SearchAction\",\"target\":\"https:\/\/www.mes-allocs.fr\/guides\/?s={search_term_string}\",\"query-input\":\"required name=search_term_string\"}],\"inLanguage\":\"fr-FR\"},{\"@type\":\"ImageObject\",\"@id\":\"https:\/\/www.mes-allocs.fr\/guides\/allocations-familiales\/quotient-familial\/quotient-familial-caf\/quotient-familial-caf-cheque-vacances\/#primaryimage\",\"inLanguage\":\"fr-FR\",\"url\":\"https:\/\/www.mes-allocs.fr\/guides\/wp-content\/uploads\/2021\/09\/quotient-familial-caf-cheque-vacances.jpg?wsr\",\"width\":1024,\"height\":682,\"caption\":\"quotient familial caf cheque vacances\"},{\"@type\":\"WebPage\",\"@id\":\"https:\/\/www.mes-allocs.fr\/guides\/allocations-familiales\/quotient-familial\/quotient-familial-caf\/quotient-familial-caf-cheque-vacances\/#webpage\",\"url\":\"https:\/\/www.mes-allocs.fr\/guides\/allocations-familiales\/quotient-familial\/quotient-familial-caf\/quotient-familial-caf-cheque-vacances\/\",\"name\":\"Quel est le lien entre le quotient familial CAF et les ch\\u00e8ques-vacances ?\",\"isPartOf\":{\"@id\":\"https:\/\/www.mes-allocs.fr\/guides\/#website\"},\"primaryImageOfPage\":{\"@id\":\"https:\/\/www.mes-allocs.fr\/guides\/allocations-familiales\/quotient-familial\/quotient-familial-caf\/quotient-familial-caf-cheque-vacances\/#primaryimage\"},\"datePublished\":\"2021-09-18T15:00:36+00:00\",\"dateModified\":\"2026-02-19T13:21:30+00:00\",\"author\":{\"@id\":\"https:\/\/www.mes-allocs.fr\/guides\/#\/schema\/person\/0ecd61a8600573914d00d970a588c024\"},\"description\":\"Le quotient familial a un r\\u00f4le dans l'attribution des ch\\u00e8ques vacances. Notre \\u00e9quipe vous explique tout dans cet article.\",\"inLanguage\":\"fr-FR\"},{\"@type\":\"Person\",\"@id\":\"https:\/\/www.mes-allocs.fr\/guides\/#\/schema\/person\/0ecd61a8600573914d00d970a588c024\",\"name\":\"Jonathan\",\"image\":{\"@type\":\"ImageObject\",\"@id\":\"https:\/\/www.mes-allocs.fr\/guides\/#personlogo\",\"inLanguage\":\"fr-FR\",\"url\":\"https:\/\/www.mes-allocs.fr\/guides\/wp-content\/uploads\/2021\/06\/jonathan-150x150.png\",\"caption\":\"Jonathan\"},\"description\":\"Jonathan est r\\u00e9dacteur au sein de l'\\u00e9quipe Mes Allocs, sp\\u00e9cialis\\u00e9 sur les sujets li\\u00e9s au handicap. Dipl\\u00f4m\\u00e9e de l'UPEM, il rejoint Mes Allocs apr\\u00e8s avoir travaill\\u00e9 \\u00e0 l'association AEDE qui accompagne les adultes en situation de handicap. Quand il n'\\u00e9crit pas, on peut le retrouver sur un terrain de basket.\",\"sameAs\":[\"https:\/\/www.linkedin.com\/in\/jonathan-bambela-8637861b7\"]}]}<\/script>\n<!-- \/ Yoast SEO plugin. -->","amp_validity":null,"acf":{"faq":{"1":{"question":"Le quotient familial peut-il \u00e9voluer dans le temps ?","answer":"Votre quotient familial d\u00e9pend du nombres de parts dans votre foyer. Donc oui, ce dernier peut \u00e9voluer dans le temps."},"2":{"question":"Toutes les aides de la CAF d\u00e9pendent-elles du quotient familial ? ","answer":"M\u00eame si la plupart des aides sont en lien avec le quotient familial, il existe certaines aides qui ne d\u00e9pendent pas de cet indicateur."},"3":{"question":"Est-il possible de faire une simulation des aides ?","answer":"Oui, sur Mes Allocs, nous vous proposons une simulation pour connaitre les diff\u00e9rentes aides auxquels vous \u00eates \u00e9ligible."},"4":{"question":"Quelles sont les associations partenaires des coupons sport ?","answer":"De nombreuses associations sont partenaires des coupons sport. En tout, il existe en France plus de 48 000 clubs et associations partenaires des coupons sport."},"5":{"question":"Comment savoir si on a le droit au ch\u00e8que vacances Caf ?","answer":"Pour savoir si vous avez droit au ch\u00e8que vacances CAF (ou aide \u00e9quivalente comme AVF\/AVF via Vacaf), v\u00e9rifiez votre \u00e9ligibilit\u00e9 via votre quotient familial (QF), qui doit g\u00e9n\u00e9ralement \u00eatre inf\u00e9rieur \u00e0 600-900 \u20ac selon votre d\u00e9partement, et consultez votre espace CAF."},"6":{"question":"Quel quotient familial pour Vacaf 2026 ?","answer":"Le quotient familial (QF) pour b\u00e9n\u00e9ficier de l'aide Vacaf en 2026 varie selon la CAF et le d\u00e9partement, sans plafond national unique ; il est g\u00e9n\u00e9ralement fix\u00e9 entre 600 \u20ac et 1200 \u20ac maximum, calcul\u00e9 sur les ressources de janvier 2026."},"7":{"question":"","answer":""},"8":{"question":"","answer":""},"9":{"question":"","answer":""},"10":{"question":"","answer":""},"11":{"question":"","answer":""},"12":{"question":"","answer":""},"13":{"question":"","answer":""},"14":{"question":"","answer":""},"15":{"question":"","answer":""},"16":{"question":"","answer":""}}},"_links":{"self":[{"href":"https:\/\/www.mes-allocs.fr\/guides\/wp-json\/wp\/v2\/posts\/37265","targetHints":{"allow":["GET"]}}],"collection":[{"href":"https:\/\/www.mes-allocs.fr\/guides\/wp-json\/wp\/v2\/posts"}],"about":[{"href":"https:\/\/www.mes-allocs.fr\/guides\/wp-json\/wp\/v2\/types\/post"}],"author":[{"embeddable":true,"href":"https:\/\/www.mes-allocs.fr\/guides\/wp-json\/wp\/v2\/users\/6"}],"replies":[{"embeddable":true,"href":"https:\/\/www.mes-allocs.fr\/guides\/wp-json\/wp\/v2\/comments?post=37265"}],"version-history":[{"count":21,"href":"https:\/\/www.mes-allocs.fr\/guides\/wp-json\/wp\/v2\/posts\/37265\/revisions"}],"predecessor-version":[{"id":109319,"href":"https:\/\/www.mes-allocs.fr\/guides\/wp-json\/wp\/v2\/posts\/37265\/revisions\/109319"}],"wp:featuredmedia":[{"embeddable":true,"href":"https:\/\/www.mes-allocs.fr\/guides\/wp-json\/wp\/v2\/media\/105648"}],"wp:attachment":[{"href":"https:\/\/www.mes-allocs.fr\/guides\/wp-json\/wp\/v2\/media?parent=37265"}],"wp:term":[{"taxonomy":"category","embeddable":true,"href":"https:\/\/www.mes-allocs.fr\/guides\/wp-json\/wp\/v2\/categories?post=37265"},{"taxonomy":"post_tag","embeddable":true,"href":"https:\/\/www.mes-allocs.fr\/guides\/wp-json\/wp\/v2\/tags?post=37265"}],"curies":[{"name":"wp","href":"https:\/\/api.w.org\/{rel}","templated":true}]}}