{"id":37087,"date":"2021-09-24T04:11:18","date_gmt":"2021-09-24T02:11:18","guid":{"rendered":"https:\/\/www.mes-allocs.fr\/guides\/?p=37087"},"modified":"2026-01-13T16:03:12","modified_gmt":"2026-01-13T15:03:12","slug":"demande-aide-logement-etudiant","status":"publish","type":"post","link":"https:\/\/www.mes-allocs.fr\/guides\/aide-logement\/demande-aide-au-logement\/demande-aide-logement-etudiant\/","title":{"rendered":"Comment demander l&rsquo;aide au logement en tant qu&rsquo;\u00e9tudiant en 2026 ?"},"content":{"rendered":"<p data-amp-original-style=\"text-align: justify;\"><img loading=\"lazy\" decoding=\"async\" class=\"alignnone wp-image-37093 size-large\" title=\"Comment demander aide au logement etudiant\" src=\"https:\/\/www.mes-allocs.fr\/guides\/wp-content\/uploads\/2021\/09\/Comment-demander-aide-au-logement-etudiant-1-1-e1631113708558-1024x384.jpg\" alt=\"demande aide au logement etudiant\" width=\"1024\" height=\"384\" srcset=\"https:\/\/www.mes-allocs.fr\/guides\/wp-content\/uploads\/2021\/09\/Comment-demander-aide-au-logement-etudiant-1-1-e1631113708558-1024x384.jpg 1024w, https:\/\/www.mes-allocs.fr\/guides\/wp-content\/uploads\/2021\/09\/Comment-demander-aide-au-logement-etudiant-1-1-e1631113708558-300x113.jpg 300w, https:\/\/www.mes-allocs.fr\/guides\/wp-content\/uploads\/2021\/09\/Comment-demander-aide-au-logement-etudiant-1-1-e1631113708558-768x288.jpg 768w, https:\/\/www.mes-allocs.fr\/guides\/wp-content\/uploads\/2021\/09\/Comment-demander-aide-au-logement-etudiant-1-1-e1631113708558-600x225.jpg 600w, https:\/\/www.mes-allocs.fr\/guides\/wp-content\/uploads\/2021\/09\/Comment-demander-aide-au-logement-etudiant-1-1-e1631113708558.jpg 1280w\" sizes=\"auto, (max-width: 1024px) 100vw, 1024px\" \/><\/p>\n<p style=\"text-align: justify;\" data-amp-original-style=\"text-align: justify;\">[Mis \u00e0 jour le 13\/01\/2026] L\u2019aide personnalis\u00e9e au logement \u00e9tudiant est une <a href=\"https:\/\/www.mes-allocs.fr\/guides\/aide-logement\">aide au logement<\/a> attribu\u00e9e sous conditions. Elle permet aux \u00e9tudiants ou futurs \u00e9tudiants de d\u00e9buter ou poursuivre leurs \u00e9tudes dans de bonnes conditions. Comment faut-il s&rsquo;y prendre pour <strong>demander l&rsquo;APL en tant qu&rsquo;\u00e9tudiant<\/strong> ? On vous explique.<\/p>\n<hr \/>\n<h1 data-amp-original-style=\"text-align: justify;\">Qu&rsquo;est-ce que l&rsquo;APL \u00e9tudiant ? <img loading=\"lazy\" decoding=\"async\" class=\"alignright wp-image-37097 size-medium\" title=\"Quest ce que lAPL etudiant\" src=\"https:\/\/www.mes-allocs.fr\/guides\/wp-content\/uploads\/2021\/09\/Quest-ce-que-lAPL-etudiant--300x200.jpg\" alt=\"demande aide au logement etudiant\" width=\"300\" height=\"200\" srcset=\"https:\/\/www.mes-allocs.fr\/guides\/wp-content\/uploads\/2021\/09\/Quest-ce-que-lAPL-etudiant--300x200.jpg 300w, https:\/\/www.mes-allocs.fr\/guides\/wp-content\/uploads\/2021\/09\/Quest-ce-que-lAPL-etudiant--1024x682.jpg 1024w, https:\/\/www.mes-allocs.fr\/guides\/wp-content\/uploads\/2021\/09\/Quest-ce-que-lAPL-etudiant--768x512.jpg 768w, https:\/\/www.mes-allocs.fr\/guides\/wp-content\/uploads\/2021\/09\/Quest-ce-que-lAPL-etudiant--600x400.jpg 600w, https:\/\/www.mes-allocs.fr\/guides\/wp-content\/uploads\/2021\/09\/Quest-ce-que-lAPL-etudiant-.jpg 1280w\" sizes=\"auto, (max-width: 300px) 100vw, 300px\" \/><\/h1>\n<p style=\"text-align: justify;\">C&rsquo;est une aide personnalis\u00e9e au logement vers\u00e9e par la CAF (Caisse d&rsquo; allocations familiales). Elle est destin\u00e9e aux \u00e9tudiants qui louent un logement aupr\u00e8s d&rsquo;un bailleur ou dans une r\u00e9sidence \u00e9tudiante.<\/p>\n<p>Retrouvez ci-dessous les conditions pour pouvoir b\u00e9n\u00e9ficier de cette aide.<\/p>\n<p>&nbsp;<\/p>\n<div class='cta-block'><div class='text'>Simulez vos aides en 2 min.<\/div><a href='' class='app-button fit'>Simulation gratuite<\/a><\/div>\n<p><iframe loading=\"lazy\" title=\"L&#039;APL\" width=\"500\" height=\"281\" src=\"https:\/\/www.youtube.com\/embed\/dfDRI2qg_z4?feature=oembed\" frameborder=\"0\" allow=\"accelerometer; autoplay; clipboard-write; encrypted-media; gyroscope; picture-in-picture; web-share\" referrerpolicy=\"strict-origin-when-cross-origin\" allowfullscreen><\/iframe><\/p>\n<h2 id=\"Qui_peut_b\u00e9n\u00e9ficier_de_l\u2019APL_\u00c9tudiant_aupr\u00e8s_de_la_CAF_?\" class=\"amp-wp-7d27179\" data-amp-original-style=\"text-align: justify;\"><span class=\"amp-wp-e98f482\" data-amp-original-style=\"color: #c43b3b;\">Qui peut b\u00e9n\u00e9ficier de l\u2019APL \u00c9tudiant aupr\u00e8s de la CAF ?<\/span><\/h2>\n<p class=\"amp-wp-7d27179\" data-amp-original-style=\"text-align: justify;\">Peuvent\u00a0obtenir l&rsquo;aide au logement les \u00e9tudiants qui louent un logement conventionn\u00e9 avec l\u2019\u00c9tat\u00a0(logements HLM ou r\u00e9sidence universitaire).<\/p>\n<p data-amp-original-style=\"text-align: justify;\">Si vous n&rsquo;\u00eates pas \u00e9ligible \u00e0 l&rsquo;aide personnalis\u00e9e au logement (APL), d&rsquo;autres aides sont mises \u00e0 votre disposition, en fonction de votre situation :<\/p>\n<ul class=\"list-1\">\n<li class=\"amp-wp-7d27179\" data-amp-original-style=\"text-align: justify;\">\u00e9tudiants avec une personne \u00e0 charge\u00a0louant tout autre type de logement :\u00a0Allocation de logement familial (ALF)<\/li>\n<li class=\"amp-wp-7d27179\" data-amp-original-style=\"text-align: justify;\">\u00e9tudiants sans personne \u00e0 charge\u00a0louant tout autre type de logement :\u00a0Allocation de logement social (ALS).<\/li>\n<\/ul>\n<p>A noter\u00a0: l\u2019APL peut\u00a0aussi b\u00e9n\u00e9ficier\u00a0aux colocations et aux r\u00e9sidences en foyer d&rsquo;h\u00e9bergement (r\u00e9sidence \u00e9tudiante par exemple), \u00e0 condition que le logement soit la r\u00e9sidence principale de l\u2019\u00e9tudiant.<\/p>\n<h2 data-amp-original-style=\"text-align: justify;\">Quelles sont les conditions d&rsquo;attribution de cette aide ?<\/h2>\n<p>Pour que cette aide vous soit attribu\u00e9e, des conditions sont requises :<\/p>\n<ul>\n<li>\u00eatre fran\u00e7ais ou \u00e9tranger en situation r\u00e9guli\u00e8re<\/li>\n<li>la location doit \u00eatre effectu\u00e9e en tant que r\u00e9sidence principale<\/li>\n<li>le propri\u00e9taire ne doit pas \u00eatre un membre de votre famille<\/li>\n<li>le logement doit mesurer\u00a0au minimum 9 m2 pour une personne seule et 16 m2 pour un couple<\/li>\n<li>respecter des crit\u00e8res de ressources.<\/li>\n<\/ul>\n<p>S&rsquo;agissant des crit\u00e8res de ressources, il existe un plafond de ressources \u00e0 ne d\u00e9passer selon votre situation familiale et votre localisation.<\/p>\n\n<div class=\"wpdt-c row wpDataTableContainerSimpleTable wpDataTables wpDataTablesWrapper\n\"\n    >\n    <table id=\"wpdtSimpleTable-145\"\n           class=\"wpdtSimpleTable wpDataTable\"\n           data-column=\"2\"\n           data-rows=\"10\"\n           data-wpID=\"145\"\n           data-responsive=\"0\"\n           data-has-header=\"1\">\n\n                    <thead>        <tr class=\"wpdt-cell-row \" >\n                            <th class=\"wpdt-cell wpdt-bold wpdt-bc-F3F9FE\"\n                                    data-cell-id=\"A1\"\n                data-col-index=\"0\"\n                data-row-index=\"0\"\n                style=\" width:26.151930261519%;                padding:10px;\"\n                >\n                                Composition du foyer                <\/th>\n                                            <th class=\"wpdt-cell wpdt-bold wpdt-bc-F3F9FE\"\n                                    data-cell-id=\"B1\"\n                data-col-index=\"1\"\n                data-row-index=\"0\"\n                style=\" width:73.848069738481%;                padding:10px;\"\n                >\n                                Plafonds de ressources (en \u20ac) \u00e0 ne pas d\u00e9passer pour toucher le montant maximal d'APL en 2026                <\/th>\n                                        <\/tr>\n                    <tbody>        <tr class=\"wpdt-cell-row \" >\n                            <td class=\"wpdt-cell wpdt-bold wpdt-bc-F3F9FE\"\n                                    data-cell-id=\"A2\"\n                data-col-index=\"0\"\n                data-row-index=\"1\"\n                style=\"                padding:10px;\"\n                >\n                                Personne seule                <\/td>\n                                            <td class=\"wpdt-cell wpdt-bc-FFFFFF\"\n                                    data-cell-id=\"B2\"\n                data-col-index=\"1\"\n                data-row-index=\"1\"\n                style=\"                padding:10px;\"\n                >\n                                5 235                <\/td>\n                                        <\/tr>\n                            <tr class=\"wpdt-cell-row \" >\n                            <td class=\"wpdt-cell wpdt-bold wpdt-bc-F3F9FE\"\n                                    data-cell-id=\"A3\"\n                data-col-index=\"0\"\n                data-row-index=\"2\"\n                style=\"                padding:10px;\"\n                >\n                                Couple sans personne \u00e0 charge                <\/td>\n                                            <td class=\"wpdt-cell wpdt-bc-FFFFFF\"\n                                    data-cell-id=\"B3\"\n                data-col-index=\"1\"\n                data-row-index=\"2\"\n                style=\"                padding:10px;\"\n                >\n                                7 501                <\/td>\n                                        <\/tr>\n                            <tr class=\"wpdt-cell-row \" >\n                            <td class=\"wpdt-cell wpdt-bold wpdt-bc-F3F9FE\"\n                                    data-cell-id=\"A4\"\n                data-col-index=\"0\"\n                data-row-index=\"3\"\n                style=\"                padding:10px;\"\n                >\n                                Personne seule ou couple avec une personne \u00e0 charge                <\/td>\n                                            <td class=\"wpdt-cell wpdt-bc-FFFFFF\"\n                                    data-cell-id=\"B4\"\n                data-col-index=\"1\"\n                data-row-index=\"3\"\n                style=\"                padding:10px;\"\n                >\n                                8 947                <\/td>\n                                        <\/tr>\n                            <tr class=\"wpdt-cell-row \" >\n                            <td class=\"wpdt-cell wpdt-bold wpdt-bc-F3F9FE\"\n                                    data-cell-id=\"A5\"\n                data-col-index=\"0\"\n                data-row-index=\"4\"\n                style=\"                padding:10px;\"\n                >\n                                Personne seule ou couple ayant 2 personnes \u00e0 charge                <\/td>\n                                            <td class=\"wpdt-cell wpdt-bc-FFFFFF\"\n                                    data-cell-id=\"B5\"\n                data-col-index=\"1\"\n                data-row-index=\"4\"\n                style=\"                padding:10px;\"\n                >\n                                9 148                <\/td>\n                                        <\/tr>\n                            <tr class=\"wpdt-cell-row \" >\n                            <td class=\"wpdt-cell wpdt-bold wpdt-bc-F3F9FE\"\n                                    data-cell-id=\"A6\"\n                data-col-index=\"0\"\n                data-row-index=\"5\"\n                style=\"                padding:10px;\"\n                >\n                                Personne seule ou couple ayant 3 personnes \u00e0 charge                <\/td>\n                                            <td class=\"wpdt-cell wpdt-bc-FFFFFF\"\n                                    data-cell-id=\"B6\"\n                data-col-index=\"1\"\n                data-row-index=\"5\"\n                style=\"                padding:10px;\"\n                >\n                                9 498                <\/td>\n                                        <\/tr>\n                            <tr class=\"wpdt-cell-row \" >\n                            <td class=\"wpdt-cell wpdt-bold wpdt-bc-F3F9FE\"\n                                    data-cell-id=\"A7\"\n                data-col-index=\"0\"\n                data-row-index=\"6\"\n                style=\"                padding:10px;\"\n                >\n                                Personne seule ou couple ayant 4 personnes \u00e0 charge                <\/td>\n                                            <td class=\"wpdt-cell wpdt-bc-FFFFFF\"\n                                    data-cell-id=\"B7\"\n                data-col-index=\"1\"\n                data-row-index=\"6\"\n                style=\"                padding:10px;\"\n                >\n                                9 851                <\/td>\n                                        <\/tr>\n                            <tr class=\"wpdt-cell-row \" >\n                            <td class=\"wpdt-cell wpdt-bold wpdt-bc-F3F9FE\"\n                                    data-cell-id=\"A8\"\n                data-col-index=\"0\"\n                data-row-index=\"7\"\n                style=\"                padding:10px;\"\n                >\n                                Personne seule ou couple ayant 5 personnes \u00e0 charge                <\/td>\n                                            <td class=\"wpdt-cell wpdt-bc-FFFFFF\"\n                                    data-cell-id=\"B8\"\n                data-col-index=\"1\"\n                data-row-index=\"7\"\n                style=\"                padding:10px;\"\n                >\n                                10 202                <\/td>\n                                        <\/tr>\n                            <tr class=\"wpdt-cell-row \" >\n                            <td class=\"wpdt-cell wpdt-bold wpdt-bc-F3F9FE\"\n                                    data-cell-id=\"A9\"\n                data-col-index=\"0\"\n                data-row-index=\"8\"\n                style=\"                padding:10px;\"\n                >\n                                Personne seule ou couple ayant 6 personnes \u00e0 charge                <\/td>\n                                            <td class=\"wpdt-cell wpdt-bc-FFFFFF\"\n                                    data-cell-id=\"B9\"\n                data-col-index=\"1\"\n                data-row-index=\"8\"\n                style=\"                padding:10px;\"\n                >\n                                10 554                <\/td>\n                                        <\/tr>\n                            <tr class=\"wpdt-cell-row \" >\n                            <td class=\"wpdt-cell wpdt-bold wpdt-bc-F3F9FE\"\n                                    data-cell-id=\"A10\"\n                data-col-index=\"0\"\n                data-row-index=\"9\"\n                style=\"                padding:10px;\"\n                >\n                                Par personne \u00e0 charge suppl\u00e9mentaire                <\/td>\n                                            <td class=\"wpdt-cell wpdt-bc-FFFFFF\"\n                                    data-cell-id=\"B10\"\n                data-col-index=\"1\"\n                data-row-index=\"9\"\n                style=\"                padding:10px;\"\n                >\n                                + 346                <\/td>\n                                        <\/tr>\n                    <\/table>\n<\/div><style id='wpdt-custom-style-145'>\ntable#wpdtSimpleTable-145{ table-layout: fixed !important; }\n.wpdt-bc-F3F9FE { background-color: #F3F9FE !important;}\n.wpdt-bc-FFFFFF { background-color: #FFFFFF !important;}\n<\/style>\n\n<h2 id=\"Estimer_le_montant_de_vos_APL_\u00e9tudiant\" class=\"amp-wp-7d27179\" data-amp-original-style=\"text-align: justify;\"><span class=\"amp-wp-e98f482\" data-amp-original-style=\"color: #c43b3b;\">Comment estimer le montant de votre aide ?<\/span><\/h2>\n<p class=\"amp-wp-7d27179\" data-amp-original-style=\"text-align: justify;\">Un simulateur est accessible aux \u00e9tudiants qui souhaitent estimer leur droit. Il vous sera demand\u00e9 les informations concernant le logement envisag\u00e9, les revenus de l\u2019ann\u00e9e N-1 (ceux de 2025 pour une demande en 2026) et votre situation professionnelle.<\/p>\n<p data-amp-original-style=\"text-align: justify;\"><div class='cta-block'><div class='text'>Simulez vos aides en 2 min.<\/div><a href='' class='app-button fit'>Simulation gratuite<\/a><\/div><\/p>\n<h1 id=\"Comment_faire_votre_demande_APL_\u00e9tudiant___Dossier_en_ligne\" class=\"amp-wp-7d27179\" data-amp-original-style=\"text-align: justify;\">Comment faire la demande d&rsquo;APL \u00e9tudiant ? <img loading=\"lazy\" decoding=\"async\" class=\"alignright wp-image-37098 size-medium\" title=\"Comment faire la demande dAPL etudiant\" src=\"https:\/\/www.mes-allocs.fr\/guides\/wp-content\/uploads\/2021\/09\/Comment-faire-la-demande-dAPL-etudiant--300x200.jpg\" alt=\"demande aide au logement etudiant\" width=\"300\" height=\"200\" srcset=\"https:\/\/www.mes-allocs.fr\/guides\/wp-content\/uploads\/2021\/09\/Comment-faire-la-demande-dAPL-etudiant--300x200.jpg 300w, https:\/\/www.mes-allocs.fr\/guides\/wp-content\/uploads\/2021\/09\/Comment-faire-la-demande-dAPL-etudiant--1024x682.jpg 1024w, https:\/\/www.mes-allocs.fr\/guides\/wp-content\/uploads\/2021\/09\/Comment-faire-la-demande-dAPL-etudiant--768x512.jpg 768w, https:\/\/www.mes-allocs.fr\/guides\/wp-content\/uploads\/2021\/09\/Comment-faire-la-demande-dAPL-etudiant--600x400.jpg 600w, https:\/\/www.mes-allocs.fr\/guides\/wp-content\/uploads\/2021\/09\/Comment-faire-la-demande-dAPL-etudiant-.jpg 1280w\" sizes=\"auto, (max-width: 300px) 100vw, 300px\" \/><\/h1>\n<p>Pour demander l&rsquo;aide personnalis\u00e9e au logement \u00e9tudiant, vous devez vous tourner vers la CAF. La demande doit \u00eatre formul\u00e9e au moment de la signature du bail.<\/p>\n<p>Rendez vous en ligne et munissez-vous des documents suivants :<\/p>\n<ul>\n<li>attestation de loyer compl\u00e9t\u00e9e et sign\u00e9e par le bailleur<\/li>\n<li>copie de votre pi\u00e8ce d\u2019identit\u00e9<\/li>\n<li>r\u00e9capitulatif des revenus per\u00e7us durant les 12 derniers mois<\/li>\n<li>un Relev\u00e9 d\u2019Identit\u00e9 Bancaire (RIB)<\/li>\n<li>le num\u00e9ro d\u2019allocataire de vos parents et leur Caf d\u2019appartenance (si allocataires)<\/li>\n<li>contrat de location avec le montant du loyer<\/li>\n<li>coordonn\u00e9es du bailleur (avec num\u00e9ro SIRET s\u2019il s\u2019agit d\u2019une soci\u00e9t\u00e9).<\/li>\n<\/ul>\n<p>Si vous \u00eates en r\u00e9sidence \u00e9tudiante, les dossiers complets sont transmis au gestionnaire de l\u2019\u00e9tablissement. Ce dernier est charg\u00e9 de les faire parvenir \u00e0 la CAF.<\/p>\n<h2 id=\"A_combien_s\u2019\u00e9l\u00e8ve_l\u2019APL_CAF_\u00e9tudiant_?_Comment_est-elle_vers\u00e9e_?\" class=\"amp-wp-7d27179\" data-amp-original-style=\"text-align: justify;\">Montant de l&rsquo;APL \u00e9tudiant et date de versement<\/h2>\n<p>Le montant de l\u2019APL \u00e9tudiant varie en fonction du logement et des revenus de l\u2019\u00e9tudiant. Son montant moyen pour un \u00e9tudiant seul est de l\u2019ordre de 100 \u00e0 150 euros par mois.\u00a0Utilisez notre simulateur en ligne afin d&rsquo;avoir une id\u00e9e de vos droits.<\/p>\n<p>L\u2019APL \u00e9tudiant est vers\u00e9e le 5 de chaque mois. L\u2019aide per\u00e7ue est attribu\u00e9e au titre du mois pr\u00e9c\u00e9dent.<\/p>\n<p>Son versement ne d\u00e9marre pas lors de la rentr\u00e9e ou \u00e0 la date de signature du bail. On compte environ 2 mois avant le premier versement. Ainsi, pour un bail sign\u00e9 en avril, il faudra attendre jusqu\u2019\u00e0 juin pour percevoir l\u2019allocation. Le versement des APL n\u2019est pas r\u00e9troactif (pas de rattrapage sur les 2 mois d\u2019attente).<\/p>\n<p>L\u2019APL peut \u00e9ventuellement \u00eatre vers\u00e9e directement au bailleur, le locataire \u00e9tudiant n\u2019ayant alors \u00e0 payer que le diff\u00e9rentiel de loyer.<\/p>\n<p>En ce qui concerne le dernier paiement de l\u2019allocation logement pour \u00e9tudiant, il s\u2019effectue au cours du mois civil durant lequel l\u2019\u00e9tudiant \u00e9chappe \u00e0 l\u2019\u00e9ligibilit\u00e9.<\/p>\n<div class='cta-block'><div class='text'>Simulez vos aides sociales en 2 min.<\/div><a href='' class='app-button fit'>Simulation gratuite<\/a><\/div>\n<h2 id=\"Cons\u00e9quences_du_versement_de_l\u2019allocation_\u00e0_l\u2019\u00e9tudiant\" class=\"amp-wp-7d27179\" data-amp-original-style=\"text-align: justify;\"><span class=\"amp-wp-e98f482\" data-amp-original-style=\"color: #c43b3b;\">Cons\u00e9quences du versement de l\u2019allocation \u00e0 l\u2019\u00e9tudiant<\/span><\/h2>\n<p>Lorsque vous b\u00e9n\u00e9ficiez de l&rsquo;APL, vous devez savoir que la CAF ne vous consid\u00e8re plus comme \u00e9tant \u00e0 la charge de vos parents. Ainsi, vous ne serez plus pris en compte dans le calcul de leurs droits.<\/p>\n<p><i>\u00c0 titre d&rsquo;exemple :\u00a0une famille percevant le RSA avec 4 enfants. Si un devient allocataire et b\u00e9n\u00e9ficie de l\u2019aide personnalis\u00e9e au logement, les droits RSA sont modifi\u00e9s. En effet, on ne prendra plus en compte 4 enfants \u00e0 charge\u00a0mais seulement 3.<\/i><\/p>\n<p class=\"amp-wp-7d27179\" data-amp-original-style=\"text-align: justify;\">En ce qui concerne l&rsquo;administration fiscale, m\u00eame si\u00a0un \u00e9tudiant b\u00e9n\u00e9fice de l\u2019APL, il peut rester rattacher au foyer fiscal de ses parents. Cependant, les \u00e9tudiants dont les parents sont soumis \u00e0 l\u2019Imp\u00f4t sur la Fortune Immobili\u00e8re (auparavant ISF jusqu\u2019en 2017) ne pourront pas b\u00e9n\u00e9ficier de l\u2019aide au logement \u00e9tudiant.<\/p>\n<h2 data-amp-original-style=\"text-align: justify;\">Les aides pour \u00e9tudiants cumulables avec l&rsquo;aide personnalis\u00e9e au logement <img loading=\"lazy\" decoding=\"async\" class=\"alignright wp-image-37099 size-medium\" title=\"Les aides pour etudiants cumulables avec laide personnalisee au logement\" src=\"https:\/\/www.mes-allocs.fr\/guides\/wp-content\/uploads\/2021\/09\/Les-aides-pour-etudiants-cumulables-avec-laide-personnalisee-au-logement-300x200.jpg\" alt=\"demande aide au logement etudiant\" width=\"300\" height=\"200\" srcset=\"https:\/\/www.mes-allocs.fr\/guides\/wp-content\/uploads\/2021\/09\/Les-aides-pour-etudiants-cumulables-avec-laide-personnalisee-au-logement-300x200.jpg 300w, https:\/\/www.mes-allocs.fr\/guides\/wp-content\/uploads\/2021\/09\/Les-aides-pour-etudiants-cumulables-avec-laide-personnalisee-au-logement-1024x682.jpg 1024w, https:\/\/www.mes-allocs.fr\/guides\/wp-content\/uploads\/2021\/09\/Les-aides-pour-etudiants-cumulables-avec-laide-personnalisee-au-logement-768x512.jpg 768w, https:\/\/www.mes-allocs.fr\/guides\/wp-content\/uploads\/2021\/09\/Les-aides-pour-etudiants-cumulables-avec-laide-personnalisee-au-logement-600x400.jpg 600w, https:\/\/www.mes-allocs.fr\/guides\/wp-content\/uploads\/2021\/09\/Les-aides-pour-etudiants-cumulables-avec-laide-personnalisee-au-logement.jpg 1280w\" sizes=\"auto, (max-width: 300px) 100vw, 300px\" \/><\/h2>\n<p>Il existe plusieurs autres aides mises en place pour les \u00e9tudiants. D\u00e9couvrez quelques unes qui peuvent \u00eatre cumul\u00e9es avec l&rsquo;aide personnalis\u00e9e au logement (APL) :<\/p>\n<ul class=\"list-1\">\n<li class=\"amp-wp-7d27179\" data-amp-original-style=\"text-align: justify;\"><strong>La bourse du CROUS<\/strong><\/li>\n<\/ul>\n<p>La bourse du CROUS (centre r\u00e9gional des oeuvres universitaires et scolaires) est une bourse d&rsquo;enseignement sup\u00e9rieur. Elle est attribu\u00e9e sur crit\u00e8res sociaux aux \u00e9tudiants qui sont confront\u00e9s \u00e0 des difficult\u00e9s mat\u00e9rielles les emp\u00eachant de poursuivre leurs \u00e9tudes.<\/p>\n<p>Le montant de la bourse du CROUS peut aller de<b> 1 454 \u20ac<\/b><strong> \u00e0 6 335\u00a0\u20ac<\/strong>\u00a0par an, voire plus en cas de maintien pendant les grandes vacances. Il\u00a0varie en fonction de plusieurs crit\u00e8res tels que les ressources de vos parents, le lieu d&rsquo;\u00e9loignement de vos \u00e9tudes, etc.<\/p>\n<p>Suivez ce lien. Notre \u00e9quipe vous explique comment faire la <a href=\"https:\/\/www.mes-allocs.fr\/guides\/bourse-etudiant\/bourse-crous\/demande-de-bourse-crous\/\">demande de la bourse du CROUS<\/a>.<\/p>\n<ul class=\"list-1\">\n<li class=\"amp-wp-7d27179\" data-amp-original-style=\"text-align: justify;\"><strong>La bourse au M\u00e9rite<\/strong><\/li>\n<\/ul>\n<p>La bourse ou aide au m\u00e9rite vient compl\u00e9ter bourse sur crit\u00e8res sociaux. C&rsquo;est une aide suppl\u00e9mentaire pour les \u00e9tudiants les plus m\u00e9ritants. Elle s&rsquo;adresse aux \u00e9tudiants ayant obtenu la mention \u00ab\u00a0tr\u00e8s bien\u00a0\u00bb au baccalaur\u00e9at.<\/p>\n<p>Le montant de l&rsquo;aide au m\u00e9rite est de <strong>900 \u20ac <\/strong>par an. La somme est vers\u00e9e en\u00a09 mensualit\u00e9s de <strong>100 \u20ac<\/strong>.<\/p>\n<ul class=\"list-1\">\n<li><strong>L\u2019AILE Paris<\/strong><\/li>\n<\/ul>\n<p class=\"amp-wp-7d27179\" data-amp-original-style=\"text-align: justify;\">C&rsquo;est une aide financi\u00e8re pour \u00e9tudiants qui est g\u00e9r\u00e9e par le CROUS de Paris. Elle vise \u00e0 permettre aux \u00e9tudiants de faire face aux frais li\u00e9s \u00e0 leur installation (d\u00e9p\u00f4t de garantie, d\u00e9m\u00e9nagement, achat d\u2019\u00e9quipements \u00e9lectrom\u00e9nagers, mobilier, etc.) dans un logement du parc priv\u00e9.<\/p>\n<p data-amp-original-style=\"text-align: justify;\">Le montant de l&rsquo;aide est compris entre <strong>500<\/strong> et <strong>1 000 \u20ac<\/strong>.<\/p>\n<p class=\"amp-wp-7d27179\" data-amp-original-style=\"text-align: justify;\">Voici les conditions \u00e0 remplir si vous souhaitez b\u00e9n\u00e9ficier de l\u2019AILE\u00a0:<\/p>\n<ul class=\"list-1\">\n<li class=\"amp-wp-7d27179\" data-amp-original-style=\"text-align: justify;\">\u00eatre boursier ou b\u00e9n\u00e9ficier de l\u2019ASAA<\/li>\n<li class=\"amp-wp-7d27179\" data-amp-original-style=\"text-align: justify;\">r\u00e9sider \u00e0 Paris<strong>\u00a0:<\/strong> l\u2019AILE est une aide de la Ville de Paris et s\u2019adresse uniquement aux \u00e9tudiants titulaires d\u2019un bail pour un logement se trouvant dans la capitale.<\/li>\n<li class=\"amp-wp-7d27179\" data-amp-original-style=\"text-align: justify;\">\u00eatre titulaire d\u2019un bail classique, d\u2019un contrat de sous-location d\u2019un logement sociale ou encore d\u2019un bail pour un logement meubl\u00e9\u00a0sign\u00e9 entre le 1er avril de l\u2019ann\u00e9e N-1 et le 31 mars de l\u2019ann\u00e9e N pour une demande adress\u00e9e au plus tard en avril de l\u2019ann\u00e9e N+1*.<\/li>\n<li class=\"amp-wp-7d27179\" data-amp-original-style=\"text-align: justify;\">\u00eatre inscrit dans un \u00e9tablissement d\u2019enseignement sup\u00e9rieur de l\u2019Acad\u00e9mie de Paris, Cr\u00e9teil ou de Versailles.<\/li>\n<\/ul>\n<div class='cta-block'><div class='text'>Simulez vos aides en 2 min.<\/div><a href='' class='app-button fit'>Simulation gratuite<\/a><\/div>\n","protected":false},"excerpt":{"rendered":"<p>[Mis \u00e0 jour le 13\/01\/2026] L\u2019aide personnalis\u00e9e au logement \u00e9tudiant est une aide au logement attribu\u00e9e sous conditions. Elle permet aux \u00e9tudiants ou futurs \u00e9tudiants de d\u00e9buter ou poursuivre leurs \u00e9tudes dans de bonnes conditions. Comment faut-il s&rsquo;y prendre pour demander l&rsquo;APL en tant qu&rsquo;\u00e9tudiant ? On vous explique. Qu&rsquo;est-ce que l&rsquo;APL \u00e9tudiant ? C&rsquo;est [&hellip;]<\/p>\n","protected":false},"author":7,"featured_media":37092,"comment_status":"open","ping_status":"open","sticky":false,"template":"","format":"standard","meta":{"amp_status":"","footnotes":""},"categories":[1,14072],"tags":[],"class_list":["post-37087","post","type-post","status-publish","format-standard","has-post-thumbnail","hentry","category-aide-logement","category-demande-aide-au-logement"],"yoast_head":"<!-- This site is optimized with the Yoast SEO plugin v14.9 - https:\/\/yoast.com\/wordpress\/plugins\/seo\/ -->\n<title>Demande d&#039;aide au logement pour les \u00e9tudiants en 2026 | Mes-Allocs.fr<\/title>\n<meta name=\"description\" content=\"Pour b\u00e9n\u00e9ficier de l&#039;aide personnalis\u00e9e au logement \u00e9tudiant, vous devez faire la demande. Notre \u00e9quipe vous explique la proc\u00e9dure \u00e0 suivre.\" \/>\n<meta name=\"robots\" content=\"index, follow, max-snippet:-1, max-image-preview:large, max-video-preview:-1\" \/>\n<link rel=\"canonical\" href=\"https:\/\/www.mes-allocs.fr\/guides\/aide-logement\/demande-aide-au-logement\/demande-aide-logement-etudiant\/\" \/>\n<meta property=\"og:locale\" content=\"fr_FR\" \/>\n<meta property=\"og:type\" content=\"article\" \/>\n<meta property=\"og:title\" content=\"Demande d&#039;aide au logement pour les \u00e9tudiants en 2026 | Mes-Allocs.fr\" \/>\n<meta property=\"og:description\" content=\"Pour b\u00e9n\u00e9ficier de l&#039;aide personnalis\u00e9e au logement \u00e9tudiant, vous devez faire la demande. Notre \u00e9quipe vous explique la proc\u00e9dure \u00e0 suivre.\" \/>\n<meta property=\"og:url\" content=\"https:\/\/www.mes-allocs.fr\/guides\/aide-logement\/demande-aide-au-logement\/demande-aide-logement-etudiant\/\" \/>\n<meta property=\"og:site_name\" content=\"Mes-Allocs.fr\" \/>\n<meta property=\"article:published_time\" content=\"2021-09-24T02:11:18+00:00\" \/>\n<meta property=\"article:modified_time\" content=\"2026-01-13T15:03:12+00:00\" \/>\n<meta property=\"og:image\" content=\"https:\/\/www.mes-allocs.fr\/guides\/wp-content\/uploads\/2021\/09\/Comment-demander-aide-au-logement-etudiant-.jpg?wsr\" \/>\n\t<meta property=\"og:image:width\" content=\"1280\" \/>\n\t<meta property=\"og:image:height\" content=\"853\" \/>\n<meta name=\"twitter:card\" content=\"summary_large_image\" \/>\n<script type=\"application\/ld+json\" class=\"yoast-schema-graph\">{\"@context\":\"https:\/\/schema.org\",\"@graph\":[{\"@type\":\"WebSite\",\"@id\":\"https:\/\/www.mes-allocs.fr\/guides\/#website\",\"url\":\"https:\/\/www.mes-allocs.fr\/guides\/\",\"name\":\"Mes-Allocs.fr\",\"description\":\"\",\"potentialAction\":[{\"@type\":\"SearchAction\",\"target\":\"https:\/\/www.mes-allocs.fr\/guides\/?s={search_term_string}\",\"query-input\":\"required name=search_term_string\"}],\"inLanguage\":\"fr-FR\"},{\"@type\":\"ImageObject\",\"@id\":\"https:\/\/www.mes-allocs.fr\/guides\/aide-logement\/demande-aide-au-logement\/demande-aide-logement-etudiant\/#primaryimage\",\"inLanguage\":\"fr-FR\",\"url\":\"https:\/\/www.mes-allocs.fr\/guides\/wp-content\/uploads\/2021\/09\/Comment-demander-aide-au-logement-etudiant-.jpg?wsr\",\"width\":1280,\"height\":853,\"caption\":\"Comment demander aide au logement etudiant\"},{\"@type\":\"WebPage\",\"@id\":\"https:\/\/www.mes-allocs.fr\/guides\/aide-logement\/demande-aide-au-logement\/demande-aide-logement-etudiant\/#webpage\",\"url\":\"https:\/\/www.mes-allocs.fr\/guides\/aide-logement\/demande-aide-au-logement\/demande-aide-logement-etudiant\/\",\"name\":\"Demande d'aide au logement pour les \\u00e9tudiants en 2026 | Mes-Allocs.fr\",\"isPartOf\":{\"@id\":\"https:\/\/www.mes-allocs.fr\/guides\/#website\"},\"primaryImageOfPage\":{\"@id\":\"https:\/\/www.mes-allocs.fr\/guides\/aide-logement\/demande-aide-au-logement\/demande-aide-logement-etudiant\/#primaryimage\"},\"datePublished\":\"2021-09-24T02:11:18+00:00\",\"dateModified\":\"2026-01-13T15:03:12+00:00\",\"author\":{\"@id\":\"https:\/\/www.mes-allocs.fr\/guides\/#\/schema\/person\/1c4837d5703727cb02ce84583b5a44aa\"},\"description\":\"Pour b\\u00e9n\\u00e9ficier de l'aide personnalis\\u00e9e au logement \\u00e9tudiant, vous devez faire la demande. Notre \\u00e9quipe vous explique la proc\\u00e9dure \\u00e0 suivre.\",\"inLanguage\":\"fr-FR\"},{\"@type\":\"Person\",\"@id\":\"https:\/\/www.mes-allocs.fr\/guides\/#\/schema\/person\/1c4837d5703727cb02ce84583b5a44aa\",\"name\":\"Fabiola\",\"image\":{\"@type\":\"ImageObject\",\"@id\":\"https:\/\/www.mes-allocs.fr\/guides\/#personlogo\",\"inLanguage\":\"fr-FR\",\"url\":\"https:\/\/www.mes-allocs.fr\/guides\/wp-content\/uploads\/2021\/06\/fabiola-150x150.png\",\"caption\":\"Fabiola\"},\"description\":\"Fabiola est r\\u00e9dactrice au sein de l'\\u00e9quipe Mes Allocs, sp\\u00e9cialis\\u00e9e en sciences politiques et affaires publiques. Dipl\\u00f4m\\u00e9e de l'HEIP, elle rejoint Mes Allocs apr\\u00e8s une premi\\u00e8re exp\\u00e9rience \\u00e0 l'Assembl\\u00e9e Nationale.\",\"sameAs\":[\"https:\/\/www.linkedin.com\/in\/cecilia-philippe-b-8a8085195\"]}]}<\/script>\n<!-- \/ Yoast SEO plugin. -->","amp_validity":null,"acf":{"faq":{"1":{"question":"\ud83e\udd14  Quand demander l'APL \u00e9tudiant ?","answer":"Vous devez faire votre demande d'APL \u00e9tudiant une fois votre emm\u00e9nagement, vous ne pouvez pas en faire la demande avant car vous devez fournir dans votre dossier le bail sign\u00e9. "},"2":{"question":"\ud83e\udd37\u200d\u2640\ufe0f Quelles conditions pour toucher l'APL \u00e9tudiant? ","answer":"Pour toucher l'APL vous devez \u00eatre \u00e9tudiant fran\u00e7ais ou \u00e9tranger mais avec un titre de s\u00e9jour valide pour tout le temps de votre ann\u00e9e universitaire, avoir moins de 30 ans, \u00eatre locataire, colocataire ou sous-locataire."},"3":{"question":"\ud83e\udd1d Qui est \u00e9ligible aux APL ?","answer":"Le logement doit faire plus de 9m2 pour une personne seule et \u00eatre qualifi\u00e9 de logement d\u00e9cent. Vous ne serez pas \u00e9ligible si le propri\u00e9taire-bailleur est de votre famille."},"4":{"question":"\ud83e\udd14  Est-ce que les propri\u00e9taires ont droit \u00e0 l'APL ?","answer":"Les conditions li\u00e9es aux APL pour propri\u00e9taires peuvent varier en fonction de vos ressources et de votre logement."},"5":{"question":"\ud83e\udd37\u200d\u2640\ufe0f Peut-on cumuler APL et prime d'activit\u00e9 ?","answer":"Oui tout \u00e0 fait, ces deux aides peuvent se cumuler"},"6":{"question":"\ud83e\udd1d Peut-on b\u00e9n\u00e9ficier de l'APL si le logement n'est pas conventionn\u00e9 ?","answer":"Non, l'une des conditions est que le logement doit \u00eatre conventionn\u00e9 et donc avoir fait l'objet d'une convention sign\u00e9 par le bailleur. Si ce n'est pas le cas, vous pouvez faire une demande d'ALS"},"7":{"question":"","answer":""},"8":{"question":"","answer":""},"9":{"question":"","answer":""},"10":{"question":"","answer":""},"11":{"question":"","answer":""},"12":{"question":"","answer":""},"13":{"question":"","answer":""},"14":{"question":"","answer":""},"15":{"question":"","answer":""},"16":{"question":"","answer":""}}},"_links":{"self":[{"href":"https:\/\/www.mes-allocs.fr\/guides\/wp-json\/wp\/v2\/posts\/37087","targetHints":{"allow":["GET"]}}],"collection":[{"href":"https:\/\/www.mes-allocs.fr\/guides\/wp-json\/wp\/v2\/posts"}],"about":[{"href":"https:\/\/www.mes-allocs.fr\/guides\/wp-json\/wp\/v2\/types\/post"}],"author":[{"embeddable":true,"href":"https:\/\/www.mes-allocs.fr\/guides\/wp-json\/wp\/v2\/users\/7"}],"replies":[{"embeddable":true,"href":"https:\/\/www.mes-allocs.fr\/guides\/wp-json\/wp\/v2\/comments?post=37087"}],"version-history":[{"count":16,"href":"https:\/\/www.mes-allocs.fr\/guides\/wp-json\/wp\/v2\/posts\/37087\/revisions"}],"predecessor-version":[{"id":107530,"href":"https:\/\/www.mes-allocs.fr\/guides\/wp-json\/wp\/v2\/posts\/37087\/revisions\/107530"}],"wp:featuredmedia":[{"embeddable":true,"href":"https:\/\/www.mes-allocs.fr\/guides\/wp-json\/wp\/v2\/media\/37092"}],"wp:attachment":[{"href":"https:\/\/www.mes-allocs.fr\/guides\/wp-json\/wp\/v2\/media?parent=37087"}],"wp:term":[{"taxonomy":"category","embeddable":true,"href":"https:\/\/www.mes-allocs.fr\/guides\/wp-json\/wp\/v2\/categories?post=37087"},{"taxonomy":"post_tag","embeddable":true,"href":"https:\/\/www.mes-allocs.fr\/guides\/wp-json\/wp\/v2\/tags?post=37087"}],"curies":[{"name":"wp","href":"https:\/\/api.w.org\/{rel}","templated":true}]}}