{"id":37082,"date":"2021-09-23T08:15:35","date_gmt":"2021-09-23T06:15:35","guid":{"rendered":"https:\/\/www.mes-allocs.fr\/guides\/?p=37082"},"modified":"2026-02-19T14:43:09","modified_gmt":"2026-02-19T13:43:09","slug":"garde-alternee-quotient-familial","status":"publish","type":"post","link":"https:\/\/www.mes-allocs.fr\/guides\/allocations-familiales\/quotient-familial\/garde-alternee-quotient-familial\/","title":{"rendered":"Garde altern\u00e9e et quotient familial : comment \u00e7a marche ?"},"content":{"rendered":"<p><img loading=\"lazy\" decoding=\"async\" class=\"aligncenter wp-image-37083\" title=\"dispute\" src=\"https:\/\/www.mes-allocs.fr\/guides\/wp-content\/uploads\/2021\/09\/dispute--e1631102571274.jpg\" alt=\"Garde altern\u00e9e et quotient familial : comment \u00e7a marche ?\" width=\"1200\" height=\"497\" srcset=\"https:\/\/www.mes-allocs.fr\/guides\/wp-content\/uploads\/2021\/09\/dispute--e1631102571274.jpg 1125w, https:\/\/www.mes-allocs.fr\/guides\/wp-content\/uploads\/2021\/09\/dispute--e1631102571274-300x124.jpg 300w, https:\/\/www.mes-allocs.fr\/guides\/wp-content\/uploads\/2021\/09\/dispute--e1631102571274-1024x424.jpg 1024w, https:\/\/www.mes-allocs.fr\/guides\/wp-content\/uploads\/2021\/09\/dispute--e1631102571274-768x318.jpg 768w, https:\/\/www.mes-allocs.fr\/guides\/wp-content\/uploads\/2021\/09\/dispute--e1631102571274-600x249.jpg 600w\" sizes=\"auto, (max-width: 1200px) 100vw, 1200px\" \/><\/p>\n<p style=\"text-align: justify;\">[Mis \u00e0 jour le 19\/02\/2026] Le quotient familial est un indicateur de la CAF. Il sert notamment \u00e0 d\u00e9terminer le montant des <a href=\"https:\/\/www.mes-allocs.fr\/guides\/allocations-familiales\">allocations familiales<\/a>. Cependant, il peut intervenir dans d&rsquo;autres domaines de la vie courante. D\u00e9couvrons ensemble quel est le lien entre <strong>quotient familial et garde altern\u00e9e<\/strong>.<\/p>\n<div class='cta-block'><div class='text'>Simulez toutes vos aides en 2 min.<\/div><a href='https:\/\/www.mes-allocs.fr\/ab-app?origin=guides\/wp-json\/wp\/v2\/posts\/37082' class='app-button fit'>Simulation gratuite<\/a><\/div>\n<h1 style=\"text-align: justify;\">Le quotient Familial<\/h1>\n<h2 class=\"amp-wp-7d27179 amp-wp-7d27179\" style=\"text-align: justify;\" data-amp-original-style=\"text-align: justify;\"><span id=\"Petit_rappel\"><span id=\"Definition\">Petit rappel<\/span><\/span><\/h2>\n<p class=\"amp-wp-7d27179 amp-wp-7d27179\" style=\"text-align: justify;\" data-amp-original-style=\"text-align: justify;\">Le quotient familial d\u00e9signe le nombre de parts affect\u00e9es \u00e0 chaque foyer fiscal pour le calcul de\u00a0l\u2019imp\u00f4t sur le revenu. L\u2019objectif est d\u2019ajuster le montant de l\u2019imp\u00f4t aux capacit\u00e9s contributives de chaque foyer (situation, charges de famille). Le quotient familial permet de proportionner\u00a0le montant de l\u2019imp\u00f4t aff\u00e9rent \u00e0 un revenu donn\u00e9 en fonction du nombre de personne qui vivent sur ce revenu.<\/p>\n<p class=\"amp-wp-7d27179 amp-wp-7d27179\" style=\"text-align: justify;\" data-amp-original-style=\"text-align: justify;\">Le quotient familial est utilis\u00e9 par la CAF, notamment pour l\u2019attribution d\u2019<a href=\"https:\/\/www.mes-allocs.fr\/guides\/allocations-familiales\">aides financi\u00e8res<\/a> individuelles au titre de l\u2019action sociale, mais aussi par les mairies, les associations du secteur p\u00e9riscolaire ou de l\u2019accueil de loisirs pour l\u2019application des tarifs (cantine scolaire, centre de loisirs\u2026).<\/p>\n<p class=\"amp-wp-7d27179 amp-wp-7d27179\" style=\"text-align: justify;\" data-amp-original-style=\"text-align: justify;\">Le quotient familial CAF est calcul\u00e9 en euros, en fonction des ressources de l\u2019ann\u00e9e N-2, des aides familiales accord\u00e9es ainsi que du nombre de parts du foyer fiscal. Le quotient familial de la CAF sert \u00e0 d\u00e9terminer la participation financi\u00e8re des familles aux prestations familiales offertes par la CAF.<\/p>\n<h2 class=\"amp-wp-7d27179\" style=\"text-align: justify;\" data-amp-original-style=\"text-align: justify;\"><span id=\"Ou_trouver_mon_quotient_familial\">O\u00f9 trouver mon quotient familial ?<\/span><\/h2>\n<p class=\"amp-wp-7d27179\" style=\"text-align: justify;\" data-amp-original-style=\"text-align: justify;\"><a href=\"https:\/\/www.mes-allocs.fr\/guides\/allocations-familiales\/quotient-familial\/ou-trouver-le-quotient-familial\/\">Pour trouver ce petit indicateur<\/a>, vous pouvez directement consulter votre quotient familial avec votre num\u00e9ro allocataire et votre mot de passe dans votre espace Mon Compte.<\/p>\n<p class=\"amp-wp-7d27179 amp-wp-7d27179\" style=\"text-align: justify;\" data-amp-original-style=\"text-align: justify;\">Vous pouvez aussi retrouver votre quotient familial sur n\u2019importe laquelle des attestations de r\u00e8glement \u00e9dit\u00e9es par votre Caisse ou sur ou sur une bonne de libre-service si les accueils de votre Caisse en sont \u00e9quip\u00e9s.<\/p>\n<p class=\"amp-wp-7d27179\" style=\"text-align: justify;\" data-amp-original-style=\"text-align: justify;\">Le plus simple pour savoir si vous \u00eates \u00e9ligible \u00e0 une allocation familiale comme le quotient familial en fonction de vos revenus et de votre situation familiale, est de faire\u00a0<a href=\"https:\/\/www.mes-allocs.fr\/ab-app\">la simulation gratuite<\/a>\u00a0de Mes Allocs. Nous nous engageons \u00e0 vous accompagner dans vos d\u00e9marches administratives.<\/p>\n<p class=\"amp-wp-7d27179\" style=\"text-align: justify;\" data-amp-original-style=\"text-align: justify;\">Au-del\u00e0 de ces documents en d\u00e9marches, vous pouvez vous-m\u00eame calculer votre quotient familial. On vous explique tout.<\/p>\n<h2 class=\"amp-wp-7d27179\" style=\"text-align: justify;\" data-amp-original-style=\"text-align: justify;\"><span id=\"Fonctionnement_de_lindicateur\">Fonctionnement de l\u2019indicateur pour la CAF<\/span><\/h2>\n<p class=\"amp-wp-7d27179\" style=\"text-align: justify;\" data-amp-original-style=\"text-align: justify;\">Il n\u2019y pas que l\u2019administration fiscale qui utilise le quotient familial. Il est aussi utilis\u00e9 par la Caisse d\u2019 Allocations Familiales pour l\u2019attribution de certaines aides sociales et prestations familiales. S\u2019il sert \u00e0 d\u00e9finir les revenus d\u2019une famille en prenant en compte le nombre de personnes qui la compose, il est l\u00e9g\u00e8rement diff\u00e9rent du quotient familial utilis\u00e9 par l\u2019administration fiscale.<\/p>\n<p class=\"amp-wp-7d27179\" style=\"text-align: justify;\" data-amp-original-style=\"text-align: justify;\">Cela se v\u00e9rifie dans la mesure o\u00f9 la CAF utilise un quotient familial mensualis\u00e9 et que le nombre de parts accord\u00e9 est l\u00e9g\u00e8rement diff\u00e9rent.<\/p>\n<p class=\"amp-wp-7d27179\" style=\"text-align: justify;\" data-amp-original-style=\"text-align: justify;\">Le quotient familial de la CAF est utilis\u00e9 principalement pour l\u2019attribution de certaines aides, en particulier celles g\u00e9r\u00e9es au niveau d\u00e9partemental. Il sera \u00e9galement souvent pris en compte si vous sollicitez un pr\u00eat de la CAF.<\/p>\n<p class=\"amp-wp-7d27179\" style=\"text-align: justify;\" data-amp-original-style=\"text-align: justify;\">Au niveau des aides de la CAF qui incluent d\u2019une mani\u00e8re ou d\u2019une autre le quotient familial, voici quelques exemples :<\/p>\n<ul class=\"list-1 amp-wp-7d27179\" style=\"text-align: justify;\" data-amp-original-style=\"text-align: justify;\">\n<li>L\u2019Aide aux Vacances Familiales\u00a0(AVF)<\/li>\n<li>L\u2019attribution\u00a0de ch\u00e8ques vacances\u00a0pour financer les frais li\u00e9s au s\u00e9jour<\/li>\n<\/ul>\n<p class=\"amp-wp-7d27179\" style=\"text-align: justify;\" data-amp-original-style=\"text-align: justify;\">Via le quotient familial, la CAF finance \u00e9galement des cr\u00e8ches.\u00a0 En contrepartie, ces \u00e9tablissements doivent adapter leurs tarifs en fonction du quotient familial CAF des familles qui y inscrivent leurs enfants. Sachez enfin que votre quotient familial sera \u00e9galement \u00e9tudi\u00e9 dans le cadre de l\u2019aide \u00e0 la cantine. C\u2019est pourquoi il peut \u00eatre n\u00e9cessaire de fournir une attestation de quotient familial que vous pouvez t\u00e9l\u00e9charger directement depuis votre espace personnel CAF.<\/p>\n<h2 class=\"amp-wp-7d27179 amp-wp-7d27179\" style=\"text-align: justify;\" data-amp-original-style=\"text-align: justify;\"><span id=\"Le_calcul_pour_la_CAF\">Le calcul pour la CAF\u00a0<\/span><\/h2>\n<p class=\"amp-wp-7d27179 amp-wp-7d27179 amp-wp-7d27179\" style=\"text-align: justify;\" data-amp-original-style=\"text-align: justify;\"><span class=\"amp-wp-fe3f5cc\" data-amp-original-style=\"font-weight: 400;\">Au-del\u00e0 de son utilisation pour le calcul de l\u2019imp\u00f4t sur le revenu, le quotient familial est aussi utilis\u00e9 par votre\u00a0<\/span>Caisse d\u2019Allocations Familiales (CAF)<span class=\"amp-wp-fe3f5cc\" data-amp-original-style=\"font-weight: 400;\">. Elle s\u2019en sert \u00e9galement pour l\u2019attribution de certaines aides sociales.\u00a0 De la m\u00eame mani\u00e8re que l\u2019administration fiscale, la CAF utilise votre quotient familial pour d\u00e9terminer les revenus de votre foyer. Elle prend en compte le nombre de personnes et d\u2019enfants \u00e0 charge qui le compose et la demi part suppl\u00e9mentaire.<\/span><\/p>\n<p class=\"amp-wp-7d27179 amp-wp-7d27179 amp-wp-7d27179\" style=\"text-align: justify;\" data-amp-original-style=\"text-align: justify;\"><span class=\"amp-wp-fe3f5cc\" data-amp-original-style=\"font-weight: 400;\">Le plafonnement du quotient familial de la CAF est l\u00e9g\u00e8rement diff\u00e9rent du quotient familial utilis\u00e9 par l\u2019administration fiscale. La CAF utilise un quotient familial fond\u00e9 sur les ressources mensuelles, y compris les aides de la CAF.<\/span><\/p>\n<p class=\"amp-wp-7d27179 amp-wp-7d27179 amp-wp-7d27179\" style=\"text-align: justify;\" data-amp-original-style=\"text-align: justify;\"><span class=\"amp-wp-fe3f5cc\" data-amp-original-style=\"font-weight: 400;\">Ainsi, le quotient familial est le r\u00e9sultat de la\u00a0<\/span>division du revenu annuel net per\u00e7u avant abattements fiscaux<span class=\"amp-wp-fe3f5cc\" data-amp-original-style=\"font-weight: 400;\">, auquel on ajoute l\u2019ensemble des prestations vers\u00e9es par la CAF pour le mois consid\u00e9r\u00e9. Cette somme est divis\u00e9e par le nombre de parts de quotient familial. Voici la formule :\u00a0<\/span><\/p>\n<p class=\"amp-wp-7d27179 amp-wp-cdd8ca0 amp-wp-cdd8ca0 amp-wp-cdd8ca0\" style=\"text-align: center;\" data-amp-original-style=\"text-align: center;\"><strong>Quotient familial mensuel = (1\/12 x (revenus nets per\u00e7us) + Prestations \u00e0 caract\u00e8re mensuel du mois de calcul) \/ Nombre de parts<\/strong><\/p>\n<h2 class=\"amp-wp-7d27179 amp-wp-7d27179\" style=\"text-align: justify;\" data-amp-original-style=\"text-align: justify;\"><span id=\"Lutilisation_du_quotient_familial\">L\u2019utilisation du quotient familial pour vos imp\u00f4ts\u00a0<\/span><\/h2>\n<p class=\"amp-wp-7d27179 amp-wp-7d27179\" style=\"text-align: justify;\" data-amp-original-style=\"text-align: justify;\">Comme son nom l\u2019indique, le quotient familial est le r\u00e9sultat d\u2019une division. Il s\u2019agit du rapport entre les ressources de la famille et le nombre total de parts du foyer fiscal.<\/p>\n<p class=\"amp-wp-7d27179\" style=\"text-align: justify;\" data-amp-original-style=\"text-align: justify;\">Les ressources prises en compte sont \u00e9gales au douzi\u00e8me des ressources imposables de l\u2019ann\u00e9e \u2013 d\u00e9duction faite des abattements sociaux -, auxquelles s\u2019ajoutent les prestations mensuelles vers\u00e9es par la CAF, pour le mois en cours.<\/p>\n<p class=\"amp-wp-7d27179\" style=\"text-align: justify;\" data-amp-original-style=\"text-align: justify;\">Pour rappel, le calcul du nombre de parts\u00a0est le suivant\u00a0:<\/p>\n<ul class=\"amp-wp-7d27179 amp-wp-7d27179\" style=\"text-align: justify;\" data-amp-original-style=\"text-align: justify;\">\n<li>pour un couple ou une personne isol\u00e9e\u00a0: deux parts\u00a0;<\/li>\n<li>pour le premier enfant \u00e0 charge (au sens des prestations familiales) : une demi-part\u00a0;<\/li>\n<li>concernant le deuxi\u00e8me enfant : une demi-part ;<\/li>\n<li>pour le troisi\u00e8me enfant : une part\u00a0;<\/li>\n<li>par enfant suppl\u00e9mentaire ou par enfant handicap\u00e9\u00a0: une demi-part.<\/li>\n<\/ul>\n<p class=\"amp-wp-7d27179 amp-wp-7d27179\" style=\"text-align: justify;\" data-amp-original-style=\"text-align: justify;\">Dans le cas de parents s\u00e9par\u00e9s qui n\u2019ont pas la garde de leur enfant, la formule utilis\u00e9e pour le calcul du quotient familial est diff\u00e9rente. Elle tient compte notamment de la pension alimentaire vers\u00e9e.<\/p>\n<p data-amp-original-style=\"text-align: justify;\"><div class='cta-block'><div class='text'>Simulez toutes vos aides en 2 min.<\/div><a href='https:\/\/www.mes-allocs.fr\/ab-app?origin=guides\/wp-json\/wp\/v2\/posts\/37082' class='app-button fit'>Simulation gratuite<\/a><\/div><\/p>\n<h2 class=\"amp-wp-7d27179\" style=\"text-align: justify;\" data-amp-original-style=\"text-align: justify;\"><span id=\"Ladministration_fiscale\">L\u2019administration fiscale<\/span><\/h2>\n<p class=\"amp-wp-7d27179 amp-wp-7d27179\" style=\"text-align: justify;\" data-amp-original-style=\"text-align: justify;\">Pour le calcul de l\u2019imp\u00f4t, le quotient familial va nous \u00eatre utile. Diviser le revenu net imposable par le nombre de parts fiscale via le quotient familial permet d\u2019obtenir le montant de son imp\u00f4t brut. Le calcul du quotient familial d\u00e9pend du nombre de personnes \u00e0 la charge du contribuable ainsi que de sa situation familiale :<\/p>\n<ul class=\"amp-wp-7d27179 amp-wp-7d27179\" style=\"text-align: justify;\" data-amp-original-style=\"text-align: justify;\">\n<li data-insertor-excluded=\"1\">Un c\u00e9libataire, ou une personne vivant en\u00a0concubinage, a droit \u00e0\u00a01\u00a0part\u00a0de quotient familial<\/li>\n<li data-insertor-excluded=\"1\">Un couple mari\u00e9 ou Pacs\u00e9\u00a0(pour pacte civil de solidarit\u00e9) dispose, lui, de\u00a02\u00a0parts<\/li>\n<li data-insertor-excluded=\"1\">Les deux premiers enfants comptent pour une demi-part chacun, ce qui fait\u00a03\u00a0parts\u00a0de quotient familial pour un couple soumis \u00e0 une imposition commune avec deux enfants<\/li>\n<li data-insertor-excluded=\"1\">Le troisi\u00e8me enfant (et les suivants), ainsi que les enfants handicap\u00e9s, ouvre droit non pas \u00e0 une demi-part suppl\u00e9mentaire mais \u00e0 1 part enti\u00e8re.<\/li>\n<\/ul>\n<h3 class=\"amp-wp-7d27179\" style=\"text-align: justify;\" data-amp-original-style=\"text-align: justify;\"><span id=\"Les_parts_fiscales\">Les parts fiscales<\/span><\/h3>\n<p class=\"amp-wp-7d27179 amp-wp-7d27179 amp-wp-7d27179\" style=\"text-align: justify;\" data-amp-original-style=\"text-align: justify;\">Lorsque le fisc calcule le montant de vos imp\u00f4ts, elle se sert de votre quotient familial. Vous aussi, si vous souhaitez calculer le montant de vos imp\u00f4ts, le quotient familial va vous \u00eatre utile. Pour se faire, vous allez devoir diviser le revenu net imposable par le nombre de parts fiscale via le quotient familial.<\/p>\n<p class=\"amp-wp-7d27179 amp-wp-7d27179 amp-wp-7d27179\" style=\"text-align: justify;\" data-amp-original-style=\"text-align: justify;\">Cela va vous permettre d\u2019obtenir le montant de son imp\u00f4t brut. Le calcul du quotient familial d\u00e9pend du nombre de personnes \u00e0 la charge du contribuable ainsi que de sa situation de famille :<\/p>\n<p class=\"amp-wp-7d27179 amp-wp-7d27179 amp-wp-7d27179 amp-wp-7d27179\" style=\"text-align: justify;\" data-amp-original-style=\"text-align: justify;\"><span class=\"amp-wp-fe3f5cc\" data-amp-original-style=\"font-weight: 400;\">Pour calculer votre imp\u00f4t sur le revenu, les services prennent en compte votre d\u00e9claration des revenus et proc\u00e8de ainsi :<\/span><\/p>\n<ul class=\"amp-wp-7d27179 amp-wp-7d27179 amp-wp-7d27179 amp-wp-7d27179\" style=\"text-align: justify;\" data-amp-original-style=\"text-align: justify;\">\n<li class=\"amp-wp-fe3f5cc\" data-amp-original-style=\"font-weight: 400;\"><span class=\"amp-wp-fe3f5cc\" data-amp-original-style=\"font-weight: 400;\">Elle divise le montant de votre revenu imposable par votre nombre de parts de quotient familial.<\/span><\/li>\n<li class=\"amp-wp-fe3f5cc\" data-amp-original-style=\"font-weight: 400;\"><span class=\"amp-wp-fe3f5cc\" data-amp-original-style=\"font-weight: 400;\">Elle soumet le r\u00e9sultat alors obtenu au bar\u00e8me de l\u2019imp\u00f4t sur le revenu, qui est progressif\u00a0<\/span><\/li>\n<li class=\"amp-wp-fe3f5cc\" data-amp-original-style=\"font-weight: 400;\"><span class=\"amp-wp-fe3f5cc\" data-amp-original-style=\"font-weight: 400;\">Enfin, elle multiplie ce montant par le nombre de parts de votre foyer fiscal<\/span><\/li>\n<\/ul>\n<p class=\"amp-wp-7d27179 amp-wp-7d27179 amp-wp-7d27179 amp-wp-7d27179\" style=\"text-align: justify;\" data-amp-original-style=\"text-align: justify;\"><span class=\"amp-wp-fe3f5cc\" data-amp-original-style=\"font-weight: 400;\">Ainsi,<\/span>\u00a0<span class=\"amp-wp-fe3f5cc\" data-amp-original-style=\"font-weight: 400;\">les services fiscaux obtiendront le montant d\u2019imp\u00f4t sur le revenu que vous devez payer. De la sorte, la progressivit\u00e9 de l\u2019imp\u00f4t sur le revenu est att\u00e9nu\u00e9e.<\/span><\/p>\n<p class=\"amp-wp-7d27179\" style=\"text-align: justify;\" data-amp-original-style=\"text-align: justify;\">Il existe cependant un cas particulier. Cela concerne un enfant en situation de handicap. Un enfant handicap\u00e9, quel que soit son \u00e2ge, peut \u00eatre compt\u00e9 \u00e0 charge comme un enfant valide de moins de 18 ans.<\/p>\n<p class=\"amp-wp-7d27179\" style=\"text-align: justify;\" data-amp-original-style=\"text-align: justify;\">Cependant, pour en enfant majeur handicap\u00e9, il existe une alternative au fait de le compter \u00e0 charge. En effet, il est possible de ne pas l\u2019inclure dans sa d\u00e9claration de revenus et de d\u00e9duire une pension alimentaire.<\/p>\n<p class=\"amp-wp-7d27179\" style=\"text-align: justify;\" data-amp-original-style=\"text-align: justify;\">Par ailleurs, quand on h\u00e9berge chez soi une personne handicap\u00e9e autre que son enfant, on peut l\u2019inclure dans son foyer fiscal. Il vous suffit de remplir la case R \u00ab Nombre de titulaires de la carte d\u2019invalidit\u00e9 \u00bb. Il faut que la personne concern\u00e9e respecte les conditions. Dans ce cas, une part compl\u00e8te de quotient familial est attribu\u00e9e et un plafond sp\u00e9cifique d\u2019avantage fiscal s\u2019applique.<\/p>\n<h2 style=\"text-align: justify;\" data-amp-original-style=\"text-align: justify;\">Quotient familial et garde altern\u00e9e: comment se passe le d\u00e9coupage des parts ?<\/h2>\n<div class=\"list-style\" style=\"text-align: justify;\" data-identifier=\"2\">\n<p>La garde altern\u00e9e est un syst\u00e8me de garde d&rsquo; enfant \u00a0mineur d\u00e9cid\u00e9e en cas de divorce ou de\u00a0s\u00e9paration, d\u2019un commun accord des parents. Cela peut aussi \u00eatre le cas sur d\u00e9cision du juge dans l&rsquo;int\u00e9r\u00eat de pr\u00e9server l\u2019int\u00e9r\u00eat de l\u2019enfant en garde altern\u00e9e. Elle suppose aussi une proximit\u00e9 g\u00e9ographique des domiciles entre le parent qui garde l&rsquo;enfant et l&rsquo;autre parent, et des logements assez vastes pour les accueillir.<\/p>\n<\/div>\n<div class=\"list-style\" style=\"text-align: justify;\" data-identifier=\"3\">\n<p>Une fois la d\u00e9cision prise au regard du bien-\u00eatre de l\u2019enfant, il est important de voir les incidences sur vos finances des cas de garde altern\u00e9e. En partant de leurs revenus et de leurs d\u00e9penses par rapport aux enfants, les parents trouvent les solutions : la m\u00e9diation familiale les conduit \u00e0 \u00e9laborer un protocole d\u2019accord, soumis ou non au juge.<\/p>\n<\/div>\n<div id=\"Division-des-allocations-familiales\" class=\"ancres\">\n<div class=\"list-style\" style=\"text-align: justify;\" data-identifier=\"14\">\n<p>Depuis votre s\u00e9paration, votre situation familiale \u00e0 chang\u00e9, vous vivez seul(e) et vos enfants r\u00e9sident \u00e0 la fois chez vous et chez leur autre parent. Chacun des enfants compte pour une demi-part fiscale. En garde principale ou exclusive, ils compteraient respectivement pour une part pour le premier, une demi-part pour le deuxi\u00e8me et une part par enfant \u00e0 partir du troisi\u00e8me.<\/p>\n<\/div>\n<div class=\"list-style\" style=\"text-align: justify;\" data-identifier=\"15\">\n<p>Si vous avez form\u00e9 un nouveau couple et votre foyer comporte uniquement des enfants dont la garde est partag\u00e9e avec votre ex-conjoint ou partenaire. Chacun des deux premiers enfants vous donne un avantage en quotient familial d\u2019un quart de part, port\u00e9 \u00e0 une demi-part \u00e0 compter du troisi\u00e8me (au lieu de, respectivement, une demi-part et une part enti\u00e8re).<\/p>\n<\/div>\n<div class=\"list-style\" data-identifier=\"16\">\n<p style=\"text-align: justify;\">Si vous vivez seul(e) ou en couple et que certains de vos enfants vivent \u00ab\u00a0\u00e0 plein-temps\u00a0\u00bb \u00e0 votre domicile (garde exclusive) tandis que d\u2019autres r\u00e9sident aussi chez leur autre parent, la situation est un peu plus complexe. Peu importe leur ordre dans la fratrie, le calcul du quotient familial \u00ab\u00a0enfant\u00a0\u00bb commence par ceux en garde principale et se poursuit avec ceux en garde altern\u00e9e.<\/p>\n<div class='cta-block'><div class='text'>Simulez toutes vos aides en 2 min.<\/div><a href='https:\/\/www.mes-allocs.fr\/ab-app?origin=guides\/wp-json\/wp\/v2\/posts\/37082' class='app-button fit'>Simulation gratuite<\/a><\/div>\n<\/div>\n<\/div>\n","protected":false},"excerpt":{"rendered":"<p>[Mis \u00e0 jour le 19\/02\/2026] Le quotient familial est un indicateur de la CAF. Il sert notamment \u00e0 d\u00e9terminer le montant des allocations familiales. Cependant, il peut intervenir dans d&rsquo;autres domaines de la vie courante. D\u00e9couvrons ensemble quel est le lien entre quotient familial et garde altern\u00e9e. Le quotient Familial Petit rappel Le quotient familial [&hellip;]<\/p>\n","protected":false},"author":6,"featured_media":37083,"comment_status":"open","ping_status":"open","sticky":false,"template":"","format":"standard","meta":{"amp_status":"","footnotes":""},"categories":[10,9894],"tags":[],"class_list":["post-37082","post","type-post","status-publish","format-standard","has-post-thumbnail","hentry","category-allocations-familiales","category-quotient-familial"],"yoast_head":"<!-- This site is optimized with the Yoast SEO plugin v14.9 - https:\/\/yoast.com\/wordpress\/plugins\/seo\/ -->\n<title>Garde altern\u00e9e et quotient familial : comment \u00e7a marche ? | Mes-Allocs.fr<\/title>\n<meta name=\"description\" content=\"Si un de vos enfants est en garde altern\u00e9e, cela va entrainer des changements au niveau de votre quotient familial. Mes Allocs vous explique.\" \/>\n<meta name=\"robots\" content=\"index, follow, max-snippet:-1, max-image-preview:large, max-video-preview:-1\" \/>\n<link rel=\"canonical\" href=\"https:\/\/www.mes-allocs.fr\/guides\/allocations-familiales\/quotient-familial\/garde-alternee-quotient-familial\/\" \/>\n<meta property=\"og:locale\" content=\"fr_FR\" \/>\n<meta property=\"og:type\" content=\"article\" \/>\n<meta property=\"og:title\" content=\"Garde altern\u00e9e et quotient familial : comment \u00e7a marche ? | Mes-Allocs.fr\" \/>\n<meta property=\"og:description\" content=\"Si un de vos enfants est en garde altern\u00e9e, cela va entrainer des changements au niveau de votre quotient familial. Mes Allocs vous explique.\" \/>\n<meta property=\"og:url\" content=\"https:\/\/www.mes-allocs.fr\/guides\/allocations-familiales\/quotient-familial\/garde-alternee-quotient-familial\/\" \/>\n<meta property=\"og:site_name\" content=\"Mes-Allocs.fr\" \/>\n<meta property=\"article:published_time\" content=\"2021-09-23T06:15:35+00:00\" \/>\n<meta property=\"article:modified_time\" content=\"2026-02-19T13:43:09+00:00\" \/>\n<meta property=\"og:image\" content=\"https:\/\/www.mes-allocs.fr\/guides\/wp-content\/uploads\/2021\/09\/dispute--e1631102571274.jpg?wsr\" \/>\n\t<meta property=\"og:image:width\" content=\"1125\" \/>\n\t<meta property=\"og:image:height\" content=\"466\" \/>\n<meta name=\"twitter:card\" content=\"summary_large_image\" \/>\n<script type=\"application\/ld+json\" class=\"yoast-schema-graph\">{\"@context\":\"https:\/\/schema.org\",\"@graph\":[{\"@type\":\"WebSite\",\"@id\":\"https:\/\/www.mes-allocs.fr\/guides\/#website\",\"url\":\"https:\/\/www.mes-allocs.fr\/guides\/\",\"name\":\"Mes-Allocs.fr\",\"description\":\"\",\"potentialAction\":[{\"@type\":\"SearchAction\",\"target\":\"https:\/\/www.mes-allocs.fr\/guides\/?s={search_term_string}\",\"query-input\":\"required name=search_term_string\"}],\"inLanguage\":\"fr-FR\"},{\"@type\":\"ImageObject\",\"@id\":\"https:\/\/www.mes-allocs.fr\/guides\/allocations-familiales\/quotient-familial\/garde-alternee-quotient-familial\/#primaryimage\",\"inLanguage\":\"fr-FR\",\"url\":\"https:\/\/www.mes-allocs.fr\/guides\/wp-content\/uploads\/2021\/09\/dispute--e1631102571274.jpg?wsr\",\"width\":1125,\"height\":466,\"caption\":\"dispute\"},{\"@type\":\"WebPage\",\"@id\":\"https:\/\/www.mes-allocs.fr\/guides\/allocations-familiales\/quotient-familial\/garde-alternee-quotient-familial\/#webpage\",\"url\":\"https:\/\/www.mes-allocs.fr\/guides\/allocations-familiales\/quotient-familial\/garde-alternee-quotient-familial\/\",\"name\":\"Garde altern\\u00e9e et quotient familial : comment \\u00e7a marche ? | Mes-Allocs.fr\",\"isPartOf\":{\"@id\":\"https:\/\/www.mes-allocs.fr\/guides\/#website\"},\"primaryImageOfPage\":{\"@id\":\"https:\/\/www.mes-allocs.fr\/guides\/allocations-familiales\/quotient-familial\/garde-alternee-quotient-familial\/#primaryimage\"},\"datePublished\":\"2021-09-23T06:15:35+00:00\",\"dateModified\":\"2026-02-19T13:43:09+00:00\",\"author\":{\"@id\":\"https:\/\/www.mes-allocs.fr\/guides\/#\/schema\/person\/0ecd61a8600573914d00d970a588c024\"},\"description\":\"Si un de vos enfants est en garde altern\\u00e9e, cela va entrainer des changements au niveau de votre quotient familial. Mes Allocs vous explique.\",\"inLanguage\":\"fr-FR\"},{\"@type\":\"Person\",\"@id\":\"https:\/\/www.mes-allocs.fr\/guides\/#\/schema\/person\/0ecd61a8600573914d00d970a588c024\",\"name\":\"Jonathan\",\"image\":{\"@type\":\"ImageObject\",\"@id\":\"https:\/\/www.mes-allocs.fr\/guides\/#personlogo\",\"inLanguage\":\"fr-FR\",\"url\":\"https:\/\/www.mes-allocs.fr\/guides\/wp-content\/uploads\/2021\/06\/jonathan-150x150.png\",\"caption\":\"Jonathan\"},\"description\":\"Jonathan est r\\u00e9dacteur au sein de l'\\u00e9quipe Mes Allocs, sp\\u00e9cialis\\u00e9 sur les sujets li\\u00e9s au handicap. Dipl\\u00f4m\\u00e9e de l'UPEM, il rejoint Mes Allocs apr\\u00e8s avoir travaill\\u00e9 \\u00e0 l'association AEDE qui accompagne les adultes en situation de handicap. Quand il n'\\u00e9crit pas, on peut le retrouver sur un terrain de basket.\",\"sameAs\":[\"https:\/\/www.linkedin.com\/in\/jonathan-bambela-8637861b7\"]}]}<\/script>\n<!-- \/ Yoast SEO plugin. -->","amp_validity":null,"acf":{"faq":{"1":{"question":"Est-il possible de faire une simulation des aides ?","answer":"Oui, sur Mes allocs, nous vous proposons une simulation pour connaitre les diff\u00e9rentes aides auxquels vous \u00eates \u00e9ligible.\r\n"},"2":{"question":"Qu'est ce que le quotient familial ? ","answer":"Le quotient familial indique le nombre de parts dont b\u00e9n\u00e9ficie un contribuable pour le calcul du montant de son imp\u00f4t sur le revenu."},"3":{"question":"Comment demander le quotient familial ?","answer":"Pour le quotient familial, vous pouvez vous adresser \u00e0 l\u2019administration fiscale qui se charge de calculer votre quotient familial, chaque ann\u00e9e, en se fondant sur votre d\u00e9claration annuelle de revenus."},"4":{"question":"Le quotient familial d\u00e9finit-il le montant de mes aides ? ","answer":"Pas n\u00e9cessairement, le quotient familial va servir dans le calcul de vos aides mais ce n'est pas le cas pour toutes les aides. "},"5":{"question":"Mon quotient familial est-il susceptible d'\u00e9voluer ? ","answer":"Oui, cet indicateur va varier selon la composition de votre foyer. Si un de vos enfants atteint les 18 ans, le quotient familial va changer. "},"6":{"question":"Toutes les aides de la CAF d\u00e9pendent-elles du quotient familial ?","answer":"M\u00eame si la plupart des aides sont en lien avec le quotient familial, il existe certaines aides qui ne d\u00e9pendent pas de cet indicateur."},"7":{"question":"","answer":""},"8":{"question":"","answer":""},"9":{"question":"","answer":""},"10":{"question":"","answer":""},"11":{"question":"","answer":""},"12":{"question":"","answer":""},"13":{"question":"","answer":""},"14":{"question":"","answer":""},"15":{"question":"","answer":""},"16":{"question":"","answer":""}}},"_links":{"self":[{"href":"https:\/\/www.mes-allocs.fr\/guides\/wp-json\/wp\/v2\/posts\/37082","targetHints":{"allow":["GET"]}}],"collection":[{"href":"https:\/\/www.mes-allocs.fr\/guides\/wp-json\/wp\/v2\/posts"}],"about":[{"href":"https:\/\/www.mes-allocs.fr\/guides\/wp-json\/wp\/v2\/types\/post"}],"author":[{"embeddable":true,"href":"https:\/\/www.mes-allocs.fr\/guides\/wp-json\/wp\/v2\/users\/6"}],"replies":[{"embeddable":true,"href":"https:\/\/www.mes-allocs.fr\/guides\/wp-json\/wp\/v2\/comments?post=37082"}],"version-history":[{"count":15,"href":"https:\/\/www.mes-allocs.fr\/guides\/wp-json\/wp\/v2\/posts\/37082\/revisions"}],"predecessor-version":[{"id":109335,"href":"https:\/\/www.mes-allocs.fr\/guides\/wp-json\/wp\/v2\/posts\/37082\/revisions\/109335"}],"wp:featuredmedia":[{"embeddable":true,"href":"https:\/\/www.mes-allocs.fr\/guides\/wp-json\/wp\/v2\/media\/37083"}],"wp:attachment":[{"href":"https:\/\/www.mes-allocs.fr\/guides\/wp-json\/wp\/v2\/media?parent=37082"}],"wp:term":[{"taxonomy":"category","embeddable":true,"href":"https:\/\/www.mes-allocs.fr\/guides\/wp-json\/wp\/v2\/categories?post=37082"},{"taxonomy":"post_tag","embeddable":true,"href":"https:\/\/www.mes-allocs.fr\/guides\/wp-json\/wp\/v2\/tags?post=37082"}],"curies":[{"name":"wp","href":"https:\/\/api.w.org\/{rel}","templated":true}]}}