{"id":37034,"date":"2021-09-24T08:13:16","date_gmt":"2021-09-24T06:13:16","guid":{"rendered":"https:\/\/www.mes-allocs.fr\/guides\/?p=37034"},"modified":"2026-01-22T16:51:19","modified_gmt":"2026-01-22T15:51:19","slug":"paje-micro-creche","status":"publish","type":"post","link":"https:\/\/www.mes-allocs.fr\/guides\/allocations-familiales\/paje\/paje-micro-creche\/","title":{"rendered":"L&rsquo;aide de la PAJE en micro-cr\u00e8che : comment en b\u00e9n\u00e9ficier en 2026 ?"},"content":{"rendered":"<p><img loading=\"lazy\" decoding=\"async\" class=\"aligncenter wp-image-37043 size-full\" title=\"creche\" src=\"https:\/\/www.mes-allocs.fr\/guides\/wp-content\/uploads\/2021\/09\/creche-2-e1686148175768.jpg\" alt=\"aide paje micro cr\u00e8che\" width=\"1125\" height=\"275\" srcset=\"https:\/\/www.mes-allocs.fr\/guides\/wp-content\/uploads\/2021\/09\/creche-2-e1686148175768.jpg 1125w, https:\/\/www.mes-allocs.fr\/guides\/wp-content\/uploads\/2021\/09\/creche-2-e1686148175768-300x73.jpg 300w, https:\/\/www.mes-allocs.fr\/guides\/wp-content\/uploads\/2021\/09\/creche-2-e1686148175768-1024x250.jpg 1024w, https:\/\/www.mes-allocs.fr\/guides\/wp-content\/uploads\/2021\/09\/creche-2-e1686148175768-768x188.jpg 768w, https:\/\/www.mes-allocs.fr\/guides\/wp-content\/uploads\/2021\/09\/creche-2-e1686148175768-600x147.jpg 600w\" sizes=\"auto, (max-width: 1125px) 100vw, 1125px\" \/><\/p>\n<p style=\"text-align: justify;\">[Mis \u00e0 jour le 21\/01\/2026] La PAJE est un ensemble d&rsquo;<a href=\"https:\/\/www.mes-allocs.fr\/guides\/allocations-familiales\/\">allocations familiales<\/a> de la CAF. Elles permettent aux parents de b\u00e9n\u00e9ficier d&rsquo;aides financi\u00e8res. Dans la lign\u00e9e de ces aides, nous allons voir s&rsquo;il existe une <strong>aide pour les micro-cr\u00e8ches<\/strong>.<\/p>\n<p><span style=\"font-weight: 400;\"><div class='cta-block'><div class='text'>Simulez toutes vos aides en 2 min. Gratuit.<\/div><a href='' class='app-button fit'>Simulation gratuite<\/a><\/div><\/span><\/p>\n<hr \/>\n<h2 class=\"amp-wp-7d27179\" style=\"text-align: justify;\" data-amp-original-style=\"text-align: justify;\"><span id=\"La_Prestation_dAccueil_du_Jeune_Enfant\"><span id=\"Quest-ce_que_la_PAJE\"><strong>La Prestation d\u2019Accueil du Jeune Enfant\u00a0<\/strong><\/span><\/span><\/h2>\n<h3 class=\"amp-wp-7d27179\" style=\"text-align: justify;\" data-amp-original-style=\"text-align: justify;\"><span id=\"Point_de_rappel\">Point de rappel<\/span><\/h3>\n<p class=\"amp-wp-7d27179\" style=\"text-align: justify;\" data-amp-original-style=\"text-align: justify;\"><span class=\"amp-wp-fe3f5cc\" data-amp-original-style=\"font-weight: 400;\">La prestation d\u2019accueil du jeune enfant (PAJE) est une prestation familiales et une aide financi\u00e8re destin\u00e9e \u00e0 aider une famille \u00e0 financer les d\u00e9penses li\u00e9es \u00e0 l\u2019entretien et \u00e0 l\u2019\u00e9ducation d\u00e8s la naissance de l\u2019enfant.\u00a0<\/span><\/p>\n<p class=\"amp-wp-7d27179\" style=\"text-align: justify;\" data-amp-original-style=\"text-align: justify;\"><span class=\"amp-wp-fe3f5cc\" data-amp-original-style=\"font-weight: 400;\">Cette aide est destin\u00e9e aux parents d\u2019 enfants n\u00e9s ou adopt\u00e9s<\/span><\/p>\n<p class=\"amp-wp-7d27179\" style=\"text-align: justify;\" data-amp-original-style=\"text-align: justify;\"><span class=\"amp-wp-fe3f5cc\" data-amp-original-style=\"font-weight: 400;\">Depuis le 1er janvier 2015, elle est vers\u00e9e le mois suivant la naissance ou l\u2019adoption.<img loading=\"lazy\" decoding=\"async\" class=\"alignright wp-image-37071\" title=\"famille\" src=\"https:\/\/www.mes-allocs.fr\/guides\/wp-content\/uploads\/2021\/09\/famille-7.jpg\" alt=\"aide paje micro cr\u00e8che\" width=\"316\" height=\"211\" srcset=\"https:\/\/www.mes-allocs.fr\/guides\/wp-content\/uploads\/2021\/09\/famille-7.jpg 1125w, https:\/\/www.mes-allocs.fr\/guides\/wp-content\/uploads\/2021\/09\/famille-7-300x200.jpg 300w, https:\/\/www.mes-allocs.fr\/guides\/wp-content\/uploads\/2021\/09\/famille-7-1024x683.jpg 1024w, https:\/\/www.mes-allocs.fr\/guides\/wp-content\/uploads\/2021\/09\/famille-7-768x512.jpg 768w, https:\/\/www.mes-allocs.fr\/guides\/wp-content\/uploads\/2021\/09\/famille-7-600x400.jpg 600w\" sizes=\"auto, (max-width: 316px) 100vw, 316px\" \/><\/span><\/p>\n<p class=\"amp-wp-7d27179\" style=\"text-align: justify;\" data-amp-original-style=\"text-align: justify;\"><span class=\"amp-wp-fe3f5cc\" data-amp-original-style=\"font-weight: 400;\">Elle est vers\u00e9e une fois par mois par la Caisse d\u2019Allocations Familiales (CAF) ou la Mutualit\u00e9 Sociale Agricole (MSA) aux familles dont les revenus ne d\u00e9passent pas certains plafonds de ressources. Vous devez donc \u00eatre allocataire de l\u2019un de ces deux organismes pour en b\u00e9n\u00e9ficier.<\/span><\/p>\n<p class=\"amp-wp-7d27179\" style=\"text-align: justify;\" data-amp-original-style=\"text-align: justify;\"><span class=\"amp-wp-fe3f5cc\" data-amp-original-style=\"font-weight: 400;\">Les aides qui composent la PAJE sont les suivantes :<\/span><\/p>\n<ul class=\"amp-wp-7d27179\" style=\"text-align: justify;\" data-amp-original-style=\"text-align: justify;\">\n<li class=\"amp-wp-fe3f5cc\" data-amp-original-style=\"font-weight: 400;\"><span class=\"amp-wp-fe3f5cc\" data-amp-original-style=\"font-weight: 400;\">La prime \u00e0 l\u2019adoption ou prime \u00e0 la naissance, qui fait face aux premi\u00e8res d\u00e9penses et est vers\u00e9e en une seule fois ;<\/span><\/li>\n<li class=\"amp-wp-fe3f5cc\" data-amp-original-style=\"font-weight: 400;\"><span class=\"amp-wp-fe3f5cc\" data-amp-original-style=\"font-weight: 400;\">L\u2019allocation de base, qui permet de supporter les d\u00e9penses li\u00e9es \u00e0 l\u2019\u00e9ducation de l\u2019enfant, vers\u00e9e chaque mois avant l\u2019\u00e2ge de trois ans ;<\/span><\/li>\n<li class=\"amp-wp-fe3f5cc\" data-amp-original-style=\"font-weight: 400;\"><span class=\"amp-wp-fe3f5cc\" data-amp-original-style=\"font-weight: 400;\">Le compl\u00e9ment de libre choix du mode de garde, qui aide \u00e0 engager des d\u00e9penses de garde de l\u2019enfant, consiste en une prise en charge partielle des frais de l\u2019assistante maternelle agr\u00e9\u00e9e ;<\/span><\/li>\n<li class=\"amp-wp-fe3f5cc\" data-amp-original-style=\"font-weight: 400;\"><span class=\"amp-wp-fe3f5cc\" data-amp-original-style=\"font-weight: 400;\">La prestation partag\u00e9e d\u2019\u00e9ducation de l\u2019enfant (PreParE), distribu\u00e9e lorsque les parents cessent ou r\u00e9duisent leur activit\u00e9 professionnelle pour \u00e9lever l\u2019enfant, est vers\u00e9e en fonction du nombre d\u2019enfants \u00e0 charge.<\/span><\/li>\n<\/ul>\n<p class=\"amp-wp-7d27179\" style=\"text-align: justify;\" data-amp-original-style=\"text-align: justify;\"><span class=\"amp-wp-fe3f5cc\" data-amp-original-style=\"font-weight: 400;\">Ces prestations sont cumulables entre elles, sauf dans les cas suivants :<\/span><\/p>\n<ul class=\"amp-wp-7d27179\" style=\"text-align: justify;\" data-amp-original-style=\"text-align: justify;\">\n<li class=\"amp-wp-fe3f5cc\" data-amp-original-style=\"font-weight: 400;\"><span class=\"amp-wp-fe3f5cc\" data-amp-original-style=\"font-weight: 400;\">Vous ne pouvez percevoir deux allocations de base en m\u00eame temps, sauf pour les naissances multiples ou les cas d\u2019adoptions simultan\u00e9es ;<\/span><\/li>\n<li class=\"amp-wp-fe3f5cc\" data-amp-original-style=\"font-weight: 400;\"><span class=\"amp-wp-fe3f5cc\" data-amp-original-style=\"font-weight: 400;\">Vous et votre conjoint ne pouvez pas toucher chacun le CLCA \u00e0 taux plein ou une PreParE ;<\/span><\/li>\n<li class=\"amp-wp-fe3f5cc\" data-amp-original-style=\"font-weight: 400;\"><span class=\"amp-wp-fe3f5cc\" data-amp-original-style=\"font-weight: 400;\">Vous ne pouvez pas cumuler le CMG avec le CLCA ou une PreParE \u00e0 taux plein ;<\/span><\/li>\n<li class=\"amp-wp-fe3f5cc\" data-amp-original-style=\"font-weight: 400;\"><span class=\"amp-wp-fe3f5cc\" data-amp-original-style=\"font-weight: 400;\">Le CLCA n\u2019est pas cumulable avec une PreParE, quel que soit le taux de cette derni\u00e8re.<\/span><\/li>\n<\/ul>\n<p class=\"amp-wp-7d27179\" style=\"text-align: justify;\" data-amp-original-style=\"text-align: justify;\"><span class=\"amp-wp-fe3f5cc\" data-amp-original-style=\"font-weight: 400;\">Il est \u00e0 noter que les prestations de la PAJE sont \u00e9galement cumulables avec d\u2019autres aides<\/span><\/p>\n<p class=\"amp-wp-7d27179\" style=\"text-align: justify;\" data-amp-original-style=\"text-align: justify;\"><span style=\"font-weight: 400;\"><div class='cta-block'><div class='text'>Simulez toutes vos aides en 2 min. Gratuit.<\/div><a href='' class='app-button fit'>Simulation gratuite<\/a><\/div><\/span><\/p>\n<h1 class=\"amp-wp-7d27179\" style=\"text-align: justify;\" data-amp-original-style=\"text-align: justify;\">Les aides de la PAJE<\/h1>\n<h4 class=\"amp-wp-7d27179\" style=\"text-align: justify;\" data-amp-original-style=\"text-align: justify;\"><span id=\"La_prime_de_naissance\">La prime de naissance<\/span><\/h4>\n<p class=\"amp-wp-7d27179 amp-wp-7d27179\" style=\"text-align: justify;\" data-amp-original-style=\"text-align: justify;\">La prime de naissance est une aide qui vise \u00e0 permettre aux futurs parents ou aux familles monoparentales de prendre en charge les frais li\u00e9s \u00e0 la naissance ou \u00e0 l\u2019adoption d\u2019un enfant. Cette aide fait partie d\u2019un ensemble d\u2019aides \u00e0 la famille\u00a0et appartient au dispositif d\u2019aides PAJE (Prestation d\u2019Accueil du Jeune Enfant)\u00a0de la CAF.<\/p>\n<p class=\"amp-wp-7d27179 amp-wp-7d27179\" style=\"text-align: justify;\" data-amp-original-style=\"text-align: justify;\">Cette prime \u00e0 l\u2019 adoption ou \u00e0 la naissance est vers\u00e9e par la CAF pour faire face aux frais li\u00e9es \u00e0 \u00a0l\u2019arriv\u00e9e de votre enfant dans le foyer. Cette allocation est attribu\u00e9e jusqu\u2019aux 3 ans de l\u2019enfant et perdure jusqu\u2019\u00e0 l\u2019\u00e2ge de 20 ans dans le cas d\u2019une adoption.<\/p>\n<p class=\"amp-wp-7d27179 amp-wp-7d27179\" style=\"text-align: justify;\" data-amp-original-style=\"text-align: justify;\">Son montant est de 1 084,44 \u20ac net pour une grossesse. En revanche, elle est de 2 168,88 \u20ac net pour une adoption.<\/p>\n<p class=\"amp-wp-7d27179 amp-wp-7d27179\" style=\"text-align: justify;\" data-amp-original-style=\"text-align: justify;\">Si vous avez une grossesse multiple ou si vous adoptez plusieurs enfants, la prime est multipli\u00e9e en fonction du nombre d\u2019enfants.\u00a0Le versement intervient au cours du 7\u00e8me mois de grossesse.\u00a0Dans le cas d\u2019une adoption, la prime est vers\u00e9e dans le mois qui suit l\u2019arriv\u00e9e de l\u2019enfant dans votre foyer.<\/p>\n<h4 class=\"amp-wp-7d27179\" style=\"text-align: justify;\" data-amp-original-style=\"text-align: justify;\"><span id=\"La_PreParE\">La PreParE<\/span><\/h4>\n<p class=\"amp-wp-7d27179 amp-wp-7d27179\" style=\"text-align: justify;\" data-amp-original-style=\"text-align: justify;\"><span class=\"amp-wp-fe3f5cc\" data-amp-original-style=\"font-weight: 400;\">La prestation partag\u00e9e <\/span><span class=\"___SText_90cy7_gg_\" data-ui-name=\"Tag.Text\">d\u2019\u00e9ducation de l\u2019enfant <\/span>(PreParE) est une aide sociale vers\u00e9e par la CAF.<\/p>\n<p class=\"amp-wp-7d27179 amp-wp-7d27179\" style=\"text-align: justify;\" data-amp-original-style=\"text-align: justify;\"><span class=\"amp-wp-fe3f5cc\" data-amp-original-style=\"font-weight: 400;\">De mani\u00e8re concr\u00e8te, la PreParE vous aide \u00e0 prendre du temps pour profiter le plus possible de votre jeune enfant. La prestation partag\u00e9e d\u2019\u00e9ducation de l\u2019enfant (PreParE) est une aide financi\u00e8re qui vous permet, que vous soyez parent isol\u00e9 ou en couple, de cesser ou de r\u00e9duire votre activit\u00e9 professionnelle.\u00a0 Le but \u00e9tant de pouvoir passer du temps avec votre ou vos enfants \u00e2g\u00e9s de moins de 3 ans.<\/span><\/p>\n<p class=\"amp-wp-7d27179 amp-wp-7d27179\" style=\"text-align: justify;\" data-amp-original-style=\"text-align: justify;\"><span class=\"amp-wp-fe3f5cc\" data-amp-original-style=\"font-weight: 400;\">Cette aide fait partie de la Prestation d\u2019Accueil du Jeune Enfant (PAJE), qui elle-m\u00eame est un dispositif d\u2019aide de la Caisse d\u2019Allocations Familiales et de la Mutualit\u00e9 Sociale Agricole (MSA).<\/span><\/p>\n<p class=\"amp-wp-7d27179 amp-wp-7d27179\" style=\"text-align: justify;\" data-amp-original-style=\"text-align: justify;\"><span class=\"amp-wp-fe3f5cc\" data-amp-original-style=\"font-weight: 400;\">Il existe deux formes de PreParE :<\/span><\/p>\n<ul class=\"amp-wp-7d27179 amp-wp-7d27179\" style=\"text-align: justify;\" data-amp-original-style=\"text-align: justify;\">\n<li><span class=\"amp-wp-fe3f5cc\" data-amp-original-style=\"font-weight: 400;\">\u00a0 La PreParE simple<\/span><\/li>\n<li><span class=\"amp-wp-fe3f5cc\" data-amp-original-style=\"font-weight: 400;\">\u00a0 La PreParE major\u00e9e<\/span><\/li>\n<\/ul>\n<p class=\"amp-wp-7d27179 amp-wp-7d27179\" style=\"text-align: justify;\" data-amp-original-style=\"text-align: justify;\"><span class=\"amp-wp-fe3f5cc\" data-amp-original-style=\"font-weight: 400;\">La PreParE major\u00e9e donne droit \u00e0 un montant sup\u00e9rieur \u00e0 celui de la PreParE mais est vers\u00e9e moins longtemps que la PreParE (simple). Ce choix est disponible pour les m\u00e9nages ayant au moins trois enfants \u00e0 charge.<\/span><\/p>\n<p class=\"amp-wp-7d27179 amp-wp-7d27179\" style=\"text-align: justify;\" data-amp-original-style=\"text-align: justify;\"><span class=\"amp-wp-fe3f5cc\" data-amp-original-style=\"font-weight: 400;\">Si vous \u00eates salari\u00e9 du secteur priv\u00e9, pour pr\u00e9tendre \u00e0 la PreParE, vous devez prendre un cong\u00e9 parental, \u00e0 temps plein ou \u00e0 temps partiel. Vous pouvez vous renseignez sur :<\/span><\/p>\n<p class=\"amp-wp-7d27179 amp-wp-7d27179\" style=\"text-align: justify;\" data-amp-original-style=\"text-align: justify;\"><span class=\"amp-wp-fe3f5cc\" data-amp-original-style=\"font-weight: 400;\">Si vous exercez une activit\u00e9 non salari\u00e9e ( auto- entrepreneur par exemple), vous devez justifier de votre r\u00e9duction ou de l\u2019arr\u00eat de votre activit\u00e9 aupr\u00e8s de la CAF ou de la MSA si vous exercez dans le milieu agricole.<\/span><\/p>\n<p class=\"amp-wp-7d27179 amp-wp-7d27179\" style=\"text-align: justify;\" data-amp-original-style=\"text-align: justify;\"><span class=\"amp-wp-fe3f5cc\" data-amp-original-style=\"font-weight: 400;\">Enfin, si vous faites partie de la fonction publique, vous pouvez prendre un cong\u00e9 parental, un cong\u00e9 de pr\u00e9sence parental ou encore un temps partiel de droit.<\/span><\/p>\n<p class=\"amp-wp-7d27179 amp-wp-7d27179\" style=\"text-align: justify;\" data-amp-original-style=\"text-align: justify;\"><span class=\"amp-wp-fe3f5cc\" data-amp-original-style=\"font-weight: 400;\">Que vous demandiez la PreParE ou la PreParE major\u00e9e, que vous d\u00e9pendez de la CAF ou de la MSA, vous devez remplir un formulaire de demande et fournir certaines pi\u00e8ces justificatives. Pas de panique, Mes Allocs vous d\u00e9barrasse de tous ces tracas administratifs !<\/span><\/p>\n<p data-amp-original-style=\"text-align: justify;\"><iframe loading=\"lazy\" src=\"\/\/www.youtube.com\/embed\/seHoivZowu8?si=YHrNGKDEHBvmprDn\" width=\"560\" height=\"314\" allowfullscreen=\"allowfullscreen\"><\/iframe><\/p>\n<p data-amp-original-style=\"text-align: justify;\"><span style=\"font-weight: 400;\"><div class='cta-block'><div class='text'>Simulez toutes vos aides en 2 min. Gratuit.<\/div><a href='' class='app-button fit'>Simulation gratuite<\/a><\/div><\/span><\/p>\n<h1 style=\"text-align: justify;\" data-amp-original-style=\"text-align: justify;\">Quelle aide pour une micro-cr\u00e8che ?<\/h1>\n<p style=\"text-align: justify;\">Au-del\u00e0 de ces aides li\u00e9es \u00e0 la naissance et \u00e0 l&rsquo;\u00e9ducation, les frais li\u00e9es \u00e0 la garde d&rsquo;un enfants peuvent \u00eatre assez cons\u00e9quent. De fait, la CAF peut vous accorder une aide pour faire garder votre enfant. Il s&rsquo;agit du compl\u00e9ment du mode de garde.<\/p>\n<h2 style=\"text-align: justify;\">Le CMG<\/h2>\n<p dir=\"ltr\" style=\"text-align: justify;\">Les micro-cr\u00e8ches ne b\u00e9n\u00e9ficient pas du financement de la CAF. Dans ce cas, ce sont les familles<img loading=\"lazy\" decoding=\"async\" class=\"alignright wp-image-37070\" title=\"creche\" src=\"https:\/\/www.mes-allocs.fr\/guides\/wp-content\/uploads\/2021\/09\/creche-3.jpg\" alt=\"aide paje micro cr\u00e8che\" width=\"362\" height=\"241\" srcset=\"https:\/\/www.mes-allocs.fr\/guides\/wp-content\/uploads\/2021\/09\/creche-3.jpg 1125w, https:\/\/www.mes-allocs.fr\/guides\/wp-content\/uploads\/2021\/09\/creche-3-300x200.jpg 300w, https:\/\/www.mes-allocs.fr\/guides\/wp-content\/uploads\/2021\/09\/creche-3-1024x683.jpg 1024w, https:\/\/www.mes-allocs.fr\/guides\/wp-content\/uploads\/2021\/09\/creche-3-768x512.jpg 768w, https:\/\/www.mes-allocs.fr\/guides\/wp-content\/uploads\/2021\/09\/creche-3-600x400.jpg 600w\" sizes=\"auto, (max-width: 362px) 100vw, 362px\" \/> qui peuvent b\u00e9n\u00e9ficier d\u2019une allocation appel\u00e9e le CMG (Compl\u00e9ment de libre choix du Mode de Garde). Elle permet de compenser le co\u00fbt de la micro-cr\u00e8che en versant jusqu\u2019\u00e0 85% des frais support\u00e9s par les familles. Le montant de l\u2019aide d\u00e9pend des ressources de la famille, du nombre d\u2019enfants \u00e0 charge et du co\u00fbt de la place elle-m\u00eame.<\/p>\n<h2 dir=\"ltr\"><\/h2>\n<h2 dir=\"ltr\" style=\"text-align: justify;\">Les conditions pour b\u00e9n\u00e9ficier du compl\u00e9ment de libre choix du mode de garde<\/h2>\n<p style=\"text-align: justify;\">Pour b\u00e9n\u00e9ficier de cette aide, il faut remplir certaines conditions:<\/p>\n<ul dir=\"ltr\" style=\"text-align: justify;\">\n<li>Le jeune enfant doit \u00eatre accueilli en micro-cr\u00e8che au moins 16h par mois<\/li>\n<li>La tarification de la micro-cr\u00e8che ne doit pas d\u00e9passer 10 \u20ac\/heure<\/li>\n<\/ul>\n<p><span style=\"font-weight: 400;\"><div class='cta-block'><div class='text'>Simulez toutes vos aides en 2 min. Gratuit.<\/div><a href='' class='app-button fit'>Simulation gratuite<\/a><\/div><\/span><\/p>\n<h2 style=\"text-align: justify;\">Montant de l&rsquo;aide<\/h2>\n<p dir=\"ltr\" style=\"text-align: justify;\">Le Compl\u00e9ment de libre choix de Mode de Garde (CMG) prend en charge au maximum 85 % des frais avanc\u00e9s par la famille. En effet, au moins 15 % du co\u00fbt de la place en cr\u00e8che restera \u00e0 la charge de la famille.<\/p>\n<p dir=\"ltr\" style=\"text-align: justify;\">Le montant de l\u2019aide vers\u00e9e par la CAF d\u00e9pend des ressources des parents (revenus, salaire\u2026) \u00e0 N-2. Il est aussi calcul\u00e9 en fonction des revenus.<\/p>\n<p dir=\"ltr\">\n<div class=\"wpdt-c row wpDataTableContainerSimpleTable wpDataTables wpDataTablesWrapper\n\"\n    >\n    <table id=\"wpdtSimpleTable-677\"\n           class=\"wpdtSimpleTable wpDataTable\"\n           data-column=\"4\"\n           data-rows=\"8\"\n           data-wpID=\"677\"\n           data-responsive=\"0\"\n           data-has-header=\"0\">\n\n                    <tbody>        <tr class=\"wpdt-cell-row \" >\n                            <td class=\"wpdt-cell wpdt-bc-F3F9FE wpdt-bold wpdt-merged-cell \"\n                 colspan=\"1\"  rowspan=\"2\"                 data-cell-id=\"A1\"\n                data-col-index=\"0\"\n                data-row-index=\"0\"\n                style=\" width:25.44%;                padding:10px;\"\n                >\n                                \u00c2ge de l'enfant                <\/td>\n                                            <td class=\"wpdt-cell wpdt-bc-F3F9FE wpdt-bold wpdt-merged-cell \"\n                 colspan=\"3\"  rowspan=\"1\"                 data-cell-id=\"B1\"\n                data-col-index=\"1\"\n                data-row-index=\"0\"\n                style=\" width:72.96%;                padding:10px;\"\n                >\n                                Cr\u00e8che familiale ou structure qui emploie un assistant maternel                <\/td>\n                                                                <\/tr>\n                            <tr class=\"wpdt-cell-row \" >\n                                        <td class=\"wpdt-cell wpdt-bc-FFFFFF wpdt-bold wpdt-wrap-text\"\n                                    data-cell-id=\"B2\"\n                data-col-index=\"1\"\n                data-row-index=\"1\"\n                style=\"                padding:10px;\"\n                >\n                                Tranche 1                <\/td>\n                                            <td class=\"wpdt-cell wpdt-bc-FFFFFF wpdt-bold\"\n                                    data-cell-id=\"C2\"\n                data-col-index=\"2\"\n                data-row-index=\"1\"\n                style=\"                padding:10px;\"\n                >\n                                Tranche 2                <\/td>\n                                            <td class=\"wpdt-cell wpdt-bc-FFFFFF wpdt-bold\"\n                                    data-cell-id=\"D2\"\n                data-col-index=\"3\"\n                data-row-index=\"1\"\n                style=\"                padding:10px;\"\n                >\n                                Tranche 3                <\/td>\n                                        <\/tr>\n                            <tr class=\"wpdt-cell-row \" >\n                            <td class=\"wpdt-cell \"\n                                    data-cell-id=\"A3\"\n                data-col-index=\"0\"\n                data-row-index=\"2\"\n                style=\"                padding:10px;\"\n                >\n                                Moins de 3 ans                <\/td>\n                                            <td class=\"wpdt-cell \"\n                                    data-cell-id=\"B3\"\n                data-col-index=\"1\"\n                data-row-index=\"2\"\n                style=\"                padding:10px;\"\n                >\n                                814,53 \u20ac                <\/td>\n                                            <td class=\"wpdt-cell \"\n                                    data-cell-id=\"C3\"\n                data-col-index=\"2\"\n                data-row-index=\"2\"\n                style=\"                padding:10px;\"\n                >\n                                678,78 \u20ac                <\/td>\n                                            <td class=\"wpdt-cell \"\n                                    data-cell-id=\"D3\"\n                data-col-index=\"3\"\n                data-row-index=\"2\"\n                style=\"                padding:10px;\"\n                >\n                                543,04 \u20ac                <\/td>\n                                        <\/tr>\n                            <tr class=\"wpdt-cell-row \" >\n                            <td class=\"wpdt-cell \"\n                                    data-cell-id=\"A4\"\n                data-col-index=\"0\"\n                data-row-index=\"3\"\n                style=\"                padding:10px;\"\n                >\n                                Entre 3 et 6 ans                <\/td>\n                                            <td class=\"wpdt-cell \"\n                                    data-cell-id=\"B4\"\n                data-col-index=\"1\"\n                data-row-index=\"3\"\n                style=\"                padding:10px;\"\n                >\n                                407,27 \u20ac                <\/td>\n                                            <td class=\"wpdt-cell \"\n                                    data-cell-id=\"C4\"\n                data-col-index=\"2\"\n                data-row-index=\"3\"\n                style=\"                padding:10px;\"\n                >\n                                339,40 \u20ac                <\/td>\n                                            <td class=\"wpdt-cell wpdt-bc-FFFFFF wpdt-tc-000000\"\n                                    data-cell-id=\"D4\"\n                data-col-index=\"3\"\n                data-row-index=\"3\"\n                style=\"                padding:10px;\"\n                >\n                                271,52 \u20ac                <\/td>\n                                        <\/tr>\n                            <tr class=\"wpdt-cell-row \" >\n                            <td class=\"wpdt-cell wpdt-bc-F3F9FE wpdt-bold wpdt-merged-cell \"\n                 colspan=\"1\"  rowspan=\"2\"                 data-cell-id=\"A5\"\n                data-col-index=\"0\"\n                data-row-index=\"4\"\n                style=\"                padding:10px;\"\n                >\n                                \u00c2ge de l'enfant                <\/td>\n                                            <td class=\"wpdt-cell wpdt-bc-F3F9FE wpdt-bold wpdt-wrap-text wpdt-merged-cell \"\n                 colspan=\"3\"  rowspan=\"1\"                 data-cell-id=\"B5\"\n                data-col-index=\"1\"\n                data-row-index=\"4\"\n                style=\"                padding:10px;\"\n                >\n                                Micro-cr\u00e8che ou structure qui emploie une personne \u00e0 domicile                <\/td>\n                                                                <\/tr>\n                            <tr class=\"wpdt-cell-row \" >\n                                        <td class=\"wpdt-cell wpdt-bc-FFFFFF wpdt-bold wpdt-wrap-text\"\n                                    data-cell-id=\"B6\"\n                data-col-index=\"1\"\n                data-row-index=\"5\"\n                style=\"                padding:10px;\"\n                >\n                                Tranche 1                <\/td>\n                                            <td class=\"wpdt-cell wpdt-bc-FFFFFF wpdt-bold\"\n                                    data-cell-id=\"C6\"\n                data-col-index=\"2\"\n                data-row-index=\"5\"\n                style=\"                padding:10px;\"\n                >\n                                Tranche 2                <\/td>\n                                            <td class=\"wpdt-cell wpdt-bc-FFFFFF wpdt-bold\"\n                                    data-cell-id=\"D6\"\n                data-col-index=\"3\"\n                data-row-index=\"5\"\n                style=\"                padding:10px;\"\n                >\n                                Tranche 3                <\/td>\n                                        <\/tr>\n                            <tr class=\"wpdt-cell-row \" >\n                            <td class=\"wpdt-cell \"\n                                    data-cell-id=\"A7\"\n                data-col-index=\"0\"\n                data-row-index=\"6\"\n                style=\"                padding:10px;\"\n                >\n                                Moins de 3 ans                <\/td>\n                                            <td class=\"wpdt-cell \"\n                                    data-cell-id=\"B7\"\n                data-col-index=\"1\"\n                data-row-index=\"6\"\n                style=\"                padding:10px;\"\n                >\n                                984,26 \u20ac                <\/td>\n                                            <td class=\"wpdt-cell \"\n                                    data-cell-id=\"C7\"\n                data-col-index=\"2\"\n                data-row-index=\"6\"\n                style=\"                padding:10px;\"\n                >\n                                848,47 \u20ac                <\/td>\n                                            <td class=\"wpdt-cell \"\n                                    data-cell-id=\"D7\"\n                data-col-index=\"3\"\n                data-row-index=\"6\"\n                style=\"                padding:10px;\"\n                >\n                                712,72 \u20ac                <\/td>\n                                        <\/tr>\n                            <tr class=\"wpdt-cell-row \" >\n                            <td class=\"wpdt-cell \"\n                                    data-cell-id=\"A8\"\n                data-col-index=\"0\"\n                data-row-index=\"7\"\n                style=\"                padding:10px;\"\n                >\n                                Entre 3 et 6 ans                <\/td>\n                                            <td class=\"wpdt-cell \"\n                                    data-cell-id=\"B8\"\n                data-col-index=\"1\"\n                data-row-index=\"7\"\n                style=\"                padding:10px;\"\n                >\n                                492,13 \u20ac                <\/td>\n                                            <td class=\"wpdt-cell \"\n                                    data-cell-id=\"C8\"\n                data-col-index=\"2\"\n                data-row-index=\"7\"\n                style=\"                padding:10px;\"\n                >\n                                424,24 \u20ac                <\/td>\n                                            <td class=\"wpdt-cell \"\n                                    data-cell-id=\"D8\"\n                data-col-index=\"3\"\n                data-row-index=\"7\"\n                style=\"                padding:10px;\"\n                >\n                                356,36 \u20ac                <\/td>\n                                        <\/tr>\n                    <\/table>\n<\/div><style id='wpdt-custom-style-677'>\ntable#wpdtSimpleTable-677{ table-layout: fixed !important; }\n.wpdt-bc-F3F9FE { background-color: #F3F9FE !important;}\n.wpdt-bc-FFFFFF { background-color: #FFFFFF !important;}\n.wpdt-tc-000000 { color: #000000 !important;}\n<\/style>\n<\/p>\n","protected":false},"excerpt":{"rendered":"<p>[Mis \u00e0 jour le 21\/01\/2026] La PAJE est un ensemble d&rsquo;allocations familiales de la CAF. Elles permettent aux parents de b\u00e9n\u00e9ficier d&rsquo;aides financi\u00e8res. Dans la lign\u00e9e de ces aides, nous allons voir s&rsquo;il existe une aide pour les micro-cr\u00e8ches. La Prestation d\u2019Accueil du Jeune Enfant\u00a0 Point de rappel La prestation d\u2019accueil du jeune enfant (PAJE) [&hellip;]<\/p>\n","protected":false},"author":6,"featured_media":37043,"comment_status":"open","ping_status":"open","sticky":false,"template":"","format":"standard","meta":{"amp_status":"","footnotes":""},"categories":[10,11],"tags":[],"class_list":["post-37034","post","type-post","status-publish","format-standard","has-post-thumbnail","hentry","category-allocations-familiales","category-paje"],"yoast_head":"<!-- This site is optimized with the Yoast SEO plugin v14.9 - https:\/\/yoast.com\/wordpress\/plugins\/seo\/ -->\n<title>L&#039;aide de la PAJE en micro-cr\u00e8che : comment en b\u00e9n\u00e9ficier en 2026 ?<\/title>\n<meta name=\"description\" content=\"Pour une place dans une micro-cr\u00e8che, il existe une aide de la PAJE. Notre \u00e9quipe vous en dit plus sur cette aide en 2026.\" \/>\n<meta name=\"robots\" content=\"index, follow, max-snippet:-1, max-image-preview:large, max-video-preview:-1\" \/>\n<link rel=\"canonical\" href=\"https:\/\/www.mes-allocs.fr\/guides\/allocations-familiales\/paje\/paje-micro-creche\/\" \/>\n<meta property=\"og:locale\" content=\"fr_FR\" \/>\n<meta property=\"og:type\" content=\"article\" \/>\n<meta property=\"og:title\" content=\"L&#039;aide de la PAJE en micro-cr\u00e8che : comment en b\u00e9n\u00e9ficier en 2026 ?\" \/>\n<meta property=\"og:description\" content=\"Pour une place dans une micro-cr\u00e8che, il existe une aide de la PAJE. Notre \u00e9quipe vous en dit plus sur cette aide en 2026.\" \/>\n<meta property=\"og:url\" content=\"https:\/\/www.mes-allocs.fr\/guides\/allocations-familiales\/paje\/paje-micro-creche\/\" \/>\n<meta property=\"og:site_name\" content=\"Mes-Allocs.fr\" \/>\n<meta property=\"article:published_time\" content=\"2021-09-24T06:13:16+00:00\" \/>\n<meta property=\"article:modified_time\" content=\"2026-01-22T15:51:19+00:00\" \/>\n<meta property=\"og:image\" content=\"https:\/\/www.mes-allocs.fr\/guides\/wp-content\/uploads\/2021\/09\/creche-2-e1686148175768.jpg?wsr\" \/>\n\t<meta property=\"og:image:width\" content=\"1125\" \/>\n\t<meta property=\"og:image:height\" content=\"275\" \/>\n<meta name=\"twitter:card\" content=\"summary_large_image\" \/>\n<script type=\"application\/ld+json\" class=\"yoast-schema-graph\">{\"@context\":\"https:\/\/schema.org\",\"@graph\":[{\"@type\":\"WebSite\",\"@id\":\"https:\/\/www.mes-allocs.fr\/guides\/#website\",\"url\":\"https:\/\/www.mes-allocs.fr\/guides\/\",\"name\":\"Mes-Allocs.fr\",\"description\":\"\",\"potentialAction\":[{\"@type\":\"SearchAction\",\"target\":\"https:\/\/www.mes-allocs.fr\/guides\/?s={search_term_string}\",\"query-input\":\"required name=search_term_string\"}],\"inLanguage\":\"fr-FR\"},{\"@type\":\"ImageObject\",\"@id\":\"https:\/\/www.mes-allocs.fr\/guides\/allocations-familiales\/paje\/paje-micro-creche\/#primaryimage\",\"inLanguage\":\"fr-FR\",\"url\":\"https:\/\/www.mes-allocs.fr\/guides\/wp-content\/uploads\/2021\/09\/creche-2-e1686148175768.jpg?wsr\",\"width\":1125,\"height\":275,\"caption\":\"creche\"},{\"@type\":\"WebPage\",\"@id\":\"https:\/\/www.mes-allocs.fr\/guides\/allocations-familiales\/paje\/paje-micro-creche\/#webpage\",\"url\":\"https:\/\/www.mes-allocs.fr\/guides\/allocations-familiales\/paje\/paje-micro-creche\/\",\"name\":\"L'aide de la PAJE en micro-cr\\u00e8che : comment en b\\u00e9n\\u00e9ficier en 2026 ?\",\"isPartOf\":{\"@id\":\"https:\/\/www.mes-allocs.fr\/guides\/#website\"},\"primaryImageOfPage\":{\"@id\":\"https:\/\/www.mes-allocs.fr\/guides\/allocations-familiales\/paje\/paje-micro-creche\/#primaryimage\"},\"datePublished\":\"2021-09-24T06:13:16+00:00\",\"dateModified\":\"2026-01-22T15:51:19+00:00\",\"author\":{\"@id\":\"https:\/\/www.mes-allocs.fr\/guides\/#\/schema\/person\/0ecd61a8600573914d00d970a588c024\"},\"description\":\"Pour une place dans une micro-cr\\u00e8che, il existe une aide de la PAJE. Notre \\u00e9quipe vous en dit plus sur cette aide en 2026.\",\"inLanguage\":\"fr-FR\"},{\"@type\":\"Person\",\"@id\":\"https:\/\/www.mes-allocs.fr\/guides\/#\/schema\/person\/0ecd61a8600573914d00d970a588c024\",\"name\":\"Jonathan\",\"image\":{\"@type\":\"ImageObject\",\"@id\":\"https:\/\/www.mes-allocs.fr\/guides\/#personlogo\",\"inLanguage\":\"fr-FR\",\"url\":\"https:\/\/www.mes-allocs.fr\/guides\/wp-content\/uploads\/2021\/06\/jonathan-150x150.png\",\"caption\":\"Jonathan\"},\"description\":\"Jonathan est r\\u00e9dacteur au sein de l'\\u00e9quipe Mes Allocs, sp\\u00e9cialis\\u00e9 sur les sujets li\\u00e9s au handicap. Dipl\\u00f4m\\u00e9e de l'UPEM, il rejoint Mes Allocs apr\\u00e8s avoir travaill\\u00e9 \\u00e0 l'association AEDE qui accompagne les adultes en situation de handicap. Quand il n'\\u00e9crit pas, on peut le retrouver sur un terrain de basket.\",\"sameAs\":[\"https:\/\/www.linkedin.com\/in\/jonathan-bambela-8637861b7\"]}]}<\/script>\n<!-- \/ Yoast SEO plugin. -->","amp_validity":null,"acf":{"faq":{"1":{"question":"Quand s'arr\u00eate le paiement de la PAJE ?","answer":"Tant que la famille remplit les conditions de ressources, le versement continue tous les mois jusqu'\u00e0 celui pr\u00e9c\u00e9dant le 3e anniversaire."},"2":{"question":"Comment demander la PAJE ?","answer":"Vous devez remplir un formulaire et fournir certaines pi\u00e8ces justificatives \u00e0 la Caisse d\u2019Allocations Familiales (CAF) ou \u00e0 la Mutualit\u00e9 Sociale Agricole (MSA). Vous pouvez aussi demander \u00e0 Mes Allocs de faire toutes les d\u00e9marches administratives \u00e0 votre place."},"3":{"question":"Qu'est-ce que le CMG de la Paje ?","answer":"Le Compl\u00e9ment de libre choix du mode de garde (CMG) est une aide financi\u00e8re, vers\u00e9e par la CAF ou la MSA, qui prend en charge une partie de la r\u00e9mun\u00e9ration d'une assistante maternelle agr\u00e9\u00e9e ou d'une garde \u00e0 domicile."},"4":{"question":"Peut-on directement calculer la PAJE ? ","answer":"Il n'y a pas de formule math\u00e9matique pour calculer cette aide. le montant est d\u00e9fini par d\u00e9cret."},"5":{"question":"Comment demander le Compl\u00e9ment de libre choix du Mode de Garde (CMG) ?","answer":"Vous devez remplir un formulaire et fournir certaines pi\u00e8ces justificatives \u00e0 la Caisse d\u2019Allocations Familiales (CAF) ou \u00e0 la Mutualit\u00e9 Sociale Agricole (MSA). Vous pouvez aussi demander \u00e0 Mes Allocs de faire toutes les d\u00e9marches administratives \u00e0 votre place."},"6":{"question":"Quelles sont les conditions li\u00e9es \u00e0 la PAJE ?","answer":"Pour pr\u00e9tendre \u00e0 l\u2019allocation de base de la PAJE, vous devez avoir \u00e0 votre charge un enfant de moins de 3 ans, et vos ressources ne doivent pas d\u00e9passer un certain plafond."},"7":{"question":"","answer":""},"8":{"question":"","answer":""},"9":{"question":"","answer":""},"10":{"question":"","answer":""},"11":{"question":"","answer":""},"12":{"question":"","answer":""},"13":{"question":"","answer":""},"14":{"question":"","answer":""},"15":{"question":"","answer":""},"16":{"question":"","answer":""}}},"_links":{"self":[{"href":"https:\/\/www.mes-allocs.fr\/guides\/wp-json\/wp\/v2\/posts\/37034","targetHints":{"allow":["GET"]}}],"collection":[{"href":"https:\/\/www.mes-allocs.fr\/guides\/wp-json\/wp\/v2\/posts"}],"about":[{"href":"https:\/\/www.mes-allocs.fr\/guides\/wp-json\/wp\/v2\/types\/post"}],"author":[{"embeddable":true,"href":"https:\/\/www.mes-allocs.fr\/guides\/wp-json\/wp\/v2\/users\/6"}],"replies":[{"embeddable":true,"href":"https:\/\/www.mes-allocs.fr\/guides\/wp-json\/wp\/v2\/comments?post=37034"}],"version-history":[{"count":23,"href":"https:\/\/www.mes-allocs.fr\/guides\/wp-json\/wp\/v2\/posts\/37034\/revisions"}],"predecessor-version":[{"id":108234,"href":"https:\/\/www.mes-allocs.fr\/guides\/wp-json\/wp\/v2\/posts\/37034\/revisions\/108234"}],"wp:featuredmedia":[{"embeddable":true,"href":"https:\/\/www.mes-allocs.fr\/guides\/wp-json\/wp\/v2\/media\/37043"}],"wp:attachment":[{"href":"https:\/\/www.mes-allocs.fr\/guides\/wp-json\/wp\/v2\/media?parent=37034"}],"wp:term":[{"taxonomy":"category","embeddable":true,"href":"https:\/\/www.mes-allocs.fr\/guides\/wp-json\/wp\/v2\/categories?post=37034"},{"taxonomy":"post_tag","embeddable":true,"href":"https:\/\/www.mes-allocs.fr\/guides\/wp-json\/wp\/v2\/tags?post=37034"}],"curies":[{"name":"wp","href":"https:\/\/api.w.org\/{rel}","templated":true}]}}