{"id":36905,"date":"2021-09-17T17:02:36","date_gmt":"2021-09-17T15:02:36","guid":{"rendered":"https:\/\/www.mes-allocs.fr\/guides\/?p=36905"},"modified":"2025-04-28T15:46:07","modified_gmt":"2025-04-28T13:46:07","slug":"aide-mere-celibataire","status":"publish","type":"post","link":"https:\/\/www.mes-allocs.fr\/guides\/aide-par-situation\/aide-mere-celibataire\/","title":{"rendered":"Aide m\u00e8re c\u00e9libataire : Pouvez-vous en b\u00e9n\u00e9ficier ?"},"content":{"rendered":"<p><img loading=\"lazy\" decoding=\"async\" class=\"aligncenter wp-image-36913 size-full\" title=\"Aide me\u0300re ce\u0301libataire\" src=\"https:\/\/www.mes-allocs.fr\/guides\/wp-content\/uploads\/2021\/09\/Aide-me\u0300re-ce\u0301libataire--e1630998688684.jpg\" alt=\"Aide me\u0300re ce\u0301libataire\" width=\"1280\" height=\"416\" srcset=\"https:\/\/www.mes-allocs.fr\/guides\/wp-content\/uploads\/2021\/09\/Aide-me\u0300re-ce\u0301libataire--e1630998688684.jpg 1280w, https:\/\/www.mes-allocs.fr\/guides\/wp-content\/uploads\/2021\/09\/Aide-me\u0300re-ce\u0301libataire--e1630998688684-300x98.jpg 300w, https:\/\/www.mes-allocs.fr\/guides\/wp-content\/uploads\/2021\/09\/Aide-me\u0300re-ce\u0301libataire--e1630998688684-1024x333.jpg 1024w, https:\/\/www.mes-allocs.fr\/guides\/wp-content\/uploads\/2021\/09\/Aide-me\u0300re-ce\u0301libataire--e1630998688684-768x250.jpg 768w, https:\/\/www.mes-allocs.fr\/guides\/wp-content\/uploads\/2021\/09\/Aide-me\u0300re-ce\u0301libataire--e1630998688684-600x195.jpg 600w\" sizes=\"auto, (max-width: 1280px) 100vw, 1280px\" \/><\/p>\n<p>En France plusieurs dispositifs ont \u00e9t\u00e9 pr\u00e9vu afin de venir en aide aux parents isol\u00e9s. Il s&rsquo;agit d&rsquo;une <a href=\"https:\/\/www.mes-allocs.fr\/guides\/aides-par-situation\/\">aide par situation<\/a>. Que vous soyez m\u00e8re ou bien p\u00e8re isol\u00e9, vous pouvez \u00eatre aid\u00e9 pour \u00e9duquer votre enfant dans les meilleures conditions. Mes Allocs vous explique tout en d\u00e9tail sur l&rsquo;aide m\u00e8re c\u00e9libataire.<\/p>\n<hr \/>\n<h1>L&rsquo;allocation de soutien familial (ASF)<\/h1>\n<p><img loading=\"lazy\" decoding=\"async\" class=\"alignright wp-image-36914 size-medium\" title=\"Lallocation de soutien familial ASF\" src=\"https:\/\/www.mes-allocs.fr\/guides\/wp-content\/uploads\/2021\/09\/Lallocation-de-soutien-familial-ASF-300x199.jpg\" alt=\"Lallocation de soutien familial ASF\" width=\"300\" height=\"199\" srcset=\"https:\/\/www.mes-allocs.fr\/guides\/wp-content\/uploads\/2021\/09\/Lallocation-de-soutien-familial-ASF-300x199.jpg 300w, https:\/\/www.mes-allocs.fr\/guides\/wp-content\/uploads\/2021\/09\/Lallocation-de-soutien-familial-ASF-1024x678.jpg 1024w, https:\/\/www.mes-allocs.fr\/guides\/wp-content\/uploads\/2021\/09\/Lallocation-de-soutien-familial-ASF-768x509.jpg 768w, https:\/\/www.mes-allocs.fr\/guides\/wp-content\/uploads\/2021\/09\/Lallocation-de-soutien-familial-ASF-600x398.jpg 600w, https:\/\/www.mes-allocs.fr\/guides\/wp-content\/uploads\/2021\/09\/Lallocation-de-soutien-familial-ASF.jpg 1280w\" sizes=\"auto, (max-width: 300px) 100vw, 300px\" \/><\/p>\n<p>L&rsquo;allocation de soutien familial (ASF) est une aide financi\u00e8re vers\u00e9e par la caisse d&rsquo; allocations familiales (CAF) ou la Mutualit\u00e9 sociale agricole (MSA) \u00e0 la personne qui \u00e9l\u00e8ve seule son enfant \u00e0 charge priv\u00e9 de l&rsquo;aide de l&rsquo;un de ses parents (famille monoparentale), sous conditions de ressources.<\/p>\n<p>Cette allocation de soutien familial vous sera vers\u00e9e par la CAF au premier mois de votre vie de m\u00e8re isol\u00e9e\/ p\u00e8re isol\u00e9. Et vous pourrez ainsi en b\u00e9n\u00e9ficier jusqu&rsquo;au 20 ans de votre enfant. Le montant que vous percevrez est de 199,19 \u20ac.<\/p>\n<p>En revanche, s&rsquo;il y a d\u00e9faut de paiement de la pension alimentaire\u00a0l\u2019ASF est vers\u00e9e \u00e0 titre d\u2019avance. La CAF ou la MSA entament alors une proc\u00e9dure en votre nom pour r\u00e9cup\u00e9rer les pensions impay\u00e9es aupr\u00e8s de l\u2019autre parent.<\/p>\n<p><span data-token-index=\"0\" data-reactroot=\"\"><div class='cta-block'><div class='text'>Simulez toutes vos aides sociales en 2 min. Gratuit.<\/div><a href='https:\/\/www.mes-allocs.fr\/ab-app?origin=guides\/wp-json\/wp\/v2\/posts\/36905' class='app-button fit'>Simulation gratuite<\/a><\/div><\/span><\/p>\n<h2>Conditions \u00e0 respecter pour en b\u00e9n\u00e9ficier<\/h2>\n<ul>\n<li>Vivre seul(e)<\/li>\n<li>R\u00e9sider en France<\/li>\n<li>Avoir au moins 1\u00a0enfant \u00e0 charge\u00a0pour lequel l&rsquo;autre parent ne participe plus \u00e0 l&rsquo;entretien\u00a0<strong>depuis au moins 1 mois<\/strong><\/li>\n<\/ul>\n<h2>Comment en faire la demande ?<\/h2>\n<p>D\u00e8s la naissance de votre enfant, la demande d\u2019ASF est \u00e0 adresser \u00e0 la Caisse d\u2019allocations familiale (CAF) ou \u00e0 la Mutualit\u00e9 sociale agricole (MSA) selon votre caisse d\u2019affiliation.<\/p>\n<h1>Le revenu de solidarit\u00e9 active (RSA) parent isol\u00e9<\/h1>\n<p>Au m\u00eame titre que les personnes \u00e2g\u00e9es de plus de 25 ans avec ou sans emploi, les\u00a0jeunes actifs\u00a0ou encore les\u00a0jeunes parents, les parents isol\u00e9s peuvent pr\u00e9tendre au RSA sous certaines conditions.<\/p>\n<h2>Conditions \u00e0 respecter pour \u00eatre \u00e9ligible<\/h2>\n<p>Le RSA parent isol\u00e9 est accord\u00e9 aux personnes qui ne vivent pas en couple\u00a0et qui ont un ou plusieurs enfants \u00e0 charge.<br \/>\nIl concerne \u00e9galement les\u00a0femmes enceintes vivant seules.<\/p>\n<p><strong>Vous devez \u00e9galement respecter les conditions suivantes :\u00a0<\/strong><\/p>\n<ul>\n<li>Vivre de\u00a0 mani\u00e8re stable et effective en France<\/li>\n<li>Respecter les plafonds de ressources en vigueur<\/li>\n<li>Apporter des justificatifs si vous revenus sont inf\u00e9rieurs \u00e0 500 euros par mois<\/li>\n<li>Prouver que vous \u00eates en recherche active d&rsquo;un emploi stable<\/li>\n<\/ul>\n<h2>Le montant du RSA parent isol\u00e9<\/h2>\n\n<div class=\"wpdt-c row wpDataTableContainerSimpleTable wpDataTables wpDataTablesWrapper\n\"\n    >\n    <table id=\"wpdtSimpleTable-63\"\n           class=\"wpdtSimpleTable wpDataTable\"\n           data-column=\"3\"\n           data-rows=\"5\"\n           data-wpID=\"63\"\n           data-responsive=\"0\"\n           data-has-header=\"1\">\n\n                    <thead>        <tr class=\"wpdt-cell-row \" >\n                            <th class=\"wpdt-cell wpdt-bc-F3F9FE\"\n                                    data-cell-id=\"A1\"\n                data-col-index=\"0\"\n                data-row-index=\"0\"\n                style=\" width:35.78231292517%;                padding:10px;\"\n                >\n                                Nombre de personne\/ enfant \u00e0 charge                <\/th>\n                                            <th class=\"wpdt-cell wpdt-bc-F3F9FE\"\n                                    data-cell-id=\"B1\"\n                data-col-index=\"1\"\n                data-row-index=\"0\"\n                style=\" width:32.108843537415%;                padding:10px;\"\n                >\n                                Personne seule                <\/th>\n                                            <th class=\"wpdt-cell wpdt-bc-F3F9FE\"\n                                    data-cell-id=\"C1\"\n                data-col-index=\"2\"\n                data-row-index=\"0\"\n                style=\" width:32.108843537415%;                padding:10px;\"\n                >\n                                Parent isol\u00e9                <\/th>\n                                        <\/tr>\n                    <tbody>        <tr class=\"wpdt-cell-row \" >\n                            <td class=\"wpdt-cell \"\n                                    data-cell-id=\"A2\"\n                data-col-index=\"0\"\n                data-row-index=\"1\"\n                style=\"                padding:10px;\"\n                >\n                                0 (femme enceinte)                <\/td>\n                                            <td class=\"wpdt-cell \"\n                                    data-cell-id=\"B2\"\n                data-col-index=\"1\"\n                data-row-index=\"1\"\n                style=\"                padding:10px;\"\n                >\n                                -                <\/td>\n                                            <td class=\"wpdt-cell \"\n                                    data-cell-id=\"C2\"\n                data-col-index=\"2\"\n                data-row-index=\"1\"\n                style=\"                padding:10px;\"\n                >\n                                836,85 \u20ac                <\/td>\n                                        <\/tr>\n                            <tr class=\"wpdt-cell-row \" >\n                            <td class=\"wpdt-cell \"\n                                    data-cell-id=\"A3\"\n                data-col-index=\"0\"\n                data-row-index=\"2\"\n                style=\"                padding:10px;\"\n                >\n                                1                <\/td>\n                                            <td class=\"wpdt-cell \"\n                                    data-cell-id=\"B3\"\n                data-col-index=\"1\"\n                data-row-index=\"2\"\n                style=\"                padding:10px;\"\n                >\n                                977,54 \u20ac                <\/td>\n                                            <td class=\"wpdt-cell \"\n                                    data-cell-id=\"C3\"\n                data-col-index=\"2\"\n                data-row-index=\"2\"\n                style=\"                padding:10px;\"\n                >\n                                1 115,8 \u20ac                <\/td>\n                                        <\/tr>\n                            <tr class=\"wpdt-cell-row \" >\n                            <td class=\"wpdt-cell \"\n                                    data-cell-id=\"A4\"\n                data-col-index=\"0\"\n                data-row-index=\"3\"\n                style=\"                padding:10px;\"\n                >\n                                2                <\/td>\n                                            <td class=\"wpdt-cell \"\n                                    data-cell-id=\"B4\"\n                data-col-index=\"1\"\n                data-row-index=\"3\"\n                style=\"                padding:10px;\"\n                >\n                                1 163,74 \u20ac                <\/td>\n                                            <td class=\"wpdt-cell \"\n                                    data-cell-id=\"C4\"\n                data-col-index=\"2\"\n                data-row-index=\"3\"\n                style=\"                padding:10px;\"\n                >\n                                1 394,75 \u20ac                <\/td>\n                                        <\/tr>\n                            <tr class=\"wpdt-cell-row \" >\n                            <td class=\"wpdt-cell \"\n                                    data-cell-id=\"A5\"\n                data-col-index=\"0\"\n                data-row-index=\"4\"\n                style=\"                padding:10px;\"\n                >\n                                Par personne ou enfant suppl\u00e9mentaire\u00a0                <\/td>\n                                            <td class=\"wpdt-cell \"\n                                    data-cell-id=\"B5\"\n                data-col-index=\"1\"\n                data-row-index=\"4\"\n                style=\"                padding:10px;\"\n                >\n                                260,68 \u20ac                <\/td>\n                                            <td class=\"wpdt-cell \"\n                                    data-cell-id=\"C5\"\n                data-col-index=\"2\"\n                data-row-index=\"4\"\n                style=\"                padding:10px;\"\n                >\n                                278,95 \u20ac                <\/td>\n                                        <\/tr>\n                    <\/table>\n<\/div><style id='wpdt-custom-style-63'>\ntable#wpdtSimpleTable-63{ table-layout: fixed !important; }\n.wpdt-bc-F3F9FE { background-color: #F3F9FE !important;}\n<\/style>\n\n<p>Notez qu&rsquo;il est possible de b\u00e9n\u00e9ficier d&rsquo;une <strong>majoration du montant forfaitaire<\/strong>\u00a0d\u00e8s lors que survient un nouvel \u00e9v\u00e9nement : grossesse, naissance, prise en charge d\u2019un enfant, s\u00e9paration, veuvage, etc. Celle-ci est effective pendant 12 mois continus ou non, sur un maximum de 18 mois apr\u00e8s l\u2019\u00e9v\u00e9nement en question. Le parent d\u2019un jeune enfant de moins de 3 ans b\u00e9n\u00e9ficiera de cette majoration jusqu\u2019\u00e0 ses 3 ans.<\/p>\n<h1>La prestation d&rsquo;accueil du jeune enfant (PAJE)<\/h1>\n<p><img loading=\"lazy\" decoding=\"async\" class=\"alignright wp-image-36916 size-medium\" title=\"La prestation daccueil du jeune enfant PAJE\" src=\"https:\/\/www.mes-allocs.fr\/guides\/wp-content\/uploads\/2021\/09\/La-prestation-daccueil-du-jeune-enfant-PAJE-300x200.jpg\" alt=\"La prestation daccueil du jeune enfant PAJE\" width=\"300\" height=\"200\" srcset=\"https:\/\/www.mes-allocs.fr\/guides\/wp-content\/uploads\/2021\/09\/La-prestation-daccueil-du-jeune-enfant-PAJE-300x200.jpg 300w, https:\/\/www.mes-allocs.fr\/guides\/wp-content\/uploads\/2021\/09\/La-prestation-daccueil-du-jeune-enfant-PAJE-1024x682.jpg 1024w, https:\/\/www.mes-allocs.fr\/guides\/wp-content\/uploads\/2021\/09\/La-prestation-daccueil-du-jeune-enfant-PAJE-768x512.jpg 768w, https:\/\/www.mes-allocs.fr\/guides\/wp-content\/uploads\/2021\/09\/La-prestation-daccueil-du-jeune-enfant-PAJE-600x400.jpg 600w, https:\/\/www.mes-allocs.fr\/guides\/wp-content\/uploads\/2021\/09\/La-prestation-daccueil-du-jeune-enfant-PAJE.jpg 1280w\" sizes=\"auto, (max-width: 300px) 100vw, 300px\" \/><\/p>\n<p><span class=\"amp-wp-fe3f5cc\" data-amp-original-style=\"font-weight: 400;\">La prestation d\u2019accueil du jeune enfant (PAJE) est une prestation familiale destin\u00e9e \u00e0 aider une famille \u00e0 financer les d\u00e9penses li\u00e9es \u00e0 l\u2019entretien et \u00e0 l\u2019\u00e9ducation d\u00e8s la naissance de l\u2019enfant.\u00a0<\/span><\/p>\n<p><span class=\"amp-wp-fe3f5cc\" data-amp-original-style=\"font-weight: 400;\">Cette aide est destin\u00e9e aux parents d\u2019 enfants n\u00e9s ou adopt\u00e9s<\/span><\/p>\n<p><span class=\"amp-wp-fe3f5cc\" data-amp-original-style=\"font-weight: 400;\">Depuis le 1er janvier 2015, elle est vers\u00e9e le mois suivant la naissance ou l\u2019adoption.<\/span><\/p>\n<p><span class=\"amp-wp-fe3f5cc\" data-amp-original-style=\"font-weight: 400;\">Elle est vers\u00e9e une fois par mois par la Caisse d\u2019Allocations Familiales (CAF) ou la Mutualit\u00e9 Sociale Agricole (MSA) aux familles dont les revenus ne d\u00e9passent pas certains plafonds de ressources. Vous devez donc \u00eatre allocataire de l\u2019un de ces deux organismes pour en b\u00e9n\u00e9ficier.<\/span><\/p>\n<p>\u00c0 noter vous pouvez \u00e9galement vous renseigner sur le CMG, compl\u00e9ment de libre choix de mode de garde.<\/p>\n<h2>Conditions \u00e0 respecter<\/h2>\n<p><span class=\"amp-wp-fe3f5cc\" data-amp-original-style=\"font-weight: 400;\">Les familles qui \u00e9l\u00e8vent un enfant de moins de trois ans peuvent b\u00e9n\u00e9ficier de la PAJE. Pour les enfants adopt\u00e9s, vous pouvez b\u00e9n\u00e9ficier de cette aide avant leur vingti\u00e8me anniversaire.<\/span><\/p>\n<p><span class=\"amp-wp-fe3f5cc\" data-amp-original-style=\"font-weight: 400;\">La seule condition exig\u00e9e par la CAF ou la MSA est li\u00e9e aux revenus du foyer demandeur, et ce quelle que soit l\u2019aide demand\u00e9e.<\/span><\/p>\n<p><span class=\"amp-wp-fe3f5cc\" data-amp-original-style=\"font-weight: 400;\">Pour une PAJE vers\u00e9e en ann\u00e9e N, les ressources de la famille per\u00e7ues au cours de l\u2019ann\u00e9e N-2 doivent \u00eatre inf\u00e9rieures \u00e0 certains plafonds.<\/span><\/p>\n<p><span class=\"amp-wp-fe3f5cc\" data-amp-original-style=\"font-weight: 400;\">Ces plafonds varient suivant :<\/span><\/p>\n<ul>\n<li class=\"amp-wp-fe3f5cc\" data-amp-original-style=\"font-weight: 400;\"><span class=\"amp-wp-fe3f5cc\" data-amp-original-style=\"font-weight: 400;\">Le nombre d\u2019enfants ;<\/span><\/li>\n<li class=\"amp-wp-fe3f5cc\" data-amp-original-style=\"font-weight: 400;\"><span class=\"amp-wp-fe3f5cc\" data-amp-original-style=\"font-weight: 400;\">La situation familiale ;<\/span><\/li>\n<li class=\"amp-wp-fe3f5cc\" data-amp-original-style=\"font-weight: 400;\"><span class=\"amp-wp-fe3f5cc\" data-amp-original-style=\"font-weight: 400;\">La situation professionnelle.<\/span><\/li>\n<\/ul>\n<p><span data-token-index=\"0\" data-reactroot=\"\"><div class='cta-block'><div class='text'>Simulez toutes vos aides sociales en 2 min. Gratuit.<\/div><a href='https:\/\/www.mes-allocs.fr\/ab-app?origin=guides\/wp-json\/wp\/v2\/posts\/36905' class='app-button fit'>Simulation gratuite<\/a><\/div><\/span><\/p>\n<h2 class=\"amp-wp-7d27179\" data-amp-original-style=\"text-align: justify;\"><span id=\"Versement\"><b>Versement<\/b><\/span><\/h2>\n<p class=\"amp-wp-7d27179\" data-amp-original-style=\"text-align: justify;\">\u00a0La PAJE vous est vers\u00e9e tous les mois. <span class=\"amp-wp-fe3f5cc\" data-amp-original-style=\"font-weight: 400;\">L\u2019allocation vous est vers\u00e9e\u00a0<strong>mensuellement jusqu\u2019aux 3 ans de votre enfant<\/strong>, tant que vous remplissez les conditions de ressources (car votre allocation de base est r\u00e9\u00e9valu\u00e9e chaque ann\u00e9e, selon le revenu net cat\u00e9goriel de l\u2019avant-derni\u00e8re ann\u00e9e de l\u2019\u00e9valuation). Son versement d\u00e9bute le 1<\/span><span class=\"amp-wp-fe3f5cc\" data-amp-original-style=\"font-weight: 400;\">er<\/span><span class=\"amp-wp-fe3f5cc\" data-amp-original-style=\"font-weight: 400;\">\u00a0jour du mois suivant la naissance de l\u2019enfant, mais il est diff\u00e9r\u00e9 d\u2019un mois.<\/span><span class=\"amp-wp-fe3f5cc\" data-amp-original-style=\"font-weight: 400;\">\u00a0<\/span><\/p>\n<p class=\"amp-wp-7d27179\" data-amp-original-style=\"text-align: justify;\"><em><span class=\"amp-wp-fe3f5cc\" data-amp-original-style=\"font-weight: 400;\">Exemple : si votre enfant na\u00eet le 12 juin, votre premier versement d\u2019allocation de base aura lieu au mois d\u2019ao\u00fbt, vers\u00e9 pour le mois de juillet.<\/span><\/em><\/p>\n<p class=\"amp-wp-7d27179\" data-amp-original-style=\"text-align: justify;\"><span class=\"amp-wp-fe3f5cc\" data-amp-original-style=\"font-weight: 400;\">Notez qu\u2019en cas d\u2019adoption, le versement de l\u2019allocation de base perdure jusqu\u2019aux 20 ans de l\u2019enfant.<\/span><\/p>\n<p><iframe loading=\"lazy\" title=\"La PAJE\" width=\"500\" height=\"281\" src=\"https:\/\/www.youtube.com\/embed\/seHoivZowu8?feature=oembed\" frameborder=\"0\" allow=\"accelerometer; autoplay; clipboard-write; encrypted-media; gyroscope; picture-in-picture; web-share\" referrerpolicy=\"strict-origin-when-cross-origin\" allowfullscreen><\/iframe><\/p>\n<h1>Le cong\u00e9 maternit\u00e9<\/h1>\n<p>Le cong\u00e9 maternit\u00e9 permet aux femmes enceintes salari\u00e9es de cesser leur activit\u00e9 professionnelle durant la p\u00e9riode pr\u00e9c\u00e9dant et suivant la naissance d\u2019un enfant. Cela vous permet d&rsquo; arr\u00eater de travailler. Elles peuvent y acc\u00e9der qu\u2019elles soient dans le secteur public\u00a0ou priv\u00e9. Les p\u00e8res, eux, b\u00e9n\u00e9ficient du cong\u00e9 de paternit\u00e9.<\/p>\n<p>La dur\u00e9e du cong\u00e9 maternit\u00e9 varie selon :<\/p>\n<ul>\n<li>Le nombre d\u2019enfants attendus ;<\/li>\n<li>La situation familiale.<\/li>\n<\/ul>\n<p>Durant cette p\u00e9riode, la salari\u00e9e concern\u00e9e continue \u00e0 percevoir une r\u00e9mun\u00e9ration octroy\u00e9e par la S\u00e9curit\u00e9 Sociale (voir plus bas).<\/p>\n<p><b>\u00c0 noter : depuis le 1er juillet 2021, le cong\u00e9 de paternit\u00e9 et d\u2019accueil de l\u2019enfant est d\u2019une dur\u00e9e totale de 25 jours calendaire, ou de 32 jours calendaire en cas de naissances multiples (jumeaux, tripl\u00e9s, etc.).<\/b><\/p>\n<h2>Conditions \u00e0 respecter pour en b\u00e9n\u00e9ficier<\/h2>\n<p><img loading=\"lazy\" decoding=\"async\" class=\"alignright wp-image-36915 size-medium\" title=\"Conditions a\u0300 respecter pour en be\u0301ne\u0301ficier\" src=\"https:\/\/www.mes-allocs.fr\/guides\/wp-content\/uploads\/2021\/09\/Conditions-a\u0300-respecter-pour-en-be\u0301ne\u0301ficier-300x200.jpg\" alt=\"Conditions a\u0300 respecter pour en be\u0301ne\u0301ficier\" width=\"300\" height=\"200\" srcset=\"https:\/\/www.mes-allocs.fr\/guides\/wp-content\/uploads\/2021\/09\/Conditions-a\u0300-respecter-pour-en-be\u0301ne\u0301ficier-300x200.jpg 300w, https:\/\/www.mes-allocs.fr\/guides\/wp-content\/uploads\/2021\/09\/Conditions-a\u0300-respecter-pour-en-be\u0301ne\u0301ficier-1024x682.jpg 1024w, https:\/\/www.mes-allocs.fr\/guides\/wp-content\/uploads\/2021\/09\/Conditions-a\u0300-respecter-pour-en-be\u0301ne\u0301ficier-768x512.jpg 768w, https:\/\/www.mes-allocs.fr\/guides\/wp-content\/uploads\/2021\/09\/Conditions-a\u0300-respecter-pour-en-be\u0301ne\u0301ficier-600x400.jpg 600w, https:\/\/www.mes-allocs.fr\/guides\/wp-content\/uploads\/2021\/09\/Conditions-a\u0300-respecter-pour-en-be\u0301ne\u0301ficier.jpg 1280w\" sizes=\"auto, (max-width: 300px) 100vw, 300px\" \/><\/p>\n<div id=\"les-amenagements-de-la-duree-de-conge-maternite\" class=\"ce_text block\">\n<p>Pour b\u00e9n\u00e9ficier du\u00a0cong\u00e9 maternit\u00e9, vous devez remplir les conditions suivantes :<\/p>\n<ul>\n<li>\u00catre affili\u00e9 \u00e0 la s\u00e9curit\u00e9 sociale, aupr\u00e8s de la CAF<\/li>\n<li>Justifier de 10 mois d\u2019immatriculation (possession d\u2019un num\u00e9ro d\u2019assur\u00e9 social) \u00e0 la date pr\u00e9vue de l\u2019accouchement<\/li>\n<li>Cesser toute activit\u00e9 professionnelle pendant 8 semaines minimum<\/li>\n<\/ul>\n<p>L\u2019assur\u00e9e\u00a0doit aussi respecter l\u2019une des deux conditions suivantes :<\/p>\n<ul>\n<li>Avoir travaill\u00e9 au moins 150 heures au cours des 3 mois pr\u00e9c\u00e9dant la date de d\u00e9but de\u00a0cong\u00e9 maternit\u00e9 pr\u00e9natal<\/li>\n<li>Avoir cotis\u00e9 sur un salaire \u00e9quivalent \u00e0 1\u202f015 fois le Smic horaire, au cours des 6 mois pr\u00e9c\u00e9dant le cong\u00e9 pr\u00e9natal<\/li>\n<\/ul>\n<p>Si\u00a0l\u2019assur\u00e9e\u00a0exerce une activit\u00e9 discontinue de type activit\u00e9 saisonni\u00e8re, elle doit\u202fjustifier de l\u2019une des deux conditions suivantes :<\/p>\n<ul>\n<li>Avoir travaill\u00e9 au moins 600 heures\u00a0au cours de l\u2019ann\u00e9e pr\u00e9c\u00e9dant la date du d\u00e9but de grossesse<\/li>\n<li>Avoir cotis\u00e9 2\u202f030 fois le Smic horaire au cours des 12 mois pr\u00e9c\u00e9dents<\/li>\n<\/ul>\n<\/div>\n<div class=\"ce_text block\">\n<p>Pendant la dur\u00e9e du cong\u00e9 maternit\u00e9, l\u2019employeur ne peut pas prononcer la rupture du contrat de travail de sa b\u00e9n\u00e9ficiaire.<\/p>\n<\/div>\n<h2>La r\u00e9mun\u00e9ration per\u00e7ue<\/h2>\n<p>Vous pouvez b\u00e9n\u00e9ficier des indemnit\u00e9s journali\u00e8res de S\u00e9curit\u00e9 Sociale pour la maternit\u00e9 (IJSS maternit\u00e9).<\/p>\n<p>Le calcul des IJSS vers\u00e9es \u00e0 la salari\u00e9e dans le cadre du cong\u00e9 de maternit\u00e9 est r\u00e9alis\u00e9 par la CPAM.<\/p>\n<p><span data-token-index=\"0\" data-reactroot=\"\"><div class='cta-block'><div class='text'>Simulez toutes vos aides sociales en 2 min. Gratuit.<\/div><a href='https:\/\/www.mes-allocs.fr\/ab-app?origin=guides\/wp-json\/wp\/v2\/posts\/36905' class='app-button fit'>Simulation gratuite<\/a><\/div>\u00a0<\/span><\/p>\n","protected":false},"excerpt":{"rendered":"<p>En France plusieurs dispositifs ont \u00e9t\u00e9 pr\u00e9vu afin de venir en aide aux parents isol\u00e9s. Il s&rsquo;agit d&rsquo;une aide par situation. Que vous soyez m\u00e8re ou bien p\u00e8re isol\u00e9, vous pouvez \u00eatre aid\u00e9 pour \u00e9duquer votre enfant dans les meilleures conditions. Mes Allocs vous explique tout en d\u00e9tail sur l&rsquo;aide m\u00e8re c\u00e9libataire. L&rsquo;allocation de soutien [&hellip;]<\/p>\n","protected":false},"author":10,"featured_media":36913,"comment_status":"open","ping_status":"open","sticky":false,"template":"","format":"standard","meta":{"amp_status":"","footnotes":""},"categories":[14320],"tags":[],"class_list":["post-36905","post","type-post","status-publish","format-standard","has-post-thumbnail","hentry","category-aide-par-situation"],"yoast_head":"<!-- This site is optimized with the Yoast SEO plugin v14.9 - https:\/\/yoast.com\/wordpress\/plugins\/seo\/ -->\n<title>Aide m\u00e8re c\u00e9libataire : Pouvez-vous en b\u00e9n\u00e9ficier ? | Mes-Allocs.fr<\/title>\n<meta name=\"description\" content=\"Le fait d&#039;\u00e9lever son enfant seule ouvre des droits particuliers. Mes Allocs vous explique tout sur l&#039;aide m\u00e8re c\u00e9libataire.\" \/>\n<meta name=\"robots\" content=\"index, follow, max-snippet:-1, max-image-preview:large, max-video-preview:-1\" \/>\n<link rel=\"canonical\" href=\"https:\/\/www.mes-allocs.fr\/guides\/aide-par-situation\/aide-mere-celibataire\/\" \/>\n<meta property=\"og:locale\" content=\"fr_FR\" \/>\n<meta property=\"og:type\" content=\"article\" \/>\n<meta property=\"og:title\" content=\"Aide m\u00e8re c\u00e9libataire : Pouvez-vous en b\u00e9n\u00e9ficier ? | Mes-Allocs.fr\" \/>\n<meta property=\"og:description\" content=\"Le fait d&#039;\u00e9lever son enfant seule ouvre des droits particuliers. Mes Allocs vous explique tout sur l&#039;aide m\u00e8re c\u00e9libataire.\" \/>\n<meta property=\"og:url\" content=\"https:\/\/www.mes-allocs.fr\/guides\/aide-par-situation\/aide-mere-celibataire\/\" \/>\n<meta property=\"og:site_name\" content=\"Mes-Allocs.fr\" \/>\n<meta property=\"article:published_time\" content=\"2021-09-17T15:02:36+00:00\" \/>\n<meta property=\"article:modified_time\" content=\"2025-04-28T13:46:07+00:00\" \/>\n<meta property=\"og:image\" content=\"https:\/\/www.mes-allocs.fr\/guides\/wp-content\/uploads\/2021\/09\/Aide-me\u0300re-ce\u0301libataire--e1630998688684.jpg?wsr\" \/>\n\t<meta property=\"og:image:width\" content=\"1280\" \/>\n\t<meta property=\"og:image:height\" content=\"416\" \/>\n<meta name=\"twitter:card\" content=\"summary_large_image\" \/>\n<script type=\"application\/ld+json\" class=\"yoast-schema-graph\">{\"@context\":\"https:\/\/schema.org\",\"@graph\":[{\"@type\":\"WebSite\",\"@id\":\"https:\/\/www.mes-allocs.fr\/guides\/#website\",\"url\":\"https:\/\/www.mes-allocs.fr\/guides\/\",\"name\":\"Mes-Allocs.fr\",\"description\":\"\",\"potentialAction\":[{\"@type\":\"SearchAction\",\"target\":\"https:\/\/www.mes-allocs.fr\/guides\/?s={search_term_string}\",\"query-input\":\"required name=search_term_string\"}],\"inLanguage\":\"fr-FR\"},{\"@type\":\"ImageObject\",\"@id\":\"https:\/\/www.mes-allocs.fr\/guides\/aide-par-situation\/aide-mere-celibataire\/#primaryimage\",\"inLanguage\":\"fr-FR\",\"url\":\"https:\/\/www.mes-allocs.fr\/guides\/wp-content\/uploads\/2021\/09\/Aide-me\\u0300re-ce\\u0301libataire--e1630998688684.jpg?wsr\",\"width\":1280,\"height\":416,\"caption\":\"Aide me\\u0300re ce\\u0301libataire\"},{\"@type\":\"WebPage\",\"@id\":\"https:\/\/www.mes-allocs.fr\/guides\/aide-par-situation\/aide-mere-celibataire\/#webpage\",\"url\":\"https:\/\/www.mes-allocs.fr\/guides\/aide-par-situation\/aide-mere-celibataire\/\",\"name\":\"Aide m\\u00e8re c\\u00e9libataire : Pouvez-vous en b\\u00e9n\\u00e9ficier ? | Mes-Allocs.fr\",\"isPartOf\":{\"@id\":\"https:\/\/www.mes-allocs.fr\/guides\/#website\"},\"primaryImageOfPage\":{\"@id\":\"https:\/\/www.mes-allocs.fr\/guides\/aide-par-situation\/aide-mere-celibataire\/#primaryimage\"},\"datePublished\":\"2021-09-17T15:02:36+00:00\",\"dateModified\":\"2025-04-28T13:46:07+00:00\",\"author\":{\"@id\":\"https:\/\/www.mes-allocs.fr\/guides\/#\/schema\/person\/8d47b912c0ad15f379df96b4e4e33f58\"},\"description\":\"Le fait d'\\u00e9lever son enfant seule ouvre des droits particuliers. Mes Allocs vous explique tout sur l'aide m\\u00e8re c\\u00e9libataire.\",\"inLanguage\":\"fr-FR\"},{\"@type\":\"Person\",\"@id\":\"https:\/\/www.mes-allocs.fr\/guides\/#\/schema\/person\/8d47b912c0ad15f379df96b4e4e33f58\",\"name\":\"Constance de Cagny\",\"image\":{\"@type\":\"ImageObject\",\"@id\":\"https:\/\/www.mes-allocs.fr\/guides\/#personlogo\",\"inLanguage\":\"fr-FR\",\"url\":\"https:\/\/www.mes-allocs.fr\/guides\/wp-content\/uploads\/2021\/06\/Constance.2e8ee0b.png\",\"caption\":\"Constance de Cagny\"},\"description\":\"Constance est r\\u00e9dactrice au sein de l'\\u00e9quipe Mes Allocs. Elle a l'habitude d'\\u00e9crire sur les sujets conso, bons plans et \\u00e9conomies. Dipl\\u00f4m\\u00e9e de l'ENACO, elle rejoint Mes Allocs apr\\u00e8s une premi\\u00e8re exp\\u00e9rience en cabinet notarial.\",\"sameAs\":[\"https:\/\/www.linkedin.com\/in\/constance-de-cagny-mayeur-bbb414135\"]}]}<\/script>\n<!-- \/ Yoast SEO plugin. -->","amp_validity":null,"acf":{"faq":{"1":{"question":"\ud83e\udd14  Quand s'arr\u00eate le paiement de la PAJE ?","answer":"Tant que la famille remplit les conditions de ressources, le versement continue tous les mois jusqu'\u00e0 celui pr\u00e9c\u00e9dant le 3e anniversaire."},"2":{"question":"\ud83e\udd37\u200d\u2640\ufe0f Comment demander la PAJE ?","answer":"Vous devez remplir un formulaire et fournir certaines pi\u00e8ces justificatives \u00e0 la Caisse d\u2019Allocations Familiales (CAF) ou \u00e0 la Mutualit\u00e9 Sociale Agricole (MSA). Vous pouvez aussi demander \u00e0 Mes Allocs de faire toutes les d\u00e9marches administratives \u00e0 votre place."},"3":{"question":"\ud83e\udd1d Qu'est ce que la PAJE ?","answer":"La prestation d\u2019accueil du jeune enfant (PAJE) est un dispositif comprenant plusieurs aides destin\u00e9es aux parents d\u2019un enfant venant de na\u00eetre : prime \u00e0 la naissance ou \u00e0 l\u2019adoption, allocation de base, PreParE \u2026 Certaines aides financi\u00e8res sont soumises \u00e0 des conditions de ressources, d\u2019\u00e2ge et\/ou du nombre d\u2019enfants."},"4":{"question":"\ud83e\udd14  Est-ce que la PAJE est une prestation familiale ?","answer":"L'allocation PAJE est vers\u00e9 par votre Caf (caisse d'allocations familiales) comme de nombreuses autres prestations comme la prime d'activit\u00e9 ou les allocations familiales"},"5":{"question":"\ud83e\udd37\u200d\u2640\ufe0f Quand s'arr\u00eate le versement du CMG ?","answer":"Le CMG est vers\u00e9 \u00e0 partir du mois de la demande. Il s'arr\u00eate lorsque l'une des conditions ci-dessous n'est plus remplie. Il est vers\u00e9 pour chaque enfant gard\u00e9."},"6":{"question":"\ud83e\udd1d Comment faire une demande pajemploi ?","answer":"Pour vous inscrire \u00e0 Pajemploi vous devez tout d'abord remplir le formulaire de demande de Compl\u00e9ment de Libre Choix de Mode de Garde. La demande de CMG peut se faire en ligne, sur votre espace personnel de la Caf, ou en t\u00e9l\u00e9chargeant le formulaire sur le site de la Caf, puis en le renvoyant compl\u00e9t\u00e9 par la poste."},"7":{"question":"","answer":""},"8":{"question":"","answer":""},"9":{"question":"","answer":""},"10":{"question":"","answer":""},"11":{"question":"","answer":""},"12":{"question":"","answer":""},"13":{"question":"","answer":""},"14":{"question":"","answer":""},"15":{"question":"","answer":""},"16":{"question":"","answer":""}}},"_links":{"self":[{"href":"https:\/\/www.mes-allocs.fr\/guides\/wp-json\/wp\/v2\/posts\/36905","targetHints":{"allow":["GET"]}}],"collection":[{"href":"https:\/\/www.mes-allocs.fr\/guides\/wp-json\/wp\/v2\/posts"}],"about":[{"href":"https:\/\/www.mes-allocs.fr\/guides\/wp-json\/wp\/v2\/types\/post"}],"author":[{"embeddable":true,"href":"https:\/\/www.mes-allocs.fr\/guides\/wp-json\/wp\/v2\/users\/10"}],"replies":[{"embeddable":true,"href":"https:\/\/www.mes-allocs.fr\/guides\/wp-json\/wp\/v2\/comments?post=36905"}],"version-history":[{"count":14,"href":"https:\/\/www.mes-allocs.fr\/guides\/wp-json\/wp\/v2\/posts\/36905\/revisions"}],"predecessor-version":[{"id":98988,"href":"https:\/\/www.mes-allocs.fr\/guides\/wp-json\/wp\/v2\/posts\/36905\/revisions\/98988"}],"wp:featuredmedia":[{"embeddable":true,"href":"https:\/\/www.mes-allocs.fr\/guides\/wp-json\/wp\/v2\/media\/36913"}],"wp:attachment":[{"href":"https:\/\/www.mes-allocs.fr\/guides\/wp-json\/wp\/v2\/media?parent=36905"}],"wp:term":[{"taxonomy":"category","embeddable":true,"href":"https:\/\/www.mes-allocs.fr\/guides\/wp-json\/wp\/v2\/categories?post=36905"},{"taxonomy":"post_tag","embeddable":true,"href":"https:\/\/www.mes-allocs.fr\/guides\/wp-json\/wp\/v2\/tags?post=36905"}],"curies":[{"name":"wp","href":"https:\/\/api.w.org\/{rel}","templated":true}]}}