{"id":36859,"date":"2021-09-16T20:18:26","date_gmt":"2021-09-16T18:18:26","guid":{"rendered":"https:\/\/www.mes-allocs.fr\/guides\/?p=36859"},"modified":"2025-10-07T15:46:22","modified_gmt":"2025-10-07T13:46:22","slug":"cadre-chomage","status":"publish","type":"post","link":"https:\/\/www.mes-allocs.fr\/guides\/chomage\/droit-au-chomage\/cadre-chomage\/","title":{"rendered":"Qu&rsquo;en est-il du ch\u00f4mage des cadres en France ?"},"content":{"rendered":"<p style=\"text-align: justify;\"><a href=\"https:\/\/www.mes-allocs.fr\/guides\/chomage\">Le ch\u00f4mage<\/a> en France (tel que nous le connaissons) est un ph\u00e9nom\u00e8ne qui existe depuis pr\u00e8s de 50 ans. Il r\u00e9sulte de plusieurs crises \u00e9conomiques travers\u00e9s dans le pays. En g\u00e9n\u00e9ral, le ch\u00f4mage touche les employ\u00e9s avec des situation pr\u00e9caires. Dans cet article, nous allons regarde le ch\u00f4mage des cadres en France.<\/p>\n<div class='cta-block'><div class='text'>Simulez votre ch\u00f4mage en 2 min.<\/div><a href='https:\/\/www.mes-allocs.fr\/simulation-chomage?origin=guides\/wp-json\/wp\/v2\/posts\/36859' class='app-button fit'>Simulation gratuite<\/a><\/div>\n<h1 style=\"text-align: justify;\">La mesure du ch\u00f4mage en France<\/h1>\n<h2 style=\"text-align: justify;\">Quel organisme se charge de mesurer ?<\/h2>\n<p style=\"text-align: justify;\">En France, un des organismes qui se charge de mesurer le ch\u00f4mage est l&rsquo;INSEE. Cet institut a<img loading=\"lazy\" decoding=\"async\" class=\" wp-image-37528 alignright\" title=\"donnees\" src=\"https:\/\/www.mes-allocs.fr\/guides\/wp-content\/uploads\/2021\/09\/donnees.jpg\" alt=\"donnees\" width=\"312\" height=\"200\" srcset=\"https:\/\/www.mes-allocs.fr\/guides\/wp-content\/uploads\/2021\/09\/donnees.jpg 1169w, https:\/\/www.mes-allocs.fr\/guides\/wp-content\/uploads\/2021\/09\/donnees-300x192.jpg 300w, https:\/\/www.mes-allocs.fr\/guides\/wp-content\/uploads\/2021\/09\/donnees-1024x657.jpg 1024w, https:\/\/www.mes-allocs.fr\/guides\/wp-content\/uploads\/2021\/09\/donnees-768x493.jpg 768w, https:\/\/www.mes-allocs.fr\/guides\/wp-content\/uploads\/2021\/09\/donnees-600x385.jpg 600w\" sizes=\"auto, (max-width: 312px) 100vw, 312px\" \/> adopte\u0301 la de\u0301finition du cho\u0302mage et de l\u2019emploi du Bureau international du Travail (BIT). Ces de\u0301finitions sont applique\u0301es par les instituts statistiques de la plupart des pays du monde et en particulier ceux de l\u2019Union europe\u0301enne.<\/p>\n<div class=\"page\" style=\"text-align: justify;\" title=\"Page 2\">\n<div class=\"layoutArea\">\n<div class=\"column\">\n<p>Par souci de proposer une mesure stable dans le temps et harmonise\u0301e entre les diffe\u0301rents pays, le BIT a propose\u0301 une de\u0301finition de ce qu&rsquo;est le ch\u00f4mage. En compl\u00e9ment de celle-ci, le BIT propose aussi une m\u00e9thode pour d\u00e9finir ce qu&rsquo;est une personne au ch\u00f4mage. En effet, on va partir de ce que disent les personnes sur leur recherche effective d\u2019emploi et leur disponibilite\u0301 pour travailler, en se re\u0301fe\u0301rant a\u0300 une pe\u0301riode temporelle pre\u0301cise.<\/p>\n<p>Selon le BIT, une personne est conside\u0301re\u0301e en tant que demandeur d&#8217;emploi si elle remplit simultane\u0301ment les crite\u0300res suivants :<\/p>\n<ul>\n<li>avoir 15 ans ou plus<\/li>\n<li>e\u0302tre sans emploi au cours d\u2019une semaine pre\u0301cise, dite \u00ab semaine de re\u0301fe\u0301rence \u00bb<\/li>\n<li>avoir effectue\u0301, au cours des quatre dernie\u0300res semaines, une de\u0301marche active de recherche d\u2019emploi (re\u0301ponse a\u0300 une petite annonce, inscription dans une agence d\u2019inte\u0301rim, etc.) ou avoir trouve\u0301 un emploi qui commence dans moins de trois mois<\/li>\n<li>e\u0302tre disponible pour travailler dans les deux semaines a\u0300 venir.<\/li>\n<\/ul>\n<p style=\"text-align: justify;\">Une personne est conside\u0301re\u0301e en p\u00e9riode d&#8217;emploi si elle a effectue\u0301 au moins une heure de travail re\u0301mune\u0301re\u0301 au cours de la semaine de re\u0301fe\u0301rence. Autrement, il faut que cette personne aie garde\u0301 un lien formel avec son emploi.<\/p>\n<p>Il s&rsquo;agit par exemple des conge\u0301s annuels, des cong\u00e9s li\u00e9s \u00e0 la maladie ou encore \u00e0 la maternite\u0301. Cette de\u0301finition de l\u2019emploi est large : elle inclut aussi des personnes occupe\u0301es a\u0300 temps tre\u0300s partiel ou sur des contrats tre\u0300s courts.<\/p>\n<p>Une personne est active si elle est en emploi ou au cho\u0302mage.<\/p>\n<p>Le taux de cho\u0302mage est le rapport entre le nombre de cho\u0302meurs et le nombre de personnes actives. Il est calcule\u0301 en moyenne sur le trimestre (taux de cho\u0302mage trimestriel) ou sur l\u2019anne\u0301e (taux de cho\u0302mage annuel).<\/p>\n<div class='cta-block'><div class='text'>Simulez votre ch\u00f4mage en 2 min.<\/div><a href='https:\/\/www.mes-allocs.fr\/simulation-chomage?origin=guides\/wp-json\/wp\/v2\/posts\/36859' class='app-button fit'>Simulation gratuite<\/a><\/div>\n<h2 class=\"amp-wp-7d27179\" data-amp-original-style=\"text-align: justify;\"><span id=\"Le_taux_de_chomage\">Le taux de ch\u00f4mage<\/span><\/h2>\n<p class=\"amp-wp-7d27179\" data-amp-original-style=\"text-align: justify;\">Au premier trimestre 2021, le nombre de ch\u00f4meurs au sens du BIT atteint 2,4 millions de personnes en France (hors Mayotte), en hausse de 18\u00a0000 personnes sur le trimestre. Le taux de ch\u00f4mage au sens du BIT est ainsi quasi stable (+0,1\u00a0point), \u00e0 8,1\u00a0% de la population active, apr\u00e8s un recul de 1,1 point le trimestre pr\u00e9c\u00e9dent. Il se situe 0,3 point au-dessus de son niveau un an auparavant et retrouve son niveau de fin 2019, avant la crise sanitaire.<\/p>\n<p class=\"amp-wp-7d27179\" data-amp-original-style=\"text-align: justify;\">\u00a0Pour le deuxi\u00e8me trimestre de l\u2019ann\u00e9e 2021, le nombre de personnes inscrites au P\u00f4le Emploi est de\u00a05 688 700 personnes. \u00a0Ce chiffre passe \u00e0 5 984 000 personnes lorsque l\u2019on inclut les territoire d\u2019outre-mer de France hors Mayotte.<\/p>\n<p class=\"amp-wp-7d27179\" data-amp-original-style=\"text-align: justify;\">Pour entrer dans le d\u00e9tail de ce chiffre, parmi elles, 3 510 500 personnes sont sans emploi (cat\u00e9gorie A). Les personnes de cette cat\u00e9gorie A sont les personnes n\u2019ayant aucun emploi mais \u00e9tant en recherche active d\u2019un contrat de travail (CDI, CDD, emploi saisonnier ou \u00e0 temps partiel). Par ces cat\u00e9gories, on voit bien qu\u2019il n\u2019existe pas de ch\u00f4meur au sens propre du terme.<\/p>\n<\/div>\n<\/div>\n<\/div>\n<p class=\"amp-wp-7d27179\" style=\"text-align: justify;\" data-amp-original-style=\"text-align: justify;\">Chez les personnes inscrit au P\u00f4le Emploi, il y a 2 861 200 personnes qui sont des ch\u00f4meurs \u201cde longue dur\u00e9e\u201d. Un ch\u00f4meur de longue dur\u00e9e est une personne de la population active au ch\u00f4mage depuis plus d\u2019un an.<\/p>\n<p><iframe loading=\"lazy\" title=\"Tout savoir sur le ch\u00f4mage en France !\" width=\"500\" height=\"281\" src=\"https:\/\/www.youtube.com\/embed\/jgv9qS4jh7k?feature=oembed\" frameborder=\"0\" allow=\"accelerometer; autoplay; clipboard-write; encrypted-media; gyroscope; picture-in-picture; web-share\" referrerpolicy=\"strict-origin-when-cross-origin\" allowfullscreen><\/iframe><\/p>\n<h1 style=\"text-align: justify;\" data-amp-original-style=\"text-align: justify;\">Le ch\u00f4mage des cadres<\/h1>\n<h2 style=\"text-align: justify;\">La situation actuelle<\/h2>\n<p style=\"text-align: justify;\">Les \u00ab\u00a0cadres et professions intellectuelles sup\u00e9rieures\u00a0\u00bb (d\u00e9nomm\u00e9s \u00ab\u00a0cadres\u00a0\u00bb par la suite)<img loading=\"lazy\" decoding=\"async\" class=\" wp-image-37529 alignright\" title=\"patron\" src=\"https:\/\/www.mes-allocs.fr\/guides\/wp-content\/uploads\/2021\/09\/patron-.jpg\" alt=\"patron\" width=\"322\" height=\"215\" srcset=\"https:\/\/www.mes-allocs.fr\/guides\/wp-content\/uploads\/2021\/09\/patron-.jpg 1124w, https:\/\/www.mes-allocs.fr\/guides\/wp-content\/uploads\/2021\/09\/patron--300x200.jpg 300w, https:\/\/www.mes-allocs.fr\/guides\/wp-content\/uploads\/2021\/09\/patron--1024x683.jpg 1024w, https:\/\/www.mes-allocs.fr\/guides\/wp-content\/uploads\/2021\/09\/patron--768x512.jpg 768w, https:\/\/www.mes-allocs.fr\/guides\/wp-content\/uploads\/2021\/09\/patron--600x400.jpg 600w\" sizes=\"auto, (max-width: 322px) 100vw, 322px\" \/> forment une composante essentielle de l\u2019\u00e9conomie fran\u00e7aise et de son syst\u00e8me productif. En 2017, pr\u00e8s d\u2019un actif sur trois est cadre dans la r\u00e9gion capitale, une part deux fois plus \u00e9lev\u00e9e qu\u2019en province. La concentration des administrations publiques et des si\u00e8ges sociaux des entreprises et la place importante des services en \u00cele-de-France favorisent une offre abondante d\u2019emplois de cadres.<\/p>\n<p style=\"text-align: justify;\">Par ailleurs, les diff\u00e9rentes \u00e9volutions du march\u00e9 du travail li\u00e9es au d\u00e9veloppement technologique et \u00e0 la r\u00e9volution num\u00e9rique sont tr\u00e8s pr\u00e9sentes et visibles en \u00cele-de-France. Elles s\u2019accompagnent d\u2019un besoin accru en personnel disposant de qualifications particuli\u00e8res et bien pr\u00e9cises.<\/p>\n<p style=\"text-align: justify;\">Dans ce contexte, les cadres sont moins touch\u00e9s par le ch\u00f4mage que les autres cat\u00e9gories socioprofessionnelles. En 2017, seuls 3\u00a0% des cadres franciliens sont au ch\u00f4mage, soit un peu moins qu\u2019en province (3,3\u00a0%). C\u2019est nettement moins que pour les autres cat\u00e9gories socioprofessionnelles (11\u00a0% pour les non-cadres en \u00cele-de-France)<\/p>\n<h2 style=\"text-align: justify;\">Dans le d\u00e9tail<\/h2>\n<p style=\"text-align: justify;\">De mani\u00e8re g\u00e9n\u00e9rale, la cat\u00e9gorie des cadres recouvre un ensemble de m\u00e9tiers h\u00e9t\u00e9rog\u00e8nes dont les risques de ch\u00f4mage sont tr\u00e8s variables. Ainsi si on prend par exemple les professions de l\u2019information, des arts et des spectacles, ces cat\u00e9gories pr\u00e9sentent les risques de ch\u00f4mage les plus \u00e9lev\u00e9s.<\/p>\n<p style=\"text-align: justify;\">\u00c0 autres caract\u00e9ristiques identiques (sexe, \u00e2ge, nationalit\u00e9, situation familiale, dipl\u00f4me, lieu de r\u00e9sidence), les cadres exer\u00e7ant ces m\u00e9tiers ont une probabilit\u00e9 deux fois plus grande d\u2019\u00eatre au ch\u00f4mage que les cadres d\u2019entreprise. En effet, les statuts des m\u00e9tiers de journalistes comme ceux d\u2019artistes sont souvent pr\u00e9caires car leur activit\u00e9 est inconstante. Par exemple, on api noter l&rsquo;arr\u00eat de l&rsquo;ensemble de ce secteur via la crise sanitaire mondiale.<\/p>\n<p style=\"text-align: justify;\">En \u00cele-de-France, en 2017, seulement 43\u00a0% des cadres de ce secteur sont en contrats \u00e0 dur\u00e9e ind\u00e9termin\u00e9e (CDI) contre 81\u00a0% en moyenne pour les cadres franciliens. Ces professions se trouvent donc plus fr\u00e9quemment en situation de ch\u00f4mage, entre deux contrats de travail.<\/p>\n<p style=\"text-align: justify;\">C\u2019est particuli\u00e8rement le cas des intermittents du spectacle qui, par d\u00e9finition, alternent p\u00e9riodes d\u2019emploi et p\u00e9riodes de ch\u00f4mage. Les professions de l\u2019information, des arts et des spectacles sont particuli\u00e8rement pr\u00e9sentes en \u00cele-de-France o\u00f9 elles concernent 8\u00a0% des cadres en 2017, contre 5\u00a0% en province.<\/p>\n<p style=\"text-align: justify;\">Les cadres d\u2019entreprise sont \u00e9galement expos\u00e9s au risque de ch\u00f4mage car leurs emplois peuvent \u00eatre soumis aux al\u00e9as de la conjoncture \u00e9conomique. En revanche, les cadres de la fonction publique, les professeurs et les professions scientifiques sont davantage prot\u00e9g\u00e9s en raison de leur statut qui garantit une plus grande stabilit\u00e9 de leur emploi.<\/p>\n<p>Cependant, si vous \u00eates demandeur d&rsquo; emploi, il existe une allocations ch\u00f4mage qui vous permet de b\u00e9n\u00e9ficier d&rsquo;une aide financi\u00e8re. Nous vous invitons \u00e0 lire l&rsquo;article sur la question !<\/p>\n<div class='cta-block'><div class='text'>Simulez votre ch\u00f4mage en 2 min.<\/div><a href='https:\/\/www.mes-allocs.fr\/simulation-chomage?origin=guides\/wp-json\/wp\/v2\/posts\/36859' class='app-button fit'>Simulation gratuite<\/a><\/div>\n","protected":false},"excerpt":{"rendered":"<p>Le ch\u00f4mage en France (tel que nous le connaissons) est un ph\u00e9nom\u00e8ne qui existe depuis pr\u00e8s de 50 ans. Il r\u00e9sulte de plusieurs crises \u00e9conomiques travers\u00e9s dans le pays. En g\u00e9n\u00e9ral, le ch\u00f4mage touche les employ\u00e9s avec des situation pr\u00e9caires. Dans cet article, nous allons regarde le ch\u00f4mage des cadres en France. La mesure du [&hellip;]<\/p>\n","protected":false},"author":6,"featured_media":36862,"comment_status":"open","ping_status":"open","sticky":false,"template":"","format":"standard","meta":{"amp_status":"","footnotes":""},"categories":[2991,2989],"tags":[],"class_list":["post-36859","post","type-post","status-publish","format-standard","has-post-thumbnail","hentry","category-droit-au-chomage","category-chomage"],"yoast_head":"<!-- This site is optimized with the Yoast SEO plugin v14.9 - https:\/\/yoast.com\/wordpress\/plugins\/seo\/ -->\n<title>Qu&#039;en est-il du ch\u00f4mage des cadres en France ? | Mes-Allocs.fr<\/title>\n<meta name=\"description\" content=\"Le ch\u00f4mage est une situation qui peut toucher chacun d&#039;entre nous, y compris certains cadres d&#039;entreprise. Nous allons voir ce qu&#039;il en est.\" \/>\n<meta name=\"robots\" content=\"index, follow, max-snippet:-1, max-image-preview:large, max-video-preview:-1\" \/>\n<link rel=\"canonical\" href=\"https:\/\/www.mes-allocs.fr\/guides\/chomage\/droit-au-chomage\/cadre-chomage\/\" \/>\n<meta property=\"og:locale\" content=\"fr_FR\" \/>\n<meta property=\"og:type\" content=\"article\" \/>\n<meta property=\"og:title\" content=\"Qu&#039;en est-il du ch\u00f4mage des cadres en France ? | Mes-Allocs.fr\" \/>\n<meta property=\"og:description\" content=\"Le ch\u00f4mage est une situation qui peut toucher chacun d&#039;entre nous, y compris certains cadres d&#039;entreprise. Nous allons voir ce qu&#039;il en est.\" \/>\n<meta property=\"og:url\" content=\"https:\/\/www.mes-allocs.fr\/guides\/chomage\/droit-au-chomage\/cadre-chomage\/\" \/>\n<meta property=\"og:site_name\" content=\"Mes-Allocs.fr\" \/>\n<meta property=\"article:published_time\" content=\"2021-09-16T18:18:26+00:00\" \/>\n<meta property=\"article:modified_time\" content=\"2025-10-07T13:46:22+00:00\" \/>\n<meta property=\"og:image\" content=\"https:\/\/www.mes-allocs.fr\/guides\/wp-content\/uploads\/2021\/09\/patron-2-e1630932227925.jpg?wsr\" \/>\n\t<meta property=\"og:image:width\" content=\"1125\" \/>\n\t<meta property=\"og:image:height\" content=\"447\" \/>\n<meta name=\"twitter:card\" content=\"summary_large_image\" \/>\n<script type=\"application\/ld+json\" class=\"yoast-schema-graph\">{\"@context\":\"https:\/\/schema.org\",\"@graph\":[{\"@type\":\"WebSite\",\"@id\":\"https:\/\/www.mes-allocs.fr\/guides\/#website\",\"url\":\"https:\/\/www.mes-allocs.fr\/guides\/\",\"name\":\"Mes-Allocs.fr\",\"description\":\"\",\"potentialAction\":[{\"@type\":\"SearchAction\",\"target\":\"https:\/\/www.mes-allocs.fr\/guides\/?s={search_term_string}\",\"query-input\":\"required name=search_term_string\"}],\"inLanguage\":\"fr-FR\"},{\"@type\":\"ImageObject\",\"@id\":\"https:\/\/www.mes-allocs.fr\/guides\/chomage\/droit-au-chomage\/cadre-chomage\/#primaryimage\",\"inLanguage\":\"fr-FR\",\"url\":\"https:\/\/www.mes-allocs.fr\/guides\/wp-content\/uploads\/2021\/09\/patron-2-e1630932227925.jpg?wsr\",\"width\":1125,\"height\":447,\"caption\":\"patron\"},{\"@type\":\"WebPage\",\"@id\":\"https:\/\/www.mes-allocs.fr\/guides\/chomage\/droit-au-chomage\/cadre-chomage\/#webpage\",\"url\":\"https:\/\/www.mes-allocs.fr\/guides\/chomage\/droit-au-chomage\/cadre-chomage\/\",\"name\":\"Qu'en est-il du ch\\u00f4mage des cadres en France ? | Mes-Allocs.fr\",\"isPartOf\":{\"@id\":\"https:\/\/www.mes-allocs.fr\/guides\/#website\"},\"primaryImageOfPage\":{\"@id\":\"https:\/\/www.mes-allocs.fr\/guides\/chomage\/droit-au-chomage\/cadre-chomage\/#primaryimage\"},\"datePublished\":\"2021-09-16T18:18:26+00:00\",\"dateModified\":\"2025-10-07T13:46:22+00:00\",\"author\":{\"@id\":\"https:\/\/www.mes-allocs.fr\/guides\/#\/schema\/person\/0ecd61a8600573914d00d970a588c024\"},\"description\":\"Le ch\\u00f4mage est une situation qui peut toucher chacun d'entre nous, y compris certains cadres d'entreprise. Nous allons voir ce qu'il en est.\",\"inLanguage\":\"fr-FR\"},{\"@type\":\"Person\",\"@id\":\"https:\/\/www.mes-allocs.fr\/guides\/#\/schema\/person\/0ecd61a8600573914d00d970a588c024\",\"name\":\"Jonathan\",\"image\":{\"@type\":\"ImageObject\",\"@id\":\"https:\/\/www.mes-allocs.fr\/guides\/#personlogo\",\"inLanguage\":\"fr-FR\",\"url\":\"https:\/\/www.mes-allocs.fr\/guides\/wp-content\/uploads\/2021\/06\/jonathan-150x150.png\",\"caption\":\"Jonathan\"},\"description\":\"Jonathan est r\\u00e9dacteur au sein de l'\\u00e9quipe Mes Allocs, sp\\u00e9cialis\\u00e9 sur les sujets li\\u00e9s au handicap. Dipl\\u00f4m\\u00e9e de l'UPEM, il rejoint Mes Allocs apr\\u00e8s avoir travaill\\u00e9 \\u00e0 l'association AEDE qui accompagne les adultes en situation de handicap. Quand il n'\\u00e9crit pas, on peut le retrouver sur un terrain de basket.\",\"sameAs\":[\"https:\/\/www.linkedin.com\/in\/jonathan-bambela-8637861b7\"]}]}<\/script>\n<!-- \/ Yoast SEO plugin. -->","amp_validity":null,"acf":{"faq":{"1":{"question":"Comment faire pour toucher le ch\u00f4mage apr\u00e8s une d\u00e9mission ?","answer":"La d\u00e9mission l\u00e9gitime n'est pas l'unique cas qui ouvre droit au ch\u00f4mage apr\u00e8s une d\u00e9mission. Lorsque vous effectuez une reconversion professionnelle ou que vous cr\u00e9ez ou reprenez une entreprise, vous pouvez \u00e9galement b\u00e9n\u00e9ficier des allocations ch\u00f4mage.  "},"2":{"question":"Comment calculer les indemnit\u00e9s de ch\u00f4mage ?","answer":"Le montant de l'allocation d'aide au retour \u00e0 l'emploi (ARE) est calcul\u00e9 \u00e0 partir de votre salaire journalier de r\u00e9f\u00e9rence (SJR). Ce salaire de r\u00e9f\u00e9rence prend en compte tous vos salaires bruts per\u00e7us au cours des 12 derniers mois, primes comprises, mais hors indemnit\u00e9s li\u00e9es \u00e0 la rupture de votre contrat."},"3":{"question":"Le ch\u00f4mage technique d\u00e9pend-t-il de notre statut ?","answer":"Non absolument pas, peu importe votre statut dans l'entreprise vous pouvez b\u00e9n\u00e9ficier du ch\u00f4mage partiel."},"4":{"question":"Qu'est ce que le Ch\u00f4mage en France ?","answer":"Le ch\u00f4mage peut \u00eatre d\u00e9fini comme l'\u00e9tat d'une personne souhaitant travailler et qui est \u00e0 la recherche d'un emploi. Cette d\u00e9finition du ch\u00f4mage conna\u00eet de nombreuses variantes et son concept donne toujours lieu \u00e0 des controverses th\u00e9oriques et statistiques."},"5":{"question":"Quelles sont les causes du ch\u00f4mage ?","answer":"Il existe de nombreuses causes du ch\u00f4mage : la d\u00e9localisation, la massification scolaire, le progr\u00e8s technique ..."},"6":{"question":"","answer":""},"7":{"question":"","answer":""},"8":{"question":"","answer":""},"9":{"question":"","answer":""},"10":{"question":"","answer":""},"11":{"question":"","answer":""},"12":{"question":"","answer":""},"13":{"question":"","answer":""},"14":{"question":"","answer":""},"15":{"question":"","answer":""},"16":{"question":"","answer":""}}},"_links":{"self":[{"href":"https:\/\/www.mes-allocs.fr\/guides\/wp-json\/wp\/v2\/posts\/36859","targetHints":{"allow":["GET"]}}],"collection":[{"href":"https:\/\/www.mes-allocs.fr\/guides\/wp-json\/wp\/v2\/posts"}],"about":[{"href":"https:\/\/www.mes-allocs.fr\/guides\/wp-json\/wp\/v2\/types\/post"}],"author":[{"embeddable":true,"href":"https:\/\/www.mes-allocs.fr\/guides\/wp-json\/wp\/v2\/users\/6"}],"replies":[{"embeddable":true,"href":"https:\/\/www.mes-allocs.fr\/guides\/wp-json\/wp\/v2\/comments?post=36859"}],"version-history":[{"count":10,"href":"https:\/\/www.mes-allocs.fr\/guides\/wp-json\/wp\/v2\/posts\/36859\/revisions"}],"predecessor-version":[{"id":104385,"href":"https:\/\/www.mes-allocs.fr\/guides\/wp-json\/wp\/v2\/posts\/36859\/revisions\/104385"}],"wp:featuredmedia":[{"embeddable":true,"href":"https:\/\/www.mes-allocs.fr\/guides\/wp-json\/wp\/v2\/media\/36862"}],"wp:attachment":[{"href":"https:\/\/www.mes-allocs.fr\/guides\/wp-json\/wp\/v2\/media?parent=36859"}],"wp:term":[{"taxonomy":"category","embeddable":true,"href":"https:\/\/www.mes-allocs.fr\/guides\/wp-json\/wp\/v2\/categories?post=36859"},{"taxonomy":"post_tag","embeddable":true,"href":"https:\/\/www.mes-allocs.fr\/guides\/wp-json\/wp\/v2\/tags?post=36859"}],"curies":[{"name":"wp","href":"https:\/\/api.w.org\/{rel}","templated":true}]}}