{"id":36790,"date":"2021-09-06T10:07:40","date_gmt":"2021-09-06T08:07:40","guid":{"rendered":"https:\/\/www.mes-allocs.fr\/guides\/?p=36790"},"modified":"2025-07-17T10:22:55","modified_gmt":"2025-07-17T08:22:55","slug":"aide-au-transport-personnes-agees","status":"publish","type":"post","link":"https:\/\/www.mes-allocs.fr\/guides\/aide-au-transport\/aide-au-transport-personnes-agees\/","title":{"rendered":"Toutes les aides au transport pour les personnes \u00e2g\u00e9es"},"content":{"rendered":"<p><img loading=\"lazy\" decoding=\"async\" class=\"aligncenter wp-image-36791\" title=\"aide au transport personnes agees\" src=\"https:\/\/www.mes-allocs.fr\/guides\/wp-content\/uploads\/2021\/09\/aide-personne-agee--e1630670812627.jpg\" alt=\"aide au transport personnes agees\" width=\"1200\" height=\"416\" srcset=\"https:\/\/www.mes-allocs.fr\/guides\/wp-content\/uploads\/2021\/09\/aide-personne-agee--e1630670812627.jpg 1125w, https:\/\/www.mes-allocs.fr\/guides\/wp-content\/uploads\/2021\/09\/aide-personne-agee--e1630670812627-300x104.jpg 300w, https:\/\/www.mes-allocs.fr\/guides\/wp-content\/uploads\/2021\/09\/aide-personne-agee--e1630670812627-1024x355.jpg 1024w, https:\/\/www.mes-allocs.fr\/guides\/wp-content\/uploads\/2021\/09\/aide-personne-agee--e1630670812627-768x266.jpg 768w, https:\/\/www.mes-allocs.fr\/guides\/wp-content\/uploads\/2021\/09\/aide-personne-agee--e1630670812627-600x208.jpg 600w\" sizes=\"auto, (max-width: 1200px) 100vw, 1200px\" \/><\/p>\n<p style=\"text-align: justify;\"><strong>Il existe diff\u00e9rentes <a href=\"https:\/\/www.mes-allocs.fr\/guides\/aide-au-transport\/\">aides au transport<\/a> en France. Certaines offres sont d\u00e9di\u00e9es aux \u00e9tudiants, aux travailleurs ou encore aux apprentis. Mais il existe aussi des aides r\u00e9serv\u00e9es aux seniors. Dans cet article, nous allons voir ensemble quelles sont les aides au transport destin\u00e9es aux personnes \u00e2g\u00e9es.<\/strong><\/p>\n<p style=\"text-align: justify;\"><div class='cta-block'><div class='text'>Simulez toutes vos aides au transport en 2 min. <\/div><a href='https:\/\/www.mes-allocs.fr\/ab-app?origin=guides\/wp-json\/wp\/v2\/posts\/36790' class='app-button fit'>Simulation gratuite<\/a><\/div><\/p>\n<h1 style=\"text-align: justify;\">Les aides au transport pour les personnes \u00e2g\u00e9es<\/h1>\n<p style=\"text-align: justify;\">Le premier type d&rsquo;aide que nous allons voir ensemble concerne les transport en commun. Ces aides peuvent aussi varier selon votre localisation. Les voici.<\/p>\n<h2 style=\"text-align: justify;\">Le \u00ab Pass Paris Senior \u00bb pour les Parisiens<\/h2>\n<p style=\"text-align: justify;\">Depuis le 1er juin 2018, la RATP a mis en place une syst\u00e8me de gratuit\u00e9 int\u00e9grale du titre de transport pour les plus de 65 ans. Pour en b\u00e9n\u00e9ficierait faut que vous soyez habitant de la ville de Paris depuis au moins trois ans. Ce titre de transport est 100% gratuit.<\/p>\n<p style=\"text-align: justify;\">Le \u00ab Pass Paris Senior \u00bb (qui vient remplacer la carte \u00c9meraude-Am\u00e9thyste) donne acc\u00e8s \u00e0 tous les transports pr\u00e9sents dans la capitale, mais aussi pour l&rsquo;ensemble de l&rsquo;\u00cele-de-France, cela comprend les bus, m\u00e9tros, tramways, RER et enfin, les Transiliens. Pour b\u00e9n\u00e9ficier de ce pass il faut en faire la demande aupr\u00e8s du centre d\u2019action sociale de la ville de Paris.<\/p>\n<p style=\"text-align: justify;\">Concernant la p\u00e9riode de validit\u00e9, le \u00ab Paris Pass Senior \u00bb est valable \u00e0 compter du premier jour du mois suivant la demande. Il est d\u00e9livr\u00e9 sous conditions de ressources. Pour une premi\u00e8re demande du titre, le b\u00e9n\u00e9ficiaire doit appartenir \u00e0 un foyer fiscal acquittant un imp\u00f4t sur les revenus soumis au bar\u00e8me inf\u00e9rieur ou \u00e9gal \u00e0 2.028 euros.<\/p>\n<p style=\"text-align: justify;\">En ce qui concerne un renouvellement, le plafond s\u2019\u00e9l\u00e8ve \u00e0 2.430 euros. La demande doit \u00eatre adress\u00e9e sous forme de dossier, avec les pi\u00e8ces justificatives, au centre d\u2019action sociale (CAS) de la ville de Paris. Sachez aussi que l&rsquo;\u00e9quipe de <a href=\"https:\/\/www.mes-allocs.fr\/souscription\">Mes Allocs se charge totalement de vos d\u00e9marches administratives !<\/a><\/p>\n<p><iframe loading=\"lazy\" title=\"Les aides au transport\" width=\"500\" height=\"281\" src=\"https:\/\/www.youtube.com\/embed\/zRZFzrnwvEs?feature=oembed\" frameborder=\"0\" allow=\"accelerometer; autoplay; clipboard-write; encrypted-media; gyroscope; picture-in-picture; web-share\" referrerpolicy=\"strict-origin-when-cross-origin\" allowfullscreen><\/iframe><\/p>\n<h2 style=\"text-align: justify;\">Les aides locales aux transports collectifs pour les s\u00e9niors<\/h2>\n<p style=\"text-align: justify;\">Au-del\u00e0 des offres en \u00cele-de-France, il existe plusieurs offres dans les autres collectivit\u00e9s.<\/p>\n<p style=\"text-align: justify;\">Dans un premier temps, Mes Allocs vous conseille de vous rapprocher de votre commune si cette derni\u00e8re propose des transports publics. Ces derni\u00e8res peuvent proposer des tarifs pr\u00e9f\u00e9rentiels par le biais d\u2019une \u00ab carte senior \u00bb. Vous pouvez aussi vous renseigner aupr\u00e8s des soci\u00e9t\u00e9s de transport concern\u00e9es : les <a href=\"https:\/\/www.mes-allocs.fr\/guides\/aide-au-transport\/aide-au-transport-sncf\/\">aides au transport de la SNCF<\/a> sont par exemple tr\u00e8s int\u00e9ressantes.<\/p>\n<p style=\"text-align: justify;\">\u00c0 Toulouse, par exemple, les plus de 65 ans titulaires d\u2019une carte Pastel peuvent acc\u00e9der \u00e0 l\u2019abonnement annuel \u00e0 150 euros, au 31 jours \u00e0 15 euros ou aux dix d\u00e9placements \u00e0 6 euros, sans aucune d\u00e9marche. Sur pr\u00e9sentation de justificatifs, les personnes de 65 ans et plus disposant de faibles revenus (inf\u00e9rieurs ou \u00e9gaux \u00e0 860 euros) peuvent pr\u00e9tendre \u00e0 80% de r\u00e9duction ou \u00e0 la gratuit\u00e9 des transports.<\/p>\n<h2 style=\"text-align: justify;\">L\u2019aide \u00e0 la mobilit\u00e9 des personnes \u00e2g\u00e9es<\/h2>\n<p style=\"text-align: justify;\">L\u2019aide au transport des personnes \u00e2g\u00e9es est une assistance \u00e0 la mobilit\u00e9 r\u00e9serv\u00e9e aux plus de 65 ans. Accord\u00e9e par le d\u00e9partement, elle peut prendre plusieurs formes. Ces sont les titres de transport gratuits, des aides financi\u00e8res ou m\u00eame, un service d&rsquo; accompagnement d\u00e9di\u00e9. Pour tout renseignement, tournez-vous vers le service des seniors du centre communal d\u2019action sociale (CCAS) de votre domicile.<\/p>\n<h1 style=\"text-align: justify;\">Les aides de la SNCF pour le transport des personnes \u00e2g\u00e9es<\/h1>\n<p style=\"text-align: justify;\">La SNCF est l&rsquo;organisme qui s&rsquo;occupe du r\u00e9seau national en France. Il propose toute une s\u00e9rie de tarifs avantageux \u00e0 destination des seniors de plus de 60 ans. On vous en dit plus.<\/p>\n<h2 style=\"text-align: justify;\">La Carte Avantage S\u00e9nior<\/h2>\n<p style=\"text-align: justify;\">La carte \u00ab Avantages Senior \u00bb est un titre de transport qui vous permet de b\u00e9n\u00e9ficier de\u00a0r\u00e9ductions. Elle vous garantissait au quotidien 30% de r\u00e9duction en premi\u00e8re classe et en seconde classe, y compris sur les billets Prem\u2019s, en France et vers l\u2019\u00e9tranger. Les seniors avaient la possibilit\u00e9 d\u2019\u00eatre accompagn\u00e9s de trois enfants \u00e2g\u00e9s de 4 \u00e0 11 ans, lesquels b\u00e9n\u00e9ficient chacun d\u2019une r\u00e9duction de 60% du prix du billet.<\/p>\n<h2 style=\"text-align: justify;\">L&rsquo;offre D\u00e9couverte S\u00e9nior<\/h2>\n<p style=\"text-align: justify;\">Cette offre est destin\u00e9e aux seniors de 60 ans et plus qui voyagent peu en train. Elle leur donne droit \u00e0 une r\u00e9duction de 25% sur les trajets en TER. Elle est \u00e0 retrouver aux guichets des gares, sur les distributeurs de billets r\u00e9gionaux ou chez un d\u00e9positaire TER.<\/p>\n<h2 style=\"text-align: justify;\">Les tarifs pr\u00e9f\u00e9rentiels<\/h2>\n<p style=\"text-align: justify;\">Les personnes de plus de 60 ans peuvent profiter de prix sp\u00e9ciaux sur l\u2019achat de leur billet de train au d\u00e9part de Paris vers Bruxelles, Amsterdam ou Cologne. Lors d\u2019une r\u00e9servation en ligne, il faut bien sp\u00e9cifier que l\u2019on veut profiter de ce tarif.<\/p>\n<p><span style=\"font-weight: 400;\"><div class='cta-block'><div class='text'>Simulez toutes vos aides en 2 min.<\/div><a href='' class='app-button fit'>Simulation gratuite<\/a><\/div><\/span><\/p>\n","protected":false},"excerpt":{"rendered":"<p>Il existe diff\u00e9rentes aides au transport en France. Certaines offres sont d\u00e9di\u00e9es aux \u00e9tudiants, aux travailleurs ou encore aux apprentis. Mais il existe aussi des aides r\u00e9serv\u00e9es aux seniors. Dans cet article, nous allons voir ensemble quelles sont les aides au transport destin\u00e9es aux personnes \u00e2g\u00e9es. Les aides au transport pour les personnes \u00e2g\u00e9es Le [&hellip;]<\/p>\n","protected":false},"author":6,"featured_media":36791,"comment_status":"open","ping_status":"open","sticky":false,"template":"","format":"standard","meta":{"amp_status":"","footnotes":""},"categories":[5332],"tags":[],"class_list":["post-36790","post","type-post","status-publish","format-standard","has-post-thumbnail","hentry","category-aide-au-transport"],"yoast_head":"<!-- This site is optimized with the Yoast SEO plugin v14.9 - https:\/\/yoast.com\/wordpress\/plugins\/seo\/ -->\n<title>Toutes les aides au transport pour les personnes \u00e2g\u00e9es | Mes-Allocs.fr<\/title>\n<meta name=\"description\" content=\"En tant que personne ag\u00e9e, il existe des aides au trasport qui vous sont sp\u00e9cialement d\u00e9di\u00e9es. Notre \u00e9quipe vous en dit plus.\" \/>\n<meta name=\"robots\" content=\"index, follow, max-snippet:-1, max-image-preview:large, max-video-preview:-1\" \/>\n<link rel=\"canonical\" href=\"https:\/\/www.mes-allocs.fr\/guides\/aide-au-transport\/aide-au-transport-personnes-agees\/\" \/>\n<meta property=\"og:locale\" content=\"fr_FR\" \/>\n<meta property=\"og:type\" content=\"article\" \/>\n<meta property=\"og:title\" content=\"Toutes les aides au transport pour les personnes \u00e2g\u00e9es | Mes-Allocs.fr\" \/>\n<meta property=\"og:description\" content=\"En tant que personne ag\u00e9e, il existe des aides au trasport qui vous sont sp\u00e9cialement d\u00e9di\u00e9es. Notre \u00e9quipe vous en dit plus.\" \/>\n<meta property=\"og:url\" content=\"https:\/\/www.mes-allocs.fr\/guides\/aide-au-transport\/aide-au-transport-personnes-agees\/\" \/>\n<meta property=\"og:site_name\" content=\"Mes-Allocs.fr\" \/>\n<meta property=\"article:published_time\" content=\"2021-09-06T08:07:40+00:00\" \/>\n<meta property=\"article:modified_time\" content=\"2025-07-17T08:22:55+00:00\" \/>\n<meta property=\"og:image\" content=\"https:\/\/www.mes-allocs.fr\/guides\/wp-content\/uploads\/2021\/09\/aide-personne-agee--e1630670812627.jpg?wsr\" \/>\n\t<meta property=\"og:image:width\" content=\"1125\" \/>\n\t<meta property=\"og:image:height\" content=\"390\" \/>\n<meta name=\"twitter:card\" content=\"summary_large_image\" \/>\n<script type=\"application\/ld+json\" class=\"yoast-schema-graph\">{\"@context\":\"https:\/\/schema.org\",\"@graph\":[{\"@type\":\"WebSite\",\"@id\":\"https:\/\/www.mes-allocs.fr\/guides\/#website\",\"url\":\"https:\/\/www.mes-allocs.fr\/guides\/\",\"name\":\"Mes-Allocs.fr\",\"description\":\"\",\"potentialAction\":[{\"@type\":\"SearchAction\",\"target\":\"https:\/\/www.mes-allocs.fr\/guides\/?s={search_term_string}\",\"query-input\":\"required name=search_term_string\"}],\"inLanguage\":\"fr-FR\"},{\"@type\":\"ImageObject\",\"@id\":\"https:\/\/www.mes-allocs.fr\/guides\/aide-au-transport\/aide-au-transport-personnes-agees\/#primaryimage\",\"inLanguage\":\"fr-FR\",\"url\":\"https:\/\/www.mes-allocs.fr\/guides\/wp-content\/uploads\/2021\/09\/aide-personne-agee--e1630670812627.jpg?wsr\",\"width\":1125,\"height\":390,\"caption\":\"aide au transport personnes agees\"},{\"@type\":\"WebPage\",\"@id\":\"https:\/\/www.mes-allocs.fr\/guides\/aide-au-transport\/aide-au-transport-personnes-agees\/#webpage\",\"url\":\"https:\/\/www.mes-allocs.fr\/guides\/aide-au-transport\/aide-au-transport-personnes-agees\/\",\"name\":\"Toutes les aides au transport pour les personnes \\u00e2g\\u00e9es | Mes-Allocs.fr\",\"isPartOf\":{\"@id\":\"https:\/\/www.mes-allocs.fr\/guides\/#website\"},\"primaryImageOfPage\":{\"@id\":\"https:\/\/www.mes-allocs.fr\/guides\/aide-au-transport\/aide-au-transport-personnes-agees\/#primaryimage\"},\"datePublished\":\"2021-09-06T08:07:40+00:00\",\"dateModified\":\"2025-07-17T08:22:55+00:00\",\"author\":{\"@id\":\"https:\/\/www.mes-allocs.fr\/guides\/#\/schema\/person\/0ecd61a8600573914d00d970a588c024\"},\"description\":\"En tant que personne ag\\u00e9e, il existe des aides au trasport qui vous sont sp\\u00e9cialement d\\u00e9di\\u00e9es. Notre \\u00e9quipe vous en dit plus.\",\"inLanguage\":\"fr-FR\"},{\"@type\":\"Person\",\"@id\":\"https:\/\/www.mes-allocs.fr\/guides\/#\/schema\/person\/0ecd61a8600573914d00d970a588c024\",\"name\":\"Jonathan\",\"image\":{\"@type\":\"ImageObject\",\"@id\":\"https:\/\/www.mes-allocs.fr\/guides\/#personlogo\",\"inLanguage\":\"fr-FR\",\"url\":\"https:\/\/www.mes-allocs.fr\/guides\/wp-content\/uploads\/2021\/06\/jonathan-150x150.png\",\"caption\":\"Jonathan\"},\"description\":\"Jonathan est r\\u00e9dacteur au sein de l'\\u00e9quipe Mes Allocs, sp\\u00e9cialis\\u00e9 sur les sujets li\\u00e9s au handicap. Dipl\\u00f4m\\u00e9e de l'UPEM, il rejoint Mes Allocs apr\\u00e8s avoir travaill\\u00e9 \\u00e0 l'association AEDE qui accompagne les adultes en situation de handicap. Quand il n'\\u00e9crit pas, on peut le retrouver sur un terrain de basket.\",\"sameAs\":[\"https:\/\/www.linkedin.com\/in\/jonathan-bambela-8637861b7\"]}]}<\/script>\n<!-- \/ Yoast SEO plugin. -->","amp_validity":null,"acf":{"faq":{"1":{"question":"\ud83e\udd37 Existe-t-il des aides de la SNCF ? ","answer":"Oui, il existe diff\u00e9rentes aides de la SNCF comme la carte avantage s\u00e9nior ou bien l'offre d\u00e9couverte s\u00e9nior."},"2":{"question":"\ud83e\udd14 Vers qui se tourner pour les aides locales ? ","answer":"Pour b\u00e9n\u00e9ficier de tarifs avantageux, vous pouvez vous tourner vers la compagnie de transports ou bien vers votre municipalit\u00e9. "},"3":{"question":"\ud83e\udd37 Peut-on cumuler certaines aides ? ","answer":"Pour le cumul de ces aides, il se fait au cas par cas. Il est pr\u00e9f\u00e9rable que vous vous tournez vers votre compagnie de transports. "},"4":{"question":"\ud83e\udd1d Les aides varient-elles selon les r\u00e9gions ? ","answer":"Oui, les diff\u00e9rentes aides au transport vont varier selon les r\u00e9gions. \r\n<br> <a href=\u201chttps:\/\/www.mes-allocs.fr\/guides\/aide-au-transport\/aide-au-transport-par-region\/\u201d>Lire la suite<\/a>\r\n"},"5":{"question":"\ud83e\udd14 Existe-t-il des aides pour les ch\u00f4meurs ? ","answer":"Oui tout \u00e0 fait ! Nous vous invitions \u00e0 lire l'article d\u00e9di\u00e9 \u00e0 ce sujet. \r\n<br> <a href=\u201chttps:\/\/www.mes-allocs.fr\/guides\/aide-au-transport\/aide-au-transport-chomeur\/ \u201d>Lire la suite<\/a>\r\n"},"6":{"question":"","answer":""},"7":{"question":"","answer":""},"8":{"question":"","answer":""},"9":{"question":"","answer":""},"10":{"question":"","answer":""},"11":{"question":"","answer":""},"12":{"question":"","answer":""},"13":{"question":"","answer":""},"14":{"question":"","answer":""},"15":{"question":"","answer":""},"16":{"question":"","answer":""}}},"_links":{"self":[{"href":"https:\/\/www.mes-allocs.fr\/guides\/wp-json\/wp\/v2\/posts\/36790","targetHints":{"allow":["GET"]}}],"collection":[{"href":"https:\/\/www.mes-allocs.fr\/guides\/wp-json\/wp\/v2\/posts"}],"about":[{"href":"https:\/\/www.mes-allocs.fr\/guides\/wp-json\/wp\/v2\/types\/post"}],"author":[{"embeddable":true,"href":"https:\/\/www.mes-allocs.fr\/guides\/wp-json\/wp\/v2\/users\/6"}],"replies":[{"embeddable":true,"href":"https:\/\/www.mes-allocs.fr\/guides\/wp-json\/wp\/v2\/comments?post=36790"}],"version-history":[{"count":13,"href":"https:\/\/www.mes-allocs.fr\/guides\/wp-json\/wp\/v2\/posts\/36790\/revisions"}],"predecessor-version":[{"id":102444,"href":"https:\/\/www.mes-allocs.fr\/guides\/wp-json\/wp\/v2\/posts\/36790\/revisions\/102444"}],"wp:featuredmedia":[{"embeddable":true,"href":"https:\/\/www.mes-allocs.fr\/guides\/wp-json\/wp\/v2\/media\/36791"}],"wp:attachment":[{"href":"https:\/\/www.mes-allocs.fr\/guides\/wp-json\/wp\/v2\/media?parent=36790"}],"wp:term":[{"taxonomy":"category","embeddable":true,"href":"https:\/\/www.mes-allocs.fr\/guides\/wp-json\/wp\/v2\/categories?post=36790"},{"taxonomy":"post_tag","embeddable":true,"href":"https:\/\/www.mes-allocs.fr\/guides\/wp-json\/wp\/v2\/tags?post=36790"}],"curies":[{"name":"wp","href":"https:\/\/api.w.org\/{rel}","templated":true}]}}