{"id":36763,"date":"2021-09-03T11:51:41","date_gmt":"2021-09-03T09:51:41","guid":{"rendered":"https:\/\/www.mes-allocs.fr\/guides\/?p=36763"},"modified":"2026-01-22T18:04:49","modified_gmt":"2026-01-22T17:04:49","slug":"cumul-prepare-cmg","status":"publish","type":"post","link":"https:\/\/www.mes-allocs.fr\/guides\/allocations-familiales\/paje\/prepare-caf\/cumul-prepare-caf\/cumul-prepare-cmg\/","title":{"rendered":"Comment se passe le cumul des aides PreParE et CMG en 2026 ?"},"content":{"rendered":"<p><img loading=\"lazy\" decoding=\"async\" class=\"aligncenter wp-image-36768 size-full\" title=\"freres et soeurs\" src=\"https:\/\/www.mes-allocs.fr\/guides\/wp-content\/uploads\/2021\/09\/freres-et-soeurs--e1687246856935.jpg\" alt=\"cumul prepare CMG\" width=\"1141\" height=\"162\" \/><\/p>\n<p style=\"text-align: justify;\">[Mis \u00e0 jour le 22\/01\/2026] La PAJE est un ensemble d&rsquo;<a href=\"https:\/\/www.mes-allocs.fr\/guides\/allocations-familiales\">allocations familiales<\/a> d\u00e9livr\u00e9es par la CAF. Elles permettent aux familles de b\u00e9n\u00e9ficier d&rsquo;aides financi\u00e8res pour l&rsquo;arriv\u00e9e d&rsquo;un enfant. Ces aides couvrent aussi les frais d&rsquo;\u00e9ducation. Nous allons voir s&rsquo;il est possible de cumuler la PreParE avec le CMG.<\/p>\n<div class='cta-block'><div class='text'>Simulez toutes vos aides en 2 min. Gratuit.<\/div><a href='https:\/\/www.mes-allocs.fr\/ab-app?origin=guides\/wp-json\/wp\/v2\/posts\/36763' class='app-button fit'>Simulation gratuite<\/a><\/div>\n<hr \/>\n<h1 style=\"text-align: justify;\"><span id=\"Quest-ce_que_la_PAJE\"><strong>Qu\u2019est-ce que la PAJE ?<\/strong><\/span><\/h1>\n<h2 style=\"text-align: justify;\">Point de rappel<\/h2>\n<p style=\"text-align: justify;\"><span class=\"amp-wp-fe3f5cc\" data-amp-original-style=\"font-weight: 400;\">La prestation d\u2019accueil du jeune enfant (PAJE) est une prestation familiales et une aide financi\u00e8re destin\u00e9e \u00e0 aider une famille \u00e0 financer les d\u00e9penses li\u00e9es \u00e0 l\u2019entretien et \u00e0 l\u2019\u00e9ducation d\u00e8s la naissance de l\u2019enfant.\u00a0<\/span><\/p>\n<p style=\"text-align: justify;\"><span class=\"amp-wp-fe3f5cc\" data-amp-original-style=\"font-weight: 400;\">Cette aide est destin\u00e9e aux parents d\u2019 enfants n\u00e9s ou adopt\u00e9s<\/span><\/p>\n<p style=\"text-align: justify;\"><span class=\"amp-wp-fe3f5cc\" data-amp-original-style=\"font-weight: 400;\">Depuis le 1er janvier 2015, elle est vers\u00e9e le mois suivant la naissance ou l\u2019adoption.<\/span><\/p>\n<p style=\"text-align: justify;\"><span class=\"amp-wp-fe3f5cc\" data-amp-original-style=\"font-weight: 400;\">Elle est vers\u00e9e une fois par mois par la Caisse d\u2019Allocations Familiales (CAF) ou la Mutualit\u00e9 Sociale Agricole (MSA) aux familles dont les revenus ne d\u00e9passent pas certains plafonds de ressources. Vous devez donc \u00eatre allocataire de l\u2019un de ces deux organismes pour en b\u00e9n\u00e9ficier.<\/span><\/p>\n<p style=\"text-align: justify;\"><span class=\"amp-wp-fe3f5cc\" data-amp-original-style=\"font-weight: 400;\">Les aides qui composent la PAJE sont les suivantes :<\/span><\/p>\n<ul style=\"text-align: justify;\">\n<li class=\"amp-wp-fe3f5cc\" data-amp-original-style=\"font-weight: 400;\"><span class=\"amp-wp-fe3f5cc\" data-amp-original-style=\"font-weight: 400;\">La prime \u00e0 l\u2019adoption ou prime \u00e0 la naissance, qui fait face aux premi\u00e8res d\u00e9penses et est vers\u00e9e en une seule fois\u00a0<\/span><\/li>\n<li class=\"amp-wp-fe3f5cc\" data-amp-original-style=\"font-weight: 400;\"><span class=\"amp-wp-fe3f5cc\" data-amp-original-style=\"font-weight: 400;\">L\u2019allocation de base, qui permet de supporter les d\u00e9penses li\u00e9es \u00e0 l\u2019\u00e9ducation de l\u2019enfant, vers\u00e9e chaque mois avant l\u2019\u00e2ge de trois ans\u00a0<\/span><\/li>\n<li class=\"amp-wp-fe3f5cc\" data-amp-original-style=\"font-weight: 400;\"><span class=\"amp-wp-fe3f5cc\" data-amp-original-style=\"font-weight: 400;\">Le compl\u00e9ment de libre choix du mode de garde, qui aide \u00e0 engager des d\u00e9penses de garde de l\u2019enfant, consiste en une prise en charge partielle ou totale des frais de l\u2019assistante maternelle agr\u00e9\u00e9e\u00a0<\/span><\/li>\n<li class=\"amp-wp-fe3f5cc\" data-amp-original-style=\"font-weight: 400;\"><span class=\"amp-wp-fe3f5cc\" data-amp-original-style=\"font-weight: 400;\">La prestation partag\u00e9e d\u2019\u00e9ducation de l\u2019enfant (PreParE), distribu\u00e9e lorsque les parents cessent ou r\u00e9duisent leur activit\u00e9 professionnelle pour \u00e9lever l\u2019enfant, est vers\u00e9e en fonction du nombre d\u2019enfants \u00e0 charge.<\/span><\/li>\n<\/ul>\n<p style=\"text-align: justify;\"><span class=\"amp-wp-fe3f5cc\" data-amp-original-style=\"font-weight: 400;\">Ces prestations sont cumulables entre elles, sauf dans les cas suivants :<\/span><\/p>\n<ul style=\"text-align: justify;\">\n<li class=\"amp-wp-fe3f5cc\" style=\"text-align: justify;\" data-amp-original-style=\"font-weight: 400;\"><span class=\"amp-wp-fe3f5cc\" data-amp-original-style=\"font-weight: 400;\">Vous ne pouvez percevoir deux allocations de base en m\u00eame temps, sauf pour les naissances multiples ou les cas d\u2019adoptions simultan\u00e9es\u00a0<\/span><\/li>\n<li class=\"amp-wp-fe3f5cc\" data-amp-original-style=\"font-weight: 400;\"><span class=\"amp-wp-fe3f5cc\" data-amp-original-style=\"font-weight: 400;\">Vous et votre conjoint ne pouvez pas toucher chacun le CLCA \u00e0 taux plein ou une PreParE\u00a0<\/span><\/li>\n<li class=\"amp-wp-fe3f5cc\" data-amp-original-style=\"font-weight: 400;\"><span class=\"amp-wp-fe3f5cc\" data-amp-original-style=\"font-weight: 400;\">Vous ne pouvez pas cumuler le CMG avec le CLCA ou une PreParE \u00e0 taux plein\u00a0<\/span><\/li>\n<li class=\"amp-wp-fe3f5cc\" data-amp-original-style=\"font-weight: 400;\"><span class=\"amp-wp-fe3f5cc\" data-amp-original-style=\"font-weight: 400;\">Le CLCA n\u2019est pas cumulable avec une PreParE, quel que soit le taux de cette derni\u00e8re.<\/span><\/li>\n<\/ul>\n<p style=\"text-align: justify;\"><span class=\"amp-wp-fe3f5cc\" data-amp-original-style=\"font-weight: 400;\">Il est \u00e0 noter que les prestations de la PAJE sont \u00e9galement cumulables avec d\u2019autres aides<\/span><\/p>\n<p style=\"text-align: justify;\"><div class='cta-block'><div class='text'>Simulez toutes vos aides en 2 min. Gratuit.<\/div><a href='https:\/\/www.mes-allocs.fr\/ab-app?origin=guides\/wp-json\/wp\/v2\/posts\/36763' class='app-button fit'>Simulation gratuite<\/a><\/div><\/p>\n<h2 style=\"text-align: justify;\">Qui peut b\u00e9n\u00e9ficier de l&rsquo;aide ?<\/h2>\n<p style=\"text-align: justify;\">Les aides de la PAJE font parties des allocations familiales. Pour en b\u00e9n\u00e9ficier, il faut donc naturellement avoir des enfants comme pour la plupart des prestations familiales.<br \/>\nCependant, comme son nom l&rsquo;indique, la Prestation d&rsquo;Accueil du Jeune Enfant est r\u00e9serv\u00e9e aux parents qui viennent ou qui vont accueillir un enfant. L&rsquo;accueil de l&rsquo;enfant peut \u00eatre d\u00fb \u00e0 une naissance ou bien \u00e0 une adoption. Pour l&rsquo;adoption, vous allez b\u00e9n\u00e9ficier de la PreParE.<\/p>\n<p style=\"text-align: justify;\">Pour b\u00e9n\u00e9ficier des aides de la PAJE, il vous faudra remplir les 2 conditions suivantes\u00a0:<\/p>\n<ul style=\"text-align: justify;\">\n<li>Vous avez un enfant \u00e0 charge de moins de 3 ans<\/li>\n<li>Vos revenus sont inf\u00e9rieurs \u00e0 un certain plafond.<\/li>\n<\/ul>\n<h2 style=\"text-align: justify;\">Le cumul de la PAJE<\/h2>\n<p style=\"text-align: justify;\">Les prestations de la PAJE (la prime \u00e0 la naissance ou \u00e0 l\u2019adoption, l\u2019allocation de base, la prestation partag\u00e9e d&rsquo;\u00e9ducation de l&rsquo;enfant, le compl\u00e9ment de libre choix du mode de garde) sont cumulables entre elles. Cependant, il existe quelques variations.<\/p>\n<p style=\"text-align: justify;\">Vous ne pouvez pas recevoir en m\u00eame temps deux allocations de base, sauf en cas de naissances multiples ou d\u2019adoptions simultan\u00e9es. Vous et votre conjoint ne pouvez pas recevoir chacun une prestation partag\u00e9e d&rsquo;\u00e9ducation de l&rsquo;enfant \u00e0 taux plein(seulement deux prestations \u00e0 taux partiel au montant maximum d&rsquo;une prestation \u00e0 taux plein).<\/p>\n<p style=\"text-align: justify;\">Cependant, d\u2019autres allocations ne peuvent pas \u00eatre vers\u00e9es simultan\u00e9ment avec une prestation de la PAJE. Il s&rsquo;agit notamment du\u00a0compl\u00e9ment familial avec l\u2019allocation de base, avec la prestation partag\u00e9e d\u2019\u00e9ducation de l\u2019enfant de la PAJE et de\u00a0l\u2019allocation journali\u00e8re de pr\u00e9sence parentale avec la prestation partag\u00e9e d\u2019\u00e9ducation de l\u2019enfant pour le m\u00eame b\u00e9n\u00e9ficiaire ;<\/p>\n<p style=\"text-align: justify;\">Vous ne pouvez pas b\u00e9n\u00e9ficier de la prestation partag\u00e9e d\u2019\u00e9ducation de l\u2019enfant, si vous percevez\u00a0des indemnit\u00e9s journali\u00e8res (maladie, maternit\u00e9, etc.),\u00a0une pension d\u2019invalidit\u00e9 ou de retraite et enfin,\u00a0des allocations de ch\u00f4mage. Pour ces allocations, vous pouvez demander leur suspension provisoire afin de pouvoir b\u00e9n\u00e9ficier de la prestation.<\/p>\n<p><iframe loading=\"lazy\" title=\"La PreParE\" width=\"500\" height=\"281\" src=\"https:\/\/www.youtube.com\/embed\/J5B2ttL9WS8?feature=oembed\" frameborder=\"0\" allow=\"accelerometer; autoplay; clipboard-write; encrypted-media; gyroscope; picture-in-picture; web-share\" referrerpolicy=\"strict-origin-when-cross-origin\" allowfullscreen><\/iframe><\/p>\n<h1 style=\"text-align: justify;\">Est-il possible de cumuler PreParE et CMG ?<\/h1>\n<h2 style=\"text-align: justify;\">Petit retour sur les deux aides<\/h2>\n<h3 class=\"amp-wp-7d27179 amp-wp-7d27179\" style=\"text-align: justify;\" data-amp-original-style=\"text-align: justify;\"><span id=\"La_PreParE_De_quoi_parle-t-on\">En quoi consiste la PreParE ? <\/span><\/h3>\n<p class=\"amp-wp-7d27179 amp-wp-7d27179\" style=\"text-align: justify;\" data-amp-original-style=\"text-align: justify;\">La Prestation Partag\u00e9e d\u2019\u00c9ducation de l\u2019Enfant (PreParE) est une aide sociale vers\u00e9e par la CAF.<\/p>\n<p class=\"amp-wp-7d27179 amp-wp-7d27179 amp-wp-7d27179\" style=\"text-align: justify;\" data-amp-original-style=\"text-align: justify;\"><span class=\"amp-wp-57c6437\" data-amp-original-style=\"font-size: 12pt;\">De mani\u00e8re concr\u00e8te, la PreParE vous aide \u00e0 prendre du temps pour profiter le plus possible de votre jeune enfant.\u00a0<\/span><span class=\"amp-wp-57c6437\" data-amp-original-style=\"font-size: 12pt;\">La prestation partag\u00e9e d\u2019\u00e9ducation de l\u2019enfant (PreParE) est une aide financi\u00e8re qui vous permet, que vous soyez parent isol\u00e9 ou en couple, de cesser ou de r\u00e9duire votre activit\u00e9 professionnelle. Le but \u00e9tant de pouvoir passer du temps avec votre ou vos enfants \u00e2g\u00e9s de moins de 3 ans.<\/span><\/p>\n<p class=\"amp-wp-7d27179 amp-wp-7d27179 amp-wp-7d27179\" style=\"text-align: justify;\" data-amp-original-style=\"text-align: justify;\"><span class=\"amp-wp-57c6437\" data-amp-original-style=\"font-size: 12pt;\">Cette aide fait partie de la Prestation d\u2019Accueil du Jeune Enfant (PAJE), qui elle-m\u00eame est un dispositif d\u2019aide de la\u00a0Caisse d\u2019Allocations Familiales et de la Mutualit\u00e9 Sociale Agricole (MSA).<\/span><\/p>\n<h3 class=\"amp-wp-7d27179\" style=\"text-align: justify;\" data-amp-original-style=\"text-align: justify;\"><span id=\"Formes_de_la_PreParE\">Quelles sont les formes de la PreParE ?<\/span><\/h3>\n<p class=\"amp-wp-7d27179 amp-wp-7d27179\" style=\"text-align: justify;\" data-amp-original-style=\"text-align: justify;\">Il existe deux formes de PreParE :<\/p>\n<ul class=\"amp-wp-7d27179 amp-wp-7d27179\" style=\"text-align: justify;\" data-amp-original-style=\"text-align: justify;\">\n<li data-amp-original-style=\"text-align: justify;\">La PreParE simple<\/li>\n<li data-amp-original-style=\"text-align: justify;\">La PreParE major\u00e9e<\/li>\n<\/ul>\n<p class=\"amp-wp-7d27179 amp-wp-7d27179\" style=\"text-align: justify;\" data-amp-original-style=\"text-align: justify;\">La PreParE major\u00e9e donne droit \u00e0 un montant sup\u00e9rieur \u00e0 celui de la PreParE mais est vers\u00e9e moins longtemps que la PreParE (simple). Ce choix est disponible pour les m\u00e9nages ayant au moins trois enfants \u00e0 charge.<\/p>\n<p style=\"text-align: justify;\" data-amp-original-style=\"text-align: justify;\"><div class='cta-block'><div class='text'>Simulez toutes vos aides en 2 min. Gratuit.<\/div><a href='https:\/\/www.mes-allocs.fr\/ab-app?origin=guides\/wp-json\/wp\/v2\/posts\/36763' class='app-button fit'>Simulation gratuite<\/a><\/div><\/p>\n<h3 class=\"amp-wp-7d27179\" style=\"text-align: justify;\" data-amp-original-style=\"text-align: justify;\"><span id=\"Avec_quoi_est-il_possible_de_cumuler_laide\">Avec quoi est-il possible de cumuler l\u2019aide ?<\/span><\/h3>\n<p class=\"amp-wp-7d27179\" style=\"text-align: justify;\" data-amp-original-style=\"text-align: justify;\">En g\u00e9n\u00e9ral, les diff\u00e9rentes aides de la CAF peuvent \u00eatre cumulables sous diff\u00e9rentes conditions. Pour la PreParE simple ou major\u00e9e, les cas sont quelque peu diff\u00e9rents. On vous explique tout.<\/p>\n<p class=\"amp-wp-7d27179\" style=\"text-align: justify;\" data-amp-original-style=\"text-align: justify;\">Pour la PreParE simple, voici les diff\u00e9rentes aides qui peuvent \u00eatre cumul\u00e9s:<\/p>\n<p class=\"amp-wp-7d27179\" style=\"text-align: justify;\" data-amp-original-style=\"text-align: justify;\">Concernant les diff\u00e9rentes indemnit\u00e9s de cong\u00e9 maternit\u00e9, paternit\u00e9 ou d\u2019adoption, l\u2019aide n\u2019est pas cumulable\u00a0\u00e0 taux plein sauf pendant le 1<sup>er<\/sup> mois de versement de la PreParE si vous avez seulement un seul enfant \u00e0 charge.<\/p>\n<p class=\"amp-wp-7d27179\" style=\"text-align: justify;\" data-amp-original-style=\"text-align: justify;\">Pour les indemnit\u00e9s de cong\u00e9 de maladie ou d\u2019accident du travail, l\u2019aide n\u2019est pas cumulable \u00e0 taux plein sauf pendant le 1<sup>er<\/sup> mois de versement de la PreParE si vous avez seulement un seul enfant \u00e0 charge.<\/p>\n<p class=\"amp-wp-7d27179\" style=\"text-align: justify;\" data-amp-original-style=\"text-align: justify;\">Pour les allocations ch\u00f4mage, c\u2019est quelque peu diff\u00e9rent. L\u2019aide n\u2019est pas cumulable, cependant,\u00a0vous pouvez demander \u00e0 suspendre vos allocations qui reprendront \u00e0 la fin des droits \u00e0 la PreParE.<\/p>\n<p class=\"amp-wp-7d27179\" style=\"text-align: justify;\" data-amp-original-style=\"text-align: justify;\">Une question reste fondamentale: peut-on cumuler la PreParE avec son salaire ? La r\u00e9ponse est non sauf 2 mois en cas de reprise d\u2019activit\u00e9 professionnelle, si l\u2019enfant a de 18 \u00e0 29 mois et que le parent a au moins 2 enfants \u00e0 charge.<\/p>\n<p class=\"amp-wp-7d27179\" style=\"text-align: justify;\" data-amp-original-style=\"text-align: justify;\">Enfin, pour les indemnit\u00e9s de cong\u00e9s pay\u00e9s, le compl\u00e9ment familial et pour les diff\u00e9rentes pensions de retraite et d\u2019invalidit\u00e9, l\u2019aide n\u2019est pas cumulable quelque soit les conditions et les param\u00e8tres.<\/p>\n<p style=\"text-align: justify;\" data-amp-original-style=\"text-align: justify;\"><div class='cta-block'><div class='text'>Simulez toutes vos aides en 2 min. Gratuit.<\/div><a href='https:\/\/www.mes-allocs.fr\/ab-app?origin=guides\/wp-json\/wp\/v2\/posts\/36763' class='app-button fit'>Simulation gratuite<\/a><\/div><\/p>\n<h2 class=\"amp-wp-7d27179 amp-wp-7d27179\" style=\"text-align: justify;\" data-amp-original-style=\"text-align: justify;\"><span id=\"Le_complement_de_libre_choix_du_mode_de_garde\">L<span class=\"amp-wp-fe3f5cc\" data-amp-original-style=\"font-weight: 400;\">e compl\u00e9ment de libre choix du mode de garde<\/span><\/span><\/h2>\n<p class=\"amp-wp-7d27179 amp-wp-7d27179 amp-wp-7d27179\" style=\"text-align: justify;\" data-amp-original-style=\"text-align: justify;\"><span class=\"amp-wp-57c6437\" data-amp-original-style=\"font-size: 12pt;\">Le compl\u00e9ment de libre choix du Mode de Garde (CMG) est une subvention du large dispositif qu\u2019est la Prestation d\u2019Accueil du Jeune Enfant (PAJE). Ce dernier fait partie des prestations familiales qui vous sont allou\u00e9es par la Caisse d\u2019Allocation Familiale (CAF) ou la Mutualit\u00e9 Sociale Agricole (MSA), si vous d\u00e9pendez du r\u00e9gime agricole.\u00a0<\/span><\/p>\n<p class=\"amp-wp-7d27179 amp-wp-7d27179 amp-wp-7d27179\" style=\"text-align: justify;\" data-amp-original-style=\"text-align: justify;\"><span class=\"amp-wp-57c6437\" data-amp-original-style=\"font-size: 12pt;\">Le CMG est une prise en charge partielle ou compl\u00e8te des frais que vous engagez lorsque vous avez recours \u00e0 une assistante maternelle, que vous faites garder votre enfant \u00e0 domicile ou que vous le placez en micro-cr\u00e8che.<\/span><\/p>\n<p class=\"amp-wp-7d27179 amp-wp-7d27179 amp-wp-7d27179\" style=\"text-align: justify;\" data-amp-original-style=\"text-align: justify;\"><span class=\"amp-wp-57c6437\" data-amp-original-style=\"font-size: 12pt;\">L\u2019objectif de l\u2019aide familiale est de permettre aux jeunes m\u00e8res de continuer \u00e0 exercer leur activit\u00e9 professionnelle en les aidant \u00e0 faire garder leur enfant.<\/span><\/p>\n<p class=\"amp-wp-7d27179 amp-wp-7d27179 amp-wp-7d27179\" style=\"text-align: justify;\" data-amp-original-style=\"text-align: justify;\"><span class=\"amp-wp-fe3f5cc\" data-amp-original-style=\"font-weight: 400;\">Le montant maximal de compl\u00e9ment de libre choix du Mode de Garde est \u00e9tabli selon des plafonds de ressources qui varient en fonction du nombre d\u2019enfants qui sont \u00e0 votre charge. Si vous faites garder votre enfant par un(e) salari\u00e9(e) \u00e0 votre domicile ou une assistante maternelle, le co\u00fbt horaire de la garde choisie et le nombre d&rsquo;heures de garde effectu\u00e9es par mois auront \u00e9galement un impact sur le calcul du montant de votre CMG.<br \/>\n<\/span><\/p>\n<p class=\"amp-wp-7d27179 amp-wp-7d27179 amp-wp-7d27179\" style=\"text-align: justify;\" data-amp-original-style=\"text-align: justify;\"><span class=\"amp-wp-fe3f5cc\" data-amp-original-style=\"font-weight: 400;\">C\u2019est le revenu net cat\u00e9goriel (calcul\u00e9 par la somme de vos ressources diminu\u00e9es de vos charges et des abattements fiscaux dont vous b\u00e9n\u00e9ficiez) de l\u2019avant derni\u00e8re ann\u00e9e qui est pris en compte.<\/span><\/p>\n<p class=\"amp-wp-7d27179 amp-wp-7d27179\" style=\"text-align: justify;\" data-amp-original-style=\"text-align: justify;\">Pour l\u2019aide, il existe deux cas de figure. Soit vous embauchez vous-m\u00eame une assistante maternelle, soit vous passez par un organisme qui emploie plusieurs assistantes maternelles.<\/p>\n<h3 class=\"amp-wp-7d27179\" style=\"text-align: justify;\" data-amp-original-style=\"text-align: justify;\"><span id=\"En_cas_dembauche_directe\">En cas d\u2019embauche directe<\/span><\/h3>\n<p class=\"amp-wp-7d27179\" style=\"text-align: justify;\" data-amp-original-style=\"text-align: justify;\">Dans ce cas de figure, vous employez directement une assistante maternelle. De fait, votre enfant sera gard\u00e9 \u00e0 son domicile. Sa r\u00e9mun\u00e9ration brute ne doit pas d\u00e9passer 59,40 <span class=\"prix\">\u20ac<\/span> par jour et par enfant gard\u00e9.\u00a0Le compl\u00e9ment d\u2019aide de la CAF prend en charge jusqu\u2019\u00e0 <span class=\"prix\">100 %<\/span> de la r\u00e9mun\u00e9ration.<\/p>\n<p class=\"amp-wp-7d27179\" style=\"text-align: justify;\" data-amp-original-style=\"text-align: justify;\">Concernant votre enfant, il doit avoir moins de 6 ans (ou jusqu&rsquo;\u00e0 12 ans si vous \u00eates une famille monoparentale) et il doit \u00eatre gard\u00e9 au moins 16 heures par mois.<\/p>\n<div class=\"bloc-edito bloc-aNoter amp-wp-7d27179\" data-amp-original-style=\"text-align: justify;\">\n<p class=\"bloc-edito-title\" style=\"text-align: justify;\">Si vous \u00eates en couple, pour b\u00e9n\u00e9ficier du compl\u00e9ment de libre choix du mode de garde (CMG), vous devez travailler.<\/p>\n<p style=\"text-align: justify;\">Il suffit que vous ou votre conjoint (\u00e9poux ou partenaire de Pacs ou concubin) remplisse cette condition.<\/p>\n<div class='cta-block'><div class='text'>Simulez toutes vos allocations familiales en 2 min. Gratuit.<\/div><a href='https:\/\/www.mes-allocs.fr\/ab-app?origin=guides\/wp-json\/wp\/v2\/posts\/36763' class='app-button fit'>Simulation gratuite<\/a><\/div>\n<h3 style=\"text-align: justify;\"><span id=\"Via_un_organisme\">Via un organisme<\/span><\/h3>\n<p style=\"text-align: justify;\">Pour avoir droit au CMG, vous devez faire appel \u00e0 une association ou une entreprise employant des assistantes maternelles agr\u00e9\u00e9es (votre enfant est gard\u00e9 au domicile de l\u2019assistante maternelle).<\/p>\n<p style=\"text-align: justify;\">L\u2019organisme doit \u00eatre habilit\u00e9 par les services du d\u00e9partement.\u00a0Le compl\u00e9ment de la CAF prend en charge jusqu\u2019\u00e0 <span class=\"prix\">85\u00a0%<\/span> des frais dus \u00e0 l\u2019organisme.<\/p>\n<h2 style=\"text-align: justify;\">Est-il possible de cumuler la PreParE et le CMG ?<\/h2>\n<p style=\"text-align: justify;\">Ces deux aides sont donc bien des prestations de la PAJE. Mais est-il possible de cumuler ces deux aides ?\u00a0Si vous avez un emploi \u00e0 temps partiel, le CMG peut \u00eatre cumul\u00e9 avec la PreParE. Si le parent \u00e0 temps partiel a un temps de travail inf\u00e9rieur ou \u00e9gal \u00e0 50 % de son temps de travail habituel, le montant du CMG est divis\u00e9 par 2.<\/p>\n<p style=\"text-align: justify;\">Cependant, le compl\u00e9ment de libre choix du mode de garde n\u2019est pas cumulable avec une prestation partag\u00e9e d&rsquo;\u00e9ducation de l&rsquo;enfant \u00e0 taux plein. Et enfin, vous ne pouvez pas cumuler le b\u00e9n\u00e9ficie d&rsquo;un compl\u00e9ment de libre choix d\u2019activit\u00e9 avec une prestation partag\u00e9e d\u2019\u00e9ducation de l\u2019enfant quel que soit le taux.<\/p>\n<div class='cta-block'><div class='text'>Simulez toutes vos allocations familiales en 2 min. Gratuit.<\/div><a href='https:\/\/www.mes-allocs.fr\/ab-app?origin=guides\/wp-json\/wp\/v2\/posts\/36763' class='app-button fit'>Simulation gratuite<\/a><\/div>\n<\/div>\n","protected":false},"excerpt":{"rendered":"<p>[Mis \u00e0 jour le 22\/01\/2026] La PAJE est un ensemble d&rsquo;allocations familiales d\u00e9livr\u00e9es par la CAF. Elles permettent aux familles de b\u00e9n\u00e9ficier d&rsquo;aides financi\u00e8res pour l&rsquo;arriv\u00e9e d&rsquo;un enfant. Ces aides couvrent aussi les frais d&rsquo;\u00e9ducation. Nous allons voir s&rsquo;il est possible de cumuler la PreParE avec le CMG. Qu\u2019est-ce que la PAJE ? Point de [&hellip;]<\/p>\n","protected":false},"author":6,"featured_media":36768,"comment_status":"open","ping_status":"open","sticky":false,"template":"","format":"standard","meta":{"amp_status":"","footnotes":""},"categories":[10,13247,11,8924],"tags":[],"class_list":["post-36763","post","type-post","status-publish","format-standard","has-post-thumbnail","hentry","category-allocations-familiales","category-cumul-prepare-caf","category-paje","category-prepare-caf"],"yoast_head":"<!-- This site is optimized with the Yoast SEO plugin v14.9 - https:\/\/yoast.com\/wordpress\/plugins\/seo\/ -->\n<title>Cumul des aides PreParE et CMG : est-ce possible ? | Mes-Allocs.fr<\/title>\n<meta name=\"description\" content=\"La PreParE est une aide que l&#039;on peut cumuler avec d&#039;autres aides. Dans cet article, nous allons voir si tel est le cas pour le CMG.\" \/>\n<meta name=\"robots\" content=\"index, follow, max-snippet:-1, max-image-preview:large, max-video-preview:-1\" \/>\n<link rel=\"canonical\" href=\"https:\/\/www.mes-allocs.fr\/guides\/allocations-familiales\/paje\/prepare-caf\/cumul-prepare-caf\/cumul-prepare-cmg\/\" \/>\n<meta property=\"og:locale\" content=\"fr_FR\" \/>\n<meta property=\"og:type\" content=\"article\" \/>\n<meta property=\"og:title\" content=\"Cumul des aides PreParE et CMG : est-ce possible ? | Mes-Allocs.fr\" \/>\n<meta property=\"og:description\" content=\"La PreParE est une aide que l&#039;on peut cumuler avec d&#039;autres aides. Dans cet article, nous allons voir si tel est le cas pour le CMG.\" \/>\n<meta property=\"og:url\" content=\"https:\/\/www.mes-allocs.fr\/guides\/allocations-familiales\/paje\/prepare-caf\/cumul-prepare-caf\/cumul-prepare-cmg\/\" \/>\n<meta property=\"og:site_name\" content=\"Mes-Allocs.fr\" \/>\n<meta property=\"article:published_time\" content=\"2021-09-03T09:51:41+00:00\" \/>\n<meta property=\"article:modified_time\" content=\"2026-01-22T17:04:49+00:00\" \/>\n<meta property=\"og:image\" content=\"https:\/\/www.mes-allocs.fr\/guides\/wp-content\/uploads\/2021\/09\/freres-et-soeurs-.jpg?wsr\" \/>\n\t<meta property=\"og:image:width\" content=\"1141\" \/>\n\t<meta property=\"og:image:height\" content=\"750\" \/>\n<meta name=\"twitter:card\" content=\"summary_large_image\" \/>\n<script type=\"application\/ld+json\" class=\"yoast-schema-graph\">{\"@context\":\"https:\/\/schema.org\",\"@graph\":[{\"@type\":\"WebSite\",\"@id\":\"https:\/\/www.mes-allocs.fr\/guides\/#website\",\"url\":\"https:\/\/www.mes-allocs.fr\/guides\/\",\"name\":\"Mes-Allocs.fr\",\"description\":\"\",\"potentialAction\":[{\"@type\":\"SearchAction\",\"target\":\"https:\/\/www.mes-allocs.fr\/guides\/?s={search_term_string}\",\"query-input\":\"required name=search_term_string\"}],\"inLanguage\":\"fr-FR\"},{\"@type\":\"ImageObject\",\"@id\":\"https:\/\/www.mes-allocs.fr\/guides\/allocations-familiales\/paje\/prepare-caf\/cumul-prepare-caf\/cumul-prepare-cmg\/#primaryimage\",\"inLanguage\":\"fr-FR\",\"url\":\"https:\/\/www.mes-allocs.fr\/guides\/wp-content\/uploads\/2021\/09\/freres-et-soeurs-.jpg?wsr\",\"width\":1141,\"height\":750,\"caption\":\"freres et soeurs\"},{\"@type\":\"WebPage\",\"@id\":\"https:\/\/www.mes-allocs.fr\/guides\/allocations-familiales\/paje\/prepare-caf\/cumul-prepare-caf\/cumul-prepare-cmg\/#webpage\",\"url\":\"https:\/\/www.mes-allocs.fr\/guides\/allocations-familiales\/paje\/prepare-caf\/cumul-prepare-caf\/cumul-prepare-cmg\/\",\"name\":\"Cumul des aides PreParE et CMG : est-ce possible ? | Mes-Allocs.fr\",\"isPartOf\":{\"@id\":\"https:\/\/www.mes-allocs.fr\/guides\/#website\"},\"primaryImageOfPage\":{\"@id\":\"https:\/\/www.mes-allocs.fr\/guides\/allocations-familiales\/paje\/prepare-caf\/cumul-prepare-caf\/cumul-prepare-cmg\/#primaryimage\"},\"datePublished\":\"2021-09-03T09:51:41+00:00\",\"dateModified\":\"2026-01-22T17:04:49+00:00\",\"author\":{\"@id\":\"https:\/\/www.mes-allocs.fr\/guides\/#\/schema\/person\/0ecd61a8600573914d00d970a588c024\"},\"description\":\"La PreParE est une aide que l'on peut cumuler avec d'autres aides. Dans cet article, nous allons voir si tel est le cas pour le CMG.\",\"inLanguage\":\"fr-FR\"},{\"@type\":\"Person\",\"@id\":\"https:\/\/www.mes-allocs.fr\/guides\/#\/schema\/person\/0ecd61a8600573914d00d970a588c024\",\"name\":\"Jonathan\",\"image\":{\"@type\":\"ImageObject\",\"@id\":\"https:\/\/www.mes-allocs.fr\/guides\/#personlogo\",\"inLanguage\":\"fr-FR\",\"url\":\"https:\/\/www.mes-allocs.fr\/guides\/wp-content\/uploads\/2021\/06\/jonathan-150x150.png\",\"caption\":\"Jonathan\"},\"description\":\"Jonathan est r\\u00e9dacteur au sein de l'\\u00e9quipe Mes Allocs, sp\\u00e9cialis\\u00e9 sur les sujets li\\u00e9s au handicap. Dipl\\u00f4m\\u00e9e de l'UPEM, il rejoint Mes Allocs apr\\u00e8s avoir travaill\\u00e9 \\u00e0 l'association AEDE qui accompagne les adultes en situation de handicap. Quand il n'\\u00e9crit pas, on peut le retrouver sur un terrain de basket.\",\"sameAs\":[\"https:\/\/www.linkedin.com\/in\/jonathan-bambela-8637861b7\"]}]}<\/script>\n<!-- \/ Yoast SEO plugin. -->","amp_validity":null,"acf":{"faq":{"1":{"question":"Comment demander la PAJE ?","answer":"Vous devez remplir un formulaire et fournir certaines pi\u00e8ces justificatives \u00e0 la Caisse d\u2019Allocations Familiales (CAF) ou \u00e0 la Mutualit\u00e9 Sociale Agricole (MSA). Vous pouvez aussi demander \u00e0 Mes Allocs de faire toutes les d\u00e9marches administratives \u00e0 votre place."},"2":{"question":"Quand s'arr\u00eate le paiement de la PAJE ?","answer":"Tant que la famille remplit les conditions de ressources, le versement continue tous les mois jusqu'\u00e0 celui pr\u00e9c\u00e9dant le 3e anniversaire."},"3":{"question":"Qu'est-ce que la PreParE ?","answer":"La Prestation partag\u00e9e d'\u00e9ducation de l'enfant (PreParE) est une aide financi\u00e8re destin\u00e9e aux jeunes parents qui souhaitent cesser ou r\u00e9duire leur activit\u00e9 professionnelle."},"4":{"question":"Comment demander le Compl\u00e9ment de libre choix du Mode de Garde (CMG) ?","answer":"Vous devez remplir un formulaire et fournir certaines pi\u00e8ces justificatives \u00e0 la Caisse d\u2019Allocations Familiales (CAF) ou \u00e0 la Mutualit\u00e9 Sociale Agricole (MSA). Vous pouvez aussi demander \u00e0 Mes Allocs de faire toutes les d\u00e9marches administratives \u00e0 votre place."},"5":{"question":"Qu'est-ce que la PreParE major\u00e9e ?","answer":"La PreParE major\u00e9e donne droit \u00e0 un montant sup\u00e9rieur \u00e0 celui de la PreParE mais est vers\u00e9e moins longtemps que la PreParE (simple)"},"6":{"question":"","answer":""},"7":{"question":"","answer":""},"8":{"question":"","answer":""},"9":{"question":"","answer":""},"10":{"question":"","answer":""},"11":{"question":"","answer":""},"12":{"question":"","answer":""},"13":{"question":"","answer":""},"14":{"question":"","answer":""},"15":{"question":"","answer":""},"16":{"question":"","answer":""}}},"_links":{"self":[{"href":"https:\/\/www.mes-allocs.fr\/guides\/wp-json\/wp\/v2\/posts\/36763","targetHints":{"allow":["GET"]}}],"collection":[{"href":"https:\/\/www.mes-allocs.fr\/guides\/wp-json\/wp\/v2\/posts"}],"about":[{"href":"https:\/\/www.mes-allocs.fr\/guides\/wp-json\/wp\/v2\/types\/post"}],"author":[{"embeddable":true,"href":"https:\/\/www.mes-allocs.fr\/guides\/wp-json\/wp\/v2\/users\/6"}],"replies":[{"embeddable":true,"href":"https:\/\/www.mes-allocs.fr\/guides\/wp-json\/wp\/v2\/comments?post=36763"}],"version-history":[{"count":15,"href":"https:\/\/www.mes-allocs.fr\/guides\/wp-json\/wp\/v2\/posts\/36763\/revisions"}],"predecessor-version":[{"id":108288,"href":"https:\/\/www.mes-allocs.fr\/guides\/wp-json\/wp\/v2\/posts\/36763\/revisions\/108288"}],"wp:featuredmedia":[{"embeddable":true,"href":"https:\/\/www.mes-allocs.fr\/guides\/wp-json\/wp\/v2\/media\/36768"}],"wp:attachment":[{"href":"https:\/\/www.mes-allocs.fr\/guides\/wp-json\/wp\/v2\/media?parent=36763"}],"wp:term":[{"taxonomy":"category","embeddable":true,"href":"https:\/\/www.mes-allocs.fr\/guides\/wp-json\/wp\/v2\/categories?post=36763"},{"taxonomy":"post_tag","embeddable":true,"href":"https:\/\/www.mes-allocs.fr\/guides\/wp-json\/wp\/v2\/tags?post=36763"}],"curies":[{"name":"wp","href":"https:\/\/api.w.org\/{rel}","templated":true}]}}