{"id":36557,"date":"2021-09-01T13:31:51","date_gmt":"2021-09-01T11:31:51","guid":{"rendered":"https:\/\/www.mes-allocs.fr\/guides\/?p=36557"},"modified":"2025-10-20T15:05:17","modified_gmt":"2025-10-20T13:05:17","slug":"edf-aide-energie","status":"publish","type":"post","link":"https:\/\/www.mes-allocs.fr\/guides\/aide-energie\/aide-fournisseur-energie\/edf-aide-energie\/","title":{"rendered":"Aide \u00e9nergie EDF : conditions, montant, d\u00e9marches"},"content":{"rendered":"<p><img loading=\"lazy\" decoding=\"async\" class=\"aligncenter wp-image-36558\" title=\"ampoule\" src=\"https:\/\/www.mes-allocs.fr\/guides\/wp-content\/uploads\/2021\/09\/ampoule-3-e1630488692670.jpg\" alt=\"EDF, aide energie\" width=\"1200\" height=\"446\" \/><\/p>\n<p style=\"text-align: justify;\"><strong>Les <a href=\"https:\/\/www.mes-allocs.fr\/guides\/aide-energie\/\">aides \u00e9nergies<\/a> sont des aides octroy\u00e9es par l&rsquo;\u00e9tat pour les particuliers. Elles permettent d&rsquo;optimiser la performance \u00e9nerg\u00e9tique des logements des particuliers. Cependant, il se peut que d&rsquo;autres organismes donnent des aides \u00e9nergies. C&rsquo;est notamment le cas d&rsquo;EDF. Notre \u00e9quipe vous dit tout dans cet article.<\/strong><\/p>\n<p style=\"text-align: justify;\"><div class='cta-block'><div class='text'>Simulez toutes vos aides en 2 min. Gratuit.<\/div><a href='https:\/\/www.mes-allocs.fr\/ab-app?origin=guides\/wp-json\/wp\/v2\/posts\/36557' class='app-button fit'>Simulation gratuite<\/a><\/div><\/p>\n<h1 style=\"text-align: justify;\">La Prime \u00c9nergie EDF en 2025<\/h1>\n<h2 style=\"text-align: justify;\">De quoi s&rsquo;agit-il ?<\/h2>\n<p style=\"text-align: justify;\">La Prime \u00c9nergie EDF est une aide qui va vous permettre de faire des travaux de r\u00e9novation. L&rsquo;aide se mat\u00e9rialise par une certaine somme d&rsquo;argent que vous allez recevoir pour pouvoir r\u00e9aliser ces travaux. Cette somme ne vous sera pas vers\u00e9e en liquide ou via un virement bancaire. Il s&rsquo;agit d&rsquo;un ch\u00e8que que vous allez directement recevoir.<\/p>\n<h2 style=\"text-align: justify;\">Quels sont les travaux \u00e9ligibles ?<\/h2>\n<h3 style=\"text-align: justify;\">L&rsquo;isolation<\/h3>\n<p style=\"text-align: justify;\">Pour l&rsquo;isolation, vous pouvez b\u00e9n\u00e9ficier de la prime \u00e9nergie d&rsquo;EDF. Il existe plusieurs types de travaux pour l&rsquo;isolation. Il s&rsquo;agit des travaux pour les combles, des murs et des planchers.<\/p>\n<p style=\"text-align: justify;\">Selon votre situation et le dossier que vous avez pos\u00e9, vous pouvez recevoir une prime pouvant aller jusqu\u2019\u00e0 20 euros par m\u00e8tre carr\u00e9 \u00a0d\u2019isolant pos\u00e9 en fonction de vos ressources. De fait, vous pouvez r\u00e9aliser des \u00e9conomies d\u2019\u00e9nergie significatives.<\/p>\n<h3 style=\"text-align: justify;\">Le chauffage<\/h3>\n<p style=\"text-align: justify;\">La deuxi\u00e8me cat\u00e9gorie de travaux \u00e9ligibles concerne les diff\u00e9rents syst\u00e8mes de chauffage. En effet,<br \/>\nvous pouvez b\u00e9n\u00e9ficier de la prime si vous changez de mode de chauffage.<\/p>\n<p style=\"text-align: justify;\">Pour une chaudi\u00e8re, vous pouvez recevoir\u00a0jusqu\u2019\u00e0 1200 euros de prime pour le changement d\u2019une chaudi\u00e8re individuelle au fioul, au charbon ou au gaz.<\/p>\n<p style=\"text-align: justify;\">Pour b\u00e9n\u00e9ficier de la prime Coup de pouce Chauffage pour cette op\u00e9ration, votre devis doit \u00eatre sign\u00e9 jusqu\u2019au 30 juin 2024 inclus et vos travaux doivent \u00eatre finalis\u00e9s avec une facture dat\u00e9e jusqu\u2019au 31 d\u00e9cembre 2024 inclus pour \u00eatre \u00e9ligible \u00e0 la prime Coup de pouce associ\u00e9e.<\/p>\n<p style=\"text-align: justify;\">La pompe \u00e0 chaleur (PAC) air\/air est aussi \u00e9ligible au dispositif. Elle vous permet de chauffer votre logement en utilisant les \u00e9nergies renouvelables. Elle rediffuse la chaleur naturelle de l\u2019air dans votre logement apr\u00e8s en avoir \u00e9lev\u00e9 la temp\u00e9rature.<\/p>\n<p style=\"text-align: justify;\">Enfin, il y a aussi le chauffage via le plancher. Reconnu pour \u00eatre discret, homog\u00e8ne et doux, le chauffage par plancher chauffant hydraulique va vous permettre de b\u00e9n\u00e9ficier d&rsquo;une chaleur constante. Dans les meilleurs cas, vous pouvez r\u00e9aliser jusqu\u2019\u00e0 15\u2009% d\u2019\u00e9conomies d\u2019\u00e9nergie avec le plancher chauffant hydraulique si vous abaissez en plus votre temp\u00e9rature ambiante de 2 ou 3 degr\u00e9s.<\/p>\n<h3 style=\"text-align: justify;\">Les \u00e9nergies renouvelables<\/h3>\n<p style=\"text-align: justify;\">En ce qui concerne les \u00e9nergies renouvelables, il existe plusieurs dispositifs.<br \/>\nPremi\u00e8rement, on peut trouver les chauffe-eau. Ce syst\u00e8me fonctionne avec l\u2019\u00e9nergie solaire qui, elle, peut chauffer votre eau sanitaire. Le chauffe-eau solaire individuel (CESI) est une bonne solution solaire thermique : \u00e0 l\u2019aide de capteurs solaires, il r\u00e9cup\u00e8re les calories de la lumi\u00e8re.<\/p>\n<p style=\"text-align: justify;\">Toujours pour le chauffe-eau, votre pompe \u00e0 chaleur air\/air peut chauffer votre eau sanitaire quand elle est install\u00e9e avec un chauffe-eau. On parle alors de \u00ab chauffe-eau thermodynamique \u00bb. Il servira \u00e0 couvrir vos besoins journaliers en eau chaude sanitaire qui exploite l\u2019\u00e9nergie pr\u00e9sente naturellement dans l\u2019air.<\/p>\n<h3 style=\"text-align: justify;\">Les travaux de menuiserie<\/h3>\n<p style=\"text-align: justify;\">Enfin, la derni\u00e8re cat\u00e9gorie de travaux \u00e9ligibles est la menuiserie. Cela va concerner les fen\u00eatres.\u00a0L\u2019installation de fen\u00eatres ou portes-fen\u00eatres \u00e0 haute performance \u00e9nerg\u00e9tique vous permettra de diminuer votre facture de chauffage, de revaloriser votre bien immobilier et de b\u00e9n\u00e9ficier d\u2019une meilleure isolation thermique et acoustique.<\/p>\n<h2 style=\"text-align: justify;\">Modalit\u00e9s de la prime<\/h2>\n<h3 style=\"text-align: justify;\">Qui peut en b\u00e9n\u00e9ficier ?<\/h3>\n<div class=\"content\" style=\"text-align: justify;\">\n<div class=\"modules\">\n<div class=\"clearfix paragraph module-titre-texte paragraph--type--titre-texte paragraph--view-mode--default\">\n<p>La Prime \u00e9nergie d\u2019EDF est un dispositif qui se veut social. En effet, elle vise un public tr\u00e8s large et vous pouvez en b\u00e9n\u00e9ficier dans de nombreux cas de figure que voici :<\/p>\n<p>\u2022\u00a0\u00a0 \u00a0Que vous soyez propri\u00e9taire ou locataire,\u00a0la prime est vers\u00e9e \u00e0 la personne dont le nom est inscrit sur la facture des travaux de r\u00e9novation \u00e9nerg\u00e9tique,<br \/>\n\u2022\u00a0\u00a0 \u00a0Pour votre r\u00e9sidence principale ou secondaire, c\u2019est vous qui d\u00e9cidez,<br \/>\n\u2022\u00a0\u00a0 \u00a0Pour les logements de plus de deux ans partout en France (hors Corse et DOM-TOM),<br \/>\n\u2022\u00a0\u00a0 \u00a0Pour tous les niveaux de revenus,<br \/>\n\u2022\u00a0\u00a0 \u00a0Enfin, que vous soyez client EDF ou non, vous pouvez tout \u00e0 fait b\u00e9n\u00e9ficier de la\u00a0Prime \u00e9nergie EDF.<\/p>\n<\/div>\n<div class=\"clearfix paragraph module-titre-texte paragraph--type--titre-texte paragraph--view-mode--default\">\n<h3 class=\"titre-normal title\">Le montant de la Prime \u00e9nergie en 2025<\/h3>\n<p>Le montant de votre Prime \u00c9nergie EDF va d\u00e9pendre du type de travaux de r\u00e9novation r\u00e9alis\u00e9s, de votre lieu d\u2019habitation.<\/p>\n<p>Au-del\u00e0 de cette prime, vous pouvez aussi cumuler la Prime \u00e9nergie avec MaPrimeR\u00e9nov&rsquo; selon les conditions d&rsquo;\u00e9ligibilit\u00e9. Cela vous permettra de r\u00e9aliser des \u00e9conomies sur vos travaux.<\/p>\n<\/div>\n<div class=\"clearfix paragraph module-titre-texte paragraph--type--titre-texte paragraph--view-mode--default\">\n<h3 class=\"titre-normal title\">Comment faire pour obtenir La prime \u00e9nergie ?<\/h3>\n<p style=\"text-align: justify;\">Pour b\u00e9n\u00e9ficier de cette prime, inscrivez-vous sur le site de cette prime avant les travaux. M\u00eame si vous ne savez pas encore quels travaux de r\u00e9novation \u00e9nerg\u00e9tique vous allez r\u00e9aliser, c\u2019est sans engagement. Suite \u00e0 cette premi\u00e8re d\u00e9marche, vous pouvez demander un devis \u00e0 un professionnel RGE.<br \/>\nVous pouvez donc faire r\u00e9aliser les travaux de r\u00e9novation, en v\u00e9rifiant que les \u00e9quipements soient bien \u00e9ligibles \u00e0 la prime \u00e9nergie.\u00a0A la fin des travaux, envoyez votre dossier par courrier.<br \/>\nSi le dossier est recevable, vous recevez votre Prime \u00e9nergie sous deux mois.<\/p>\n<\/div>\n<\/div>\n<\/div>\n<h1 style=\"text-align: justify;\">Le dispositif de la Prime \u00c9nergie de l&rsquo;\u00c9tat en 2025<\/h1>\n<h2 class=\"amp-wp-7d27179\" style=\"text-align: justify;\" data-amp-original-style=\"text-align: justify;\">Le dispositif de la prime \u00e9nergie<\/h2>\n<p class=\"amp-wp-7d27179\" style=\"text-align: justify;\" data-amp-original-style=\"text-align: justify;\">La Prime \u00c9nergie (de son vrai nom le Coup de pouce \u00e9conomie l\u2019\u00e9nergie) est un dispositif mis en place par l\u2019\u00c9tat en 2017. Cette aide vous permettra de r\u00e9aliser des travaux \u00e9nerg\u00e9tiques dans votre logement.<\/p>\n<p class=\"amp-wp-7d27179\" style=\"text-align: justify;\" data-amp-original-style=\"text-align: justify;\">Dans le cadre des \u00e9conomies d\u2019\u00e9nergie et de la transition \u00e9cologique, le gouvernement a mis en place cette aide. De mani\u00e8re concr\u00e8te, l\u2019\u00c9tat prend en charge une partie important des co\u00fbts d\u2019acquisition des \u00e9quipements et des travaux d&rsquo;\u00e9conomie. C\u2019est aussi l\u2019\u00c9tat qui se charge de mettre en relation les professionnels et les particuliers.<\/p>\n<p class=\"amp-wp-7d27179\" style=\"text-align: justify;\" data-amp-original-style=\"text-align: justify;\">Dit autrement, ce sont les \u201cpollueurs\u201d qui permettent aux particuliers de r\u00e9aliser des \u00e9conomies \u00e9nerg\u00e9tiques et de r\u00e9nover leur domicile au niveau de l\u2019\u00e9nergie. Notre prime \u00e9nergie s\u2019inscrit pleinement dans ce dispositif.<\/p>\n<p class=\"amp-wp-7d27179\" style=\"text-align: justify;\" data-amp-original-style=\"text-align: justify;\">Pour b\u00e9n\u00e9ficier de la prime \u00e9nergie, il suffisait de faire une demande aupr\u00e8s de votre fournisseur. Les demandes \u00e9taient valides jusqu\u2019au 31 mars 2024. Cependant, face au succ\u00e8s rencontr\u00e9 par cette aide, l\u2019offre a \u00e9t\u00e9 reconduite le 1er avril 2024.<\/p>\n<p data-amp-original-style=\"text-align: justify;\"><iframe loading=\"lazy\" src=\"\/\/www.youtube.com\/embed\/fQ1LYfHSrdk\" width=\"560\" height=\"314\" allowfullscreen=\"allowfullscreen\"><\/iframe><\/p>\n<h2 class=\"amp-wp-7d27179\" style=\"text-align: justify;\" data-amp-original-style=\"text-align: justify;\"><span id=\"Qui_peut_beneficier_de_cette_prime\">Qui peut b\u00e9n\u00e9ficier de cette prime ?<\/span><\/h2>\n<h3 class=\"amp-wp-7d27179\" style=\"text-align: justify;\" data-amp-original-style=\"text-align: justify;\"><span id=\"La_prime_classique\">La prime classique<\/span><\/h3>\n<p class=\"amp-wp-7d27179\" style=\"text-align: justify;\" data-amp-original-style=\"text-align: justify;\">Cette prime pour la r\u00e9novation \u00e9nerg\u00e9tique des logements est, en th\u00e9orie, disponible pour tous. Les factures \u00e9nerg\u00e9tiques pouvant \u00eatre \u00e9lev\u00e9es pour tous, l\u2019\u00e9tat a souhait\u00e9 de ce dispositif soit pour tous. Le fait que vous soyez propri\u00e9taire ou locataire n\u2019influe pas sur le b\u00e9n\u00e9fice de cette prime, peu importe s\u2019il s\u2019agit de votre r\u00e9sidence principale ou secondaire. Cette aide est aussi accessible pour les r\u00e9sidences secondaires et les propri\u00e9taires bailleurs.<\/p>\n<p class=\"amp-wp-7d27179\" style=\"text-align: justify;\" data-amp-original-style=\"text-align: justify;\">Pour en b\u00e9n\u00e9ficier, il faut que les travaux respectent certains crit\u00e8res techniques. Ces crit\u00e8res sont \u00e9tablis pr\u00e9alablement et ils sont v\u00e9rifi\u00e9s par un artisan RGE (Reconnu Garant de l\u2019Environnement). Sans le remplissage de ces crit\u00e8res, les travaux ne pourront \u00eatre r\u00e9alis\u00e9s. Il faut aussi que votre logement soit construit depuis au moins deux ans.<\/p>\n<p class=\"amp-wp-7d27179\" style=\"text-align: justify;\" data-amp-original-style=\"text-align: justify;\">Pour cette prime qui est assez g\u00e9n\u00e9rale, il n\u2019y a pas de plafond de ressources. Le montant varie simplement selon le type de travaux r\u00e9alis\u00e9s et aussi du niveau d\u2019\u00e9conomies li\u00e9es.<\/p>\n<p data-amp-original-style=\"text-align: justify;\"><div class='cta-block'><div class='text'>Simulez toutes vos aides en 2 min. Gratuit.<\/div><a href='https:\/\/www.mes-allocs.fr\/ab-app?origin=guides\/wp-json\/wp\/v2\/posts\/36557' class='app-button fit'>Simulation gratuite<\/a><\/div><\/p>\n<h3 class=\"amp-wp-7d27179\" style=\"text-align: justify;\" data-amp-original-style=\"text-align: justify;\"><span id=\"Pour_les_menages_modestes\">Pour les m\u00e9nages modestes<\/span><\/h3>\n<p class=\"amp-wp-7d27179\" style=\"text-align: justify;\" data-amp-original-style=\"text-align: justify;\">Concernant les m\u00e9nages plus modestes, il existe des primes qui leur sont plus sp\u00e9cialement attribu\u00e9es. Le montant de la prime va varier en fonction de la localisation du domicile et de certains plafonds de ressources. Le versement de cette aide est vers\u00e9e par des organismes ind\u00e9pendants.<\/p>\n<p class=\"amp-wp-7d27179\" style=\"text-align: justify;\" data-amp-original-style=\"text-align: justify;\">Dans ce cas de figure, la prime \u00e9nerg\u00e9tique sert aussi \u00e0 lutter contre les diff\u00e9rentes in\u00e9galit\u00e9s li\u00e9es \u00e0 la qualit\u00e9 du logement. Pour en b\u00e9n\u00e9ficier de mani\u00e8re concr\u00e8te, il faut que le m\u00e9nage consacre plus de 10\u2009% de leurs revenus au paiement des factures \u00e9nerg\u00e9tiques.<\/p>\n<h2 data-amp-original-style=\"text-align: justify;\">Conditions d&rsquo;attribution<\/h2>\n<p style=\"text-align: justify;\">Les m\u00e9nages en situation de pr\u00e9carit\u00e9 \u00e9nerg\u00e9tique peuvent b\u00e9n\u00e9ficier de la part de l\u2019\u00c9tat d\u2019une\u00a0aide financi\u00e8re au titre de la prime \u00e9nergie.<\/p>\n<p style=\"text-align: justify;\">L\u2019attribution du montant des primes d\u00e9pend non seulement du lieu d\u2019habitation (\u00cele-de-France ou hors \u00cele-de-France) o\u00f9 les travaux vont \u00eatre effectu\u00e9s, mais aussi du nombre de personnes qui composent le m\u00e9nage.<\/p>\n<p style=\"text-align: justify;\">Ce sont les revenus figurant sur l\u2019avis d\u2019imposition ou de non-imposition de l\u2019ann\u00e9e N-1 qui sont utilis\u00e9s (revenu de 2023 pour une demande en 2024). La date de r\u00e9f\u00e9rence peut \u00eatre celle de l\u2019engagement de l\u2019op\u00e9ration, celle de son ach\u00e8vement ou encore celle de la demande de certificats d\u2019\u00e9conomies d\u2019\u00e9nergie aupr\u00e8s du minist\u00e8re charg\u00e9 de l\u2019\u00e9nergie.<\/p>\n<p style=\"text-align: justify;\">Les m\u00e9nages \u00ab modestes \u00bb (en situation de pr\u00e9carit\u00e9 \u00e9nerg\u00e9tique) pr\u00e9tendant \u00e0 la prime \u00e9nergie doivent imp\u00e9rativement joindre leur avis d\u2019imposition ou de non-imposition sur le revenu \u00e0 leur dossier de demande.<\/p>\n<div class='cta-block'><div class='text'>Simulez toutes vos aides en 2 min. Gratuit.<\/div><a href='https:\/\/www.mes-allocs.fr\/ab-app?origin=guides\/wp-json\/wp\/v2\/posts\/36557' class='app-button fit'>Simulation gratuite<\/a><\/div>\n","protected":false},"excerpt":{"rendered":"<p>Les aides \u00e9nergies sont des aides octroy\u00e9es par l&rsquo;\u00e9tat pour les particuliers. Elles permettent d&rsquo;optimiser la performance \u00e9nerg\u00e9tique des logements des particuliers. Cependant, il se peut que d&rsquo;autres organismes donnent des aides \u00e9nergies. C&rsquo;est notamment le cas d&rsquo;EDF. Notre \u00e9quipe vous dit tout dans cet article. La Prime \u00c9nergie EDF en 2025 De quoi s&rsquo;agit-il [&hellip;]<\/p>\n","protected":false},"author":6,"featured_media":36558,"comment_status":"open","ping_status":"open","sticky":false,"template":"","format":"standard","meta":{"amp_status":"","footnotes":""},"categories":[5515,14261],"tags":[],"class_list":["post-36557","post","type-post","status-publish","format-standard","has-post-thumbnail","hentry","category-aide-energie","category-aide-fournisseur-energie"],"yoast_head":"<!-- This site is optimized with the Yoast SEO plugin v14.9 - https:\/\/yoast.com\/wordpress\/plugins\/seo\/ -->\n<title>Aide \u00e9nergie EDF : conditions, montant, d\u00e9marches | Mes-Allocs.fr<\/title>\n<meta name=\"description\" content=\"Il n&#039; y a pas que l&#039;Etat qui disribue des primes energie. EDF aussi peut vous en accorder. Notre \u00e9quipe vous exlique tout.\" \/>\n<meta name=\"robots\" content=\"index, follow, max-snippet:-1, max-image-preview:large, max-video-preview:-1\" \/>\n<link rel=\"canonical\" href=\"https:\/\/www.mes-allocs.fr\/guides\/aide-energie\/aide-fournisseur-energie\/edf-aide-energie\/\" \/>\n<meta property=\"og:locale\" content=\"fr_FR\" \/>\n<meta property=\"og:type\" content=\"article\" \/>\n<meta property=\"og:title\" content=\"Aide \u00e9nergie EDF : conditions, montant, d\u00e9marches | Mes-Allocs.fr\" \/>\n<meta property=\"og:description\" content=\"Il n&#039; y a pas que l&#039;Etat qui disribue des primes energie. EDF aussi peut vous en accorder. Notre \u00e9quipe vous exlique tout.\" \/>\n<meta property=\"og:url\" content=\"https:\/\/www.mes-allocs.fr\/guides\/aide-energie\/aide-fournisseur-energie\/edf-aide-energie\/\" \/>\n<meta property=\"og:site_name\" content=\"Mes-Allocs.fr\" \/>\n<meta property=\"article:published_time\" content=\"2021-09-01T11:31:51+00:00\" \/>\n<meta property=\"article:modified_time\" content=\"2025-10-20T13:05:17+00:00\" \/>\n<meta property=\"og:image\" content=\"https:\/\/www.mes-allocs.fr\/guides\/wp-content\/uploads\/2021\/09\/ampoule-3.jpg?wsr\" \/>\n\t<meta property=\"og:image:width\" content=\"1129\" \/>\n\t<meta property=\"og:image:height\" content=\"750\" \/>\n<meta name=\"twitter:card\" content=\"summary_large_image\" \/>\n<script type=\"application\/ld+json\" class=\"yoast-schema-graph\">{\"@context\":\"https:\/\/schema.org\",\"@graph\":[{\"@type\":\"WebSite\",\"@id\":\"https:\/\/www.mes-allocs.fr\/guides\/#website\",\"url\":\"https:\/\/www.mes-allocs.fr\/guides\/\",\"name\":\"Mes-Allocs.fr\",\"description\":\"\",\"potentialAction\":[{\"@type\":\"SearchAction\",\"target\":\"https:\/\/www.mes-allocs.fr\/guides\/?s={search_term_string}\",\"query-input\":\"required name=search_term_string\"}],\"inLanguage\":\"fr-FR\"},{\"@type\":\"ImageObject\",\"@id\":\"https:\/\/www.mes-allocs.fr\/guides\/aide-energie\/aide-fournisseur-energie\/edf-aide-energie\/#primaryimage\",\"inLanguage\":\"fr-FR\",\"url\":\"https:\/\/www.mes-allocs.fr\/guides\/wp-content\/uploads\/2021\/09\/ampoule-3.jpg?wsr\",\"width\":1129,\"height\":750,\"caption\":\"ampoule\"},{\"@type\":\"WebPage\",\"@id\":\"https:\/\/www.mes-allocs.fr\/guides\/aide-energie\/aide-fournisseur-energie\/edf-aide-energie\/#webpage\",\"url\":\"https:\/\/www.mes-allocs.fr\/guides\/aide-energie\/aide-fournisseur-energie\/edf-aide-energie\/\",\"name\":\"Aide \\u00e9nergie EDF : conditions, montant, d\\u00e9marches | Mes-Allocs.fr\",\"isPartOf\":{\"@id\":\"https:\/\/www.mes-allocs.fr\/guides\/#website\"},\"primaryImageOfPage\":{\"@id\":\"https:\/\/www.mes-allocs.fr\/guides\/aide-energie\/aide-fournisseur-energie\/edf-aide-energie\/#primaryimage\"},\"datePublished\":\"2021-09-01T11:31:51+00:00\",\"dateModified\":\"2025-10-20T13:05:17+00:00\",\"author\":{\"@id\":\"https:\/\/www.mes-allocs.fr\/guides\/#\/schema\/person\/0ecd61a8600573914d00d970a588c024\"},\"description\":\"Il n' y a pas que l'Etat qui disribue des primes energie. EDF aussi peut vous en accorder. Notre \\u00e9quipe vous exlique tout.\",\"inLanguage\":\"fr-FR\"},{\"@type\":\"Person\",\"@id\":\"https:\/\/www.mes-allocs.fr\/guides\/#\/schema\/person\/0ecd61a8600573914d00d970a588c024\",\"name\":\"Jonathan\",\"image\":{\"@type\":\"ImageObject\",\"@id\":\"https:\/\/www.mes-allocs.fr\/guides\/#personlogo\",\"inLanguage\":\"fr-FR\",\"url\":\"https:\/\/www.mes-allocs.fr\/guides\/wp-content\/uploads\/2021\/06\/jonathan-150x150.png\",\"caption\":\"Jonathan\"},\"description\":\"Jonathan est r\\u00e9dacteur au sein de l'\\u00e9quipe Mes Allocs, sp\\u00e9cialis\\u00e9 sur les sujets li\\u00e9s au handicap. Dipl\\u00f4m\\u00e9e de l'UPEM, il rejoint Mes Allocs apr\\u00e8s avoir travaill\\u00e9 \\u00e0 l'association AEDE qui accompagne les adultes en situation de handicap. Quand il n'\\u00e9crit pas, on peut le retrouver sur un terrain de basket.\",\"sameAs\":[\"https:\/\/www.linkedin.com\/in\/jonathan-bambela-8637861b7\"]}]}<\/script>\n<!-- \/ Yoast SEO plugin. -->","amp_validity":null,"acf":{"faq":{"1":{"question":"Qui peut b\u00e9n\u00e9ficier des aides de l'ANAH ?","answer":"Les propri\u00e9taires occupants (ou assimil\u00e9s)dont les ressources ne d\u00e9passent pas un certain plafond peuvent b\u00e9n\u00e9ficier d'aides de l'Agence nationale d'am\u00e9lioration de l'habitat (Anah) pour r\u00e9aliser des travaux dans leur logement."},"2":{"question":"Puis-je cumuler la prime \u00e9nergie avec d'autres aides ?","answer":"La prime \u00e9nergie ou prime coup de pouce peut-\u00eatre cumul\u00e9e avec : \r\n-L'\u00e9co-pr\u00eat \u00e0 taux z\u00e9ro (\u00e9co-PTZ) -Le taux r\u00e9duit de TVA.\r\n- La Prime Energie EDF "},"3":{"question":"Quand re\u00e7oit-on le ch\u00e8que Energie ?","answer":"L\u2019envoi des ch\u00e8ques \u00e9nergie est fait \u00e0 l\u2019\u00e9chelle de votre r\u00e9gion. Il commence d\u00e8s la derni\u00e8re semaine de mars et se poursuit jusqu\u2019\u00e0 fin avril. Normalement, les foyers concern\u00e9s re\u00e7oivent leurs ch\u00e8ques \u00e9nergie d\u00e9but mai, au plus tard. "},"4":{"question":"Quand est vers\u00e9e la prime \u00e9nergie ?","answer":"La prime \u00e9nergie est vers\u00e9e au terme du traitement de votre dossier. Ce traitement prend quelques mois. En g\u00e9n\u00e9ral, il faut compter entre 5 et 7 mois."},"5":{"question":"Qui a droit \u00e0 la prime Energie EDF ?","answer":"La prime Energie EDF qui permet de mener \u00e0 bien des travaux de r\u00e9habilitation \u00e9nerg\u00e9tique. Ses b\u00e9n\u00e9ficiaires sont des particuliers majeurs, Propri\u00e9taires ou occupants d'un logement, entre autres."},"6":{"question":"Quelles sont les aides de l'\u00c9tat pour 2025 ?","answer":"En 2025, pour tous les travaux d'\u00e9conomies d'\u00e9nergie, vous pouvez b\u00e9n\u00e9ficier de plusieurs aides. Vous avez, par exemple, le droit \u00e0 la prime \"Coup de pouce \u00e9conomies \u00e9nergie\" ."},"7":{"question":"","answer":""},"8":{"question":"","answer":""},"9":{"question":"","answer":""},"10":{"question":"","answer":""},"11":{"question":"","answer":""},"12":{"question":"","answer":""},"13":{"question":"","answer":""},"14":{"question":"","answer":""},"15":{"question":"","answer":""},"16":{"question":"","answer":""}}},"_links":{"self":[{"href":"https:\/\/www.mes-allocs.fr\/guides\/wp-json\/wp\/v2\/posts\/36557","targetHints":{"allow":["GET"]}}],"collection":[{"href":"https:\/\/www.mes-allocs.fr\/guides\/wp-json\/wp\/v2\/posts"}],"about":[{"href":"https:\/\/www.mes-allocs.fr\/guides\/wp-json\/wp\/v2\/types\/post"}],"author":[{"embeddable":true,"href":"https:\/\/www.mes-allocs.fr\/guides\/wp-json\/wp\/v2\/users\/6"}],"replies":[{"embeddable":true,"href":"https:\/\/www.mes-allocs.fr\/guides\/wp-json\/wp\/v2\/comments?post=36557"}],"version-history":[{"count":26,"href":"https:\/\/www.mes-allocs.fr\/guides\/wp-json\/wp\/v2\/posts\/36557\/revisions"}],"predecessor-version":[{"id":96000,"href":"https:\/\/www.mes-allocs.fr\/guides\/wp-json\/wp\/v2\/posts\/36557\/revisions\/96000"}],"wp:featuredmedia":[{"embeddable":true,"href":"https:\/\/www.mes-allocs.fr\/guides\/wp-json\/wp\/v2\/media\/36558"}],"wp:attachment":[{"href":"https:\/\/www.mes-allocs.fr\/guides\/wp-json\/wp\/v2\/media?parent=36557"}],"wp:term":[{"taxonomy":"category","embeddable":true,"href":"https:\/\/www.mes-allocs.fr\/guides\/wp-json\/wp\/v2\/categories?post=36557"},{"taxonomy":"post_tag","embeddable":true,"href":"https:\/\/www.mes-allocs.fr\/guides\/wp-json\/wp\/v2\/tags?post=36557"}],"curies":[{"name":"wp","href":"https:\/\/api.w.org\/{rel}","templated":true}]}}