{"id":36536,"date":"2021-09-01T21:43:54","date_gmt":"2021-09-01T19:43:54","guid":{"rendered":"https:\/\/www.mes-allocs.fr\/guides\/?p=36536"},"modified":"2025-10-07T16:06:11","modified_gmt":"2025-10-07T14:06:11","slug":"droits-au-chomage-acquis-et-non-utilises","status":"publish","type":"post","link":"https:\/\/www.mes-allocs.fr\/guides\/chomage\/droit-au-chomage\/droits-au-chomage-acquis-et-non-utilises\/","title":{"rendered":"Droits au ch\u00f4mage acquis et non utilis\u00e9s que faire ?"},"content":{"rendered":"<p>L&rsquo;allocation ch\u00f4mage est un revenu de remplacement en attendant que vous retrouviez un emploi, autrement dit des revenus professionnels. Si vos droits ne sont pas totalement utilis\u00e9s, vous avez la possibilit\u00e9 de les utiliser plus tard. Mes Allocs vous explique tout sur le droit au ch\u00f4mage acquis et non utilis\u00e9.<\/p>\n<div class='cta-block'><div class='text'>Simulez votre ch\u00f4mage en 2 min.<\/div><a href='https:\/\/www.mes-allocs.fr\/simulation-chomage?origin=guides\/wp-json\/wp\/v2\/posts\/36536' class='app-button fit'>Simulation gratuite<\/a><\/div>\n<hr \/>\n<h1>Que faire des droits aux ch\u00f4mage non utilis\u00e9s ?<\/h1>\n<p><img loading=\"lazy\" decoding=\"async\" class=\"alignright wp-image-36646 size-medium\" title=\"Que faire des droits aux cho\u0302mage non utilise\u0301s\" src=\"https:\/\/www.mes-allocs.fr\/guides\/wp-content\/uploads\/2021\/09\/Que-faire-des-droits-aux-cho\u0302mage-non-utilise\u0301s-1-1-300x200.jpg\" alt=\"Que faire des droits aux cho\u0302mage non utilise\u0301s\" width=\"300\" height=\"200\" srcset=\"https:\/\/www.mes-allocs.fr\/guides\/wp-content\/uploads\/2021\/09\/Que-faire-des-droits-aux-cho\u0302mage-non-utilise\u0301s-1-1-300x200.jpg 300w, https:\/\/www.mes-allocs.fr\/guides\/wp-content\/uploads\/2021\/09\/Que-faire-des-droits-aux-cho\u0302mage-non-utilise\u0301s-1-1-1024x682.jpg 1024w, https:\/\/www.mes-allocs.fr\/guides\/wp-content\/uploads\/2021\/09\/Que-faire-des-droits-aux-cho\u0302mage-non-utilise\u0301s-1-1-768x512.jpg 768w, https:\/\/www.mes-allocs.fr\/guides\/wp-content\/uploads\/2021\/09\/Que-faire-des-droits-aux-cho\u0302mage-non-utilise\u0301s-1-1-600x400.jpg 600w, https:\/\/www.mes-allocs.fr\/guides\/wp-content\/uploads\/2021\/09\/Que-faire-des-droits-aux-cho\u0302mage-non-utilise\u0301s-1-1.jpg 1280w\" sizes=\"auto, (max-width: 300px) 100vw, 300px\" \/><\/p>\n<p>Si vous avez retrouv\u00e9 des p\u00e9riodes d emploi avant la fin de vos droits \u00e0 l&rsquo;allocation ch\u00f4mage alors vous avez la possibilit\u00e9 de toucher\u00a0les allocations restantes pendant un d\u00e9lai dit de d\u00e9ch\u00e9ance. <strong>Ce d\u00e9lai correspond \u00e0 la dur\u00e9e de ces droits + 3 ans<\/strong>.<\/p>\n<p><strong>\u00c0 noter : Pour recharger vos droits au\u00a0ch\u00f4mage, vous devez avoir travaill\u00e9 au minimum\u00a0150 heures. Il est \u00e9galement \u00e0 prendre en compte que P\u00f4le emploi prend en compte les\u00a012 mois\u00a0de salaires et primes qui pr\u00e9c\u00e8dent votre dernier jour travaill\u00e9 et pay\u00e9 pour calculer le montant de l&rsquo;allocation\u00a0que vous toucherez par jour.<\/strong><\/p>\n<h2>Si vous perdez votre emploi au-del\u00e0 du d\u00e9lai de d\u00e9ch\u00e9ance<\/h2>\n<p>Dans ce cas la p\u00e9riode d indemnisation est\u00a0<strong>d\u00e9finitivement perdue<\/strong>. Comme cela est pr\u00e9vu par le contrat de travail. Dans ce cas, vous pouvez percevoir de nouvelles allocations ch\u00f4mage calcul\u00e9es sur vos derni\u00e8res p\u00e9riodes d&#8217;emploi si vous r\u00e9unissez les conditions.<\/p>\n<h2>Si vous perdez involontairement votre emploi avant l&rsquo;expiration du d\u00e9lai de d\u00e9ch\u00e9ance<\/h2>\n<p>Vous b\u00e9n\u00e9ficiez syst\u00e9matiquement de la\u00a0<strong>reprise du versement des allocations ch\u00f4mage restantes<\/strong>, jusqu\u2019\u00e0 leur \u00e9puisement. C\u2019est la\u00a0<strong>reprise de droit<\/strong>.<\/p>\n<h1>Qu&rsquo;est-ce que le ch\u00f4mage ?<\/h1>\n<p><span class=\"amp-wp-fe3f5cc\" data-amp-original-style=\"font-weight: 400;\">Le ch\u00f4mage est la \u00ab situation d\u2019une personne, d\u2019une entreprise, d\u2019un secteur entier de l\u2019activit\u00e9 \u00e9conomique caract\u00e9ris\u00e9e par le manque de travail \u00bb (TLFi). Les causes d\u2019absence d\u2019emploi sont nombreuses : entr\u00e9e dans la vie active, licenciement, d\u00e9mission volontaire ou r\u00e9orientation professionnelle .<\/span><\/p>\n<p>\u00c0 noter : Pour b\u00e9n\u00e9ficier de l&rsquo;allocation c&rsquo;est vos p\u00e9riodes travaill\u00e9es qui sont prises en compte (pr\u00e9vu par le Code du Travail). Ainsi, vous devez avoir travaill\u00e9 au moins 4 mois pour b\u00e9n\u00e9ficier de l&rsquo;assurance ch\u00f4mage.<\/p>\n<p>Si un demandeur d&#8217;emploi reprend une activit\u00e9, qu&rsquo;il a retrouv\u00e9 un emploi, alors il devra avertir P\u00f4le Emploi et la p\u00e9riode d&rsquo;indemnisation, p\u00e9riode de ch\u00f4mage cessera.<\/p>\n<p><strong>Dur\u00e9e de l&rsquo;allocation :\u00a0<\/strong><\/p>\n<ul>\n<li>La dur\u00e9e de votre indemnisation est de\u00a0<strong>4 mois au minimum<\/strong> (122 jours calendaires) et cela depuis le 1er ao\u00fbt 2020<\/li>\n<li>La dur\u00e9e de vos allocations ne peut pas d\u00e9passer : 730 jours (24 mois) si vous avez moins de 53 ans \u00e0 la date de fin de votre contrat de travail ; 913 jours (30 mois) si vous avez 53 ou 54 ans \u00e0 la date de fin de votre contrat de travail ; 1 095 jours (36 mois) si vous avez au moins 55 ans \u00e0 la date de fin de votre contrat de travail.<\/li>\n<\/ul>\n<h2>Quelles sont les conditions \u00e0 respecter pour en b\u00e9n\u00e9ficier ?<\/h2>\n<div class=\"brs_col\">\n<div class=\"text-zoom\" aria-hidden=\"false\">\n<div id=\"chapitre_1\">\n<ul class=\"list-7\">\n<li>Vous devez avoir d\u00e9j\u00e0 travaill\u00e9 au minimum 4 mois au cours des 27 derniers mois soit 88 jours\u00a0(sont pris en compte 5 jours maximum travaill\u00e9 par semaine) ou 610 heures. Pour les personnes \u00e2g\u00e9es de plus de 53 ans, il suffit d\u2019avoir travaill\u00e9 4 mois au cours des 39 derniers mois .<\/li>\n<li>Vous devez r\u00e9sider en France<\/li>\n<li>Vous devez \u00e9galement \u00eatre inscrit comme demandeurs d&#8217;emploi\u00a0pour avoir droit au ch\u00f4mage<\/li>\n<li>Toute personne consid\u00e9r\u00e9e\u00a0\u00ab inapte au travail \u00bb mais demandeur d emploi ne pourra pas b\u00e9n\u00e9ficier de l\u2019allocation ch\u00f4mage<\/li>\n<li>\u00catre en recherche active d\u2019emploi\u00a0(postuler et r\u00e9pondre r\u00e9guli\u00e8rement \u00e0 des offres d\u2019emploi). Des justificatifs de recherche pourront vous \u00eatre demand\u00e9s<\/li>\n<li>Il ne faut pas non plus \u00eatre en possibilit\u00e9 de prendre\u00a0votre retraite \u00e0 taux plein, sinon vous serez automatiquement guid\u00e9 vers cette solution.\u00a0S\u2019il vous manque des trimestres, vous aurez droit au ch\u00f4mage pour les compl\u00e9ter<\/li>\n<li>Pour les travailleurs ind\u00e9pendants : Dor\u00e9navant, le fait de cesser votre activit\u00e9 non salari\u00e9 peut ouvrir des droits au ch\u00f4mage dans certains cas. Retrouvez toutes les infos sur\u00a0l\u2019Allocation ch\u00f4mage des Travailleurs Ind\u00e9pendants.<\/li>\n<\/ul>\n<\/div>\n<\/div>\n<\/div>\n<h2>M\u00e9thode de calcul de l&rsquo;allocation<\/h2>\n<p><img loading=\"lazy\" decoding=\"async\" class=\"alignright wp-image-36648 size-medium\" title=\"Me\u0301thode de calcul de lallocation\" src=\"https:\/\/www.mes-allocs.fr\/guides\/wp-content\/uploads\/2021\/09\/Me\u0301thode-de-calcul-de-lallocation-300x200.jpg\" alt=\"Me\u0301thode de calcul de lallocation\" width=\"300\" height=\"200\" srcset=\"https:\/\/www.mes-allocs.fr\/guides\/wp-content\/uploads\/2021\/09\/Me\u0301thode-de-calcul-de-lallocation-300x200.jpg 300w, https:\/\/www.mes-allocs.fr\/guides\/wp-content\/uploads\/2021\/09\/Me\u0301thode-de-calcul-de-lallocation-1024x682.jpg 1024w, https:\/\/www.mes-allocs.fr\/guides\/wp-content\/uploads\/2021\/09\/Me\u0301thode-de-calcul-de-lallocation-768x512.jpg 768w, https:\/\/www.mes-allocs.fr\/guides\/wp-content\/uploads\/2021\/09\/Me\u0301thode-de-calcul-de-lallocation-600x400.jpg 600w, https:\/\/www.mes-allocs.fr\/guides\/wp-content\/uploads\/2021\/09\/Me\u0301thode-de-calcul-de-lallocation.jpg 1280w\" sizes=\"auto, (max-width: 300px) 100vw, 300px\" \/><\/p>\n<p>Afin de savoir si votre situation vous ouvre des droits au ch\u00f4mage, il est n\u00e9cessaire de\u00a0<strong>faire votre calcul selon les r\u00e8gles en vigueur.<\/strong>\u00a0Si votre d\u00e9compte est calcul\u00e9 en heures, sachez que certaines d\u2019entre elles ne sont pas prises en compte. De m\u00eame,\u00a0<strong>des dur\u00e9es maximums d\u2019affiliation sont appliqu\u00e9es<\/strong>.<\/p>\n<p>&nbsp;<\/p>\n<p>Pour vous aider \u00e0 faire une estimation, vous pouvez utiliser le simulateur d&rsquo;aides sociales Mes Allocs. Enti\u00e8rement gratuit, en deux minutes vous aurez une estimation fiable de vos droits.<\/p>\n<p>&nbsp;<\/p>\n<p><iframe loading=\"lazy\" title=\"Tout savoir sur le ch\u00f4mage en France !\" width=\"500\" height=\"281\" src=\"https:\/\/www.youtube.com\/embed\/jgv9qS4jh7k?feature=oembed\" frameborder=\"0\" allow=\"accelerometer; autoplay; clipboard-write; encrypted-media; gyroscope; picture-in-picture; web-share\" referrerpolicy=\"strict-origin-when-cross-origin\" allowfullscreen><\/iframe><\/p>\n<div class='cta-block'><div class='text'>Simulez votre ch\u00f4mage en 2 min.<\/div><a href='https:\/\/www.mes-allocs.fr\/simulation-chomage?origin=guides\/wp-json\/wp\/v2\/posts\/36536' class='app-button fit'>Simulation gratuite<\/a><\/div>\n<h1>la prime d&rsquo;activit\u00e9 en cas de travail \u00e0 temps partiel<\/h1>\n<p>En vigueur depuis le 1er janvier 2016, la prime d\u2019activit\u00e9 est un compl\u00e9ments de revenus. Elle est accord\u00e9e, sous conditions de ressources, aux personnes majeures salari\u00e9es et ind\u00e9pendantes. Mais aussi aux \u00e9tudiants salari\u00e9s et apprentis. Environ 5 millions de Fran\u00e7ais b\u00e9n\u00e9ficient de cette aide aujourd\u2019hui.<\/p>\n<h2><span id=\"Quelles_sont_les_demarches_a_effectuer\">Quelles sont les d\u00e9marches \u00e0 effectuer ?<\/span><\/h2>\n<p>Vous devez faire la demande de prime d\u2019activit\u00e9 aupr\u00e8s de la caisse d\u2019allocations familiales (CAF) ou la mutualit\u00e9 sociale agricole (MSA), qui vous la verseront si votre dossier est accept\u00e9.<\/p>\n<h2 id=\"La_prime_activit\u00e9_pour_les_personnes_travaillant_\u00e0_temps_partiel\u00a0\u00a0\"><span id=\"La_prime_activite_et_le_temps_partiel\">La prime activit\u00e9 et le temps partiel<\/span><\/h2>\n<p>Cette aide est principalement destin\u00e9e aux personnes touchant entre 0,25 fois et 1,3 fois le Smic. Ainsi, si vous travaillez \u00e0 temps plein, \u00e0 temps partiel ou \u00e0 quart temps, vous \u00eates \u00e9ligible \u00e0 la prime d\u2019activit\u00e9.<\/p>\n<p>Cela signifie que\u00a0<strong>les personnes travaillant \u00e0 temps plein mais \u00e9galement \u00e0 mi-temps voir \u00e0 quart temps peuvent percevoir la prime activit\u00e9<\/strong>.<\/p>\n<p>Avant, la PPE (<span class=\"st\">prime pour l\u2019emploi)\u00a0<\/span>et le RSA activit\u00e9 \u00e9taient fusionn\u00e9s. Chaque mois, les personnes travaillant \u00e0 mi-temps pouvaient percevoir un compl\u00e9ment de revenu avec le RSA activit\u00e9. D\u00e9sormais, cela a lieu via\u00a0<strong>la prime activit\u00e9.<\/strong><\/p>\n<div class='cta-block'><div class='text'>Simulez votre ch\u00f4mage en 2 min.<\/div><a href='https:\/\/www.mes-allocs.fr\/simulation-chomage?origin=guides\/wp-json\/wp\/v2\/posts\/36536' class='app-button fit'>Simulation gratuite<\/a><\/div>\n","protected":false},"excerpt":{"rendered":"<p>L&rsquo;allocation ch\u00f4mage est un revenu de remplacement en attendant que vous retrouviez un emploi, autrement dit des revenus professionnels. Si vos droits ne sont pas totalement utilis\u00e9s, vous avez la possibilit\u00e9 de les utiliser plus tard. Mes Allocs vous explique tout sur le droit au ch\u00f4mage acquis et non utilis\u00e9. Que faire des droits aux [&hellip;]<\/p>\n","protected":false},"author":10,"featured_media":36644,"comment_status":"open","ping_status":"open","sticky":false,"template":"","format":"standard","meta":{"amp_status":"","footnotes":""},"categories":[2991,2989],"tags":[],"class_list":["post-36536","post","type-post","status-publish","format-standard","has-post-thumbnail","hentry","category-droit-au-chomage","category-chomage"],"yoast_head":"<!-- This site is optimized with the Yoast SEO plugin v14.9 - https:\/\/yoast.com\/wordpress\/plugins\/seo\/ -->\n<title>Droits au ch\u00f4mage acquis et non utilis\u00e9s que faire ? | Mes-Allocs.fr<\/title>\n<meta name=\"description\" content=\"L&#039;allocation ch\u00f4mage est accord\u00e9e sous conditions. Mes Allocs vous explique tout sur le droit au ch\u00f4mage acquis et non utilis\u00e9.\" \/>\n<meta name=\"robots\" content=\"index, follow, max-snippet:-1, max-image-preview:large, max-video-preview:-1\" \/>\n<link rel=\"canonical\" href=\"https:\/\/www.mes-allocs.fr\/guides\/chomage\/droit-au-chomage\/droits-au-chomage-acquis-et-non-utilises\/\" \/>\n<meta property=\"og:locale\" content=\"fr_FR\" \/>\n<meta property=\"og:type\" content=\"article\" \/>\n<meta property=\"og:title\" content=\"Droits au ch\u00f4mage acquis et non utilis\u00e9s que faire ? | Mes-Allocs.fr\" \/>\n<meta property=\"og:description\" content=\"L&#039;allocation ch\u00f4mage est accord\u00e9e sous conditions. Mes Allocs vous explique tout sur le droit au ch\u00f4mage acquis et non utilis\u00e9.\" \/>\n<meta property=\"og:url\" content=\"https:\/\/www.mes-allocs.fr\/guides\/chomage\/droit-au-chomage\/droits-au-chomage-acquis-et-non-utilises\/\" \/>\n<meta property=\"og:site_name\" content=\"Mes-Allocs.fr\" \/>\n<meta property=\"article:published_time\" content=\"2021-09-01T19:43:54+00:00\" \/>\n<meta property=\"article:modified_time\" content=\"2025-10-07T14:06:11+00:00\" \/>\n<meta property=\"og:image\" content=\"https:\/\/www.mes-allocs.fr\/guides\/wp-content\/uploads\/2021\/09\/Droits-au-cho\u0302mage-acquis-et-non-utilise\u0301s-e1630524629251.jpg?wsr\" \/>\n\t<meta property=\"og:image:width\" content=\"1280\" \/>\n\t<meta property=\"og:image:height\" content=\"393\" \/>\n<meta name=\"twitter:card\" content=\"summary_large_image\" \/>\n<script type=\"application\/ld+json\" class=\"yoast-schema-graph\">{\"@context\":\"https:\/\/schema.org\",\"@graph\":[{\"@type\":\"WebSite\",\"@id\":\"https:\/\/www.mes-allocs.fr\/guides\/#website\",\"url\":\"https:\/\/www.mes-allocs.fr\/guides\/\",\"name\":\"Mes-Allocs.fr\",\"description\":\"\",\"potentialAction\":[{\"@type\":\"SearchAction\",\"target\":\"https:\/\/www.mes-allocs.fr\/guides\/?s={search_term_string}\",\"query-input\":\"required name=search_term_string\"}],\"inLanguage\":\"fr-FR\"},{\"@type\":\"ImageObject\",\"@id\":\"https:\/\/www.mes-allocs.fr\/guides\/chomage\/droit-au-chomage\/droits-au-chomage-acquis-et-non-utilises\/#primaryimage\",\"inLanguage\":\"fr-FR\",\"url\":\"https:\/\/www.mes-allocs.fr\/guides\/wp-content\/uploads\/2021\/09\/Droits-au-cho\\u0302mage-acquis-et-non-utilise\\u0301s-e1630524629251.jpg?wsr\",\"width\":1280,\"height\":393,\"caption\":\"Droits au cho\\u0302mage acquis et non utilise\\u0301s\"},{\"@type\":\"WebPage\",\"@id\":\"https:\/\/www.mes-allocs.fr\/guides\/chomage\/droit-au-chomage\/droits-au-chomage-acquis-et-non-utilises\/#webpage\",\"url\":\"https:\/\/www.mes-allocs.fr\/guides\/chomage\/droit-au-chomage\/droits-au-chomage-acquis-et-non-utilises\/\",\"name\":\"Droits au ch\\u00f4mage acquis et non utilis\\u00e9s que faire ? | Mes-Allocs.fr\",\"isPartOf\":{\"@id\":\"https:\/\/www.mes-allocs.fr\/guides\/#website\"},\"primaryImageOfPage\":{\"@id\":\"https:\/\/www.mes-allocs.fr\/guides\/chomage\/droit-au-chomage\/droits-au-chomage-acquis-et-non-utilises\/#primaryimage\"},\"datePublished\":\"2021-09-01T19:43:54+00:00\",\"dateModified\":\"2025-10-07T14:06:11+00:00\",\"author\":{\"@id\":\"https:\/\/www.mes-allocs.fr\/guides\/#\/schema\/person\/8d47b912c0ad15f379df96b4e4e33f58\"},\"description\":\"L'allocation ch\\u00f4mage est accord\\u00e9e sous conditions. Mes Allocs vous explique tout sur le droit au ch\\u00f4mage acquis et non utilis\\u00e9.\",\"inLanguage\":\"fr-FR\"},{\"@type\":\"Person\",\"@id\":\"https:\/\/www.mes-allocs.fr\/guides\/#\/schema\/person\/8d47b912c0ad15f379df96b4e4e33f58\",\"name\":\"Constance de Cagny\",\"image\":{\"@type\":\"ImageObject\",\"@id\":\"https:\/\/www.mes-allocs.fr\/guides\/#personlogo\",\"inLanguage\":\"fr-FR\",\"url\":\"https:\/\/www.mes-allocs.fr\/guides\/wp-content\/uploads\/2021\/06\/Constance.2e8ee0b.png\",\"caption\":\"Constance de Cagny\"},\"description\":\"Constance est r\\u00e9dactrice au sein de l'\\u00e9quipe Mes Allocs. Elle a l'habitude d'\\u00e9crire sur les sujets conso, bons plans et \\u00e9conomies. Dipl\\u00f4m\\u00e9e de l'ENACO, elle rejoint Mes Allocs apr\\u00e8s une premi\\u00e8re exp\\u00e9rience en cabinet notarial.\",\"sameAs\":[\"https:\/\/www.linkedin.com\/in\/constance-de-cagny-mayeur-bbb414135\"]}]}<\/script>\n<!-- \/ Yoast SEO plugin. -->","amp_validity":null,"acf":{"faq":{"1":{"question":"Qui a droit au ch\u00f4mage 2025 ?","answer":"Toute personne ayant perdu involontairement son emploi et remplissant les conditions d'\u00e9ligibilit\u00e9 \u00e0 l'ARE, pourront b\u00e9n\u00e9ficier du ch\u00f4mage 2025."},"2":{"question":"Est-il possible de toucher le ch\u00f4mage en etant etudiant ?","answer":"En tant qu'\u00e9tudiant vous pouvez b\u00e9n\u00e9ficier de l'ARE, sous certaines conditions tr\u00e8s sp\u00e9cifiques.<br> <a href=\"https:\/\/www.mes-allocs.fr\/guides\/pole-emploi\/droit-au-chomage\/droit-au-chomage-situation-professionnelle\/etudiants-droit-au-chomage\/\">Lire la suite<\/a>"},"3":{"question":"Comment ne pas perdre ses droits au ch\u00f4mage ?","answer":"Pour ne pas perdre vos droits au ch\u00f4mage, votre fin de contrat ne doit \u00e9maner d'une volont\u00e9 de votre part. Vous ne devez donc pas d\u00e9missionn\u00e9, \u00e0 moins d'invoquer un motif dit l\u00e9gitime lors de votre d\u00e9mission."},"4":{"question":"Puis-je cumuler ARE et salaire ?","answer":"Si vous \u00eates int\u00e9rimaire, par exemple, vous pourrez cumuler salaire et ARE. Toutefois, le montant de votre ARE sera recalcul\u00e9 sur la base de votre changement de situation professionnelle."},"5":{"question":"Comment Est-on pay\u00e9 en ch\u00f4mage partiel ?","answer":"L'employeur vous verse une indemnit\u00e9 correspondant \u00e0 70 % de votre salaire brut par heure ch\u00f4m\u00e9e, soit environ \u00e0 84 % du salaire net horaire. Cette indemnit\u00e9 ne peut pas \u00eatre inf\u00e9rieure \u00e0 8,03 \u20ac net par heure ch\u00f4m\u00e9e."},"6":{"question":"Puis-je partir en vacances en ch\u00f4mage partiel ?","answer":"Oui et ces cong\u00e9s doivent \u00eatre pos\u00e9s sur des p\u00e9riodes o\u00f9 sur lesquelles vous \u00eates cens\u00e9 travailler"},"7":{"question":"","answer":""},"8":{"question":"","answer":""},"9":{"question":"","answer":""},"10":{"question":"","answer":""},"11":{"question":"","answer":""},"12":{"question":"","answer":""},"13":{"question":"","answer":""},"14":{"question":"","answer":""},"15":{"question":"","answer":""},"16":{"question":"","answer":""}}},"_links":{"self":[{"href":"https:\/\/www.mes-allocs.fr\/guides\/wp-json\/wp\/v2\/posts\/36536","targetHints":{"allow":["GET"]}}],"collection":[{"href":"https:\/\/www.mes-allocs.fr\/guides\/wp-json\/wp\/v2\/posts"}],"about":[{"href":"https:\/\/www.mes-allocs.fr\/guides\/wp-json\/wp\/v2\/types\/post"}],"author":[{"embeddable":true,"href":"https:\/\/www.mes-allocs.fr\/guides\/wp-json\/wp\/v2\/users\/10"}],"replies":[{"embeddable":true,"href":"https:\/\/www.mes-allocs.fr\/guides\/wp-json\/wp\/v2\/comments?post=36536"}],"version-history":[{"count":13,"href":"https:\/\/www.mes-allocs.fr\/guides\/wp-json\/wp\/v2\/posts\/36536\/revisions"}],"predecessor-version":[{"id":104414,"href":"https:\/\/www.mes-allocs.fr\/guides\/wp-json\/wp\/v2\/posts\/36536\/revisions\/104414"}],"wp:featuredmedia":[{"embeddable":true,"href":"https:\/\/www.mes-allocs.fr\/guides\/wp-json\/wp\/v2\/media\/36644"}],"wp:attachment":[{"href":"https:\/\/www.mes-allocs.fr\/guides\/wp-json\/wp\/v2\/media?parent=36536"}],"wp:term":[{"taxonomy":"category","embeddable":true,"href":"https:\/\/www.mes-allocs.fr\/guides\/wp-json\/wp\/v2\/categories?post=36536"},{"taxonomy":"post_tag","embeddable":true,"href":"https:\/\/www.mes-allocs.fr\/guides\/wp-json\/wp\/v2\/tags?post=36536"}],"curies":[{"name":"wp","href":"https:\/\/api.w.org\/{rel}","templated":true}]}}