{"id":36435,"date":"2021-09-01T03:54:09","date_gmt":"2021-09-01T01:54:09","guid":{"rendered":"https:\/\/www.mes-allocs.fr\/guides\/?p=36435"},"modified":"2025-10-06T17:18:23","modified_gmt":"2025-10-06T15:18:23","slug":"declarer-conge-maternite-france-travail","status":"publish","type":"post","link":"https:\/\/www.mes-allocs.fr\/guides\/chomage\/conge-maternite-chomage\/declarer-conge-maternite-france-travail\/","title":{"rendered":"Comment d\u00e9clarer ses cong\u00e9s maternit\u00e9 \u00e0 p\u00f4le emploi ?"},"content":{"rendered":"<div><img loading=\"lazy\" decoding=\"async\" class=\"alignnone wp-image-36516 size-large\" title=\"declarer ses conges maternite a pole emploi\" src=\"https:\/\/www.mes-allocs.fr\/guides\/wp-content\/uploads\/2021\/09\/declarer-ses-conges-maternite-a-pole-emploi-e1686734088392-1024x150.jpg\" alt=\"declarer ses conges maternite a pole emploi\" width=\"1024\" height=\"150\" srcset=\"https:\/\/www.mes-allocs.fr\/guides\/wp-content\/uploads\/2021\/09\/declarer-ses-conges-maternite-a-pole-emploi-e1686734088392-1024x150.jpg 1024w, https:\/\/www.mes-allocs.fr\/guides\/wp-content\/uploads\/2021\/09\/declarer-ses-conges-maternite-a-pole-emploi-e1686734088392-300x44.jpg 300w, https:\/\/www.mes-allocs.fr\/guides\/wp-content\/uploads\/2021\/09\/declarer-ses-conges-maternite-a-pole-emploi-e1686734088392-768x113.jpg 768w, https:\/\/www.mes-allocs.fr\/guides\/wp-content\/uploads\/2021\/09\/declarer-ses-conges-maternite-a-pole-emploi-e1686734088392-600x88.jpg 600w, https:\/\/www.mes-allocs.fr\/guides\/wp-content\/uploads\/2021\/09\/declarer-ses-conges-maternite-a-pole-emploi-e1686734088392.jpg 1280w\" sizes=\"auto, (max-width: 1024px) 100vw, 1024px\" \/><\/div>\n<div><\/div>\n<div style=\"text-align: justify;\">Lorsque vous \u00eates enceinte et \u00e0 la recherche d&rsquo;un emploi, vous b\u00e9n\u00e9ficiez \u00e9galement du cong\u00e9 maternit\u00e9 dans le cadre des <a href=\"https:\/\/www.mes-allocs.fr\/guides\/caisse-dallocations-familiales\/\">allocations familiales<\/a>. Vous devez informer votre agence P\u00f4le Emploi de votre situation. On vous explique la d\u00e9marche \u00e0 suivre.<\/div>\n<div><\/div>\n<div><span id=\"Les_aides_pour_le_logement_etudiant\" class=\"ez-toc-section\"><div class='cta-block'><div class='text'>Simulez toutes vos Aides en 2 min.<\/div><a href='https:\/\/www.mes-allocs.fr\/ab-app?origin=guides\/wp-json\/wp\/v2\/posts\/36435' class='app-button fit'>Simulation gratuite<\/a><\/div><\/span><\/div>\n<div><\/div>\n<div id=\"fiche-item-1\" class=\"fiche-item-content collapse in\" aria-hidden=\"false\">\n<div class=\"bloc-edito bloc-aNoter\">\n<h1>Qu&rsquo;est-ce que le cong\u00e9 maternit\u00e9 ? <img loading=\"lazy\" decoding=\"async\" class=\"alignright wp-image-36513 size-medium\" title=\"Quest ce que le conge maternite\" src=\"https:\/\/www.mes-allocs.fr\/guides\/wp-content\/uploads\/2021\/09\/Quest-ce-que-le-conge-maternite--300x200.jpg\" alt=\"declarer ses conges maternite a pole emploi\" width=\"300\" height=\"200\" srcset=\"https:\/\/www.mes-allocs.fr\/guides\/wp-content\/uploads\/2021\/09\/Quest-ce-que-le-conge-maternite--300x200.jpg 300w, https:\/\/www.mes-allocs.fr\/guides\/wp-content\/uploads\/2021\/09\/Quest-ce-que-le-conge-maternite--1024x682.jpg 1024w, https:\/\/www.mes-allocs.fr\/guides\/wp-content\/uploads\/2021\/09\/Quest-ce-que-le-conge-maternite--768x512.jpg 768w, https:\/\/www.mes-allocs.fr\/guides\/wp-content\/uploads\/2021\/09\/Quest-ce-que-le-conge-maternite--600x400.jpg 600w, https:\/\/www.mes-allocs.fr\/guides\/wp-content\/uploads\/2021\/09\/Quest-ce-que-le-conge-maternite-.jpg 1280w\" sizes=\"auto, (max-width: 300px) 100vw, 300px\" \/><\/h1>\n<p style=\"text-align: justify;\">On parle de cong\u00e9 maternit\u00e9 lorsqu&rsquo;une femme enceinte suspend de fa\u00e7on momentan\u00e9e son activit\u00e9 professionnelle , qu&rsquo;il s&rsquo;agisse d&rsquo;une activit\u00e9 salari\u00e9e ou non.<\/p>\n<p style=\"text-align: justify;\">Le cong\u00e9 maternit\u00e9 correspond \u00e0 une suspension du contrat de travail, qui permet aux femmes enceintes salari\u00e9es de cesser leur activit\u00e9 professionnelle durant la p\u00e9riode pr\u00e9c\u00e9dant et suivant de la naissance de leur(s) enfant(s), tout en continuant \u00e0 percevoir une r\u00e9mun\u00e9ration.<\/p>\n<div id=\"les-amenagements-de-la-duree-de-conge-maternite\" class=\"ce_text block\">\n<p>Si\u00a0l\u2019assur\u00e9e\u00a0exerce une activit\u00e9 discontinue de type activit\u00e9 saisonni\u00e8re, elle doit\u202fjustifier de l&rsquo;une des deux conditions suivantes :<\/p>\n<ul>\n<li>Avoir travaill\u00e9 au moins 600 heures\u00a0au cours de l&rsquo;ann\u00e9e pr\u00e9c\u00e9dant la date du d\u00e9but de grossesse<\/li>\n<li>Avoir cotis\u00e9 2\u202f030 fois le Smic horaire au cours des 12 mois pr\u00e9c\u00e9dents<\/li>\n<\/ul>\n<\/div>\n<div class=\"ce_text block\">\n<p>Pendant la dur\u00e9e du cong\u00e9 maternit\u00e9, l\u2019employeur ne peut pas prononcer la rupture du contrat de travail de sa b\u00e9n\u00e9ficiaire.<\/p>\n<p>\u00c0 noter : Pour que vous puissiez b\u00e9n\u00e9ficier d\u2019indemnit\u00e9s journali\u00e8res durant votre\u00a0cong\u00e9, le Code du travail impose une p\u00e9riode de repos de 8 semaines minimum, dont 6 semaines prises apr\u00e8s l\u2019accouchement.<\/p>\n<h2>Actuellement sans emploi, puis-je b\u00e9n\u00e9ficier d&rsquo;un cong\u00e9 maternit\u00e9 ?<\/h2>\n<p>Le cong\u00e9 maternit\u00e9 est un droit. Que vous soyez en contrat de travail ou au ch\u00f4mage, vous pouvez en b\u00e9n\u00e9ficier<span class=\"ILfuVd\"><span class=\"hgKElc\">. La seule diff\u00e9rence se situe au niveau de la possibilit\u00e9 de percevoir des indemnit\u00e9s journali\u00e8res (IJ).<\/span><\/span><\/p>\n<p>La dur\u00e9e du cong\u00e9 :<\/p>\n<ul class=\"list-10\">\n<li>Pour un premier enfant : Il est de 16 semaines (6 semaines avant et 10 semaines apr\u00e8s l\u2019accouchement)<\/li>\n<li>Si vous avez d\u00e9j\u00e0 un enfant \u00e0 charge\u00a0: Celui-ci se monte \u00e9galement \u00e0 16 semaines (6 semaines avant l\u2019accouchement et 10 semaines par la suite). A partir du 2\u00e8me enfant, la CAF ouvre les droits\u00a0aux\u00a0allocations familiales<\/li>\n<li>Si vous attendez votre 3\u00e8me enfant ou plus : Vous b\u00e9n\u00e9ficiez de 26 semaines au total (8 semaines avant et 18 semaines apr\u00e8s)<\/li>\n<li>En cas de grossesse g\u00e9mellaire : vous avez le droit \u00e0 34 semaines (12 semaines avant l\u2019accouchement et un cong\u00e9 postnatal de 22 semaines)<\/li>\n<li>Si vous attendez 3 enfants ou plus : 46 semaines vous sont octroy\u00e9es (24 semaines avant l\u2019accouchement et 22 semaines apr\u00e8s l\u2019accouchement)<\/li>\n<\/ul>\n<\/div>\n<\/div>\n<\/div>\n<h2>Cong\u00e9 maternit\u00e9 et ch\u00f4mage : quel est le montant des indemnit\u00e9s journali\u00e8res ?<\/h2>\n<div id=\"fiche-item-1\" class=\"fiche-item-content collapse in\" aria-hidden=\"false\">\n<div class=\"bloc-edito bloc-aNoter\">\n<div class=\"ce_text block\">\n<p>Il faut diff\u00e9rencier le cong\u00e9 maternit\u00e9 (le droit \u00e0 des semaines d\u2019arr\u00eat) qui est accessible \u00e0 toutes les femmes enceintes et le fait d\u2019\u00eatre indemnis\u00e9e par la CPAM.<\/p>\n<p>Les conditions \u00ab\u00a0ch\u00f4mage et cong\u00e9 maternit\u00e9 indemnis\u00e9\u00a0\u00bb sont :<\/p>\n<ul class=\"list-9\">\n<li>Vous\u00a0percevez l\u2019allocation ch\u00f4mage<\/li>\n<li>Vous avez per\u00e7u l\u2019allocation ch\u00f4mage au cours des 12 derniers mois<\/li>\n<li>Vous avez arr\u00eat\u00e9 de travailler depuis moins de 12 mois sans \u00eatre indemnis\u00e9e par P\u00f4le emploi<\/li>\n<\/ul>\n<p style=\"text-align: justify;\">Si vous n\u2019\u00eates pas dans l\u2019une des situations suivantes, vous pourrez b\u00e9n\u00e9ficier de semaines de repos avant et apr\u00e8s la naissance du ou des enfants mais aucune indemnit\u00e9 journali\u00e8re ne vous sera vers\u00e9e. La CPAM ne vous indemnisera pas.<\/p>\n<p style=\"text-align: justify;\">Pour d\u00e9terminer le montant des Indemnit\u00e9s Journali\u00e8res maternit\u00e9 au ch\u00f4mage, la CPAM prend en compte l\u2019activit\u00e9 professionnelle qui vous a permis d\u2019ouvrir des droits ou celle datant de moins de 12 mois pour les personnes non indemnis\u00e9es.\u00a0Le montant de l\u2019IJ pour cong\u00e9 maternit\u00e9 se calcule au ch\u00f4mage de la m\u00eame fa\u00e7on que les salari\u00e9s :<\/p>\n<ul class=\"list-9\">\n<li>Les 3 derniers salaires bruts de l\u2019activit\u00e9 professionnelle sont pris en compte dans la limite de 3 925 euros au 1er janvier 2025<\/li>\n<li>Le total ainsi obtenu est divis\u00e9 par 91.25 : le r\u00e9sultat d\u00e9termine votre indemnit\u00e9 journali\u00e8re<\/li>\n<li>La CPAM soustrait 21%\u00a0correspondant aux cotisations obligatoires<\/li>\n<\/ul>\n<\/div>\n<p><span id=\"Les_aides_pour_le_logement_etudiant\" class=\"ez-toc-section\"><div class='cta-block'><div class='text'>Simulez toutes vos Aides en 2 min.<\/div><a href='https:\/\/www.mes-allocs.fr\/ab-app?origin=guides\/wp-json\/wp\/v2\/posts\/36435' class='app-button fit'>Simulation gratuite<\/a><\/div><\/span><\/p>\n<h1>Comment faire sa d\u00e9claration de grossesse \u00e0 \u00a0P\u00f4le Emploi ? <img loading=\"lazy\" decoding=\"async\" class=\"alignright wp-image-36514 size-medium\" title=\"Comment faire sa declaration de grossesse a Pole Emploi\" src=\"https:\/\/www.mes-allocs.fr\/guides\/wp-content\/uploads\/2021\/09\/Comment-faire-sa-declaration-de-grossesse-a-Pole-Emploi--300x200.jpg\" alt=\"declarer ses conges maternite a pole emploi\" width=\"300\" height=\"200\" srcset=\"https:\/\/www.mes-allocs.fr\/guides\/wp-content\/uploads\/2021\/09\/Comment-faire-sa-declaration-de-grossesse-a-Pole-Emploi--300x200.jpg 300w, https:\/\/www.mes-allocs.fr\/guides\/wp-content\/uploads\/2021\/09\/Comment-faire-sa-declaration-de-grossesse-a-Pole-Emploi--1024x682.jpg 1024w, https:\/\/www.mes-allocs.fr\/guides\/wp-content\/uploads\/2021\/09\/Comment-faire-sa-declaration-de-grossesse-a-Pole-Emploi--768x512.jpg 768w, https:\/\/www.mes-allocs.fr\/guides\/wp-content\/uploads\/2021\/09\/Comment-faire-sa-declaration-de-grossesse-a-Pole-Emploi--600x400.jpg 600w, https:\/\/www.mes-allocs.fr\/guides\/wp-content\/uploads\/2021\/09\/Comment-faire-sa-declaration-de-grossesse-a-Pole-Emploi-.jpg 1280w\" sizes=\"auto, (max-width: 300px) 100vw, 300px\" \/><\/h1>\n<p>Les femmes inscrites \u00e0 P\u00f4le emploi<\/p>\n<div class=\"ce_text block\">\n<ul>\n<li>Vous devez informer P\u00f4le emploi d\u00e8s le d\u00e9but du cong\u00e9 maternit\u00e9 ou votre cong\u00e9 d&rsquo;adoption.<\/li>\n<li>Vous devez d\u00e9clarer votre cong\u00e9 maternit\u00e9 dans le cadre de votre actualisation entre le 28 (le 26 pour le mois de f\u00e9vrier) et le 15 du mois suivant. .\n<ul>\n<li>\u00ab\u2009Actualisation mode d\u2019emploi\u2009\u00bb.<\/li>\n<li>\u00a0\u00ab Actualisation mode d\u2019emploi\u2009\u00bb (uniquement pour les r\u00e9gions Bourgogne-Franche-Comt\u00e9 et Centre-Val de Loire).<\/li>\n<\/ul>\n<\/li>\n<\/ul>\n<section class=\"block-article-link color-candidat\">\n<h2 class=\"t4\">Que faut-il d\u00e9clarer ?<\/h2>\n<p>La date de d\u00e9but du cong\u00e9 maternit\u00e9, du cong\u00e9 pathologique ou du cong\u00e9 d&rsquo;adoption.<\/p>\n<p>Vous devez fournir les pi\u00e8ces suivantes, \u00e0 savoir :<\/p>\n<\/section>\n<section class=\"block-article-link color-candidat\">\n<ul>\n<li>Le justificatif de cong\u00e9 maternit\u00e9, de cong\u00e9 pathologique, ou du cong\u00e9 d&rsquo;adoption, puis le formulaire de versement des indemnit\u00e9s journali\u00e8res de la s\u00e9curit\u00e9 sociale.<\/li>\n<li>L\u2019avis de changement de situation envoy\u00e9 par P\u00f4le emploi et compl\u00e9t\u00e9.<\/li>\n<\/ul>\n<p>Vous pouvez transmettre ces \u00e9l\u00e9ments depuis votre espace personnel. Si vous n\u2019avez pas la possibilit\u00e9 de le faire par voie d\u00e9mat\u00e9rialis\u00e9e, vous pouvez les envoyer par voie postale.<\/p>\n<\/section>\n<section class=\"block-article-link color-candidat\">\n<h2 class=\"t4\">Quelles sont les cons\u00e9quences de la d\u00e9claration\u2009?<\/h2>\n<ul>\n<li>Le versement des allocations ch\u00f4mage est interrompu pendant la p\u00e9riode correspondante au cong\u00e9 maternit\u00e9, au cong\u00e9 pathologique ou au cong\u00e9 d&rsquo;adoption.<\/li>\n<li>Si vous \u00eates toujours \u00e0 la recherche d\u2019un emploi, vous serez consid\u00e9r\u00e9 comme non disponible.<\/li>\n<li>Si vous n\u2019\u00eates plus \u00e0 la recherche d\u2019un emploi, vous cesserez d\u2019\u00eatre inscrit comme demandeur d\u2019emploi.<\/li>\n<\/ul>\n<p><strong>Attention :\u00a0<\/strong>A l\u2019issue de votre cong\u00e9, vous devez pr\u00e9ciser \u00e0 P\u00f4le emploi si vous voulez rester inscrit et si vous \u00eates toujours \u00e0 la recherche d&rsquo;un emploi. Vous devez l\u2019informer dans les<strong> 5 jours calendaires <\/strong>qui suivent la fin de votre cong\u00e9 maternit\u00e9 (samedis, dimanches et jours f\u00e9ri\u00e9s compris), afin de reprendre le paiement de vos allocations, si vous y avez droit.<\/p>\n<h1>Quelles sont les cons\u00e9quences en cas d&rsquo;oubli ou de fausse d\u00e9claration ?<\/h1>\n<\/section>\n<section class=\"block-article-link color-candidat\">\n<ul>\n<li>Vous devrez rembourser les allocations vers\u00e9es \u00e0 tort<\/li>\n<li style=\"text-align: justify;\">Toute fausse d\u00e9claration vous expose \u00e0 des sanctions (radiation de la liste des demandeurs d\u2019emploi, suppression d\u2019une partie ou de la totalit\u00e9 de votre allocation, p\u00e9nalit\u00e9s administratives, etc.).<\/li>\n<\/ul>\n<\/section>\n<\/div>\n<\/div>\n<\/div>\n<p><span id=\"Les_aides_pour_le_logement_etudiant\" class=\"ez-toc-section\"><div class='cta-block'><div class='text'>Simulez toutes vos Aides en 2 min.<\/div><a href='https:\/\/www.mes-allocs.fr\/ab-app?origin=guides\/wp-json\/wp\/v2\/posts\/36435' class='app-button fit'>Simulation gratuite<\/a><\/div><\/span><\/p>\n","protected":false},"excerpt":{"rendered":"<p>Lorsque vous \u00eates enceinte et \u00e0 la recherche d&rsquo;un emploi, vous b\u00e9n\u00e9ficiez \u00e9galement du cong\u00e9 maternit\u00e9 dans le cadre des allocations familiales. Vous devez informer votre agence P\u00f4le Emploi de votre situation. On vous explique la d\u00e9marche \u00e0 suivre. Qu&rsquo;est-ce que le cong\u00e9 maternit\u00e9 ? On parle de cong\u00e9 maternit\u00e9 lorsqu&rsquo;une femme enceinte suspend de [&hellip;]<\/p>\n","protected":false},"author":7,"featured_media":36515,"comment_status":"open","ping_status":"open","sticky":false,"template":"","format":"standard","meta":{"amp_status":"","footnotes":""},"categories":[45235,2989],"tags":[],"class_list":["post-36435","post","type-post","status-publish","format-standard","has-post-thumbnail","hentry","category-conge-maternite-chomage","category-chomage"],"yoast_head":"<!-- This site is optimized with the Yoast SEO plugin v14.9 - https:\/\/yoast.com\/wordpress\/plugins\/seo\/ -->\n<title>Comment d\u00e9clarer ses cong\u00e9s maternit\u00e9 \u00e0 p\u00f4le emploi ? | Mes-Allocs.fr<\/title>\n<meta name=\"description\" content=\"Si vous \u00eates inscrite \u00e0 P\u00f4le Emploi, vous devez d\u00e9clarer \u00e0 votre agence votre cong\u00e9 maternit\u00e9. On vous explique tout en d\u00e9tail.\" \/>\n<meta name=\"robots\" content=\"index, follow, max-snippet:-1, max-image-preview:large, max-video-preview:-1\" \/>\n<link rel=\"canonical\" href=\"https:\/\/www.mes-allocs.fr\/guides\/chomage\/conge-maternite-chomage\/declarer-conge-maternite-france-travail\/\" \/>\n<meta property=\"og:locale\" content=\"fr_FR\" \/>\n<meta property=\"og:type\" content=\"article\" \/>\n<meta property=\"og:title\" content=\"Comment d\u00e9clarer ses cong\u00e9s maternit\u00e9 \u00e0 p\u00f4le emploi ? | Mes-Allocs.fr\" \/>\n<meta property=\"og:description\" content=\"Si vous \u00eates inscrite \u00e0 P\u00f4le Emploi, vous devez d\u00e9clarer \u00e0 votre agence votre cong\u00e9 maternit\u00e9. On vous explique tout en d\u00e9tail.\" \/>\n<meta property=\"og:url\" content=\"https:\/\/www.mes-allocs.fr\/guides\/chomage\/conge-maternite-chomage\/declarer-conge-maternite-france-travail\/\" \/>\n<meta property=\"og:site_name\" content=\"Mes-Allocs.fr\" \/>\n<meta property=\"article:published_time\" content=\"2021-09-01T01:54:09+00:00\" \/>\n<meta property=\"article:modified_time\" content=\"2025-10-06T15:18:23+00:00\" \/>\n<meta property=\"og:image\" content=\"https:\/\/www.mes-allocs.fr\/guides\/wp-content\/uploads\/2021\/09\/Comment-declarer-ses-conges-maternite-a-pole-emploi-.jpg?wsr\" \/>\n\t<meta property=\"og:image:width\" content=\"1280\" \/>\n\t<meta property=\"og:image:height\" content=\"853\" \/>\n<meta name=\"twitter:card\" content=\"summary_large_image\" \/>\n<script type=\"application\/ld+json\" class=\"yoast-schema-graph\">{\"@context\":\"https:\/\/schema.org\",\"@graph\":[{\"@type\":\"WebSite\",\"@id\":\"https:\/\/www.mes-allocs.fr\/guides\/#website\",\"url\":\"https:\/\/www.mes-allocs.fr\/guides\/\",\"name\":\"Mes-Allocs.fr\",\"description\":\"\",\"potentialAction\":[{\"@type\":\"SearchAction\",\"target\":\"https:\/\/www.mes-allocs.fr\/guides\/?s={search_term_string}\",\"query-input\":\"required name=search_term_string\"}],\"inLanguage\":\"fr-FR\"},{\"@type\":\"ImageObject\",\"@id\":\"https:\/\/www.mes-allocs.fr\/guides\/chomage\/conge-maternite-chomage\/declarer-conge-maternite-france-travail\/#primaryimage\",\"inLanguage\":\"fr-FR\",\"url\":\"https:\/\/www.mes-allocs.fr\/guides\/wp-content\/uploads\/2021\/09\/Comment-declarer-ses-conges-maternite-a-pole-emploi-.jpg?wsr\",\"width\":1280,\"height\":853,\"caption\":\"Comment declarer ses conges maternite a pole emploi\"},{\"@type\":\"WebPage\",\"@id\":\"https:\/\/www.mes-allocs.fr\/guides\/chomage\/conge-maternite-chomage\/declarer-conge-maternite-france-travail\/#webpage\",\"url\":\"https:\/\/www.mes-allocs.fr\/guides\/chomage\/conge-maternite-chomage\/declarer-conge-maternite-france-travail\/\",\"name\":\"Comment d\\u00e9clarer ses cong\\u00e9s maternit\\u00e9 \\u00e0 p\\u00f4le emploi ? | Mes-Allocs.fr\",\"isPartOf\":{\"@id\":\"https:\/\/www.mes-allocs.fr\/guides\/#website\"},\"primaryImageOfPage\":{\"@id\":\"https:\/\/www.mes-allocs.fr\/guides\/chomage\/conge-maternite-chomage\/declarer-conge-maternite-france-travail\/#primaryimage\"},\"datePublished\":\"2021-09-01T01:54:09+00:00\",\"dateModified\":\"2025-10-06T15:18:23+00:00\",\"author\":{\"@id\":\"https:\/\/www.mes-allocs.fr\/guides\/#\/schema\/person\/1c4837d5703727cb02ce84583b5a44aa\"},\"description\":\"Si vous \\u00eates inscrite \\u00e0 P\\u00f4le Emploi, vous devez d\\u00e9clarer \\u00e0 votre agence votre cong\\u00e9 maternit\\u00e9. On vous explique tout en d\\u00e9tail.\",\"inLanguage\":\"fr-FR\"},{\"@type\":\"Person\",\"@id\":\"https:\/\/www.mes-allocs.fr\/guides\/#\/schema\/person\/1c4837d5703727cb02ce84583b5a44aa\",\"name\":\"Fabiola\",\"image\":{\"@type\":\"ImageObject\",\"@id\":\"https:\/\/www.mes-allocs.fr\/guides\/#personlogo\",\"inLanguage\":\"fr-FR\",\"url\":\"https:\/\/www.mes-allocs.fr\/guides\/wp-content\/uploads\/2021\/06\/fabiola-150x150.png\",\"caption\":\"Fabiola\"},\"description\":\"Fabiola est r\\u00e9dactrice au sein de l'\\u00e9quipe Mes Allocs, sp\\u00e9cialis\\u00e9e en sciences politiques et affaires publiques. Dipl\\u00f4m\\u00e9e de l'HEIP, elle rejoint Mes Allocs apr\\u00e8s une premi\\u00e8re exp\\u00e9rience \\u00e0 l'Assembl\\u00e9e Nationale.\",\"sameAs\":[\"https:\/\/www.linkedin.com\/in\/cecilia-philippe-b-8a8085195\"]}]}<\/script>\n<!-- \/ Yoast SEO plugin. -->","amp_validity":null,"acf":{"faq":{"1":{"question":"\ud83e\udd37 C'est quoi le cong\u00e9 maternit\u00e9 ?","answer":"Le cong\u00e9 maternit\u00e9 correspond \u00e0 la dur\u00e9e pendant laquelle une femme salari\u00e9e quitte son activit\u00e9 au moment de la naissance de son enfant."},"2":{"question":"\ud83e\udd1d Quelle est la dur\u00e9e du cong\u00e9 apr\u00e8s accouchement ?","answer":"Le cong\u00e9 postnatal (apr\u00e8s accouchement), est de 10 semaines. "},"3":{"question":"\ud83e\udd37\u200d\u2640\ufe0f Comment faire pour prolonger son cong\u00e9 maternit\u00e9 ?","answer":"Si vous souhaitez prolonger votre cong\u00e9 maternit\u00e9, vous devez en faire la demande aupr\u00e8s de la CPAM."},"4":{"question":"\ud83e\udd37 Comment faire sa d\u00e9claration de grossesse \u00e0 \u00a0P\u00f4le Emploi ?","answer":"- Vous devez informer P\u00f4le emploi d\u00e8s le d\u00e9but du cong\u00e9 maternit\u00e9 ou votre cong\u00e9 d'adoption. \r\n- Vous devez d\u00e9clarer votre cong\u00e9 maternit\u00e9 dans le cadre de votre actualisation entre le 28 (le 26 pour le mois de f\u00e9vrier) et le 15 du mois suivant. ."},"5":{"question":"\ud83e\udd1d Que faut-il d\u00e9clarer \u00e0 P\u00f4le Emploi ?","answer":"Vous devez d\u00e9clarer la date de d\u00e9but du cong\u00e9 maternit\u00e9, du cong\u00e9 pathologique ou du cong\u00e9 d'adoption."},"6":{"question":"","answer":""},"7":{"question":"","answer":""},"8":{"question":"","answer":""},"9":{"question":"","answer":""},"10":{"question":"","answer":""},"11":{"question":"","answer":""},"12":{"question":"","answer":""},"13":{"question":"","answer":""},"14":{"question":"","answer":""},"15":{"question":"","answer":""},"16":{"question":"","answer":""}}},"_links":{"self":[{"href":"https:\/\/www.mes-allocs.fr\/guides\/wp-json\/wp\/v2\/posts\/36435","targetHints":{"allow":["GET"]}}],"collection":[{"href":"https:\/\/www.mes-allocs.fr\/guides\/wp-json\/wp\/v2\/posts"}],"about":[{"href":"https:\/\/www.mes-allocs.fr\/guides\/wp-json\/wp\/v2\/types\/post"}],"author":[{"embeddable":true,"href":"https:\/\/www.mes-allocs.fr\/guides\/wp-json\/wp\/v2\/users\/7"}],"replies":[{"embeddable":true,"href":"https:\/\/www.mes-allocs.fr\/guides\/wp-json\/wp\/v2\/comments?post=36435"}],"version-history":[{"count":12,"href":"https:\/\/www.mes-allocs.fr\/guides\/wp-json\/wp\/v2\/posts\/36435\/revisions"}],"predecessor-version":[{"id":104330,"href":"https:\/\/www.mes-allocs.fr\/guides\/wp-json\/wp\/v2\/posts\/36435\/revisions\/104330"}],"wp:featuredmedia":[{"embeddable":true,"href":"https:\/\/www.mes-allocs.fr\/guides\/wp-json\/wp\/v2\/media\/36515"}],"wp:attachment":[{"href":"https:\/\/www.mes-allocs.fr\/guides\/wp-json\/wp\/v2\/media?parent=36435"}],"wp:term":[{"taxonomy":"category","embeddable":true,"href":"https:\/\/www.mes-allocs.fr\/guides\/wp-json\/wp\/v2\/categories?post=36435"},{"taxonomy":"post_tag","embeddable":true,"href":"https:\/\/www.mes-allocs.fr\/guides\/wp-json\/wp\/v2\/tags?post=36435"}],"curies":[{"name":"wp","href":"https:\/\/api.w.org\/{rel}","templated":true}]}}