{"id":36410,"date":"2021-08-31T20:04:52","date_gmt":"2021-08-31T18:04:52","guid":{"rendered":"https:\/\/www.mes-allocs.fr\/guides\/?p=36410"},"modified":"2025-05-12T13:30:38","modified_gmt":"2025-05-12T11:30:38","slug":"aide-permis-de-conduire-pas-de-calais","status":"publish","type":"post","link":"https:\/\/www.mes-allocs.fr\/guides\/aide-mobilite\/aide-permis-de-conduire\/aide-permis-de-conduire-conseil-general\/aide-permis-de-conduire-pas-de-calais\/","title":{"rendered":"Aide au permis de conduire Pas-de-Calais"},"content":{"rendered":"<p><img loading=\"lazy\" decoding=\"async\" class=\"alignnone wp-image-36482 \" title=\"Aide au permis de conduire Pas de Calais\" src=\"https:\/\/www.mes-allocs.fr\/guides\/wp-content\/uploads\/2021\/08\/Aide-au-permis-de-conduire-Pas-de-Calais-1-e1630432577395-1024x274.jpg\" alt=\"Aide au permis de conduire Pas de Calais\" width=\"1521\" height=\"407\" srcset=\"https:\/\/www.mes-allocs.fr\/guides\/wp-content\/uploads\/2021\/08\/Aide-au-permis-de-conduire-Pas-de-Calais-1-e1630432577395-1024x274.jpg 1024w, https:\/\/www.mes-allocs.fr\/guides\/wp-content\/uploads\/2021\/08\/Aide-au-permis-de-conduire-Pas-de-Calais-1-e1630432577395-300x80.jpg 300w, https:\/\/www.mes-allocs.fr\/guides\/wp-content\/uploads\/2021\/08\/Aide-au-permis-de-conduire-Pas-de-Calais-1-e1630432577395-768x205.jpg 768w, https:\/\/www.mes-allocs.fr\/guides\/wp-content\/uploads\/2021\/08\/Aide-au-permis-de-conduire-Pas-de-Calais-1-e1630432577395-600x160.jpg 600w, https:\/\/www.mes-allocs.fr\/guides\/wp-content\/uploads\/2021\/08\/Aide-au-permis-de-conduire-Pas-de-Calais-1-e1630432577395.jpg 1280w\" sizes=\"auto, (max-width: 1521px) 100vw, 1521px\" \/><\/p>\n<p>Le Pas-de-calais vous propose une <a href=\"https:\/\/www.mes-allocs.fr\/guides\/aide-mobilite\/\">aide \u00e0 la mobilit\u00e9<\/a> pour passer votre permis de conduire. Ce coup de pouce s&rsquo;adresse aux jeunes. Dans cet article, on vous dit comment faire pour obtenir cette<strong> aide au permis de oconduire de Pas-de-Calais<\/strong>, ses conditions, son montant et les d\u00e9marches \u00e0 suivre.<\/p>\n<p><span id=\"Les_aides_pour_le_logement_etudiant\" class=\"ez-toc-section\"><div class='cta-block'><div class='text'>Simulez toutes vos aides en 2 min.<\/div><a href='https:\/\/www.mes-allocs.fr\/ab-app?origin=guides\/wp-json\/wp\/v2\/posts\/36410' class='app-button fit'>Simulation gratuite<\/a><\/div><\/span><\/p>\n<h1>L&rsquo;aide au permis de conduire Nord-Pas-de-calais <img loading=\"lazy\" decoding=\"async\" class=\"size-medium wp-image-36483 alignright\" title=\"Laide au permis de conduire Nord Pas de calais\" src=\"https:\/\/www.mes-allocs.fr\/guides\/wp-content\/uploads\/2021\/08\/Laide-au-permis-de-conduire-Nord-Pas-de-calais-300x225.jpg\" alt=\"Laide au permis de conduire Nord Pas de calais\" width=\"300\" height=\"225\" srcset=\"https:\/\/www.mes-allocs.fr\/guides\/wp-content\/uploads\/2021\/08\/Laide-au-permis-de-conduire-Nord-Pas-de-calais-300x225.jpg 300w, https:\/\/www.mes-allocs.fr\/guides\/wp-content\/uploads\/2021\/08\/Laide-au-permis-de-conduire-Nord-Pas-de-calais-1024x768.jpg 1024w, https:\/\/www.mes-allocs.fr\/guides\/wp-content\/uploads\/2021\/08\/Laide-au-permis-de-conduire-Nord-Pas-de-calais-768x576.jpg 768w, https:\/\/www.mes-allocs.fr\/guides\/wp-content\/uploads\/2021\/08\/Laide-au-permis-de-conduire-Nord-Pas-de-calais-600x450.jpg 600w, https:\/\/www.mes-allocs.fr\/guides\/wp-content\/uploads\/2021\/08\/Laide-au-permis-de-conduire-Nord-Pas-de-calais.jpg 1280w\" sizes=\"auto, (max-width: 300px) 100vw, 300px\" \/><\/h1>\n<p>Les \u00a0jeunes de 15 \u00e0 25 ans qui r\u00e9sident dans le Pas-de-Calais et qui souhaitent passer leur permis de conduire, peuvent obtenir cette aide, sous conditions de ressources.<\/p>\n<p>Ce coup de pouce est destin\u00e9 \u00e0 vous accompagner dans le financement de votre permis de conduire, sous r\u00e9serve de certaines conditions et pi\u00e8ces obligatoires.<\/p>\n<p>\u00c0 noter : \u00a0la formule \u00ab\u00a0conduite accompagn\u00e9e\u00a0\u00bb est \u00e9ligible au dispositif.<\/p>\n<h2>Quelles sont les conditions pour b\u00e9n\u00e9ficier de cette aide ?<\/h2>\n<p>Pour \u00eatre \u00e9ligible au dispositif, vous devez respecter les conditions suivantes :<\/p>\n<ul>\n<li>r\u00e9sider dans le nord-pas-de-calais<\/li>\n<li>\u00eatre \u00e2g\u00e9 de 15 \u00e0 25 ans<\/li>\n<li>\u00eatre inscrit dans une auto-\u00e9cole<\/li>\n<li>effectuer 35 heures de b\u00e9n\u00e9volat au sein d&rsquo;une association du pas de calais.<\/li>\n<\/ul>\n<p>\u00c0 noter : la formule \u00ab\u00a0conduite accompagn\u00e9e\u00a0\u00bb est \u00e9ligible, mais uniquement si le code de la route a \u00e9t\u00e9 obtenu depuis moins de 3 mois au moment de la demande.<\/p>\n<h2>Quelles sont les missions \u00e9ligibles ?<\/h2>\n<p>Le b\u00e9n\u00e9volat peut se faire autour des th\u00e9matiques suivantes : jeunesse, \u00e9ducation populaire, culturelle, artistique, sportive, environnementale, caritative (exemples : les Restos du C\u0153ur, la SPA, le Secours Populaire, Emma\u00fcs, La Croix Rouge fran\u00e7aise,\u00a0etc&#8230;).<\/p>\n<p>\u00c0 contrario, sont exclues les missions suivantes :<\/p>\n<ul>\n<li>les missions relevant d\u2019une formation ou d\u2019un cursus scolaire,<\/li>\n<li>missions relevant habituellement d\u2019un emploi salari\u00e9 (entretien m\u00e9nager, espaces verts, menus travaux d\u2019entretien : bricolage, peinture, etc.),<\/li>\n<li>les missions effectu\u00e9es dans le cadre d\u2019une activit\u00e9 salari\u00e9e, y compris des contrats aid\u00e9s (sauf Service Civique)<\/li>\n<li>les missions effectu\u00e9es \u00e0 titre personnel et\/ou au titre de parent d\u2019\u00e9l\u00e8ve.<\/li>\n<\/ul>\n<p>Les b\u00e9n\u00e9ficiaires disposent d\u2019un d\u00e9lai de 3 mois \u00e0 partir de la date d\u2019acceptation du dossier pour effectuer les 35 heures de b\u00e9n\u00e9volat aupr\u00e8s d&rsquo;une association \u00e9ligible<\/p>\n<p><iframe loading=\"lazy\" title=\"Les Aide au Permis de conduire\" width=\"500\" height=\"281\" src=\"https:\/\/www.youtube.com\/embed\/1Jel5B187to?feature=oembed\" frameborder=\"0\" allow=\"accelerometer; autoplay; clipboard-write; encrypted-media; gyroscope; picture-in-picture; web-share\" referrerpolicy=\"strict-origin-when-cross-origin\" allowfullscreen><\/iframe><\/p>\n<h1>Comment faire la demande d&rsquo;aide ? <img loading=\"lazy\" decoding=\"async\" class=\"size-medium wp-image-36484 alignright\" title=\"Comment faire la demande daide\" src=\"https:\/\/www.mes-allocs.fr\/guides\/wp-content\/uploads\/2021\/08\/Comment-faire-la-demande-daide-1-1-300x200.jpg\" alt=\"Comment faire la demande daide\" width=\"300\" height=\"200\" srcset=\"https:\/\/www.mes-allocs.fr\/guides\/wp-content\/uploads\/2021\/08\/Comment-faire-la-demande-daide-1-1-300x200.jpg 300w, https:\/\/www.mes-allocs.fr\/guides\/wp-content\/uploads\/2021\/08\/Comment-faire-la-demande-daide-1-1-1024x682.jpg 1024w, https:\/\/www.mes-allocs.fr\/guides\/wp-content\/uploads\/2021\/08\/Comment-faire-la-demande-daide-1-1-768x512.jpg 768w, https:\/\/www.mes-allocs.fr\/guides\/wp-content\/uploads\/2021\/08\/Comment-faire-la-demande-daide-1-1-600x400.jpg 600w, https:\/\/www.mes-allocs.fr\/guides\/wp-content\/uploads\/2021\/08\/Comment-faire-la-demande-daide-1-1.jpg 1280w\" sizes=\"auto, (max-width: 300px) 100vw, 300px\" \/><\/h1>\n<p>Avant de faire votre demande, l&rsquo;engagement citoyen que vous d\u00e9sirez effectuer doit \u00eatre accept\u00e9 par le d\u00e9partement. Si tel est le cas, vous pourrez alors faire votre demande via le site d\u00e9di\u00e9 \u00e0 cet effet : www.jeunesdu62.fr.<\/p>\n<p>\u00c0 noter : vous ne devez pas commencer votre mission d&rsquo;engagement avant sa validation par le d\u00e9partement.<\/p>\n<h2>Quel est le montant de l&rsquo;aide ?<\/h2>\n<p>Le montant du permis citoyen est de <strong>400 euros<\/strong>.<\/p>\n<p>Une bonification de<strong> 200\u00a0<\/strong><b>euros<\/b>\u00a0peut \u00eatre accord\u00e9e aux jeunes en situation de handicap si la mobilisation d&rsquo;un financement\u00a0par la maison d\u00e9partementale des personnes handicap\u00e9es n&rsquo;est pas possible.<\/p>\n<p><span id=\"Les_aides_pour_le_logement_etudiant\" class=\"ez-toc-section\"><div class='cta-block'><div class='text'>Simulez toutes vos aides en 2 min.<\/div><a href='https:\/\/www.mes-allocs.fr\/ab-app?origin=guides\/wp-json\/wp\/v2\/posts\/36410' class='app-button fit'>Simulation gratuite<\/a><\/div><\/span><\/p>\n<h2>Quand l&rsquo;aide sera t-elle vers\u00e9e ? <img loading=\"lazy\" decoding=\"async\" class=\"size-medium wp-image-36485 alignright\" title=\"Quand laide sera t elle versee\" src=\"https:\/\/www.mes-allocs.fr\/guides\/wp-content\/uploads\/2021\/08\/Quand-laide-sera-t-elle-versee--300x200.jpg\" alt=\"Quand laide sera t elle versee\" width=\"300\" height=\"200\" srcset=\"https:\/\/www.mes-allocs.fr\/guides\/wp-content\/uploads\/2021\/08\/Quand-laide-sera-t-elle-versee--300x200.jpg 300w, https:\/\/www.mes-allocs.fr\/guides\/wp-content\/uploads\/2021\/08\/Quand-laide-sera-t-elle-versee--1024x682.jpg 1024w, https:\/\/www.mes-allocs.fr\/guides\/wp-content\/uploads\/2021\/08\/Quand-laide-sera-t-elle-versee--768x512.jpg 768w, https:\/\/www.mes-allocs.fr\/guides\/wp-content\/uploads\/2021\/08\/Quand-laide-sera-t-elle-versee--600x400.jpg 600w, https:\/\/www.mes-allocs.fr\/guides\/wp-content\/uploads\/2021\/08\/Quand-laide-sera-t-elle-versee-.jpg 1280w\" sizes=\"auto, (max-width: 300px) 100vw, 300px\" \/><\/h2>\n<p>Vous recevez le premier versement de <strong>200\u20ac\u00a0<\/strong>d\u00e8s que votre demande d&rsquo;aide est valid\u00e9e.<\/p>\n<div class=\"page\" title=\"Page 1\">\n<div class=\"layoutArea\">\n<div class=\"column\">\n<p>A la fin de votre mission d&rsquo;engagement, l\u2019association devra remplir une attestation de fin de mission. Par le moyen de cette attestation, vous pourrez recevoir le 2\u00e8me versement de <strong>200\u20ac<\/strong>\u00a0ou <strong>400\u20ac<\/strong> pour les jeunes en situation de handicap.<\/p>\n<div class='cta-block'><div class='text'>Simulez toutes vos aides en 2 min.<\/div><a href='https:\/\/www.mes-allocs.fr\/ab-app?origin=guides\/wp-json\/wp\/v2\/posts\/36410' class='app-button fit'>Simulation gratuite<\/a><\/div>\n<\/div>\n<\/div>\n<\/div>\n","protected":false},"excerpt":{"rendered":"<p>Le Pas-de-calais vous propose une aide \u00e0 la mobilit\u00e9 pour passer votre permis de conduire. Ce coup de pouce s&rsquo;adresse aux jeunes. Dans cet article, on vous dit comment faire pour obtenir cette aide au permis de oconduire de Pas-de-Calais, ses conditions, son montant et les d\u00e9marches \u00e0 suivre. L&rsquo;aide au permis de conduire Nord-Pas-de-calais [&hellip;]<\/p>\n","protected":false},"author":7,"featured_media":36480,"comment_status":"open","ping_status":"open","sticky":false,"template":"","format":"standard","meta":{"amp_status":"","footnotes":""},"categories":[9928,43624,29],"tags":[],"class_list":["post-36410","post","type-post","status-publish","format-standard","has-post-thumbnail","hentry","category-aide-permis-de-conduire","category-aide-permis-de-conduire-conseil-general","category-aide-mobilite"],"yoast_head":"<!-- This site is optimized with the Yoast SEO plugin v14.9 - https:\/\/yoast.com\/wordpress\/plugins\/seo\/ -->\n<title>Aide au permis de conduire Pas-de-Calais | Mes-Allocs.fr<\/title>\n<meta name=\"description\" content=\"Le d\u00e9partement du Nord-Pas-de-Calais peut vous aider \u00e0 financer votre permis de conduire. Notre \u00e9quipe vous explique tout en d\u00e9tail.\" \/>\n<meta name=\"robots\" content=\"index, follow, max-snippet:-1, max-image-preview:large, max-video-preview:-1\" \/>\n<link rel=\"canonical\" href=\"https:\/\/www.mes-allocs.fr\/guides\/aide-mobilite\/aide-permis-de-conduire\/aide-permis-de-conduire-conseil-general\/aide-permis-de-conduire-pas-de-calais\/\" \/>\n<meta property=\"og:locale\" content=\"fr_FR\" \/>\n<meta property=\"og:type\" content=\"article\" \/>\n<meta property=\"og:title\" content=\"Aide au permis de conduire Pas-de-Calais | Mes-Allocs.fr\" \/>\n<meta property=\"og:description\" content=\"Le d\u00e9partement du Nord-Pas-de-Calais peut vous aider \u00e0 financer votre permis de conduire. Notre \u00e9quipe vous explique tout en d\u00e9tail.\" \/>\n<meta property=\"og:url\" content=\"https:\/\/www.mes-allocs.fr\/guides\/aide-mobilite\/aide-permis-de-conduire\/aide-permis-de-conduire-conseil-general\/aide-permis-de-conduire-pas-de-calais\/\" \/>\n<meta property=\"og:site_name\" content=\"Mes-Allocs.fr\" \/>\n<meta property=\"article:published_time\" content=\"2021-08-31T18:04:52+00:00\" \/>\n<meta property=\"article:modified_time\" content=\"2025-05-12T11:30:38+00:00\" \/>\n<meta property=\"og:image\" content=\"https:\/\/www.mes-allocs.fr\/guides\/wp-content\/uploads\/2021\/08\/Aide-au-permis-de-conduire-Pas-de-Calais.jpg?wsr\" \/>\n\t<meta property=\"og:image:width\" content=\"1280\" \/>\n\t<meta property=\"og:image:height\" content=\"853\" \/>\n<meta name=\"twitter:card\" content=\"summary_large_image\" \/>\n<script type=\"application\/ld+json\" class=\"yoast-schema-graph\">{\"@context\":\"https:\/\/schema.org\",\"@graph\":[{\"@type\":\"WebSite\",\"@id\":\"https:\/\/www.mes-allocs.fr\/guides\/#website\",\"url\":\"https:\/\/www.mes-allocs.fr\/guides\/\",\"name\":\"Mes-Allocs.fr\",\"description\":\"\",\"potentialAction\":[{\"@type\":\"SearchAction\",\"target\":\"https:\/\/www.mes-allocs.fr\/guides\/?s={search_term_string}\",\"query-input\":\"required name=search_term_string\"}],\"inLanguage\":\"fr-FR\"},{\"@type\":\"ImageObject\",\"@id\":\"https:\/\/www.mes-allocs.fr\/guides\/aide-mobilite\/aide-permis-de-conduire\/aide-permis-de-conduire-conseil-general\/aide-permis-de-conduire-pas-de-calais\/#primaryimage\",\"inLanguage\":\"fr-FR\",\"url\":\"https:\/\/www.mes-allocs.fr\/guides\/wp-content\/uploads\/2021\/08\/Aide-au-permis-de-conduire-Pas-de-Calais.jpg?wsr\",\"width\":1280,\"height\":853,\"caption\":\"Aide au permis de conduire Pas de Calais\"},{\"@type\":\"WebPage\",\"@id\":\"https:\/\/www.mes-allocs.fr\/guides\/aide-mobilite\/aide-permis-de-conduire\/aide-permis-de-conduire-conseil-general\/aide-permis-de-conduire-pas-de-calais\/#webpage\",\"url\":\"https:\/\/www.mes-allocs.fr\/guides\/aide-mobilite\/aide-permis-de-conduire\/aide-permis-de-conduire-conseil-general\/aide-permis-de-conduire-pas-de-calais\/\",\"name\":\"Aide au permis de conduire Pas-de-Calais | Mes-Allocs.fr\",\"isPartOf\":{\"@id\":\"https:\/\/www.mes-allocs.fr\/guides\/#website\"},\"primaryImageOfPage\":{\"@id\":\"https:\/\/www.mes-allocs.fr\/guides\/aide-mobilite\/aide-permis-de-conduire\/aide-permis-de-conduire-conseil-general\/aide-permis-de-conduire-pas-de-calais\/#primaryimage\"},\"datePublished\":\"2021-08-31T18:04:52+00:00\",\"dateModified\":\"2025-05-12T11:30:38+00:00\",\"author\":{\"@id\":\"https:\/\/www.mes-allocs.fr\/guides\/#\/schema\/person\/1c4837d5703727cb02ce84583b5a44aa\"},\"description\":\"Le d\\u00e9partement du Nord-Pas-de-Calais peut vous aider \\u00e0 financer votre permis de conduire. Notre \\u00e9quipe vous explique tout en d\\u00e9tail.\",\"inLanguage\":\"fr-FR\"},{\"@type\":\"Person\",\"@id\":\"https:\/\/www.mes-allocs.fr\/guides\/#\/schema\/person\/1c4837d5703727cb02ce84583b5a44aa\",\"name\":\"Fabiola\",\"image\":{\"@type\":\"ImageObject\",\"@id\":\"https:\/\/www.mes-allocs.fr\/guides\/#personlogo\",\"inLanguage\":\"fr-FR\",\"url\":\"https:\/\/www.mes-allocs.fr\/guides\/wp-content\/uploads\/2021\/06\/fabiola-150x150.png\",\"caption\":\"Fabiola\"},\"description\":\"Fabiola est r\\u00e9dactrice au sein de l'\\u00e9quipe Mes Allocs, sp\\u00e9cialis\\u00e9e en sciences politiques et affaires publiques. Dipl\\u00f4m\\u00e9e de l'HEIP, elle rejoint Mes Allocs apr\\u00e8s une premi\\u00e8re exp\\u00e9rience \\u00e0 l'Assembl\\u00e9e Nationale.\",\"sameAs\":[\"https:\/\/www.linkedin.com\/in\/cecilia-philippe-b-8a8085195\"]}]}<\/script>\n<!-- \/ Yoast SEO plugin. -->","amp_validity":null,"acf":{"faq":{"1":{"question":"Qui peut b\u00e9n\u00e9ficier de l'aide au permis propos\u00e9e par le Nord-Pas-de-Calais ?","answer":"Cette aide au permis de conduire est ouverte aux jeunes \u00e2g\u00e9s de 16 \u00e0 25 ans. "},"2":{"question":" Quel est le montant de l'aide au permis de la r\u00e9gion Nord-Pas-de-Calais ?","answer":"Le montant de l'aide est de 400\u20ac. Il s'\u00e9l\u00e8ve \u00e0 600\u20ac pour les personnes en situation de handicap."},"3":{"question":"Quelle aide permis de conduire pour les jeunes ?","answer":"- Le permis \u00e0 1\u20ac par jour\r\n- L'aide au permis pour les apprentis\r\n- L'aide de P\u00f4le Emploi.\r\n"},"4":{"question":"Quand l'aide est-elle vers\u00e9e ?","answer":"Vous recevez l'aide d\u00e8s que votre demande est valid\u00e9e par le d\u00e9partement."},"5":{"question":"Qui peut b\u00e9n\u00e9ficier du permis \u00e0 1 euro ?","answer":"Le dispositif permis \u00e0 1 euro est ouvert aux jeunes de 15 \u00e0 25 ans. Ils peuvent en b\u00e9n\u00e9ficier sous conditions. "},"6":{"question":"","answer":""},"7":{"question":"","answer":""},"8":{"question":"","answer":""},"9":{"question":"","answer":""},"10":{"question":"","answer":""},"11":{"question":"","answer":""},"12":{"question":"","answer":""},"13":{"question":"","answer":""},"14":{"question":"","answer":""},"15":{"question":"","answer":""},"16":{"question":"","answer":""}}},"_links":{"self":[{"href":"https:\/\/www.mes-allocs.fr\/guides\/wp-json\/wp\/v2\/posts\/36410","targetHints":{"allow":["GET"]}}],"collection":[{"href":"https:\/\/www.mes-allocs.fr\/guides\/wp-json\/wp\/v2\/posts"}],"about":[{"href":"https:\/\/www.mes-allocs.fr\/guides\/wp-json\/wp\/v2\/types\/post"}],"author":[{"embeddable":true,"href":"https:\/\/www.mes-allocs.fr\/guides\/wp-json\/wp\/v2\/users\/7"}],"replies":[{"embeddable":true,"href":"https:\/\/www.mes-allocs.fr\/guides\/wp-json\/wp\/v2\/comments?post=36410"}],"version-history":[{"count":11,"href":"https:\/\/www.mes-allocs.fr\/guides\/wp-json\/wp\/v2\/posts\/36410\/revisions"}],"predecessor-version":[{"id":97285,"href":"https:\/\/www.mes-allocs.fr\/guides\/wp-json\/wp\/v2\/posts\/36410\/revisions\/97285"}],"wp:featuredmedia":[{"embeddable":true,"href":"https:\/\/www.mes-allocs.fr\/guides\/wp-json\/wp\/v2\/media\/36480"}],"wp:attachment":[{"href":"https:\/\/www.mes-allocs.fr\/guides\/wp-json\/wp\/v2\/media?parent=36410"}],"wp:term":[{"taxonomy":"category","embeddable":true,"href":"https:\/\/www.mes-allocs.fr\/guides\/wp-json\/wp\/v2\/categories?post=36410"},{"taxonomy":"post_tag","embeddable":true,"href":"https:\/\/www.mes-allocs.fr\/guides\/wp-json\/wp\/v2\/tags?post=36410"}],"curies":[{"name":"wp","href":"https:\/\/api.w.org\/{rel}","templated":true}]}}