{"id":36358,"date":"2021-08-31T16:15:55","date_gmt":"2021-08-31T14:15:55","guid":{"rendered":"https:\/\/www.mes-allocs.fr\/guides\/?p=36358"},"modified":"2025-10-06T17:35:45","modified_gmt":"2025-10-06T15:35:45","slug":"chomage-service-civique","status":"publish","type":"post","link":"https:\/\/www.mes-allocs.fr\/guides\/chomage\/droit-au-chomage\/chomage-service-civique\/","title":{"rendered":"A t-on droit au ch\u00f4mage apr\u00e8s un contrat civique ?"},"content":{"rendered":"<div class=\"content introduction\">\n<p style=\"text-align: justify;\">Le service civique permet d&rsquo;exercer une mission dans un organisme (public ou priv\u00e9) agr\u00e9\u00e9 par l\u2019\u00c9tat. Pouvez-vous b\u00e9n\u00e9ficier d&rsquo;un droit au <a href=\"https:\/\/www.mes-allocs.fr\/guides\/chomage\">ch\u00f4mage<\/a> lorsque vous rompez votre contrat ?<\/p>\n<div class='cta-block'><div class='text'>Simulez votre ch\u00f4mage en 2 min.<\/div><a href='https:\/\/www.mes-allocs.fr\/simulation-chomage?origin=guides\/wp-json\/wp\/v2\/posts\/36358' class='app-button fit'>Simulation gratuite<\/a><\/div>\n<p>&nbsp;<\/p>\n<hr \/>\n<h1>Qu&rsquo;est-ce qu&rsquo;un contrat civique ? <img loading=\"lazy\" decoding=\"async\" class=\"size-medium wp-image-37306 alignright\" title=\"Quest ce quun contrat civique\" src=\"https:\/\/www.mes-allocs.fr\/guides\/wp-content\/uploads\/2021\/08\/Quest-ce-quun-contrat-civique--300x200.jpg\" alt=\"Quest ce quun contrat civique\" width=\"300\" height=\"200\" srcset=\"https:\/\/www.mes-allocs.fr\/guides\/wp-content\/uploads\/2021\/08\/Quest-ce-quun-contrat-civique--300x200.jpg 300w, https:\/\/www.mes-allocs.fr\/guides\/wp-content\/uploads\/2021\/08\/Quest-ce-quun-contrat-civique--1024x682.jpg 1024w, https:\/\/www.mes-allocs.fr\/guides\/wp-content\/uploads\/2021\/08\/Quest-ce-quun-contrat-civique--768x512.jpg 768w, https:\/\/www.mes-allocs.fr\/guides\/wp-content\/uploads\/2021\/08\/Quest-ce-quun-contrat-civique--600x400.jpg 600w, https:\/\/www.mes-allocs.fr\/guides\/wp-content\/uploads\/2021\/08\/Quest-ce-quun-contrat-civique-.jpg 1280w\" sizes=\"auto, (max-width: 300px) 100vw, 300px\" \/><\/h1>\n<p style=\"text-align: justify;\">Le service civique est un engagement volontaire sur une mission d&rsquo;int\u00e9r\u00eat g\u00e9n\u00e9ral. Il s&rsquo;\u00e9tend sur une p\u00e9riode allant de 6 \u00e0 12 mois.<\/p>\n<p style=\"text-align: justify;\">Il est ouvert aux jeunes \u00e2g\u00e9s entre 16 et 25 ans, sans condition de dipl\u00f4me. Vous pouvez \u00e9galement vous engager jusqu&rsquo;\u00e0 30 ans, si vous \u00eates un jeune en situation de handicap.<\/p>\n<p>\u00c0 noter : un contrat civique n&rsquo;est pas un contrat de travail. En effet, il n&rsquo;est pas r\u00e9gi par le code du travail.<\/p>\n<h2 class=\"target SousChapitre\">Les missions effectu\u00e9es<\/h2>\n<p>Il s&rsquo;agit de missions d&rsquo;int\u00e9r\u00eat g\u00e9n\u00e9ral effectu\u00e9es dans l&rsquo;un des 10 domaines reconnus prioritaires pour la Nation\u00a0:<\/p>\n<div class=\"liste\">\n<ul>\n<li>Solidarit\u00e9 (personnes \u00e2g\u00e9es, en situation de handicap&#8230;)<\/li>\n<li>Sant\u00e9<\/li>\n<li>\u00c9ducation pour tous<\/li>\n<li>Culture et loisirs<\/li>\n<li>Sport<\/li>\n<li>Environnement<\/li>\n<li>M\u00e9moire et citoyennet\u00e9<\/li>\n<li>D\u00e9veloppement international et action humanitaire<\/li>\n<li>Intervention d&rsquo;urgence<\/li>\n<li>Citoyennet\u00e9 europ\u00e9enne.<\/li>\n<\/ul>\n<\/div>\n<h2 id=\"summary3\" class=\"target Chapitre\">Les conditions pour \u00eatre volontaire civique <img loading=\"lazy\" decoding=\"async\" class=\"size-medium wp-image-37304 alignright\" title=\"Les conditions pour etre volontaire civique\" src=\"https:\/\/www.mes-allocs.fr\/guides\/wp-content\/uploads\/2021\/08\/Les-conditions-pour-etre-volontaire-civique-300x200.jpg\" alt=\"Les conditions pour etre volontaire civique\" width=\"300\" height=\"200\" srcset=\"https:\/\/www.mes-allocs.fr\/guides\/wp-content\/uploads\/2021\/08\/Les-conditions-pour-etre-volontaire-civique-300x200.jpg 300w, https:\/\/www.mes-allocs.fr\/guides\/wp-content\/uploads\/2021\/08\/Les-conditions-pour-etre-volontaire-civique-1024x682.jpg 1024w, https:\/\/www.mes-allocs.fr\/guides\/wp-content\/uploads\/2021\/08\/Les-conditions-pour-etre-volontaire-civique-768x512.jpg 768w, https:\/\/www.mes-allocs.fr\/guides\/wp-content\/uploads\/2021\/08\/Les-conditions-pour-etre-volontaire-civique-600x400.jpg 600w, https:\/\/www.mes-allocs.fr\/guides\/wp-content\/uploads\/2021\/08\/Les-conditions-pour-etre-volontaire-civique.jpg 1280w\" sizes=\"auto, (max-width: 300px) 100vw, 300px\" \/><\/h2>\n<p>De mani\u00e8re g\u00e9n\u00e9rale, vous pouvez vous engager jusqu&rsquo;\u00e0 la veille de votre 26e anniversaire. Si vous \u00eates en situation de handicap, l&rsquo;engagement est possible jusqu&rsquo;\u00e0 la veille de votre 31<span class=\"exposant\">e<\/span> anniversaire.<\/p>\n<div class=\"souschapitre\">\n<div class=\"bloccas\">\n<div class=\"cas\">\n<p>Vous devez b\u00e9n\u00e9ficier de l&rsquo;un des dispositifs ou aides suivants\u00a0:<\/p>\n<div class=\"liste\">\n<ul>\n<li>Notification de la maison d\u00e9partementale des personnes handicap\u00e9es (MDPH)<\/li>\n<li>Reconnaissance de la qualit\u00e9 de travailleur handicap\u00e9 (RQTH)<\/li>\n<li>Allocation d&rsquo;\u00e9ducation de l&rsquo;enfant handicap\u00e9<\/li>\n<li>Allocation aux adultes handicap\u00e9s<\/li>\n<li>Projet personnalis\u00e9 de scolarisation<\/li>\n<li>Notification de taux d&rsquo;incapacit\u00e9 permanente ou de taux d&rsquo;invalidit\u00e9<\/li>\n<li>Carte mobilit\u00e9 inclusion invalidit\u00e9.<\/li>\n<\/ul>\n<p>Il existe \u00e9galement des conditions li\u00e9es \u00e0 votre nationalit\u00e9 et votre r\u00e9sidence en France. Le service civique est ouvert aux jeunes de nationalit\u00e9 fran\u00e7aise.<\/p>\n<\/div>\n<\/div>\n<\/div>\n<\/div>\n<div class=\"souschapitre\">\n<div class=\"bloccas\">\n<div class=\"cas\">\n<p>Si vous \u00eates citoyen d&rsquo;un des pays membres de <span class=\"glossaire tooltip-glossaire\" data-tip=\"\" data-for=\"glossaire-R42218\" data-event=\"click\" data-event-off=\"mouseleave\">l&rsquo;Espace \u00e9conomique europ\u00e9en (EEE)<\/span> et de <span class=\"glossaire tooltip-glossaire\" data-tip=\"\" data-for=\"glossaire-R41270\" data-event=\"click\" data-event-off=\"mouseleave\">l&rsquo;Union europ\u00e9enne, vous pouvez \u00e9galement vous engager<\/span>.<\/p>\n<\/div>\n<div class=\"cas\">\n<p class=\"target Cas\">En ce qui concerne les personnes de nationalit\u00e9 \u00e9trang\u00e8re, une condition de r\u00e9sidence sur le territoire Fran\u00e7ais est exig\u00e9e. En effet, vous pouvez vous engager en service civique si vous r\u00e9sidez en France depuis plus de 1 an, \u00e0 condition de poss\u00e9der un des titres de s\u00e9jour suivants\u00a0:<\/p>\n<div class=\"bloccas\">\n<div class=\"cas\">\n<div class=\"liste\">\n<ul>\n<li>Carte de s\u00e9jour temporaire portant la mention <span class=\"expression\">vie priv\u00e9e et familiale<\/span><\/li>\n<li>Carte de s\u00e9jour portant la mention <span class=\"expression\">passeport talent<\/span><\/li>\n<li>Carte de s\u00e9jour portant la mention <span class=\"expression\">passeport talent<\/span><span class=\"expression\"> famille<\/span><\/li>\n<li>Carte de s\u00e9jour portant la mention <span class=\"expression\">b\u00e9n\u00e9ficiaire du statut d&rsquo;apatride<\/span> ou la mention <span class=\"expression\">membre de la famille d&rsquo;un b\u00e9n\u00e9ficiaire du statut d&rsquo;apatride<\/span><\/li>\n<li>Carte de r\u00e9sident portant la mention <span class=\"expression\">r\u00e9sident de longue dur\u00e9e-UE<\/span><\/li>\n<li>Carte de r\u00e9sident.<\/li>\n<\/ul>\n<p><iframe loading=\"lazy\" title=\"Tout savoir sur le ch\u00f4mage en France !\" width=\"500\" height=\"281\" src=\"https:\/\/www.youtube.com\/embed\/jgv9qS4jh7k?feature=oembed\" frameborder=\"0\" allow=\"accelerometer; autoplay; clipboard-write; encrypted-media; gyroscope; picture-in-picture; web-share\" referrerpolicy=\"strict-origin-when-cross-origin\" allowfullscreen><\/iframe><\/p>\n<\/div>\n<\/div>\n<\/div>\n<\/div>\n<\/div>\n<\/div>\n<div class=\"chapitre\">\n<h1 id=\"summary4\" class=\"target Chapitre\">Comment faire pour trouver une mission de service civique\u00a0?<\/h1>\n<p>Si vous \u00eates \u00e0 la recherche d&rsquo;une mission de service civique\u00a0ou que vous souhaitez vous pr\u00e9-inscrire, vous devez utiliser le t\u00e9l\u00e9-service d\u00e9di\u00e9 \u00e0 cet effet.\u00a0Vous devez cr\u00e9er votre compte.<\/p>\n<p>Par la suite, vous pouvez postuler directement aupr\u00e8s des organismes qui propose des missions.<\/p>\n<h2 id=\"summary8\" class=\"target Chapitre\">Montant de l&rsquo;indemnisation <img loading=\"lazy\" decoding=\"async\" class=\"size-medium wp-image-37307 alignright\" title=\"Montant de lindemnisation\" src=\"https:\/\/www.mes-allocs.fr\/guides\/wp-content\/uploads\/2021\/08\/Montant-de-lindemnisation-300x200.jpg\" alt=\"Montant de lindemnisation\" width=\"300\" height=\"200\" srcset=\"https:\/\/www.mes-allocs.fr\/guides\/wp-content\/uploads\/2021\/08\/Montant-de-lindemnisation-300x200.jpg 300w, https:\/\/www.mes-allocs.fr\/guides\/wp-content\/uploads\/2021\/08\/Montant-de-lindemnisation-1024x682.jpg 1024w, https:\/\/www.mes-allocs.fr\/guides\/wp-content\/uploads\/2021\/08\/Montant-de-lindemnisation-768x512.jpg 768w, https:\/\/www.mes-allocs.fr\/guides\/wp-content\/uploads\/2021\/08\/Montant-de-lindemnisation-600x400.jpg 600w, https:\/\/www.mes-allocs.fr\/guides\/wp-content\/uploads\/2021\/08\/Montant-de-lindemnisation.jpg 1280w\" sizes=\"auto, (max-width: 300px) 100vw, 300px\" \/><\/h2>\n<p>En tant que jeune volontaire, vous avez un statut particulier. En effet, vous n&rsquo;\u00eates ni salari\u00e9, ni stagiaire, ni b\u00e9n\u00e9vole. Ainsi donc, vous ne percevez pas de salaire, mais une indemnit\u00e9 de service civique.<\/p>\n<p>Vous b\u00e9n\u00e9ficiez des avantages suivants\u00a0:<\/p>\n<div class=\"liste\">\n<ul>\n<li>indemnit\u00e9 mensuelle minimale de 496,93\u20ac<\/li>\n<li>prestation d&rsquo;un montant minimum de 114,85\u20ac\u00a0net en nature ou en esp\u00e8ces correspondant aux frais d&rsquo;alimentation ou de transport.<\/li>\n<\/ul>\n<\/div>\n<p>Si vous rencontrez des difficult\u00e9s financi\u00e8res ou sociales, vous pouvez b\u00e9n\u00e9ficier d&rsquo;un suppl\u00e9ment de 114,85\u20ac\u00a0si vous remplissez l&rsquo;une des conditions suivantes\u00a0:<\/p>\n<div class=\"liste\">\n<ul>\n<li>\u00eatre \u00e9tudiant et b\u00e9n\u00e9ficiaire d&rsquo;une bourse \u00e9tudiante<\/li>\n<li>ou \u00eatre b\u00e9n\u00e9ficiaire du RSA (revenu de solidarit\u00e9 active).<\/li>\n<\/ul>\n<h2>Avez-vous droit au ch\u00f4mage apr\u00e8s un service civique ?<\/h2>\n<p>Le service civique n&rsquo;est pas un emploi salari\u00e9. Ainsi,\u00a0la relation qui vous lie \u00e0 la structure qui vous accueille n&rsquo;est pas une relation de subordination, mais une relation de collaboration.<\/p>\n<p>Vous ne pourrez pas b\u00e9n\u00e9ficier des droits au ch\u00f4mage.<\/p>\n<\/div>\n<\/div>\n<div class=\"chapitre\">\n<div>\u00c0 noter : La d\u00e9mission l\u00e9gitime pour service civique ou volontariat : la d\u00e9mission est consid\u00e9r\u00e9e comme l\u00e9gitime d\u00e8s lorsqu&rsquo;elle est motiv\u00e9e par la conclusion d&rsquo;un contrat de service civique, d&rsquo;un contrat de volontariat de solidarit\u00e9 internationale (VSI) ou d&rsquo;un contrat de volontariat associatif d&rsquo;une dur\u00e9e d&rsquo;un an minimum.<\/div>\n<div><div class='cta-block'><div class='text'>Simulez votre ch\u00f4mage en 2 min.<\/div><a href='https:\/\/www.mes-allocs.fr\/simulation-chomage?origin=guides\/wp-json\/wp\/v2\/posts\/36358' class='app-button fit'>Simulation gratuite<\/a><\/div><\/div>\n<\/div>\n<\/div>\n<div>\n<h1>Peut-on cumuler cette indemnit\u00e9 avec d&rsquo;autres aides ?<\/h1>\n<p>L&rsquo;indemnit\u00e9 que vous recevez au titre de votre statut de volontaire en service civique, peut-\u00eatre cumulable avec certaines indemnit\u00e9s. On vous en dit plus (voir ci-dessous).<\/p>\n<div class=\"bloccas\">\n<div class=\"cas\">\n<h2 class=\"target Cas\">Allocation d&rsquo;aide au retour \u00e0 l&#8217;emploi<\/h2>\n<p>L&rsquo;allocation d&rsquo;aide au retour \u00e0 l&#8217;emploi (ARE) est un revenu de remplacement vers\u00e9 par P\u00f4le emploi, sous certaines conditions, aux personnes inscrites comme demandeurs d&#8217;emploi.<\/p>\n<p>Au cours de votre mission, vous restez inscrit \u00e0 P\u00f4le Emploi. \u00c0 contrario, votre classification sera modifi\u00e9e.\u00a0Vous serez class\u00e9 dans la 4<span class=\"exposant\">e<\/span> cat\u00e9gorie. Celle-ci correspond aux personnes sans emploi, non imm\u00e9diatement disponibles et \u00e0 la recherche d&rsquo;un emploi.<\/p>\n<p>Vous ne pourrez pas b\u00e9n\u00e9ficier d&rsquo;allocations ch\u00f4mage jusqu&rsquo;\u00e0 la fin de votre mission. Le montant restera le m\u00eame<\/p>\n<p>Le versement des allocations ch\u00f4mage est suspendu pendant la dur\u00e9e de la mission et reprend lorsqu&rsquo;elle est termin\u00e9e. La mission n&rsquo;a pas de cons\u00e9quence sur le montant et la dur\u00e9e des allocations ch\u00f4mage.<\/p>\n<p>\u00c0 la fin de la mission, n&rsquo;oubliez pas de proc\u00e9der \u00e0 votre actualisation aupr\u00e8s de P\u00f4le Emploi.<\/p>\n<h2 class=\"target Cas\">Revenu de solidarit\u00e9 active<\/h2>\n<p>Le revenu de solidarit\u00e9 active est une aide financi\u00e8re\u00a0assurant aux personnes sans ressources un niveau minimum de revenu.<\/p>\n<p>Lors de votre mission, les montants que vous recevez dans le cadre du RSA sont suspendus. Ils reprendront \u00e0 la fin de celle-ci.<\/p>\n<p>Vous devez d\u00e9clarer les changements de situation aupr\u00e8s de votre\u00a0<span class=\"acronyme tooltip-glossaire\" data-tip=\"\" data-for=\"glossaire-R24582\" data-event=\"click\" data-event-off=\"mouseleave\">Caf<\/span> ou de la <span class=\"sigle tooltip-glossaire\" data-tip=\"\" data-for=\"glossaire-R24583\" data-event=\"click\" data-event-off=\"mouseleave\">MSA<\/span>.<\/p>\n<div class='cta-block'><div class='text'>Simulez votre ch\u00f4mage en 2 min.<\/div><a href='https:\/\/www.mes-allocs.fr\/simulation-chomage?origin=guides\/wp-json\/wp\/v2\/posts\/36358' class='app-button fit'>Simulation gratuite<\/a><\/div>\n<div class=\"cas\">\n<h2 class=\"target Cas\">Allocation aux adultes handicap\u00e9s<\/h2>\n<p>L&rsquo;allocation aux adultes handicap\u00e9s est une prestation sociale vers\u00e9e par la Caisse d&rsquo;allocations familiales ou par la Mutualit\u00e9 sociale agricole aux personnes atteintes d&rsquo;un handicap ou d&rsquo;une maladie chronique ou invalidante.<\/p>\n<p>Vous avez la possibilit\u00e9 de cumuler l&rsquo;indemnit\u00e9 de service civique et l&rsquo;allocation aux adultes handicap\u00e9s (AAH). L&rsquo;indemnit\u00e9 n&rsquo;est pas prise en compte dans le calcul de l&rsquo;AAH.<\/p>\n<\/div>\n<div class=\"cas\">\n<div>\n<h2 class=\"target Cas\">Bourse \u00e9tudiante<\/h2>\n<p>Le fait d\u2019\u00eatre en service civique n\u2019a pas d\u2019impact sur les conditions d&rsquo;attribution d&rsquo;une bourse \u00e9tudiante, ni sur son montant. L\u2019indemnit\u00e9 n\u2019est pas prise en compte dans le calcul de la bourse.<\/p>\n<\/div>\n<\/div>\n<\/div>\n<\/div>\n<\/div>\n","protected":false},"excerpt":{"rendered":"<p>Le service civique permet d&rsquo;exercer une mission dans un organisme (public ou priv\u00e9) agr\u00e9\u00e9 par l\u2019\u00c9tat. Pouvez-vous b\u00e9n\u00e9ficier d&rsquo;un droit au ch\u00f4mage lorsque vous rompez votre contrat ? &nbsp; Qu&rsquo;est-ce qu&rsquo;un contrat civique ? Le service civique est un engagement volontaire sur une mission d&rsquo;int\u00e9r\u00eat g\u00e9n\u00e9ral. Il s&rsquo;\u00e9tend sur une p\u00e9riode allant de 6 \u00e0 [&hellip;]<\/p>\n","protected":false},"author":7,"featured_media":37310,"comment_status":"open","ping_status":"open","sticky":false,"template":"","format":"standard","meta":{"amp_status":"","footnotes":""},"categories":[2991,2989],"tags":[],"class_list":["post-36358","post","type-post","status-publish","format-standard","has-post-thumbnail","hentry","category-droit-au-chomage","category-chomage"],"yoast_head":"<!-- This site is optimized with the Yoast SEO plugin v14.9 - https:\/\/yoast.com\/wordpress\/plugins\/seo\/ -->\n<title>A t-on droit au ch\u00f4mage apr\u00e8s un contrat civique ? | Mes-Allocs.fr<\/title>\n<meta name=\"description\" content=\"Le service civique est un engagement volontaire sur une mission d&#039;int\u00e9r\u00eat g\u00e9n\u00e9ral. Pouvez-vous toucher le ch\u00f4mage pendant ce contrat ?\" \/>\n<meta name=\"robots\" content=\"index, follow, max-snippet:-1, max-image-preview:large, max-video-preview:-1\" \/>\n<link rel=\"canonical\" href=\"https:\/\/www.mes-allocs.fr\/guides\/chomage\/droit-au-chomage\/chomage-service-civique\/\" \/>\n<meta property=\"og:locale\" content=\"fr_FR\" \/>\n<meta property=\"og:type\" content=\"article\" \/>\n<meta property=\"og:title\" content=\"A t-on droit au ch\u00f4mage apr\u00e8s un contrat civique ? | Mes-Allocs.fr\" \/>\n<meta property=\"og:description\" content=\"Le service civique est un engagement volontaire sur une mission d&#039;int\u00e9r\u00eat g\u00e9n\u00e9ral. Pouvez-vous toucher le ch\u00f4mage pendant ce contrat ?\" \/>\n<meta property=\"og:url\" content=\"https:\/\/www.mes-allocs.fr\/guides\/chomage\/droit-au-chomage\/chomage-service-civique\/\" \/>\n<meta property=\"og:site_name\" content=\"Mes-Allocs.fr\" \/>\n<meta property=\"article:published_time\" content=\"2021-08-31T14:15:55+00:00\" \/>\n<meta property=\"article:modified_time\" content=\"2025-10-06T15:35:45+00:00\" \/>\n<meta property=\"og:image\" content=\"https:\/\/www.mes-allocs.fr\/guides\/wp-content\/uploads\/2021\/08\/A-t-on-droit-au-chomage-apres-un-contrat-civique-1-1.jpg?wsr\" \/>\n\t<meta property=\"og:image:width\" content=\"1280\" \/>\n\t<meta property=\"og:image:height\" content=\"853\" \/>\n<meta name=\"twitter:card\" content=\"summary_large_image\" \/>\n<script type=\"application\/ld+json\" class=\"yoast-schema-graph\">{\"@context\":\"https:\/\/schema.org\",\"@graph\":[{\"@type\":\"WebSite\",\"@id\":\"https:\/\/www.mes-allocs.fr\/guides\/#website\",\"url\":\"https:\/\/www.mes-allocs.fr\/guides\/\",\"name\":\"Mes-Allocs.fr\",\"description\":\"\",\"potentialAction\":[{\"@type\":\"SearchAction\",\"target\":\"https:\/\/www.mes-allocs.fr\/guides\/?s={search_term_string}\",\"query-input\":\"required name=search_term_string\"}],\"inLanguage\":\"fr-FR\"},{\"@type\":\"ImageObject\",\"@id\":\"https:\/\/www.mes-allocs.fr\/guides\/chomage\/droit-au-chomage\/chomage-service-civique\/#primaryimage\",\"inLanguage\":\"fr-FR\",\"url\":\"https:\/\/www.mes-allocs.fr\/guides\/wp-content\/uploads\/2021\/08\/A-t-on-droit-au-chomage-apres-un-contrat-civique-1-1.jpg?wsr\",\"width\":1280,\"height\":853,\"caption\":\"A t on droit au chomage apres un contrat civique\"},{\"@type\":\"WebPage\",\"@id\":\"https:\/\/www.mes-allocs.fr\/guides\/chomage\/droit-au-chomage\/chomage-service-civique\/#webpage\",\"url\":\"https:\/\/www.mes-allocs.fr\/guides\/chomage\/droit-au-chomage\/chomage-service-civique\/\",\"name\":\"A t-on droit au ch\\u00f4mage apr\\u00e8s un contrat civique ? | Mes-Allocs.fr\",\"isPartOf\":{\"@id\":\"https:\/\/www.mes-allocs.fr\/guides\/#website\"},\"primaryImageOfPage\":{\"@id\":\"https:\/\/www.mes-allocs.fr\/guides\/chomage\/droit-au-chomage\/chomage-service-civique\/#primaryimage\"},\"datePublished\":\"2021-08-31T14:15:55+00:00\",\"dateModified\":\"2025-10-06T15:35:45+00:00\",\"author\":{\"@id\":\"https:\/\/www.mes-allocs.fr\/guides\/#\/schema\/person\/1c4837d5703727cb02ce84583b5a44aa\"},\"description\":\"Le service civique est un engagement volontaire sur une mission d'int\\u00e9r\\u00eat g\\u00e9n\\u00e9ral. Pouvez-vous toucher le ch\\u00f4mage pendant ce contrat ?\",\"inLanguage\":\"fr-FR\"},{\"@type\":\"Person\",\"@id\":\"https:\/\/www.mes-allocs.fr\/guides\/#\/schema\/person\/1c4837d5703727cb02ce84583b5a44aa\",\"name\":\"Fabiola\",\"image\":{\"@type\":\"ImageObject\",\"@id\":\"https:\/\/www.mes-allocs.fr\/guides\/#personlogo\",\"inLanguage\":\"fr-FR\",\"url\":\"https:\/\/www.mes-allocs.fr\/guides\/wp-content\/uploads\/2021\/06\/fabiola-150x150.png\",\"caption\":\"Fabiola\"},\"description\":\"Fabiola est r\\u00e9dactrice au sein de l'\\u00e9quipe Mes Allocs, sp\\u00e9cialis\\u00e9e en sciences politiques et affaires publiques. Dipl\\u00f4m\\u00e9e de l'HEIP, elle rejoint Mes Allocs apr\\u00e8s une premi\\u00e8re exp\\u00e9rience \\u00e0 l'Assembl\\u00e9e Nationale.\",\"sameAs\":[\"https:\/\/www.linkedin.com\/in\/cecilia-philippe-b-8a8085195\"]}]}<\/script>\n<!-- \/ Yoast SEO plugin. -->","amp_validity":null,"acf":{"faq":{"1":{"question":"Qu'est-ce qu'un contrat civique ?","answer":"Le service civique est un engagement volontaire sur une mission d'int\u00e9r\u00eat g\u00e9n\u00e9ral."},"2":{"question":"\u00c0 qui s'adresse le contrat civique ?","answer":"Il est ouvert aux jeunes \u00e2g\u00e9s entre 16 et 25 ans, sans condition de dipl\u00f4me. Vous pouvez \u00e9galement vous engager jusqu'\u00e0 30 ans, si vous \u00eates un jeune en situation de handicap."},"3":{"question":"Quelles sont les missions effectu\u00e9es ?","answer":"Il s'agit de missions d'int\u00e9r\u00eat g\u00e9n\u00e9ral effectu\u00e9es dans l'un des domaines reconnus prioritaires pour la Nation."},"4":{"question":"Le contrat civique est-il un contrat de travail ?","answer":"Le contrat civique n'est pas un contrat de travail. En effet, il n'est pas r\u00e9gi par le code du travail."},"5":{"question":"Quel est le montant des indemnit\u00e9s ?","answer":"En tant que volontaires, vous pouvez toucher 522,87\u20ac soit 473,04\u00a0\u20ac net."},"6":{"question":"","answer":""},"7":{"question":"","answer":""},"8":{"question":"","answer":""},"9":{"question":"","answer":""},"10":{"question":"","answer":""},"11":{"question":"","answer":""},"12":{"question":"","answer":""},"13":{"question":"","answer":""},"14":{"question":"","answer":""},"15":{"question":"","answer":""},"16":{"question":"","answer":""}}},"_links":{"self":[{"href":"https:\/\/www.mes-allocs.fr\/guides\/wp-json\/wp\/v2\/posts\/36358","targetHints":{"allow":["GET"]}}],"collection":[{"href":"https:\/\/www.mes-allocs.fr\/guides\/wp-json\/wp\/v2\/posts"}],"about":[{"href":"https:\/\/www.mes-allocs.fr\/guides\/wp-json\/wp\/v2\/types\/post"}],"author":[{"embeddable":true,"href":"https:\/\/www.mes-allocs.fr\/guides\/wp-json\/wp\/v2\/users\/7"}],"replies":[{"embeddable":true,"href":"https:\/\/www.mes-allocs.fr\/guides\/wp-json\/wp\/v2\/comments?post=36358"}],"version-history":[{"count":14,"href":"https:\/\/www.mes-allocs.fr\/guides\/wp-json\/wp\/v2\/posts\/36358\/revisions"}],"predecessor-version":[{"id":104350,"href":"https:\/\/www.mes-allocs.fr\/guides\/wp-json\/wp\/v2\/posts\/36358\/revisions\/104350"}],"wp:featuredmedia":[{"embeddable":true,"href":"https:\/\/www.mes-allocs.fr\/guides\/wp-json\/wp\/v2\/media\/37310"}],"wp:attachment":[{"href":"https:\/\/www.mes-allocs.fr\/guides\/wp-json\/wp\/v2\/media?parent=36358"}],"wp:term":[{"taxonomy":"category","embeddable":true,"href":"https:\/\/www.mes-allocs.fr\/guides\/wp-json\/wp\/v2\/categories?post=36358"},{"taxonomy":"post_tag","embeddable":true,"href":"https:\/\/www.mes-allocs.fr\/guides\/wp-json\/wp\/v2\/tags?post=36358"}],"curies":[{"name":"wp","href":"https:\/\/api.w.org\/{rel}","templated":true}]}}