{"id":36286,"date":"2021-08-31T19:40:07","date_gmt":"2021-08-31T17:40:07","guid":{"rendered":"https:\/\/www.mes-allocs.fr\/guides\/?p=36286"},"modified":"2025-03-18T15:56:44","modified_gmt":"2025-03-18T13:56:44","slug":"conge-maternite-salaire","status":"publish","type":"post","link":"https:\/\/www.mes-allocs.fr\/guides\/allocations-familiales\/conge-maternite\/conge-maternite-salaire\/","title":{"rendered":"Cong\u00e9 maternit\u00e9 : b\u00e9n\u00e9ficiez d&rsquo;indemnit\u00e9s"},"content":{"rendered":"<div class=\"chapo\">\n<div class=\"field field-name-field-ameli-chapo field-type-text-long field-label-hidden\">\n<div class=\"field-items\">\n<div><img loading=\"lazy\" decoding=\"async\" class=\"alignnone wp-image-36475 size-large\" title=\"Conge maternite salaire\" src=\"https:\/\/www.mes-allocs.fr\/guides\/wp-content\/uploads\/2021\/08\/Conge-maternite-salaire-e1686669926809-1024x176.jpg\" alt=\"Conge maternite indemnit\u00e9s\" width=\"1024\" height=\"176\" srcset=\"https:\/\/www.mes-allocs.fr\/guides\/wp-content\/uploads\/2021\/08\/Conge-maternite-salaire-e1686669926809-1024x176.jpg 1024w, https:\/\/www.mes-allocs.fr\/guides\/wp-content\/uploads\/2021\/08\/Conge-maternite-salaire-e1686669926809-300x52.jpg 300w, https:\/\/www.mes-allocs.fr\/guides\/wp-content\/uploads\/2021\/08\/Conge-maternite-salaire-e1686669926809-768x132.jpg 768w, https:\/\/www.mes-allocs.fr\/guides\/wp-content\/uploads\/2021\/08\/Conge-maternite-salaire-e1686669926809-600x103.jpg 600w, https:\/\/www.mes-allocs.fr\/guides\/wp-content\/uploads\/2021\/08\/Conge-maternite-salaire-e1686669926809.jpg 1280w\" sizes=\"auto, (max-width: 1024px) 100vw, 1024px\" \/><\/div>\n<div><\/div>\n<div style=\"text-align: justify;\">Le cong\u00e9 maternit\u00e9 est une <a href=\"https:\/\/www.mes-allocs.fr\/guides\/allocations-familiales\">allocation familiale<\/a>. Il vous permet de pr\u00e9parer l&rsquo;arriv\u00e9e de votre enfant avant l&rsquo;accouchement et de rester avec lui durant ses premi\u00e8res semaines. En tant que salari\u00e9e (fonction publique ou secteur priv\u00e9) vous pouvez, sous certaines conditions, percevoir des indemnit\u00e9s journali\u00e8res.<\/div>\n<div class=\"field-item even\">\n<hr \/>\n<\/div>\n<\/div>\n<\/div>\n<\/div>\n<div class=\"para\">\n<div class=\"zone-services\">\n<div class=\"paragraphs-items paragraphs-items-field-ameli-paragraphs-blocks paragraphs-items-field-ameli-paragraphs-blocks-full paragraphs-items-full\">\n<div class=\"field field-name-field-ameli-paragraphs-blocks field-type-paragraphs field-label-hidden\">\n<div class=\"field-items\">\n<div class=\"field-item even\">\n<h1 class=\"essentiel\">Qu&rsquo;est-ce que le cong\u00e9 maternit\u00e9 ?<img loading=\"lazy\" decoding=\"async\" class=\"alignright wp-image-36476 size-medium\" title=\"Quest ce que le conge maternite\" src=\"https:\/\/www.mes-allocs.fr\/guides\/wp-content\/uploads\/2021\/08\/Quest-ce-que-le-conge-maternite--300x200.jpg\" alt=\"Conge maternite indemnit\u00e9s\" width=\"300\" height=\"200\" srcset=\"https:\/\/www.mes-allocs.fr\/guides\/wp-content\/uploads\/2021\/08\/Quest-ce-que-le-conge-maternite--300x200.jpg 300w, https:\/\/www.mes-allocs.fr\/guides\/wp-content\/uploads\/2021\/08\/Quest-ce-que-le-conge-maternite--1024x682.jpg 1024w, https:\/\/www.mes-allocs.fr\/guides\/wp-content\/uploads\/2021\/08\/Quest-ce-que-le-conge-maternite--768x512.jpg 768w, https:\/\/www.mes-allocs.fr\/guides\/wp-content\/uploads\/2021\/08\/Quest-ce-que-le-conge-maternite--600x400.jpg 600w, https:\/\/www.mes-allocs.fr\/guides\/wp-content\/uploads\/2021\/08\/Quest-ce-que-le-conge-maternite-.jpg 1280w\" sizes=\"auto, (max-width: 300px) 100vw, 300px\" \/><\/h1>\n<\/div>\n<\/div>\n<\/div>\n<\/div>\n<\/div>\n<\/div>\n<p>Le cong\u00e9 maternit\u00e9 est une p\u00e9riode pendant laquelle la femme enceinte suspend toute activit\u00e9 professionnelle.\u00a0La dur\u00e9e du cong\u00e9 maternit\u00e9 varie selon :<\/p>\n<ul>\n<li>le nombre d\u2019enfants attendus<\/li>\n<li>la situation familiale.<\/li>\n<\/ul>\n<p>&nbsp;<\/p>\n<p><span id=\"Les_aides_pour_le_logement_etudiant\" class=\"ez-toc-section\"><div class='cta-block'><div class='text'>Simulez toutes vos Aides Sociales en 2 min.<\/div><a href='https:\/\/www.mes-allocs.fr\/ab-app?origin=guides\/wp-json\/wp\/v2\/posts\/36286' class='app-button fit'>Simulation gratuite<\/a><\/div><\/span><\/p>\n<h2>\u00c0 qui est adress\u00e9 le cong\u00e9 maternit\u00e9 ?<\/h2>\n<p>Que vous soyez en CDI, CDD, au ch\u00f4mage, le cong\u00e9 maternit\u00e9 vous est destin\u00e9 d\u00e8s lors que vous \u00eates enceinte.<\/p>\n<p>\u00c0 noter : les femmes allocataires de P\u00f4le Emploi peuvent \u00e9galement b\u00e9n\u00e9ficier des indemnit\u00e9s journali\u00e8res pendant leur p\u00e9riode de grossesse.<\/p>\n<p><iframe loading=\"lazy\" title=\"Le cong\u00e9 maternit\u00e9\" width=\"500\" height=\"281\" src=\"https:\/\/www.youtube.com\/embed\/6e67ojUjl0Q?feature=oembed\" frameborder=\"0\" allow=\"accelerometer; autoplay; clipboard-write; encrypted-media; gyroscope; picture-in-picture; web-share\" referrerpolicy=\"strict-origin-when-cross-origin\" allowfullscreen><\/iframe><\/p>\n<h2><span id=\"Comment_faire_une_demande_de_conge_maternite\">Comment faire une demande de cong\u00e9 maternit\u00e9 ?<\/span><\/h2>\n<p>Avant le d\u00e9but du cong\u00e9 maternit\u00e9, la femme enceinte doit pr\u00e9venir son employeur de sa grossesse en lui envoyant un courrier en recommand\u00e9 avec accus\u00e9 de r\u00e9ception.<\/p>\n<p>Le courrier doit contenir les pi\u00e8ces suivantes :<\/p>\n<ul>\n<li>une attestation m\u00e9dicale<\/li>\n<li>une lettre pr\u00e9cisant la date pr\u00e9sum\u00e9e de l\u2019accouchement<\/li>\n<li>les dates de d\u00e9but et de fin du cong\u00e9 maternit\u00e9.<\/li>\n<\/ul>\n<p>Aucun\u00a0d\u00e9lai n\u2019est pr\u00e9vu par la loi. La plupart du temps, il est envoy\u00e9 au d\u00e9but de votre deuxi\u00e8me trimestre de grossesse.<\/p>\n<h1>Indemnit\u00e9s journali\u00e8res pendant votre cong\u00e9 maternit\u00e9\u00a0<img loading=\"lazy\" decoding=\"async\" class=\"alignright wp-image-36477 size-medium\" title=\"Indemnites journalieres pendant votre conge maternite le cas des salaries\" src=\"https:\/\/www.mes-allocs.fr\/guides\/wp-content\/uploads\/2021\/08\/Indemnites-journalieres-pendant-votre-conge-maternite-le-cas-des-salaries-300x200.jpg\" alt=\"Conge maternite indemnit\u00e9s\" width=\"300\" height=\"200\" srcset=\"https:\/\/www.mes-allocs.fr\/guides\/wp-content\/uploads\/2021\/08\/Indemnites-journalieres-pendant-votre-conge-maternite-le-cas-des-salaries-300x200.jpg 300w, https:\/\/www.mes-allocs.fr\/guides\/wp-content\/uploads\/2021\/08\/Indemnites-journalieres-pendant-votre-conge-maternite-le-cas-des-salaries-1024x682.jpg 1024w, https:\/\/www.mes-allocs.fr\/guides\/wp-content\/uploads\/2021\/08\/Indemnites-journalieres-pendant-votre-conge-maternite-le-cas-des-salaries-768x512.jpg 768w, https:\/\/www.mes-allocs.fr\/guides\/wp-content\/uploads\/2021\/08\/Indemnites-journalieres-pendant-votre-conge-maternite-le-cas-des-salaries-600x400.jpg 600w, https:\/\/www.mes-allocs.fr\/guides\/wp-content\/uploads\/2021\/08\/Indemnites-journalieres-pendant-votre-conge-maternite-le-cas-des-salaries.jpg 1280w\" sizes=\"auto, (max-width: 300px) 100vw, 300px\" \/><\/h1>\n<p style=\"text-align: justify;\">La loi pr\u00e9voit un cong\u00e9 maternit\u00e9 durant la p\u00e9riode qui se situe autour de la date pr\u00e9sum\u00e9e de votre accouchement.<\/p>\n<p style=\"text-align: justify;\">Pendant cette p\u00e9riode, il se peut que votre salaire soit maintenu (de fa\u00e7on totale ou partielle). C&rsquo;est \u00e0 votre employeur de donner son accord par une convention collective ou un accord de branche.<\/p>\n<h2>Quelles sont les conditions pour b\u00e9n\u00e9ficier des indemnit\u00e9s journali\u00e8res de maternit\u00e9 ?<\/h2>\n<p>Pendant votre\u00a0cong\u00e9 maternit\u00e9, vous ne percevez pas de salaire. En revanche, vous b\u00e9n\u00e9ficiez d&rsquo;un revenu de remplacement appel\u00e9 indemnit\u00e9s journali\u00e8res.<\/p>\n<p>Voici les conditions pour en b\u00e9n\u00e9ficier :<\/p>\n<ul>\n<li>justifier de 10 mois d\u2019immatriculation (possession d\u2019un num\u00e9ro d\u2019assur\u00e9 social) \u00e0 la date pr\u00e9vue de l\u2019accouchement<\/li>\n<li>interrompre toute activit\u00e9 professionnelle pendant 8 semaines minimum<\/li>\n<li>avoir travaill\u00e9 au moins\u00a0150 heures\u00a03 mois civils avant le d\u00e9but de votre\u00a0cong\u00e9<\/li>\n<li>ou 6 mois avant le d\u00e9but du cong\u00e9 pr\u00e9natal : avoir cotis\u00e9 sur un salaire \u00e9quivalent \u00e0 1 015 fois le SMIC horaire.<\/li>\n<\/ul>\n<p>Si vous exercez une activit\u00e9 saisonni\u00e8re par exemple, vous devez :<\/p>\n<ul>\n<li>avoir travaill\u00e9 au moins 600 heures au cours de l&rsquo;ann\u00e9e pr\u00e9c\u00e9dant la date du d\u00e9but de grossesse<\/li>\n<li>ou cotis\u00e9 2\u202f030 fois le SMIC horaire au cours des 12 mois pr\u00e9c\u00e9dents.<\/li>\n<\/ul>\n<p><span id=\"Les_aides_pour_le_logement_etudiant\" class=\"ez-toc-section\"><div class='cta-block'><div class='text'>Simulez toutes vos Aides Sociales en 2 min.<\/div><a href='https:\/\/www.mes-allocs.fr\/ab-app?origin=guides\/wp-json\/wp\/v2\/posts\/36286' class='app-button fit'>Simulation gratuite<\/a><\/div><\/span><\/p>\n<h2><strong>Pouvez-vous b\u00e9n\u00e9ficier d\u2019une indemnisation compl\u00e9mentaire\u00a0?<\/strong><\/h2>\n<p>Il est possible que vous puissiez b\u00e9n\u00e9ficier d\u2019une indemnisation compl\u00e9mentaire.<\/p>\n<p style=\"text-align: justify;\">L &lsquo;indemnit\u00e9 compl\u00e9mentaire est pr\u00e9vue par la convention collective et vient s&rsquo;ajouter aux indemnit\u00e9s vers\u00e9es par la S\u00e9curit\u00e9 sociale. Ce compl\u00e9ment peut vous permettre de toucher l\u2019int\u00e9gralit\u00e9 de votre salaire pendant le cong\u00e9 de maternit\u00e9.<\/p>\n<div id=\"conge-maternite-qui-paie-les-indemnites-journalieres\" class=\"ce_text block\">\n<h2>Qui verse les indemnit\u00e9s journali\u00e8res\u00a0?<\/h2>\n<p>L&#8217;employeur est tenu d&rsquo;\u00e9tablir une attestation de salaire et de la transmettre \u00e0 la caisse d&rsquo;assurance maladie dont vous d\u00e9pendez. Ceci est une obligation l\u00e9gale.<\/p>\n<p>Ce document sera pris en compte par l\u2019Assurance maladie pour le calcul de vos droits aux indemnit\u00e9s journali\u00e8res.<\/p>\n<p>L\u2019employeur peut \u00e9tablir cette attestation de salaire par les moyens suivants :<\/p>\n<ul>\n<li>courrier<\/li>\n<li>internet<\/li>\n<li>depuis son logiciel de paie certifi\u00e9<\/li>\n<\/ul>\n<\/div>\n<div class=\"ce_text block\">\n<div class=\"sep-top sep-bottom\">\n<p data-api-field=\"content\" data-api-content=\"text\">Pendant la dur\u00e9e du cong\u00e9 maternit\u00e9, l\u2019employeur ne peut pas prononcer la rupture du contrat de travail de sa b\u00e9n\u00e9ficiaire.<\/p>\n<\/div>\n<\/div>\n<div class=\"ce_text block\">\n<p>Une fois l\u2019attestation de salaire envoy\u00e9e \u00e0 la Caisse d\u2019Assurance maladie, l\u2019organisme se charge de verser les indemnit\u00e9s journali\u00e8res\u00a0:<\/p>\n<ul>\n<li>\u00e0 l&rsquo;assur\u00e9 (vous)<\/li>\n<li>ou \u00e0 l\u2019employeur<\/li>\n<\/ul>\n<p>Dans le dernier des cas, il peut y avoir un maintien du salaire par l\u2019employeur pendant la dur\u00e9e du cong\u00e9 maternit\u00e9 de la salari\u00e9e. L\u2019organisme d\u2019Assurance maladie verse directement les indemnit\u00e9s journali\u00e8res \u00e0 l\u2019employeur.<\/p>\n<p>Les indemnit\u00e9s journali\u00e8res sont vers\u00e9es tous les 14 jours, et ce, pendant toute la dur\u00e9e du cong\u00e9 maternit\u00e9, sans d\u00e9lai de carence et pour chaque jour de la semaine (week-end et jours f\u00e9ri\u00e9s compris).<\/p>\n<p>Pour faire valoir vos droits, nous vous conseillons d&rsquo;imprimer un justificatif attestant du versement de vos indemnit\u00e9s journali\u00e8res. Vous avez la possibilit\u00e9 de le faire en ligne, sur le site web de votre caisse d\u2019Assurance maladie, en vous connectant sur votre espace personnel.<\/p>\n<div id=\"conge-maternite-estimation-du-montant-previsionnel-des-indemnites-journalieres\" class=\"ce_text block\">\n<div class=\"wpb_text_column wpb_content_element vc_custom_1592214647513\">\n<div class=\"wpb_wrapper\">\n<div class=\"wpb_text_column wpb_content_element vc_custom_1592214647513\">\n<div class=\"wpb_wrapper\">\n<h2>Quel est le montant des indemnit\u00e9s journali\u00e8res ? <img loading=\"lazy\" decoding=\"async\" class=\"alignright wp-image-36478 size-medium\" title=\"Quel est le montant des indemnites journalieres\" src=\"https:\/\/www.mes-allocs.fr\/guides\/wp-content\/uploads\/2021\/08\/Quel-est-le-montant-des-indemnites-journalieres--300x177.jpg\" alt=\"Conge maternite indemnit\u00e9s\" width=\"300\" height=\"177\" srcset=\"https:\/\/www.mes-allocs.fr\/guides\/wp-content\/uploads\/2021\/08\/Quel-est-le-montant-des-indemnites-journalieres--300x177.jpg 300w, https:\/\/www.mes-allocs.fr\/guides\/wp-content\/uploads\/2021\/08\/Quel-est-le-montant-des-indemnites-journalieres--1024x603.jpg 1024w, https:\/\/www.mes-allocs.fr\/guides\/wp-content\/uploads\/2021\/08\/Quel-est-le-montant-des-indemnites-journalieres--768x452.jpg 768w, https:\/\/www.mes-allocs.fr\/guides\/wp-content\/uploads\/2021\/08\/Quel-est-le-montant-des-indemnites-journalieres--600x353.jpg 600w, https:\/\/www.mes-allocs.fr\/guides\/wp-content\/uploads\/2021\/08\/Quel-est-le-montant-des-indemnites-journalieres-.jpg 1280w\" sizes=\"auto, (max-width: 300px) 100vw, 300px\" \/><\/h2>\n<p>Le montant des indemnit\u00e9s journali\u00e8res varie d\u2019une assur\u00e9e \u00e0 l\u2019autre.<\/p>\n<p>Depuis 1er avril 2024, le montant maximum de l&rsquo;indemnit\u00e9 journali\u00e8re maternit\u00e9 est de <strong>100,36\u00a0<\/strong><strong>\u20ac <\/strong>par jour avant d\u00e9duction des<strong> 21\u00a0% <\/strong>de charges.<\/p>\n<p>L\u2019indemnisation est calcul\u00e9e sur la moyenne des trois derniers salaires pr\u00e9c\u00e9dant le cong\u00e9 maternit\u00e9 ou des 12\u00a0mois pr\u00e9c\u00e9dents en cas d\u2019activit\u00e9 saisonni\u00e8re ou non continue. Dans dans la limite du plafond mensuel de la S\u00e9curit\u00e9 sociale de l\u2019ann\u00e9e en cours, qui constitue le seuil r\u00e9glementaire pour les cotisations et les prestations sociales.<\/p>\n<\/div>\n<\/div>\n<div class=\"wpb_text_column wpb_content_element \">\n<div class=\"wpb_wrapper\">\n<p>En cas d\u2019arr\u00eat maladie pr\u00e9c\u00e9dant le cong\u00e9 ou de ch\u00f4mage, l\u2019indemnit\u00e9 maternit\u00e9 est calcul\u00e9e sur les 3 derniers mois de travail effectif pr\u00e9c\u00e9dant l\u2019arr\u00eat ou la rupture du contrat.<\/p>\n<p>Si vous \u00eates une travailleuse non salari\u00e9e, vous pouvez \u00e9galement b\u00e9n\u00e9ficier d&rsquo;un cong\u00e9 maternit\u00e9. Au cours de cette p\u00e9riode, vous percevez des indemnit\u00e9s journali\u00e8res d\u2019interruption d\u2019activit\u00e9 ainsi que, pour compenser la diminution d\u2019activit\u00e9 due \u00e0 la cessation de travail, une allocation forfaitaire de repos maternel.<\/p>\n<div id=\"collapse_12\" class=\"panel-collapse collapse in\">\n<div id=\"collapse12\" class=\"panel-collapse collapse in\">\n<div class=\"panel-body\">\n<div class=\"field field-name-field-ameli-paragraph-body field-type-text-with-summary field-label-hidden\">\n<div class=\"field-items\">\n<div class=\"field-item even\">\n<p><span id=\"Les_aides_pour_le_logement_etudiant\" class=\"ez-toc-section\"><div class='cta-block'><div class='text'>Simulez toutes vos Aides Sociales en 2 min.<\/div><a href='https:\/\/www.mes-allocs.fr\/ab-app?origin=guides\/wp-json\/wp\/v2\/posts\/36286' class='app-button fit'>Simulation gratuite<\/a><\/div><\/span><\/p>\n<\/div>\n<\/div>\n<\/div>\n<\/div>\n<\/div>\n<\/div>\n<\/div>\n<\/div>\n<\/div>\n<\/div>\n<\/div>\n<\/div>\n","protected":false},"excerpt":{"rendered":"<p>Le cong\u00e9 maternit\u00e9 est une allocation familiale. Il vous permet de pr\u00e9parer l&rsquo;arriv\u00e9e de votre enfant avant l&rsquo;accouchement et de rester avec lui durant ses premi\u00e8res semaines. En tant que salari\u00e9e (fonction publique ou secteur priv\u00e9) vous pouvez, sous certaines conditions, percevoir des indemnit\u00e9s journali\u00e8res. Qu&rsquo;est-ce que le cong\u00e9 maternit\u00e9 ? Le cong\u00e9 maternit\u00e9 est [&hellip;]<\/p>\n","protected":false},"author":7,"featured_media":36474,"comment_status":"open","ping_status":"open","sticky":false,"template":"","format":"standard","meta":{"amp_status":"","footnotes":""},"categories":[10,36],"tags":[],"class_list":["post-36286","post","type-post","status-publish","format-standard","has-post-thumbnail","hentry","category-allocations-familiales","category-conge-maternite"],"yoast_head":"<!-- This site is optimized with the Yoast SEO plugin v14.9 - https:\/\/yoast.com\/wordpress\/plugins\/seo\/ -->\n<title>Cong\u00e9 maternit\u00e9 : b\u00e9n\u00e9ficiez d&#039;indemnit\u00e9s | Mes-Allocs.fr<\/title>\n<meta name=\"description\" content=\"Lorsque vous \u00eates en p\u00e9riode de cong\u00e9 maternit\u00e9, votre salaire est suspendu. \u00c0 la place, vous pouvez obtenir des indemnit\u00e9s journali\u00e8res.\" \/>\n<meta name=\"robots\" content=\"index, follow, max-snippet:-1, max-image-preview:large, max-video-preview:-1\" \/>\n<link rel=\"canonical\" href=\"https:\/\/www.mes-allocs.fr\/guides\/allocations-familiales\/conge-maternite\/conge-maternite-salaire\/\" \/>\n<meta property=\"og:locale\" content=\"fr_FR\" \/>\n<meta property=\"og:type\" content=\"article\" \/>\n<meta property=\"og:title\" content=\"Cong\u00e9 maternit\u00e9 : b\u00e9n\u00e9ficiez d&#039;indemnit\u00e9s | Mes-Allocs.fr\" \/>\n<meta property=\"og:description\" content=\"Lorsque vous \u00eates en p\u00e9riode de cong\u00e9 maternit\u00e9, votre salaire est suspendu. \u00c0 la place, vous pouvez obtenir des indemnit\u00e9s journali\u00e8res.\" \/>\n<meta property=\"og:url\" content=\"https:\/\/www.mes-allocs.fr\/guides\/allocations-familiales\/conge-maternite\/conge-maternite-salaire\/\" \/>\n<meta property=\"og:site_name\" content=\"Mes-Allocs.fr\" \/>\n<meta property=\"article:published_time\" content=\"2021-08-31T17:40:07+00:00\" \/>\n<meta property=\"article:modified_time\" content=\"2025-03-18T13:56:44+00:00\" \/>\n<meta property=\"og:image\" content=\"https:\/\/www.mes-allocs.fr\/guides\/wp-content\/uploads\/2021\/08\/Conge-maternite-salaire-beneficiez-dindemnites-journalieres.jpg?wsr\" \/>\n\t<meta property=\"og:image:width\" content=\"1280\" \/>\n\t<meta property=\"og:image:height\" content=\"847\" \/>\n<meta name=\"twitter:card\" content=\"summary_large_image\" \/>\n<script type=\"application\/ld+json\" class=\"yoast-schema-graph\">{\"@context\":\"https:\/\/schema.org\",\"@graph\":[{\"@type\":\"WebSite\",\"@id\":\"https:\/\/www.mes-allocs.fr\/guides\/#website\",\"url\":\"https:\/\/www.mes-allocs.fr\/guides\/\",\"name\":\"Mes-Allocs.fr\",\"description\":\"\",\"potentialAction\":[{\"@type\":\"SearchAction\",\"target\":\"https:\/\/www.mes-allocs.fr\/guides\/?s={search_term_string}\",\"query-input\":\"required name=search_term_string\"}],\"inLanguage\":\"fr-FR\"},{\"@type\":\"ImageObject\",\"@id\":\"https:\/\/www.mes-allocs.fr\/guides\/allocations-familiales\/conge-maternite\/conge-maternite-salaire\/#primaryimage\",\"inLanguage\":\"fr-FR\",\"url\":\"https:\/\/www.mes-allocs.fr\/guides\/wp-content\/uploads\/2021\/08\/Conge-maternite-salaire-beneficiez-dindemnites-journalieres.jpg?wsr\",\"width\":1280,\"height\":847,\"caption\":\"Conge maternite salaire beneficiez dindemnites journalieres\"},{\"@type\":\"WebPage\",\"@id\":\"https:\/\/www.mes-allocs.fr\/guides\/allocations-familiales\/conge-maternite\/conge-maternite-salaire\/#webpage\",\"url\":\"https:\/\/www.mes-allocs.fr\/guides\/allocations-familiales\/conge-maternite\/conge-maternite-salaire\/\",\"name\":\"Cong\\u00e9 maternit\\u00e9 : b\\u00e9n\\u00e9ficiez d'indemnit\\u00e9s | Mes-Allocs.fr\",\"isPartOf\":{\"@id\":\"https:\/\/www.mes-allocs.fr\/guides\/#website\"},\"primaryImageOfPage\":{\"@id\":\"https:\/\/www.mes-allocs.fr\/guides\/allocations-familiales\/conge-maternite\/conge-maternite-salaire\/#primaryimage\"},\"datePublished\":\"2021-08-31T17:40:07+00:00\",\"dateModified\":\"2025-03-18T13:56:44+00:00\",\"author\":{\"@id\":\"https:\/\/www.mes-allocs.fr\/guides\/#\/schema\/person\/1c4837d5703727cb02ce84583b5a44aa\"},\"description\":\"Lorsque vous \\u00eates en p\\u00e9riode de cong\\u00e9 maternit\\u00e9, votre salaire est suspendu. \\u00c0 la place, vous pouvez obtenir des indemnit\\u00e9s journali\\u00e8res.\",\"inLanguage\":\"fr-FR\"},{\"@type\":\"Person\",\"@id\":\"https:\/\/www.mes-allocs.fr\/guides\/#\/schema\/person\/1c4837d5703727cb02ce84583b5a44aa\",\"name\":\"Fabiola\",\"image\":{\"@type\":\"ImageObject\",\"@id\":\"https:\/\/www.mes-allocs.fr\/guides\/#personlogo\",\"inLanguage\":\"fr-FR\",\"url\":\"https:\/\/www.mes-allocs.fr\/guides\/wp-content\/uploads\/2021\/06\/fabiola-150x150.png\",\"caption\":\"Fabiola\"},\"description\":\"Fabiola est r\\u00e9dactrice au sein de l'\\u00e9quipe Mes Allocs, sp\\u00e9cialis\\u00e9e en sciences politiques et affaires publiques. Dipl\\u00f4m\\u00e9e de l'HEIP, elle rejoint Mes Allocs apr\\u00e8s une premi\\u00e8re exp\\u00e9rience \\u00e0 l'Assembl\\u00e9e Nationale.\",\"sameAs\":[\"https:\/\/www.linkedin.com\/in\/cecilia-philippe-b-8a8085195\"]}]}<\/script>\n<!-- \/ Yoast SEO plugin. -->","amp_validity":null,"acf":{"faq":{"1":{"question":"\ud83e\udd1d Qu'est-ce qu'un cong\u00e9 maternit\u00e9 ?","answer":"Le cong\u00e9 maternit\u00e9 correspond \u00e0 la dur\u00e9e pendant laquelle une femme salari\u00e9e quitte son activit\u00e9 au moment de la naissance de son enfant."},"2":{"question":"\ud83e\udd37\u200d\u2640\ufe0f Combien de temps dure un cong\u00e9 maternit\u00e9 ?","answer":"Cela varie en fonction du nombre d'enfants que vous avez. \r\nSi il s'agit de votre 1er ou 2e enfant, la dur\u00e9e totale de votre cong\u00e9 est de : 16 semaines. \r\nPour un troisi\u00e8me enfant ou plus, elle est de 26 semaine au total."},"3":{"question":"\ud83e\udd14 Comment s'ouvre le cong\u00e9 maternit\u00e9 ?","answer":"Le cong\u00e9 maternit\u00e9 d\u00e9bute le 1er jour de l'arr\u00eat de travail prescrit et se termine au plus tard la veille du d\u00e9but du cong\u00e9 pr\u00e9natal. "},"4":{"question":"\ud83e\udd1d Quelle est la dur\u00e9e du cong\u00e9 apr\u00e8s accouchement ?","answer":"Le cong\u00e9 postnatal (apr\u00e8s accouchement), est de 10 semaines. "},"5":{"question":"\ud83e\udd37\u200d\u2640\ufe0f Comment faire pour prolonger son cong\u00e9 maternit\u00e9 ?","answer":"Si vous souhaitez prolonger votre cong\u00e9 maternit\u00e9, vous devez en faire la demande aupr\u00e8s de la CPAM."},"6":{"question":"","answer":""},"7":{"question":"","answer":""},"8":{"question":"","answer":""},"9":{"question":"","answer":""},"10":{"question":"","answer":""},"11":{"question":"","answer":""},"12":{"question":"","answer":""},"13":{"question":"","answer":""},"14":{"question":"","answer":""},"15":{"question":"","answer":""},"16":{"question":"","answer":""}}},"_links":{"self":[{"href":"https:\/\/www.mes-allocs.fr\/guides\/wp-json\/wp\/v2\/posts\/36286","targetHints":{"allow":["GET"]}}],"collection":[{"href":"https:\/\/www.mes-allocs.fr\/guides\/wp-json\/wp\/v2\/posts"}],"about":[{"href":"https:\/\/www.mes-allocs.fr\/guides\/wp-json\/wp\/v2\/types\/post"}],"author":[{"embeddable":true,"href":"https:\/\/www.mes-allocs.fr\/guides\/wp-json\/wp\/v2\/users\/7"}],"replies":[{"embeddable":true,"href":"https:\/\/www.mes-allocs.fr\/guides\/wp-json\/wp\/v2\/comments?post=36286"}],"version-history":[{"count":9,"href":"https:\/\/www.mes-allocs.fr\/guides\/wp-json\/wp\/v2\/posts\/36286\/revisions"}],"predecessor-version":[{"id":95934,"href":"https:\/\/www.mes-allocs.fr\/guides\/wp-json\/wp\/v2\/posts\/36286\/revisions\/95934"}],"wp:featuredmedia":[{"embeddable":true,"href":"https:\/\/www.mes-allocs.fr\/guides\/wp-json\/wp\/v2\/media\/36474"}],"wp:attachment":[{"href":"https:\/\/www.mes-allocs.fr\/guides\/wp-json\/wp\/v2\/media?parent=36286"}],"wp:term":[{"taxonomy":"category","embeddable":true,"href":"https:\/\/www.mes-allocs.fr\/guides\/wp-json\/wp\/v2\/categories?post=36286"},{"taxonomy":"post_tag","embeddable":true,"href":"https:\/\/www.mes-allocs.fr\/guides\/wp-json\/wp\/v2\/tags?post=36286"}],"curies":[{"name":"wp","href":"https:\/\/api.w.org\/{rel}","templated":true}]}}