{"id":36104,"date":"2021-08-27T16:32:24","date_gmt":"2021-08-27T14:32:24","guid":{"rendered":"https:\/\/www.mes-allocs.fr\/guides\/?p=36104"},"modified":"2026-01-21T17:35:29","modified_gmt":"2026-01-21T16:35:29","slug":"versement-paje","status":"publish","type":"post","link":"https:\/\/www.mes-allocs.fr\/guides\/allocations-familiales\/paje\/versement-paje\/","title":{"rendered":"PAJE : comment se passe le versement en 2026 ?"},"content":{"rendered":"<p><img loading=\"lazy\" decoding=\"async\" class=\"aligncenter wp-image-36115 \" title=\"billets\" src=\"https:\/\/www.mes-allocs.fr\/guides\/wp-content\/uploads\/2021\/08\/billets-5-e1686142836633.jpg\" alt=\"versement Paje\" width=\"1483\" height=\"359\" \/><\/p>\n<p style=\"text-align: justify;\">[Mis \u00e0 jour le 21\/01\/2026] La PAJE est un ensemble d&rsquo;aides destin\u00e9 aux parents venant d&rsquo;accueillir un enfant. Ces <a href=\"https:\/\/www.mes-allocs.fr\/guides\/allocations-familiales\">allocations familiales<\/a> sont vers\u00e9es sous conditions d&rsquo;attribution par la CAF. Dans cet article, nous allons voir comment se passe le <strong>versement de la PAJE<\/strong>.<\/p>\n<div class='cta-block'><div class='text'>Simulez toutes vos aides sociales en 2 min. Gratuit.<\/div><a href='https:\/\/www.mes-allocs.fr\/ab-app?origin=guides\/wp-json\/wp\/v2\/posts\/36104' class='app-button fit'>Simulation gratuite<\/a><\/div>\n<hr \/>\n<h1 class=\"amp-wp-7d27179\" style=\"text-align: justify;\" data-amp-original-style=\"text-align: justify;\"><span id=\"La_Prestation_dAccueil_du_Jeune_Enfant\"><span id=\"Quest-ce_que_la_PAJE\"><strong>La Prestation d\u2019Accueil du Jeune Enfant\u00a0<\/strong><\/span><\/span><\/h1>\n<h3 class=\"amp-wp-7d27179\" style=\"text-align: justify;\" data-amp-original-style=\"text-align: justify;\"><span id=\"Point_de_rappel\">Point de rappel<\/span><\/h3>\n<p class=\"amp-wp-7d27179\" style=\"text-align: justify;\" data-amp-original-style=\"text-align: justify;\"><span class=\"amp-wp-fe3f5cc\" data-amp-original-style=\"font-weight: 400;\">La prestation d\u2019accueil du jeune enfant (PAJE) est une prestation familiale de la CAF. De mani\u00e8re plus concr\u00e8te, il s&rsquo;agit d&rsquo;une aide financi\u00e8re destin\u00e9e \u00e0 aider une famille en ce qui concerne les d\u00e9penses li\u00e9es \u00e0 l\u2019entretien et \u00e0 l\u2019\u00e9ducation d\u00e8s la naissance de l\u2019enfant.\u00a0<\/span><\/p>\n<p class=\"amp-wp-7d27179\" style=\"text-align: justify;\" data-amp-original-style=\"text-align: justify;\"><span class=\"amp-wp-fe3f5cc\" data-amp-original-style=\"font-weight: 400;\">Cette aide est destin\u00e9e aux parents d\u2019enfants qui sont n\u00e9s ou adopt\u00e9s.<\/span><\/p>\n<p class=\"amp-wp-7d27179\" style=\"text-align: justify;\" data-amp-original-style=\"text-align: justify;\"><span class=\"amp-wp-fe3f5cc\" data-amp-original-style=\"font-weight: 400;\">Depuis le 1er janvier 2015, elle est vers\u00e9e le mois suivant la naissance ou l\u2019adoption.<\/span><\/p>\n<p class=\"amp-wp-7d27179\" style=\"text-align: justify;\" data-amp-original-style=\"text-align: justify;\"><span class=\"amp-wp-fe3f5cc\" data-amp-original-style=\"font-weight: 400;\">Elle est vers\u00e9e une fois par mois par la Caisse d\u2019Allocations Familiales (CAF) ou la Mutualit\u00e9 Sociale Agricole (MSA) aux familles dont les revenus ne d\u00e9passent pas certains plafonds de ressources. Vous devez donc \u00eatre allocataire de l\u2019un de ces deux organismes pour en b\u00e9n\u00e9ficier.<\/span><\/p>\n<p class=\"amp-wp-7d27179\" style=\"text-align: justify;\" data-amp-original-style=\"text-align: justify;\"><span class=\"amp-wp-fe3f5cc\" data-amp-original-style=\"font-weight: 400;\">Les aides qui composent la PAJE sont les suivantes :<\/span><\/p>\n<ul class=\"amp-wp-7d27179\" style=\"text-align: justify;\" data-amp-original-style=\"text-align: justify;\">\n<li class=\"amp-wp-fe3f5cc\" data-amp-original-style=\"font-weight: 400;\"><span class=\"amp-wp-fe3f5cc\" data-amp-original-style=\"font-weight: 400;\">La prime \u00e0 l\u2019adoption ou prime \u00e0 la naissance, qui fait face aux premi\u00e8res d\u00e9penses et est vers\u00e9e en une seule fois ;<\/span><\/li>\n<li class=\"amp-wp-fe3f5cc\" data-amp-original-style=\"font-weight: 400;\"><span class=\"amp-wp-fe3f5cc\" data-amp-original-style=\"font-weight: 400;\">L\u2019allocation de base, qui permet de supporter les d\u00e9penses li\u00e9es \u00e0 l\u2019\u00e9ducation de l\u2019enfant, vers\u00e9e chaque mois avant l\u2019\u00e2ge de trois ans ;<\/span><\/li>\n<li class=\"amp-wp-fe3f5cc\" data-amp-original-style=\"font-weight: 400;\"><span class=\"amp-wp-fe3f5cc\" data-amp-original-style=\"font-weight: 400;\">Le compl\u00e9ment de libre choix du mode de garde, qui aide \u00e0 engager des d\u00e9penses de garde de l\u2019enfant, consiste en une prise en charge partielle des frais de l\u2019assistante maternelle agr\u00e9\u00e9e ;<\/span><\/li>\n<li class=\"amp-wp-fe3f5cc\" data-amp-original-style=\"font-weight: 400;\"><span class=\"amp-wp-fe3f5cc\" data-amp-original-style=\"font-weight: 400;\">La prestation partag\u00e9e d\u2019\u00e9ducation de l\u2019enfant (PreParE), distribu\u00e9e lorsque les parents cessent ou r\u00e9duisent leur activit\u00e9 professionnelle pour \u00e9lever l\u2019enfant, est vers\u00e9e en fonction du nombre d\u2019enfants \u00e0 charge.<\/span><\/li>\n<\/ul>\n<p class=\"amp-wp-7d27179\" style=\"text-align: justify;\" data-amp-original-style=\"text-align: justify;\"><span class=\"amp-wp-fe3f5cc\" data-amp-original-style=\"font-weight: 400;\">Ces prestations sont cumulables entre elles, sauf dans les cas suivants :<\/span><\/p>\n<ul class=\"amp-wp-7d27179\" style=\"text-align: justify;\" data-amp-original-style=\"text-align: justify;\">\n<li class=\"amp-wp-fe3f5cc\" data-amp-original-style=\"font-weight: 400;\"><span class=\"amp-wp-fe3f5cc\" data-amp-original-style=\"font-weight: 400;\">Vous ne pouvez percevoir deux allocations de base en m\u00eame temps, sauf pour les naissances multiples ou les cas d\u2019adoptions simultan\u00e9es\u00a0<\/span><\/li>\n<li class=\"amp-wp-fe3f5cc\" data-amp-original-style=\"font-weight: 400;\"><span class=\"amp-wp-fe3f5cc\" data-amp-original-style=\"font-weight: 400;\">Vous et votre conjoint ne pouvez pas toucher chacun le CLCA \u00e0 taux plein ou une PreParE ;<\/span><\/li>\n<li class=\"amp-wp-fe3f5cc\" data-amp-original-style=\"font-weight: 400;\"><span class=\"amp-wp-fe3f5cc\" data-amp-original-style=\"font-weight: 400;\">Vous ne pouvez pas cumuler le CMG avec le CLCA ou une PreParE \u00e0 taux plein\u00a0<\/span><\/li>\n<li class=\"amp-wp-fe3f5cc\" data-amp-original-style=\"font-weight: 400;\"><span class=\"amp-wp-fe3f5cc\" data-amp-original-style=\"font-weight: 400;\">Le CLCA n\u2019est pas cumulable avec une PreParE, quel que soit le taux de cette derni\u00e8re.<\/span><\/li>\n<\/ul>\n<p class=\"amp-wp-7d27179\" style=\"text-align: justify;\" data-amp-original-style=\"text-align: justify;\"><span class=\"amp-wp-fe3f5cc\" data-amp-original-style=\"font-weight: 400;\">Il est \u00e0 noter que les prestations de la PAJE sont \u00e9galement cumulables avec d\u2019autres aides.<\/span><\/p>\n<p data-amp-original-style=\"text-align: justify;\"><div class='cta-block'><div class='text'>Simulez toutes vos aides sociales en 2 min. Gratuit.<\/div><a href='https:\/\/www.mes-allocs.fr\/ab-app?origin=guides\/wp-json\/wp\/v2\/posts\/36104' class='app-button fit'>Simulation gratuite<\/a><\/div><\/p>\n<h2 class=\"amp-wp-7d27179\" style=\"text-align: justify;\" data-amp-original-style=\"text-align: justify;\"><span id=\"Les_aides_de_la_PAJE\">Quelles sont les aides de la PAJE ?<\/span><\/h2>\n<h3 class=\"amp-wp-7d27179\" style=\"text-align: justify;\" data-amp-original-style=\"text-align: justify;\"><span id=\"Le_complement_de_libre_choix_du_mode_de_garde\">L<span class=\"amp-wp-fe3f5cc\" data-amp-original-style=\"font-weight: 400;\">e compl\u00e9ment de libre choix du mode de garde<\/span><\/span><\/h3>\n<p class=\"amp-wp-7d27179 amp-wp-7d27179\" style=\"text-align: justify;\" data-amp-original-style=\"text-align: justify;\"><span class=\"amp-wp-57c6437\" data-amp-original-style=\"font-size: 12pt;\"><a href=\"https:\/\/www.mes-allocs.fr\/guides\/allocations-familiales\/complement-de-libre-choix-du-mode-de-garde\">Le compl\u00e9ment de libre choix du Mode de Garde<\/a> (CMG) est une des subventions du large<img loading=\"lazy\" decoding=\"async\" class=\"alignright wp-image-36138\" title=\"nounou\" src=\"https:\/\/www.mes-allocs.fr\/guides\/wp-content\/uploads\/2021\/08\/nounou-1-1.jpg\" alt=\"versement Paje\" width=\"304\" height=\"203\" srcset=\"https:\/\/www.mes-allocs.fr\/guides\/wp-content\/uploads\/2021\/08\/nounou-1-1.jpg 1125w, https:\/\/www.mes-allocs.fr\/guides\/wp-content\/uploads\/2021\/08\/nounou-1-1-300x200.jpg 300w, https:\/\/www.mes-allocs.fr\/guides\/wp-content\/uploads\/2021\/08\/nounou-1-1-1024x683.jpg 1024w, https:\/\/www.mes-allocs.fr\/guides\/wp-content\/uploads\/2021\/08\/nounou-1-1-768x512.jpg 768w, https:\/\/www.mes-allocs.fr\/guides\/wp-content\/uploads\/2021\/08\/nounou-1-1-600x400.jpg 600w\" sizes=\"auto, (max-width: 304px) 100vw, 304px\" \/> dispositif qu\u2019est la Prestation d\u2019Accueil du Jeune Enfant (PAJE). Cette aide fait partie des prestations familiales qui vous sont allou\u00e9es par la Caisse d\u2019Allocation Familiale (CAF) ou la Mutualit\u00e9 Sociale Agricole (MSA), si vous d\u00e9pendez du r\u00e9gime agricole.\u00a0<\/span><\/p>\n<p class=\"amp-wp-7d27179 amp-wp-7d27179\" style=\"text-align: justify;\" data-amp-original-style=\"text-align: justify;\"><span class=\"amp-wp-57c6437\" data-amp-original-style=\"font-size: 12pt;\">Le CMG consiste en une prise en charge partielle des frais que vous engagez lorsque vous avez recours \u00e0 une assistante maternelle, que vous faites garder votre enfant \u00e0 domicile ou que vous le placez en micro-cr\u00e8che.<\/span><\/p>\n<p class=\"amp-wp-7d27179 amp-wp-7d27179\" style=\"text-align: justify;\" data-amp-original-style=\"text-align: justify;\"><span class=\"amp-wp-57c6437\" data-amp-original-style=\"font-size: 12pt;\">L\u2019objectif de l\u2019aide familiale est de permettre aux jeunes m\u00e8res de continuer \u00e0 exercer leur activit\u00e9 professionnelle en les aidant \u00e0 faire garder leur enfant.<\/span><\/p>\n<p class=\"amp-wp-7d27179 amp-wp-7d27179\" style=\"text-align: justify;\" data-amp-original-style=\"text-align: justify;\"><span class=\"amp-wp-fe3f5cc\" data-amp-original-style=\"font-weight: 400;\">Le montant maximal de compl\u00e9ment de libre choix du Mode de Garde est \u00e9tabli selon des plafonds de ressources qui varient en fonction du nombre d\u2019enfants qui sont \u00e0 votre charge.<\/span><\/p>\n<p class=\"amp-wp-7d27179 amp-wp-7d27179\" style=\"text-align: justify;\" data-amp-original-style=\"text-align: justify;\"><span class=\"amp-wp-fe3f5cc\" data-amp-original-style=\"font-weight: 400;\">C\u2019est le revenu net cat\u00e9goriel (calcul\u00e9 par la somme de vos ressources diminu\u00e9es de vos charges et des abattements fiscaux dont vous b\u00e9n\u00e9ficiez) de l\u2019avant derni\u00e8re ann\u00e9e qui est pris en compte.<\/span><\/p>\n<h3 class=\"amp-wp-7d27179\" style=\"text-align: justify;\" data-amp-original-style=\"text-align: justify;\"><span id=\"La_PreParE\">La PreParE<\/span><\/h3>\n<p class=\"amp-wp-7d27179 amp-wp-7d27179\" style=\"text-align: justify;\" data-amp-original-style=\"text-align: justify;\"><span class=\"amp-wp-fe3f5cc\" data-amp-original-style=\"font-weight: 400;\">La prestation partag\u00e9e <\/span><span class=\"___SText_90cy7_gg_\" data-ui-name=\"Tag.Text\">d\u2019\u00e9ducation de l\u2019enfant <\/span>(PreParE) est une aide sociale vers\u00e9e par la CAF.<\/p>\n<p class=\"amp-wp-7d27179 amp-wp-7d27179\" style=\"text-align: justify;\" data-amp-original-style=\"text-align: justify;\"><span class=\"amp-wp-fe3f5cc\" data-amp-original-style=\"font-weight: 400;\">De mani\u00e8re concr\u00e8te, la PreParE vous aide \u00e0 prendre du temps pour profiter le plus possible de votre jeune enfant. La prestation partag\u00e9e d\u2019\u00e9ducation de l\u2019enfant (PreParE) est une aide financi\u00e8re qui vous permet, que vous soyez parent isol\u00e9 ou en couple, de cesser ou de r\u00e9duire votre activit\u00e9 professionnelle.\u00a0 Le but \u00e9tant de pouvoir passer du temps avec votre ou vos enfants \u00e2g\u00e9s de moins de 3 ans.<\/span><\/p>\n<p class=\"amp-wp-7d27179 amp-wp-7d27179\" style=\"text-align: justify;\" data-amp-original-style=\"text-align: justify;\"><span class=\"amp-wp-fe3f5cc\" data-amp-original-style=\"font-weight: 400;\">Cette aide fait partie de la Prestation d\u2019Accueil du Jeune Enfant (PAJE), qui elle-m\u00eame est un dispositif d\u2019aide de la Caisse d\u2019Allocations Familiales et de la Mutualit\u00e9 Sociale Agricole (MSA).<\/span><\/p>\n<p class=\"amp-wp-7d27179 amp-wp-7d27179\" style=\"text-align: justify;\" data-amp-original-style=\"text-align: justify;\"><span class=\"amp-wp-fe3f5cc\" data-amp-original-style=\"font-weight: 400;\">Il existe deux formes de PreParE :<\/span><\/p>\n<ul class=\"amp-wp-7d27179 amp-wp-7d27179\" style=\"text-align: justify;\" data-amp-original-style=\"text-align: justify;\">\n<li><span class=\"amp-wp-fe3f5cc\" data-amp-original-style=\"font-weight: 400;\">\u00a0 La PreParE simple<\/span><\/li>\n<li><span class=\"amp-wp-fe3f5cc\" data-amp-original-style=\"font-weight: 400;\">\u00a0 La PreParE major\u00e9e<\/span><\/li>\n<\/ul>\n<p class=\"amp-wp-7d27179 amp-wp-7d27179\" style=\"text-align: justify;\" data-amp-original-style=\"text-align: justify;\"><span class=\"amp-wp-fe3f5cc\" data-amp-original-style=\"font-weight: 400;\">La PreParE major\u00e9e donne droit \u00e0 un montant sup\u00e9rieur \u00e0 celui de la PreParE mais est vers\u00e9e moins longtemps que la PreParE (simple). Ce choix est disponible pour les m\u00e9nages ayant au moins trois enfants \u00e0 charge.<\/span><\/p>\n<p class=\"amp-wp-7d27179 amp-wp-7d27179\" style=\"text-align: justify;\" data-amp-original-style=\"text-align: justify;\"><span class=\"amp-wp-fe3f5cc\" data-amp-original-style=\"font-weight: 400;\">Si vous \u00eates salari\u00e9 du secteur priv\u00e9, pour pr\u00e9tendre \u00e0 la PreParE, vous devez prendre un cong\u00e9 parental, \u00e0 temps plein ou \u00e0 temps partiel. Vous pouvez vous renseignez sur :<\/span><\/p>\n<p class=\"amp-wp-7d27179 amp-wp-7d27179\" style=\"text-align: justify;\" data-amp-original-style=\"text-align: justify;\"><span class=\"amp-wp-fe3f5cc\" data-amp-original-style=\"font-weight: 400;\">Si vous exercez une activit\u00e9 non salari\u00e9e ( auto-entrepreneur par exemple), vous devez justifier de votre r\u00e9duction ou de l\u2019arr\u00eat de votre activit\u00e9 aupr\u00e8s de la CAF ou de la MSA si vous exercez dans le milieu agricole.<\/span><\/p>\n<p class=\"amp-wp-7d27179 amp-wp-7d27179\" style=\"text-align: justify;\" data-amp-original-style=\"text-align: justify;\"><span class=\"amp-wp-fe3f5cc\" data-amp-original-style=\"font-weight: 400;\">Enfin, si vous faites partie de la fonction publique, vous pouvez prendre un cong\u00e9 parental, un cong\u00e9 de pr\u00e9sence parental ou encore un temps partiel de droit.<\/span><\/p>\n<p class=\"amp-wp-7d27179 amp-wp-7d27179\" style=\"text-align: justify;\" data-amp-original-style=\"text-align: justify;\"><span class=\"amp-wp-fe3f5cc\" data-amp-original-style=\"font-weight: 400;\">Que vous demandiez la PreParE ou la PreParE major\u00e9e, que vous d\u00e9pendez de la CAF ou de la MSA, vous devez remplir un formulaire de demande et fournir certaines pi\u00e8ces justificatives. Pas de panique, <a href=\"https:\/\/www.mes-allocs.fr\/souscription\">Mes Allocs vous d\u00e9barrasse de tous ces tracas administratifs !<\/a><\/span><\/p>\n<p data-amp-original-style=\"text-align: justify;\"><div class='cta-block'><div class='text'>Simulez toutes vos aides sociales en 2 min. Gratuit.<\/div><a href='https:\/\/www.mes-allocs.fr\/ab-app?origin=guides\/wp-json\/wp\/v2\/posts\/36104' class='app-button fit'>Simulation gratuite<\/a><\/div><\/p>\n<h3 class=\"amp-wp-7d27179\" style=\"text-align: justify;\" data-amp-original-style=\"text-align: justify;\"><span id=\"La_prime_de_naissance\">La prime de naissance<\/span><\/h3>\n<p class=\"amp-wp-7d27179 amp-wp-7d27179\" style=\"text-align: justify;\" data-amp-original-style=\"text-align: justify;\">La prime de naissance est une aide qui vise \u00e0 permettre aux futurs parents ou aux familles monoparentales de prendre en charge les frais li\u00e9s \u00e0 la naissance ou \u00e0 l\u2019adoption d\u2019un enfant. Cette aide fait partie d\u2019un ensemble d\u2019aides \u00e0 la famille\u00a0et appartient au dispositif d\u2019aides PAJE (Prestation d\u2019Accueil du Jeune Enfant)\u00a0de la CAF.<\/p>\n<p class=\"amp-wp-7d27179 amp-wp-7d27179\" style=\"text-align: justify;\" data-amp-original-style=\"text-align: justify;\">Cette prime \u00e0 l\u2019 adoption ou \u00e0 la naissance est vers\u00e9e par la CAF pour faire face aux frais li\u00e9es \u00e0 \u00a0l\u2019arriv\u00e9e de votre enfant dans le foyer. Cette allocation est attribu\u00e9e jusqu\u2019aux 3 ans de l\u2019enfant et perdure jusqu\u2019\u00e0 l\u2019\u00e2ge de 20 ans dans le cas d\u2019une adoption.<\/p>\n<p class=\"amp-wp-7d27179 amp-wp-7d27179\" style=\"text-align: justify;\" data-amp-original-style=\"text-align: justify;\">Le montant de la prime de naissance et d\u2019adoption est pass\u00e9 \u00e0 1 084,44 \u20ac net pour une grossesse. En revanche, elle est de 2 168,84 \u20ac net pour une adoption.<\/p>\n<p class=\"amp-wp-7d27179 amp-wp-7d27179\" style=\"text-align: justify;\" data-amp-original-style=\"text-align: justify;\">Si vous avez une grossesse multiple ou si vous adoptez plusieurs enfants, la prime est multipli\u00e9e en fonction du nombre d\u2019enfants.\u00a0Le versement intervient au cours du 7\u00e8me mois de grossesse.\u00a0Dans le cas d\u2019une adoption, la prime est vers\u00e9e dans le mois qui suit l\u2019arriv\u00e9e de l\u2019enfant dans votre foyer.<\/p>\n<p data-amp-original-style=\"text-align: justify;\"><iframe loading=\"lazy\" src=\"\/\/www.youtube.com\/embed\/seHoivZowu8?si=YHrNGKDEHBvmprDn\" width=\"560\" height=\"314\" allowfullscreen=\"allowfullscreen\"><\/iframe><\/p>\n<h1 style=\"text-align: justify;\" data-amp-original-style=\"text-align: justify;\">Demande et versement de l&rsquo;aide<\/h1>\n<h3 class=\"amp-wp-7d27179\" style=\"text-align: justify;\" data-amp-original-style=\"text-align: justify;\"><span id=\"La_demande_de_laide\">La demande de l\u2019aide<\/span><\/h3>\n<p class=\"amp-wp-7d27179\" style=\"text-align: justify;\" data-amp-original-style=\"text-align: justify;\">Si vous estimez que toutes les conditions exig\u00e9es sont remplies, vous pouvez donc b\u00e9n\u00e9ficier de l\u2019allocation de base de la PAJE.<\/p>\n<p class=\"amp-wp-7d27179\" style=\"text-align: justify;\" data-amp-original-style=\"text-align: justify;\">Si vous \u00eates d\u00e9j\u00e0 allocataire, apr\u00e8s la naissance de votre enfant, vous devez adresser \u00e0 la CAF ou \u00e0 la MSA (selon l\u2019organisme dont vous d\u00e9pendez) une photocopie de votre livret de famille ainsi qu\u2019un extrait ou une copie int\u00e9grale de l\u2019acte de naissance de l\u2019enfant.<\/p>\n<p class=\"amp-wp-7d27179\" style=\"text-align: justify;\" data-amp-original-style=\"text-align: justify;\">Autrement, il vous faudra tout d\u2019abord effectuer une d\u00e9claration de situation ( via le formulaire CERFA 11423*06) et de ressources aupr\u00e8s de votre caisse. Vous pouvez \u00e9galement le faire avec les diff\u00e9rents services en ligne en vous cr\u00e9ant un compte sur le site de la CAF ou la MSA avec votre espace personnel.<\/p>\n<p class=\"amp-wp-7d27179\" style=\"text-align: justify;\" data-amp-original-style=\"text-align: justify;\">Pour les documents \u00e0 apporter, vous aurez besoin d\u2019une adresse mail pour compl\u00e9ter votre demande en ligne de PAJE (jeune enfant) qui comprend : la prime \u00e0 la naissance et la prime \u00e0 l\u2019adoption, l\u2019allocation de base, la prestation partag\u00e9e d\u2019\u00e9ducation de l\u2019enfant (PreParE), le compl\u00e9ment de libre choix d\u2019activit\u00e9 enfin,\u00a0le compl\u00e9ment de libre choix du mode de garde.<\/p>\n<p class=\"amp-wp-7d27179\" style=\"text-align: justify;\" data-amp-original-style=\"text-align: justify;\">Vous aurez \u00e9galement besoin\u00a0de votre pi\u00e8ce d\u2019identit\u00e9 ou passeport,\u00a0d\u2019un relev\u00e9 d\u2019identit\u00e9 bancaire (dans le cas o\u00f9 vous n\u2019\u00eates pas encore allocataire),\u00a0des ressources des 2 derni\u00e8res ann\u00e9es pour l\u2019ensemble des membres du foyer (2 derniers avis d\u2019imposition) et de la d\u00e9claration de grossesse compl\u00e9t\u00e9e par votre m\u00e9decin.<\/p>\n<p data-amp-original-style=\"text-align: justify;\"><div class='cta-block'><div class='text'>Simulez toutes vos aides sociales en 2 min. Gratuit.<\/div><a href='https:\/\/www.mes-allocs.fr\/ab-app?origin=guides\/wp-json\/wp\/v2\/posts\/36104' class='app-button fit'>Simulation gratuite<\/a><\/div><\/p>\n<h2 style=\"text-align: justify;\" data-amp-original-style=\"text-align: justify;\">Le versement des aides<\/h2>\n<h3 style=\"text-align: justify;\">L&rsquo;allocation de base<\/h3>\n<p style=\"text-align: justify;\">En ce qui concerne l&rsquo;allocation de base, \u00e0 partir du moment o\u00f9 elle vous est attribu\u00e9e, elle est vers\u00e9e tous les mois pendant 3 ans. Elle vous est vers\u00e9e \u00e0 partir du 1<sup>er<\/sup> jour du mois suivant la naissance de l&rsquo;enfant. Dans le cas o\u00f9 votre enfant est n\u00e9 le 15 f\u00e9vrier, l&rsquo;allocation commence \u00e0 \u00eatre vers\u00e9e le 1<sup>er<\/sup> avril pour mars. L&rsquo;allocation de base est vers\u00e9e jusqu&rsquo;au mois qui pr\u00e9c\u00e8de le 3<sup>e<\/sup> anniversaire de l&rsquo;enfant.<\/p>\n<h3 style=\"text-align: justify;\" data-amp-original-style=\"text-align: justify;\">Le compl\u00e9ment du libre choix du mode de garde<\/h3>\n<p class=\"amp-wp-7d27179\" style=\"text-align: justify;\" data-amp-original-style=\"text-align: justify;\"><span class=\"amp-wp-fe3f5cc\" data-amp-original-style=\"font-weight: 400;\">En ce qui concerne le CMG, vous percevrez votre premier versement le mois de votre demande, si cette derni\u00e8re est accept\u00e9e. Le versement du CMG prendra fin le mois au cours duquel vous ne remplirez plus les conditions pour en b\u00e9n\u00e9ficier. <\/span><span class=\"amp-wp-fe3f5cc\" data-amp-original-style=\"font-weight: 400;\">Vous percevez un compl\u00e9ment pour chaque enfant gard\u00e9.<\/span><\/p>\n<p style=\"text-align: justify;\">Dans le cas o\u00f9 vous utilisez une assistante maternelle, vous avez maintenant le statut d\u2019employeur. De fait, vous devez vous inscrire aupr\u00e8s de Pajemploi pour d\u00e9clarer les salaires vers\u00e9s \u00e0 votre salari\u00e9(e).<img loading=\"lazy\" decoding=\"async\" class=\"alignright wp-image-36139\" title=\"ordi document\" src=\"https:\/\/www.mes-allocs.fr\/guides\/wp-content\/uploads\/2021\/08\/ordi-document-1-1.jpg\" alt=\"versement Paje\" width=\"322\" height=\"215\" srcset=\"https:\/\/www.mes-allocs.fr\/guides\/wp-content\/uploads\/2021\/08\/ordi-document-1-1.jpg 1125w, https:\/\/www.mes-allocs.fr\/guides\/wp-content\/uploads\/2021\/08\/ordi-document-1-1-300x200.jpg 300w, https:\/\/www.mes-allocs.fr\/guides\/wp-content\/uploads\/2021\/08\/ordi-document-1-1-1024x683.jpg 1024w, https:\/\/www.mes-allocs.fr\/guides\/wp-content\/uploads\/2021\/08\/ordi-document-1-1-768x512.jpg 768w, https:\/\/www.mes-allocs.fr\/guides\/wp-content\/uploads\/2021\/08\/ordi-document-1-1-600x400.jpg 600w\" sizes=\"auto, (max-width: 322px) 100vw, 322px\" \/><\/p>\n<div class=\"fiche-item-demarche bloc-ressource\">\n<div class=\"demarche-title\">\n<p style=\"text-align: justify;\">Pour percevoir le remboursement du CMG, vous devez d\u00e9clarer chaque mois la r\u00e9mun\u00e9ration de votre salari\u00e9. Pour le calcul de la somme rembours\u00e9e, cela est \u00e0 la charge du centre Pajemploi. En prolongement, le centre vous communiquera aussi la somme qui reste \u00e9ventuellement \u00e0 votre charge.<\/p>\n<h3 style=\"text-align: justify;\">La prime de naissance<\/h3>\n<p style=\"text-align: justify;\">La prime \u00e0 la naissance est vers\u00e9e avant la fin du dernier jour du 2<sup>\u00e8me<\/sup>mois suivant la naissance ou la justification de la fin de grossesse. Elle est vers\u00e9e une seule fois par mois. \u00a0Si les parents per\u00e7oivent l\u2019allocation de base de la PAJE, les 2 prestations sont vers\u00e9es en m\u00eame temps. La prime \u00e0 la naissance est vers\u00e9e par la CAF ou la MSA dont d\u00e9pend l\u2019allocataire.<\/p>\n<h3 style=\"text-align: justify;\">La PreParE<\/h3>\n<p class=\"amp-wp-7d27179 amp-wp-7d27179\" style=\"text-align: justify;\" data-amp-original-style=\"text-align: justify;\"><span class=\"amp-wp-fe3f5cc\" data-amp-original-style=\"font-weight: 400;\">Si vous \u00eates en couple, vous pouvez percevoir la <\/span>PreParE sur une p\u00e9riode de\u00a024 mois. Cette dur\u00e9e est valable pour chaque<span class=\"amp-wp-fe3f5cc\" data-amp-original-style=\"font-weight: 400;\">\u00a0parent jusqu\u2019au 3<\/span><span class=\"amp-wp-fe3f5cc\" data-amp-original-style=\"font-weight: 400;\">e<\/span><span class=\"amp-wp-fe3f5cc\" data-amp-original-style=\"font-weight: 400;\"> anniversaire du plus jeune de vos enfants. Vous pouvez partager la prestation entre votre partenaire et vous m\u00eame.<\/span><\/p>\n<p class=\"amp-wp-7d27179 amp-wp-7d27179\" style=\"text-align: justify;\" data-amp-original-style=\"text-align: justify;\"><span class=\"amp-wp-fe3f5cc\" data-amp-original-style=\"font-weight: 400;\">Le droit est ouvert \u00e0 partir du 1<\/span><span class=\"amp-wp-fe3f5cc\" data-amp-original-style=\"font-weight: 400;\">er<\/span><span class=\"amp-wp-fe3f5cc\" data-amp-original-style=\"font-weight: 400;\"> mois plein en cong\u00e9 parental. La PreParE est vers\u00e9e mensuellement, \u00e0 terme \u00e9chu (janvier pay\u00e9 d\u00e9but f\u00e9vrier, etc.).\u00a0<\/span><\/p>\n<p style=\"text-align: justify;\" data-amp-original-style=\"text-align: justify;\"><span class=\"amp-wp-fe3f5cc\" data-amp-original-style=\"font-weight: 400;\">Si vous \u00eates un parent isol\u00e9, vous pouvez b\u00e9n\u00e9ficier de la PreParE simple jusqu\u2019au 3<\/span><span class=\"amp-wp-fe3f5cc\" data-amp-original-style=\"font-weight: 400;\">e<\/span><span class=\"amp-wp-fe3f5cc\" data-amp-original-style=\"font-weight: 400;\"> anniversaire du plus jeune de vos enfants. Si vous accouchez de plusieurs enfants, la prestation est vers\u00e9e jusqu\u2019aux 6 de vos enfants. Vous pouvez percevoir la PreParE major\u00e9e jusqu\u2019au 1<\/span><span class=\"amp-wp-fe3f5cc\" data-amp-original-style=\"font-weight: 400;\">er<\/span><span class=\"amp-wp-fe3f5cc\" data-amp-original-style=\"font-weight: 400;\"> anniversaire du plus jeune de vos enfants. Pour des jumeaux, le r\u00e9gime normal s\u2019applique.<\/span><\/p>\n<p data-amp-original-style=\"text-align: justify;\"><div class='cta-block'><div class='text'>Simulez toutes vos aides sociales en 2 min. Gratuit.<\/div><a href='https:\/\/www.mes-allocs.fr\/ab-app?origin=guides\/wp-json\/wp\/v2\/posts\/36104' class='app-button fit'>Simulation gratuite<\/a><\/div><\/p>\n<\/div>\n<\/div>\n","protected":false},"excerpt":{"rendered":"<p>[Mis \u00e0 jour le 21\/01\/2026] La PAJE est un ensemble d&rsquo;aides destin\u00e9 aux parents venant d&rsquo;accueillir un enfant. Ces allocations familiales sont vers\u00e9es sous conditions d&rsquo;attribution par la CAF. Dans cet article, nous allons voir comment se passe le versement de la PAJE. La Prestation d\u2019Accueil du Jeune Enfant\u00a0 Point de rappel La prestation d\u2019accueil [&hellip;]<\/p>\n","protected":false},"author":6,"featured_media":36115,"comment_status":"open","ping_status":"open","sticky":false,"template":"","format":"standard","meta":{"amp_status":"","footnotes":""},"categories":[10,11],"tags":[],"class_list":["post-36104","post","type-post","status-publish","format-standard","has-post-thumbnail","hentry","category-allocations-familiales","category-paje"],"yoast_head":"<!-- This site is optimized with the Yoast SEO plugin v14.9 - https:\/\/yoast.com\/wordpress\/plugins\/seo\/ -->\n<title>Versement PAJE 2026 : modalit\u00e9s et dates de paiement | Mes-Allocs.fr<\/title>\n<meta name=\"description\" content=\"Selon les aides de la PAJE, le versement est quelque peu diff\u00e9rent. Dans cet article, Mes Alocs vous d\u00e9taille tout concernant le versement.\" \/>\n<meta name=\"robots\" content=\"index, follow, max-snippet:-1, max-image-preview:large, max-video-preview:-1\" \/>\n<link rel=\"canonical\" href=\"https:\/\/www.mes-allocs.fr\/guides\/allocations-familiales\/paje\/versement-paje\/\" \/>\n<meta property=\"og:locale\" content=\"fr_FR\" \/>\n<meta property=\"og:type\" content=\"article\" \/>\n<meta property=\"og:title\" content=\"Versement PAJE 2026 : modalit\u00e9s et dates de paiement | Mes-Allocs.fr\" \/>\n<meta property=\"og:description\" content=\"Selon les aides de la PAJE, le versement est quelque peu diff\u00e9rent. Dans cet article, Mes Alocs vous d\u00e9taille tout concernant le versement.\" \/>\n<meta property=\"og:url\" content=\"https:\/\/www.mes-allocs.fr\/guides\/allocations-familiales\/paje\/versement-paje\/\" \/>\n<meta property=\"og:site_name\" content=\"Mes-Allocs.fr\" \/>\n<meta property=\"article:published_time\" content=\"2021-08-27T14:32:24+00:00\" \/>\n<meta property=\"article:modified_time\" content=\"2026-01-21T16:35:29+00:00\" \/>\n<meta property=\"og:image\" content=\"https:\/\/www.mes-allocs.fr\/guides\/wp-content\/uploads\/2021\/08\/billets-5.jpg?wsr\" \/>\n\t<meta property=\"og:image:width\" content=\"1124\" \/>\n\t<meta property=\"og:image:height\" content=\"750\" \/>\n<meta name=\"twitter:card\" content=\"summary_large_image\" \/>\n<script type=\"application\/ld+json\" class=\"yoast-schema-graph\">{\"@context\":\"https:\/\/schema.org\",\"@graph\":[{\"@type\":\"WebSite\",\"@id\":\"https:\/\/www.mes-allocs.fr\/guides\/#website\",\"url\":\"https:\/\/www.mes-allocs.fr\/guides\/\",\"name\":\"Mes-Allocs.fr\",\"description\":\"\",\"potentialAction\":[{\"@type\":\"SearchAction\",\"target\":\"https:\/\/www.mes-allocs.fr\/guides\/?s={search_term_string}\",\"query-input\":\"required name=search_term_string\"}],\"inLanguage\":\"fr-FR\"},{\"@type\":\"ImageObject\",\"@id\":\"https:\/\/www.mes-allocs.fr\/guides\/allocations-familiales\/paje\/versement-paje\/#primaryimage\",\"inLanguage\":\"fr-FR\",\"url\":\"https:\/\/www.mes-allocs.fr\/guides\/wp-content\/uploads\/2021\/08\/billets-5.jpg?wsr\",\"width\":1124,\"height\":750,\"caption\":\"billets\"},{\"@type\":\"WebPage\",\"@id\":\"https:\/\/www.mes-allocs.fr\/guides\/allocations-familiales\/paje\/versement-paje\/#webpage\",\"url\":\"https:\/\/www.mes-allocs.fr\/guides\/allocations-familiales\/paje\/versement-paje\/\",\"name\":\"Versement PAJE 2026 : modalit\\u00e9s et dates de paiement | Mes-Allocs.fr\",\"isPartOf\":{\"@id\":\"https:\/\/www.mes-allocs.fr\/guides\/#website\"},\"primaryImageOfPage\":{\"@id\":\"https:\/\/www.mes-allocs.fr\/guides\/allocations-familiales\/paje\/versement-paje\/#primaryimage\"},\"datePublished\":\"2021-08-27T14:32:24+00:00\",\"dateModified\":\"2026-01-21T16:35:29+00:00\",\"author\":{\"@id\":\"https:\/\/www.mes-allocs.fr\/guides\/#\/schema\/person\/0ecd61a8600573914d00d970a588c024\"},\"description\":\"Selon les aides de la PAJE, le versement est quelque peu diff\\u00e9rent. Dans cet article, Mes Alocs vous d\\u00e9taille tout concernant le versement.\",\"inLanguage\":\"fr-FR\"},{\"@type\":\"Person\",\"@id\":\"https:\/\/www.mes-allocs.fr\/guides\/#\/schema\/person\/0ecd61a8600573914d00d970a588c024\",\"name\":\"Jonathan\",\"image\":{\"@type\":\"ImageObject\",\"@id\":\"https:\/\/www.mes-allocs.fr\/guides\/#personlogo\",\"inLanguage\":\"fr-FR\",\"url\":\"https:\/\/www.mes-allocs.fr\/guides\/wp-content\/uploads\/2021\/06\/jonathan-150x150.png\",\"caption\":\"Jonathan\"},\"description\":\"Jonathan est r\\u00e9dacteur au sein de l'\\u00e9quipe Mes Allocs, sp\\u00e9cialis\\u00e9 sur les sujets li\\u00e9s au handicap. Dipl\\u00f4m\\u00e9e de l'UPEM, il rejoint Mes Allocs apr\\u00e8s avoir travaill\\u00e9 \\u00e0 l'association AEDE qui accompagne les adultes en situation de handicap. Quand il n'\\u00e9crit pas, on peut le retrouver sur un terrain de basket.\",\"sameAs\":[\"https:\/\/www.linkedin.com\/in\/jonathan-bambela-8637861b7\"]}]}<\/script>\n<!-- \/ Yoast SEO plugin. -->","amp_validity":null,"acf":{"faq":{"1":{"question":"Quelles diff\u00e9rence entre la PreParE simple et major\u00e9e ?","answer":"La PreParE major\u00e9e donne droit \u00e0 un montant sup\u00e9rieur \u00e0 celui de la PreParE mais est vers\u00e9e moins longtemps que la PreParE simple."},"2":{"question":"Peut-on b\u00e9n\u00e9ficier \u00e0 deux de la PreParE ?","answer":"Si vous voulez b\u00e9n\u00e9ficier \u00e0 deux de la prime, le montant sera divis\u00e9 par deux."},"3":{"question":"Quand d\u00e9bute le paiement du compl\u00e9ment de libre choix d'activit\u00e9 ?","answer":"Si vous accueillez votre premier enfant, le compl\u00e9ment de libre choix d'activit\u00e9 peut \u00eatre vers\u00e9 pendant 6 mois apr\u00e8s votre cong\u00e9 maternit\u00e9 ou paternit\u00e9. "},"4":{"question":"Quand re\u00e7oit-on prime de naissance ?","answer":"La prime \u00e0 la naissance est vers\u00e9e avant la fin du dernier jour du 2\u00e8me mois suivant la naissance ou la justification de la fin de grossesse."},"5":{"question":"Quelles sont les conditions \u00e0 la prime de naissance ?","answer":"Les conditions li\u00e9es \u00e0 la prime de naissance peuvent varier en fonction de vos ressources, votre foyer et votre situation. La m\u00e9thode rapide pour conna\u00eetre votre \u00e9ligibilit\u00e9 est de faire la simulation gratuite directement sur le site de Mes Allocs."},"6":{"question":"Quelles sont les conditions li\u00e9es \u00e0 la PAJE ?","answer":"Pour pr\u00e9tendre \u00e0 l\u2019allocation de base de la PAJE, vous devez avoir \u00e0 votre charge un enfant de moins de 3 ans, et vos ressources ne doivent pas d\u00e9passer un certain plafond."},"7":{"question":"","answer":""},"8":{"question":"","answer":""},"9":{"question":"","answer":""},"10":{"question":"","answer":""},"11":{"question":"","answer":""},"12":{"question":"","answer":""},"13":{"question":"","answer":""},"14":{"question":"","answer":""},"15":{"question":"","answer":""},"16":{"question":"","answer":""}}},"_links":{"self":[{"href":"https:\/\/www.mes-allocs.fr\/guides\/wp-json\/wp\/v2\/posts\/36104","targetHints":{"allow":["GET"]}}],"collection":[{"href":"https:\/\/www.mes-allocs.fr\/guides\/wp-json\/wp\/v2\/posts"}],"about":[{"href":"https:\/\/www.mes-allocs.fr\/guides\/wp-json\/wp\/v2\/types\/post"}],"author":[{"embeddable":true,"href":"https:\/\/www.mes-allocs.fr\/guides\/wp-json\/wp\/v2\/users\/6"}],"replies":[{"embeddable":true,"href":"https:\/\/www.mes-allocs.fr\/guides\/wp-json\/wp\/v2\/comments?post=36104"}],"version-history":[{"count":18,"href":"https:\/\/www.mes-allocs.fr\/guides\/wp-json\/wp\/v2\/posts\/36104\/revisions"}],"predecessor-version":[{"id":108137,"href":"https:\/\/www.mes-allocs.fr\/guides\/wp-json\/wp\/v2\/posts\/36104\/revisions\/108137"}],"wp:featuredmedia":[{"embeddable":true,"href":"https:\/\/www.mes-allocs.fr\/guides\/wp-json\/wp\/v2\/media\/36115"}],"wp:attachment":[{"href":"https:\/\/www.mes-allocs.fr\/guides\/wp-json\/wp\/v2\/media?parent=36104"}],"wp:term":[{"taxonomy":"category","embeddable":true,"href":"https:\/\/www.mes-allocs.fr\/guides\/wp-json\/wp\/v2\/categories?post=36104"},{"taxonomy":"post_tag","embeddable":true,"href":"https:\/\/www.mes-allocs.fr\/guides\/wp-json\/wp\/v2\/tags?post=36104"}],"curies":[{"name":"wp","href":"https:\/\/api.w.org\/{rel}","templated":true}]}}