{"id":359,"date":"2019-07-15T12:19:36","date_gmt":"2019-07-15T12:19:36","guid":{"rendered":"https:\/\/www.mes-allocs.fr\/guides\/?p=359"},"modified":"2026-01-23T18:32:32","modified_gmt":"2026-01-23T17:32:32","slug":"complement-libre-choix-mode-de-garde","status":"publish","type":"post","link":"https:\/\/www.mes-allocs.fr\/guides\/allocations-familiales\/paje\/complement-libre-choix-mode-de-garde\/","title":{"rendered":"Le Compl\u00e9ment de libre choix du Mode de Garde (CMG) en 2026"},"content":{"rendered":"<p style=\"text-align: justify;\"><span style=\"font-weight: 400;\"><img loading=\"lazy\" decoding=\"async\" class=\"alignnone wp-image-360 size-full\" src=\"https:\/\/www.mes-allocs.fr\/guides\/wp-content\/uploads\/2019\/07\/image-22-e1687179498760.jpg\" alt=\"compl\u00e9ment de libre choix du mode de garde\" width=\"1024\" height=\"176\" srcset=\"https:\/\/www.mes-allocs.fr\/guides\/wp-content\/uploads\/2019\/07\/image-22-e1687179498760.jpg 1024w, https:\/\/www.mes-allocs.fr\/guides\/wp-content\/uploads\/2019\/07\/image-22-e1687179498760-300x52.jpg 300w, https:\/\/www.mes-allocs.fr\/guides\/wp-content\/uploads\/2019\/07\/image-22-e1687179498760-768x132.jpg 768w, https:\/\/www.mes-allocs.fr\/guides\/wp-content\/uploads\/2019\/07\/image-22-e1687179498760-600x103.jpg 600w\" sizes=\"auto, (max-width: 1024px) 100vw, 1024px\" \/><\/span><\/p>\n<p style=\"text-align: justify;\"><span style=\"font-size: 12pt;\">[Mis \u00e0 jour le 23\/01\/2026] Faire garder votre enfant peut vous revenir tr\u00e8s cher\u2026 Heureusement, le CMG est l\u00e0 pour vous aider pour le co\u00fbt de la garde ! <\/span><span style=\"font-size: 12pt;\">Le compl\u00e9ment de libre choix du Mode de Garde (CMG) est une subvention du large dispositif qu\u2019est la Prestation d\u2019Accueil du Jeune Enfant (PAJE). Ce dernier fait partie des <a href=\"https:\/\/www.mes-allocs.fr\/guides\/allocations-familiales\">prestations familiales<\/a> qui vous sont allou\u00e9es par la Caisse d\u2019Allocation Familiale (CAF) ou la Mutualit\u00e9 Sociale Agricole (MSA), si vous d\u00e9pendez du r\u00e9gime agricole.\u00a0 <\/span><span style=\"font-size: 12pt;\">Le CMG est une prise en charge partielle des frais que vous engagez lorsque vous avez recours \u00e0 une assistante maternelle, que vous faites garder votre enfant \u00e0 domicile ou que vous le placez en micro-cr\u00e8che. <\/span><span style=\"font-size: 12pt;\">L\u2019objectif de l\u2019aide familiale est de permettre aux jeunes m\u00e8res de continuer \u00e0 exercer leur activit\u00e9 professionnelle en les aidant \u00e0 faire garder leur enfant.<\/span><\/p>\n<div class='cta-block'><div class='text'>Simulez vos aides en 2 min. Gratuit.<\/div><a href='https:\/\/www.mes-allocs.fr\/ab-app?origin=guides\/wp-json\/wp\/v2\/posts\/359' class='app-button fit'>Simulation gratuite<\/a><\/div>\n<h1 style=\"text-align: justify;\"><b>\u00cates-vous concern\u00e9 ?<\/b><\/h1>\n<h2 style=\"text-align: justify;\"><b>Si vous employez directement un prestataire<\/b><\/h2>\n<p style=\"text-align: justify;\"><span style=\"font-weight: 400;\">Si vous employez directement une <\/span><b>assistante maternelle<\/b><span style=\"font-weight: 400;\"> (et que votre enfant est ainsi gard\u00e9 \u00e0 domicile), la r\u00e9mun\u00e9ration de cette derni\u00e8re ne doit exc\u00e9der <b>59,40 <\/b><strong>\u20ac<\/strong><\/span><span style=\"font-weight: 400;\">\u00a0brut par jour par enfant gard\u00e9.<\/span><\/p>\n<p style=\"text-align: justify;\"><span style=\"font-weight: 400;\">Le CMG peut couvrir jusqu\u2019\u00e0 <\/span><b>100 %<\/b><span style=\"font-weight: 400;\"> de la r\u00e9mun\u00e9ration (brute) que vous d\u00e9boursez.<\/span><\/p>\n<p style=\"text-align: justify;\"><span style=\"font-weight: 400;\">Si vous employez directement une <\/span><b>personne qui garde votre enfant \u00e0 domicile<\/b><span style=\"font-weight: 400;\">, vous ne pouvez pas b\u00e9n\u00e9ficier de l\u2019exon\u00e9ration des cotisations sociales pour la personne employ\u00e9e si vous souhaitez \u00eatre \u00e9ligible de l\u2019exon\u00e9ration.<\/span><b>\u00a0<\/b><\/p>\n<div class='cta-block'><div class='text'>Simulez vos aides en 2 min. Gratuit.<\/div><a href='https:\/\/www.mes-allocs.fr\/ab-app?origin=guides\/wp-json\/wp\/v2\/posts\/359' class='app-button fit'>Simulation gratuite<\/a><\/div>\n<h2 style=\"text-align: justify;\"><b>Si vous embauchez via un organisme<\/b><span style=\"font-weight: 400;\">\u00a0<\/span><\/h2>\n<p style=\"text-align: justify;\"><span style=\"font-weight: 400;\">Si vous employez une <\/span><b>assistante maternelle<\/b><span style=\"font-weight: 400;\"> via un organisme (association ou entreprise), ce dernier doit \u00eatre habilit\u00e9 par les services de votre d\u00e9partement et employant des assistantes maternelles agr\u00e9\u00e9es. <\/span><span style=\"font-weight: 400;\">Le CMG couvre jusqu\u2019\u00e0 <\/span><b>85%<\/b><span style=\"font-weight: 400;\"> des d\u00e9penses dues \u00e0 l\u2019organisme.<\/span><\/p>\n<p style=\"text-align: justify;\"><span style=\"font-weight: 400;\">Si vous employez une <\/span><b>personne pour une garde \u00e0 domicile<\/b><span style=\"font-weight: 400;\"> via un organisme (association ou entreprise), ce dernier doit \u00eatre habilit\u00e9 par le pr\u00e9fet et proposer le service de garde \u00e0 domicile. <\/span><span style=\"font-weight: 400;\">Le CMG couvre jusqu\u2019\u00e0 <strong>85%<\/strong> des d\u00e9penses dues \u00e0 l\u2019organisme.<\/span><\/p>\n<p style=\"text-align: justify;\"><span style=\"font-weight: 400;\">Si enfin vous faites appel \u00e0 une <\/span><b>micro-cr\u00e8che<\/b><span style=\"font-weight: 400;\">, sa tarification ne doit exc\u00e9der <\/span><b>10 \u20ac<\/b><span style=\"font-weight: 400;\"> de l\u2019heure, et votre enfant doit y \u00eatre gard\u00e9 au moins <\/span><b>16 heures par mois<\/b><span style=\"font-weight: 400;\">. En cas d\u2019exc\u00e8s, vous ne percevrez pas le CMG.\u00a0 <\/span><span style=\"font-weight: 400;\">Le CMG couvre jusqu\u2019\u00e0 85% de ces frais.<\/span><\/p>\n<h2 style=\"text-align: justify;\"><b>Selon l&rsquo;\u00e2ge de votre enfant<\/b><\/h2>\n<p style=\"text-align: justify;\"><span style=\"font-weight: 400;\">Pour pouvoir b\u00e9n\u00e9ficier du CMG, votre enfant ne doit pas \u00eatre scolaris\u00e9. Ainsi, il ne peut \u00eatre \u00e2g\u00e9 de plus de 6 ans, sauf pour les familles monoparentales dans lesquelles l&rsquo;enfant peut avoir maximum 12 ans.\u00a0<\/span><\/p>\n<h2 style=\"text-align: justify;\"><b>Conditions li\u00e9es \u00e0 votre activit\u00e9<\/b><\/h2>\n<h3 style=\"text-align: justify;\"><b>Si vous vivez en couple<\/b><\/h3>\n<p style=\"text-align: justify;\"><span style=\"font-weight: 400;\">Si vous vivez en couple, pour pouvoir b\u00e9n\u00e9ficier du CMG, votre situation doit correspondre \u00e0 <\/span><span style=\"font-weight: 400;\">l\u2019un<\/span><span style=\"font-weight: 400;\"> des crit\u00e8res suivants :<\/span><\/p>\n<ul style=\"text-align: justify;\">\n<li style=\"font-weight: 400;\"><span style=\"font-weight: 400;\">Vous et\/ou votre conjoint travaillez,<\/span><\/li>\n<li style=\"font-weight: 400;\"><span style=\"font-weight: 400;\">Vous \u00eates tous deux \u00e9tudiants,<\/span><\/li>\n<li style=\"font-weight: 400;\"><span style=\"font-weight: 400;\">Au moins l\u2019un d\u2019entre vous per\u00e7oit l&rsquo;allocation aux adultes handicap\u00e9s (AAH),<\/span><\/li>\n<li style=\"font-weight: 400;\"><span style=\"font-weight: 400;\">Vous percevez le Revenu de Solidarit\u00e9 Active (RSA) et \u00eates inscrit dans une d\u00e9marche d&rsquo;insertion professionnelle,<\/span><\/li>\n<li style=\"font-weight: 400;\"><span style=\"font-weight: 400;\">Vous percevez l&rsquo;allocation Temporaire d&rsquo;Attente (ATA) et \u00eates inscrit comme demandeur d&#8217;emploi,<\/span><\/li>\n<li style=\"font-weight: 400;\"><span style=\"font-weight: 400;\">Vous percevez l&rsquo;Allocation de Solidarit\u00e9 Sp\u00e9cifique (ASS) et \u00eates inscrit comme demandeur d&#8217;emploi.<\/span><\/li>\n<\/ul>\n<h3 style=\"text-align: justify;\"><b>Si \u00eates un parent isol\u00e9<\/b><\/h3>\n<p style=\"text-align: justify;\"><span style=\"font-weight: 400;\">Si vous vivez seul, votre situation doit correspondre \u00e0 <\/span><span style=\"font-weight: 400;\">l\u2019un<\/span><span style=\"font-weight: 400;\"> des crit\u00e8res suivants :<\/span><\/p>\n<ul style=\"text-align: justify;\">\n<li style=\"font-weight: 400;\"><span style=\"font-weight: 400;\">Vous travaillez,<\/span><\/li>\n<li style=\"font-weight: 400;\"><span style=\"font-weight: 400;\">Vous \u00eates \u00e9tudiant,<\/span><\/li>\n<li style=\"font-weight: 400;\"><span style=\"font-weight: 400;\">Vous percevez l&rsquo;Allocation aux Adultes Handicap\u00e9s (AAH),<\/span><\/li>\n<li style=\"font-weight: 400;\"><span style=\"font-weight: 400;\">Vous \u00eates b\u00e9n\u00e9ficiaire du Revenu de Solidarit\u00e9 Active (RSA) et vous \u00eates inscrit dans une d\u00e9marche d&rsquo;insertion professionnelle,<\/span><\/li>\n<li style=\"font-weight: 400;\"><span style=\"font-weight: 400;\">Vous b\u00e9n\u00e9ficiez de l&rsquo;Allocation Temporaire d&rsquo;Attente (ATA) et vous \u00eates inscrit comme demandeur d&#8217;emploi,<\/span><\/li>\n<li style=\"font-weight: 400;\"><span style=\"font-weight: 400;\">Vous percevez l&rsquo;allocation de Solidarit\u00e9 Sp\u00e9cifique (ASS) et vous \u00eates inscrit comme demandeur d&#8217;emploi.<\/span><\/li>\n<\/ul>\n<p style=\"text-align: justify;\"><span style=\"font-weight: 400;\"><strong>Attention<\/strong> : si vous exercez une activit\u00e9 non salari\u00e9e, comme une profession lib\u00e9rale ou si vous \u00eates artisan par exemple, vous devez \u00eatre \u00e0 jour des cotisations sociales d\u2019assurance vieillesse.<\/span><\/p>\n<div class='cta-block'><div class='text'>Simulez vos aides en 2 min. Gratuit.<\/div><a href='https:\/\/www.mes-allocs.fr\/ab-app?origin=guides\/wp-json\/wp\/v2\/posts\/359' class='app-button fit'>Simulation gratuite<\/a><\/div>\n<h1 style=\"text-align: justify;\"><b>Quel est le montant du CMG ?\u00a0<\/b><\/h1>\n<p style=\"text-align: justify;\"><span style=\"font-weight: 400;\">Votre montant maximal de compl\u00e9ment de libre choix du Mode de Garde est \u00e9tabli selon des plafonds de ressources qui varient en fonction du nombre d\u2019enfants qui sont \u00e0 votre charge.<\/span><\/p>\n<p style=\"text-align: justify;\"><span style=\"font-weight: 400;\">C\u2019est le revenu net cat\u00e9goriel (calcul\u00e9 par la somme de vos ressources diminu\u00e9es de vos charges et des abattements fiscaux dont vous b\u00e9n\u00e9ficiez) de l\u2019avant derni\u00e8re ann\u00e9e qui est pris en compte.<\/span><\/p>\n<p>Les plafonds de ressources sont les m\u00eames que votre enfant soit gard\u00e9 par une assistante maternelle ou par un organisme (micro-cr\u00e8che, cr\u00e8che familiale&#8230;)<\/p>\n\n<div class=\"wpdt-c row wpDataTableContainerSimpleTable wpDataTables wpDataTablesWrapper\n\"\n    >\n    <table id=\"wpdtSimpleTable-256\"\n           class=\"wpdtSimpleTable wpDataTable\"\n           data-column=\"4\"\n           data-rows=\"6\"\n           data-wpID=\"256\"\n           data-responsive=\"0\"\n           data-has-header=\"0\">\n\n                    <tbody>        <tr class=\"wpdt-cell-row \" >\n                            <td class=\"wpdt-cell wpdt-bc-F3F9FE wpdt-bold wpdt-merged-cell \"\n                 colspan=\"1\"  rowspan=\"2\"                 data-cell-id=\"A1\"\n                data-col-index=\"0\"\n                data-row-index=\"0\"\n                style=\" width:25.6038647343%;                padding:10px;\"\n                >\n                                Nombre d'enfants                <\/td>\n                                            <td class=\"wpdt-cell wpdt-bc-F3F9FE wpdt-bold wpdt-merged-cell \"\n                 colspan=\"3\"  rowspan=\"1\"                 data-cell-id=\"B1\"\n                data-col-index=\"1\"\n                data-row-index=\"0\"\n                style=\" width:71.497584541063%;                padding:10px;\"\n                >\n                                Plafonds de revenus pour un couple                <\/td>\n                                                                <\/tr>\n                            <tr class=\"wpdt-cell-row \" >\n                                        <td class=\"wpdt-cell wpdt-bc-FFFFFF wpdt-bold wpdt-align-center\"\n                                    data-cell-id=\"B2\"\n                data-col-index=\"1\"\n                data-row-index=\"1\"\n                style=\"                padding:10px;\"\n                >\n                                Tranche 1                <\/td>\n                                            <td class=\"wpdt-cell wpdt-bc-FFFFFF wpdt-bold\"\n                                    data-cell-id=\"C2\"\n                data-col-index=\"2\"\n                data-row-index=\"1\"\n                style=\"                padding:10px;\"\n                >\n                                Tranche 2                <\/td>\n                                            <td class=\"wpdt-cell wpdt-bold\"\n                                    data-cell-id=\"D2\"\n                data-col-index=\"3\"\n                data-row-index=\"1\"\n                style=\"                padding:10px;\"\n                >\n                                Tranche 3                <\/td>\n                                        <\/tr>\n                            <tr class=\"wpdt-cell-row \" >\n                            <td class=\"wpdt-cell \"\n                                    data-cell-id=\"A3\"\n                data-col-index=\"0\"\n                data-row-index=\"2\"\n                style=\"                padding:10px;\"\n                >\n                                1 enfant                <\/td>\n                                            <td class=\"wpdt-cell wpdt-tc-000000\"\n                                    data-cell-id=\"B3\"\n                data-col-index=\"1\"\n                data-row-index=\"2\"\n                style=\"                padding:10px;\"\n                >\n                                < 24 333\u00a0\u20ac                <\/td>\n                                            <td class=\"wpdt-cell wpdt-bc-FFFFFF wpdt-tc-000000\"\n                                    data-cell-id=\"C3\"\n                data-col-index=\"2\"\n                data-row-index=\"2\"\n                style=\"                padding:10px;\"\n                >\n                                \u2264 54 075\u00a0\u20ac                <\/td>\n                                            <td class=\"wpdt-cell wpdt-tc-000000\"\n                                    data-cell-id=\"D3\"\n                data-col-index=\"3\"\n                data-row-index=\"2\"\n                style=\"                padding:10px;\"\n                >\n                                > 54 075\u00a0\u20ac                <\/td>\n                                        <\/tr>\n                            <tr class=\"wpdt-cell-row \" >\n                            <td class=\"wpdt-cell \"\n                                    data-cell-id=\"A4\"\n                data-col-index=\"0\"\n                data-row-index=\"3\"\n                style=\"                padding:10px;\"\n                >\n                                2 enfants                <\/td>\n                                            <td class=\"wpdt-cell wpdt-tc-000000\"\n                                    data-cell-id=\"B4\"\n                data-col-index=\"1\"\n                data-row-index=\"3\"\n                style=\"                padding:10px;\"\n                >\n                                < 27 786\u00a0\u20ac                <\/td>\n                                            <td class=\"wpdt-cell wpdt-bc-FFFFFF wpdt-tc-000000\"\n                                    data-cell-id=\"C4\"\n                data-col-index=\"2\"\n                data-row-index=\"3\"\n                style=\"                padding:10px;\"\n                >\n                                \u2264 61 751\u00a0\u20ac                <\/td>\n                                            <td class=\"wpdt-cell wpdt-tc-000000\"\n                                    data-cell-id=\"D4\"\n                data-col-index=\"3\"\n                data-row-index=\"3\"\n                style=\"                padding:10px;\"\n                >\n                                > 61 751\u00a0\u20ac                <\/td>\n                                        <\/tr>\n                            <tr class=\"wpdt-cell-row \" >\n                            <td class=\"wpdt-cell \"\n                                    data-cell-id=\"A5\"\n                data-col-index=\"0\"\n                data-row-index=\"4\"\n                style=\"                padding:10px;\"\n                >\n                                3 enfants                <\/td>\n                                            <td class=\"wpdt-cell wpdt-tc-000000\"\n                                    data-cell-id=\"B5\"\n                data-col-index=\"1\"\n                data-row-index=\"4\"\n                style=\"                padding:10px;\"\n                >\n                                < 31 239\u00a0\u20ac                <\/td>\n                                            <td class=\"wpdt-cell wpdt-tc-000000\"\n                                    data-cell-id=\"C5\"\n                data-col-index=\"2\"\n                data-row-index=\"4\"\n                style=\"                padding:10px;\"\n                >\n                                \u2264 69 427\u00a0\u20ac                <\/td>\n                                            <td class=\"wpdt-cell wpdt-tc-000000\"\n                                    data-cell-id=\"D5\"\n                data-col-index=\"3\"\n                data-row-index=\"4\"\n                style=\"                padding:10px;\"\n                >\n                                > 69 427\u00a0\u20ac                <\/td>\n                                        <\/tr>\n                            <tr class=\"wpdt-cell-row \" >\n                            <td class=\"wpdt-cell \"\n                                    data-cell-id=\"A6\"\n                data-col-index=\"0\"\n                data-row-index=\"5\"\n                style=\"                padding:10px;\"\n                >\n                                Par enfant suppl\u00e9mentaire                <\/td>\n                                            <td class=\"wpdt-cell wpdt-tc-000000\"\n                                    data-cell-id=\"B6\"\n                data-col-index=\"1\"\n                data-row-index=\"5\"\n                style=\"                padding:10px;\"\n                >\n                                + 3 453 \u20ac                <\/td>\n                                            <td class=\"wpdt-cell wpdt-tc-000000\"\n                                    data-cell-id=\"C6\"\n                data-col-index=\"2\"\n                data-row-index=\"5\"\n                style=\"                padding:10px;\"\n                >\n                                + 7 676 \u20ac                <\/td>\n                                            <td class=\"wpdt-cell wpdt-tc-000000\"\n                                    data-cell-id=\"D6\"\n                data-col-index=\"3\"\n                data-row-index=\"5\"\n                style=\"                padding:10px;\"\n                >\n                                + 7 676 \u20ac                <\/td>\n                                        <\/tr>\n                    <\/table>\n<\/div><style id='wpdt-custom-style-256'>\ntable#wpdtSimpleTable-256{ table-layout: fixed !important; }\n.wpdt-bc-F3F9FE { background-color: #F3F9FE !important;}\n.wpdt-bc-FFFFFF { background-color: #FFFFFF !important;}\n.wpdt-tc-000000 { color: #000000 !important;}\n<\/style>\n\n\n<div class=\"wpdt-c row wpDataTableContainerSimpleTable wpDataTables wpDataTablesWrapper\n\"\n    >\n    <table id=\"wpdtSimpleTable-557\"\n           class=\"wpdtSimpleTable wpDataTable\"\n           data-column=\"4\"\n           data-rows=\"5\"\n           data-wpID=\"557\"\n           data-responsive=\"0\"\n           data-has-header=\"0\">\n\n                    <tbody>        <tr class=\"wpdt-cell-row \" >\n                            <td class=\"wpdt-cell wpdt-bc-F3F9FE wpdt-bold wpdt-merged-cell \"\n                 colspan=\"1\"  rowspan=\"2\"                 data-cell-id=\"A1\"\n                data-col-index=\"0\"\n                data-row-index=\"0\"\n                style=\" width:25.6038647343%;                padding:10px;\"\n                >\n                                Nombre d'enfants                <\/td>\n                                            <td class=\"wpdt-cell wpdt-bc-F3F9FE wpdt-bold wpdt-merged-cell \"\n                 colspan=\"3\"  rowspan=\"1\"                 data-cell-id=\"B1\"\n                data-col-index=\"1\"\n                data-row-index=\"0\"\n                style=\" width:71.497584541063%;                padding:10px;\"\n                >\n                                Plafonds de revenus pour un parent seul                <\/td>\n                                                                <\/tr>\n                            <tr class=\"wpdt-cell-row \" >\n                                        <td class=\"wpdt-cell wpdt-bc-FFFFFF wpdt-bold wpdt-align-center\"\n                                    data-cell-id=\"B2\"\n                data-col-index=\"1\"\n                data-row-index=\"1\"\n                style=\"                padding:10px;\"\n                >\n                                Tranche 1                <\/td>\n                                            <td class=\"wpdt-cell wpdt-bc-FFFFFF wpdt-bold\"\n                                    data-cell-id=\"C2\"\n                data-col-index=\"2\"\n                data-row-index=\"1\"\n                style=\"                padding:10px;\"\n                >\n                                Tranche 2                <\/td>\n                                            <td class=\"wpdt-cell wpdt-bold\"\n                                    data-cell-id=\"D2\"\n                data-col-index=\"3\"\n                data-row-index=\"1\"\n                style=\"                padding:10px;\"\n                >\n                                Tranche 3                <\/td>\n                                        <\/tr>\n                            <tr class=\"wpdt-cell-row \" >\n                            <td class=\"wpdt-cell \"\n                                    data-cell-id=\"A3\"\n                data-col-index=\"0\"\n                data-row-index=\"2\"\n                style=\"                padding:10px;\"\n                >\n                                1 enfant                <\/td>\n                                            <td class=\"wpdt-cell wpdt-tc-000000\"\n                                    data-cell-id=\"B3\"\n                data-col-index=\"1\"\n                data-row-index=\"2\"\n                style=\"                padding:10px;\"\n                >\n                                \u00a033 033 \u20ac                <\/td>\n                                            <td class=\"wpdt-cell wpdt-bc-FFFFFF wpdt-tc-000000\"\n                                    data-cell-id=\"C3\"\n                data-col-index=\"2\"\n                data-row-index=\"2\"\n                style=\"                padding:10px;\"\n                >\n                                \u2264 75 705 \u20ac                <\/td>\n                                            <td class=\"wpdt-cell wpdt-tc-000000\"\n                                    data-cell-id=\"D3\"\n                data-col-index=\"3\"\n                data-row-index=\"2\"\n                style=\"                padding:10px;\"\n                >\n                                > 54 075\u00a0\u20ac                <\/td>\n                                        <\/tr>\n                            <tr class=\"wpdt-cell-row \" >\n                            <td class=\"wpdt-cell \"\n                                    data-cell-id=\"A4\"\n                data-col-index=\"0\"\n                data-row-index=\"3\"\n                style=\"                padding:10px;\"\n                >\n                                2 enfants                <\/td>\n                                            <td class=\"wpdt-cell wpdt-tc-000000\"\n                                    data-cell-id=\"B4\"\n                data-col-index=\"1\"\n                data-row-index=\"3\"\n                style=\"                padding:10px;\"\n                >\n                                < 38 900 \u20ac                <\/td>\n                                            <td class=\"wpdt-cell wpdt-bc-FFFFFF wpdt-tc-000000\"\n                                    data-cell-id=\"C4\"\n                data-col-index=\"2\"\n                data-row-index=\"3\"\n                style=\"                padding:10px;\"\n                >\n                                \u2264 86 451 \u20ac                <\/td>\n                                            <td class=\"wpdt-cell wpdt-tc-000000\"\n                                    data-cell-id=\"D4\"\n                data-col-index=\"3\"\n                data-row-index=\"3\"\n                style=\"                padding:10px;\"\n                >\n                                > 61 751\u00a0\u20ac                <\/td>\n                                        <\/tr>\n                            <tr class=\"wpdt-cell-row \" >\n                            <td class=\"wpdt-cell \"\n                                    data-cell-id=\"A5\"\n                data-col-index=\"0\"\n                data-row-index=\"4\"\n                style=\"                padding:10px;\"\n                >\n                                3 enfants                <\/td>\n                                            <td class=\"wpdt-cell wpdt-tc-000000\"\n                                    data-cell-id=\"B5\"\n                data-col-index=\"1\"\n                data-row-index=\"4\"\n                style=\"                padding:10px;\"\n                >\n                                < 43 734 \u20ac                <\/td>\n                                            <td class=\"wpdt-cell wpdt-tc-000000\"\n                                    data-cell-id=\"C5\"\n                data-col-index=\"2\"\n                data-row-index=\"4\"\n                style=\"                padding:10px;\"\n                >\n                                \u2264 97 197 \u20ac                <\/td>\n                                            <td class=\"wpdt-cell wpdt-tc-000000\"\n                                    data-cell-id=\"D5\"\n                data-col-index=\"3\"\n                data-row-index=\"4\"\n                style=\"                padding:10px;\"\n                >\n                                > 69 427\u00a0\u20ac                <\/td>\n                                        <\/tr>\n                    <\/table>\n<\/div><style id='wpdt-custom-style-557'>\ntable#wpdtSimpleTable-557{ table-layout: fixed !important; }\n.wpdt-bc-F3F9FE { background-color: #F3F9FE !important;}\n.wpdt-bc-FFFFFF { background-color: #FFFFFF !important;}\n.wpdt-tc-000000 { color: #000000 !important;}\n<\/style>\n\n<p style=\"text-align: justify;\"><i><span style=\"font-weight: 400;\">Exemple : pour votre montant de CMG en 2026, c\u2019est votre revenu net cat\u00e9goriel de 2024 qui est pris en compte.<\/span><\/i><\/p>\n<h2 style=\"text-align: justify;\">Vous employez directement une aide maternelle ou faites recours \u00e0 une garde \u00e0 domicile<\/h2>\n<p>Suite \u00e0 la r\u00e9forme du CMG, le montant de l&rsquo;aide pour une personne seule ou un couple a \u00e9volu\u00e9. Avant, il \u00e9tait diff\u00e9rent en fonction de l&rsquo;\u00e2ge de votre enfant (notamment si celui-ci avait moins ou plus de 3 ans). Aujourd&rsquo;hui, l&rsquo;\u00e2ge n&rsquo;a plus d&rsquo;impact sur le montant vers\u00e9, mais de nombreux facteurs l&rsquo;influencent directement :<\/p>\n<ul>\n<li>Le montant de vos ressources mensuelles,<\/li>\n<li>Le nombre d\u2019enfants qui sont \u00e0 votre charge,<\/li>\n<li>Le co\u00fbt horaire de la garde choisie (cela comprend : le salaire vers\u00e9, les frais de repas ainsi que les indemnit\u00e9s d\u2019entretien en cas de garde par un(e) assistant(e) maternel(le)),<\/li>\n<li>Le nombre d\u2019heures de garde par mois.<\/li>\n<\/ul>\n<p>D\u00e9sormais, pour <strong>connaitre le montant de votre CMG<\/strong>, vous devez effectuer une simulation en ligne. Le <strong>simulateur Mes Allocs<\/strong> vous permet de savoir avec pr\u00e9cision \u00e0 combien votre aide s&rsquo;\u00e9l\u00e8ve chaque mois. Faites le test !<\/p>\n<div class='cta-block'><div class='text'>Simulez toutes vos Aides Sociales en 2 min. Gratuit.<\/div><a href='https:\/\/www.mes-allocs.fr\/ab-app?origin=guides\/wp-json\/wp\/v2\/posts\/359' class='app-button fit'>Simulation gratuite<\/a><\/div>\n<h2 style=\"text-align: justify;\"><b>Vous passez par un organisme\u00a0<\/b><\/h2>\n<p style=\"text-align: justify;\">\n<div class=\"wpdt-c row wpDataTableContainerSimpleTable wpDataTables wpDataTablesWrapper\n\"\n    >\n    <table id=\"wpdtSimpleTable-677\"\n           class=\"wpdtSimpleTable wpDataTable\"\n           data-column=\"4\"\n           data-rows=\"8\"\n           data-wpID=\"677\"\n           data-responsive=\"0\"\n           data-has-header=\"0\">\n\n                    <tbody>        <tr class=\"wpdt-cell-row \" >\n                            <td class=\"wpdt-cell wpdt-bc-F3F9FE wpdt-bold wpdt-merged-cell \"\n                 colspan=\"1\"  rowspan=\"2\"                 data-cell-id=\"A1\"\n                data-col-index=\"0\"\n                data-row-index=\"0\"\n                style=\" width:25.44%;                padding:10px;\"\n                >\n                                \u00c2ge de l'enfant                <\/td>\n                                            <td class=\"wpdt-cell wpdt-bc-F3F9FE wpdt-bold wpdt-merged-cell \"\n                 colspan=\"3\"  rowspan=\"1\"                 data-cell-id=\"B1\"\n                data-col-index=\"1\"\n                data-row-index=\"0\"\n                style=\" width:72.96%;                padding:10px;\"\n                >\n                                Cr\u00e8che familiale ou structure qui emploie un assistant maternel                <\/td>\n                                                                <\/tr>\n                            <tr class=\"wpdt-cell-row \" >\n                                        <td class=\"wpdt-cell wpdt-bc-FFFFFF wpdt-bold wpdt-wrap-text\"\n                                    data-cell-id=\"B2\"\n                data-col-index=\"1\"\n                data-row-index=\"1\"\n                style=\"                padding:10px;\"\n                >\n                                Tranche 1                <\/td>\n                                            <td class=\"wpdt-cell wpdt-bc-FFFFFF wpdt-bold\"\n                                    data-cell-id=\"C2\"\n                data-col-index=\"2\"\n                data-row-index=\"1\"\n                style=\"                padding:10px;\"\n                >\n                                Tranche 2                <\/td>\n                                            <td class=\"wpdt-cell wpdt-bc-FFFFFF wpdt-bold\"\n                                    data-cell-id=\"D2\"\n                data-col-index=\"3\"\n                data-row-index=\"1\"\n                style=\"                padding:10px;\"\n                >\n                                Tranche 3                <\/td>\n                                        <\/tr>\n                            <tr class=\"wpdt-cell-row \" >\n                            <td class=\"wpdt-cell \"\n                                    data-cell-id=\"A3\"\n                data-col-index=\"0\"\n                data-row-index=\"2\"\n                style=\"                padding:10px;\"\n                >\n                                Moins de 3 ans                <\/td>\n                                            <td class=\"wpdt-cell \"\n                                    data-cell-id=\"B3\"\n                data-col-index=\"1\"\n                data-row-index=\"2\"\n                style=\"                padding:10px;\"\n                >\n                                814,53 \u20ac                <\/td>\n                                            <td class=\"wpdt-cell \"\n                                    data-cell-id=\"C3\"\n                data-col-index=\"2\"\n                data-row-index=\"2\"\n                style=\"                padding:10px;\"\n                >\n                                678,78 \u20ac                <\/td>\n                                            <td class=\"wpdt-cell \"\n                                    data-cell-id=\"D3\"\n                data-col-index=\"3\"\n                data-row-index=\"2\"\n                style=\"                padding:10px;\"\n                >\n                                543,04 \u20ac                <\/td>\n                                        <\/tr>\n                            <tr class=\"wpdt-cell-row \" >\n                            <td class=\"wpdt-cell \"\n                                    data-cell-id=\"A4\"\n                data-col-index=\"0\"\n                data-row-index=\"3\"\n                style=\"                padding:10px;\"\n                >\n                                Entre 3 et 6 ans                <\/td>\n                                            <td class=\"wpdt-cell \"\n                                    data-cell-id=\"B4\"\n                data-col-index=\"1\"\n                data-row-index=\"3\"\n                style=\"                padding:10px;\"\n                >\n                                407,27 \u20ac                <\/td>\n                                            <td class=\"wpdt-cell \"\n                                    data-cell-id=\"C4\"\n                data-col-index=\"2\"\n                data-row-index=\"3\"\n                style=\"                padding:10px;\"\n                >\n                                339,40 \u20ac                <\/td>\n                                            <td class=\"wpdt-cell wpdt-bc-FFFFFF wpdt-tc-000000\"\n                                    data-cell-id=\"D4\"\n                data-col-index=\"3\"\n                data-row-index=\"3\"\n                style=\"                padding:10px;\"\n                >\n                                271,52 \u20ac                <\/td>\n                                        <\/tr>\n                            <tr class=\"wpdt-cell-row \" >\n                            <td class=\"wpdt-cell wpdt-bc-F3F9FE wpdt-bold wpdt-merged-cell \"\n                 colspan=\"1\"  rowspan=\"2\"                 data-cell-id=\"A5\"\n                data-col-index=\"0\"\n                data-row-index=\"4\"\n                style=\"                padding:10px;\"\n                >\n                                \u00c2ge de l'enfant                <\/td>\n                                            <td class=\"wpdt-cell wpdt-bc-F3F9FE wpdt-bold wpdt-wrap-text wpdt-merged-cell \"\n                 colspan=\"3\"  rowspan=\"1\"                 data-cell-id=\"B5\"\n                data-col-index=\"1\"\n                data-row-index=\"4\"\n                style=\"                padding:10px;\"\n                >\n                                Micro-cr\u00e8che ou structure qui emploie une personne \u00e0 domicile                <\/td>\n                                                                <\/tr>\n                            <tr class=\"wpdt-cell-row \" >\n                                        <td class=\"wpdt-cell wpdt-bc-FFFFFF wpdt-bold wpdt-wrap-text\"\n                                    data-cell-id=\"B6\"\n                data-col-index=\"1\"\n                data-row-index=\"5\"\n                style=\"                padding:10px;\"\n                >\n                                Tranche 1                <\/td>\n                                            <td class=\"wpdt-cell wpdt-bc-FFFFFF wpdt-bold\"\n                                    data-cell-id=\"C6\"\n                data-col-index=\"2\"\n                data-row-index=\"5\"\n                style=\"                padding:10px;\"\n                >\n                                Tranche 2                <\/td>\n                                            <td class=\"wpdt-cell wpdt-bc-FFFFFF wpdt-bold\"\n                                    data-cell-id=\"D6\"\n                data-col-index=\"3\"\n                data-row-index=\"5\"\n                style=\"                padding:10px;\"\n                >\n                                Tranche 3                <\/td>\n                                        <\/tr>\n                            <tr class=\"wpdt-cell-row \" >\n                            <td class=\"wpdt-cell \"\n                                    data-cell-id=\"A7\"\n                data-col-index=\"0\"\n                data-row-index=\"6\"\n                style=\"                padding:10px;\"\n                >\n                                Moins de 3 ans                <\/td>\n                                            <td class=\"wpdt-cell \"\n                                    data-cell-id=\"B7\"\n                data-col-index=\"1\"\n                data-row-index=\"6\"\n                style=\"                padding:10px;\"\n                >\n                                984,26 \u20ac                <\/td>\n                                            <td class=\"wpdt-cell \"\n                                    data-cell-id=\"C7\"\n                data-col-index=\"2\"\n                data-row-index=\"6\"\n                style=\"                padding:10px;\"\n                >\n                                848,47 \u20ac                <\/td>\n                                            <td class=\"wpdt-cell \"\n                                    data-cell-id=\"D7\"\n                data-col-index=\"3\"\n                data-row-index=\"6\"\n                style=\"                padding:10px;\"\n                >\n                                712,72 \u20ac                <\/td>\n                                        <\/tr>\n                            <tr class=\"wpdt-cell-row \" >\n                            <td class=\"wpdt-cell \"\n                                    data-cell-id=\"A8\"\n                data-col-index=\"0\"\n                data-row-index=\"7\"\n                style=\"                padding:10px;\"\n                >\n                                Entre 3 et 6 ans                <\/td>\n                                            <td class=\"wpdt-cell \"\n                                    data-cell-id=\"B8\"\n                data-col-index=\"1\"\n                data-row-index=\"7\"\n                style=\"                padding:10px;\"\n                >\n                                492,13 \u20ac                <\/td>\n                                            <td class=\"wpdt-cell \"\n                                    data-cell-id=\"C8\"\n                data-col-index=\"2\"\n                data-row-index=\"7\"\n                style=\"                padding:10px;\"\n                >\n                                424,24 \u20ac                <\/td>\n                                            <td class=\"wpdt-cell \"\n                                    data-cell-id=\"D8\"\n                data-col-index=\"3\"\n                data-row-index=\"7\"\n                style=\"                padding:10px;\"\n                >\n                                356,36 \u20ac                <\/td>\n                                        <\/tr>\n                    <\/table>\n<\/div><style id='wpdt-custom-style-677'>\ntable#wpdtSimpleTable-677{ table-layout: fixed !important; }\n.wpdt-bc-F3F9FE { background-color: #F3F9FE !important;}\n.wpdt-bc-FFFFFF { background-color: #FFFFFF !important;}\n.wpdt-tc-000000 { color: #000000 !important;}\n<\/style>\n<\/p>\n<p style=\"text-align: justify;\"><strong>\u00a0Ces plafonds sont major\u00e9s de 40 % si vous \u00e9levez seul\u00a0votre ou vos enfants.<\/strong><\/p>\n<h1 style=\"text-align: justify;\"><b>Majoration du montant de votre CMG<\/b><\/h1>\n<p style=\"text-align: justify;\"><span style=\"font-weight: 400;\">\u00a0<\/span><span style=\"font-weight: 400;\">Le montant de votre CMG peut \u00eatre augment\u00e9 dans les situations suivantes.\u00a0<\/span><\/p>\n<div class='cta-block'><div class='text'>Simulez vos aides en 2 min. Gratuit.<\/div><a href='https:\/\/www.mes-allocs.fr\/ab-app?origin=guides\/wp-json\/wp\/v2\/posts\/359' class='app-button fit'>Simulation gratuite<\/a><\/div>\n<h2 style=\"text-align: justify;\"><b>Si vous travaillez \u00e0 temps partiel<\/b><\/h2>\n<p style=\"text-align: justify;\"><span style=\"font-weight: 400;\">Si vous travaillez \u00e0 temps partiel, vous pouvez cumuler le Compl\u00e9ment de libre choix du Mode de Garde et la <\/span><a href=\"https:\/\/www.mes-allocs.fr\/guides\/allocations-familiales\/prepare-caf\"><span style=\"font-weight: 400;\">PreParE<\/span><\/a><span style=\"font-weight: 400;\">.<\/span><\/p>\n<p style=\"text-align: justify;\"><span style=\"font-weight: 400;\">Attention, si votre temps de travail est r\u00e9duit de moiti\u00e9 ou plus par rapport \u00e0 votre temps de travail habituel, le montant de votre CMG est divis\u00e9 par 2.<\/span><\/p>\n<h2 style=\"text-align: justify;\"><b>Si vous faites garder votre enfant sur des horaires sp\u00e9cifiques<\/b><\/h2>\n<p style=\"text-align: justify;\"><span style=\"font-weight: 400;\">On appelle horaires sp\u00e9cifiques les horaires suivants :<\/span><\/p>\n<ul style=\"text-align: justify;\">\n<li style=\"font-weight: 400;\"><span style=\"font-weight: 400;\">Du lundi au vendredi : de 22h \u00e0 6h<\/span><\/li>\n<li style=\"font-weight: 400;\"><span style=\"font-weight: 400;\">Le dimanche et les jours f\u00e9ri\u00e9s<\/span><\/li>\n<\/ul>\n<p style=\"text-align: justify;\"><span style=\"font-weight: 400;\">Si vous faites garder votre enfant au moins 25h par mois sur ces horaires sp\u00e9cifiques, et que vous travaillez pendant ces horaires (si vous vivez en couple, les deux membres du couple doivent travailler sur cette p\u00e9riode), vous pouvez b\u00e9n\u00e9ficier d\u2019une majoration de votre CMG.<\/span><\/p>\n<p style=\"text-align: justify;\"><span style=\"font-weight: 400;\">La majoration prend la forme d\u2019une augmentation de 10% des plafonds de prise en charge.<\/span><\/p>\n<h2 style=\"text-align: justify;\"><b>Si vous \u00eates parent handicap\u00e9<\/b><\/h2>\n<p style=\"text-align: justify;\"><span style=\"font-weight: 400;\">Si vous \u00eates b\u00e9n\u00e9ficiaire de l\u2019AAH, vous pouvez \u00e9galement percevoir le Compl\u00e9ment de libre choix du Mode de Garde. Votre montant de CMG est major\u00e9 de 30 %.<\/span><\/p>\n<h1 style=\"text-align: justify;\"><b>Comment demander le CMG ?<\/b><\/h1>\n<p style=\"text-align: justify;\"><span style=\"font-weight: 400;\">Vous devez remplir un formulaire aupr\u00e8s de la CAF ou de la MSA, et fournir les pi\u00e8ces justificatives en cons\u00e9quence.<\/span><\/p>\n<p style=\"text-align: justify;\"><span style=\"font-weight: 400;\">Pas de panique, nous avons une solution bien plus simple et bien plus rapide : <\/span><a href=\"https:\/\/www.mes-allocs.fr\/signature\"><span style=\"font-weight: 400;\">on se charge de tout \u00e0 votre place !<\/span><\/a><\/p>\n<div class='cta-block'><div class='text'>Simulez vos aides en 2 min. Gratuit.<\/div><a href='https:\/\/www.mes-allocs.fr\/ab-app?origin=guides\/wp-json\/wp\/v2\/posts\/359' class='app-button fit'>Simulation gratuite<\/a><\/div>\n<p style=\"text-align: justify;\"><span style=\"font-weight: 400;\">\u00a0<\/span><\/p>\n<p style=\"text-align: justify;\"><span style=\"font-weight: 400;\"><iframe loading=\"lazy\" src=\"\/\/www.youtube.com\/embed\/Sy7xLvwtkxE\" width=\"560\" height=\"315\" frameborder=\"0\" allowfullscreen=\"allowfullscreen\"><\/iframe>\u00a0<\/span><\/p>\n<p>&nbsp;<\/p>\n<h1 style=\"text-align: justify;\"><b>Versement de votre CMG<\/b><\/h1>\n<p style=\"text-align: justify;\"><span style=\"font-weight: 400;\">Vous percevrez votre premier versement le mois de votre demande, si celle-ci est accept\u00e9e. Le versement du CMG prendra fin le mois au cours duquel vous ne remplirez plus les conditions pour en b\u00e9n\u00e9ficier. <\/span><span style=\"font-weight: 400;\">Vous percevez un compl\u00e9ment pour chaque enfant gard\u00e9.<\/span><\/p>\n<p style=\"text-align: justify;\">Vous avez maintenant le statut d&#8217;employeur. Par cons\u00e9quent, vous devez vous inscrire aupr\u00e8s de Pajemploi pour d\u00e9clarer les salaires vers\u00e9s \u00e0 votre salari\u00e9(e).<\/p>\n<div class=\"fiche-item-demarche bloc-ressource\">\n<div class=\"demarche-title\">\n<p style=\"text-align: justify;\">Vous devez d\u00e9clarer chaque mois la r\u00e9mun\u00e9ration de votre salari\u00e9(e) pour percevoir le remboursement du CMG. Il revient au centre Pajemploi de calculer et vous verser le montant du CMG. Il vous indique la somme qui reste \u00e9ventuellement \u00e0 votre charge.<\/p>\n<p style=\"text-align: justify;\">Vous pouvez aussi choisir d&rsquo;utiliser le service Pajemploi+ sur votre espace personnel. Ainsi, 2 jours apr\u00e8s la d\u00e9claration de salaire de votre assistante maternelle, le centre national Pajemploi pr\u00e9l\u00e8vera le salaire sur votre compte bancaire. Il d\u00e9duira en amont le montant du CMG.<\/p>\n<p>3 jours apr\u00e8s la d\u00e9claration, il reverse le salaire sur le compte bancaire de l&rsquo;assistante maternelle.<\/p>\n<h1>Changement de situation<\/h1>\n<p>Vous devez d\u00e9clarer tout changement de situation dans votre vie :<\/p>\n<ul>\n<li>Les changements de situation familiale (en d\u00e9clarant votre nouvelle situation \u00e0 la CAF ou \u00e0 la MSA) ;<\/li>\n<li>Les changements de domicile (en utilisant l&rsquo;outil de changement d&rsquo;adresse en ligne).<\/li>\n<\/ul>\n<\/div>\n<\/div>\n<div class='cta-block'><div class='text'>Simulez vos aides en 2 min. Gratuit.<\/div><a href='https:\/\/www.mes-allocs.fr\/ab-app?origin=guides\/wp-json\/wp\/v2\/posts\/359' class='app-button fit'>Simulation gratuite<\/a><\/div>\n<h1 style=\"text-align: justify;\"><b>Avec quelles autres aides pouvez-vous cumuler le CMG ?<\/b><\/h1>\n<p style=\"text-align: justify;\"><span style=\"font-weight: 400;\">Vous pouvez cumuler le dispositif VACAF avec de nombreuses autres aides, en rapport avec la naissance d\u2019un enfant ou non, comme :\u00a0<\/span><\/p>\n<ul style=\"text-align: justify;\">\n<li style=\"font-weight: 400;\"><span style=\"font-weight: 400;\">Les <\/span><b>allocations familiales<\/b><span style=\"font-weight: 400;\">, si vous les percevez. Vous pouvez consulter notre <\/span><a href=\"https:\/\/www.mes-allocs.fr\/guides\/allocations-familiales\/simulation-allocations-familiales\"><span style=\"font-weight: 400;\">simulateur<\/span><\/a><span style=\"font-weight: 400;\">, mais \u00e9galement vous renseignez sur leurs <\/span><a href=\"https:\/\/www.mes-allocs.fr\/guides\/allocations-familiales\/montant-allocations-familiales\/montant-allocations-familiales\"><span style=\"font-weight: 400;\">montants <\/span><\/a><span style=\"font-weight: 400;\">et leurs <\/span><a href=\"https:\/\/www.mes-allocs.fr\/guides\/allocations-familiales\/allocations-familiales-modulees\"><span style=\"font-weight: 400;\">modulations<\/span><\/a><span style=\"font-weight: 400;\">.<\/span><\/li>\n<li style=\"font-weight: 400;\"><span style=\"font-weight: 400;\">Le <\/span><a href=\"https:\/\/www.mes-allocs.fr\/guides\/allocations-familiales\/complement-familial\"><span style=\"font-weight: 400;\">compl\u00e9ment familial<\/span><\/a><\/li>\n<li style=\"font-weight: 400;\"><span style=\"font-weight: 400;\">L\u2019<\/span><a href=\"https:\/\/www.mes-allocs.fr\/guides\/allocations-familiales\/simulation-allocations-familiales\"><span style=\"font-weight: 400;\">allocation de soutien familial<\/span><\/a><\/li>\n<li style=\"font-weight: 400;\"><span style=\"font-weight: 400;\">Le <\/span><a href=\"https:\/\/www.mes-allocs.fr\/guides\/allocations-familiales\/complement-de-libre-choix-du-mode-de-garde\"><span style=\"font-weight: 400;\">Compl\u00e9ment de libre choix du Mode de Garde <\/span><\/a><span style=\"font-weight: 400;\">(CMG)<\/span><\/li>\n<li style=\"font-weight: 400;\"><span style=\"font-weight: 400;\">Un <\/span><a href=\"https:\/\/www.mes-allocs.fr\/guides\/allocations-familiales\/conge-paternite\"><span style=\"font-weight: 400;\">cong\u00e9 paternit\u00e9<\/span><\/a><\/li>\n<li style=\"font-weight: 400;\"><span style=\"font-weight: 400;\">Un cong\u00e9 maternit\u00e9 pour <\/span><a href=\"https:\/\/www.mes-allocs.fr\/guides\/allocations-familiales\/conge-maternite-secteur-prive\"><span style=\"font-weight: 400;\">secteur priv\u00e9<\/span><\/a><span style=\"font-weight: 400;\"> ou <\/span><a href=\"https:\/\/www.mes-allocs.fr\/guides\/allocations-familiales\/conge-maternite-secteur-public\"><span style=\"font-weight: 400;\">secteur public<\/span><\/a><\/li>\n<li style=\"font-weight: 400;\"><span style=\"font-weight: 400;\">La <\/span><a href=\"https:\/\/www.mes-allocs.fr\/guides\/allocations-familiales\/prime-de-naissance\"><span style=\"font-weight: 400;\">prime de naissance<\/span><\/a><\/li>\n<li style=\"font-weight: 400;\"><span style=\"font-weight: 400;\">Le dispositif <\/span><a href=\"https:\/\/www.mes-allocs.fr\/guides\/allocations-familiales\/vacaf\"><span style=\"font-weight: 400;\">VACAF<\/span><\/a><\/li>\n<\/ul>\n","protected":false},"excerpt":{"rendered":"<p>[Mis \u00e0 jour le 23\/01\/2026] Faire garder votre enfant peut vous revenir tr\u00e8s cher\u2026 Heureusement, le CMG est l\u00e0 pour vous aider pour le co\u00fbt de la garde ! Le compl\u00e9ment de libre choix du Mode de Garde (CMG) est une subvention du large dispositif qu\u2019est la Prestation d\u2019Accueil du Jeune Enfant (PAJE). Ce dernier [&hellip;]<\/p>\n","protected":false},"author":9,"featured_media":862,"comment_status":"open","ping_status":"open","sticky":false,"template":"","format":"standard","meta":{"amp_status":"","footnotes":""},"categories":[10,11],"tags":[],"class_list":["post-359","post","type-post","status-publish","format-standard","has-post-thumbnail","hentry","category-allocations-familiales","category-paje"],"yoast_head":"<!-- This site is optimized with the Yoast SEO plugin v14.9 - https:\/\/yoast.com\/wordpress\/plugins\/seo\/ -->\n<title>Compl\u00e9ment de Libre Choix du Mode de Garde (CMG) en 2026<\/title>\n<meta name=\"description\" content=\"Comprendre les d\u00e9marches, conditions, calcul et montants du Compl\u00e9ment de Libre Choix du Mode de Garde. Simulation gratuite sur Mes Allocs.\" \/>\n<meta name=\"robots\" content=\"index, follow, max-snippet:-1, max-image-preview:large, max-video-preview:-1\" \/>\n<link rel=\"canonical\" href=\"https:\/\/www.mes-allocs.fr\/guides\/allocations-familiales\/paje\/complement-libre-choix-mode-de-garde\/\" \/>\n<meta property=\"og:locale\" content=\"fr_FR\" \/>\n<meta property=\"og:type\" content=\"article\" \/>\n<meta property=\"og:title\" content=\"Compl\u00e9ment de Libre Choix du Mode de Garde (CMG) en 2026\" \/>\n<meta property=\"og:description\" content=\"Comprendre les d\u00e9marches, conditions, calcul et montants du Compl\u00e9ment de Libre Choix du Mode de Garde. Simulation gratuite sur Mes Allocs.\" \/>\n<meta property=\"og:url\" content=\"https:\/\/www.mes-allocs.fr\/guides\/allocations-familiales\/paje\/complement-libre-choix-mode-de-garde\/\" \/>\n<meta property=\"og:site_name\" content=\"Mes-Allocs.fr\" \/>\n<meta property=\"article:published_time\" content=\"2019-07-15T12:19:36+00:00\" \/>\n<meta property=\"article:modified_time\" content=\"2026-01-23T17:32:32+00:00\" \/>\n<meta property=\"og:image\" content=\"https:\/\/www.mes-allocs.fr\/guides\/wp-content\/uploads\/2019\/07\/image-22-1.jpg?wsr\" \/>\n\t<meta property=\"og:image:width\" content=\"1024\" \/>\n\t<meta property=\"og:image:height\" content=\"682\" \/>\n<meta name=\"twitter:card\" content=\"summary_large_image\" \/>\n<script type=\"application\/ld+json\" class=\"yoast-schema-graph\">{\"@context\":\"https:\/\/schema.org\",\"@graph\":[{\"@type\":\"WebSite\",\"@id\":\"https:\/\/www.mes-allocs.fr\/guides\/#website\",\"url\":\"https:\/\/www.mes-allocs.fr\/guides\/\",\"name\":\"Mes-Allocs.fr\",\"description\":\"\",\"potentialAction\":[{\"@type\":\"SearchAction\",\"target\":\"https:\/\/www.mes-allocs.fr\/guides\/?s={search_term_string}\",\"query-input\":\"required name=search_term_string\"}],\"inLanguage\":\"fr-FR\"},{\"@type\":\"ImageObject\",\"@id\":\"https:\/\/www.mes-allocs.fr\/guides\/allocations-familiales\/paje\/complement-libre-choix-mode-de-garde\/#primaryimage\",\"inLanguage\":\"fr-FR\",\"url\":\"https:\/\/www.mes-allocs.fr\/guides\/wp-content\/uploads\/2019\/07\/image-22-1.jpg?wsr\",\"width\":1024,\"height\":682,\"caption\":\"image 22 1\"},{\"@type\":\"WebPage\",\"@id\":\"https:\/\/www.mes-allocs.fr\/guides\/allocations-familiales\/paje\/complement-libre-choix-mode-de-garde\/#webpage\",\"url\":\"https:\/\/www.mes-allocs.fr\/guides\/allocations-familiales\/paje\/complement-libre-choix-mode-de-garde\/\",\"name\":\"Compl\\u00e9ment de Libre Choix du Mode de Garde (CMG) en 2026\",\"isPartOf\":{\"@id\":\"https:\/\/www.mes-allocs.fr\/guides\/#website\"},\"primaryImageOfPage\":{\"@id\":\"https:\/\/www.mes-allocs.fr\/guides\/allocations-familiales\/paje\/complement-libre-choix-mode-de-garde\/#primaryimage\"},\"datePublished\":\"2019-07-15T12:19:36+00:00\",\"dateModified\":\"2026-01-23T17:32:32+00:00\",\"author\":{\"@id\":\"https:\/\/www.mes-allocs.fr\/guides\/#\/schema\/person\/e4e762c89158b34a332446d26f02fd56\"},\"description\":\"Comprendre les d\\u00e9marches, conditions, calcul et montants du Compl\\u00e9ment de Libre Choix du Mode de Garde. Simulation gratuite sur Mes Allocs.\",\"inLanguage\":\"fr-FR\"},{\"@type\":\"Person\",\"@id\":\"https:\/\/www.mes-allocs.fr\/guides\/#\/schema\/person\/e4e762c89158b34a332446d26f02fd56\",\"name\":\"Marylou\",\"image\":{\"@type\":\"ImageObject\",\"@id\":\"https:\/\/www.mes-allocs.fr\/guides\/#personlogo\",\"inLanguage\":\"fr-FR\",\"url\":\"https:\/\/www.mes-allocs.fr\/guides\/wp-content\/uploads\/2021\/06\/marylou-150x150.png\",\"caption\":\"Marylou\"},\"description\":\"Marylou est r\\u00e9dactrice au sein de l'\\u00e9quipe Mes Allocs, sp\\u00e9cialiste des sujets de soci\\u00e9t\\u00e9 en g\\u00e9n\\u00e9ral. Dipl\\u00f4m\\u00e9e de l'Institut Sup\\u00e9rieur de Formation au Journalisme, elle rejoint Mes Allocs apr\\u00e8s cr\\u00e9\\u00e9 son premier blog personnel.\",\"sameAs\":[\"https:\/\/www.linkedin.com\/in\/marylou-pr\\u00e9vost\"]}]}<\/script>\n<!-- \/ Yoast SEO plugin. -->","amp_validity":null,"acf":{"faq":{"1":{"question":"Qu'est ce que le Compl\u00e9ment de libre choix du Mode de Garde (CMG) ?","answer":"Le Compl\u00e9ment de libre choix du mode de garde (CMG) est une aide financi\u00e8re, vers\u00e9e par la CAF ou la MSA, qui prend en charge une partie de la r\u00e9mun\u00e9ration d'une assistante maternelle agr\u00e9\u00e9e ou d'une garde \u00e0 domicile."},"2":{"question":"Quelles sont les conditions li\u00e9es au Compl\u00e9ment de libre choix du Mode de Garde (CMG) ?","answer":"Les conditions li\u00e9es au Compl\u00e9ment de libre choix du Mode de Garde (CMG) peuvent varier en fonction de votre activit\u00e9. La m\u00e9thode rapide pour conna\u00eetre votre \u00e9ligibilit\u00e9 est de faire <a href=\"https:\/\/www.mes-allocs.fr\/simulation-aides\">la simulation gratuite<\/a> directement sur le site de Mes Allocs. "},"3":{"question":"Comment demander le Compl\u00e9ment de libre choix du Mode de Garde (CMG) ?","answer":"Vous devez remplir un formulaire et fournir certaines pi\u00e8ces justificatives \u00e0 la Caisse d\u2019Allocations Familiales (CAF) ou \u00e0 la Mutualit\u00e9 Sociale Agricole (MSA). Vous pouvez aussi demander \u00e0 Mes Allocs de faire <a href=\"https:\/\/www.mes-allocs.fr\/signature\">toutes les d\u00e9marches administratives<\/a> \u00e0 votre place."},"4":{"question":"Comment faire une simulation Compl\u00e9ment de libre choix du Mode de Garde (CMG) ?","answer":"Le plus simple pour savoir si vous \u00eates \u00e9ligible \u00e0 l'allocation compl\u00e9ment de libre choix du mode de garde en fonction de vos revenus et de votre situation familiale, est de faire <a href=\"https:\/\/www.mes-allocs.fr\/simulation-aides\">la simulation gratuite<\/a> de Mes Allocs."},"5":{"question":"Quand d\u00e9bute le paiement du compl\u00e9ment de libre choix d'activit\u00e9 ?","answer":"Si vous accueillez votre premier enfant, le compl\u00e9ment de libre choix d'activit\u00e9 peut \u00eatre vers\u00e9 pendant 6 mois apr\u00e8s votre cong\u00e9 maternit\u00e9 ou paternit\u00e9. Pour les enfants suivants,"},"6":{"question":"Qu'est-ce que le CMG de la Paje ?","answer":"Le Compl\u00e9ment de libre choix du mode de garde (CMG) est une aide financi\u00e8re, vers\u00e9e par la CAF ou la MSA, qui prend en charge une partie de la r\u00e9mun\u00e9ration d'une assistante maternelle agr\u00e9\u00e9e ou d'une garde \u00e0 domicile."},"7":{"question":"","answer":""},"8":{"question":"","answer":""},"9":{"question":"","answer":""},"10":{"question":"","answer":""},"11":{"question":"","answer":""},"12":{"question":"","answer":""},"13":{"question":"","answer":""},"14":{"question":"","answer":""},"15":{"question":"","answer":""},"16":{"question":"","answer":""}}},"_links":{"self":[{"href":"https:\/\/www.mes-allocs.fr\/guides\/wp-json\/wp\/v2\/posts\/359","targetHints":{"allow":["GET"]}}],"collection":[{"href":"https:\/\/www.mes-allocs.fr\/guides\/wp-json\/wp\/v2\/posts"}],"about":[{"href":"https:\/\/www.mes-allocs.fr\/guides\/wp-json\/wp\/v2\/types\/post"}],"author":[{"embeddable":true,"href":"https:\/\/www.mes-allocs.fr\/guides\/wp-json\/wp\/v2\/users\/9"}],"replies":[{"embeddable":true,"href":"https:\/\/www.mes-allocs.fr\/guides\/wp-json\/wp\/v2\/comments?post=359"}],"version-history":[{"count":36,"href":"https:\/\/www.mes-allocs.fr\/guides\/wp-json\/wp\/v2\/posts\/359\/revisions"}],"predecessor-version":[{"id":108377,"href":"https:\/\/www.mes-allocs.fr\/guides\/wp-json\/wp\/v2\/posts\/359\/revisions\/108377"}],"wp:featuredmedia":[{"embeddable":true,"href":"https:\/\/www.mes-allocs.fr\/guides\/wp-json\/wp\/v2\/media\/862"}],"wp:attachment":[{"href":"https:\/\/www.mes-allocs.fr\/guides\/wp-json\/wp\/v2\/media?parent=359"}],"wp:term":[{"taxonomy":"category","embeddable":true,"href":"https:\/\/www.mes-allocs.fr\/guides\/wp-json\/wp\/v2\/categories?post=359"},{"taxonomy":"post_tag","embeddable":true,"href":"https:\/\/www.mes-allocs.fr\/guides\/wp-json\/wp\/v2\/tags?post=359"}],"curies":[{"name":"wp","href":"https:\/\/api.w.org\/{rel}","templated":true}]}}