{"id":35802,"date":"2021-09-19T13:41:52","date_gmt":"2021-09-19T11:41:52","guid":{"rendered":"https:\/\/www.mes-allocs.fr\/guides\/?p=35802"},"modified":"2025-03-18T16:01:17","modified_gmt":"2025-03-18T14:01:17","slug":"conge-maternite-france","status":"publish","type":"post","link":"https:\/\/www.mes-allocs.fr\/guides\/allocations-familiales\/conge-maternite\/conge-maternite-france\/","title":{"rendered":"Tout savoir sur le cong\u00e9 maternit\u00e9 en France"},"content":{"rendered":"<p><img loading=\"lazy\" decoding=\"async\" class=\"alignnone wp-image-37201 size-large\" title=\"conge maternite france\" src=\"https:\/\/www.mes-allocs.fr\/guides\/wp-content\/uploads\/2021\/09\/conge-maternite-france-e1686728112900-1024x105.jpg\" alt=\"conge maternite france\" width=\"1024\" height=\"105\" srcset=\"https:\/\/www.mes-allocs.fr\/guides\/wp-content\/uploads\/2021\/09\/conge-maternite-france-e1686728112900-1024x105.jpg 1024w, https:\/\/www.mes-allocs.fr\/guides\/wp-content\/uploads\/2021\/09\/conge-maternite-france-e1686728112900-300x31.jpg 300w, https:\/\/www.mes-allocs.fr\/guides\/wp-content\/uploads\/2021\/09\/conge-maternite-france-e1686728112900-768x79.jpg 768w, https:\/\/www.mes-allocs.fr\/guides\/wp-content\/uploads\/2021\/09\/conge-maternite-france-e1686728112900-600x61.jpg 600w, https:\/\/www.mes-allocs.fr\/guides\/wp-content\/uploads\/2021\/09\/conge-maternite-france-e1686728112900.jpg 1280w\" sizes=\"auto, (max-width: 1024px) 100vw, 1024px\" \/><\/p>\n<p style=\"text-align: justify;\">En France, le cong\u00e9 de maternit\u00e9 est d\u00e9fini par le code de la s\u00e9curit\u00e9 sociale. C&rsquo;est un cong\u00e9 parental accord\u00e9e aux femmes salair\u00e9es en cas de naissance d&rsquo;un enfant, et qui peut \u00eatre indemnis\u00e9 par une <a href=\"https:\/\/www.mes-allocs.fr\/guides\/allocations-familiales\">allocation familiale<\/a>. L&rsquo;\u00e9quipe de mes-allocs.fr vous dit tout sur les conditions, le montant ainsi que la dur\u00e9e du cong\u00e9 maternit\u00e9.<\/p>\n<p><span style=\"font-weight: 400;\"><div class='cta-block'><div class='text'>Simulez vos aides en 2 min.<\/div><a href='' class='app-button fit'>Simulation gratuite<\/a><\/div><\/span><\/p>\n<h1>Comment d\u00e9finit-on le cong\u00e9 maternit\u00e9 ? <img loading=\"lazy\" decoding=\"async\" class=\"alignright wp-image-37204 size-medium\" title=\"Comment definit on le conge maternite\" src=\"https:\/\/www.mes-allocs.fr\/guides\/wp-content\/uploads\/2021\/09\/Comment-definit-on-le-conge-maternite--300x200.jpg\" alt=\"conge maternite france\" width=\"300\" height=\"200\" srcset=\"https:\/\/www.mes-allocs.fr\/guides\/wp-content\/uploads\/2021\/09\/Comment-definit-on-le-conge-maternite--300x200.jpg 300w, https:\/\/www.mes-allocs.fr\/guides\/wp-content\/uploads\/2021\/09\/Comment-definit-on-le-conge-maternite--1024x682.jpg 1024w, https:\/\/www.mes-allocs.fr\/guides\/wp-content\/uploads\/2021\/09\/Comment-definit-on-le-conge-maternite--768x512.jpg 768w, https:\/\/www.mes-allocs.fr\/guides\/wp-content\/uploads\/2021\/09\/Comment-definit-on-le-conge-maternite--600x400.jpg 600w, https:\/\/www.mes-allocs.fr\/guides\/wp-content\/uploads\/2021\/09\/Comment-definit-on-le-conge-maternite-.jpg 1280w\" sizes=\"auto, (max-width: 300px) 100vw, 300px\" \/><\/h1>\n<p style=\"text-align: justify;\"><a href=\"https:\/\/www.mes-allocs.fr\/guides\/allocations-familiales\/conge-maternite-secteur-public\">Le cong\u00e9 maternit\u00e9<\/a> est une p\u00e9riode pendant laquelle les femmes enceintes salari\u00e9es ont la possibilit\u00e9 de cesser leur activit\u00e9 professionnelle. Vous pouvez b\u00e9n\u00e9ficier de ce cong\u00e9 de maternit\u00e9 durant la p\u00e9riode qui se situe autour de la date pr\u00e9sum\u00e9e de votre accouchement. Son r\u00e9gime est distinct d&rsquo;un simple arr\u00eat de travail, puisque ce n&rsquo;est ps un cong\u00e9 pathologique.<\/p>\n<p>La dur\u00e9e du cong\u00e9 maternit\u00e9 varie selon le nombre d\u2019enfants que vous avez \u00e0 charge et que vous attendez. Le cong\u00e9 est compos\u00e9 de la p\u00e9riode de cong\u00e9 pr\u00e9natal et la p\u00e9riode de cog\u00e9 postnatal.<\/p>\n<p>Il existe \u00e9galement un cong\u00e9 de paternit\u00e9 et d&rsquo;accueil de l&rsquo;enfant pour le p\u00e8re.<\/p>\n<h2>Les conditions pour avoir droit au cong\u00e9 maternit\u00e9<\/h2>\n<p>Contrairement aux cong\u00e9s pay\u00e9s classiques, le cong\u00e9-maternit\u00e9 n&rsquo;est soumis \u00e0 aucune condition. Pour y avoir droit, il vous suffit simplement d&rsquo;\u00eatre enceinte.<\/p>\n<h2>La demande du cong\u00e9 maternit\u00e9<\/h2>\n<p>Pour avoir droit au cong\u00e9 maternit\u00e9, il vous faut au pr\u00e9alable informer votre employeur du 1er jour \u00e0 partir duquel votre cong\u00e9 maternit\u00e9 va d\u00e9buter, ainsi que sa date de fin. La proc\u00e9dure est simple ; vous devez le pr\u00e9venir en lui envoyant un courrier en recommand\u00e9. Celui-ci doit obligatoirement contenir les documents suivants :<\/p>\n<ul>\n<li>certificat m\u00e9dical d\u00e9livr\u00e9 par un m\u00e9decin<\/li>\n<li>dates du d\u00e9but et de fin de votre cong\u00e9 de maternit\u00e9<\/li>\n<li>une lettre qui pr\u00e9cise la date potentielle de votre accouchement.<\/li>\n<\/ul>\n<p>Aucun d\u00e9lai n\u2019est vraiment indiqu\u00e9 pour faire parvenir ce courrier \u00e0 l\u2019employeur. Il est g\u00e9n\u00e9ralement envoy\u00e9 \u00e0 3 ou 4 mois de grossesse.<\/p>\n<p><iframe loading=\"lazy\" title=\"Le cong\u00e9 maternit\u00e9\" width=\"500\" height=\"281\" src=\"https:\/\/www.youtube.com\/embed\/6e67ojUjl0Q?feature=oembed\" frameborder=\"0\" allow=\"accelerometer; autoplay; clipboard-write; encrypted-media; gyroscope; picture-in-picture; web-share\" referrerpolicy=\"strict-origin-when-cross-origin\" allowfullscreen><\/iframe><\/p>\n<h2>Dur\u00e9e du cong\u00e9 maternit\u00e9<\/h2>\n<p>La dur\u00e9e totale du cong\u00e9 maternit\u00e9 en France est r\u00e9gie par le code de la s\u00e9curit\u00e9 sociale et le code du travail. Elle varie en fonction du nombre d&rsquo;enfants que vous avez \u00e0 charge ainsi que du nombre d&rsquo;enfants \u00e0 na\u00eetre.<\/p>\n<div id=\"ctn_native_mtf\" class=\"ads--insertor-casper\">\n<div id=\"hbv-native-native_MTF\" class=\"hbv-native\">Pour un premier ou un deuxi\u00e8me enfant, la dur\u00e9e de votre cong\u00e9 est de 16 semaines, articul\u00e9e comme suit :<\/div>\n<\/div>\n<ul>\n<li>six semaines pour le cong\u00e9 maternit\u00e9 pr\u00e9natal<\/li>\n<li>dix semaines pour le cong\u00e9 maternit\u00e9 post natal.<\/li>\n<\/ul>\n<p>\u00c0 noter : la dur\u00e9e du cong\u00e9 maternit\u00e9 \u00e0 partir de 3 enfants est de 26 semaines.<\/p>\n<p>(reportez vous aux conventions collectives qui peuvent pr\u00e9voir des dispositions plus favorables.)<\/p>\n<p>En cas de grossesse multiple :<\/p>\n<ul>\n<li>34 semaines pour des jumeaux<\/li>\n<li>46 semaines pour des tripl\u00e9s.<\/li>\n<\/ul>\n<div class=\"wDYxhc\" lang=\"fr-FR\" data-md=\"61\">\n<div class=\"LGOjhe\" role=\"heading\" data-attrid=\"wa:\/description\" aria-level=\"3\" data-hveid=\"CAgQAA\"><span class=\"ILfuVd\"><span class=\"hgKElc\">La dur\u00e9e du cong\u00e9 postnatal est <\/span><\/span><span class=\"ILfuVd\"><span class=\"hgKElc\">de : <\/span><\/span><\/div>\n<ul>\n<li class=\"LGOjhe\" role=\"heading\" data-attrid=\"wa:\/description\" aria-level=\"3\" data-hveid=\"CAgQAA\"><span class=\"ILfuVd\"><span class=\"hgKElc\">10 semaines (1er et 2e enfant) <\/span><\/span><\/li>\n<li class=\"LGOjhe\" role=\"heading\" data-attrid=\"wa:\/description\" aria-level=\"3\" data-hveid=\"CAgQAA\"><span class=\"ILfuVd\"><span class=\"hgKElc\">ou 18 semaines (3e enfant ou plus)<\/span><\/span><\/li>\n<li class=\"LGOjhe\" role=\"heading\" data-attrid=\"wa:\/description\" aria-level=\"3\" data-hveid=\"CAgQAA\"><span class=\"ILfuVd\"><span class=\"hgKElc\">22 semaines, quel que soit le nombre d&rsquo;enfant \u00e0 na\u00eetre, en cas de grossesse multiple.<\/span><\/span><\/li>\n<\/ul>\n<div class=\"wDYxhc\" lang=\"fr-FR\" data-md=\"61\">\n<div class=\"LGOjhe\" role=\"heading\" data-attrid=\"wa:\/description\" aria-level=\"3\" data-hveid=\"CAcQAA\"><span class=\"ILfuVd\"><span class=\"hgKElc\">Vous pouvez demander \u00e0 avancer le d\u00e9but de votre cong\u00e9 pr\u00e9natal dans les conditions suivantes : soit en cas de naissance d&rsquo;un 3<sup>e<\/sup> enfant, dans la limite de 2 semaines, soit en cas de naissances multiples, dans la limite de 4 semaines.<\/span><\/span><\/div>\n<div role=\"heading\" data-attrid=\"wa:\/description\" aria-level=\"3\" data-hveid=\"CAcQAA\">Pendant la p\u00e9riode de cong\u00e9 maternit\u00e9, vous pouvez percevoir, pour compenser la perte de salaire, des indemnit\u00e9s journali\u00e8res de votre assurance maladie.<\/div>\n<\/div>\n<\/div>\n<h1>Dans quels cas, la dur\u00e9e du cong\u00e9 maternit\u00e9 peut-elle \u00eatre augment\u00e9e ? <img loading=\"lazy\" decoding=\"async\" class=\"alignright wp-image-37215 size-medium\" title=\"Dans quels cas la duree du conge maternite peut elle etre augmentee\" src=\"https:\/\/www.mes-allocs.fr\/guides\/wp-content\/uploads\/2021\/09\/Dans-quels-cas-la-duree-du-conge-maternite-peut-elle-etre-augmentee--300x200.jpg\" alt=\"conge maternite france\" width=\"300\" height=\"200\" srcset=\"https:\/\/www.mes-allocs.fr\/guides\/wp-content\/uploads\/2021\/09\/Dans-quels-cas-la-duree-du-conge-maternite-peut-elle-etre-augmentee--300x200.jpg 300w, https:\/\/www.mes-allocs.fr\/guides\/wp-content\/uploads\/2021\/09\/Dans-quels-cas-la-duree-du-conge-maternite-peut-elle-etre-augmentee--1024x682.jpg 1024w, https:\/\/www.mes-allocs.fr\/guides\/wp-content\/uploads\/2021\/09\/Dans-quels-cas-la-duree-du-conge-maternite-peut-elle-etre-augmentee--768x512.jpg 768w, https:\/\/www.mes-allocs.fr\/guides\/wp-content\/uploads\/2021\/09\/Dans-quels-cas-la-duree-du-conge-maternite-peut-elle-etre-augmentee--600x400.jpg 600w, https:\/\/www.mes-allocs.fr\/guides\/wp-content\/uploads\/2021\/09\/Dans-quels-cas-la-duree-du-conge-maternite-peut-elle-etre-augmentee-.jpg 1280w\" sizes=\"auto, (max-width: 300px) 100vw, 300px\" \/><\/h1>\n<p>La dur\u00e9e de votre cong\u00e9 maternit\u00e9 peut \u00eatre augment\u00e9e en fonction de certaines situations. D\u00e9couvrez-les ci dessous.<\/p>\n<h2>En cas d&rsquo;accouchement pr\u00e9matur\u00e9<\/h2>\n<p>Dans le cas o\u00f9 vous n&rsquo;avez pas pu b\u00e9n\u00e9ficier de votre cong\u00e9 pr\u00e9natal \u00e0 cause de la venue pr\u00e9coce (avant la date pr\u00e9vue de l&rsquo;accouchement) de l&rsquo;enfant, votre cong\u00e9 postnatal sera prolong\u00e9.<\/p>\n<p>Si cet accouchement a eu lieu six (6) semaines avant la date initiale,\u00a0la dur\u00e9e du cong\u00e9 l\u00e9gal de maternit\u00e9 est augment\u00e9e du nombre de jours entre l&rsquo;accouchement et le d\u00e9but pr\u00e9vu du cong\u00e9. La m\u00e8re peut r\u00e9duire son cong\u00e9 pr\u00e9natal dans la limite de trois semaines, la dur\u00e9e du cong\u00e9 postnatal \u00e9tant augment\u00e9e d&rsquo;autant.<\/p>\n<h2>En cas de maladie li\u00e9e \u00e0 la grossesse ou \u00e0 l&rsquo;accouchement<\/h2>\n<p>Votre cong\u00e9 maternit\u00e9 peut-\u00eatre augment\u00e9e de deux semaines pour le cong\u00e9 pr\u00e9natal et de quatre semaines au plus pour le cong\u00e9 postnatal.<\/p>\n<p>Si vous d\u00e9passez ces dur\u00e9es, vos p\u00e9riodes d&rsquo;absence seront soumises\u00a0au r\u00e9gime des arr\u00eats-maladie.<\/p>\n<p><span style=\"font-weight: 400;\"><div class='cta-block'><div class='text'>Simulez vos aides en 2 min.<\/div><a href='' class='app-button fit'>Simulation gratuite<\/a><\/div><\/span><\/p>\n<h1>Quelle r\u00e9mun\u00e9ration pour un cong\u00e9 maternit\u00e9 ?<\/h1>\n<p>Au cours de votre p\u00e9riode de cong\u00e9 maternit\u00e9, vous recevez\u00a0un revenu de remplacement appel\u00e9 indemnit\u00e9s journali\u00e8res. Pour pouvoir en b\u00e9n\u00e9ficier, vous devez au pr\u00e9alable remplir certaines conditions.<\/p>\n<div class=\"mise-en-avant\">\n<div>\n<div class=\"tab-content\">\n<div id=\"tab8183879951327767313-cas1\" class=\"tab-pane active\" tabindex=\"-1\">\n<div class=\"fiche-item-content\">\n<h2><span id=\"Conditions_de_l8217indemnisation_du_conges_maternite\"><strong>Conditions de l\u2019indemnisation du cong\u00e9 maternit\u00e9<\/strong><\/span><\/h2>\n<p>Pour pouvoir toucher les indemnit\u00e9s vers\u00e9es par la S\u00e9curit\u00e9 sociale, vous devez remplir les conditions suivantes\u00a0:<\/p>\n<ul>\n<li>\u00eatre affili\u00e9e \u00e0 la S\u00e9curit\u00e9 sociale depuis au moins 10 mois \u00e0 la date pr\u00e9sum\u00e9e de l\u2019accouchement<\/li>\n<li>avoir cess\u00e9 son activit\u00e9 professionnelle pendant au moins 8 semaines<\/li>\n<li>avoir travaill\u00e9 au moins 150 heures au cours des 3 mois civils ou des 90 jours pr\u00e9c\u00e9dant l\u2019arr\u00eat<\/li>\n<li>ou avoir cotis\u00e9, au cours des 6 mois civils pr\u00e9c\u00e9dant l\u2019arr\u00eat, sur la base d\u2019une r\u00e9mun\u00e9ration au moins \u00e9gale \u00e0 <strong>1\u00a0015<\/strong> fois le montant du Smic\u00a0horaire fix\u00e9 au d\u00e9but de cette p\u00e9riode.<\/li>\n<\/ul>\n<p>En ce qui concerne les activit\u00e9s saisonni\u00e8res ou celles exerc\u00e9es de fa\u00e7on non continuelle, vous devez \u00e9galement respecter des conditions pour avoir droit aux indemnisations.<\/p>\n<p>En effet, vous devez avoir travaill\u00e9 au moins 600 heures\u00a0(ou avoir cotis\u00e9 sur un salaire au moins \u00e9quivalent \u00e0 2\u00a0030 fois le montant du\u00a0<abbr tabindex=\"0\" title=\"Smic\u00a0:\u00a0Salaire minimum interprofessionnel de croissance\" data-acronyme=\"R31127\">Smic<\/abbr>\u00a0horaire fix\u00e9 au d\u00e9but de cette p\u00e9riode), au cours des 12 derniers mois pr\u00e9c\u00e9dant le d\u00e9but du cong\u00e9.<\/p>\n<h2>Comment faire le calcul du cong\u00e9 maternit\u00e9 ?<\/h2>\n<p>Pour calculer votre cong\u00e9 maternit\u00e9, vous devez premi\u00e8rement ne pas oublier que votre cong\u00e9 est divis\u00e9 en deux parties.<\/p>\n<p>Pour b\u00e9n\u00e9ficier de votre cong\u00e9 de maternit\u00e9, il est important d\u2019avertir votre administration ou au mieux de d\u00e9clarer votre grossesse avant la fin de la 14e semaine de grossesse. Ceci \u00e9quivaut donc \u00e0 conna\u00eetre de fa\u00e7on approximative votre date d\u2019accouchement. Il est alors essentiel que vous connaissiez votre cycle menstruel.<\/p>\n<p>En consid\u00e9rant un cycle de 28 ou de 29 jours, il faudra ajouter 14 jours et 9 mois au dernier jour de vos derni\u00e8res menstrues. Cela vous permettra, sauf cas d\u2019anomalie, de conna\u00eetre de fa\u00e7on approximative et m\u00eame pr\u00e9cise votre jour d\u2019accouchement.<\/p>\n<\/div>\n<\/div>\n<\/div>\n<\/div>\n<\/div>\n<h2><strong>Estimation de vos indemnit\u00e9s journali\u00e8res\u00a0<\/strong><\/h2>\n<p>Le cong\u00e9 de maternit\u00e9 entra\u00eene la suspension du contrat de travail. Pendant cette p\u00e9riode, vous ne b\u00e9n\u00e9ficiez pas d&rsquo;un salaire mais d&rsquo;indemnit\u00e9s journali\u00e8res.<\/p>\n<p>Pour conna\u00eetre le montant des indemnit\u00e9s qui vous sera vers\u00e9 par la S\u00e9curit\u00e9 Sociale, vous pouvez d\u00e8s \u00e0 pr\u00e9sent utiliser notre <a href=\"https:\/\/www.mes-allocs.fr\/ab-app\">simulateur gratuit.<\/a><\/p>\n<div>\n<div class=\"tab-content\">\n<div id=\"tab8183879951327767313-cas1\" class=\"tab-pane active\" tabindex=\"-1\">\n<div class=\"fiche-item-content\">\n<div>\n<div class=\"bloc-edito bloc-aNoter\">\n<h2 class=\"bloc-edito-title\"><span id=\"Fin_du_conge_maternite\"><strong>Fin du cong\u00e9 maternit\u00e9 <img loading=\"lazy\" decoding=\"async\" class=\"alignright wp-image-37216 size-medium\" title=\"Fin du conge maternite\" src=\"https:\/\/www.mes-allocs.fr\/guides\/wp-content\/uploads\/2021\/09\/Fin-du-conge-maternite-300x200.jpg\" alt=\"conge maternite france\" width=\"300\" height=\"200\" srcset=\"https:\/\/www.mes-allocs.fr\/guides\/wp-content\/uploads\/2021\/09\/Fin-du-conge-maternite-300x200.jpg 300w, https:\/\/www.mes-allocs.fr\/guides\/wp-content\/uploads\/2021\/09\/Fin-du-conge-maternite-1024x682.jpg 1024w, https:\/\/www.mes-allocs.fr\/guides\/wp-content\/uploads\/2021\/09\/Fin-du-conge-maternite-768x512.jpg 768w, https:\/\/www.mes-allocs.fr\/guides\/wp-content\/uploads\/2021\/09\/Fin-du-conge-maternite-600x400.jpg 600w, https:\/\/www.mes-allocs.fr\/guides\/wp-content\/uploads\/2021\/09\/Fin-du-conge-maternite.jpg 1280w\" sizes=\"auto, (max-width: 300px) 100vw, 300px\" \/><\/strong><\/span><\/h2>\n<p>\u00c0 la fin du cong\u00e9 maternit\u00e9, vous reprenez votre emploi assorti d\u2019une r\u00e9mun\u00e9ration qui doit \u00eatre au moins \u00e9quivalente \u00e0 celle per\u00e7ue avant le cong\u00e9 de maternit\u00e9.<\/p>\n<\/div>\n<\/div>\n<div>\n<div id=\"fiche-item-5\" class=\"fiche-item-content collapse in\">\n<p>Avant de recommencer \u00e0 travailler, vous devez faire une\u00a0visite de reprise du travail.\u00a0Celle-ci doit \u00eatre faite \u00e0 l\u2019initiative de l\u2019employeur, au plus tard dans les 8 jours qui suivent la reprise de votre activit\u00e9.<\/p>\n<p>Le but de cette visite est de v\u00e9rifier si le poste que vous occupez (que ce soit votre ancien poste ou un poste de reclassement) est compatible avec votre \u00e9tat de sant\u00e9.<\/p>\n<p>Si tel n&rsquo;est pas le cas, la visite permettra alors :<\/p>\n<ul>\n<li>d\u2019examiner les propositions d\u2019am\u00e9nagement, d\u2019adaptation du poste ou de reclassement faites par l\u2019employeur \u00e0 la suite des pr\u00e9conisations \u00e9mises par le m\u00e9decin du travail ;<\/li>\n<li>de pr\u00e9coniser l\u2019am\u00e9nagement, l\u2019adaptation de votre poste ou votre reclassement ;<\/li>\n<li>d\u2019\u00e9mettre, si n\u00e9cessaire, un avis d\u2019inaptitude.<\/li>\n<\/ul>\n<p><span style=\"font-weight: 400;\"><div class='cta-block'><div class='text'>Simulez vos aides en 2 min.<\/div><a href='' class='app-button fit'>Simulation gratuite<\/a><\/div><\/span><\/p>\n<\/div>\n<\/div>\n<\/div>\n<\/div>\n<\/div>\n<\/div>\n","protected":false},"excerpt":{"rendered":"<p>En France, le cong\u00e9 de maternit\u00e9 est d\u00e9fini par le code de la s\u00e9curit\u00e9 sociale. C&rsquo;est un cong\u00e9 parental accord\u00e9e aux femmes salair\u00e9es en cas de naissance d&rsquo;un enfant, et qui peut \u00eatre indemnis\u00e9 par une allocation familiale. L&rsquo;\u00e9quipe de mes-allocs.fr vous dit tout sur les conditions, le montant ainsi que la dur\u00e9e du cong\u00e9 [&hellip;]<\/p>\n","protected":false},"author":7,"featured_media":37200,"comment_status":"open","ping_status":"open","sticky":false,"template":"","format":"standard","meta":{"amp_status":"","footnotes":""},"categories":[10,36],"tags":[],"class_list":["post-35802","post","type-post","status-publish","format-standard","has-post-thumbnail","hentry","category-allocations-familiales","category-conge-maternite"],"yoast_head":"<!-- This site is optimized with the Yoast SEO plugin v14.9 - https:\/\/yoast.com\/wordpress\/plugins\/seo\/ -->\n<title>Tout savoir sur le cong\u00e9 maternit\u00e9 en France | Mes-Allocs.fr<\/title>\n<meta name=\"description\" content=\"L&#039;\u00e9quipe de Mes-Allocs.fr vous explique en d\u00e9tail le fonctionnement du cong\u00e9 maternit\u00e9 en France : d\u00e9finition, dur\u00e9e, indemnit\u00e9s, etc.\" \/>\n<meta name=\"robots\" content=\"index, follow, max-snippet:-1, max-image-preview:large, max-video-preview:-1\" \/>\n<link rel=\"canonical\" href=\"https:\/\/www.mes-allocs.fr\/guides\/allocations-familiales\/conge-maternite\/conge-maternite-france\/\" \/>\n<meta property=\"og:locale\" content=\"fr_FR\" \/>\n<meta property=\"og:type\" content=\"article\" \/>\n<meta property=\"og:title\" content=\"Tout savoir sur le cong\u00e9 maternit\u00e9 en France | Mes-Allocs.fr\" \/>\n<meta property=\"og:description\" content=\"L&#039;\u00e9quipe de Mes-Allocs.fr vous explique en d\u00e9tail le fonctionnement du cong\u00e9 maternit\u00e9 en France : d\u00e9finition, dur\u00e9e, indemnit\u00e9s, etc.\" \/>\n<meta property=\"og:url\" content=\"https:\/\/www.mes-allocs.fr\/guides\/allocations-familiales\/conge-maternite\/conge-maternite-france\/\" \/>\n<meta property=\"og:site_name\" content=\"Mes-Allocs.fr\" \/>\n<meta property=\"article:published_time\" content=\"2021-09-19T11:41:52+00:00\" \/>\n<meta property=\"article:modified_time\" content=\"2025-03-18T14:01:17+00:00\" \/>\n<meta property=\"og:image\" content=\"https:\/\/www.mes-allocs.fr\/guides\/wp-content\/uploads\/2021\/08\/Tout-savoir-sur-le-conge-maternite-France.jpg?wsr\" \/>\n\t<meta property=\"og:image:width\" content=\"1280\" \/>\n\t<meta property=\"og:image:height\" content=\"853\" \/>\n<meta name=\"twitter:card\" content=\"summary_large_image\" \/>\n<script type=\"application\/ld+json\" class=\"yoast-schema-graph\">{\"@context\":\"https:\/\/schema.org\",\"@graph\":[{\"@type\":\"WebSite\",\"@id\":\"https:\/\/www.mes-allocs.fr\/guides\/#website\",\"url\":\"https:\/\/www.mes-allocs.fr\/guides\/\",\"name\":\"Mes-Allocs.fr\",\"description\":\"\",\"potentialAction\":[{\"@type\":\"SearchAction\",\"target\":\"https:\/\/www.mes-allocs.fr\/guides\/?s={search_term_string}\",\"query-input\":\"required name=search_term_string\"}],\"inLanguage\":\"fr-FR\"},{\"@type\":\"ImageObject\",\"@id\":\"https:\/\/www.mes-allocs.fr\/guides\/allocations-familiales\/conge-maternite\/conge-maternite-france\/#primaryimage\",\"inLanguage\":\"fr-FR\",\"url\":\"https:\/\/www.mes-allocs.fr\/guides\/wp-content\/uploads\/2021\/08\/Tout-savoir-sur-le-conge-maternite-France.jpg?wsr\",\"width\":1280,\"height\":853,\"caption\":\"Tout savoir sur le conge maternite France\"},{\"@type\":\"WebPage\",\"@id\":\"https:\/\/www.mes-allocs.fr\/guides\/allocations-familiales\/conge-maternite\/conge-maternite-france\/#webpage\",\"url\":\"https:\/\/www.mes-allocs.fr\/guides\/allocations-familiales\/conge-maternite\/conge-maternite-france\/\",\"name\":\"Tout savoir sur le cong\\u00e9 maternit\\u00e9 en France | Mes-Allocs.fr\",\"isPartOf\":{\"@id\":\"https:\/\/www.mes-allocs.fr\/guides\/#website\"},\"primaryImageOfPage\":{\"@id\":\"https:\/\/www.mes-allocs.fr\/guides\/allocations-familiales\/conge-maternite\/conge-maternite-france\/#primaryimage\"},\"datePublished\":\"2021-09-19T11:41:52+00:00\",\"dateModified\":\"2025-03-18T14:01:17+00:00\",\"author\":{\"@id\":\"https:\/\/www.mes-allocs.fr\/guides\/#\/schema\/person\/1c4837d5703727cb02ce84583b5a44aa\"},\"description\":\"L'\\u00e9quipe de Mes-Allocs.fr vous explique en d\\u00e9tail le fonctionnement du cong\\u00e9 maternit\\u00e9 en France : d\\u00e9finition, dur\\u00e9e, indemnit\\u00e9s, etc.\",\"inLanguage\":\"fr-FR\"},{\"@type\":\"Person\",\"@id\":\"https:\/\/www.mes-allocs.fr\/guides\/#\/schema\/person\/1c4837d5703727cb02ce84583b5a44aa\",\"name\":\"Fabiola\",\"image\":{\"@type\":\"ImageObject\",\"@id\":\"https:\/\/www.mes-allocs.fr\/guides\/#personlogo\",\"inLanguage\":\"fr-FR\",\"url\":\"https:\/\/www.mes-allocs.fr\/guides\/wp-content\/uploads\/2021\/06\/fabiola-150x150.png\",\"caption\":\"Fabiola\"},\"description\":\"Fabiola est r\\u00e9dactrice au sein de l'\\u00e9quipe Mes Allocs, sp\\u00e9cialis\\u00e9e en sciences politiques et affaires publiques. Dipl\\u00f4m\\u00e9e de l'HEIP, elle rejoint Mes Allocs apr\\u00e8s une premi\\u00e8re exp\\u00e9rience \\u00e0 l'Assembl\\u00e9e Nationale.\",\"sameAs\":[\"https:\/\/www.linkedin.com\/in\/cecilia-philippe-b-8a8085195\"]}]}<\/script>\n<!-- \/ Yoast SEO plugin. -->","amp_validity":null,"acf":{"faq":{"1":{"question":"\ud83e\udd1d Qu'est-ce que le cong\u00e9 maternit\u00e9 ?","answer":"Le cong\u00e9 maternit\u00e9 correspond \u00e0 la dur\u00e9e pendant laquelle une femme salari\u00e9e quitte son activit\u00e9 au moment de la naissance de son enfant."},"2":{"question":"\ud83e\udd14 Quand d\u00e9bute le cong\u00e9 maternit\u00e9 ?","answer":"Le cong\u00e9 maternit\u00e9 d\u00e9bute le 1er jour de l'arr\u00eat de travail prescrit et se termine au plus tard la veille du d\u00e9but du cong\u00e9 pr\u00e9natal. "},"3":{"question":"\ud83e\udd37\u200d\u2640\ufe0f Quelle est la dur\u00e9e d'un cong\u00e9 maternit\u00e9 ?","answer":"La dur\u00e9e d'un cong\u00e9 peut varier. Si il s'agit de votre 1er ou 2e enfant, la dur\u00e9e totale de votre cong\u00e9 est de : 16 semaines. \r\nPour un troisi\u00e8me enfant ou plus, elle est de 26 semaine au total."},"4":{"question":"\ud83e\udd1d Quelle est la dur\u00e9e du cong\u00e9 apr\u00e8s accouchement ?","answer":"Le cong\u00e9 postnatal (apr\u00e8s accouchement), est de 10 semaines. "},"5":{"question":"\ud83e\udd14 Comment faire pour prolonger son cong\u00e9 maternit\u00e9 ?","answer":"Si vous souhaitez prolonger votre cong\u00e9 maternit\u00e9, vous devez en faire la demande aupr\u00e8s de la CPAM."},"6":{"question":"","answer":""},"7":{"question":"","answer":""},"8":{"question":"","answer":""},"9":{"question":"","answer":""},"10":{"question":"","answer":""},"11":{"question":"","answer":""},"12":{"question":"","answer":""},"13":{"question":"","answer":""},"14":{"question":"","answer":""},"15":{"question":"","answer":""},"16":{"question":"","answer":""}}},"_links":{"self":[{"href":"https:\/\/www.mes-allocs.fr\/guides\/wp-json\/wp\/v2\/posts\/35802","targetHints":{"allow":["GET"]}}],"collection":[{"href":"https:\/\/www.mes-allocs.fr\/guides\/wp-json\/wp\/v2\/posts"}],"about":[{"href":"https:\/\/www.mes-allocs.fr\/guides\/wp-json\/wp\/v2\/types\/post"}],"author":[{"embeddable":true,"href":"https:\/\/www.mes-allocs.fr\/guides\/wp-json\/wp\/v2\/users\/7"}],"replies":[{"embeddable":true,"href":"https:\/\/www.mes-allocs.fr\/guides\/wp-json\/wp\/v2\/comments?post=35802"}],"version-history":[{"count":14,"href":"https:\/\/www.mes-allocs.fr\/guides\/wp-json\/wp\/v2\/posts\/35802\/revisions"}],"predecessor-version":[{"id":95941,"href":"https:\/\/www.mes-allocs.fr\/guides\/wp-json\/wp\/v2\/posts\/35802\/revisions\/95941"}],"wp:featuredmedia":[{"embeddable":true,"href":"https:\/\/www.mes-allocs.fr\/guides\/wp-json\/wp\/v2\/media\/37200"}],"wp:attachment":[{"href":"https:\/\/www.mes-allocs.fr\/guides\/wp-json\/wp\/v2\/media?parent=35802"}],"wp:term":[{"taxonomy":"category","embeddable":true,"href":"https:\/\/www.mes-allocs.fr\/guides\/wp-json\/wp\/v2\/categories?post=35802"},{"taxonomy":"post_tag","embeddable":true,"href":"https:\/\/www.mes-allocs.fr\/guides\/wp-json\/wp\/v2\/tags?post=35802"}],"curies":[{"name":"wp","href":"https:\/\/api.w.org\/{rel}","templated":true}]}}