{"id":35745,"date":"2021-08-25T11:15:50","date_gmt":"2021-08-25T09:15:50","guid":{"rendered":"https:\/\/www.mes-allocs.fr\/guides\/?p=35745"},"modified":"2025-03-18T15:57:22","modified_gmt":"2025-03-18T13:57:22","slug":"conge-maternite-nombre-d-enfants","status":"publish","type":"post","link":"https:\/\/www.mes-allocs.fr\/guides\/allocations-familiales\/conge-maternite\/conge-maternite-nombre-d-enfants\/","title":{"rendered":"Cong\u00e9 maternit\u00e9 selon le nombre d&rsquo;enfants"},"content":{"rendered":"<div class=\"wDYxhc\" lang=\"fr-CI\" data-md=\"61\">\n<div role=\"heading\" data-attrid=\"wa:\/description\" aria-level=\"3\" data-hveid=\"CBEQAA\"><img loading=\"lazy\" decoding=\"async\" class=\"alignnone wp-image-35764 size-large\" title=\"Conge maternite nombre denfant\" src=\"https:\/\/www.mes-allocs.fr\/guides\/wp-content\/uploads\/2021\/08\/Conge-maternite-nombre-denfant-e1686671091922-1024x182.jpg\" alt=\"Conge maternite nombre denfant\" width=\"1024\" height=\"182\" srcset=\"https:\/\/www.mes-allocs.fr\/guides\/wp-content\/uploads\/2021\/08\/Conge-maternite-nombre-denfant-e1686671091922-1024x182.jpg 1024w, https:\/\/www.mes-allocs.fr\/guides\/wp-content\/uploads\/2021\/08\/Conge-maternite-nombre-denfant-e1686671091922-300x53.jpg 300w, https:\/\/www.mes-allocs.fr\/guides\/wp-content\/uploads\/2021\/08\/Conge-maternite-nombre-denfant-e1686671091922-768x136.jpg 768w, https:\/\/www.mes-allocs.fr\/guides\/wp-content\/uploads\/2021\/08\/Conge-maternite-nombre-denfant-e1686671091922-600x106.jpg 600w, https:\/\/www.mes-allocs.fr\/guides\/wp-content\/uploads\/2021\/08\/Conge-maternite-nombre-denfant-e1686671091922.jpg 1280w\" sizes=\"auto, (max-width: 1024px) 100vw, 1024px\" \/><\/div>\n<div class=\"LGOjhe\" role=\"heading\" data-attrid=\"wa:\/description\" aria-level=\"3\" data-hveid=\"CBEQAA\">\n<p style=\"text-align: justify;\"><span class=\"ILfuVd\"><span class=\"ILfuVd\"><span class=\"hgKElc\">Le cong\u00e9 maternit\u00e9 correspond \u00e0 un cong\u00e9 parental que vous avez l&rsquo;obligaton de prendre \u00e0 la naissnce d&rsquo;un enfant. C&rsquo;est la p\u00e9riode pendant laquelle son contrat de travail est suspendu. Une <a href=\"https:\/\/www.mes-allocs.fr\/guides\/allocations-familiales\">allocation familiale<\/a> accord\u00e9e \u00e0 la salari\u00e9e enceinte pour compenser la perte de salaire.. La dur\u00e9e de ce cong\u00e9s d\u00e9pend de plusieurs facteurs, notamment le nombre d&rsquo;enfants \u00e0 na\u00eetre ou \u00e0 charge.<\/span><\/span><\/span><\/p>\n<hr \/>\n<\/div>\n<\/div>\n<h1 id=\"definition-du-conge-maternite\">Qu&rsquo;est-ce qu&rsquo;un cong\u00e9 maternit\u00e9 ? <img loading=\"lazy\" decoding=\"async\" class=\"size-medium wp-image-35766 alignright\" title=\"Quest ce quun conge maternite\" src=\"https:\/\/www.mes-allocs.fr\/guides\/wp-content\/uploads\/2021\/08\/Quest-ce-quun-conge-maternite--300x200.jpg\" alt=\"Quest ce quun conge maternite\" width=\"300\" height=\"200\" srcset=\"https:\/\/www.mes-allocs.fr\/guides\/wp-content\/uploads\/2021\/08\/Quest-ce-quun-conge-maternite--300x200.jpg 300w, https:\/\/www.mes-allocs.fr\/guides\/wp-content\/uploads\/2021\/08\/Quest-ce-quun-conge-maternite--1024x682.jpg 1024w, https:\/\/www.mes-allocs.fr\/guides\/wp-content\/uploads\/2021\/08\/Quest-ce-quun-conge-maternite--768x512.jpg 768w, https:\/\/www.mes-allocs.fr\/guides\/wp-content\/uploads\/2021\/08\/Quest-ce-quun-conge-maternite--600x400.jpg 600w, https:\/\/www.mes-allocs.fr\/guides\/wp-content\/uploads\/2021\/08\/Quest-ce-quun-conge-maternite-.jpg 1280w\" sizes=\"auto, (max-width: 300px) 100vw, 300px\" \/><\/h1>\n<p>Le cong\u00e9 maternit\u00e9 est un droit pour la femme salari\u00e9e. Et ceci, peu importe la nature du contrat de travail : \u00e0\u00a0dur\u00e9e d\u00e9termin\u00e9e, \u00e0\u00a0dur\u00e9e ind\u00e9termin\u00e9e, \u00e0\u00a0temps plein\u00a0ou temps\u00a0partiel.<\/p>\n<p>Le cong\u00e9 maternit\u00e9 permet d&rsquo;\u00eatre absente sur son lieu de travail avant, et apr\u00e8s un accouchement. Vous pouvez donc certainement en b\u00e9n\u00e9ficier si vous \u00eates enceinte et que vous avez un contrat de travail en cours.<\/p>\n<p>\u00c0 noter : lorsque vous \u00eates enceinte, vous ne touchez pas de salaire \u00e0 proprement parl\u00e9 mais des indemnit\u00e9s journali\u00e8res vers\u00e9es par la S\u00e9curit\u00e9 sociale.<\/p>\n<div class='cta-block'><div class='text'>Simulez vos aides en 2 min.<\/div><a href='' class='app-button fit'>Simulation gratuite<\/a><\/div>\n<h2 id=\"conditions\">\u00c0 qui s&rsquo;adresse le cong\u00e9 maternit\u00e9 ?<\/h2>\n<p>Le cong\u00e9 maternit\u00e9 s&rsquo;adresse \u00e0 la femme enceinte. Que vous soyez au ch\u00f4mage ou en contrat de travail, vous pouvez en b\u00e9n\u00e9ficier. Seule la grossesse ouvre droit \u00e0 ce cong\u00e9.<\/p>\n<h2 id=\"declaration-de-grossesse\">Comment faire pour d\u00e9clarer votre grossesse \u00e0 votre employeur ?<\/h2>\n<p>Informer votre employeur avant de partir en cong\u00e9 maternit\u00e9 est une formalit\u00e9 obligatoire. Cette \u00e9tape est pr\u00e9vue par le code du travail.<\/p>\n<p>Pour pr\u00e9venir votre employeur de votre grossesse, vous devez lui envoyer un courrier en lettre recommand\u00e9 avec accus\u00e9 de r\u00e9ception. Celui-ci devra contenir :<\/p>\n<ul>\n<li>une attestation m\u00e9dicale<\/li>\n<li>une lettre avec la date de votre accouchement<\/li>\n<li>et les dates de d\u00e9but et de fin de votre cong\u00e9.<\/li>\n<\/ul>\n<div id=\"ctn_native_atf\" class=\"ads--insertor-casper\">\n<p>Aucun d\u00e9lai n&rsquo;est pr\u00e9vu par la loi. En pratique, ce courrier est g\u00e9n\u00e9ralement envoy\u00e9 au d\u00e9but du deuxi\u00e8me trimestre de grossesse, entre les deux premi\u00e8res \u00e9chographies. Si la salari\u00e9e enceinte est en p\u00e9riode d&rsquo;essai, elle doit \u00eatre vigilante sur la date \u00e0 laquelle elle annonce sa grossesse \u00e0 son employeur. Mieux vaut en effet avertir son entreprise le plus tard possible pour pr\u00e9venir tout risque de rupture de p\u00e9riode d&rsquo;essai.<\/p>\n<p><iframe loading=\"lazy\" title=\"Le cong\u00e9 maternit\u00e9\" width=\"500\" height=\"281\" src=\"https:\/\/www.youtube.com\/embed\/6e67ojUjl0Q?feature=oembed\" frameborder=\"0\" allow=\"accelerometer; autoplay; clipboard-write; encrypted-media; gyroscope; picture-in-picture; web-share\" referrerpolicy=\"strict-origin-when-cross-origin\" allowfullscreen><\/iframe><\/p>\n<h2 id=\"durees-legales-du-conge-maternite\">Quelle est la dur\u00e9e du cong\u00e9 maternit\u00e9\u00a0?<\/h2>\n<p>Vous b\u00e9n\u00e9ficiez d&rsquo;un cong\u00e9 de maternit\u00e9 durant la p\u00e9riode qui se situe autour de la date pr\u00e9sum\u00e9e de votre accouchement. La dur\u00e9e de votre cong\u00e9 est variable. Il varie en fonction du nombre d&rsquo;enfants \u00e0 na\u00eetre ou d\u00e9j\u00e0 \u00e0 votre charge. Le nombre de jours du cong\u00e9 maternit\u00e9 est donc variable.<\/p>\n<p>Certaines conventions collectives pr\u00e9voient des dur\u00e9es plus longues que celles ci-dessous, qui sont les dur\u00e9es minimales pr\u00e9vues par le Code du travail.<\/p>\n<div id=\"ctn_infeed\" class=\"ads--insertor-casper\">\n<h3 id=\"naissance-unique\">En cas de naissance unique ou d&rsquo;un deuxi\u00e8me enfant<\/h3>\n<p>La dur\u00e9e du cong\u00e9 maternit\u00e9 se calcule en semaines. Les d\u00e9lais pour une premi\u00e8re grossesse ou pour la naissance d&rsquo;un deuxi\u00e8me enfant sont les m\u00eames. Elles sont fix\u00e9es comme suit :<\/p>\n<ul>\n<li data-insertor-excluded=\"1\">avant l&rsquo;accouchement : 6 semaines<\/li>\n<li data-insertor-excluded=\"1\">apr\u00e8s l&rsquo;accouchement : 10 semaines.<\/li>\n<\/ul>\n<p>Vous b\u00e9n\u00e9ficiez donc de 16 semaines en tout (3 mois et demi). La date de fin de votre cong\u00e9 maternit\u00e9 va donc d\u00e9pendre du nombre de semaines que vous pouvez prendre.<\/p>\n<h3 id=\"troisieme-enfant-ou-plus\">Troisi\u00e8me enfant (ou plus)<\/h3>\n<p>Lorsqu&rsquo;il s&rsquo;agit de la naissance d&rsquo;un troisi\u00e8me enfant (ou plus), le cong\u00e9 maternit\u00e9 s&rsquo;av\u00e8re \u00eatre plus long.<\/p>\n<p>Vous b\u00e9n\u00e9ficiez de 26 semaines de cong\u00e9 :<\/p>\n<ul>\n<li data-insertor-excluded=\"1\">avant l&rsquo;accouchement : 8 semaines<\/li>\n<li data-insertor-excluded=\"1\">apr\u00e8s l&rsquo;accouchement : 18 semaines.<\/li>\n<\/ul>\n<h3 id=\"jumeaux\">Jumeaux et tripl\u00e9s<\/h3>\n<p>Lorsque vous attendez des jumeaux, vous avez droit \u00e0 34 semaines de cong\u00e9s :<\/p>\n<ul>\n<li data-insertor-excluded=\"1\">avant l&rsquo;accouchement : 12 semaines<\/li>\n<li data-insertor-excluded=\"1\">apr\u00e8s l&rsquo;accouchement : 22 semaines.<\/li>\n<\/ul>\n<p>Dans les cas o\u00f9 vous \u00eates enceinte de tripl\u00e9s, de quadrupl\u00e9s, etc., votre cong\u00e9 maternit\u00e9 est de 46 semaines (24 et 22). On vous montre comment ceci s&rsquo;articule.<\/p>\n<ul>\n<li data-insertor-excluded=\"1\">avant l&rsquo;accouchement : 24 semaines<\/li>\n<li data-insertor-excluded=\"1\">apr\u00e8s l&rsquo;accouchement : 22 semaines.<\/li>\n<\/ul>\n<p>\u00c0 noter : En cas de naissances multiples, vous pouvez demander une prolongation de votre cong\u00e9 postnatal (apr\u00e8s accouchement) de maximum 2 semaines.<\/p>\n<h3>Dur\u00e9e du cong\u00e9 maternit\u00e9 en cas de grossesse pathologique<\/h3>\n<p>Lorsque votre grossesse est soumise \u00e0 certaines complications de nature \u00e0 mettre en p\u00e9ril la sant\u00e9 de votre enfant\u00a0(maladie chronique, difficult\u00e9s lors d\u2019accouchements pr\u00e9c\u00e9dents&#8230;), votre cong\u00e9 maternit\u00e9 peut augmenter.<\/p>\n<p>Selon l\u2019article L1225-21 du Code du travail, le cong\u00e9 pr\u00e9natal peut alors \u00eatre augment\u00e9 d\u2019un maximum de 2 semaines\u00a0avant la date pr\u00e9sum\u00e9e d\u2019accouchement, ou 4 semaines apr\u00e8s l\u2019accouchement, sur prescription m\u00e9dicale.<\/p>\n<div class='cta-block'><div class='text'>Simulez vos aides en 2 min.<\/div><a href='' class='app-button fit'>Simulation gratuite<\/a><\/div>\n<h1>Quelle r\u00e9mun\u00e9ration pour un cong\u00e9 maternit\u00e9 ? <img loading=\"lazy\" decoding=\"async\" class=\"size-medium wp-image-35777 alignright\" title=\"Quelle remuneration pour un conge maternite\" src=\"https:\/\/www.mes-allocs.fr\/guides\/wp-content\/uploads\/2021\/08\/Quelle-remuneration-pour-un-conge-maternite--300x200.jpg\" alt=\"Quelle remuneration pour un conge maternite\" width=\"300\" height=\"200\" srcset=\"https:\/\/www.mes-allocs.fr\/guides\/wp-content\/uploads\/2021\/08\/Quelle-remuneration-pour-un-conge-maternite--300x200.jpg 300w, https:\/\/www.mes-allocs.fr\/guides\/wp-content\/uploads\/2021\/08\/Quelle-remuneration-pour-un-conge-maternite--1024x682.jpg 1024w, https:\/\/www.mes-allocs.fr\/guides\/wp-content\/uploads\/2021\/08\/Quelle-remuneration-pour-un-conge-maternite--768x512.jpg 768w, https:\/\/www.mes-allocs.fr\/guides\/wp-content\/uploads\/2021\/08\/Quelle-remuneration-pour-un-conge-maternite--600x400.jpg 600w, https:\/\/www.mes-allocs.fr\/guides\/wp-content\/uploads\/2021\/08\/Quelle-remuneration-pour-un-conge-maternite-.jpg 1280w\" sizes=\"auto, (max-width: 300px) 100vw, 300px\" \/><\/h1>\n<p>Au cours de votre p\u00e9riode de cong\u00e9 maternit\u00e9, vous recevez\u00a0un revenu de remplacement appel\u00e9 indemnit\u00e9s journali\u00e8res. Pour pouvoir en b\u00e9n\u00e9ficier, vous devez au pr\u00e9alable remplir certaines conditions.<\/p>\n<div class=\"mise-en-avant\">\n<div>\n<div class=\"tab-content\">\n<div id=\"tab8183879951327767313-cas1\" class=\"tab-pane active\" tabindex=\"-1\">\n<div class=\"fiche-item-content\">\n<h2><span id=\"Conditions_de_l8217indemnisation_du_conges_maternite\"><strong>Conditions de l\u2019indemnisation du cong\u00e9 maternit\u00e9<\/strong><\/span><\/h2>\n<p>Pour pouvoir toucher les indemnit\u00e9s vers\u00e9es par votre assurance maladie, vous devez remplir les conditions suivantes :<\/p>\n<ul>\n<li>\u00eatre affili\u00e9e \u00e0 la S\u00e9curit\u00e9 sociale depuis au moins 10 mois \u00e0 la date pr\u00e9sum\u00e9e de l\u2019accouchement<\/li>\n<li>avoir cess\u00e9 son activit\u00e9 professionnelle pendant au moins 8 semaines<\/li>\n<li>avoir travaill\u00e9 au moins 150 heures au cours des 3 mois civils ou des 90 jours pr\u00e9c\u00e9dant l\u2019arr\u00eat<\/li>\n<li>ou avoir cotis\u00e9, au cours des 6 mois civils pr\u00e9c\u00e9dant l\u2019arr\u00eat, sur la base d\u2019une r\u00e9mun\u00e9ration au moins \u00e9gale \u00e0 <strong>1\u00a0015<\/strong> fois le montant du Smic\u00a0horaire fix\u00e9 au d\u00e9but de cette p\u00e9riode.<\/li>\n<\/ul>\n<p>En ce qui concerne les activit\u00e9s saisonni\u00e8res ou celles exerc\u00e9es de fa\u00e7on non continuelle, vous devez \u00e9galement respecter des conditions pour avoir droit aux indemnisations.<\/p>\n<p>En effet, vous devez avoir travaill\u00e9 au moins 600 heures\u00a0(ou avoir cotis\u00e9 sur un salaire au moins \u00e9quivalent \u00e0 2\u00a0030 fois le montant du\u00a0<abbr tabindex=\"0\" title=\"Smic\u00a0:\u00a0Salaire minimum interprofessionnel de croissance\" data-acronyme=\"R31127\">Smic<\/abbr>\u00a0horaire fix\u00e9 au d\u00e9but de cette p\u00e9riode), au cours des 12 derniers mois pr\u00e9c\u00e9dant le d\u00e9but du cong\u00e9.<\/p>\n<h2><span id=\"Montant_et_versement_des_indemnites_du_conge_maternite\"><strong>Montant et versement des indemnit\u00e9s du cong\u00e9 maternit\u00e9<\/strong><\/span><\/h2>\n<div>\n<p>Le montant des indemnit\u00e9s journali\u00e8res vers\u00e9 par la CPAM, est calcul\u00e9 en d\u00e9terminant un salaire journalier de base, calcul\u00e9 en prenant en compte le total des 3 derniers salaires bruts per\u00e7us avant la date d\u2019interruption du travail, divis\u00e9 par 91,25 (pour les salari\u00e9s mensualis\u00e9s).<\/p>\n<p>Par ailleurs, le salaire pris en compte ne peut pas d\u00e9passer le plafond mensuel de la s\u00e9curit\u00e9 sociale en vigueur lors du dernier jour du mois qui pr\u00e9c\u00e8de l\u2019arr\u00eat.<\/p>\n<p>Par la suite, la CPAM retire \u00e0 ce salaire journalier de base un taux forfaitaire de 21%.<\/p>\n<p>Ces indemnit\u00e9s journali\u00e8res sont vers\u00e9es tous les 14 jours.<\/p>\n<div class=\"bloc-edito bloc-aNoter\">\n<h2 class=\"bloc-edito-title\"><span id=\"Fin_du_conge_maternite\"><strong>Fin du cong\u00e9 maternit\u00e9<\/strong><\/span><\/h2>\n<p>\u00c0 la fin du cong\u00e9 maternit\u00e9, vous reprenez votre emploi assorti d\u2019une r\u00e9mun\u00e9ration qui doit \u00eatre au moins \u00e9quivalente \u00e0 celle per\u00e7ue avant le cong\u00e9 de maternit\u00e9.<\/p>\n<\/div>\n<\/div>\n<div>\n<div id=\"fiche-item-5\" class=\"fiche-item-content collapse in\">\n<p>Avant de recommencer \u00e0 travailler, vous devez faire une\u00a0visite de reprise du travail.\u00a0Celle-ci doit \u00eatre faite \u00e0 l\u2019initiative de l\u2019employeur, au plus tard dans les 8 jours qui suivent la reprise de votre activit\u00e9.<\/p>\n<p>Le but de cette visite est de v\u00e9rifier si le poste que vous occupez (que ce soit votre ancien poste ou un poste de reclassement) est compatible avec votre \u00e9tat de sant\u00e9.<\/p>\n<p>Si tel n&rsquo;est pas le cas, la visite permettra alors :<\/p>\n<ul>\n<li>d\u2019examiner les propositions d\u2019am\u00e9nagement, d\u2019adaptation du poste ou de reclassement faites par l\u2019employeur \u00e0 la suite des pr\u00e9conisations \u00e9mises par le m\u00e9decin du travail ;<\/li>\n<li>de pr\u00e9coniser l\u2019am\u00e9nagement, l\u2019adaptation de votre poste ou votre reclassement ;<\/li>\n<li>d\u2019\u00e9mettre, si n\u00e9cessaire, un avis d\u2019inaptitude.<\/li>\n<\/ul>\n<p><strong>Il est important de noter que la visite de reprise du travail est obligatoire.<\/strong><\/p>\n<div class='cta-block'><div class='text'>Simulez vos aides en 2 min.<\/div><a href='' class='app-button fit'>Simulation gratuite<\/a><\/div>\n<\/div>\n<\/div>\n<\/div>\n<\/div>\n<\/div>\n<\/div>\n<div id=\"author-bio-box\">\n<header>\n<h1>Qu&rsquo;est-ce que le cong\u00e9 pathologique pr\u00e9natal\u00a0? <img loading=\"lazy\" decoding=\"async\" class=\"size-medium wp-image-35773 alignright\" title=\"Quest ce que le conge pathologique prenatal\" src=\"https:\/\/www.mes-allocs.fr\/guides\/wp-content\/uploads\/2021\/08\/Quest-ce-que-le-conge-pathologique-prenatal--300x200.jpg\" alt=\"Quest ce que le conge pathologique prenatal\" width=\"300\" height=\"200\" srcset=\"https:\/\/www.mes-allocs.fr\/guides\/wp-content\/uploads\/2021\/08\/Quest-ce-que-le-conge-pathologique-prenatal--300x200.jpg 300w, https:\/\/www.mes-allocs.fr\/guides\/wp-content\/uploads\/2021\/08\/Quest-ce-que-le-conge-pathologique-prenatal--1024x682.jpg 1024w, https:\/\/www.mes-allocs.fr\/guides\/wp-content\/uploads\/2021\/08\/Quest-ce-que-le-conge-pathologique-prenatal--768x512.jpg 768w, https:\/\/www.mes-allocs.fr\/guides\/wp-content\/uploads\/2021\/08\/Quest-ce-que-le-conge-pathologique-prenatal--600x400.jpg 600w, https:\/\/www.mes-allocs.fr\/guides\/wp-content\/uploads\/2021\/08\/Quest-ce-que-le-conge-pathologique-prenatal-.jpg 1280w\" sizes=\"auto, (max-width: 300px) 100vw, 300px\" \/><\/h1>\n<p class=\"amp-wp-7d27179\" data-amp-original-style=\"text-align: justify;\">Le cong\u00e9 pathologique concerne les femmes enceintes dont l\u2019\u00e9tat pourrait mettre en danger la sant\u00e9 du futur nourrisson. En effet, si un m\u00e9decin consid\u00e8re que vous devez cesser de travailler afin de mener votre grossesse \u00e0 terme, il peut vous prescrire un cong\u00e9 pathologique.<\/p>\n<p><span class=\"amp-wp-f6bf23d\" data-amp-original-style=\"text-decoration: underline;\">Voici des exemples pour lesquels vous pourrez b\u00e9n\u00e9ficier d\u2019un cong\u00e9 pathologique<\/span> :<\/p>\n<ul class=\"list-9\">\n<li>Risque d\u2019accouchement pr\u00e9matur\u00e9<\/li>\n<li>Diab\u00e8te gestationnel<\/li>\n<li>Hypertension<\/li>\n<li>Fatigue excessive due \u00e0 la grossesse<\/li>\n<\/ul>\n<p><strong>seul un m\u00e9decin peut prendre la d\u00e9cision de vous le prescrire.<\/strong><\/p>\n<h2 id=\"Comment_pr\u00e9venir_l\u2019employeur_du_cong\u00e9_pathologique_?\" class=\"amp-wp-7d27179\" data-amp-original-style=\"text-align: justify;\"><span class=\"amp-wp-e98f482\" data-amp-original-style=\"color: #c43b3b;\">Comment pr\u00e9venir l\u2019employeur du cong\u00e9 pathologique ?<\/span><\/h2>\n<p class=\"amp-wp-7d27179\" data-amp-original-style=\"text-align: justify;\">Lorsque votre m\u00e9decin vous prescrit un cong\u00e9 pathologique afin de mener \u00e0 terme votre grossesse, il vous remet un arr\u00eat maladie constitu\u00e9 de 3 feuillets. <span class=\"amp-wp-cc68ddc\" data-amp-original-style=\"color: #ff0000;\">Vous disposez alors de 48 heures pour en remettre un \u00e0 votre employeur<\/span> qui sera alors pr\u00e9venu de votre absence.<\/p>\n<\/header>\n<aside class=\"o-article-metas\">\n<div class=\"o-article-metas__left\">\n<h2 id=\"76tbp\">Quelle est la dur\u00e9e du cong\u00e9 pathologique\u00a0?<\/h2>\n<p>La dur\u00e9e du cong\u00e9 de maternit\u00e9 est de 16 semaines, c&rsquo;est-\u00e0-dire 6 semaines avant la date pr\u00e9vue pour l&rsquo;accouchement et 10 semaines apr\u00e8s.<\/p>\n<p>Le cong\u00e9 pathologique pr\u00e9natal permet \u00e0 la salari\u00e9e enceinte d\u2019arr\u00eater son travail deux semaines avant la date pr\u00e9vue pour le d\u00e9but du cong\u00e9 maternit\u00e9.<\/p>\n<p>Ces 14 jours peuvent \u00eatre pris cons\u00e9cutivement ou non. En revanche, la dur\u00e9e du cong\u00e9 postnatal \u201cpour suites de couches\u00a0pathologiques\u201dest de 4 semaines cons\u00e9cutives au maximum. Ce cong\u00e9 est obligatoirement pris \u00e0 la suite du cong\u00e9 maternit\u00e9.<\/p>\n<div id=\"Pave-Haut2-Desktop_612599efd2ffb\" class=\"ads-core-placer\" data-ads-core=\"{&quot;device&quot;:&quot;desktop&quot;,&quot;type&quot;:&quot;Pave-Haut2-Desktop&quot;}\" data-google-query-id=\"CNvV9MSDy_ICFWShJwId0eQG9g\">\n<div id=\"google_ads_iframe_\/228216569\/Capital\/votre-carri\u00e8re\/Article\/Pave-Haut2-Desktop_0__container__\">\n<div id=\"outbrain_widget_0\" class=\"OUTBRAIN\" data-src=\"https:\/\/www.capital.fr\/votre-carriere\/conge-pathologique-1385385\" data-widget-id=\"AR_9\" data-ob-mark=\"true\" data-browser=\"safari\" data-os=\"macintel\" data-dynload=\"\" data-idx=\"0\">\n<div class=\"ob-widget ob-grid-layout AR_9\" data-dynamic-truncate=\"true\">\n<div class=\"ob-widget-header\"><\/div>\n<div class=\"ob-widget-items-container\">\n<div class=\"ob-dynamic-rec-container ob-recIdx-0 ob-p\" data-pos=\"0\">\n<div class=\"ob-image-ratio\"><div class='cta-block'><div class='text'>Simulez vos aides en 2 min.<\/div><a href='' class='app-button fit'>Simulation gratuite<\/a><\/div><\/div>\n<\/div>\n<\/div>\n<\/div>\n<\/div>\n<\/div>\n<\/div>\n<\/div>\n<\/aside>\n<\/div>\n<\/div>\n<\/div>\n<\/div>\n","protected":false},"excerpt":{"rendered":"<p>Le cong\u00e9 maternit\u00e9 correspond \u00e0 un cong\u00e9 parental que vous avez l&rsquo;obligaton de prendre \u00e0 la naissnce d&rsquo;un enfant. C&rsquo;est la p\u00e9riode pendant laquelle son contrat de travail est suspendu. Une allocation familiale accord\u00e9e \u00e0 la salari\u00e9e enceinte pour compenser la perte de salaire.. La dur\u00e9e de ce cong\u00e9s d\u00e9pend de plusieurs facteurs, notamment le [&hellip;]<\/p>\n","protected":false},"author":7,"featured_media":35763,"comment_status":"open","ping_status":"open","sticky":false,"template":"","format":"standard","meta":{"amp_status":"","footnotes":""},"categories":[10,36],"tags":[],"class_list":["post-35745","post","type-post","status-publish","format-standard","has-post-thumbnail","hentry","category-allocations-familiales","category-conge-maternite"],"yoast_head":"<!-- This site is optimized with the Yoast SEO plugin v14.9 - https:\/\/yoast.com\/wordpress\/plugins\/seo\/ -->\n<title>Cong\u00e9 maternit\u00e9 selon le nombre d&#039;enfants | Mes-Allocs.fr<\/title>\n<meta name=\"description\" content=\"La dur\u00e9e de votre cong\u00e9 maternit\u00e9 d\u00e9pend du nombre d&#039;enfants \u00e0 charge ou du nombre d&#039;enfants \u00e0 na\u00eetre. Notre \u00e9quipe vous explique en d\u00e9tails.\" \/>\n<meta name=\"robots\" content=\"index, follow, max-snippet:-1, max-image-preview:large, max-video-preview:-1\" \/>\n<link rel=\"canonical\" href=\"https:\/\/www.mes-allocs.fr\/guides\/allocations-familiales\/conge-maternite\/conge-maternite-nombre-d-enfants\/\" \/>\n<meta property=\"og:locale\" content=\"fr_FR\" \/>\n<meta property=\"og:type\" content=\"article\" \/>\n<meta property=\"og:title\" content=\"Cong\u00e9 maternit\u00e9 selon le nombre d&#039;enfants | Mes-Allocs.fr\" \/>\n<meta property=\"og:description\" content=\"La dur\u00e9e de votre cong\u00e9 maternit\u00e9 d\u00e9pend du nombre d&#039;enfants \u00e0 charge ou du nombre d&#039;enfants \u00e0 na\u00eetre. Notre \u00e9quipe vous explique en d\u00e9tails.\" \/>\n<meta property=\"og:url\" content=\"https:\/\/www.mes-allocs.fr\/guides\/allocations-familiales\/conge-maternite\/conge-maternite-nombre-d-enfants\/\" \/>\n<meta property=\"og:site_name\" content=\"Mes-Allocs.fr\" \/>\n<meta property=\"article:published_time\" content=\"2021-08-25T09:15:50+00:00\" \/>\n<meta property=\"article:modified_time\" content=\"2025-03-18T13:57:22+00:00\" \/>\n<meta property=\"og:image\" content=\"https:\/\/www.mes-allocs.fr\/guides\/wp-content\/uploads\/2021\/08\/Conge-maternite-nombre-d-enfant.jpg?wsr\" \/>\n\t<meta property=\"og:image:width\" content=\"1280\" \/>\n\t<meta property=\"og:image:height\" content=\"853\" \/>\n<meta name=\"twitter:card\" content=\"summary_large_image\" \/>\n<script type=\"application\/ld+json\" class=\"yoast-schema-graph\">{\"@context\":\"https:\/\/schema.org\",\"@graph\":[{\"@type\":\"WebSite\",\"@id\":\"https:\/\/www.mes-allocs.fr\/guides\/#website\",\"url\":\"https:\/\/www.mes-allocs.fr\/guides\/\",\"name\":\"Mes-Allocs.fr\",\"description\":\"\",\"potentialAction\":[{\"@type\":\"SearchAction\",\"target\":\"https:\/\/www.mes-allocs.fr\/guides\/?s={search_term_string}\",\"query-input\":\"required name=search_term_string\"}],\"inLanguage\":\"fr-FR\"},{\"@type\":\"ImageObject\",\"@id\":\"https:\/\/www.mes-allocs.fr\/guides\/allocations-familiales\/conge-maternite\/conge-maternite-nombre-d-enfants\/#primaryimage\",\"inLanguage\":\"fr-FR\",\"url\":\"https:\/\/www.mes-allocs.fr\/guides\/wp-content\/uploads\/2021\/08\/Conge-maternite-nombre-d-enfant.jpg?wsr\",\"width\":1280,\"height\":853,\"caption\":\"Conge maternite nombre d enfant\"},{\"@type\":\"WebPage\",\"@id\":\"https:\/\/www.mes-allocs.fr\/guides\/allocations-familiales\/conge-maternite\/conge-maternite-nombre-d-enfants\/#webpage\",\"url\":\"https:\/\/www.mes-allocs.fr\/guides\/allocations-familiales\/conge-maternite\/conge-maternite-nombre-d-enfants\/\",\"name\":\"Cong\\u00e9 maternit\\u00e9 selon le nombre d'enfants | Mes-Allocs.fr\",\"isPartOf\":{\"@id\":\"https:\/\/www.mes-allocs.fr\/guides\/#website\"},\"primaryImageOfPage\":{\"@id\":\"https:\/\/www.mes-allocs.fr\/guides\/allocations-familiales\/conge-maternite\/conge-maternite-nombre-d-enfants\/#primaryimage\"},\"datePublished\":\"2021-08-25T09:15:50+00:00\",\"dateModified\":\"2025-03-18T13:57:22+00:00\",\"author\":{\"@id\":\"https:\/\/www.mes-allocs.fr\/guides\/#\/schema\/person\/1c4837d5703727cb02ce84583b5a44aa\"},\"description\":\"La dur\\u00e9e de votre cong\\u00e9 maternit\\u00e9 d\\u00e9pend du nombre d'enfants \\u00e0 charge ou du nombre d'enfants \\u00e0 na\\u00eetre. Notre \\u00e9quipe vous explique en d\\u00e9tails.\",\"inLanguage\":\"fr-FR\"},{\"@type\":\"Person\",\"@id\":\"https:\/\/www.mes-allocs.fr\/guides\/#\/schema\/person\/1c4837d5703727cb02ce84583b5a44aa\",\"name\":\"Fabiola\",\"image\":{\"@type\":\"ImageObject\",\"@id\":\"https:\/\/www.mes-allocs.fr\/guides\/#personlogo\",\"inLanguage\":\"fr-FR\",\"url\":\"https:\/\/www.mes-allocs.fr\/guides\/wp-content\/uploads\/2021\/06\/fabiola-150x150.png\",\"caption\":\"Fabiola\"},\"description\":\"Fabiola est r\\u00e9dactrice au sein de l'\\u00e9quipe Mes Allocs, sp\\u00e9cialis\\u00e9e en sciences politiques et affaires publiques. Dipl\\u00f4m\\u00e9e de l'HEIP, elle rejoint Mes Allocs apr\\u00e8s une premi\\u00e8re exp\\u00e9rience \\u00e0 l'Assembl\\u00e9e Nationale.\",\"sameAs\":[\"https:\/\/www.linkedin.com\/in\/cecilia-philippe-b-8a8085195\"]}]}<\/script>\n<!-- \/ Yoast SEO plugin. -->","amp_validity":null,"acf":{"faq":{"1":{"question":"\ud83e\udd1d C'est quoi le cong\u00e9 maternit\u00e9 ?","answer":"Le cong\u00e9 maternit\u00e9 correspond \u00e0 la dur\u00e9e pendant laquelle une femme salari\u00e9e quitte son activit\u00e9 au moment de la naissance de son enfant."},"2":{"question":"\ud83e\udd37\u200d\u2640\ufe0f Quelle est la dur\u00e9e d'un cong\u00e9 maternit\u00e9 ?","answer":"Si il s'agit de votre 1er ou 2e enfant, la dur\u00e9e totale de votre cong\u00e9 est de : 16 semaines. \r\nPour un troisi\u00e8me enfant ou plus, elle est de 26 semaine au total."},"3":{"question":"\ud83e\udd14 Comment se d\u00e9clenche le cong\u00e9 maternit\u00e9 ?","answer":"Le cong\u00e9 maternit\u00e9 d\u00e9bute le 1er jour de l'arr\u00eat de travail prescrit et se termine au plus tard la veille du d\u00e9but du cong\u00e9 pr\u00e9natal. "},"4":{"question":"\ud83e\udd1d Quelle est la dur\u00e9e du cong\u00e9 apr\u00e8s accouchement ?","answer":"Le cong\u00e9 postnatal (apr\u00e8s accouchement), est de 10 semaines. "},"5":{"question":"\ud83e\udd37\u200d\u2640\ufe0f Comment faire pour prolonger son cong\u00e9 maternit\u00e9 ?","answer":"Si vous souhaitez prolonger votre cong\u00e9 maternit\u00e9, vous devez en faire la demande aupr\u00e8s de la CPAM."},"6":{"question":"","answer":""},"7":{"question":"","answer":""},"8":{"question":"","answer":""},"9":{"question":"","answer":""},"10":{"question":"","answer":""},"11":{"question":"","answer":""},"12":{"question":"","answer":""},"13":{"question":"","answer":""},"14":{"question":"","answer":""},"15":{"question":"","answer":""},"16":{"question":"","answer":""}}},"_links":{"self":[{"href":"https:\/\/www.mes-allocs.fr\/guides\/wp-json\/wp\/v2\/posts\/35745","targetHints":{"allow":["GET"]}}],"collection":[{"href":"https:\/\/www.mes-allocs.fr\/guides\/wp-json\/wp\/v2\/posts"}],"about":[{"href":"https:\/\/www.mes-allocs.fr\/guides\/wp-json\/wp\/v2\/types\/post"}],"author":[{"embeddable":true,"href":"https:\/\/www.mes-allocs.fr\/guides\/wp-json\/wp\/v2\/users\/7"}],"replies":[{"embeddable":true,"href":"https:\/\/www.mes-allocs.fr\/guides\/wp-json\/wp\/v2\/comments?post=35745"}],"version-history":[{"count":9,"href":"https:\/\/www.mes-allocs.fr\/guides\/wp-json\/wp\/v2\/posts\/35745\/revisions"}],"predecessor-version":[{"id":95937,"href":"https:\/\/www.mes-allocs.fr\/guides\/wp-json\/wp\/v2\/posts\/35745\/revisions\/95937"}],"wp:featuredmedia":[{"embeddable":true,"href":"https:\/\/www.mes-allocs.fr\/guides\/wp-json\/wp\/v2\/media\/35763"}],"wp:attachment":[{"href":"https:\/\/www.mes-allocs.fr\/guides\/wp-json\/wp\/v2\/media?parent=35745"}],"wp:term":[{"taxonomy":"category","embeddable":true,"href":"https:\/\/www.mes-allocs.fr\/guides\/wp-json\/wp\/v2\/categories?post=35745"},{"taxonomy":"post_tag","embeddable":true,"href":"https:\/\/www.mes-allocs.fr\/guides\/wp-json\/wp\/v2\/tags?post=35745"}],"curies":[{"name":"wp","href":"https:\/\/api.w.org\/{rel}","templated":true}]}}