{"id":35736,"date":"2021-08-25T09:19:58","date_gmt":"2021-08-25T07:19:58","guid":{"rendered":"https:\/\/www.mes-allocs.fr\/guides\/?p=35736"},"modified":"2026-02-18T15:46:34","modified_gmt":"2026-02-18T14:46:34","slug":"conditions-complement-familial","status":"publish","type":"post","link":"https:\/\/www.mes-allocs.fr\/guides\/allocations-familiales\/complement-familial\/conditions-complement-familial\/","title":{"rendered":"Le compl\u00e9ment familial en 2026 : quelles sont les conditions pour en b\u00e9n\u00e9ficier ?"},"content":{"rendered":"<p><img loading=\"lazy\" decoding=\"async\" class=\"alignnone wp-image-35874 \" title=\"Le complement familial peut etre cumule avec dautres aides\" src=\"https:\/\/www.mes-allocs.fr\/guides\/wp-content\/uploads\/2021\/08\/Le-complement-familial-peut-etre-cumule-avec-dautres-aides-1-1-e1686562967277-1024x161.jpg\" alt=\"Le complement familial pour qui\" width=\"1444\" height=\"227\" srcset=\"https:\/\/www.mes-allocs.fr\/guides\/wp-content\/uploads\/2021\/08\/Le-complement-familial-peut-etre-cumule-avec-dautres-aides-1-1-e1686562967277-1024x161.jpg 1024w, https:\/\/www.mes-allocs.fr\/guides\/wp-content\/uploads\/2021\/08\/Le-complement-familial-peut-etre-cumule-avec-dautres-aides-1-1-e1686562967277-300x47.jpg 300w, https:\/\/www.mes-allocs.fr\/guides\/wp-content\/uploads\/2021\/08\/Le-complement-familial-peut-etre-cumule-avec-dautres-aides-1-1-e1686562967277-768x121.jpg 768w, https:\/\/www.mes-allocs.fr\/guides\/wp-content\/uploads\/2021\/08\/Le-complement-familial-peut-etre-cumule-avec-dautres-aides-1-1-e1686562967277-600x94.jpg 600w, https:\/\/www.mes-allocs.fr\/guides\/wp-content\/uploads\/2021\/08\/Le-complement-familial-peut-etre-cumule-avec-dautres-aides-1-1-e1686562967277.jpg 1280w\" sizes=\"auto, (max-width: 1444px) 100vw, 1444px\" \/><\/p>\n<p>[Mis \u00e0 jour le 18\/02\/2026] Le compl\u00e9ment familial est une <a href=\"https:\/\/www.mes-allocs.fr\/guides\/allocations-familiales\">allocation familiale<\/a> dont vous pouvez b\u00e9n\u00e9ficier si vous avez des enfants. L&rsquo;\u00e9quipe de Mes-Allocs vous explique \u00e0 qui est destin\u00e9e cette aide.<\/p>\n<hr \/>\n<h1>\u00c0 qui s&rsquo;adresse le compl\u00e9ment familial ?<\/h1>\n<p>Le compl\u00e9ment familial est une prestation familiale de la PAJE (prestation d&rsquo;accueil du jeune enfant).<\/p>\n<p class=\"c-darker c-link ff-header fs-m w-100 p-r mb-2 fs-sm@lg\">Il est destin\u00e9 aux parents isol\u00e9s et aux couples qui ne disposent pas de ressources suffisantes et qui ont au moins, trois enfants \u00e2g\u00e9s de plus de 3 ans \u00e0 charge et de moins de 20 ans (e. Cette aide est accord\u00e9e par la caisse d&rsquo;allocations familiales ou la mutualit\u00e9 sociale agricole (MSA), si vous d\u00e9pendez du r\u00e9gime agricole.<\/p>\n<p><span class=\"sw\">Chaque<\/span> <span class=\"sw\">ann\u00e9e, les prestations sociales, \u00e0 savoir le RSA, la prime d&rsquo;activit\u00e9, allocations familiales, le compl\u00e9ment familial, etc., sont revaloris\u00e9es au 1er avril. <\/span>Le montant de base du compl\u00e9ment familial est de <strong>196,59 \u20ac\u00a0par mois<\/strong> (montant en vigueur jusqu&rsquo;au 31 mars 2026). Son montant est identique, que vous ayez 3 enfants ou plus. Ce montant varie cependant en fonction de vos revenus. Les m\u00e9nages aux faibles ressources qui ne d\u00e9passent pas certains plafonds de revenus peuvent \u00e9galement b\u00e9n\u00e9ficier d&rsquo;une revalorisation exceptionnelle : le compl\u00e9ment familial major\u00e9.<\/p>\n<div class='cta-block'><div class='text'>Simulez vos aides en 2 min.<\/div><a href='' class='app-button fit'>Simulation gratuite<\/a><\/div>\n<h2>Les conditions requises pour b\u00e9n\u00e9ficier du compl\u00e9ment familial en 2026<\/h2>\n<p>Pour b\u00e9n\u00e9ficier de cette aide, des conditions de r\u00e9sidence et de ressources sont exig\u00e9es.<\/p>\n<h3>Conditions li\u00e9es \u00e0 la r\u00e9sidence<\/h3>\n<p>Le compl\u00e9ment familial est accord\u00e9 aux personnes r\u00e9sidant en France.\u00a0Les ressortissants de l&rsquo;Union europ\u00e9enne, de l\u2019Espace \u00e9conomique europ\u00e9en ou de la Suisse doivent remplir les conditions de droit au s\u00e9jour.<\/p>\n<p>Les \u00e9trangers non ressortissants de l&rsquo;Union europ\u00e9enne, de l&rsquo;Espace \u00e9conomique europ\u00e9en ou de la Suisse doivent disposer d&rsquo;un titre de s\u00e9jour en cours de validit\u00e9, attester de leur situation r\u00e9guli\u00e8re en France et justifier de l&rsquo;entr\u00e9e r\u00e9guli\u00e8re en France des enfants n\u00e9s \u00e0 l&rsquo;\u00e9tranger.<\/p>\n<p>Les personnes sans domicile stable doivent, quant \u00e0 elles, \u00e9lire domicile aupr\u00e8s d&rsquo;un centre communal d&rsquo;action sociale (CCAS) ou d&rsquo;un organisme agr\u00e9\u00e9.<\/p>\n<h3>Conditions de ressources<\/h3>\n<p>L&rsquo;obtention de cette prestation est \u00e9galement soumise \u00e0 des conditions de ressources. Ainsi, pour pouvoir en b\u00e9n\u00e9ficier, il est imp\u00e9ratif que vous respectiez les <a href=\"https:\/\/www.mes-allocs.fr\/guides\/allocations-familiales\/complement-familial\/conditions-complement-familial\/plafond-complement-familial\/\">plafonds du compl\u00e9ment familial<\/a>. Pour l&rsquo;ann\u00e9e 2026, ce sont vos revenus de 2024 (n-2) qui seront pris en compte.<\/p>\n<h2>Plafonds de ressources pour obtenir le compl\u00e9ment familial<\/h2>\n<p>Pour pr\u00e9tendre \u00e0 cette aide, les familles monoparentales et les couples avec 2 revenus doivent justifier de ressources annuelles inf\u00e9rieures \u00e0 :<\/p>\n<p><b>Plafonds pour percevoir l&rsquo;aide de 289,98 \u20ac par mois :\u00a0<\/b><\/p>\n\n<div class=\"wpdt-c row wpDataTableContainerSimpleTable wpDataTables wpDataTablesWrapper\n\"\n    >\n    <table id=\"wpdtSimpleTable-259\"\n           class=\"wpdtSimpleTable wpDataTable\"\n           data-column=\"3\"\n           data-rows=\"3\"\n           data-wpID=\"259\"\n           data-responsive=\"0\"\n           data-has-header=\"1\">\n\n                    <thead>        <tr class=\"wpdt-cell-row \" >\n                            <th class=\"wpdt-cell wpdt-bc-F3F9FE\"\n                                    data-cell-id=\"A1\"\n                data-col-index=\"0\"\n                data-row-index=\"0\"\n                style=\" width:29.120323559151%;                padding:10px;\"\n                >\n                                Nombre d'enfants \u00e0 charge entre 3 ans et moins de 21 ans                <\/th>\n                                            <th class=\"wpdt-cell wpdt-bc-F3F9FE\"\n                                    data-cell-id=\"B1\"\n                data-col-index=\"1\"\n                data-row-index=\"0\"\n                style=\" width:30.535894843276%;                padding:10px;\"\n                >\n                                Couple avec un seul revenu d\u2019activit\u00e9 (N-2)                <\/th>\n                                            <th class=\"wpdt-cell wpdt-bc-F3F9FE\"\n                                    data-cell-id=\"C1\"\n                data-col-index=\"2\"\n                data-row-index=\"0\"\n                style=\" width:40.343781597573%;                padding:10px;\"\n                >\n                                Parent isol\u00e9 ou couple avec 2 revenus d'activit\u00e9 (N-2)                <\/th>\n                                        <\/tr>\n                    <tbody>        <tr class=\"wpdt-cell-row \" >\n                            <td class=\"wpdt-cell wpdt-bc-FFFFFF\"\n                                    data-cell-id=\"A2\"\n                data-col-index=\"0\"\n                data-row-index=\"1\"\n                style=\"                padding:10px;\"\n                >\n                                3 enfants                <\/td>\n                                            <td class=\"wpdt-cell wpdt-bc-FFFFFF\"\n                                    data-cell-id=\"B2\"\n                data-col-index=\"1\"\n                data-row-index=\"1\"\n                style=\"                padding:10px;\"\n                >\n                                22 372 \u20ac                <\/td>\n                                            <td class=\"wpdt-cell wpdt-bc-FFFFFF\"\n                                    data-cell-id=\"C2\"\n                data-col-index=\"2\"\n                data-row-index=\"1\"\n                style=\"                padding:10px;\"\n                >\n                                27 367 \u20ac                <\/td>\n                                        <\/tr>\n                            <tr class=\"wpdt-cell-row \" >\n                            <td class=\"wpdt-cell wpdt-bc-FFFFFF\"\n                                    data-cell-id=\"A3\"\n                data-col-index=\"0\"\n                data-row-index=\"2\"\n                style=\"                padding:10px;\"\n                >\n                                4 enfants                <\/td>\n                                            <td class=\"wpdt-cell wpdt-bc-FFFFFF\"\n                                    data-cell-id=\"B3\"\n                data-col-index=\"1\"\n                data-row-index=\"2\"\n                style=\"                padding:10px;\"\n                >\n                                26 101 \u20ac                <\/td>\n                                            <td class=\"wpdt-cell wpdt-bc-FFFFFF\"\n                                    data-cell-id=\"C3\"\n                data-col-index=\"2\"\n                data-row-index=\"2\"\n                style=\"                padding:10px;\"\n                >\n                                31 096 \u20ac                <\/td>\n                                        <\/tr>\n                    <\/table>\n<\/div><style id='wpdt-custom-style-259'>\ntable#wpdtSimpleTable-259{ table-layout: fixed !important; }\n.wpdt-bc-F3F9FE { background-color: #F3F9FE !important;}\n.wpdt-bc-FFFFFF { background-color: #FFFFFF !important;}\n<\/style>\n\n<p><b>Plafonds pour percevoir l&rsquo;aide de 196,59 \u20ac par mois :\u00a0<\/b><\/p>\n\n<div class=\"wpdt-c row wpDataTableContainerSimpleTable wpDataTables wpDataTablesWrapper\n\"\n    >\n    <table id=\"wpdtSimpleTable-258\"\n           class=\"wpdtSimpleTable wpDataTable\"\n           data-column=\"3\"\n           data-rows=\"3\"\n           data-wpID=\"258\"\n           data-responsive=\"0\"\n           data-has-header=\"1\">\n\n                    <thead>        <tr class=\"wpdt-cell-row \" >\n                            <th class=\"wpdt-cell wpdt-bc-F3F9FE\"\n                                    data-cell-id=\"A1\"\n                data-col-index=\"0\"\n                data-row-index=\"0\"\n                style=\" width:31.372549019608%;                padding:10px;\"\n                >\n                                Nombre d'enfants \u00e0 charge entre 3 ans et moins de 21 ans                <\/th>\n                                            <th class=\"wpdt-cell wpdt-bc-F3F9FE\"\n                                    data-cell-id=\"B1\"\n                data-col-index=\"1\"\n                data-row-index=\"0\"\n                style=\" width:32.897603485839%;                padding:10px;\"\n                >\n                                Couple avec un seul revenu d\u2019activit\u00e9 (N-2)                <\/th>\n                                            <th class=\"wpdt-cell wpdt-bc-F3F9FE\"\n                                    data-cell-id=\"C1\"\n                data-col-index=\"2\"\n                data-row-index=\"0\"\n                style=\" width:35.729847494553%;                padding:10px;\"\n                >\n                                Parent isol\u00e9 ou couple avec 2 revenus d'activit\u00e9 (N-2)                <\/th>\n                                        <\/tr>\n                    <tbody>        <tr class=\"wpdt-cell-row \" >\n                            <td class=\"wpdt-cell wpdt-bc-FFFFFF\"\n                                    data-cell-id=\"A2\"\n                data-col-index=\"0\"\n                data-row-index=\"1\"\n                style=\"                padding:10px;\"\n                >\n                                3                <\/td>\n                                            <td class=\"wpdt-cell wpdt-bc-FFFFFF\"\n                                    data-cell-id=\"B2\"\n                data-col-index=\"1\"\n                data-row-index=\"1\"\n                style=\"                padding:10px;\"\n                >\n                                Entre 22 372 \u20ac  et 44 735 \u20ac                <\/td>\n                                            <td class=\"wpdt-cell wpdt-bc-FFFFFF\"\n                                    data-cell-id=\"C2\"\n                data-col-index=\"2\"\n                data-row-index=\"1\"\n                style=\"                padding:10px;\"\n                >\n                                Entre 27 367 \u20ac et 54 724 \u20ac                <\/td>\n                                        <\/tr>\n                            <tr class=\"wpdt-cell-row \" >\n                            <td class=\"wpdt-cell wpdt-bc-FFFFFF\"\n                                    data-cell-id=\"A3\"\n                data-col-index=\"0\"\n                data-row-index=\"2\"\n                style=\"                padding:10px;\"\n                >\n                                4                <\/td>\n                                            <td class=\"wpdt-cell wpdt-bc-FFFFFF\"\n                                    data-cell-id=\"B3\"\n                data-col-index=\"1\"\n                data-row-index=\"2\"\n                style=\"                padding:10px;\"\n                >\n                                Entre 26 101 \u20ac et 52 191 \u20ac                <\/td>\n                                            <td class=\"wpdt-cell wpdt-bc-FFFFFF\"\n                                    data-cell-id=\"C3\"\n                data-col-index=\"2\"\n                data-row-index=\"2\"\n                style=\"                padding:10px;\"\n                >\n                                Entre 31 096 \u20ac et 62 180 \u20ac                <\/td>\n                                        <\/tr>\n                    <\/table>\n<\/div><style id='wpdt-custom-style-258'>\ntable#wpdtSimpleTable-258{ table-layout: fixed !important; }\n.wpdt-bc-F3F9FE { background-color: #F3F9FE !important;}\n.wpdt-bc-FFFFFF { background-color: #FFFFFF !important;}\n<\/style>\n\n<h1>Comment faire pour b\u00e9n\u00e9ficier du compl\u00e9ment familial en 2026 ? <img loading=\"lazy\" decoding=\"async\" class=\"alignright wp-image-35871 size-medium\" title=\"Comment faire pour beneficier du complement familial\" src=\"https:\/\/www.mes-allocs.fr\/guides\/wp-content\/uploads\/2021\/08\/Comment-faire-pour-beneficier-du-complement-familial--300x200.jpg\" alt=\"Le complement familial pour qui\" width=\"300\" height=\"200\" srcset=\"https:\/\/www.mes-allocs.fr\/guides\/wp-content\/uploads\/2021\/08\/Comment-faire-pour-beneficier-du-complement-familial--300x200.jpg 300w, https:\/\/www.mes-allocs.fr\/guides\/wp-content\/uploads\/2021\/08\/Comment-faire-pour-beneficier-du-complement-familial--1024x683.jpg 1024w, https:\/\/www.mes-allocs.fr\/guides\/wp-content\/uploads\/2021\/08\/Comment-faire-pour-beneficier-du-complement-familial--768x512.jpg 768w, https:\/\/www.mes-allocs.fr\/guides\/wp-content\/uploads\/2021\/08\/Comment-faire-pour-beneficier-du-complement-familial--600x400.jpg 600w, https:\/\/www.mes-allocs.fr\/guides\/wp-content\/uploads\/2021\/08\/Comment-faire-pour-beneficier-du-complement-familial-.jpg 1280w\" sizes=\"auto, (max-width: 300px) 100vw, 300px\" \/><\/h1>\n<div class=\"list-style\" data-identifier=\"8\">\n<p>Aucune demande n\u2019est \u00e0 effectuer, aucun justificatif n\u2019est \u00e0 produire. Le compl\u00e9ment familial vous est vers\u00e9 automatiquement par votre Caisse d\u2019allocations familiales ou la Mutualit\u00e9 sociale agricole si vous \u00eates d\u00e9j\u00e0 allocataire.<\/p>\n<p>Le compl\u00e9ment familial est vers\u00e9 chaque mois par la CAF ou la MSA d\u00e8s que le plus jeune des enfants atteint son 3\u00e8me anniversaire. Vous n\u2019avez aucune d\u00e9marche \u00e0 faire. L\u2019allocation familiale pour 3 enfants vous est accord\u00e9e automatiquement. Si ce n\u2019est pas le cas, contactez directement votre CAF ou votre MSA.<\/p>\n<\/div>\n<div class=\"BeOpinionWidget\">\n<p>Le compl\u00e9ment familial est vers\u00e9 \u00e0 partir du 3e anniversaire de votre plus jeune enfant. Son versement prend fin\u00a0:<\/p>\n<ul>\n<li>lorsqu&rsquo;il vous reste moins de 3 enfants de moins de 21 ans \u00e0 charge<\/li>\n<li>le mois suivant l&rsquo;arriv\u00e9e d&rsquo;un nouvel enfant de moins de 3\u00a0ans\u00a0;<\/li>\n<li>lorsque vous percevez une prestation de la Paje telle que l&rsquo;allocation de base ou la prestation partag\u00e9e d&rsquo;\u00e9ducation de l&rsquo;enfant.<\/li>\n<\/ul>\n<div class='cta-block'><div class='text'>Simulez vos aides en 2 min.<\/div><a href='' class='app-button fit'>Simulation gratuite<\/a><\/div>\n<\/div>\n<div class=\"rubrique-liee _boxRubricLinked\" data-items=\"8\">\n<div class=\"head-content\">\n<h1>Le compl\u00e9ment familial peut-il \u00eatre cumul\u00e9 avec d&rsquo;autres aides ? <img loading=\"lazy\" decoding=\"async\" class=\"alignright wp-image-35872 size-medium\" title=\"Le complement familial peut etre cumule avec dautres aides\" src=\"https:\/\/www.mes-allocs.fr\/guides\/wp-content\/uploads\/2021\/08\/Le-complement-familial-peut-etre-cumule-avec-dautres-aides--300x200.jpg\" alt=\"Le complement familial pour qui\" width=\"300\" height=\"200\" srcset=\"https:\/\/www.mes-allocs.fr\/guides\/wp-content\/uploads\/2021\/08\/Le-complement-familial-peut-etre-cumule-avec-dautres-aides--300x200.jpg 300w, https:\/\/www.mes-allocs.fr\/guides\/wp-content\/uploads\/2021\/08\/Le-complement-familial-peut-etre-cumule-avec-dautres-aides--1024x682.jpg 1024w, https:\/\/www.mes-allocs.fr\/guides\/wp-content\/uploads\/2021\/08\/Le-complement-familial-peut-etre-cumule-avec-dautres-aides--768x512.jpg 768w, https:\/\/www.mes-allocs.fr\/guides\/wp-content\/uploads\/2021\/08\/Le-complement-familial-peut-etre-cumule-avec-dautres-aides--600x400.jpg 600w, https:\/\/www.mes-allocs.fr\/guides\/wp-content\/uploads\/2021\/08\/Le-complement-familial-peut-etre-cumule-avec-dautres-aides-.jpg 1280w\" sizes=\"auto, (max-width: 300px) 100vw, 300px\" \/><\/h1>\n<p class=\"amp-wp-7d27179\" data-amp-original-style=\"text-align: justify;\"><span class=\"amp-wp-fe3f5cc\" data-amp-original-style=\"font-weight: 400;\">Vous pouvez \u00e9galement cumuler le compl\u00e9ment familial avec plusieurs aides (voir ci-dessous).<\/span><\/p>\n<h2 data-amp-original-style=\"text-align: justify;\">Le compl\u00e9ment libre choix du Mode de Garde<\/h2>\n<p id=\"d32380e22\">Le compl\u00e9ment de libre choix du mode de garde (CMG) fait partie de la prestation d&rsquo;accueil du jeune enfant (Paje). Il s&rsquo;agit d&rsquo;une prise en charge partielle ou totale de la r\u00e9mun\u00e9ration d&rsquo;une assistante maternelle agr\u00e9\u00e9e. Son montant varie selon le nombre d&rsquo;enfants \u00e0 charge, l&rsquo;\u00e2ge de votre enfant et vos ressources. Si vous faites garder votre enfant par un(e) salari\u00e9(e) \u00e0 votre domicile ou une assistante maternelle, le co\u00fbt horaire de la garde choisie et le nombre d&rsquo;heures de garde effectu\u00e9es par mois auront \u00e9galement un impact sur le calcul du montant de votre CMG.<\/p>\n<p>Un minimum de <span class=\"prix\">15\u00a0%<\/span> des frais reste \u00e0 votre charge, seulement si vous avez recours \u00e0 un organisme ou une micro-cr\u00e8che.<\/p>\n<h2>La prestation partag\u00e9e d\u2019\u00e9ducation<\/h2>\n<div>\n<div id=\"intro\" class=\"lead\">\n<p>La prestation partag\u00e9e d&rsquo;\u00e9ducation de l&rsquo;enfant (PreParE) fait partie de la prestation d&rsquo;accueil du jeune enfant (Paje). Elle permet \u00e0 un ou aux deux parents ayant au moins un enfant \u00e0 charge de moins de 3 ans (ou moins de 20 ans en cas d&rsquo;adoption) de cesser ou de r\u00e9duire leur activit\u00e9 professionnelle pour s&rsquo;en occuper. La dur\u00e9e de versement d\u00e9pend du nombre d&rsquo;enfant(s) \u00e0 charge et de la situation familiale.<\/p>\n<\/div>\n<\/div>\n<h2>L\u2019allocation de soutien familial<\/h2>\n<\/div>\n<\/div>\n<aside class=\"bloc_notes grid\"><\/aside>\n<div>\n<div id=\"intro\" class=\"lead\">\n<p>L\u2019allocation de soutien familial (ASF) est une aide financi\u00e8re vers\u00e9e aux parents isol\u00e9s qui \u00e9l\u00e8vent seuls un enfant ou dont le montant de la pension alimentaire est faible.<\/p>\n<p>L\u2019ASF est vers\u00e9e par la Caisse d\u2019allocations familiales (CAF) ou la Mutualit\u00e9 sociale agricole (MSA) selon la caisse dont d\u00e9pend l\u2019assur\u00e9.<\/p>\n<p>L\u2019ASF est \u00e9galement d\u00e9livr\u00e9e \u00e0 titre d\u2019avance lorsque la pension alimentaire n\u2019est pas vers\u00e9e par l\u2019autre parent. L\u2019organisme qui avance les frais engage une proc\u00e9dure de recouvrement pour r\u00e9cup\u00e9rer la pension alimentaire\u00a0aupr\u00e8s de l\u2019autre parent.<\/p>\n<div class='cta-block'><div class='text'>Simulez vos aides en 2 min.<\/div><a href='' class='app-button fit'>Simulation gratuite<\/a><\/div>\n<\/div>\n<\/div>\n","protected":false},"excerpt":{"rendered":"<p>[Mis \u00e0 jour le 18\/02\/2026] Le compl\u00e9ment familial est une allocation familiale dont vous pouvez b\u00e9n\u00e9ficier si vous avez des enfants. L&rsquo;\u00e9quipe de Mes-Allocs vous explique \u00e0 qui est destin\u00e9e cette aide. \u00c0 qui s&rsquo;adresse le compl\u00e9ment familial ? Le compl\u00e9ment familial est une prestation familiale de la PAJE (prestation d&rsquo;accueil du jeune enfant). Il [&hellip;]<\/p>\n","protected":false},"author":7,"featured_media":35869,"comment_status":"open","ping_status":"open","sticky":false,"template":"","format":"standard","meta":{"amp_status":"","footnotes":""},"categories":[10,13216],"tags":[],"class_list":["post-35736","post","type-post","status-publish","format-standard","has-post-thumbnail","hentry","category-allocations-familiales","category-complement-familial"],"yoast_head":"<!-- This site is optimized with the Yoast SEO plugin v14.9 - https:\/\/yoast.com\/wordpress\/plugins\/seo\/ -->\n<title>Compl\u00e9ment familial : quelles conditions pour en b\u00e9n\u00e9ficier en 2026 ?<\/title>\n<meta name=\"description\" content=\"Le compl\u00e9ment familial est une prestation sociale accord\u00e9e par la CAF. L&#039;\u00e9quipe de Mes-Allocs.fr vous explique quelles conditions remplir.\" \/>\n<meta name=\"robots\" content=\"index, follow, max-snippet:-1, max-image-preview:large, max-video-preview:-1\" \/>\n<link rel=\"canonical\" href=\"https:\/\/www.mes-allocs.fr\/guides\/allocations-familiales\/complement-familial\/conditions-complement-familial\/\" \/>\n<meta property=\"og:locale\" content=\"fr_FR\" \/>\n<meta property=\"og:type\" content=\"article\" \/>\n<meta property=\"og:title\" content=\"Compl\u00e9ment familial : quelles conditions pour en b\u00e9n\u00e9ficier en 2026 ?\" \/>\n<meta property=\"og:description\" content=\"Le compl\u00e9ment familial est une prestation sociale accord\u00e9e par la CAF. L&#039;\u00e9quipe de Mes-Allocs.fr vous explique quelles conditions remplir.\" \/>\n<meta property=\"og:url\" content=\"https:\/\/www.mes-allocs.fr\/guides\/allocations-familiales\/complement-familial\/conditions-complement-familial\/\" \/>\n<meta property=\"og:site_name\" content=\"Mes-Allocs.fr\" \/>\n<meta property=\"article:published_time\" content=\"2021-08-25T07:19:58+00:00\" \/>\n<meta property=\"article:modified_time\" content=\"2026-02-18T14:46:34+00:00\" \/>\n<meta property=\"og:image\" content=\"https:\/\/www.mes-allocs.fr\/guides\/wp-content\/uploads\/2021\/08\/Le-complement-familial-pour-qui-.jpg?wsr\" \/>\n\t<meta property=\"og:image:width\" content=\"1280\" \/>\n\t<meta property=\"og:image:height\" content=\"853\" \/>\n<meta name=\"twitter:card\" content=\"summary_large_image\" \/>\n<script type=\"application\/ld+json\" class=\"yoast-schema-graph\">{\"@context\":\"https:\/\/schema.org\",\"@graph\":[{\"@type\":\"WebSite\",\"@id\":\"https:\/\/www.mes-allocs.fr\/guides\/#website\",\"url\":\"https:\/\/www.mes-allocs.fr\/guides\/\",\"name\":\"Mes-Allocs.fr\",\"description\":\"\",\"potentialAction\":[{\"@type\":\"SearchAction\",\"target\":\"https:\/\/www.mes-allocs.fr\/guides\/?s={search_term_string}\",\"query-input\":\"required name=search_term_string\"}],\"inLanguage\":\"fr-FR\"},{\"@type\":\"ImageObject\",\"@id\":\"https:\/\/www.mes-allocs.fr\/guides\/allocations-familiales\/complement-familial\/conditions-complement-familial\/#primaryimage\",\"inLanguage\":\"fr-FR\",\"url\":\"https:\/\/www.mes-allocs.fr\/guides\/wp-content\/uploads\/2021\/08\/Le-complement-familial-pour-qui-.jpg?wsr\",\"width\":1280,\"height\":853,\"caption\":\"Le complement familial pour qui\"},{\"@type\":\"WebPage\",\"@id\":\"https:\/\/www.mes-allocs.fr\/guides\/allocations-familiales\/complement-familial\/conditions-complement-familial\/#webpage\",\"url\":\"https:\/\/www.mes-allocs.fr\/guides\/allocations-familiales\/complement-familial\/conditions-complement-familial\/\",\"name\":\"Compl\\u00e9ment familial : quelles conditions pour en b\\u00e9n\\u00e9ficier en 2026 ?\",\"isPartOf\":{\"@id\":\"https:\/\/www.mes-allocs.fr\/guides\/#website\"},\"primaryImageOfPage\":{\"@id\":\"https:\/\/www.mes-allocs.fr\/guides\/allocations-familiales\/complement-familial\/conditions-complement-familial\/#primaryimage\"},\"datePublished\":\"2021-08-25T07:19:58+00:00\",\"dateModified\":\"2026-02-18T14:46:34+00:00\",\"author\":{\"@id\":\"https:\/\/www.mes-allocs.fr\/guides\/#\/schema\/person\/1c4837d5703727cb02ce84583b5a44aa\"},\"description\":\"Le compl\\u00e9ment familial est une prestation sociale accord\\u00e9e par la CAF. L'\\u00e9quipe de Mes-Allocs.fr vous explique quelles conditions remplir.\",\"inLanguage\":\"fr-FR\"},{\"@type\":\"Person\",\"@id\":\"https:\/\/www.mes-allocs.fr\/guides\/#\/schema\/person\/1c4837d5703727cb02ce84583b5a44aa\",\"name\":\"Fabiola\",\"image\":{\"@type\":\"ImageObject\",\"@id\":\"https:\/\/www.mes-allocs.fr\/guides\/#personlogo\",\"inLanguage\":\"fr-FR\",\"url\":\"https:\/\/www.mes-allocs.fr\/guides\/wp-content\/uploads\/2021\/06\/fabiola-150x150.png\",\"caption\":\"Fabiola\"},\"description\":\"Fabiola est r\\u00e9dactrice au sein de l'\\u00e9quipe Mes Allocs, sp\\u00e9cialis\\u00e9e en sciences politiques et affaires publiques. Dipl\\u00f4m\\u00e9e de l'HEIP, elle rejoint Mes Allocs apr\\u00e8s une premi\\u00e8re exp\\u00e9rience \\u00e0 l'Assembl\\u00e9e Nationale.\",\"sameAs\":[\"https:\/\/www.linkedin.com\/in\/cecilia-philippe-b-8a8085195\"]}]}<\/script>\n<!-- \/ Yoast SEO plugin. -->","amp_validity":null,"acf":{"faq":{"1":{"question":"Qui a le droit au compl\u00e9ment familial ? ","answer":"Le compl\u00e9ment familial est une prestation vers\u00e9e sous conditions de revenus aux personnes ayant au moins 3 enfants de plus de 3 ans \u00e0 charge. "},"2":{"question":"Qu'est-ce que le compl\u00e9ment familial ?","answer":"Le compl\u00e9ment familial est une aide financi\u00e8re vers\u00e9e par la Caisse d\u2019allocations familiales (CAF) ou la Mutualit\u00e9 sociale agricole (MSA), sous conditions, aux personnes ayant au moins 3 enfants \u00e0 charge.\r\n"},"3":{"question":"Comment obtenir l'aide ?","answer":"Il n'y a pas de d\u00e9marche \u00e0 faire pour obtenir cette aide financi\u00e8re. \r\n"},"4":{"question":"Quand prend fin le versement du compl\u00e9ment familial ?","answer":"Vous ne pourrez plus b\u00e9n\u00e9ficier de l'aide dans les cas suivants : \r\n- vous n'avez plus 3 enfants \u00e0 charge\r\n- en cas de naissance ou d'adoption d'un enfant \u00e2g\u00e9 de moins de 3 ans\r\n- si vous percevez l'allocation de base, le compl\u00e9ment libre choix d'activit\u00e9 ou de la prestation partag\u00e9e d'\u00e9ducation de l'enfant de la\u00a0Paje pour un nouvel enfant.\r\n"},"5":{"question":"Pourquoi n'ai-je plus droit au compl\u00e9ment familial ?","answer":"Vous ne recevez plus le compl\u00e9ment familial parce que vos ressources annuelles (N-2) d\u00e9passent d\u00e9sormais les plafonds fix\u00e9s, parce que vous n\u2019avez plus au moins trois enfants \u00e0 charge \u00e2g\u00e9s de 3 \u00e0 21 ans, ou \u00e0 la suite d\u2019une naissance ou d\u2019une adoption d\u2019un enfant de moins de 3 ans (ou si vous percevez l\u2019allocation de base de la PAJE)."},"6":{"question":"Quelles sont les conditions pour percevoir le compl\u00e9ment familial ?","answer":"Pour percevoir le compl\u00e9ment familial en 2026, vous devez avoir au moins 3 enfants \u00e0 charge \u00e2g\u00e9s de 3 \u00e0 21 ans et des ressources annuelles (2024) inf\u00e9rieures aux plafonds correspondant \u00e0 votre situation familiale."},"7":{"question":"","answer":""},"8":{"question":"","answer":""},"9":{"question":"","answer":""},"10":{"question":"","answer":""},"11":{"question":"","answer":""},"12":{"question":"","answer":""},"13":{"question":"","answer":""},"14":{"question":"","answer":""},"15":{"question":"","answer":""},"16":{"question":"","answer":""}}},"_links":{"self":[{"href":"https:\/\/www.mes-allocs.fr\/guides\/wp-json\/wp\/v2\/posts\/35736","targetHints":{"allow":["GET"]}}],"collection":[{"href":"https:\/\/www.mes-allocs.fr\/guides\/wp-json\/wp\/v2\/posts"}],"about":[{"href":"https:\/\/www.mes-allocs.fr\/guides\/wp-json\/wp\/v2\/types\/post"}],"author":[{"embeddable":true,"href":"https:\/\/www.mes-allocs.fr\/guides\/wp-json\/wp\/v2\/users\/7"}],"replies":[{"embeddable":true,"href":"https:\/\/www.mes-allocs.fr\/guides\/wp-json\/wp\/v2\/comments?post=35736"}],"version-history":[{"count":27,"href":"https:\/\/www.mes-allocs.fr\/guides\/wp-json\/wp\/v2\/posts\/35736\/revisions"}],"predecessor-version":[{"id":109163,"href":"https:\/\/www.mes-allocs.fr\/guides\/wp-json\/wp\/v2\/posts\/35736\/revisions\/109163"}],"wp:featuredmedia":[{"embeddable":true,"href":"https:\/\/www.mes-allocs.fr\/guides\/wp-json\/wp\/v2\/media\/35869"}],"wp:attachment":[{"href":"https:\/\/www.mes-allocs.fr\/guides\/wp-json\/wp\/v2\/media?parent=35736"}],"wp:term":[{"taxonomy":"category","embeddable":true,"href":"https:\/\/www.mes-allocs.fr\/guides\/wp-json\/wp\/v2\/categories?post=35736"},{"taxonomy":"post_tag","embeddable":true,"href":"https:\/\/www.mes-allocs.fr\/guides\/wp-json\/wp\/v2\/tags?post=35736"}],"curies":[{"name":"wp","href":"https:\/\/api.w.org\/{rel}","templated":true}]}}