{"id":35566,"date":"2021-08-25T16:40:34","date_gmt":"2021-08-25T14:40:34","guid":{"rendered":"https:\/\/www.mes-allocs.fr\/guides\/?p=35566"},"modified":"2025-07-18T16:21:13","modified_gmt":"2025-07-18T14:21:13","slug":"recherche-emploi-infirmier","status":"publish","type":"post","link":"https:\/\/www.mes-allocs.fr\/guides\/reconversion-professionnelle\/aide-recherche-emploi\/recherche-emploi-infirmier\/","title":{"rendered":"La recherche d&rsquo;un emploi d&rsquo;infirmier"},"content":{"rendered":"<p><img loading=\"lazy\" decoding=\"async\" class=\"alignnone wp-image-35593 size-large\" title=\"Recherche emploi infirmier\" src=\"https:\/\/www.mes-allocs.fr\/guides\/wp-content\/uploads\/2021\/08\/recherche-emploi-infirmiere--e1629741175418-1024x278.jpg\" alt=\"Recherche emploi infirmier\" width=\"1024\" height=\"278\" srcset=\"https:\/\/www.mes-allocs.fr\/guides\/wp-content\/uploads\/2021\/08\/recherche-emploi-infirmiere--e1629741175418-1024x278.jpg 1024w, https:\/\/www.mes-allocs.fr\/guides\/wp-content\/uploads\/2021\/08\/recherche-emploi-infirmiere--e1629741175418-300x82.jpg 300w, https:\/\/www.mes-allocs.fr\/guides\/wp-content\/uploads\/2021\/08\/recherche-emploi-infirmiere--e1629741175418-768x209.jpg 768w, https:\/\/www.mes-allocs.fr\/guides\/wp-content\/uploads\/2021\/08\/recherche-emploi-infirmiere--e1629741175418-600x163.jpg 600w, https:\/\/www.mes-allocs.fr\/guides\/wp-content\/uploads\/2021\/08\/recherche-emploi-infirmiere--e1629741175418.jpg 1280w\" sizes=\"auto, (max-width: 1024px) 100vw, 1024px\" \/><\/p>\n<p style=\"text-align: justify;\"><strong>Si vous \u00eates \u00e0 la recherche d&rsquo;un emploi dans le domaine du soin, vous pouvez vous tourner vers le m\u00e9tier d&rsquo;infirmier. Ce m\u00e9tier est aussi accessible en formation continue si vous \u00eates en <a href=\"https:\/\/www.mes-allocs.fr\/guides\/reconversion-professionnelle\/\">reconversion professionnelle<\/a>. D\u00e9couvrez comment effectuer votre recherche d&#8217;emploi pour le poste d&rsquo;infirmier.<\/strong><\/p>\n<div class='cta-block'><div class='text'>Coaching \u00e0 distance pay\u00e9 par vos aides formation.<\/div><a href='https:\/\/www.formademia.fr\/formulaire\/coaching' class='app-button fit'>V\u00e9rifier votre \u00e9ligibilit\u00e9<\/a><\/div>\n<h1>En quoi consiste le m\u00e9tier d&rsquo;infirmier ?<\/h1>\n<p>Un infirmier \/ \u00e8re remplit des fonctions essentielles dans un \u00e9tablissement de sant\u00e9. Proche des patients, il leur prodigue les soins n\u00e9cessaires \u00e0 leur r\u00e9tablissement tout en leur apportant un grand soutien moral.<\/p>\n<p>Les infirmiers dispensent des soins de nature pr\u00e9ventive, curative ou palliative, visant \u00e0 promouvoir, maintenir et restaurer la sant\u00e9, ils contribuent \u00e0 l&rsquo;\u00e9ducation \u00e0 la sant\u00e9 et \u00e0 l&rsquo;accompagnement des personnes ou des groupes dans leur parcours de soins en lien avec leur projet de vie.<\/p>\n<h2>Missions et r\u00f4le de l&rsquo;infirmier<\/h2>\n<p>L&rsquo;infirmier r\u00e9alise des soins destin\u00e9s \u00e0 maintenir ou restaurer la sant\u00e9 de la personne malade. Il surveille l&rsquo;\u00e9tat de sant\u00e9 des patients et coordonne les soins pendant leur hospitalisation et lors de leur sortie. Il agit, soit \u00e0 son initiative, soit selon les prescriptions du m\u00e9decin : entretiens avec le patient et sa famille, \u00e9ducation th\u00e9rapeutique, pr\u00e9paration et distribution de m\u00e9dicaments, soins de nature technique (pansements, pr\u00e9l\u00e8vements, prise de tension, injections\u2026)<br \/>\nIl participe \u00e0 la r\u00e9daction et la mise \u00e0 jour du dossier du malade, ainsi qu&rsquo;\u00e0 l&rsquo;information et \u00e0 l&rsquo;accompagnement du patient et de son entourage.<\/p>\n<p><iframe loading=\"lazy\" title=\"La reconversion professionnelle\" width=\"500\" height=\"281\" src=\"https:\/\/www.youtube.com\/embed\/EiVUthswxl0?feature=oembed\" frameborder=\"0\" allow=\"accelerometer; autoplay; clipboard-write; encrypted-media; gyroscope; picture-in-picture; web-share\" referrerpolicy=\"strict-origin-when-cross-origin\" allowfullscreen><\/iframe><\/p>\n<h2>Comp\u00e9tences requises pour exercer ce m\u00e9tier<\/h2>\n<p>L\u2019infirmier(e) doit faire preuve de qualit\u00e9s humaines, relationnelles et d\u2019une grande r\u00e9sistance psychologique, en parall\u00e8le de comp\u00e9tences m\u00e9dicales. En effet, l\u2019infirmier(e) est confront\u00e9(e) au quotidien aux souffrances, aux d\u00e9tresses et parfois \u00e0 la mort des patients.<\/p>\n<p>Il\/elle doit \u00eatre en capacit\u00e9 d\u2019analyser et d\u2019observer attentivement, l\u2019infirmier(e) doit faire preuve de r\u00e9activit\u00e9, d\u2019adaptabilit\u00e9 et de polyvalence.<\/p>\n<p>L\u2019infirmier(e) doit faire poss\u00e9der une grande rigueur, et faire preuve de patience et d\u2019un contr\u00f4le de soi.<\/p>\n<p>Vous n\u2019\u00eates pas certain d&rsquo;avoir les comp\u00e9tences requises ? D\u00e9couvrez les aides des <a href=\"https:\/\/www.mes-allocs.fr\/guides\/reconversion-professionnelle\/aide-recherche-emploi\/\">organismes sp\u00e9cialis\u00e9s dans l\u2019orientation professionnelle<\/a>.<\/p>\n<h2>Conditions d&rsquo;exercice de l&rsquo;activit\u00e9<\/h2>\n<p>L&rsquo;infirmier peut \u00eatre amen\u00e9 \u00e0 travailler la nuit, le week-end et les jours f\u00e9ri\u00e9s.<\/p>\n<p>Le m\u00e9tier d&rsquo;infirmier s&rsquo;exerce aussi \u00e0 l&rsquo;h\u00f4pital, en clinique ou en ville.<\/p>\n<p>Le m\u00e9tier d&rsquo;infirmier est extr\u00eamement vari\u00e9\u00a0: l&rsquo;infirmier peut \u00eatre amen\u00e9 \u00e0 travailler de fa\u00e7on plut\u00f4t \u00ab\u00a0solitaire\u00a0\u00bb (infirmier \u00e0 domicile) ou en \u00e9quipe (infirmier en service hospitalier). Il peut exercer un m\u00e9tier tr\u00e8s technique (service de r\u00e9animation), ou tr\u00e8s relationnel (service de psychiatrie). Il peut prendre en charge des patients au long cours, avec lesquels il noue des relations tr\u00e8s proches (patients \u00e2g\u00e9s, patients dialys\u00e9s par exemple).<\/p>\n<h1 class=\"job-title\">Quelles \u00e9tudes et formations pour exercer en tant qu&rsquo;infirmier ?<\/h1>\n<p>Afin d\u2019exercer le m\u00e9tier d\u2019infirmier(e) il est obligatoire d\u2019obtenir le <a href=\"https:\/\/www.mes-allocs.fr\/guides\/reconversion-professionnelle\/aide-recherche-emploi\/recherche-emploi-infirmiere\/diplome-infirmiere\/\">Dipl\u00f4me d\u2019Etat d\u2019Infirmier<\/a> (DEI) au sein d\u2019un Institut de Formation en Soins Infirmiers (IFSI). Ce dipl\u00f4me est accessible par un concours d\u2019entr\u00e9e.<\/p>\n<p>L&rsquo;acc\u00e8s aux \u00e9tudes d&rsquo;infirmiers se fait d\u00e9sormais via la plateforme PARCOURSUP (les \u00e9tudiants formulent le voeu \u00ab\u00a0formation en soins infirmiers\u00a0\u00bb et des sous-voeux permettant de candidater pour un IFSI) de pr\u00e9f\u00e9rence apr\u00e8s un bac g\u00e9n\u00e9ral ou un bac techno ST2S. Le nombre de places en Ifsi devrait \u00eatre revu \u00e0 la hausse progressivement dans les 5 ann\u00e9es \u00e0 venir pour faire face aux besoins croissants.<\/p>\n<p>Les laur\u00e9ats sont inscrits \u00e0 l&rsquo;universit\u00e9 et acc\u00e8dent aux services universitaires. Ils\u00a0suivent\u00a0une formation de 3 ans sanctionn\u00e9e par le\u00a0dipl\u00f4me d&rsquo;\u00e9tat d&rsquo;infirmier (niveau\u00a0licence).\u00a0 Apprentissage possible d\u00e8s la 2e ann\u00e9e.<\/p>\n<p>Les aides-soignants et les auxiliaires de pu\u00e9riculture conservent une voie d\u2019acc\u00e8s sp\u00e9cifique au titre de la promotion professionnelle.<\/p>\n<p>Les infirmiers de l&rsquo;\u00e9ducation nationale et de l&rsquo;enseignement sup\u00e9rieur doivent en sus passer un concours d&rsquo;entr\u00e9e pour int\u00e9grer la fonction publique d&rsquo;Etat. Il comprend une \u00e9preuve orale d&rsquo;admissibilit\u00e9 et une \u00e9preuve orale d&rsquo;admission. Il est organis\u00e9 par les recteurs d&rsquo;acad\u00e9mie et les vice-recteurs.<\/p>\n<h1>Le salaire d&rsquo;un infirmier<\/h1>\n<p>Le\u00a0salaire d\u2019un\u00a0infirmier dans la fonction publique hospitali\u00e8re (apr\u00e8s le Segur de la sant\u00e9) est :<\/p>\n<ul>\n<li>apr\u00e8s 1 an de carri\u00e8re : 2 026 \u20ac net mensuel<\/li>\n<li>apr\u00e8s 5 ans de carri\u00e8re :\u00a0 2 207\u00a0\u20ac net mensuel<\/li>\n<li>apr\u00e8s 20 ans de carri\u00e8re :\u00a0 2 924\u00a0\u20ac net mensuel<\/li>\n<li>en fin de carri\u00e8re :\u00a0\u00a03 398 \u20ac net mensuel<\/li>\n<\/ul>\n<p>Dans la fonction publique hospitali\u00e8re, les infirmiers sont r\u00e9mun\u00e9r\u00e9s en fonction de leur grade et \u00e9chelon. Au traitement de base s&rsquo;ajoute diverses primes minimes\u00a0et\u00a0une bonification indiciaire pour les infirmiers exer\u00e7ant dans certains\u00a0services.<\/p>\n<p>En lib\u00e9ral, un infirmier\u00a0gagne environ 5 000 \u20ac brut mensuel \u00e0 condition de ne pas compter ses heures.<\/p>\n<h1>\u00c9volution de carri\u00e8re possible<\/h1>\n<p>Apr\u00e8s quelques ann\u00e9es d\u2019exp\u00e9rience et r\u00e9ussite \u00e0 un concours, les infirmiers\u00a0peuvent se sp\u00e9cialiser : infirmier anesth\u00e9siste, infirmier de bloc op\u00e9ratoire, infirmier pu\u00e9riculteur. Cette derni\u00e8re sp\u00e9cialit\u00e9 se pr\u00e9pare en un an.<\/p>\n<p>L&rsquo;infirmi\u00e8re\u00a0peut aussi devenir cadre de sant\u00e9 apr\u00e8s 4 ans d&rsquo;exp\u00e9rience, formateur dans un IFSI voire directeur des soins.<\/p>\n<p>Possibilit\u00e9 \u00e9galement de devenir infirmier en pratique avanc\u00e9e en passant le DEIPA (dipl\u00f4me d&rsquo;Etat d&rsquo;infirmier en pratique avanc\u00e9e) qui proposent\u00a04 options :\u00a0\u00a0pathologies chroniques stabilis\u00e9es, oncologie et h\u00e9mato-oncologie,\u00a0maladies r\u00e9nales chroniques, dialyse et transplantation r\u00e9nale, psychiatrie et sant\u00e9 mentale).<\/p>\n<p>Pareillement, les infirmiers qui le souhaitent peuvent opter pour la fonction d&rsquo;assistant m\u00e9dical\u00a0aupr\u00e8s des cabinets de g\u00e9n\u00e9ralistes ou de sp\u00e9cialistes ou d&rsquo;infirmier coordinateur (IDEC) en maison de retraite.<\/p>\n<div class='cta-block'><div class='text'>Coaching \u00e0 distance pay\u00e9 par vos aides formation.<\/div><a href='https:\/\/www.formademia.fr\/formulaire\/coaching' class='app-button fit'>V\u00e9rifier votre \u00e9ligibilit\u00e9<\/a><\/div>\n","protected":false},"excerpt":{"rendered":"<p>Si vous \u00eates \u00e0 la recherche d&rsquo;un emploi dans le domaine du soin, vous pouvez vous tourner vers le m\u00e9tier d&rsquo;infirmier. Ce m\u00e9tier est aussi accessible en formation continue si vous \u00eates en reconversion professionnelle. D\u00e9couvrez comment effectuer votre recherche d&#8217;emploi pour le poste d&rsquo;infirmier. En quoi consiste le m\u00e9tier d&rsquo;infirmier ? Un infirmier \/ [&hellip;]<\/p>\n","protected":false},"author":7,"featured_media":35592,"comment_status":"open","ping_status":"open","sticky":false,"template":"","format":"standard","meta":{"amp_status":"","footnotes":""},"categories":[8789,5081],"tags":[],"class_list":["post-35566","post","type-post","status-publish","format-standard","has-post-thumbnail","hentry","category-aide-recherche-emploi","category-reconversion-professionnelle"],"yoast_head":"<!-- This site is optimized with the Yoast SEO plugin v14.9 - https:\/\/yoast.com\/wordpress\/plugins\/seo\/ -->\n<title>La recherche d&#039;un emploi d&#039;infirmier | Mes-Allocs.fr<\/title>\n<meta name=\"description\" content=\"\u00c0 la recherche d&#039;un nouvel emploi ? Le m\u00e9tier d&#039;infirmier est peut-\u00eatre celui qui est fait pour vous. D\u00e9couvrez-le gr\u00e2ce \u00e0 Mes Allocs.\" \/>\n<meta name=\"robots\" content=\"index, follow, max-snippet:-1, max-image-preview:large, max-video-preview:-1\" \/>\n<link rel=\"canonical\" href=\"https:\/\/www.mes-allocs.fr\/guides\/reconversion-professionnelle\/aide-recherche-emploi\/recherche-emploi-infirmier\/\" \/>\n<meta property=\"og:locale\" content=\"fr_FR\" \/>\n<meta property=\"og:type\" content=\"article\" \/>\n<meta property=\"og:title\" content=\"La recherche d&#039;un emploi d&#039;infirmier | Mes-Allocs.fr\" \/>\n<meta property=\"og:description\" content=\"\u00c0 la recherche d&#039;un nouvel emploi ? Le m\u00e9tier d&#039;infirmier est peut-\u00eatre celui qui est fait pour vous. D\u00e9couvrez-le gr\u00e2ce \u00e0 Mes Allocs.\" \/>\n<meta property=\"og:url\" content=\"https:\/\/www.mes-allocs.fr\/guides\/reconversion-professionnelle\/aide-recherche-emploi\/recherche-emploi-infirmier\/\" \/>\n<meta property=\"og:site_name\" content=\"Mes-Allocs.fr\" \/>\n<meta property=\"article:published_time\" content=\"2021-08-25T14:40:34+00:00\" \/>\n<meta property=\"article:modified_time\" content=\"2025-07-18T14:21:13+00:00\" \/>\n<meta property=\"og:image\" content=\"https:\/\/www.mes-allocs.fr\/guides\/wp-content\/uploads\/2021\/08\/Tout-savoir-sur-la-recherche-emploi-infirmiere.jpg?wsr\" \/>\n\t<meta property=\"og:image:width\" content=\"1280\" \/>\n\t<meta property=\"og:image:height\" content=\"914\" \/>\n<meta name=\"twitter:card\" content=\"summary_large_image\" \/>\n<script type=\"application\/ld+json\" class=\"yoast-schema-graph\">{\"@context\":\"https:\/\/schema.org\",\"@graph\":[{\"@type\":\"WebSite\",\"@id\":\"https:\/\/www.mes-allocs.fr\/guides\/#website\",\"url\":\"https:\/\/www.mes-allocs.fr\/guides\/\",\"name\":\"Mes-Allocs.fr\",\"description\":\"\",\"potentialAction\":[{\"@type\":\"SearchAction\",\"target\":\"https:\/\/www.mes-allocs.fr\/guides\/?s={search_term_string}\",\"query-input\":\"required name=search_term_string\"}],\"inLanguage\":\"fr-FR\"},{\"@type\":\"ImageObject\",\"@id\":\"https:\/\/www.mes-allocs.fr\/guides\/reconversion-professionnelle\/aide-recherche-emploi\/recherche-emploi-infirmier\/#primaryimage\",\"inLanguage\":\"fr-FR\",\"url\":\"https:\/\/www.mes-allocs.fr\/guides\/wp-content\/uploads\/2021\/08\/Tout-savoir-sur-la-recherche-emploi-infirmiere.jpg?wsr\",\"width\":1280,\"height\":914,\"caption\":\"Recherche emploi infirmier\"},{\"@type\":\"WebPage\",\"@id\":\"https:\/\/www.mes-allocs.fr\/guides\/reconversion-professionnelle\/aide-recherche-emploi\/recherche-emploi-infirmier\/#webpage\",\"url\":\"https:\/\/www.mes-allocs.fr\/guides\/reconversion-professionnelle\/aide-recherche-emploi\/recherche-emploi-infirmier\/\",\"name\":\"La recherche d'un emploi d'infirmier | Mes-Allocs.fr\",\"isPartOf\":{\"@id\":\"https:\/\/www.mes-allocs.fr\/guides\/#website\"},\"primaryImageOfPage\":{\"@id\":\"https:\/\/www.mes-allocs.fr\/guides\/reconversion-professionnelle\/aide-recherche-emploi\/recherche-emploi-infirmier\/#primaryimage\"},\"datePublished\":\"2021-08-25T14:40:34+00:00\",\"dateModified\":\"2025-07-18T14:21:13+00:00\",\"author\":{\"@id\":\"https:\/\/www.mes-allocs.fr\/guides\/#\/schema\/person\/1c4837d5703727cb02ce84583b5a44aa\"},\"description\":\"\\u00c0 la recherche d'un nouvel emploi ? Le m\\u00e9tier d'infirmier est peut-\\u00eatre celui qui est fait pour vous. D\\u00e9couvrez-le gr\\u00e2ce \\u00e0 Mes Allocs.\",\"inLanguage\":\"fr-FR\"},{\"@type\":\"Person\",\"@id\":\"https:\/\/www.mes-allocs.fr\/guides\/#\/schema\/person\/1c4837d5703727cb02ce84583b5a44aa\",\"name\":\"Fabiola\",\"image\":{\"@type\":\"ImageObject\",\"@id\":\"https:\/\/www.mes-allocs.fr\/guides\/#personlogo\",\"inLanguage\":\"fr-FR\",\"url\":\"https:\/\/www.mes-allocs.fr\/guides\/wp-content\/uploads\/2021\/06\/fabiola-150x150.png\",\"caption\":\"Fabiola\"},\"description\":\"Fabiola est r\\u00e9dactrice au sein de l'\\u00e9quipe Mes Allocs, sp\\u00e9cialis\\u00e9e en sciences politiques et affaires publiques. Dipl\\u00f4m\\u00e9e de l'HEIP, elle rejoint Mes Allocs apr\\u00e8s une premi\\u00e8re exp\\u00e9rience \\u00e0 l'Assembl\\u00e9e Nationale.\",\"sameAs\":[\"https:\/\/www.linkedin.com\/in\/cecilia-philippe-b-8a8085195\"]}]}<\/script>\n<!-- \/ Yoast SEO plugin. -->","amp_validity":null,"acf":{"faq":{"1":{"question":"Qu'est-ce que le m\u00e9tier d'infirmi\u00e8re ?","answer":"L'infirmier r\u00e9alise des soins destin\u00e9s \u00e0 maintenir ou restaurer la sant\u00e9 de la personne malade. Il surveille l'\u00e9tat de sant\u00e9 des patients et coordonne les soins pendant leur hospitalisation et lors de leur sortie"},"2":{"question":"Quel est le salaire d'une infirmi\u00e8re ?","answer":"Le salaire d'un infirmier varie selon qu'il travaille dans la fonction publique ou la fonction priv\u00e9e."},"3":{"question":" Quel dipl\u00f4me pour devenir infirmi\u00e8re ?","answer":"Pour exercer en tant qu'infirmier, le dipl\u00f4me d'Etat d'infirmier est obligatoire.\r\n"},"4":{"question":"Quelles sont les qualit\u00e9s d'une infirmi\u00e8re ?","answer":"L'infirmi\u00e8re doit \u00eatre dot\u00e9 de qualit\u00e9s humaines et relationnelles (empathie, discr\u00e9tion, respect, honn\u00eatet\u00e9)."},"5":{"question":"O\u00f9 travaille une infirmi\u00e8re ?","answer":"En tant qu'infirmi\u00e8re, vous pouvez exercer au sein des h\u00f4pitaux, des \u00e9tablissements scolaires, maisons de retraite, etc."},"6":{"question":"","answer":""},"7":{"question":"","answer":""},"8":{"question":"","answer":""},"9":{"question":"","answer":""},"10":{"question":"","answer":""},"11":{"question":"","answer":""},"12":{"question":"","answer":""},"13":{"question":"","answer":""},"14":{"question":"","answer":""},"15":{"question":"","answer":""},"16":{"question":"","answer":""}}},"_links":{"self":[{"href":"https:\/\/www.mes-allocs.fr\/guides\/wp-json\/wp\/v2\/posts\/35566","targetHints":{"allow":["GET"]}}],"collection":[{"href":"https:\/\/www.mes-allocs.fr\/guides\/wp-json\/wp\/v2\/posts"}],"about":[{"href":"https:\/\/www.mes-allocs.fr\/guides\/wp-json\/wp\/v2\/types\/post"}],"author":[{"embeddable":true,"href":"https:\/\/www.mes-allocs.fr\/guides\/wp-json\/wp\/v2\/users\/7"}],"replies":[{"embeddable":true,"href":"https:\/\/www.mes-allocs.fr\/guides\/wp-json\/wp\/v2\/comments?post=35566"}],"version-history":[{"count":9,"href":"https:\/\/www.mes-allocs.fr\/guides\/wp-json\/wp\/v2\/posts\/35566\/revisions"}],"predecessor-version":[{"id":102744,"href":"https:\/\/www.mes-allocs.fr\/guides\/wp-json\/wp\/v2\/posts\/35566\/revisions\/102744"}],"wp:featuredmedia":[{"embeddable":true,"href":"https:\/\/www.mes-allocs.fr\/guides\/wp-json\/wp\/v2\/media\/35592"}],"wp:attachment":[{"href":"https:\/\/www.mes-allocs.fr\/guides\/wp-json\/wp\/v2\/media?parent=35566"}],"wp:term":[{"taxonomy":"category","embeddable":true,"href":"https:\/\/www.mes-allocs.fr\/guides\/wp-json\/wp\/v2\/categories?post=35566"},{"taxonomy":"post_tag","embeddable":true,"href":"https:\/\/www.mes-allocs.fr\/guides\/wp-json\/wp\/v2\/tags?post=35566"}],"curies":[{"name":"wp","href":"https:\/\/api.w.org\/{rel}","templated":true}]}}