{"id":354,"date":"2019-07-15T11:39:04","date_gmt":"2019-07-15T11:39:04","guid":{"rendered":"https:\/\/www.mes-allocs.fr\/guides\/?p=354"},"modified":"2026-03-02T09:40:02","modified_gmt":"2026-03-02T08:40:02","slug":"allocations-familiales-modulees","status":"publish","type":"post","link":"https:\/\/www.mes-allocs.fr\/guides\/allocations-familiales\/allocations-familiales-modulees\/","title":{"rendered":"Allocations familiales modul\u00e9es : comment \u00e7a marche ?"},"content":{"rendered":"<p><img loading=\"lazy\" decoding=\"async\" src=\"https:\/\/www.mes-allocs.fr\/guides\/wp-content\/uploads\/2019\/07\/image-20-e1687178530346.jpg\" alt=\"allocations familiales modul\u00e9es\" width=\"1160\" height=\"211\" \/><\/p>\n<p>[Mis \u00e0 jour le 20\/02\/2026] En France, des <a href=\"https:\/\/www.mes-allocs.fr\/guides\/allocations-familiales\">allocations familiales<\/a> sont disponibles pour les familles. Les <b>allocations familiales modul\u00e9es<\/b> ont \u00e9t\u00e9 mises en place pour rendre l\u2019acc\u00e8s aux aides plus \u00e9quitable, en fonction des ressources des foyers. Depuis cette r\u00e9forme, l\u2019allocation de base est d\u00e9sormais accessible \u00e0 tous, mais son montant varie en fonction des revenus du foyer. Mes Allocs vous explique comment \u00e7a fonctionne.<\/p>\n<div class='cta-block'><div class='text'>Simulez vos aides en 2 min. Gratuit.<\/div><a href='https:\/\/www.mes-allocs.fr\/ab-app?origin=guides\/wp-json\/wp\/v2\/posts\/354' class='app-button fit'>Simulation gratuite<\/a><\/div>\n<h1>Comment fonctionne le syst\u00e8me de modulation des allocations familiales ?<\/h1>\n<h2>Pourquoi les allocations familiales sont-elles modul\u00e9es ?<\/h2>\n<p>Les <b>allocations familiales<\/b> constituent un pilier central des politiques sociales fran\u00e7aises. Leur objectif est de soutenir financi\u00e8rement les familles ayant au moins deux enfants \u00e0 charge. Si, historiquement, elles \u00e9taient vers\u00e9es de mani\u00e8re uniforme, la <b>modulation des allocations familiales <\/b>introduite en 2015 a chang\u00e9 cette donne.<\/p>\n<p>Jusqu\u2019en 2015, le principe de base des allocations familiales \u00e9tait l\u2019universalit\u00e9\u202f: toutes les familles percevaient les m\u00eames montants, quel que soit leur revenu. La r\u00e9forme de la <b>loi de financement de la S\u00e9curit\u00e9 sociale pour 2015<\/b> a instaur\u00e9 la <b>modulation<\/b> selon les ressources, dans un contexte de d\u00e9ficit de la branche famille de la S\u00e9curit\u00e9 sociale.<\/p>\n<p>Depuis le <b>1er juillet 2015<\/b>, le montant est\u202f:<\/p>\n<ul>\n<li aria-level=\"1\"><b>Diminu\u00e9 de moiti\u00e9<\/b> pour les foyers avec deux enfants dont les <b>revenus nets mensuels<\/b> d\u00e9passent 6\u202f000\u202f\u20ac,<\/li>\n<li aria-level=\"1\"><b>Divis\u00e9 par quatre<\/b> au-del\u00e0 de 8\u202f000\u202f\u20ac,<\/li>\n<li aria-level=\"1\">Ces seuils sont relev\u00e9s de 500\u202f\u20ac par <b>enfant suppl\u00e9mentaire<\/b>.<\/li>\n<\/ul>\n<p>Cette r\u00e9forme poursuit deux buts : renforcer la <b>solidarit\u00e9 envers les familles modestes<\/b> et contenir les d\u00e9penses. Elle a permis d\u2019\u00e9conomiser environ <b>760 millions d\u2019euros<\/b> par an. Toutefois, elle a complexifi\u00e9 la gestion des prestations et accentu\u00e9 les risques de <b>fraude<\/b> ou de <b>non-recours<\/b> li\u00e9s \u00e0 la m\u00e9connaissance du dispositif.<\/p>\n<h2>Le r\u00f4le du revenu net cat\u00e9goriel<\/h2>\n<p>La <b>Caf<\/b> (ou la <b>MSA<\/b>) calcule les droits \u00e0 partir du <b>revenu net cat\u00e9goriel N-2<\/b>, c\u2019est-\u00e0-dire les revenus per\u00e7us deux ans avant l\u2019ann\u00e9e en cours. En 2026, ce sont donc les revenus de <b>2024<\/b>\u00a0qui sont pris en compte.<\/p>\n<p>Les <b>plafonds de ressources<\/b> \u00e9voluent chaque ann\u00e9e au <b>1er janvier<\/b>, selon l\u2019indice des prix \u00e0 la consommation hors tabac. Si les ressources d\u00e9passent l\u00e9g\u00e8rement le seuil d\u2019une tranche, un <b>compl\u00e9ment d\u00e9gressif<\/b> peut \u00eatre accord\u00e9 pour limiter la chute brutale des droits.<\/p>\n<p style=\"text-align: justify;\"><span style=\"font-weight: 400;\"><iframe loading=\"lazy\" src=\"\/\/www.youtube.com\/embed\/XEX_FdLLYMo\" width=\"966\" height=\"543\" frameborder=\"0\" allowfullscreen=\"allowfullscreen\"><\/iframe><\/span><\/p>\n<h1>Qui peut b\u00e9n\u00e9ficier des allocations familiales ?<\/h1>\n<h2>Conditions d\u2019\u00e9ligibilit\u00e9 des allocations familiales en m\u00e9tropole et en outre-mer<\/h2>\n<p>Pour b\u00e9n\u00e9ficier des <b>allocations familiales<\/b>, il faut remplir plusieurs conditions\u202f:<\/p>\n<ul>\n<li aria-level=\"1\">Avoir <b>au moins deux enfants<\/b> de <b>moins de 20 ans<\/b> \u00e0 charge,<\/li>\n<li aria-level=\"1\">\u00catre <b>allocataire de la Caf ou de la MSA<\/b>,<\/li>\n<li aria-level=\"1\"><b>R\u00e9sider en France<\/b> plus de six mois par an.<\/li>\n<\/ul>\n<p>Un <b>enfant est \u00e0 charge<\/b> s\u2019il est scolaris\u00e9 et ne per\u00e7oit pas de revenus sup\u00e9rieurs \u00e0 <b>55\u202f% du Smic<\/b>. Les enfants adopt\u00e9s ou confi\u00e9s en vue d\u2019adoption sont \u00e9galement \u00e9ligibles. Lorsqu\u2019il ne reste qu\u2019un seul enfant \u00e0 charge, les allocations prennent fin le mois suivant ce changement.<\/p>\n<h2>Cas de s\u00e9jour \u00e0 l\u2019\u00e9tranger<\/h2>\n<p>En cas de <b>s\u00e9jour de plus de 3 mois \u00e0 l\u2019\u00e9tranger<\/b>, les allocations sont suspendues, m\u00eame si l\u2019enfant part seul. L\u2019<b>enfant doit r\u00e9sider principalement en France<\/b>, sauf exceptions pr\u00e9cises (coop\u00e9ration, \u00e9tudes dans un cadre scolaire, etc.).<\/p>\n<div class='cta-block'><div class='text'>Simulez vos aides en 2 min. Gratuit.<\/div><a href='https:\/\/www.mes-allocs.fr\/ab-app?origin=guides\/wp-json\/wp\/v2\/posts\/354' class='app-button fit'>Simulation gratuite<\/a><\/div>\n<h1>Quels sont les avantages et les inconv\u00e9nients de la modulation des allocations familiales ?<\/h1>\n<p>Parmi les <b>avantages<\/b> :<\/p>\n<ul>\n<li aria-level=\"1\">Un <b>meilleur ciblage<\/b> des aides vers les foyers les plus modestes.<\/li>\n<li aria-level=\"1\">Une <b>r\u00e9duction des in\u00e9galit\u00e9s<\/b> en adaptant les aides aux revenus.<\/li>\n<\/ul>\n<p>Mais elle pr\u00e9sente aussi des <b>inconv\u00e9nients<\/b> :<\/p>\n<ul>\n<li aria-level=\"1\">Une complexit\u00e9 accrue pour les <b>services de la Caf<\/b> (r\u00e9examen p\u00e9riodique des ressources, risques d\u2019erreurs).<\/li>\n<li aria-level=\"1\">Des <b>effets de seuil<\/b> qui peuvent entra\u00eener une forte diminution du montant si un revenu d\u00e9passe l\u00e9g\u00e8rement un seuil.<\/li>\n<li aria-level=\"1\">Un <b>risque d\u2019impact sur la natalit\u00e9<\/b>, certains m\u00e9nages renon\u00e7ant \u00e0 avoir plus d\u2019enfants du fait de la baisse des prestations.<\/li>\n<li aria-level=\"1\">Une <b>remise en question du mod\u00e8le social universel<\/b>, certaines familles ais\u00e9es se sentant exclues du syst\u00e8me.<\/li>\n<\/ul>\n<h1>Existe-t-il des dispositifs pour limiter l\u2019effet de seuil ?<\/h1>\n<h2>Majoration pour enfant de 14 ans ou plus<\/h2>\n<p>\u00c0 partir de <b>14 ans<\/b>, une <b>majoration mensuelle<\/b> est vers\u00e9e (sauf si l\u2019a\u00een\u00e9 d\u2019une famille de deux enfants atteint cet \u00e2ge). Cette <a href=\"https:\/\/www.mes-allocs.fr\/guides\/allocations-familiales\/majoration-allocation-familiale\/\">majoration des allocations familiales<\/a> permet de compenser partiellement les co\u00fbts suppl\u00e9mentaires li\u00e9s \u00e0 l\u2019adolescence. Le montant varie selon la <b>tranche de revenus<\/b>.<\/p>\n<h2>Compl\u00e9ment d\u00e9gressif en cas de d\u00e9passement l\u00e9ger<\/h2>\n<p>Si le <b>revenu net cat\u00e9goriel<\/b> d\u00e9passe de peu le seuil d\u2019une tranche, un <b>compl\u00e9ment d\u00e9gressif<\/b> est pr\u00e9vu pour <b>\u00e9viter une rupture brutale<\/b> du droit. Ce dispositif temp\u00e8re les effets de seuil en diminuant progressivement l\u2019aide plut\u00f4t qu\u2019en la supprimant d\u2019un coup.<\/p>\n<h1>Peut-on cumuler les allocations familiales avec d\u2019autres aides ?<\/h1>\n<p>Oui, les <b>allocations familiales<\/b> peuvent \u00eatre <b>cumul\u00e9es<\/b> avec plusieurs aides de la <b>Caf<\/b> ou de la <b>MSA<\/b>, telles que :<\/p>\n<ul>\n<li aria-level=\"1\">Le <b>compl\u00e9ment familial<\/b>,<\/li>\n<li aria-level=\"1\">La <b>prime de naissance<\/b>,<br \/>\nL\u2019<b>allocation de rentr\u00e9e scolaire<\/b>,<\/li>\n<li aria-level=\"1\">L\u2019<b>allocation de soutien familial<\/b>,<\/li>\n<li aria-level=\"1\">La <b>compl\u00e9mentaire sant\u00e9 solidaire<\/b>, etc.<\/li>\n<\/ul>\n<h1>Allocations familiales modul\u00e9es : comment estimer le montant attribu\u00e9 ?<\/h1>\n<p>Pour conna\u00eetre le montant de vos allocations familiales modul\u00e9es, utilisez notre <b>simulateur Mes Allocs<\/b>. Gratuit et facile d\u2019utilisation, cet outil vous permet d\u2019estimer rapidement le montant auquel vous avez droit, en fonction de vos revenus, de la composition de votre foyer et de l\u2019\u00e2ge de vos enfants. Gr\u00e2ce \u00e0 notre simulateur en ligne, vous obtenez une estimation fiable sans avoir \u00e0 effectuer de calculs complexes. Gagnez du temps et anticipez vos droits avec Mes Allocs !<\/p>\n<div class='shortcode summary'><div class='title'>En r\u00e9sum\u00e9 :<\/div><div class='content'><ul><li>Les <b>allocations familiales sont modul\u00e9es<\/b> depuis 2015 en fonction des ressources du foyer, pour plus d\u2019\u00e9quit\u00e9.<\/li><li>Le <b>revenu net cat\u00e9goriel N-2<\/b> sert de base pour d\u00e9terminer le montant attribu\u00e9.<\/li><li>Un <b>compl\u00e9ment d\u00e9gressif<\/b> peut limiter les pertes en cas de d\u00e9passement l\u00e9ger des plafonds.<\/li><li>Il faut <b>au moins deux enfants \u00e0 charge<\/b> pour y avoir droit, sous conditions de r\u00e9sidence et de ressources.<\/li><li>Les <b>allocations peuvent \u00eatre cumul\u00e9es<\/b> avec d\u2019autres aides (prime de naissance, ARS, compl\u00e9ment familial, etc.).<\/li><\/ul><\/div><\/div>\n<div class='cta-block'><div class='text'>Simulez vos aides en 2 min. Gratuit.<\/div><a href='https:\/\/www.mes-allocs.fr\/ab-app?origin=guides\/wp-json\/wp\/v2\/posts\/354' class='app-button fit'>Simulation gratuite<\/a><\/div>\n","protected":false},"excerpt":{"rendered":"<p>[Mis \u00e0 jour le 20\/02\/2026] En France, des allocations familiales sont disponibles pour les familles. Les allocations familiales modul\u00e9es ont \u00e9t\u00e9 mises en place pour rendre l\u2019acc\u00e8s aux aides plus \u00e9quitable, en fonction des ressources des foyers. Depuis cette r\u00e9forme, l\u2019allocation de base est d\u00e9sormais accessible \u00e0 tous, mais son montant varie en fonction des [&hellip;]<\/p>\n","protected":false},"author":9,"featured_media":105620,"comment_status":"open","ping_status":"open","sticky":false,"template":"","format":"standard","meta":{"amp_status":"","footnotes":""},"categories":[10],"tags":[],"class_list":["post-354","post","type-post","status-publish","format-standard","has-post-thumbnail","hentry","category-allocations-familiales"],"yoast_head":"<!-- This site is optimized with the Yoast SEO plugin v14.9 - https:\/\/yoast.com\/wordpress\/plugins\/seo\/ -->\n<title>Allocations familiales modul\u00e9es : comment \u00e7a marche ? | Mes-Allocs.fr<\/title>\n<meta name=\"description\" content=\"Les allocations familiales modul\u00e9es ont \u00e9t\u00e9 mises en place pour rendre l\u2019acc\u00e8s aux aides plus \u00e9quitable. Mes Allocs vous explique.\" \/>\n<meta name=\"robots\" content=\"index, follow, max-snippet:-1, max-image-preview:large, max-video-preview:-1\" \/>\n<link rel=\"canonical\" href=\"https:\/\/www.mes-allocs.fr\/guides\/allocations-familiales\/allocations-familiales-modulees\/\" \/>\n<meta property=\"og:locale\" content=\"fr_FR\" \/>\n<meta property=\"og:type\" content=\"article\" \/>\n<meta property=\"og:title\" content=\"Allocations familiales modul\u00e9es : comment \u00e7a marche ? | Mes-Allocs.fr\" \/>\n<meta property=\"og:description\" content=\"Les allocations familiales modul\u00e9es ont \u00e9t\u00e9 mises en place pour rendre l\u2019acc\u00e8s aux aides plus \u00e9quitable. Mes Allocs vous explique.\" \/>\n<meta property=\"og:url\" content=\"https:\/\/www.mes-allocs.fr\/guides\/allocations-familiales\/allocations-familiales-modulees\/\" \/>\n<meta property=\"og:site_name\" content=\"Mes-Allocs.fr\" \/>\n<meta property=\"article:published_time\" content=\"2019-07-15T11:39:04+00:00\" \/>\n<meta property=\"article:modified_time\" content=\"2026-03-02T08:40:02+00:00\" \/>\n<meta property=\"og:image\" content=\"https:\/\/www.mes-allocs.fr\/guides\/wp-content\/uploads\/2019\/07\/allocation-familiale.jpg?wsr\" \/>\n\t<meta property=\"og:image:width\" content=\"1024\" \/>\n\t<meta property=\"og:image:height\" content=\"684\" \/>\n<meta name=\"twitter:card\" content=\"summary_large_image\" \/>\n<script type=\"application\/ld+json\" class=\"yoast-schema-graph\">{\"@context\":\"https:\/\/schema.org\",\"@graph\":[{\"@type\":\"WebSite\",\"@id\":\"https:\/\/www.mes-allocs.fr\/guides\/#website\",\"url\":\"https:\/\/www.mes-allocs.fr\/guides\/\",\"name\":\"Mes-Allocs.fr\",\"description\":\"\",\"potentialAction\":[{\"@type\":\"SearchAction\",\"target\":\"https:\/\/www.mes-allocs.fr\/guides\/?s={search_term_string}\",\"query-input\":\"required name=search_term_string\"}],\"inLanguage\":\"fr-FR\"},{\"@type\":\"ImageObject\",\"@id\":\"https:\/\/www.mes-allocs.fr\/guides\/allocations-familiales\/allocations-familiales-modulees\/#primaryimage\",\"inLanguage\":\"fr-FR\",\"url\":\"https:\/\/www.mes-allocs.fr\/guides\/wp-content\/uploads\/2019\/07\/allocation-familiale.jpg?wsr\",\"width\":1024,\"height\":684,\"caption\":\"allocation familiale\"},{\"@type\":\"WebPage\",\"@id\":\"https:\/\/www.mes-allocs.fr\/guides\/allocations-familiales\/allocations-familiales-modulees\/#webpage\",\"url\":\"https:\/\/www.mes-allocs.fr\/guides\/allocations-familiales\/allocations-familiales-modulees\/\",\"name\":\"Allocations familiales modul\\u00e9es : comment \\u00e7a marche ? | Mes-Allocs.fr\",\"isPartOf\":{\"@id\":\"https:\/\/www.mes-allocs.fr\/guides\/#website\"},\"primaryImageOfPage\":{\"@id\":\"https:\/\/www.mes-allocs.fr\/guides\/allocations-familiales\/allocations-familiales-modulees\/#primaryimage\"},\"datePublished\":\"2019-07-15T11:39:04+00:00\",\"dateModified\":\"2026-03-02T08:40:02+00:00\",\"author\":{\"@id\":\"https:\/\/www.mes-allocs.fr\/guides\/#\/schema\/person\/e4e762c89158b34a332446d26f02fd56\"},\"description\":\"Les allocations familiales modul\\u00e9es ont \\u00e9t\\u00e9 mises en place pour rendre l\\u2019acc\\u00e8s aux aides plus \\u00e9quitable. Mes Allocs vous explique.\",\"inLanguage\":\"fr-FR\"},{\"@type\":\"Person\",\"@id\":\"https:\/\/www.mes-allocs.fr\/guides\/#\/schema\/person\/e4e762c89158b34a332446d26f02fd56\",\"name\":\"Marylou\",\"image\":{\"@type\":\"ImageObject\",\"@id\":\"https:\/\/www.mes-allocs.fr\/guides\/#personlogo\",\"inLanguage\":\"fr-FR\",\"url\":\"https:\/\/www.mes-allocs.fr\/guides\/wp-content\/uploads\/2021\/06\/marylou-150x150.png\",\"caption\":\"Marylou\"},\"description\":\"Marylou est r\\u00e9dactrice au sein de l'\\u00e9quipe Mes Allocs, sp\\u00e9cialiste des sujets de soci\\u00e9t\\u00e9 en g\\u00e9n\\u00e9ral. Dipl\\u00f4m\\u00e9e de l'Institut Sup\\u00e9rieur de Formation au Journalisme, elle rejoint Mes Allocs apr\\u00e8s cr\\u00e9\\u00e9 son premier blog personnel.\",\"sameAs\":[\"https:\/\/www.linkedin.com\/in\/marylou-pr\\u00e9vost\"]}]}<\/script>\n<!-- \/ Yoast SEO plugin. -->","amp_validity":null,"acf":{"faq":{"1":{"question":"Qui est concern\u00e9 par les allocations familiales modul\u00e9es ? ","answer":"Tous les foyers ayant au moins deux enfants \u00e0 charge peuvent b\u00e9n\u00e9ficier des allocations familiales modul\u00e9es, avec des ajustements en fonction des ressources du m\u00e9nage."},"2":{"question":"Comment sont calcul\u00e9es les allocations familiales modul\u00e9es ?","answer":"Le calcul des allocations familiales modul\u00e9es se base sur le revenu net cat\u00e9goriel des foyers. Les montants varient en fonction des ressources et du nombre d'enfants \u00e0 charge."},"3":{"question":"Quelles sont les conditions de ressources pour b\u00e9n\u00e9ficier des allocations familiales ? ","answer":"Les allocations familiales sont attribu\u00e9es en fonction des revenus du foyer, et un plafond est \u00e9tabli selon le nombre d\u2019enfants \u00e0 charge. Les foyers aux revenus les plus \u00e9lev\u00e9s peuvent percevoir un montant r\u00e9duit."},"4":{"question":"Quel est l'impact des ressources sur le montant des allocations familiales ?","answer":"Plus les ressources du foyer sont \u00e9lev\u00e9es, plus le montant des allocations familiales peut \u00eatre diminu\u00e9, voire supprim\u00e9, selon les plafonds d\u00e9finis."},"5":{"question":"Est-il possible de cumuler les allocations familiales modul\u00e9es avec d\u2019autres aides ? ","answer":"Oui, il est possible de cumuler les allocations familiales avec d'autres aides, comme l'Allocation de Soutien Familial, la prime de naissance, ou le Compl\u00e9ment de Libre Choix du Mode de Garde."},"6":{"question":"Comment demander les allocations familiales modul\u00e9es ? ","answer":"La demande doit \u00eatre faite aupr\u00e8s de la CAF ou de la MSA. Il suffit de d\u00e9clarer ses revenus et la composition du foyer, ainsi que tout changement de situation familiale."},"7":{"question":"","answer":""},"8":{"question":"","answer":""},"9":{"question":"","answer":""},"10":{"question":"","answer":""},"11":{"question":"","answer":""},"12":{"question":"","answer":""},"13":{"question":"","answer":""},"14":{"question":"","answer":""},"15":{"question":"","answer":""},"16":{"question":"","answer":""}}},"_links":{"self":[{"href":"https:\/\/www.mes-allocs.fr\/guides\/wp-json\/wp\/v2\/posts\/354","targetHints":{"allow":["GET"]}}],"collection":[{"href":"https:\/\/www.mes-allocs.fr\/guides\/wp-json\/wp\/v2\/posts"}],"about":[{"href":"https:\/\/www.mes-allocs.fr\/guides\/wp-json\/wp\/v2\/types\/post"}],"author":[{"embeddable":true,"href":"https:\/\/www.mes-allocs.fr\/guides\/wp-json\/wp\/v2\/users\/9"}],"replies":[{"embeddable":true,"href":"https:\/\/www.mes-allocs.fr\/guides\/wp-json\/wp\/v2\/comments?post=354"}],"version-history":[{"count":43,"href":"https:\/\/www.mes-allocs.fr\/guides\/wp-json\/wp\/v2\/posts\/354\/revisions"}],"predecessor-version":[{"id":109944,"href":"https:\/\/www.mes-allocs.fr\/guides\/wp-json\/wp\/v2\/posts\/354\/revisions\/109944"}],"wp:featuredmedia":[{"embeddable":true,"href":"https:\/\/www.mes-allocs.fr\/guides\/wp-json\/wp\/v2\/media\/105620"}],"wp:attachment":[{"href":"https:\/\/www.mes-allocs.fr\/guides\/wp-json\/wp\/v2\/media?parent=354"}],"wp:term":[{"taxonomy":"category","embeddable":true,"href":"https:\/\/www.mes-allocs.fr\/guides\/wp-json\/wp\/v2\/categories?post=354"},{"taxonomy":"post_tag","embeddable":true,"href":"https:\/\/www.mes-allocs.fr\/guides\/wp-json\/wp\/v2\/tags?post=354"}],"curies":[{"name":"wp","href":"https:\/\/api.w.org\/{rel}","templated":true}]}}