{"id":35247,"date":"2021-08-20T17:23:20","date_gmt":"2021-08-20T15:23:20","guid":{"rendered":"https:\/\/www.mes-allocs.fr\/guides\/?p=35247"},"modified":"2025-10-07T16:03:42","modified_gmt":"2025-10-07T14:03:42","slug":"conditions-chomage","status":"publish","type":"post","link":"https:\/\/www.mes-allocs.fr\/guides\/chomage\/conditions-chomage\/","title":{"rendered":"Quelles conditions pour toucher le ch\u00f4mage en France ?"},"content":{"rendered":"<p style=\"text-align: justify;\">L&rsquo;Allocation de Retour \u00e0 l&rsquo;Emploi (ARE) est une aide financi\u00e8re destin\u00e9e aux demandeurs d&#8217;emploi inscrits au P\u00f4le Emploi. Elle leur permet de b\u00e9n\u00e9ficier d&rsquo;une allocation pour leur besoin pendant cette p\u00e9riode que repr\u00e9sente <a href=\"https:\/\/www.mes-allocs.fr\/guides\/chomage\/chomage-en-france\">le ch\u00f4mage<\/a>. Mes Allocs vous explique quelles sont les conditions pour en b\u00e9n\u00e9ficier.<\/p>\n<p style=\"text-align: justify;\"><div class='cta-block'><div class='text'>Simulez votre ch\u00f4mage en 2 min.<\/div><a href='https:\/\/www.mes-allocs.fr\/simulation-chomage?origin=guides\/wp-json\/wp\/v2\/posts\/35247' class='app-button fit'>Simulation gratuite<\/a><\/div><\/p>\n<h1 style=\"text-align: justify;\">Quelles sont les conditions pour en b\u00e9n\u00e9ficier ?<\/h1>\n<h2 class=\"amp-wp-7d27179\" style=\"text-align: justify;\" data-amp-original-style=\"text-align: justify;\"><span id=\"Conditions_a_remplir\"><b>Conditions \u00e0 remplir<\/b><\/span><\/h2>\n<p class=\"amp-wp-7d27179\" style=\"text-align: justify;\" data-amp-original-style=\"text-align: justify;\"><span class=\"amp-wp-fe3f5cc\" data-amp-original-style=\"font-weight: 400;\">Pour percevoir l\u2019ARE, vous devez tout d\u2019abord \u00eatre inscrit comme demandeur d\u2019emploi au P\u00f4le Emploi, ou accomplir une formation dans votre projet personnalis\u00e9 d\u2019acc\u00e8s \u00e0 l\u2019emploi (PPAE). Vous devez cr\u00e9er un espace personnel sur P\u00f4le emploi. <a href=\"https:\/\/www.mes-allocs.fr\/signature\">Mes Allocs prend en charge toutes vos d\u00e9marches !<\/a><\/span><\/p>\n<p class=\"amp-wp-7d27179\" style=\"text-align: justify;\" data-amp-original-style=\"text-align: justify;\"><span class=\"amp-wp-fe3f5cc\" data-amp-original-style=\"font-weight: 400;\">Vous devez \u00e9galement justifier d\u2019une p\u00e9riode minimale de travail de 130 jours ( cette dur\u00e9e est \u00e9gale \u00e0 la dur\u00e9e d\u2019affiliation) ou 910 heures, sur la p\u00e9riode des 24 derniers mois pr\u00e9c\u00e9dant la fin du contrat de travail. Si vous \u00eates \u00e2g\u00e9 de plus de 53 ans \u00e0 la fin de votre contrat de travail, l\u2019affiliation est recherch\u00e9e dans les 36 derniers mois pr\u00e9c\u00e9dant la fin du contrat de travail.\u00a0<\/span><\/p>\n<p class=\"amp-wp-7d27179\" style=\"text-align: justify;\" data-amp-original-style=\"text-align: justify;\"><span class=\"amp-wp-fe3f5cc\" data-amp-original-style=\"font-weight: 400;\">Vos \u00e9ventuelles p\u00e9riodes de formation sont consid\u00e9r\u00e9es comme des heures de travail. Les p\u00e9riodes o\u00f9 votre contrat de travail \u00e9tait suspendu (maladie professionnelle, cong\u00e9 maternit\u00e9,\u2026) sont prises en compte comme des journ\u00e9es d\u2019affiliation au m\u00eame titre qu\u2019un jour travaill\u00e9. En revanche, les p\u00e9riodes de suspension de contrat de travail au cours desquelles vous avez exerc\u00e9 une activit\u00e9 professionnelle non salari\u00e9e ne sont pas prises en compte, \u00e0 l\u2019exception de :<\/span><\/p>\n<ul style=\"text-align: justify;\">\n<li class=\"amp-wp-7d27179\" data-amp-original-style=\"text-align: justify;\"><span class=\"amp-wp-fe3f5cc\" data-amp-original-style=\"font-weight: 400;\">Cong\u00e9 pour cr\u00e9ation d\u2019entreprise<\/span><\/li>\n<li class=\"amp-wp-7d27179\" data-amp-original-style=\"text-align: justify;\"><span class=\"amp-wp-fe3f5cc\" data-amp-original-style=\"font-weight: 400;\">Cong\u00e9 sabbatique\u00a0<\/span><\/li>\n<li class=\"amp-wp-7d27179\" data-amp-original-style=\"text-align: justify;\"><span class=\"amp-wp-fe3f5cc\" data-amp-original-style=\"font-weight: 400;\">Mobilit\u00e9 volontaire s\u00e9curis\u00e9e (travailler dans une autre entreprise avec la possibilit\u00e9 de revenir exercer dans l\u2019entreprise d\u2019origine)<\/span><\/li>\n<\/ul>\n<h2 style=\"text-align: justify;\">Qui peut en b\u00e9n\u00e9ficier ?<\/h2>\n<p class=\"amp-wp-7d27179\" style=\"text-align: justify;\" data-amp-original-style=\"text-align: justify;\"><span class=\"amp-wp-fe3f5cc\" data-amp-original-style=\"font-weight: 400;\">Pour percevoir l\u2019Allocation ch\u00f4mage d\u2019aide au retour \u00e0 l\u2019emploi (ARE), et ainsi avoir droit au ch\u00f4mage, vous devez \u00eatre priv\u00e9 involontairement d\u2019un emploi. La raison de la cessation de votre contrat doit \u00eatre une des suivantes :<\/span><\/p>\n<ul style=\"text-align: justify;\">\n<li class=\"amp-wp-7d27179\" data-amp-original-style=\"text-align: justify;\"><span class=\"amp-wp-fe3f5cc\" data-amp-original-style=\"font-weight: 400;\">Licenciement pour motif personnel ou \u00e9conomique, ou d\u2019une r\u00e9vocation (sanction disciplinaire dans la fonction publique)<\/span><\/li>\n<li class=\"amp-wp-7d27179\" data-amp-original-style=\"text-align: justify;\"><span class=\"amp-wp-fe3f5cc\" data-amp-original-style=\"font-weight: 400;\">Rupture conventionnelle (rupture dans le cadre d\u2019un CDI, qui peut \u00eatre initi\u00e9e par l\u2019employ\u00e9 comme par l\u2019employeur)<\/span><\/li>\n<li class=\"amp-wp-7d27179\" data-amp-original-style=\"text-align: justify;\"><span class=\"amp-wp-fe3f5cc\" data-amp-original-style=\"font-weight: 400;\">Non-renouvellement de votre CDD (Contrat \u00e0 Dur\u00e9e D\u00e9termin\u00e9e)<\/span><\/li>\n<li class=\"amp-wp-7d27179\" data-amp-original-style=\"text-align: justify;\"><span class=\"amp-wp-fe3f5cc\" data-amp-original-style=\"font-weight: 400;\">D\u00e9mission l\u00e9gitime (par exemple pour suivre la personne avec qui vous vivez et qui a \u00e9t\u00e9 mut\u00e9e).<\/span><\/li>\n<\/ul>\n<p class=\"amp-wp-7d27179\" style=\"text-align: justify;\" data-amp-original-style=\"text-align: justify;\"><span class=\"amp-wp-fe3f5cc\" data-amp-original-style=\"font-weight: 400;\">Vous devez \u00eatre \u00e2g\u00e9 de moins de 64 ans (\u00e2ge minimum l\u00e9gal de d\u00e9part \u00e0 la retraite). Et vous ne <img loading=\"lazy\" decoding=\"async\" class=\" wp-image-35254 alignright\" title=\"personne agee\" src=\"https:\/\/www.mes-allocs.fr\/guides\/wp-content\/uploads\/2021\/08\/personne-agee-3.jpg\" alt=\"personne agee\" width=\"310\" height=\"207\" srcset=\"https:\/\/www.mes-allocs.fr\/guides\/wp-content\/uploads\/2021\/08\/personne-agee-3.jpg 1125w, https:\/\/www.mes-allocs.fr\/guides\/wp-content\/uploads\/2021\/08\/personne-agee-3-300x200.jpg 300w, https:\/\/www.mes-allocs.fr\/guides\/wp-content\/uploads\/2021\/08\/personne-agee-3-1024x683.jpg 1024w, https:\/\/www.mes-allocs.fr\/guides\/wp-content\/uploads\/2021\/08\/personne-agee-3-768x512.jpg 768w, https:\/\/www.mes-allocs.fr\/guides\/wp-content\/uploads\/2021\/08\/personne-agee-3-600x400.jpg 600w\" sizes=\"auto, (max-width: 310px) 100vw, 310px\" \/>devez pas avoir cumul\u00e9 suffisamment de trimestres travaill\u00e9s pour pouvoir b\u00e9n\u00e9ficier d\u2019une retraite \u00e0 taux plein. Vous \u00eates \u00e2g\u00e9 de plus de 64 ans, mais que vous n\u2019avez pas atteint votre nombre de trimestres requis pour une retraite \u00e0 taux plein ? L\u2019ARE pourra vous \u00eatre accord\u00e9e jusqu\u2019\u00e0 l\u2019obtention d\u2019une retraite \u00e0 taux plein.\u00a0<\/span><\/p>\n<p class=\"amp-wp-7d27179\" style=\"text-align: justify;\" data-amp-original-style=\"text-align: justify;\"><span class=\"amp-wp-fe3f5cc\" data-amp-original-style=\"font-weight: 400;\">Vous devez \u00e9galement r\u00e9sider sur le territoire fran\u00e7ais et \u00eatre physiquement apte \u00e0 exercer un emploi.<\/span><\/p>\n<h2 class=\"amp-wp-7d27179\" style=\"text-align: justify;\" data-amp-original-style=\"text-align: justify;\"><span id=\"Fin_de_droits\"><b>Fin de droits<\/b><\/span><\/h2>\n<p class=\"amp-wp-7d27179\" style=\"text-align: justify;\" data-amp-original-style=\"text-align: justify;\"><span class=\"amp-wp-fe3f5cc\" data-amp-original-style=\"font-weight: 400;\">Vous ne pouvez plus percevoir l\u2019ARE si vous vous trouvez dans une de ces situations suivantes :<\/span><\/p>\n<ul style=\"text-align: justify;\">\n<li class=\"amp-wp-7d27179\" data-amp-original-style=\"text-align: justify;\"><span class=\"amp-wp-fe3f5cc\" data-amp-original-style=\"font-weight: 400;\">Vous reprenez une activit\u00e9 professionnelle salari\u00e9e ou non, en France ou \u00e0 l\u2019\u00e9tranger, et vous n\u2019\u00eates pas autoris\u00e9 au cumul de vos revenus d\u2019activit\u00e9 avec l\u2019ARE,<\/span><\/li>\n<li class=\"amp-wp-7d27179\" data-amp-original-style=\"text-align: justify;\"><span class=\"amp-wp-fe3f5cc\" data-amp-original-style=\"font-weight: 400;\">Ou vous percevez l\u2019aide \u00e0 la reprise ou cr\u00e9ation d\u2019entreprise,<\/span><\/li>\n<li class=\"amp-wp-7d27179\" data-amp-original-style=\"text-align: justify;\"><span class=\"amp-wp-fe3f5cc\" data-amp-original-style=\"font-weight: 400;\">Ou vous touchez des indemnit\u00e9s journali\u00e8res de la S\u00e9curit\u00e9 sociale,<\/span><\/li>\n<li class=\"amp-wp-7d27179\" data-amp-original-style=\"text-align: justify;\"><span class=\"amp-wp-fe3f5cc\" data-amp-original-style=\"font-weight: 400;\">Vous b\u00e9n\u00e9ficiez de la prestation partag\u00e9e d\u2019\u00e9ducation de l\u2019enfant (PreParE) ou de l\u2019allocation journali\u00e8re de pr\u00e9sence parentale,<\/span><\/li>\n<li class=\"amp-wp-7d27179\" data-amp-original-style=\"text-align: justify;\"><span class=\"amp-wp-fe3f5cc\" data-amp-original-style=\"font-weight: 400;\">Vous avez conclu un contrat de service civique,<\/span><\/li>\n<li class=\"amp-wp-7d27179\" data-amp-original-style=\"text-align: justify;\"><span class=\"amp-wp-fe3f5cc\" data-amp-original-style=\"font-weight: 400;\">Ou vous remplissez les conditions pour b\u00e9n\u00e9ficier d\u2019une retraite \u00e0 taux plein ou atteint l\u2019\u00e2ge l\u00e9gal de d\u00e9part en retraite (62 ans pour le secteur priv\u00e9),<\/span><\/li>\n<li class=\"amp-wp-7d27179\" data-amp-original-style=\"text-align: justify;\"><span class=\"amp-wp-fe3f5cc\" data-amp-original-style=\"font-weight: 400;\">Vous ne r\u00e9sidez plus sur le territoire fran\u00e7ais,<\/span><\/li>\n<li class=\"amp-wp-7d27179\" data-amp-original-style=\"text-align: justify;\"><span class=\"amp-wp-fe3f5cc\" data-amp-original-style=\"font-weight: 400;\">Vous avez effectu\u00e9 une d\u00e9claration inexacte ou mensong\u00e8re ayant eu pour effet d\u2019entra\u00eener le versement injustifi\u00e9 d\u2019allocations,<\/span><\/li>\n<li class=\"amp-wp-7d27179\" data-amp-original-style=\"text-align: justify;\"><span class=\"amp-wp-fe3f5cc\" data-amp-original-style=\"font-weight: 400;\">Ou encore vous \u00eates priv\u00e9 de l\u2019ARE par le pr\u00e9fet.<\/span><\/li>\n<\/ul>\n<p class=\"amp-wp-7d27179\" style=\"text-align: justify;\" data-amp-original-style=\"text-align: justify;\"><span class=\"amp-wp-fe3f5cc\" data-amp-original-style=\"font-weight: 400;\">Vous pourrez cependant percevoir, si vous y \u00eates \u00e9ligible, <\/span><span class=\"amp-wp-fe3f5cc\" data-amp-original-style=\"font-weight: 400;\">l\u2019<a href=\"https:\/\/www.mes-allocs.fr\/guides\/chomage\/allocation-de-solidarite-specifique\">Allocation de Solidarit\u00e9 Sp\u00e9cifique<\/a><\/span><span class=\"amp-wp-fe3f5cc\" data-amp-original-style=\"font-weight: 400;\"> (ASS).<\/span><\/p>\n<p class=\"amp-wp-7d27179\" style=\"text-align: justify;\" data-amp-original-style=\"text-align: justify;\"><span class=\"amp-wp-fe3f5cc\" data-amp-original-style=\"font-weight: 400;\">Si vous n\u2019y \u00eates toutefois pas \u00e9ligible pour une autre raison que vos ressources (exemple: vous n\u2019avez pas \u00e9puis\u00e9 toute votre ARE)\u00a0 vous pouvez demander une aide \u00e0 la hauteur de 27 fois le montant de la partie fixe de l\u2019ARE.\u00a0<\/span><\/p>\n<p><iframe loading=\"lazy\" title=\"Tout savoir sur le ch\u00f4mage en France !\" width=\"500\" height=\"281\" src=\"https:\/\/www.youtube.com\/embed\/jgv9qS4jh7k?feature=oembed\" frameborder=\"0\" allow=\"accelerometer; autoplay; clipboard-write; encrypted-media; gyroscope; picture-in-picture; web-share\" referrerpolicy=\"strict-origin-when-cross-origin\" allowfullscreen><\/iframe><\/p>\n<p style=\"text-align: justify;\" data-amp-original-style=\"text-align: justify;\"><div class='cta-block'><div class='text'>Simulez votre ch\u00f4mage en 2 min.<\/div><a href='https:\/\/www.mes-allocs.fr\/simulation-chomage?origin=guides\/wp-json\/wp\/v2\/posts\/35247' class='app-button fit'>Simulation gratuite<\/a><\/div><\/p>\n<h1 style=\"text-align: justify;\">Retour sur l&rsquo;indemnit\u00e9 de ch\u00f4mage<\/h1>\n<p style=\"text-align: justify;\">L\u2019allocation ch\u00f4mage, plus r\u00e9guli\u00e8rement appel\u00e9 \u00ab allocation d\u2019aide au retour \u00e0 l\u2019emploi \u00bb (ARE) est calcul\u00e9e \u00e0 partir de vos anciens salaires, y compris les primes. Le montant de cette allocation varie selon le montant de vos r\u00e9mun\u00e9rations, de vos modes d\u2019activit\u00e9 (\u00e0 temps plein, \u00e0 temps partiel) ainsi que du versement de certaines pensions.<\/p>\n<h2 style=\"text-align: justify;\">Qu&rsquo;est-ce qui est pris en compte dans le calcul ?<\/h2>\n<section class=\"block-article-link color-candidat\">Pour le calcul de votre allocation ch\u00f4mage, les sommes prises en compte sont les r\u00e9mun\u00e9rations brutes :<\/p>\n<ul>\n<li>qui sont la contrepartie de l\u2019ex\u00e9cution \u00ab normale \u00bb de votre contrat de travail ;<\/li>\n<li>qui sont soumises aux contributions\u00a0patronales d\u2019assurance ch\u00f4mage ch\u00f4mage ;<\/li>\n<li>qui ont \u00e9t\u00e9 per\u00e7ues au cours de la p\u00e9riode de r\u00e9f\u00e9rence de calcul ;<\/li>\n<li>qui n\u2019ont pas d\u00e9j\u00e0 servi pour un pr\u00e9c\u00e9dent calcul de droit.<\/li>\n<\/ul>\n<p>Ne sont pas utilis\u00e9es dans le calcul :<\/p>\n<ul>\n<li>les indemnit\u00e9s de licenciement, de fin de contrat ;<\/li>\n<li>les indemnit\u00e9s de cong\u00e9s pay\u00e9s.<\/li>\n<\/ul>\n<p>Les r\u00e9mun\u00e9rations li\u00e9es \u00e0 des heures de travail effectu\u00e9es au-del\u00e0 de 260 heures par mois ne sont pas comptabilis\u00e9es.<\/p>\n<\/section>\n<p style=\"text-align: justify;\">P\u00f4le emploi prend en compte les 24 mois de salaires et primes qui pr\u00e9c\u00e8dent votre dernier jour travaill\u00e9 et pay\u00e9 pour calculer le montant de l\u2019allocation que vous toucherez par jour.<\/p>\n<p style=\"text-align: justify;\">Si le dernier jour travaill\u00e9 et pay\u00e9 correspond au terme d&rsquo;un mois civil, la p\u00e9riode r\u00e9f\u00e9rence de calcul est constitu\u00e9e de 24 mois civils incluant ce mois.<\/p>\n<p style=\"text-align: justify;\">Si vous n&rsquo;exerciez plus qu&rsquo;une activit\u00e9 r\u00e9duite &#8211; ou si vous ne receviez qu&rsquo;un salaire r\u00e9duit \u00e0 la fin de votre contrat de travail &#8211; la fin de la p\u00e9riode de r\u00e9f\u00e9rence calcul peut \u00eatre d\u00e9cal\u00e9e. Cela peut \u00eatre d\u00e9cid\u00e9 d&rsquo;office, ou vous pouvez en faire la demande \u00e0 votre conseiller dans l&rsquo;objectif de prendre en compte des r\u00e9mun\u00e9rations normales.<\/p>\n<h2 style=\"text-align: justify;\">Le montant de l&rsquo;allocation<\/h2>\n<p style=\"text-align: justify;\">Le montant journalier de votre allocation ch\u00f4mage est \u00e9gal au montant le plus \u00e9lev\u00e9 entre :<\/p>\n<ul style=\"text-align: justify;\">\n<li>40,4 % de votre salaire journalier de r\u00e9f\u00e9rence (SJR) +\u00a0 une partie fixe de 13,18 \u20ac ;<\/li>\n<li>57 % de votre SJR.<\/li>\n<\/ul>\n<p style=\"text-align: justify;\">Ce montant est encadr\u00e9 par un plancher et un plafond :<\/p>\n<ul style=\"text-align: justify;\">\n<li>Il ne peut \u00eatre inf\u00e9rieur \u00e0 l&rsquo;allocation journali\u00e8re minimale de 32,13 \u20ac ;<\/li>\n<li>Il ne peut exc\u00e9der 75 % de votre SJR.<\/li>\n<\/ul>\n<h2 style=\"text-align: justify;\">Cas particuliers<\/h2>\n<section class=\"block-article-link color-candidat\">Si votre salaire d\u00e9passait un certain montant :<\/p>\n<ul>\n<li>Votre allocation peut\u00a0\u00eatre r\u00e9duite de 30 % au del\u00e0 de 8 mois d&rsquo;indemnisation.<\/li>\n<li>Cette d\u00e9gressivit\u00e9 peut s\u2019appliquer quand votre ancien salaire brut de r\u00e9f\u00e9rence \u00e9tait sup\u00e9rieur \u00e0 un certain montant:\u00a0149,42\u20ac \/ jour, soit 4545 \u20ac \/ mois, depuis le 1er juillet 2021 . 148,54 \u20ac \/ jour, soit 4518 \u20ac \/ mois ,depuis le 1er juillet 2020. 147,95 \u20ac \/ jour, soit 4500 \u20ac \/ mois depuis le 1er novembre 2019.<\/li>\n<li>Elle ne s\u2019applique pas aux demandeurs d\u2019emploi qui ont 57 ans et plus \u00e0 la date de fin de contrat de travail.<\/li>\n<\/ul>\n<p style=\"text-align: justify;\">Si vous \u00e9tiez \u00e0 temps partiel, la partie fixe de l\u2019allocation (12,95\u20ac) et l\u2019allocation minimale (31,59\u20ac) sont affect\u00e9es d&rsquo;un coefficient de r\u00e9duction.<\/p>\n<\/section>\n<section class=\"block-article-link color-grey-transverse\">Si vous receviez une pension d\u2019invalidit\u00e9 durant votre emploi, vous avez droit \u00e0 l\u2019allocation ch\u00f4mage. De fait, vous continuerez \u00e0 recevoir votre pension. Si vous b\u00e9n\u00e9ficiez d&rsquo;une pension d\u2019invalidit\u00e9 de cat\u00e9gorie 2 ou 3 apr\u00e8s la fin de votre contrat de travail, celle-ci viendra diminuer le montant de votre ARE.<\/section>\n<section>\n<h2 style=\"text-align: justify;\">Dur\u00e9e de l&rsquo;indemnisation<\/h2>\n<p style=\"text-align: justify;\">Pour conna\u00eetre le nombre de jours durant lesquels vous pourrez percevoir l\u2019allocation ch\u00f4mage, il<img loading=\"lazy\" decoding=\"async\" class=\" wp-image-35253 alignright\" title=\"temps\" src=\"https:\/\/www.mes-allocs.fr\/guides\/wp-content\/uploads\/2021\/08\/temps.jpg\" alt=\"temps\" width=\"297\" height=\"198\" srcset=\"https:\/\/www.mes-allocs.fr\/guides\/wp-content\/uploads\/2021\/08\/temps.jpg 1125w, https:\/\/www.mes-allocs.fr\/guides\/wp-content\/uploads\/2021\/08\/temps-300x200.jpg 300w, https:\/\/www.mes-allocs.fr\/guides\/wp-content\/uploads\/2021\/08\/temps-1024x683.jpg 1024w, https:\/\/www.mes-allocs.fr\/guides\/wp-content\/uploads\/2021\/08\/temps-768x512.jpg 768w, https:\/\/www.mes-allocs.fr\/guides\/wp-content\/uploads\/2021\/08\/temps-600x400.jpg 600w\" sizes=\"auto, (max-width: 297px) 100vw, 297px\" \/> faut multiplier par 1,4 le nombre de jours travaill\u00e9s dans la p\u00e9riode de r\u00e9f\u00e9rence.<\/p>\n<p style=\"text-align: justify;\">Les \u00ab jours travaill\u00e9s \u00bb sont d\u00e9compt\u00e9s par semaine civile (du lundi au dimanche).<\/p>\n<p style=\"text-align: justify;\">P\u00f4le emploi (l&rsquo;organisme qui vous verse l&rsquo;indemnit\u00e9) peut tenir compte de plusieurs contrats de travail sur la m\u00eame p\u00e9riode, mais quoi qu\u2019il arrive, le nombre de jours pris en compte sera limit\u00e9 \u00e0 5 jours travaill\u00e9s par semaine civile.<\/p>\n<p style=\"text-align: justify;\">La p\u00e9riode de r\u00e9f\u00e9rence dans laquelle les jours sont recherch\u00e9s varie en fonction de votre \u00e2ge.\u00a0Elle est de 24 mois si vous avez moins de 53 ans \u00e0 la date de votre fin de contrat de travail et de 36 mois si vous avez 53 ans et plus \u00e0 la date de votre fin de contrat de travail.<\/p>\n<p style=\"text-align: justify;\">En fonction de votre \u00e2ge, la dur\u00e9e maximale durant laquelle l\u2019allocation ch\u00f4mage peut vous \u00eatre vers\u00e9e peut \u00eatre allong\u00e9e. Si vous avez moins de 53 ans, vous serez indemnis\u00e9 au maximum <strong>18 mois, soit 548 jours calendaires<\/strong>.<\/p>\n<p style=\"text-align: justify;\">Si vous avez entre 53 et 54 ans , vous avez le droit \u00e0 un allongement de la dur\u00e9e de vos droits. Vous serez indemnis\u00e9 au maximum <strong>22,5 mois, soit 685 jours calendaires<\/strong>.<\/p>\n<p style=\"text-align: justify;\"><div class='cta-block'><div class='text'>Simulez votre ch\u00f4mage en 2 min.<\/div><a href='https:\/\/www.mes-allocs.fr\/simulation-chomage?origin=guides\/wp-json\/wp\/v2\/posts\/35247' class='app-button fit'>Simulation gratuite<\/a><\/div><\/p>\n<\/section>\n","protected":false},"excerpt":{"rendered":"<p>L&rsquo;Allocation de Retour \u00e0 l&rsquo;Emploi (ARE) est une aide financi\u00e8re destin\u00e9e aux demandeurs d&#8217;emploi inscrits au P\u00f4le Emploi. Elle leur permet de b\u00e9n\u00e9ficier d&rsquo;une allocation pour leur besoin pendant cette p\u00e9riode que repr\u00e9sente le ch\u00f4mage. Mes Allocs vous explique quelles sont les conditions pour en b\u00e9n\u00e9ficier. Quelles sont les conditions pour en b\u00e9n\u00e9ficier ? Conditions [&hellip;]<\/p>\n","protected":false},"author":6,"featured_media":35250,"comment_status":"open","ping_status":"open","sticky":false,"template":"","format":"standard","meta":{"amp_status":"","footnotes":""},"categories":[2989],"tags":[],"class_list":["post-35247","post","type-post","status-publish","format-standard","has-post-thumbnail","hentry","category-chomage"],"yoast_head":"<!-- This site is optimized with the Yoast SEO plugin v14.9 - https:\/\/yoast.com\/wordpress\/plugins\/seo\/ -->\n<title>Quelles conditions pour toucher le ch\u00f4mage en France ? | Mes-Allocs.fr<\/title>\n<meta name=\"description\" content=\"Pour b\u00e9n\u00e9ficier de l&#039;allocation ch\u00f4mage, il faut remplir certaines conditions. Mes Allocs vous donne un aper\u00e7u sur ces conditions.\" \/>\n<meta name=\"robots\" content=\"index, follow, max-snippet:-1, max-image-preview:large, max-video-preview:-1\" \/>\n<link rel=\"canonical\" href=\"https:\/\/www.mes-allocs.fr\/guides\/chomage\/conditions-chomage\/\" \/>\n<meta property=\"og:locale\" content=\"fr_FR\" \/>\n<meta property=\"og:type\" content=\"article\" \/>\n<meta property=\"og:title\" content=\"Quelles conditions pour toucher le ch\u00f4mage en France ? | Mes-Allocs.fr\" \/>\n<meta property=\"og:description\" content=\"Pour b\u00e9n\u00e9ficier de l&#039;allocation ch\u00f4mage, il faut remplir certaines conditions. Mes Allocs vous donne un aper\u00e7u sur ces conditions.\" \/>\n<meta property=\"og:url\" content=\"https:\/\/www.mes-allocs.fr\/guides\/chomage\/conditions-chomage\/\" \/>\n<meta property=\"og:site_name\" content=\"Mes-Allocs.fr\" \/>\n<meta property=\"article:published_time\" content=\"2021-08-20T15:23:20+00:00\" \/>\n<meta property=\"article:modified_time\" content=\"2025-10-07T14:03:42+00:00\" \/>\n<meta property=\"og:image\" content=\"https:\/\/www.mes-allocs.fr\/guides\/wp-content\/uploads\/2021\/08\/echange-argent--e1629372278294.jpg?wsr\" \/>\n\t<meta property=\"og:image:width\" content=\"1066\" \/>\n\t<meta property=\"og:image:height\" content=\"413\" \/>\n<meta name=\"twitter:card\" content=\"summary_large_image\" \/>\n<script type=\"application\/ld+json\" class=\"yoast-schema-graph\">{\"@context\":\"https:\/\/schema.org\",\"@graph\":[{\"@type\":\"WebSite\",\"@id\":\"https:\/\/www.mes-allocs.fr\/guides\/#website\",\"url\":\"https:\/\/www.mes-allocs.fr\/guides\/\",\"name\":\"Mes-Allocs.fr\",\"description\":\"\",\"potentialAction\":[{\"@type\":\"SearchAction\",\"target\":\"https:\/\/www.mes-allocs.fr\/guides\/?s={search_term_string}\",\"query-input\":\"required name=search_term_string\"}],\"inLanguage\":\"fr-FR\"},{\"@type\":\"ImageObject\",\"@id\":\"https:\/\/www.mes-allocs.fr\/guides\/chomage\/conditions-chomage\/#primaryimage\",\"inLanguage\":\"fr-FR\",\"url\":\"https:\/\/www.mes-allocs.fr\/guides\/wp-content\/uploads\/2021\/08\/echange-argent--e1629372278294.jpg?wsr\",\"width\":1066,\"height\":413,\"caption\":\"echange argent\"},{\"@type\":\"WebPage\",\"@id\":\"https:\/\/www.mes-allocs.fr\/guides\/chomage\/conditions-chomage\/#webpage\",\"url\":\"https:\/\/www.mes-allocs.fr\/guides\/chomage\/conditions-chomage\/\",\"name\":\"Quelles conditions pour toucher le ch\\u00f4mage en France ? | Mes-Allocs.fr\",\"isPartOf\":{\"@id\":\"https:\/\/www.mes-allocs.fr\/guides\/#website\"},\"primaryImageOfPage\":{\"@id\":\"https:\/\/www.mes-allocs.fr\/guides\/chomage\/conditions-chomage\/#primaryimage\"},\"datePublished\":\"2021-08-20T15:23:20+00:00\",\"dateModified\":\"2025-10-07T14:03:42+00:00\",\"author\":{\"@id\":\"https:\/\/www.mes-allocs.fr\/guides\/#\/schema\/person\/0ecd61a8600573914d00d970a588c024\"},\"description\":\"Pour b\\u00e9n\\u00e9ficier de l'allocation ch\\u00f4mage, il faut remplir certaines conditions. Mes Allocs vous donne un aper\\u00e7u sur ces conditions.\",\"inLanguage\":\"fr-FR\"},{\"@type\":\"Person\",\"@id\":\"https:\/\/www.mes-allocs.fr\/guides\/#\/schema\/person\/0ecd61a8600573914d00d970a588c024\",\"name\":\"Jonathan\",\"image\":{\"@type\":\"ImageObject\",\"@id\":\"https:\/\/www.mes-allocs.fr\/guides\/#personlogo\",\"inLanguage\":\"fr-FR\",\"url\":\"https:\/\/www.mes-allocs.fr\/guides\/wp-content\/uploads\/2021\/06\/jonathan-150x150.png\",\"caption\":\"Jonathan\"},\"description\":\"Jonathan est r\\u00e9dacteur au sein de l'\\u00e9quipe Mes Allocs, sp\\u00e9cialis\\u00e9 sur les sujets li\\u00e9s au handicap. Dipl\\u00f4m\\u00e9e de l'UPEM, il rejoint Mes Allocs apr\\u00e8s avoir travaill\\u00e9 \\u00e0 l'association AEDE qui accompagne les adultes en situation de handicap. Quand il n'\\u00e9crit pas, on peut le retrouver sur un terrain de basket.\",\"sameAs\":[\"https:\/\/www.linkedin.com\/in\/jonathan-bambela-8637861b7\"]}]}<\/script>\n<!-- \/ Yoast SEO plugin. -->","amp_validity":null,"acf":{"faq":{"1":{"question":"Quelle est la dur\u00e9e du ch\u00f4mage ?","answer":"Pour une personne de \u2013 de 50 ans : La dur\u00e9e maximum d'indemnisation est de 730 jours, soit 24 mois. Peu importe, si vous avez travaill\u00e9 plus de 2 ans."},"2":{"question":"Comment faire pour toucher le ch\u00f4mage apr\u00e8s une d\u00e9mission ?","answer":"La d\u00e9mission l\u00e9gitime n'est pas l'unique cas qui ouvre droit au ch\u00f4mage apr\u00e8s une d\u00e9mission. Lorsque vous effectuez une reconversion professionnelle ou que vous cr\u00e9ez ou reprenez une entreprise, vous pouvez \u00e9galement b\u00e9n\u00e9ficier des allocations ch\u00f4mage."},"3":{"question":"Qu'est ce que le Ch\u00f4mage Technique ?","answer":"Le ch\u00f4mage technique d\u00e9signe la situation qui caract\u00e9rise le salari\u00e9 d'une entreprise \u00e0 qui on impose une r\u00e9duction partielle de son temps d'activit\u00e9 ou une interruption totale de son activit\u00e9 pendant une dur\u00e9e limit\u00e9e."},"4":{"question":"Comment calculer les indemnit\u00e9s de ch\u00f4mage ?","answer":"Le montant de l'allocation d'aide au retour \u00e0 l'emploi (ARE) est calcul\u00e9 \u00e0 partir de votre salaire journalier de r\u00e9f\u00e9rence (SJR). Ce salaire de r\u00e9f\u00e9rence prend en compte tous vos salaires bruts per\u00e7us au cours des 12 derniers mois, primes comprises, mais hors indemnit\u00e9s li\u00e9es \u00e0 la rupture de votre contrat."},"5":{"question":"Qui a le droit au ch\u00f4mage ?","answer":"L'Assurance ch\u00f4mage prot\u00e8ge les travailleurs salari\u00e9s contre la perte d'un revenu en cas de ch\u00f4mage. Elle leur permet de b\u00e9n\u00e9ficier d'une allocation et de continuer \u00e0 cumuler des points pour la retraite m\u00eame s'ils ont perdu leur emploi."},"6":{"question":"","answer":""},"7":{"question":"","answer":""},"8":{"question":"","answer":""},"9":{"question":"","answer":""},"10":{"question":"","answer":""},"11":{"question":"","answer":""},"12":{"question":"","answer":""},"13":{"question":"","answer":""},"14":{"question":"","answer":""},"15":{"question":"","answer":""},"16":{"question":"","answer":""}}},"_links":{"self":[{"href":"https:\/\/www.mes-allocs.fr\/guides\/wp-json\/wp\/v2\/posts\/35247","targetHints":{"allow":["GET"]}}],"collection":[{"href":"https:\/\/www.mes-allocs.fr\/guides\/wp-json\/wp\/v2\/posts"}],"about":[{"href":"https:\/\/www.mes-allocs.fr\/guides\/wp-json\/wp\/v2\/types\/post"}],"author":[{"embeddable":true,"href":"https:\/\/www.mes-allocs.fr\/guides\/wp-json\/wp\/v2\/users\/6"}],"replies":[{"embeddable":true,"href":"https:\/\/www.mes-allocs.fr\/guides\/wp-json\/wp\/v2\/comments?post=35247"}],"version-history":[{"count":12,"href":"https:\/\/www.mes-allocs.fr\/guides\/wp-json\/wp\/v2\/posts\/35247\/revisions"}],"predecessor-version":[{"id":104408,"href":"https:\/\/www.mes-allocs.fr\/guides\/wp-json\/wp\/v2\/posts\/35247\/revisions\/104408"}],"wp:featuredmedia":[{"embeddable":true,"href":"https:\/\/www.mes-allocs.fr\/guides\/wp-json\/wp\/v2\/media\/35250"}],"wp:attachment":[{"href":"https:\/\/www.mes-allocs.fr\/guides\/wp-json\/wp\/v2\/media?parent=35247"}],"wp:term":[{"taxonomy":"category","embeddable":true,"href":"https:\/\/www.mes-allocs.fr\/guides\/wp-json\/wp\/v2\/categories?post=35247"},{"taxonomy":"post_tag","embeddable":true,"href":"https:\/\/www.mes-allocs.fr\/guides\/wp-json\/wp\/v2\/tags?post=35247"}],"curies":[{"name":"wp","href":"https:\/\/api.w.org\/{rel}","templated":true}]}}