{"id":34709,"date":"2021-08-11T17:09:37","date_gmt":"2021-08-11T15:09:37","guid":{"rendered":"https:\/\/www.mes-allocs.fr\/guides\/?p=34709"},"modified":"2025-07-18T15:55:17","modified_gmt":"2025-07-18T13:55:17","slug":"recherche-emploi-photographe","status":"publish","type":"post","link":"https:\/\/www.mes-allocs.fr\/guides\/reconversion-professionnelle\/aide-recherche-emploi\/recherche-emploi-photographe\/","title":{"rendered":"La recherche d&rsquo;un emploi de photographe"},"content":{"rendered":"<p><img loading=\"lazy\" decoding=\"async\" class=\"alignnone wp-image-34775 size-large\" title=\"recherche emploi photographe\" src=\"https:\/\/www.mes-allocs.fr\/guides\/wp-content\/uploads\/2021\/08\/recherche-emploi-photographe--e1628683074987-1024x220.jpg\" alt=\"recherche emploi photographe\" width=\"1024\" height=\"220\" srcset=\"https:\/\/www.mes-allocs.fr\/guides\/wp-content\/uploads\/2021\/08\/recherche-emploi-photographe--e1628683074987-1024x220.jpg 1024w, https:\/\/www.mes-allocs.fr\/guides\/wp-content\/uploads\/2021\/08\/recherche-emploi-photographe--e1628683074987-300x64.jpg 300w, https:\/\/www.mes-allocs.fr\/guides\/wp-content\/uploads\/2021\/08\/recherche-emploi-photographe--e1628683074987-768x165.jpg 768w, https:\/\/www.mes-allocs.fr\/guides\/wp-content\/uploads\/2021\/08\/recherche-emploi-photographe--e1628683074987-600x129.jpg 600w, https:\/\/www.mes-allocs.fr\/guides\/wp-content\/uploads\/2021\/08\/recherche-emploi-photographe--e1628683074987.jpg 1280w\" sizes=\"auto, (max-width: 1024px) 100vw, 1024px\" \/><\/p>\n<p><strong>Vous \u00eates \u00e0 la recherche d&rsquo;un emploi pour exercer en tant que photographe ? Nous vous invitons \u00e0 d\u00e9couvrir comment se passe la recherche d&rsquo;un emploi de photographe avant d\u2019entamer une <a href=\"https:\/\/www.mes-allocs.fr\/guides\/reconversion-professionnelle\/\">reconversion professionnelle<\/a>. Missions, formations, salaires, d\u00e9bouch\u00e9s : vous allez tout savoir.\u00a0<\/strong><\/p>\n<div class='cta-block'><div class='text'>Coaching \u00e0 distance pay\u00e9 par vos aides formation.<\/div><a href='https:\/\/www.formademia.fr\/formulaire\/coaching' class='app-button fit'>V\u00e9rifier votre \u00e9ligibilit\u00e9<\/a><\/div>\n<h1 id=\"role-anchor\" class=\"anchor\">D\u00e9finition du m\u00e9tier de photographe<\/h1>\n<p>Le photographe est un professionnel de l&rsquo;image. Il est charg\u00e9 de r\u00e9aliser des photographies de personnes, d&rsquo;\u00e9v\u00e8nements, et m\u00eame d&rsquo;objets de tout genre. Cela varie en fonction de son domaine d&rsquo;activit\u00e9.<\/p>\n<h2>Quelles sont les missions du photographe ?<\/h2>\n<div id=\"role\">\n<p>Lorsque vous serez photographe, voici les missions que vous serez amen\u00e9 \u00e0 effectuer. \u00c0 savoir :<\/p>\n<ul>\n<li>adapter la lumi\u00e8re, le cadrage et la composition au sujet sur lequel il travaille<\/li>\n<li>r\u00e9aliser des prises de vue en accord avec le cahier des charges d\u00e9fini par le client<\/li>\n<li>mettre \u00e0 l&rsquo;aise et s&rsquo;adapter \u00e0 son sujet lorsqu&rsquo;il s&rsquo;agit d&rsquo;une personne ou d&rsquo;un animal<\/li>\n<li>effectuer tous les travaux de retouches n\u00e9cessaires<\/li>\n<li>d\u00e9velopper et tirer des photographies sur la base des outils num\u00e9riques actuels<\/li>\n<li>vendre vos clich\u00e9s<\/li>\n<li>r\u00e9aliser des expositions pour les photographes d&rsquo;art<\/li>\n<li>vous former r\u00e9guli\u00e8rement aux nouveaut\u00e9s des mat\u00e9riels photographique et informatiques.<\/li>\n<\/ul>\n<p>Bien entendu, cette liste n&rsquo;est pas d\u00e9finitive. Vous souhaitez savoir si ce m\u00e9tier est fait pour vous ? D\u00e9couvrez les <a href=\"https:\/\/www.mes-allocs.fr\/guides\/reconversion-professionnelle\/aide-recherche-emploi\/\">aides \u00e0 la recherche d\u2019emploi<\/a> qui existent en France !<\/p>\n<\/div>\n<h2>Quelles sont les comp\u00e9tences requises pour exercer ce m\u00e9tier ?<\/h2>\n<p>Plusieurs comp\u00e9tences sont exig\u00e9es pour pouvoir exercer en tant que photographe.<\/p>\n<p>En effet, vous devez avant tout avoir une excellente technique en photographie. Vous devez \u00e9galement \u00eatre une personne cr\u00e9ative, dot\u00e9e d&rsquo;une sensibilit\u00e9 artistique.<\/p>\n<div id=\"competences-text\">\n<p>La ma\u00eetrise des outils des l&rsquo;informatique ainsi que des logiciels de retouche photos est aussi requise. Enfin, le m\u00e9tier de photographe vous permet de rencontrer du monde. De ce fait, vous devez avoir un bon sens du relationnel.<\/p>\n<p><iframe loading=\"lazy\" title=\"La reconversion professionnelle\" width=\"500\" height=\"281\" src=\"https:\/\/www.youtube.com\/embed\/EiVUthswxl0?feature=oembed\" frameborder=\"0\" allow=\"accelerometer; autoplay; clipboard-write; encrypted-media; gyroscope; picture-in-picture; web-share\" referrerpolicy=\"strict-origin-when-cross-origin\" allowfullscreen><\/iframe><\/p>\n<\/div>\n<div id=\"more-less\">\n<h2>Quels sont les avantages et inconv\u00e9nients du m\u00e9tier de photographe ?<\/h2>\n<p>Comme dans tous les m\u00e9tiers, il existe des aspects positifs et des points plus n\u00e9gatifs. C&rsquo;est aussi le cas avec le m\u00e9tier de photographe. On vous explique.<\/p>\n<p><strong>Les avantages<\/strong><\/p>\n<ul>\n<li>M\u00e9tier artistique et cr\u00e9atif<\/li>\n<li>M\u00e9tier riche en rencontres<\/li>\n<li>Activit\u00e9 tr\u00e8s vari\u00e9e<\/li>\n<\/ul>\n<p><strong>Les points n\u00e9gatifs<\/strong><\/p>\n<ul>\n<li>March\u00e9 satur\u00e9 : nombreux candidats pour peu de places<\/li>\n<li>Salaire tr\u00e8s variable<\/li>\n<li>Obligation de savoir se vendre.<\/li>\n<\/ul>\n<h1>Quel est le salaire d&rsquo;un photographe ?<\/h1>\n<p>En d\u00e9but de carri\u00e8re, vous toucherez en tant que d\u00e9butant, un <a href=\"https:\/\/www.mes-allocs.fr\/guides\/reconversion-professionnelle\/aide-recherche-emploi\/recherche-emploi-photographe\/salaire-photographe\/\">salaire<\/a> proche du SMIC. Avec plus d&rsquo;ann\u00e9es d&rsquo;exp\u00e9rience, votre salaire avoisinera <strong>1 900\u20ac<\/strong> bruts par mois.<\/p>\n<p>Il faut cependant pr\u00e9ciser que les salaires dans cette profession peuvent d\u00e9pendre du secteur dans lequel vous choisirez de travailler.<\/p>\n<p>Vous pouvez travailler \u00e0 votre propre compte et ainsi d\u00e9cider des diff\u00e9rents prix de vos prestations, etc. Dans ce cas de figure, il est plus difficile d&rsquo;\u00e9valuer le montant de votre r\u00e9mun\u00e9ration par mois.<\/p>\n<\/div>\n<div id=\"employer\">\n<h1>Comment acc\u00e9der au m\u00e9tier de photographe ?<\/h1>\n<p>Pour acc\u00e9der au m\u00e9tier de photographe, vous devez d\u00e9crocher votre \u00a0BTS puis, le Master\u00a0par la suite.<\/p>\n<p>Enseign\u00e9es au sein d\u2019\u00e9coles de photographie,\u00a0d\u2019arts et de graphisme, ces <a href=\"https:\/\/www.mes-allocs.fr\/guides\/reconversion-professionnelle\/aide-recherche-emploi\/recherche-emploi-photographe\/etudes-photographe\/\">formations dipl\u00f4mantes<\/a> et professionnalisantes permettent \u00e0 diff\u00e9rents profils d\u2019avoir acc\u00e8s aux arts m\u00e9diatiques.<\/p>\n<p>En effet, il est possible de s\u2019engager dans une carri\u00e8re\u00a0pour \u00eatre photographe \u00e0 partir du niveau baccalaur\u00e9at jusqu\u2019au bac +5.<\/p>\n<h2>Quelles \u00e9tudes pour devenir photographe ?<\/h2>\n<p>Pour exercer en tant que photographe, plusieurs \u00e9tudes\/formations sont disponibles en fonction de votre niveau de qualification.<\/p>\n<\/div>\n<p>D&rsquo;autre part, si vous d\u00e9sirez travailler \u00e0 votre propre compte (auto entrepreneur), vous n&rsquo;avez pas besoin d&rsquo;avoir fait une \u00e9cole de photographie au pr\u00e9alable. Il est toutefois recommand\u00e9 de suivre une formation pour apprendre les bases de ce m\u00e9tier.<\/p>\n<div id=\"employer\">\n<div id=\"study-text\">\n<h3><strong>Bac pro photographie\u00a0<\/strong><\/h3>\n<p>Ce dipl\u00f4me se pr\u00e9pare dans les lyc\u00e9es professionnels publics ou priv\u00e9s, ou dans les Centres de Formation des Apprentis (CFA). Le\u00a0programme du Bac pro photo\u00a0aborde les principaux domaines allant de la prise de vues au traitement de l&rsquo;image.<\/p>\n<h3>Bep photographie<\/h3>\n<p>Le BEP Photographie est une forme d&rsquo;apprentissage de 1 an. Tout comme le Bac pro photo, il s&rsquo;agit d&rsquo;un\u00a0dipl\u00f4me d&rsquo;\u00e9tat, qui est d\u00e9livr\u00e9 par l&rsquo;Education Nationale et reconnu par la profession.<\/p>\n<h3>Bac +2 : BTS photographie<\/h3>\n<p>Le\u00a0BTS Photographie\u00a0est un dipl\u00f4me de l&rsquo;enseignement sup\u00e9rieur reconnu par l&rsquo;\u00e9tat, que l&rsquo;on peut obtenir apr\u00e8s deux ans d&rsquo;\u00e9tudes (niveau Bac+2). Ce cursus est potentiellement accessible aux titulaires de n&rsquo;importe quel Baccalaur\u00e9at ou dipl\u00f4me \u00e9quivalent.<\/p>\n<h3>Bac +5 : Master Pro Arts \u2013 Option Photographie<\/h3>\n<\/div>\n<h2><strong>Les \u00e9coles de photographie<br \/>\n<\/strong><\/h2>\n<ul>\n<li>l\u2019\u00c9cole nationale sup\u00e9rieure de la photographie d\u2019Arles (ENSP)<\/li>\n<li>l\u2019\u00c9cole nationale sup\u00e9rieure Louis Lumi\u00e8re section photographie<\/li>\n<li>Les Gobelins \u00e0 Paris<\/li>\n<li>l\u2019\u00c9cole nationale sup\u00e9rieure des arts d\u00e9coratifs (ENSAD) \u00e0 Paris.<\/li>\n<\/ul>\n<div class='cta-block'><div class='text'>Coaching \u00e0 distance pay\u00e9 par vos aides formation.<\/div><a href='https:\/\/www.formademia.fr\/formulaire\/coaching' class='app-button fit'>V\u00e9rifier votre \u00e9ligibilit\u00e9<\/a><\/div>\n<div id=\"career\">\n<h1>Quelles sont les \u00e9volutions de carri\u00e8re ?<\/h1>\n<p>Un photographe peut d\u00e9cider de se sp\u00e9cialiser : photographe de presse, d\u2019art, photographe professionnel sp\u00e9cialis\u00e9 dans la photo de paysages, de personnes\u00a0photographe de mode, photographe animalier\u2026<\/p>\n<p>Avec de l&rsquo;exp\u00e9rience et\/ou une formation compl\u00e9mentaire, un photographe peut \u00e9voluer vers des postes de responsable de service dans un studio photo, une agence, un journal ou un magasin.<\/p>\n<p>Il peut aussi se mettre \u00e0 son compte (free lance).<\/p>\n<\/div>\n<div id=\"employer\">\n<p>La photographie est utilis\u00e9e dans tous les secteurs. Ainsi, un photographe peut travailler \u00e0 son compte ou pour celui d&rsquo;une entreprise, d&rsquo;une association, ou encore :<\/p>\n<ul>\n<li>D&rsquo;agences de communication<\/li>\n<li>Magazines<\/li>\n<li>Soci\u00e9t\u00e9s d&rsquo;\u00e9v\u00e9nementiel<\/li>\n<li>De collectivit\u00e9s locales<\/li>\n<li>D&rsquo;entreprises vari\u00e9es : e-commerce, laboratoires, banques.<\/li>\n<\/ul>\n<h2><strong>Le photographe de studio <\/strong><\/h2>\n<p>Le photographe de studio compose sa photo. Il travaille son clich\u00e9, contrairement au reporter, qui r\u00e9agit sur le vif. Il choisit son d\u00e9cor, r\u00e8gle les lumi\u00e8res, cherche le meilleur angle pour mettre en valeur son sujet.<\/p>\n<p>Le photographe de studio travaille pour la presse, la publicit\u00e9 ou r\u00e9alise des catalogues pour des soci\u00e9t\u00e9s. Il est habituellement free-lance c&rsquo;est-\u00e0-dire qu&rsquo;il est ind\u00e9pendant.<\/p>\n<h2><strong>Le photographe-reporter <\/strong><\/h2>\n<p>C&rsquo;est lui qui illustre de ses photos les pages des journaux et fait r\u00eaver le public gr\u00e2ce \u00e0 ses reportages r\u00e9alis\u00e9s au bout du monde. Le photographe-reporter est avant tout un grand curieux. La photo est son moyen de communiquer, de partager ce qu&rsquo;il a v\u00e9cu.<\/p>\n<p>En qualit\u00e9 de reporter, le photographe est \u00e9galement journaliste. Il est donc l\u00e0 pour t&rsquo;informer. Son champ d&rsquo;action, c&rsquo;est le monde et ses moyens de communiquer : la presse.<\/p>\n<h2><strong>Le photographe de mode<br \/>\n<\/strong><\/h2>\n<p>Pr\u00e9senter les tendances, mettre en valeur les v\u00eatements d&rsquo;un couturier, faire vivre la mode sur de superbes cr\u00e9atures, sont les fonctions du photographe de mode. Il faut aussi de l&rsquo;originalit\u00e9 et de la personnalit\u00e9. Chaque photographe a son style et c&rsquo;est gr\u00e2ce \u00e0 lui qu&rsquo;il arrive \u00e0 \u00eatre reconnu.<br \/>\nMais il doit aussi savoir se renouveler et il n&rsquo;est pas toujours facile de trouver de nouvelles id\u00e9es pour pr\u00e9senter une collection.<\/p>\n<p>Parcourez la <a href=\"https:\/\/www.mes-allocs.fr\/guides\/reconversion-professionnelle\/aide-recherche-emploi\/recherche-emploi-photographe\/fiche-metier-photographe\/\">fiche m\u00e9tier du photographe<\/a> pour voir les possibilit\u00e9s qui s&rsquo;offrent \u00e0 vous !<\/p>\n<div class=\"content\">\n<div id=\"employer\">\n<div class=\"col size11of12\">\n<h1><span id=\"Comment_financer_votre_formation\">Comment financer votre formation pour devenir photographe ?<br \/>\n<\/span><\/h1>\n<p>Plusieurs dispositifs vous permettent une prise en charge des frais li\u00e9s \u00e0 votre formation pour devenir \u00e9lectricien. Les conditions d\u2019attribution d\u00e9pendent notamment de votre statut au moment de la demande.<\/p>\n<h2><span id=\"Le_Compte_Personnel_de_Formation_CPF\">Le Compte Personnel de Formation (CPF)\u00a0<\/span><\/h2>\n<p>Au m\u00eame titre que les salari\u00e9s, les demandeurs d\u2019emploi peuvent b\u00e9n\u00e9ficier du Compte Personnel de Formation pour une formation professionnelle par exemple.<\/p>\n<h2><span id=\"La_remuneration_des_Formations_de_Pole_Emploi_RFPE\">La r\u00e9mun\u00e9ration des Formations de P\u00f4le Emploi (RFPE)<\/span><\/h2>\n<p>Il s\u2019agit d\u2019une indemnit\u00e9 vers\u00e9e par P\u00f4le Emploi \u00e0 ceux qui suivent une formation agr\u00e9\u00e9e P\u00f4le Emploi. Cela dans le cadre de leur projet personnalis\u00e9 d\u2019acc\u00e8s \u00e0 l\u2019emploi. Elle est accessible aux demandeurs d\u2019emploi qui ne peuvent pas acc\u00e9der aux diff\u00e9rents droits existants. Qu\u2019il s\u2019agisse de l\u2019ARE ou de l\u2019ASP, ou des aides du conseil r\u00e9gional.<\/p>\n<p>Avant de vous reconvertir, nous vous invitons \u00e0 faire un bilan de comp\u00e9tences. Cette \u00e9tape vous permet de vous poser les bonnes questions, mais \u00e9galement faire le point sur vos motivations.<\/p>\n<div class='cta-block'><div class='text'>Coaching \u00e0 distance pay\u00e9 par vos aides formation.<\/div><a href='https:\/\/www.formademia.fr\/formulaire\/coaching' class='app-button fit'>V\u00e9rifier votre \u00e9ligibilit\u00e9<\/a><\/div>\n<\/div>\n<\/div>\n<\/div>\n<\/div>\n<\/div>\n","protected":false},"excerpt":{"rendered":"<p>Vous \u00eates \u00e0 la recherche d&rsquo;un emploi pour exercer en tant que photographe ? Nous vous invitons \u00e0 d\u00e9couvrir comment se passe la recherche d&rsquo;un emploi de photographe avant d\u2019entamer une reconversion professionnelle. Missions, formations, salaires, d\u00e9bouch\u00e9s : vous allez tout savoir.\u00a0 D\u00e9finition du m\u00e9tier de photographe Le photographe est un professionnel de l&rsquo;image. Il [&hellip;]<\/p>\n","protected":false},"author":7,"featured_media":34774,"comment_status":"open","ping_status":"open","sticky":false,"template":"","format":"standard","meta":{"amp_status":"","footnotes":""},"categories":[8789,5081],"tags":[],"class_list":["post-34709","post","type-post","status-publish","format-standard","has-post-thumbnail","hentry","category-aide-recherche-emploi","category-reconversion-professionnelle"],"yoast_head":"<!-- This site is optimized with the Yoast SEO plugin v14.9 - https:\/\/yoast.com\/wordpress\/plugins\/seo\/ -->\n<title>La recherche d&#039;un emploi de photographe | Mes-Allocs.fr<\/title>\n<meta name=\"description\" content=\"Vous \u00eates \u00e0 la recherche d&#039;un emploi en tant que photographe ? D\u00e9couvrez tout ce qu&#039;il faut savoir : missions, formations, salaires.\" \/>\n<meta name=\"robots\" content=\"index, follow, max-snippet:-1, max-image-preview:large, max-video-preview:-1\" \/>\n<link rel=\"canonical\" href=\"https:\/\/www.mes-allocs.fr\/guides\/reconversion-professionnelle\/aide-recherche-emploi\/recherche-emploi-photographe\/\" \/>\n<meta property=\"og:locale\" content=\"fr_FR\" \/>\n<meta property=\"og:type\" content=\"article\" \/>\n<meta property=\"og:title\" content=\"La recherche d&#039;un emploi de photographe | Mes-Allocs.fr\" \/>\n<meta property=\"og:description\" content=\"Vous \u00eates \u00e0 la recherche d&#039;un emploi en tant que photographe ? D\u00e9couvrez tout ce qu&#039;il faut savoir : missions, formations, salaires.\" \/>\n<meta property=\"og:url\" content=\"https:\/\/www.mes-allocs.fr\/guides\/reconversion-professionnelle\/aide-recherche-emploi\/recherche-emploi-photographe\/\" \/>\n<meta property=\"og:site_name\" content=\"Mes-Allocs.fr\" \/>\n<meta property=\"article:published_time\" content=\"2021-08-11T15:09:37+00:00\" \/>\n<meta property=\"article:modified_time\" content=\"2025-07-18T13:55:17+00:00\" \/>\n<meta property=\"og:image\" content=\"https:\/\/www.mes-allocs.fr\/guides\/wp-content\/uploads\/2021\/08\/La-recherche-emploi-photographe-missions-salaire-etc.jpg?wsr\" \/>\n\t<meta property=\"og:image:width\" content=\"1280\" \/>\n\t<meta property=\"og:image:height\" content=\"853\" \/>\n<meta name=\"twitter:card\" content=\"summary_large_image\" \/>\n<script type=\"application\/ld+json\" class=\"yoast-schema-graph\">{\"@context\":\"https:\/\/schema.org\",\"@graph\":[{\"@type\":\"WebSite\",\"@id\":\"https:\/\/www.mes-allocs.fr\/guides\/#website\",\"url\":\"https:\/\/www.mes-allocs.fr\/guides\/\",\"name\":\"Mes-Allocs.fr\",\"description\":\"\",\"potentialAction\":[{\"@type\":\"SearchAction\",\"target\":\"https:\/\/www.mes-allocs.fr\/guides\/?s={search_term_string}\",\"query-input\":\"required name=search_term_string\"}],\"inLanguage\":\"fr-FR\"},{\"@type\":\"ImageObject\",\"@id\":\"https:\/\/www.mes-allocs.fr\/guides\/reconversion-professionnelle\/aide-recherche-emploi\/recherche-emploi-photographe\/#primaryimage\",\"inLanguage\":\"fr-FR\",\"url\":\"https:\/\/www.mes-allocs.fr\/guides\/wp-content\/uploads\/2021\/08\/La-recherche-emploi-photographe-missions-salaire-etc.jpg?wsr\",\"width\":1280,\"height\":853,\"caption\":\"Recherche emploi photographe\"},{\"@type\":\"WebPage\",\"@id\":\"https:\/\/www.mes-allocs.fr\/guides\/reconversion-professionnelle\/aide-recherche-emploi\/recherche-emploi-photographe\/#webpage\",\"url\":\"https:\/\/www.mes-allocs.fr\/guides\/reconversion-professionnelle\/aide-recherche-emploi\/recherche-emploi-photographe\/\",\"name\":\"La recherche d'un emploi de photographe | Mes-Allocs.fr\",\"isPartOf\":{\"@id\":\"https:\/\/www.mes-allocs.fr\/guides\/#website\"},\"primaryImageOfPage\":{\"@id\":\"https:\/\/www.mes-allocs.fr\/guides\/reconversion-professionnelle\/aide-recherche-emploi\/recherche-emploi-photographe\/#primaryimage\"},\"datePublished\":\"2021-08-11T15:09:37+00:00\",\"dateModified\":\"2025-07-18T13:55:17+00:00\",\"author\":{\"@id\":\"https:\/\/www.mes-allocs.fr\/guides\/#\/schema\/person\/1c4837d5703727cb02ce84583b5a44aa\"},\"description\":\"Vous \\u00eates \\u00e0 la recherche d'un emploi en tant que photographe ? D\\u00e9couvrez tout ce qu'il faut savoir : missions, formations, salaires.\",\"inLanguage\":\"fr-FR\"},{\"@type\":\"Person\",\"@id\":\"https:\/\/www.mes-allocs.fr\/guides\/#\/schema\/person\/1c4837d5703727cb02ce84583b5a44aa\",\"name\":\"Fabiola\",\"image\":{\"@type\":\"ImageObject\",\"@id\":\"https:\/\/www.mes-allocs.fr\/guides\/#personlogo\",\"inLanguage\":\"fr-FR\",\"url\":\"https:\/\/www.mes-allocs.fr\/guides\/wp-content\/uploads\/2021\/06\/fabiola-150x150.png\",\"caption\":\"Fabiola\"},\"description\":\"Fabiola est r\\u00e9dactrice au sein de l'\\u00e9quipe Mes Allocs, sp\\u00e9cialis\\u00e9e en sciences politiques et affaires publiques. Dipl\\u00f4m\\u00e9e de l'HEIP, elle rejoint Mes Allocs apr\\u00e8s une premi\\u00e8re exp\\u00e9rience \\u00e0 l'Assembl\\u00e9e Nationale.\",\"sameAs\":[\"https:\/\/www.linkedin.com\/in\/cecilia-philippe-b-8a8085195\"]}]}<\/script>\n<!-- \/ Yoast SEO plugin. -->","amp_validity":null,"acf":{"faq":{"1":{"question":"Qu'est-ce que le m\u00e9tier de photographe ?","answer":"Le m\u00e9tier de photographe consiste \u00e0 prendre de bonnes photographies d'un sujet ou \u00e0 capturer des instants."},"2":{"question":"Quels sont les avantages du m\u00e9tier de photographe ?","answer":"Le m\u00e9tier de photographe permet de gagner en cr\u00e9ativit\u00e9 et permet de faire des rencontres vari\u00e9es."},"3":{"question":"O\u00f9 travaille un photographe ?","answer":"Le photographe peut travailler dans : \r\n- Une agence de communication\r\n- Une soci\u00e9t\u00e9 d'\u00e9v\u00e9nementiel\r\n- Des collectivit\u00e9s locales\r\n- Des entreprises vari\u00e9es : e-commerce, laboratoires, banque."},"4":{"question":"Quel est le salaire d'un photographe professionnel ?","answer":"Extr\u00eamement variable selon le secteur et la renomm\u00e9e du photographe, le salaire moyen mensuel d'un photographe est de 1430 euros bruts.\r\n"},"5":{"question":"Quelle formation suivre pour devenir photographe ind\u00e9pendant ?","answer":"- Bac Pro en photographie (formation de 3 ans apr\u00e8s la classe de 3e) \r\n- BTS Photographie (accessible apr\u00e8s un Bac g\u00e9n\u00e9ral)\r\n- Master Pro Arts sp\u00e9cialit\u00e9 Photographie \u00e0 l'universit\u00e9 \r\n- MST Photographie et multim\u00e9dias."},"6":{"question":"","answer":""},"7":{"question":"","answer":""},"8":{"question":"","answer":""},"9":{"question":"","answer":""},"10":{"question":"","answer":""},"11":{"question":"","answer":""},"12":{"question":"","answer":""},"13":{"question":"","answer":""},"14":{"question":"","answer":""},"15":{"question":"","answer":""},"16":{"question":"","answer":""}}},"_links":{"self":[{"href":"https:\/\/www.mes-allocs.fr\/guides\/wp-json\/wp\/v2\/posts\/34709","targetHints":{"allow":["GET"]}}],"collection":[{"href":"https:\/\/www.mes-allocs.fr\/guides\/wp-json\/wp\/v2\/posts"}],"about":[{"href":"https:\/\/www.mes-allocs.fr\/guides\/wp-json\/wp\/v2\/types\/post"}],"author":[{"embeddable":true,"href":"https:\/\/www.mes-allocs.fr\/guides\/wp-json\/wp\/v2\/users\/7"}],"replies":[{"embeddable":true,"href":"https:\/\/www.mes-allocs.fr\/guides\/wp-json\/wp\/v2\/comments?post=34709"}],"version-history":[{"count":11,"href":"https:\/\/www.mes-allocs.fr\/guides\/wp-json\/wp\/v2\/posts\/34709\/revisions"}],"predecessor-version":[{"id":102664,"href":"https:\/\/www.mes-allocs.fr\/guides\/wp-json\/wp\/v2\/posts\/34709\/revisions\/102664"}],"wp:featuredmedia":[{"embeddable":true,"href":"https:\/\/www.mes-allocs.fr\/guides\/wp-json\/wp\/v2\/media\/34774"}],"wp:attachment":[{"href":"https:\/\/www.mes-allocs.fr\/guides\/wp-json\/wp\/v2\/media?parent=34709"}],"wp:term":[{"taxonomy":"category","embeddable":true,"href":"https:\/\/www.mes-allocs.fr\/guides\/wp-json\/wp\/v2\/categories?post=34709"},{"taxonomy":"post_tag","embeddable":true,"href":"https:\/\/www.mes-allocs.fr\/guides\/wp-json\/wp\/v2\/tags?post=34709"}],"curies":[{"name":"wp","href":"https:\/\/api.w.org\/{rel}","templated":true}]}}