{"id":34475,"date":"2021-08-06T16:03:10","date_gmt":"2021-08-06T14:03:10","guid":{"rendered":"https:\/\/www.mes-allocs.fr\/guides\/?p=34475"},"modified":"2026-04-02T08:13:47","modified_gmt":"2026-04-02T07:13:47","slug":"duree-indemnisation-chomage","status":"publish","type":"post","link":"https:\/\/www.mes-allocs.fr\/guides\/chomage\/duree-indemnisation-chomage\/","title":{"rendered":"Quelle est la dur\u00e9e d&rsquo;indemnisation du ch\u00f4mage en France ?"},"content":{"rendered":"<p style=\"text-align: justify;\">Lorsque vous \u00eates au <a href=\"https:\/\/www.mes-allocs.fr\/guides\/chomage\/chomage-en-france\">ch\u00f4mage en France<\/a>, vous pouvez b\u00e9n\u00e9ficier d&rsquo;aides et de certains dispositifs comme le ch\u00f4mage partiel. En parall\u00e8le, vous pouvez aussi b\u00e9n\u00e9ficier d&rsquo;une indemnisation. Dans cet article, nous allons voir la dur\u00e9e d&rsquo;indemnisation du ch\u00f4mage en France.<\/p>\n<p style=\"text-align: justify;\"><div class='cta-block'><div class='text'>Simulez votre ch\u00f4mage en 2 min.<\/div><a href='https:\/\/www.mes-allocs.fr\/simulation-chomage?origin=guides\/wp-json\/wp\/v2\/posts\/34475' class='app-button fit'>Simulation gratuite<\/a><\/div><\/p>\n<h1>Ce qui change en 2026<\/h1>\n<p>La <a href=\"https:\/\/www.mes-allocs.fr\/guides\/chomage\/duree-indemnisation-chomage\/duree-minimale-chomage\/\">dur\u00e9e minimale du ch\u00f4mage<\/a> connait quelques changements. Un d\u00e9cret datant du 30 mars 2026 instaure <strong>une nouvelle dur\u00e9e minimale du ch\u00f4mage<\/strong>. D\u00e9sormais fix\u00e9e \u00e0 <strong>152 jours<\/strong>, cette nouvelle dur\u00e9e d&rsquo;indemnisation d&rsquo;ARE s&rsquo;applique dans plusieurs cas :<\/p>\n<ul>\n<li>Une demande d&rsquo;ARE suite \u00e0 un contrat court,<\/li>\n<li>Une demande d&rsquo;ARE suite \u00e0 un contrat \u00e0 dur\u00e9e d\u00e9termin\u00e9e sp\u00e9cifique,<\/li>\n<li>Une demande d&rsquo;ARE suite \u00e0 un contrat en int\u00e9rim,<\/li>\n<li>Une demande d&rsquo;ARE suite \u00e0 un contrat relevant du <strong>Code rural.<\/strong><\/li>\n<\/ul>\n<p>Si vous avez r\u00e9cemment perdu votre emploi ou si vous vous \u00eates fait licenci\u00e9, vous \u00eates concern\u00e9 par cette nouvelle dur\u00e9e d&rsquo;indemnisation d&rsquo;ARE.<\/p>\n<h1 style=\"text-align: justify;\">Un rapide rappel sur le ch\u00f4mage<\/h1>\n<h2 class=\"amp-wp-7d27179\" style=\"text-align: justify;\" data-amp-original-style=\"text-align: justify;\"><span id=\"Chomage_definition\"><b>D\u00e9finition<\/b><\/span><\/h2>\n<p class=\"amp-wp-7d27179\" style=\"text-align: justify;\" data-amp-original-style=\"text-align: justify;\"><span class=\"amp-wp-fe3f5cc\" data-amp-original-style=\"font-weight: 400;\">Le ch\u00f4mage est la situation d\u2019un demandeur d&rsquo; emploi, d\u2019une entreprise, d\u2019un secteur entier de l\u2019activit\u00e9 \u00e9conomique caract\u00e9ris\u00e9e par le manque de travail. Les causes d\u2019absence d\u2019emploi sont nombreuses : entr\u00e9e dans la vie active, licenciement, d\u00e9mission volontaire ou r\u00e9orientation professionnelle.<\/span><\/p>\n<h2 style=\"text-align: justify;\" data-amp-original-style=\"text-align: justify;\">Les formes de ch\u00f4mage<\/h2>\n<p class=\"amp-wp-7d27179\" style=\"text-align: justify;\" data-amp-original-style=\"text-align: justify;\"><span class=\"amp-wp-fe3f5cc\" data-amp-original-style=\"font-weight: 400;\">Il existe de nombreuses formes de ch\u00f4mage :<\/span><\/p>\n<ul style=\"text-align: justify;\">\n<li class=\"amp-wp-7d27179\" data-amp-original-style=\"text-align: justify;\"><b>Le ch\u00f4mage naturel<\/b><span class=\"amp-wp-fe3f5cc\" data-amp-original-style=\"font-weight: 400;\"> : c\u2019est le temps de battement quasi-syst\u00e9matique entre le d\u00e9but de la recherche d\u2019emploi et le fait d\u2019en obtenir un.\u00a0<\/span><\/li>\n<li class=\"amp-wp-7d27179\" data-amp-original-style=\"text-align: justify;\"><b>Le ch\u00f4mage conjoncturel<\/b><span class=\"amp-wp-fe3f5cc\" data-amp-original-style=\"font-weight: 400;\"> : c\u2019est le ch\u00f4mage qui r\u00e9sulte d\u2019un ralentissement de l\u2019activit\u00e9 \u00e9conomique d\u2019un pays, provoquant ainsi un surplus de main d\u2019\u0153uvre. Les entreprises licencient alors pour adapter leur capacit\u00e9 de production \u00e0 la baisse de l\u2019activit\u00e9 \u00e9conomique.<\/span><\/li>\n<li class=\"amp-wp-7d27179\" data-amp-original-style=\"text-align: justify;\"><b>Mais aussi le ch\u00f4mage structurel<\/b><span class=\"amp-wp-fe3f5cc\" data-amp-original-style=\"font-weight: 400;\"> : il est li\u00e9 aux changements de structures \u00e9conomiques d\u2019un pays, qui r\u00e9sultent d\u2019une inad\u00e9quation qualitative entre l\u2019offre et la demande. Une partie de la population est ainsi inemployable, n\u2019\u00e9tant pas qualifi\u00e9e pour la demande.<\/span><\/li>\n<li class=\"amp-wp-7d27179\" data-amp-original-style=\"text-align: justify;\"><b>Le <a href=\"https:\/\/www.mes-allocs.fr\/guides\/chomage\/chomage-technique\">ch\u00f4mage technique<\/a><\/b><span class=\"amp-wp-fe3f5cc\" data-amp-original-style=\"font-weight: 400;\"> : le ch\u00f4mage d\u00fb \u00e0 l\u2019impossibilit\u00e9 d\u2019autres acteurs \u00e9conomiques de fournir le n\u00e9cessaire \u00e0 une entreprise afin qu\u2019elle poursuive son activit\u00e9.<\/span><\/li>\n<li class=\"amp-wp-7d27179\" data-amp-original-style=\"text-align: justify;\"><b>Le ch\u00f4mage partiel<\/b><span class=\"amp-wp-fe3f5cc\" data-amp-original-style=\"font-weight: 400;\"> : il est provoqu\u00e9 par une baisse d\u2019activit\u00e9 anormale d\u2019une entreprise qui r\u00e9sulte en la diminution des heures de travail.<\/span><\/li>\n<li class=\"amp-wp-7d27179\" data-amp-original-style=\"text-align: justify;\"><b>Et le ch\u00f4mage saisonnier<\/b><span class=\"amp-wp-fe3f5cc\" data-amp-original-style=\"font-weight: 400;\"> : il concerne certaines branches professionnelles dont l\u2019activit\u00e9\u00a0varie sensiblement selon les p\u00e9riodes de l\u2019ann\u00e9e.<\/span><\/li>\n<\/ul>\n<p class=\"amp-wp-7d27179\" style=\"text-align: justify;\" data-amp-original-style=\"text-align: justify;\"><span class=\"amp-wp-fe3f5cc\" data-amp-original-style=\"font-weight: 400;\">En France, le ch\u00f4mage est mesur\u00e9 par deux institutions diff\u00e9rentes :<\/span><\/p>\n<ul style=\"text-align: justify;\">\n<li class=\"amp-wp-7d27179\" data-amp-original-style=\"text-align: justify;\"><span class=\"amp-wp-fe3f5cc\" data-amp-original-style=\"font-weight: 400;\">Le minist\u00e8re du travail qui \u00e9tablit mensuellement les chiffres du ch\u00f4mage,<\/span><\/li>\n<li class=\"amp-wp-7d27179\" data-amp-original-style=\"text-align: justify;\"><span class=\"amp-wp-fe3f5cc\" data-amp-original-style=\"font-weight: 400;\">L\u2019Insee (institut national de la statistique et des \u00e9tudes \u00e9conomiques)<\/span><\/li>\n<\/ul>\n<p style=\"text-align: justify;\">Lorsque vous \u00eates dans cette situation, vous n&rsquo;\u00eates pas laiss\u00e9s \u00e0 l&rsquo;abandon. En effet, il existe une indemnit\u00e9 qui va vous permettre de faire face \u00e0 cette perte d&#8217;emploi. On vous dit tout.<\/p>\n<p><iframe loading=\"lazy\" title=\"Tout savoir sur le ch\u00f4mage en France !\" width=\"500\" height=\"281\" src=\"https:\/\/www.youtube.com\/embed\/jgv9qS4jh7k?feature=oembed\" frameborder=\"0\" allow=\"accelerometer; autoplay; clipboard-write; encrypted-media; gyroscope; picture-in-picture; web-share\" referrerpolicy=\"strict-origin-when-cross-origin\" allowfullscreen><\/iframe><\/p>\n<h1 style=\"text-align: justify;\">L&rsquo;indemnit\u00e9 pour le ch\u00f4mage<\/h1>\n<h2 style=\"text-align: justify;\">Qu&rsquo;est-ce qui est pris en compte dans le calcul ?<\/h2>\n<section class=\"block-article-link color-candidat\">Pour le calcul de votre allocation ch\u00f4mage, les sommes prises en compte sont les r\u00e9mun\u00e9rations brutes :<\/section>\n<ul>\n<li>qui sont la contrepartie de l\u2019ex\u00e9cution \u00ab normale \u00bb de votre contrat de travail ;<\/li>\n<li>qui sont soumises aux contributions\u00a0patronales d\u2019assurance ch\u00f4mage ch\u00f4mage ;<\/li>\n<li>qui ont \u00e9t\u00e9 per\u00e7ues au cours de la p\u00e9riode de r\u00e9f\u00e9rence de calcul ;<\/li>\n<li>qui n\u2019ont pas d\u00e9j\u00e0 servi pour un pr\u00e9c\u00e9dent calcul de droit.<\/li>\n<\/ul>\n<p>Ne sont pas utilis\u00e9es dans le calcul :<\/p>\n<ul>\n<li>les indemnit\u00e9s de licenciement, de fin de contrat ;<\/li>\n<li>les indemnit\u00e9s de cong\u00e9s pay\u00e9s.<\/li>\n<\/ul>\n<p>Les r\u00e9mun\u00e9rations li\u00e9es \u00e0 des heures de travail effectu\u00e9es au-del\u00e0 de 260 heures par mois ne sont pas comptabilis\u00e9es.<\/p>\n<p style=\"text-align: justify;\">P\u00f4le emploi prend en compte les 24 mois de salaires et primes qui pr\u00e9c\u00e8dent votre dernier jour travaill\u00e9 et pay\u00e9 pour calculer le montant de l\u2019allocation que vous toucherez par jour.<\/p>\n<p style=\"text-align: justify;\">Si le dernier jour travaill\u00e9 et pay\u00e9 correspond au terme d&rsquo;un mois civil, la p\u00e9riode r\u00e9f\u00e9rence de calcul est constitu\u00e9e de 24 mois civils incluant ce mois.<\/p>\n<p style=\"text-align: justify;\">Si vous n&rsquo;exerciez plus qu&rsquo;une activit\u00e9 r\u00e9duite &#8211; ou si vous ne receviez qu&rsquo;un salaire r\u00e9duit \u00e0 la fin de votre contrat de travail &#8211; la fin de la p\u00e9riode de r\u00e9f\u00e9rence calcul peut \u00eatre d\u00e9cal\u00e9e. Cela peut \u00eatre d\u00e9cid\u00e9 d&rsquo;office, ou vous pouvez en faire la demande \u00e0 votre conseiller dans l&rsquo;objectif de prendre en compte des r\u00e9mun\u00e9rations normales.<\/p>\n<p style=\"text-align: justify;\"><div class='cta-block'><div class='text'>Simulez votre ch\u00f4mage en 2 min.<\/div><a href='https:\/\/www.mes-allocs.fr\/simulation-chomage?origin=guides\/wp-json\/wp\/v2\/posts\/34475' class='app-button fit'>Simulation gratuite<\/a><\/div><\/p>\n<h2 style=\"text-align: justify;\">Le montant de l&rsquo;allocation<\/h2>\n<p style=\"text-align: justify;\">Le montant journalier de votre allocation ch\u00f4mage est \u00e9gal au montant le plus \u00e9lev\u00e9 entre :<\/p>\n<ul style=\"text-align: justify;\">\n<li>40,4 % de votre salaire journalier de r\u00e9f\u00e9rence (SJR) +\u00a0 une partie fixe de 13,18 \u20ac ;<\/li>\n<li>57 % de votre SJR.<\/li>\n<\/ul>\n<p style=\"text-align: justify;\">Ce montant est encadr\u00e9 par un plancher et un plafond :<\/p>\n<ul style=\"text-align: justify;\">\n<li>Il ne peut \u00eatre inf\u00e9rieur \u00e0 l&rsquo;allocation journali\u00e8re minimale de 32,13 \u20ac ;<\/li>\n<li>Il ne peut exc\u00e9der 75 % de votre SJR.<\/li>\n<\/ul>\n<h2 style=\"text-align: justify;\">Dur\u00e9e de l&rsquo;indemnisation<\/h2>\n<p style=\"text-align: justify;\">Pour conna\u00eetre le nombre de jours durant lesquels vous pourrez percevoir l\u2019allocation ch\u00f4mage, il faut multiplier par 1,4 le nombre de jours travaill\u00e9s dans la p\u00e9riode de r\u00e9f\u00e9rence.<\/p>\n<p>Les \u00ab jours travaill\u00e9s \u00bb sont d\u00e9compt\u00e9s par semaine civile (du lundi au dimanche).<\/p>\n<p style=\"text-align: justify;\">P\u00f4le emploi (l&rsquo;organisme qui vous verse l&rsquo;indemnit\u00e9) peut tenir compte de plusieurs contrats de travail sur la m\u00eame p\u00e9riode, mais quoi qu\u2019il arrive, le nombre de jours pris en compte sera limit\u00e9 \u00e0 5 jours travaill\u00e9s par semaine civile.<\/p>\n<p>La p\u00e9riode de r\u00e9f\u00e9rence dans laquelle les jours sont recherch\u00e9s varie en fonction de votre \u00e2ge.\u00a0Elle est de 24 mois si vous avez moins de 53 ans \u00e0 la date de votre fin de contrat de travail et de 36 mois si vous avez 53 ans et plus \u00e0 la date de votre fin de contrat de travail.<\/p>\n<p style=\"text-align: justify;\">En fonction de votre \u00e2ge, la dur\u00e9e maximale durant laquelle l\u2019allocation ch\u00f4mage peut vous \u00eatre vers\u00e9e peut \u00eatre allong\u00e9e. Si vous avez moins de 53 ans, vous serez indemnis\u00e9 au maximum <strong>18 mois, soit 548 jours calendaires<\/strong>.<\/p>\n<p style=\"text-align: justify;\">Si vous avez entre 53 et 54 ans, vous avez le droit \u00e0 un allongement de la dur\u00e9e de vos droits. Vous serez indemnis\u00e9 au maximum <strong>22,5 mois, soit 685 jours calendaires<\/strong>.<\/p>\n<p style=\"text-align: justify;\">Si vous avez 55 ans ou plus, vous avez droit au maximum \u00e0 <strong>27 mois, soit 822 jours calendaires<\/strong>.<\/p>\n<p style=\"text-align: justify;\">Si vous avez au moins 64 ans et que vous \u00eates en cours d\u2019indemnisation depuis au moins un an, votre indemnisation peut \u00eatre maintenue au-del\u00e0 de la dur\u00e9e pr\u00e9vue initialement, et au plus tard jusqu\u2019\u00e0 l\u2019\u00e2ge du d\u00e9part \u00e0 la retraite \u00e0 taux plein (soit 67 ans).<\/p>\n<p style=\"text-align: justify;\">Pour b\u00e9n\u00e9ficier du dispositif de maintien de droits aux allocations, il vous faut justifier de 12 ans d\u2019affiliation au r\u00e9gime d\u2019assurance ch\u00f4mage ou de p\u00e9riodes assimil\u00e9es, dont 1 an continu ou 2 ans discontinus au cours des 5 ann\u00e9es pr\u00e9c\u00e9dant la fin du contrat de travail qui a permis l\u2019ouverture ou le rechargement du droit.<\/p>\n<p>Il faut \u00e9galement justifier de 100 trimestres valid\u00e9s par l\u2019assurance vieillesse.<\/p>\n<p style=\"text-align: justify;\"><div class='cta-block'><div class='text'>Simulez votre ch\u00f4mage en 2 min.<\/div><a href='https:\/\/www.mes-allocs.fr\/simulation-chomage?origin=guides\/wp-json\/wp\/v2\/posts\/34475' class='app-button fit'>Simulation gratuite<\/a><\/div><\/p>\n","protected":false},"excerpt":{"rendered":"<p>Lorsque vous \u00eates au ch\u00f4mage en France, vous pouvez b\u00e9n\u00e9ficier d&rsquo;aides et de certains dispositifs comme le ch\u00f4mage partiel. En parall\u00e8le, vous pouvez aussi b\u00e9n\u00e9ficier d&rsquo;une indemnisation. Dans cet article, nous allons voir la dur\u00e9e d&rsquo;indemnisation du ch\u00f4mage en France. Ce qui change en 2026 La dur\u00e9e minimale du ch\u00f4mage connait quelques changements. Un d\u00e9cret [&hellip;]<\/p>\n","protected":false},"author":6,"featured_media":105630,"comment_status":"open","ping_status":"open","sticky":false,"template":"","format":"standard","meta":{"amp_status":"","footnotes":""},"categories":[2989],"tags":[],"class_list":["post-34475","post","type-post","status-publish","format-standard","has-post-thumbnail","hentry","category-chomage"],"yoast_head":"<!-- This site is optimized with the Yoast SEO plugin v14.9 - https:\/\/yoast.com\/wordpress\/plugins\/seo\/ -->\n<title>Quelle est la dur\u00e9e d&#039;indemnisation du ch\u00f4mage en France ? | Mes-Allocs.fr<\/title>\n<meta name=\"description\" content=\"Si vous b\u00e9n\u00e9ficiez d&#039;une aide pour le ch\u00f4mage, il est important de connaitre la dur\u00e9e du versement. Mes Allocs vous dit tout.\" \/>\n<meta name=\"robots\" content=\"index, follow, max-snippet:-1, max-image-preview:large, max-video-preview:-1\" \/>\n<link rel=\"canonical\" href=\"https:\/\/www.mes-allocs.fr\/guides\/chomage\/duree-indemnisation-chomage\/\" \/>\n<meta property=\"og:locale\" content=\"fr_FR\" \/>\n<meta property=\"og:type\" content=\"article\" \/>\n<meta property=\"og:title\" content=\"Quelle est la dur\u00e9e d&#039;indemnisation du ch\u00f4mage en France ? | Mes-Allocs.fr\" \/>\n<meta property=\"og:description\" content=\"Si vous b\u00e9n\u00e9ficiez d&#039;une aide pour le ch\u00f4mage, il est important de connaitre la dur\u00e9e du versement. Mes Allocs vous dit tout.\" \/>\n<meta property=\"og:url\" content=\"https:\/\/www.mes-allocs.fr\/guides\/chomage\/duree-indemnisation-chomage\/\" \/>\n<meta property=\"og:site_name\" content=\"Mes-Allocs.fr\" \/>\n<meta property=\"article:published_time\" content=\"2021-08-06T14:03:10+00:00\" \/>\n<meta property=\"article:modified_time\" content=\"2026-04-02T07:13:47+00:00\" \/>\n<meta property=\"og:image\" content=\"https:\/\/www.mes-allocs.fr\/guides\/wp-content\/uploads\/2021\/08\/duree-indemnisation-chomage.jpg?wsr\" \/>\n\t<meta property=\"og:image:width\" content=\"1280\" \/>\n\t<meta property=\"og:image:height\" content=\"828\" \/>\n<meta name=\"twitter:card\" content=\"summary_large_image\" \/>\n<script type=\"application\/ld+json\" class=\"yoast-schema-graph\">{\"@context\":\"https:\/\/schema.org\",\"@graph\":[{\"@type\":\"WebSite\",\"@id\":\"https:\/\/www.mes-allocs.fr\/guides\/#website\",\"url\":\"https:\/\/www.mes-allocs.fr\/guides\/\",\"name\":\"Mes-Allocs.fr\",\"description\":\"\",\"potentialAction\":[{\"@type\":\"SearchAction\",\"target\":\"https:\/\/www.mes-allocs.fr\/guides\/?s={search_term_string}\",\"query-input\":\"required name=search_term_string\"}],\"inLanguage\":\"fr-FR\"},{\"@type\":\"ImageObject\",\"@id\":\"https:\/\/www.mes-allocs.fr\/guides\/chomage\/duree-indemnisation-chomage\/#primaryimage\",\"inLanguage\":\"fr-FR\",\"url\":\"https:\/\/www.mes-allocs.fr\/guides\/wp-content\/uploads\/2021\/08\/duree-indemnisation-chomage.jpg?wsr\",\"width\":1280,\"height\":828,\"caption\":\"duree indemnisation chomage\"},{\"@type\":\"WebPage\",\"@id\":\"https:\/\/www.mes-allocs.fr\/guides\/chomage\/duree-indemnisation-chomage\/#webpage\",\"url\":\"https:\/\/www.mes-allocs.fr\/guides\/chomage\/duree-indemnisation-chomage\/\",\"name\":\"Quelle est la dur\\u00e9e d'indemnisation du ch\\u00f4mage en France ? | Mes-Allocs.fr\",\"isPartOf\":{\"@id\":\"https:\/\/www.mes-allocs.fr\/guides\/#website\"},\"primaryImageOfPage\":{\"@id\":\"https:\/\/www.mes-allocs.fr\/guides\/chomage\/duree-indemnisation-chomage\/#primaryimage\"},\"datePublished\":\"2021-08-06T14:03:10+00:00\",\"dateModified\":\"2026-04-02T07:13:47+00:00\",\"author\":{\"@id\":\"https:\/\/www.mes-allocs.fr\/guides\/#\/schema\/person\/0ecd61a8600573914d00d970a588c024\"},\"description\":\"Si vous b\\u00e9n\\u00e9ficiez d'une aide pour le ch\\u00f4mage, il est important de connaitre la dur\\u00e9e du versement. Mes Allocs vous dit tout.\",\"inLanguage\":\"fr-FR\"},{\"@type\":\"Person\",\"@id\":\"https:\/\/www.mes-allocs.fr\/guides\/#\/schema\/person\/0ecd61a8600573914d00d970a588c024\",\"name\":\"Jonathan\",\"image\":{\"@type\":\"ImageObject\",\"@id\":\"https:\/\/www.mes-allocs.fr\/guides\/#personlogo\",\"inLanguage\":\"fr-FR\",\"url\":\"https:\/\/www.mes-allocs.fr\/guides\/wp-content\/uploads\/2021\/06\/jonathan-150x150.png\",\"caption\":\"Jonathan\"},\"description\":\"Jonathan est r\\u00e9dacteur au sein de l'\\u00e9quipe Mes Allocs, sp\\u00e9cialis\\u00e9 sur les sujets li\\u00e9s au handicap. Dipl\\u00f4m\\u00e9e de l'UPEM, il rejoint Mes Allocs apr\\u00e8s avoir travaill\\u00e9 \\u00e0 l'association AEDE qui accompagne les adultes en situation de handicap. Quand il n'\\u00e9crit pas, on peut le retrouver sur un terrain de basket.\",\"sameAs\":[\"https:\/\/www.linkedin.com\/in\/jonathan-bambela-8637861b7\"]}]}<\/script>\n<!-- \/ Yoast SEO plugin. -->","amp_validity":null,"acf":{"faq":{"1":{"question":"Quelle est la dur\u00e9e du ch\u00f4mage ?","answer":"Pour une personne de \u2013 de 50 ans : La dur\u00e9e maximum d'indemnisation est de 730 jours, soit 24 mois. Peu importe, si vous avez travaill\u00e9 plus de 2 ans."},"2":{"question":"Le ch\u00f4mage technique d\u00e9pend-t-il de notre statut ?","answer":"Non absolument pas, peu importe votre statut dans l'entreprise vous pouvez b\u00e9n\u00e9ficier du ch\u00f4mage partiel."},"3":{"question":"Comment calculer les indemnit\u00e9s de ch\u00f4mage ?","answer":"Le montant de l'allocation d'aide au retour \u00e0 l'emploi (ARE) est calcul\u00e9 \u00e0 partir de votre salaire journalier de r\u00e9f\u00e9rence (SJR). Ce salaire de r\u00e9f\u00e9rence prend en compte tous vos salaires bruts per\u00e7us au cours des 12 derniers mois, primes comprises, mais hors indemnit\u00e9s li\u00e9es \u00e0 la rupture de votre contrat."},"4":{"question":"Comment faire pour toucher le ch\u00f4mage apr\u00e8s une d\u00e9mission ?","answer":"La d\u00e9mission l\u00e9gitime n'est pas l'unique cas qui ouvre droit au ch\u00f4mage apr\u00e8s une d\u00e9mission. Lorsque vous effectuez une reconversion professionnelle ou que vous cr\u00e9ez ou reprenez une entreprise, vous pouvez \u00e9galement b\u00e9n\u00e9ficier des allocations ch\u00f4mage."},"5":{"question":"Qu'est ce que le Ch\u00f4mage en France ?","answer":"Le ch\u00f4mage peut \u00eatre d\u00e9fini comme l'\u00e9tat d'une personne souhaitant travailler et qui est \u00e0 la recherche d'un emploi. Cette d\u00e9finition du ch\u00f4mage conna\u00eet de nombreuses variantes et son concept donne toujours lieu \u00e0 des controverses th\u00e9oriques et statistiques."},"6":{"question":"","answer":""},"7":{"question":"","answer":""},"8":{"question":"","answer":""},"9":{"question":"","answer":""},"10":{"question":"","answer":""},"11":{"question":"","answer":""},"12":{"question":"","answer":""},"13":{"question":"","answer":""},"14":{"question":"","answer":""},"15":{"question":"","answer":""},"16":{"question":"","answer":""}}},"_links":{"self":[{"href":"https:\/\/www.mes-allocs.fr\/guides\/wp-json\/wp\/v2\/posts\/34475","targetHints":{"allow":["GET"]}}],"collection":[{"href":"https:\/\/www.mes-allocs.fr\/guides\/wp-json\/wp\/v2\/posts"}],"about":[{"href":"https:\/\/www.mes-allocs.fr\/guides\/wp-json\/wp\/v2\/types\/post"}],"author":[{"embeddable":true,"href":"https:\/\/www.mes-allocs.fr\/guides\/wp-json\/wp\/v2\/users\/6"}],"replies":[{"embeddable":true,"href":"https:\/\/www.mes-allocs.fr\/guides\/wp-json\/wp\/v2\/comments?post=34475"}],"version-history":[{"count":19,"href":"https:\/\/www.mes-allocs.fr\/guides\/wp-json\/wp\/v2\/posts\/34475\/revisions"}],"predecessor-version":[{"id":111302,"href":"https:\/\/www.mes-allocs.fr\/guides\/wp-json\/wp\/v2\/posts\/34475\/revisions\/111302"}],"wp:featuredmedia":[{"embeddable":true,"href":"https:\/\/www.mes-allocs.fr\/guides\/wp-json\/wp\/v2\/media\/105630"}],"wp:attachment":[{"href":"https:\/\/www.mes-allocs.fr\/guides\/wp-json\/wp\/v2\/media?parent=34475"}],"wp:term":[{"taxonomy":"category","embeddable":true,"href":"https:\/\/www.mes-allocs.fr\/guides\/wp-json\/wp\/v2\/categories?post=34475"},{"taxonomy":"post_tag","embeddable":true,"href":"https:\/\/www.mes-allocs.fr\/guides\/wp-json\/wp\/v2\/tags?post=34475"}],"curies":[{"name":"wp","href":"https:\/\/api.w.org\/{rel}","templated":true}]}}