{"id":34413,"date":"2021-08-06T15:49:13","date_gmt":"2021-08-06T13:49:13","guid":{"rendered":"https:\/\/www.mes-allocs.fr\/guides\/?p=34413"},"modified":"2026-01-22T16:49:58","modified_gmt":"2026-01-22T15:49:58","slug":"cumul-paje","status":"publish","type":"post","link":"https:\/\/www.mes-allocs.fr\/guides\/allocations-familiales\/paje\/cumul-paje\/","title":{"rendered":"Tout savoir sur le cumul PAJE en 2026 !"},"content":{"rendered":"<p><img loading=\"lazy\" decoding=\"async\" class=\"aligncenter wp-image-34416 \" title=\"bebe\" src=\"https:\/\/www.mes-allocs.fr\/guides\/wp-content\/uploads\/2021\/08\/bebe--e1686149803718.jpg\" alt=\"cumul paje\" width=\"1409\" height=\"253\" srcset=\"https:\/\/www.mes-allocs.fr\/guides\/wp-content\/uploads\/2021\/08\/bebe--e1686149803718.jpg 1125w, https:\/\/www.mes-allocs.fr\/guides\/wp-content\/uploads\/2021\/08\/bebe--e1686149803718-300x54.jpg 300w, https:\/\/www.mes-allocs.fr\/guides\/wp-content\/uploads\/2021\/08\/bebe--e1686149803718-1024x184.jpg 1024w, https:\/\/www.mes-allocs.fr\/guides\/wp-content\/uploads\/2021\/08\/bebe--e1686149803718-768x138.jpg 768w, https:\/\/www.mes-allocs.fr\/guides\/wp-content\/uploads\/2021\/08\/bebe--e1686149803718-600x108.jpg 600w\" sizes=\"auto, (max-width: 1409px) 100vw, 1409px\" \/><\/p>\n<p style=\"text-align: justify;\">[Mis \u00e0 jour le 21\/01\/2026] Il existe des <a href=\"https:\/\/www.mes-allocs.fr\/guides\/allocations-familiales\">allocations familiales<\/a> que la CAF accorde aux parents qui viennent d&rsquo;accueillir un enfant. Il s&rsquo;agit des aides de la PAJE. Dans de nombreux cas, les aides de la CAF sont cumulables. Nous allons voir si tel est le cas pour les aides de la PAJE.<\/p>\n<div class='cta-block'><div class='text'>Simulez toutes vos allocations familiales en 2 min. Gratuit.<\/div><a href='https:\/\/www.mes-allocs.fr\/ab-app?origin=guides\/wp-json\/wp\/v2\/posts\/34413' class='app-button fit'>Simulation gratuite<\/a><\/div>\n<hr \/>\n<h1 style=\"text-align: justify;\"><span id=\"Quest-ce_que_la_PAJE\"><strong>Qu\u2019est-ce que la PAJE ?<\/strong><\/span><\/h1>\n<h2 style=\"text-align: justify;\">Point de rappel<\/h2>\n<p style=\"text-align: justify;\"><span class=\"amp-wp-fe3f5cc\" data-amp-original-style=\"font-weight: 400;\">La prestation d\u2019accueil du jeune enfant (PAJE) est une prestation familiales et une aide financi\u00e8re destin\u00e9e \u00e0 aider une famille \u00e0 financer les d\u00e9penses li\u00e9es \u00e0 l\u2019entretien et \u00e0 l\u2019\u00e9ducation d\u00e8s la naissance de l\u2019enfant.\u00a0<\/span><\/p>\n<p style=\"text-align: justify;\"><span class=\"amp-wp-fe3f5cc\" data-amp-original-style=\"font-weight: 400;\">Cette aide est destin\u00e9e aux parents d\u2019 enfants n\u00e9s ou adopt\u00e9s<\/span><\/p>\n<p style=\"text-align: justify;\"><span class=\"amp-wp-fe3f5cc\" data-amp-original-style=\"font-weight: 400;\">Depuis le 1er janvier 2015, elle est vers\u00e9e le mois suivant la naissance ou l\u2019adoption.<\/span><\/p>\n<p style=\"text-align: justify;\"><span class=\"amp-wp-fe3f5cc\" data-amp-original-style=\"font-weight: 400;\">Elle est vers\u00e9e une fois par mois par la Caisse d\u2019Allocations Familiales (CAF) ou la Mutualit\u00e9 Sociale Agricole (MSA) aux familles dont les revenus ne d\u00e9passent pas certains plafonds de ressources. Vous devez donc \u00eatre allocataire de l\u2019un de ces deux organismes pour en b\u00e9n\u00e9ficier.<\/span><\/p>\n<p style=\"text-align: justify;\"><span class=\"amp-wp-fe3f5cc\" data-amp-original-style=\"font-weight: 400;\">Les aides qui composent la PAJE sont les suivantes :<\/span><\/p>\n<ul style=\"text-align: justify;\">\n<li class=\"amp-wp-fe3f5cc\" data-amp-original-style=\"font-weight: 400;\"><span class=\"amp-wp-fe3f5cc\" data-amp-original-style=\"font-weight: 400;\">La prime \u00e0 l\u2019adoption ou prime \u00e0 la naissance, qui fait face aux premi\u00e8res d\u00e9penses et est vers\u00e9e en une seule fois\u00a0<\/span><\/li>\n<li class=\"amp-wp-fe3f5cc\" data-amp-original-style=\"font-weight: 400;\"><span class=\"amp-wp-fe3f5cc\" data-amp-original-style=\"font-weight: 400;\">L\u2019allocation de base, qui permet de supporter les d\u00e9penses li\u00e9es \u00e0 l\u2019\u00e9ducation de l\u2019enfant,<img loading=\"lazy\" decoding=\"async\" class=\"alignright wp-image-34420\" title=\"bebe\" src=\"https:\/\/www.mes-allocs.fr\/guides\/wp-content\/uploads\/2021\/08\/bebe-1.jpg\" alt=\"cumul paje\" width=\"264\" height=\"176\" srcset=\"https:\/\/www.mes-allocs.fr\/guides\/wp-content\/uploads\/2021\/08\/bebe-1.jpg 1125w, https:\/\/www.mes-allocs.fr\/guides\/wp-content\/uploads\/2021\/08\/bebe-1-300x200.jpg 300w, https:\/\/www.mes-allocs.fr\/guides\/wp-content\/uploads\/2021\/08\/bebe-1-1024x683.jpg 1024w, https:\/\/www.mes-allocs.fr\/guides\/wp-content\/uploads\/2021\/08\/bebe-1-768x512.jpg 768w, https:\/\/www.mes-allocs.fr\/guides\/wp-content\/uploads\/2021\/08\/bebe-1-600x400.jpg 600w\" sizes=\"auto, (max-width: 264px) 100vw, 264px\" \/> vers\u00e9e chaque mois avant l\u2019\u00e2ge de trois ans\u00a0<\/span><\/li>\n<li class=\"amp-wp-fe3f5cc\" data-amp-original-style=\"font-weight: 400;\"><span class=\"amp-wp-fe3f5cc\" data-amp-original-style=\"font-weight: 400;\">Le compl\u00e9ment de libre choix du mode de garde, qui aide \u00e0 engager des d\u00e9penses de garde de l\u2019enfant, consiste en une prise en charge partielle des frais de l\u2019assistante maternelle agr\u00e9\u00e9e\u00a0<\/span><\/li>\n<li class=\"amp-wp-fe3f5cc\" data-amp-original-style=\"font-weight: 400;\"><span class=\"amp-wp-fe3f5cc\" data-amp-original-style=\"font-weight: 400;\">La prestation partag\u00e9e d\u2019\u00e9ducation de l\u2019enfant (PreParE), distribu\u00e9e lorsque les parents cessent ou r\u00e9duisent leur activit\u00e9 professionnelle pour \u00e9lever l\u2019enfant, est vers\u00e9e en fonction du nombre d\u2019enfants \u00e0 charge.<\/span><\/li>\n<\/ul>\n<p style=\"text-align: justify;\"><span class=\"amp-wp-fe3f5cc\" data-amp-original-style=\"font-weight: 400;\">Ces prestations sont cumulables entre elles, sauf dans les cas suivants :<\/span><\/p>\n<ul style=\"text-align: justify;\">\n<li class=\"amp-wp-fe3f5cc\" data-amp-original-style=\"font-weight: 400;\"><span class=\"amp-wp-fe3f5cc\" data-amp-original-style=\"font-weight: 400;\">Vous ne pouvez percevoir deux allocations de base en m\u00eame temps, sauf pour les naissances multiples ou les cas d\u2019adoptions simultan\u00e9es<\/span><\/li>\n<li class=\"amp-wp-fe3f5cc\" data-amp-original-style=\"font-weight: 400;\"><span class=\"amp-wp-fe3f5cc\" data-amp-original-style=\"font-weight: 400;\">Vous et votre conjoint ne pouvez pas toucher chacun le CLCA \u00e0 taux plein ou une PreParE<\/span><\/li>\n<li class=\"amp-wp-fe3f5cc\" data-amp-original-style=\"font-weight: 400;\"><span class=\"amp-wp-fe3f5cc\" data-amp-original-style=\"font-weight: 400;\">Vous ne pouvez pas cumuler le CMG avec le CLCA ou une PreParE \u00e0 taux plein\u00a0<\/span><\/li>\n<li class=\"amp-wp-fe3f5cc\" data-amp-original-style=\"font-weight: 400;\"><span class=\"amp-wp-fe3f5cc\" data-amp-original-style=\"font-weight: 400;\">Le CLCA n\u2019est pas cumulable avec une PreParE, quel que soit le taux de cette derni\u00e8re.<\/span><\/li>\n<\/ul>\n<p style=\"text-align: justify;\"><span class=\"amp-wp-fe3f5cc\" data-amp-original-style=\"font-weight: 400;\">Il est \u00e0 noter que les prestations de la PAJE sont \u00e9galement cumulables avec d\u2019autres aides<\/span><\/p>\n<p><iframe loading=\"lazy\" src=\"\/\/www.youtube.com\/embed\/seHoivZowu8?si=YHrNGKDEHBvmprDn\" width=\"560\" height=\"314\" allowfullscreen=\"allowfullscreen\"><\/iframe><\/p>\n<p style=\"text-align: justify;\"><div class='cta-block'><div class='text'>Simulez toutes vos allocations familiales en 2 min. Gratuit.<\/div><a href='https:\/\/www.mes-allocs.fr\/ab-app?origin=guides\/wp-json\/wp\/v2\/posts\/34413' class='app-button fit'>Simulation gratuite<\/a><\/div><\/p>\n<h1 style=\"text-align: justify;\">Les conditions pour b\u00e9n\u00e9ficier de l&rsquo;aide<\/h1>\n<h2 style=\"text-align: justify;\">Qui peut b\u00e9n\u00e9ficier de l&rsquo;aide ?<\/h2>\n<p style=\"text-align: justify;\">Les aides de la PAJE font parties des allocations familiales. Pour en b\u00e9n\u00e9ficier, il faut donc naturellement avoir des enfants comme pour la plupart des prestations familiales.<br \/>\nCependant, comme son nom l&rsquo;indique, la Prestation d&rsquo;Accueil du Jeune Enfant est r\u00e9serv\u00e9e aux parents qui viennent ou qui vont accueillir un enfant. L&rsquo;accueil de l&rsquo;enfant peut \u00eatre d\u00fb \u00e0 une naissance ou bien \u00e0 une adoption. Pour l&rsquo;adoption, vous allez b\u00e9n\u00e9ficier de la PreParE.<\/p>\n<p style=\"text-align: justify;\">Pour b\u00e9n\u00e9ficier des aides de la PAJE, il vous faudra remplir les 2 conditions suivantes\u00a0:<\/p>\n<ul style=\"text-align: justify;\">\n<li>Vous avez un enfant \u00e0 charge de moins de 3 ans<\/li>\n<li>Vos revenus sont inf\u00e9rieurs \u00e0 un certain plafond.<\/li>\n<\/ul>\n<h2 style=\"text-align: justify;\">Qu&rsquo;en est-il des ressources ?<\/h2>\n<p style=\"text-align: justify;\">Pour b\u00e9n\u00e9ficier de cette aide, il vous faudra remplir certaines conditions de ressources. Vos ressources ne doivent pas avoir d\u00e9pass\u00e9 un montant d\u00e9termin\u00e9 en fonction de votre situation familiale. C&rsquo;est le <dfn>revenu net cat\u00e9goriel<\/dfn> de 2024 qui est pris en compte pour 2026.<\/p>\n<p style=\"text-align: justify;\">Pour l&rsquo;allocation de base de la PAJE, les plafond sont les suivants :<\/p>\n<ul>\n<li><strong>Plafonds de l&rsquo;aide \u00e0 taux plein :\u00a0<\/strong><\/li>\n<\/ul>\n\n<div class=\"wpdt-c row wpDataTableContainerSimpleTable wpDataTables wpDataTablesWrapper\n\"\n    >\n    <table id=\"wpdtSimpleTable-254\"\n           class=\"wpdtSimpleTable wpDataTable\"\n           data-column=\"3\"\n           data-rows=\"5\"\n           data-wpID=\"254\"\n           data-responsive=\"0\"\n           data-has-header=\"1\">\n\n                    <thead>        <tr class=\"wpdt-cell-row \" >\n                            <th class=\"wpdt-cell wpdt-bc-F3F9FE wpdt-bold\"\n                                    data-cell-id=\"A1\"\n                data-col-index=\"0\"\n                data-row-index=\"0\"\n                style=\" width:33.862433862434%;                padding:10px;\"\n                >\n                                Enfants au foyer (n\u00e9s ou \u00e0 na\u00eetre)                <\/th>\n                                            <th class=\"wpdt-cell wpdt-bc-F3F9FE wpdt-bold\"\n                                    data-cell-id=\"B1\"\n                data-col-index=\"1\"\n                data-row-index=\"0\"\n                style=\" width:32.275132275132%;                padding:10px;\"\n                >\n                                Couple avec un seul revenu d\u2019activit\u00e9                <\/th>\n                                            <th class=\"wpdt-cell wpdt-bc-F3F9FE wpdt-bold\"\n                                    data-cell-id=\"C1\"\n                data-col-index=\"2\"\n                data-row-index=\"0\"\n                style=\" width:33.862433862434%;                padding:10px;\"\n                >\n                                Couple avec deux revenus d'activit\u00e9 ou parent isol\u00e9                <\/th>\n                                        <\/tr>\n                    <tbody>        <tr class=\"wpdt-cell-row \" >\n                            <td class=\"wpdt-cell wpdt-bold\"\n                                    data-cell-id=\"A2\"\n                data-col-index=\"0\"\n                data-row-index=\"1\"\n                style=\"                padding:10px;\"\n                >\n                                1                <\/td>\n                                            <td class=\"wpdt-cell \"\n                                    data-cell-id=\"B2\"\n                data-col-index=\"1\"\n                data-row-index=\"1\"\n                style=\"                padding:10px;\"\n                >\n                                31 066 \u20ac                <\/td>\n                                            <td class=\"wpdt-cell \"\n                                    data-cell-id=\"C2\"\n                data-col-index=\"2\"\n                data-row-index=\"1\"\n                style=\"                padding:10px;\"\n                >\n                                41 055 \u20ac                <\/td>\n                                        <\/tr>\n                            <tr class=\"wpdt-cell-row \" >\n                            <td class=\"wpdt-cell wpdt-bold\"\n                                    data-cell-id=\"A3\"\n                data-col-index=\"0\"\n                data-row-index=\"2\"\n                style=\"                padding:10px;\"\n                >\n                                2                <\/td>\n                                            <td class=\"wpdt-cell \"\n                                    data-cell-id=\"B3\"\n                data-col-index=\"1\"\n                data-row-index=\"2\"\n                style=\"                padding:10px;\"\n                >\n                                37 279 \u20ac                <\/td>\n                                            <td class=\"wpdt-cell \"\n                                    data-cell-id=\"C3\"\n                data-col-index=\"2\"\n                data-row-index=\"2\"\n                style=\"                padding:10px;\"\n                >\n                                47 268 \u20ac                <\/td>\n                                        <\/tr>\n                            <tr class=\"wpdt-cell-row \" >\n                            <td class=\"wpdt-cell wpdt-bold\"\n                                    data-cell-id=\"A4\"\n                data-col-index=\"0\"\n                data-row-index=\"3\"\n                style=\"                padding:10px;\"\n                >\n                                3                <\/td>\n                                            <td class=\"wpdt-cell \"\n                                    data-cell-id=\"B4\"\n                data-col-index=\"1\"\n                data-row-index=\"3\"\n                style=\"                padding:10px;\"\n                >\n                                44 735 \u20ac                <\/td>\n                                            <td class=\"wpdt-cell \"\n                                    data-cell-id=\"C4\"\n                data-col-index=\"2\"\n                data-row-index=\"3\"\n                style=\"                padding:10px;\"\n                >\n                                54 724 \u20ac                <\/td>\n                                        <\/tr>\n                            <tr class=\"wpdt-cell-row \" >\n                            <td class=\"wpdt-cell wpdt-bold\"\n                                    data-cell-id=\"A5\"\n                data-col-index=\"0\"\n                data-row-index=\"4\"\n                style=\"                padding:10px;\"\n                >\n                                Par enfant en plus                <\/td>\n                                            <td class=\"wpdt-cell  wpdt-merged-cell \"\n                 colspan=\"2\"  rowspan=\"1\"                 data-cell-id=\"B5\"\n                data-col-index=\"1\"\n                data-row-index=\"4\"\n                style=\"                padding:10px;\"\n                >\n                                7 456 \u20ac                <\/td>\n                                                    <\/tr>\n                    <\/table>\n<\/div><style id='wpdt-custom-style-254'>\ntable#wpdtSimpleTable-254{ table-layout: fixed !important; }\ntable#wpdtSimpleTable-254 td, table.wpdtSimpleTable254 th { white-space: normal !important; }\n.wpdt-bc-F3F9FE { background-color: #F3F9FE !important;}\n<\/style>\n\n<ul>\n<li><strong>Plafonds de l&rsquo;aide \u00e0 taux partiel :\u00a0<\/strong><\/li>\n<\/ul>\n\n<div class=\"wpdt-c row wpDataTableContainerSimpleTable wpDataTables wpDataTablesWrapper\n\"\n    >\n    <table id=\"wpdtSimpleTable-255\"\n           class=\"wpdtSimpleTable wpDataTable\"\n           data-column=\"3\"\n           data-rows=\"5\"\n           data-wpID=\"255\"\n           data-responsive=\"0\"\n           data-has-header=\"1\">\n\n                    <thead>        <tr class=\"wpdt-cell-row \" >\n                            <th class=\"wpdt-cell wpdt-bc-F3F9FE wpdt-bold\"\n                                    data-cell-id=\"A1\"\n                data-col-index=\"0\"\n                data-row-index=\"0\"\n                style=\" width:33.862433862434%;                padding:10px;\"\n                >\n                                Enfants au foyer (n\u00e9s ou \u00e0 na\u00eetre)                <\/th>\n                                            <th class=\"wpdt-cell wpdt-bc-F3F9FE wpdt-bold\"\n                                    data-cell-id=\"B1\"\n                data-col-index=\"1\"\n                data-row-index=\"0\"\n                style=\" width:32.275132275132%;                padding:10px;\"\n                >\n                                Couples avec un seul revenu d\u2019activit\u00e9                <\/th>\n                                            <th class=\"wpdt-cell wpdt-bc-F3F9FE wpdt-bold\"\n                                    data-cell-id=\"C1\"\n                data-col-index=\"2\"\n                data-row-index=\"0\"\n                style=\" width:33.862433862434%;                padding:10px;\"\n                >\n                                Parent isol\u00e9 ou couple avec deux revenus d'activit\u00e9                <\/th>\n                                        <\/tr>\n                    <tbody>        <tr class=\"wpdt-cell-row \" >\n                            <td class=\"wpdt-cell wpdt-bold\"\n                                    data-cell-id=\"A2\"\n                data-col-index=\"0\"\n                data-row-index=\"1\"\n                style=\"                padding:10px;\"\n                >\n                                1                <\/td>\n                                            <td class=\"wpdt-cell \"\n                                    data-cell-id=\"B2\"\n                data-col-index=\"1\"\n                data-row-index=\"1\"\n                style=\"                padding:10px;\"\n                >\n                                Entre 31 066 \u20ac et 37 118 \u20ac                <\/td>\n                                            <td class=\"wpdt-cell \"\n                                    data-cell-id=\"C2\"\n                data-col-index=\"2\"\n                data-row-index=\"1\"\n                style=\"                padding:10px;\"\n                >\n                                Entre 41 055 \u20ac et 49 054 \u20ac                <\/td>\n                                        <\/tr>\n                            <tr class=\"wpdt-cell-row \" >\n                            <td class=\"wpdt-cell wpdt-bold\"\n                                    data-cell-id=\"A3\"\n                data-col-index=\"0\"\n                data-row-index=\"2\"\n                style=\"                padding:10px;\"\n                >\n                                2                <\/td>\n                                            <td class=\"wpdt-cell \"\n                                    data-cell-id=\"B3\"\n                data-col-index=\"1\"\n                data-row-index=\"2\"\n                style=\"                padding:10px;\"\n                >\n                                Entre 37 279 \u20ac et 44 542 \u20ac                <\/td>\n                                            <td class=\"wpdt-cell \"\n                                    data-cell-id=\"C3\"\n                data-col-index=\"2\"\n                data-row-index=\"2\"\n                style=\"                padding:10px;\"\n                >\n                                Entre 47 268 \u20ac et 56 478 \u20ac                <\/td>\n                                        <\/tr>\n                            <tr class=\"wpdt-cell-row \" >\n                            <td class=\"wpdt-cell wpdt-bold\"\n                                    data-cell-id=\"A4\"\n                data-col-index=\"0\"\n                data-row-index=\"3\"\n                style=\"                padding:10px;\"\n                >\n                                3                <\/td>\n                                            <td class=\"wpdt-cell \"\n                                    data-cell-id=\"B4\"\n                data-col-index=\"1\"\n                data-row-index=\"3\"\n                style=\"                padding:10px;\"\n                >\n                                Entre 44 735 \u20ac et 53 450 \u20ac                <\/td>\n                                            <td class=\"wpdt-cell \"\n                                    data-cell-id=\"C4\"\n                data-col-index=\"2\"\n                data-row-index=\"3\"\n                style=\"                padding:10px;\"\n                >\n                                Entre 54 724 \u20ac et 65 386 \u20ac                <\/td>\n                                        <\/tr>\n                            <tr class=\"wpdt-cell-row \" >\n                            <td class=\"wpdt-cell wpdt-bold\"\n                                    data-cell-id=\"A5\"\n                data-col-index=\"0\"\n                data-row-index=\"4\"\n                style=\"                padding:10px;\"\n                >\n                                Par enfant en plus                <\/td>\n                                            <td class=\"wpdt-cell  wpdt-merged-cell \"\n                 colspan=\"2\"  rowspan=\"1\"                 data-cell-id=\"B5\"\n                data-col-index=\"1\"\n                data-row-index=\"4\"\n                style=\"                padding:10px;\"\n                >\n                                + 8 908 \u20ac                <\/td>\n                                                    <\/tr>\n                    <\/table>\n<\/div><style id='wpdt-custom-style-255'>\ntable#wpdtSimpleTable-255{ table-layout: fixed !important; }\ntable#wpdtSimpleTable-255 td, table.wpdtSimpleTable255 th { white-space: normal !important; }\n.wpdt-bc-F3F9FE { background-color: #F3F9FE !important;}\n<\/style>\n\n<p style=\"text-align: justify;\"><div class='cta-block'><div class='text'>Simulez toutes vos allocations familiales en 2 min. Gratuit.<\/div><a href='https:\/\/www.mes-allocs.fr\/ab-app?origin=guides\/wp-json\/wp\/v2\/posts\/34413' class='app-button fit'>Simulation gratuite<\/a><\/div><\/p>\n<h1 style=\"text-align: justify;\"><span id=\"Quels_sont_les_montants_de_la_PAJE\"><strong>Quels sont les montants de la PAJE ?<\/strong><\/span><\/h1>\n<p style=\"text-align: justify;\">Pour les montants des aides qui compose la PAJE, il existe plusieurs param\u00e8tres. Il y a dans un premier temps le montant de l&rsquo;allocation de base et ensuite, le montant des autres aides de la PAJE. On vous dit tout.<\/p>\n<h2 style=\"text-align: justify;\"><span id=\"Le_montant_de_lallocation_de_base\"><strong>Le montant de l\u2019allocation de base<\/strong><\/span><\/h2>\n<p style=\"text-align: justify;\"><span class=\"amp-wp-fe3f5cc\" data-amp-original-style=\"font-weight: 400;\">Le montant de l\u2019allocation de base d\u00e9pend principalement du nombre de revenus dans le foyer, du montant de ces revenus et aussi, du nombre d&rsquo;enfants.\u00a0<\/span><\/p>\n<ul style=\"text-align: justify;\">\n<li><b>196,59 euros par mois \u00e0 taux plein ;\u00a0<\/b><\/li>\n<li><b>98,30 euros par mois \u00e0 taux partiel.\u00a0<\/b><\/li>\n<\/ul>\n<p style=\"text-align: justify;\"><div class='cta-block'><div class='text'>Simulez toutes vos allocations familiales en 2 min. Gratuit.<\/div><a href='https:\/\/www.mes-allocs.fr\/ab-app?origin=guides\/wp-json\/wp\/v2\/posts\/34413' class='app-button fit'>Simulation gratuite<\/a><\/div><\/p>\n<h2 style=\"text-align: justify;\"><span id=\"Le_montant_de_la_prime_a_la_naissance_ou_a_ladoption\"><strong>Le montant de la prime \u00e0 la naissance ou \u00e0 l\u2019adoption<\/strong><\/span><\/h2>\n<p style=\"text-align: justify;\"><span class=\"amp-wp-fe3f5cc\" data-amp-original-style=\"font-weight: 400;\">La prime de naissance, comme les autre aides, r\u00e9pond elle aussi \u00e0 des conditions d&rsquo;attribution. <\/span>La prime de naissance accord\u00e9e pour un nouvel enfant s\u2019\u00e9l\u00e8ve \u00e0 1 084,44 \u20ac jusqu&rsquo;au 31 mars 2026.<\/p>\n<p>Le montant de la prime \u00e0 l&rsquo;adoption s&rsquo;\u00e9l\u00e8ve \u00e0 2 168,88 euros jusqu&rsquo;au 31 mars 2026.<\/p>\n<p style=\"text-align: justify;\">Pour en savoir plus sur le sujet, nous vous invitons \u00e0 consulter <a href=\"https:\/\/www.mes-allocs.fr\/guides\/allocations-familiales\/prime-de-naissance\/montant-prime-de-naissance\/\">notre article<\/a> sur la question !<\/p>\n<h2 style=\"text-align: justify;\"><span id=\"Le_montant_de_la_prestation_partagee_deducation_de_lenfant\"><strong>Le montant de la prestation partag\u00e9e d\u2019\u00e9ducation de l\u2019enfant<\/strong><\/span><\/h2>\n<p style=\"text-align: justify;\"><span class=\"amp-wp-fe3f5cc\" data-amp-original-style=\"font-weight: 400;\">Le montant de la\u00a0<\/span><span class=\"___SText_ouj24_gg_\" data-ui-name=\"Tag.Text\">prestation\u00a0<\/span><span class=\"___SText_ouj24_gg_\" data-ui-name=\"Tag.Text\">partag\u00e9e d&rsquo;\u00e9ducation de l&rsquo;enfant<\/span>\u00a0(anciennement compl\u00e9ment de libre choix d\u2019activit\u00e9) varie selon le type d&rsquo;aide.<img loading=\"lazy\" decoding=\"async\" class=\"alignright wp-image-34421\" title=\"argent\" src=\"https:\/\/www.mes-allocs.fr\/guides\/wp-content\/uploads\/2021\/08\/argent-3.jpg\" alt=\"cumul paje\" width=\"312\" height=\"208\" srcset=\"https:\/\/www.mes-allocs.fr\/guides\/wp-content\/uploads\/2021\/08\/argent-3.jpg 1125w, https:\/\/www.mes-allocs.fr\/guides\/wp-content\/uploads\/2021\/08\/argent-3-300x200.jpg 300w, https:\/\/www.mes-allocs.fr\/guides\/wp-content\/uploads\/2021\/08\/argent-3-1024x683.jpg 1024w, https:\/\/www.mes-allocs.fr\/guides\/wp-content\/uploads\/2021\/08\/argent-3-768x512.jpg 768w, https:\/\/www.mes-allocs.fr\/guides\/wp-content\/uploads\/2021\/08\/argent-3-600x400.jpg 600w\" sizes=\"auto, (max-width: 312px) 100vw, 312px\" \/><\/p>\n<p class=\"amp-wp-7d27179 amp-wp-7d27179\" style=\"text-align: justify;\" data-amp-original-style=\"text-align: justify;\"><span class=\"amp-wp-fe3f5cc\" data-amp-original-style=\"font-weight: 400;\">Pour le montant de la PreParE simple,\u00a0<\/span><span class=\"amp-wp-fe3f5cc\" data-amp-original-style=\"font-weight: 400;\">il risque de fluctuer selon la quantit\u00e9 de travail que vous effectuez :\u00a0<\/span><\/p>\n<ul>\n<li class=\"amp-wp-7d27179 amp-wp-7d27179\" style=\"text-align: justify;\" data-amp-original-style=\"text-align: justify;\">Avec une activit\u00e9 interrompue \u00e0 100%, le montant mensuel qui est vers\u00e9 est de <b>456,06\u00a0<\/b>\u20ac.<\/li>\n<li class=\"amp-wp-7d27179 amp-wp-7d27179\" style=\"text-align: justify;\" data-amp-original-style=\"text-align: justify;\">A temps partiel (avec 50 % d\u2019activit\u00e9 maximum), ce montant s\u2019\u00e9l\u00e8ve \u00e0 294,82 \u20ac.<\/li>\n<li class=\"amp-wp-7d27179 amp-wp-7d27179\" style=\"text-align: justify;\" data-amp-original-style=\"text-align: justify;\">Si vous \u00eates \u00e0 temps partiel mais que votre activit\u00e9 est comprise entre 50 et 80 %, le montant est de <b>170,07\u00a0<\/b>\u20ac.<\/li>\n<\/ul>\n<p class=\"amp-wp-7d27179 amp-wp-7d27179\" style=\"text-align: justify;\" data-amp-original-style=\"text-align: justify;\"><span class=\"amp-wp-fe3f5cc\" data-amp-original-style=\"font-weight: 400;\">Enfin, la PreParE major\u00e9e s\u2019\u00e9l\u00e8ve \u00e0 745,45 \u20ac par mois.<\/span><\/p>\n<h2 style=\"text-align: justify;\"><span id=\"Le_montant_du_complement_de_libre_choix_du_mode_de_garde\"><strong>Le montant du compl\u00e9ment de libre choix du mode de garde<\/strong><\/span><\/h2>\n<p style=\"text-align: justify;\"><span class=\"amp-wp-fe3f5cc\" data-amp-original-style=\"font-weight: 400;\">Enfin, la derni\u00e8re aide de la PAJE est le compl\u00e9ment de libre choix du mode de grade. Cette aide vous permet d&rsquo;amortir le co\u00fbt engendr\u00e9 par la garde de votre enfant. Le montant du compl\u00e9ment de libre choix du mode de garde d\u00e9pend de certains facteur. Il s&rsquo;agit principalement :<\/span><\/p>\n<ul style=\"text-align: justify;\">\n<li class=\"amp-wp-fe3f5cc\" data-amp-original-style=\"font-weight: 400;\"><span class=\"amp-wp-fe3f5cc\" data-amp-original-style=\"font-weight: 400;\">Du nombre d\u2019enfants \u00e0 charge ;<\/span><\/li>\n<li class=\"amp-wp-fe3f5cc\" data-amp-original-style=\"font-weight: 400;\"><span class=\"amp-wp-fe3f5cc\" data-amp-original-style=\"font-weight: 400;\">De l\u2019\u00e2ge de l\u2019enfant au titre duquel il est demand\u00e9 ;<\/span><\/li>\n<li class=\"amp-wp-fe3f5cc\" data-amp-original-style=\"font-weight: 400;\"><span class=\"amp-wp-fe3f5cc\" data-amp-original-style=\"font-weight: 400;\">Des ressources du foyer ;\u00a0<\/span><\/li>\n<li data-amp-original-style=\"font-weight: 400;\">Du co\u00fbt horaire de la garde choisie (dans le cas de l&#8217;embauche d&rsquo;une assistante maternelle ou d&rsquo;un(e) salari\u00e9(e) pour de la garde \u00e0 domicile) ;<\/li>\n<li data-amp-original-style=\"font-weight: 400;\">Du nombre d&rsquo;heures de garde effectu\u00e9es par mois\u00a0(dans le cas de l&#8217;embauche d&rsquo;une assistante maternelle ou d&rsquo;un(e) salari\u00e9(e) pour de la garde \u00e0 domicile).<\/li>\n<\/ul>\n<p style=\"text-align: justify;\"><div class='cta-block'><div class='text'>Simulez toutes vos allocations familiales en 2 min. Gratuit.<\/div><a href='https:\/\/www.mes-allocs.fr\/ab-app?origin=guides\/wp-json\/wp\/v2\/posts\/34413' class='app-button fit'>Simulation gratuite<\/a><\/div><\/p>\n<h2 style=\"text-align: justify;\">Le cumul de la PAJE<\/h2>\n<p style=\"text-align: justify;\">Les prestations de la Paje (la prime \u00e0 la naissance ou \u00e0 l\u2019adoption, l\u2019allocation de base, la prestation partag\u00e9e d&rsquo;\u00e9ducation de l&rsquo;enfant, le compl\u00e9ment de libre choix du mode de garde) sont cumulables entre elles. Cependant, il existe quelques variations.<\/p>\n<p style=\"text-align: justify;\">Vous ne pouvez pas recevoir en m\u00eame temps deux allocations de base, sauf en cas de naissances multiples ou d\u2019adoptions simultan\u00e9es. Vous et votre conjoint ne pouvez pas recevoir chacun une prestation partag\u00e9e d&rsquo;\u00e9ducation de l&rsquo;enfant \u00e0 taux plein(seulement deux prestations \u00e0 taux partiel au montant maximum d&rsquo;une prestation \u00e0 taux plein).<\/p>\n<p style=\"text-align: justify;\">Concernant\u00a0le compl\u00e9ment de libre choix du mode de garde, il n\u2019est pas cumulable avec une prestation partag\u00e9e d&rsquo;\u00e9ducation de l&rsquo;enfant \u00e0 taux plein. Et enfin, vous ne pouvez pas cumuler le b\u00e9n\u00e9ficie d&rsquo;un compl\u00e9ment de libre choix d\u2019activit\u00e9 avec une prestation partag\u00e9e d\u2019\u00e9ducation de l\u2019enfant quel que soit le taux.<\/p>\n<p style=\"text-align: justify;\">Cependant, d\u2019autres allocations ne peuvent pas \u00eatre vers\u00e9es simultan\u00e9ment avec une prestation de la PAJE. Il s&rsquo;agit notamment du\u00a0compl\u00e9ment familial avec l\u2019allocation de base, avec la prestation partag\u00e9e d\u2019\u00e9ducation de l\u2019enfant de la PAJE et de\u00a0l\u2019allocation journali\u00e8re de pr\u00e9sence parentale avec la prestation partag\u00e9e d\u2019\u00e9ducation de l\u2019enfant pour le m\u00eame b\u00e9n\u00e9ficiaire ;<\/p>\n<p style=\"text-align: justify;\">Vous ne pouvez pas b\u00e9n\u00e9ficier de la prestation partag\u00e9e d\u2019\u00e9ducation de l\u2019enfant, si vous percevez\u00a0des indemnit\u00e9s journali\u00e8res (maladie, maternit\u00e9, etc.),\u00a0une pension d\u2019invalidit\u00e9 ou de retraite et enfin,\u00a0des allocations de ch\u00f4mage. Pour ces allocations, vous pouvez demander leur suspension provisoire afin de pouvoir b\u00e9n\u00e9ficier de la prestation.<\/p>\n<p style=\"text-align: justify;\">En cas de reprise d\u2019une activit\u00e9 \u00e0 temps plein ou partiel,\u00a0la prestation partag\u00e9e d\u2019\u00e9ducation de l\u2019enfant \u00e0 taux plein peut \u00eatre cumul\u00e9e avec une r\u00e9mun\u00e9ration pendant 2 mois si l\u2019enfant est \u00e2g\u00e9 de 18 mois \u00e0 moins de 30 mois (ou de 60 mois, en cas de tripl\u00e9s ou plus). Cette disposition ne s\u2019applique pas au b\u00e9n\u00e9ficiaire de la PreParE major\u00e9e ou de la PreParE vers\u00e9e pour un seul enfant.<\/p>\n<p style=\"text-align: justify;\"><div class='cta-block'><div class='text'>Simulez toutes vos allocations familiales en 2 min. Gratuit.<\/div><a href='https:\/\/www.mes-allocs.fr\/ab-app?origin=guides\/wp-json\/wp\/v2\/posts\/34413' class='app-button fit'>Simulation gratuite<\/a><\/div><\/p>\n","protected":false},"excerpt":{"rendered":"<p>[Mis \u00e0 jour le 21\/01\/2026] Il existe des allocations familiales que la CAF accorde aux parents qui viennent d&rsquo;accueillir un enfant. Il s&rsquo;agit des aides de la PAJE. Dans de nombreux cas, les aides de la CAF sont cumulables. Nous allons voir si tel est le cas pour les aides de la PAJE. Qu\u2019est-ce que [&hellip;]<\/p>\n","protected":false},"author":6,"featured_media":34416,"comment_status":"open","ping_status":"open","sticky":false,"template":"","format":"standard","meta":{"amp_status":"","footnotes":""},"categories":[10,11],"tags":[],"class_list":["post-34413","post","type-post","status-publish","format-standard","has-post-thumbnail","hentry","category-allocations-familiales","category-paje"],"yoast_head":"<!-- This site is optimized with the Yoast SEO plugin v14.9 - https:\/\/yoast.com\/wordpress\/plugins\/seo\/ -->\n<title>La PAJE est-elle cumulable avec d&#039;autres aides en 2026 ? | Mes-Allocs.fr<\/title>\n<meta name=\"description\" content=\"Les allocations familiales peuvent \u00eatre cumulables entre elles. Dans cet article, nous allons voir si les aides de la PAJE sont cumulables.\" \/>\n<meta name=\"robots\" content=\"index, follow, max-snippet:-1, max-image-preview:large, max-video-preview:-1\" \/>\n<link rel=\"canonical\" href=\"https:\/\/www.mes-allocs.fr\/guides\/allocations-familiales\/paje\/cumul-paje\/\" \/>\n<meta property=\"og:locale\" content=\"fr_FR\" \/>\n<meta property=\"og:type\" content=\"article\" \/>\n<meta property=\"og:title\" content=\"La PAJE est-elle cumulable avec d&#039;autres aides en 2026 ? | Mes-Allocs.fr\" \/>\n<meta property=\"og:description\" content=\"Les allocations familiales peuvent \u00eatre cumulables entre elles. Dans cet article, nous allons voir si les aides de la PAJE sont cumulables.\" \/>\n<meta property=\"og:url\" content=\"https:\/\/www.mes-allocs.fr\/guides\/allocations-familiales\/paje\/cumul-paje\/\" \/>\n<meta property=\"og:site_name\" content=\"Mes-Allocs.fr\" \/>\n<meta property=\"article:published_time\" content=\"2021-08-06T13:49:13+00:00\" \/>\n<meta property=\"article:modified_time\" content=\"2026-01-22T15:49:58+00:00\" \/>\n<meta property=\"og:image\" content=\"https:\/\/www.mes-allocs.fr\/guides\/wp-content\/uploads\/2021\/08\/bebe--e1686149803718.jpg?wsr\" \/>\n\t<meta property=\"og:image:width\" content=\"1125\" \/>\n\t<meta property=\"og:image:height\" content=\"202\" \/>\n<meta name=\"twitter:card\" content=\"summary_large_image\" \/>\n<script type=\"application\/ld+json\" class=\"yoast-schema-graph\">{\"@context\":\"https:\/\/schema.org\",\"@graph\":[{\"@type\":\"WebSite\",\"@id\":\"https:\/\/www.mes-allocs.fr\/guides\/#website\",\"url\":\"https:\/\/www.mes-allocs.fr\/guides\/\",\"name\":\"Mes-Allocs.fr\",\"description\":\"\",\"potentialAction\":[{\"@type\":\"SearchAction\",\"target\":\"https:\/\/www.mes-allocs.fr\/guides\/?s={search_term_string}\",\"query-input\":\"required name=search_term_string\"}],\"inLanguage\":\"fr-FR\"},{\"@type\":\"ImageObject\",\"@id\":\"https:\/\/www.mes-allocs.fr\/guides\/allocations-familiales\/paje\/cumul-paje\/#primaryimage\",\"inLanguage\":\"fr-FR\",\"url\":\"https:\/\/www.mes-allocs.fr\/guides\/wp-content\/uploads\/2021\/08\/bebe--e1686149803718.jpg?wsr\",\"width\":1125,\"height\":202,\"caption\":\"Tout savoir sur le cumul PAJE\"},{\"@type\":\"WebPage\",\"@id\":\"https:\/\/www.mes-allocs.fr\/guides\/allocations-familiales\/paje\/cumul-paje\/#webpage\",\"url\":\"https:\/\/www.mes-allocs.fr\/guides\/allocations-familiales\/paje\/cumul-paje\/\",\"name\":\"La PAJE est-elle cumulable avec d'autres aides en 2026 ? | Mes-Allocs.fr\",\"isPartOf\":{\"@id\":\"https:\/\/www.mes-allocs.fr\/guides\/#website\"},\"primaryImageOfPage\":{\"@id\":\"https:\/\/www.mes-allocs.fr\/guides\/allocations-familiales\/paje\/cumul-paje\/#primaryimage\"},\"datePublished\":\"2021-08-06T13:49:13+00:00\",\"dateModified\":\"2026-01-22T15:49:58+00:00\",\"author\":{\"@id\":\"https:\/\/www.mes-allocs.fr\/guides\/#\/schema\/person\/0ecd61a8600573914d00d970a588c024\"},\"description\":\"Les allocations familiales peuvent \\u00eatre cumulables entre elles. Dans cet article, nous allons voir si les aides de la PAJE sont cumulables.\",\"inLanguage\":\"fr-FR\"},{\"@type\":\"Person\",\"@id\":\"https:\/\/www.mes-allocs.fr\/guides\/#\/schema\/person\/0ecd61a8600573914d00d970a588c024\",\"name\":\"Jonathan\",\"image\":{\"@type\":\"ImageObject\",\"@id\":\"https:\/\/www.mes-allocs.fr\/guides\/#personlogo\",\"inLanguage\":\"fr-FR\",\"url\":\"https:\/\/www.mes-allocs.fr\/guides\/wp-content\/uploads\/2021\/06\/jonathan-150x150.png\",\"caption\":\"Jonathan\"},\"description\":\"Jonathan est r\\u00e9dacteur au sein de l'\\u00e9quipe Mes Allocs, sp\\u00e9cialis\\u00e9 sur les sujets li\\u00e9s au handicap. Dipl\\u00f4m\\u00e9e de l'UPEM, il rejoint Mes Allocs apr\\u00e8s avoir travaill\\u00e9 \\u00e0 l'association AEDE qui accompagne les adultes en situation de handicap. Quand il n'\\u00e9crit pas, on peut le retrouver sur un terrain de basket.\",\"sameAs\":[\"https:\/\/www.linkedin.com\/in\/jonathan-bambela-8637861b7\"]}]}<\/script>\n<!-- \/ Yoast SEO plugin. -->","amp_validity":null,"acf":{"faq":{"1":{"question":"Comment demander la PAJE ?","answer":"Vous devez remplir un formulaire et fournir certaines pi\u00e8ces justificatives \u00e0 la Caisse d\u2019Allocations Familiales (CAF) ou \u00e0 la Mutualit\u00e9 Sociale Agricole (MSA). Vous pouvez aussi demander \u00e0 Mes Allocs de faire toutes les d\u00e9marches administratives \u00e0 votre place."},"2":{"question":"Quel est le montant de l'allocation PAJE ?","answer":"Le montant de l'allocation de base est de 196,59 euros par mois \u00e0 taux plein et de  98,30 euros par mois \u00e0 taux partiel."},"3":{"question":"Est-ce que la PAJE est une prestation familiale ?","answer":"L'allocation PAJE est vers\u00e9 par votre Caf (caisse d'allocations familiales) comme de nombreuses autres prestations comme la prime d'activit\u00e9 ou les allocations familiales"},"4":{"question":"Quand s'arr\u00eate le paiement de la PAJE ?","answer":"Tant que la famille remplit les conditions de ressources, le versement continue tous les mois jusqu'\u00e0 celui pr\u00e9c\u00e9dant le 3e anniversaire."},"5":{"question":"Comment faire une simulation PAJE ?","answer":"Le plus simple pour savoir si vous \u00eates \u00e9ligible \u00e0 une allocation familiale comme la PAJE en fonction de vos revenus et de votre situation familiale, est de faire la simulation gratuite PAJE de Mes Allocs."},"6":{"question":"La PreParE fait-elle partie des aides de la PAJE ?","answer":"Oui absolument, laPreParE est une des aides de la PAJE. Il existe d'autres aides qui font partie de ce dispositif. <br> <a href=\"https:\/\/www.mes-allocs.fr\/guides\/allocations-familiales\/conditions-paje\/demande-paje-caf\/\">Lire la suite<\/a>"},"7":{"question":"","answer":""},"8":{"question":"","answer":""},"9":{"question":"","answer":""},"10":{"question":"","answer":""},"11":{"question":"","answer":""},"12":{"question":"","answer":""},"13":{"question":"","answer":""},"14":{"question":"","answer":""},"15":{"question":"","answer":""},"16":{"question":"","answer":""}}},"_links":{"self":[{"href":"https:\/\/www.mes-allocs.fr\/guides\/wp-json\/wp\/v2\/posts\/34413","targetHints":{"allow":["GET"]}}],"collection":[{"href":"https:\/\/www.mes-allocs.fr\/guides\/wp-json\/wp\/v2\/posts"}],"about":[{"href":"https:\/\/www.mes-allocs.fr\/guides\/wp-json\/wp\/v2\/types\/post"}],"author":[{"embeddable":true,"href":"https:\/\/www.mes-allocs.fr\/guides\/wp-json\/wp\/v2\/users\/6"}],"replies":[{"embeddable":true,"href":"https:\/\/www.mes-allocs.fr\/guides\/wp-json\/wp\/v2\/comments?post=34413"}],"version-history":[{"count":21,"href":"https:\/\/www.mes-allocs.fr\/guides\/wp-json\/wp\/v2\/posts\/34413\/revisions"}],"predecessor-version":[{"id":108232,"href":"https:\/\/www.mes-allocs.fr\/guides\/wp-json\/wp\/v2\/posts\/34413\/revisions\/108232"}],"wp:featuredmedia":[{"embeddable":true,"href":"https:\/\/www.mes-allocs.fr\/guides\/wp-json\/wp\/v2\/media\/34416"}],"wp:attachment":[{"href":"https:\/\/www.mes-allocs.fr\/guides\/wp-json\/wp\/v2\/media?parent=34413"}],"wp:term":[{"taxonomy":"category","embeddable":true,"href":"https:\/\/www.mes-allocs.fr\/guides\/wp-json\/wp\/v2\/categories?post=34413"},{"taxonomy":"post_tag","embeddable":true,"href":"https:\/\/www.mes-allocs.fr\/guides\/wp-json\/wp\/v2\/tags?post=34413"}],"curies":[{"name":"wp","href":"https:\/\/api.w.org\/{rel}","templated":true}]}}