{"id":3415,"date":"2021-02-01T08:51:07","date_gmt":"2021-02-01T08:51:07","guid":{"rendered":"https:\/\/www.mes-allocs.fr\/guides\/?p=3415"},"modified":"2025-11-10T10:23:39","modified_gmt":"2025-11-10T09:23:39","slug":"protection-universelle-maladie","status":"publish","type":"post","link":"https:\/\/www.mes-allocs.fr\/guides\/aides-sante\/protection-universelle-maladie\/","title":{"rendered":"Qu&rsquo;est ce que la Protection Universelle Maladie ?"},"content":{"rendered":"<p><a href=\"https:\/\/www.mes-allocs.fr\/guides\/wp-content\/uploads\/2021\/01\/pexels-gustavo-fring-3985299.jpg\"><img loading=\"lazy\" decoding=\"async\" class=\"aligncenter wp-image-17869 size-full\" src=\"https:\/\/www.mes-allocs.fr\/guides\/wp-content\/uploads\/2021\/01\/pexels-gustavo-fring-3985299-e1610483738711.jpg\" alt=\"Qu'est ce que la Protection Universelle Maladie ?\" width=\"1280\" height=\"528\" \/><\/a><\/p>\n<p style=\"text-align: justify;\">La protection universelle maladie permet une prise en charge de mani\u00e8re continue, les soins de sant\u00e9 \u00e0 titre personnel des travailleurs vivant en France depuis plus de 3 mois. Pour en b\u00e9n\u00e9ficier, un certain nombre de conditions sont \u00e0 respecter. Mes Allocs vous explique en d\u00e9tail ici.<\/p>\n<hr \/>\n<h1>Qu&rsquo;est-ce que la Protection Universelle Maladie ?<\/h1>\n<p style=\"text-align: justify;\">La protection universelle maladie (Puma) est un dispositif en vigueur depuis 2016. Elle permet une prise en charge des frais de sant\u00e9 sans rupture de droits. Cette prise en charge est assur\u00e9e m\u00eame en cas de changement de situation professionnelle (perte d&#8217;emploi&#8230;), familiale (s\u00e9paration&#8230;) ou de r\u00e9sidence.<a href=\"https:\/\/www.mes-allocs.fr\/guides\/wp-content\/uploads\/2021\/01\/pexels-rodnae-productions-6129037.jpg\"><img loading=\"lazy\" decoding=\"async\" class=\"alignright wp-image-17870 size-medium\" src=\"https:\/\/www.mes-allocs.fr\/guides\/wp-content\/uploads\/2021\/01\/pexels-rodnae-productions-6129037-300x200.jpg\" alt=\"Qu'est ce que la Protection Universelle Maladie ?\" width=\"300\" height=\"200\" srcset=\"https:\/\/www.mes-allocs.fr\/guides\/wp-content\/uploads\/2021\/01\/pexels-rodnae-productions-6129037-300x200.jpg 300w, https:\/\/www.mes-allocs.fr\/guides\/wp-content\/uploads\/2021\/01\/pexels-rodnae-productions-6129037-1024x682.jpg 1024w, https:\/\/www.mes-allocs.fr\/guides\/wp-content\/uploads\/2021\/01\/pexels-rodnae-productions-6129037-768x512.jpg 768w, https:\/\/www.mes-allocs.fr\/guides\/wp-content\/uploads\/2021\/01\/pexels-rodnae-productions-6129037-600x400.jpg 600w, https:\/\/www.mes-allocs.fr\/guides\/wp-content\/uploads\/2021\/01\/pexels-rodnae-productions-6129037.jpg 1280w\" sizes=\"auto, (max-width: 300px) 100vw, 300px\" \/><\/a><\/p>\n<p style=\"text-align: justify;\">Vous pouvez utiliser le simulateur gratuit pour tester votre \u00e9ligibilit\u00e9. Suite \u00e0 la simulation, vous pouvez \u00e9galement demander \u00e0 Mes Allocs de faire toutes les d\u00e9marches administratives \u00e0 votre place pour faire valoir vos droits.<\/p>\n<p style=\"text-align: justify;\"><div class='cta-block'><div class='text'>Simulez toutes vos aides en 2 min.<\/div><a href='https:\/\/www.mes-allocs.fr\/ab-app?origin=guides\/wp-json\/wp\/v2\/posts\/3415' class='app-button fit'>Simulation gratuite<\/a><\/div><\/p>\n<h1>Personnes \u00e9ligibles \u00e0 la Protection Universelle maladie<\/h1>\n<ul>\n<li>R\u00e9sidant en France de mani\u00e8re stable et r\u00e9guli\u00e8re<\/li>\n<li>Les revenus d\u2019activit\u00e9 (salari\u00e9s ou non-salari\u00e9s) de l\u2019assur\u00e9 et de son conjoint ou partenaire de PACS sont inf\u00e9rieurs \u00e0 10 % du PASS (au titre de l\u2019ann\u00e9e civile pour laquelle la cotisation est due), soit 4 710 \u20ac en 2025<\/li>\n<li>L\u2019assur\u00e9 et une personne rattach\u00e9e \u00e0 un assur\u00e9 (conjoint ou partenaire de PACS) qui ne per\u00e7oit aucun revenu de remplacement : pension de retraite, rente, allocation ch\u00f4mage, au titre de l\u2019ann\u00e9e pour laquelle la cotisation est due<\/li>\n<\/ul>\n<p><strong>En revanche, les personnes suivantes ne pourront pas en b\u00e9n\u00e9ficier :<\/strong><\/p>\n<ul>\n<li>Les personnes qui ne remplissent pas les crit\u00e8res ci-dessus<\/li>\n<li>Les \u00e9l\u00e8ves et \u00e9tudiants des \u00e9tablissements d\u2019enseignement sup\u00e9rieur, des \u00e9coles techniques sup\u00e9rieures, des grandes \u00e9coles et des classes du second degr\u00e9 pr\u00e9paratoires \u00e0 ces \u00e9coles<\/li>\n<li>Les frontaliers r\u00e9sidants en France et exer\u00e7ant une activit\u00e9 professionnelle en Suisse ou percevant une pension d\u2019origine suisse qui ont opt\u00e9 pour ne pas relever de l\u2019assurance maladie en Suisse et sont donc affili\u00e9s \u00e0 l\u2019assurance maladie en France. Ils sont d\u00e9j\u00e0 redevables d\u2019une cotisation sp\u00e9cifique<\/li>\n<\/ul>\n<h1>Quelles sont les conditions pour en b\u00e9n\u00e9ficier ?<\/h1>\n<div id=\"qui-est-concerne-par-la-protection-universelle-maladie\" class=\"ce_text block\">\n<p>Les<strong>\u00a0conditions\u00a0<\/strong>pour b\u00e9n\u00e9ficier de la<strong>\u00a0Protection universelle maladie<\/strong>\u00a0sont les suivantes\u00a0:<\/p>\n<ul>\n<li>Travailler en France<\/li>\n<\/ul>\n<p>OU<\/p>\n<ul>\n<li>R\u00e9sider en France de mani\u00e8re stable et r\u00e9guli\u00e8re. Dans ce cas, vous devrez pr\u00e9senter un titre de s\u00e9jour en cours de validit\u00e9<\/li>\n<\/ul>\n<\/div>\n<div id=\"les-personnes-qui-travaillent-en-france\" class=\"ce_text block\">\n<h2 id=\"les-personnes-qui-travaillent-en-france\">Les personnes qui travaillent en France<\/h2>\n<p>Les personnes travaillant en France et affili\u00e9es au r\u00e9gime obligatoire fran\u00e7ais de S\u00e9curit\u00e9 sociale, sont celles qui exercent :<a href=\"https:\/\/www.mes-allocs.fr\/guides\/wp-content\/uploads\/2021\/01\/pexels-slondotpics-408503.jpg\"><img loading=\"lazy\" decoding=\"async\" class=\"alignright wp-image-17871 size-medium\" src=\"https:\/\/www.mes-allocs.fr\/guides\/wp-content\/uploads\/2021\/01\/pexels-slondotpics-408503-300x200.jpg\" alt=\"Qu'est ce que la Protection Universelle Maladie ?\" width=\"300\" height=\"200\" srcset=\"https:\/\/www.mes-allocs.fr\/guides\/wp-content\/uploads\/2021\/01\/pexels-slondotpics-408503-300x200.jpg 300w, https:\/\/www.mes-allocs.fr\/guides\/wp-content\/uploads\/2021\/01\/pexels-slondotpics-408503-1024x683.jpg 1024w, https:\/\/www.mes-allocs.fr\/guides\/wp-content\/uploads\/2021\/01\/pexels-slondotpics-408503-768x512.jpg 768w, https:\/\/www.mes-allocs.fr\/guides\/wp-content\/uploads\/2021\/01\/pexels-slondotpics-408503-600x400.jpg 600w, https:\/\/www.mes-allocs.fr\/guides\/wp-content\/uploads\/2021\/01\/pexels-slondotpics-408503.jpg 1280w\" sizes=\"auto, (max-width: 300px) 100vw, 300px\" \/><\/a><\/p>\n<ul>\n<li>Une\u00a0activit\u00e9 professionnelle salari\u00e9e pour le compte d\u2019un ou plusieurs employeurs ayant ou non un \u00e9tablissement en France<\/li>\n<li>Une\u00a0activit\u00e9 professionnelle non-salari\u00e9e<\/li>\n<\/ul>\n<div class='cta-block'><div class='text'>Simulez toutes vos aides en 2 min.<\/div><a href='https:\/\/www.mes-allocs.fr\/ab-app?origin=guides\/wp-json\/wp\/v2\/posts\/3415' class='app-button fit'>Simulation gratuite<\/a><\/div>\n<h2 id=\"les-personnes-qui-resident-en-france-de-maniere-stable\">Les personnes qui r\u00e9sident en France de mani\u00e8re stable<\/h2>\n<p>Une personne est consid\u00e9r\u00e9e comme r\u00e9sidante en France lorsqu\u2019elle poss\u00e8de en France m\u00e9tropolitaine, en Guadeloupe, en Guyane, en Martinique, \u00e0 La R\u00e9union, \u00e0 Saint Barth\u00e9l\u00e9my ou \u00e0 Saint Martin. Est pris en compte :<\/p>\n<ul>\n<li>Le lieu de r\u00e9sidence habituelle<\/li>\n<li>Le lieu de votre s\u00e9jour principal<\/li>\n<\/ul>\n<p>Le crit\u00e8re de r\u00e9sidence stable et r\u00e9guli\u00e8re en France fait dispara\u00eetre le statut d\u2019ayant droit\u00a0pour les majeurs.<\/p>\n<p>Le caract\u00e8re de stabilit\u00e9 est reconnu lorsque les particuliers r\u00e9sident en France au minimum 3 mois \u00e0 l\u2019ouverture des droits \u00e0 la<strong>\u00a0PUMa<\/strong>, puis au moins 6 mois par an.<\/p>\n<p>Si vous \u00eates dans l&rsquo;une des situations suivantes, vous pouvez\u00a0 b\u00e9n\u00e9ficier de la <strong>PUMa<\/strong>, sans avoir \u00e0 justifier d\u2019une r\u00e9sidence d\u2019au moins trois mois en France, sur pr\u00e9sentation des justificatifs n\u00e9cessaires :<\/p>\n<ul>\n<li>Inscrites dans un \u00e9tablissement d\u2019enseignement en France<\/li>\n<li>En stage en France dans le cadre d\u2019accords de coop\u00e9ration culturelle, technique et scientifique<\/li>\n<li>B\u00e9n\u00e9ficiaires soit\u00a0:<br \/>\n&#8211; De la prestation d&rsquo;accueil du jeune enfant (PAJE)<br \/>\n&#8211; Des\u00a0allocations familiales<br \/>\n&#8211; Du compl\u00e9ment familial<br \/>\n&#8211; De l&rsquo;allocation de logement<br \/>\n&#8211; De l\u2019aide personnalis\u00e9e au logement (APL)<br \/>\n&#8211; De l&rsquo;allocation d&rsquo;\u00e9ducation de l&rsquo;enfant handicap\u00e9 (AEEH)<br \/>\n&#8211; De l\u2019allocation aux adultes handicap\u00e9s (AAH)<br \/>\n&#8211; De l&rsquo;allocation de soutien familial (ASF)<br \/>\n&#8211; De l&rsquo;allocation de rentr\u00e9e scolaire<br \/>\n&#8211; De l&rsquo;allocation journali\u00e8re de pr\u00e9sence parentale<br \/>\n&#8211; De l\u2019allocation personnalis\u00e9e d\u2019autonomie (APA)<br \/>\n&#8211; De l\u2019allocation de solidarit\u00e9 aux personnes \u00e2g\u00e9es (ASPA)<br \/>\n&#8211; Du Revenu de solidarit\u00e9 active (RSA)<\/li>\n<li>R\u00e9fugi\u00e9s ou b\u00e9n\u00e9ficiaires de la protection subsidiaire, enregistr\u00e9s comme demandeurs d\u2019asile et disposant du droit de se maintenir sur le territoire fran\u00e7ais<\/li>\n<li>De retour en France apr\u00e8s avoir accompli un volontariat international \u00e0 l\u2019\u00e9tranger<\/li>\n<li>R\u00e9sident en France au titre de la proc\u00e9dure de regroupement familial<\/li>\n<\/ul>\n<p><iframe loading=\"lazy\" title=\"Tout Savoir sur les Aides Li\u00e9es \u00e0 la Sant\u00e9 !\" width=\"500\" height=\"281\" src=\"https:\/\/www.youtube.com\/embed\/pDAq1hv_k-4?feature=oembed\" frameborder=\"0\" allow=\"accelerometer; autoplay; clipboard-write; encrypted-media; gyroscope; picture-in-picture; web-share\" referrerpolicy=\"strict-origin-when-cross-origin\" allowfullscreen><\/iframe><\/p>\n<h1>Quelles sont les cotisations de la PUMa ?<\/h1>\n<\/div>\n<p>Les personnes qui sont b\u00e9n\u00e9ficiaires contribuent au financement de l\u2019assurance maladie via le paiement d\u2019une \u00ab cotisation subsidiaire maladie\u00a0\u00bb dont le montant est fonction de sa situation et de ses ressources.<\/p>\n<p>Elle couvre pour une p\u00e9riode de 12 mois allant du 1<sup>er<\/sup> janvier au 31 d\u00e9cembre de l\u2019ann\u00e9e civile. Elle est redevable \u00e0 partir de la date d\u2019affiliation au R\u00e9gime g\u00e9n\u00e9ral et cesse d\u2019\u00eatre redevable le lendemain de la date de fin de l\u2019affiliation.<\/p>\n<p style=\"text-align: justify;\">La cotisation subsidiaire maladie vise des assur\u00e9s ayant de faibles revenus, mais qui disposent de revenus du capital (revenus fonciers, capitaux mobiliers, plus-values de cession \u00e0 titre on\u00e9reux de biens ou de droits de toute nature, b\u00e9n\u00e9fices industriels et commerciaux non professionnels, b\u00e9n\u00e9fices des professions non commerciales non professionnels), sup\u00e9rieurs \u00e0 25 % du PASS, soit 11 775 \u20ac en 2023.<\/p>\n<h1>Comment faire une demande PUMa ?<\/h1>\n<p>Si vous \u00eates \u00e9ligible, vous pouvez remplir le formulaire 2016 la protection Universelle PUMa. Vous devez compl\u00e9ter\u00a0le Cerfa n\u00b0 15763*01 accessible depuis le 1er janvier 2016.<\/p>\n<p><strong>Une fois ce formulaire rempli, vous devez \u00e9galement joindre certaines pi\u00e8ces justificatives, \u00e0 savoir :<\/strong><a href=\"https:\/\/www.mes-allocs.fr\/guides\/wp-content\/uploads\/2021\/01\/pexels-artem-podrez-4492129-3.jpg\"><img loading=\"lazy\" decoding=\"async\" class=\"alignright wp-image-17872 size-medium\" src=\"https:\/\/www.mes-allocs.fr\/guides\/wp-content\/uploads\/2021\/01\/pexels-artem-podrez-4492129-3-300x169.jpg\" alt=\"Qu'est ce que la Protection Universelle Maladie ?\" width=\"300\" height=\"169\" srcset=\"https:\/\/www.mes-allocs.fr\/guides\/wp-content\/uploads\/2021\/01\/pexels-artem-podrez-4492129-3-300x169.jpg 300w, https:\/\/www.mes-allocs.fr\/guides\/wp-content\/uploads\/2021\/01\/pexels-artem-podrez-4492129-3-1024x576.jpg 1024w, https:\/\/www.mes-allocs.fr\/guides\/wp-content\/uploads\/2021\/01\/pexels-artem-podrez-4492129-3-768x432.jpg 768w, https:\/\/www.mes-allocs.fr\/guides\/wp-content\/uploads\/2021\/01\/pexels-artem-podrez-4492129-3-600x338.jpg 600w, https:\/\/www.mes-allocs.fr\/guides\/wp-content\/uploads\/2021\/01\/pexels-artem-podrez-4492129-3.jpg 1280w\" sizes=\"auto, (max-width: 300px) 100vw, 300px\" \/><\/a><\/p>\n<ul class=\"list-7\">\n<li>Un RIB pour recevoir vos remboursements<\/li>\n<li>\u00a0Une copie d\u2019une carte d\u2019identit\u00e9, passeport, titre de s\u00e9jour en cours de validit\u00e9<\/li>\n<li>Photocopie de votre carte vitale<\/li>\n<li>Suivant votre situation\u00a0: Une copie de votre dernier bulletin de paie ou un document prouvant votre pr\u00e9sence sur le territoire fran\u00e7ais de plus de 3\u00a0mois<\/li>\n<\/ul>\n<p>\u00c0 noter : Si vous avez des enfants mineurs d&rsquo;au moins 16 ans, ces derniers peuvent b\u00e9n\u00e9ficier de la PUMa. Pour cela, vous devez compl\u00e9ter et joindre \u00e0 votre dossier le Cerfa\u00a014445*02. Si vous avez des enfants majeurs, ils devront faire leur demande eux-m\u00eames en remplissant leur propre formulaire.<\/p>\n<div class='cta-block'><div class='text'>Simulez toutes vos aides en 2 min.<\/div><a href='https:\/\/www.mes-allocs.fr\/ab-app?origin=guides\/wp-json\/wp\/v2\/posts\/3415' class='app-button fit'>Simulation gratuite<\/a><\/div>\n","protected":false},"excerpt":{"rendered":"<p>La protection universelle maladie permet une prise en charge de mani\u00e8re continue, les soins de sant\u00e9 \u00e0 titre personnel des travailleurs vivant en France depuis plus de 3 mois. Pour en b\u00e9n\u00e9ficier, un certain nombre de conditions sont \u00e0 respecter. Mes Allocs vous explique en d\u00e9tail ici. Qu&rsquo;est-ce que la Protection Universelle Maladie ? La [&hellip;]<\/p>\n","protected":false},"author":10,"featured_media":17869,"comment_status":"open","ping_status":"open","sticky":false,"template":"","format":"standard","meta":{"amp_status":"","footnotes":""},"categories":[24],"tags":[],"class_list":["post-3415","post","type-post","status-publish","format-standard","has-post-thumbnail","hentry","category-aides-sante"],"yoast_head":"<!-- This site is optimized with the Yoast SEO plugin v14.9 - https:\/\/yoast.com\/wordpress\/plugins\/seo\/ -->\n<title>Qu&#039;est ce que la Protection Universelle Maladie ? | Mes-Allocs.fr<\/title>\n<meta name=\"description\" content=\"La protection universelle maladie est une prestation universelle. Mes Allocs vous explique tout en d\u00e9tail ici !\" \/>\n<meta name=\"robots\" content=\"index, follow, max-snippet:-1, max-image-preview:large, max-video-preview:-1\" \/>\n<link rel=\"canonical\" href=\"https:\/\/www.mes-allocs.fr\/guides\/aides-sante\/protection-universelle-maladie\/\" \/>\n<meta property=\"og:locale\" content=\"fr_FR\" \/>\n<meta property=\"og:type\" content=\"article\" \/>\n<meta property=\"og:title\" content=\"Qu&#039;est ce que la Protection Universelle Maladie ? | Mes-Allocs.fr\" \/>\n<meta property=\"og:description\" content=\"La protection universelle maladie est une prestation universelle. Mes Allocs vous explique tout en d\u00e9tail ici !\" \/>\n<meta property=\"og:url\" content=\"https:\/\/www.mes-allocs.fr\/guides\/aides-sante\/protection-universelle-maladie\/\" \/>\n<meta property=\"og:site_name\" content=\"Mes-Allocs.fr\" \/>\n<meta property=\"article:published_time\" content=\"2021-02-01T08:51:07+00:00\" \/>\n<meta property=\"article:modified_time\" content=\"2025-11-10T09:23:39+00:00\" \/>\n<meta property=\"og:image\" content=\"https:\/\/www.mes-allocs.fr\/guides\/wp-content\/uploads\/2021\/01\/pexels-gustavo-fring-3985299.jpg?wsr\" \/>\n\t<meta property=\"og:image:width\" content=\"1280\" \/>\n\t<meta property=\"og:image:height\" content=\"853\" \/>\n<meta name=\"twitter:card\" content=\"summary_large_image\" \/>\n<script type=\"application\/ld+json\" class=\"yoast-schema-graph\">{\"@context\":\"https:\/\/schema.org\",\"@graph\":[{\"@type\":\"WebSite\",\"@id\":\"https:\/\/www.mes-allocs.fr\/guides\/#website\",\"url\":\"https:\/\/www.mes-allocs.fr\/guides\/\",\"name\":\"Mes-Allocs.fr\",\"description\":\"\",\"potentialAction\":[{\"@type\":\"SearchAction\",\"target\":\"https:\/\/www.mes-allocs.fr\/guides\/?s={search_term_string}\",\"query-input\":\"required name=search_term_string\"}],\"inLanguage\":\"fr-FR\"},{\"@type\":\"ImageObject\",\"@id\":\"https:\/\/www.mes-allocs.fr\/guides\/aides-sante\/protection-universelle-maladie\/#primaryimage\",\"inLanguage\":\"fr-FR\",\"url\":\"https:\/\/www.mes-allocs.fr\/guides\/wp-content\/uploads\/2021\/01\/pexels-gustavo-fring-3985299.jpg?wsr\",\"width\":1280,\"height\":853,\"caption\":\"protection-universelle-maladie\"},{\"@type\":\"WebPage\",\"@id\":\"https:\/\/www.mes-allocs.fr\/guides\/aides-sante\/protection-universelle-maladie\/#webpage\",\"url\":\"https:\/\/www.mes-allocs.fr\/guides\/aides-sante\/protection-universelle-maladie\/\",\"name\":\"Qu'est ce que la Protection Universelle Maladie ? | Mes-Allocs.fr\",\"isPartOf\":{\"@id\":\"https:\/\/www.mes-allocs.fr\/guides\/#website\"},\"primaryImageOfPage\":{\"@id\":\"https:\/\/www.mes-allocs.fr\/guides\/aides-sante\/protection-universelle-maladie\/#primaryimage\"},\"datePublished\":\"2021-02-01T08:51:07+00:00\",\"dateModified\":\"2025-11-10T09:23:39+00:00\",\"author\":{\"@id\":\"https:\/\/www.mes-allocs.fr\/guides\/#\/schema\/person\/8d47b912c0ad15f379df96b4e4e33f58\"},\"description\":\"La protection universelle maladie est une prestation universelle. Mes Allocs vous explique tout en d\\u00e9tail ici !\",\"inLanguage\":\"fr-FR\"},{\"@type\":\"Person\",\"@id\":\"https:\/\/www.mes-allocs.fr\/guides\/#\/schema\/person\/8d47b912c0ad15f379df96b4e4e33f58\",\"name\":\"Constance de Cagny\",\"image\":{\"@type\":\"ImageObject\",\"@id\":\"https:\/\/www.mes-allocs.fr\/guides\/#personlogo\",\"inLanguage\":\"fr-FR\",\"url\":\"https:\/\/www.mes-allocs.fr\/guides\/wp-content\/uploads\/2021\/06\/Constance.2e8ee0b.png\",\"caption\":\"Constance de Cagny\"},\"description\":\"Constance est r\\u00e9dactrice au sein de l'\\u00e9quipe Mes Allocs. Elle a l'habitude d'\\u00e9crire sur les sujets conso, bons plans et \\u00e9conomies. Dipl\\u00f4m\\u00e9e de l'ENACO, elle rejoint Mes Allocs apr\\u00e8s une premi\\u00e8re exp\\u00e9rience en cabinet notarial.\",\"sameAs\":[\"https:\/\/www.linkedin.com\/in\/constance-de-cagny-mayeur-bbb414135\"]}]}<\/script>\n<!-- \/ Yoast SEO plugin. -->","amp_validity":null,"acf":{"faq":{"1":{"question":"Comment b\u00e9n\u00e9ficier de la protection universelle maladie ?","answer":"La protection universelle maladie se demande aupr\u00e8s d'Ameli \/ de la Caisse Primaire d'Assurance Maladie dont vous d\u00e9pendez, c'est-\u00e0-dire celle de votre lieu de r\u00e9sidence."},"2":{"question":"C'est quoi la PUMa ?","answer":"La protection universelle maladie est une prestation universelle destin\u00e9e \u00e0 \u00ab toute personne travaillant ou r\u00e9sidant de mani\u00e8re stable et r\u00e9guli\u00e8re \u00bb en France."},"3":{"question":"Qui est ayant droit d'un assur\u00e9 social ?","answer":"L'expression \u00ab ayant droit \u00bb (en sant\u00e9) d\u00e9signe les membres de la famille rattach\u00e9s \u00e0 un assur\u00e9 social pour la prise en charge de leurs frais de sant\u00e9."},"4":{"question":"Est-ce que la PUMa est une loi ?","answer":"Le 1er janvier 2016, la protection universelle maladie est entr\u00e9e en application. ... La PUMa garantit d\u00e9sormais \u00e0 toute personne qui travaille ou r\u00e9side en France un droit \u00e0 la prise en charge des frais de sant\u00e9, sans d\u00e9marche particuli\u00e8re \u00e0 accomplir."},"5":{"question":"Suis-je \u00e9ligible \u00e0 la protection universelle maladie ?","answer":"Toute personne qui travaille ou r\u00e9side en France de mani\u00e8re stable et r\u00e9guli\u00e8re est couverte par l'Assurance maladie."},"6":{"question":"Comment demander la protection universelle maladie ?","answer":"T\u00e9l\u00e9charger le formulaire de demande. ...\r\nCompl\u00e9ter le formulaire de demande en suivant les instructions indiqu\u00e9es. ...\r\nJoindre toutes les pi\u00e8ces justificatives demand\u00e9es. ...\r\nAdresser l'ensemble de votre dossier \u00e0 la caisse d'assurance maladie."},"7":{"question":"","answer":""},"8":{"question":"","answer":""},"9":{"question":"","answer":""},"10":{"question":"","answer":""},"11":{"question":"","answer":""},"12":{"question":"","answer":""},"13":{"question":"","answer":""},"14":{"question":"","answer":""},"15":{"question":"","answer":""},"16":{"question":"","answer":""}}},"_links":{"self":[{"href":"https:\/\/www.mes-allocs.fr\/guides\/wp-json\/wp\/v2\/posts\/3415","targetHints":{"allow":["GET"]}}],"collection":[{"href":"https:\/\/www.mes-allocs.fr\/guides\/wp-json\/wp\/v2\/posts"}],"about":[{"href":"https:\/\/www.mes-allocs.fr\/guides\/wp-json\/wp\/v2\/types\/post"}],"author":[{"embeddable":true,"href":"https:\/\/www.mes-allocs.fr\/guides\/wp-json\/wp\/v2\/users\/10"}],"replies":[{"embeddable":true,"href":"https:\/\/www.mes-allocs.fr\/guides\/wp-json\/wp\/v2\/comments?post=3415"}],"version-history":[{"count":11,"href":"https:\/\/www.mes-allocs.fr\/guides\/wp-json\/wp\/v2\/posts\/3415\/revisions"}],"predecessor-version":[{"id":101155,"href":"https:\/\/www.mes-allocs.fr\/guides\/wp-json\/wp\/v2\/posts\/3415\/revisions\/101155"}],"wp:featuredmedia":[{"embeddable":true,"href":"https:\/\/www.mes-allocs.fr\/guides\/wp-json\/wp\/v2\/media\/17869"}],"wp:attachment":[{"href":"https:\/\/www.mes-allocs.fr\/guides\/wp-json\/wp\/v2\/media?parent=3415"}],"wp:term":[{"taxonomy":"category","embeddable":true,"href":"https:\/\/www.mes-allocs.fr\/guides\/wp-json\/wp\/v2\/categories?post=3415"},{"taxonomy":"post_tag","embeddable":true,"href":"https:\/\/www.mes-allocs.fr\/guides\/wp-json\/wp\/v2\/tags?post=3415"}],"curies":[{"name":"wp","href":"https:\/\/api.w.org\/{rel}","templated":true}]}}