{"id":34092,"date":"2021-08-02T16:24:58","date_gmt":"2021-08-02T14:24:58","guid":{"rendered":"https:\/\/www.mes-allocs.fr\/guides\/?p=34092"},"modified":"2026-03-04T11:14:32","modified_gmt":"2026-03-04T10:14:32","slug":"prise-en-charge-transport-employeur","status":"publish","type":"post","link":"https:\/\/www.mes-allocs.fr\/guides\/aide-au-transport\/prise-en-charge-transport-employeur\/","title":{"rendered":"La prise en charge des frais de transport par l&#8217;employeur"},"content":{"rendered":"<p><img loading=\"lazy\" decoding=\"async\" class=\"aligncenter wp-image-34093 size-full\" title=\"prise en charge transport employeur\" src=\"https:\/\/www.mes-allocs.fr\/guides\/wp-content\/uploads\/2021\/08\/employeur--e1694096438463.jpg\" alt=\"prise en charge transport employeur\" width=\"1125\" height=\"222\" srcset=\"https:\/\/www.mes-allocs.fr\/guides\/wp-content\/uploads\/2021\/08\/employeur--e1694096438463.jpg 1125w, https:\/\/www.mes-allocs.fr\/guides\/wp-content\/uploads\/2021\/08\/employeur--e1694096438463-300x59.jpg 300w, https:\/\/www.mes-allocs.fr\/guides\/wp-content\/uploads\/2021\/08\/employeur--e1694096438463-1024x202.jpg 1024w, https:\/\/www.mes-allocs.fr\/guides\/wp-content\/uploads\/2021\/08\/employeur--e1694096438463-768x152.jpg 768w, https:\/\/www.mes-allocs.fr\/guides\/wp-content\/uploads\/2021\/08\/employeur--e1694096438463-600x118.jpg 600w\" sizes=\"auto, (max-width: 1125px) 100vw, 1125px\" \/><\/p>\n<p style=\"text-align: justify;\">[Mis \u00e0 jour le 04\/03\/2026] <strong>Votre employeur est, par d\u00e9finition, celui qui vous emploie pour que vous faisiez certaines t\u00e2ches. Dans le cadre de ce contrat de travail, votre employeur a quelques obligations notamment en ce qui concerne les <a href=\"https:\/\/www.mes-allocs.fr\/guides\/aide-au-transport\/\">aides au transport<\/a>. Mes Allocs vous explique comment votre employeur peut prendre en charge vos frais de transport.<\/strong><\/p>\n<div class='cta-block'><div class='text'>Simulez toutes vos aides au transport en 2 min. <\/div><a href='https:\/\/www.mes-allocs.fr\/ab-app?origin=guides\/wp-json\/wp\/v2\/posts\/34092' class='app-button fit'>Simulation gratuite<\/a><\/div>\n<h1 style=\"text-align: justify;\">Quelles sont les obligations de votre employeur en mati\u00e8re de frais de transport ?<\/h1>\n<h2 style=\"text-align: justify;\">La prise en charge obligatoire des frais de transports en commun<\/h2>\n<p style=\"text-align: justify;\">Depuis 2009, une nouvelle l\u00e9gislation est entr\u00e9e en vigueur. En effet, tout employeur, priv\u00e9 ou public, a obligation de participer aux <a href=\"https:\/\/www.mes-allocs.fr\/guides\/aide-au-transport\/aides-transports-en-commun\/\">frais de transport public<\/a> de ses salari\u00e9s. L&#8217;employeur va prendre en charge, \u00e0 hauteur de 50%, le prix des titres d\u2019abonnement souscrits pas les salari\u00e9s pour leurs d\u00e9placements.<\/p>\n<p style=\"text-align: justify;\">Ils vont concerner les d\u00e9placements leur r\u00e9sidence habituelle et leur lieu de travail, accomplis via des services de transports publics (m\u00e9tro, train, tramway, bus). La r\u00e8gle vaut m\u00eame si plusieurs abonnements sont n\u00e9cessaires \u00e0 la r\u00e9alisation de ce trajet (train + bus, par exemple). Sont aussi concern\u00e9s les services publics de location de v\u00e9los.<\/p>\n<p style=\"text-align: justify;\">Seules les cartes d\u2019abonnement (SNCF, RATP, compagnie de bus locale, service public de location de v\u00e9lo) sont prises en charge par l\u2019employeur. Qu\u2019elles soient annuelles, mensuelles ou hebdomadaires, cela n&rsquo;a pas d&rsquo;importance. De plus, les titres de transport achet\u00e9s \u00e0 l\u2019unit\u00e9 ne sont pas remboursables.<\/p>\n<p style=\"text-align: justify;\">En ce qui concerne la notion de r\u00e9sidence habituelle, elle doit s\u2019entendre du lieu o\u00f9 le salari\u00e9 r\u00e9side pendant les jours travaill\u00e9s.<\/p>\n<p style=\"text-align: justify;\">Par exemple, si un employ\u00e9 a une double r\u00e9sidence, il doit \u00eatre consid\u00e9r\u00e9, au regard de la l\u00e9gislation domicile\/lieu de travail, comme ayant sa r\u00e9sidence habituelle \u00e0 Paris. Par cons\u00e9quent, il n\u2019ouvre pas droit \u00e0 la prise en charge obligatoire de son titre d\u2019abonnement province-Paris. Il n\u2019ouvre droit qu\u2019\u00e0 la prise en charge de son titre de transport parisien.<\/p>\n<p style=\"text-align: justify;\">En cas de mi-temps ou plus, les salari\u00e9s sont rembours\u00e9s dans les m\u00eames conditions que les salari\u00e9s \u00e0 temps complet (35 heures). En de\u00e7\u00e0 du mi-temps, les salari\u00e9s b\u00e9n\u00e9ficient d\u2019une prise en charge au prorata du nombre d\u2019heures travaill\u00e9es par rapport \u00e0 un mi-temps.<\/p>\n<p style=\"text-align: justify;\">Il est int\u00e9ressant de voir que les frais de stationnement sont aussi concern\u00e9s par cette prise en charge. Les frais de stationnement des salari\u00e9s peuvent \u00eatre exclus de la base de calcul des cotisations. C&rsquo;est le cas pour ceux qui utilisent leur v\u00e9hicule personnel pour se rendre sur leur lieu de travail. Cela peut \u00eatre du aux contraintes li\u00e9es \u00e0 leurs horaires de travail ou \u00e0 l\u2019implantation g\u00e9ographique de leur domicile et non en raison de convenance personnelle.<\/p>\n<p style=\"text-align: justify;\">Cela se fait sur la base du tarif le plus \u00e9conomique (abonnement hebdomadaire, mensuel, annuel\u2026) et sur pr\u00e9sentation des justificatifs aff\u00e9rents.<\/p>\n<p><iframe loading=\"lazy\" title=\"Les aides au transport\" width=\"500\" height=\"281\" src=\"https:\/\/www.youtube.com\/embed\/zRZFzrnwvEs?feature=oembed\" frameborder=\"0\" allow=\"accelerometer; autoplay; clipboard-write; encrypted-media; gyroscope; picture-in-picture; web-share\" referrerpolicy=\"strict-origin-when-cross-origin\" allowfullscreen><\/iframe><\/p>\n<h2 style=\"text-align: justify;\">La mise en place du dispositif de prise en charge des frais de transports en commun<\/h2>\n<p style=\"text-align: justify;\">Pour la mise en place, l\u2019employeur proc\u00e8de au remboursement des titres achet\u00e9s par les salari\u00e9s dans les meilleurs d\u00e9lais. Cela se fait au plus tard, \u00e0 la fin du mois suivant celui pour lequel ils ont \u00e9t\u00e9 valid\u00e9s.<\/p>\n<p style=\"text-align: justify;\">Lorsque l\u2019\u00e9loignement de la r\u00e9sidence du salari\u00e9 est le r\u00e9sultat d\u2019une convenance personnelle, cette circonstance ne fait pas obstacle \u00e0 l\u2019obligation. Elle concerne la prise en charge de 50\u00a0% des frais d\u2019abonnement aux transports collectifs.<\/p>\n<p style=\"text-align: justify;\">Cependant, en cas de prise en charge \u00e0 un taux sup\u00e9rieur \u00e0 50\u00a0%, le remboursement des frais est exclu de l\u2019assiette des charges sociales. Cette petite sp\u00e9cificit\u00e9 est en vigueur si l\u2019\u00e9loignement du domicile du salari\u00e9 par rapport \u00e0 son lieu de travail r\u00e9sulte pas d\u2019une convenance personnelle.<\/p>\n<p style=\"text-align: justify;\">Ou bien li\u00e9es \u00e0 la situation de l\u2019emploi que l\u2019employeur doit \u00e9tablir. A d\u00e9faut, la fraction exc\u00e9dentaire est passible d\u00e8s le premier euro de l\u2019ensemble des charges sociales<\/p>\n<p style=\"text-align: justify;\">La prise en charge obligatoire des frais de transport en commun est cumulable avec le forfait mobilit\u00e9s durables dans la limite globale de 900 \u20ac par an et par salari\u00e9.<\/p>\n<p><span style=\"font-weight: 400;\"><div class='cta-block'><div class='text'>Simulez vos aides sociales en 2 min.<\/div><a href='' class='app-button fit'>Simulation gratuite<\/a><\/div><\/span><\/p>\n<h1 style=\"text-align: justify;\">La prise en charge facultative des frais de transport personnel<\/h1>\n<h2 style=\"text-align: justify;\">L&rsquo;aide facultative de votre employeur pour vos frais de transport<\/h2>\n<p style=\"text-align: justify;\">Un employeur, priv\u00e9 ou public, n\u2019a aucune obligation de participer aux frais de transport individuel de ses salari\u00e9s. Il peut n\u00e9anmoins d\u00e9cider de prendre en charge, int\u00e9gralement ou partiellement, les frais de carburant ou d\u2019alimentation d\u2019un v\u00e9hicule \u00e9lectrique ou hybride rechargeable engag\u00e9s par les salari\u00e9s. Le dispositif s\u2019appelle \u00ab la prime transport \u00bb<\/p>\n<p style=\"text-align: justify;\">Cette prise en charge n\u2019est toutefois possible que si elle est express\u00e9ment pr\u00e9vue par un accord collectif ou par une d\u00e9cision unilat\u00e9rale de l\u2019employeur. Pr\u00e9cision importante : son montant doit \u00eatre mentionn\u00e9 sur le bulletin de paie.<\/p>\n<p style=\"text-align: justify;\">Pour que le salari\u00e9 puisse pr\u00e9tendre au remboursement, sa r\u00e9sidence ou son lieu de travail doit se situer en dehors de la r\u00e9gion \u00cele-de-France. C&rsquo;est aussi le cas pour une zone couverte par les transports urbains. Par ailleurs, il doit prouver que l\u2019usage de son v\u00e9hicule personnel est indispensable en raison des horaires de travail.<\/p>\n<p style=\"text-align: justify;\">D\u2019autres aides financi\u00e8res facultatives existent, notamment le versement d\u2019<a href=\"https:\/\/www.mes-allocs.fr\/guides\/aide-au-transport\/indemnite-kilometrique\/\">indemnit\u00e9s kilom\u00e9triques<\/a>.<\/p>\n<p style=\"text-align: justify;\">Lorsque le salari\u00e9 est contraint d\u2019utiliser son v\u00e9hicule personnel \u00e0 des fins professionnelles, le remboursement est effectu\u00e9 par l\u2019employeur. Il se fait \u00e0 partir du bar\u00e8me fiscal d\u2019indemnit\u00e9s kilom\u00e9triques et est exon\u00e9r\u00e9 de cotisations.<\/p>\n<p style=\"text-align: justify;\">Le bar\u00e8me kilom\u00e9trique fiscal est fix\u00e9 annuellement. Il couvre les v\u00e9hicules de 3 \u00e0 7 CV et plus. Ce plafonnement s\u2019applique \u00e9galement en mati\u00e8re sociale.<\/p>\n<p style=\"text-align: justify;\">L\u2019utilisation du bar\u00e8me fiscal est d\u00e9sormais admise pour les v\u00e9hicules dont le salari\u00e9 lui-m\u00eame, est personnellement propri\u00e9taire et \u00e9galement pour les v\u00e9hicules pr\u00eat\u00e9s et lou\u00e9s.<\/p>\n<p style=\"text-align: justify;\">La preuve de l\u2019usage professionnel du v\u00e9hicule personnel incombe \u00e0 l\u2019employeur.<\/p>\n<p style=\"text-align: justify;\">Au-del\u00e0 des limites du bar\u00e8me fiscal, il appartient \u00e0 l\u2019employeur de justifier de l\u2019utilisation effective des indemnit\u00e9s. Cela se fait \u00a0conform\u00e9ment \u00e0 leur objet, notamment s\u2019il utilise un bar\u00e8me conventionnel.<\/p>\n<p style=\"text-align: justify;\">Le salari\u00e9 peut \u00e9galement \u00eatre rembours\u00e9 de ses frais professionnels sur la base de justificatifs, en prouvant les kilom\u00e9trages priv\u00e9 et professionnel.<\/p>\n<p style=\"text-align: justify;\">Il existe aussi l\u2019indemnit\u00e9 kilom\u00e9trique v\u00e9lo (IKV). Depuis 2016, les entreprises du secteur priv\u00e9 ont la possibilit\u00e9 de prendre en charge tout ou partie des frais engag\u00e9s par le salari\u00e9. Cela concerne ses d\u00e9placements \u00e0 v\u00e9lo ou \u00e0 v\u00e9lo \u00e0 assistance \u00e9lectrique entre sa r\u00e9sidence habituelle et son lieu de travail. Le montant de l\u2019IKV est calcul\u00e9 en fonction de la distance parcourue par le salari\u00e9.<\/p>\n<p style=\"text-align: justify;\">Depuis le 1er janvier 2020, l\u2019indemnit\u00e9 kilom\u00e9trique v\u00e9lo (IKV) est remplac\u00e9e par un \u00ab forfait de mobilit\u00e9 durable \u00bb. Ce forfait est facultatif, d\u2019un montant maximum de 400 euros par an pour les salari\u00e9s du priv\u00e9 qui utilisent une bicyclette. Une mesure, int\u00e9gr\u00e9e dans le \u00ab Plan v\u00e9lo \u00bb, qui s\u2019\u00e9tend au covoiturage. L\u2019\u00c9tat a g\u00e9n\u00e9ralis\u00e9 cette mesure \u00e0 tous ses agents, \u00e0 hauteur de 200 euros par an.<\/p>\n<h2 style=\"text-align: justify;\">L\u2019aide au transport aux particuliers (ATU)<\/h2>\n<p style=\"text-align: justify;\">Depuis 2016, la r\u00e9gion Hauts-de-France avec \u00e0 sa t\u00eate Xavier Bertrand, propose une aide facultative aux transports aux particuliers (ATU). Cette aide financi\u00e8re, d\u2019un montant de 20 euros par mois,\u00a0est vers\u00e9e, sous conditions.<\/p>\n<p style=\"text-align: justify;\">Elle est accessible \u00a0aux salari\u00e9s et aux apprentis qui effectuent des trajets domicile-travail sup\u00e9rieurs ou \u00e9gaux \u00e0 20 kilom\u00e8tres en voiture ou un deux-roues motoris\u00e9. Avant le 1er janvier 2019, la distance \u00e9tait fix\u00e9e \u00e0 30 kilom\u00e8tres. Cette aide concerne \u00e9galement le covoiturage pour des trajets domicile-travail d\u00e8s 10 kilom\u00e8tres.<\/p>\n<p style=\"text-align: justify;\">Pour en b\u00e9n\u00e9ficier, il faut percevoir un revenu fiscal de r\u00e9f\u00e9rence \u00e9quivalent <strong>\u00e0 maximum 51 347\u20ac<\/strong> \u00e9quivalent \u00e0 3 fois le SMIC pour les m\u00e9nages compos\u00e9s de 2 actifs. Pour les m\u00e9nages compos\u00e9s d&rsquo;un seul actif, le revenu fiscal de r\u00e9f\u00e9rence est abaiss\u00e9 \u00e0 <strong>34 231\u20ac \u00e9quivalent \u00e0 2 fois le SMIC<\/strong>.<\/p>\n<p style=\"text-align: justify;\">Et ne pas disposer pas d\u2019une offre de transports publics. Pour en faire la demande, rendez-vous sur le site Internet du conseil r\u00e9gional.<\/p>\n<p style=\"text-align: justify;\">L\u2019aide est vers\u00e9e au b\u00e9n\u00e9ficiaire directement sur le compte bancaire du b\u00e9n\u00e9ficiaire. Son versement est trimestriel.<\/p>\n<p style=\"text-align: justify;\">Pour compenser la hausse des taxes carburants, \u00e0 la base de la col\u00e8re sociale exprim\u00e9e par les gilets jaunes, Emmanuel Macron a fait une annonce le 6 novembre 2018. Il a exprim\u00e9 sa volont\u00e9 d\u2019\u00e9tendre cette aide aux transports sur tout le territoire fran\u00e7ais.<\/p>\n<p>En cas de besoin, un expert de l&rsquo;\u00e9quipe Mes Allocs peut <a href=\"https:\/\/www.mes-allocs.fr\/souscription\" target=\"_blank\" rel=\"noopener\">vous accompagner<\/a> dans ces d\u00e9marches pour vous faire gagner du temps et de l&rsquo;argent.<\/p>\n<p><span style=\"font-weight: 400;\"><div class='cta-block'><div class='text'>Simulez vos aides sociales en 2 min.<\/div><a href='' class='app-button fit'>Simulation gratuite<\/a><\/div><\/span><\/p>\n","protected":false},"excerpt":{"rendered":"<p>[Mis \u00e0 jour le 04\/03\/2026] Votre employeur est, par d\u00e9finition, celui qui vous emploie pour que vous faisiez certaines t\u00e2ches. Dans le cadre de ce contrat de travail, votre employeur a quelques obligations notamment en ce qui concerne les aides au transport. Mes Allocs vous explique comment votre employeur peut prendre en charge vos frais [&hellip;]<\/p>\n","protected":false},"author":6,"featured_media":34093,"comment_status":"open","ping_status":"open","sticky":false,"template":"","format":"standard","meta":{"amp_status":"","footnotes":""},"categories":[5332],"tags":[],"class_list":["post-34092","post","type-post","status-publish","format-standard","has-post-thumbnail","hentry","category-aide-au-transport"],"yoast_head":"<!-- This site is optimized with the Yoast SEO plugin v14.9 - https:\/\/yoast.com\/wordpress\/plugins\/seo\/ -->\n<title>La prise en charge des frais de transport par l&#039;employeur | Mes-Allocs.fr<\/title>\n<meta name=\"description\" content=\"Votre employeur peut prendre en charge une partie de vos frais de transport. D\u00e9couvrez quelles sont les conditions et les d\u00e9marches !\" \/>\n<meta name=\"robots\" content=\"index, follow, max-snippet:-1, max-image-preview:large, max-video-preview:-1\" \/>\n<link rel=\"canonical\" href=\"https:\/\/www.mes-allocs.fr\/guides\/aide-au-transport\/prise-en-charge-transport-employeur\/\" \/>\n<meta property=\"og:locale\" content=\"fr_FR\" \/>\n<meta property=\"og:type\" content=\"article\" \/>\n<meta property=\"og:title\" content=\"La prise en charge des frais de transport par l&#039;employeur | Mes-Allocs.fr\" \/>\n<meta property=\"og:description\" content=\"Votre employeur peut prendre en charge une partie de vos frais de transport. D\u00e9couvrez quelles sont les conditions et les d\u00e9marches !\" \/>\n<meta property=\"og:url\" content=\"https:\/\/www.mes-allocs.fr\/guides\/aide-au-transport\/prise-en-charge-transport-employeur\/\" \/>\n<meta property=\"og:site_name\" content=\"Mes-Allocs.fr\" \/>\n<meta property=\"article:published_time\" content=\"2021-08-02T14:24:58+00:00\" \/>\n<meta property=\"article:modified_time\" content=\"2026-03-04T10:14:32+00:00\" \/>\n<meta property=\"og:image\" content=\"https:\/\/www.mes-allocs.fr\/guides\/wp-content\/uploads\/2021\/08\/employeur--e1694096438463.jpg?wsr\" \/>\n\t<meta property=\"og:image:width\" content=\"1125\" \/>\n\t<meta property=\"og:image:height\" content=\"222\" \/>\n<meta name=\"twitter:card\" content=\"summary_large_image\" \/>\n<script type=\"application\/ld+json\" class=\"yoast-schema-graph\">{\"@context\":\"https:\/\/schema.org\",\"@graph\":[{\"@type\":\"WebSite\",\"@id\":\"https:\/\/www.mes-allocs.fr\/guides\/#website\",\"url\":\"https:\/\/www.mes-allocs.fr\/guides\/\",\"name\":\"Mes-Allocs.fr\",\"description\":\"\",\"potentialAction\":[{\"@type\":\"SearchAction\",\"target\":\"https:\/\/www.mes-allocs.fr\/guides\/?s={search_term_string}\",\"query-input\":\"required name=search_term_string\"}],\"inLanguage\":\"fr-FR\"},{\"@type\":\"ImageObject\",\"@id\":\"https:\/\/www.mes-allocs.fr\/guides\/aide-au-transport\/prise-en-charge-transport-employeur\/#primaryimage\",\"inLanguage\":\"fr-FR\",\"url\":\"https:\/\/www.mes-allocs.fr\/guides\/wp-content\/uploads\/2021\/08\/employeur--e1694096438463.jpg?wsr\",\"width\":1125,\"height\":222,\"caption\":\"prise en charge transport employeur\"},{\"@type\":\"WebPage\",\"@id\":\"https:\/\/www.mes-allocs.fr\/guides\/aide-au-transport\/prise-en-charge-transport-employeur\/#webpage\",\"url\":\"https:\/\/www.mes-allocs.fr\/guides\/aide-au-transport\/prise-en-charge-transport-employeur\/\",\"name\":\"La prise en charge des frais de transport par l'employeur | Mes-Allocs.fr\",\"isPartOf\":{\"@id\":\"https:\/\/www.mes-allocs.fr\/guides\/#website\"},\"primaryImageOfPage\":{\"@id\":\"https:\/\/www.mes-allocs.fr\/guides\/aide-au-transport\/prise-en-charge-transport-employeur\/#primaryimage\"},\"datePublished\":\"2021-08-02T14:24:58+00:00\",\"dateModified\":\"2026-03-04T10:14:32+00:00\",\"author\":{\"@id\":\"https:\/\/www.mes-allocs.fr\/guides\/#\/schema\/person\/0ecd61a8600573914d00d970a588c024\"},\"description\":\"Votre employeur peut prendre en charge une partie de vos frais de transport. D\\u00e9couvrez quelles sont les conditions et les d\\u00e9marches !\",\"inLanguage\":\"fr-FR\"},{\"@type\":\"Person\",\"@id\":\"https:\/\/www.mes-allocs.fr\/guides\/#\/schema\/person\/0ecd61a8600573914d00d970a588c024\",\"name\":\"Jonathan\",\"image\":{\"@type\":\"ImageObject\",\"@id\":\"https:\/\/www.mes-allocs.fr\/guides\/#personlogo\",\"inLanguage\":\"fr-FR\",\"url\":\"https:\/\/www.mes-allocs.fr\/guides\/wp-content\/uploads\/2021\/06\/jonathan-150x150.png\",\"caption\":\"Jonathan\"},\"description\":\"Jonathan est r\\u00e9dacteur au sein de l'\\u00e9quipe Mes Allocs, sp\\u00e9cialis\\u00e9 sur les sujets li\\u00e9s au handicap. Dipl\\u00f4m\\u00e9e de l'UPEM, il rejoint Mes Allocs apr\\u00e8s avoir travaill\\u00e9 \\u00e0 l'association AEDE qui accompagne les adultes en situation de handicap. Quand il n'\\u00e9crit pas, on peut le retrouver sur un terrain de basket.\",\"sameAs\":[\"https:\/\/www.linkedin.com\/in\/jonathan-bambela-8637861b7\"]}]}<\/script>\n<!-- \/ Yoast SEO plugin. -->","amp_validity":null,"acf":{"faq":{"1":{"question":"Les aides sont-elles disponibles sur tout le territoire ?","answer":"Les offres concernant la RATP ou tout autre organisme r\u00e9gional ne concerne que la r\u00e9gion donn\u00e9e pour l'aide."},"2":{"question":"Les aides sont-elles uniquement d\u00e9di\u00e9es aux parents ?","answer":"Non absolument pas, les enfants peuvent aussi en b\u00e9n\u00e9ficier. Pour savoir qui est concern\u00e9 par ces offres, vous pouvez consulter notre article sur l'aide au transport par statut !\r\n<br> <a href=\u201chttps:\/\/www.mes-allocs.fr\/guides\/aide-au-transport\/aide-au-transport-par-statut\/\">Lire la suite<\/a>"},"3":{"question":"Vers qui se tourner pour le financement du permis de conduire ?","answer":"Pour ce faire, il faut se rapprocher de votre collectivit\u00e9 territoriale et vers les auto-\u00e9coles."},"4":{"question":"Est-il possible de cumuler les aides ?","answer":"Si ces derni\u00e8res concernent l'aide mise en place par le conseil r\u00e9gional, non elles ne sont pas cumulables."},"5":{"question":"Quels organismes versent les aides ?","answer":"Les aides sous forme de subvention (et non de r\u00e9duction) sont vers\u00e9s par les collectivit\u00e9s ou par le P\u00f4le Emploi si l'aide vient de ce dispositif."},"6":{"question":"L'aide au transport est-elle la m\u00eame dans toutes les r\u00e9gions ?","answer":"L'aide au transport par r\u00e9gion se fait selon les diff\u00e9rentes infrastructures pr\u00e9sentes sur la r\u00e9gion. La tarification varie aussi selon les r\u00e9gions (hors r\u00e9seau national)."},"7":{"question":"","answer":""},"8":{"question":"","answer":""},"9":{"question":"","answer":""},"10":{"question":"","answer":""},"11":{"question":"","answer":""},"12":{"question":"","answer":""},"13":{"question":"","answer":""},"14":{"question":"","answer":""},"15":{"question":"","answer":""},"16":{"question":"","answer":""}}},"_links":{"self":[{"href":"https:\/\/www.mes-allocs.fr\/guides\/wp-json\/wp\/v2\/posts\/34092","targetHints":{"allow":["GET"]}}],"collection":[{"href":"https:\/\/www.mes-allocs.fr\/guides\/wp-json\/wp\/v2\/posts"}],"about":[{"href":"https:\/\/www.mes-allocs.fr\/guides\/wp-json\/wp\/v2\/types\/post"}],"author":[{"embeddable":true,"href":"https:\/\/www.mes-allocs.fr\/guides\/wp-json\/wp\/v2\/users\/6"}],"replies":[{"embeddable":true,"href":"https:\/\/www.mes-allocs.fr\/guides\/wp-json\/wp\/v2\/comments?post=34092"}],"version-history":[{"count":19,"href":"https:\/\/www.mes-allocs.fr\/guides\/wp-json\/wp\/v2\/posts\/34092\/revisions"}],"predecessor-version":[{"id":110044,"href":"https:\/\/www.mes-allocs.fr\/guides\/wp-json\/wp\/v2\/posts\/34092\/revisions\/110044"}],"wp:featuredmedia":[{"embeddable":true,"href":"https:\/\/www.mes-allocs.fr\/guides\/wp-json\/wp\/v2\/media\/34093"}],"wp:attachment":[{"href":"https:\/\/www.mes-allocs.fr\/guides\/wp-json\/wp\/v2\/media?parent=34092"}],"wp:term":[{"taxonomy":"category","embeddable":true,"href":"https:\/\/www.mes-allocs.fr\/guides\/wp-json\/wp\/v2\/categories?post=34092"},{"taxonomy":"post_tag","embeddable":true,"href":"https:\/\/www.mes-allocs.fr\/guides\/wp-json\/wp\/v2\/tags?post=34092"}],"curies":[{"name":"wp","href":"https:\/\/api.w.org\/{rel}","templated":true}]}}