{"id":34010,"date":"2021-08-30T08:33:39","date_gmt":"2021-08-30T06:33:39","guid":{"rendered":"https:\/\/www.mes-allocs.fr\/guides\/?p=34010"},"modified":"2025-07-09T14:18:35","modified_gmt":"2025-07-09T12:18:35","slug":"prime-a-la-conversion-et-bonus-ecologique","status":"publish","type":"post","link":"https:\/\/www.mes-allocs.fr\/guides\/prime-a-la-conversion\/prime-a-la-conversion-et-bonus-ecologique\/","title":{"rendered":"Est-il possible de cumuler prime \u00e0 la conversion et bonus \u00e9cologique ?"},"content":{"rendered":"<p><img loading=\"lazy\" decoding=\"async\" class=\"alignnone size-full wp-image-43439\" title=\"prime \u00e0 la conversion\" src=\"https:\/\/www.mes-allocs.fr\/guides\/wp-content\/uploads\/2021\/08\/chuttersnap-xfaYAsMV1p8-unsplash-1-scaled.jpg\" alt=\"prime \u00e0 la conversion\" width=\"2560\" height=\"973\" srcset=\"https:\/\/www.mes-allocs.fr\/guides\/wp-content\/uploads\/2021\/08\/chuttersnap-xfaYAsMV1p8-unsplash-1-scaled.jpg 2560w, https:\/\/www.mes-allocs.fr\/guides\/wp-content\/uploads\/2021\/08\/chuttersnap-xfaYAsMV1p8-unsplash-1-300x114.jpg 300w, https:\/\/www.mes-allocs.fr\/guides\/wp-content\/uploads\/2021\/08\/chuttersnap-xfaYAsMV1p8-unsplash-1-1024x389.jpg 1024w, https:\/\/www.mes-allocs.fr\/guides\/wp-content\/uploads\/2021\/08\/chuttersnap-xfaYAsMV1p8-unsplash-1-768x292.jpg 768w, https:\/\/www.mes-allocs.fr\/guides\/wp-content\/uploads\/2021\/08\/chuttersnap-xfaYAsMV1p8-unsplash-1-1536x584.jpg 1536w, https:\/\/www.mes-allocs.fr\/guides\/wp-content\/uploads\/2021\/08\/chuttersnap-xfaYAsMV1p8-unsplash-1-2048x778.jpg 2048w, https:\/\/www.mes-allocs.fr\/guides\/wp-content\/uploads\/2021\/08\/chuttersnap-xfaYAsMV1p8-unsplash-1-600x228.jpg 600w\" sizes=\"auto, (max-width: 2560px) 100vw, 2560px\" \/><\/p>\n<p><strong>La <a href=\"https:\/\/www.mes-allocs.fr\/guides\/prime-a-la-conversion\/\">prime \u00e0 la conversion<\/a> encourage \u00e0 rouler propre en mettant au rebut votre ancien v\u00e9hicule. Il est impossible en revanche d\u2019en b\u00e9n\u00e9ficier deux fois. L\u2019aide est accord\u00e9e qu\u2019une seule fois par foyer. N\u00e9anmoins, la prime \u00e0 la conversion et le bonus \u00e9cologique sont cumulables. On vous explique.<\/strong><\/p>\n<div class='cta-block'><div class='text'>Simulez toutes vos aides en 2 min.<\/div><a href='https:\/\/www.mes-allocs.fr\/ab-app?origin=guides\/wp-json\/wp\/v2\/posts\/34010' class='app-button fit'>Simulation gratuite<\/a><\/div>\n<div class='shortcode disclaimer'><div class='title'>Attention<\/div><div class='content'>La prime \u00e0 la conversion n\u2019est plus disponible depuis d\u00e9cembre 2024. Apr\u00e8s cette date, il n\u2019est plus possible d\u2019en b\u00e9n\u00e9ficier, que ce soit pour les particuliers ou les professionnels. <\/div><\/div>\n<h1>Peut-on cumuler prime \u00e0 la conversion et bonus \u00e9cologique ?<\/h1>\n<p>Il est tout \u00e0 fait possible de b\u00e9n\u00e9ficier du bonus \u00e9cologique et la prime \u00e0 la conversion. D\u2019ailleurs, dans le cadre du plan de relance du Minist\u00e8re de la Transition \u00c9cologique, la prime \u00e0 la conversion agit en compl\u00e9ment du bonus.<\/p>\n<p>En cumulant ces deux dispositifs, vous pouvez ainsi atteindre un montant de 12 000 \u20ac pour un v\u00e9hicule neuf ou d\u2019occasion (v\u00e9hicule personnel). En cas de <b>cumul<\/b> de l\u2019aide, une seule demande de versement doit \u00eatre pr\u00e9sent\u00e9e pour les deux aides et le paiement est simultan\u00e9.<\/p>\n<p><strong>\u00c0 noter<\/strong> : en revanche il est impossible de b\u00e9n\u00e9ficier deux fois de la prime \u00e0 la conversion, m\u00eame si vous avez deux v\u00e9hicules pour une mise au rebut.<\/p>\n<div class='cta-block'><div class='text'>Simulez toutes vos aides en 2 min.<\/div><a href='https:\/\/www.mes-allocs.fr\/ab-app?origin=guides\/wp-json\/wp\/v2\/posts\/34010' class='app-button fit'>Simulation gratuite<\/a><\/div>\n<h1>Qu&rsquo;est-ce que le bonus \u00e9cologique ?<\/h1>\n<p>Le bonus \u00e9cologique est une incitation financi\u00e8re propos\u00e9e par de nombreux gouvernements pour encourager l&rsquo;achat de v\u00e9hicules plus respectueux de l&rsquo;environnement, g\u00e9n\u00e9ralement des v\u00e9hicules \u00e9lectriques, hybrides, \u00e0 hydrog\u00e8ne ou \u00e0 faibles \u00e9missions de CO2. L&rsquo;objectif principal du bonus \u00e9cologique est de r\u00e9duire la pollution de l&rsquo;air, de favoriser la transition vers des v\u00e9hicules moins polluants, et de promouvoir l&rsquo;innovation dans le secteur automobile.<\/p>\n<div class='shortcode disclaimer'><div class='title'>Attention<\/div><div class='content'>Depuis juillet 2025, le bonus \u00e9cologique pour les voitures particuli\u00e8res neuves n\u2019est plus disponible. Vous pouvez cependant b\u00e9n\u00e9ficier de l\u2019aide financi\u00e8re pour l\u2019achat ou la location d\u2019une voiture \u00e9lectrique neuve distribu\u00e9e par les certificats d\u2019\u00e9conomies d\u2019\u00e9nergie (CEE), sous conditions.<\/div><\/div>\n<h2>Quel est le montant du bonus \u00e9cologique ?<\/h2>\n\n    <h2 class=\"wpdt-c\"\n        id=\"wdt-table-title-15\">Montant Bonus \u00e9cologique<\/h2>\n<div class=\"wpdt-c row wpDataTableContainerSimpleTable wpDataTables wpDataTablesWrapper\n\"\n    >\n    <table id=\"wpdtSimpleTable-15\"\n           class=\"wpdtSimpleTable wpDataTable\"\n           data-column=\"3\"\n           data-rows=\"3\"\n           data-wpID=\"15\"\n           data-responsive=\"0\"\n           data-has-header=\"0\">\n\n                    <tbody>        <tr class=\"wpdt-cell-row \" >\n                            <td class=\"wpdt-cell wpdt-bc-F3F9FE wpdt-bold\"\n                                    data-cell-id=\"A1\"\n                data-col-index=\"0\"\n                data-row-index=\"0\"\n                style=\" width:46.345514950166%;                padding:10px;\"\n                >\n                                Voiture neuve                <\/td>\n                                            <td class=\"wpdt-cell wpdt-bc-F3F9FE wpdt-bold\"\n                                    data-cell-id=\"B1\"\n                data-col-index=\"1\"\n                data-row-index=\"0\"\n                style=\" width:25.249169435216%;                padding:10px;\"\n                >\n                                Personnes physiques                <\/td>\n                                            <td class=\"wpdt-cell wpdt-bc-F3F9FE wpdt-bold\"\n                                    data-cell-id=\"C1\"\n                data-col-index=\"2\"\n                data-row-index=\"0\"\n                style=\" width:28.405315614618%;                padding:10px;\"\n                >\n                                Personnes morales                <\/td>\n                                        <\/tr>\n                            <tr class=\"wpdt-cell-row \" >\n                            <td class=\"wpdt-cell wpdt-bc-FFFFFF wpdt-overflow-text\"\n                                    data-cell-id=\"A2\"\n                data-col-index=\"0\"\n                data-row-index=\"1\"\n                style=\"                padding:10px;\"\n                >\n                                <div data-type-content=\"wpdt-html-content\">\n<div data-type-content=\"wpdt-html-content\"><strong>Voiture &eacute;lectrique neuve :<\/strong><\/div><div data-type-content=\"wpdt-html-content\">&nbsp;<\/div><ul><ul><li data-type-content=\"wpdt-html-content\">Prix &lt; 45 000 &euro;<\/li><\/ul><\/ul><\/div>                <\/td>\n                                            <td class=\"wpdt-cell wpdt-bc-FFFFFF\"\n                                    data-cell-id=\"B2\"\n                data-col-index=\"1\"\n                data-row-index=\"1\"\n                style=\"                padding:10px;\"\n                >\n                                6 000 \u20ac                <\/td>\n                                            <td class=\"wpdt-cell wpdt-bc-FFFFFF\"\n                                    data-cell-id=\"C2\"\n                data-col-index=\"2\"\n                data-row-index=\"1\"\n                style=\"                padding:10px;\"\n                >\n                                4 000 \u20ac                <\/td>\n                                        <\/tr>\n                            <tr class=\"wpdt-cell-row \" >\n                            <td class=\"wpdt-cell wpdt-bc-FFFFFF\"\n                                    data-cell-id=\"A3\"\n                data-col-index=\"0\"\n                data-row-index=\"2\"\n                style=\"                padding:10px;\"\n                >\n                                <div data-type-content=\"wpdt-html-content\"><strong>Voiture hybride rechargeable neuve :<\/strong><\/div>\n<div data-type-content=\"wpdt-html-content\"><strong>&nbsp;<\/strong><\/div><ul><li data-type-content=\"wpdt-html-content\">Prix &lt; 50 000 &euro;<\/li><li data-type-content=\"wpdt-html-content\">CO2 entre 21 &agrave; 50 g\/km<\/li><li data-type-content=\"wpdt-html-content\">Autonomie de batterie en mode tout &eacute;lectrique &gt; 50 km<\/li><\/ul>                <\/td>\n                                            <td class=\"wpdt-cell wpdt-bc-FFFFFF\"\n                                    data-cell-id=\"B3\"\n                data-col-index=\"1\"\n                data-row-index=\"2\"\n                style=\"                padding:10px;\"\n                >\n                                1 000 \u20ac                <\/td>\n                                            <td class=\"wpdt-cell wpdt-bc-FFFFFF\"\n                                    data-cell-id=\"C3\"\n                data-col-index=\"2\"\n                data-row-index=\"2\"\n                style=\"                padding:10px;\"\n                >\n                                1 000 \u20ac                <\/td>\n                                        <\/tr>\n                    <\/table>\n<\/div><style id='wpdt-custom-style-15'>\n.wpdt-bc-F3F9FE { background-color: #F3F9FE !important;}\n.wpdt-bc-FFFFFF { background-color: #FFFFFF !important;}\n<\/style>\n\n<h2>Quels sont les conditions \u00e0 respecter pour b\u00e9n\u00e9ficier du bonus \u00e9cologique ?<\/h2>\n<p>Pour b\u00e9n\u00e9ficier du dispositif vous devez remplir quelques conditions :<\/p>\n<ul>\n<li>\u00catre majeur<\/li>\n<li>Vivre en France de mani\u00e8re stable<\/li>\n<li>Le v\u00e9hicule achet\u00e9 ou lou\u00e9 doit avoir\u00a0un taux d&rsquo;\u00e9mission de CO2 de 50 g\/km au maximum (v\u00e9hicule \u00e9lectrique ou hybride rechargeable)<\/li>\n<li>Vous pouvez louer le v\u00e9hicule mais pour une dur\u00e9e d&rsquo;au moins 2 ans<\/li>\n<\/ul>\n<h2>Comment b\u00e9n\u00e9ficier du bonus \u00e9cologique ?<\/h2>\n<p>Le\u00a0<strong>montant de l&rsquo;aide\u00a0<\/strong>est soit d\u00e9duit de la facture par le vendeur du v\u00e9hicule, soit vers\u00e9 plus tard \u00e0 l&rsquo;acheteur, cela par le Fonds d&rsquo;aide \u00e0 l&rsquo;acquisition de v\u00e9hicules propres. Ce dernier \u00e9tant g\u00e9r\u00e9 par l&rsquo;Agence de services et de paiement (ASP);<\/p>\n<p><strong>\u00c0 noter : Dans ce cas, la demande de versement de l&rsquo;aide se fait via le site d\u00e9di\u00e9 \u00e0 la prime \u00e0 la conversion.<\/strong><\/p>\n<p>L&rsquo;\u00e9quipe Mes Allocs <a href=\"https:\/\/www.mes-allocs.fr\/souscription\" target=\"_blank\" rel=\"noopener\">vous accompagne<\/a> dans vos d\u00e9marches pour vous faire gagner du temps et de l&rsquo;argent.<\/p>\n<h1>Qu\u2019est-ce que la prime \u00e0 la conversion ?<\/h1>\n<p>La prime \u00e0 la conversion est un dispositif qui a \u00e9t\u00e9 mis en place dans le but d\u2019encourager les gros rouleurs \u00e0 utiliser des v\u00e9hicules peu polluants. Il peut s\u2019agit d\u2019un v\u00e9hicule hybride rechargeable, \u00e9lectrique ou hybride rechargeable, etc. Cela du moment qu\u2019il s\u2019agit d\u2019un v\u00e9hicule propre.<\/p>\n<p>Voulu par le Minist\u00e8re de la Transition \u00e9cologique, ce dispositif a \u00e9t\u00e9 reconduit deux fois. En revanche, depuis les conditions d\u2019attributions ont chang\u00e9. En effet, les v\u00e9hicules diesel ne sont plus \u00e9ligibles au dispositif.<\/p>\n<p><strong>\u00c0 noter : Vous pouvez b\u00e9n\u00e9ficier jusqu\u2019\u00e0 3 000 \u20ac pour l\u2019achat d\u2019un v\u00e9hicule thermique neuf ou d\u2019occasion et jusqu\u2019\u00e0 5 000 \u20ac pour l\u2019achat d\u2019un v\u00e9hicule \u00e9lectrique ou hybride rechargeable neuf ou d\u2019occasion.<\/strong><\/p>\n<h2>Les conditions \u00e0 respecter pour b\u00e9n\u00e9ficier de la prime \u00e0 la conversion<\/h2>\n<p>De nombreuses <a href=\"https:\/\/www.mes-allocs.fr\/guides\/prime-a-la-conversion\/conditions-prime-a-la-conversion\/\">conditions<\/a> sont \u00e0 respecter pour b\u00e9n\u00e9ficier de la prime \u00e0 la conversion. Pour b\u00e9n\u00e9ficier de la prime, vous devez dans un premier temps mettre \u00e0 la casse votre ancien v\u00e9hicule. La nouvelle prime \u00e0 la reconversion vous permet de faire reprendre des voitures Crit\u2019Air 3, Crit\u2019Air 4 et Crit\u2019Air 5, soit toutes les voitures diesel don\u2019t la premi\u00e8re date d\u2019immatriculation date d\u2019avant le 1er janvier 2011, et toutes les voitures essence don\u2019t la premi\u00e8re date d\u2019immatriculation date d\u2019avant le 1er janvier 2006.<\/p>\n<p><strong>Ainsi, les personnes suivantes peuvent faire valoir leurs droits \u00e0 la prime \u00e0 la conversion en 2024 :\u00a0<\/strong><\/p>\n<ul>\n<li>Les personnes avec un revenu fiscal de r\u00e9f\u00e9rence par part inf\u00e9rieur ou \u00e9gal \u00e0 6300 euros nets ou inf\u00e9rieur ou \u00e9gal \u00e0 22 983 euros nets et \u00e9tant un gros rouleur<\/li>\n<li>Les personnes\u00a0 avec un revenu fiscal de r\u00e9f\u00e9rence par part inf\u00e9rieure ou \u00e9gal \u00e0 22 983 euros nets.<\/li>\n<li>Les personnes avec un revenu fiscal de r\u00e9f\u00e9rence par part sup\u00e9rieure \u00e0 22 983 euros nets.<\/li>\n<li>Les personnes morales (pour des trajets lieu de travail)<\/li>\n<\/ul>\n<h2>Les v\u00e9hicules \u00e9ligibles \u00e0 la prime \u00e0 la conversion en 2024<\/h2>\n<p>Voici la liste des <a href=\"https:\/\/www.mes-allocs.fr\/guides\/prime-a-la-conversion\/vehicules-eligibles-a-la-prime-a-la-conversion\/\">v\u00e9hicules \u00e9ligibles<\/a> :<\/p>\n<ul>\n<li data-insertor-excluded=\"1\">Voitures particuli\u00e8res (VP) et camionnettes (CTTE) \u00e9lectriques dont le taux d&rsquo;\u00e9mission de CO2\u00a0est inf\u00e9rieur ou \u00e9gal \u00e0 20\u00a0g\/km<\/li>\n<li data-insertor-excluded=\"1\">VP ou CTTE hybride au\u00a0taux de CO2\u00a0est de 50g\/km au plus<\/li>\n<li data-insertor-excluded=\"1\">VP ou CTTE au taux d&rsquo;\u00e9mission de CO2 compris entre 51g et 137g\/km,\u00a0class\u00e9 Crit&rsquo;air 1\u00a0ou 2 si le v\u00e9hicule est immatricul\u00e9 apr\u00e8s le 1er\u00a0septembre 2019 (plafond ramen\u00e9 \u00e0 109g\/km pour les VP ou CTTE immatricul\u00e9s avant mars 2020 et les v\u00e9hicules immatricul\u00e9s \u00e0 l&rsquo;\u00e9tranger avant d&rsquo;\u00eatre immatricul\u00e9s en France)<\/li>\n<li data-insertor-excluded=\"1\">Deux-roues, trois-roues et quadricycles \u00e9lectriques fonctionnant sans batterie au plomb et dont la puissance maximale nette du moteur est au moins \u00e9gale \u00e0 2 ou 3 kW (selon la norme europ\u00e9enne qui est appliqu\u00e9e)<\/li>\n<\/ul>\n<h2>Quel est le montant de la prime \u00e0 la conversion ?<\/h2>\n\n    <h2 class=\"wpdt-c\"\n        id=\"wdt-table-title-14\">Montant de la prime \u00e0 la conversion<\/h2>\n<div class=\"wpdt-c row wpDataTableContainerSimpleTable wpDataTables wpDataTablesWrapper\n\"\n    >\n    <table id=\"wpdtSimpleTable-14\"\n           class=\"wpdtSimpleTable wpDataTable\"\n           data-column=\"4\"\n           data-rows=\"6\"\n           data-wpID=\"14\"\n           data-responsive=\"0\"\n           data-has-header=\"0\">\n\n                    <tbody>        <tr class=\"wpdt-cell-row \" >\n                            <td class=\"wpdt-cell wpdt-bc-F3F9FE wpdt-bold wpdt-merged-cell \"\n                 colspan=\"1\"  rowspan=\"2\"                 data-cell-id=\"A1\"\n                data-col-index=\"0\"\n                data-row-index=\"0\"\n                style=\" width:36.807387862797%;                padding:10px;\"\n                >\n                                Quels montants pour la prime ?                <\/td>\n                                            <td class=\"wpdt-cell wpdt-bc-F3F9FE wpdt-bold wpdt-merged-cell \"\n                 colspan=\"3\"  rowspan=\"1\"                 data-cell-id=\"B1\"\n                data-col-index=\"1\"\n                data-row-index=\"0\"\n                style=\" width:60.158311345646%;                padding:10px;\"\n                >\n                                Revenu fiscal de r\u00e9f\u00e9rence par part                <\/td>\n                                                                <\/tr>\n                            <tr class=\"wpdt-cell-row \" >\n                                        <td class=\"wpdt-cell wpdt-bc-FFFFFF wpdt-bold\"\n                                    data-cell-id=\"B2\"\n                data-col-index=\"1\"\n                data-row-index=\"1\"\n                style=\"                padding:10px;\"\n                >\n                                \u2264 6 300 \u20ac OU \u2264 13 489 \u20ac et gros rouleurs                <\/td>\n                                            <td class=\"wpdt-cell wpdt-bc-FFFFFF wpdt-bold\"\n                                    data-cell-id=\"C2\"\n                data-col-index=\"2\"\n                data-row-index=\"1\"\n                style=\"                padding:10px;\"\n                >\n                                \u2264 13 489 \u20ac                <\/td>\n                                            <td class=\"wpdt-cell wpdt-bold\"\n                                    data-cell-id=\"D2\"\n                data-col-index=\"3\"\n                data-row-index=\"1\"\n                style=\"                padding:10px;\"\n                >\n                                > 13 489 \u20ac                <\/td>\n                                        <\/tr>\n                            <tr class=\"wpdt-cell-row \" >\n                            <td class=\"wpdt-cell wpdt-bc-FFFFFF wpdt-overflow-text\"\n                                    data-cell-id=\"A3\"\n                data-col-index=\"0\"\n                data-row-index=\"2\"\n                style=\"                padding:10px;\"\n                >\n                                <div data-type-content=\"wpdt-html-content\">\n<div data-type-content=\"wpdt-html-content\"><strong>Voiture &eacute;lectrique neuve ou d'occasion :<\/strong><\/div>\n<ul>\n<li data-type-content=\"wpdt-html-content\">Prix &le; 60 000 &euro;<\/li>\n<li data-type-content=\"wpdt-html-content\">CO2&nbsp;&nbsp;&le; 20 g\/km<\/li>\n<li data-type-content=\"wpdt-html-content\">Autonomie de la batterie &gt; 50 km<\/li>\n<\/ul>\n<\/div>                <\/td>\n                                            <td class=\"wpdt-cell wpdt-bc-FFFFFF\"\n                                    data-cell-id=\"B3\"\n                data-col-index=\"1\"\n                data-row-index=\"2\"\n                style=\"                padding:10px;\"\n                >\n                                5 000 \u20ac                <\/td>\n                                            <td class=\"wpdt-cell wpdt-bc-FFFFFF\"\n                                    data-cell-id=\"C3\"\n                data-col-index=\"2\"\n                data-row-index=\"2\"\n                style=\"                padding:10px;\"\n                >\n                                2 500 \u20ac                <\/td>\n                                            <td class=\"wpdt-cell wpdt-bc-FFFFFF\"\n                                    data-cell-id=\"D3\"\n                data-col-index=\"3\"\n                data-row-index=\"2\"\n                style=\"                padding:10px;\"\n                >\n                                2 500 \u20ac                <\/td>\n                                        <\/tr>\n                            <tr class=\"wpdt-cell-row \" >\n                            <td class=\"wpdt-cell wpdt-bc-FFFFFF\"\n                                    data-cell-id=\"A4\"\n                data-col-index=\"0\"\n                data-row-index=\"3\"\n                style=\"                padding:10px;\"\n                >\n                                <div data-type-content=\"wpdt-html-content\"><strong>Voiture hybride rechargeable neuve ou d'occasion :&nbsp;<\/strong><\/div>\n<ul>\n<li data-type-content=\"wpdt-html-content\">Prix &le; 60 000 &euro;<\/li>\n<li data-type-content=\"wpdt-html-content\">CO2 &le; 50 g\/km<\/li>\n<li data-type-content=\"wpdt-html-content\">Autonomie de batterie en mode tout &eacute;lectrique &gt; 50 km<\/li>\n<\/ul>                <\/td>\n                                            <td class=\"wpdt-cell wpdt-bc-FFFFFF\"\n                                    data-cell-id=\"B4\"\n                data-col-index=\"1\"\n                data-row-index=\"3\"\n                style=\"                padding:10px;\"\n                >\n                                5 000 \u20ac                <\/td>\n                                            <td class=\"wpdt-cell wpdt-bc-FFFFFF\"\n                                    data-cell-id=\"C4\"\n                data-col-index=\"2\"\n                data-row-index=\"3\"\n                style=\"                padding:10px;\"\n                >\n                                2 500 \u20ac                <\/td>\n                                            <td class=\"wpdt-cell wpdt-bc-FFFFFF\"\n                                    data-cell-id=\"D4\"\n                data-col-index=\"3\"\n                data-row-index=\"3\"\n                style=\"                padding:10px;\"\n                >\n                                2 500 \u20ac                <\/td>\n                                        <\/tr>\n                            <tr class=\"wpdt-cell-row \" >\n                            <td class=\"wpdt-cell wpdt-bc-FFFFFF\"\n                                    data-cell-id=\"A5\"\n                data-col-index=\"0\"\n                data-row-index=\"4\"\n                style=\"                padding:10px;\"\n                >\n                                <div data-type-content=\"wpdt-html-content\"><strong>Voiture hybride rechargeable neuve ou d'occasion :&nbsp;<\/strong><\/div>\n<ul>\n<li data-type-content=\"wpdt-html-content\">Autonomie de batterie en mode tout &eacute;lectrique &lt; 50 km<\/li>\n<\/ul>                <\/td>\n                                            <td class=\"wpdt-cell wpdt-bc-FFFFFF\"\n                                    data-cell-id=\"B5\"\n                data-col-index=\"1\"\n                data-row-index=\"4\"\n                style=\"                padding:10px;\"\n                >\n                                3 000 \u20ac                <\/td>\n                                            <td class=\"wpdt-cell wpdt-bc-FFFFFF\"\n                                    data-cell-id=\"C5\"\n                data-col-index=\"2\"\n                data-row-index=\"4\"\n                style=\"                padding:10px;\"\n                >\n                                1 500 \u20ac                <\/td>\n                                            <td class=\"wpdt-cell \"\n                                    data-cell-id=\"D5\"\n                data-col-index=\"3\"\n                data-row-index=\"4\"\n                style=\"                padding:10px;\"\n                >\n                                0 \u20ac                <\/td>\n                                        <\/tr>\n                            <tr class=\"wpdt-cell-row \" >\n                            <td class=\"wpdt-cell wpdt-bc-FFFFFF\"\n                                    data-cell-id=\"A6\"\n                data-col-index=\"0\"\n                data-row-index=\"5\"\n                style=\"                padding:10px;\"\n                >\n                                <div data-type-content=\"wpdt-html-content\">\n<div data-type-content=\"wpdt-html-content\"><strong>Voiture neuve ou d'occasion :&nbsp;<\/strong><\/div>\n<ul>\n<li data-type-content=\"wpdt-html-content\">Prix &le; 50 000 &euro;<\/li>\n<li data-type-content=\"wpdt-html-content\">Crit'Air 1<\/li>\n<li data-type-content=\"wpdt-html-content\">CO2 norme WLTP :\n<ul>\n<li data-type-content=\"wpdt-html-content\">Occasion &le; 137 g\/km<\/li>\n<li data-type-content=\"wpdt-html-content\">Neuve &le; 132 g\/km<\/li>\n<\/ul>\n<\/li>\n<li data-type-content=\"wpdt-html-content\">CO2 norme NEDC :\n<ul>\n<li data-type-content=\"wpdt-html-content\">Occasion &le; 109 g\/km<\/li>\n<li data-type-content=\"wpdt-html-content\">Neuve &le; 104 g\/km<\/li>\n<\/ul>\n<\/li>\n<\/ul>\n<\/div>                <\/td>\n                                            <td class=\"wpdt-cell wpdt-bc-FFFFFF\"\n                                    data-cell-id=\"B6\"\n                data-col-index=\"1\"\n                data-row-index=\"5\"\n                style=\"                padding:10px;\"\n                >\n                                3 000 \u20ac                <\/td>\n                                            <td class=\"wpdt-cell wpdt-bc-FFFFFF\"\n                                    data-cell-id=\"C6\"\n                data-col-index=\"2\"\n                data-row-index=\"5\"\n                style=\"                padding:10px;\"\n                >\n                                1 500 \u20ac                <\/td>\n                                            <td class=\"wpdt-cell \"\n                                    data-cell-id=\"D6\"\n                data-col-index=\"3\"\n                data-row-index=\"5\"\n                style=\"                padding:10px;\"\n                >\n                                0 \u20ac                <\/td>\n                                        <\/tr>\n                    <\/table>\n<\/div><style id='wpdt-custom-style-14'>\n.wpdt-bc-F3F9FE { background-color: #F3F9FE !important;}\n.wpdt-bc-FFFFFF { background-color: #FFFFFF !important;}\n<\/style>\n\n<h2>La super prime \u00e0 la conversion<\/h2>\n<p>Depuis 2019, le montant de la prime \u00e0 la conversion est doubl\u00e9 pour les 20 % de foyers les plus modestes, ceux en-dessous de 6 300\u20ac par part. Les\u00a0<strong>travailleurs non imposables qui font plus de 60km chaque jour<\/strong>\u00a0pour des raisons professionnelles sont \u00e9galement \u00e9ligibles.<\/p>\n<h1><strong>T\u00e9moignages de clients<\/strong><\/h1>\n<p><strong>T\u00e9moignage 1 : Sarah, 32 ans<\/strong><\/p>\n<p><em>\u00ab\u00a0J&rsquo;ai toujours voulu passer \u00e0 une voiture plus propre, mais les co\u00fbts initiaux semblaient un peu trop \u00e9lev\u00e9s. Heureusement, le concessionnaire chez qui j&rsquo;ai trouv\u00e9 la voiture \u00e9ligible \u00e0 la prime \u00e0 la conversion m&rsquo;a propos\u00e9 d&rsquo;avancer le montant de la prime. Cela a \u00e9t\u00e9 un \u00e9norme soulagement pour moi, car cela m&rsquo;a permis de passer \u00e0 une voiture plus respectueuse de l&rsquo;environnement sans trop impacter mon budget.\u00a0\u00bb<\/em><\/p>\n<p><strong>T\u00e9moignage 2 : Julien, 40 ans<\/strong><\/p>\n<p>\u00ab\u00a0<em>J&rsquo;\u00e9tais tr\u00e8s enthousiaste \u00e0 l&rsquo;id\u00e9e de b\u00e9n\u00e9ficier de la prime \u00e0 la conversion pour acheter une voiture \u00e9lectrique, mais j&rsquo;avais quelques inqui\u00e9tudes financi\u00e8res. Heureusement, le concessionnaire a propos\u00e9 de me faire b\u00e9n\u00e9ficier de l&rsquo;avance de la prime. Cela a rendu le processus d&rsquo;achat beaucoup plus simple, et j&rsquo;ai pu commencer \u00e0 profiter de ma nouvelle voiture sans me soucier des formalit\u00e9s administratives.<\/em>\u00a0\u00bb<\/p>\n<p><strong>T\u00e9moignage 3 : Marie, 28 ans<\/strong><\/p>\n<p>\u00ab\u00a0<em>Je voulais changer ma voiture pour une version plus \u00e9cologique, mais je n&rsquo;avais pas suffisamment de liquidit\u00e9s pour payer la prime \u00e0 la conversion upfront. Heureusement, le garage o\u00f9 j&rsquo;ai trouv\u00e9 ma voiture m&rsquo;a expliqu\u00e9 qu&rsquo;ils pouvaient avancer le montant de la prime. Cela a rendu l&rsquo;achat beaucoup plus abordable et m&rsquo;a permis de faire un choix \u00e9co-responsable sans compromettre mon budget.\u00a0\u00bb<\/em><\/p>\n<p><strong>T\u00e9moignage 4 : Nicolas, 35 ans<\/strong><\/p>\n<p>\u00ab\u00a0<em>J&rsquo;\u00e9tais enthousiaste \u00e0 l&rsquo;id\u00e9e de passer \u00e0 un v\u00e9hicule \u00e9lectrique gr\u00e2ce \u00e0 la prime \u00e0 la conversion, mais je craignais les formalit\u00e9s administratives. Lorsque le concessionnaire m&rsquo;a propos\u00e9 de m&rsquo;avancer la prime, j&rsquo;ai \u00e9t\u00e9 agr\u00e9ablement surpris. Non seulement cela a simplifi\u00e9 le processus, mais cela m&rsquo;a \u00e9galement encourag\u00e9 \u00e0 sauter le pas vers un mode de transport plus respectueux de l&rsquo;environnement.\u00a0\u00bb<\/em><\/p>\n<p>Ces t\u00e9moignages illustrent comment l&rsquo;avance de la prime \u00e0 la conversion par certains garages peut grandement faciliter l&rsquo;achat de v\u00e9hicules \u00e9ligibles tout en contribuant \u00e0 la transition vers des options de transport plus propres et respectueuses de l&rsquo;environnement.<\/p>\n<div class='cta-block'><div class='text'>Simulez toutes vos aides en 2 min.<\/div><a href='https:\/\/www.mes-allocs.fr\/ab-app?origin=guides\/wp-json\/wp\/v2\/posts\/34010' class='app-button fit'>Simulation gratuite<\/a><\/div>\n","protected":false},"excerpt":{"rendered":"<p>La prime \u00e0 la conversion encourage \u00e0 rouler propre en mettant au rebut votre ancien v\u00e9hicule. Il est impossible en revanche d\u2019en b\u00e9n\u00e9ficier deux fois. L\u2019aide est accord\u00e9e qu\u2019une seule fois par foyer. N\u00e9anmoins, la prime \u00e0 la conversion et le bonus \u00e9cologique sont cumulables. On vous explique. Peut-on cumuler prime \u00e0 la conversion et [&hellip;]<\/p>\n","protected":false},"author":10,"featured_media":34013,"comment_status":"open","ping_status":"open","sticky":false,"template":"","format":"standard","meta":{"amp_status":"","footnotes":""},"categories":[9930],"tags":[],"class_list":["post-34010","post","type-post","status-publish","format-standard","has-post-thumbnail","hentry","category-prime-a-la-conversion"],"yoast_head":"<!-- This site is optimized with the Yoast SEO plugin v14.9 - https:\/\/yoast.com\/wordpress\/plugins\/seo\/ -->\n<title>Peut-on cumuler prime \u00e0 la conversion et bonus \u00e9cologique ?<\/title>\n<meta name=\"description\" content=\"La prime \u00e0 la conversion est accord\u00e9e une seule fois. N\u00e9anmoins, elle est cumulable avec le bonus \u00e9cologique. On vous explique.\" \/>\n<meta name=\"robots\" content=\"index, follow, max-snippet:-1, max-image-preview:large, max-video-preview:-1\" \/>\n<link rel=\"canonical\" href=\"https:\/\/www.mes-allocs.fr\/guides\/prime-a-la-conversion\/prime-a-la-conversion-et-bonus-ecologique\/\" \/>\n<meta property=\"og:locale\" content=\"fr_FR\" \/>\n<meta property=\"og:type\" content=\"article\" \/>\n<meta property=\"og:title\" content=\"Peut-on cumuler prime \u00e0 la conversion et bonus \u00e9cologique ?\" \/>\n<meta property=\"og:description\" content=\"La prime \u00e0 la conversion est accord\u00e9e une seule fois. N\u00e9anmoins, elle est cumulable avec le bonus \u00e9cologique. On vous explique.\" \/>\n<meta property=\"og:url\" content=\"https:\/\/www.mes-allocs.fr\/guides\/prime-a-la-conversion\/prime-a-la-conversion-et-bonus-ecologique\/\" \/>\n<meta property=\"og:site_name\" content=\"Mes-Allocs.fr\" \/>\n<meta property=\"article:published_time\" content=\"2021-08-30T06:33:39+00:00\" \/>\n<meta property=\"article:modified_time\" content=\"2025-07-09T12:18:35+00:00\" \/>\n<meta property=\"og:image\" content=\"https:\/\/www.mes-allocs.fr\/guides\/wp-content\/uploads\/2021\/07\/Prime-a\u0300-la-conversion-et-bonus-e\u0301cologique-e1627722673427.jpg?wsr\" \/>\n\t<meta property=\"og:image:width\" content=\"1280\" \/>\n\t<meta property=\"og:image:height\" content=\"416\" \/>\n<meta name=\"twitter:card\" content=\"summary_large_image\" \/>\n<script type=\"application\/ld+json\" class=\"yoast-schema-graph\">{\"@context\":\"https:\/\/schema.org\",\"@graph\":[{\"@type\":\"WebSite\",\"@id\":\"https:\/\/www.mes-allocs.fr\/guides\/#website\",\"url\":\"https:\/\/www.mes-allocs.fr\/guides\/\",\"name\":\"Mes-Allocs.fr\",\"description\":\"\",\"potentialAction\":[{\"@type\":\"SearchAction\",\"target\":\"https:\/\/www.mes-allocs.fr\/guides\/?s={search_term_string}\",\"query-input\":\"required name=search_term_string\"}],\"inLanguage\":\"fr-FR\"},{\"@type\":\"ImageObject\",\"@id\":\"https:\/\/www.mes-allocs.fr\/guides\/prime-a-la-conversion\/prime-a-la-conversion-et-bonus-ecologique\/#primaryimage\",\"inLanguage\":\"fr-FR\",\"url\":\"https:\/\/www.mes-allocs.fr\/guides\/wp-content\/uploads\/2021\/07\/Prime-a\\u0300-la-conversion-et-bonus-e\\u0301cologique-e1627722673427.jpg?wsr\",\"width\":1280,\"height\":416,\"caption\":\"Prime a\\u0300 la conversion et bonus e\\u0301cologique\"},{\"@type\":\"WebPage\",\"@id\":\"https:\/\/www.mes-allocs.fr\/guides\/prime-a-la-conversion\/prime-a-la-conversion-et-bonus-ecologique\/#webpage\",\"url\":\"https:\/\/www.mes-allocs.fr\/guides\/prime-a-la-conversion\/prime-a-la-conversion-et-bonus-ecologique\/\",\"name\":\"Peut-on cumuler prime \\u00e0 la conversion et bonus \\u00e9cologique ?\",\"isPartOf\":{\"@id\":\"https:\/\/www.mes-allocs.fr\/guides\/#website\"},\"primaryImageOfPage\":{\"@id\":\"https:\/\/www.mes-allocs.fr\/guides\/prime-a-la-conversion\/prime-a-la-conversion-et-bonus-ecologique\/#primaryimage\"},\"datePublished\":\"2021-08-30T06:33:39+00:00\",\"dateModified\":\"2025-07-09T12:18:35+00:00\",\"author\":{\"@id\":\"https:\/\/www.mes-allocs.fr\/guides\/#\/schema\/person\/8d47b912c0ad15f379df96b4e4e33f58\"},\"description\":\"La prime \\u00e0 la conversion est accord\\u00e9e une seule fois. N\\u00e9anmoins, elle est cumulable avec le bonus \\u00e9cologique. On vous explique.\",\"inLanguage\":\"fr-FR\"},{\"@type\":\"Person\",\"@id\":\"https:\/\/www.mes-allocs.fr\/guides\/#\/schema\/person\/8d47b912c0ad15f379df96b4e4e33f58\",\"name\":\"Constance de Cagny\",\"image\":{\"@type\":\"ImageObject\",\"@id\":\"https:\/\/www.mes-allocs.fr\/guides\/#personlogo\",\"inLanguage\":\"fr-FR\",\"url\":\"https:\/\/www.mes-allocs.fr\/guides\/wp-content\/uploads\/2021\/06\/Constance.2e8ee0b.png\",\"caption\":\"Constance de Cagny\"},\"description\":\"Constance est r\\u00e9dactrice au sein de l'\\u00e9quipe Mes Allocs. Elle a l'habitude d'\\u00e9crire sur les sujets conso, bons plans et \\u00e9conomies. Dipl\\u00f4m\\u00e9e de l'ENACO, elle rejoint Mes Allocs apr\\u00e8s une premi\\u00e8re exp\\u00e9rience en cabinet notarial.\",\"sameAs\":[\"https:\/\/www.linkedin.com\/in\/constance-de-cagny-mayeur-bbb414135\"]}]}<\/script>\n<!-- \/ Yoast SEO plugin. -->","amp_validity":null,"acf":{"faq":{"1":{"question":"Quel v\u00e9hicule \u00e9ligible \u00e0 la prime \u00e0 la conversion en 2024 ?","answer":"La prime \u00e0 la conversion est accessible pour l'achat d'un v\u00e9hicule neuf ou d'occasion Crit'Air 1 ou 2, quel que soit son carburant, \u00e0 condition que ses \u00e9missions de CO2 ne d\u00e9passent pas 137 g\/km (selon le cycle WLTP, g\u00e9n\u00e9ralis\u00e9 depuis le 1er mars 2020) ou 109 g\/km"},"2":{"question":"Quel avis d'imposition pour la prime \u00e0 la conversion en 2024 ?","answer":"L'avis d'imposition 2024 sur les revenus 2023."},"3":{"question":"Comment calculer la prime \u00e0 la conversion ?","answer":"Exemple: Votre RFR (revenu fiscal de r\u00e9f\u00e9rence) est de 30 000 \u20ac et le nombre de parts du foyer fiscal est de 3, alors le RFR par part est de 10 000 \u20ac"},"4":{"question":"Quand sera vers\u00e9e la prime \u00e0 la conversion ?","answer":"L'aide est vers\u00e9e au maximum une fois par personne. "},"5":{"question":"Pourquoi acheter une voiture \u00e9lectrique ? ","answer":"Gr\u00e2ce au v\u00e9hicule \u00e9lectrique vous faites le choix d'une voiture \u00e9cologique et moins polluante \u00e0 l'usage, mais aussi plus silencieuse pour contribuer \u00e0 r\u00e9duire les nuisances sonores"},"6":{"question":"Quelles sont les voiture Crit air 1 ?","answer":"S\u00e9lection des voitures Crit'Air 1 les plus abordables\r\nFord Ka2.\r\nFiat Panda 2.\r\nFiat Punto Evo\/Punto3.\r\nSuziki Alto 2.\r\nPeugeot 107\/ Citro\u00ebn C1 \/ Toyota Aygo.\r\nRenault Twingo 2.\r\nPeugeot 206+\r\nDacia Sandero."},"7":{"question":"","answer":""},"8":{"question":"","answer":""},"9":{"question":"","answer":""},"10":{"question":"","answer":""},"11":{"question":"","answer":""},"12":{"question":"","answer":""},"13":{"question":"","answer":""},"14":{"question":"","answer":""},"15":{"question":"","answer":""},"16":{"question":"","answer":""}}},"_links":{"self":[{"href":"https:\/\/www.mes-allocs.fr\/guides\/wp-json\/wp\/v2\/posts\/34010","targetHints":{"allow":["GET"]}}],"collection":[{"href":"https:\/\/www.mes-allocs.fr\/guides\/wp-json\/wp\/v2\/posts"}],"about":[{"href":"https:\/\/www.mes-allocs.fr\/guides\/wp-json\/wp\/v2\/types\/post"}],"author":[{"embeddable":true,"href":"https:\/\/www.mes-allocs.fr\/guides\/wp-json\/wp\/v2\/users\/10"}],"replies":[{"embeddable":true,"href":"https:\/\/www.mes-allocs.fr\/guides\/wp-json\/wp\/v2\/comments?post=34010"}],"version-history":[{"count":17,"href":"https:\/\/www.mes-allocs.fr\/guides\/wp-json\/wp\/v2\/posts\/34010\/revisions"}],"predecessor-version":[{"id":101758,"href":"https:\/\/www.mes-allocs.fr\/guides\/wp-json\/wp\/v2\/posts\/34010\/revisions\/101758"}],"wp:featuredmedia":[{"embeddable":true,"href":"https:\/\/www.mes-allocs.fr\/guides\/wp-json\/wp\/v2\/media\/34013"}],"wp:attachment":[{"href":"https:\/\/www.mes-allocs.fr\/guides\/wp-json\/wp\/v2\/media?parent=34010"}],"wp:term":[{"taxonomy":"category","embeddable":true,"href":"https:\/\/www.mes-allocs.fr\/guides\/wp-json\/wp\/v2\/categories?post=34010"},{"taxonomy":"post_tag","embeddable":true,"href":"https:\/\/www.mes-allocs.fr\/guides\/wp-json\/wp\/v2\/tags?post=34010"}],"curies":[{"name":"wp","href":"https:\/\/api.w.org\/{rel}","templated":true}]}}