{"id":33944,"date":"2021-08-02T16:03:18","date_gmt":"2021-08-02T14:03:18","guid":{"rendered":"https:\/\/www.mes-allocs.fr\/guides\/?p=33944"},"modified":"2025-07-09T14:28:57","modified_gmt":"2025-07-09T12:28:57","slug":"prime-a-la-conversion-impot","status":"publish","type":"post","link":"https:\/\/www.mes-allocs.fr\/guides\/prime-a-la-conversion\/prime-a-la-conversion-impot\/","title":{"rendered":"Prime \u00e0 la conversion et imp\u00f4ts : comment \u00e7a marche ?"},"content":{"rendered":"<p><img loading=\"lazy\" decoding=\"async\" class=\"aligncenter wp-image-33955 \" title=\"Prime a\u0300 la conversion impo\u0302t\" src=\"https:\/\/www.mes-allocs.fr\/guides\/wp-content\/uploads\/2021\/07\/Prime-a\u0300-la-conversion-impo\u0302t-e1627633202967.jpg\" alt=\"Prime a\u0300 la conversion impo\u0302t\" width=\"1434\" height=\"476\" srcset=\"https:\/\/www.mes-allocs.fr\/guides\/wp-content\/uploads\/2021\/07\/Prime-a\u0300-la-conversion-impo\u0302t-e1627633202967.jpg 1280w, https:\/\/www.mes-allocs.fr\/guides\/wp-content\/uploads\/2021\/07\/Prime-a\u0300-la-conversion-impo\u0302t-e1627633202967-300x100.jpg 300w, https:\/\/www.mes-allocs.fr\/guides\/wp-content\/uploads\/2021\/07\/Prime-a\u0300-la-conversion-impo\u0302t-e1627633202967-1024x340.jpg 1024w, https:\/\/www.mes-allocs.fr\/guides\/wp-content\/uploads\/2021\/07\/Prime-a\u0300-la-conversion-impo\u0302t-e1627633202967-768x255.jpg 768w, https:\/\/www.mes-allocs.fr\/guides\/wp-content\/uploads\/2021\/07\/Prime-a\u0300-la-conversion-impo\u0302t-e1627633202967-600x199.jpg 600w\" sizes=\"auto, (max-width: 1434px) 100vw, 1434px\" \/><\/p>\n<p><strong>La <a href=\"https:\/\/www.mes-allocs.fr\/guides\/prime-a-la-conversion\/\">prime \u00e0 la conversion<\/a> est un dispositif qui a \u00e9t\u00e9 mis en place pour encourager l&rsquo;achat de voitures moins polluantes. Cette aide est attribu\u00e9e sous conditions de revenus. Mes Allocs vous explique le lien entre prime \u00e0 la conversion et imp\u00f4ts, et vous indique si vous \u00eates \u00e9ligible.<\/strong><\/p>\n<div class='cta-block'><div class='text'>Simulez toutes vos aides en 2 min.<\/div><a href='https:\/\/www.mes-allocs.fr\/ab-app?origin=guides\/wp-json\/wp\/v2\/posts\/33944' class='app-button fit'>Simulation gratuite<\/a><\/div>\n<p class=\"p1\"><div class='shortcode disclaimer'><div class='title'>Attention<\/div><div class='content'>La prime \u00e0 la conversion n\u2019est plus disponible depuis d\u00e9cembre 2024. Apr\u00e8s cette date, il n\u2019est plus possible d\u2019en b\u00e9n\u00e9ficier, que ce soit pour les particuliers ou les professionnels. <\/div><\/div><\/p>\n<h1><strong>Comment vos impacts peuvent impacter la prime \u00e0 la conversion ?\u00a0<\/strong><\/h1>\n<h2>Qu&rsquo;est-ce que la prime \u00e0 la conversion ?<\/h2>\n<p>La prime \u00e0 la conversion est une mesure gouvernementale con\u00e7ue pour stimuler l&rsquo;adoption de v\u00e9hicules plus respectueux de l&rsquo;environnement tout en apportant des avantages financiers aux acheteurs. Elle s&rsquo;inscrit dans une d\u00e9marche globale visant \u00e0 r\u00e9duire les \u00e9missions de gaz \u00e0 effet de serre et \u00e0 favoriser la transition vers une mobilit\u00e9 plus propre.<\/p>\n<p>Depuis le 1er juillet 2021 la prime \u00e0 la casse n&rsquo;existe plus pour les Crit&rsquo;Air2. Autrement dit, \u00e0 partir de cette date, les v\u00e9hicules \u00e9ligibles \u00e0 la prime seront les v\u00e9hicules essence crit\u2019air 1 ou crit\u2019air (immatricul\u00e9s apr\u00e8s le 1er janvier 2011).<\/p>\n<p><strong>\u00c0 noter<\/strong> : les m\u00e9nages qui sont imposables ne peuvent acheter que des v\u00e9hicules essence qui ont \u00e9t\u00e9 immatricul\u00e9s pour la premi\u00e8re fois apr\u00e8s le 1er janvier 2011.<\/p>\n<h2>Quel avis d&rsquo;imposition pour b\u00e9n\u00e9ficier de la prime \u00e0 la conversion ?<\/h2>\n<p>Pour une demande en 2025 vous devez fournir votre avis d&rsquo;imposition 2023 sur vos revenus 2022. M\u00eame si vous \u00eates <a href=\"https:\/\/www.mes-allocs.fr\/guides\/prime-a-la-conversion\/prime-a-la-conversion-non-imposable\/\">non imposable<\/a>. Notez que votre revenu fiscal de r\u00e9f\u00e9rence par part indiqu\u00e9 doit \u00eatre inf\u00e9rieur ou \u00e9gal \u00e0 24 900 euros.<\/p>\n<p>Les exigences en mati\u00e8re d&rsquo;avis d&rsquo;imposition pour b\u00e9n\u00e9ficier de la prime \u00e0 la conversion peuvent varier en fonction du pays et de la r\u00e9gion sp\u00e9cifiques. Cependant, voici les documents fiscaux couramment demand\u00e9s pour prouver votre \u00e9ligibilit\u00e9 \u00e0 la prime \u00e0 la conversion :<\/p>\n<ol>\n<li><strong>Avis d&rsquo;Imp\u00f4t sur le Revenu :<\/strong> dans de nombreux pays, l&rsquo;avis d&rsquo;imposition sur le revenu est un document cl\u00e9. Il d\u00e9taille votre revenu annuel et peut \u00eatre utilis\u00e9 pour v\u00e9rifier si vous r\u00e9pondez aux crit\u00e8res de revenu \u00e9tablis pour la prime \u00e0 la conversion.<\/li>\n<li><strong>Avis de Taxe d&rsquo;Habitation :<\/strong> dans certains cas, vous pourriez \u00eatre invit\u00e9 \u00e0 fournir un avis de taxe d&rsquo;habitation, qui montre que vous r\u00e9sidez dans la r\u00e9gion o\u00f9 vous demandez la prime.<\/li>\n<li><strong>Avis de Taxe Fonci\u00e8re :<\/strong> si vous \u00eates propri\u00e9taire d&rsquo;un bien immobilier, l&rsquo;avis de taxe fonci\u00e8re pourrait \u00eatre requis pour prouver votre r\u00e9sidence dans la r\u00e9gion.<\/li>\n<\/ol>\n<p>En cas de besoin, un expert de l&rsquo;\u00e9quipe Mes Allocs peut <a href=\"https:\/\/www.mes-allocs.fr\/souscription\" target=\"_blank\" rel=\"noopener\">vous accompagner<\/a> dans ces d\u00e9marches pour vous faire gagner du temps et de l&rsquo;argent.<\/p>\n<h1>Quelles sont les conditions \u00e0 respecter pour b\u00e9n\u00e9ficier de la prime \u00e0 la conversion en 2025 ?<\/h1>\n<h2>Les conditions \u00e0 savoir<\/h2>\n<ul>\n<li>Vous devez \u00eatre domicili\u00e9 en France et y vivre de mani\u00e8re stable<\/li>\n<li>Le\u00a0revenu fiscal de r\u00e9f\u00e9rence\u00a0par part indiqu\u00e9 sur l\u2019<a href=\"https:\/\/www.mes-allocs.fr\/guides\/prime-a-la-conversion\/prime-a-la-conversion-impot\/avis-imposition-prime-a-la-conversion\/\">avis d\u2019imposition<\/a> de vos revenus de l\u2019ann\u00e9e pr\u00e9c\u00e9dente est inf\u00e9rieur ou \u00e9gal \u00e0\u00a0<span class=\"prix\">24 900\u20ac<\/span> (avis d\u2019imposition 2024 sur vos revenus 2023)<\/li>\n<li>Vous b\u00e9n\u00e9ficiez de la prime pour un v\u00e9hicule achet\u00e9 ou lou\u00e9\u00a0 \u00e0 des fins personnelles ou pour aller sur votre lieu de travail<\/li>\n<\/ul>\n<h2><strong>Les documents \u00e0 joindre \u00e0 la demande<\/strong><\/h2>\n<ul>\n<li>Copie de la carte grise du v\u00e9hicule confi\u00e9 au centre VHU<\/li>\n<li>Copie du certificat de destruction du v\u00e9hicule<\/li>\n<li>Certificat de non gage<\/li>\n<li>Une copie du contrat d\u2019assurance en cours de validit\u00e9<\/li>\n<li>Copie de l\u2019avis d\u2019imposition de l\u2019ann\u00e9e pr\u00e9c\u00e9dente<\/li>\n<li>Attestation de l\u2019employeur si vous \u00eates \u00ab\u00a0gros rouleur\u00a0\u00bb<\/li>\n<li>Copie de la carte grise du v\u00e9hicule neuf<\/li>\n<li>Copie de la facture du v\u00e9hicule<\/li>\n<\/ul>\n<h2>Quel est le montant de la prime \u00e0 la conversion ?<\/h2>\n\n    <h2 class=\"wpdt-c\"\n        id=\"wdt-table-title-14\">Montant de la prime \u00e0 la conversion<\/h2>\n<div class=\"wpdt-c row wpDataTableContainerSimpleTable wpDataTables wpDataTablesWrapper\n\"\n    >\n    <table id=\"wpdtSimpleTable-14\"\n           class=\"wpdtSimpleTable wpDataTable\"\n           data-column=\"4\"\n           data-rows=\"6\"\n           data-wpID=\"14\"\n           data-responsive=\"0\"\n           data-has-header=\"0\">\n\n                    <tbody>        <tr class=\"wpdt-cell-row \" >\n                            <td class=\"wpdt-cell wpdt-bc-F3F9FE wpdt-bold wpdt-merged-cell \"\n                 colspan=\"1\"  rowspan=\"2\"                 data-cell-id=\"A1\"\n                data-col-index=\"0\"\n                data-row-index=\"0\"\n                style=\" width:36.807387862797%;                padding:10px;\"\n                >\n                                Quels montants pour la prime ?                <\/td>\n                                            <td class=\"wpdt-cell wpdt-bc-F3F9FE wpdt-bold wpdt-merged-cell \"\n                 colspan=\"3\"  rowspan=\"1\"                 data-cell-id=\"B1\"\n                data-col-index=\"1\"\n                data-row-index=\"0\"\n                style=\" width:60.158311345646%;                padding:10px;\"\n                >\n                                Revenu fiscal de r\u00e9f\u00e9rence par part                <\/td>\n                                                                <\/tr>\n                            <tr class=\"wpdt-cell-row \" >\n                                        <td class=\"wpdt-cell wpdt-bc-FFFFFF wpdt-bold\"\n                                    data-cell-id=\"B2\"\n                data-col-index=\"1\"\n                data-row-index=\"1\"\n                style=\"                padding:10px;\"\n                >\n                                \u2264 6 300 \u20ac OU \u2264 13 489 \u20ac et gros rouleurs                <\/td>\n                                            <td class=\"wpdt-cell wpdt-bc-FFFFFF wpdt-bold\"\n                                    data-cell-id=\"C2\"\n                data-col-index=\"2\"\n                data-row-index=\"1\"\n                style=\"                padding:10px;\"\n                >\n                                \u2264 13 489 \u20ac                <\/td>\n                                            <td class=\"wpdt-cell wpdt-bold\"\n                                    data-cell-id=\"D2\"\n                data-col-index=\"3\"\n                data-row-index=\"1\"\n                style=\"                padding:10px;\"\n                >\n                                > 13 489 \u20ac                <\/td>\n                                        <\/tr>\n                            <tr class=\"wpdt-cell-row \" >\n                            <td class=\"wpdt-cell wpdt-bc-FFFFFF wpdt-overflow-text\"\n                                    data-cell-id=\"A3\"\n                data-col-index=\"0\"\n                data-row-index=\"2\"\n                style=\"                padding:10px;\"\n                >\n                                <div data-type-content=\"wpdt-html-content\">\n<div data-type-content=\"wpdt-html-content\"><strong>Voiture &eacute;lectrique neuve ou d'occasion :<\/strong><\/div>\n<ul>\n<li data-type-content=\"wpdt-html-content\">Prix &le; 60 000 &euro;<\/li>\n<li data-type-content=\"wpdt-html-content\">CO2&nbsp;&nbsp;&le; 20 g\/km<\/li>\n<li data-type-content=\"wpdt-html-content\">Autonomie de la batterie &gt; 50 km<\/li>\n<\/ul>\n<\/div>                <\/td>\n                                            <td class=\"wpdt-cell wpdt-bc-FFFFFF\"\n                                    data-cell-id=\"B3\"\n                data-col-index=\"1\"\n                data-row-index=\"2\"\n                style=\"                padding:10px;\"\n                >\n                                5 000 \u20ac                <\/td>\n                                            <td class=\"wpdt-cell wpdt-bc-FFFFFF\"\n                                    data-cell-id=\"C3\"\n                data-col-index=\"2\"\n                data-row-index=\"2\"\n                style=\"                padding:10px;\"\n                >\n                                2 500 \u20ac                <\/td>\n                                            <td class=\"wpdt-cell wpdt-bc-FFFFFF\"\n                                    data-cell-id=\"D3\"\n                data-col-index=\"3\"\n                data-row-index=\"2\"\n                style=\"                padding:10px;\"\n                >\n                                2 500 \u20ac                <\/td>\n                                        <\/tr>\n                            <tr class=\"wpdt-cell-row \" >\n                            <td class=\"wpdt-cell wpdt-bc-FFFFFF\"\n                                    data-cell-id=\"A4\"\n                data-col-index=\"0\"\n                data-row-index=\"3\"\n                style=\"                padding:10px;\"\n                >\n                                <div data-type-content=\"wpdt-html-content\"><strong>Voiture hybride rechargeable neuve ou d'occasion :&nbsp;<\/strong><\/div>\n<ul>\n<li data-type-content=\"wpdt-html-content\">Prix &le; 60 000 &euro;<\/li>\n<li data-type-content=\"wpdt-html-content\">CO2 &le; 50 g\/km<\/li>\n<li data-type-content=\"wpdt-html-content\">Autonomie de batterie en mode tout &eacute;lectrique &gt; 50 km<\/li>\n<\/ul>                <\/td>\n                                            <td class=\"wpdt-cell wpdt-bc-FFFFFF\"\n                                    data-cell-id=\"B4\"\n                data-col-index=\"1\"\n                data-row-index=\"3\"\n                style=\"                padding:10px;\"\n                >\n                                5 000 \u20ac                <\/td>\n                                            <td class=\"wpdt-cell wpdt-bc-FFFFFF\"\n                                    data-cell-id=\"C4\"\n                data-col-index=\"2\"\n                data-row-index=\"3\"\n                style=\"                padding:10px;\"\n                >\n                                2 500 \u20ac                <\/td>\n                                            <td class=\"wpdt-cell wpdt-bc-FFFFFF\"\n                                    data-cell-id=\"D4\"\n                data-col-index=\"3\"\n                data-row-index=\"3\"\n                style=\"                padding:10px;\"\n                >\n                                2 500 \u20ac                <\/td>\n                                        <\/tr>\n                            <tr class=\"wpdt-cell-row \" >\n                            <td class=\"wpdt-cell wpdt-bc-FFFFFF\"\n                                    data-cell-id=\"A5\"\n                data-col-index=\"0\"\n                data-row-index=\"4\"\n                style=\"                padding:10px;\"\n                >\n                                <div data-type-content=\"wpdt-html-content\"><strong>Voiture hybride rechargeable neuve ou d'occasion :&nbsp;<\/strong><\/div>\n<ul>\n<li data-type-content=\"wpdt-html-content\">Autonomie de batterie en mode tout &eacute;lectrique &lt; 50 km<\/li>\n<\/ul>                <\/td>\n                                            <td class=\"wpdt-cell wpdt-bc-FFFFFF\"\n                                    data-cell-id=\"B5\"\n                data-col-index=\"1\"\n                data-row-index=\"4\"\n                style=\"                padding:10px;\"\n                >\n                                3 000 \u20ac                <\/td>\n                                            <td class=\"wpdt-cell wpdt-bc-FFFFFF\"\n                                    data-cell-id=\"C5\"\n                data-col-index=\"2\"\n                data-row-index=\"4\"\n                style=\"                padding:10px;\"\n                >\n                                1 500 \u20ac                <\/td>\n                                            <td class=\"wpdt-cell \"\n                                    data-cell-id=\"D5\"\n                data-col-index=\"3\"\n                data-row-index=\"4\"\n                style=\"                padding:10px;\"\n                >\n                                0 \u20ac                <\/td>\n                                        <\/tr>\n                            <tr class=\"wpdt-cell-row \" >\n                            <td class=\"wpdt-cell wpdt-bc-FFFFFF\"\n                                    data-cell-id=\"A6\"\n                data-col-index=\"0\"\n                data-row-index=\"5\"\n                style=\"                padding:10px;\"\n                >\n                                <div data-type-content=\"wpdt-html-content\">\n<div data-type-content=\"wpdt-html-content\"><strong>Voiture neuve ou d'occasion :&nbsp;<\/strong><\/div>\n<ul>\n<li data-type-content=\"wpdt-html-content\">Prix &le; 50 000 &euro;<\/li>\n<li data-type-content=\"wpdt-html-content\">Crit'Air 1<\/li>\n<li data-type-content=\"wpdt-html-content\">CO2 norme WLTP :\n<ul>\n<li data-type-content=\"wpdt-html-content\">Occasion &le; 137 g\/km<\/li>\n<li data-type-content=\"wpdt-html-content\">Neuve &le; 132 g\/km<\/li>\n<\/ul>\n<\/li>\n<li data-type-content=\"wpdt-html-content\">CO2 norme NEDC :\n<ul>\n<li data-type-content=\"wpdt-html-content\">Occasion &le; 109 g\/km<\/li>\n<li data-type-content=\"wpdt-html-content\">Neuve &le; 104 g\/km<\/li>\n<\/ul>\n<\/li>\n<\/ul>\n<\/div>                <\/td>\n                                            <td class=\"wpdt-cell wpdt-bc-FFFFFF\"\n                                    data-cell-id=\"B6\"\n                data-col-index=\"1\"\n                data-row-index=\"5\"\n                style=\"                padding:10px;\"\n                >\n                                3 000 \u20ac                <\/td>\n                                            <td class=\"wpdt-cell wpdt-bc-FFFFFF\"\n                                    data-cell-id=\"C6\"\n                data-col-index=\"2\"\n                data-row-index=\"5\"\n                style=\"                padding:10px;\"\n                >\n                                1 500 \u20ac                <\/td>\n                                            <td class=\"wpdt-cell \"\n                                    data-cell-id=\"D6\"\n                data-col-index=\"3\"\n                data-row-index=\"5\"\n                style=\"                padding:10px;\"\n                >\n                                0 \u20ac                <\/td>\n                                        <\/tr>\n                    <\/table>\n<\/div><style id='wpdt-custom-style-14'>\n.wpdt-bc-F3F9FE { background-color: #F3F9FE !important;}\n.wpdt-bc-FFFFFF { background-color: #FFFFFF !important;}\n<\/style>\n\n<h1>Les v\u00e9hicules \u00e9ligibles \u00e0 la prime \u00e0 la conversion<\/h1>\n<p>La prime \u00e0 la conversion est accord\u00e9e sous conditions si votre v\u00e9hicule \u00e0 mettre \u00e0 la casse ainsi que votre nouveau v\u00e9hicule respectent les conditions en vigueur. Notez que les conditions d&rsquo;attribution ont \u00e9t\u00e9 modifi\u00e9es le 1er juillet 2021.<\/p>\n<h2>Les v\u00e9hicules \u00e0 mettre \u00e0 la casse<\/h2>\n<p><strong>Les v\u00e9hicules anciens pour une <a href=\"https:\/\/www.mes-allocs.fr\/guides\/prime-a-la-conversion\/prime-a-la-conversion-destruction\/\">mise au rebut<\/a> doivent respecter les conditions suivantes pour b\u00e9n\u00e9ficier du montant de la prime \u00e0 la conversion, \u00e0 savoir :<\/strong><\/p>\n<ul>\n<li>\u00eatre une voiture particuli\u00e8re (VP) ou une camionnette (CTTE)<\/li>\n<li>avoir fait l&rsquo;objet d&rsquo;une 1<sup>ere<\/sup>\u00a0immatriculation :\n<ul>\n<li>avant janvier 2006 pour un v\u00e9hicule essence<\/li>\n<li>avant janvier 2011 pour un v\u00e9hicule di\u00e9sel<\/li>\n<\/ul>\n<\/li>\n<li>appartenir au b\u00e9n\u00e9ficiaire de la prime depuis au moins 1 an<\/li>\n<li>\u00eatre immatricul\u00e9 en France dans une s\u00e9rie normale ou avec un num\u00e9ro d&rsquo;immatriculation d\u00e9finitif<\/li>\n<li>ne pas \u00eatre gag\u00e9<\/li>\n<li>s&rsquo;agissant d&rsquo;un v\u00e9hicule endommag\u00e9 : il doit \u00eatre assur\u00e9 depuis au moins 1 an \u00e0 la date de sa remise pour destruction ou \u00e0 la date de facturation du v\u00e9hicule acquis ou lou\u00e9<\/li>\n<li>\u00eatre remis pour destruction, dans les 3 mois pr\u00e9c\u00e9dant ou les 6 mois suivant la facturation du v\u00e9hicule neuf \u00e0 un centre \u00ab v\u00e9hicules hors d&rsquo;usage \u00bb (VHU) agr\u00e9\u00e9 ou \u00e0 une installation agr\u00e9\u00e9e de d\u00e9pollution et de d\u00e9montage de v\u00e9hicules hors d&rsquo;usage.<\/li>\n<\/ul>\n<h2>Les v\u00e9hicules neufs ou d&rsquo;occasion<\/h2>\n<p>Lorsque vous avez choisi votre nouveau v\u00e9hicule personnel, qu&rsquo;il soit neuf ou d&rsquo;occasion, ce dernier doit respecter certaines conditions. Il doit \u00eatre un v\u00e9hicule peu polluant, v\u00e9hicule thermique, v\u00e9hicule \u00e9lectrique, etc.<\/p>\n<p><strong>Les crit\u00e8res suivants doivent \u00eatre respect\u00e9s :<\/strong><\/p>\n<ul>\n<li>\u00eatre une<strong>\u00a0voiture particuli\u00e8re (VP) ou une camionnette (CTTE)<\/strong>\u00a0<strong>\u00e9lectrique<\/strong>\u00a0(dont le taux d&rsquo;\u00e9mission de CO2 est de 20 g\/km au plus)<\/li>\n<li>\u00eatre une\u00a0<strong>voiture particuli\u00e8re (VP) ou une camionnette (CTTE) hybride rechargeable<\/strong>\u00a0(avec un taux d&rsquo;\u00e9mission de CO2 \u2a7d 50g\/km).<\/li>\n<\/ul>\n<p>Par ailleurs, qu&rsquo;il soit \u00e9lectrique ou hybride rechargeable, le v\u00e9hicule doit \u00e9galement remplir les conditions suivantes\u00a0:<\/p>\n<ul>\n<li><strong>\u00eatre achet\u00e9 ou location d&rsquo;un v\u00e9hicule<\/strong>\u00a0(avec option d&rsquo;achat ou pour une dur\u00e9e d&rsquo;au moins 2 ans)<\/li>\n<li>avoir un co\u00fbt d&rsquo;acquisition\u00a0<strong>inf\u00e9rieur ou \u00e9gal \u00e0 60 000\u00a0\u20ac TTC<\/strong><\/li>\n<li>\u00eatre\u00a0<strong>immatricul\u00e9 en France<\/strong>\u00a0avec un num\u00e9ro d\u00e9finitif<\/li>\n<li>ne pas \u00eatre consid\u00e9r\u00e9 comme un\u00a0<strong>v\u00e9hicule endommag\u00e9<\/strong><\/li>\n<li>ne\u00a0<strong>pas \u00eatre vendu dans les 6 mois<\/strong>\u00a0suivant son achat ni avant d&rsquo;avoir parcouru au moins\u00a0<strong>6\u00a0000 km<\/strong>.<\/li>\n<\/ul>\n<h1>Prime \u00e0 la conversion 2024 : les v\u00e9hicules exclus du dispositif<\/h1>\n<p>Depuis le 1er juillet 2021 les conditions d\u2019attribution de la prime \u00e0 la conversion sont devenues plus dures. En effet, vous ne pouvez plus en b\u00e9n\u00e9ficier pour les v\u00e9hicules diesel.<\/p>\n<p>Deux cat\u00e9gories de v\u00e9hicules ne vont plus \u00eatre \u00e9ligibles au dispositif :<\/p>\n<h2><strong>Tous les v\u00e9hicules diesel<\/strong><\/h2>\n<p>Mesure voulue par Barbara Pompili. Gr\u00e2ce \u00e0 l\u2019exclusion des v\u00e9hicules recevant la vignette Crit\u2019Air 2, plus aucun diesel, m\u00eame si ces derniers sont neufs ne pourront \u00eatre \u00e9ligibles \u00e0 la prime \u00e0 la conversion. En revanche, uniquement quelques Mercedes hybrides rechargeables aliment\u00e9es au gazole pourront en b\u00e9n\u00e9ficier (sous conditions)<\/p>\n<h2><strong>Les voitures neuves essence et hybrides qui rejettent plus de 132 g\/km de CO<sub>2<\/sub> <\/strong><\/h2>\n<p>En effet, le Gouvernement a abaiss\u00e9 le seuil maximum d\u2019\u00e9missions de CO<sub>2<\/sub>. Ce dernier descend de 137 g\/km \u00e0 132 g\/km sur le cycle WLTP. Autrement dit, certains mod\u00e8les essence ou hybrides ne sont plus \u00e9ligibles au dispositif.\u00a0En revanche, la barre des 137 g\/km (ou 109 g\/km sur l\u2019ancien cycle NEDC) reste d\u2019actualit\u00e9 pour les voitures d\u2019occasion immatricul\u00e9es en France depuis plus de six mois.<\/p>\n<h1>Cumul de la prime \u00e0 la conversion et du bonus \u00e9cologique<\/h1>\n<p class=\"p1\"><div class='shortcode disclaimer'><div class='title'>Attention<\/div><div class='content'>Depuis juillet 2025, le bonus \u00e9cologique pour les voitures particuli\u00e8res neuves n\u2019est plus disponible. Vous pouvez cependant b\u00e9n\u00e9ficier de l\u2019aide financi\u00e8re pour l\u2019achat ou la location d\u2019une voiture \u00e9lectrique neuve distribu\u00e9e par les certificats d\u2019\u00e9conomies d\u2019\u00e9nergie (CEE), sous conditions.<\/div><\/div><\/p>\n<p>Il n&rsquo;est pas possible de b\u00e9n\u00e9ficier deux fois de la prime \u00e0 la conversion. M\u00eame si vous mettez \u00e0 la casse deux v\u00e9hicules. En revanche, il est tout \u00e0 fait possible de <a href=\"https:\/\/www.mes-allocs.fr\/guides\/prime-a-la-conversion\/prime-a-la-conversion-et-bonus-ecologique\/\">b\u00e9n\u00e9ficier \u00e0 la fois de la prime \u00e0 la conversion et du bonus \u00e9cologique<\/a>.<\/p>\n<h2>D\u00e9finition du bonus \u00e9cologique<\/h2>\n<p>Dans la plupart des cas, c&rsquo;est le concessionnaire qui vous avance le montant du bonus (comme la prime \u00e0 la conversion). Dans ce cas vous n&rsquo;avez pas \u00e0 faire l&rsquo;avance du montant et ce dernier est directement d\u00e9duit du prix TTC.<\/p>\n<p>En revanche, si vous avez achet\u00e9 votre v\u00e9hicule aupr\u00e8s d&rsquo;un concessionnaire et que ce dernier refuse de vous faire l&rsquo;avance du bonus, c&rsquo;est \u00e0 vous de le faire. La demande est \u00e0 formuler aupr\u00e8s de l&rsquo;ASP, l&rsquo;agence en charge des versements du bonus \u00e9cologique. Notez que vous avez un d\u00e9lai de 6 mois \u00e0 partir de la date de facturation de votre v\u00e9hicule neuf.<\/p>\n<p>Le montant du bonus \u00e9cologique maximum pour l\u2019achat d\u2019une voiture \u00e9lectrique est de 3 000 euros pour un v\u00e9hicule qui co\u00fbte plus de 45 000 euros, ou repr\u00e9sente 27 % du co\u00fbt d\u2019achat TTC pour un v\u00e9hicule co\u00fbtant moins de 45 000 euros.<\/p>\n<h2>Conditions \u00e0 respecter pour b\u00e9n\u00e9ficier du bonus \u00e9cologique<\/h2>\n<p style=\"font-weight: 400;\"><strong>Pour b\u00e9n\u00e9ficier du bonus \u00e9cologique, le v\u00e9hicule doit remplir les conditions suivantes\u00a0:<\/strong><\/p>\n<ul style=\"font-weight: 400;\">\n<li>avoir un taux d&rsquo;\u00e9missions de CO<sub>2<\/sub>\u00a0de 20 g\/km au plus (voiture \u00e9lectrique)\u00a0;<\/li>\n<li>\u00eatre achet\u00e9 (ou lou\u00e9 avec option d&rsquo;achat ou pour une dur\u00e9e d&rsquo;au moins 2\u00a0ans)\u00a0;<\/li>\n<li>\u00eatre un v\u00e9hicule neuf\u00a0;<\/li>\n<li>\u00eatre immatricul\u00e9 en France dans une s\u00e9rie d\u00e9finitive\u00a0;<\/li>\n<li>ne pas \u00eatre vendu dans les 6 mois suivant son achat, ni avant d&rsquo;avoir parcouru au moins 6\u00a0000\u00a0km.<\/li>\n<\/ul>\n<h2>Quel est le montant du bonus \u00e9cologique ?<\/h2>\n\n    <h2 class=\"wpdt-c\"\n        id=\"wdt-table-title-15\">Montant Bonus \u00e9cologique<\/h2>\n<div class=\"wpdt-c row wpDataTableContainerSimpleTable wpDataTables wpDataTablesWrapper\n\"\n    >\n    <table id=\"wpdtSimpleTable-15\"\n           class=\"wpdtSimpleTable wpDataTable\"\n           data-column=\"3\"\n           data-rows=\"3\"\n           data-wpID=\"15\"\n           data-responsive=\"0\"\n           data-has-header=\"0\">\n\n                    <tbody>        <tr class=\"wpdt-cell-row \" >\n                            <td class=\"wpdt-cell wpdt-bc-F3F9FE wpdt-bold\"\n                                    data-cell-id=\"A1\"\n                data-col-index=\"0\"\n                data-row-index=\"0\"\n                style=\" width:46.345514950166%;                padding:10px;\"\n                >\n                                Voiture neuve                <\/td>\n                                            <td class=\"wpdt-cell wpdt-bc-F3F9FE wpdt-bold\"\n                                    data-cell-id=\"B1\"\n                data-col-index=\"1\"\n                data-row-index=\"0\"\n                style=\" width:25.249169435216%;                padding:10px;\"\n                >\n                                Personnes physiques                <\/td>\n                                            <td class=\"wpdt-cell wpdt-bc-F3F9FE wpdt-bold\"\n                                    data-cell-id=\"C1\"\n                data-col-index=\"2\"\n                data-row-index=\"0\"\n                style=\" width:28.405315614618%;                padding:10px;\"\n                >\n                                Personnes morales                <\/td>\n                                        <\/tr>\n                            <tr class=\"wpdt-cell-row \" >\n                            <td class=\"wpdt-cell wpdt-bc-FFFFFF wpdt-overflow-text\"\n                                    data-cell-id=\"A2\"\n                data-col-index=\"0\"\n                data-row-index=\"1\"\n                style=\"                padding:10px;\"\n                >\n                                <div data-type-content=\"wpdt-html-content\">\n<div data-type-content=\"wpdt-html-content\"><strong>Voiture &eacute;lectrique neuve :<\/strong><\/div><div data-type-content=\"wpdt-html-content\">&nbsp;<\/div><ul><ul><li data-type-content=\"wpdt-html-content\">Prix &lt; 45 000 &euro;<\/li><\/ul><\/ul><\/div>                <\/td>\n                                            <td class=\"wpdt-cell wpdt-bc-FFFFFF\"\n                                    data-cell-id=\"B2\"\n                data-col-index=\"1\"\n                data-row-index=\"1\"\n                style=\"                padding:10px;\"\n                >\n                                6 000 \u20ac                <\/td>\n                                            <td class=\"wpdt-cell wpdt-bc-FFFFFF\"\n                                    data-cell-id=\"C2\"\n                data-col-index=\"2\"\n                data-row-index=\"1\"\n                style=\"                padding:10px;\"\n                >\n                                4 000 \u20ac                <\/td>\n                                        <\/tr>\n                            <tr class=\"wpdt-cell-row \" >\n                            <td class=\"wpdt-cell wpdt-bc-FFFFFF\"\n                                    data-cell-id=\"A3\"\n                data-col-index=\"0\"\n                data-row-index=\"2\"\n                style=\"                padding:10px;\"\n                >\n                                <div data-type-content=\"wpdt-html-content\"><strong>Voiture hybride rechargeable neuve :<\/strong><\/div>\n<div data-type-content=\"wpdt-html-content\"><strong>&nbsp;<\/strong><\/div><ul><li data-type-content=\"wpdt-html-content\">Prix &lt; 50 000 &euro;<\/li><li data-type-content=\"wpdt-html-content\">CO2 entre 21 &agrave; 50 g\/km<\/li><li data-type-content=\"wpdt-html-content\">Autonomie de batterie en mode tout &eacute;lectrique &gt; 50 km<\/li><\/ul>                <\/td>\n                                            <td class=\"wpdt-cell wpdt-bc-FFFFFF\"\n                                    data-cell-id=\"B3\"\n                data-col-index=\"1\"\n                data-row-index=\"2\"\n                style=\"                padding:10px;\"\n                >\n                                1 000 \u20ac                <\/td>\n                                            <td class=\"wpdt-cell wpdt-bc-FFFFFF\"\n                                    data-cell-id=\"C3\"\n                data-col-index=\"2\"\n                data-row-index=\"2\"\n                style=\"                padding:10px;\"\n                >\n                                1 000 \u20ac                <\/td>\n                                        <\/tr>\n                    <\/table>\n<\/div><style id='wpdt-custom-style-15'>\n.wpdt-bc-F3F9FE { background-color: #F3F9FE !important;}\n.wpdt-bc-FFFFFF { background-color: #FFFFFF !important;}\n<\/style>\n\n<div class='cta-block'><div class='text'>Simulez toutes vos aides en 2 min.<\/div><a href='https:\/\/www.mes-allocs.fr\/ab-app?origin=guides\/wp-json\/wp\/v2\/posts\/33944' class='app-button fit'>Simulation gratuite<\/a><\/div>\n","protected":false},"excerpt":{"rendered":"<p>La prime \u00e0 la conversion est un dispositif qui a \u00e9t\u00e9 mis en place pour encourager l&rsquo;achat de voitures moins polluantes. Cette aide est attribu\u00e9e sous conditions de revenus. Mes Allocs vous explique le lien entre prime \u00e0 la conversion et imp\u00f4ts, et vous indique si vous \u00eates \u00e9ligible. Comment vos impacts peuvent impacter la [&hellip;]<\/p>\n","protected":false},"author":10,"featured_media":33955,"comment_status":"open","ping_status":"open","sticky":false,"template":"","format":"standard","meta":{"amp_status":"","footnotes":""},"categories":[9930],"tags":[],"class_list":["post-33944","post","type-post","status-publish","format-standard","has-post-thumbnail","hentry","category-prime-a-la-conversion"],"yoast_head":"<!-- This site is optimized with the Yoast SEO plugin v14.9 - https:\/\/yoast.com\/wordpress\/plugins\/seo\/ -->\n<title>Prime \u00e0 la conversion et imp\u00f4ts : comment \u00e7a marche ? | Mes-Allocs.fr<\/title>\n<meta name=\"description\" content=\"Mes Allocs vous explique le lien entre prime \u00e0 la conversion et imp\u00f4ts. D\u00e9couvrez si votre niveau de revenus vous rend \u00e9ligible \u00e0 l&#039;aide.\" \/>\n<meta name=\"robots\" content=\"index, follow, max-snippet:-1, max-image-preview:large, max-video-preview:-1\" \/>\n<link rel=\"canonical\" href=\"https:\/\/www.mes-allocs.fr\/guides\/prime-a-la-conversion\/prime-a-la-conversion-impot\/\" \/>\n<meta property=\"og:locale\" content=\"fr_FR\" \/>\n<meta property=\"og:type\" content=\"article\" \/>\n<meta property=\"og:title\" content=\"Prime \u00e0 la conversion et imp\u00f4ts : comment \u00e7a marche ? | Mes-Allocs.fr\" \/>\n<meta property=\"og:description\" content=\"Mes Allocs vous explique le lien entre prime \u00e0 la conversion et imp\u00f4ts. D\u00e9couvrez si votre niveau de revenus vous rend \u00e9ligible \u00e0 l&#039;aide.\" \/>\n<meta property=\"og:url\" content=\"https:\/\/www.mes-allocs.fr\/guides\/prime-a-la-conversion\/prime-a-la-conversion-impot\/\" \/>\n<meta property=\"og:site_name\" content=\"Mes-Allocs.fr\" \/>\n<meta property=\"article:published_time\" content=\"2021-08-02T14:03:18+00:00\" \/>\n<meta property=\"article:modified_time\" content=\"2025-07-09T12:28:57+00:00\" \/>\n<meta property=\"og:image\" content=\"https:\/\/www.mes-allocs.fr\/guides\/wp-content\/uploads\/2021\/07\/Prime-a\u0300-la-conversion-impo\u0302t-e1627633202967.jpg?wsr\" \/>\n\t<meta property=\"og:image:width\" content=\"1280\" \/>\n\t<meta property=\"og:image:height\" content=\"425\" \/>\n<meta name=\"twitter:card\" content=\"summary_large_image\" \/>\n<script type=\"application\/ld+json\" class=\"yoast-schema-graph\">{\"@context\":\"https:\/\/schema.org\",\"@graph\":[{\"@type\":\"WebSite\",\"@id\":\"https:\/\/www.mes-allocs.fr\/guides\/#website\",\"url\":\"https:\/\/www.mes-allocs.fr\/guides\/\",\"name\":\"Mes-Allocs.fr\",\"description\":\"\",\"potentialAction\":[{\"@type\":\"SearchAction\",\"target\":\"https:\/\/www.mes-allocs.fr\/guides\/?s={search_term_string}\",\"query-input\":\"required name=search_term_string\"}],\"inLanguage\":\"fr-FR\"},{\"@type\":\"ImageObject\",\"@id\":\"https:\/\/www.mes-allocs.fr\/guides\/prime-a-la-conversion\/prime-a-la-conversion-impot\/#primaryimage\",\"inLanguage\":\"fr-FR\",\"url\":\"https:\/\/www.mes-allocs.fr\/guides\/wp-content\/uploads\/2021\/07\/Prime-a\\u0300-la-conversion-impo\\u0302t-e1627633202967.jpg?wsr\",\"width\":1280,\"height\":425,\"caption\":\"Prime a\\u0300 la conversion impo\\u0302t\"},{\"@type\":\"WebPage\",\"@id\":\"https:\/\/www.mes-allocs.fr\/guides\/prime-a-la-conversion\/prime-a-la-conversion-impot\/#webpage\",\"url\":\"https:\/\/www.mes-allocs.fr\/guides\/prime-a-la-conversion\/prime-a-la-conversion-impot\/\",\"name\":\"Prime \\u00e0 la conversion et imp\\u00f4ts : comment \\u00e7a marche ? | Mes-Allocs.fr\",\"isPartOf\":{\"@id\":\"https:\/\/www.mes-allocs.fr\/guides\/#website\"},\"primaryImageOfPage\":{\"@id\":\"https:\/\/www.mes-allocs.fr\/guides\/prime-a-la-conversion\/prime-a-la-conversion-impot\/#primaryimage\"},\"datePublished\":\"2021-08-02T14:03:18+00:00\",\"dateModified\":\"2025-07-09T12:28:57+00:00\",\"author\":{\"@id\":\"https:\/\/www.mes-allocs.fr\/guides\/#\/schema\/person\/8d47b912c0ad15f379df96b4e4e33f58\"},\"description\":\"Mes Allocs vous explique le lien entre prime \\u00e0 la conversion et imp\\u00f4ts. D\\u00e9couvrez si votre niveau de revenus vous rend \\u00e9ligible \\u00e0 l'aide.\",\"inLanguage\":\"fr-FR\"},{\"@type\":\"Person\",\"@id\":\"https:\/\/www.mes-allocs.fr\/guides\/#\/schema\/person\/8d47b912c0ad15f379df96b4e4e33f58\",\"name\":\"Constance de Cagny\",\"image\":{\"@type\":\"ImageObject\",\"@id\":\"https:\/\/www.mes-allocs.fr\/guides\/#personlogo\",\"inLanguage\":\"fr-FR\",\"url\":\"https:\/\/www.mes-allocs.fr\/guides\/wp-content\/uploads\/2021\/06\/Constance.2e8ee0b.png\",\"caption\":\"Constance de Cagny\"},\"description\":\"Constance est r\\u00e9dactrice au sein de l'\\u00e9quipe Mes Allocs. Elle a l'habitude d'\\u00e9crire sur les sujets conso, bons plans et \\u00e9conomies. Dipl\\u00f4m\\u00e9e de l'ENACO, elle rejoint Mes Allocs apr\\u00e8s une premi\\u00e8re exp\\u00e9rience en cabinet notarial.\",\"sameAs\":[\"https:\/\/www.linkedin.com\/in\/constance-de-cagny-mayeur-bbb414135\"]}]}<\/script>\n<!-- \/ Yoast SEO plugin. -->","amp_validity":null,"acf":{"faq":{"1":{"question":"Comment est vers\u00e9 le bonus \u00e9cologique ?","answer":"Le bonus \u00e9cologique peut \u00eatre vers\u00e9 uniquement lors de la premi\u00e8re immatriculation d\u00e9finitive du v\u00e9hicule."},"2":{"question":"Comment obtenir le bonus \u00e9cologique ?","answer":"Pour demander le bonus \u00e9cologique, vous devez l\u2019acquisition ou la location d\u2019une voiture \u00e9lectrique neuve.\r\n"},"3":{"question":" Quels sont les v\u00e9hicules \u00e9ligibles \u00e0 la prime \u00e0 la conversion ?","answer":"La nouvelle prime \u00e0 la reconversion vous permet de faire reprendre des voitures Crit'Air 3, Crit'Air 4 et Crit'Air 5, soit toutes les voitures diesel dont la premi\u00e8re date d'immatriculation date d'avant le 1er janvier 2011"},"4":{"question":"Quels documents pour la prime \u00e0 la conversion ?","answer":"Une copie de la carte grise du v\u00e9hicule d'occasion. Une copie du certificat de cession. D\u00e9claration du prix d'acquisition toutes taxes comprises ou facture. Copie de la carte grise du vieux v\u00e9hicule mis \u00e0 la casse"},"5":{"question":"Est-il possible de b\u00e9n\u00e9ficier plusieurs fois de la prime \u00e0 la conversion ?","answer":"Il est impossible de cumuler les primes \u00e0 la conversion. M\u00eame en mettant deux voitures \u00e0 la casse, vous ne b\u00e9n\u00e9ficierez que d'une aide."},"6":{"question":"Peut-on cumuler la prime \u00e0 la casse avec le bonus \u00e9cologique ?","answer":"L'ajout de la prime \u00e0 la casse au bonus \u00e9cologique est possible, mais uniquement pour l'achat d'un v\u00e9hicule neuf fonctionnant \u00e0 l'hydrog\u00e8ne ou utilitaire l\u00e9ger."},"7":{"question":"","answer":""},"8":{"question":"","answer":""},"9":{"question":"","answer":""},"10":{"question":"","answer":""},"11":{"question":"","answer":""},"12":{"question":"","answer":""},"13":{"question":"","answer":""},"14":{"question":"","answer":""},"15":{"question":"","answer":""},"16":{"question":"","answer":""}}},"_links":{"self":[{"href":"https:\/\/www.mes-allocs.fr\/guides\/wp-json\/wp\/v2\/posts\/33944","targetHints":{"allow":["GET"]}}],"collection":[{"href":"https:\/\/www.mes-allocs.fr\/guides\/wp-json\/wp\/v2\/posts"}],"about":[{"href":"https:\/\/www.mes-allocs.fr\/guides\/wp-json\/wp\/v2\/types\/post"}],"author":[{"embeddable":true,"href":"https:\/\/www.mes-allocs.fr\/guides\/wp-json\/wp\/v2\/users\/10"}],"replies":[{"embeddable":true,"href":"https:\/\/www.mes-allocs.fr\/guides\/wp-json\/wp\/v2\/comments?post=33944"}],"version-history":[{"count":20,"href":"https:\/\/www.mes-allocs.fr\/guides\/wp-json\/wp\/v2\/posts\/33944\/revisions"}],"predecessor-version":[{"id":101771,"href":"https:\/\/www.mes-allocs.fr\/guides\/wp-json\/wp\/v2\/posts\/33944\/revisions\/101771"}],"wp:featuredmedia":[{"embeddable":true,"href":"https:\/\/www.mes-allocs.fr\/guides\/wp-json\/wp\/v2\/media\/33955"}],"wp:attachment":[{"href":"https:\/\/www.mes-allocs.fr\/guides\/wp-json\/wp\/v2\/media?parent=33944"}],"wp:term":[{"taxonomy":"category","embeddable":true,"href":"https:\/\/www.mes-allocs.fr\/guides\/wp-json\/wp\/v2\/categories?post=33944"},{"taxonomy":"post_tag","embeddable":true,"href":"https:\/\/www.mes-allocs.fr\/guides\/wp-json\/wp\/v2\/tags?post=33944"}],"curies":[{"name":"wp","href":"https:\/\/api.w.org\/{rel}","templated":true}]}}