{"id":33745,"date":"2021-08-23T17:40:16","date_gmt":"2021-08-23T15:40:16","guid":{"rendered":"https:\/\/www.mes-allocs.fr\/guides\/?p=33745"},"modified":"2025-11-10T09:55:55","modified_gmt":"2025-11-10T08:55:55","slug":"calcul-chomage-cadre","status":"publish","type":"post","link":"https:\/\/www.mes-allocs.fr\/guides\/chomage\/calculer-chomage\/calcul-chomage-cadre\/","title":{"rendered":"M\u00e9thode de calcul ch\u00f4mage cadre"},"content":{"rendered":"<p class=\"p1\">L&rsquo;allocation ch\u00f4mage est un revenu de remplacement. Il a pour objectif d&rsquo;aider les personnes inscrites chez P\u00f4le Emploi qui ont \u00e9t\u00e9 involontairement priv\u00e9s d&#8217;emploi. Accessible sous certaines conditions, Mes Allocs vous explique la m\u00e9thode de <a href=\"https:\/\/www.mes-allocs.fr\/guides\/chomage\/calculer-chomage\/\">calcul ch\u00f4mage<\/a> cadre.<\/p>\n<div class='cta-block'><div class='text'>Simulez votre ch\u00f4mage en 2 min.<\/div><a href='https:\/\/www.mes-allocs.fr\/simulation-chomage?origin=guides\/wp-json\/wp\/v2\/posts\/33745' class='app-button fit'>Simulation gratuite<\/a><\/div>\n<h1 class=\"p1\"><b>Comment est calcul\u00e9 le ch\u00f4mage pour un cadre ?<\/b><\/h1>\n<p><img loading=\"lazy\" decoding=\"async\" class=\"alignright wp-image-35417 size-medium\" title=\"Comment est calcule\u0301 le cho\u0302mage pour un cadre\" src=\"https:\/\/www.mes-allocs.fr\/guides\/wp-content\/uploads\/2021\/08\/Comment-est-calcule\u0301-le-cho\u0302mage-pour-un-cadre--300x200.png\" alt=\"Comment est calcule\u0301 le cho\u0302mage pour un cadre\" width=\"300\" height=\"200\" srcset=\"https:\/\/www.mes-allocs.fr\/guides\/wp-content\/uploads\/2021\/08\/Comment-est-calcule\u0301-le-cho\u0302mage-pour-un-cadre--300x200.png 300w, https:\/\/www.mes-allocs.fr\/guides\/wp-content\/uploads\/2021\/08\/Comment-est-calcule\u0301-le-cho\u0302mage-pour-un-cadre--1024x682.png 1024w, https:\/\/www.mes-allocs.fr\/guides\/wp-content\/uploads\/2021\/08\/Comment-est-calcule\u0301-le-cho\u0302mage-pour-un-cadre--768x512.png 768w, https:\/\/www.mes-allocs.fr\/guides\/wp-content\/uploads\/2021\/08\/Comment-est-calcule\u0301-le-cho\u0302mage-pour-un-cadre--600x400.png 600w, https:\/\/www.mes-allocs.fr\/guides\/wp-content\/uploads\/2021\/08\/Comment-est-calcule\u0301-le-cho\u0302mage-pour-un-cadre-.png 1280w\" sizes=\"auto, (max-width: 300px) 100vw, 300px\" \/><\/p>\n<p class=\"p1\">Il existe un coefficient de d\u00e9gressivit\u00e9 des allocations <a href=\"https:\/\/www.mes-allocs.fr\/guides\/chomage\/\">ch\u00f4mage<\/a> \u00e9gal \u00e0 0,7 %. \u00c0 partir du 183\u1d49 jour (7\u1d49 mois) d\u2019indemnisation sur la p\u00e9riode de r\u00e9f\u00e9rence. Cela pour les hauts revenus.<\/p>\n<p class=\"p1\">Cette r\u00e9duction a pour objectif de porter le montant de l\u2019allocation journali\u00e8re en dessous du seuil de 84,33 euros. Environ 2561 euros par mois pour les demandeurs d emploi.<\/p>\n<p class=\"p1\"><b>En revanche, notez que ce coefficient ne s&rsquo;applique pas dans les cas suivants :<\/b><\/p>\n<ul>\n<li class=\"p1\">lorsqu&rsquo;il a pour effet de porter le montant journalier de l&rsquo;allocation en dessous d&rsquo;un plancher fix\u00e9 \u00e0 59,03 euros. Ce qui sera le cas pour les salari\u00e9s ayant un salaire brut mensuel inf\u00e9rieur \u00e0 4 500 euros environ ;<\/li>\n<li class=\"p1\">pour les salari\u00e9s \u00e2g\u00e9s de 57 ans ou plus. Le plafond d\u2019indemnisation maximale reste \u00e0 254,13 euros brut par jour (chiffres pour 2019).<\/li>\n<\/ul>\n<h2 class=\"p1\"><b>Comment calculer le montant pour les cadres ?\u00a0<\/b><\/h2>\n<p class=\"p1\">Depuis le 1er novembre 2019, les ex salari\u00e9s qui touchaient en moyenne un salaire de 4 500 \u20ac brut par mois se voient appliquer. Cela \u00e0 compter de leur 183e jour d\u2019indemnisation, un coefficient de d\u00e9gressivit\u00e9 de 0,7 \u00e0 leur allocation ch\u00f4mage. Ce d\u00e9lai de 6 mois est suspendu si le ch\u00f4meur effectue une action de formation. Soit inscrite dans son projet personnalis\u00e9 d\u2019acc\u00e8s \u00e0 l\u2019emploi, soit non inscrite, mais financ\u00e9e par le CPF.<\/p>\n<p class=\"p1\">La r\u00e9forme suspendue pendant la crise sanitaire. La d\u00e9gressivit\u00e9 des allocations est de nouveau applicable pour les cadres inscrits au ch\u00f4mage depuis le 1er juillet 2021.<\/p>\n<h2 class=\"p1\"><b>Le montant est-il r\u00e9duit pour les cadres ?\u00a0<\/b><\/h2>\n<p class=\"p1\">Depuis la r\u00e9forme de l&rsquo;assurance ch\u00f4mage, le montant de l&rsquo;aide au retour \u00e0 l&rsquo; emploi ARE est diminu\u00e9. En principe de 30% \u00e0 partir du 7e mois d&rsquo;indemnisation. Mais cette mesure ne s&rsquo;applique qu&rsquo;aux revenus les plus \u00e9lev\u00e9s. Ainsi :<\/p>\n<ul>\n<li>\u00a0aucune d\u00e9gressivit\u00e9 n&rsquo;est appliqu\u00e9e aux demandeurs d&#8217;emploi. dont l&rsquo;allocation journali\u00e8re est inf\u00e9rieure ou \u00e9gale \u00e0 <b>85,18 \u20ac.<\/b> Soit un salaire journalier de r\u00e9f\u00e9rence inf\u00e9rieur ou \u00e9gal \u00e0 149,42 \u20ac, soit environ 4500 \u20ac brut par mois.<\/li>\n<li>la r\u00e9duction de 30% n&rsquo;est pleinement appliqu\u00e9e qu&rsquo;aux demandeurs d&#8217;emploi. Dont l&rsquo;allocation journali\u00e8re est sup\u00e9rieure \u00e0 <b>120,96 \u20ac.<\/b> Soit un salaire journalier de r\u00e9f\u00e9rence inf\u00e9rieur ou \u00e9gal \u00e0 212,21 \u20ac, soit environ 6450 \u20ac brut par mois.<\/li>\n<\/ul>\n<h1 class=\"p1\"><b>Qu&rsquo;est-ce que le ch\u00f4mage ?<\/b><\/h1>\n<p class=\"p1\">L&rsquo;allocation ch\u00f4mage \u00e9galement appel\u00e9e l&rsquo;aide au retour \u00e0 l&#8217;emploi est un revenu de remplacement pour les personnes inscrites chez P\u00f4le Emploi. Pour en b\u00e9n\u00e9ficier, un certain nombre de conditions sont \u00e0 respecter, vous devez notamment \u00eatre en recherche active de travail.<\/p>\n<p class=\"p1\">Le montant de l&rsquo;allocation que vous percevrez de fa\u00e7on mensuelle est d\u00e9termin\u00e9 \u00e0 partir de votre ancienne r\u00e9mun\u00e9ration brute. Vos salaires bruts per\u00e7us, le nombre de jours travaill\u00e9s.<\/p>\n<h2 class=\"p1\"><b>Qui peut le demander ?<\/b><\/h2>\n<p class=\"p1\"><b>La plupart des cas ouvrent droit au\u00a0ch\u00f4mage apr\u00e8s une d\u00e9mission\u00a0:<\/b><\/p>\n<ul>\n<li class=\"p1\">Perte d\u2019emploi involontaire. Le licenciement,\u00a0\u00a0et perte d&rsquo;un ancien salaire.<\/li>\n<li class=\"p1\">Qu\u2019il s\u2019agisse d\u2019un motif \u00e9conomique ou non. Ou encore la rupture conventionnelle. Cela \u00e0 l\u2019initiative de l\u2019employeur.<\/li>\n<li class=\"p1\">Et la fin d\u2019un CDD ouvrent droit \u00e0 l\u2019allocation de retour \u00e0 l\u2019emploi (ARE).<\/li>\n<li class=\"p1\">Vous \u00eates volontairement priv\u00e9 d\u2019emploi : vous avez entrepris une rupture conventionnelle.<\/li>\n<\/ul>\n<p class=\"p1\"><b>G\u00e9n\u00e9ralement, m\u00eame si la d\u00e9mission implique la suppression de l\u2019ARE, il existe des exceptions, parmi lesquelles :<\/b><\/p>\n<ul>\n<li class=\"p1\">La d\u00e9mission est consid\u00e9r\u00e9e comme l\u00e9gitime.<\/li>\n<li class=\"p1\">Le ch\u00f4mage peut \u00eatre attribu\u00e9 apr\u00e8s un d\u00e9lai de 4 mois, apr\u00e8s la date de d\u00e9mission.<\/li>\n<li class=\"p1\">Vous pouvez utiliser le reliquat de vos droits au ch\u00f4mage, cela est pris en compte dans le mode de calcul<\/li>\n<\/ul>\n<h2 class=\"p1\"><b>Quelles sont les conditions \u00e0 respecter ?<\/b><\/h2>\n<p class=\"p1\">Pour b\u00e9n\u00e9ficier de l&rsquo; assurance ch\u00f4mage vous devez respecter un certain nombre de conditions, \u00e0 savoir :<\/p>\n<ul>\n<li class=\"p1\">Vous avez \u00e9t\u00e9 salari\u00e9 <b>au moins 6 mois.<\/b> Soit 130 jours ou 910 heures <b>au cours des 24 derniers mois.<\/b> 36 derniers mois si vous \u00eates \u00e2g\u00e9 d&rsquo;au moins 53 ans \u00e0 la date de fin de votre dernier contrat de travail.<\/li>\n<li class=\"p1\">Vous avez <b>involontairement perdu votre emploi. <\/b>(licenciement (quel que soit le motif). Fin de CDD ou de mission d&rsquo;int\u00e9rim. Temps partiel ou temps plein.<\/li>\n<li class=\"p1\">Ou avez perdu votre emploi dans le cadre d\u2019une rupture conventionnelle ou d\u2019une rupture d\u2019un commun accord.<\/li>\n<li class=\"p1\">Vous vous inscrivez \u00e0 <b>P\u00f4le emploi dans les 12 mois<\/b> qui suivent la perte de votre travail. Cette inscription est obligatoire pour percevoir des allocations ch\u00f4mage.<\/li>\n<li class=\"p1\">Vous recherchez <b>activement un emploi.<\/b> Ou accomplissez une\u00a0<b>action de formation<\/b> inscrite dans votre Projet personnalis\u00e9 d\u2019acc\u00e8s \u00e0 l\u2019emploi (PPAE). Ou encore une action de formation financ\u00e9e en tout ou partie par votre Compte Personnel de Formation (CPF).<\/li>\n<li class=\"p1\">Vous n\u2019avez pas atteint l\u2019\u00e2ge. Ni le nombre de trimestres requis pour une <b>retraite \u00e0 taux plein<\/b>\u00a0ou vous ne b\u00e9n\u00e9ficiez pas d\u2019une\u00a0<b>retraite anticip\u00e9e<\/b> ;<\/li>\n<li class=\"p1\">Vous \u00eates physiquement <b>apte<\/b> \u00e0 travailler ;<\/li>\n<li class=\"p1\">Vous <b>habitez en France<\/b> de mani\u00e8re stable<\/li>\n<\/ul>\n<p><iframe loading=\"lazy\" title=\"Tout savoir sur le ch\u00f4mage en France !\" width=\"500\" height=\"281\" src=\"https:\/\/www.youtube.com\/embed\/jgv9qS4jh7k?feature=oembed\" frameborder=\"0\" allow=\"accelerometer; autoplay; clipboard-write; encrypted-media; gyroscope; picture-in-picture; web-share\" referrerpolicy=\"strict-origin-when-cross-origin\" allowfullscreen><\/iframe><\/p>\n<p>&nbsp;<\/p>\n<h2 class=\"p1\"><b>Montant de l&rsquo;ARE 2025<\/b><\/h2>\n<p><img loading=\"lazy\" decoding=\"async\" class=\"alignright wp-image-35419 size-medium\" title=\"Montant de lARE\" src=\"https:\/\/www.mes-allocs.fr\/guides\/wp-content\/uploads\/2021\/08\/Montant-de-lARE-2021-300x200.jpg\" alt=\"Montant de lARE\" width=\"300\" height=\"200\" srcset=\"https:\/\/www.mes-allocs.fr\/guides\/wp-content\/uploads\/2021\/08\/Montant-de-lARE-2021-300x200.jpg 300w, https:\/\/www.mes-allocs.fr\/guides\/wp-content\/uploads\/2021\/08\/Montant-de-lARE-2021-1024x682.jpg 1024w, https:\/\/www.mes-allocs.fr\/guides\/wp-content\/uploads\/2021\/08\/Montant-de-lARE-2021-768x511.jpg 768w, https:\/\/www.mes-allocs.fr\/guides\/wp-content\/uploads\/2021\/08\/Montant-de-lARE-2021-600x399.jpg 600w, https:\/\/www.mes-allocs.fr\/guides\/wp-content\/uploads\/2021\/08\/Montant-de-lARE-2021.jpg 1280w\" sizes=\"auto, (max-width: 300px) 100vw, 300px\" \/><\/p>\n<p class=\"p1\">Le montant brut de l&rsquo;allocation ch\u00f4mage P\u00f4le emploi (allocation de retour \u00e0 l&#8217;emploi ou ARE). Per\u00e7ue par un demandeur d&#8217;emploi est \u00e9gale \u00e0 la plus \u00e9lev\u00e9e des deux sommes suivantes :<\/p>\n<ul>\n<li class=\"p1\"><b>57 %<\/b> du\u00a0salaire journalier de r\u00e9f\u00e9rence\u00a0(SJR) ;<\/li>\n<li class=\"p1\"><b>40,40 %<\/b>\u00a0du salaire journalier de r\u00e9f\u00e9rence (SJR) +\u00a0<b>13.18 \u20ac<\/b>\u00a0(partie fixe).<\/li>\n<\/ul>\n<p class=\"p1\">Par cons\u00e9quent, le montant minimal de l&rsquo;ARE est au moins \u00e9gal \u00e0 57 % de votre SJR. Sans pouvoir \u00eatre inf\u00e9rieur \u00e0 un montant plancher (voir ci-dessous). L&rsquo;allocation ch\u00f4mage mensuelle est \u00e9gale au montant de l&rsquo;allocation journali\u00e8re multipli\u00e9 par le nombre de jours du mois concern\u00e9.<\/p>\n<h1 class=\"p1\"><b>Comment faire une demande ?<\/b><\/h1>\n<p class=\"p1\">Pour b\u00e9n\u00e9ficier de l&rsquo;allocation ch\u00f4mage vous devez dans un premier temps \u00eatre inscrit chez P\u00f4le Emploi. Par la suite un rendez-vous avec un conseiller sera n\u00e9cessaire. Cela afin de formaliser votre inscription et mettre en place un plan d&rsquo;aide au retour \u00e0 l&#8217;emploi.<\/p>\n<p class=\"p1\"><div class='cta-block'><div class='text'>Simulez votre ch\u00f4mage en 2 min.<\/div><a href='https:\/\/www.mes-allocs.fr\/simulation-chomage?origin=guides\/wp-json\/wp\/v2\/posts\/33745' class='app-button fit'>Simulation gratuite<\/a><\/div><\/p>\n<h2 class=\"p1\"><b>Inscription chez P\u00f4le Emploi<\/b><\/h2>\n<p class=\"p1\">Pour la premi\u00e8re inscription ou pour une r\u00e9inscription apr\u00e8s plus de 6 mois, un formulaire unique est \u00e0 remplir. Il comprend la demande d&rsquo;inscription. La demande d&rsquo;allocations ch\u00f4mage ainsi que le choix de la date, de l&rsquo;heure de l&rsquo;entretien avec un conseiller P\u00f4le emploi (parmi 3 propositions).<\/p>\n<p class=\"p1\">Et la pr\u00e9paration de cet entretien. Apr\u00e8s validation du dossier en ligne, la r\u00e9ception de la convocation \u00e0 l&rsquo;entretien se fait dans les 72 heures.<\/p>\n<p class=\"p1\">Pour une r\u00e9inscription moins de 6 mois apr\u00e8s votre derni\u00e8re inscription. L&rsquo;entretien n&rsquo;est pas n\u00e9cessaire : la validation de l&rsquo;inscription se fait directement apr\u00e8s l&rsquo;enregistrement du formulaire en ligne. Les \u00e9l\u00e9ments d\u00e9j\u00e0 connus de P\u00f4le emploi sont pr\u00e9remplis, permettant une r\u00e9inscription plus rapide.<\/p>\n<h2 class=\"p1\"><b>Documents \u00e0 communiquer lors de votre inscription<\/b><\/h2>\n<p class=\"p1\"><b>Plusieurs documents sont exig\u00e9s pour la constitution du dossier d&rsquo;inscription \u00e0 P\u00f4le emploi :<\/b><\/p>\n<ul>\n<li class=\"p1\">votre num\u00e9ro de S\u00e9curit\u00e9 sociale<\/li>\n<li class=\"p1\">un relev\u00e9 d&rsquo;identit\u00e9 bancaire (RIB) afin d&rsquo;envoyer les allocations au demandeur<\/li>\n<li class=\"p1\">un CV \u00e0 jour<\/li>\n<li class=\"p1\">une pi\u00e8ce d&rsquo;identit\u00e9<\/li>\n<li class=\"p1\">une attestation P\u00f4le emploi fourni par l&#8217;employeur (pour ceux qui ont d\u00e9j\u00e0 \u00e9t\u00e9 salari\u00e9s pr\u00e9c\u00e9demment)<\/li>\n<\/ul>\n<p class=\"p1\"><b>Par la suite, il est demand\u00e9 aux demandeurs d&#8217;emploi de remplir un formulaire d&rsquo;inscription qui demande des renseignements concernant :<\/b><\/p>\n<ul>\n<li class=\"p1\">La situation administrative : nom, nationalit\u00e9, situation matrimoniale, domicile, num\u00e9ro de t\u00e9l\u00e9phone<\/li>\n<li class=\"p1\">la demande d&rsquo;allocations : p\u00e9riodes d&#8217;emploi et p\u00e9riode sans emploi, montant des salaires per\u00e7us<\/li>\n<li class=\"p1\">les connaissances : formations et projet professionnel, type d&#8217;emploi recherch\u00e9, dipl\u00f4mes obtenus, qualifications acquises ou encore degr\u00e9 de mobilit\u00e9<\/li>\n<li class=\"p1\">le rendez-vous avec un conseiller P\u00f4le emploi. Celui-ci a lieu dans le mois qui suit l&rsquo;inscription. Il est obligatoire sous peine de radiation.<\/li>\n<\/ul>\n<p class=\"p1\">\u00c0 noter : Le d\u00e9lai d&rsquo;inscription \u00e0 P\u00f4le emploi intervient le lendemain de la rupture du contrat de travail. Vous pouvez vous inscrire \u00e0 P\u00f4le emploi. L&rsquo;inscription doit s&rsquo;effectuer dans les 24 mois civil qui suivent la rupture du contrat de travail. En effet, le montant de l&rsquo;aide au retour \u00e0 l&rsquo; emploi ARE est calcul\u00e9 en fonction de votre p\u00e9riode d&rsquo;activit\u00e9.<\/p>\n<h2 class=\"p1\"><b>L&rsquo;ARE imposable ?\u00a0<\/b><\/h2>\n<p class=\"p1\">L&rsquo; allocation d&rsquo; aide au retour \u00e0 l&#8217;emploi est soumise \u00e0 l&rsquo;imp\u00f4t sur le revenu. Autrement dit, sur votre d\u00e9claration de revenus vous devrez indiquer les sommes que vous avez per\u00e7ues. Ces derni\u00e8res doivent figurer dans la cat\u00e9gorie des traitements et salaires. G\u00e9n\u00e9ralement, les sommes sont d\u00e9j\u00e0 indiqu\u00e9es sur votre d\u00e9claration pr\u00e9remplie, mais en cas d&rsquo;erreur vous pouvez faire les modifications n\u00e9cessaires.<\/p>\n<div class='cta-block'><div class='text'>Simulez votre ch\u00f4mage en 2 min.<\/div><a href='https:\/\/www.mes-allocs.fr\/simulation-chomage?origin=guides\/wp-json\/wp\/v2\/posts\/33745' class='app-button fit'>Simulation gratuite<\/a><\/div>\n","protected":false},"excerpt":{"rendered":"<p>L&rsquo;allocation ch\u00f4mage est un revenu de remplacement. Il a pour objectif d&rsquo;aider les personnes inscrites chez P\u00f4le Emploi qui ont \u00e9t\u00e9 involontairement priv\u00e9s d&#8217;emploi. Accessible sous certaines conditions, Mes Allocs vous explique la m\u00e9thode de calcul ch\u00f4mage cadre. Comment est calcul\u00e9 le ch\u00f4mage pour un cadre ? Il existe un coefficient de d\u00e9gressivit\u00e9 des allocations [&hellip;]<\/p>\n","protected":false},"author":10,"featured_media":35416,"comment_status":"open","ping_status":"open","sticky":false,"template":"","format":"standard","meta":{"amp_status":"","footnotes":""},"categories":[2990,2991,2989],"tags":[],"class_list":["post-33745","post","type-post","status-publish","format-standard","has-post-thumbnail","hentry","category-calculer-chomage","category-droit-au-chomage","category-chomage"],"yoast_head":"<!-- This site is optimized with the Yoast SEO plugin v14.9 - https:\/\/yoast.com\/wordpress\/plugins\/seo\/ -->\n<title>M\u00e9thode de calcul ch\u00f4mage cadre | Mes-Allocs.fr<\/title>\n<meta name=\"description\" content=\"L&#039;allocation ch\u00f4mage est calcul\u00e9e \u00e0 partir de certains \u00e9l\u00e9ments. Mes Allocs vous explique en d\u00e9tail le calcul ch\u00f4mage pour les cadres.\" \/>\n<meta name=\"robots\" content=\"index, follow, max-snippet:-1, max-image-preview:large, max-video-preview:-1\" \/>\n<link rel=\"canonical\" href=\"https:\/\/www.mes-allocs.fr\/guides\/chomage\/calculer-chomage\/calcul-chomage-cadre\/\" \/>\n<meta property=\"og:locale\" content=\"fr_FR\" \/>\n<meta property=\"og:type\" content=\"article\" \/>\n<meta property=\"og:title\" content=\"M\u00e9thode de calcul ch\u00f4mage cadre | Mes-Allocs.fr\" \/>\n<meta property=\"og:description\" content=\"L&#039;allocation ch\u00f4mage est calcul\u00e9e \u00e0 partir de certains \u00e9l\u00e9ments. Mes Allocs vous explique en d\u00e9tail le calcul ch\u00f4mage pour les cadres.\" \/>\n<meta property=\"og:url\" content=\"https:\/\/www.mes-allocs.fr\/guides\/chomage\/calculer-chomage\/calcul-chomage-cadre\/\" \/>\n<meta property=\"og:site_name\" content=\"Mes-Allocs.fr\" \/>\n<meta property=\"article:published_time\" content=\"2021-08-23T15:40:16+00:00\" \/>\n<meta property=\"article:modified_time\" content=\"2025-11-10T08:55:55+00:00\" \/>\n<meta property=\"og:image\" content=\"https:\/\/www.mes-allocs.fr\/guides\/wp-content\/uploads\/2021\/08\/calcul-cho\u0302mage-cadre.jpg?wsr\" \/>\n\t<meta property=\"og:image:width\" content=\"1280\" \/>\n\t<meta property=\"og:image:height\" content=\"916\" \/>\n<meta name=\"twitter:card\" content=\"summary_large_image\" \/>\n<script type=\"application\/ld+json\" class=\"yoast-schema-graph\">{\"@context\":\"https:\/\/schema.org\",\"@graph\":[{\"@type\":\"WebSite\",\"@id\":\"https:\/\/www.mes-allocs.fr\/guides\/#website\",\"url\":\"https:\/\/www.mes-allocs.fr\/guides\/\",\"name\":\"Mes-Allocs.fr\",\"description\":\"\",\"potentialAction\":[{\"@type\":\"SearchAction\",\"target\":\"https:\/\/www.mes-allocs.fr\/guides\/?s={search_term_string}\",\"query-input\":\"required name=search_term_string\"}],\"inLanguage\":\"fr-FR\"},{\"@type\":\"ImageObject\",\"@id\":\"https:\/\/www.mes-allocs.fr\/guides\/chomage\/calculer-chomage\/calcul-chomage-cadre\/#primaryimage\",\"inLanguage\":\"fr-FR\",\"url\":\"https:\/\/www.mes-allocs.fr\/guides\/wp-content\/uploads\/2021\/08\/calcul-cho\\u0302mage-cadre.jpg?wsr\",\"width\":1280,\"height\":916,\"caption\":\"calcul cho\\u0302mage cadre\"},{\"@type\":\"WebPage\",\"@id\":\"https:\/\/www.mes-allocs.fr\/guides\/chomage\/calculer-chomage\/calcul-chomage-cadre\/#webpage\",\"url\":\"https:\/\/www.mes-allocs.fr\/guides\/chomage\/calculer-chomage\/calcul-chomage-cadre\/\",\"name\":\"M\\u00e9thode de calcul ch\\u00f4mage cadre | Mes-Allocs.fr\",\"isPartOf\":{\"@id\":\"https:\/\/www.mes-allocs.fr\/guides\/#website\"},\"primaryImageOfPage\":{\"@id\":\"https:\/\/www.mes-allocs.fr\/guides\/chomage\/calculer-chomage\/calcul-chomage-cadre\/#primaryimage\"},\"datePublished\":\"2021-08-23T15:40:16+00:00\",\"dateModified\":\"2025-11-10T08:55:55+00:00\",\"author\":{\"@id\":\"https:\/\/www.mes-allocs.fr\/guides\/#\/schema\/person\/8d47b912c0ad15f379df96b4e4e33f58\"},\"description\":\"L'allocation ch\\u00f4mage est calcul\\u00e9e \\u00e0 partir de certains \\u00e9l\\u00e9ments. Mes Allocs vous explique en d\\u00e9tail le calcul ch\\u00f4mage pour les cadres.\",\"inLanguage\":\"fr-FR\"},{\"@type\":\"Person\",\"@id\":\"https:\/\/www.mes-allocs.fr\/guides\/#\/schema\/person\/8d47b912c0ad15f379df96b4e4e33f58\",\"name\":\"Constance de Cagny\",\"image\":{\"@type\":\"ImageObject\",\"@id\":\"https:\/\/www.mes-allocs.fr\/guides\/#personlogo\",\"inLanguage\":\"fr-FR\",\"url\":\"https:\/\/www.mes-allocs.fr\/guides\/wp-content\/uploads\/2021\/06\/Constance.2e8ee0b.png\",\"caption\":\"Constance de Cagny\"},\"description\":\"Constance est r\\u00e9dactrice au sein de l'\\u00e9quipe Mes Allocs. Elle a l'habitude d'\\u00e9crire sur les sujets conso, bons plans et \\u00e9conomies. Dipl\\u00f4m\\u00e9e de l'ENACO, elle rejoint Mes Allocs apr\\u00e8s une premi\\u00e8re exp\\u00e9rience en cabinet notarial.\",\"sameAs\":[\"https:\/\/www.linkedin.com\/in\/constance-de-cagny-mayeur-bbb414135\"]}]}<\/script>\n<!-- \/ Yoast SEO plugin. -->","amp_validity":null,"acf":{"faq":{"1":{"question":"Comment envoyer le bulletin de salaire \u00e0 p\u00f4le emploi?","answer":"Vous pouvez envoyer votre bulletin de salaire par courrier ou via votre espace personnel."},"2":{"question":"Qui a le droit au ch\u00f4mage ?","answer":"L'Assurance ch\u00f4mage prot\u00e8ge les travailleurs salari\u00e9s contre la perte d'un revenu en cas de ch\u00f4mage. Elle leur permet de b\u00e9n\u00e9ficier d'une allocation et de continuer \u00e0 cumuler des points pour la retraite m\u00eame s'ils ont perdu leur emploi."},"3":{"question":"Quelle est la dur\u00e9e du ch\u00f4mage ? ","answer":"Pour une personne de \u2013 de 50 ans : La dur\u00e9e maximum d'indemnisation est de 730 jours, soit 24 mois. Peu importe, si vous avez travaill\u00e9 plus de 2 ans."},"4":{"question":"Quel d\u00e9lai pour toucher le ch\u00f4mage ?","answer":"Le d\u00e9lai d'attente de 7 jours avant le versement des allocations. Il s'applique automatiquement apr\u00e8s votre inscription \u00e0 P\u00f4le emploi."},"5":{"question":"Quel salaire sont pris en compte pour le calcul du ch\u00f4mage ?","answer":"Ce sont vos salaires bruts qui sont pris en compte pour le calcul de vos indemnit\u00e9s ch\u00f4mage. Elle sont de 256,96 \u20ac brut par jour maximum."},"6":{"question":"Puis-je travailler et toucher le ch\u00f4mage ?","answer":"Oui, et ce, depuis le 1er octobre 2014. Vous pouvez cumuler partiellement l'allocation d'aide au retour \u00e0 l'emploi (ARE) et vos salaires."},"7":{"question":"","answer":""},"8":{"question":"","answer":""},"9":{"question":"","answer":""},"10":{"question":"","answer":""},"11":{"question":"","answer":""},"12":{"question":"","answer":""},"13":{"question":"","answer":""},"14":{"question":"","answer":""},"15":{"question":"","answer":""},"16":{"question":"","answer":""}}},"_links":{"self":[{"href":"https:\/\/www.mes-allocs.fr\/guides\/wp-json\/wp\/v2\/posts\/33745","targetHints":{"allow":["GET"]}}],"collection":[{"href":"https:\/\/www.mes-allocs.fr\/guides\/wp-json\/wp\/v2\/posts"}],"about":[{"href":"https:\/\/www.mes-allocs.fr\/guides\/wp-json\/wp\/v2\/types\/post"}],"author":[{"embeddable":true,"href":"https:\/\/www.mes-allocs.fr\/guides\/wp-json\/wp\/v2\/users\/10"}],"replies":[{"embeddable":true,"href":"https:\/\/www.mes-allocs.fr\/guides\/wp-json\/wp\/v2\/comments?post=33745"}],"version-history":[{"count":16,"href":"https:\/\/www.mes-allocs.fr\/guides\/wp-json\/wp\/v2\/posts\/33745\/revisions"}],"predecessor-version":[{"id":104453,"href":"https:\/\/www.mes-allocs.fr\/guides\/wp-json\/wp\/v2\/posts\/33745\/revisions\/104453"}],"wp:featuredmedia":[{"embeddable":true,"href":"https:\/\/www.mes-allocs.fr\/guides\/wp-json\/wp\/v2\/media\/35416"}],"wp:attachment":[{"href":"https:\/\/www.mes-allocs.fr\/guides\/wp-json\/wp\/v2\/media?parent=33745"}],"wp:term":[{"taxonomy":"category","embeddable":true,"href":"https:\/\/www.mes-allocs.fr\/guides\/wp-json\/wp\/v2\/categories?post=33745"},{"taxonomy":"post_tag","embeddable":true,"href":"https:\/\/www.mes-allocs.fr\/guides\/wp-json\/wp\/v2\/tags?post=33745"}],"curies":[{"name":"wp","href":"https:\/\/api.w.org\/{rel}","templated":true}]}}