{"id":33689,"date":"2021-08-02T16:51:34","date_gmt":"2021-08-02T14:51:34","guid":{"rendered":"https:\/\/www.mes-allocs.fr\/guides\/?p=33689"},"modified":"2025-11-10T09:57:01","modified_gmt":"2025-11-10T08:57:01","slug":"periode-reference-calcul-chomage","status":"publish","type":"post","link":"https:\/\/www.mes-allocs.fr\/guides\/chomage\/calculer-chomage\/periode-reference-calcul-chomage\/","title":{"rendered":"Sur combien de jour est calcul\u00e9e l&rsquo;indemnit\u00e9 ch\u00f4mage ?"},"content":{"rendered":"<p>L&rsquo; allocation d&rsquo; aide au retour \u00e0 l&#8217;emploi ARE ou allocation ch\u00f4mage est vers\u00e9e aux personnes inscrites chez P\u00f4le Emploi. Si ces derniers ont \u00e9t\u00e9 involontairement priv\u00e9s d&#8217;emploi. Pour en b\u00e9n\u00e9ficier, un certain nombre de conditions sont \u00e0 respecter. Mes Allocs vous explique sur combien de jours est <a href=\"https:\/\/www.mes-allocs.fr\/guides\/chomage\/calculer-chomage\/\">calcul\u00e9e l&rsquo;indemnit\u00e9 ch\u00f4mage<\/a>.<\/p>\n<div class='cta-block'><div class='text'>Simulez votre ch\u00f4mage en 2 min.<\/div><a href='https:\/\/www.mes-allocs.fr\/simulation-chomage?origin=guides\/wp-json\/wp\/v2\/posts\/33689' class='app-button fit'>Simulation gratuite<\/a><\/div>\n<hr \/>\n<h1>P\u00e9riode prise en compte pour le calcul du ch\u00f4mage<\/h1>\n<p><img loading=\"lazy\" decoding=\"async\" class=\"alignright wp-image-33710 size-medium\" title=\"Pe\u0301riode prise en compte pour le calcul du cho\u0302mage\" src=\"https:\/\/www.mes-allocs.fr\/guides\/wp-content\/uploads\/2021\/07\/Pe\u0301riode-prise-en-compte-pour-le-calcul-du-cho\u0302mage-300x200.jpg\" alt=\"Pe\u0301riode prise en compte pour le calcul du cho\u0302mage\" width=\"300\" height=\"200\" srcset=\"https:\/\/www.mes-allocs.fr\/guides\/wp-content\/uploads\/2021\/07\/Pe\u0301riode-prise-en-compte-pour-le-calcul-du-cho\u0302mage-300x200.jpg 300w, https:\/\/www.mes-allocs.fr\/guides\/wp-content\/uploads\/2021\/07\/Pe\u0301riode-prise-en-compte-pour-le-calcul-du-cho\u0302mage-1024x683.jpg 1024w, https:\/\/www.mes-allocs.fr\/guides\/wp-content\/uploads\/2021\/07\/Pe\u0301riode-prise-en-compte-pour-le-calcul-du-cho\u0302mage-768x512.jpg 768w, https:\/\/www.mes-allocs.fr\/guides\/wp-content\/uploads\/2021\/07\/Pe\u0301riode-prise-en-compte-pour-le-calcul-du-cho\u0302mage-600x400.jpg 600w, https:\/\/www.mes-allocs.fr\/guides\/wp-content\/uploads\/2021\/07\/Pe\u0301riode-prise-en-compte-pour-le-calcul-du-cho\u0302mage.jpg 1280w\" sizes=\"auto, (max-width: 300px) 100vw, 300px\" \/><\/p>\n<p>Pour estimer le nombre de jours durant lesquels vous pourrez percevoir l\u2019 assurance <a href=\"https:\/\/www.mes-allocs.fr\/guides\/chomage\/droit-au-chomage\/\">ch\u00f4mage<\/a>. Vous devez multiplier par 1,4 le nombre de jours travaill\u00e9s dans la p\u00e9riode de r\u00e9f\u00e9rence, p\u00e9riode de travail.<\/p>\n<p><b><strong>Le temps de travail est d\u00e9compt\u00e9 par semaine civile<\/strong><\/b>\u00a0(du lundi au dimanche).<\/p>\n<p>P\u00f4le emploi peut tenir compte de plusieurs contrats de travail sur la m\u00eame p\u00e9riode. Mais quoi qu\u2019il arrive, le nombre de jours pris en compte sera limit\u00e9 \u00e0 <b><strong>5 jours travaill\u00e9s par semaine civile<\/strong><\/b>.<\/p>\n<p><b><strong>La p\u00e9riode de r\u00e9f\u00e9rence dans laquelle les jours sont recherch\u00e9s varie en fonction de l&rsquo;\u00e2ge du demandeur d&rsquo; emploi<\/strong><\/b><\/p>\n<ul>\n<li>Elle est de 24 mois si vous avez moins de 53 ans \u00e0 la date de votre fin de contrat de travail ;<\/li>\n<li>De 36 mois si vous avez plus de 53 ans \u00e0 la date de votre fin de contrat de travail.<\/li>\n<\/ul>\n<h1>Qu&rsquo;est-ce que l&rsquo;indemnit\u00e9 ch\u00f4mage ?<\/h1>\n<p class=\"amp-wp-7d27179\" data-amp-original-style=\"text-align: justify;\"><span class=\"amp-wp-fe3f5cc\" data-amp-original-style=\"font-weight: 400;\">Le ch\u00f4mage est la \u00ab situation d\u2019une personne, d\u2019une entreprise. qu&rsquo;il soit d\u2019un secteur entier de l\u2019activit\u00e9 \u00e9conomique caract\u00e9ris\u00e9e par le manque de travail \u00bb (TLFi). Les causes d\u2019absence d\u2019emploi sont nombreuses : entr\u00e9e dans la vie active, licenciement, d\u00e9mission volontaire ou r\u00e9orientation professionnelle .<\/span><\/p>\n<p>Les premi\u00e8res dispositions de la r\u00e9forme de l&rsquo;assurance ch\u00f4mage ont \u00e9t\u00e9 mises en place le 1er novembre 2019. Mais compte tenu de la crise sanitaire de Covid-19, la r\u00e9forme a \u00e9t\u00e9 repouss\u00e9e \u00e0 de nombreuses reprises.<\/p>\n<p>A la fin de votre contrat de travail, en tant que salari\u00e9 vous percevez g\u00e9n\u00e9ralement une indemnit\u00e9 correspondant aux jours de cong\u00e9s pay\u00e9s. Ceux\u00a0que vous n&rsquo;avez pas utilis\u00e9s, m\u00eame si vous \u00e9tiez \u00e0 temps partiel.<\/p>\n<h2>Comment est calcul\u00e9e l&rsquo;indemnit\u00e9 ch\u00f4mage ?<\/h2>\n<p>P\u00f4le emploi <a href=\"https:\/\/www.mes-allocs.fr\/guides\/chomage\/calculer-chomage\/rsa-et-chomage-calcul\/\">calcule<\/a> l\u2019allocation journali\u00e8re : il utilise\u00a0<strong>deux m\u00e9thodes de calcul <\/strong>et retient comme montant, le r\u00e9sultat\u00a0<strong>le plus \u00e9lev\u00e9<\/strong>\u00a0entre :<\/p>\n<p class=\"text-align-center\" style=\"text-align: center;\"><strong>40,4% du salaire journalier de r\u00e9f\u00e9rence + 13.18\u20ac<\/strong><\/p>\n<p class=\"text-align-center\" style=\"text-align: center;\"><strong>OU<\/strong><\/p>\n<p class=\"text-align-center\" style=\"text-align: center;\"><strong>57% du salaire journalier de r\u00e9f\u00e9rence<\/strong><\/p>\n<p class=\"text-align-center\" style=\"text-align: left;\">Si le r\u00e9sultat est\u00a0<strong>inf\u00e9rieur \u00e0 32,13 \u20ac<\/strong>\u00a0(allocation minimale), P\u00f4le emploi retient l\u2019allocation minimale comme montant de l\u2019allocation.<\/p>\n<p>Dans la majorit\u00e9 des cas, l\u2019allocation <strong>ne peut pas d\u00e9passer 75 % de votre salaire journalier de r\u00e9f\u00e9rence<\/strong>.<\/p>\n<h2>Quelles sont les conditions \u00e0 respecter pour en b\u00e9n\u00e9ficier?<\/h2>\n<p class=\"amp-wp-7d27179\" data-amp-original-style=\"text-align: justify;\"><span class=\"amp-wp-fe3f5cc\" data-amp-original-style=\"font-weight: 400;\">Vous devez tout d\u2019abord \u00eatre\u00a0<\/span><b>involontairement priv\u00e9 d\u2019emploi<\/b><span class=\"amp-wp-fe3f5cc\" data-amp-original-style=\"font-weight: 400;\">. Votre contrat de travail peut s\u2019achever pour les raisons suivantes :<\/span><\/p>\n<ul class=\"amp-wp-7d27179\" data-amp-original-style=\"text-align: justify;\">\n<li class=\"amp-wp-c8fa0e1\" data-amp-original-style=\"font-weight: 400; text-align: justify;\"><span class=\"amp-wp-fe3f5cc\" data-amp-original-style=\"font-weight: 400;\">Vous \u00eates licenci\u00e9 pour motif personnel (faute grave ou inaptitude) ou pour motif \u00e9conomique (plan de redressement)<\/span><\/li>\n<li class=\"amp-wp-c8fa0e1\" data-amp-original-style=\"font-weight: 400; text-align: justify;\"><span class=\"amp-wp-fe3f5cc\" data-amp-original-style=\"font-weight: 400;\">Votre contrat prend fin une\u00a0<\/span><span class=\"amp-wp-fe3f5cc\" data-amp-original-style=\"font-weight: 400;\">rupture conventionnelle<\/span><span class=\"amp-wp-fe3f5cc\" data-amp-original-style=\"font-weight: 400;\">\u00a0(cessation de contrat \u00e0 l\u2019amiable)<\/span><\/li>\n<li class=\"amp-wp-c8fa0e1\" data-amp-original-style=\"font-weight: 400; text-align: justify;\"><span class=\"amp-wp-fe3f5cc\" data-amp-original-style=\"font-weight: 400;\">Votre CDD n\u2019est pas renouvel\u00e9<\/span><\/li>\n<li class=\"amp-wp-c8fa0e1\" data-amp-original-style=\"font-weight: 400; text-align: justify;\"><span class=\"amp-wp-fe3f5cc\" data-amp-original-style=\"font-weight: 400;\">Vous\u00a0d\u00e9missionnez<\/span><span class=\"amp-wp-fe3f5cc\" data-amp-original-style=\"font-weight: 400;\"> de votre plein gr\u00e9 (par exemple, pour suivre la personne avec qui vous vivez en couple)<\/span><\/li>\n<\/ul>\n<p class=\"amp-wp-7d27179\" data-amp-original-style=\"text-align: justify;\"><span class=\"amp-wp-fe3f5cc\" data-amp-original-style=\"font-weight: 400;\">Si vous \u00eates en p\u00e9riode de mobilit\u00e9 volontaire s\u00e9curis\u00e9e. Vous changez d\u2019emploi sur une courte p\u00e9riode avec la possibilit\u00e9 de pouvoir retrouver votre emploi pr\u00e9c\u00e9dent. Et que votre contrat cesse pour une de ces raisons, vous avez droit au ch\u00f4mage. Sauf si votre ancienne entreprise vous reprend ou que vous refusez cette r\u00e9int\u00e9gration.<\/span><\/p>\n<p class=\"amp-wp-7d27179\" data-amp-original-style=\"text-align: justify;\"><strong>En plus de cela, des conditions li\u00e9es \u00e0 votre situation personnelle sont \u00e0 respecter, \u00e0 savoir :\u00a0<\/strong><\/p>\n<ul class=\"amp-wp-7d27179\" data-amp-original-style=\"text-align: justify;\">\n<li class=\"amp-wp-c8fa0e1\" data-amp-original-style=\"font-weight: 400; text-align: justify;\"><span class=\"amp-wp-fe3f5cc\" data-amp-original-style=\"font-weight: 400;\">Vous ne devez pas avoir atteint l\u2019\u00e2ge minimum l\u00e9gal de d\u00e9part \u00e0 la retraite (64 ans). Ni remplir les conditions de trimestres ou d\u2019\u00e2ge ouvrant droit \u00e0 la retraite \u00e0 taux plein<\/span><\/li>\n<li class=\"amp-wp-c8fa0e1\" data-amp-original-style=\"font-weight: 400; text-align: justify;\"><span class=\"amp-wp-fe3f5cc\" data-amp-original-style=\"font-weight: 400;\">Vous devez \u00eatre apte physiquement \u00e0 exercer une activit\u00e9 professionnelle<\/span><\/li>\n<li class=\"amp-wp-fe3f5cc\" data-amp-original-style=\"font-weight: 400;\"><span class=\"amp-wp-fe3f5cc\" data-amp-original-style=\"font-weight: 400;\">Vous devez r\u00e9sider en France.<\/span><\/li>\n<\/ul>\n<h1>Combien de temps peut-on percevoir le ch\u00f4mage ?<\/h1>\n<p><img loading=\"lazy\" decoding=\"async\" class=\"alignright wp-image-33712 size-medium\" title=\"Combien de temps peut on percevoir le cho\u0302mage\" src=\"https:\/\/www.mes-allocs.fr\/guides\/wp-content\/uploads\/2021\/07\/Combien-de-temps-peut-on-percevoir-le-cho\u0302mage--300x200.jpg\" alt=\"Combien de temps peut on percevoir le cho\u0302mage\" width=\"300\" height=\"200\" srcset=\"https:\/\/www.mes-allocs.fr\/guides\/wp-content\/uploads\/2021\/07\/Combien-de-temps-peut-on-percevoir-le-cho\u0302mage--300x200.jpg 300w, https:\/\/www.mes-allocs.fr\/guides\/wp-content\/uploads\/2021\/07\/Combien-de-temps-peut-on-percevoir-le-cho\u0302mage--1024x683.jpg 1024w, https:\/\/www.mes-allocs.fr\/guides\/wp-content\/uploads\/2021\/07\/Combien-de-temps-peut-on-percevoir-le-cho\u0302mage--768x512.jpg 768w, https:\/\/www.mes-allocs.fr\/guides\/wp-content\/uploads\/2021\/07\/Combien-de-temps-peut-on-percevoir-le-cho\u0302mage--600x400.jpg 600w, https:\/\/www.mes-allocs.fr\/guides\/wp-content\/uploads\/2021\/07\/Combien-de-temps-peut-on-percevoir-le-cho\u0302mage-.jpg 1280w\" sizes=\"auto, (max-width: 300px) 100vw, 300px\" \/><\/p>\n<p><strong>P\u00f4le Emploi prend en compte plusieurs \u00e9l\u00e9ments pour d\u00e9terminer vos droits, notamment votre \u00e2ge. Ainsi la dur\u00e9e de versement n&rsquo;est pas la m\u00eame d&rsquo;un \u00e2ge \u00e0 un autre.<\/strong><\/p>\n<ul>\n<li>Si vous avez moins de 53 ans, vous serez indemnis\u00e9 au maximum 548 jours (18 mois).<\/li>\n<li>Si vous avez entre 53 et 54 ans et que vous avez suivi une formation d\u00e9cid\u00e9e avec votre conseiller P\u00f4le emploi. Et ouvrant droit au versement de l\u2019allocation ch\u00f4mage. Dans ce cas, vous avez le droit \u00e0 un allongement de la dur\u00e9e de vos droits et vous avez une dur\u00e9e de 685 jours maximum (22 mois et demi).<\/li>\n<li>Si vous avez 55 ans ou plus, vous avez droit au maximum \u00e0 822 jours (soit 27 mois).<\/li>\n<li>Si vous avez au moins 64 ans et que vous \u00eates en cours d\u2019indemnisation depuis au moins un an. Votre indemnisation peut \u00eatre maintenue au-del\u00e0 de la dur\u00e9e pr\u00e9vue initialement. Et au plus tard jusqu\u2019\u00e0 l\u2019\u00e2ge de la retraite \u00e0 taux plein (soit 67 ans).<\/li>\n<\/ul>\n<p><iframe loading=\"lazy\" title=\"Tout savoir sur le ch\u00f4mage en France !\" width=\"500\" height=\"281\" src=\"https:\/\/www.youtube.com\/embed\/jgv9qS4jh7k?feature=oembed\" frameborder=\"0\" allow=\"accelerometer; autoplay; clipboard-write; encrypted-media; gyroscope; picture-in-picture; web-share\" referrerpolicy=\"strict-origin-when-cross-origin\" allowfullscreen><\/iframe><\/p>\n<h1>Peut-on b\u00e9n\u00e9ficier du ch\u00f4mage apr\u00e8s une d\u00e9mission ?<\/h1>\n<p>En g\u00e9n\u00e9ral vous ne pouvez pas pr\u00e9tendre \u00e0 l&rsquo;allocation ch\u00f4mage si vous d\u00e9missionnez.<\/p>\n<p><strong>En revanche, il existe 3 possibilit\u00e9s vous permettant de b\u00e9n\u00e9ficier de jours indemnis\u00e9es apr\u00e8s une d\u00e9mission, \u00e0 savoir :<\/strong><\/p>\n<ul class=\"amp-wp-7d27179\" data-amp-original-style=\"text-align: justify;\">\n<li class=\"amp-wp-fe3f5cc\" data-amp-original-style=\"font-weight: 400;\"><span class=\"amp-wp-fe3f5cc\" data-amp-original-style=\"font-weight: 400;\">Votre d\u00e9mission est\u00a0<\/span>consid\u00e9r\u00e9e comme l\u00e9gitime. L<span class=\"amp-wp-fe3f5cc\" data-amp-original-style=\"font-weight: 400;\">e d\u00e9m\u00e9nagement (pour suivre votre conjoint, vos parents d\u00e9m\u00e9nagent si vous \u00eates mineur). Et la raison professionnelle (d\u00e9faut de paiement, actes d\u00e9lictueux, nouveau CDI auquel l\u2019employeur met un terme). Peuvent \u00eatre invoqu\u00e9s,<\/span><\/li>\n<li class=\"amp-wp-fe3f5cc\" data-amp-original-style=\"font-weight: 400;\"><span class=\"amp-wp-fe3f5cc\" data-amp-original-style=\"font-weight: 400;\">Votre d\u00e9mission date de\u00a0<\/span>plus de 6 mois. S<span class=\"amp-wp-fe3f5cc\" data-amp-original-style=\"font-weight: 400;\">i au bout de 6 mois apr\u00e8s votre d\u00e9mission, vous n\u2019avez pas repris une activit\u00e9, vous pouvez percevoir l\u2019ARE,<\/span><\/li>\n<li class=\"amp-wp-fe3f5cc\" data-amp-original-style=\"font-weight: 400;\"><span class=\"amp-wp-fe3f5cc\" data-amp-original-style=\"font-weight: 400;\">Vous b\u00e9n\u00e9ficiez de\u00a0<\/span>reliquat<span class=\"amp-wp-fe3f5cc\" data-amp-original-style=\"font-weight: 400;\">\u00a0d\u2019allocation ch\u00f4mage sur une p\u00e9riode pr\u00e9c\u00e9dente.\u00a0<\/span><\/li>\n<\/ul>\n<h1>Qu&rsquo;est-ce qu&rsquo;un reliquat ?<\/h1>\n<p><img loading=\"lazy\" decoding=\"async\" class=\"alignright wp-image-33711 size-medium\" title=\"Quest ce quun reliquat\" src=\"https:\/\/www.mes-allocs.fr\/guides\/wp-content\/uploads\/2021\/07\/Quest-ce-quun-reliquat--300x200.jpg\" alt=\"Quest ce quun reliquat\" width=\"300\" height=\"200\" srcset=\"https:\/\/www.mes-allocs.fr\/guides\/wp-content\/uploads\/2021\/07\/Quest-ce-quun-reliquat--300x200.jpg 300w, https:\/\/www.mes-allocs.fr\/guides\/wp-content\/uploads\/2021\/07\/Quest-ce-quun-reliquat--1024x683.jpg 1024w, https:\/\/www.mes-allocs.fr\/guides\/wp-content\/uploads\/2021\/07\/Quest-ce-quun-reliquat--768x512.jpg 768w, https:\/\/www.mes-allocs.fr\/guides\/wp-content\/uploads\/2021\/07\/Quest-ce-quun-reliquat--600x400.jpg 600w, https:\/\/www.mes-allocs.fr\/guides\/wp-content\/uploads\/2021\/07\/Quest-ce-quun-reliquat-.jpg 1280w\" sizes=\"auto, (max-width: 300px) 100vw, 300px\" \/><\/p>\n<p>Quand un demandeur d&#8217;emploi reprend une activit\u00e9 professionnelle, le versement des indemnit\u00e9s P\u00f4le emploi est stopp\u00e9. Si le demandeur d&#8217;emploi n&rsquo;a pas \u00e9puis\u00e9 tous ses droits aux allocations <b>ch\u00f4mage<\/b>, il conserve alors un\u00a0<b>reliquat<\/b>\u00a0d&rsquo;allocations\u00a0<b>ch\u00f4mage<\/b>.<\/p>\n<h2>Le reliquat de droit<\/h2>\n<p>Depuis l&rsquo;ann\u00e9e 2014, lorsqu&rsquo;un demandeur d&#8217;emploi inscrit \u00e0 P\u00f4le Emploi reprend une activit\u00e9 professionnelle. Dans ce cas le versement des allocations ch\u00f4mage par P\u00f4le Emploi cesse.<\/p>\n<p>En revanche, si ce dernier n&rsquo;a pas \u00e9puis\u00e9 tous ses droits, ce dernier conserve ce qu&rsquo;on appelle un reliquat d&rsquo;allocations ch\u00f4mage. Autrement dit, si vous perdez de nouveau votre nouvel emploi, dans ce cas vous serez indemnis\u00e9 par le reliquat d&rsquo;allocation ch\u00f4mage.<\/p>\n<p>Mais puisque vous avez cumul\u00e9 de nouveaux droits pendant votre p\u00e9riode d&rsquo;activit\u00e9 professionnelle. Vous cumulez ainsi de nouvelles allocations ch\u00f4mage, ces derni\u00e8res vous seront vers\u00e9es une fois que vous avez \u00e9puis\u00e9 votre reliquat.<\/p>\n<h2>Le droit d&rsquo;option<\/h2>\n<p class=\"amp-wp-7d27179\" data-amp-original-style=\"text-align: justify;\"><span class=\"amp-wp-fe3f5cc\" data-amp-original-style=\"font-weight: 400;\">Vous pouvez b\u00e9n\u00e9ficier d\u2019un droit d\u2019option entre vos anciens et nouveaux droits. Ce-dernier vous permet de choisir l\u2019allocation qui r\u00e9sulte de la derni\u00e8re p\u00e9riode d\u2019activit\u00e9. Cela sans attendre l\u2019\u00e9puisement des allocations non utilis\u00e9es d\u2019un droit au ch\u00f4mage pr\u00e9c\u00e9dent.<\/span><\/p>\n<p class=\"amp-wp-7d27179\" data-amp-original-style=\"text-align: justify;\"><span class=\"amp-wp-fe3f5cc\" data-amp-original-style=\"font-weight: 400;\"> En d\u2019autres termes, vous passez directement \u00e0 l\u2019allocation qui d\u00e9coule de votre p\u00e9riode de travail la plus r\u00e9cente. Pour pouvoir b\u00e9n\u00e9ficier de ce droit d\u2019option, vous devez remplir les conditions suivantes :<\/span><\/p>\n<ul>\n<li class=\"amp-wp-7d27179\" data-amp-original-style=\"text-align: justify;\"><span class=\"amp-wp-fe3f5cc\" data-amp-original-style=\"font-weight: 400;\">Avoir retravaill\u00e9 au moins 4 mois sur la p\u00e9riode qui pr\u00e9c\u00e8de votre retour \u00e0 l\u2019ARE<\/span><\/li>\n<li class=\"amp-wp-7d27179\" data-amp-original-style=\"text-align: justify;\"><span class=\"amp-wp-fe3f5cc\" data-amp-original-style=\"font-weight: 400;\">Votre allocation journali\u00e8re ne doit pas d\u00e9passer 20 \u20ac. Ou vous b\u00e9n\u00e9ficiez d\u2019une allocation journali\u00e8re sup\u00e9rieure d\u2019au moins 30% de celle du reliquat<\/span><\/li>\n<\/ul>\n<div class='cta-block'><div class='text'>Simulez votre ch\u00f4mage en 2 min.<\/div><a href='https:\/\/www.mes-allocs.fr\/simulation-chomage?origin=guides\/wp-json\/wp\/v2\/posts\/33689' class='app-button fit'>Simulation gratuite<\/a><\/div>\n","protected":false},"excerpt":{"rendered":"<p>L&rsquo; allocation d&rsquo; aide au retour \u00e0 l&#8217;emploi ARE ou allocation ch\u00f4mage est vers\u00e9e aux personnes inscrites chez P\u00f4le Emploi. Si ces derniers ont \u00e9t\u00e9 involontairement priv\u00e9s d&#8217;emploi. Pour en b\u00e9n\u00e9ficier, un certain nombre de conditions sont \u00e0 respecter. Mes Allocs vous explique sur combien de jours est calcul\u00e9e l&rsquo;indemnit\u00e9 ch\u00f4mage. P\u00e9riode prise en compte [&hellip;]<\/p>\n","protected":false},"author":10,"featured_media":33709,"comment_status":"open","ping_status":"open","sticky":false,"template":"","format":"standard","meta":{"amp_status":"","footnotes":""},"categories":[2990,2989],"tags":[],"class_list":["post-33689","post","type-post","status-publish","format-standard","has-post-thumbnail","hentry","category-calculer-chomage","category-chomage"],"yoast_head":"<!-- This site is optimized with the Yoast SEO plugin v14.9 - https:\/\/yoast.com\/wordpress\/plugins\/seo\/ -->\n<title>Sur combien de jour est calcul\u00e9e l&#039;indemnit\u00e9 ch\u00f4mage ? | Mes-Allocs.fr<\/title>\n<meta name=\"description\" content=\"Vous percevez une indemnit\u00e9 ch\u00f4mage sous conditions. Mes Allocs vous explique sur combien de jours est calcul\u00e9e l&#039;indemnit\u00e9 ch\u00f4mage.\" \/>\n<meta name=\"robots\" content=\"index, follow, max-snippet:-1, max-image-preview:large, max-video-preview:-1\" \/>\n<link rel=\"canonical\" href=\"https:\/\/www.mes-allocs.fr\/guides\/chomage\/calculer-chomage\/periode-reference-calcul-chomage\/\" \/>\n<meta property=\"og:locale\" content=\"fr_FR\" \/>\n<meta property=\"og:type\" content=\"article\" \/>\n<meta property=\"og:title\" content=\"Sur combien de jour est calcul\u00e9e l&#039;indemnit\u00e9 ch\u00f4mage ? | Mes-Allocs.fr\" \/>\n<meta property=\"og:description\" content=\"Vous percevez une indemnit\u00e9 ch\u00f4mage sous conditions. Mes Allocs vous explique sur combien de jours est calcul\u00e9e l&#039;indemnit\u00e9 ch\u00f4mage.\" \/>\n<meta property=\"og:url\" content=\"https:\/\/www.mes-allocs.fr\/guides\/chomage\/calculer-chomage\/periode-reference-calcul-chomage\/\" \/>\n<meta property=\"og:site_name\" content=\"Mes-Allocs.fr\" \/>\n<meta property=\"article:published_time\" content=\"2021-08-02T14:51:34+00:00\" \/>\n<meta property=\"article:modified_time\" content=\"2025-11-10T08:57:01+00:00\" \/>\n<meta property=\"og:image\" content=\"https:\/\/www.mes-allocs.fr\/guides\/wp-content\/uploads\/2021\/07\/Sur-combien-de-jour-est-calcule\u0301e-l-indemnite\u0301-cho\u0302mage-.jpg?wsr\" \/>\n\t<meta property=\"og:image:width\" content=\"1280\" \/>\n\t<meta property=\"og:image:height\" content=\"853\" \/>\n<meta name=\"twitter:card\" content=\"summary_large_image\" \/>\n<script type=\"application\/ld+json\" class=\"yoast-schema-graph\">{\"@context\":\"https:\/\/schema.org\",\"@graph\":[{\"@type\":\"WebSite\",\"@id\":\"https:\/\/www.mes-allocs.fr\/guides\/#website\",\"url\":\"https:\/\/www.mes-allocs.fr\/guides\/\",\"name\":\"Mes-Allocs.fr\",\"description\":\"\",\"potentialAction\":[{\"@type\":\"SearchAction\",\"target\":\"https:\/\/www.mes-allocs.fr\/guides\/?s={search_term_string}\",\"query-input\":\"required name=search_term_string\"}],\"inLanguage\":\"fr-FR\"},{\"@type\":\"ImageObject\",\"@id\":\"https:\/\/www.mes-allocs.fr\/guides\/chomage\/calculer-chomage\/periode-reference-calcul-chomage\/#primaryimage\",\"inLanguage\":\"fr-FR\",\"url\":\"https:\/\/www.mes-allocs.fr\/guides\/wp-content\/uploads\/2021\/07\/Sur-combien-de-jour-est-calcule\\u0301e-l-indemnite\\u0301-cho\\u0302mage-.jpg?wsr\",\"width\":1280,\"height\":853,\"caption\":\"Sur combien de jour est calcule\\u0301e l indemnite\\u0301 cho\\u0302mage\"},{\"@type\":\"WebPage\",\"@id\":\"https:\/\/www.mes-allocs.fr\/guides\/chomage\/calculer-chomage\/periode-reference-calcul-chomage\/#webpage\",\"url\":\"https:\/\/www.mes-allocs.fr\/guides\/chomage\/calculer-chomage\/periode-reference-calcul-chomage\/\",\"name\":\"Sur combien de jour est calcul\\u00e9e l'indemnit\\u00e9 ch\\u00f4mage ? | Mes-Allocs.fr\",\"isPartOf\":{\"@id\":\"https:\/\/www.mes-allocs.fr\/guides\/#website\"},\"primaryImageOfPage\":{\"@id\":\"https:\/\/www.mes-allocs.fr\/guides\/chomage\/calculer-chomage\/periode-reference-calcul-chomage\/#primaryimage\"},\"datePublished\":\"2021-08-02T14:51:34+00:00\",\"dateModified\":\"2025-11-10T08:57:01+00:00\",\"author\":{\"@id\":\"https:\/\/www.mes-allocs.fr\/guides\/#\/schema\/person\/8d47b912c0ad15f379df96b4e4e33f58\"},\"description\":\"Vous percevez une indemnit\\u00e9 ch\\u00f4mage sous conditions. Mes Allocs vous explique sur combien de jours est calcul\\u00e9e l'indemnit\\u00e9 ch\\u00f4mage.\",\"inLanguage\":\"fr-FR\"},{\"@type\":\"Person\",\"@id\":\"https:\/\/www.mes-allocs.fr\/guides\/#\/schema\/person\/8d47b912c0ad15f379df96b4e4e33f58\",\"name\":\"Constance de Cagny\",\"image\":{\"@type\":\"ImageObject\",\"@id\":\"https:\/\/www.mes-allocs.fr\/guides\/#personlogo\",\"inLanguage\":\"fr-FR\",\"url\":\"https:\/\/www.mes-allocs.fr\/guides\/wp-content\/uploads\/2021\/06\/Constance.2e8ee0b.png\",\"caption\":\"Constance de Cagny\"},\"description\":\"Constance est r\\u00e9dactrice au sein de l'\\u00e9quipe Mes Allocs. Elle a l'habitude d'\\u00e9crire sur les sujets conso, bons plans et \\u00e9conomies. Dipl\\u00f4m\\u00e9e de l'ENACO, elle rejoint Mes Allocs apr\\u00e8s une premi\\u00e8re exp\\u00e9rience en cabinet notarial.\",\"sameAs\":[\"https:\/\/www.linkedin.com\/in\/constance-de-cagny-mayeur-bbb414135\"]}]}<\/script>\n<!-- \/ Yoast SEO plugin. -->","amp_validity":null,"acf":{"faq":{"1":{"question":"Qui a droit au ch\u00f4mage 2025 ?","answer":"Toute personne ayant perdu involontairement son emploi et remplissant les conditions d'\u00e9ligibilit\u00e9 \u00e0 l'ARE, pourront b\u00e9n\u00e9ficier du ch\u00f4mage 2025."},"2":{"question":"Quel d\u00e9lai pour s'inscrire \u00e0 P\u00f4le emploi ?","answer":"Vous devez vous inscrire en tant que demandeur d'emploi au P\u00f4le Emploi, dans les 12 mois suivants la date de fin de votre contrat.<br> <a href=\"https:\/\/www.mes-allocs.fr\/guides\/pole-emploi\/droit-au-chomage\/droit-au-chomage-situation-professionnelle\/etudiants-droit-au-chomage\/\">Lire la suite<\/a>"},"3":{"question":"Quelle prime pour les ch\u00f4meurs ?","answer":"Vous avez droit \u00e0 une prime de 150\u20ac, dont le versement se fera automatiquement par P\u00f4le emploi. Et ce, \u00e0 compter du 15 du mois."},"4":{"question":"Quelles sont les aides quand on est au ch\u00f4mage ?","answer":"Au ch\u00f4mage, vous pouvez b\u00e9n\u00e9ficier des indemnit\u00e9s associ\u00e9es si vous avez fait l'objet d'une d\u00e9mission l\u00e9gitime. Le RSA est aussi une option envisageable."},"5":{"question":"Comment calculer son ch\u00f4mage apr\u00e8s une rupture conventionnelle ?","answer":"Le calcul correspond \u00e0 la prise en compte de 13.18 \u20ac d'indemnit\u00e9 fixe et de 40,4 % du salaire journalier de r\u00e9f\u00e9rence (SJR)."},"6":{"question":"Comment calculer le salaire de r\u00e9f\u00e9rence ?","answer":"Vous devez additionner l'ensemble des salaires bruts per\u00e7us au cours des douze derniers mois, y compris les treizi\u00e8mes mois, primes et bonus."},"7":{"question":"","answer":""},"8":{"question":"","answer":""},"9":{"question":"","answer":""},"10":{"question":"","answer":""},"11":{"question":"","answer":""},"12":{"question":"","answer":""},"13":{"question":"","answer":""},"14":{"question":"","answer":""},"15":{"question":"","answer":""},"16":{"question":"","answer":""}}},"_links":{"self":[{"href":"https:\/\/www.mes-allocs.fr\/guides\/wp-json\/wp\/v2\/posts\/33689","targetHints":{"allow":["GET"]}}],"collection":[{"href":"https:\/\/www.mes-allocs.fr\/guides\/wp-json\/wp\/v2\/posts"}],"about":[{"href":"https:\/\/www.mes-allocs.fr\/guides\/wp-json\/wp\/v2\/types\/post"}],"author":[{"embeddable":true,"href":"https:\/\/www.mes-allocs.fr\/guides\/wp-json\/wp\/v2\/users\/10"}],"replies":[{"embeddable":true,"href":"https:\/\/www.mes-allocs.fr\/guides\/wp-json\/wp\/v2\/comments?post=33689"}],"version-history":[{"count":19,"href":"https:\/\/www.mes-allocs.fr\/guides\/wp-json\/wp\/v2\/posts\/33689\/revisions"}],"predecessor-version":[{"id":104400,"href":"https:\/\/www.mes-allocs.fr\/guides\/wp-json\/wp\/v2\/posts\/33689\/revisions\/104400"}],"wp:featuredmedia":[{"embeddable":true,"href":"https:\/\/www.mes-allocs.fr\/guides\/wp-json\/wp\/v2\/media\/33709"}],"wp:attachment":[{"href":"https:\/\/www.mes-allocs.fr\/guides\/wp-json\/wp\/v2\/media?parent=33689"}],"wp:term":[{"taxonomy":"category","embeddable":true,"href":"https:\/\/www.mes-allocs.fr\/guides\/wp-json\/wp\/v2\/categories?post=33689"},{"taxonomy":"post_tag","embeddable":true,"href":"https:\/\/www.mes-allocs.fr\/guides\/wp-json\/wp\/v2\/tags?post=33689"}],"curies":[{"name":"wp","href":"https:\/\/api.w.org\/{rel}","templated":true}]}}