{"id":33569,"date":"2021-08-02T17:12:42","date_gmt":"2021-08-02T15:12:42","guid":{"rendered":"https:\/\/www.mes-allocs.fr\/guides\/?p=33569"},"modified":"2025-10-14T18:02:21","modified_gmt":"2025-10-14T16:02:21","slug":"causes-chomage","status":"publish","type":"post","link":"https:\/\/www.mes-allocs.fr\/guides\/chomage\/causes-chomage\/","title":{"rendered":"Quelles sont les causes du ch\u00f4mage en France ?"},"content":{"rendered":"<p><img loading=\"lazy\" decoding=\"async\" class=\"aligncenter wp-image-33860\" title=\"ouvrier en usine\" src=\"https:\/\/www.mes-allocs.fr\/guides\/wp-content\/uploads\/2021\/07\/ouvrier-en-usine--e1627584634129.jpg\" alt=\"ouvrier en usine\" width=\"1200\" height=\"419\" \/><\/p>\n<p style=\"text-align: justify;\"><strong>En France, il existe de nombreuses politiques contre <a href=\"https:\/\/www.mes-allocs.fr\/guides\/chomage\">le ch\u00f4mage<\/a>. Ces politiques jouent sur certains m\u00e9canismes qui r\u00e9duisent le ch\u00f4mage. Dans cet article, nous allons voir quelles sont les diff\u00e9rentes causes du ch\u00f4mage en France.<\/strong><\/p>\n<div class='cta-block'><div class='text'>Simulez vos aides en 2 min.<\/div><a href='https:\/\/www.mes-allocs.fr\/ab-app?origin=guides\/wp-json\/wp\/v2\/posts\/33569' class='app-button fit'>Simulation gratuite<\/a><\/div>\n<h1 class=\"amp-wp-7d27179\" style=\"text-align: justify;\" data-amp-original-style=\"text-align: justify;\"><span id=\"Chomage_definition\"><b>Le ch\u00f4mage en France <\/b><\/span><\/h1>\n<h2 class=\"amp-wp-7d27179\" style=\"text-align: justify;\" data-amp-original-style=\"text-align: justify;\"><span id=\"Chomage_definition\"><b>D\u00e9finition<\/b><\/span><\/h2>\n<p class=\"amp-wp-7d27179\" style=\"text-align: justify;\" data-amp-original-style=\"text-align: justify;\"><span class=\"amp-wp-fe3f5cc\" data-amp-original-style=\"font-weight: 400;\">Le ch\u00f4mage est la situation d\u2019une personne, d\u2019une entreprise, d\u2019un secteur entier de l\u2019activit\u00e9 \u00e9conomique caract\u00e9ris\u00e9e par le manque de travail. Les causes d\u2019absence d\u2019emploi pour la population active sont nombreuses : entr\u00e9e dans la vie active, licenciement, d\u00e9mission volontaire ou r\u00e9orientation professionnelle.<\/span><\/p>\n<h2 style=\"text-align: justify;\" data-amp-original-style=\"text-align: justify;\">Les formes de ch\u00f4mage<\/h2>\n<p class=\"amp-wp-7d27179\" style=\"text-align: justify;\" data-amp-original-style=\"text-align: justify;\"><span class=\"amp-wp-fe3f5cc\" data-amp-original-style=\"font-weight: 400;\">Il existe de nombreuses formes de ch\u00f4mage :<\/span><\/p>\n<ul style=\"text-align: justify;\">\n<li class=\"amp-wp-7d27179\" data-amp-original-style=\"text-align: justify;\"><b>Le ch\u00f4mage naturel<\/b><span class=\"amp-wp-fe3f5cc\" data-amp-original-style=\"font-weight: 400;\"> : c\u2019est le temps de battement quasi-syst\u00e9matique entre le d\u00e9but de la recherche d\u2019emploi et le fait d\u2019en obtenir un.\u00a0<\/span><\/li>\n<li class=\"amp-wp-7d27179\" data-amp-original-style=\"text-align: justify;\"><b>Le ch\u00f4mage conjoncturel<\/b><span class=\"amp-wp-fe3f5cc\" data-amp-original-style=\"font-weight: 400;\"> : c\u2019est le ch\u00f4mage qui r\u00e9sulte d\u2019un ralentissement de l\u2019activit\u00e9 \u00e9conomique d\u2019un pays, provoquant ainsi un surplus de main d\u2019\u0153uvre. Les entreprises licencient alors pour adapter leur capacit\u00e9 de production \u00e0 la baisse de l\u2019activit\u00e9 \u00e9conomique.<\/span><\/li>\n<li class=\"amp-wp-7d27179\" data-amp-original-style=\"text-align: justify;\"><b>Mais aussi le ch\u00f4mage structurel<\/b><span class=\"amp-wp-fe3f5cc\" data-amp-original-style=\"font-weight: 400;\"> : il est li\u00e9 aux changements de structures \u00e9conomiques d\u2019un pays, qui r\u00e9sultent d\u2019une inad\u00e9quation qualitative entre l\u2019offre et la demande. Une partie de la population est ainsi inemployable, n\u2019\u00e9tant pas qualifi\u00e9e pour la demande.<\/span><\/li>\n<li class=\"amp-wp-7d27179\" data-amp-original-style=\"text-align: justify;\"><b>Le <a href=\"https:\/\/www.mes-allocs.fr\/guides\/chomage\/chomage-technique\">ch\u00f4mage technique<\/a><\/b><span class=\"amp-wp-fe3f5cc\" data-amp-original-style=\"font-weight: 400;\"> : le ch\u00f4mage d\u00fb \u00e0 l\u2019impossibilit\u00e9 d\u2019autres acteurs \u00e9conomiques de fournir le n\u00e9cessaire \u00e0 une entreprise afin qu\u2019elle poursuive son activit\u00e9.<\/span><\/li>\n<li class=\"amp-wp-7d27179\" data-amp-original-style=\"text-align: justify;\"><b>Le ch\u00f4mage partiel<\/b><span class=\"amp-wp-fe3f5cc\" data-amp-original-style=\"font-weight: 400;\"> : il est provoqu\u00e9 par une baisse d\u2019activit\u00e9 anormale d\u2019une entreprise qui r\u00e9sulte en la diminution des heures de travail.<\/span><\/li>\n<li class=\"amp-wp-7d27179\" data-amp-original-style=\"text-align: justify;\"><b>Et le ch\u00f4mage saisonnier<\/b><span class=\"amp-wp-fe3f5cc\" data-amp-original-style=\"font-weight: 400;\"> : il concerne certaines branches professionnelles dont l\u2019activit\u00e9 varie sensiblement selon les p\u00e9riodes de l\u2019ann\u00e9e.<\/span><\/li>\n<\/ul>\n<p class=\"amp-wp-7d27179\" style=\"text-align: justify;\" data-amp-original-style=\"text-align: justify;\"><span class=\"amp-wp-fe3f5cc\" data-amp-original-style=\"font-weight: 400;\">En France, le ch\u00f4mage est mesur\u00e9 par deux institutions diff\u00e9rentes :<\/span><\/p>\n<ul style=\"text-align: justify;\">\n<li class=\"amp-wp-7d27179\" data-amp-original-style=\"text-align: justify;\"><span class=\"amp-wp-fe3f5cc\" data-amp-original-style=\"font-weight: 400;\">Le minist\u00e8re du travail qui \u00e9tablit mensuellement les chiffres du ch\u00f4mage,<\/span><\/li>\n<li class=\"amp-wp-7d27179\" data-amp-original-style=\"text-align: justify;\"><span class=\"amp-wp-fe3f5cc\" data-amp-original-style=\"font-weight: 400;\">L\u2019Insee (institut national de la statistique et des \u00e9tudes \u00e9conomiques)<\/span><\/li>\n<\/ul>\n<p style=\"text-align: justify;\">Lorsque vous \u00eates dans cette situation, vous n&rsquo;\u00eates pas laiss\u00e9s \u00e0 l&rsquo;abandon. En effet, il existe une indemnit\u00e9 qui va vous permettre de faire face \u00e0 cette perte d&#8217;emploi. On vous dit tout.<\/p>\n<p style=\"text-align: justify;\"><span style=\"font-weight: 400;\"><div class='cta-block'><div class='text'>Simulez toutes vos aides en 2 min.<\/div><a href='https:\/\/www.mes-allocs.fr\/ab-app?origin=guides\/wp-json\/wp\/v2\/posts\/33569' class='app-button fit'>Simulation gratuite<\/a><\/div><\/span><\/p>\n<h1 style=\"text-align: justify;\">Les causes du ch\u00f4mage en France<\/h1>\n<h2 style=\"text-align: justify;\">Les causes structurelles<\/h2>\n<p style=\"text-align: justify;\">Les causes structurelles font directement parties au syst\u00e8me \u00e9conomique en France. Pour notre pays, il s&rsquo;agit du syst\u00e8me capitaliste. Il existe plusieurs causes de ce type. On vous dit tout.<\/p>\n<p style=\"text-align: justify;\">En ce qui concerne ce facteur, il s&rsquo;est essentiellement d\u00e9velopp\u00e9 au milieu des ann\u00e9es 1970. Cela est notamment d\u00fb \u00e0 ce que l&rsquo;on appelle la massification scolaire. Ce ph\u00e9nom\u00e8ne est d\u00fb au fait que le nombre de jeunes dipl\u00f4m\u00e9s a augment\u00e9.<\/p>\n<p style=\"text-align: justify;\">De fait, ce nombre de jeunes sortant du syst\u00e8me scolaire est plus \u00e9lev\u00e9 que le nombre de <img loading=\"lazy\" decoding=\"async\" class=\"alignright wp-image-33864\" title=\"etudiant\" src=\"https:\/\/www.mes-allocs.fr\/guides\/wp-content\/uploads\/2021\/07\/etudiant-2.jpeg\" alt=\"Les causes structurelles\" width=\"330\" height=\"220\" srcset=\"https:\/\/www.mes-allocs.fr\/guides\/wp-content\/uploads\/2021\/07\/etudiant-2.jpeg 1125w, https:\/\/www.mes-allocs.fr\/guides\/wp-content\/uploads\/2021\/07\/etudiant-2-300x200.jpeg 300w, https:\/\/www.mes-allocs.fr\/guides\/wp-content\/uploads\/2021\/07\/etudiant-2-1024x683.jpeg 1024w, https:\/\/www.mes-allocs.fr\/guides\/wp-content\/uploads\/2021\/07\/etudiant-2-768x512.jpeg 768w, https:\/\/www.mes-allocs.fr\/guides\/wp-content\/uploads\/2021\/07\/etudiant-2-600x400.jpeg 600w\" sizes=\"auto, (max-width: 330px) 100vw, 330px\" \/>personnes en \u00e2ge de prendre leur retraite. De fait, il y a plus de monde dans le march\u00e9 du travail et cela cr\u00e9e en quelque sorte des bouchons.<\/p>\n<p style=\"text-align: justify;\">Il faut ajouter \u00e0 cela certains changements sociologiques. En effet, la forte augmentation du travail des femmes et la n\u00e9cessit\u00e9 d&rsquo;un second revenu par m\u00e9nage ont aussi amen\u00e9 \u00e0 un important flux de personnes dans le march\u00e9 du travail.<\/p>\n<p style=\"text-align: justify;\">Dans le m\u00eame temps, il faut noter des changements dans la structure du monde du travail. En effet, on voit qu&rsquo;a partir des ann\u00e9es 1970, il y a une tertiairisation des activit\u00e9s. Nous d\u00e9signons par secteur tertiaire toutes les activit\u00e9s ayant attrait aux services.<\/p>\n<p style=\"text-align: justify;\">Avant ce changement structurel, le secteur primaire \u00e9tait dominateur dans le march\u00e9 du travail. Le secteur primaire concerne les activit\u00e9s de production de mati\u00e8res premi\u00e8res.<\/p>\n<p style=\"text-align: justify;\">De fait, avec ces changements structurels, de nombreuses personnes se sont retrouv\u00e9s au ch\u00f4mage ou sous le coup d&rsquo;un licenciement. Ce changement structurel a assez impact\u00e9 le march\u00e9 du travail.<\/p>\n<p style=\"text-align: justify;\">Au-del\u00e0 de ces causes structurelles, il y a aussi des causes li\u00e9es \u00e0 la conjoncture. Les voici.<\/p>\n<p><span style=\"font-weight: 400;\"><div class='cta-block'><div class='text'>Simulez toutes vos aides en 2 min.<\/div><a href='https:\/\/www.mes-allocs.fr\/ab-app?origin=guides\/wp-json\/wp\/v2\/posts\/33569' class='app-button fit'>Simulation gratuite<\/a><\/div><\/span><\/p>\n<h2 style=\"text-align: justify;\">Les causes conjoncturelles<\/h2>\n<p style=\"text-align: justify;\">Les causes conjoncturelles vont principalement impacter l&rsquo;\u00e9conomie du pays. Cela peut \u00eatre du \u00e0 des changements li\u00e9es \u00e0 l&rsquo;\u00e9conomie mondiale ou \u00e0 une \u00e9chelle plus locale.<\/p>\n<p style=\"text-align: justify;\">Dans un premier temps, on voit que la d\u00e9localisation joue un r\u00f4le dans cette mont\u00e9e du ch\u00f4mage. En effet, on voit que la d\u00e9localisation est une des causes conjoncturelles de la mont\u00e9e du ch\u00f4mage. La d\u00e9localisation est un principe selon lequel une entreprise va d\u00e9m\u00e9nager ses lieux de production dans un autre pays pour faire baisser les co\u00fbts de production.<\/p>\n<p style=\"text-align: justify;\">Ce ph\u00e9nom\u00e8ne est rendu possible notamment gr\u00e2ce aux avanc\u00e9es technologiques. Il existe aussi d&rsquo;autres motivations pour d\u00e9localiser, notamment en ce qui concerne la fiscalit\u00e9 pour les entreprises.<\/p>\n<p style=\"text-align: justify;\">Dans le prolongement de cette id\u00e9e, certaines entreprises vont fuir les charges sur les salaires. Il s&rsquo;agit du dumping social. Pour \u00e9viter ses charges suppl\u00e9mentaires, les entreprises vont changer de pays en fermant leurs usines. Cela explique aussi la mont\u00e9e du ch\u00f4mage en France.<img loading=\"lazy\" decoding=\"async\" class=\"alignright wp-image-33863\" title=\"robots usine\" src=\"https:\/\/www.mes-allocs.fr\/guides\/wp-content\/uploads\/2021\/07\/robots-usine-.jpg\" alt=\"Les causes conjoncturelles\" width=\"292\" height=\"195\" srcset=\"https:\/\/www.mes-allocs.fr\/guides\/wp-content\/uploads\/2021\/07\/robots-usine-.jpg 1125w, https:\/\/www.mes-allocs.fr\/guides\/wp-content\/uploads\/2021\/07\/robots-usine--300x200.jpg 300w, https:\/\/www.mes-allocs.fr\/guides\/wp-content\/uploads\/2021\/07\/robots-usine--1024x683.jpg 1024w, https:\/\/www.mes-allocs.fr\/guides\/wp-content\/uploads\/2021\/07\/robots-usine--768x512.jpg 768w, https:\/\/www.mes-allocs.fr\/guides\/wp-content\/uploads\/2021\/07\/robots-usine--600x400.jpg 600w\" sizes=\"auto, (max-width: 292px) 100vw, 292px\" \/><\/p>\n<p style=\"text-align: justify;\">Enfin, on peut \u00e9voquer aussi le progr\u00e8s technique et l&rsquo;avanc\u00e9e de la robotisation dans les entreprises. Afin de r\u00e9duire les co\u00fbts de production, les risques et les charges, les entreprises sont beaucoup plus tent\u00e9es d&rsquo;investir dans des robots. Ils auront pour but d&rsquo;effectuer la m\u00eame t\u00e2che que la main d&rsquo;oeuvre classique sans avoir les charges qui vont avec. Ce ph\u00e9nom\u00e8ne accentue le taux de ch\u00f4mage en France.<\/p>\n<p><span style=\"font-weight: 400;\"><div class='cta-block'><div class='text'>Simulez toutes vos aides en 2 min.<\/div><a href='https:\/\/www.mes-allocs.fr\/ab-app?origin=guides\/wp-json\/wp\/v2\/posts\/33569' class='app-button fit'>Simulation gratuite<\/a><\/div><\/span><\/p>\n<p style=\"text-align: justify;\">\n","protected":false},"excerpt":{"rendered":"<p>En France, il existe de nombreuses politiques contre le ch\u00f4mage. Ces politiques jouent sur certains m\u00e9canismes qui r\u00e9duisent le ch\u00f4mage. Dans cet article, nous allons voir quelles sont les diff\u00e9rentes causes du ch\u00f4mage en France. Le ch\u00f4mage en France D\u00e9finition Le ch\u00f4mage est la situation d\u2019une personne, d\u2019une entreprise, d\u2019un secteur entier de l\u2019activit\u00e9 \u00e9conomique [&hellip;]<\/p>\n","protected":false},"author":6,"featured_media":33860,"comment_status":"open","ping_status":"open","sticky":false,"template":"","format":"standard","meta":{"amp_status":"","footnotes":""},"categories":[2989],"tags":[],"class_list":["post-33569","post","type-post","status-publish","format-standard","has-post-thumbnail","hentry","category-chomage"],"yoast_head":"<!-- This site is optimized with the Yoast SEO plugin v14.9 - https:\/\/yoast.com\/wordpress\/plugins\/seo\/ -->\n<title>Quelles sont les causes du ch\u00f4mage en France ? | Mes-Allocs.fr<\/title>\n<meta name=\"description\" content=\"Il existe de nombreuses causes au ch\u00f4mage en France. Avec vous , Mes Allocs fait le tour de ces causes pour mieux comprendre le ph\u00e9nom\u00e8ne.\" \/>\n<meta name=\"robots\" content=\"index, follow, max-snippet:-1, max-image-preview:large, max-video-preview:-1\" \/>\n<link rel=\"canonical\" href=\"https:\/\/www.mes-allocs.fr\/guides\/chomage\/causes-chomage\/\" \/>\n<meta property=\"og:locale\" content=\"fr_FR\" \/>\n<meta property=\"og:type\" content=\"article\" \/>\n<meta property=\"og:title\" content=\"Quelles sont les causes du ch\u00f4mage en France ? | Mes-Allocs.fr\" \/>\n<meta property=\"og:description\" content=\"Il existe de nombreuses causes au ch\u00f4mage en France. Avec vous , Mes Allocs fait le tour de ces causes pour mieux comprendre le ph\u00e9nom\u00e8ne.\" \/>\n<meta property=\"og:url\" content=\"https:\/\/www.mes-allocs.fr\/guides\/chomage\/causes-chomage\/\" \/>\n<meta property=\"og:site_name\" content=\"Mes-Allocs.fr\" \/>\n<meta property=\"article:published_time\" content=\"2021-08-02T15:12:42+00:00\" \/>\n<meta property=\"article:modified_time\" content=\"2025-10-14T16:02:21+00:00\" \/>\n<meta property=\"og:image\" content=\"https:\/\/www.mes-allocs.fr\/guides\/wp-content\/uploads\/2021\/07\/ouvrier-en-usine-.jpg?wsr\" \/>\n\t<meta property=\"og:image:width\" content=\"1125\" \/>\n\t<meta property=\"og:image:height\" content=\"750\" \/>\n<meta name=\"twitter:card\" content=\"summary_large_image\" \/>\n<script type=\"application\/ld+json\" class=\"yoast-schema-graph\">{\"@context\":\"https:\/\/schema.org\",\"@graph\":[{\"@type\":\"WebSite\",\"@id\":\"https:\/\/www.mes-allocs.fr\/guides\/#website\",\"url\":\"https:\/\/www.mes-allocs.fr\/guides\/\",\"name\":\"Mes-Allocs.fr\",\"description\":\"\",\"potentialAction\":[{\"@type\":\"SearchAction\",\"target\":\"https:\/\/www.mes-allocs.fr\/guides\/?s={search_term_string}\",\"query-input\":\"required name=search_term_string\"}],\"inLanguage\":\"fr-FR\"},{\"@type\":\"ImageObject\",\"@id\":\"https:\/\/www.mes-allocs.fr\/guides\/chomage\/causes-chomage\/#primaryimage\",\"inLanguage\":\"fr-FR\",\"url\":\"https:\/\/www.mes-allocs.fr\/guides\/wp-content\/uploads\/2021\/07\/ouvrier-en-usine-.jpg?wsr\",\"width\":1125,\"height\":750,\"caption\":\"Quelles sont les causes du ch\\u00f4mage en France ?\"},{\"@type\":\"WebPage\",\"@id\":\"https:\/\/www.mes-allocs.fr\/guides\/chomage\/causes-chomage\/#webpage\",\"url\":\"https:\/\/www.mes-allocs.fr\/guides\/chomage\/causes-chomage\/\",\"name\":\"Quelles sont les causes du ch\\u00f4mage en France ? | Mes-Allocs.fr\",\"isPartOf\":{\"@id\":\"https:\/\/www.mes-allocs.fr\/guides\/#website\"},\"primaryImageOfPage\":{\"@id\":\"https:\/\/www.mes-allocs.fr\/guides\/chomage\/causes-chomage\/#primaryimage\"},\"datePublished\":\"2021-08-02T15:12:42+00:00\",\"dateModified\":\"2025-10-14T16:02:21+00:00\",\"author\":{\"@id\":\"https:\/\/www.mes-allocs.fr\/guides\/#\/schema\/person\/0ecd61a8600573914d00d970a588c024\"},\"description\":\"Il existe de nombreuses causes au ch\\u00f4mage en France. Avec vous , Mes Allocs fait le tour de ces causes pour mieux comprendre le ph\\u00e9nom\\u00e8ne.\",\"inLanguage\":\"fr-FR\"},{\"@type\":\"Person\",\"@id\":\"https:\/\/www.mes-allocs.fr\/guides\/#\/schema\/person\/0ecd61a8600573914d00d970a588c024\",\"name\":\"Jonathan\",\"image\":{\"@type\":\"ImageObject\",\"@id\":\"https:\/\/www.mes-allocs.fr\/guides\/#personlogo\",\"inLanguage\":\"fr-FR\",\"url\":\"https:\/\/www.mes-allocs.fr\/guides\/wp-content\/uploads\/2021\/06\/jonathan-150x150.png\",\"caption\":\"Jonathan\"},\"description\":\"Jonathan est r\\u00e9dacteur au sein de l'\\u00e9quipe Mes Allocs, sp\\u00e9cialis\\u00e9 sur les sujets li\\u00e9s au handicap. Dipl\\u00f4m\\u00e9e de l'UPEM, il rejoint Mes Allocs apr\\u00e8s avoir travaill\\u00e9 \\u00e0 l'association AEDE qui accompagne les adultes en situation de handicap. Quand il n'\\u00e9crit pas, on peut le retrouver sur un terrain de basket.\",\"sameAs\":[\"https:\/\/www.linkedin.com\/in\/jonathan-bambela-8637861b7\"]}]}<\/script>\n<!-- \/ Yoast SEO plugin. -->","amp_validity":null,"acf":{"faq":{"1":{"question":"Quelle diff\u00e9rence entre le ch\u00f4mage partiel et technique ?","answer":"Entre les deux termes il n'y a aucune diff\u00e9rence. Au niveau de la loi, on parle d'activit\u00e9 partielle.  "},"2":{"question":"Quelles sont les conditions li\u00e9es au Ch\u00f4mage en France ?","answer":"Vous devez justifier d\u2019une p\u00e9riode minimale de travail de 88 jours \u2013 dite dur\u00e9e d\u2019affiliation \u2013 ou 610 heures, sur la p\u00e9riode des 28 derniers mois pr\u00e9c\u00e9dant la fin du contrat de travail.\r\n"},"3":{"question":"Comment faire pour toucher le ch\u00f4mage apr\u00e8s une d\u00e9mission ?","answer":"La d\u00e9mission l\u00e9gitime n'est pas l'unique cas qui ouvre droit au ch\u00f4mage apr\u00e8s une d\u00e9mission. Lorsque vous effectuez une reconversion professionnelle ou que vous cr\u00e9ez ou reprenez une entreprise, vous pouvez \u00e9galement b\u00e9n\u00e9ficier des allocations ch\u00f4mage"},"4":{"question":"Quelles sont les causes du ch\u00f4mage ?","answer":"Il existe de nombreuses causes du ch\u00f4mage : la d\u00e9localisation, la massification scolaire, le progr\u00e8s technique ..."},"5":{"question":"Qui a le droit au ch\u00f4mage ?","answer":"L'Assurance ch\u00f4mage prot\u00e8ge les travailleurs salari\u00e9s contre la perte d'un revenu en cas de ch\u00f4mage. Elle leur permet de b\u00e9n\u00e9ficier d'une allocation et de continuer \u00e0 cumuler des points pour la retraite m\u00eame s'ils ont perdu leur emploi."},"6":{"question":"","answer":""},"7":{"question":"","answer":""},"8":{"question":"","answer":""},"9":{"question":"","answer":""},"10":{"question":"","answer":""},"11":{"question":"","answer":""},"12":{"question":"","answer":""},"13":{"question":"","answer":""},"14":{"question":"","answer":""},"15":{"question":"","answer":""},"16":{"question":"","answer":""}}},"_links":{"self":[{"href":"https:\/\/www.mes-allocs.fr\/guides\/wp-json\/wp\/v2\/posts\/33569","targetHints":{"allow":["GET"]}}],"collection":[{"href":"https:\/\/www.mes-allocs.fr\/guides\/wp-json\/wp\/v2\/posts"}],"about":[{"href":"https:\/\/www.mes-allocs.fr\/guides\/wp-json\/wp\/v2\/types\/post"}],"author":[{"embeddable":true,"href":"https:\/\/www.mes-allocs.fr\/guides\/wp-json\/wp\/v2\/users\/6"}],"replies":[{"embeddable":true,"href":"https:\/\/www.mes-allocs.fr\/guides\/wp-json\/wp\/v2\/comments?post=33569"}],"version-history":[{"count":11,"href":"https:\/\/www.mes-allocs.fr\/guides\/wp-json\/wp\/v2\/posts\/33569\/revisions"}],"predecessor-version":[{"id":100874,"href":"https:\/\/www.mes-allocs.fr\/guides\/wp-json\/wp\/v2\/posts\/33569\/revisions\/100874"}],"wp:featuredmedia":[{"embeddable":true,"href":"https:\/\/www.mes-allocs.fr\/guides\/wp-json\/wp\/v2\/media\/33860"}],"wp:attachment":[{"href":"https:\/\/www.mes-allocs.fr\/guides\/wp-json\/wp\/v2\/media?parent=33569"}],"wp:term":[{"taxonomy":"category","embeddable":true,"href":"https:\/\/www.mes-allocs.fr\/guides\/wp-json\/wp\/v2\/categories?post=33569"},{"taxonomy":"post_tag","embeddable":true,"href":"https:\/\/www.mes-allocs.fr\/guides\/wp-json\/wp\/v2\/tags?post=33569"}],"curies":[{"name":"wp","href":"https:\/\/api.w.org\/{rel}","templated":true}]}}