{"id":33544,"date":"2021-08-20T10:30:33","date_gmt":"2021-08-20T08:30:33","guid":{"rendered":"https:\/\/www.mes-allocs.fr\/guides\/?p=33544"},"modified":"2025-02-26T12:34:17","modified_gmt":"2025-02-26T10:34:17","slug":"aide-velo-electrique-lyon","status":"publish","type":"post","link":"https:\/\/www.mes-allocs.fr\/guides\/aide-velo-electrique\/aide-velo-region\/aide-velo-electrique-lyon\/","title":{"rendered":"Aide v\u00e9lo \u00e9lectrique \u00e0 Lyon : conditions, montants, d\u00e9marches"},"content":{"rendered":"<header class=\"page-header entry-header\"><\/header>\n<div class=\"entry-content\">\n<div id=\"c21234\" class=\"frame frame-default frame-type-text frame-layout-0\">\n<div id=\"c21230\" class=\"frame frame-default frame-type-text frame-layout-0\">\n<div id=\"c15769\" class=\"frame frame-default frame-type-textpic frame-layout-0\">\n<div class=\"ce-textpic ce-left ce-intext ce-nowrap\">\n<div class=\"content\">\n<div class=\"ce-bodytext\">\n<p><img loading=\"lazy\" decoding=\"async\" class=\"alignnone wp-image-34994 size-large\" title=\"aide velo electrique Lyon\" src=\"https:\/\/www.mes-allocs.fr\/guides\/wp-content\/uploads\/2021\/08\/Prime-achat-velo-electrique-Lyon-1-e1676459239202-1024x189.jpg\" alt=\"aide velo electrique Lyon\" width=\"1024\" height=\"189\" srcset=\"https:\/\/www.mes-allocs.fr\/guides\/wp-content\/uploads\/2021\/08\/Prime-achat-velo-electrique-Lyon-1-e1676459239202-1024x189.jpg 1024w, https:\/\/www.mes-allocs.fr\/guides\/wp-content\/uploads\/2021\/08\/Prime-achat-velo-electrique-Lyon-1-e1676459239202-300x55.jpg 300w, https:\/\/www.mes-allocs.fr\/guides\/wp-content\/uploads\/2021\/08\/Prime-achat-velo-electrique-Lyon-1-e1676459239202-768x142.jpg 768w, https:\/\/www.mes-allocs.fr\/guides\/wp-content\/uploads\/2021\/08\/Prime-achat-velo-electrique-Lyon-1-e1676459239202-600x111.jpg 600w, https:\/\/www.mes-allocs.fr\/guides\/wp-content\/uploads\/2021\/08\/Prime-achat-velo-electrique-Lyon-1-e1676459239202.jpg 1276w\" sizes=\"auto, (max-width: 1024px) 100vw, 1024px\" \/><\/p>\n<p><strong>Vous souhaitez acheter un v\u00e9lo ? De nombreuses <a href=\"https:\/\/www.mes-allocs.fr\/guides\/prime-velo-electrique\/\">aides \u00e0 l&rsquo;achat\u00a0d&rsquo;un v\u00e9lo \u00e9lectrique<\/a> sont disponibles. Ce soutien financier se traduit notamment par l&rsquo;aide v\u00e9lo \u00e9lectrique de la ville de Lyon. D\u00e9couvrons ensemble les conditions, montants et d\u00e9marches pour obtenir cette aide<\/strong>.<\/p>\n<div class='cta-block'><div class='text'>Simulez vos aides sociales en 2 min.<\/div><a href='https:\/\/www.mes-allocs.fr\/ab-app?origin=guides\/wp-json\/wp\/v2\/posts\/33544' class='app-button fit'>Simulation gratuite<\/a><\/div>\n<p><iframe loading=\"lazy\" title=\"L&#039;aide au v\u00e9lo \u00e9lectrique\" width=\"500\" height=\"281\" src=\"https:\/\/www.youtube.com\/embed\/QH5GqTFaqwE?feature=oembed\" frameborder=\"0\" allow=\"accelerometer; autoplay; clipboard-write; encrypted-media; gyroscope; picture-in-picture; web-share\" referrerpolicy=\"strict-origin-when-cross-origin\" allowfullscreen><\/iframe><\/p>\n<\/div>\n<\/div>\n<\/div>\n<\/div>\n<h1>L&rsquo;aide v\u00e9lo \u00e9lectrique \u00e0 Lyon<\/h1>\n<h2>Une aide financi\u00e8re pour l&rsquo;acquisition de v\u00e9los \u00e9lectriques<\/h2>\n<p>De mani\u00e8re g\u00e9n\u00e9rale, des <a href=\"https:\/\/www.mes-allocs.fr\/guides\/prime-velo-electrique\/aide-velo-region\/\">aides r\u00e9gionales<\/a> sont propos\u00e9es pour aider les personnes qui souhaitent investir dans l&rsquo;achat d&rsquo;un v\u00e9lo \u00e9lectrique. N\u00e9anmoins, aucune aide existe pour l&rsquo;<a href=\"https:\/\/www.mes-allocs.fr\/guides\/prime-velo-electrique\/aide-velo-electrique-auvergne-rhone-alpes\/\">achat d&rsquo;un v\u00e9lo \u00e9lectrique en Auvergne Rh\u00f4ne-Alpes<\/a>. Mais, si vous \u00eates un <strong>habitant de la ville de Lyon ou de sa m\u00e9tropole<\/strong>, voici une bonne nouvelle pour vous. En effet, si vous souhaitez acqu\u00e9rir un v\u00e9lo \u00e9lectrique, vous pouvez b\u00e9n\u00e9ficier d&rsquo;une <strong>aide financi\u00e8re<\/strong> afin de r\u00e9duire le co\u00fbt de votre acquisition.<\/p>\n<div id=\"c21236\" class=\"frame frame-default frame-type-text frame-layout-0\">\n<h2>Quelles sont les conditions pour b\u00e9n\u00e9ficier de l&rsquo;aide v\u00e9lo \u00e9lectrique \u00e0 Lyon ?<\/h2>\n<h3>Conditions li\u00e9es au demandeur<\/h3>\n<p>Pour avoir droit \u00e0 cette <strong>prime v\u00e9lo \u00e9lectrique \u00e0 Lyon<\/strong>, vous devez respecter les conditions ci-dessous :<\/p>\n<ul>\n<li>acheter un v\u00e9lo pour votre compte ou pour un mineur<\/li>\n<li>effectuer l&rsquo;achat chez un commer\u00e7ant, une association ou un atelier<\/li>\n<li>avoir votre r\u00e9sidence principale dans l&rsquo;une des 59 communes de la M\u00e9tropole de Lyon<\/li>\n<li>ne percevoir qu\u2019une seule aide par personne sur une dur\u00e9e de 4 ans.<\/li>\n<\/ul>\n<div class=\"content\">\n<p><strong>\u00c0 noter : l\u2019Aide Achat V\u00e9lo 2023 de la M\u00e9tropole qui a pris fin le 31 janvier 2024 a \u00e9t\u00e9 reconduite pour toute l&rsquo;ann\u00e9e 2024.<\/strong><\/p>\n<\/div>\n<\/div>\n<\/div>\n<h3>Conditions li\u00e9es au v\u00e9lo<\/h3>\n<p>L&rsquo;aide de la M\u00e9tropole de Lyon est mise en place pour une cat\u00e9gorie de v\u00e9los bien pr\u00e9cise. D\u00e9couvrez-ci dessous les v\u00e9los \u00e9ligibles.<\/p>\n<div class=\"content\">\n<p><strong>Les v\u00e9los-cargo, familiaux, pour personnes \u00e0 mobilit\u00e9 r\u00e9duite ou en situation de handicap (handbike)\u00a0 :<\/strong><\/p>\n<ul class=\"list-dashed\">\n<li>biporteurs : v\u00e9los \u00e0 2 roues \u00e9quip\u00e9s d\u2019une malle \u00e0 l\u2019avant,<\/li>\n<li>triporteurs : v\u00e9los \u00e0 3 roues \u00e9quip\u00e9s d\u2019une malle \u00e0 l\u2019avant. Il peut s\u2019agir \u00e9galement d\u2019un syst\u00e8me de ch\u00e2ssis pendulaire \u00e0 2 roues qui se fixe \u00e0 la place de la roue d\u2019un v\u00e9lo classique permettant de le transformer en triporteur,<\/li>\n<li>tandems parent-enfant ou personnes en situation de handicap,<\/li>\n<li>v\u00e9los adapt\u00e9s afin de permettre leur conduite par une <abbr title=\"personne \u00e0 mobilit\u00e9 r\u00e9duite\">PMR<\/abbr> ou en situation de handicap.<\/li>\n<li>il n\u2019y a pas de plafond pour le prix d\u2019achat des v\u00e9los de type \u00ab\u00a0handbike\u00a0\u00bb, cargos ou familiaux.<\/li>\n<\/ul>\n<p><strong>Les v\u00e9los pliants<\/strong><\/p>\n<p>Le v\u00e9lo pliant ne doit pas co\u00fbter plus de <strong>3 000\u20ac<\/strong><\/p>\n<p><strong>Les v\u00e9los \u00e9lectriques<\/strong><\/p>\n<ul class=\"list-dashed\">\n<li>attention : les v\u00e9los utilisant une batterie au plomb ou les \u00ab\u00a0speed bike\u00a0\u00bb pouvant d\u00e9passer les 25 km\/h ne sont pas \u00e9ligibles \u00e0 l\u2019aide.<\/li>\n<li>les syst\u00e8mes qui permettent de transformer votre v\u00e9lo classique en v\u00e9lo \u00e9lectrique sont aussi concern\u00e9s par l\u2019aide.<\/li>\n<li>le prix du v\u00e9lo \u00e0 assistance \u00e9lectrique ne devra pas d\u00e9passer <strong>3 000\u20ac<\/strong>.<\/li>\n<\/ul>\n<p>L&rsquo;aide est attribu\u00e9e pour l&rsquo;achat d&rsquo;un v\u00e9lo neuf ou d&rsquo;occasion chez un commer\u00e7ant professionnel implant\u00e9 sur le territoire de la M\u00e9tropole de Lyon ou un atelier associatif d\u2019autor\u00e9paration de la M\u00e9tropole :<\/p>\n<ul class=\"list-dashed\">\n<li>La p\u2019tite rustine (Bron),<\/li>\n<li>\u00c9tablicyclette (Lyon 6<sup>e<\/sup>),<\/li>\n<li>L\u2019atelier du chat perch\u00e9 (Lyon 7<sup>e<\/sup>),<\/li>\n<li>Change de cha\u00eene (Lyon 9<sup>e<\/sup>),<\/li>\n<li>Janus France (Oullins &#8211; V\u00e9nissieux),<\/li>\n<li>Tricycle (Pierre-B\u00e9nite),<\/li>\n<li>Maison du v\u00e9lo et des modes doux (Saint-Priest),<\/li>\n<li>Les bikers (Villeurbanne),<\/li>\n<li>Le cyclub (Villeurbanne),<\/li>\n<li>et tout autre atelier associatif d\u2019autor\u00e9paration v\u00e9lo nouvellement cr\u00e9\u00e9 et connu aupr\u00e8s des services de la M\u00e9tropole de Lyon.<\/li>\n<\/ul>\n<div class='cta-block'><div class='text'>Simulez vos aides sociales en 2 min.<\/div><a href='https:\/\/www.mes-allocs.fr\/ab-app?origin=guides\/wp-json\/wp\/v2\/posts\/33544' class='app-button fit'>Simulation gratuite<\/a><\/div>\n<div id=\"c21230\" class=\"frame frame-default frame-type-text frame-layout-0\">\n<h1>Quel est le montant de l&rsquo;aide v\u00e9lo \u00e9lectrique \u00e0 Lyon ?<\/h1>\n<h2>Le montant de l&rsquo;aide v\u00e9lo \u00e9lectrique \u00e0 Lyon<\/h2>\n<div class=\"content\">\n<p>Le montant de l&rsquo;aide dont vous pouvez b\u00e9n\u00e9ficier est compris entre <strong>100<\/strong> et <strong>500\u20ac<\/strong> maximum.<\/p>\n<p>Le montant attribu\u00e9 ne sera pas sup\u00e9rieur \u00e0 50% du montant total TTC de l\u2019achat.<br \/>\nPar exemple, pour un v\u00e9lo achet\u00e9 <strong>500\u20ac<\/strong>, l\u2019aide sera de <strong>250\u20ac<\/strong> ; pour un achat \u00e0 <strong>600\u20ac<\/strong>, l\u2019aide sera de <strong>300\u20ac<\/strong>.<\/p>\n<p>Pouvant aller de 100 \u00e0 500 euros, le montant de cette prime est d\u00e9termin\u00e9 en fonction du revenu fiscal de r\u00e9f\u00e9rence de l\u2019acheteur :<\/p>\n<p>Pour les personnes dont le revenu fiscal de r\u00e9f\u00e9rence divis\u00e9 par le nombre de parts fiscales est inf\u00e9rieur ou \u00e9gal \u00e0 <strong>13 489\u20ac<\/strong>, la prime ne pourra exc\u00e9der 50% du prix TTC d\u2019achat du v\u00e9lo avec un plafond de <strong>500\u20ac<\/strong>.<\/p>\n<p>En revanche, si votre revenu fiscal est sup\u00e9rieur \u00e0 <strong>13 489\u20ac<\/strong>, la prime ne pourra \u00eatre l\u00e0 aussi que de 50% du prix d\u2019achat TTC, mais cette fois-ci avec un plafond de <strong>100\u20ac<\/strong>.<\/p>\n<ul>\n<li>Revenu fiscal inf\u00e9rieur \u00e0 13 489 \u20ac : maximum de<strong> 500\u20ac<\/strong><\/li>\n<li>Revenu fiscal sup\u00e9rieur \u00e0 13 489 \u20ac : maximum de <strong>100\u20ac<\/strong>.<\/li>\n<\/ul>\n<p>\u00c0 noter : si vous \u00eates un professionnel, vous pouvez recevoir une aide de <strong>300 euros<\/strong>\u00a0pour l&rsquo;achat d\u2019un v\u00e9lo triporteur \u00e9lectrique.<\/p>\n<h2>Comment faire la demande d&rsquo;aide ?<\/h2>\n<p>La demande d&rsquo;aide de la prime v\u00e9lo \u00e9lectrique est simple. Deux solutions s&rsquo;offrent \u00e0 vous :<\/p>\n<p>Vous pouvez choisir de faire votre demande d&rsquo;aide via la plateforme en ligne des d\u00e9marches de la M\u00e9tropole : toodego. Aussi, la demande peut-\u00eatre faite par courrier. Il vous faudra suivre les \u00e9tapes suivantes :<\/p>\n<ul>\n<li>t\u00e9l\u00e9charger et remplir le formulaire de demande, la convention de subvention (en double exemplaire) et l&rsquo;attestation sur l&rsquo;honneur.<\/li>\n<li>le dossier complet doit \u00eatre envoy\u00e9 \u00e0 l&rsquo;adresse : M\u00e9tropole de Lyon &#8211; Subvention v\u00e9lo &#8211; 20 rue du Lac &#8211; CS 33569, 69505 Lyon Cedex 03.<\/li>\n<\/ul>\n<\/div>\n<\/div>\n<p>Un certain nombre de documents sont requis pour compl\u00e9ter votre dossier de demande de subvention. Vous pouvez trouver ci-dessous la liste des pi\u00e8ces justificatives que vous devez fournir\u00a0:<\/p>\n<ul>\n<li>copie de la facture d&rsquo;achat avec le nom et l&rsquo;adresse du b\u00e9n\u00e9ficiaire et la mention du type de v\u00e9lo achet\u00e9<\/li>\n<li>un justificatif de domicile (facture t\u00e9l\u00e9phonique, internet, eau, \u00e9lectricit\u00e9, gaz, etc.)<\/li>\n<li>un RIB<\/li>\n<li>pour les v\u00e9los \u00e0 assistance \u00e9lectrique et les dispositifs permettant de transformer un v\u00e9lo en v\u00e9lo \u00e0 assistance \u00e9lectrique\u00a0:\n<ul>\n<li>la copie du certificat d\u2019homologation du v\u00e9lo ou sa notice technique ou une attestation de respect de la norme NF EN 15194<\/li>\n<\/ul>\n<\/li>\n<li>si l\u2019acqu\u00e9reur est un mineur de plus de 16 ans\u00a0:\n<ul>\n<li>la copie d\u2019une pi\u00e8ce d\u2019identit\u00e9 justifiant que l\u2019acqu\u00e9reur est un mineur de plus de 16 ans<\/li>\n<li>la copie d\u2019un document justifiant que le b\u00e9n\u00e9ficiaire est bien le repr\u00e9sentant l\u00e9gal de l\u2019acqu\u00e9reur<\/li>\n<li>une attestation d&rsquo;h\u00e9bergement.<\/li>\n<\/ul>\n<\/li>\n<\/ul>\n<p>Nous vous invitons \u00e0 souscrire \u00e0 notre <a href=\"https:\/\/www.mes-allocs.fr\/souscription\">service d\u2019accompagnement<\/a>. Un expert d\u00e9di\u00e9 s\u2019occupe de toutes vos d\u00e9marches pour optimiser votre budget !<\/p>\n<div class='cta-block'><div class='text'>Simulez vos aides sociales en 2 min.<\/div><a href='https:\/\/www.mes-allocs.fr\/ab-app?origin=guides\/wp-json\/wp\/v2\/posts\/33544' class='app-button fit'>Simulation gratuite<\/a><\/div>\n<\/div>\n<\/div>\n<\/div>\n","protected":false},"excerpt":{"rendered":"<p>Vous souhaitez acheter un v\u00e9lo ? De nombreuses aides \u00e0 l&rsquo;achat\u00a0d&rsquo;un v\u00e9lo \u00e9lectrique sont disponibles. Ce soutien financier se traduit notamment par l&rsquo;aide v\u00e9lo \u00e9lectrique de la ville de Lyon. D\u00e9couvrons ensemble les conditions, montants et d\u00e9marches pour obtenir cette aide. L&rsquo;aide v\u00e9lo \u00e9lectrique \u00e0 Lyon Une aide financi\u00e8re pour l&rsquo;acquisition de v\u00e9los \u00e9lectriques De [&hellip;]<\/p>\n","protected":false},"author":7,"featured_media":34993,"comment_status":"open","ping_status":"open","sticky":false,"template":"","format":"standard","meta":{"amp_status":"","footnotes":""},"categories":[43598,13817],"tags":[],"class_list":["post-33544","post","type-post","status-publish","format-standard","has-post-thumbnail","hentry","category-aide-velo-electrique","category-aide-velo-region"],"yoast_head":"<!-- This site is optimized with the Yoast SEO plugin v14.9 - https:\/\/yoast.com\/wordpress\/plugins\/seo\/ -->\n<title>Aide v\u00e9lo \u00e9lectrique \u00e0 Lyon : conditions, montants, d\u00e9marches<\/title>\n<meta name=\"description\" content=\"L&#039;aide v\u00e9lo \u00e9lectrique \u00e0 Lyon est une prime qui vous est accord\u00e9e si vous souhaitez acqu\u00e9rir un v\u00e9lo \u00e9lectrique. On vous en dit plus.\" \/>\n<meta name=\"robots\" content=\"index, follow, max-snippet:-1, max-image-preview:large, max-video-preview:-1\" \/>\n<link rel=\"canonical\" href=\"https:\/\/www.mes-allocs.fr\/guides\/aide-velo-electrique\/aide-velo-region\/aide-velo-electrique-lyon\/\" \/>\n<meta property=\"og:locale\" content=\"fr_FR\" \/>\n<meta property=\"og:type\" content=\"article\" \/>\n<meta property=\"og:title\" content=\"Aide v\u00e9lo \u00e9lectrique \u00e0 Lyon : conditions, montants, d\u00e9marches\" \/>\n<meta property=\"og:description\" content=\"L&#039;aide v\u00e9lo \u00e9lectrique \u00e0 Lyon est une prime qui vous est accord\u00e9e si vous souhaitez acqu\u00e9rir un v\u00e9lo \u00e9lectrique. On vous en dit plus.\" \/>\n<meta property=\"og:url\" content=\"https:\/\/www.mes-allocs.fr\/guides\/aide-velo-electrique\/aide-velo-region\/aide-velo-electrique-lyon\/\" \/>\n<meta property=\"og:site_name\" content=\"Mes-Allocs.fr\" \/>\n<meta property=\"article:published_time\" content=\"2021-08-20T08:30:33+00:00\" \/>\n<meta property=\"article:modified_time\" content=\"2025-02-26T10:34:17+00:00\" \/>\n<meta property=\"og:image\" content=\"https:\/\/www.mes-allocs.fr\/guides\/wp-content\/uploads\/2021\/08\/Prime-achat-velo-electrique-Lyon.jpg?wsr\" \/>\n\t<meta property=\"og:image:width\" content=\"1280\" \/>\n\t<meta property=\"og:image:height\" content=\"846\" \/>\n<meta name=\"twitter:card\" content=\"summary_large_image\" \/>\n<script type=\"application\/ld+json\" class=\"yoast-schema-graph\">{\"@context\":\"https:\/\/schema.org\",\"@graph\":[{\"@type\":\"WebSite\",\"@id\":\"https:\/\/www.mes-allocs.fr\/guides\/#website\",\"url\":\"https:\/\/www.mes-allocs.fr\/guides\/\",\"name\":\"Mes-Allocs.fr\",\"description\":\"\",\"potentialAction\":[{\"@type\":\"SearchAction\",\"target\":\"https:\/\/www.mes-allocs.fr\/guides\/?s={search_term_string}\",\"query-input\":\"required name=search_term_string\"}],\"inLanguage\":\"fr-FR\"},{\"@type\":\"ImageObject\",\"@id\":\"https:\/\/www.mes-allocs.fr\/guides\/aide-velo-electrique\/aide-velo-region\/aide-velo-electrique-lyon\/#primaryimage\",\"inLanguage\":\"fr-FR\",\"url\":\"https:\/\/www.mes-allocs.fr\/guides\/wp-content\/uploads\/2021\/08\/Prime-achat-velo-electrique-Lyon.jpg?wsr\",\"width\":1280,\"height\":846,\"caption\":\"aide v\\u00e9lo \\u00e9lectrique lyon\"},{\"@type\":\"WebPage\",\"@id\":\"https:\/\/www.mes-allocs.fr\/guides\/aide-velo-electrique\/aide-velo-region\/aide-velo-electrique-lyon\/#webpage\",\"url\":\"https:\/\/www.mes-allocs.fr\/guides\/aide-velo-electrique\/aide-velo-region\/aide-velo-electrique-lyon\/\",\"name\":\"Aide v\\u00e9lo \\u00e9lectrique \\u00e0 Lyon : conditions, montants, d\\u00e9marches\",\"isPartOf\":{\"@id\":\"https:\/\/www.mes-allocs.fr\/guides\/#website\"},\"primaryImageOfPage\":{\"@id\":\"https:\/\/www.mes-allocs.fr\/guides\/aide-velo-electrique\/aide-velo-region\/aide-velo-electrique-lyon\/#primaryimage\"},\"datePublished\":\"2021-08-20T08:30:33+00:00\",\"dateModified\":\"2025-02-26T10:34:17+00:00\",\"author\":{\"@id\":\"https:\/\/www.mes-allocs.fr\/guides\/#\/schema\/person\/1c4837d5703727cb02ce84583b5a44aa\"},\"description\":\"L'aide v\\u00e9lo \\u00e9lectrique \\u00e0 Lyon est une prime qui vous est accord\\u00e9e si vous souhaitez acqu\\u00e9rir un v\\u00e9lo \\u00e9lectrique. On vous en dit plus.\",\"inLanguage\":\"fr-FR\"},{\"@type\":\"Person\",\"@id\":\"https:\/\/www.mes-allocs.fr\/guides\/#\/schema\/person\/1c4837d5703727cb02ce84583b5a44aa\",\"name\":\"Fabiola\",\"image\":{\"@type\":\"ImageObject\",\"@id\":\"https:\/\/www.mes-allocs.fr\/guides\/#personlogo\",\"inLanguage\":\"fr-FR\",\"url\":\"https:\/\/www.mes-allocs.fr\/guides\/wp-content\/uploads\/2021\/06\/fabiola-150x150.png\",\"caption\":\"Fabiola\"},\"description\":\"Fabiola est r\\u00e9dactrice au sein de l'\\u00e9quipe Mes Allocs, sp\\u00e9cialis\\u00e9e en sciences politiques et affaires publiques. Dipl\\u00f4m\\u00e9e de l'HEIP, elle rejoint Mes Allocs apr\\u00e8s une premi\\u00e8re exp\\u00e9rience \\u00e0 l'Assembl\\u00e9e Nationale.\",\"sameAs\":[\"https:\/\/www.linkedin.com\/in\/cecilia-philippe-b-8a8085195\"]}]}<\/script>\n<!-- \/ Yoast SEO plugin. -->","amp_validity":null,"acf":{"faq":{"1":{"question":"Qui a droit \u00e0 la prime v\u00e9lo \u00e9lectrique ?","answer":"Pour b\u00e9n\u00e9ficier de la prime, vous devez respecter les conditions suivantes : \r\n-\u00catre majeur\r\n-\u00catre domicili\u00e9 en France\r\n-Avoir un revenu fiscal de r\u00e9f\u00e9rence par part inf\u00e9rieur ou \u00e9gal \u00e0 13 489\u20ac"},"2":{"question":"Peut-on b\u00e9n\u00e9ficier plusieurs fois de la prime v\u00e9lo \u00e9lectrique ?","answer":"Vous ne pouvez percevoir qu\u2019une seule aide par personne sur une dur\u00e9e de 4 ans."},"3":{"question":"Quel est le montant de la prime v\u00e9lo \u00e9lectrique ?","answer":"Le montant de la prime varie entre 100 et 500 euros."},"4":{"question":"Comment obtenir la prime v\u00e9lo \u00e9lectrique Lyon ?","answer":"Pour b\u00e9n\u00e9ficier de la prime v\u00e9lo \u00e9lectrique, vous devez remplir un certain nombre de conditions au pr\u00e9alable."},"5":{"question":"Comment choisir un v\u00e9lo \u00e9lectrique ?","answer":"Cela d\u00e9pend de votre budget, de la taille de votre m\u00e9nage, de votre lieu de travail, etc. Si avez une grande famille, optez plut\u00f4t pour un v\u00e9lo cargo \u00e9lectrique."},"6":{"question":"","answer":""},"7":{"question":"","answer":""},"8":{"question":"","answer":""},"9":{"question":"","answer":""},"10":{"question":"","answer":""},"11":{"question":"","answer":""},"12":{"question":"","answer":""},"13":{"question":"","answer":""},"14":{"question":"","answer":""},"15":{"question":"","answer":""},"16":{"question":"","answer":""}}},"_links":{"self":[{"href":"https:\/\/www.mes-allocs.fr\/guides\/wp-json\/wp\/v2\/posts\/33544","targetHints":{"allow":["GET"]}}],"collection":[{"href":"https:\/\/www.mes-allocs.fr\/guides\/wp-json\/wp\/v2\/posts"}],"about":[{"href":"https:\/\/www.mes-allocs.fr\/guides\/wp-json\/wp\/v2\/types\/post"}],"author":[{"embeddable":true,"href":"https:\/\/www.mes-allocs.fr\/guides\/wp-json\/wp\/v2\/users\/7"}],"replies":[{"embeddable":true,"href":"https:\/\/www.mes-allocs.fr\/guides\/wp-json\/wp\/v2\/comments?post=33544"}],"version-history":[{"count":17,"href":"https:\/\/www.mes-allocs.fr\/guides\/wp-json\/wp\/v2\/posts\/33544\/revisions"}],"predecessor-version":[{"id":78753,"href":"https:\/\/www.mes-allocs.fr\/guides\/wp-json\/wp\/v2\/posts\/33544\/revisions\/78753"}],"wp:featuredmedia":[{"embeddable":true,"href":"https:\/\/www.mes-allocs.fr\/guides\/wp-json\/wp\/v2\/media\/34993"}],"wp:attachment":[{"href":"https:\/\/www.mes-allocs.fr\/guides\/wp-json\/wp\/v2\/media?parent=33544"}],"wp:term":[{"taxonomy":"category","embeddable":true,"href":"https:\/\/www.mes-allocs.fr\/guides\/wp-json\/wp\/v2\/categories?post=33544"},{"taxonomy":"post_tag","embeddable":true,"href":"https:\/\/www.mes-allocs.fr\/guides\/wp-json\/wp\/v2\/tags?post=33544"}],"curies":[{"name":"wp","href":"https:\/\/api.w.org\/{rel}","templated":true}]}}