{"id":33521,"date":"2021-07-30T16:48:19","date_gmt":"2021-07-30T14:48:19","guid":{"rendered":"https:\/\/www.mes-allocs.fr\/guides\/?p=33521"},"modified":"2025-11-10T09:51:16","modified_gmt":"2025-11-10T08:51:16","slug":"recharge-de-droits-au-chomage","status":"publish","type":"post","link":"https:\/\/www.mes-allocs.fr\/guides\/chomage\/droit-au-chomage\/recharge-de-droits-au-chomage\/","title":{"rendered":"Qu&rsquo;est-ce que la recharge de droits au ch\u00f4mage ?"},"content":{"rendered":"<p><a href=\"https:\/\/www.mes-allocs.fr\/guides\/chomage\/\">L&rsquo;allocation ch\u00f4mage<\/a> est attribu\u00e9e aux demandeurs d&#8217;emploi si ces derniers ont \u00e9t\u00e9 involontairement priv\u00e9s d&rsquo;une activit\u00e9 professionnelle. Un certain nombre d&rsquo;\u00e9l\u00e9ments sont pris en compte pour estimer vos droits. Mes Allocs vous explique la recharge de droits au ch\u00f4mage.<\/p>\n<div class='cta-block'><div class='text'>Simulez votre ch\u00f4mage en 2 min.<\/div><a href='https:\/\/www.mes-allocs.fr\/simulation-chomage?origin=guides\/wp-json\/wp\/v2\/posts\/33521' class='app-button fit'>Simulation gratuite<\/a><\/div>\n<hr \/>\n<h1>La recharge de droit<\/h1>\n<p><img loading=\"lazy\" decoding=\"async\" class=\"alignright wp-image-33556 size-medium\" title=\"Le reliquat de droit\" src=\"https:\/\/www.mes-allocs.fr\/guides\/wp-content\/uploads\/2021\/07\/Le-reliquat-de-droit-300x200.jpg\" alt=\"Le reliquat de droit\" width=\"300\" height=\"200\" srcset=\"https:\/\/www.mes-allocs.fr\/guides\/wp-content\/uploads\/2021\/07\/Le-reliquat-de-droit-300x200.jpg 300w, https:\/\/www.mes-allocs.fr\/guides\/wp-content\/uploads\/2021\/07\/Le-reliquat-de-droit-1024x683.jpg 1024w, https:\/\/www.mes-allocs.fr\/guides\/wp-content\/uploads\/2021\/07\/Le-reliquat-de-droit-768x512.jpg 768w, https:\/\/www.mes-allocs.fr\/guides\/wp-content\/uploads\/2021\/07\/Le-reliquat-de-droit-600x400.jpg 600w, https:\/\/www.mes-allocs.fr\/guides\/wp-content\/uploads\/2021\/07\/Le-reliquat-de-droit.jpg 1280w\" sizes=\"auto, (max-width: 300px) 100vw, 300px\" \/><\/p>\n<p>Depuis l&rsquo;ann\u00e9e 2014, lorsqu&rsquo;un demandeur d&#8217;emploi reprend une activit\u00e9 professionnelle, dans ce cas le versement des allocations ch\u00f4mage par P\u00f4le Emploi cesse.<\/p>\n<p>En revanche, si ce dernier n&rsquo;a pas \u00e9puis\u00e9 tous ses droits, ce dernier conserve ce qu&rsquo;on appelle un reliquat d&rsquo;allocations ch\u00f4mage. Autrement dit, si vous perdez de nouveau votre nouvel emploi, dans ce cas vous serez indemnis\u00e9 par le reliquat d&rsquo;allocation ch\u00f4mage.<\/p>\n<p>Mais puisque vous avez cumul\u00e9 de nouveaux droits pendant votre p\u00e9riode d&rsquo;activit\u00e9 professionnelle, vous cumulez ainsi de nouvelles allocations ch\u00f4mage, ces derni\u00e8res vous seront vers\u00e9es une fois que vous avez \u00e9puis\u00e9 votre reliquat.<\/p>\n<h2>Conditions \u00e0 respecter pour en b\u00e9n\u00e9ficier<\/h2>\n<ul>\n<li><strong>Avoir travaill\u00e9 au moins 910 heures ou 130 jours (soit environ 6 mois)<\/strong>\u00a0depuis sa derni\u00e8re ouverture de droits. Et ce, en une ou plusieurs fois, quelle que soit la dur\u00e9e de chaque emploi et le type de contrat de travail (CDI, CDD, int\u00e9rim). Ces emplois doivent avoir pris fin avant que les allocations ne soient \u00e9puis\u00e9es.<\/li>\n<li><strong>Ne pas avoir d\u00e9missionn\u00e9<\/strong>, sauf cas de d\u00e9mission l\u00e9gitime ou d\u00e9mission dans le cadre de la poursuite d\u2019un projet professionnel.<\/li>\n<\/ul>\n<h2>Reprise des droits<\/h2>\n<p>Une fois les droits ouverts, l\u2019indemnisation peut cesser, notamment quand on reprend un emploi. Si, apr\u00e8s cet emploi, l\u2019allocataire se retrouve \u00e0 nouveau en situation de ch\u00f4mage\u00a0<strong>il peut percevoir les allocations qui lui restent dues<\/strong>, \u00e0 certaines conditions.<\/p>\n<p>Pour b\u00e9n\u00e9ficier d\u2019une reprise de droits, il faut :<\/p>\n<ul>\n<li>qu\u2019il reste au moins une allocation \u00e0 verser, au titre des droits ouverts ;<\/li>\n<li>que les\u00a0<strong>droits ne soient pas d\u00e9chus<\/strong>, c\u2019est-\u00e0-dire que le d\u00e9lai de d\u00e9ch\u00e9ance n\u2019a pas expir\u00e9. Ce d\u00e9lai est \u00e9gal \u00e0 la dur\u00e9e d\u2019indemnisation + 3 ans ;<\/li>\n<li>que la\u00a0<strong>perte du dernier emploi soit involontaire<\/strong>\u00a0ou que le dernier emploi (ou les derniers emplois) quitt\u00e9 volontairement ait dur\u00e9 moins de 65 jours ou 455 heures travaill\u00e9s ou que la d\u00e9mission soit consid\u00e9r\u00e9e comme l\u00e9gitime ;<\/li>\n<li>que les autres conditions d\u2019attribution de l\u2019allocation soient r\u00e9unies.<\/li>\n<\/ul>\n<p>L\u2019allocation reprend alors,\u00a0<strong>apr\u00e8s les diff\u00e9r\u00e9s d\u2019indemnisation<\/strong>\u00a0et un\u00a0<strong>d\u00e9lai d\u2019attente<\/strong>\u00a0de 7 jours.<\/p>\n<p><iframe loading=\"lazy\" title=\"Tout savoir sur le ch\u00f4mage en France !\" width=\"500\" height=\"281\" src=\"https:\/\/www.youtube.com\/embed\/jgv9qS4jh7k?feature=oembed\" frameborder=\"0\" allow=\"accelerometer; autoplay; clipboard-write; encrypted-media; gyroscope; picture-in-picture; web-share\" referrerpolicy=\"strict-origin-when-cross-origin\" allowfullscreen><\/iframe><\/p>\n<h1>Le droit d&rsquo;option<\/h1>\n<p><img loading=\"lazy\" decoding=\"async\" class=\"alignright wp-image-33558 size-medium\" title=\"Le droit doption\" src=\"https:\/\/www.mes-allocs.fr\/guides\/wp-content\/uploads\/2021\/07\/Le-droit-doption-300x200.jpg\" alt=\"Le droit doption\" width=\"300\" height=\"200\" srcset=\"https:\/\/www.mes-allocs.fr\/guides\/wp-content\/uploads\/2021\/07\/Le-droit-doption-300x200.jpg 300w, https:\/\/www.mes-allocs.fr\/guides\/wp-content\/uploads\/2021\/07\/Le-droit-doption-1024x682.jpg 1024w, https:\/\/www.mes-allocs.fr\/guides\/wp-content\/uploads\/2021\/07\/Le-droit-doption-768x512.jpg 768w, https:\/\/www.mes-allocs.fr\/guides\/wp-content\/uploads\/2021\/07\/Le-droit-doption-600x400.jpg 600w, https:\/\/www.mes-allocs.fr\/guides\/wp-content\/uploads\/2021\/07\/Le-droit-doption.jpg 1280w\" sizes=\"auto, (max-width: 300px) 100vw, 300px\" \/><\/p>\n<p>Le droit d&rsquo;option permet \u00e0 un demandeur d&#8217;emploi de percevoir pendant une p\u00e9riode d&rsquo; indemnisation un montant plus \u00e9lev\u00e9. Cela sans devoir attendre que les droits ouverts ne soient \u00e9puis\u00e9s. \u00c9tant consid\u00e9r\u00e9 comme l\u00e9gitime, le demandeur d&rsquo; emploi per\u00e7oit un nouveau montant et ce dernier ainsi que la dur\u00e9e sont alors calcul\u00e9s sur les emplois les plus r\u00e9cents.<\/p>\n<h2>Conditions \u00e0 respecter pour en b\u00e9n\u00e9ficier<\/h2>\n<p>Tout le monde ne peut pas pr\u00e9tendre au droit d&rsquo;option, pour \u00eatre \u00e9ligible un demandeur d&#8217;emploi doit avoir une recharge d&rsquo;allocations ch\u00f4mage.<\/p>\n<p><strong>De plus, un demandeur d&#8217;emploi qui remplit les conditions suivantes b\u00e9n\u00e9ficie du droit d&rsquo;option :<\/strong><\/p>\n<ul>\n<li>disposer d\u2019<strong>allocations ch\u00f4mage non vers\u00e9es<\/strong>;<\/li>\n<li>justifier d\u2019<strong>au moins 130 jours travaill\u00e9s ou 910 heures travaill\u00e9es (travaill\u00e9 au moins 6 mois)<\/strong>\u00a0depuis l\u2019ouverture de droits en cours ;<\/li>\n<li>percevoir une\u00a0<strong>allocation inf\u00e9rieure ou \u00e9gale \u00e0 20 \u20ac par jour<\/strong>\u00a0par rapport \u00e0 celle \u00e0 laquelle il pourrait pr\u00e9tendre, ou pr\u00e9tendre \u00e0 une\u00a0<strong>hausse d\u2019au moins 30 % par rapport au montant total du droit initial<\/strong>.<\/li>\n<\/ul>\n<p><strong>\u00c0 noter : qu&rsquo;en tant que demandeur d&#8217;emploi vous devez b\u00e9n\u00e9ficier d&rsquo;une allocation journali\u00e8re de 20 euros maximum ou perdre plus de 30 % de revenus.<\/strong><\/p>\n<div class='cta-block'><div class='text'>Simulez votre ch\u00f4mage en 2 min.<\/div><a href='https:\/\/www.mes-allocs.fr\/simulation-chomage?origin=guides\/wp-json\/wp\/v2\/posts\/33521' class='app-button fit'>Simulation gratuite<\/a><\/div>\n<h2>Comment est mis en place le droit d&rsquo;option ?<\/h2>\n<p>Pour en b\u00e9n\u00e9ficier vous devez effectuer votre demande aupr\u00e8s de P\u00f4le Emploi. Par la suite, P\u00f4le Emploi doit v\u00e9rifier votre \u00e9ligibilit\u00e9 et vous communiquera vos droits aux allocations ch\u00f4mage selon les deux options en vigueur.<\/p>\n<p>Une fois ces informations en votre possession, vous avez un d\u00e9lai de 21 jours pour donner votre d\u00e9cision.<\/p>\n<p>Si vous ne choisissez pas le droit d&rsquo;option, vous toucherez dans un premier temps votre reliquat, puis apr\u00e8s vos nouveaux droits \u00e0 l&rsquo;allocation ch\u00f4mage. En revanche, si vous choisissez le droit d&rsquo;option, dans ce cas vous touchez imm\u00e9diatement vos droits au ch\u00f4mage qui est calcul\u00e9 selon la derni\u00e8re p\u00e9riode d&rsquo;activit\u00e9 professionnelle.<\/p>\n<h1>Les cons\u00e9quences de la crise sanitaire sur la dur\u00e9e d&rsquo;affiliation<\/h1>\n<ul>\n<li><strong>Depuis le 1er ao\u00fbt 2020,<\/strong>\u00a0la dur\u00e9e d\u2019affiliation minimale est\u00a0<strong>r\u00e9duite \u00e0 88 jours calendaires travaill\u00e9s, ou 610 heures, <\/strong>ce qui correspond \u00e0 4 mois.<\/li>\n<li>Cette mesure s\u2019applique \u00e0 l\u2019ensemble des demandeurs d\u2019emploi dont la\u00a0<strong>fin de contrat de travail est intervenue \u00e0 partir du 1er ao\u00fbt 2020.<\/strong><\/li>\n<li><strong>En cas d\u2019am\u00e9lioration de la situation de l\u2019emploi,\u00a0<\/strong>cette dur\u00e9e d\u2019affiliation repassera\u00a0<strong>\u00e0 6 mois,<\/strong>\u00a0soit 130 jours travaill\u00e9s et 910 heures.<\/li>\n<\/ul>\n<h1>Qu&rsquo;est-ce que le ch\u00f4mage ?<\/h1>\n<p class=\"amp-wp-7d27179\" data-amp-original-style=\"text-align: justify;\"><span class=\"amp-wp-fe3f5cc\" data-amp-original-style=\"font-weight: 400;\">Le ch\u00f4mage est la \u00ab situation d\u2019une personne, d\u2019une entreprise, d\u2019un secteur entier de l\u2019activit\u00e9 \u00e9conomique caract\u00e9ris\u00e9e par le manque de travail \u00bb (TLFi). Les causes d\u2019absence d\u2019emploi sont nombreuses : entr\u00e9e dans la vie active, licenciement, d\u00e9mission volontaire ou r\u00e9orientation professionnelle .<\/span><\/p>\n<p>Les premi\u00e8res dispositions de la r\u00e9forme de l&rsquo;assurance ch\u00f4mage ont \u00e9t\u00e9 mises en place le 1er novembre 2019. Mais compte tenu de la crise sanitaire de Covid-19, la r\u00e9forme a \u00e9t\u00e9 repouss\u00e9e \u00e0 de nombreuses reprises.<\/p>\n<p><strong>\u00c0 noter : Pour la calculer, on prend en compte tous vos contrats sur les 24 mois(36 mois si vous avez au moins 53 ans \u00e0 la date de fin de votre contrat de travail).<\/strong><\/p>\n<h2>Conditions \u00e0 respecter pour b\u00e9n\u00e9ficier de l&rsquo;ARE<\/h2>\n<p class=\"amp-wp-7d27179\" data-amp-original-style=\"text-align: justify;\"><span class=\"amp-wp-fe3f5cc\" data-amp-original-style=\"font-weight: 400;\">Vous devez tout d\u2019abord \u00eatre\u00a0<\/span><b>involontairement priv\u00e9 d\u2019emploi<\/b><span class=\"amp-wp-fe3f5cc\" data-amp-original-style=\"font-weight: 400;\">. Votre contrat de travail peut s\u2019achever pour les raisons suivantes :<\/span><\/p>\n<ul class=\"amp-wp-7d27179\" data-amp-original-style=\"text-align: justify;\">\n<li class=\"amp-wp-c8fa0e1\" data-amp-original-style=\"font-weight: 400; text-align: justify;\"><span class=\"amp-wp-fe3f5cc\" data-amp-original-style=\"font-weight: 400;\">Vous \u00eates licenci\u00e9 pour motif personnel (faute grave ou inaptitude) ou pour motif \u00e9conomique (plan de redressement)<\/span><\/li>\n<li class=\"amp-wp-c8fa0e1\" data-amp-original-style=\"font-weight: 400; text-align: justify;\"><span class=\"amp-wp-fe3f5cc\" data-amp-original-style=\"font-weight: 400;\">Votre contrat prend fin une\u00a0<\/span><span class=\"amp-wp-fe3f5cc\" data-amp-original-style=\"font-weight: 400;\">rupture conventionnelle<\/span><span class=\"amp-wp-fe3f5cc\" data-amp-original-style=\"font-weight: 400;\">\u00a0(cessation de contrat \u00e0 l\u2019amiable)<\/span><\/li>\n<li class=\"amp-wp-c8fa0e1\" data-amp-original-style=\"font-weight: 400; text-align: justify;\"><span class=\"amp-wp-fe3f5cc\" data-amp-original-style=\"font-weight: 400;\">Votre CDD n\u2019est pas renouvel\u00e9<\/span><\/li>\n<li class=\"amp-wp-c8fa0e1\" data-amp-original-style=\"font-weight: 400; text-align: justify;\"><span class=\"amp-wp-fe3f5cc\" data-amp-original-style=\"font-weight: 400;\">Vous d\u00e9missionnez<\/span><span class=\"amp-wp-fe3f5cc\" data-amp-original-style=\"font-weight: 400;\">\u00a0\u201cl\u00e9gitimement\u201d (par exemple, pour suivre la personne avec qui vous vivez en couple)<\/span><\/li>\n<\/ul>\n<p class=\"amp-wp-7d27179\" data-amp-original-style=\"text-align: justify;\"><span class=\"amp-wp-fe3f5cc\" data-amp-original-style=\"font-weight: 400;\">Si vous \u00eates en p\u00e9riode de mobilit\u00e9 volontaire s\u00e9curis\u00e9e (vous changez d\u2019emploi sur une courte p\u00e9riode avec la possibilit\u00e9 de pouvoir retrouver votre emploi pr\u00e9c\u00e9dent) et que votre contrat cesse pour une de ces raisons, vous avez droit au ch\u00f4mage, sauf si votre ancienne entreprise vous reprend ou que vous refusez cette r\u00e9int\u00e9gration.<\/span><\/p>\n<p class=\"amp-wp-7d27179\" data-amp-original-style=\"text-align: justify;\"><strong><span class=\"amp-wp-fe3f5cc\" data-amp-original-style=\"font-weight: 400;\">Vous devez \u00e9galement remplir certaines conditions personnelles :<\/span><\/strong><\/p>\n<ul class=\"amp-wp-7d27179\" data-amp-original-style=\"text-align: justify;\">\n<li class=\"amp-wp-c8fa0e1\" data-amp-original-style=\"font-weight: 400; text-align: justify;\"><span class=\"amp-wp-fe3f5cc\" data-amp-original-style=\"font-weight: 400;\">Vous ne devez pas avoir atteint l\u2019\u00e2ge minimum l\u00e9gal de d\u00e9part \u00e0 la retraite (62 ans), ni remplir les conditions de trimestres ou d\u2019\u00e2ge ouvrant droit \u00e0 la retraite \u00e0 taux plein<\/span><\/li>\n<li class=\"amp-wp-c8fa0e1\" data-amp-original-style=\"font-weight: 400; text-align: justify;\"><span class=\"amp-wp-fe3f5cc\" data-amp-original-style=\"font-weight: 400;\">Vous devez \u00eatre apte physiquement \u00e0 exercer une activit\u00e9 professionnelle<\/span><\/li>\n<li class=\"amp-wp-fe3f5cc\" data-amp-original-style=\"font-weight: 400;\"><span class=\"amp-wp-fe3f5cc\" data-amp-original-style=\"font-weight: 400;\">Vous devez r\u00e9sider en France.<\/span><\/li>\n<\/ul>\n<div class='cta-block'><div class='text'>Simulez votre ch\u00f4mage en 2 min.<\/div><a href='https:\/\/www.mes-allocs.fr\/simulation-chomage?origin=guides\/wp-json\/wp\/v2\/posts\/33521' class='app-button fit'>Simulation gratuite<\/a><\/div>\n","protected":false},"excerpt":{"rendered":"<p>L&rsquo;allocation ch\u00f4mage est attribu\u00e9e aux demandeurs d&#8217;emploi si ces derniers ont \u00e9t\u00e9 involontairement priv\u00e9s d&rsquo;une activit\u00e9 professionnelle. Un certain nombre d&rsquo;\u00e9l\u00e9ments sont pris en compte pour estimer vos droits. Mes Allocs vous explique la recharge de droits au ch\u00f4mage. La recharge de droit Depuis l&rsquo;ann\u00e9e 2014, lorsqu&rsquo;un demandeur d&#8217;emploi reprend une activit\u00e9 professionnelle, dans ce [&hellip;]<\/p>\n","protected":false},"author":10,"featured_media":33555,"comment_status":"open","ping_status":"open","sticky":false,"template":"","format":"standard","meta":{"amp_status":"","footnotes":""},"categories":[2991,2989],"tags":[],"class_list":["post-33521","post","type-post","status-publish","format-standard","has-post-thumbnail","hentry","category-droit-au-chomage","category-chomage"],"yoast_head":"<!-- This site is optimized with the Yoast SEO plugin v14.9 - https:\/\/yoast.com\/wordpress\/plugins\/seo\/ -->\n<title>Qu&#039;est-ce que la recharge de droits au ch\u00f4mage ? | Mes-Allocs.fr<\/title>\n<meta name=\"description\" content=\"L&#039;allocation ch\u00f4mage est vers\u00e9e aux demandeurs d&#039;emploi. Mes Allocs vous explique tout sur le reliquat de droits au ch\u00f4mage.\" \/>\n<meta name=\"robots\" content=\"index, follow, max-snippet:-1, max-image-preview:large, max-video-preview:-1\" \/>\n<link rel=\"canonical\" href=\"https:\/\/www.mes-allocs.fr\/guides\/chomage\/droit-au-chomage\/recharge-de-droits-au-chomage\/\" \/>\n<meta property=\"og:locale\" content=\"fr_FR\" \/>\n<meta property=\"og:type\" content=\"article\" \/>\n<meta property=\"og:title\" content=\"Qu&#039;est-ce que la recharge de droits au ch\u00f4mage ? | Mes-Allocs.fr\" \/>\n<meta property=\"og:description\" content=\"L&#039;allocation ch\u00f4mage est vers\u00e9e aux demandeurs d&#039;emploi. Mes Allocs vous explique tout sur le reliquat de droits au ch\u00f4mage.\" \/>\n<meta property=\"og:url\" content=\"https:\/\/www.mes-allocs.fr\/guides\/chomage\/droit-au-chomage\/recharge-de-droits-au-chomage\/\" \/>\n<meta property=\"og:site_name\" content=\"Mes-Allocs.fr\" \/>\n<meta property=\"article:published_time\" content=\"2021-07-30T14:48:19+00:00\" \/>\n<meta property=\"article:modified_time\" content=\"2025-11-10T08:51:16+00:00\" \/>\n<meta property=\"og:image\" content=\"https:\/\/www.mes-allocs.fr\/guides\/wp-content\/uploads\/2021\/07\/reliquat-de-droits-au-cho\u0302mage.jpg?wsr\" \/>\n\t<meta property=\"og:image:width\" content=\"1280\" \/>\n\t<meta property=\"og:image:height\" content=\"853\" \/>\n<meta name=\"twitter:card\" content=\"summary_large_image\" \/>\n<script type=\"application\/ld+json\" class=\"yoast-schema-graph\">{\"@context\":\"https:\/\/schema.org\",\"@graph\":[{\"@type\":\"WebSite\",\"@id\":\"https:\/\/www.mes-allocs.fr\/guides\/#website\",\"url\":\"https:\/\/www.mes-allocs.fr\/guides\/\",\"name\":\"Mes-Allocs.fr\",\"description\":\"\",\"potentialAction\":[{\"@type\":\"SearchAction\",\"target\":\"https:\/\/www.mes-allocs.fr\/guides\/?s={search_term_string}\",\"query-input\":\"required name=search_term_string\"}],\"inLanguage\":\"fr-FR\"},{\"@type\":\"ImageObject\",\"@id\":\"https:\/\/www.mes-allocs.fr\/guides\/chomage\/droit-au-chomage\/recharge-de-droits-au-chomage\/#primaryimage\",\"inLanguage\":\"fr-FR\",\"url\":\"https:\/\/www.mes-allocs.fr\/guides\/wp-content\/uploads\/2021\/07\/reliquat-de-droits-au-cho\\u0302mage.jpg?wsr\",\"width\":1280,\"height\":853,\"caption\":\"reliquat de droits au cho\\u0302mage\"},{\"@type\":\"WebPage\",\"@id\":\"https:\/\/www.mes-allocs.fr\/guides\/chomage\/droit-au-chomage\/recharge-de-droits-au-chomage\/#webpage\",\"url\":\"https:\/\/www.mes-allocs.fr\/guides\/chomage\/droit-au-chomage\/recharge-de-droits-au-chomage\/\",\"name\":\"Qu'est-ce que la recharge de droits au ch\\u00f4mage ? | Mes-Allocs.fr\",\"isPartOf\":{\"@id\":\"https:\/\/www.mes-allocs.fr\/guides\/#website\"},\"primaryImageOfPage\":{\"@id\":\"https:\/\/www.mes-allocs.fr\/guides\/chomage\/droit-au-chomage\/recharge-de-droits-au-chomage\/#primaryimage\"},\"datePublished\":\"2021-07-30T14:48:19+00:00\",\"dateModified\":\"2025-11-10T08:51:16+00:00\",\"author\":{\"@id\":\"https:\/\/www.mes-allocs.fr\/guides\/#\/schema\/person\/8d47b912c0ad15f379df96b4e4e33f58\"},\"description\":\"L'allocation ch\\u00f4mage est vers\\u00e9e aux demandeurs d'emploi. Mes Allocs vous explique tout sur le reliquat de droits au ch\\u00f4mage.\",\"inLanguage\":\"fr-FR\"},{\"@type\":\"Person\",\"@id\":\"https:\/\/www.mes-allocs.fr\/guides\/#\/schema\/person\/8d47b912c0ad15f379df96b4e4e33f58\",\"name\":\"Constance de Cagny\",\"image\":{\"@type\":\"ImageObject\",\"@id\":\"https:\/\/www.mes-allocs.fr\/guides\/#personlogo\",\"inLanguage\":\"fr-FR\",\"url\":\"https:\/\/www.mes-allocs.fr\/guides\/wp-content\/uploads\/2021\/06\/Constance.2e8ee0b.png\",\"caption\":\"Constance de Cagny\"},\"description\":\"Constance est r\\u00e9dactrice au sein de l'\\u00e9quipe Mes Allocs. Elle a l'habitude d'\\u00e9crire sur les sujets conso, bons plans et \\u00e9conomies. Dipl\\u00f4m\\u00e9e de l'ENACO, elle rejoint Mes Allocs apr\\u00e8s une premi\\u00e8re exp\\u00e9rience en cabinet notarial.\",\"sameAs\":[\"https:\/\/www.linkedin.com\/in\/constance-de-cagny-mayeur-bbb414135\"]}]}<\/script>\n<!-- \/ Yoast SEO plugin. -->","amp_validity":null,"acf":{"faq":{"1":{"question":"Quel droit au ch\u00f4mage apr\u00e8s 4 mois de travail ?","answer":"Depuis le 1er ao\u00fbt 2020, c'est 4 mois de travail qu'il faut avoir cumuler afin de b\u00e9n\u00e9ficier du ch\u00f4mage. Cette p\u00e9riode \u00e9quivaut \u00e0 610 heures ou 88 jours travaill\u00e9"},"2":{"question":"Quel droit au ch\u00f4mage apr\u00e8s 3 mois de travail ?","answer":"Vous n'avez pas le droit \u00e0 l'allocation ch\u00f4mage si vous avez d\u00e9missionn\u00e9 de votre emploi ou si vous l'avez quitt\u00e9 volontairement pour un autre contrat qui a dur\u00e9 moins de 65 jours travaill\u00e9s, ou de moins de 455 heures (soit 3 mois)."},"3":{"question":"Quelle est la dur\u00e9e maximale d'un arr\u00eat maladie ?","answer":"Vous n'avez pas droit \u00e0 plus de 360 jours d'IJ par p\u00e9riode de 3 ans."},"4":{"question":"Comment Est-on pay\u00e9 en arr\u00eat maladie au ch\u00f4mage ?","answer":"Dans cette p\u00e9riode, votre indemnit\u00e9 repr\u00e9sente 50 % du montant du salaire journalier de base, dans la limite de 1.8 fois le SMIC en vigueur."},"5":{"question":"Quelle prime pour les ch\u00f4meurs ?","answer":"Vous avez droit \u00e0 une prime de 150\u20ac, dont le versement se fera automatiquement par P\u00f4le emploi. Et ce, \u00e0 compter du 15 du mois."},"6":{"question":"Comment faire pour toucher le ch\u00f4mage ?","answer":"Il faut \u00eatre inscrit comme demandeur d'emploi \u00e0 P\u00f4le Emploi et \u00eatre en recherche d'emploi effective. De plus, votre \u00e2ge doit \u00eatre inf\u00e9rieur \u00e0 l'\u00e2ge l\u00e9gal de la retraite."},"7":{"question":"","answer":""},"8":{"question":"","answer":""},"9":{"question":"","answer":""},"10":{"question":"","answer":""},"11":{"question":"","answer":""},"12":{"question":"","answer":""},"13":{"question":"","answer":""},"14":{"question":"","answer":""},"15":{"question":"","answer":""},"16":{"question":"","answer":""}}},"_links":{"self":[{"href":"https:\/\/www.mes-allocs.fr\/guides\/wp-json\/wp\/v2\/posts\/33521","targetHints":{"allow":["GET"]}}],"collection":[{"href":"https:\/\/www.mes-allocs.fr\/guides\/wp-json\/wp\/v2\/posts"}],"about":[{"href":"https:\/\/www.mes-allocs.fr\/guides\/wp-json\/wp\/v2\/types\/post"}],"author":[{"embeddable":true,"href":"https:\/\/www.mes-allocs.fr\/guides\/wp-json\/wp\/v2\/users\/10"}],"replies":[{"embeddable":true,"href":"https:\/\/www.mes-allocs.fr\/guides\/wp-json\/wp\/v2\/comments?post=33521"}],"version-history":[{"count":14,"href":"https:\/\/www.mes-allocs.fr\/guides\/wp-json\/wp\/v2\/posts\/33521\/revisions"}],"predecessor-version":[{"id":104378,"href":"https:\/\/www.mes-allocs.fr\/guides\/wp-json\/wp\/v2\/posts\/33521\/revisions\/104378"}],"wp:featuredmedia":[{"embeddable":true,"href":"https:\/\/www.mes-allocs.fr\/guides\/wp-json\/wp\/v2\/media\/33555"}],"wp:attachment":[{"href":"https:\/\/www.mes-allocs.fr\/guides\/wp-json\/wp\/v2\/media?parent=33521"}],"wp:term":[{"taxonomy":"category","embeddable":true,"href":"https:\/\/www.mes-allocs.fr\/guides\/wp-json\/wp\/v2\/categories?post=33521"},{"taxonomy":"post_tag","embeddable":true,"href":"https:\/\/www.mes-allocs.fr\/guides\/wp-json\/wp\/v2\/tags?post=33521"}],"curies":[{"name":"wp","href":"https:\/\/api.w.org\/{rel}","templated":true}]}}