{"id":33327,"date":"2021-07-28T17:41:41","date_gmt":"2021-07-28T15:41:41","guid":{"rendered":"https:\/\/www.mes-allocs.fr\/guides\/?p=33327"},"modified":"2025-11-06T17:31:19","modified_gmt":"2025-11-06T16:31:19","slug":"independant-droit-au-chomage","status":"publish","type":"post","link":"https:\/\/www.mes-allocs.fr\/guides\/chomage\/droit-au-chomage\/independant-droit-au-chomage\/","title":{"rendered":"Ind\u00e9pendant droit au ch\u00f4mage : Comment \u00e7a marche ?"},"content":{"rendered":"<p>L&rsquo;allocation ch\u00f4mage est un revenu de remplacement vers\u00e9 si vous avez \u00e9t\u00e9 involontairement priv\u00e9 d&#8217;emploi. Depuis <strong>deux ans les travailleurs ind\u00e9pendants peuvent donc en b\u00e9n\u00e9ficier sous certaines conditions, Mes Allocs vous explique tout sur le travailleur ind\u00e9pendant et droit au ch\u00f4mage.<\/strong><\/p>\n<div class='cta-block'><div class='text'>Simulez votre ch\u00f4mage en 2 min.<\/div><a href='https:\/\/www.mes-allocs.fr\/simulation-chomage?origin=guides\/wp-json\/wp\/v2\/posts\/33327' class='app-button fit'>Simulation gratuite<\/a><\/div>\n<hr \/>\n<h1>Peut-on toucher le ch\u00f4mage en tant que travailleur ind\u00e9pendant ?<\/h1>\n<p><img loading=\"lazy\" decoding=\"async\" class=\"alignright wp-image-33480 size-medium\" title=\"Peut on toucher le cho\u0302mage en tant que travailleur inde\u0301pendant\" src=\"https:\/\/www.mes-allocs.fr\/guides\/wp-content\/uploads\/2021\/07\/Peut-on-toucher-le-cho\u0302mage-en-tant-que-travailleur-inde\u0301pendant--300x200.jpg\" alt=\"Peut on toucher le cho\u0302mage en tant que travailleur inde\u0301pendant\" width=\"300\" height=\"200\" srcset=\"https:\/\/www.mes-allocs.fr\/guides\/wp-content\/uploads\/2021\/07\/Peut-on-toucher-le-cho\u0302mage-en-tant-que-travailleur-inde\u0301pendant--300x200.jpg 300w, https:\/\/www.mes-allocs.fr\/guides\/wp-content\/uploads\/2021\/07\/Peut-on-toucher-le-cho\u0302mage-en-tant-que-travailleur-inde\u0301pendant--1024x682.jpg 1024w, https:\/\/www.mes-allocs.fr\/guides\/wp-content\/uploads\/2021\/07\/Peut-on-toucher-le-cho\u0302mage-en-tant-que-travailleur-inde\u0301pendant--768x512.jpg 768w, https:\/\/www.mes-allocs.fr\/guides\/wp-content\/uploads\/2021\/07\/Peut-on-toucher-le-cho\u0302mage-en-tant-que-travailleur-inde\u0301pendant--600x400.jpg 600w, https:\/\/www.mes-allocs.fr\/guides\/wp-content\/uploads\/2021\/07\/Peut-on-toucher-le-cho\u0302mage-en-tant-que-travailleur-inde\u0301pendant-.jpg 1280w\" sizes=\"auto, (max-width: 300px) 100vw, 300px\" \/><\/p>\n<p>Oui tout \u00e0 fait. Depuis\u00a0le 1<sup>er<\/sup>\u00a0novembre 2019, les\u00a0travailleurs ind\u00e9pendants peuvent b\u00e9n\u00e9ficier de l&rsquo; assurance ch\u00f4mage.<\/p>\n<p>De plus, pour les accompagner, un revenu de remplacement a \u00e9t\u00e9 sp\u00e9cifiquement mis en place pour eux. Il s&rsquo;agit de l&rsquo;allocation ch\u00f4mage des travailleurs ind\u00e9pendants (ATI). Pour en b\u00e9n\u00e9ficier, certaines conditions sont prises en compte.<\/p>\n<p>L&rsquo;allocation des travailleurs ind\u00e9pendants ATI n\u2019est toutefois pas la seule allocation ch\u00f4mage destin\u00e9e aux travailleurs ind\u00e9pendants. En effet, un auto entrepreneur peut b\u00e9n\u00e9ficier de l&rsquo;allocation d&rsquo;aide au retour \u00e0 l&#8217;emploi (ARE). D&rsquo;ailleurs notez que son versement prime sur le versement de l&rsquo; ATI.<\/p>\n<p>Le demandeur d\u2019emploi b\u00e9n\u00e9ficie du remboursement de ses frais m\u00e9dicaux, pharmaceutiques ou d\u2019hospitalisation selon le taux de la S\u00e9curit\u00e9 sociale en vigueur.<\/p>\n<p><strong>\u00c0 noter : Dans les cas de temps partiel, l&rsquo;ARE (allocation de retour \u00e0 l&#8217;emploi) sera proportionnelle \u00e0 la dur\u00e9e du temps de travail : Exemple : Un salari\u00e9 ayant travaill\u00e9 \u00e0 mi-temps b\u00e9n\u00e9ficiera au minimum de 16,065\u20ac par jour (32,13\u00a0 \u20ac \/2).<\/strong><\/p>\n<div class='cta-block'><div class='text'>Simulez votre ch\u00f4mage en 2 min.<\/div><a href='https:\/\/www.mes-allocs.fr\/simulation-chomage?origin=guides\/wp-json\/wp\/v2\/posts\/33327' class='app-button fit'>Simulation gratuite<\/a><\/div>\n<h2>Quelles sont les conditions \u00e0 respecter pour en b\u00e9n\u00e9ficier ?<\/h2>\n<p>Les ind\u00e9pendants qui arr\u00eatent une activit\u00e9 peuvent faire valoir ses droits \u00e0 l\u2019ATI \u00e0 condition de respecter <strong>5 conditions cumulatives<\/strong>.<\/p>\n<ul>\n<li>Avoir cess\u00e9 l\u2019activit\u00e9 professionnelle de son entreprise <strong>du fait d\u2019une liquidation judiciaire ou d\u2019un redressement judiciaire<\/strong>. En cas de liquidation, l\u2019activit\u00e9 doit avoir cess\u00e9 apr\u00e8s que la proc\u00e9dure qui a d\u00e9j\u00e0 \u00e9t\u00e9 ouverte. En cas de redressement, le dirigeant ind\u00e9pendant doit avoir \u00e9t\u00e9 remplac\u00e9 sur d\u00e9cision du juge pour b\u00e9n\u00e9ficier de l&rsquo;ATI et de l&rsquo;assurance ch\u00f4mage. Dans les deux cas, il faudra joindre la copie de la d\u00e9cision de justice d\u00e9finitive qui pr\u00e9cise la raison de la cession d&rsquo;activit\u00e9.<\/li>\n<li>Une <strong>simple cessation d\u2019activit\u00e9<\/strong>, en dehors de ces deux cas limitatifs,\u00a0<strong>ne permet pas de b\u00e9n\u00e9ficier de l\u2019ATI<\/strong>.<\/li>\n<li><strong>Avoir exerc\u00e9 une activit\u00e9 non salari\u00e9e pendant au moins 2 ans<\/strong> au titre d\u2019une seule et m\u00eame entreprise. Et ce, sans interruption. Toute mise en sommeil durant ces 2 ans emp\u00eache l\u2019ind\u00e9pendant de b\u00e9n\u00e9ficier de l\u2019ATI. L\u2019ind\u00e9pendant doit fournir un extrait Kbis pour que cette condition soit v\u00e9rifi\u00e9e.<\/li>\n<li><strong>Etre \u00e0 la recherche effective d\u2019un emploi<\/strong>, c\u2019est-\u00e0-dire \u00eatre inscrit \u00e0 P\u00f4le emploi et d\u00e9ployer les efforts n\u00e9cessaires pour en trouver un.<\/li>\n<li><strong>Avoir g\u00e9n\u00e9r\u00e9 au moins 10 000 \u20ac par an<\/strong> en moyenne sur les deux derni\u00e8res ann\u00e9es, au titre de l\u2019activit\u00e9 non salari\u00e9e (ou 7 500 \u20ac \u00e0 Mayotte). Les ressources inf\u00e9rieures ne sont pas prises en compte. Ces revenus sont ceux des d\u00e9clarations fiscales, exception pour les statuts ou secteurs qui b\u00e9n\u00e9ficient d\u2019un r\u00e9gime fiscal particulier.<\/li>\n<\/ul>\n<h2 class=\"amp-wp-7d27179\" data-amp-original-style=\"text-align: justify;\">Montant de l&rsquo;ATI<\/h2>\n<p>Le\u00a0<strong>montant de l\u2019allocation ch\u00f4mage\u00a0<\/strong>vers\u00e9e aux<strong>\u00a0travailleurs ind\u00e9pendants<\/strong>\u00a0s\u2019\u00e9tablit \u00e0 26,30 \u20ac\/jour pour la M\u00e9tropole et les d\u00e9partements et r\u00e9gions d\u2019outre-mer (DROM)\u00a0; except\u00e9 Mayotte, o\u00f9 le\u00a0<strong>montant de l\u2019ATI\u00a0<\/strong>s\u2019\u00e9l\u00e8ve \u00e0 19,73 \u20ac\/jour.<\/p>\n<p>L\u2019allocation est attribu\u00e9e pour une dur\u00e9e de 182 jours calendaires, soit 6 mois. Cette p\u00e9riode court \u00e0 compter de la date d\u2019inscription<strong>\u00a0<\/strong>sur la<strong>\u00a0<\/strong>liste des demandeurs d\u2019emploi, ou, lorsque la personne est d\u00e9j\u00e0 inscrite sur cette liste, de la date du premier jour du mois au cours duquel la demande d\u2019allocation a \u00e9t\u00e9 d\u00e9pos\u00e9e.<\/p>\n<h1>Articulation de l&rsquo;AIT avec les autres revenus<\/h1>\n<p><img loading=\"lazy\" decoding=\"async\" class=\"alignright wp-image-33482 size-medium\" title=\"Articulation de lAIT avec les autres revenus\" src=\"https:\/\/www.mes-allocs.fr\/guides\/wp-content\/uploads\/2021\/07\/Articulation-de-lAIT-avec-les-autres-revenus-300x200.jpg\" alt=\"Articulation de lAIT avec les autres revenus\" width=\"300\" height=\"200\" srcset=\"https:\/\/www.mes-allocs.fr\/guides\/wp-content\/uploads\/2021\/07\/Articulation-de-lAIT-avec-les-autres-revenus-300x200.jpg 300w, https:\/\/www.mes-allocs.fr\/guides\/wp-content\/uploads\/2021\/07\/Articulation-de-lAIT-avec-les-autres-revenus-1024x682.jpg 1024w, https:\/\/www.mes-allocs.fr\/guides\/wp-content\/uploads\/2021\/07\/Articulation-de-lAIT-avec-les-autres-revenus-768x512.jpg 768w, https:\/\/www.mes-allocs.fr\/guides\/wp-content\/uploads\/2021\/07\/Articulation-de-lAIT-avec-les-autres-revenus-600x400.jpg 600w, https:\/\/www.mes-allocs.fr\/guides\/wp-content\/uploads\/2021\/07\/Articulation-de-lAIT-avec-les-autres-revenus.jpg 1280w\" sizes=\"auto, (max-width: 300px) 100vw, 300px\" \/><\/p>\n<h2><strong>ATI et l\u2019allocation sp\u00e9cifique de solidarit\u00e9 (ASS)<\/strong><\/h2>\n<p>L\u2019ATI ne se cumule pas avec l\u2019ASS. Si vous formulez une demande d\u2019ATI en cours d\u2019indemnisation ASS et si les conditions d\u2019attribution sont remplies, l\u2019ATI pourra vous \u00eatre vers\u00e9e.<\/p>\n<p>Le versement du droit ASS sera suspendu pendant la dur\u00e9e de versement de l\u2019ATI.<\/p>\n<h2><strong>ATI et revenus d\u2019activit\u00e9 professionnelle<\/strong><\/h2>\n<p>Si vous exercez une activit\u00e9 professionnelle (salari\u00e9e ou non) en cours d\u2019indemnisation au titre de l\u2019ATI, la r\u00e9mun\u00e9ration qui provient de cette activit\u00e9 professionnelle sera ainsi int\u00e9gr\u00e9e et cumulable\u00a0 avec l\u2019allocation des travailleurs ind\u00e9pendants. Notez que ce cumul est possible uniquement pendant une p\u00e9riode de 3 mois. Que ce soit cons\u00e9cutif ou non mais dans la limite des droits qu&rsquo;ils vous restent.<\/p>\n<h2><strong>ATI et l\u2019allocation d\u2019aide au retour \u00e0 l\u2019emploi (ARE)<\/strong><\/h2>\n<p>L\u2019ATI et l\u2019ARE ne peuvent pas se cumuler. Il existe un syst\u00e8me de coordination qui est ainsi pr\u00e9vu par la r\u00e9glementation. Pour cela vous devez faire un choix.<br \/>\nUn droit d\u2019option entre ces deux allocations vous sera propos\u00e9 si le montant de votre ARE est inf\u00e9rieur ou \u00e9gal au montant de l\u2019ATI.<\/p>\n<p><iframe loading=\"lazy\" title=\"Tout savoir sur le ch\u00f4mage en France !\" width=\"500\" height=\"281\" src=\"https:\/\/www.youtube.com\/embed\/jgv9qS4jh7k?feature=oembed\" frameborder=\"0\" allow=\"accelerometer; autoplay; clipboard-write; encrypted-media; gyroscope; picture-in-picture; web-share\" referrerpolicy=\"strict-origin-when-cross-origin\" allowfullscreen><\/iframe><\/p>\n<h1>Qu&rsquo;est-ce que l&rsquo;allocation ch\u00f4mage ?<\/h1>\n<p>L\u2019<strong>Aide au retour \u00e0 l\u2019emploi (ARE)<\/strong>, aussi appel\u00e9e<strong>\u00a0indemnit\u00e9s ch\u00f4mage<\/strong>, est un revenu de remplacement vers\u00e9 par l\u2019<strong>Assurance ch\u00f4mage<\/strong>. L \u2019ARE est vers\u00e9e sous certaines conditions\u00a0et pendant une p\u00e9riode variable selon la dur\u00e9e de l\u2019activit\u00e9 professionnelle ant\u00e9rieure de l\u2019assur\u00e9.<\/p>\n<p>Le\u00a0<strong>montant de l\u2019allocation d\u2019aide au retour \u00e0 l\u2019emploi<\/strong>\u00a0se compose d\u2019une partie fixe et d\u2019une partie variable. Il est encadr\u00e9.<\/p>\n<h2>Quelles sont les conditions \u00e0 respecter pour b\u00e9n\u00e9ficier de l&rsquo;allocation ch\u00f4mage ?<\/h2>\n<p class=\"amp-wp-7d27179\" data-amp-original-style=\"text-align: justify;\"><span class=\"amp-wp-fe3f5cc\" data-amp-original-style=\"font-weight: 400;\">Pour percevoir l\u2019ARE, vous devez tout d\u2019abord \u00eatre inscrit comme demandeur d\u2019emploi au P\u00f4le Emploi, ou accomplir une formation dans votre projet personnalis\u00e9 d\u2019acc\u00e8s \u00e0 l\u2019emploi (PPAE). Vous devez cr\u00e9er un espace personnel sur P\u00f4le emploi.\u00a0<\/span><\/p>\n<p class=\"amp-wp-7d27179\" data-amp-original-style=\"text-align: justify;\"><span class=\"amp-wp-fe3f5cc\" data-amp-original-style=\"font-weight: 400;\">Vous devez \u00e9galement justifier d\u2019une\u00a0<strong>p\u00e9riode minimale de travail de 88 jours<\/strong>\u00a0\u2013 dite\u00a0<strong>dur\u00e9e d\u2019affiliation<\/strong>\u00a0\u2013 ou 610 heures, sur la p\u00e9riode des 28 derniers mois pr\u00e9c\u00e9dant la fin du contrat de travail. Si vous \u00eates \u00e2g\u00e9 de plus de 53 ans \u00e0 la fin de votre contrat de travail, l\u2019affiliation est recherch\u00e9e dans les 36 mois pr\u00e9c\u00e9dant la fin du contrat de travail.\u00a0<\/span><\/p>\n<h2 class=\"amp-wp-7d27179\" data-amp-original-style=\"text-align: justify;\"><span id=\"Demande_et_versement_de_lARE\"><b>Demande et versement de l\u2019ARE<\/b><span class=\"amp-wp-fe3f5cc\" data-amp-original-style=\"font-weight: 400;\">\u00a0<\/span><\/span><\/h2>\n<p>Le montant de l&rsquo;ARE vous sera vers\u00e9 mensuellement. Le montant per\u00e7u \u00e9quivaut \u00e0 votre montant journalier qu&rsquo;il faut ensuite multiplier par <span class=\"amp-wp-fe3f5cc\" data-amp-original-style=\"font-weight: 400;\">le nombre de jours calendaires du mois.<\/span><\/p>\n<p>En revanche, si vous d\u00e9pendiez du secteur priv\u00e9, dans ce cas c&rsquo;est P\u00f4le Emploi qui est en charge de vous verser cette allocation. Si vous \u00e9tiez agent public <span class=\"amp-wp-fe3f5cc\" data-amp-original-style=\"font-weight: 400;\">c\u2019est l\u2019administration en question qui s\u2019occupe du versement de l\u2019ARE. Pour demander l\u2019ARE, faites appel \u00e0 Mes Allocs !<\/span><\/p>\n<div class='cta-block'><div class='text'>Simulez votre ch\u00f4mage en 2 min.<\/div><a href='https:\/\/www.mes-allocs.fr\/simulation-chomage?origin=guides\/wp-json\/wp\/v2\/posts\/33327' class='app-button fit'>Simulation gratuite<\/a><\/div>\n","protected":false},"excerpt":{"rendered":"<p>L&rsquo;allocation ch\u00f4mage est un revenu de remplacement vers\u00e9 si vous avez \u00e9t\u00e9 involontairement priv\u00e9 d&#8217;emploi. Depuis deux ans les travailleurs ind\u00e9pendants peuvent donc en b\u00e9n\u00e9ficier sous certaines conditions, Mes Allocs vous explique tout sur le travailleur ind\u00e9pendant et droit au ch\u00f4mage. Peut-on toucher le ch\u00f4mage en tant que travailleur ind\u00e9pendant ? Oui tout \u00e0 fait. [&hellip;]<\/p>\n","protected":false},"author":10,"featured_media":33479,"comment_status":"open","ping_status":"open","sticky":false,"template":"","format":"standard","meta":{"amp_status":"","footnotes":""},"categories":[2991,2989],"tags":[],"class_list":["post-33327","post","type-post","status-publish","format-standard","has-post-thumbnail","hentry","category-droit-au-chomage","category-chomage"],"yoast_head":"<!-- This site is optimized with the Yoast SEO plugin v14.9 - https:\/\/yoast.com\/wordpress\/plugins\/seo\/ -->\n<title>Ind\u00e9pendant droit au ch\u00f4mage : Comment \u00e7a marche ? | Mes-Allocs.fr<\/title>\n<meta name=\"description\" content=\"Depuis 2019 les ind\u00e9pendants peuvent b\u00e9n\u00e9ficier d&#039;un revenu de remplacement. Mes Allocs vous explique le staut d&#039;ind\u00e9pendant droit au ch\u00f4mage\" \/>\n<meta name=\"robots\" content=\"index, follow, max-snippet:-1, max-image-preview:large, max-video-preview:-1\" \/>\n<link rel=\"canonical\" href=\"https:\/\/www.mes-allocs.fr\/guides\/chomage\/droit-au-chomage\/independant-droit-au-chomage\/\" \/>\n<meta property=\"og:locale\" content=\"fr_FR\" \/>\n<meta property=\"og:type\" content=\"article\" \/>\n<meta property=\"og:title\" content=\"Ind\u00e9pendant droit au ch\u00f4mage : Comment \u00e7a marche ? | Mes-Allocs.fr\" \/>\n<meta property=\"og:description\" content=\"Depuis 2019 les ind\u00e9pendants peuvent b\u00e9n\u00e9ficier d&#039;un revenu de remplacement. Mes Allocs vous explique le staut d&#039;ind\u00e9pendant droit au ch\u00f4mage\" \/>\n<meta property=\"og:url\" content=\"https:\/\/www.mes-allocs.fr\/guides\/chomage\/droit-au-chomage\/independant-droit-au-chomage\/\" \/>\n<meta property=\"og:site_name\" content=\"Mes-Allocs.fr\" \/>\n<meta property=\"article:published_time\" content=\"2021-07-28T15:41:41+00:00\" \/>\n<meta property=\"article:modified_time\" content=\"2025-11-06T16:31:19+00:00\" \/>\n<meta property=\"og:image\" content=\"https:\/\/www.mes-allocs.fr\/guides\/wp-content\/uploads\/2021\/07\/Inde\u0301pendant-droit-au-cho\u0302mage.jpg?wsr\" \/>\n\t<meta property=\"og:image:width\" content=\"1280\" \/>\n\t<meta property=\"og:image:height\" content=\"853\" \/>\n<meta name=\"twitter:card\" content=\"summary_large_image\" \/>\n<script type=\"application\/ld+json\" class=\"yoast-schema-graph\">{\"@context\":\"https:\/\/schema.org\",\"@graph\":[{\"@type\":\"WebSite\",\"@id\":\"https:\/\/www.mes-allocs.fr\/guides\/#website\",\"url\":\"https:\/\/www.mes-allocs.fr\/guides\/\",\"name\":\"Mes-Allocs.fr\",\"description\":\"\",\"potentialAction\":[{\"@type\":\"SearchAction\",\"target\":\"https:\/\/www.mes-allocs.fr\/guides\/?s={search_term_string}\",\"query-input\":\"required name=search_term_string\"}],\"inLanguage\":\"fr-FR\"},{\"@type\":\"ImageObject\",\"@id\":\"https:\/\/www.mes-allocs.fr\/guides\/chomage\/droit-au-chomage\/independant-droit-au-chomage\/#primaryimage\",\"inLanguage\":\"fr-FR\",\"url\":\"https:\/\/www.mes-allocs.fr\/guides\/wp-content\/uploads\/2021\/07\/Inde\\u0301pendant-droit-au-cho\\u0302mage.jpg?wsr\",\"width\":1280,\"height\":853,\"caption\":\"Inde\\u0301pendant droit au cho\\u0302mage\"},{\"@type\":\"WebPage\",\"@id\":\"https:\/\/www.mes-allocs.fr\/guides\/chomage\/droit-au-chomage\/independant-droit-au-chomage\/#webpage\",\"url\":\"https:\/\/www.mes-allocs.fr\/guides\/chomage\/droit-au-chomage\/independant-droit-au-chomage\/\",\"name\":\"Ind\\u00e9pendant droit au ch\\u00f4mage : Comment \\u00e7a marche ? | Mes-Allocs.fr\",\"isPartOf\":{\"@id\":\"https:\/\/www.mes-allocs.fr\/guides\/#website\"},\"primaryImageOfPage\":{\"@id\":\"https:\/\/www.mes-allocs.fr\/guides\/chomage\/droit-au-chomage\/independant-droit-au-chomage\/#primaryimage\"},\"datePublished\":\"2021-07-28T15:41:41+00:00\",\"dateModified\":\"2025-11-06T16:31:19+00:00\",\"author\":{\"@id\":\"https:\/\/www.mes-allocs.fr\/guides\/#\/schema\/person\/8d47b912c0ad15f379df96b4e4e33f58\"},\"description\":\"Depuis 2019 les ind\\u00e9pendants peuvent b\\u00e9n\\u00e9ficier d'un revenu de remplacement. Mes Allocs vous explique le staut d'ind\\u00e9pendant droit au ch\\u00f4mage\",\"inLanguage\":\"fr-FR\"},{\"@type\":\"Person\",\"@id\":\"https:\/\/www.mes-allocs.fr\/guides\/#\/schema\/person\/8d47b912c0ad15f379df96b4e4e33f58\",\"name\":\"Constance de Cagny\",\"image\":{\"@type\":\"ImageObject\",\"@id\":\"https:\/\/www.mes-allocs.fr\/guides\/#personlogo\",\"inLanguage\":\"fr-FR\",\"url\":\"https:\/\/www.mes-allocs.fr\/guides\/wp-content\/uploads\/2021\/06\/Constance.2e8ee0b.png\",\"caption\":\"Constance de Cagny\"},\"description\":\"Constance est r\\u00e9dactrice au sein de l'\\u00e9quipe Mes Allocs. Elle a l'habitude d'\\u00e9crire sur les sujets conso, bons plans et \\u00e9conomies. Dipl\\u00f4m\\u00e9e de l'ENACO, elle rejoint Mes Allocs apr\\u00e8s une premi\\u00e8re exp\\u00e9rience en cabinet notarial.\",\"sameAs\":[\"https:\/\/www.linkedin.com\/in\/constance-de-cagny-mayeur-bbb414135\"]}]}<\/script>\n<!-- \/ Yoast SEO plugin. -->","amp_validity":null,"acf":{"faq":{"1":{"question":"Comment calculer les indemnit\u00e9s de ch\u00f4mage ?","answer":"Le montant de l'allocation d'aide au retour \u00e0 l'emploi (ARE) est calcul\u00e9 \u00e0 partir de votre salaire journalier de r\u00e9f\u00e9rence (SJR). Ce salaire de r\u00e9f\u00e9rence prend en compte tous vos salaires bruts per\u00e7us au cours des 12 derniers mois, primes comprises, mais hors indemnit\u00e9s li\u00e9es \u00e0 la rupture de votre contrat."},"2":{"question":"Qui a le droit au ch\u00f4mage ?","answer":"L'Assurance ch\u00f4mage prot\u00e8ge les travailleurs salari\u00e9s contre la perte d'un revenu en cas de ch\u00f4mage. Elle leur permet de b\u00e9n\u00e9ficier d'une allocation et de continuer \u00e0 cumuler des points pour la retraite m\u00eame s'ils ont perdu leur emploi."},"3":{"question":"Comment est calculer le ch\u00f4mage \u00e0 temps partiel ?","answer":"Pour une activit\u00e9 \u00e0 temps partiel, le calcul de l'indemnit\u00e9 ch\u00f4mage \u00e0 temps partiel se base sur vos revenus per\u00e7us par votre nouvelle activit\u00e9 : Allocations mensuelles = Allocations dues sans activit\u00e9 \u2013 70% du salaire mensuel brut issu de la nouvelle activit\u00e9."},"4":{"question":"Comment calculer le salaire journalier brut de r\u00e9f\u00e9rence ?","answer":"Le salaire journalier de r\u00e9f\u00e9rence (SJR) , qui sert \u00e0 calculer vos allocations ch\u00f4mage, est d\u00e9termin\u00e9 en fonction d'un salaire annuel de r\u00e9f\u00e9rence."},"5":{"question":"Comment Est-on pay\u00e9 en ch\u00f4mage partiel ?","answer":"L'employeur vous verse une indemnit\u00e9 correspondant \u00e0 70 % de votre salaire brut par heure ch\u00f4m\u00e9e, soit environ \u00e0 84 % du salaire net horaire."},"6":{"question":"Quelle prime rentre dans le calcul du ch\u00f4mage ?","answer":"Le montant journalier de votre allocation ch\u00f4mage est \u00e9gal au montant le plus \u00e9lev\u00e9 entre : 40,4 % de votre salaire journalier de r\u00e9f\u00e9rence (SJR) + une partie fixe de 13,18 \u20ac ; 57 % de votre SJR."},"7":{"question":"","answer":""},"8":{"question":"","answer":""},"9":{"question":"","answer":""},"10":{"question":"","answer":""},"11":{"question":"","answer":""},"12":{"question":"","answer":""},"13":{"question":"","answer":""},"14":{"question":"","answer":""},"15":{"question":"","answer":""},"16":{"question":"","answer":""}}},"_links":{"self":[{"href":"https:\/\/www.mes-allocs.fr\/guides\/wp-json\/wp\/v2\/posts\/33327","targetHints":{"allow":["GET"]}}],"collection":[{"href":"https:\/\/www.mes-allocs.fr\/guides\/wp-json\/wp\/v2\/posts"}],"about":[{"href":"https:\/\/www.mes-allocs.fr\/guides\/wp-json\/wp\/v2\/types\/post"}],"author":[{"embeddable":true,"href":"https:\/\/www.mes-allocs.fr\/guides\/wp-json\/wp\/v2\/users\/10"}],"replies":[{"embeddable":true,"href":"https:\/\/www.mes-allocs.fr\/guides\/wp-json\/wp\/v2\/comments?post=33327"}],"version-history":[{"count":17,"href":"https:\/\/www.mes-allocs.fr\/guides\/wp-json\/wp\/v2\/posts\/33327\/revisions"}],"predecessor-version":[{"id":104360,"href":"https:\/\/www.mes-allocs.fr\/guides\/wp-json\/wp\/v2\/posts\/33327\/revisions\/104360"}],"wp:featuredmedia":[{"embeddable":true,"href":"https:\/\/www.mes-allocs.fr\/guides\/wp-json\/wp\/v2\/media\/33479"}],"wp:attachment":[{"href":"https:\/\/www.mes-allocs.fr\/guides\/wp-json\/wp\/v2\/media?parent=33327"}],"wp:term":[{"taxonomy":"category","embeddable":true,"href":"https:\/\/www.mes-allocs.fr\/guides\/wp-json\/wp\/v2\/categories?post=33327"},{"taxonomy":"post_tag","embeddable":true,"href":"https:\/\/www.mes-allocs.fr\/guides\/wp-json\/wp\/v2\/tags?post=33327"}],"curies":[{"name":"wp","href":"https:\/\/api.w.org\/{rel}","templated":true}]}}