{"id":33289,"date":"2021-07-26T10:27:53","date_gmt":"2021-07-26T08:27:53","guid":{"rendered":"https:\/\/www.mes-allocs.fr\/guides\/?p=33289"},"modified":"2025-02-26T12:31:01","modified_gmt":"2025-02-26T10:31:01","slug":"aide-velo-electrique-ile-de-france","status":"publish","type":"post","link":"https:\/\/www.mes-allocs.fr\/guides\/aide-velo-electrique\/aide-velo-region\/aide-velo-electrique-ile-de-france\/","title":{"rendered":"Aide v\u00e9lo \u00e9lectrique \u00cele-de-France : conditions, montant, d\u00e9marches"},"content":{"rendered":"<p><img loading=\"lazy\" decoding=\"async\" class=\"alignnone wp-image-27408 size-large\" title=\"aide v\u00e9lo \u00e9lectrique ile de france\" src=\"https:\/\/www.mes-allocs.fr\/guides\/wp-content\/uploads\/2021\/05\/bike-1778118_1280-e1627302702933-1024x233.jpg\" alt=\"aide v\u00e9lo \u00e9lectrique ile de france\" width=\"1024\" height=\"233\" \/><\/p>\n<p>Vous souhaitez acheter un v\u00e9lo \u00e9lectrique ? Une <a href=\"https:\/\/www.mes-allocs.fr\/guides\/prime-velo-electrique\/aide-velo-region\/\">aide financi\u00e8re r\u00e9gionale<\/a> peut vous \u00eatre accord\u00e9e. D\u00e9couvrez l&rsquo;<strong>aide v\u00e9lo \u00e9lectrique \u00cele-de-France<\/strong> et les nombreuses aides propos\u00e9es par Paris, Fontenay-sous-bois, Courbevoie, Thiais ou encore Rueil Malmaison.<\/p>\n<p><iframe loading=\"lazy\" title=\"L&#039;aide au v\u00e9lo \u00e9lectrique\" width=\"500\" height=\"281\" src=\"https:\/\/www.youtube.com\/embed\/QH5GqTFaqwE?feature=oembed\" frameborder=\"0\" allow=\"accelerometer; autoplay; clipboard-write; encrypted-media; gyroscope; picture-in-picture; web-share\" referrerpolicy=\"strict-origin-when-cross-origin\" allowfullscreen><\/iframe><\/p>\n<h1 id=\"h1-full-image\">L&rsquo;aide v\u00e9lo \u00e9lectrique \u00cele-de-France mobilit\u00e9s <img loading=\"lazy\" decoding=\"async\" class=\"alignright wp-image-33210\" title=\"aide v\u00e9lo \u00e9lectrique ile de france\" src=\"https:\/\/www.mes-allocs.fr\/guides\/wp-content\/uploads\/2021\/07\/Prime-velo-electrique-de-lEtat--300x200.jpg\" alt=\"aide v\u00e9lo \u00e9lectrique ile de france\" width=\"323\" height=\"215\" srcset=\"https:\/\/www.mes-allocs.fr\/guides\/wp-content\/uploads\/2021\/07\/Prime-velo-electrique-de-lEtat--300x200.jpg 300w, https:\/\/www.mes-allocs.fr\/guides\/wp-content\/uploads\/2021\/07\/Prime-velo-electrique-de-lEtat--1024x682.jpg 1024w, https:\/\/www.mes-allocs.fr\/guides\/wp-content\/uploads\/2021\/07\/Prime-velo-electrique-de-lEtat--768x512.jpg 768w, https:\/\/www.mes-allocs.fr\/guides\/wp-content\/uploads\/2021\/07\/Prime-velo-electrique-de-lEtat--600x400.jpg 600w, https:\/\/www.mes-allocs.fr\/guides\/wp-content\/uploads\/2021\/07\/Prime-velo-electrique-de-lEtat-.jpg 1280w\" sizes=\"auto, (max-width: 323px) 100vw, 323px\" \/><\/h1>\n<p>Les personnes qui souhaitent s&rsquo;\u00e9quiper d&rsquo;un <strong>v\u00e9lo \u00e0 assistance \u00e9lectrique neuf<\/strong> peuvent percevoir un coup de pouce de la part de la r\u00e9gion. En effet, elle peut\u00a0financer jusqu&rsquo;\u00e0 <strong>50% du prix d&rsquo;achat<\/strong> d&rsquo;un v\u00e9lo \u00e0 assistance \u00e9lectrique dans une limite de 500\u20ac d&rsquo;aide.<\/p>\n<div class='cta-block'><div class='text'>Simulez vos aides en 2 min.<\/div><a href='https:\/\/www.mes-allocs.fr\/ab-app?origin=guides\/wp-json\/wp\/v2\/posts\/33289' class='app-button fit'>Simulation gratuite<\/a><\/div>\n<h2>Les types de v\u00e9lo \u00e9ligibles<\/h2>\n<ul>\n<li>V\u00e9lo classique \u00e0 assistance \u00e9lectrique neuf ;<\/li>\n<li>V\u00e9lo cargo avec ou sans assistance \u00e9lectrique neuf\u00a0: biporteur, triporteur, longtail ;<\/li>\n<li>V\u00e9lo pliant avec ou sans assistance \u00e9lectrique neuf ;<\/li>\n<li>V\u00e9lo adapt\u00e9 neuf.<\/li>\n<\/ul>\n<p>Certains <strong>accessoires<\/strong> sont aussi \u00e9ligibles \u00e0 l\u2019aide, s\u2019ils sont achet\u00e9s en m\u00eame temps que le v\u00e9lo. Ils doivent imp\u00e9rativement figurer sur la m\u00eame facture que celle du v\u00e9lo.<\/p>\n<p>Pour les v\u00e9los \u00e0 assistance \u00e9lectrique, v\u00e9los cargos et v\u00e9los pliants, seuls les accessoires de s\u00e9curit\u00e9 suivants sont \u00e9ligibles \u00e0 l\u2019aide \u00e0 l\u2019achat :<\/p>\n<ul>\n<li>Panier\/sacoches<\/li>\n<li>Casque<\/li>\n<li>Antivol<\/li>\n<\/ul>\n<p>Pour les v\u00e9los adapt\u00e9s, seuls les accessoires d\u2019aide \u00e0 l\u2019usage ou \u00e0 la maniabilit\u00e9 du v\u00e9lo tels que : accessoires de p\u00e9dales, de guidon, au niveau de la transmission permettant le maintien d\u2019une partie du corps ou accessoires de s\u00e9curit\u00e9 comme clignotants et r\u00e9troviseurs.<\/p>\n<h2 class=\"h2\">Le montant de l&rsquo;aide v\u00e9lo \u00e9lectrique<\/h2>\n<p class=\"p\">L\u2019 <strong>aide \u00e0 l&rsquo;achat d\u2019un v\u00e9lo \u00e9lectrique d\u2019\u00cele-de-France Mobilit\u00e9s<\/strong> est diff\u00e9renci\u00e9e selon le type de v\u00e9lo :<\/p>\n<ul class=\"ul\">\n<li class=\"li\"><strong>V\u00e9lo classique \u00e0 assistance \u00e9lectrique + accessoires\u00a0:<\/strong> 50 % maximum du prix d\u2019achat TTC du v\u00e9lo et des accessoires de s\u00e9curit\u00e9) dans la limite d\u2019une aide de 500 \u20ac ;<\/li>\n<li class=\"li\"><strong>V\u00e9lo cargo sans assistance \u00e9lectrique + accessoires\u00a0:<\/strong> 50 % maximum du prix d\u2019achat TTC du v\u00e9lo et des accessoires de s\u00e9curit\u00e9) dans la limite d\u2019une aide de 500 \u20ac ;<\/li>\n<li class=\"li\"><strong>V\u00e9lo cargo avec assistance \u00e9lectrique + accessoires\u00a0:<\/strong> 50 % maximum du prix d\u2019achat TTC du v\u00e9lo et des accessoires de s\u00e9curit\u00e9) dans la limite d\u2019une aide de 600 \u20ac ;<\/li>\n<li class=\"li\"><strong>V\u00e9lo pliant avec ou sans assistance \u00e9lectrique<\/strong> + accessoires : 50 % du prix TTC, plafonn\u00e9e \u00e0 500 \u20ac ;<\/li>\n<li class=\"li\"><strong>V\u00e9lo adapt\u00e9<\/strong> + accessoires : 50 % du reste \u00e0 charge TTC, plafonn\u00e9e \u00e0 1 200 \u20ac ;<\/li>\n<\/ul>\n<div class=\"richtext-field richtext-normal-size richtext-field richtext-normal-bold-size richtext-slice\" data-v-6385372c=\"\" data-v-6ad0d16d=\"\">\n<h1 class=\"h2\">Comment b\u00e9n\u00e9ficier de l&rsquo;aide \u00e0 l&rsquo;achat d&rsquo;un v\u00e9lo ?<\/h1>\n<p><img loading=\"lazy\" decoding=\"async\" class=\"alignright wp-image-8316\" title=\"aide v\u00e9lo \u00e9lectrique ile de france\" src=\"https:\/\/www.mes-allocs.fr\/guides\/wp-content\/uploads\/2020\/06\/comment-obtenir-une-prime-dallocation-sur-son-velo-electrique-e1592405019119-300x141.jpg\" alt=\"aide v\u00e9lo \u00e9lectrique ile de france\" width=\"361\" height=\"170\" srcset=\"https:\/\/www.mes-allocs.fr\/guides\/wp-content\/uploads\/2020\/06\/comment-obtenir-une-prime-dallocation-sur-son-velo-electrique-e1592405019119-300x141.jpg 300w, https:\/\/www.mes-allocs.fr\/guides\/wp-content\/uploads\/2020\/06\/comment-obtenir-une-prime-dallocation-sur-son-velo-electrique-e1592405019119-1024x481.jpg 1024w, https:\/\/www.mes-allocs.fr\/guides\/wp-content\/uploads\/2020\/06\/comment-obtenir-une-prime-dallocation-sur-son-velo-electrique-e1592405019119-768x361.jpg 768w, https:\/\/www.mes-allocs.fr\/guides\/wp-content\/uploads\/2020\/06\/comment-obtenir-une-prime-dallocation-sur-son-velo-electrique-e1592405019119-600x282.jpg 600w, https:\/\/www.mes-allocs.fr\/guides\/wp-content\/uploads\/2020\/06\/comment-obtenir-une-prime-dallocation-sur-son-velo-electrique-e1592405019119.jpg 1280w\" sizes=\"auto, (max-width: 361px) 100vw, 361px\" \/><\/p>\n<p>Pour obtenir l&rsquo;aide \u00e0 l&rsquo;achat d&rsquo;un v\u00e9lo aupr\u00e8s de votre <strong>r\u00e9gion<\/strong>, il existe des conditions que vous devez respecter. On vous explique.<\/p>\n<h2>Les conditions requises pour obtenir la prime v\u00e9lo \u00e9lectrique<\/h2>\n<ul class=\"ul\">\n<li class=\"li\">\u00catre une personne physique<\/li>\n<li class=\"li\">\u00catre majeur (ou mineur \u00e9mancip\u00e9) et habiter en \u00cele-de-France<\/li>\n<li class=\"li\">Avoir achet\u00e9 un v\u00e9lo neuf conforme \u00e0 la r\u00e9glementation en vigueur, \u00e0 partir du 1er d\u00e9cembre 2019 pour les v\u00e9los \u00e0 assistance \u00e9lectrique, v\u00e9los cargos avec ou sans assistance \u00e9lectrique ou \u00e0 partir du 1er mai 2020 pour les v\u00e9los pliants avec ou sans assistance \u00e9lectrique et les v\u00e9los adapt\u00e9s<\/li>\n<li class=\"li\">S\u2019engager \u00e0 ne pas revendre le v\u00e9lo pendant une dur\u00e9e de 3 ans<\/li>\n<li class=\"li\">Ne pas avoir d\u00e9j\u00e0 b\u00e9n\u00e9fici\u00e9 de la m\u00eame aide d\u2019\u00cele-de-France Mobilit\u00e9s<\/li>\n<li class=\"li\">Avoir demand\u00e9 les aides financi\u00e8res locales si elles existent avant de faire la demande faite \u00e0 \u00cele-de-France Mobilit\u00e9s<\/li>\n<\/ul>\n<p>Si vous avez d\u00e9j\u00e0 b\u00e9n\u00e9fici\u00e9 d&rsquo;une aide locale pour l&rsquo;achat de votre v\u00e9lo, <strong>l&rsquo;aide \u00cele-de-France Mobilit\u00e9s peut venir en compl\u00e9ment<\/strong>. Par exemple, si vous avez b\u00e9n\u00e9fici\u00e9 d&rsquo;une <a href=\"https:\/\/www.mes-allocs.fr\/guides\/prime-velo-electrique\/prime-velo-region\/aide-velo-electrique-paris\/\">aide de la ville de Paris<\/a> pour l&rsquo;achat d&rsquo;un v\u00e9lo \u00e9lectrique, \u00cele-de-France mobilit\u00e9s pourra compl\u00e9ter cette aide.<\/p>\n<div class='cta-block'><div class='text'>Simulez vos aides en 2 min.<\/div><a href='https:\/\/www.mes-allocs.fr\/ab-app?origin=guides\/wp-json\/wp\/v2\/posts\/33289' class='app-button fit'>Simulation gratuite<\/a><\/div>\n<h2>Les d\u00e9marches \u00e0 effectuer<\/h2>\n<h1 class=\"h2\"><img loading=\"lazy\" decoding=\"async\" class=\"alignright wp-image-27859\" title=\"aide v\u00e9lo \u00e9lectrique ile de france\" src=\"https:\/\/www.mes-allocs.fr\/guides\/wp-content\/uploads\/2021\/05\/bicycle-6085610_1280-1-300x168.jpg\" alt=\"aide v\u00e9lo \u00e9lectrique ile de france\" width=\"359\" height=\"201\" srcset=\"https:\/\/www.mes-allocs.fr\/guides\/wp-content\/uploads\/2021\/05\/bicycle-6085610_1280-1-300x168.jpg 300w, https:\/\/www.mes-allocs.fr\/guides\/wp-content\/uploads\/2021\/05\/bicycle-6085610_1280-1-1024x574.jpg 1024w, https:\/\/www.mes-allocs.fr\/guides\/wp-content\/uploads\/2021\/05\/bicycle-6085610_1280-1-768x431.jpg 768w, https:\/\/www.mes-allocs.fr\/guides\/wp-content\/uploads\/2021\/05\/bicycle-6085610_1280-1-600x337.jpg 600w, https:\/\/www.mes-allocs.fr\/guides\/wp-content\/uploads\/2021\/05\/bicycle-6085610_1280-1.jpg 1280w\" sizes=\"auto, (max-width: 359px) 100vw, 359px\" \/><\/h1>\n<p>La d\u00e9marche pour b\u00e9n\u00e9ficier de la prime est <b>d\u00e9mat\u00e9rialis\u00e9e<\/b>. Vous devez vous connecter sur le site internet d\u2019\u00cele-de-France Mobilit\u00e9 et compl\u00e9ter un formulaire.<\/p>\n<p>Vous devrez fournir les <b>pi\u00e8ces justificatives suivantes<\/b> :<\/p>\n<ul>\n<li>La photocopie de la facture d\u2019achat du v\u00e9lo et des accessoires le cas \u00e9ch\u00e9ant \u00e0 votre nom (celle-ci doit \u00eatre r\u00e9dig\u00e9e en fran\u00e7ais et en euros, dat\u00e9e post\u00e9rieurement au 1er d\u00e9cembre 2019 et faire appara\u00eetre la mention \u00ab\u2009acquitt\u00e9e\u2009\u00bb)<\/li>\n<li>La photocopie du certificat d\u2019homologation ou du certificat de conformit\u00e9 du v\u00e9lo qui vous a \u00e9t\u00e9 remis par le vendeur (except\u00e9 pour les v\u00e9los cargo non \u00e9lectriques)<\/li>\n<li>La photocopie d\u2019un justificatif de domicile de moins de 3 mois ou d\u2019une attestation d\u2019h\u00e9bergement<\/li>\n<li>La photocopie d\u2019une pi\u00e8ce d\u2019identit\u00e9<\/li>\n<li>La photocopie d\u2019un justificatif d\u2019\u00e9mancipation si vous \u00eates un mineur \u00e9mancip\u00e9<\/li>\n<li>Votre RIB<\/li>\n<li>Le justificatif d\u2019obtention ou de refus des aides communales ou intercommunales demand\u00e9es pr\u00e9c\u00e9demment.<\/li>\n<\/ul>\n<h1>Les aides locales pour l&rsquo;achat d&rsquo;un v\u00e9lo \u00e9lectrique<\/h1>\n<p>Des aides locales sont cumulables avec la <strong>subvention de la r\u00e9gion \u00cele-de-France<\/strong>.<\/p>\n<h2>La ville de Paris<\/h2>\n<p>La commune de Paris propose une aide \u00e0 l&rsquo;achat d&rsquo;un v\u00e9lo \u00e9lectrique pour ses habitants.\u00a0L&rsquo;aide est accord\u00e9e \u00e0 hauteur de <b>33 % du prix d&rsquo;achat du v\u00e9lo<\/b>, limit\u00e9e \u00e0 <b>400 \u20ac<\/b> et <b>sous conditions de ressources.<\/b><\/p>\n<p>Pour en b\u00e9n\u00e9ficier vous devez :<\/p>\n<ul>\n<li>avoir un <b>revenu fiscal de r\u00e9f\u00e9rence par part inf\u00e9rieur \u00e0 6.358 \u20ac<\/b> ;<\/li>\n<li>\u00eatre <b>domicili\u00e9 \u00e0 Paris<\/b>.<\/li>\n<\/ul>\n<p>Vous pouvez effectuer la demande en ligne, en fournissant les<b> justificatifs suivants<\/b> :<\/p>\n<ul>\n<li><img loading=\"lazy\" decoding=\"async\" class=\"alignright wp-image-61807\" title=\"aide v\u00e9lo \u00e9lectrique ile de france\" src=\"https:\/\/www.mes-allocs.fr\/guides\/wp-content\/uploads\/2021\/07\/pexels-anna-urlapova-2956951-e1676384853255.jpg\" alt=\"aide v\u00e9lo \u00e9lectrique ile de france\" width=\"253\" height=\"233\" srcset=\"https:\/\/www.mes-allocs.fr\/guides\/wp-content\/uploads\/2021\/07\/pexels-anna-urlapova-2956951-e1676384853255.jpg 793w, https:\/\/www.mes-allocs.fr\/guides\/wp-content\/uploads\/2021\/07\/pexels-anna-urlapova-2956951-e1676384853255-300x276.jpg 300w, https:\/\/www.mes-allocs.fr\/guides\/wp-content\/uploads\/2021\/07\/pexels-anna-urlapova-2956951-e1676384853255-768x706.jpg 768w, https:\/\/www.mes-allocs.fr\/guides\/wp-content\/uploads\/2021\/07\/pexels-anna-urlapova-2956951-e1676384853255-600x552.jpg 600w\" sizes=\"auto, (max-width: 253px) 100vw, 253px\" \/>copie de votre pi\u00e8ce d&rsquo;identit\u00e9 ;<\/li>\n<\/ul>\n<ul>\n<li>RIB ;<\/li>\n<li>justificatif de domicile de moins de 3 mois.<\/li>\n<\/ul>\n<h2>Les aides accord\u00e9es par d&rsquo;autres communes<\/h2>\n<p>Parmi les <b>commun<\/b><strong>es d&rsquo;\u00cele-de-France<\/strong> accordant des aides pour l&rsquo;achat d&rsquo;un v\u00e9lo \u00e9lectrique, on retrouve :<\/p>\n<ul>\n<li>Fontenay-sous-bois<\/li>\n<li>Courbevoie<\/li>\n<li>Thiais<\/li>\n<li>Rueil Malmaison<\/li>\n<\/ul>\n<div class='cta-block'><div class='text'>Simulez vos aides en 2 min.<\/div><a href='https:\/\/www.mes-allocs.fr\/ab-app?origin=guides\/wp-json\/wp\/v2\/posts\/33289' class='app-button fit'>Simulation gratuite<\/a><\/div>\n<\/div>\n","protected":false},"excerpt":{"rendered":"<p>Vous souhaitez acheter un v\u00e9lo \u00e9lectrique ? Une aide financi\u00e8re r\u00e9gionale peut vous \u00eatre accord\u00e9e. D\u00e9couvrez l&rsquo;aide v\u00e9lo \u00e9lectrique \u00cele-de-France et les nombreuses aides propos\u00e9es par Paris, Fontenay-sous-bois, Courbevoie, Thiais ou encore Rueil Malmaison. L&rsquo;aide v\u00e9lo \u00e9lectrique \u00cele-de-France mobilit\u00e9s Les personnes qui souhaitent s&rsquo;\u00e9quiper d&rsquo;un v\u00e9lo \u00e0 assistance \u00e9lectrique neuf peuvent percevoir un coup de [&hellip;]<\/p>\n","protected":false},"author":23,"featured_media":27409,"comment_status":"open","ping_status":"open","sticky":false,"template":"","format":"standard","meta":{"amp_status":"","footnotes":""},"categories":[43598,13817],"tags":[],"class_list":["post-33289","post","type-post","status-publish","format-standard","has-post-thumbnail","hentry","category-aide-velo-electrique","category-aide-velo-region"],"yoast_head":"<!-- This site is optimized with the Yoast SEO plugin v14.9 - https:\/\/yoast.com\/wordpress\/plugins\/seo\/ -->\n<title>Aide v\u00e9lo \u00e9lectrique \u00cele-de-France : conditions, montant, d\u00e9marches<\/title>\n<meta name=\"description\" content=\"La r\u00e9gion d&#039;Ile-de-france peut vous accorder une aide pour l&#039;achat de votre v\u00e9lo \u00e9lectrique. On vous explique en d\u00e9tail comment en b\u00e9n\u00e9ficier.\" \/>\n<meta name=\"robots\" content=\"index, follow, max-snippet:-1, max-image-preview:large, max-video-preview:-1\" \/>\n<link rel=\"canonical\" href=\"https:\/\/www.mes-allocs.fr\/guides\/aide-velo-electrique\/aide-velo-region\/aide-velo-electrique-ile-de-france\/\" \/>\n<meta property=\"og:locale\" content=\"fr_FR\" \/>\n<meta property=\"og:type\" content=\"article\" \/>\n<meta property=\"og:title\" content=\"Aide v\u00e9lo \u00e9lectrique \u00cele-de-France : conditions, montant, d\u00e9marches\" \/>\n<meta property=\"og:description\" content=\"La r\u00e9gion d&#039;Ile-de-france peut vous accorder une aide pour l&#039;achat de votre v\u00e9lo \u00e9lectrique. On vous explique en d\u00e9tail comment en b\u00e9n\u00e9ficier.\" \/>\n<meta property=\"og:url\" content=\"https:\/\/www.mes-allocs.fr\/guides\/aide-velo-electrique\/aide-velo-region\/aide-velo-electrique-ile-de-france\/\" \/>\n<meta property=\"og:site_name\" content=\"Mes-Allocs.fr\" \/>\n<meta property=\"article:published_time\" content=\"2021-07-26T08:27:53+00:00\" \/>\n<meta property=\"article:modified_time\" content=\"2025-02-26T10:31:01+00:00\" \/>\n<meta property=\"og:image\" content=\"https:\/\/www.mes-allocs.fr\/guides\/wp-content\/uploads\/2021\/05\/cycling-3527226_1280.jpg?wsr\" \/>\n\t<meta property=\"og:image:width\" content=\"1280\" \/>\n\t<meta property=\"og:image:height\" content=\"853\" \/>\n<meta name=\"twitter:card\" content=\"summary_large_image\" \/>\n<script type=\"application\/ld+json\" class=\"yoast-schema-graph\">{\"@context\":\"https:\/\/schema.org\",\"@graph\":[{\"@type\":\"WebSite\",\"@id\":\"https:\/\/www.mes-allocs.fr\/guides\/#website\",\"url\":\"https:\/\/www.mes-allocs.fr\/guides\/\",\"name\":\"Mes-Allocs.fr\",\"description\":\"\",\"potentialAction\":[{\"@type\":\"SearchAction\",\"target\":\"https:\/\/www.mes-allocs.fr\/guides\/?s={search_term_string}\",\"query-input\":\"required name=search_term_string\"}],\"inLanguage\":\"fr-FR\"},{\"@type\":\"ImageObject\",\"@id\":\"https:\/\/www.mes-allocs.fr\/guides\/aide-velo-electrique\/aide-velo-region\/aide-velo-electrique-ile-de-france\/#primaryimage\",\"inLanguage\":\"fr-FR\",\"url\":\"https:\/\/www.mes-allocs.fr\/guides\/wp-content\/uploads\/2021\/05\/cycling-3527226_1280.jpg?wsr\",\"width\":1280,\"height\":853,\"caption\":\"aide v\\u00e9lo \\u00e9lectrique ile de france\"},{\"@type\":\"WebPage\",\"@id\":\"https:\/\/www.mes-allocs.fr\/guides\/aide-velo-electrique\/aide-velo-region\/aide-velo-electrique-ile-de-france\/#webpage\",\"url\":\"https:\/\/www.mes-allocs.fr\/guides\/aide-velo-electrique\/aide-velo-region\/aide-velo-electrique-ile-de-france\/\",\"name\":\"Aide v\\u00e9lo \\u00e9lectrique \\u00cele-de-France : conditions, montant, d\\u00e9marches\",\"isPartOf\":{\"@id\":\"https:\/\/www.mes-allocs.fr\/guides\/#website\"},\"primaryImageOfPage\":{\"@id\":\"https:\/\/www.mes-allocs.fr\/guides\/aide-velo-electrique\/aide-velo-region\/aide-velo-electrique-ile-de-france\/#primaryimage\"},\"datePublished\":\"2021-07-26T08:27:53+00:00\",\"dateModified\":\"2025-02-26T10:31:01+00:00\",\"author\":{\"@id\":\"https:\/\/www.mes-allocs.fr\/guides\/#\/schema\/person\/c3664ba41f27bc0d9f3683bf3906300c\"},\"description\":\"La r\\u00e9gion d'Ile-de-france peut vous accorder une aide pour l'achat de votre v\\u00e9lo \\u00e9lectrique. On vous explique en d\\u00e9tail comment en b\\u00e9n\\u00e9ficier.\",\"inLanguage\":\"fr-FR\"},{\"@type\":\"Person\",\"@id\":\"https:\/\/www.mes-allocs.fr\/guides\/#\/schema\/person\/c3664ba41f27bc0d9f3683bf3906300c\",\"name\":\"Gabrielle Duchemin\",\"image\":{\"@type\":\"ImageObject\",\"@id\":\"https:\/\/www.mes-allocs.fr\/guides\/#personlogo\",\"inLanguage\":\"fr-FR\",\"url\":\"https:\/\/www.mes-allocs.fr\/guides\/wp-content\/uploads\/2023\/02\/386E5DFE-70F4-4932-B10B-B3E8F5AC454D-e1677586370944-150x150.jpg\",\"caption\":\"Gabrielle Duchemin\"},\"description\":\"Gabrielle est juriste sp\\u00e9cialis\\u00e9e en droit du num\\u00e9rique et de la protection sociale. Elle rejoint Mes Allocs apr\\u00e8s une premi\\u00e8re exp\\u00e9rience dans le secteur bancaire.\",\"sameAs\":[\"https:\/\/www.linkedin.com\/in\/gabrielle-duchemin-b1126214b\/\"]}]}<\/script>\n<!-- \/ Yoast SEO plugin. -->","amp_validity":null,"acf":{"faq":{"1":{"question":"Comment obtenir la prime v\u00e9lo \u00e9lectrique \u00cele-de-france ?","answer":"- Habiter en \u00cele-de-France,\r\n- \u00catre majeur ou mineur \u00e9mancip\u00e9,\r\n- Avoir achet\u00e9 son v\u00e9lo \u00e0 partir du 1er d\u00e9cembre 2019,\r\n- Avoir achet\u00e9 un v\u00e9lo \u00e0 assistance \u00e9lectrique neuf conforme \u00e0 la r\u00e9glementation en vigueur  \r\n"},"2":{"question":"Comment demander la subvention ? ","answer":"Toutes les demandes se font en ligne. Rendez-vous sur le site d'\u00cele-de-France mobilit\u00e9s."},"3":{"question":"Quel est le montant de l'aide de la r\u00e9gion Ile-de-France ?","answer":"La prime \u00e0 l'achat accord\u00e9e par la r\u00e9gion \u00cele-de-France peut aller jusqu'\u00e0 600\u20ac. Elle concerne les v\u00e9los classiques et \u00e0 assistance \u00e9lectrique."},"4":{"question":"Quels sont les types de v\u00e9lo \u00e9lectrique \u00e9ligibles \u00e0 la prime ?","answer":"Les types de v\u00e9lo \u00e9ligibles \u00e0 la prime sont :\r\n-V\u00e9lo \u00e0 assistance \u00e9lectrique (VAE) neuf \r\n-V\u00e9lo cargo avec assistance \u00e9lectrique neuf\r\n-V\u00e9lo cargo sans assistance \u00e9lectrique + accessoires de s\u00e9curit\u00e9\r\n- V\u00e9lo adapt\u00e9\r\n- V\u00e9lo pliant \u00e0 assistance \u00e9lectrique \r\n- V\u00e9lo pliant sans assistance \u00e9lectrique "},"5":{"question":"Quel prix pour un bon v\u00e9lo \u00e9lectrique ?","answer":"\u00c0 la diff\u00e9rence des v\u00e9los traditionnels, les v\u00e9los \u00e9lectriques peuvent co\u00fbter assez cher. Comptez un prix d'achat autour de 1.500 euros en moyenne."},"6":{"question":"","answer":""},"7":{"question":"","answer":""},"8":{"question":"","answer":""},"9":{"question":"","answer":""},"10":{"question":"","answer":""},"11":{"question":"","answer":""},"12":{"question":"","answer":""},"13":{"question":"","answer":""},"14":{"question":"","answer":""},"15":{"question":"","answer":""},"16":{"question":"","answer":""}}},"_links":{"self":[{"href":"https:\/\/www.mes-allocs.fr\/guides\/wp-json\/wp\/v2\/posts\/33289","targetHints":{"allow":["GET"]}}],"collection":[{"href":"https:\/\/www.mes-allocs.fr\/guides\/wp-json\/wp\/v2\/posts"}],"about":[{"href":"https:\/\/www.mes-allocs.fr\/guides\/wp-json\/wp\/v2\/types\/post"}],"author":[{"embeddable":true,"href":"https:\/\/www.mes-allocs.fr\/guides\/wp-json\/wp\/v2\/users\/23"}],"replies":[{"embeddable":true,"href":"https:\/\/www.mes-allocs.fr\/guides\/wp-json\/wp\/v2\/comments?post=33289"}],"version-history":[{"count":20,"href":"https:\/\/www.mes-allocs.fr\/guides\/wp-json\/wp\/v2\/posts\/33289\/revisions"}],"predecessor-version":[{"id":91014,"href":"https:\/\/www.mes-allocs.fr\/guides\/wp-json\/wp\/v2\/posts\/33289\/revisions\/91014"}],"wp:featuredmedia":[{"embeddable":true,"href":"https:\/\/www.mes-allocs.fr\/guides\/wp-json\/wp\/v2\/media\/27409"}],"wp:attachment":[{"href":"https:\/\/www.mes-allocs.fr\/guides\/wp-json\/wp\/v2\/media?parent=33289"}],"wp:term":[{"taxonomy":"category","embeddable":true,"href":"https:\/\/www.mes-allocs.fr\/guides\/wp-json\/wp\/v2\/categories?post=33289"},{"taxonomy":"post_tag","embeddable":true,"href":"https:\/\/www.mes-allocs.fr\/guides\/wp-json\/wp\/v2\/tags?post=33289"}],"curies":[{"name":"wp","href":"https:\/\/api.w.org\/{rel}","templated":true}]}}